{"id":10422,"date":"2025-11-11T11:58:35","date_gmt":"2025-11-11T10:58:35","guid":{"rendered":"https:\/\/www.pogotowieflagowe.pl\/aktualne\/narodowe-swieto-niepodleglosci-przyjazne-narody-przesylaja-polsce-serdeczne-pozdrowienia\/"},"modified":"2025-11-11T11:58:38","modified_gmt":"2025-11-11T10:58:38","slug":"narodowe-swieto-niepodleglosci-przyjazne-narody-przesylaja-polsce-serdeczne-pozdrowienia","status":"publish","type":"post","link":"https:\/\/www.pogotowieflagowe.pl\/aktualne\/narodowe-swieto-niepodleglosci-przyjazne-narody-przesylaja-polsce-serdeczne-pozdrowienia\/","title":{"rendered":"Narodowe \u015awi\u0119to Niepodleg\u0142o\u015bci: Przyjazne Narody przesy\u0142aj\u0105 Polsce serdeczne pozdrowienia"},"content":{"rendered":"\n<div class=\"td_block_wrap tdb_single_content tdi_41 td-pb-border-top td_block_template_8 td-post-content tagdiv-type\" data-td-block-uid=\"tdi_41\">\n<style>.tdi_41{margines-top:0px!important;margin-bottom:0px!important;dope\u0142nienie-g\u00f3ra:0px!important;dope\u0142nienie-d\u00f3\u0142:0px!important}<\/style>\n<style>.tdb_single_content{margin-bottom:0;*zoom:1}.tdb_single_content:before,.tdb_single_content:after{display:table;content:'';line-height:0}.tdb_single_content:after{clear:both}.tdb_single_content .tdb-block-inner>*:not(.wp-block-quote):not(.alignwide):not(.alignfull.wp-block-cover.has-parallax):not(.td-a-ad){margin-left:auto;margin-right:auto}.tdb_single_content a{pointer-events:auto}.tdb_single_content .td-spot-id-top_ad .tdc-placeholder-title:before{content:'Najlepsza reklama artyku\u0142u'!important}.tdb_single_content .td-spot-id-inline_ad0 .tdc-placeholder-title:before{content:'Reklama wbudowana artyku\u0142u 1'!important}.tdb_single_content .td-spot-id-inline_ad1 .tdc-placeholder-title:before{content:'Wbudowana reklama w artykule 2'!important}.tdb_single_content .td-spot-id-inline_ad2 .tdc-placeholder-title:before{content:'Wbudowana reklama w artykule 3'!important}.tdb_single_content .td-spot-id-bottom_ad .tdc-placeholder-title:before{content:'Article Bottom Ad'!important}.tdb_single_content .id_top_ad,.tdb_single_content .id_bottom_ad{clear:both;margin-bottom:21px;text-align:center}.tdb_single_content .id_top_ad img,.tdb_single_content .id_bottom_ad img{margin-bottom:0}.tdb_single_content .id_top_ad .adsbygoogle,.tdb_single_content .id_bottom_ad .adsbygoogle{position:relative}.tdb_single_content .id_ad_content-horiz-left,.tdb_single_content .id_ad_content-horiz-right,.tdb_single_content .id_ad_content-horiz-center{margin-bottom:15px}.tdb_single_content .id_ad_content-horiz-left img,.tdb_single_content .id_ad_content-horiz-right img,.tdb_single_content .id_ad_content-horiz-center img{margin-bottom:0}.tdb_single_content .id_ad_content-horiz-center{text-align:center}.tdb_single_content .id_ad_content-horiz-center img{margin-right:auto;margin-left:auto}.tdb_single_content .id_ad_content-horiz-left{float:left;margin-top:9px;margin-right:21px}.tdb_single_content .id_ad_content-horiz-right{float:right;margin-top:6px;margin-left:21px}.tdb_single_content .tdc-a-ad .tdc-placeholder-title{width:300px;height:250px}.tdb_single_content .tdc-a-ad .tdc-placeholder-title:before{position:absolute;top:50%;-webkit-transform:translateY(-50%);transform:translateY(-50%);margin:auto;display:table;width:100%}.tdb_single_content .tdb-block-inner.td-fix-index{word-break:break-word}.tdi_41,.tdi_41>p,.tdi_41 .tdb-block-inner>p,.wp-block-column>p{font-size:16px!important;line-height:1.6!important}.tdi_41 .tdb-block-inner blockquote p{font-style:normal!important}@media (max-width:767px){.tdb_single_content .id_ad_content-horiz-left,.tdb_single_content .id_ad_content-horiz-right,.tdb_single_content .id_ad_content-horiz-center{margin:0 auto 26 pikseli auto}}@media (max-width:767px){.tdb_single_content .id_ad_content-horiz-left{margin-right:0}}@media (max-width:767px){.tdb_single_content .id_ad_content-horiz-right{margin-left:0}}@media (max-width:767px){.tdb_single_content .td-a-ad{float:none;text-align:center}.tdb_single_content .td-a-ad img{margin-right:auto;margin-left:auto}.tdb_single_content .tdc-a-ad{float:none}}<\/style>\n<div class=\"tdb-block-inner td-fix-index\">\n<p>\u201e\u0141otwa ceni nasz\u0105 przyja\u017a\u0144 i wi\u0119\u017a, kt\u00f3r\u0105 wypracowali\u015bmy walcz\u0105c o nasz\u0105 wolno\u015b\u0107, a teraz j\u0105 chroni\u0105c\u201d \u2013 napisa\u0142 \u0142otewski prezydent <em>Edgarsa Rink\u0113vi\u010dsa<\/em> w przes\u0142aniu do Prezydenta <em>Karola Nawrockiego<\/em>. Pozdrowienia przes\u0142a\u0142 tak\u017ce Prezydent Litwy <em>Gitanas Naus\u0117da<\/em>a za nim inni przyw\u00f3dcy.<\/p>\n<p>Przyw\u00f3dcy zaprzyja\u017anionych z Polsk\u0105 narod\u00f3w przes\u0142ali ju\u017c swoje pierwsze przes\u0142ania z okazji Narodowego \u015awi\u0119ta Niepodleg\u0142o\u015bci. W tym szczeg\u00f3lnym dniu, w kt\u00f3rym \u015bwi\u0119tujemy niepodleg\u0142o\u015b\u0107 Polski, podkre\u015blaj\u0105 zar\u00f3wno \u0142\u0105cz\u0105ce nas wi\u0119zi, jak i potrzeb\u0119 nieustannej obrony cennej warto\u015bci wolno\u015bci.<\/p>\n<p>Pierwsze pozdrowienia skierowane do Prezydenta <em>Karola Nawrockiego<\/em> pochodzi\u0142 od jego \u0142otewskiego odpowiednika.<br \/>\u201e\u0141otwa ceni nasz\u0105 przyja\u017a\u0144 i wi\u0119\u017a, kt\u00f3r\u0105 wypracowali\u015bmy walcz\u0105c o nasz\u0105 wolno\u015b\u0107, a teraz j\u0105 chroni\u0105c\u201d \u2013 napisa\u0142a <em>Edgarsa Rink\u0113vi\u010dsa<\/em>.<\/p>\n<p>W odpowiedzi Prezydent RP wyrazi\u0142 wdzi\u0119czno\u015b\u0107, przypominaj\u0105c, \u017ce \u201erazem mocno opowiadamy si\u0119 za wolno\u015bci\u0105\u201d.<\/p>\n<figure class=\"wp-block-embed is-type-rich is-provider-twitter wp-block-embed-twitter\">\n<div class=\"wp-block-embed__wrapper\">\n<blockquote class=\"twitter-tweet\" data-width=\"550\" data-dnt=\"true\">\n<p lang=\"en\" dir=\"ltr\">Dzi\u0119kuj\u0119, Panie Prezydencie <a rel=\"nofollow\" href=\"https:\/\/twitter.com\/edgarsrinkevics?ref_src=twsrc%5Etfw\">@edgarsrinkevics<\/a>za mi\u0142e s\u0142owa. <br \/>Razem mocno opowiadamy si\u0119 za wolno\u015bci\u0105 \ud83c\uddf5\ud83c\uddf1\ud83c\uddf1\ud83c\uddfb<\/p>\n<p>\u2014 Karol Nawrocki (@NawrockiKn) <a rel=\"nofollow\" href=\"https:\/\/twitter.com\/NawrockiKn\/status\/1988127285245776171?ref_src=twsrc%5Etfw\">11 listopada 2025 r<\/a><\/p><\/blockquote>\n<\/div>\n<\/figure>\n<p>Kolejnym krajem ba\u0142tyckim, kt\u00f3ry przes\u0142a\u0142 pozdrowienia, by\u0142a Litwa.<\/p>\n<p>&#8222;Nasze narody stoj\u0105 obok siebie od wiek\u00f3w, zjednoczone wsp\u00f3ln\u0105 histori\u0105, odwag\u0105 i przyja\u017ani\u0105 mi\u0119dzy naszymi narodami. Dzi\u015b jako bliscy s\u0105siedzi, partnerzy i sojusznicy w UE i NATO w dalszym ci\u0105gu wzmacniamy bezpiecze\u0144stwo, dobrobyt i jedno\u015b\u0107 naszego regionu&#8221; \u2013 napisano <em>Gitanas Naus\u0117da<\/em>.<\/p>\n<figure class=\"wp-block-embed is-type-rich is-provider-twitter wp-block-embed-twitter\">\n<div class=\"wp-block-embed__wrapper\">\n<blockquote class=\"twitter-tweet\" data-width=\"550\" data-dnt=\"true\">\n<p lang=\"en\" dir=\"ltr\">W dniu \u015awi\u0119ta Niepodleg\u0142o\u015bci Polski serdecznie gratuluj\u0119 Prezydentowi <a rel=\"nofollow\" href=\"https:\/\/twitter.com\/NawrockiKn?ref_src=twsrc%5Etfw\">@NawrockiKn<\/a> i ca\u0142y nar\u00f3d polski.<\/p>\n<p>Nasze narody stoj\u0105 obok siebie od wiek\u00f3w, zjednoczone wsp\u00f3ln\u0105 histori\u0105, odwag\u0105 i przyja\u017ani\u0105 mi\u0119dzy naszymi narodami. Dzi\u015b, jako bliscy s\u0105siedzi, partnerzy i sojusznicy w\u2026 <a rel=\"nofollow\" href=\"https:\/\/t.co\/Jp9Kp65el5\">pic.twitter.com\/Jp9Kp65el5<\/a><\/p>\n<p>\u2014 Gitanas Naus\u0117da (@GitanasNauseda) <a rel=\"nofollow\" href=\"https:\/\/twitter.com\/GitanasNauseda\/status\/1988150145431584956?ref_src=twsrc%5Etfw\">11 listopada 2025 r<\/a><\/p><\/blockquote>\n<\/div>\n<\/figure>\n<p>\u201eAmeryka sk\u0142ada ho\u0142d waszej historii, waszym bohaterom i niezachwianemu zaanga\u017cowaniu na rzecz wolno\u015bci\u201d \u2013 napisa\u0142 <em>Ambasador USA Tom Rose.<\/em><em><\/em><\/p>\n<figure class=\"wp-block-embed is-type-rich is-provider-twitter wp-block-embed-twitter\">\n<div class=\"wp-block-embed__wrapper\">\n<blockquote class=\"twitter-tweet\" data-width=\"550\" data-dnt=\"true\">\n<p lang=\"pl\" dir=\"ltr\">W ambasadzie Prezydenta Trumpa sk\u0142adamy narodowi polskiemu najserdeczniejsze \u017cyczenia z okazji \u015awi\u0119ta Niepodleg\u0142o\u015bci! Ameryka oddaje ho\u0142d swojemu historii, bohaterom i niez\u0142omnemu przywi\u0105zaniu do wolno\u015bci. <a rel=\"nofollow\" href=\"https:\/\/t.co\/u9zeVskxHx\">pic.twitter.com\/u9zeVskxHx<\/a><\/p>\n<p>\u2014 Ambasador Tom Rose (@USAmbPoland) <a rel=\"nofollow\" href=\"https:\/\/twitter.com\/USAmbPoland\/status\/1988160741967552523?ref_src=twsrc%5Etfw\">11 listopada 2025 r<\/a><\/p><\/blockquote>\n<\/div>\n<\/figure>\n<p>Pozdrowienia nadesz\u0142y tak\u017ce z Kosowa. Prezydent Republiki, <em>Vjosa Osmani<\/em>napisa\u0142:<br \/>&#8222;Kosowo g\u0142\u0119boko ceni przyja\u017a\u0144 mi\u0119dzy naszymi dwoma krajami, zbudowan\u0105 na wsp\u00f3lnych warto\u015bciach, wzajemnym szacunku i niez\u0142omnym zaanga\u017cowaniu na rzecz pokoju i bezpiecze\u0144stwa w Europie. Nie mo\u017cemy si\u0119 doczeka\u0107 dalszego wzmacniania naszych wi\u0119zi.&#8221;<\/p>\n<figure class=\"wp-block-embed is-type-rich is-provider-twitter wp-block-embed-twitter\">\n<div class=\"wp-block-embed__wrapper\">\n<blockquote class=\"twitter-tweet\" data-width=\"550\" data-dnt=\"true\">\n<p lang=\"en\" dir=\"ltr\">Serdeczne gratulacje dla Prezydenta <a rel=\"nofollow\" href=\"https:\/\/twitter.com\/NawrockiKn?ref_src=twsrc%5Etfw\">@NawrockiKn<\/a> i naszym polskim przyjacio\u0142om z okazji Dnia Niepodleg\u0142o\u015bci Polski.<\/p>\n<p>Kosowo g\u0142\u0119boko ceni przyja\u017a\u0144 mi\u0119dzy naszymi dwoma krajami, zbudowan\u0105 na wsp\u00f3lnych warto\u015bciach, wzajemnym szacunku i niezachwianym zaanga\u017cowaniu na rzecz pokoju i bezpiecze\u0144stwa w Europie. Nie mo\u017cemy si\u0119 doczeka\u0107\u2026 <a rel=\"nofollow\" href=\"https:\/\/t.co\/Dg2eYCV90H\">pic.twitter.com\/Dg2eYCV90H<\/a><\/p>\n<p>\u2014 Vjosa Osmani (@VjosaOsmaniPRKS) <a rel=\"nofollow\" href=\"https:\/\/twitter.com\/VjosaOsmaniPRKS\/status\/1988154726207086599?ref_src=twsrc%5Etfw\">11 listopada 2025 r<\/a><\/p><\/blockquote>\n<\/div>\n<\/figure>\n<p>Z okazji polskiego \u015bwi\u0119ta narodowego do Warszawy przes\u0142ali tak\u017ce depesze przyw\u00f3dcy Polski <em>Emiraty Arabskie<\/em>.<\/p>\n<figure class=\"wp-block-embed is-type-rich is-provider-twitter wp-block-embed-twitter\">\n<div class=\"wp-block-embed__wrapper\">\n<blockquote class=\"twitter-tweet\" data-width=\"550\" data-dnt=\"true\">\n<p lang=\"en\" dir=\"ltr\">Przyw\u00f3dcy Zjednoczonych Emirat\u00f3w Arabskich gratuluj\u0105 Prezydentowi RP z okazji Dnia Niepodleg\u0142o\u015bci<a rel=\"nofollow\" href=\"https:\/\/twitter.com\/hashtag\/WamNews?src=hash&amp;ref_src=twsrc%5Etfw\">#WamNews<\/a> https:\/\/t.co\/U1CHwBgo6i <a rel=\"nofollow\" href=\"https:\/\/t.co\/RGc8r2RHMq\">pic.twitter.com\/RGc8r2RHMq<\/a><\/p>\n<p>\u2014 WAM angielski (@WAMNEWS_ENG) <a rel=\"nofollow\" href=\"https:\/\/twitter.com\/WAMNEWS_ENG\/status\/1988155819767255493?ref_src=twsrc%5Etfw\">11 listopada 2025 r<\/a><\/p><\/blockquote>\n<\/div>\n<\/figure>\n<\/div>\n<\/div>\n<p><script async src=\"https:\/\/platform.twitter.com\/widgets.js\" charset=\"utf-8\"><\/script><\/p>\n","protected":false},"excerpt":{"rendered":"<p>\u201e\u0141otwa ceni nasz\u0105 przyja\u017a\u0144 i wi\u0119\u017a, kt\u00f3r\u0105 wypracowali\u015bmy walcz\u0105c o nasz\u0105 wolno\u015b\u0107, a teraz j\u0105 chroni\u0105c\u201d \u2013 napisa\u0142 \u0142otewski prezydent<\/p>\n","protected":false},"author":1,"featured_media":10423,"comment_status":"open","ping_status":"open","sticky":false,"template":"","format":"standard","meta":{"footnotes":""},"categories":[4748],"tags":[1045,11897,2180,60,11900,11898,11896,11899,127],"class_list":["post-10422","post","type-post","status-publish","format-standard","has-post-thumbnail","hentry","category-aktualne","tag-narodowe","tag-narody","tag-niepodleglosci","tag-polsce","tag-pozdrowienia","tag-przesylaja","tag-przyjazne","tag-serdeczne","tag-swieto","generate-columns","tablet-grid-50","mobile-grid-100","grid-parent","grid-50","resize-featured-image"],"yoast_head":"<!-- This site is optimized with the Yoast SEO plugin v23.2 - https:\/\/yoast.com\/wordpress\/plugins\/seo\/ -->\n<title>Narodowe \u015awi\u0119to Niepodleg\u0142o\u015bci: Przyjazne Narody przesy\u0142aj\u0105 Polsce serdeczne pozdrowienia - POGOTOWIE FLAGOWE\u00ae<\/title>\n<meta name=\"robots\" content=\"index, follow, max-snippet:-1, max-image-preview:large, max-video-preview:-1\" \/>\n<link rel=\"canonical\" href=\"https:\/\/www.pogotowieflagowe.pl\/aktualne\/narodowe-swieto-niepodleglosci-przyjazne-narody-przesylaja-polsce-serdeczne-pozdrowienia\/\" \/>\n<meta property=\"og:locale\" content=\"pl_PL\" \/>\n<meta property=\"og:type\" content=\"article\" \/>\n<meta property=\"og:title\" content=\"Narodowe \u015awi\u0119to Niepodleg\u0142o\u015bci: Przyjazne Narody przesy\u0142aj\u0105 Polsce serdeczne pozdrowienia - POGOTOWIE FLAGOWE\u00ae\" \/>\n<meta property=\"og:description\" content=\"\u201e\u0141otwa ceni nasz\u0105 przyja\u017a\u0144 i wi\u0119\u017a, kt\u00f3r\u0105 wypracowali\u015bmy walcz\u0105c o nasz\u0105 wolno\u015b\u0107, a teraz j\u0105 chroni\u0105c\u201d \u2013 napisa\u0142 \u0142otewski prezydent\" \/>\n<meta property=\"og:url\" content=\"https:\/\/www.pogotowieflagowe.pl\/aktualne\/narodowe-swieto-niepodleglosci-przyjazne-narody-przesylaja-polsce-serdeczne-pozdrowienia\/\" \/>\n<meta property=\"og:site_name\" content=\"POGOTOWIE FLAGOWE\u00ae\" \/>\n<meta property=\"article:published_time\" content=\"2025-11-11T10:58:35+00:00\" \/>\n<meta property=\"article:modified_time\" content=\"2025-11-11T10:58:38+00:00\" \/>\n<meta property=\"og:image\" content=\"https:\/\/www.pogotowieflagowe.pl\/aktualne\/wp-content\/uploads\/2025\/11\/Narodowe-Swieto-Niepodleglosci-Przyjazne-Narody-przesylaja-Polsce-serdeczne-pozdrowienia.jpg\" \/>\n\t<meta property=\"og:image:width\" content=\"1920\" \/>\n\t<meta property=\"og:image:height\" content=\"1090\" \/>\n\t<meta property=\"og:image:type\" content=\"image\/jpeg\" \/>\n<meta name=\"author\" content=\"Filip\" \/>\n<meta name=\"twitter:card\" content=\"summary_large_image\" \/>\n<meta name=\"twitter:label1\" content=\"Napisane przez\" \/>\n\t<meta name=\"twitter:data1\" content=\"Filip\" \/>\n\t<meta name=\"twitter:label2\" content=\"Szacowany czas czytania\" \/>\n\t<meta name=\"twitter:data2\" content=\"3 minuty\" \/>\n<script type=\"application\/ld+json\" class=\"yoast-schema-graph\">{\"@context\":\"https:\/\/schema.org\",\"@graph\":[{\"@type\":\"Article\",\"@id\":\"https:\/\/www.pogotowieflagowe.pl\/aktualne\/narodowe-swieto-niepodleglosci-przyjazne-narody-przesylaja-polsce-serdeczne-pozdrowienia\/#article\",\"isPartOf\":{\"@id\":\"https:\/\/www.pogotowieflagowe.pl\/aktualne\/narodowe-swieto-niepodleglosci-przyjazne-narody-przesylaja-polsce-serdeczne-pozdrowienia\/\"},\"author\":{\"name\":\"Filip\",\"@id\":\"https:\/\/www.pogotowieflagowe.pl\/aktualne\/#\/schema\/person\/9c2fb7d2362ebf6fa088960d7f0d27b0\"},\"headline\":\"Narodowe \u015awi\u0119to Niepodleg\u0142o\u015bci: Przyjazne Narody przesy\u0142aj\u0105 Polsce serdeczne pozdrowienia\",\"datePublished\":\"2025-11-11T10:58:35+00:00\",\"dateModified\":\"2025-11-11T10:58:38+00:00\",\"mainEntityOfPage\":{\"@id\":\"https:\/\/www.pogotowieflagowe.pl\/aktualne\/narodowe-swieto-niepodleglosci-przyjazne-narody-przesylaja-polsce-serdeczne-pozdrowienia\/\"},\"wordCount\":544,\"commentCount\":0,\"publisher\":{\"@id\":\"https:\/\/www.pogotowieflagowe.pl\/aktualne\/#organization\"},\"image\":{\"@id\":\"https:\/\/www.pogotowieflagowe.pl\/aktualne\/narodowe-swieto-niepodleglosci-przyjazne-narody-przesylaja-polsce-serdeczne-pozdrowienia\/#primaryimage\"},\"thumbnailUrl\":\"https:\/\/www.pogotowieflagowe.pl\/aktualne\/wp-content\/uploads\/2025\/11\/Narodowe-Swieto-Niepodleglosci-Przyjazne-Narody-przesylaja-Polsce-serdeczne-pozdrowienia.jpg\",\"keywords\":[\"Narodowe\",\"Narody\",\"Niepodleg\u0142o\u015bci\",\"Polsce\",\"pozdrowienia\",\"przesy\u0142aj\u0105\",\"Przyjazne\",\"serdeczne\",\"\u015awi\u0119to\"],\"articleSection\":[\"Aktualne\"],\"inLanguage\":\"pl-PL\",\"potentialAction\":[{\"@type\":\"CommentAction\",\"name\":\"Comment\",\"target\":[\"https:\/\/www.pogotowieflagowe.pl\/aktualne\/narodowe-swieto-niepodleglosci-przyjazne-narody-przesylaja-polsce-serdeczne-pozdrowienia\/#respond\"]}]},{\"@type\":\"WebPage\",\"@id\":\"https:\/\/www.pogotowieflagowe.pl\/aktualne\/narodowe-swieto-niepodleglosci-przyjazne-narody-przesylaja-polsce-serdeczne-pozdrowienia\/\",\"url\":\"https:\/\/www.pogotowieflagowe.pl\/aktualne\/narodowe-swieto-niepodleglosci-przyjazne-narody-przesylaja-polsce-serdeczne-pozdrowienia\/\",\"name\":\"Narodowe \u015awi\u0119to Niepodleg\u0142o\u015bci: Przyjazne Narody przesy\u0142aj\u0105 Polsce serdeczne pozdrowienia - POGOTOWIE FLAGOWE\u00ae\",\"isPartOf\":{\"@id\":\"https:\/\/www.pogotowieflagowe.pl\/aktualne\/#website\"},\"primaryImageOfPage\":{\"@id\":\"https:\/\/www.pogotowieflagowe.pl\/aktualne\/narodowe-swieto-niepodleglosci-przyjazne-narody-przesylaja-polsce-serdeczne-pozdrowienia\/#primaryimage\"},\"image\":{\"@id\":\"https:\/\/www.pogotowieflagowe.pl\/aktualne\/narodowe-swieto-niepodleglosci-przyjazne-narody-przesylaja-polsce-serdeczne-pozdrowienia\/#primaryimage\"},\"thumbnailUrl\":\"https:\/\/www.pogotowieflagowe.pl\/aktualne\/wp-content\/uploads\/2025\/11\/Narodowe-Swieto-Niepodleglosci-Przyjazne-Narody-przesylaja-Polsce-serdeczne-pozdrowienia.jpg\",\"datePublished\":\"2025-11-11T10:58:35+00:00\",\"dateModified\":\"2025-11-11T10:58:38+00:00\",\"breadcrumb\":{\"@id\":\"https:\/\/www.pogotowieflagowe.pl\/aktualne\/narodowe-swieto-niepodleglosci-przyjazne-narody-przesylaja-polsce-serdeczne-pozdrowienia\/#breadcrumb\"},\"inLanguage\":\"pl-PL\",\"potentialAction\":[{\"@type\":\"ReadAction\",\"target\":[\"https:\/\/www.pogotowieflagowe.pl\/aktualne\/narodowe-swieto-niepodleglosci-przyjazne-narody-przesylaja-polsce-serdeczne-pozdrowienia\/\"]}]},{\"@type\":\"ImageObject\",\"inLanguage\":\"pl-PL\",\"@id\":\"https:\/\/www.pogotowieflagowe.pl\/aktualne\/narodowe-swieto-niepodleglosci-przyjazne-narody-przesylaja-polsce-serdeczne-pozdrowienia\/#primaryimage\",\"url\":\"https:\/\/www.pogotowieflagowe.pl\/aktualne\/wp-content\/uploads\/2025\/11\/Narodowe-Swieto-Niepodleglosci-Przyjazne-Narody-przesylaja-Polsce-serdeczne-pozdrowienia.jpg\",\"contentUrl\":\"https:\/\/www.pogotowieflagowe.pl\/aktualne\/wp-content\/uploads\/2025\/11\/Narodowe-Swieto-Niepodleglosci-Przyjazne-Narody-przesylaja-Polsce-serdeczne-pozdrowienia.jpg\",\"width\":1920,\"height\":1090,\"caption\":\"Narodowe \u015awi\u0119to Niepodleg\u0142o\u015bci: Przyjazne Narody przesy\u0142aj\u0105 Polsce serdeczne pozdrowienia\"},{\"@type\":\"BreadcrumbList\",\"@id\":\"https:\/\/www.pogotowieflagowe.pl\/aktualne\/narodowe-swieto-niepodleglosci-przyjazne-narody-przesylaja-polsce-serdeczne-pozdrowienia\/#breadcrumb\",\"itemListElement\":[{\"@type\":\"ListItem\",\"position\":1,\"name\":\"Home\",\"item\":\"https:\/\/www.pogotowieflagowe.pl\/aktualne\/\"},{\"@type\":\"ListItem\",\"position\":2,\"name\":\"Narodowe \u015awi\u0119to Niepodleg\u0142o\u015bci: Przyjazne Narody przesy\u0142aj\u0105 Polsce serdeczne pozdrowienia\"}]},{\"@type\":\"WebSite\",\"@id\":\"https:\/\/www.pogotowieflagowe.pl\/aktualne\/#website\",\"url\":\"https:\/\/www.pogotowieflagowe.pl\/aktualne\/\",\"name\":\"POGOTOWIE FLAGOWE\u00ae\",\"description\":\"\",\"publisher\":{\"@id\":\"https:\/\/www.pogotowieflagowe.pl\/aktualne\/#organization\"},\"potentialAction\":[{\"@type\":\"SearchAction\",\"target\":{\"@type\":\"EntryPoint\",\"urlTemplate\":\"https:\/\/www.pogotowieflagowe.pl\/aktualne\/?s={search_term_string}\"},\"query-input\":\"required name=search_term_string\"}],\"inLanguage\":\"pl-PL\"},{\"@type\":\"Organization\",\"@id\":\"https:\/\/www.pogotowieflagowe.pl\/aktualne\/#organization\",\"name\":\"POGOTOWIE FLAGOWE\u00ae\",\"url\":\"https:\/\/www.pogotowieflagowe.pl\/aktualne\/\",\"logo\":{\"@type\":\"ImageObject\",\"inLanguage\":\"pl-PL\",\"@id\":\"https:\/\/www.pogotowieflagowe.pl\/aktualne\/#\/schema\/logo\/image\/\",\"url\":\"https:\/\/www.pogotowieflagowe.pl\/aktualne\/wp-content\/uploads\/2024\/08\/cropped-pogotowieflagowe_flaga_projekt_sm.jpg\",\"contentUrl\":\"https:\/\/www.pogotowieflagowe.pl\/aktualne\/wp-content\/uploads\/2024\/08\/cropped-pogotowieflagowe_flaga_projekt_sm.jpg\",\"width\":250,\"height\":143,\"caption\":\"POGOTOWIE FLAGOWE\u00ae\"},\"image\":{\"@id\":\"https:\/\/www.pogotowieflagowe.pl\/aktualne\/#\/schema\/logo\/image\/\"}},{\"@type\":\"Person\",\"@id\":\"https:\/\/www.pogotowieflagowe.pl\/aktualne\/#\/schema\/person\/9c2fb7d2362ebf6fa088960d7f0d27b0\",\"name\":\"Filip\",\"image\":{\"@type\":\"ImageObject\",\"inLanguage\":\"pl-PL\",\"@id\":\"https:\/\/www.pogotowieflagowe.pl\/aktualne\/#\/schema\/person\/image\/\",\"url\":\"https:\/\/www.pogotowieflagowe.pl\/aktualne\/wp-content\/uploads\/2024\/08\/pogotowieflagowe.pl_.jpg\",\"contentUrl\":\"https:\/\/www.pogotowieflagowe.pl\/aktualne\/wp-content\/uploads\/2024\/08\/pogotowieflagowe.pl_.jpg\",\"caption\":\"Filip\"},\"description\":\"Jestem Filip, polski dziennikarz z dyplomem nauk politycznych Uniwersytetu Warszawskiego. Rozpoczynaj\u0105c swoj\u0105 karier\u0119 w r\u00f3\u017cnych lokalnych mediach, zdoby\u0142em solidne do\u015bwiadczenie w zakresie \u015bledztwa i redakcji. Obecnie jako redaktor w Pogotowie flagowe, staram si\u0119 dostarcza\u0107 dog\u0142\u0119bne i istotne analizy na temat najwa\u017cniejszych kwestii aktualno\u015bci, \u0142\u0105cz\u0105c rygor z pasj\u0105 dziennikarsk\u0105.\",\"sameAs\":[\"https:\/\/www.pogotowieflagowe.pl\/\"]}]}<\/script>\n<!-- \/ Yoast SEO plugin. -->","yoast_head_json":{"title":"Narodowe \u015awi\u0119to Niepodleg\u0142o\u015bci: Przyjazne Narody przesy\u0142aj\u0105 Polsce serdeczne pozdrowienia - POGOTOWIE FLAGOWE\u00ae","robots":{"index":"index","follow":"follow","max-snippet":"max-snippet:-1","max-image-preview":"max-image-preview:large","max-video-preview":"max-video-preview:-1"},"canonical":"https:\/\/www.pogotowieflagowe.pl\/aktualne\/narodowe-swieto-niepodleglosci-przyjazne-narody-przesylaja-polsce-serdeczne-pozdrowienia\/","og_locale":"pl_PL","og_type":"article","og_title":"Narodowe \u015awi\u0119to Niepodleg\u0142o\u015bci: Przyjazne Narody przesy\u0142aj\u0105 Polsce serdeczne pozdrowienia - POGOTOWIE FLAGOWE\u00ae","og_description":"\u201e\u0141otwa ceni nasz\u0105 przyja\u017a\u0144 i wi\u0119\u017a, kt\u00f3r\u0105 wypracowali\u015bmy walcz\u0105c o nasz\u0105 wolno\u015b\u0107, a teraz j\u0105 chroni\u0105c\u201d \u2013 napisa\u0142 \u0142otewski prezydent","og_url":"https:\/\/www.pogotowieflagowe.pl\/aktualne\/narodowe-swieto-niepodleglosci-przyjazne-narody-przesylaja-polsce-serdeczne-pozdrowienia\/","og_site_name":"POGOTOWIE FLAGOWE\u00ae","article_published_time":"2025-11-11T10:58:35+00:00","article_modified_time":"2025-11-11T10:58:38+00:00","og_image":[{"width":1920,"height":1090,"url":"https:\/\/www.pogotowieflagowe.pl\/aktualne\/wp-content\/uploads\/2025\/11\/Narodowe-Swieto-Niepodleglosci-Przyjazne-Narody-przesylaja-Polsce-serdeczne-pozdrowienia.jpg","type":"image\/jpeg"}],"author":"Filip","twitter_card":"summary_large_image","twitter_misc":{"Napisane przez":"Filip","Szacowany czas czytania":"3 minuty"},"schema":{"@context":"https:\/\/schema.org","@graph":[{"@type":"Article","@id":"https:\/\/www.pogotowieflagowe.pl\/aktualne\/narodowe-swieto-niepodleglosci-przyjazne-narody-przesylaja-polsce-serdeczne-pozdrowienia\/#article","isPartOf":{"@id":"https:\/\/www.pogotowieflagowe.pl\/aktualne\/narodowe-swieto-niepodleglosci-przyjazne-narody-przesylaja-polsce-serdeczne-pozdrowienia\/"},"author":{"name":"Filip","@id":"https:\/\/www.pogotowieflagowe.pl\/aktualne\/#\/schema\/person\/9c2fb7d2362ebf6fa088960d7f0d27b0"},"headline":"Narodowe \u015awi\u0119to Niepodleg\u0142o\u015bci: Przyjazne Narody przesy\u0142aj\u0105 Polsce serdeczne pozdrowienia","datePublished":"2025-11-11T10:58:35+00:00","dateModified":"2025-11-11T10:58:38+00:00","mainEntityOfPage":{"@id":"https:\/\/www.pogotowieflagowe.pl\/aktualne\/narodowe-swieto-niepodleglosci-przyjazne-narody-przesylaja-polsce-serdeczne-pozdrowienia\/"},"wordCount":544,"commentCount":0,"publisher":{"@id":"https:\/\/www.pogotowieflagowe.pl\/aktualne\/#organization"},"image":{"@id":"https:\/\/www.pogotowieflagowe.pl\/aktualne\/narodowe-swieto-niepodleglosci-przyjazne-narody-przesylaja-polsce-serdeczne-pozdrowienia\/#primaryimage"},"thumbnailUrl":"https:\/\/www.pogotowieflagowe.pl\/aktualne\/wp-content\/uploads\/2025\/11\/Narodowe-Swieto-Niepodleglosci-Przyjazne-Narody-przesylaja-Polsce-serdeczne-pozdrowienia.jpg","keywords":["Narodowe","Narody","Niepodleg\u0142o\u015bci","Polsce","pozdrowienia","przesy\u0142aj\u0105","Przyjazne","serdeczne","\u015awi\u0119to"],"articleSection":["Aktualne"],"inLanguage":"pl-PL","potentialAction":[{"@type":"CommentAction","name":"Comment","target":["https:\/\/www.pogotowieflagowe.pl\/aktualne\/narodowe-swieto-niepodleglosci-przyjazne-narody-przesylaja-polsce-serdeczne-pozdrowienia\/#respond"]}]},{"@type":"WebPage","@id":"https:\/\/www.pogotowieflagowe.pl\/aktualne\/narodowe-swieto-niepodleglosci-przyjazne-narody-przesylaja-polsce-serdeczne-pozdrowienia\/","url":"https:\/\/www.pogotowieflagowe.pl\/aktualne\/narodowe-swieto-niepodleglosci-przyjazne-narody-przesylaja-polsce-serdeczne-pozdrowienia\/","name":"Narodowe \u015awi\u0119to Niepodleg\u0142o\u015bci: Przyjazne Narody przesy\u0142aj\u0105 Polsce serdeczne pozdrowienia - POGOTOWIE FLAGOWE\u00ae","isPartOf":{"@id":"https:\/\/www.pogotowieflagowe.pl\/aktualne\/#website"},"primaryImageOfPage":{"@id":"https:\/\/www.pogotowieflagowe.pl\/aktualne\/narodowe-swieto-niepodleglosci-przyjazne-narody-przesylaja-polsce-serdeczne-pozdrowienia\/#primaryimage"},"image":{"@id":"https:\/\/www.pogotowieflagowe.pl\/aktualne\/narodowe-swieto-niepodleglosci-przyjazne-narody-przesylaja-polsce-serdeczne-pozdrowienia\/#primaryimage"},"thumbnailUrl":"https:\/\/www.pogotowieflagowe.pl\/aktualne\/wp-content\/uploads\/2025\/11\/Narodowe-Swieto-Niepodleglosci-Przyjazne-Narody-przesylaja-Polsce-serdeczne-pozdrowienia.jpg","datePublished":"2025-11-11T10:58:35+00:00","dateModified":"2025-11-11T10:58:38+00:00","breadcrumb":{"@id":"https:\/\/www.pogotowieflagowe.pl\/aktualne\/narodowe-swieto-niepodleglosci-przyjazne-narody-przesylaja-polsce-serdeczne-pozdrowienia\/#breadcrumb"},"inLanguage":"pl-PL","potentialAction":[{"@type":"ReadAction","target":["https:\/\/www.pogotowieflagowe.pl\/aktualne\/narodowe-swieto-niepodleglosci-przyjazne-narody-przesylaja-polsce-serdeczne-pozdrowienia\/"]}]},{"@type":"ImageObject","inLanguage":"pl-PL","@id":"https:\/\/www.pogotowieflagowe.pl\/aktualne\/narodowe-swieto-niepodleglosci-przyjazne-narody-przesylaja-polsce-serdeczne-pozdrowienia\/#primaryimage","url":"https:\/\/www.pogotowieflagowe.pl\/aktualne\/wp-content\/uploads\/2025\/11\/Narodowe-Swieto-Niepodleglosci-Przyjazne-Narody-przesylaja-Polsce-serdeczne-pozdrowienia.jpg","contentUrl":"https:\/\/www.pogotowieflagowe.pl\/aktualne\/wp-content\/uploads\/2025\/11\/Narodowe-Swieto-Niepodleglosci-Przyjazne-Narody-przesylaja-Polsce-serdeczne-pozdrowienia.jpg","width":1920,"height":1090,"caption":"Narodowe \u015awi\u0119to Niepodleg\u0142o\u015bci: Przyjazne Narody przesy\u0142aj\u0105 Polsce serdeczne pozdrowienia"},{"@type":"BreadcrumbList","@id":"https:\/\/www.pogotowieflagowe.pl\/aktualne\/narodowe-swieto-niepodleglosci-przyjazne-narody-przesylaja-polsce-serdeczne-pozdrowienia\/#breadcrumb","itemListElement":[{"@type":"ListItem","position":1,"name":"Home","item":"https:\/\/www.pogotowieflagowe.pl\/aktualne\/"},{"@type":"ListItem","position":2,"name":"Narodowe \u015awi\u0119to Niepodleg\u0142o\u015bci: Przyjazne Narody przesy\u0142aj\u0105 Polsce serdeczne pozdrowienia"}]},{"@type":"WebSite","@id":"https:\/\/www.pogotowieflagowe.pl\/aktualne\/#website","url":"https:\/\/www.pogotowieflagowe.pl\/aktualne\/","name":"POGOTOWIE FLAGOWE\u00ae","description":"","publisher":{"@id":"https:\/\/www.pogotowieflagowe.pl\/aktualne\/#organization"},"potentialAction":[{"@type":"SearchAction","target":{"@type":"EntryPoint","urlTemplate":"https:\/\/www.pogotowieflagowe.pl\/aktualne\/?s={search_term_string}"},"query-input":"required name=search_term_string"}],"inLanguage":"pl-PL"},{"@type":"Organization","@id":"https:\/\/www.pogotowieflagowe.pl\/aktualne\/#organization","name":"POGOTOWIE FLAGOWE\u00ae","url":"https:\/\/www.pogotowieflagowe.pl\/aktualne\/","logo":{"@type":"ImageObject","inLanguage":"pl-PL","@id":"https:\/\/www.pogotowieflagowe.pl\/aktualne\/#\/schema\/logo\/image\/","url":"https:\/\/www.pogotowieflagowe.pl\/aktualne\/wp-content\/uploads\/2024\/08\/cropped-pogotowieflagowe_flaga_projekt_sm.jpg","contentUrl":"https:\/\/www.pogotowieflagowe.pl\/aktualne\/wp-content\/uploads\/2024\/08\/cropped-pogotowieflagowe_flaga_projekt_sm.jpg","width":250,"height":143,"caption":"POGOTOWIE FLAGOWE\u00ae"},"image":{"@id":"https:\/\/www.pogotowieflagowe.pl\/aktualne\/#\/schema\/logo\/image\/"}},{"@type":"Person","@id":"https:\/\/www.pogotowieflagowe.pl\/aktualne\/#\/schema\/person\/9c2fb7d2362ebf6fa088960d7f0d27b0","name":"Filip","image":{"@type":"ImageObject","inLanguage":"pl-PL","@id":"https:\/\/www.pogotowieflagowe.pl\/aktualne\/#\/schema\/person\/image\/","url":"https:\/\/www.pogotowieflagowe.pl\/aktualne\/wp-content\/uploads\/2024\/08\/pogotowieflagowe.pl_.jpg","contentUrl":"https:\/\/www.pogotowieflagowe.pl\/aktualne\/wp-content\/uploads\/2024\/08\/pogotowieflagowe.pl_.jpg","caption":"Filip"},"description":"Jestem Filip, polski dziennikarz z dyplomem nauk politycznych Uniwersytetu Warszawskiego. Rozpoczynaj\u0105c swoj\u0105 karier\u0119 w r\u00f3\u017cnych lokalnych mediach, zdoby\u0142em solidne do\u015bwiadczenie w zakresie \u015bledztwa i redakcji. Obecnie jako redaktor w Pogotowie flagowe, staram si\u0119 dostarcza\u0107 dog\u0142\u0119bne i istotne analizy na temat najwa\u017cniejszych kwestii aktualno\u015bci, \u0142\u0105cz\u0105c rygor z pasj\u0105 dziennikarsk\u0105.","sameAs":["https:\/\/www.pogotowieflagowe.pl\/"]}]}},"_links":{"self":[{"href":"https:\/\/www.pogotowieflagowe.pl\/aktualne\/wp-json\/wp\/v2\/posts\/10422","targetHints":{"allow":["GET"]}}],"collection":[{"href":"https:\/\/www.pogotowieflagowe.pl\/aktualne\/wp-json\/wp\/v2\/posts"}],"about":[{"href":"https:\/\/www.pogotowieflagowe.pl\/aktualne\/wp-json\/wp\/v2\/types\/post"}],"author":[{"embeddable":true,"href":"https:\/\/www.pogotowieflagowe.pl\/aktualne\/wp-json\/wp\/v2\/users\/1"}],"replies":[{"embeddable":true,"href":"https:\/\/www.pogotowieflagowe.pl\/aktualne\/wp-json\/wp\/v2\/comments?post=10422"}],"version-history":[{"count":1,"href":"https:\/\/www.pogotowieflagowe.pl\/aktualne\/wp-json\/wp\/v2\/posts\/10422\/revisions"}],"predecessor-version":[{"id":10424,"href":"https:\/\/www.pogotowieflagowe.pl\/aktualne\/wp-json\/wp\/v2\/posts\/10422\/revisions\/10424"}],"wp:featuredmedia":[{"embeddable":true,"href":"https:\/\/www.pogotowieflagowe.pl\/aktualne\/wp-json\/wp\/v2\/media\/10423"}],"wp:attachment":[{"href":"https:\/\/www.pogotowieflagowe.pl\/aktualne\/wp-json\/wp\/v2\/media?parent=10422"}],"wp:term":[{"taxonomy":"category","embeddable":true,"href":"https:\/\/www.pogotowieflagowe.pl\/aktualne\/wp-json\/wp\/v2\/categories?post=10422"},{"taxonomy":"post_tag","embeddable":true,"href":"https:\/\/www.pogotowieflagowe.pl\/aktualne\/wp-json\/wp\/v2\/tags?post=10422"}],"curies":[{"name":"wp","href":"https:\/\/api.w.org\/{rel}","templated":true}]}}