{"id":10425,"date":"2025-11-11T12:29:19","date_gmt":"2025-11-11T11:29:19","guid":{"rendered":"https:\/\/www.pogotowieflagowe.pl\/aktualne\/dzien-niepodleglosci-polski-swieto-odpornosci-i-odrodzenia-po-123-latach-zaborow\/"},"modified":"2025-11-11T12:29:23","modified_gmt":"2025-11-11T11:29:23","slug":"dzien-niepodleglosci-polski-swieto-odpornosci-i-odrodzenia-po-123-latach-zaborow","status":"publish","type":"post","link":"https:\/\/www.pogotowieflagowe.pl\/aktualne\/dzien-niepodleglosci-polski-swieto-odpornosci-i-odrodzenia-po-123-latach-zaborow\/","title":{"rendered":"Dzie\u0144 Niepodleg\u0142o\u015bci Polski: \u015bwi\u0119to odporno\u015bci i odrodzenia po 123 latach zabor\u00f3w"},"content":{"rendered":"\n<div class=\"td_block_wrap tdb_single_content tdi_41 td-pb-border-top td_block_template_8 td-post-content tagdiv-type\" data-td-block-uid=\"tdi_41\">\n<style>.tdi_41{margines-top:0px!important;margin-bottom:0px!important;dope\u0142nienie-g\u00f3ra:0px!important;dope\u0142nienie-d\u00f3\u0142:0px!important}<\/style>\n<style>.tdb_single_content{margin-bottom:0;*zoom:1}.tdb_single_content:before,.tdb_single_content:after{display:table;content:'';line-height:0}.tdb_single_content:after{clear:both}.tdb_single_content .tdb-block-inner>*:not(.wp-block-quote):not(.alignwide):not(.alignfull.wp-block-cover.has-parallax):not(.td-a-ad){margin-left:auto;margin-right:auto}.tdb_single_content a{pointer-events:auto}.tdb_single_content .td-spot-id-top_ad .tdc-placeholder-title:before{content:'Najlepsza reklama artyku\u0142u'!important}.tdb_single_content .td-spot-id-inline_ad0 .tdc-placeholder-title:before{content:'Reklama wbudowana artyku\u0142u 1'!important}.tdb_single_content .td-spot-id-inline_ad1 .tdc-placeholder-title:before{content:'Wbudowana reklama w artykule 2'!important}.tdb_single_content .td-spot-id-inline_ad2 .tdc-placeholder-title:before{content:'Wbudowana reklama w artykule 3'!important}.tdb_single_content .td-spot-id-bottom_ad .tdc-placeholder-title:before{content:'Article Bottom Ad'!important}.tdb_single_content .id_top_ad,.tdb_single_content .id_bottom_ad{clear:both;margin-bottom:21px;text-align:center}.tdb_single_content .id_top_ad img,.tdb_single_content .id_bottom_ad img{margin-bottom:0}.tdb_single_content .id_top_ad .adsbygoogle,.tdb_single_content .id_bottom_ad .adsbygoogle{position:relative}.tdb_single_content .id_ad_content-horiz-left,.tdb_single_content .id_ad_content-horiz-right,.tdb_single_content .id_ad_content-horiz-center{margin-bottom:15px}.tdb_single_content .id_ad_content-horiz-left img,.tdb_single_content .id_ad_content-horiz-right img,.tdb_single_content .id_ad_content-horiz-center img{margin-bottom:0}.tdb_single_content .id_ad_content-horiz-center{text-align:center}.tdb_single_content .id_ad_content-horiz-center img{margin-right:auto;margin-left:auto}.tdb_single_content .id_ad_content-horiz-left{float:left;margin-top:9px;margin-right:21px}.tdb_single_content .id_ad_content-horiz-right{float:right;margin-top:6px;margin-left:21px}.tdb_single_content .tdc-a-ad .tdc-placeholder-title{width:300px;height:250px}.tdb_single_content .tdc-a-ad .tdc-placeholder-title:before{position:absolute;top:50%;-webkit-transform:translateY(-50%);transform:translateY(-50%);margin:auto;display:table;width:100%}.tdb_single_content .tdb-block-inner.td-fix-index{word-break:break-word}.tdi_41,.tdi_41>p,.tdi_41 .tdb-block-inner>p,.wp-block-column>p{font-size:16px!important;line-height:1.6!important}.tdi_41 .tdb-block-inner blockquote p{font-style:normal!important}@media (max-width:767px){.tdb_single_content .id_ad_content-horiz-left,.tdb_single_content .id_ad_content-horiz-right,.tdb_single_content .id_ad_content-horiz-center{margin:0 auto 26 pikseli auto}}@media (max-width:767px){.tdb_single_content .id_ad_content-horiz-left{margin-right:0}}@media (max-width:767px){.tdb_single_content .id_ad_content-horiz-right{margin-left:0}}@media (max-width:767px){.tdb_single_content .td-a-ad{float:none;text-align:center}.tdb_single_content .td-a-ad img{margin-right:auto;margin-left:auto}.tdb_single_content .tdc-a-ad{float:none}}<\/style>\n<div class=\"tdb-block-inner td-fix-index\">\n<p>Polska obchodzi swoje \u015awi\u0119to Niepodleg\u0142o\u015bci 11 listopada, w dniu upami\u0119tniaj\u0105cym ponowne wy\u0142onienie si\u0119 narodu jako suwerennego pa\u0144stwa w 1918 r., po 123 latach zabor\u00f3w przez s\u0105siednie mocarstwa. Ten historyczny kamie\u0144 milowy odzwierciedla odporno\u015b\u0107 i determinacj\u0119 narodu polskiego, kt\u00f3ry przetrwa\u0142 pokolenia pod obcym panowaniem, zanim odzyska\u0142 niepodleg\u0142o\u015b\u0107 pod koniec I wojny \u015bwiatowej. Dzie\u0144 Niepodleg\u0142o\u015bci jest dla Polski pot\u0119\u017cnym symbolem jedno\u015bci i dumy narodowej, honoruj\u0105cym ofiary i wytrwa\u0142o\u015b\u0107, kt\u00f3re ukszta\u0142towa\u0142y nar\u00f3d.<\/p>\n<h2 class=\"wp-block-heading\">Od rozbior\u00f3w do wolno\u015bci: podr\u00f3\u017c Polski do niepodleg\u0142o\u015bci w 1918 roku<\/h2>\n<p>Historia niepodleg\u0142o\u015bci Polski ma swoje korzenie w walkach ko\u0144ca XVIII wieku, kiedy kraj zosta\u0142 podzielony i zaanektowany przez imperia rosyjski, pruski i austro-w\u0119gierski. Przez ponad sto lat Polacy podlegali obcym rz\u0105dom i utracili to\u017csamo\u015b\u0107 narodow\u0105. Jednak w 1918 r., gdy I wojna \u015bwiatowa przekszta\u0142ci\u0142a Europ\u0119, Polska skorzysta\u0142a z okazji, aby odbudowa\u0107 si\u0119 jako niepodleg\u0142y kraj. Symboliczne przekazanie w\u0142adzy 11 listopada przyw\u00f3dcy narodowego J\u00f3zefowi Pi\u0142sudskiemu oznacza\u0142o odrodzenie si\u0119 Polski jako pa\u0144stwa samorz\u0105dnego.<\/p>\n<h2 class=\"wp-block-heading\">Przywracanie ducha wolno\u015bci. Odwa\u017cny powr\u00f3t Polski do obchod\u00f3w \u015awi\u0119ta Niepodleg\u0142o\u015bci<\/h2>\n<p>Obchody Dnia Niepodleg\u0142o\u015bci przez lata stawa\u0142y przed powa\u017cnymi wyzwaniami. W czasie II wojny \u015bwiatowej, a p\u00f3\u017aniej pod rz\u0105dami komunist\u00f3w, dzie\u0144 ten zosta\u0142 zniesiony i zakazano publicznego uznania niepodleg\u0142o\u015bci Polski. Dopiero upadek komunizmu w 1989 r. przywr\u00f3ci\u0142 w pe\u0142ni \u015awi\u0119to Niepodleg\u0142o\u015bci, co pozwoli\u0142o Polsce otwarcie upami\u0119tnia\u0107 ci\u0119\u017cko wywalczon\u0105 wolno\u015b\u0107 i ponownie uczci\u0107 swoj\u0105 historyczn\u0105 drog\u0119.<\/p>\n<p>Dzi\u015b 11 listopada obchodzony jest w ca\u0142ej Polsce z wielk\u0105 dum\u0105 i patriotycznym zapa\u0142em. Parady, ceremonie i wydarzenia kulturalne gromadz\u0105 ludzi, aby z\u0142o\u017cy\u0107 ho\u0142d odporno\u015bci narodu i wsp\u00f3lnemu dziedzictwu. Ten dzie\u0144 stanowi dobitne przypomnienie drogi Polski od ucisku do suwerenno\u015bci i jej trwa\u0142ego ducha w obliczu przeciwno\u015bci losu.<\/p>\n<\/div>\n<\/div>\n","protected":false},"excerpt":{"rendered":"<p>Polska obchodzi swoje \u015awi\u0119to Niepodleg\u0142o\u015bci 11 listopada, w dniu upami\u0119tniaj\u0105cym ponowne wy\u0142onienie si\u0119 narodu jako suwerennego pa\u0144stwa w 1918 r.,<\/p>\n","protected":false},"author":1,"featured_media":10426,"comment_status":"open","ping_status":"open","sticky":false,"template":"","format":"standard","meta":{"footnotes":""},"categories":[4748],"tags":[1078,1002,2180,5378,11901,72,127,11902],"class_list":["post-10425","post","type-post","status-publish","format-standard","has-post-thumbnail","hentry","category-aktualne","tag-dzien","tag-latach","tag-niepodleglosci","tag-odpornosci","tag-odrodzenia","tag-polski","tag-swieto","tag-zaborow","generate-columns","tablet-grid-50","mobile-grid-100","grid-parent","grid-50","resize-featured-image"],"yoast_head":"<!-- This site is optimized with the Yoast SEO plugin v23.2 - https:\/\/yoast.com\/wordpress\/plugins\/seo\/ -->\n<title>Dzie\u0144 Niepodleg\u0142o\u015bci Polski: \u015bwi\u0119to odporno\u015bci i odrodzenia po 123 latach zabor\u00f3w - POGOTOWIE FLAGOWE\u00ae<\/title>\n<meta name=\"robots\" content=\"index, follow, max-snippet:-1, max-image-preview:large, max-video-preview:-1\" \/>\n<link rel=\"canonical\" href=\"https:\/\/www.pogotowieflagowe.pl\/aktualne\/dzien-niepodleglosci-polski-swieto-odpornosci-i-odrodzenia-po-123-latach-zaborow\/\" \/>\n<meta property=\"og:locale\" content=\"pl_PL\" \/>\n<meta property=\"og:type\" content=\"article\" \/>\n<meta property=\"og:title\" content=\"Dzie\u0144 Niepodleg\u0142o\u015bci Polski: \u015bwi\u0119to odporno\u015bci i odrodzenia po 123 latach zabor\u00f3w - POGOTOWIE FLAGOWE\u00ae\" \/>\n<meta property=\"og:description\" content=\"Polska obchodzi swoje \u015awi\u0119to Niepodleg\u0142o\u015bci 11 listopada, w dniu upami\u0119tniaj\u0105cym ponowne wy\u0142onienie si\u0119 narodu jako suwerennego pa\u0144stwa w 1918 r.,\" \/>\n<meta property=\"og:url\" content=\"https:\/\/www.pogotowieflagowe.pl\/aktualne\/dzien-niepodleglosci-polski-swieto-odpornosci-i-odrodzenia-po-123-latach-zaborow\/\" \/>\n<meta property=\"og:site_name\" content=\"POGOTOWIE FLAGOWE\u00ae\" \/>\n<meta property=\"article:published_time\" content=\"2025-11-11T11:29:19+00:00\" \/>\n<meta property=\"article:modified_time\" content=\"2025-11-11T11:29:23+00:00\" \/>\n<meta property=\"og:image\" content=\"https:\/\/www.pogotowieflagowe.pl\/aktualne\/wp-content\/uploads\/2025\/11\/Dzien-Niepodleglosci-Polski-swieto-odpornosci-i-odrodzenia-po-123-latach.jpg\" \/>\n\t<meta property=\"og:image:width\" content=\"1901\" \/>\n\t<meta property=\"og:image:height\" content=\"1080\" \/>\n\t<meta property=\"og:image:type\" content=\"image\/jpeg\" \/>\n<meta name=\"author\" content=\"Filip\" \/>\n<meta name=\"twitter:card\" content=\"summary_large_image\" \/>\n<meta name=\"twitter:label1\" content=\"Napisane przez\" \/>\n\t<meta name=\"twitter:data1\" content=\"Filip\" \/>\n\t<meta name=\"twitter:label2\" content=\"Szacowany czas czytania\" \/>\n\t<meta name=\"twitter:data2\" content=\"2 minuty\" \/>\n<script type=\"application\/ld+json\" class=\"yoast-schema-graph\">{\"@context\":\"https:\/\/schema.org\",\"@graph\":[{\"@type\":\"Article\",\"@id\":\"https:\/\/www.pogotowieflagowe.pl\/aktualne\/dzien-niepodleglosci-polski-swieto-odpornosci-i-odrodzenia-po-123-latach-zaborow\/#article\",\"isPartOf\":{\"@id\":\"https:\/\/www.pogotowieflagowe.pl\/aktualne\/dzien-niepodleglosci-polski-swieto-odpornosci-i-odrodzenia-po-123-latach-zaborow\/\"},\"author\":{\"name\":\"Filip\",\"@id\":\"https:\/\/www.pogotowieflagowe.pl\/aktualne\/#\/schema\/person\/9c2fb7d2362ebf6fa088960d7f0d27b0\"},\"headline\":\"Dzie\u0144 Niepodleg\u0142o\u015bci Polski: \u015bwi\u0119to odporno\u015bci i odrodzenia po 123 latach zabor\u00f3w\",\"datePublished\":\"2025-11-11T11:29:19+00:00\",\"dateModified\":\"2025-11-11T11:29:23+00:00\",\"mainEntityOfPage\":{\"@id\":\"https:\/\/www.pogotowieflagowe.pl\/aktualne\/dzien-niepodleglosci-polski-swieto-odpornosci-i-odrodzenia-po-123-latach-zaborow\/\"},\"wordCount\":346,\"commentCount\":0,\"publisher\":{\"@id\":\"https:\/\/www.pogotowieflagowe.pl\/aktualne\/#organization\"},\"image\":{\"@id\":\"https:\/\/www.pogotowieflagowe.pl\/aktualne\/dzien-niepodleglosci-polski-swieto-odpornosci-i-odrodzenia-po-123-latach-zaborow\/#primaryimage\"},\"thumbnailUrl\":\"https:\/\/www.pogotowieflagowe.pl\/aktualne\/wp-content\/uploads\/2025\/11\/Dzien-Niepodleglosci-Polski-swieto-odpornosci-i-odrodzenia-po-123-latach.jpg\",\"keywords\":[\"Dzie\u0144\",\"latach\",\"Niepodleg\u0142o\u015bci\",\"odporno\u015bci\",\"odrodzenia\",\"polski\",\"\u015awi\u0119to\",\"zabor\u00f3w\"],\"articleSection\":[\"Aktualne\"],\"inLanguage\":\"pl-PL\",\"potentialAction\":[{\"@type\":\"CommentAction\",\"name\":\"Comment\",\"target\":[\"https:\/\/www.pogotowieflagowe.pl\/aktualne\/dzien-niepodleglosci-polski-swieto-odpornosci-i-odrodzenia-po-123-latach-zaborow\/#respond\"]}]},{\"@type\":\"WebPage\",\"@id\":\"https:\/\/www.pogotowieflagowe.pl\/aktualne\/dzien-niepodleglosci-polski-swieto-odpornosci-i-odrodzenia-po-123-latach-zaborow\/\",\"url\":\"https:\/\/www.pogotowieflagowe.pl\/aktualne\/dzien-niepodleglosci-polski-swieto-odpornosci-i-odrodzenia-po-123-latach-zaborow\/\",\"name\":\"Dzie\u0144 Niepodleg\u0142o\u015bci Polski: \u015bwi\u0119to odporno\u015bci i odrodzenia po 123 latach zabor\u00f3w - POGOTOWIE FLAGOWE\u00ae\",\"isPartOf\":{\"@id\":\"https:\/\/www.pogotowieflagowe.pl\/aktualne\/#website\"},\"primaryImageOfPage\":{\"@id\":\"https:\/\/www.pogotowieflagowe.pl\/aktualne\/dzien-niepodleglosci-polski-swieto-odpornosci-i-odrodzenia-po-123-latach-zaborow\/#primaryimage\"},\"image\":{\"@id\":\"https:\/\/www.pogotowieflagowe.pl\/aktualne\/dzien-niepodleglosci-polski-swieto-odpornosci-i-odrodzenia-po-123-latach-zaborow\/#primaryimage\"},\"thumbnailUrl\":\"https:\/\/www.pogotowieflagowe.pl\/aktualne\/wp-content\/uploads\/2025\/11\/Dzien-Niepodleglosci-Polski-swieto-odpornosci-i-odrodzenia-po-123-latach.jpg\",\"datePublished\":\"2025-11-11T11:29:19+00:00\",\"dateModified\":\"2025-11-11T11:29:23+00:00\",\"breadcrumb\":{\"@id\":\"https:\/\/www.pogotowieflagowe.pl\/aktualne\/dzien-niepodleglosci-polski-swieto-odpornosci-i-odrodzenia-po-123-latach-zaborow\/#breadcrumb\"},\"inLanguage\":\"pl-PL\",\"potentialAction\":[{\"@type\":\"ReadAction\",\"target\":[\"https:\/\/www.pogotowieflagowe.pl\/aktualne\/dzien-niepodleglosci-polski-swieto-odpornosci-i-odrodzenia-po-123-latach-zaborow\/\"]}]},{\"@type\":\"ImageObject\",\"inLanguage\":\"pl-PL\",\"@id\":\"https:\/\/www.pogotowieflagowe.pl\/aktualne\/dzien-niepodleglosci-polski-swieto-odpornosci-i-odrodzenia-po-123-latach-zaborow\/#primaryimage\",\"url\":\"https:\/\/www.pogotowieflagowe.pl\/aktualne\/wp-content\/uploads\/2025\/11\/Dzien-Niepodleglosci-Polski-swieto-odpornosci-i-odrodzenia-po-123-latach.jpg\",\"contentUrl\":\"https:\/\/www.pogotowieflagowe.pl\/aktualne\/wp-content\/uploads\/2025\/11\/Dzien-Niepodleglosci-Polski-swieto-odpornosci-i-odrodzenia-po-123-latach.jpg\",\"width\":1901,\"height\":1080,\"caption\":\"Dzie\u0144 Niepodleg\u0142o\u015bci Polski: \u015bwi\u0119to odporno\u015bci i odrodzenia po 123 latach zabor\u00f3w\"},{\"@type\":\"BreadcrumbList\",\"@id\":\"https:\/\/www.pogotowieflagowe.pl\/aktualne\/dzien-niepodleglosci-polski-swieto-odpornosci-i-odrodzenia-po-123-latach-zaborow\/#breadcrumb\",\"itemListElement\":[{\"@type\":\"ListItem\",\"position\":1,\"name\":\"Home\",\"item\":\"https:\/\/www.pogotowieflagowe.pl\/aktualne\/\"},{\"@type\":\"ListItem\",\"position\":2,\"name\":\"Dzie\u0144 Niepodleg\u0142o\u015bci Polski: \u015bwi\u0119to odporno\u015bci i odrodzenia po 123 latach zabor\u00f3w\"}]},{\"@type\":\"WebSite\",\"@id\":\"https:\/\/www.pogotowieflagowe.pl\/aktualne\/#website\",\"url\":\"https:\/\/www.pogotowieflagowe.pl\/aktualne\/\",\"name\":\"POGOTOWIE FLAGOWE\u00ae\",\"description\":\"\",\"publisher\":{\"@id\":\"https:\/\/www.pogotowieflagowe.pl\/aktualne\/#organization\"},\"potentialAction\":[{\"@type\":\"SearchAction\",\"target\":{\"@type\":\"EntryPoint\",\"urlTemplate\":\"https:\/\/www.pogotowieflagowe.pl\/aktualne\/?s={search_term_string}\"},\"query-input\":\"required name=search_term_string\"}],\"inLanguage\":\"pl-PL\"},{\"@type\":\"Organization\",\"@id\":\"https:\/\/www.pogotowieflagowe.pl\/aktualne\/#organization\",\"name\":\"POGOTOWIE FLAGOWE\u00ae\",\"url\":\"https:\/\/www.pogotowieflagowe.pl\/aktualne\/\",\"logo\":{\"@type\":\"ImageObject\",\"inLanguage\":\"pl-PL\",\"@id\":\"https:\/\/www.pogotowieflagowe.pl\/aktualne\/#\/schema\/logo\/image\/\",\"url\":\"https:\/\/www.pogotowieflagowe.pl\/aktualne\/wp-content\/uploads\/2024\/08\/cropped-pogotowieflagowe_flaga_projekt_sm.jpg\",\"contentUrl\":\"https:\/\/www.pogotowieflagowe.pl\/aktualne\/wp-content\/uploads\/2024\/08\/cropped-pogotowieflagowe_flaga_projekt_sm.jpg\",\"width\":250,\"height\":143,\"caption\":\"POGOTOWIE FLAGOWE\u00ae\"},\"image\":{\"@id\":\"https:\/\/www.pogotowieflagowe.pl\/aktualne\/#\/schema\/logo\/image\/\"}},{\"@type\":\"Person\",\"@id\":\"https:\/\/www.pogotowieflagowe.pl\/aktualne\/#\/schema\/person\/9c2fb7d2362ebf6fa088960d7f0d27b0\",\"name\":\"Filip\",\"image\":{\"@type\":\"ImageObject\",\"inLanguage\":\"pl-PL\",\"@id\":\"https:\/\/www.pogotowieflagowe.pl\/aktualne\/#\/schema\/person\/image\/\",\"url\":\"https:\/\/www.pogotowieflagowe.pl\/aktualne\/wp-content\/uploads\/2024\/08\/pogotowieflagowe.pl_.jpg\",\"contentUrl\":\"https:\/\/www.pogotowieflagowe.pl\/aktualne\/wp-content\/uploads\/2024\/08\/pogotowieflagowe.pl_.jpg\",\"caption\":\"Filip\"},\"description\":\"Jestem Filip, polski dziennikarz z dyplomem nauk politycznych Uniwersytetu Warszawskiego. Rozpoczynaj\u0105c swoj\u0105 karier\u0119 w r\u00f3\u017cnych lokalnych mediach, zdoby\u0142em solidne do\u015bwiadczenie w zakresie \u015bledztwa i redakcji. Obecnie jako redaktor w Pogotowie flagowe, staram si\u0119 dostarcza\u0107 dog\u0142\u0119bne i istotne analizy na temat najwa\u017cniejszych kwestii aktualno\u015bci, \u0142\u0105cz\u0105c rygor z pasj\u0105 dziennikarsk\u0105.\",\"sameAs\":[\"https:\/\/www.pogotowieflagowe.pl\/\"]}]}<\/script>\n<!-- \/ Yoast SEO plugin. -->","yoast_head_json":{"title":"Dzie\u0144 Niepodleg\u0142o\u015bci Polski: \u015bwi\u0119to odporno\u015bci i odrodzenia po 123 latach zabor\u00f3w - POGOTOWIE FLAGOWE\u00ae","robots":{"index":"index","follow":"follow","max-snippet":"max-snippet:-1","max-image-preview":"max-image-preview:large","max-video-preview":"max-video-preview:-1"},"canonical":"https:\/\/www.pogotowieflagowe.pl\/aktualne\/dzien-niepodleglosci-polski-swieto-odpornosci-i-odrodzenia-po-123-latach-zaborow\/","og_locale":"pl_PL","og_type":"article","og_title":"Dzie\u0144 Niepodleg\u0142o\u015bci Polski: \u015bwi\u0119to odporno\u015bci i odrodzenia po 123 latach zabor\u00f3w - POGOTOWIE FLAGOWE\u00ae","og_description":"Polska obchodzi swoje \u015awi\u0119to Niepodleg\u0142o\u015bci 11 listopada, w dniu upami\u0119tniaj\u0105cym ponowne wy\u0142onienie si\u0119 narodu jako suwerennego pa\u0144stwa w 1918 r.,","og_url":"https:\/\/www.pogotowieflagowe.pl\/aktualne\/dzien-niepodleglosci-polski-swieto-odpornosci-i-odrodzenia-po-123-latach-zaborow\/","og_site_name":"POGOTOWIE FLAGOWE\u00ae","article_published_time":"2025-11-11T11:29:19+00:00","article_modified_time":"2025-11-11T11:29:23+00:00","og_image":[{"width":1901,"height":1080,"url":"https:\/\/www.pogotowieflagowe.pl\/aktualne\/wp-content\/uploads\/2025\/11\/Dzien-Niepodleglosci-Polski-swieto-odpornosci-i-odrodzenia-po-123-latach.jpg","type":"image\/jpeg"}],"author":"Filip","twitter_card":"summary_large_image","twitter_misc":{"Napisane przez":"Filip","Szacowany czas czytania":"2 minuty"},"schema":{"@context":"https:\/\/schema.org","@graph":[{"@type":"Article","@id":"https:\/\/www.pogotowieflagowe.pl\/aktualne\/dzien-niepodleglosci-polski-swieto-odpornosci-i-odrodzenia-po-123-latach-zaborow\/#article","isPartOf":{"@id":"https:\/\/www.pogotowieflagowe.pl\/aktualne\/dzien-niepodleglosci-polski-swieto-odpornosci-i-odrodzenia-po-123-latach-zaborow\/"},"author":{"name":"Filip","@id":"https:\/\/www.pogotowieflagowe.pl\/aktualne\/#\/schema\/person\/9c2fb7d2362ebf6fa088960d7f0d27b0"},"headline":"Dzie\u0144 Niepodleg\u0142o\u015bci Polski: \u015bwi\u0119to odporno\u015bci i odrodzenia po 123 latach zabor\u00f3w","datePublished":"2025-11-11T11:29:19+00:00","dateModified":"2025-11-11T11:29:23+00:00","mainEntityOfPage":{"@id":"https:\/\/www.pogotowieflagowe.pl\/aktualne\/dzien-niepodleglosci-polski-swieto-odpornosci-i-odrodzenia-po-123-latach-zaborow\/"},"wordCount":346,"commentCount":0,"publisher":{"@id":"https:\/\/www.pogotowieflagowe.pl\/aktualne\/#organization"},"image":{"@id":"https:\/\/www.pogotowieflagowe.pl\/aktualne\/dzien-niepodleglosci-polski-swieto-odpornosci-i-odrodzenia-po-123-latach-zaborow\/#primaryimage"},"thumbnailUrl":"https:\/\/www.pogotowieflagowe.pl\/aktualne\/wp-content\/uploads\/2025\/11\/Dzien-Niepodleglosci-Polski-swieto-odpornosci-i-odrodzenia-po-123-latach.jpg","keywords":["Dzie\u0144","latach","Niepodleg\u0142o\u015bci","odporno\u015bci","odrodzenia","polski","\u015awi\u0119to","zabor\u00f3w"],"articleSection":["Aktualne"],"inLanguage":"pl-PL","potentialAction":[{"@type":"CommentAction","name":"Comment","target":["https:\/\/www.pogotowieflagowe.pl\/aktualne\/dzien-niepodleglosci-polski-swieto-odpornosci-i-odrodzenia-po-123-latach-zaborow\/#respond"]}]},{"@type":"WebPage","@id":"https:\/\/www.pogotowieflagowe.pl\/aktualne\/dzien-niepodleglosci-polski-swieto-odpornosci-i-odrodzenia-po-123-latach-zaborow\/","url":"https:\/\/www.pogotowieflagowe.pl\/aktualne\/dzien-niepodleglosci-polski-swieto-odpornosci-i-odrodzenia-po-123-latach-zaborow\/","name":"Dzie\u0144 Niepodleg\u0142o\u015bci Polski: \u015bwi\u0119to odporno\u015bci i odrodzenia po 123 latach zabor\u00f3w - POGOTOWIE FLAGOWE\u00ae","isPartOf":{"@id":"https:\/\/www.pogotowieflagowe.pl\/aktualne\/#website"},"primaryImageOfPage":{"@id":"https:\/\/www.pogotowieflagowe.pl\/aktualne\/dzien-niepodleglosci-polski-swieto-odpornosci-i-odrodzenia-po-123-latach-zaborow\/#primaryimage"},"image":{"@id":"https:\/\/www.pogotowieflagowe.pl\/aktualne\/dzien-niepodleglosci-polski-swieto-odpornosci-i-odrodzenia-po-123-latach-zaborow\/#primaryimage"},"thumbnailUrl":"https:\/\/www.pogotowieflagowe.pl\/aktualne\/wp-content\/uploads\/2025\/11\/Dzien-Niepodleglosci-Polski-swieto-odpornosci-i-odrodzenia-po-123-latach.jpg","datePublished":"2025-11-11T11:29:19+00:00","dateModified":"2025-11-11T11:29:23+00:00","breadcrumb":{"@id":"https:\/\/www.pogotowieflagowe.pl\/aktualne\/dzien-niepodleglosci-polski-swieto-odpornosci-i-odrodzenia-po-123-latach-zaborow\/#breadcrumb"},"inLanguage":"pl-PL","potentialAction":[{"@type":"ReadAction","target":["https:\/\/www.pogotowieflagowe.pl\/aktualne\/dzien-niepodleglosci-polski-swieto-odpornosci-i-odrodzenia-po-123-latach-zaborow\/"]}]},{"@type":"ImageObject","inLanguage":"pl-PL","@id":"https:\/\/www.pogotowieflagowe.pl\/aktualne\/dzien-niepodleglosci-polski-swieto-odpornosci-i-odrodzenia-po-123-latach-zaborow\/#primaryimage","url":"https:\/\/www.pogotowieflagowe.pl\/aktualne\/wp-content\/uploads\/2025\/11\/Dzien-Niepodleglosci-Polski-swieto-odpornosci-i-odrodzenia-po-123-latach.jpg","contentUrl":"https:\/\/www.pogotowieflagowe.pl\/aktualne\/wp-content\/uploads\/2025\/11\/Dzien-Niepodleglosci-Polski-swieto-odpornosci-i-odrodzenia-po-123-latach.jpg","width":1901,"height":1080,"caption":"Dzie\u0144 Niepodleg\u0142o\u015bci Polski: \u015bwi\u0119to odporno\u015bci i odrodzenia po 123 latach zabor\u00f3w"},{"@type":"BreadcrumbList","@id":"https:\/\/www.pogotowieflagowe.pl\/aktualne\/dzien-niepodleglosci-polski-swieto-odpornosci-i-odrodzenia-po-123-latach-zaborow\/#breadcrumb","itemListElement":[{"@type":"ListItem","position":1,"name":"Home","item":"https:\/\/www.pogotowieflagowe.pl\/aktualne\/"},{"@type":"ListItem","position":2,"name":"Dzie\u0144 Niepodleg\u0142o\u015bci Polski: \u015bwi\u0119to odporno\u015bci i odrodzenia po 123 latach zabor\u00f3w"}]},{"@type":"WebSite","@id":"https:\/\/www.pogotowieflagowe.pl\/aktualne\/#website","url":"https:\/\/www.pogotowieflagowe.pl\/aktualne\/","name":"POGOTOWIE FLAGOWE\u00ae","description":"","publisher":{"@id":"https:\/\/www.pogotowieflagowe.pl\/aktualne\/#organization"},"potentialAction":[{"@type":"SearchAction","target":{"@type":"EntryPoint","urlTemplate":"https:\/\/www.pogotowieflagowe.pl\/aktualne\/?s={search_term_string}"},"query-input":"required name=search_term_string"}],"inLanguage":"pl-PL"},{"@type":"Organization","@id":"https:\/\/www.pogotowieflagowe.pl\/aktualne\/#organization","name":"POGOTOWIE FLAGOWE\u00ae","url":"https:\/\/www.pogotowieflagowe.pl\/aktualne\/","logo":{"@type":"ImageObject","inLanguage":"pl-PL","@id":"https:\/\/www.pogotowieflagowe.pl\/aktualne\/#\/schema\/logo\/image\/","url":"https:\/\/www.pogotowieflagowe.pl\/aktualne\/wp-content\/uploads\/2024\/08\/cropped-pogotowieflagowe_flaga_projekt_sm.jpg","contentUrl":"https:\/\/www.pogotowieflagowe.pl\/aktualne\/wp-content\/uploads\/2024\/08\/cropped-pogotowieflagowe_flaga_projekt_sm.jpg","width":250,"height":143,"caption":"POGOTOWIE FLAGOWE\u00ae"},"image":{"@id":"https:\/\/www.pogotowieflagowe.pl\/aktualne\/#\/schema\/logo\/image\/"}},{"@type":"Person","@id":"https:\/\/www.pogotowieflagowe.pl\/aktualne\/#\/schema\/person\/9c2fb7d2362ebf6fa088960d7f0d27b0","name":"Filip","image":{"@type":"ImageObject","inLanguage":"pl-PL","@id":"https:\/\/www.pogotowieflagowe.pl\/aktualne\/#\/schema\/person\/image\/","url":"https:\/\/www.pogotowieflagowe.pl\/aktualne\/wp-content\/uploads\/2024\/08\/pogotowieflagowe.pl_.jpg","contentUrl":"https:\/\/www.pogotowieflagowe.pl\/aktualne\/wp-content\/uploads\/2024\/08\/pogotowieflagowe.pl_.jpg","caption":"Filip"},"description":"Jestem Filip, polski dziennikarz z dyplomem nauk politycznych Uniwersytetu Warszawskiego. Rozpoczynaj\u0105c swoj\u0105 karier\u0119 w r\u00f3\u017cnych lokalnych mediach, zdoby\u0142em solidne do\u015bwiadczenie w zakresie \u015bledztwa i redakcji. Obecnie jako redaktor w Pogotowie flagowe, staram si\u0119 dostarcza\u0107 dog\u0142\u0119bne i istotne analizy na temat najwa\u017cniejszych kwestii aktualno\u015bci, \u0142\u0105cz\u0105c rygor z pasj\u0105 dziennikarsk\u0105.","sameAs":["https:\/\/www.pogotowieflagowe.pl\/"]}]}},"_links":{"self":[{"href":"https:\/\/www.pogotowieflagowe.pl\/aktualne\/wp-json\/wp\/v2\/posts\/10425","targetHints":{"allow":["GET"]}}],"collection":[{"href":"https:\/\/www.pogotowieflagowe.pl\/aktualne\/wp-json\/wp\/v2\/posts"}],"about":[{"href":"https:\/\/www.pogotowieflagowe.pl\/aktualne\/wp-json\/wp\/v2\/types\/post"}],"author":[{"embeddable":true,"href":"https:\/\/www.pogotowieflagowe.pl\/aktualne\/wp-json\/wp\/v2\/users\/1"}],"replies":[{"embeddable":true,"href":"https:\/\/www.pogotowieflagowe.pl\/aktualne\/wp-json\/wp\/v2\/comments?post=10425"}],"version-history":[{"count":1,"href":"https:\/\/www.pogotowieflagowe.pl\/aktualne\/wp-json\/wp\/v2\/posts\/10425\/revisions"}],"predecessor-version":[{"id":10427,"href":"https:\/\/www.pogotowieflagowe.pl\/aktualne\/wp-json\/wp\/v2\/posts\/10425\/revisions\/10427"}],"wp:featuredmedia":[{"embeddable":true,"href":"https:\/\/www.pogotowieflagowe.pl\/aktualne\/wp-json\/wp\/v2\/media\/10426"}],"wp:attachment":[{"href":"https:\/\/www.pogotowieflagowe.pl\/aktualne\/wp-json\/wp\/v2\/media?parent=10425"}],"wp:term":[{"taxonomy":"category","embeddable":true,"href":"https:\/\/www.pogotowieflagowe.pl\/aktualne\/wp-json\/wp\/v2\/categories?post=10425"},{"taxonomy":"post_tag","embeddable":true,"href":"https:\/\/www.pogotowieflagowe.pl\/aktualne\/wp-json\/wp\/v2\/tags?post=10425"}],"curies":[{"name":"wp","href":"https:\/\/api.w.org\/{rel}","templated":true}]}}