{"id":10431,"date":"2025-11-11T14:33:36","date_gmt":"2025-11-11T13:33:36","guid":{"rendered":"https:\/\/www.pogotowieflagowe.pl\/aktualne\/kluby-gazety-polskiej-juz-przy-rondzie-dmowskiego-morze-bialo-czerwonych-flag-zdjecia\/"},"modified":"2025-11-11T14:33:38","modified_gmt":"2025-11-11T13:33:38","slug":"kluby-gazety-polskiej-juz-przy-rondzie-dmowskiego-morze-bialo-czerwonych-flag-zdjecia","status":"publish","type":"post","link":"https:\/\/www.pogotowieflagowe.pl\/aktualne\/kluby-gazety-polskiej-juz-przy-rondzie-dmowskiego-morze-bialo-czerwonych-flag-zdjecia\/","title":{"rendered":"Kluby Gazety Polskiej ju\u017c przy Rondzie Dmowskiego. Morze bia\u0142o-czerwonych flag (ZDJ\u0118CIA)"},"content":{"rendered":"\n<div class=\"td_block_wrap tdb_single_content tdi_41 td-pb-border-top td_block_template_8 td-post-content tagdiv-type\" data-td-block-uid=\"tdi_41\">\n<style>.tdi_41{margines-top:0px!important;margin-bottom:0px!important;dope\u0142nienie-g\u00f3ra:0px!important;dope\u0142nienie-d\u00f3\u0142:0px!important}<\/style>\n<style>.tdb_single_content{margin-bottom:0;*zoom:1}.tdb_single_content:before,.tdb_single_content:after{display:table;content:'';line-height:0}.tdb_single_content:after{clear:both}.tdb_single_content .tdb-block-inner>*:not(.wp-block-quote):not(.alignwide):not(.alignfull.wp-block-cover.has-parallax):not(.td-a-ad){margin-left:auto;margin-right:auto}.tdb_single_content a{pointer-events:auto}.tdb_single_content .td-spot-id-top_ad .tdc-placeholder-title:before{content:'Najlepsza reklama artyku\u0142u'!important}.tdb_single_content .td-spot-id-inline_ad0 .tdc-placeholder-title:before{content:'Reklama wbudowana artyku\u0142u 1'!important}.tdb_single_content .td-spot-id-inline_ad1 .tdc-placeholder-title:before{content:'Wbudowana reklama w artykule 2'!important}.tdb_single_content .td-spot-id-inline_ad2 .tdc-placeholder-title:before{content:'Wbudowana reklama w artykule 3'!important}.tdb_single_content .td-spot-id-bottom_ad .tdc-placeholder-title:before{content:'Article Bottom Ad'!important}.tdb_single_content .id_top_ad,.tdb_single_content .id_bottom_ad{clear:both;margin-bottom:21px;text-align:center}.tdb_single_content .id_top_ad img,.tdb_single_content .id_bottom_ad img{margin-bottom:0}.tdb_single_content .id_top_ad .adsbygoogle,.tdb_single_content .id_bottom_ad .adsbygoogle{position:relative}.tdb_single_content .id_ad_content-horiz-left,.tdb_single_content .id_ad_content-horiz-right,.tdb_single_content .id_ad_content-horiz-center{margin-bottom:15px}.tdb_single_content .id_ad_content-horiz-left img,.tdb_single_content .id_ad_content-horiz-right img,.tdb_single_content .id_ad_content-horiz-center img{margin-bottom:0}.tdb_single_content .id_ad_content-horiz-center{text-align:center}.tdb_single_content .id_ad_content-horiz-center img{margin-right:auto;margin-left:auto}.tdb_single_content .id_ad_content-horiz-left{float:left;margin-top:9px;margin-right:21px}.tdb_single_content .id_ad_content-horiz-right{float:right;margin-top:6px;margin-left:21px}.tdb_single_content .tdc-a-ad .tdc-placeholder-title{width:300px;height:250px}.tdb_single_content .tdc-a-ad .tdc-placeholder-title:before{position:absolute;top:50%;-webkit-transform:translateY(-50%);transform:translateY(-50%);margin:auto;display:table;width:100%}.tdb_single_content .tdb-block-inner.td-fix-index{word-break:break-word}.tdi_41,.tdi_41>p,.tdi_41 .tdb-block-inner>p,.wp-block-column>p{font-size:16px!important;line-height:1.6!important}.tdi_41 .tdb-block-inner blockquote p{font-style:normal!important}@media (max-width:767px){.tdb_single_content .id_ad_content-horiz-left,.tdb_single_content .id_ad_content-horiz-right,.tdb_single_content .id_ad_content-horiz-center{margin:0 auto 26 pikseli auto}}@media (max-width:767px){.tdb_single_content .id_ad_content-horiz-left{margin-right:0}}@media (max-width:767px){.tdb_single_content .id_ad_content-horiz-right{margin-left:0}}@media (max-width:767px){.tdb_single_content .td-a-ad{float:none;text-align:center}.tdb_single_content .td-a-ad img{margin-right:auto;margin-left:auto}.tdb_single_content .tdc-a-ad{float:none}}<\/style>\n<div class=\"tdb-block-inner td-fix-index\">\n<p><em>Gazeta Polska<\/em> Od wczesnych godzin porannych do Warszawy zje\u017cd\u017caj\u0105 kluby z ca\u0142ego kraju. Ich cel jest jeden \u2013 wsp\u00f3lnie wzi\u0105\u0107 udzia\u0142 w tegorocznej edycji <em>Marsz Niepodleg\u0142o\u015bci<\/em>! Oko\u0142o po\u0142udnia pierwsi cz\u0142onkowie dotarli w okolice Ronda Dmowskiego, sk\u0105d o godzinie 14.00 wyruszy marsz<\/p>\n<figure class=\"wp-block-gallery has-nested-images columns-default is-cropped wp-block-gallery-1 is-layout-flex wp-block-gallery-is-layout-flex\">\n<figure class=\"wp-block-image size-large\"><img fetchpriority=\"high\" decoding=\"async\" width=\"1280\" height=\"720\" data-id=\"62563\" src=\"https:\/\/www.pogotowieflagowe.pl\/aktualne\/wp-content\/uploads\/2025\/11\/Kluby-Gazety-Polskiej-juz-przy-Rondzie-Dmowskiego-Morze-bialo-czerwonych-flag.webp.webp\" alt=\"\" class=\"wp-image-62563\"   data-eio=\"l\"><\/figure>\n<figure class=\"wp-block-image size-large\"><img decoding=\"async\" width=\"720\" height=\"720\" data-id=\"62564\" alt=\"\" class=\"wp-image-62564 lazyload\" src=\"https:\/\/www.pogotowieflagowe.pl\/aktualne\/wp-content\/uploads\/2025\/11\/1762868012_425_Kluby-Gazety-Polskiej-juz-przy-Rondzie-Dmowskiego-Morze-bialo-czerwonych-flag.webp.webp\"  data- data-eio-rwidth=\"720\" data-eio-rheight=\"720\"><img decoding=\"async\" width=\"720\" height=\"720\" data-id=\"62564\" src=\"https:\/\/www.pogotowieflagowe.pl\/aktualne\/wp-content\/uploads\/2025\/11\/1762868012_425_Kluby-Gazety-Polskiej-juz-przy-Rondzie-Dmowskiego-Morze-bialo-czerwonych-flag.webp.webp\" alt=\"\" class=\"wp-image-62564\"   data-eio=\"l\"><\/figure>\n<figure class=\"wp-block-image size-large\"><img decoding=\"async\" width=\"960\" height=\"720\" data-id=\"62568\" alt=\"\" class=\"wp-image-62568 lazyload\" src=\"https:\/\/www.pogotowieflagowe.pl\/aktualne\/wp-content\/uploads\/2025\/11\/1762868013_592_Kluby-Gazety-Polskiej-juz-przy-Rondzie-Dmowskiego-Morze-bialo-czerwonych-flag.webp.webp\"  data- data-eio-rwidth=\"960\" data-eio-rheight=\"720\"><img decoding=\"async\" width=\"960\" height=\"720\" data-id=\"62568\" src=\"https:\/\/www.pogotowieflagowe.pl\/aktualne\/wp-content\/uploads\/2025\/11\/1762868013_592_Kluby-Gazety-Polskiej-juz-przy-Rondzie-Dmowskiego-Morze-bialo-czerwonych-flag.webp.webp\" alt=\"\" class=\"wp-image-62568\"   data-eio=\"l\"><\/figure>\n<figure class=\"wp-block-image size-large\"><img decoding=\"async\" width=\"1365\" height=\"720\" data-id=\"62565\" alt=\"\" class=\"wp-image-62565 lazyload\" src=\"https:\/\/www.pogotowieflagowe.pl\/aktualne\/wp-content\/uploads\/2025\/11\/1762868014_403_Kluby-Gazety-Polskiej-juz-przy-Rondzie-Dmowskiego-Morze-bialo-czerwonych-flag.webp.webp\"  data- data-eio-rwidth=\"1365\" data-eio-rheight=\"720\"><img decoding=\"async\" width=\"1365\" height=\"720\" data-id=\"62565\" src=\"https:\/\/www.pogotowieflagowe.pl\/aktualne\/wp-content\/uploads\/2025\/11\/1762868014_403_Kluby-Gazety-Polskiej-juz-przy-Rondzie-Dmowskiego-Morze-bialo-czerwonych-flag.webp.webp\" alt=\"\" class=\"wp-image-62565\"   data-eio=\"l\"><\/figure>\n<figure class=\"wp-block-image size-large\"><img decoding=\"async\" width=\"1280\" height=\"720\" data-id=\"62566\" alt=\"\" class=\"wp-image-62566 lazyload\" src=\"https:\/\/www.pogotowieflagowe.pl\/aktualne\/wp-content\/uploads\/2025\/11\/1762868014_983_Kluby-Gazety-Polskiej-juz-przy-Rondzie-Dmowskiego-Morze-bialo-czerwonych-flag.webp.webp\"  data- data-eio-rwidth=\"1280\" data-eio-rheight=\"720\"><img decoding=\"async\" width=\"1280\" height=\"720\" data-id=\"62566\" src=\"https:\/\/www.pogotowieflagowe.pl\/aktualne\/wp-content\/uploads\/2025\/11\/1762868014_983_Kluby-Gazety-Polskiej-juz-przy-Rondzie-Dmowskiego-Morze-bialo-czerwonych-flag.webp.webp\" alt=\"\" class=\"wp-image-62566\"   data-eio=\"l\"><\/figure>\n<figure class=\"wp-block-image size-large\"><img decoding=\"async\" width=\"1280\" height=\"720\" data-id=\"62569\" alt=\"\" class=\"wp-image-62569 lazyload\" src=\"https:\/\/www.pogotowieflagowe.pl\/aktualne\/wp-content\/uploads\/2025\/11\/1762868015_910_Kluby-Gazety-Polskiej-juz-przy-Rondzie-Dmowskiego-Morze-bialo-czerwonych-flag.webp.webp\"  data- data-eio-rwidth=\"1280\" data-eio-rheight=\"720\"><img decoding=\"async\" width=\"1280\" height=\"720\" data-id=\"62569\" src=\"https:\/\/www.pogotowieflagowe.pl\/aktualne\/wp-content\/uploads\/2025\/11\/1762868015_910_Kluby-Gazety-Polskiej-juz-przy-Rondzie-Dmowskiego-Morze-bialo-czerwonych-flag.webp.webp\" alt=\"\" class=\"wp-image-62569\"   data-eio=\"l\"><\/figure>\n<figure class=\"wp-block-image size-large\"><img decoding=\"async\" width=\"1280\" height=\"720\" data-id=\"62567\" alt=\"\" class=\"wp-image-62567 lazyload\" src=\"https:\/\/www.pogotowieflagowe.pl\/aktualne\/wp-content\/uploads\/2025\/11\/1762868016_924_Kluby-Gazety-Polskiej-juz-przy-Rondzie-Dmowskiego-Morze-bialo-czerwonych-flag.webp.webp\"  data- data-eio-rwidth=\"1280\" data-eio-rheight=\"720\"><img decoding=\"async\" width=\"1280\" height=\"720\" data-id=\"62567\" src=\"https:\/\/www.pogotowieflagowe.pl\/aktualne\/wp-content\/uploads\/2025\/11\/1762868016_924_Kluby-Gazety-Polskiej-juz-przy-Rondzie-Dmowskiego-Morze-bialo-czerwonych-flag.webp.webp\" alt=\"\" class=\"wp-image-62567\"   data-eio=\"l\"><\/figure>\n<\/figure>\n<p>The <em>Narodowy Dzie\u0144 Niepodleg\u0142o\u015bci<\/em>obchodzone 11 listopada to jedno z tych \u015bwi\u0105t narodowych, kt\u00f3re w wielu polskich miastach ciesz\u0105 si\u0119 wyj\u0105tkowym entuzjazmem. Jednak to w\u0142a\u015bnie w Warszawie <em>Marsz Niepodleg\u0142o\u015bci<\/em> organizowany jest regularnie od kilku lat.<\/p>\n<p>W tym roku wydarzenie patriotyczne obj\u0119te jest patronatem medialnym <em>Telewizja Republika<\/em> \u2013 oficjalnie, po raz pierwszy w historii.<\/p>\n<p>Jednak co roku zar\u00f3wno organizatorzy, jak i uczestnicy musz\u0105 stawi\u0107 czo\u0142a wrogo\u015bci w\u0142adz stolicy. Przypominamy, \u017ce w\u0142a\u015bnie w dniach 8-16 listopada na Dworcu Centralnym \u2013 i podobnie w metrze \u2013 prowadzone s\u0105 prace remontowe.<\/p>\n<h2 class=\"wp-block-heading\">Kluby ju\u017c w drodze! <\/h2>\n<p><iframe loading=\"lazy\" width=\"500\" height=\"729\" style=\"border:none;overflow:hidden\" scrolling=\"no\" frameborder=\"0\" allowfullscreen=\"true\" allow=\"autoplay; clipboard-write; encrypted-media; picture-in-picture; web-share\" data-src=\"https:\/\/www.facebook.com\/plugins\/post.php?href=https%3A%2F%2Fwww.facebook.com%2Fkluby.gazetypolskiej%2Fposts%2Fpfbid027HLEzFa7who9Bjmozz7vj1jVX6hsUwdg1Mh1MDwUYSVHdWPHsDRrA2quGQ684MCBl&amp;show_text=true&amp;width=500\" class=\"lazyload\"><\/iframe><\/p>\n<p>Mimo tych \u201eprzeszk\u00f3d\u201d <em>Gazeta Polska<\/em> Kluby ju\u017c jad\u0105 do Warszawy. Cz\u0142onkowie wsp\u00f3lnoty przy ul <em>Dom Wolno\u015bci S\u0142owa<\/em> Do stolicy zmierzaj\u0105 z r\u00f3\u017cnych stron Polski, a niekt\u00f3rzy ju\u017c tam s\u0105. Otrzymali\u015bmy pierwsze zdj\u0119cia! Oko\u0142o po\u0142udnia pierwsi cz\u0142onkowie klubu zebrali si\u0119 w hali <em>Gazeta Polska<\/em> Sektor klubowy przy rotundzie przy Rondzie Dmowskiego.<\/p>\n<figure class=\"wp-block-embed is-type-rich is-provider-twitter wp-block-embed-twitter\">\n<div class=\"wp-block-embed__wrapper\">\n<blockquote class=\"twitter-tweet\" data-width=\"550\" data-dnt=\"true\">\n<p lang=\"pl\" dir=\"ltr\">\ud83c\uddf5\ud83c\uddf1 <a rel=\"nofollow\" href=\"https:\/\/twitter.com\/KlubyGP?ref_src=twsrc%5Etfw\">@KlubyGP<\/a> gromadz\u0105 si\u0119 ju\u017c na Rondzie Dmowskiego. Zapraszamy b\u0105d\u017acie z nami! <a rel=\"nofollow\" href=\"https:\/\/twitter.com\/hashtag\/%C5%9Awi%C4%99toNiepodleg%C5%82o%C5%9Bci?src=hash&amp;ref_src=twsrc%5Etfw\">#\u015awi\u0119toNiepodleg\u0142o\u015bci<\/a> <a rel=\"nofollow\" href=\"https:\/\/twitter.com\/hashtag\/11listopada?src=hash&amp;ref_src=twsrc%5Etfw\">#11listopada<\/a> <a rel=\"nofollow\" href=\"https:\/\/twitter.com\/hashtag\/klubygp?src=hash&amp;ref_src=twsrc%5Etfw\">#klubygp<\/a> <a rel=\"nofollow\" href=\"https:\/\/t.co\/IPUfH6wLuT\">pic.twitter.com\/IPUfH6wLuT<\/a><\/p>\n<p>\u2014 Kluby \u201eGazety Polskiej\u201d (@KlubyGP) <a rel=\"nofollow\" href=\"https:\/\/twitter.com\/KlubyGP\/status\/1988206304981381535?ref_src=twsrc%5Etfw\">11 listopada 2025 r<\/a><\/p><\/blockquote>\n<\/div>\n<\/figure>\n<\/div>\n<\/div>\n<p><script async src=\"https:\/\/platform.twitter.com\/widgets.js\" charset=\"utf-8\"><\/script><\/p>\n","protected":false},"excerpt":{"rendered":"<p>Gazeta Polska Od wczesnych godzin porannych do Warszawy zje\u017cd\u017caj\u0105 kluby z ca\u0142ego kraju. Ich cel jest jeden \u2013 wsp\u00f3lnie wzi\u0105\u0107<\/p>\n","protected":false},"author":1,"featured_media":10432,"comment_status":"open","ping_status":"open","sticky":false,"template":"","format":"standard","meta":{"footnotes":""},"categories":[4748],"tags":[11909,11907,11910,3383,2031,2841,11908,652,2960,11906,3106],"class_list":["post-10431","post","type-post","status-publish","format-standard","has-post-thumbnail","hentry","category-aktualne","tag-bialoczerwonych","tag-dmowskiego","tag-flag","tag-gazety","tag-juz","tag-kluby","tag-morze","tag-polskiej","tag-przy","tag-rondzie","tag-zdjecia","generate-columns","tablet-grid-50","mobile-grid-100","grid-parent","grid-50","resize-featured-image"],"yoast_head":"<!-- This site is optimized with the Yoast SEO plugin v23.2 - https:\/\/yoast.com\/wordpress\/plugins\/seo\/ -->\n<title>Kluby Gazety Polskiej ju\u017c przy Rondzie Dmowskiego. Morze bia\u0142o-czerwonych flag (ZDJ\u0118CIA) - POGOTOWIE FLAGOWE\u00ae<\/title>\n<meta name=\"robots\" content=\"index, follow, max-snippet:-1, max-image-preview:large, max-video-preview:-1\" \/>\n<link rel=\"canonical\" href=\"https:\/\/www.pogotowieflagowe.pl\/aktualne\/kluby-gazety-polskiej-juz-przy-rondzie-dmowskiego-morze-bialo-czerwonych-flag-zdjecia\/\" \/>\n<meta property=\"og:locale\" content=\"pl_PL\" \/>\n<meta property=\"og:type\" content=\"article\" \/>\n<meta property=\"og:title\" content=\"Kluby Gazety Polskiej ju\u017c przy Rondzie Dmowskiego. Morze bia\u0142o-czerwonych flag (ZDJ\u0118CIA) - POGOTOWIE FLAGOWE\u00ae\" \/>\n<meta property=\"og:description\" content=\"Gazeta Polska Od wczesnych godzin porannych do Warszawy zje\u017cd\u017caj\u0105 kluby z ca\u0142ego kraju. Ich cel jest jeden \u2013 wsp\u00f3lnie wzi\u0105\u0107\" \/>\n<meta property=\"og:url\" content=\"https:\/\/www.pogotowieflagowe.pl\/aktualne\/kluby-gazety-polskiej-juz-przy-rondzie-dmowskiego-morze-bialo-czerwonych-flag-zdjecia\/\" \/>\n<meta property=\"og:site_name\" content=\"POGOTOWIE FLAGOWE\u00ae\" \/>\n<meta property=\"article:published_time\" content=\"2025-11-11T13:33:36+00:00\" \/>\n<meta property=\"article:modified_time\" content=\"2025-11-11T13:33:38+00:00\" \/>\n<meta property=\"og:image\" content=\"https:\/\/www.pogotowieflagowe.pl\/aktualne\/wp-content\/uploads\/2025\/11\/1762868014_403_Kluby-Gazety-Polskiej-juz-przy-Rondzie-Dmowskiego-Morze-bialo-czerwonych-flag.webp.webp\" \/>\n\t<meta property=\"og:image:width\" content=\"1365\" \/>\n\t<meta property=\"og:image:height\" content=\"720\" \/>\n\t<meta property=\"og:image:type\" content=\"image\/webp\" \/>\n<meta name=\"author\" content=\"Filip\" \/>\n<meta name=\"twitter:card\" content=\"summary_large_image\" \/>\n<meta name=\"twitter:label1\" content=\"Napisane przez\" \/>\n\t<meta name=\"twitter:data1\" content=\"Filip\" \/>\n\t<meta name=\"twitter:label2\" content=\"Szacowany czas czytania\" \/>\n\t<meta name=\"twitter:data2\" content=\"1 minuta\" \/>\n<script type=\"application\/ld+json\" class=\"yoast-schema-graph\">{\"@context\":\"https:\/\/schema.org\",\"@graph\":[{\"@type\":\"Article\",\"@id\":\"https:\/\/www.pogotowieflagowe.pl\/aktualne\/kluby-gazety-polskiej-juz-przy-rondzie-dmowskiego-morze-bialo-czerwonych-flag-zdjecia\/#article\",\"isPartOf\":{\"@id\":\"https:\/\/www.pogotowieflagowe.pl\/aktualne\/kluby-gazety-polskiej-juz-przy-rondzie-dmowskiego-morze-bialo-czerwonych-flag-zdjecia\/\"},\"author\":{\"name\":\"Filip\",\"@id\":\"https:\/\/www.pogotowieflagowe.pl\/aktualne\/#\/schema\/person\/9c2fb7d2362ebf6fa088960d7f0d27b0\"},\"headline\":\"Kluby Gazety Polskiej ju\u017c przy Rondzie Dmowskiego. Morze bia\u0142o-czerwonych flag (ZDJ\u0118CIA)\",\"datePublished\":\"2025-11-11T13:33:36+00:00\",\"dateModified\":\"2025-11-11T13:33:38+00:00\",\"mainEntityOfPage\":{\"@id\":\"https:\/\/www.pogotowieflagowe.pl\/aktualne\/kluby-gazety-polskiej-juz-przy-rondzie-dmowskiego-morze-bialo-czerwonych-flag-zdjecia\/\"},\"wordCount\":256,\"commentCount\":0,\"publisher\":{\"@id\":\"https:\/\/www.pogotowieflagowe.pl\/aktualne\/#organization\"},\"image\":{\"@id\":\"https:\/\/www.pogotowieflagowe.pl\/aktualne\/kluby-gazety-polskiej-juz-przy-rondzie-dmowskiego-morze-bialo-czerwonych-flag-zdjecia\/#primaryimage\"},\"thumbnailUrl\":\"https:\/\/www.pogotowieflagowe.pl\/aktualne\/wp-content\/uploads\/2025\/11\/1762868014_403_Kluby-Gazety-Polskiej-juz-przy-Rondzie-Dmowskiego-Morze-bialo-czerwonych-flag.webp.webp\",\"keywords\":[\"bia\u0142oczerwonych\",\"Dmowskiego\",\"flag\",\"Gazety\",\"ju\u017c\",\"kluby\",\"Morze\",\"polskiej\",\"przy\",\"Rondzie\",\"zdj\u0119cia\"],\"articleSection\":[\"Aktualne\"],\"inLanguage\":\"pl-PL\",\"potentialAction\":[{\"@type\":\"CommentAction\",\"name\":\"Comment\",\"target\":[\"https:\/\/www.pogotowieflagowe.pl\/aktualne\/kluby-gazety-polskiej-juz-przy-rondzie-dmowskiego-morze-bialo-czerwonych-flag-zdjecia\/#respond\"]}]},{\"@type\":\"WebPage\",\"@id\":\"https:\/\/www.pogotowieflagowe.pl\/aktualne\/kluby-gazety-polskiej-juz-przy-rondzie-dmowskiego-morze-bialo-czerwonych-flag-zdjecia\/\",\"url\":\"https:\/\/www.pogotowieflagowe.pl\/aktualne\/kluby-gazety-polskiej-juz-przy-rondzie-dmowskiego-morze-bialo-czerwonych-flag-zdjecia\/\",\"name\":\"Kluby Gazety Polskiej ju\u017c przy Rondzie Dmowskiego. Morze bia\u0142o-czerwonych flag (ZDJ\u0118CIA) - POGOTOWIE FLAGOWE\u00ae\",\"isPartOf\":{\"@id\":\"https:\/\/www.pogotowieflagowe.pl\/aktualne\/#website\"},\"primaryImageOfPage\":{\"@id\":\"https:\/\/www.pogotowieflagowe.pl\/aktualne\/kluby-gazety-polskiej-juz-przy-rondzie-dmowskiego-morze-bialo-czerwonych-flag-zdjecia\/#primaryimage\"},\"image\":{\"@id\":\"https:\/\/www.pogotowieflagowe.pl\/aktualne\/kluby-gazety-polskiej-juz-przy-rondzie-dmowskiego-morze-bialo-czerwonych-flag-zdjecia\/#primaryimage\"},\"thumbnailUrl\":\"https:\/\/www.pogotowieflagowe.pl\/aktualne\/wp-content\/uploads\/2025\/11\/1762868014_403_Kluby-Gazety-Polskiej-juz-przy-Rondzie-Dmowskiego-Morze-bialo-czerwonych-flag.webp.webp\",\"datePublished\":\"2025-11-11T13:33:36+00:00\",\"dateModified\":\"2025-11-11T13:33:38+00:00\",\"breadcrumb\":{\"@id\":\"https:\/\/www.pogotowieflagowe.pl\/aktualne\/kluby-gazety-polskiej-juz-przy-rondzie-dmowskiego-morze-bialo-czerwonych-flag-zdjecia\/#breadcrumb\"},\"inLanguage\":\"pl-PL\",\"potentialAction\":[{\"@type\":\"ReadAction\",\"target\":[\"https:\/\/www.pogotowieflagowe.pl\/aktualne\/kluby-gazety-polskiej-juz-przy-rondzie-dmowskiego-morze-bialo-czerwonych-flag-zdjecia\/\"]}]},{\"@type\":\"ImageObject\",\"inLanguage\":\"pl-PL\",\"@id\":\"https:\/\/www.pogotowieflagowe.pl\/aktualne\/kluby-gazety-polskiej-juz-przy-rondzie-dmowskiego-morze-bialo-czerwonych-flag-zdjecia\/#primaryimage\",\"url\":\"https:\/\/www.pogotowieflagowe.pl\/aktualne\/wp-content\/uploads\/2025\/11\/1762868014_403_Kluby-Gazety-Polskiej-juz-przy-Rondzie-Dmowskiego-Morze-bialo-czerwonych-flag.webp.webp\",\"contentUrl\":\"https:\/\/www.pogotowieflagowe.pl\/aktualne\/wp-content\/uploads\/2025\/11\/1762868014_403_Kluby-Gazety-Polskiej-juz-przy-Rondzie-Dmowskiego-Morze-bialo-czerwonych-flag.webp.webp\",\"width\":1365,\"height\":720,\"caption\":\"Kluby Gazety Polskiej ju\u017c przy Rondzie Dmowskiego. Morze bia\u0142o-czerwonych flag (ZDJ\u0118CIA)\"},{\"@type\":\"BreadcrumbList\",\"@id\":\"https:\/\/www.pogotowieflagowe.pl\/aktualne\/kluby-gazety-polskiej-juz-przy-rondzie-dmowskiego-morze-bialo-czerwonych-flag-zdjecia\/#breadcrumb\",\"itemListElement\":[{\"@type\":\"ListItem\",\"position\":1,\"name\":\"Home\",\"item\":\"https:\/\/www.pogotowieflagowe.pl\/aktualne\/\"},{\"@type\":\"ListItem\",\"position\":2,\"name\":\"Kluby Gazety Polskiej ju\u017c przy Rondzie Dmowskiego. Morze bia\u0142o-czerwonych flag (ZDJ\u0118CIA)\"}]},{\"@type\":\"WebSite\",\"@id\":\"https:\/\/www.pogotowieflagowe.pl\/aktualne\/#website\",\"url\":\"https:\/\/www.pogotowieflagowe.pl\/aktualne\/\",\"name\":\"POGOTOWIE FLAGOWE\u00ae\",\"description\":\"\",\"publisher\":{\"@id\":\"https:\/\/www.pogotowieflagowe.pl\/aktualne\/#organization\"},\"potentialAction\":[{\"@type\":\"SearchAction\",\"target\":{\"@type\":\"EntryPoint\",\"urlTemplate\":\"https:\/\/www.pogotowieflagowe.pl\/aktualne\/?s={search_term_string}\"},\"query-input\":\"required name=search_term_string\"}],\"inLanguage\":\"pl-PL\"},{\"@type\":\"Organization\",\"@id\":\"https:\/\/www.pogotowieflagowe.pl\/aktualne\/#organization\",\"name\":\"POGOTOWIE FLAGOWE\u00ae\",\"url\":\"https:\/\/www.pogotowieflagowe.pl\/aktualne\/\",\"logo\":{\"@type\":\"ImageObject\",\"inLanguage\":\"pl-PL\",\"@id\":\"https:\/\/www.pogotowieflagowe.pl\/aktualne\/#\/schema\/logo\/image\/\",\"url\":\"https:\/\/www.pogotowieflagowe.pl\/aktualne\/wp-content\/uploads\/2024\/08\/cropped-pogotowieflagowe_flaga_projekt_sm.jpg\",\"contentUrl\":\"https:\/\/www.pogotowieflagowe.pl\/aktualne\/wp-content\/uploads\/2024\/08\/cropped-pogotowieflagowe_flaga_projekt_sm.jpg\",\"width\":250,\"height\":143,\"caption\":\"POGOTOWIE FLAGOWE\u00ae\"},\"image\":{\"@id\":\"https:\/\/www.pogotowieflagowe.pl\/aktualne\/#\/schema\/logo\/image\/\"}},{\"@type\":\"Person\",\"@id\":\"https:\/\/www.pogotowieflagowe.pl\/aktualne\/#\/schema\/person\/9c2fb7d2362ebf6fa088960d7f0d27b0\",\"name\":\"Filip\",\"image\":{\"@type\":\"ImageObject\",\"inLanguage\":\"pl-PL\",\"@id\":\"https:\/\/www.pogotowieflagowe.pl\/aktualne\/#\/schema\/person\/image\/\",\"url\":\"https:\/\/www.pogotowieflagowe.pl\/aktualne\/wp-content\/uploads\/2024\/08\/pogotowieflagowe.pl_.jpg\",\"contentUrl\":\"https:\/\/www.pogotowieflagowe.pl\/aktualne\/wp-content\/uploads\/2024\/08\/pogotowieflagowe.pl_.jpg\",\"caption\":\"Filip\"},\"description\":\"Jestem Filip, polski dziennikarz z dyplomem nauk politycznych Uniwersytetu Warszawskiego. Rozpoczynaj\u0105c swoj\u0105 karier\u0119 w r\u00f3\u017cnych lokalnych mediach, zdoby\u0142em solidne do\u015bwiadczenie w zakresie \u015bledztwa i redakcji. Obecnie jako redaktor w Pogotowie flagowe, staram si\u0119 dostarcza\u0107 dog\u0142\u0119bne i istotne analizy na temat najwa\u017cniejszych kwestii aktualno\u015bci, \u0142\u0105cz\u0105c rygor z pasj\u0105 dziennikarsk\u0105.\",\"sameAs\":[\"https:\/\/www.pogotowieflagowe.pl\/\"]}]}<\/script>\n<!-- \/ Yoast SEO plugin. -->","yoast_head_json":{"title":"Kluby Gazety Polskiej ju\u017c przy Rondzie Dmowskiego. Morze bia\u0142o-czerwonych flag (ZDJ\u0118CIA) - POGOTOWIE FLAGOWE\u00ae","robots":{"index":"index","follow":"follow","max-snippet":"max-snippet:-1","max-image-preview":"max-image-preview:large","max-video-preview":"max-video-preview:-1"},"canonical":"https:\/\/www.pogotowieflagowe.pl\/aktualne\/kluby-gazety-polskiej-juz-przy-rondzie-dmowskiego-morze-bialo-czerwonych-flag-zdjecia\/","og_locale":"pl_PL","og_type":"article","og_title":"Kluby Gazety Polskiej ju\u017c przy Rondzie Dmowskiego. Morze bia\u0142o-czerwonych flag (ZDJ\u0118CIA) - POGOTOWIE FLAGOWE\u00ae","og_description":"Gazeta Polska Od wczesnych godzin porannych do Warszawy zje\u017cd\u017caj\u0105 kluby z ca\u0142ego kraju. Ich cel jest jeden \u2013 wsp\u00f3lnie wzi\u0105\u0107","og_url":"https:\/\/www.pogotowieflagowe.pl\/aktualne\/kluby-gazety-polskiej-juz-przy-rondzie-dmowskiego-morze-bialo-czerwonych-flag-zdjecia\/","og_site_name":"POGOTOWIE FLAGOWE\u00ae","article_published_time":"2025-11-11T13:33:36+00:00","article_modified_time":"2025-11-11T13:33:38+00:00","og_image":[{"width":1365,"height":720,"url":"https:\/\/www.pogotowieflagowe.pl\/aktualne\/wp-content\/uploads\/2025\/11\/1762868014_403_Kluby-Gazety-Polskiej-juz-przy-Rondzie-Dmowskiego-Morze-bialo-czerwonych-flag.webp.webp","type":"image\/webp"}],"author":"Filip","twitter_card":"summary_large_image","twitter_misc":{"Napisane przez":"Filip","Szacowany czas czytania":"1 minuta"},"schema":{"@context":"https:\/\/schema.org","@graph":[{"@type":"Article","@id":"https:\/\/www.pogotowieflagowe.pl\/aktualne\/kluby-gazety-polskiej-juz-przy-rondzie-dmowskiego-morze-bialo-czerwonych-flag-zdjecia\/#article","isPartOf":{"@id":"https:\/\/www.pogotowieflagowe.pl\/aktualne\/kluby-gazety-polskiej-juz-przy-rondzie-dmowskiego-morze-bialo-czerwonych-flag-zdjecia\/"},"author":{"name":"Filip","@id":"https:\/\/www.pogotowieflagowe.pl\/aktualne\/#\/schema\/person\/9c2fb7d2362ebf6fa088960d7f0d27b0"},"headline":"Kluby Gazety Polskiej ju\u017c przy Rondzie Dmowskiego. Morze bia\u0142o-czerwonych flag (ZDJ\u0118CIA)","datePublished":"2025-11-11T13:33:36+00:00","dateModified":"2025-11-11T13:33:38+00:00","mainEntityOfPage":{"@id":"https:\/\/www.pogotowieflagowe.pl\/aktualne\/kluby-gazety-polskiej-juz-przy-rondzie-dmowskiego-morze-bialo-czerwonych-flag-zdjecia\/"},"wordCount":256,"commentCount":0,"publisher":{"@id":"https:\/\/www.pogotowieflagowe.pl\/aktualne\/#organization"},"image":{"@id":"https:\/\/www.pogotowieflagowe.pl\/aktualne\/kluby-gazety-polskiej-juz-przy-rondzie-dmowskiego-morze-bialo-czerwonych-flag-zdjecia\/#primaryimage"},"thumbnailUrl":"https:\/\/www.pogotowieflagowe.pl\/aktualne\/wp-content\/uploads\/2025\/11\/1762868014_403_Kluby-Gazety-Polskiej-juz-przy-Rondzie-Dmowskiego-Morze-bialo-czerwonych-flag.webp.webp","keywords":["bia\u0142oczerwonych","Dmowskiego","flag","Gazety","ju\u017c","kluby","Morze","polskiej","przy","Rondzie","zdj\u0119cia"],"articleSection":["Aktualne"],"inLanguage":"pl-PL","potentialAction":[{"@type":"CommentAction","name":"Comment","target":["https:\/\/www.pogotowieflagowe.pl\/aktualne\/kluby-gazety-polskiej-juz-przy-rondzie-dmowskiego-morze-bialo-czerwonych-flag-zdjecia\/#respond"]}]},{"@type":"WebPage","@id":"https:\/\/www.pogotowieflagowe.pl\/aktualne\/kluby-gazety-polskiej-juz-przy-rondzie-dmowskiego-morze-bialo-czerwonych-flag-zdjecia\/","url":"https:\/\/www.pogotowieflagowe.pl\/aktualne\/kluby-gazety-polskiej-juz-przy-rondzie-dmowskiego-morze-bialo-czerwonych-flag-zdjecia\/","name":"Kluby Gazety Polskiej ju\u017c przy Rondzie Dmowskiego. Morze bia\u0142o-czerwonych flag (ZDJ\u0118CIA) - POGOTOWIE FLAGOWE\u00ae","isPartOf":{"@id":"https:\/\/www.pogotowieflagowe.pl\/aktualne\/#website"},"primaryImageOfPage":{"@id":"https:\/\/www.pogotowieflagowe.pl\/aktualne\/kluby-gazety-polskiej-juz-przy-rondzie-dmowskiego-morze-bialo-czerwonych-flag-zdjecia\/#primaryimage"},"image":{"@id":"https:\/\/www.pogotowieflagowe.pl\/aktualne\/kluby-gazety-polskiej-juz-przy-rondzie-dmowskiego-morze-bialo-czerwonych-flag-zdjecia\/#primaryimage"},"thumbnailUrl":"https:\/\/www.pogotowieflagowe.pl\/aktualne\/wp-content\/uploads\/2025\/11\/1762868014_403_Kluby-Gazety-Polskiej-juz-przy-Rondzie-Dmowskiego-Morze-bialo-czerwonych-flag.webp.webp","datePublished":"2025-11-11T13:33:36+00:00","dateModified":"2025-11-11T13:33:38+00:00","breadcrumb":{"@id":"https:\/\/www.pogotowieflagowe.pl\/aktualne\/kluby-gazety-polskiej-juz-przy-rondzie-dmowskiego-morze-bialo-czerwonych-flag-zdjecia\/#breadcrumb"},"inLanguage":"pl-PL","potentialAction":[{"@type":"ReadAction","target":["https:\/\/www.pogotowieflagowe.pl\/aktualne\/kluby-gazety-polskiej-juz-przy-rondzie-dmowskiego-morze-bialo-czerwonych-flag-zdjecia\/"]}]},{"@type":"ImageObject","inLanguage":"pl-PL","@id":"https:\/\/www.pogotowieflagowe.pl\/aktualne\/kluby-gazety-polskiej-juz-przy-rondzie-dmowskiego-morze-bialo-czerwonych-flag-zdjecia\/#primaryimage","url":"https:\/\/www.pogotowieflagowe.pl\/aktualne\/wp-content\/uploads\/2025\/11\/1762868014_403_Kluby-Gazety-Polskiej-juz-przy-Rondzie-Dmowskiego-Morze-bialo-czerwonych-flag.webp.webp","contentUrl":"https:\/\/www.pogotowieflagowe.pl\/aktualne\/wp-content\/uploads\/2025\/11\/1762868014_403_Kluby-Gazety-Polskiej-juz-przy-Rondzie-Dmowskiego-Morze-bialo-czerwonych-flag.webp.webp","width":1365,"height":720,"caption":"Kluby Gazety Polskiej ju\u017c przy Rondzie Dmowskiego. Morze bia\u0142o-czerwonych flag (ZDJ\u0118CIA)"},{"@type":"BreadcrumbList","@id":"https:\/\/www.pogotowieflagowe.pl\/aktualne\/kluby-gazety-polskiej-juz-przy-rondzie-dmowskiego-morze-bialo-czerwonych-flag-zdjecia\/#breadcrumb","itemListElement":[{"@type":"ListItem","position":1,"name":"Home","item":"https:\/\/www.pogotowieflagowe.pl\/aktualne\/"},{"@type":"ListItem","position":2,"name":"Kluby Gazety Polskiej ju\u017c przy Rondzie Dmowskiego. Morze bia\u0142o-czerwonych flag (ZDJ\u0118CIA)"}]},{"@type":"WebSite","@id":"https:\/\/www.pogotowieflagowe.pl\/aktualne\/#website","url":"https:\/\/www.pogotowieflagowe.pl\/aktualne\/","name":"POGOTOWIE FLAGOWE\u00ae","description":"","publisher":{"@id":"https:\/\/www.pogotowieflagowe.pl\/aktualne\/#organization"},"potentialAction":[{"@type":"SearchAction","target":{"@type":"EntryPoint","urlTemplate":"https:\/\/www.pogotowieflagowe.pl\/aktualne\/?s={search_term_string}"},"query-input":"required name=search_term_string"}],"inLanguage":"pl-PL"},{"@type":"Organization","@id":"https:\/\/www.pogotowieflagowe.pl\/aktualne\/#organization","name":"POGOTOWIE FLAGOWE\u00ae","url":"https:\/\/www.pogotowieflagowe.pl\/aktualne\/","logo":{"@type":"ImageObject","inLanguage":"pl-PL","@id":"https:\/\/www.pogotowieflagowe.pl\/aktualne\/#\/schema\/logo\/image\/","url":"https:\/\/www.pogotowieflagowe.pl\/aktualne\/wp-content\/uploads\/2024\/08\/cropped-pogotowieflagowe_flaga_projekt_sm.jpg","contentUrl":"https:\/\/www.pogotowieflagowe.pl\/aktualne\/wp-content\/uploads\/2024\/08\/cropped-pogotowieflagowe_flaga_projekt_sm.jpg","width":250,"height":143,"caption":"POGOTOWIE FLAGOWE\u00ae"},"image":{"@id":"https:\/\/www.pogotowieflagowe.pl\/aktualne\/#\/schema\/logo\/image\/"}},{"@type":"Person","@id":"https:\/\/www.pogotowieflagowe.pl\/aktualne\/#\/schema\/person\/9c2fb7d2362ebf6fa088960d7f0d27b0","name":"Filip","image":{"@type":"ImageObject","inLanguage":"pl-PL","@id":"https:\/\/www.pogotowieflagowe.pl\/aktualne\/#\/schema\/person\/image\/","url":"https:\/\/www.pogotowieflagowe.pl\/aktualne\/wp-content\/uploads\/2024\/08\/pogotowieflagowe.pl_.jpg","contentUrl":"https:\/\/www.pogotowieflagowe.pl\/aktualne\/wp-content\/uploads\/2024\/08\/pogotowieflagowe.pl_.jpg","caption":"Filip"},"description":"Jestem Filip, polski dziennikarz z dyplomem nauk politycznych Uniwersytetu Warszawskiego. Rozpoczynaj\u0105c swoj\u0105 karier\u0119 w r\u00f3\u017cnych lokalnych mediach, zdoby\u0142em solidne do\u015bwiadczenie w zakresie \u015bledztwa i redakcji. Obecnie jako redaktor w Pogotowie flagowe, staram si\u0119 dostarcza\u0107 dog\u0142\u0119bne i istotne analizy na temat najwa\u017cniejszych kwestii aktualno\u015bci, \u0142\u0105cz\u0105c rygor z pasj\u0105 dziennikarsk\u0105.","sameAs":["https:\/\/www.pogotowieflagowe.pl\/"]}]}},"_links":{"self":[{"href":"https:\/\/www.pogotowieflagowe.pl\/aktualne\/wp-json\/wp\/v2\/posts\/10431","targetHints":{"allow":["GET"]}}],"collection":[{"href":"https:\/\/www.pogotowieflagowe.pl\/aktualne\/wp-json\/wp\/v2\/posts"}],"about":[{"href":"https:\/\/www.pogotowieflagowe.pl\/aktualne\/wp-json\/wp\/v2\/types\/post"}],"author":[{"embeddable":true,"href":"https:\/\/www.pogotowieflagowe.pl\/aktualne\/wp-json\/wp\/v2\/users\/1"}],"replies":[{"embeddable":true,"href":"https:\/\/www.pogotowieflagowe.pl\/aktualne\/wp-json\/wp\/v2\/comments?post=10431"}],"version-history":[{"count":1,"href":"https:\/\/www.pogotowieflagowe.pl\/aktualne\/wp-json\/wp\/v2\/posts\/10431\/revisions"}],"predecessor-version":[{"id":10433,"href":"https:\/\/www.pogotowieflagowe.pl\/aktualne\/wp-json\/wp\/v2\/posts\/10431\/revisions\/10433"}],"wp:featuredmedia":[{"embeddable":true,"href":"https:\/\/www.pogotowieflagowe.pl\/aktualne\/wp-json\/wp\/v2\/media\/10432"}],"wp:attachment":[{"href":"https:\/\/www.pogotowieflagowe.pl\/aktualne\/wp-json\/wp\/v2\/media?parent=10431"}],"wp:term":[{"taxonomy":"category","embeddable":true,"href":"https:\/\/www.pogotowieflagowe.pl\/aktualne\/wp-json\/wp\/v2\/categories?post=10431"},{"taxonomy":"post_tag","embeddable":true,"href":"https:\/\/www.pogotowieflagowe.pl\/aktualne\/wp-json\/wp\/v2\/tags?post=10431"}],"curies":[{"name":"wp","href":"https:\/\/api.w.org\/{rel}","templated":true}]}}