{"id":10434,"date":"2025-11-11T15:04:05","date_gmt":"2025-11-11T14:04:05","guid":{"rendered":"https:\/\/www.pogotowieflagowe.pl\/aktualne\/poruszyl-narod-swoim-gestem-siedem-lat-temu-teraz-spelnil-swoje-marzenie-i-uslyszala-go-cala-polska\/"},"modified":"2025-11-11T15:04:06","modified_gmt":"2025-11-11T14:04:06","slug":"poruszyl-narod-swoim-gestem-siedem-lat-temu-teraz-spelnil-swoje-marzenie-i-uslyszala-go-cala-polska","status":"publish","type":"post","link":"https:\/\/www.pogotowieflagowe.pl\/aktualne\/poruszyl-narod-swoim-gestem-siedem-lat-temu-teraz-spelnil-swoje-marzenie-i-uslyszala-go-cala-polska\/","title":{"rendered":"Poruszy\u0142 nar\u00f3d swoim gestem siedem lat temu. Teraz spe\u0142ni\u0142 swoje marzenie i us\u0142ysza\u0142a go ca\u0142a Polska"},"content":{"rendered":"\n<div class=\"td_block_wrap tdb_single_content tdi_41 td-pb-border-top td_block_template_8 td-post-content tagdiv-type\" data-td-block-uid=\"tdi_41\">\n<style>.tdi_41{margines-top:0px!important;margin-bottom:0px!important;dope\u0142nienie-g\u00f3ra:0px!important;dope\u0142nienie-d\u00f3\u0142:0px!important}<\/style>\n<style>.tdb_single_content{margin-bottom:0;*zoom:1}.tdb_single_content:before,.tdb_single_content:after{display:table;content:'';line-height:0}.tdb_single_content:after{clear:both}.tdb_single_content .tdb-block-inner>*:not(.wp-block-quote):not(.alignwide):not(.alignfull.wp-block-cover.has-parallax):not(.td-a-ad){margin-left:auto;margin-right:auto}.tdb_single_content a{pointer-events:auto}.tdb_single_content .td-spot-id-top_ad .tdc-placeholder-title:before{content:'Najlepsza reklama artyku\u0142u'!important}.tdb_single_content .td-spot-id-inline_ad0 .tdc-placeholder-title:before{content:'Reklama wbudowana artyku\u0142u 1'!important}.tdb_single_content .td-spot-id-inline_ad1 .tdc-placeholder-title:before{content:'Wbudowana reklama w artykule 2'!important}.tdb_single_content .td-spot-id-inline_ad2 .tdc-placeholder-title:before{content:'Wbudowana reklama w artykule 3'!important}.tdb_single_content .td-spot-id-bottom_ad .tdc-placeholder-title:before{content:'Article Bottom Ad'!important}.tdb_single_content .id_top_ad,.tdb_single_content .id_bottom_ad{clear:both;margin-bottom:21px;text-align:center}.tdb_single_content .id_top_ad img,.tdb_single_content .id_bottom_ad img{margin-bottom:0}.tdb_single_content .id_top_ad .adsbygoogle,.tdb_single_content .id_bottom_ad .adsbygoogle{position:relative}.tdb_single_content .id_ad_content-horiz-left,.tdb_single_content .id_ad_content-horiz-right,.tdb_single_content .id_ad_content-horiz-center{margin-bottom:15px}.tdb_single_content .id_ad_content-horiz-left img,.tdb_single_content .id_ad_content-horiz-right img,.tdb_single_content .id_ad_content-horiz-center img{margin-bottom:0}.tdb_single_content .id_ad_content-horiz-center{text-align:center}.tdb_single_content .id_ad_content-horiz-center img{margin-right:auto;margin-left:auto}.tdb_single_content .id_ad_content-horiz-left{float:left;margin-top:9px;margin-right:21px}.tdb_single_content .id_ad_content-horiz-right{float:right;margin-top:6px;margin-left:21px}.tdb_single_content .tdc-a-ad .tdc-placeholder-title{width:300px;height:250px}.tdb_single_content .tdc-a-ad .tdc-placeholder-title:before{position:absolute;top:50%;-webkit-transform:translateY(-50%);transform:translateY(-50%);margin:auto;display:table;width:100%}.tdb_single_content .tdb-block-inner.td-fix-index{word-break:break-word}.tdi_41,.tdi_41>p,.tdi_41 .tdb-block-inner>p,.wp-block-column>p{font-size:16px!important;line-height:1.6!important}.tdi_41 .tdb-block-inner blockquote p{font-style:normal!important}@media (max-width:767px){.tdb_single_content .id_ad_content-horiz-left,.tdb_single_content .id_ad_content-horiz-right,.tdb_single_content .id_ad_content-horiz-center{margin:0 auto 26 pikseli auto}}@media (max-width:767px){.tdb_single_content .id_ad_content-horiz-left{margin-right:0}}@media (max-width:767px){.tdb_single_content .id_ad_content-horiz-right{margin-left:0}}@media (max-width:767px){.tdb_single_content .td-a-ad{float:none;text-align:center}.tdb_single_content .td-a-ad img{margin-right:auto;margin-left:auto}.tdb_single_content .tdc-a-ad{float:none}}<\/style>\n<div class=\"tdb-block-inner td-fix-index\">\n<p><strong>&#8222;B\u0119dziesz kocha\u0142 Polsk\u0119 t\u0105 mi\u0142o\u015bci\u0105, jak\u0105 oddajesz najpierw Bogu. B\u0119dziesz kocha\u0142 J\u0105 bardziej ni\u017c siebie samego&#8221;<\/strong> \u2013 wyrecytowa\u0142a 15-latka w Narodowe \u015awi\u0119to Niepodleg\u0142o\u015bci przed Pa\u0142acem Prezydenckim w Warszawie. The <em>Kancelaria Prezydenta<\/em> (<em>KPRP<\/em>) sprawi\u0142, \u017ce us\u0142ysza\u0142a go ca\u0142a Polska.<\/p>\n<p>Kilka lat temu m\u0142ody Oliwier Sobczuk stan\u0105\u0142 przed Urz\u0119dem Miasta w Zamo\u015bciu podczas obchod\u00f3w \u015awi\u0119ta Niepodleg\u0142o\u015bci 2017 i wyrecytowa\u0142 wiersz Zofii Kossak-Szczuckiej <em>Dekalog Polaka<\/em>.<\/p>\n<figure class=\"wp-block-embed is-type-video is-provider-youtube wp-block-embed-youtube wp-embed-aspect-16-9 wp-has-aspect-ratio\">\n<div class=\"wp-block-embed__wrapper\">\n<div class=\"youtube-embed\" data-video_id=\"hJG-GC5lg5g\"><iframe title=\"Oliwier Sobczuk - Dekalog Polaka\" width=\"1200\" height=\"675\" src=\"https:\/\/www.youtube.com\/embed\/hJG-GC5lg5g?feature=oembed\" frameborder=\"0\" allow=\"accelerometer; autoplay; clipboard-write; encrypted-media; gyroscope; picture-in-picture; web-share\" referrerpolicy=\"strict-origin-when-cross-origin\" allowfullscreen><\/iframe><\/div>\n<\/div>\n<\/figure>\n<p>Sw\u00f3j wzruszaj\u0105cy gest postanowi\u0142 powt\u00f3rzy\u0107 w Warszawie, w szczeg\u00f3lnie symbolicznym miejscu. <strong>\u201eDzisiaj, 11 listopada, chcia\u0142bym przedstawi\u0107 <em>Dekalog Polaka<\/em> tutaj, przed Pa\u0142acem Prezydenckim\u201d<\/strong> powiedzia\u0142.<\/p>\n<p>Obecnie 15-letni Oliwier jest uczniem szko\u0142y mundurowej. <strong>\u201eKiedy ca\u0142a Polska \u015bwi\u0119tuje nasz\u0105 niepodleg\u0142o\u015b\u0107, moje marzenie si\u0119 spe\u0142ni\u0142o\u201d<\/strong> \u2013 powiedzia\u0142a nastolatka na nagraniu.<\/p>\n<p>Jak wskazano na koncie prowadzonym przez pracownik\u00f3w firmy <em>Kancelaria Prezydenta Karola Nawrockiego<\/em>matka ch\u0142opca zwr\u00f3ci\u0142a si\u0119 do nich z \u017cyczeniem <em>Dekalog Polaka<\/em> aby us\u0142ysza\u0142a ca\u0142a Polska.<\/p>\n<hr class=\"wp-block-separator has-alpha-channel-opacity\">\n<p>Pe\u0142ny tekst Zofii Kossak-Szczuckiej <em>Dekalog Polaka<\/em><\/p>\n<p>Jestem Polsk\u0105, wasz\u0105 Ojczyzn\u0105, ziemi\u0105 waszych Ojc\u00f3w, z kt\u00f3rej wyro\u015bli\u015bcie.<br \/>Wszystko, czym jeste\u015b, po Bogu, zawdzi\u0119czasz mnie.<\/p>\n<ol class=\"wp-block-list\">\n<li>Nie b\u0119dziesz mia\u0142 nade mn\u0105 ziemskiej mi\u0142o\u015bci.<\/li>\n<li>Nie b\u0119dziesz wzywa\u0142 imienia Polski dla w\u0142asnej chwa\u0142y, kariery i nagrody.<\/li>\n<li>Pami\u0119tajcie, aby bez wahania odda\u0107 Polsce sw\u00f3j maj\u0105tek, swoje osobiste szcz\u0119\u015bcie i swoje \u017cycie.<\/li>\n<li>Czcij Polsk\u0119, swoj\u0105 Ojczyzn\u0119, jak w\u0142asn\u0105 matk\u0119.<\/li>\n<li>Walcz niestrudzenie z wrogami Polski \u2013 do ostatniego tchnienia, do ostatniej kropli krwi w Twoich \u017cy\u0142ach.<\/li>\n<li>Walcz z w\u0142asn\u0105 wygod\u0105 i tch\u00f3rzostwem. Pami\u0119tajcie, \u017ce tch\u00f3rz nie mo\u017ce by\u0107 Polakiem.<\/li>\n<li>Nie okazujcie lito\u015bci zdrajcom polskiego imienia.<\/li>\n<li>Zawsze i wsz\u0119dzie odwa\u017cnie deklaruj, \u017ce jeste\u015b Polakiem.<\/li>\n<li>Nie pozw\u00f3lcie nikomu w\u0105tpi\u0107 w Polsk\u0119.<\/li>\n<li>Nie pozw\u00f3lcie nikomu obra\u017ca\u0107 Polski, umniejsza\u0107 Jej wielko\u015bci, Jej osi\u0105gni\u0119\u0107 i Jej Kr\u00f3lewskiej Mo\u015bci.<\/li>\n<\/ol>\n<p>B\u0119dziesz kocha\u0107 Polsk\u0119 t\u0105 mi\u0142o\u015bci\u0105, kt\u00f3r\u0105 dajesz przede wszystkim Bogu.<br \/>B\u0119dziesz kocha\u0142 J\u0105 bardziej ni\u017c siebie.<\/p>\n<figure class=\"wp-block-embed is-type-rich is-provider-twitter wp-block-embed-twitter\">\n<div class=\"wp-block-embed__wrapper\">\n<blockquote class=\"twitter-tweet\" data-width=\"550\" data-dnt=\"true\">\n<p lang=\"pl\" dir=\"ltr\">Kilka dni temu napisa\u0142em do nas Mama Oliwiera z Zamo\u015bcia. Przes\u0142a\u0142a plik wideo z 2018 roku, na kt\u00f3rym znajduje si\u0119 ma\u0142y Oliwier z przej\u0119tym recytuje \u201eDekalog Polaka\u201d. Dzi\u015b jest uczniem klasy mundurowej. Mari\u0142, aby \u201eDekalog \ud83c\uddf5\ud83c\uddf1\u201d us\u0142ysza\u0142a ca\u0142\u0105 Polsk\u0105. Pomogli\u015bmy \ud83d\ude0e<br \/>Pos\u0142uchaj \u2935\ufe0f\ud83e\udee1\ud83c\uddf5\ud83c\uddf1 <a rel=\"nofollow\" href=\"https:\/\/t.co\/he5fbCZ87u\">pic.twitter.com\/he5fbCZ87u<\/a><\/p>\n<p>\u2014 Po pierwsze Polska (@Po1Polska) <a rel=\"nofollow\" href=\"https:\/\/twitter.com\/Po1Polska\/status\/1988190430849302982?ref_src=twsrc%5Etfw\">11 listopada 2025 r<\/a><\/p><\/blockquote>\n<\/div>\n<\/figure>\n<\/div>\n<\/div>\n<p><script async src=\"https:\/\/platform.twitter.com\/widgets.js\" charset=\"utf-8\"><\/script><\/p>\n","protected":false},"excerpt":{"rendered":"<p>&#8222;B\u0119dziesz kocha\u0142 Polsk\u0119 t\u0105 mi\u0142o\u015bci\u0105, jak\u0105 oddajesz najpierw Bogu. B\u0119dziesz kocha\u0142 J\u0105 bardziej ni\u017c siebie samego&#8221; \u2013 wyrecytowa\u0142a 15-latka w<\/p>\n","protected":false},"author":1,"featured_media":10435,"comment_status":"open","ping_status":"open","sticky":false,"template":"","format":"standard","meta":{"footnotes":""},"categories":[4748],"tags":[6421,7955,688,4613,806,4,11911,9830,10666,4487,2904,225,1334,6840],"class_list":["post-10434","post","type-post","status-publish","format-standard","has-post-thumbnail","hentry","category-aktualne","tag-cala","tag-gestem","tag-lat","tag-marzenie","tag-narod","tag-polska","tag-poruszyl","tag-siedem","tag-spelnil","tag-swoim","tag-swoje","tag-temu","tag-teraz","tag-uslyszala","generate-columns","tablet-grid-50","mobile-grid-100","grid-parent","grid-50","resize-featured-image"],"yoast_head":"<!-- This site is optimized with the Yoast SEO plugin v23.2 - https:\/\/yoast.com\/wordpress\/plugins\/seo\/ -->\n<title>Poruszy\u0142 nar\u00f3d swoim gestem siedem lat temu. Teraz spe\u0142ni\u0142 swoje marzenie i us\u0142ysza\u0142a go ca\u0142a Polska - POGOTOWIE FLAGOWE\u00ae<\/title>\n<meta name=\"robots\" content=\"index, follow, max-snippet:-1, max-image-preview:large, max-video-preview:-1\" \/>\n<link rel=\"canonical\" href=\"https:\/\/www.pogotowieflagowe.pl\/aktualne\/poruszyl-narod-swoim-gestem-siedem-lat-temu-teraz-spelnil-swoje-marzenie-i-uslyszala-go-cala-polska\/\" \/>\n<meta property=\"og:locale\" content=\"pl_PL\" \/>\n<meta property=\"og:type\" content=\"article\" \/>\n<meta property=\"og:title\" content=\"Poruszy\u0142 nar\u00f3d swoim gestem siedem lat temu. Teraz spe\u0142ni\u0142 swoje marzenie i us\u0142ysza\u0142a go ca\u0142a Polska - POGOTOWIE FLAGOWE\u00ae\" \/>\n<meta property=\"og:description\" content=\"&#8222;B\u0119dziesz kocha\u0142 Polsk\u0119 t\u0105 mi\u0142o\u015bci\u0105, jak\u0105 oddajesz najpierw Bogu. B\u0119dziesz kocha\u0142 J\u0105 bardziej ni\u017c siebie samego&#8221; \u2013 wyrecytowa\u0142a 15-latka w\" \/>\n<meta property=\"og:url\" content=\"https:\/\/www.pogotowieflagowe.pl\/aktualne\/poruszyl-narod-swoim-gestem-siedem-lat-temu-teraz-spelnil-swoje-marzenie-i-uslyszala-go-cala-polska\/\" \/>\n<meta property=\"og:site_name\" content=\"POGOTOWIE FLAGOWE\u00ae\" \/>\n<meta property=\"article:published_time\" content=\"2025-11-11T14:04:05+00:00\" \/>\n<meta property=\"article:modified_time\" content=\"2025-11-11T14:04:06+00:00\" \/>\n<meta property=\"og:image\" content=\"https:\/\/www.pogotowieflagowe.pl\/aktualne\/wp-content\/uploads\/2025\/11\/Poruszyl-narod-swoim-gestem-siedem-lat-temu-Teraz-spelnil-swoje.webp.webp\" \/>\n\t<meta property=\"og:image:width\" content=\"1280\" \/>\n\t<meta property=\"og:image:height\" content=\"720\" \/>\n\t<meta property=\"og:image:type\" content=\"image\/webp\" \/>\n<meta name=\"author\" content=\"Filip\" \/>\n<meta name=\"twitter:card\" content=\"summary_large_image\" \/>\n<meta name=\"twitter:label1\" content=\"Napisane przez\" \/>\n\t<meta name=\"twitter:data1\" content=\"Filip\" \/>\n\t<meta name=\"twitter:label2\" content=\"Szacowany czas czytania\" \/>\n\t<meta name=\"twitter:data2\" content=\"2 minuty\" \/>\n<script type=\"application\/ld+json\" class=\"yoast-schema-graph\">{\"@context\":\"https:\/\/schema.org\",\"@graph\":[{\"@type\":\"Article\",\"@id\":\"https:\/\/www.pogotowieflagowe.pl\/aktualne\/poruszyl-narod-swoim-gestem-siedem-lat-temu-teraz-spelnil-swoje-marzenie-i-uslyszala-go-cala-polska\/#article\",\"isPartOf\":{\"@id\":\"https:\/\/www.pogotowieflagowe.pl\/aktualne\/poruszyl-narod-swoim-gestem-siedem-lat-temu-teraz-spelnil-swoje-marzenie-i-uslyszala-go-cala-polska\/\"},\"author\":{\"name\":\"Filip\",\"@id\":\"https:\/\/www.pogotowieflagowe.pl\/aktualne\/#\/schema\/person\/9c2fb7d2362ebf6fa088960d7f0d27b0\"},\"headline\":\"Poruszy\u0142 nar\u00f3d swoim gestem siedem lat temu. Teraz spe\u0142ni\u0142 swoje marzenie i us\u0142ysza\u0142a go ca\u0142a Polska\",\"datePublished\":\"2025-11-11T14:04:05+00:00\",\"dateModified\":\"2025-11-11T14:04:06+00:00\",\"mainEntityOfPage\":{\"@id\":\"https:\/\/www.pogotowieflagowe.pl\/aktualne\/poruszyl-narod-swoim-gestem-siedem-lat-temu-teraz-spelnil-swoje-marzenie-i-uslyszala-go-cala-polska\/\"},\"wordCount\":441,\"commentCount\":0,\"publisher\":{\"@id\":\"https:\/\/www.pogotowieflagowe.pl\/aktualne\/#organization\"},\"image\":{\"@id\":\"https:\/\/www.pogotowieflagowe.pl\/aktualne\/poruszyl-narod-swoim-gestem-siedem-lat-temu-teraz-spelnil-swoje-marzenie-i-uslyszala-go-cala-polska\/#primaryimage\"},\"thumbnailUrl\":\"https:\/\/www.pogotowieflagowe.pl\/aktualne\/wp-content\/uploads\/2025\/11\/Poruszyl-narod-swoim-gestem-siedem-lat-temu-Teraz-spelnil-swoje.webp.webp\",\"keywords\":[\"ca\u0142\u0105\",\"gestem\",\"lat\",\"Marzenie\",\"nar\u00f3d\",\"polska\",\"Poruszy\u0142\",\"siedem\",\"spe\u0142ni\u0142\",\"swoim\",\"swoje\",\"temu\",\"Teraz\",\"us\u0142ysza\u0142a\"],\"articleSection\":[\"Aktualne\"],\"inLanguage\":\"pl-PL\",\"potentialAction\":[{\"@type\":\"CommentAction\",\"name\":\"Comment\",\"target\":[\"https:\/\/www.pogotowieflagowe.pl\/aktualne\/poruszyl-narod-swoim-gestem-siedem-lat-temu-teraz-spelnil-swoje-marzenie-i-uslyszala-go-cala-polska\/#respond\"]}]},{\"@type\":\"WebPage\",\"@id\":\"https:\/\/www.pogotowieflagowe.pl\/aktualne\/poruszyl-narod-swoim-gestem-siedem-lat-temu-teraz-spelnil-swoje-marzenie-i-uslyszala-go-cala-polska\/\",\"url\":\"https:\/\/www.pogotowieflagowe.pl\/aktualne\/poruszyl-narod-swoim-gestem-siedem-lat-temu-teraz-spelnil-swoje-marzenie-i-uslyszala-go-cala-polska\/\",\"name\":\"Poruszy\u0142 nar\u00f3d swoim gestem siedem lat temu. Teraz spe\u0142ni\u0142 swoje marzenie i us\u0142ysza\u0142a go ca\u0142a Polska - POGOTOWIE FLAGOWE\u00ae\",\"isPartOf\":{\"@id\":\"https:\/\/www.pogotowieflagowe.pl\/aktualne\/#website\"},\"primaryImageOfPage\":{\"@id\":\"https:\/\/www.pogotowieflagowe.pl\/aktualne\/poruszyl-narod-swoim-gestem-siedem-lat-temu-teraz-spelnil-swoje-marzenie-i-uslyszala-go-cala-polska\/#primaryimage\"},\"image\":{\"@id\":\"https:\/\/www.pogotowieflagowe.pl\/aktualne\/poruszyl-narod-swoim-gestem-siedem-lat-temu-teraz-spelnil-swoje-marzenie-i-uslyszala-go-cala-polska\/#primaryimage\"},\"thumbnailUrl\":\"https:\/\/www.pogotowieflagowe.pl\/aktualne\/wp-content\/uploads\/2025\/11\/Poruszyl-narod-swoim-gestem-siedem-lat-temu-Teraz-spelnil-swoje.webp.webp\",\"datePublished\":\"2025-11-11T14:04:05+00:00\",\"dateModified\":\"2025-11-11T14:04:06+00:00\",\"breadcrumb\":{\"@id\":\"https:\/\/www.pogotowieflagowe.pl\/aktualne\/poruszyl-narod-swoim-gestem-siedem-lat-temu-teraz-spelnil-swoje-marzenie-i-uslyszala-go-cala-polska\/#breadcrumb\"},\"inLanguage\":\"pl-PL\",\"potentialAction\":[{\"@type\":\"ReadAction\",\"target\":[\"https:\/\/www.pogotowieflagowe.pl\/aktualne\/poruszyl-narod-swoim-gestem-siedem-lat-temu-teraz-spelnil-swoje-marzenie-i-uslyszala-go-cala-polska\/\"]}]},{\"@type\":\"ImageObject\",\"inLanguage\":\"pl-PL\",\"@id\":\"https:\/\/www.pogotowieflagowe.pl\/aktualne\/poruszyl-narod-swoim-gestem-siedem-lat-temu-teraz-spelnil-swoje-marzenie-i-uslyszala-go-cala-polska\/#primaryimage\",\"url\":\"https:\/\/www.pogotowieflagowe.pl\/aktualne\/wp-content\/uploads\/2025\/11\/Poruszyl-narod-swoim-gestem-siedem-lat-temu-Teraz-spelnil-swoje.webp.webp\",\"contentUrl\":\"https:\/\/www.pogotowieflagowe.pl\/aktualne\/wp-content\/uploads\/2025\/11\/Poruszyl-narod-swoim-gestem-siedem-lat-temu-Teraz-spelnil-swoje.webp.webp\",\"width\":1280,\"height\":720,\"caption\":\"Poruszy\u0142 nar\u00f3d swoim gestem siedem lat temu. Teraz spe\u0142ni\u0142 swoje marzenie i us\u0142ysza\u0142a go ca\u0142a Polska\"},{\"@type\":\"BreadcrumbList\",\"@id\":\"https:\/\/www.pogotowieflagowe.pl\/aktualne\/poruszyl-narod-swoim-gestem-siedem-lat-temu-teraz-spelnil-swoje-marzenie-i-uslyszala-go-cala-polska\/#breadcrumb\",\"itemListElement\":[{\"@type\":\"ListItem\",\"position\":1,\"name\":\"Home\",\"item\":\"https:\/\/www.pogotowieflagowe.pl\/aktualne\/\"},{\"@type\":\"ListItem\",\"position\":2,\"name\":\"Poruszy\u0142 nar\u00f3d swoim gestem siedem lat temu. Teraz spe\u0142ni\u0142 swoje marzenie i us\u0142ysza\u0142a go ca\u0142a Polska\"}]},{\"@type\":\"WebSite\",\"@id\":\"https:\/\/www.pogotowieflagowe.pl\/aktualne\/#website\",\"url\":\"https:\/\/www.pogotowieflagowe.pl\/aktualne\/\",\"name\":\"POGOTOWIE FLAGOWE\u00ae\",\"description\":\"\",\"publisher\":{\"@id\":\"https:\/\/www.pogotowieflagowe.pl\/aktualne\/#organization\"},\"potentialAction\":[{\"@type\":\"SearchAction\",\"target\":{\"@type\":\"EntryPoint\",\"urlTemplate\":\"https:\/\/www.pogotowieflagowe.pl\/aktualne\/?s={search_term_string}\"},\"query-input\":\"required name=search_term_string\"}],\"inLanguage\":\"pl-PL\"},{\"@type\":\"Organization\",\"@id\":\"https:\/\/www.pogotowieflagowe.pl\/aktualne\/#organization\",\"name\":\"POGOTOWIE FLAGOWE\u00ae\",\"url\":\"https:\/\/www.pogotowieflagowe.pl\/aktualne\/\",\"logo\":{\"@type\":\"ImageObject\",\"inLanguage\":\"pl-PL\",\"@id\":\"https:\/\/www.pogotowieflagowe.pl\/aktualne\/#\/schema\/logo\/image\/\",\"url\":\"https:\/\/www.pogotowieflagowe.pl\/aktualne\/wp-content\/uploads\/2024\/08\/cropped-pogotowieflagowe_flaga_projekt_sm.jpg\",\"contentUrl\":\"https:\/\/www.pogotowieflagowe.pl\/aktualne\/wp-content\/uploads\/2024\/08\/cropped-pogotowieflagowe_flaga_projekt_sm.jpg\",\"width\":250,\"height\":143,\"caption\":\"POGOTOWIE FLAGOWE\u00ae\"},\"image\":{\"@id\":\"https:\/\/www.pogotowieflagowe.pl\/aktualne\/#\/schema\/logo\/image\/\"}},{\"@type\":\"Person\",\"@id\":\"https:\/\/www.pogotowieflagowe.pl\/aktualne\/#\/schema\/person\/9c2fb7d2362ebf6fa088960d7f0d27b0\",\"name\":\"Filip\",\"image\":{\"@type\":\"ImageObject\",\"inLanguage\":\"pl-PL\",\"@id\":\"https:\/\/www.pogotowieflagowe.pl\/aktualne\/#\/schema\/person\/image\/\",\"url\":\"https:\/\/www.pogotowieflagowe.pl\/aktualne\/wp-content\/uploads\/2024\/08\/pogotowieflagowe.pl_.jpg\",\"contentUrl\":\"https:\/\/www.pogotowieflagowe.pl\/aktualne\/wp-content\/uploads\/2024\/08\/pogotowieflagowe.pl_.jpg\",\"caption\":\"Filip\"},\"description\":\"Jestem Filip, polski dziennikarz z dyplomem nauk politycznych Uniwersytetu Warszawskiego. Rozpoczynaj\u0105c swoj\u0105 karier\u0119 w r\u00f3\u017cnych lokalnych mediach, zdoby\u0142em solidne do\u015bwiadczenie w zakresie \u015bledztwa i redakcji. Obecnie jako redaktor w Pogotowie flagowe, staram si\u0119 dostarcza\u0107 dog\u0142\u0119bne i istotne analizy na temat najwa\u017cniejszych kwestii aktualno\u015bci, \u0142\u0105cz\u0105c rygor z pasj\u0105 dziennikarsk\u0105.\",\"sameAs\":[\"https:\/\/www.pogotowieflagowe.pl\/\"]}]}<\/script>\n<!-- \/ Yoast SEO plugin. -->","yoast_head_json":{"title":"Poruszy\u0142 nar\u00f3d swoim gestem siedem lat temu. Teraz spe\u0142ni\u0142 swoje marzenie i us\u0142ysza\u0142a go ca\u0142a Polska - POGOTOWIE FLAGOWE\u00ae","robots":{"index":"index","follow":"follow","max-snippet":"max-snippet:-1","max-image-preview":"max-image-preview:large","max-video-preview":"max-video-preview:-1"},"canonical":"https:\/\/www.pogotowieflagowe.pl\/aktualne\/poruszyl-narod-swoim-gestem-siedem-lat-temu-teraz-spelnil-swoje-marzenie-i-uslyszala-go-cala-polska\/","og_locale":"pl_PL","og_type":"article","og_title":"Poruszy\u0142 nar\u00f3d swoim gestem siedem lat temu. Teraz spe\u0142ni\u0142 swoje marzenie i us\u0142ysza\u0142a go ca\u0142a Polska - POGOTOWIE FLAGOWE\u00ae","og_description":"&#8222;B\u0119dziesz kocha\u0142 Polsk\u0119 t\u0105 mi\u0142o\u015bci\u0105, jak\u0105 oddajesz najpierw Bogu. B\u0119dziesz kocha\u0142 J\u0105 bardziej ni\u017c siebie samego&#8221; \u2013 wyrecytowa\u0142a 15-latka w","og_url":"https:\/\/www.pogotowieflagowe.pl\/aktualne\/poruszyl-narod-swoim-gestem-siedem-lat-temu-teraz-spelnil-swoje-marzenie-i-uslyszala-go-cala-polska\/","og_site_name":"POGOTOWIE FLAGOWE\u00ae","article_published_time":"2025-11-11T14:04:05+00:00","article_modified_time":"2025-11-11T14:04:06+00:00","og_image":[{"width":1280,"height":720,"url":"https:\/\/www.pogotowieflagowe.pl\/aktualne\/wp-content\/uploads\/2025\/11\/Poruszyl-narod-swoim-gestem-siedem-lat-temu-Teraz-spelnil-swoje.webp.webp","type":"image\/webp"}],"author":"Filip","twitter_card":"summary_large_image","twitter_misc":{"Napisane przez":"Filip","Szacowany czas czytania":"2 minuty"},"schema":{"@context":"https:\/\/schema.org","@graph":[{"@type":"Article","@id":"https:\/\/www.pogotowieflagowe.pl\/aktualne\/poruszyl-narod-swoim-gestem-siedem-lat-temu-teraz-spelnil-swoje-marzenie-i-uslyszala-go-cala-polska\/#article","isPartOf":{"@id":"https:\/\/www.pogotowieflagowe.pl\/aktualne\/poruszyl-narod-swoim-gestem-siedem-lat-temu-teraz-spelnil-swoje-marzenie-i-uslyszala-go-cala-polska\/"},"author":{"name":"Filip","@id":"https:\/\/www.pogotowieflagowe.pl\/aktualne\/#\/schema\/person\/9c2fb7d2362ebf6fa088960d7f0d27b0"},"headline":"Poruszy\u0142 nar\u00f3d swoim gestem siedem lat temu. Teraz spe\u0142ni\u0142 swoje marzenie i us\u0142ysza\u0142a go ca\u0142a Polska","datePublished":"2025-11-11T14:04:05+00:00","dateModified":"2025-11-11T14:04:06+00:00","mainEntityOfPage":{"@id":"https:\/\/www.pogotowieflagowe.pl\/aktualne\/poruszyl-narod-swoim-gestem-siedem-lat-temu-teraz-spelnil-swoje-marzenie-i-uslyszala-go-cala-polska\/"},"wordCount":441,"commentCount":0,"publisher":{"@id":"https:\/\/www.pogotowieflagowe.pl\/aktualne\/#organization"},"image":{"@id":"https:\/\/www.pogotowieflagowe.pl\/aktualne\/poruszyl-narod-swoim-gestem-siedem-lat-temu-teraz-spelnil-swoje-marzenie-i-uslyszala-go-cala-polska\/#primaryimage"},"thumbnailUrl":"https:\/\/www.pogotowieflagowe.pl\/aktualne\/wp-content\/uploads\/2025\/11\/Poruszyl-narod-swoim-gestem-siedem-lat-temu-Teraz-spelnil-swoje.webp.webp","keywords":["ca\u0142\u0105","gestem","lat","Marzenie","nar\u00f3d","polska","Poruszy\u0142","siedem","spe\u0142ni\u0142","swoim","swoje","temu","Teraz","us\u0142ysza\u0142a"],"articleSection":["Aktualne"],"inLanguage":"pl-PL","potentialAction":[{"@type":"CommentAction","name":"Comment","target":["https:\/\/www.pogotowieflagowe.pl\/aktualne\/poruszyl-narod-swoim-gestem-siedem-lat-temu-teraz-spelnil-swoje-marzenie-i-uslyszala-go-cala-polska\/#respond"]}]},{"@type":"WebPage","@id":"https:\/\/www.pogotowieflagowe.pl\/aktualne\/poruszyl-narod-swoim-gestem-siedem-lat-temu-teraz-spelnil-swoje-marzenie-i-uslyszala-go-cala-polska\/","url":"https:\/\/www.pogotowieflagowe.pl\/aktualne\/poruszyl-narod-swoim-gestem-siedem-lat-temu-teraz-spelnil-swoje-marzenie-i-uslyszala-go-cala-polska\/","name":"Poruszy\u0142 nar\u00f3d swoim gestem siedem lat temu. Teraz spe\u0142ni\u0142 swoje marzenie i us\u0142ysza\u0142a go ca\u0142a Polska - POGOTOWIE FLAGOWE\u00ae","isPartOf":{"@id":"https:\/\/www.pogotowieflagowe.pl\/aktualne\/#website"},"primaryImageOfPage":{"@id":"https:\/\/www.pogotowieflagowe.pl\/aktualne\/poruszyl-narod-swoim-gestem-siedem-lat-temu-teraz-spelnil-swoje-marzenie-i-uslyszala-go-cala-polska\/#primaryimage"},"image":{"@id":"https:\/\/www.pogotowieflagowe.pl\/aktualne\/poruszyl-narod-swoim-gestem-siedem-lat-temu-teraz-spelnil-swoje-marzenie-i-uslyszala-go-cala-polska\/#primaryimage"},"thumbnailUrl":"https:\/\/www.pogotowieflagowe.pl\/aktualne\/wp-content\/uploads\/2025\/11\/Poruszyl-narod-swoim-gestem-siedem-lat-temu-Teraz-spelnil-swoje.webp.webp","datePublished":"2025-11-11T14:04:05+00:00","dateModified":"2025-11-11T14:04:06+00:00","breadcrumb":{"@id":"https:\/\/www.pogotowieflagowe.pl\/aktualne\/poruszyl-narod-swoim-gestem-siedem-lat-temu-teraz-spelnil-swoje-marzenie-i-uslyszala-go-cala-polska\/#breadcrumb"},"inLanguage":"pl-PL","potentialAction":[{"@type":"ReadAction","target":["https:\/\/www.pogotowieflagowe.pl\/aktualne\/poruszyl-narod-swoim-gestem-siedem-lat-temu-teraz-spelnil-swoje-marzenie-i-uslyszala-go-cala-polska\/"]}]},{"@type":"ImageObject","inLanguage":"pl-PL","@id":"https:\/\/www.pogotowieflagowe.pl\/aktualne\/poruszyl-narod-swoim-gestem-siedem-lat-temu-teraz-spelnil-swoje-marzenie-i-uslyszala-go-cala-polska\/#primaryimage","url":"https:\/\/www.pogotowieflagowe.pl\/aktualne\/wp-content\/uploads\/2025\/11\/Poruszyl-narod-swoim-gestem-siedem-lat-temu-Teraz-spelnil-swoje.webp.webp","contentUrl":"https:\/\/www.pogotowieflagowe.pl\/aktualne\/wp-content\/uploads\/2025\/11\/Poruszyl-narod-swoim-gestem-siedem-lat-temu-Teraz-spelnil-swoje.webp.webp","width":1280,"height":720,"caption":"Poruszy\u0142 nar\u00f3d swoim gestem siedem lat temu. Teraz spe\u0142ni\u0142 swoje marzenie i us\u0142ysza\u0142a go ca\u0142a Polska"},{"@type":"BreadcrumbList","@id":"https:\/\/www.pogotowieflagowe.pl\/aktualne\/poruszyl-narod-swoim-gestem-siedem-lat-temu-teraz-spelnil-swoje-marzenie-i-uslyszala-go-cala-polska\/#breadcrumb","itemListElement":[{"@type":"ListItem","position":1,"name":"Home","item":"https:\/\/www.pogotowieflagowe.pl\/aktualne\/"},{"@type":"ListItem","position":2,"name":"Poruszy\u0142 nar\u00f3d swoim gestem siedem lat temu. Teraz spe\u0142ni\u0142 swoje marzenie i us\u0142ysza\u0142a go ca\u0142a Polska"}]},{"@type":"WebSite","@id":"https:\/\/www.pogotowieflagowe.pl\/aktualne\/#website","url":"https:\/\/www.pogotowieflagowe.pl\/aktualne\/","name":"POGOTOWIE FLAGOWE\u00ae","description":"","publisher":{"@id":"https:\/\/www.pogotowieflagowe.pl\/aktualne\/#organization"},"potentialAction":[{"@type":"SearchAction","target":{"@type":"EntryPoint","urlTemplate":"https:\/\/www.pogotowieflagowe.pl\/aktualne\/?s={search_term_string}"},"query-input":"required name=search_term_string"}],"inLanguage":"pl-PL"},{"@type":"Organization","@id":"https:\/\/www.pogotowieflagowe.pl\/aktualne\/#organization","name":"POGOTOWIE FLAGOWE\u00ae","url":"https:\/\/www.pogotowieflagowe.pl\/aktualne\/","logo":{"@type":"ImageObject","inLanguage":"pl-PL","@id":"https:\/\/www.pogotowieflagowe.pl\/aktualne\/#\/schema\/logo\/image\/","url":"https:\/\/www.pogotowieflagowe.pl\/aktualne\/wp-content\/uploads\/2024\/08\/cropped-pogotowieflagowe_flaga_projekt_sm.jpg","contentUrl":"https:\/\/www.pogotowieflagowe.pl\/aktualne\/wp-content\/uploads\/2024\/08\/cropped-pogotowieflagowe_flaga_projekt_sm.jpg","width":250,"height":143,"caption":"POGOTOWIE FLAGOWE\u00ae"},"image":{"@id":"https:\/\/www.pogotowieflagowe.pl\/aktualne\/#\/schema\/logo\/image\/"}},{"@type":"Person","@id":"https:\/\/www.pogotowieflagowe.pl\/aktualne\/#\/schema\/person\/9c2fb7d2362ebf6fa088960d7f0d27b0","name":"Filip","image":{"@type":"ImageObject","inLanguage":"pl-PL","@id":"https:\/\/www.pogotowieflagowe.pl\/aktualne\/#\/schema\/person\/image\/","url":"https:\/\/www.pogotowieflagowe.pl\/aktualne\/wp-content\/uploads\/2024\/08\/pogotowieflagowe.pl_.jpg","contentUrl":"https:\/\/www.pogotowieflagowe.pl\/aktualne\/wp-content\/uploads\/2024\/08\/pogotowieflagowe.pl_.jpg","caption":"Filip"},"description":"Jestem Filip, polski dziennikarz z dyplomem nauk politycznych Uniwersytetu Warszawskiego. Rozpoczynaj\u0105c swoj\u0105 karier\u0119 w r\u00f3\u017cnych lokalnych mediach, zdoby\u0142em solidne do\u015bwiadczenie w zakresie \u015bledztwa i redakcji. Obecnie jako redaktor w Pogotowie flagowe, staram si\u0119 dostarcza\u0107 dog\u0142\u0119bne i istotne analizy na temat najwa\u017cniejszych kwestii aktualno\u015bci, \u0142\u0105cz\u0105c rygor z pasj\u0105 dziennikarsk\u0105.","sameAs":["https:\/\/www.pogotowieflagowe.pl\/"]}]}},"_links":{"self":[{"href":"https:\/\/www.pogotowieflagowe.pl\/aktualne\/wp-json\/wp\/v2\/posts\/10434","targetHints":{"allow":["GET"]}}],"collection":[{"href":"https:\/\/www.pogotowieflagowe.pl\/aktualne\/wp-json\/wp\/v2\/posts"}],"about":[{"href":"https:\/\/www.pogotowieflagowe.pl\/aktualne\/wp-json\/wp\/v2\/types\/post"}],"author":[{"embeddable":true,"href":"https:\/\/www.pogotowieflagowe.pl\/aktualne\/wp-json\/wp\/v2\/users\/1"}],"replies":[{"embeddable":true,"href":"https:\/\/www.pogotowieflagowe.pl\/aktualne\/wp-json\/wp\/v2\/comments?post=10434"}],"version-history":[{"count":1,"href":"https:\/\/www.pogotowieflagowe.pl\/aktualne\/wp-json\/wp\/v2\/posts\/10434\/revisions"}],"predecessor-version":[{"id":10436,"href":"https:\/\/www.pogotowieflagowe.pl\/aktualne\/wp-json\/wp\/v2\/posts\/10434\/revisions\/10436"}],"wp:featuredmedia":[{"embeddable":true,"href":"https:\/\/www.pogotowieflagowe.pl\/aktualne\/wp-json\/wp\/v2\/media\/10435"}],"wp:attachment":[{"href":"https:\/\/www.pogotowieflagowe.pl\/aktualne\/wp-json\/wp\/v2\/media?parent=10434"}],"wp:term":[{"taxonomy":"category","embeddable":true,"href":"https:\/\/www.pogotowieflagowe.pl\/aktualne\/wp-json\/wp\/v2\/categories?post=10434"},{"taxonomy":"post_tag","embeddable":true,"href":"https:\/\/www.pogotowieflagowe.pl\/aktualne\/wp-json\/wp\/v2\/tags?post=10434"}],"curies":[{"name":"wp","href":"https:\/\/api.w.org\/{rel}","templated":true}]}}