{"id":10440,"date":"2025-11-11T19:12:35","date_gmt":"2025-11-11T18:12:35","guid":{"rendered":"https:\/\/www.pogotowieflagowe.pl\/aktualne\/miasto-warszawa-nie-pomoglo-uczestnikom-marszu-niepodleglosci-zapelnione-stacje-metra-i-pociagi\/"},"modified":"2025-11-11T19:12:37","modified_gmt":"2025-11-11T18:12:37","slug":"miasto-warszawa-nie-pomoglo-uczestnikom-marszu-niepodleglosci-zapelnione-stacje-metra-i-pociagi","status":"publish","type":"post","link":"https:\/\/www.pogotowieflagowe.pl\/aktualne\/miasto-warszawa-nie-pomoglo-uczestnikom-marszu-niepodleglosci-zapelnione-stacje-metra-i-pociagi\/","title":{"rendered":"Miasto Warszawa nie pomog\u0142o uczestnikom Marszu Niepodleg\u0142o\u015bci. Zape\u0142nione stacje metra i poci\u0105gi!"},"content":{"rendered":"\n<div class=\"td_block_wrap tdb_single_content tdi_41 td-pb-border-top td_block_template_8 td-post-content tagdiv-type\" data-td-block-uid=\"tdi_41\">\n<style>.tdi_41{margines-top:0px!important;margin-bottom:0px!important;dope\u0142nienie-g\u00f3ra:0px!important;dope\u0142nienie-d\u00f3\u0142:0px!important}<\/style>\n<style>.tdb_single_content{margin-bottom:0;*zoom:1}.tdb_single_content:before,.tdb_single_content:after{display:table;content:'';line-height:0}.tdb_single_content:after{clear:both}.tdb_single_content .tdb-block-inner>*:not(.wp-block-quote):not(.alignwide):not(.alignfull.wp-block-cover.has-parallax):not(.td-a-ad){margin-left:auto;margin-right:auto}.tdb_single_content a{pointer-events:auto}.tdb_single_content .td-spot-id-top_ad .tdc-placeholder-title:before{content:'Najlepsza reklama artyku\u0142u'!important}.tdb_single_content .td-spot-id-inline_ad0 .tdc-placeholder-title:before{content:'Reklama wbudowana artyku\u0142u 1'!important}.tdb_single_content .td-spot-id-inline_ad1 .tdc-placeholder-title:before{content:'Wbudowana reklama w artykule 2'!important}.tdb_single_content .td-spot-id-inline_ad2 .tdc-placeholder-title:before{content:'Wbudowana reklama w artykule 3'!important}.tdb_single_content .td-spot-id-bottom_ad .tdc-placeholder-title:before{content:'Article Bottom Ad'!important}.tdb_single_content .id_top_ad,.tdb_single_content .id_bottom_ad{clear:both;margin-bottom:21px;text-align:center}.tdb_single_content .id_top_ad img,.tdb_single_content .id_bottom_ad img{margin-bottom:0}.tdb_single_content .id_top_ad .adsbygoogle,.tdb_single_content .id_bottom_ad .adsbygoogle{position:relative}.tdb_single_content .id_ad_content-horiz-left,.tdb_single_content .id_ad_content-horiz-right,.tdb_single_content .id_ad_content-horiz-center{margin-bottom:15px}.tdb_single_content .id_ad_content-horiz-left img,.tdb_single_content .id_ad_content-horiz-right img,.tdb_single_content .id_ad_content-horiz-center img{margin-bottom:0}.tdb_single_content .id_ad_content-horiz-center{text-align:center}.tdb_single_content .id_ad_content-horiz-center img{margin-right:auto;margin-left:auto}.tdb_single_content .id_ad_content-horiz-left{float:left;margin-top:9px;margin-right:21px}.tdb_single_content .id_ad_content-horiz-right{float:right;margin-top:6px;margin-left:21px}.tdb_single_content .tdc-a-ad .tdc-placeholder-title{width:300px;height:250px}.tdb_single_content .tdc-a-ad .tdc-placeholder-title:before{position:absolute;top:50%;-webkit-transform:translateY(-50%);transform:translateY(-50%);margin:auto;display:table;width:100%}.tdb_single_content .tdb-block-inner.td-fix-index{word-break:break-word}.tdi_41,.tdi_41>p,.tdi_41 .tdb-block-inner>p,.wp-block-column>p{font-size:16px!important;line-height:1.6!important}.tdi_41 .tdb-block-inner blockquote p{font-style:normal!important}@media (max-width:767px){.tdb_single_content .id_ad_content-horiz-left,.tdb_single_content .id_ad_content-horiz-right,.tdb_single_content .id_ad_content-horiz-center{margin:0 auto 26 pikseli auto}}@media (max-width:767px){.tdb_single_content .id_ad_content-horiz-left{margin-right:0}}@media (max-width:767px){.tdb_single_content .id_ad_content-horiz-right{margin-left:0}}@media (max-width:767px){.tdb_single_content .td-a-ad{float:none;text-align:center}.tdb_single_content .td-a-ad img{margin-right:auto;margin-left:auto}.tdb_single_content .tdc-a-ad{float:none}}<\/style>\n<div class=\"tdb-block-inner td-fix-index\">\n<p><strong>&#8222;To wszystko jest zamierzone. To wszystko jest wyre\u017cyserowane!&#8221;<\/strong> \u2013 powiedzieli uczestnicy <em>Marsz Niepodleg\u0142o\u015bci<\/em> naszemu reporterowi, kt\u00f3ry d\u0142ugo czeka\u0142 na dojazd metrem na wydarzenie ze wzgl\u0119du na brak przygotowania transportu w Warszawie.<\/p>\n<p>O godzinie 14:00 o <em>Marsz Niepodleg\u0142o\u015bci<\/em> wyruszy\u0142 z Ronda Dmowskiego w Warszawie. Jak jednak donosi <em>Niezalezna.pl<\/em> korespondentka Joanna Grabarczyk, uczestnicy wydarzenia mieli dzi\u015b du\u017ce trudno\u015bci w poruszaniu si\u0119 po stolicy.<\/p>\n<p>Okazuje si\u0119, \u017ce awaria <em>Warszawa Centralna<\/em> Dworzec nie by\u0142 jedynym problemem komunikacyjnym w stolicy. Na uczestnik\u00f3w dzisiejszego dnia czeka\u0142a kolejna niemi\u0142a niespodzianka <em>Dzie\u0144 Niepodleg\u0142o\u015bci<\/em> uroczysto\u015bci w\u2026 warszawskim metrze.<\/p>\n<h2 class=\"wp-block-heading\"><strong>\u201eTo wszystko zamierzone\u201d<\/strong><\/h2>\n<p>Reporter Grabarczyk, kt\u00f3ry by\u0142 na miejscu, mia\u0142 okazj\u0119 rozmawia\u0107 z osobami, kt\u00f3re w pewnym momencie utkn\u0119\u0142y na stacjach metra, nie mog\u0105c dotrze\u0107 na miejsce zbi\u00f3rki. <strong>&#8222;To wszystko jest zamierzone. Wszystko jest wyre\u017cyserowane! Podobnie jak zatrzymywanie poci\u0105g\u00f3w na&#8230; <em>Warszawa Centralna<\/em> stacja. Spr\u00f3bujemy znale\u017a\u0107 inny spos\u00f3b, aby tam dotrze\u0107, ale na pewno nie uda nam si\u0119 dotrze\u0107 na czas\u201d<\/strong> \u2013 powiedzieli sfrustrowani uczestnicy.<\/p>\n<p>Jak wynika z relacji naszego reportera, p\u00f3\u017aniej \u2013 widz\u0105c przepe\u0142nienie stacji \u2013 wys\u0142ano dodatkowe sk\u0142ady metra. Nadal jednak wielu osobom nie uda\u0142o si\u0119 dotrze\u0107 na czas do Ronda Dmowskiego.<\/p>\n<\/div>\n<\/div>\n","protected":false},"excerpt":{"rendered":"<p>&#8222;To wszystko jest zamierzone. To wszystko jest wyre\u017cyserowane!&#8221; \u2013 powiedzieli uczestnicy Marsz Niepodleg\u0142o\u015bci naszemu reporterowi, kt\u00f3ry d\u0142ugo czeka\u0142 na dojazd<\/p>\n","protected":false},"author":1,"featured_media":10441,"comment_status":"open","ping_status":"open","sticky":false,"template":"","format":"standard","meta":{"footnotes":""},"categories":[4748],"tags":[2179,11918,3047,450,2180,11919,11915,1976,11916,2207,11917],"class_list":["post-10440","post","type-post","status-publish","format-standard","has-post-thumbnail","hentry","category-aktualne","tag-marszu","tag-metra","tag-miasto","tag-nie","tag-niepodleglosci","tag-pociagi","tag-pomoglo","tag-stacje","tag-uczestnikom","tag-warszawa","tag-zapelnione","generate-columns","tablet-grid-50","mobile-grid-100","grid-parent","grid-50","resize-featured-image"],"yoast_head":"<!-- This site is optimized with the Yoast SEO plugin v23.2 - https:\/\/yoast.com\/wordpress\/plugins\/seo\/ -->\n<title>Miasto Warszawa nie pomog\u0142o uczestnikom Marszu Niepodleg\u0142o\u015bci. Zape\u0142nione stacje metra i poci\u0105gi! - POGOTOWIE FLAGOWE\u00ae<\/title>\n<meta name=\"robots\" content=\"index, follow, max-snippet:-1, max-image-preview:large, max-video-preview:-1\" \/>\n<link rel=\"canonical\" href=\"https:\/\/www.pogotowieflagowe.pl\/aktualne\/miasto-warszawa-nie-pomoglo-uczestnikom-marszu-niepodleglosci-zapelnione-stacje-metra-i-pociagi\/\" \/>\n<meta property=\"og:locale\" content=\"pl_PL\" \/>\n<meta property=\"og:type\" content=\"article\" \/>\n<meta property=\"og:title\" content=\"Miasto Warszawa nie pomog\u0142o uczestnikom Marszu Niepodleg\u0142o\u015bci. Zape\u0142nione stacje metra i poci\u0105gi! - POGOTOWIE FLAGOWE\u00ae\" \/>\n<meta property=\"og:description\" content=\"&#8222;To wszystko jest zamierzone. To wszystko jest wyre\u017cyserowane!&#8221; \u2013 powiedzieli uczestnicy Marsz Niepodleg\u0142o\u015bci naszemu reporterowi, kt\u00f3ry d\u0142ugo czeka\u0142 na dojazd\" \/>\n<meta property=\"og:url\" content=\"https:\/\/www.pogotowieflagowe.pl\/aktualne\/miasto-warszawa-nie-pomoglo-uczestnikom-marszu-niepodleglosci-zapelnione-stacje-metra-i-pociagi\/\" \/>\n<meta property=\"og:site_name\" content=\"POGOTOWIE FLAGOWE\u00ae\" \/>\n<meta property=\"article:published_time\" content=\"2025-11-11T18:12:35+00:00\" \/>\n<meta property=\"article:modified_time\" content=\"2025-11-11T18:12:37+00:00\" \/>\n<meta property=\"og:image\" content=\"https:\/\/www.pogotowieflagowe.pl\/aktualne\/wp-content\/uploads\/2025\/11\/Miasto-Warszawa-nie-pomoglo-uczestnikom-Marszu-Niepodleglosci-Zapelnione-stacje-metra.webp.webp\" \/>\n\t<meta property=\"og:image:width\" content=\"1280\" \/>\n\t<meta property=\"og:image:height\" content=\"720\" \/>\n\t<meta property=\"og:image:type\" content=\"image\/webp\" \/>\n<meta name=\"author\" content=\"Filip\" \/>\n<meta name=\"twitter:card\" content=\"summary_large_image\" \/>\n<meta name=\"twitter:label1\" content=\"Napisane przez\" \/>\n\t<meta name=\"twitter:data1\" content=\"Filip\" \/>\n\t<meta name=\"twitter:label2\" content=\"Szacowany czas czytania\" \/>\n\t<meta name=\"twitter:data2\" content=\"1 minuta\" \/>\n<script type=\"application\/ld+json\" class=\"yoast-schema-graph\">{\"@context\":\"https:\/\/schema.org\",\"@graph\":[{\"@type\":\"Article\",\"@id\":\"https:\/\/www.pogotowieflagowe.pl\/aktualne\/miasto-warszawa-nie-pomoglo-uczestnikom-marszu-niepodleglosci-zapelnione-stacje-metra-i-pociagi\/#article\",\"isPartOf\":{\"@id\":\"https:\/\/www.pogotowieflagowe.pl\/aktualne\/miasto-warszawa-nie-pomoglo-uczestnikom-marszu-niepodleglosci-zapelnione-stacje-metra-i-pociagi\/\"},\"author\":{\"name\":\"Filip\",\"@id\":\"https:\/\/www.pogotowieflagowe.pl\/aktualne\/#\/schema\/person\/9c2fb7d2362ebf6fa088960d7f0d27b0\"},\"headline\":\"Miasto Warszawa nie pomog\u0142o uczestnikom Marszu Niepodleg\u0142o\u015bci. Zape\u0142nione stacje metra i poci\u0105gi!\",\"datePublished\":\"2025-11-11T18:12:35+00:00\",\"dateModified\":\"2025-11-11T18:12:37+00:00\",\"mainEntityOfPage\":{\"@id\":\"https:\/\/www.pogotowieflagowe.pl\/aktualne\/miasto-warszawa-nie-pomoglo-uczestnikom-marszu-niepodleglosci-zapelnione-stacje-metra-i-pociagi\/\"},\"wordCount\":227,\"commentCount\":0,\"publisher\":{\"@id\":\"https:\/\/www.pogotowieflagowe.pl\/aktualne\/#organization\"},\"image\":{\"@id\":\"https:\/\/www.pogotowieflagowe.pl\/aktualne\/miasto-warszawa-nie-pomoglo-uczestnikom-marszu-niepodleglosci-zapelnione-stacje-metra-i-pociagi\/#primaryimage\"},\"thumbnailUrl\":\"https:\/\/www.pogotowieflagowe.pl\/aktualne\/wp-content\/uploads\/2025\/11\/Miasto-Warszawa-nie-pomoglo-uczestnikom-Marszu-Niepodleglosci-Zapelnione-stacje-metra.webp.webp\",\"keywords\":[\"Marszu\",\"metra\",\"Miasto\",\"Nie\",\"Niepodleg\u0142o\u015bci\",\"poci\u0105gi\",\"pomog\u0142o\",\"stacj\u0119\",\"uczestnikom\",\"Warszawa\",\"Zape\u0142nione\"],\"articleSection\":[\"Aktualne\"],\"inLanguage\":\"pl-PL\",\"potentialAction\":[{\"@type\":\"CommentAction\",\"name\":\"Comment\",\"target\":[\"https:\/\/www.pogotowieflagowe.pl\/aktualne\/miasto-warszawa-nie-pomoglo-uczestnikom-marszu-niepodleglosci-zapelnione-stacje-metra-i-pociagi\/#respond\"]}]},{\"@type\":\"WebPage\",\"@id\":\"https:\/\/www.pogotowieflagowe.pl\/aktualne\/miasto-warszawa-nie-pomoglo-uczestnikom-marszu-niepodleglosci-zapelnione-stacje-metra-i-pociagi\/\",\"url\":\"https:\/\/www.pogotowieflagowe.pl\/aktualne\/miasto-warszawa-nie-pomoglo-uczestnikom-marszu-niepodleglosci-zapelnione-stacje-metra-i-pociagi\/\",\"name\":\"Miasto Warszawa nie pomog\u0142o uczestnikom Marszu Niepodleg\u0142o\u015bci. Zape\u0142nione stacje metra i poci\u0105gi! - POGOTOWIE FLAGOWE\u00ae\",\"isPartOf\":{\"@id\":\"https:\/\/www.pogotowieflagowe.pl\/aktualne\/#website\"},\"primaryImageOfPage\":{\"@id\":\"https:\/\/www.pogotowieflagowe.pl\/aktualne\/miasto-warszawa-nie-pomoglo-uczestnikom-marszu-niepodleglosci-zapelnione-stacje-metra-i-pociagi\/#primaryimage\"},\"image\":{\"@id\":\"https:\/\/www.pogotowieflagowe.pl\/aktualne\/miasto-warszawa-nie-pomoglo-uczestnikom-marszu-niepodleglosci-zapelnione-stacje-metra-i-pociagi\/#primaryimage\"},\"thumbnailUrl\":\"https:\/\/www.pogotowieflagowe.pl\/aktualne\/wp-content\/uploads\/2025\/11\/Miasto-Warszawa-nie-pomoglo-uczestnikom-Marszu-Niepodleglosci-Zapelnione-stacje-metra.webp.webp\",\"datePublished\":\"2025-11-11T18:12:35+00:00\",\"dateModified\":\"2025-11-11T18:12:37+00:00\",\"breadcrumb\":{\"@id\":\"https:\/\/www.pogotowieflagowe.pl\/aktualne\/miasto-warszawa-nie-pomoglo-uczestnikom-marszu-niepodleglosci-zapelnione-stacje-metra-i-pociagi\/#breadcrumb\"},\"inLanguage\":\"pl-PL\",\"potentialAction\":[{\"@type\":\"ReadAction\",\"target\":[\"https:\/\/www.pogotowieflagowe.pl\/aktualne\/miasto-warszawa-nie-pomoglo-uczestnikom-marszu-niepodleglosci-zapelnione-stacje-metra-i-pociagi\/\"]}]},{\"@type\":\"ImageObject\",\"inLanguage\":\"pl-PL\",\"@id\":\"https:\/\/www.pogotowieflagowe.pl\/aktualne\/miasto-warszawa-nie-pomoglo-uczestnikom-marszu-niepodleglosci-zapelnione-stacje-metra-i-pociagi\/#primaryimage\",\"url\":\"https:\/\/www.pogotowieflagowe.pl\/aktualne\/wp-content\/uploads\/2025\/11\/Miasto-Warszawa-nie-pomoglo-uczestnikom-Marszu-Niepodleglosci-Zapelnione-stacje-metra.webp.webp\",\"contentUrl\":\"https:\/\/www.pogotowieflagowe.pl\/aktualne\/wp-content\/uploads\/2025\/11\/Miasto-Warszawa-nie-pomoglo-uczestnikom-Marszu-Niepodleglosci-Zapelnione-stacje-metra.webp.webp\",\"width\":1280,\"height\":720,\"caption\":\"Miasto Warszawa nie pomog\u0142o uczestnikom Marszu Niepodleg\u0142o\u015bci. Zape\u0142nione stacje metra i poci\u0105gi!\"},{\"@type\":\"BreadcrumbList\",\"@id\":\"https:\/\/www.pogotowieflagowe.pl\/aktualne\/miasto-warszawa-nie-pomoglo-uczestnikom-marszu-niepodleglosci-zapelnione-stacje-metra-i-pociagi\/#breadcrumb\",\"itemListElement\":[{\"@type\":\"ListItem\",\"position\":1,\"name\":\"Home\",\"item\":\"https:\/\/www.pogotowieflagowe.pl\/aktualne\/\"},{\"@type\":\"ListItem\",\"position\":2,\"name\":\"Miasto Warszawa nie pomog\u0142o uczestnikom Marszu Niepodleg\u0142o\u015bci. Zape\u0142nione stacje metra i poci\u0105gi!\"}]},{\"@type\":\"WebSite\",\"@id\":\"https:\/\/www.pogotowieflagowe.pl\/aktualne\/#website\",\"url\":\"https:\/\/www.pogotowieflagowe.pl\/aktualne\/\",\"name\":\"POGOTOWIE FLAGOWE\u00ae\",\"description\":\"\",\"publisher\":{\"@id\":\"https:\/\/www.pogotowieflagowe.pl\/aktualne\/#organization\"},\"potentialAction\":[{\"@type\":\"SearchAction\",\"target\":{\"@type\":\"EntryPoint\",\"urlTemplate\":\"https:\/\/www.pogotowieflagowe.pl\/aktualne\/?s={search_term_string}\"},\"query-input\":\"required name=search_term_string\"}],\"inLanguage\":\"pl-PL\"},{\"@type\":\"Organization\",\"@id\":\"https:\/\/www.pogotowieflagowe.pl\/aktualne\/#organization\",\"name\":\"POGOTOWIE FLAGOWE\u00ae\",\"url\":\"https:\/\/www.pogotowieflagowe.pl\/aktualne\/\",\"logo\":{\"@type\":\"ImageObject\",\"inLanguage\":\"pl-PL\",\"@id\":\"https:\/\/www.pogotowieflagowe.pl\/aktualne\/#\/schema\/logo\/image\/\",\"url\":\"https:\/\/www.pogotowieflagowe.pl\/aktualne\/wp-content\/uploads\/2024\/08\/cropped-pogotowieflagowe_flaga_projekt_sm.jpg\",\"contentUrl\":\"https:\/\/www.pogotowieflagowe.pl\/aktualne\/wp-content\/uploads\/2024\/08\/cropped-pogotowieflagowe_flaga_projekt_sm.jpg\",\"width\":250,\"height\":143,\"caption\":\"POGOTOWIE FLAGOWE\u00ae\"},\"image\":{\"@id\":\"https:\/\/www.pogotowieflagowe.pl\/aktualne\/#\/schema\/logo\/image\/\"}},{\"@type\":\"Person\",\"@id\":\"https:\/\/www.pogotowieflagowe.pl\/aktualne\/#\/schema\/person\/9c2fb7d2362ebf6fa088960d7f0d27b0\",\"name\":\"Filip\",\"image\":{\"@type\":\"ImageObject\",\"inLanguage\":\"pl-PL\",\"@id\":\"https:\/\/www.pogotowieflagowe.pl\/aktualne\/#\/schema\/person\/image\/\",\"url\":\"https:\/\/www.pogotowieflagowe.pl\/aktualne\/wp-content\/uploads\/2024\/08\/pogotowieflagowe.pl_.jpg\",\"contentUrl\":\"https:\/\/www.pogotowieflagowe.pl\/aktualne\/wp-content\/uploads\/2024\/08\/pogotowieflagowe.pl_.jpg\",\"caption\":\"Filip\"},\"description\":\"Jestem Filip, polski dziennikarz z dyplomem nauk politycznych Uniwersytetu Warszawskiego. Rozpoczynaj\u0105c swoj\u0105 karier\u0119 w r\u00f3\u017cnych lokalnych mediach, zdoby\u0142em solidne do\u015bwiadczenie w zakresie \u015bledztwa i redakcji. Obecnie jako redaktor w Pogotowie flagowe, staram si\u0119 dostarcza\u0107 dog\u0142\u0119bne i istotne analizy na temat najwa\u017cniejszych kwestii aktualno\u015bci, \u0142\u0105cz\u0105c rygor z pasj\u0105 dziennikarsk\u0105.\",\"sameAs\":[\"https:\/\/www.pogotowieflagowe.pl\/\"]}]}<\/script>\n<!-- \/ Yoast SEO plugin. -->","yoast_head_json":{"title":"Miasto Warszawa nie pomog\u0142o uczestnikom Marszu Niepodleg\u0142o\u015bci. Zape\u0142nione stacje metra i poci\u0105gi! - POGOTOWIE FLAGOWE\u00ae","robots":{"index":"index","follow":"follow","max-snippet":"max-snippet:-1","max-image-preview":"max-image-preview:large","max-video-preview":"max-video-preview:-1"},"canonical":"https:\/\/www.pogotowieflagowe.pl\/aktualne\/miasto-warszawa-nie-pomoglo-uczestnikom-marszu-niepodleglosci-zapelnione-stacje-metra-i-pociagi\/","og_locale":"pl_PL","og_type":"article","og_title":"Miasto Warszawa nie pomog\u0142o uczestnikom Marszu Niepodleg\u0142o\u015bci. Zape\u0142nione stacje metra i poci\u0105gi! - POGOTOWIE FLAGOWE\u00ae","og_description":"&#8222;To wszystko jest zamierzone. To wszystko jest wyre\u017cyserowane!&#8221; \u2013 powiedzieli uczestnicy Marsz Niepodleg\u0142o\u015bci naszemu reporterowi, kt\u00f3ry d\u0142ugo czeka\u0142 na dojazd","og_url":"https:\/\/www.pogotowieflagowe.pl\/aktualne\/miasto-warszawa-nie-pomoglo-uczestnikom-marszu-niepodleglosci-zapelnione-stacje-metra-i-pociagi\/","og_site_name":"POGOTOWIE FLAGOWE\u00ae","article_published_time":"2025-11-11T18:12:35+00:00","article_modified_time":"2025-11-11T18:12:37+00:00","og_image":[{"width":1280,"height":720,"url":"https:\/\/www.pogotowieflagowe.pl\/aktualne\/wp-content\/uploads\/2025\/11\/Miasto-Warszawa-nie-pomoglo-uczestnikom-Marszu-Niepodleglosci-Zapelnione-stacje-metra.webp.webp","type":"image\/webp"}],"author":"Filip","twitter_card":"summary_large_image","twitter_misc":{"Napisane przez":"Filip","Szacowany czas czytania":"1 minuta"},"schema":{"@context":"https:\/\/schema.org","@graph":[{"@type":"Article","@id":"https:\/\/www.pogotowieflagowe.pl\/aktualne\/miasto-warszawa-nie-pomoglo-uczestnikom-marszu-niepodleglosci-zapelnione-stacje-metra-i-pociagi\/#article","isPartOf":{"@id":"https:\/\/www.pogotowieflagowe.pl\/aktualne\/miasto-warszawa-nie-pomoglo-uczestnikom-marszu-niepodleglosci-zapelnione-stacje-metra-i-pociagi\/"},"author":{"name":"Filip","@id":"https:\/\/www.pogotowieflagowe.pl\/aktualne\/#\/schema\/person\/9c2fb7d2362ebf6fa088960d7f0d27b0"},"headline":"Miasto Warszawa nie pomog\u0142o uczestnikom Marszu Niepodleg\u0142o\u015bci. Zape\u0142nione stacje metra i poci\u0105gi!","datePublished":"2025-11-11T18:12:35+00:00","dateModified":"2025-11-11T18:12:37+00:00","mainEntityOfPage":{"@id":"https:\/\/www.pogotowieflagowe.pl\/aktualne\/miasto-warszawa-nie-pomoglo-uczestnikom-marszu-niepodleglosci-zapelnione-stacje-metra-i-pociagi\/"},"wordCount":227,"commentCount":0,"publisher":{"@id":"https:\/\/www.pogotowieflagowe.pl\/aktualne\/#organization"},"image":{"@id":"https:\/\/www.pogotowieflagowe.pl\/aktualne\/miasto-warszawa-nie-pomoglo-uczestnikom-marszu-niepodleglosci-zapelnione-stacje-metra-i-pociagi\/#primaryimage"},"thumbnailUrl":"https:\/\/www.pogotowieflagowe.pl\/aktualne\/wp-content\/uploads\/2025\/11\/Miasto-Warszawa-nie-pomoglo-uczestnikom-Marszu-Niepodleglosci-Zapelnione-stacje-metra.webp.webp","keywords":["Marszu","metra","Miasto","Nie","Niepodleg\u0142o\u015bci","poci\u0105gi","pomog\u0142o","stacj\u0119","uczestnikom","Warszawa","Zape\u0142nione"],"articleSection":["Aktualne"],"inLanguage":"pl-PL","potentialAction":[{"@type":"CommentAction","name":"Comment","target":["https:\/\/www.pogotowieflagowe.pl\/aktualne\/miasto-warszawa-nie-pomoglo-uczestnikom-marszu-niepodleglosci-zapelnione-stacje-metra-i-pociagi\/#respond"]}]},{"@type":"WebPage","@id":"https:\/\/www.pogotowieflagowe.pl\/aktualne\/miasto-warszawa-nie-pomoglo-uczestnikom-marszu-niepodleglosci-zapelnione-stacje-metra-i-pociagi\/","url":"https:\/\/www.pogotowieflagowe.pl\/aktualne\/miasto-warszawa-nie-pomoglo-uczestnikom-marszu-niepodleglosci-zapelnione-stacje-metra-i-pociagi\/","name":"Miasto Warszawa nie pomog\u0142o uczestnikom Marszu Niepodleg\u0142o\u015bci. Zape\u0142nione stacje metra i poci\u0105gi! - POGOTOWIE FLAGOWE\u00ae","isPartOf":{"@id":"https:\/\/www.pogotowieflagowe.pl\/aktualne\/#website"},"primaryImageOfPage":{"@id":"https:\/\/www.pogotowieflagowe.pl\/aktualne\/miasto-warszawa-nie-pomoglo-uczestnikom-marszu-niepodleglosci-zapelnione-stacje-metra-i-pociagi\/#primaryimage"},"image":{"@id":"https:\/\/www.pogotowieflagowe.pl\/aktualne\/miasto-warszawa-nie-pomoglo-uczestnikom-marszu-niepodleglosci-zapelnione-stacje-metra-i-pociagi\/#primaryimage"},"thumbnailUrl":"https:\/\/www.pogotowieflagowe.pl\/aktualne\/wp-content\/uploads\/2025\/11\/Miasto-Warszawa-nie-pomoglo-uczestnikom-Marszu-Niepodleglosci-Zapelnione-stacje-metra.webp.webp","datePublished":"2025-11-11T18:12:35+00:00","dateModified":"2025-11-11T18:12:37+00:00","breadcrumb":{"@id":"https:\/\/www.pogotowieflagowe.pl\/aktualne\/miasto-warszawa-nie-pomoglo-uczestnikom-marszu-niepodleglosci-zapelnione-stacje-metra-i-pociagi\/#breadcrumb"},"inLanguage":"pl-PL","potentialAction":[{"@type":"ReadAction","target":["https:\/\/www.pogotowieflagowe.pl\/aktualne\/miasto-warszawa-nie-pomoglo-uczestnikom-marszu-niepodleglosci-zapelnione-stacje-metra-i-pociagi\/"]}]},{"@type":"ImageObject","inLanguage":"pl-PL","@id":"https:\/\/www.pogotowieflagowe.pl\/aktualne\/miasto-warszawa-nie-pomoglo-uczestnikom-marszu-niepodleglosci-zapelnione-stacje-metra-i-pociagi\/#primaryimage","url":"https:\/\/www.pogotowieflagowe.pl\/aktualne\/wp-content\/uploads\/2025\/11\/Miasto-Warszawa-nie-pomoglo-uczestnikom-Marszu-Niepodleglosci-Zapelnione-stacje-metra.webp.webp","contentUrl":"https:\/\/www.pogotowieflagowe.pl\/aktualne\/wp-content\/uploads\/2025\/11\/Miasto-Warszawa-nie-pomoglo-uczestnikom-Marszu-Niepodleglosci-Zapelnione-stacje-metra.webp.webp","width":1280,"height":720,"caption":"Miasto Warszawa nie pomog\u0142o uczestnikom Marszu Niepodleg\u0142o\u015bci. Zape\u0142nione stacje metra i poci\u0105gi!"},{"@type":"BreadcrumbList","@id":"https:\/\/www.pogotowieflagowe.pl\/aktualne\/miasto-warszawa-nie-pomoglo-uczestnikom-marszu-niepodleglosci-zapelnione-stacje-metra-i-pociagi\/#breadcrumb","itemListElement":[{"@type":"ListItem","position":1,"name":"Home","item":"https:\/\/www.pogotowieflagowe.pl\/aktualne\/"},{"@type":"ListItem","position":2,"name":"Miasto Warszawa nie pomog\u0142o uczestnikom Marszu Niepodleg\u0142o\u015bci. Zape\u0142nione stacje metra i poci\u0105gi!"}]},{"@type":"WebSite","@id":"https:\/\/www.pogotowieflagowe.pl\/aktualne\/#website","url":"https:\/\/www.pogotowieflagowe.pl\/aktualne\/","name":"POGOTOWIE FLAGOWE\u00ae","description":"","publisher":{"@id":"https:\/\/www.pogotowieflagowe.pl\/aktualne\/#organization"},"potentialAction":[{"@type":"SearchAction","target":{"@type":"EntryPoint","urlTemplate":"https:\/\/www.pogotowieflagowe.pl\/aktualne\/?s={search_term_string}"},"query-input":"required name=search_term_string"}],"inLanguage":"pl-PL"},{"@type":"Organization","@id":"https:\/\/www.pogotowieflagowe.pl\/aktualne\/#organization","name":"POGOTOWIE FLAGOWE\u00ae","url":"https:\/\/www.pogotowieflagowe.pl\/aktualne\/","logo":{"@type":"ImageObject","inLanguage":"pl-PL","@id":"https:\/\/www.pogotowieflagowe.pl\/aktualne\/#\/schema\/logo\/image\/","url":"https:\/\/www.pogotowieflagowe.pl\/aktualne\/wp-content\/uploads\/2024\/08\/cropped-pogotowieflagowe_flaga_projekt_sm.jpg","contentUrl":"https:\/\/www.pogotowieflagowe.pl\/aktualne\/wp-content\/uploads\/2024\/08\/cropped-pogotowieflagowe_flaga_projekt_sm.jpg","width":250,"height":143,"caption":"POGOTOWIE FLAGOWE\u00ae"},"image":{"@id":"https:\/\/www.pogotowieflagowe.pl\/aktualne\/#\/schema\/logo\/image\/"}},{"@type":"Person","@id":"https:\/\/www.pogotowieflagowe.pl\/aktualne\/#\/schema\/person\/9c2fb7d2362ebf6fa088960d7f0d27b0","name":"Filip","image":{"@type":"ImageObject","inLanguage":"pl-PL","@id":"https:\/\/www.pogotowieflagowe.pl\/aktualne\/#\/schema\/person\/image\/","url":"https:\/\/www.pogotowieflagowe.pl\/aktualne\/wp-content\/uploads\/2024\/08\/pogotowieflagowe.pl_.jpg","contentUrl":"https:\/\/www.pogotowieflagowe.pl\/aktualne\/wp-content\/uploads\/2024\/08\/pogotowieflagowe.pl_.jpg","caption":"Filip"},"description":"Jestem Filip, polski dziennikarz z dyplomem nauk politycznych Uniwersytetu Warszawskiego. Rozpoczynaj\u0105c swoj\u0105 karier\u0119 w r\u00f3\u017cnych lokalnych mediach, zdoby\u0142em solidne do\u015bwiadczenie w zakresie \u015bledztwa i redakcji. Obecnie jako redaktor w Pogotowie flagowe, staram si\u0119 dostarcza\u0107 dog\u0142\u0119bne i istotne analizy na temat najwa\u017cniejszych kwestii aktualno\u015bci, \u0142\u0105cz\u0105c rygor z pasj\u0105 dziennikarsk\u0105.","sameAs":["https:\/\/www.pogotowieflagowe.pl\/"]}]}},"_links":{"self":[{"href":"https:\/\/www.pogotowieflagowe.pl\/aktualne\/wp-json\/wp\/v2\/posts\/10440","targetHints":{"allow":["GET"]}}],"collection":[{"href":"https:\/\/www.pogotowieflagowe.pl\/aktualne\/wp-json\/wp\/v2\/posts"}],"about":[{"href":"https:\/\/www.pogotowieflagowe.pl\/aktualne\/wp-json\/wp\/v2\/types\/post"}],"author":[{"embeddable":true,"href":"https:\/\/www.pogotowieflagowe.pl\/aktualne\/wp-json\/wp\/v2\/users\/1"}],"replies":[{"embeddable":true,"href":"https:\/\/www.pogotowieflagowe.pl\/aktualne\/wp-json\/wp\/v2\/comments?post=10440"}],"version-history":[{"count":1,"href":"https:\/\/www.pogotowieflagowe.pl\/aktualne\/wp-json\/wp\/v2\/posts\/10440\/revisions"}],"predecessor-version":[{"id":10442,"href":"https:\/\/www.pogotowieflagowe.pl\/aktualne\/wp-json\/wp\/v2\/posts\/10440\/revisions\/10442"}],"wp:featuredmedia":[{"embeddable":true,"href":"https:\/\/www.pogotowieflagowe.pl\/aktualne\/wp-json\/wp\/v2\/media\/10441"}],"wp:attachment":[{"href":"https:\/\/www.pogotowieflagowe.pl\/aktualne\/wp-json\/wp\/v2\/media?parent=10440"}],"wp:term":[{"taxonomy":"category","embeddable":true,"href":"https:\/\/www.pogotowieflagowe.pl\/aktualne\/wp-json\/wp\/v2\/categories?post=10440"},{"taxonomy":"post_tag","embeddable":true,"href":"https:\/\/www.pogotowieflagowe.pl\/aktualne\/wp-json\/wp\/v2\/tags?post=10440"}],"curies":[{"name":"wp","href":"https:\/\/api.w.org\/{rel}","templated":true}]}}