{"id":10446,"date":"2025-11-11T20:15:16","date_gmt":"2025-11-11T19:15:16","guid":{"rendered":"https:\/\/www.pogotowieflagowe.pl\/aktualne\/prezydent-nawrocki-nie-przebieral-w-slowach-gdzie-sa-nasze-wartosci-chrzescijanskie-wideo\/"},"modified":"2025-11-11T20:15:17","modified_gmt":"2025-11-11T19:15:17","slug":"prezydent-nawrocki-nie-przebieral-w-slowach-gdzie-sa-nasze-wartosci-chrzescijanskie-wideo","status":"publish","type":"post","link":"https:\/\/www.pogotowieflagowe.pl\/aktualne\/prezydent-nawrocki-nie-przebieral-w-slowach-gdzie-sa-nasze-wartosci-chrzescijanskie-wideo\/","title":{"rendered":"Prezydent Nawrocki nie przebiera\u0142 w s\u0142owach! \u201eGdzie s\u0105 nasze warto\u015bci chrze\u015bcija\u0144skie?\u201d (WIDEO)"},"content":{"rendered":"\n<div class=\"td_block_wrap tdb_single_content tdi_41 td-pb-border-top td_block_template_8 td-post-content tagdiv-type\" data-td-block-uid=\"tdi_41\">\n<style>.tdi_41{margines-top:0px!important;margin-bottom:0px!important;dope\u0142nienie-g\u00f3ra:0px!important;dope\u0142nienie-d\u00f3\u0142:0px!important}<\/style>\n<style>.tdb_single_content{margin-bottom:0;*zoom:1}.tdb_single_content:before,.tdb_single_content:after{display:table;content:'';line-height:0}.tdb_single_content:after{clear:both}.tdb_single_content .tdb-block-inner>*:not(.wp-block-quote):not(.alignwide):not(.alignfull.wp-block-cover.has-parallax):not(.td-a-ad){margin-left:auto;margin-right:auto}.tdb_single_content a{pointer-events:auto}.tdb_single_content .td-spot-id-top_ad .tdc-placeholder-title:before{content:'Najlepsza reklama artyku\u0142u'!important}.tdb_single_content .td-spot-id-inline_ad0 .tdc-placeholder-title:before{content:'Reklama wbudowana artyku\u0142u 1'!important}.tdb_single_content .td-spot-id-inline_ad1 .tdc-placeholder-title:before{content:'Wbudowana reklama w artykule 2'!important}.tdb_single_content .td-spot-id-inline_ad2 .tdc-placeholder-title:before{content:'Wbudowana reklama w artykule 3'!important}.tdb_single_content .td-spot-id-bottom_ad .tdc-placeholder-title:before{content:'Article Bottom Ad'!important}.tdb_single_content .id_top_ad,.tdb_single_content .id_bottom_ad{clear:both;margin-bottom:21px;text-align:center}.tdb_single_content .id_top_ad img,.tdb_single_content .id_bottom_ad img{margin-bottom:0}.tdb_single_content .id_top_ad .adsbygoogle,.tdb_single_content .id_bottom_ad .adsbygoogle{position:relative}.tdb_single_content .id_ad_content-horiz-left,.tdb_single_content .id_ad_content-horiz-right,.tdb_single_content .id_ad_content-horiz-center{margin-bottom:15px}.tdb_single_content .id_ad_content-horiz-left img,.tdb_single_content .id_ad_content-horiz-right img,.tdb_single_content .id_ad_content-horiz-center img{margin-bottom:0}.tdb_single_content .id_ad_content-horiz-center{text-align:center}.tdb_single_content .id_ad_content-horiz-center img{margin-right:auto;margin-left:auto}.tdb_single_content .id_ad_content-horiz-left{float:left;margin-top:9px;margin-right:21px}.tdb_single_content .id_ad_content-horiz-right{float:right;margin-top:6px;margin-left:21px}.tdb_single_content .tdc-a-ad .tdc-placeholder-title{width:300px;height:250px}.tdb_single_content .tdc-a-ad .tdc-placeholder-title:before{position:absolute;top:50%;-webkit-transform:translateY(-50%);transform:translateY(-50%);margin:auto;display:table;width:100%}.tdb_single_content .tdb-block-inner.td-fix-index{word-break:break-word}.tdi_41,.tdi_41>p,.tdi_41 .tdb-block-inner>p,.wp-block-column>p{font-size:16px!important;line-height:1.6!important}.tdi_41 .tdb-block-inner blockquote p{font-style:normal!important}@media (max-width:767px){.tdb_single_content .id_ad_content-horiz-left,.tdb_single_content .id_ad_content-horiz-right,.tdb_single_content .id_ad_content-horiz-center{margin:0 auto 26 pikseli auto}}@media (max-width:767px){.tdb_single_content .id_ad_content-horiz-left{margin-right:0}}@media (max-width:767px){.tdb_single_content .id_ad_content-horiz-right{margin-left:0}}@media (max-width:767px){.tdb_single_content .td-a-ad{float:none;text-align:center}.tdb_single_content .td-a-ad img{margin-right:auto;margin-left:auto}.tdb_single_content .tdc-a-ad{float:none}}<\/style>\n<div class=\"tdb-block-inner td-fix-index\">\n<p><strong>&#8222;Gdzie s\u0105 nasze warto\u015bci chrze\u015bcija\u0144skie, na kt\u00f3rych zbudowano podwaliny Rzeczypospolitej i dlaczego musimy by\u0107 \u015bwiadkami i znosi\u0107 nacisk protezy warto\u015bci chrze\u015bcija\u0144skich w postaci obcych ideologii narzucanych polskiej szkole i naszemu systemowi o\u015bwiaty? To jest niepolskie i Prezydent RP nie pozwoli nam ju\u017c nigdy wi\u0119cej sta\u0107 si\u0119 pawiem i papug\u0105 narod\u00f3w, bezmy\u015blnie powtarzaj\u0105c to, co p\u0142ynie z Zachodu. M\u00f3wi\u0119 to jako zwolennik Polski w UE, ale przede wszystkim jako kto\u015b, kto m\u00f3wi: &#8222;Najpierw Polska, Polacy pierwszy\u201d<\/strong> \u2013 powiedzia\u0142 dzi\u015b podczas przem\u00f3wienia z okazji Narodowego \u015awi\u0119ta Niepodleg\u0142o\u015bci Prezydent RP Karol Nawrocki.<\/p>\n<p>Podczas swojego wyst\u0105pienia na Placu Pi\u0142sudskiego w Warszawie zapyta\u0142 Prezydent Karol Nawrocki <strong>\u201eco dzisiaj zrobimy dla polskiej wolno\u015bci i suwerenno\u015bci\u201d.<\/strong><\/p>\n<figure class=\"wp-block-pullquote\">\n<blockquote>\n<p>&#8222;Czy spe\u0142nimy obietnice i wielki sukces polskiej niepodleg\u0142o\u015bci i suwerenno\u015bci i czy XXI wiek b\u0119dzie wiekiem, w kt\u00f3rym pozostaniemy wolni i niezale\u017cni? (&#8230;) Gdzie jest nasza to\u017csamo\u015b\u0107? Gdzie s\u0105 nasze warto\u015bci chrze\u015bcija\u0144skie, kt\u00f3re zbudowa\u0142y podwaliny Rzeczypospolitej i dlaczego musimy by\u0107 \u015bwiadkami i znosi\u0107 nacisk protezy warto\u015bci chrze\u015bcija\u0144skich w postaci obcych ideologii narzucanych polskiej szkole i naszemu systemowi o\u015bwiaty? To jest niepolskie, a Prezydent RP nie pozwoli nam ju\u017c nigdy sta\u0107 si\u0119 pawiem i papuga narod\u00f3w, bezmy\u015blnie powtarzaj\u0105ca to, co p\u0142ynie z Zachodu. M\u00f3wi\u0119 to jako zwolennik Polski w UE, ale przede wszystkim jako kto\u015b, kto m\u00f3wi: \u201eNajpierw Polska, pierwsi Polacy\u201d \u2013 powiedzia\u0142 Prezydent RP.<\/p>\n<\/blockquote>\n<\/figure>\n<h2 class=\"wp-block-heading has-text-align-center\"><strong>\u201eWolna, niepodleg\u0142a i suwerenna Polska to nasz obowi\u0105zek i o to w\u0142a\u015bnie chodzi w tym \u015bwi\u0119cie\u201d<\/strong> doda\u0142.<\/h2>\n<p>Prezydent zapyta\u0142, jakie przes\u0142anie chcemy dzisiaj tym osobom przekaza\u0107 <strong>\u201ekt\u00f3rzy swoj\u0105 krwi\u0105, wysi\u0142kiem i prac\u0105 przynie\u015bli nam niepodleg\u0142o\u015b\u0107\u201d<\/strong> Kiedy <strong>\u201eWidzimy, \u017ce niekt\u00f3rzy polscy politycy s\u0105 gotowi kawa\u0142ek po kawa\u0142ku przekaza\u0107 polsk\u0105 wolno\u015b\u0107, niezale\u017cno\u015b\u0107 i suwerenno\u015b\u0107 zagranicznym instytucjom, trybuna\u0142om i agencjom UE\u201d.<\/strong> \u2013 \u201eTa krew, ta ofiara, ta praca \u2013 a mimo to wci\u0105\u017c nie rozumiemy, \u017ce Polska jest wolna i niepodleg\u0142a? To ju\u017c nie jest kolonia\u201d \u2013 podkre\u015bli\u0142 Karol Nawrocki.<\/p>\n<figure class=\"wp-block-embed aligncenter is-type-video is-provider-youtube wp-block-embed-youtube\">\n<div class=\"wp-block-embed__wrapper\">\n<div class=\"youtube-embed\" data-video_id=\"5rgLDs28iaU\"><iframe title=\"Mocne wyst\u0105pienie Nawrockiego: cz\u0119\u015b\u0107 polityk\u00f3w jest gotowa oddawa\u0107 po kawa\u0142ku obcym Polsk\u0119!\" width=\"1200\" height=\"675\" src=\"https:\/\/www.youtube.com\/embed\/5rgLDs28iaU?feature=oembed\" frameborder=\"0\" allow=\"accelerometer; autoplay; clipboard-write; encrypted-media; gyroscope; picture-in-picture; web-share\" referrerpolicy=\"strict-origin-when-cross-origin\" allowfullscreen><\/iframe><\/div>\n<\/div>\n<\/figure>\n<\/div>\n<\/div>\n","protected":false},"excerpt":{"rendered":"<p>&#8222;Gdzie s\u0105 nasze warto\u015bci chrze\u015bcija\u0144skie, na kt\u00f3rych zbudowano podwaliny Rzeczypospolitej i dlaczego musimy by\u0107 \u015bwiadkami i znosi\u0107 nacisk protezy warto\u015bci<\/p>\n","protected":false},"author":1,"featured_media":10447,"comment_status":"open","ping_status":"open","sticky":false,"template":"","format":"standard","meta":{"footnotes":""},"categories":[4748],"tags":[11925,437,5632,2727,450,341,11924,3221,11573,1969,4935],"class_list":["post-10446","post","type-post","status-publish","format-standard","has-post-thumbnail","hentry","category-aktualne","tag-chrzescijanskie","tag-gdzie","tag-nasze","tag-nawrocki","tag-nie","tag-prezydent","tag-przebieral","tag-sa","tag-slowach","tag-wartosci","tag-wideo","generate-columns","tablet-grid-50","mobile-grid-100","grid-parent","grid-50","resize-featured-image"],"yoast_head":"<!-- This site is optimized with the Yoast SEO plugin v23.2 - https:\/\/yoast.com\/wordpress\/plugins\/seo\/ -->\n<title>Prezydent Nawrocki nie przebiera\u0142 w s\u0142owach! \u201eGdzie s\u0105 nasze warto\u015bci chrze\u015bcija\u0144skie?\u201d (WIDEO) - POGOTOWIE FLAGOWE\u00ae<\/title>\n<meta name=\"robots\" content=\"index, follow, max-snippet:-1, max-image-preview:large, max-video-preview:-1\" \/>\n<link rel=\"canonical\" href=\"https:\/\/www.pogotowieflagowe.pl\/aktualne\/prezydent-nawrocki-nie-przebieral-w-slowach-gdzie-sa-nasze-wartosci-chrzescijanskie-wideo\/\" \/>\n<meta property=\"og:locale\" content=\"pl_PL\" \/>\n<meta property=\"og:type\" content=\"article\" \/>\n<meta property=\"og:title\" content=\"Prezydent Nawrocki nie przebiera\u0142 w s\u0142owach! \u201eGdzie s\u0105 nasze warto\u015bci chrze\u015bcija\u0144skie?\u201d (WIDEO) - POGOTOWIE FLAGOWE\u00ae\" \/>\n<meta property=\"og:description\" content=\"&#8222;Gdzie s\u0105 nasze warto\u015bci chrze\u015bcija\u0144skie, na kt\u00f3rych zbudowano podwaliny Rzeczypospolitej i dlaczego musimy by\u0107 \u015bwiadkami i znosi\u0107 nacisk protezy warto\u015bci\" \/>\n<meta property=\"og:url\" content=\"https:\/\/www.pogotowieflagowe.pl\/aktualne\/prezydent-nawrocki-nie-przebieral-w-slowach-gdzie-sa-nasze-wartosci-chrzescijanskie-wideo\/\" \/>\n<meta property=\"og:site_name\" content=\"POGOTOWIE FLAGOWE\u00ae\" \/>\n<meta property=\"article:published_time\" content=\"2025-11-11T19:15:16+00:00\" \/>\n<meta property=\"article:modified_time\" content=\"2025-11-11T19:15:17+00:00\" \/>\n<meta property=\"og:image\" content=\"https:\/\/www.pogotowieflagowe.pl\/aktualne\/wp-content\/uploads\/2025\/11\/Prezydent-Nawrocki-nie-przebieral-w-slowach-\u201eGdzie-sa-nasze-wartosci.webp.webp\" \/>\n\t<meta property=\"og:image:width\" content=\"1280\" \/>\n\t<meta property=\"og:image:height\" content=\"720\" \/>\n\t<meta property=\"og:image:type\" content=\"image\/webp\" \/>\n<meta name=\"author\" content=\"Filip\" \/>\n<meta name=\"twitter:card\" content=\"summary_large_image\" \/>\n<meta name=\"twitter:label1\" content=\"Napisane przez\" \/>\n\t<meta name=\"twitter:data1\" content=\"Filip\" \/>\n\t<meta name=\"twitter:label2\" content=\"Szacowany czas czytania\" \/>\n\t<meta name=\"twitter:data2\" content=\"2 minuty\" \/>\n<script type=\"application\/ld+json\" class=\"yoast-schema-graph\">{\"@context\":\"https:\/\/schema.org\",\"@graph\":[{\"@type\":\"Article\",\"@id\":\"https:\/\/www.pogotowieflagowe.pl\/aktualne\/prezydent-nawrocki-nie-przebieral-w-slowach-gdzie-sa-nasze-wartosci-chrzescijanskie-wideo\/#article\",\"isPartOf\":{\"@id\":\"https:\/\/www.pogotowieflagowe.pl\/aktualne\/prezydent-nawrocki-nie-przebieral-w-slowach-gdzie-sa-nasze-wartosci-chrzescijanskie-wideo\/\"},\"author\":{\"name\":\"Filip\",\"@id\":\"https:\/\/www.pogotowieflagowe.pl\/aktualne\/#\/schema\/person\/9c2fb7d2362ebf6fa088960d7f0d27b0\"},\"headline\":\"Prezydent Nawrocki nie przebiera\u0142 w s\u0142owach! \u201eGdzie s\u0105 nasze warto\u015bci chrze\u015bcija\u0144skie?\u201d (WIDEO)\",\"datePublished\":\"2025-11-11T19:15:16+00:00\",\"dateModified\":\"2025-11-11T19:15:17+00:00\",\"mainEntityOfPage\":{\"@id\":\"https:\/\/www.pogotowieflagowe.pl\/aktualne\/prezydent-nawrocki-nie-przebieral-w-slowach-gdzie-sa-nasze-wartosci-chrzescijanskie-wideo\/\"},\"wordCount\":383,\"commentCount\":0,\"publisher\":{\"@id\":\"https:\/\/www.pogotowieflagowe.pl\/aktualne\/#organization\"},\"image\":{\"@id\":\"https:\/\/www.pogotowieflagowe.pl\/aktualne\/prezydent-nawrocki-nie-przebieral-w-slowach-gdzie-sa-nasze-wartosci-chrzescijanskie-wideo\/#primaryimage\"},\"thumbnailUrl\":\"https:\/\/www.pogotowieflagowe.pl\/aktualne\/wp-content\/uploads\/2025\/11\/Prezydent-Nawrocki-nie-przebieral-w-slowach-\u201eGdzie-sa-nasze-wartosci.webp.webp\",\"keywords\":[\"chrze\u015bcija\u0144skie\",\"gdzie\",\"nasze\",\"Nawrocki\",\"Nie\",\"Prezydent\",\"przebiera\u0142\",\"s\u0105\",\"s\u0142owach\",\"warto\u015bci\",\"WIDEO\"],\"articleSection\":[\"Aktualne\"],\"inLanguage\":\"pl-PL\",\"potentialAction\":[{\"@type\":\"CommentAction\",\"name\":\"Comment\",\"target\":[\"https:\/\/www.pogotowieflagowe.pl\/aktualne\/prezydent-nawrocki-nie-przebieral-w-slowach-gdzie-sa-nasze-wartosci-chrzescijanskie-wideo\/#respond\"]}]},{\"@type\":\"WebPage\",\"@id\":\"https:\/\/www.pogotowieflagowe.pl\/aktualne\/prezydent-nawrocki-nie-przebieral-w-slowach-gdzie-sa-nasze-wartosci-chrzescijanskie-wideo\/\",\"url\":\"https:\/\/www.pogotowieflagowe.pl\/aktualne\/prezydent-nawrocki-nie-przebieral-w-slowach-gdzie-sa-nasze-wartosci-chrzescijanskie-wideo\/\",\"name\":\"Prezydent Nawrocki nie przebiera\u0142 w s\u0142owach! \u201eGdzie s\u0105 nasze warto\u015bci chrze\u015bcija\u0144skie?\u201d (WIDEO) - POGOTOWIE FLAGOWE\u00ae\",\"isPartOf\":{\"@id\":\"https:\/\/www.pogotowieflagowe.pl\/aktualne\/#website\"},\"primaryImageOfPage\":{\"@id\":\"https:\/\/www.pogotowieflagowe.pl\/aktualne\/prezydent-nawrocki-nie-przebieral-w-slowach-gdzie-sa-nasze-wartosci-chrzescijanskie-wideo\/#primaryimage\"},\"image\":{\"@id\":\"https:\/\/www.pogotowieflagowe.pl\/aktualne\/prezydent-nawrocki-nie-przebieral-w-slowach-gdzie-sa-nasze-wartosci-chrzescijanskie-wideo\/#primaryimage\"},\"thumbnailUrl\":\"https:\/\/www.pogotowieflagowe.pl\/aktualne\/wp-content\/uploads\/2025\/11\/Prezydent-Nawrocki-nie-przebieral-w-slowach-\u201eGdzie-sa-nasze-wartosci.webp.webp\",\"datePublished\":\"2025-11-11T19:15:16+00:00\",\"dateModified\":\"2025-11-11T19:15:17+00:00\",\"breadcrumb\":{\"@id\":\"https:\/\/www.pogotowieflagowe.pl\/aktualne\/prezydent-nawrocki-nie-przebieral-w-slowach-gdzie-sa-nasze-wartosci-chrzescijanskie-wideo\/#breadcrumb\"},\"inLanguage\":\"pl-PL\",\"potentialAction\":[{\"@type\":\"ReadAction\",\"target\":[\"https:\/\/www.pogotowieflagowe.pl\/aktualne\/prezydent-nawrocki-nie-przebieral-w-slowach-gdzie-sa-nasze-wartosci-chrzescijanskie-wideo\/\"]}]},{\"@type\":\"ImageObject\",\"inLanguage\":\"pl-PL\",\"@id\":\"https:\/\/www.pogotowieflagowe.pl\/aktualne\/prezydent-nawrocki-nie-przebieral-w-slowach-gdzie-sa-nasze-wartosci-chrzescijanskie-wideo\/#primaryimage\",\"url\":\"https:\/\/www.pogotowieflagowe.pl\/aktualne\/wp-content\/uploads\/2025\/11\/Prezydent-Nawrocki-nie-przebieral-w-slowach-\u201eGdzie-sa-nasze-wartosci.webp.webp\",\"contentUrl\":\"https:\/\/www.pogotowieflagowe.pl\/aktualne\/wp-content\/uploads\/2025\/11\/Prezydent-Nawrocki-nie-przebieral-w-slowach-\u201eGdzie-sa-nasze-wartosci.webp.webp\",\"width\":1280,\"height\":720,\"caption\":\"Prezydent Nawrocki nie przebiera\u0142 w s\u0142owach! \u201eGdzie s\u0105 nasze warto\u015bci chrze\u015bcija\u0144skie?\u201d (WIDEO)\"},{\"@type\":\"BreadcrumbList\",\"@id\":\"https:\/\/www.pogotowieflagowe.pl\/aktualne\/prezydent-nawrocki-nie-przebieral-w-slowach-gdzie-sa-nasze-wartosci-chrzescijanskie-wideo\/#breadcrumb\",\"itemListElement\":[{\"@type\":\"ListItem\",\"position\":1,\"name\":\"Home\",\"item\":\"https:\/\/www.pogotowieflagowe.pl\/aktualne\/\"},{\"@type\":\"ListItem\",\"position\":2,\"name\":\"Prezydent Nawrocki nie przebiera\u0142 w s\u0142owach! \u201eGdzie s\u0105 nasze warto\u015bci chrze\u015bcija\u0144skie?\u201d (WIDEO)\"}]},{\"@type\":\"WebSite\",\"@id\":\"https:\/\/www.pogotowieflagowe.pl\/aktualne\/#website\",\"url\":\"https:\/\/www.pogotowieflagowe.pl\/aktualne\/\",\"name\":\"POGOTOWIE FLAGOWE\u00ae\",\"description\":\"\",\"publisher\":{\"@id\":\"https:\/\/www.pogotowieflagowe.pl\/aktualne\/#organization\"},\"potentialAction\":[{\"@type\":\"SearchAction\",\"target\":{\"@type\":\"EntryPoint\",\"urlTemplate\":\"https:\/\/www.pogotowieflagowe.pl\/aktualne\/?s={search_term_string}\"},\"query-input\":\"required name=search_term_string\"}],\"inLanguage\":\"pl-PL\"},{\"@type\":\"Organization\",\"@id\":\"https:\/\/www.pogotowieflagowe.pl\/aktualne\/#organization\",\"name\":\"POGOTOWIE FLAGOWE\u00ae\",\"url\":\"https:\/\/www.pogotowieflagowe.pl\/aktualne\/\",\"logo\":{\"@type\":\"ImageObject\",\"inLanguage\":\"pl-PL\",\"@id\":\"https:\/\/www.pogotowieflagowe.pl\/aktualne\/#\/schema\/logo\/image\/\",\"url\":\"https:\/\/www.pogotowieflagowe.pl\/aktualne\/wp-content\/uploads\/2024\/08\/cropped-pogotowieflagowe_flaga_projekt_sm.jpg\",\"contentUrl\":\"https:\/\/www.pogotowieflagowe.pl\/aktualne\/wp-content\/uploads\/2024\/08\/cropped-pogotowieflagowe_flaga_projekt_sm.jpg\",\"width\":250,\"height\":143,\"caption\":\"POGOTOWIE FLAGOWE\u00ae\"},\"image\":{\"@id\":\"https:\/\/www.pogotowieflagowe.pl\/aktualne\/#\/schema\/logo\/image\/\"}},{\"@type\":\"Person\",\"@id\":\"https:\/\/www.pogotowieflagowe.pl\/aktualne\/#\/schema\/person\/9c2fb7d2362ebf6fa088960d7f0d27b0\",\"name\":\"Filip\",\"image\":{\"@type\":\"ImageObject\",\"inLanguage\":\"pl-PL\",\"@id\":\"https:\/\/www.pogotowieflagowe.pl\/aktualne\/#\/schema\/person\/image\/\",\"url\":\"https:\/\/www.pogotowieflagowe.pl\/aktualne\/wp-content\/uploads\/2024\/08\/pogotowieflagowe.pl_.jpg\",\"contentUrl\":\"https:\/\/www.pogotowieflagowe.pl\/aktualne\/wp-content\/uploads\/2024\/08\/pogotowieflagowe.pl_.jpg\",\"caption\":\"Filip\"},\"description\":\"Jestem Filip, polski dziennikarz z dyplomem nauk politycznych Uniwersytetu Warszawskiego. Rozpoczynaj\u0105c swoj\u0105 karier\u0119 w r\u00f3\u017cnych lokalnych mediach, zdoby\u0142em solidne do\u015bwiadczenie w zakresie \u015bledztwa i redakcji. Obecnie jako redaktor w Pogotowie flagowe, staram si\u0119 dostarcza\u0107 dog\u0142\u0119bne i istotne analizy na temat najwa\u017cniejszych kwestii aktualno\u015bci, \u0142\u0105cz\u0105c rygor z pasj\u0105 dziennikarsk\u0105.\",\"sameAs\":[\"https:\/\/www.pogotowieflagowe.pl\/\"]}]}<\/script>\n<!-- \/ Yoast SEO plugin. -->","yoast_head_json":{"title":"Prezydent Nawrocki nie przebiera\u0142 w s\u0142owach! \u201eGdzie s\u0105 nasze warto\u015bci chrze\u015bcija\u0144skie?\u201d (WIDEO) - POGOTOWIE FLAGOWE\u00ae","robots":{"index":"index","follow":"follow","max-snippet":"max-snippet:-1","max-image-preview":"max-image-preview:large","max-video-preview":"max-video-preview:-1"},"canonical":"https:\/\/www.pogotowieflagowe.pl\/aktualne\/prezydent-nawrocki-nie-przebieral-w-slowach-gdzie-sa-nasze-wartosci-chrzescijanskie-wideo\/","og_locale":"pl_PL","og_type":"article","og_title":"Prezydent Nawrocki nie przebiera\u0142 w s\u0142owach! \u201eGdzie s\u0105 nasze warto\u015bci chrze\u015bcija\u0144skie?\u201d (WIDEO) - POGOTOWIE FLAGOWE\u00ae","og_description":"&#8222;Gdzie s\u0105 nasze warto\u015bci chrze\u015bcija\u0144skie, na kt\u00f3rych zbudowano podwaliny Rzeczypospolitej i dlaczego musimy by\u0107 \u015bwiadkami i znosi\u0107 nacisk protezy warto\u015bci","og_url":"https:\/\/www.pogotowieflagowe.pl\/aktualne\/prezydent-nawrocki-nie-przebieral-w-slowach-gdzie-sa-nasze-wartosci-chrzescijanskie-wideo\/","og_site_name":"POGOTOWIE FLAGOWE\u00ae","article_published_time":"2025-11-11T19:15:16+00:00","article_modified_time":"2025-11-11T19:15:17+00:00","og_image":[{"width":1280,"height":720,"url":"https:\/\/www.pogotowieflagowe.pl\/aktualne\/wp-content\/uploads\/2025\/11\/Prezydent-Nawrocki-nie-przebieral-w-slowach-\u201eGdzie-sa-nasze-wartosci.webp.webp","type":"image\/webp"}],"author":"Filip","twitter_card":"summary_large_image","twitter_misc":{"Napisane przez":"Filip","Szacowany czas czytania":"2 minuty"},"schema":{"@context":"https:\/\/schema.org","@graph":[{"@type":"Article","@id":"https:\/\/www.pogotowieflagowe.pl\/aktualne\/prezydent-nawrocki-nie-przebieral-w-slowach-gdzie-sa-nasze-wartosci-chrzescijanskie-wideo\/#article","isPartOf":{"@id":"https:\/\/www.pogotowieflagowe.pl\/aktualne\/prezydent-nawrocki-nie-przebieral-w-slowach-gdzie-sa-nasze-wartosci-chrzescijanskie-wideo\/"},"author":{"name":"Filip","@id":"https:\/\/www.pogotowieflagowe.pl\/aktualne\/#\/schema\/person\/9c2fb7d2362ebf6fa088960d7f0d27b0"},"headline":"Prezydent Nawrocki nie przebiera\u0142 w s\u0142owach! \u201eGdzie s\u0105 nasze warto\u015bci chrze\u015bcija\u0144skie?\u201d (WIDEO)","datePublished":"2025-11-11T19:15:16+00:00","dateModified":"2025-11-11T19:15:17+00:00","mainEntityOfPage":{"@id":"https:\/\/www.pogotowieflagowe.pl\/aktualne\/prezydent-nawrocki-nie-przebieral-w-slowach-gdzie-sa-nasze-wartosci-chrzescijanskie-wideo\/"},"wordCount":383,"commentCount":0,"publisher":{"@id":"https:\/\/www.pogotowieflagowe.pl\/aktualne\/#organization"},"image":{"@id":"https:\/\/www.pogotowieflagowe.pl\/aktualne\/prezydent-nawrocki-nie-przebieral-w-slowach-gdzie-sa-nasze-wartosci-chrzescijanskie-wideo\/#primaryimage"},"thumbnailUrl":"https:\/\/www.pogotowieflagowe.pl\/aktualne\/wp-content\/uploads\/2025\/11\/Prezydent-Nawrocki-nie-przebieral-w-slowach-\u201eGdzie-sa-nasze-wartosci.webp.webp","keywords":["chrze\u015bcija\u0144skie","gdzie","nasze","Nawrocki","Nie","Prezydent","przebiera\u0142","s\u0105","s\u0142owach","warto\u015bci","WIDEO"],"articleSection":["Aktualne"],"inLanguage":"pl-PL","potentialAction":[{"@type":"CommentAction","name":"Comment","target":["https:\/\/www.pogotowieflagowe.pl\/aktualne\/prezydent-nawrocki-nie-przebieral-w-slowach-gdzie-sa-nasze-wartosci-chrzescijanskie-wideo\/#respond"]}]},{"@type":"WebPage","@id":"https:\/\/www.pogotowieflagowe.pl\/aktualne\/prezydent-nawrocki-nie-przebieral-w-slowach-gdzie-sa-nasze-wartosci-chrzescijanskie-wideo\/","url":"https:\/\/www.pogotowieflagowe.pl\/aktualne\/prezydent-nawrocki-nie-przebieral-w-slowach-gdzie-sa-nasze-wartosci-chrzescijanskie-wideo\/","name":"Prezydent Nawrocki nie przebiera\u0142 w s\u0142owach! \u201eGdzie s\u0105 nasze warto\u015bci chrze\u015bcija\u0144skie?\u201d (WIDEO) - POGOTOWIE FLAGOWE\u00ae","isPartOf":{"@id":"https:\/\/www.pogotowieflagowe.pl\/aktualne\/#website"},"primaryImageOfPage":{"@id":"https:\/\/www.pogotowieflagowe.pl\/aktualne\/prezydent-nawrocki-nie-przebieral-w-slowach-gdzie-sa-nasze-wartosci-chrzescijanskie-wideo\/#primaryimage"},"image":{"@id":"https:\/\/www.pogotowieflagowe.pl\/aktualne\/prezydent-nawrocki-nie-przebieral-w-slowach-gdzie-sa-nasze-wartosci-chrzescijanskie-wideo\/#primaryimage"},"thumbnailUrl":"https:\/\/www.pogotowieflagowe.pl\/aktualne\/wp-content\/uploads\/2025\/11\/Prezydent-Nawrocki-nie-przebieral-w-slowach-\u201eGdzie-sa-nasze-wartosci.webp.webp","datePublished":"2025-11-11T19:15:16+00:00","dateModified":"2025-11-11T19:15:17+00:00","breadcrumb":{"@id":"https:\/\/www.pogotowieflagowe.pl\/aktualne\/prezydent-nawrocki-nie-przebieral-w-slowach-gdzie-sa-nasze-wartosci-chrzescijanskie-wideo\/#breadcrumb"},"inLanguage":"pl-PL","potentialAction":[{"@type":"ReadAction","target":["https:\/\/www.pogotowieflagowe.pl\/aktualne\/prezydent-nawrocki-nie-przebieral-w-slowach-gdzie-sa-nasze-wartosci-chrzescijanskie-wideo\/"]}]},{"@type":"ImageObject","inLanguage":"pl-PL","@id":"https:\/\/www.pogotowieflagowe.pl\/aktualne\/prezydent-nawrocki-nie-przebieral-w-slowach-gdzie-sa-nasze-wartosci-chrzescijanskie-wideo\/#primaryimage","url":"https:\/\/www.pogotowieflagowe.pl\/aktualne\/wp-content\/uploads\/2025\/11\/Prezydent-Nawrocki-nie-przebieral-w-slowach-\u201eGdzie-sa-nasze-wartosci.webp.webp","contentUrl":"https:\/\/www.pogotowieflagowe.pl\/aktualne\/wp-content\/uploads\/2025\/11\/Prezydent-Nawrocki-nie-przebieral-w-slowach-\u201eGdzie-sa-nasze-wartosci.webp.webp","width":1280,"height":720,"caption":"Prezydent Nawrocki nie przebiera\u0142 w s\u0142owach! \u201eGdzie s\u0105 nasze warto\u015bci chrze\u015bcija\u0144skie?\u201d (WIDEO)"},{"@type":"BreadcrumbList","@id":"https:\/\/www.pogotowieflagowe.pl\/aktualne\/prezydent-nawrocki-nie-przebieral-w-slowach-gdzie-sa-nasze-wartosci-chrzescijanskie-wideo\/#breadcrumb","itemListElement":[{"@type":"ListItem","position":1,"name":"Home","item":"https:\/\/www.pogotowieflagowe.pl\/aktualne\/"},{"@type":"ListItem","position":2,"name":"Prezydent Nawrocki nie przebiera\u0142 w s\u0142owach! \u201eGdzie s\u0105 nasze warto\u015bci chrze\u015bcija\u0144skie?\u201d (WIDEO)"}]},{"@type":"WebSite","@id":"https:\/\/www.pogotowieflagowe.pl\/aktualne\/#website","url":"https:\/\/www.pogotowieflagowe.pl\/aktualne\/","name":"POGOTOWIE FLAGOWE\u00ae","description":"","publisher":{"@id":"https:\/\/www.pogotowieflagowe.pl\/aktualne\/#organization"},"potentialAction":[{"@type":"SearchAction","target":{"@type":"EntryPoint","urlTemplate":"https:\/\/www.pogotowieflagowe.pl\/aktualne\/?s={search_term_string}"},"query-input":"required name=search_term_string"}],"inLanguage":"pl-PL"},{"@type":"Organization","@id":"https:\/\/www.pogotowieflagowe.pl\/aktualne\/#organization","name":"POGOTOWIE FLAGOWE\u00ae","url":"https:\/\/www.pogotowieflagowe.pl\/aktualne\/","logo":{"@type":"ImageObject","inLanguage":"pl-PL","@id":"https:\/\/www.pogotowieflagowe.pl\/aktualne\/#\/schema\/logo\/image\/","url":"https:\/\/www.pogotowieflagowe.pl\/aktualne\/wp-content\/uploads\/2024\/08\/cropped-pogotowieflagowe_flaga_projekt_sm.jpg","contentUrl":"https:\/\/www.pogotowieflagowe.pl\/aktualne\/wp-content\/uploads\/2024\/08\/cropped-pogotowieflagowe_flaga_projekt_sm.jpg","width":250,"height":143,"caption":"POGOTOWIE FLAGOWE\u00ae"},"image":{"@id":"https:\/\/www.pogotowieflagowe.pl\/aktualne\/#\/schema\/logo\/image\/"}},{"@type":"Person","@id":"https:\/\/www.pogotowieflagowe.pl\/aktualne\/#\/schema\/person\/9c2fb7d2362ebf6fa088960d7f0d27b0","name":"Filip","image":{"@type":"ImageObject","inLanguage":"pl-PL","@id":"https:\/\/www.pogotowieflagowe.pl\/aktualne\/#\/schema\/person\/image\/","url":"https:\/\/www.pogotowieflagowe.pl\/aktualne\/wp-content\/uploads\/2024\/08\/pogotowieflagowe.pl_.jpg","contentUrl":"https:\/\/www.pogotowieflagowe.pl\/aktualne\/wp-content\/uploads\/2024\/08\/pogotowieflagowe.pl_.jpg","caption":"Filip"},"description":"Jestem Filip, polski dziennikarz z dyplomem nauk politycznych Uniwersytetu Warszawskiego. Rozpoczynaj\u0105c swoj\u0105 karier\u0119 w r\u00f3\u017cnych lokalnych mediach, zdoby\u0142em solidne do\u015bwiadczenie w zakresie \u015bledztwa i redakcji. Obecnie jako redaktor w Pogotowie flagowe, staram si\u0119 dostarcza\u0107 dog\u0142\u0119bne i istotne analizy na temat najwa\u017cniejszych kwestii aktualno\u015bci, \u0142\u0105cz\u0105c rygor z pasj\u0105 dziennikarsk\u0105.","sameAs":["https:\/\/www.pogotowieflagowe.pl\/"]}]}},"_links":{"self":[{"href":"https:\/\/www.pogotowieflagowe.pl\/aktualne\/wp-json\/wp\/v2\/posts\/10446","targetHints":{"allow":["GET"]}}],"collection":[{"href":"https:\/\/www.pogotowieflagowe.pl\/aktualne\/wp-json\/wp\/v2\/posts"}],"about":[{"href":"https:\/\/www.pogotowieflagowe.pl\/aktualne\/wp-json\/wp\/v2\/types\/post"}],"author":[{"embeddable":true,"href":"https:\/\/www.pogotowieflagowe.pl\/aktualne\/wp-json\/wp\/v2\/users\/1"}],"replies":[{"embeddable":true,"href":"https:\/\/www.pogotowieflagowe.pl\/aktualne\/wp-json\/wp\/v2\/comments?post=10446"}],"version-history":[{"count":1,"href":"https:\/\/www.pogotowieflagowe.pl\/aktualne\/wp-json\/wp\/v2\/posts\/10446\/revisions"}],"predecessor-version":[{"id":10448,"href":"https:\/\/www.pogotowieflagowe.pl\/aktualne\/wp-json\/wp\/v2\/posts\/10446\/revisions\/10448"}],"wp:featuredmedia":[{"embeddable":true,"href":"https:\/\/www.pogotowieflagowe.pl\/aktualne\/wp-json\/wp\/v2\/media\/10447"}],"wp:attachment":[{"href":"https:\/\/www.pogotowieflagowe.pl\/aktualne\/wp-json\/wp\/v2\/media?parent=10446"}],"wp:term":[{"taxonomy":"category","embeddable":true,"href":"https:\/\/www.pogotowieflagowe.pl\/aktualne\/wp-json\/wp\/v2\/categories?post=10446"},{"taxonomy":"post_tag","embeddable":true,"href":"https:\/\/www.pogotowieflagowe.pl\/aktualne\/wp-json\/wp\/v2\/tags?post=10446"}],"curies":[{"name":"wp","href":"https:\/\/api.w.org\/{rel}","templated":true}]}}