{"id":10449,"date":"2025-11-11T20:47:21","date_gmt":"2025-11-11T19:47:21","guid":{"rendered":"https:\/\/www.pogotowieflagowe.pl\/aktualne\/ogromna-frekwencja-na-marszu-niepodleglosci-organizatorzy-zglaszaja-nawet-cwierc-miliona-uczestnikow\/"},"modified":"2025-11-11T20:47:22","modified_gmt":"2025-11-11T19:47:22","slug":"ogromna-frekwencja-na-marszu-niepodleglosci-organizatorzy-zglaszaja-nawet-cwierc-miliona-uczestnikow","status":"publish","type":"post","link":"https:\/\/www.pogotowieflagowe.pl\/aktualne\/ogromna-frekwencja-na-marszu-niepodleglosci-organizatorzy-zglaszaja-nawet-cwierc-miliona-uczestnikow\/","title":{"rendered":"Ogromna frekwencja na Marszu Niepodleg\u0142o\u015bci \u2013 organizatorzy zg\u0142aszaj\u0105 nawet \u0107wier\u0107 miliona uczestnik\u00f3w"},"content":{"rendered":"\n<div class=\"td_block_wrap tdb_single_content tdi_41 td-pb-border-top td_block_template_8 td-post-content tagdiv-type\" data-td-block-uid=\"tdi_41\">\n<style>.tdi_41{margines-top:0px!important;margin-bottom:0px!important;dope\u0142nienie-g\u00f3ra:0px!important;dope\u0142nienie-d\u00f3\u0142:0px!important}<\/style>\n<style>.tdb_single_content{margin-bottom:0;*zoom:1}.tdb_single_content:before,.tdb_single_content:after{display:table;content:'';line-height:0}.tdb_single_content:after{clear:both}.tdb_single_content .tdb-block-inner>*:not(.wp-block-quote):not(.alignwide):not(.alignfull.wp-block-cover.has-parallax):not(.td-a-ad){margin-left:auto;margin-right:auto}.tdb_single_content a{pointer-events:auto}.tdb_single_content .td-spot-id-top_ad .tdc-placeholder-title:before{content:'Najlepsza reklama artyku\u0142u'!important}.tdb_single_content .td-spot-id-inline_ad0 .tdc-placeholder-title:before{content:'Reklama wbudowana artyku\u0142u 1'!important}.tdb_single_content .td-spot-id-inline_ad1 .tdc-placeholder-title:before{content:'Wbudowana reklama w artykule 2'!important}.tdb_single_content .td-spot-id-inline_ad2 .tdc-placeholder-title:before{content:'Wbudowana reklama w artykule 3'!important}.tdb_single_content .td-spot-id-bottom_ad .tdc-placeholder-title:before{content:'Article Bottom Ad'!important}.tdb_single_content .id_top_ad,.tdb_single_content .id_bottom_ad{clear:both;margin-bottom:21px;text-align:center}.tdb_single_content .id_top_ad img,.tdb_single_content .id_bottom_ad img{margin-bottom:0}.tdb_single_content .id_top_ad .adsbygoogle,.tdb_single_content .id_bottom_ad .adsbygoogle{position:relative}.tdb_single_content .id_ad_content-horiz-left,.tdb_single_content .id_ad_content-horiz-right,.tdb_single_content .id_ad_content-horiz-center{margin-bottom:15px}.tdb_single_content .id_ad_content-horiz-left img,.tdb_single_content .id_ad_content-horiz-right img,.tdb_single_content .id_ad_content-horiz-center img{margin-bottom:0}.tdb_single_content .id_ad_content-horiz-center{text-align:center}.tdb_single_content .id_ad_content-horiz-center img{margin-right:auto;margin-left:auto}.tdb_single_content .id_ad_content-horiz-left{float:left;margin-top:9px;margin-right:21px}.tdb_single_content .id_ad_content-horiz-right{float:right;margin-top:6px;margin-left:21px}.tdb_single_content .tdc-a-ad .tdc-placeholder-title{width:300px;height:250px}.tdb_single_content .tdc-a-ad .tdc-placeholder-title:before{position:absolute;top:50%;-webkit-transform:translateY(-50%);transform:translateY(-50%);margin:auto;display:table;width:100%}.tdb_single_content .tdb-block-inner.td-fix-index{word-break:break-word}.tdi_41,.tdi_41>p,.tdi_41 .tdb-block-inner>p,.wp-block-column>p{font-size:16px!important;line-height:1.6!important}.tdi_41 .tdb-block-inner blockquote p{font-style:normal!important}@media (max-width:767px){.tdb_single_content .id_ad_content-horiz-left,.tdb_single_content .id_ad_content-horiz-right,.tdb_single_content .id_ad_content-horiz-center{margin:0 auto 26 pikseli auto}}@media (max-width:767px){.tdb_single_content .id_ad_content-horiz-left{margin-right:0}}@media (max-width:767px){.tdb_single_content .id_ad_content-horiz-right{margin-left:0}}@media (max-width:767px){.tdb_single_content .td-a-ad{float:none;text-align:center}.tdb_single_content .td-a-ad img{margin-right:auto;margin-left:auto}.tdb_single_content .tdc-a-ad{float:none}}<\/style>\n<div class=\"tdb-block-inner td-fix-index\">\n<p>W Marszu Niepodleg\u0142o\u015bci wzi\u0119\u0142o udzia\u0142 \u0107wier\u0107 miliona Polak\u00f3w \u2013 poinformowa\u0142 w mediach spo\u0142eczno\u015bciowych Rafa\u0142 Buca z komitetu organizacyjnego.<\/p>\n<figure class=\"wp-block-embed is-type-rich is-provider-twitter wp-block-embed-twitter\">\n<div class=\"wp-block-embed__wrapper\">\n<blockquote class=\"twitter-tweet\" data-width=\"550\" data-dnt=\"true\">\n<p lang=\"pl\" dir=\"ltr\">\u0106wier\u0107 milion Polak\u00f3w na Marszu Niepodleg\u0142o\u015bci \ud83c\uddf5\ud83c\uddf1 <\/p>\n<p>Jeden nar\u00f3d \u2013 silna Polska\u2757<a rel=\"nofollow\" href=\"https:\/\/twitter.com\/hashtag\/MarszNiepodleg%C5%82o%C5%9Bci?src=hash&amp;ref_src=twsrc%5Etfw\">#MarszNiepodleg\u0142o\u015bci<\/a> <a rel=\"nofollow\" href=\"https:\/\/twitter.com\/StowMarszN?ref_src=twsrc%5Etfw\">@StowMarszN<\/a> <a rel=\"nofollow\" href=\"https:\/\/t.co\/5npcfbNbBc\">pic.twitter.com\/5npcfbNbBc<\/a><\/p>\n<p>\u2014 Rafa\u0142 Buca \ud83c\uddf5\ud83c\uddf1 (@Rafal_Buca) <a rel=\"nofollow\" href=\"https:\/\/twitter.com\/Rafal_Buca\/status\/1988256564084449673?ref_src=twsrc%5Etfw\">11 listopada 2025 r<\/a><\/p><\/blockquote>\n<\/div>\n<\/figure>\n<p>Centrum Bezpiecze\u0144stwa Warszawy poda\u0142o, \u017ce w wydarzeniu wzi\u0119\u0142o udzia\u0142 oko\u0142o 100 000 os\u00f3b.<\/p>\n<p>Tegoroczny marsz przebiega\u0142 pod has\u0142em \u201eJeden nar\u00f3d, silna Polska\u201d, co widnieje tak\u017ce na banerze niesionym na przodzie marszu.<\/p>\n<p>Organizatorzy przed wydarzeniem szacowali, \u017ce w demonstracji mo\u017ce wzi\u0105\u0107 udzia\u0142 od 250 000 do 300 000 os\u00f3b.<\/p>\n<\/div>\n<\/div>\n<p><script async src=\"https:\/\/platform.twitter.com\/widgets.js\" charset=\"utf-8\"><\/script><\/p>\n","protected":false},"excerpt":{"rendered":"<p>W Marszu Niepodleg\u0142o\u015bci wzi\u0119\u0142o udzia\u0142 \u0107wier\u0107 miliona Polak\u00f3w \u2013 poinformowa\u0142 w mediach spo\u0142eczno\u015bciowych Rafa\u0142 Buca z komitetu organizacyjnego. \u0106wier\u0107 milion<\/p>\n","protected":false},"author":1,"featured_media":10450,"comment_status":"open","ping_status":"open","sticky":false,"template":"","format":"standard","meta":{"footnotes":""},"categories":[4748],"tags":[11800,9866,2179,2765,1964,2180,6129,11926,11927,11348],"class_list":["post-10449","post","type-post","status-publish","format-standard","has-post-thumbnail","hentry","category-aktualne","tag-cwierc","tag-frekwencja","tag-marszu","tag-miliona","tag-nawet","tag-niepodleglosci","tag-ogromna","tag-organizatorzy","tag-uczestnikow","tag-zglaszaja","generate-columns","tablet-grid-50","mobile-grid-100","grid-parent","grid-50","resize-featured-image"],"yoast_head":"<!-- This site is optimized with the Yoast SEO plugin v23.2 - https:\/\/yoast.com\/wordpress\/plugins\/seo\/ -->\n<title>Ogromna frekwencja na Marszu Niepodleg\u0142o\u015bci \u2013 organizatorzy zg\u0142aszaj\u0105 nawet \u0107wier\u0107 miliona uczestnik\u00f3w - POGOTOWIE FLAGOWE\u00ae<\/title>\n<meta name=\"robots\" content=\"index, follow, max-snippet:-1, max-image-preview:large, max-video-preview:-1\" \/>\n<link rel=\"canonical\" href=\"https:\/\/www.pogotowieflagowe.pl\/aktualne\/ogromna-frekwencja-na-marszu-niepodleglosci-organizatorzy-zglaszaja-nawet-cwierc-miliona-uczestnikow\/\" \/>\n<meta property=\"og:locale\" content=\"pl_PL\" \/>\n<meta property=\"og:type\" content=\"article\" \/>\n<meta property=\"og:title\" content=\"Ogromna frekwencja na Marszu Niepodleg\u0142o\u015bci \u2013 organizatorzy zg\u0142aszaj\u0105 nawet \u0107wier\u0107 miliona uczestnik\u00f3w - POGOTOWIE FLAGOWE\u00ae\" \/>\n<meta property=\"og:description\" content=\"W Marszu Niepodleg\u0142o\u015bci wzi\u0119\u0142o udzia\u0142 \u0107wier\u0107 miliona Polak\u00f3w \u2013 poinformowa\u0142 w mediach spo\u0142eczno\u015bciowych Rafa\u0142 Buca z komitetu organizacyjnego. \u0106wier\u0107 milion\" \/>\n<meta property=\"og:url\" content=\"https:\/\/www.pogotowieflagowe.pl\/aktualne\/ogromna-frekwencja-na-marszu-niepodleglosci-organizatorzy-zglaszaja-nawet-cwierc-miliona-uczestnikow\/\" \/>\n<meta property=\"og:site_name\" content=\"POGOTOWIE FLAGOWE\u00ae\" \/>\n<meta property=\"article:published_time\" content=\"2025-11-11T19:47:21+00:00\" \/>\n<meta property=\"article:modified_time\" content=\"2025-11-11T19:47:22+00:00\" \/>\n<meta property=\"og:image\" content=\"https:\/\/www.pogotowieflagowe.pl\/aktualne\/wp-content\/uploads\/2025\/11\/Ogromna-frekwencja-na-Marszu-Niepodleglosci-\u2013-organizatorzy-zglaszaja-nawet-cwierc.webp.webp\" \/>\n\t<meta property=\"og:image:width\" content=\"1280\" \/>\n\t<meta property=\"og:image:height\" content=\"720\" \/>\n\t<meta property=\"og:image:type\" content=\"image\/webp\" \/>\n<meta name=\"author\" content=\"Filip\" \/>\n<meta name=\"twitter:card\" content=\"summary_large_image\" \/>\n<meta name=\"twitter:label1\" content=\"Napisane przez\" \/>\n\t<meta name=\"twitter:data1\" content=\"Filip\" \/>\n\t<meta name=\"twitter:label2\" content=\"Szacowany czas czytania\" \/>\n\t<meta name=\"twitter:data2\" content=\"1 minuta\" \/>\n<script type=\"application\/ld+json\" class=\"yoast-schema-graph\">{\"@context\":\"https:\/\/schema.org\",\"@graph\":[{\"@type\":\"Article\",\"@id\":\"https:\/\/www.pogotowieflagowe.pl\/aktualne\/ogromna-frekwencja-na-marszu-niepodleglosci-organizatorzy-zglaszaja-nawet-cwierc-miliona-uczestnikow\/#article\",\"isPartOf\":{\"@id\":\"https:\/\/www.pogotowieflagowe.pl\/aktualne\/ogromna-frekwencja-na-marszu-niepodleglosci-organizatorzy-zglaszaja-nawet-cwierc-miliona-uczestnikow\/\"},\"author\":{\"name\":\"Filip\",\"@id\":\"https:\/\/www.pogotowieflagowe.pl\/aktualne\/#\/schema\/person\/9c2fb7d2362ebf6fa088960d7f0d27b0\"},\"headline\":\"Ogromna frekwencja na Marszu Niepodleg\u0142o\u015bci \u2013 organizatorzy zg\u0142aszaj\u0105 nawet \u0107wier\u0107 miliona uczestnik\u00f3w\",\"datePublished\":\"2025-11-11T19:47:21+00:00\",\"dateModified\":\"2025-11-11T19:47:22+00:00\",\"mainEntityOfPage\":{\"@id\":\"https:\/\/www.pogotowieflagowe.pl\/aktualne\/ogromna-frekwencja-na-marszu-niepodleglosci-organizatorzy-zglaszaja-nawet-cwierc-miliona-uczestnikow\/\"},\"wordCount\":118,\"commentCount\":0,\"publisher\":{\"@id\":\"https:\/\/www.pogotowieflagowe.pl\/aktualne\/#organization\"},\"image\":{\"@id\":\"https:\/\/www.pogotowieflagowe.pl\/aktualne\/ogromna-frekwencja-na-marszu-niepodleglosci-organizatorzy-zglaszaja-nawet-cwierc-miliona-uczestnikow\/#primaryimage\"},\"thumbnailUrl\":\"https:\/\/www.pogotowieflagowe.pl\/aktualne\/wp-content\/uploads\/2025\/11\/Ogromna-frekwencja-na-Marszu-Niepodleglosci-\u2013-organizatorzy-zglaszaja-nawet-cwierc.webp.webp\",\"keywords\":[\"\u0107wier\u0107\",\"frekwencja\",\"Marszu\",\"miliona\",\"nawet\",\"Niepodleg\u0142o\u015bci\",\"ogromn\u0105\",\"organizatorzy\",\"uczestnik\u00f3w\",\"zg\u0142aszaj\u0105\"],\"articleSection\":[\"Aktualne\"],\"inLanguage\":\"pl-PL\",\"potentialAction\":[{\"@type\":\"CommentAction\",\"name\":\"Comment\",\"target\":[\"https:\/\/www.pogotowieflagowe.pl\/aktualne\/ogromna-frekwencja-na-marszu-niepodleglosci-organizatorzy-zglaszaja-nawet-cwierc-miliona-uczestnikow\/#respond\"]}]},{\"@type\":\"WebPage\",\"@id\":\"https:\/\/www.pogotowieflagowe.pl\/aktualne\/ogromna-frekwencja-na-marszu-niepodleglosci-organizatorzy-zglaszaja-nawet-cwierc-miliona-uczestnikow\/\",\"url\":\"https:\/\/www.pogotowieflagowe.pl\/aktualne\/ogromna-frekwencja-na-marszu-niepodleglosci-organizatorzy-zglaszaja-nawet-cwierc-miliona-uczestnikow\/\",\"name\":\"Ogromna frekwencja na Marszu Niepodleg\u0142o\u015bci \u2013 organizatorzy zg\u0142aszaj\u0105 nawet \u0107wier\u0107 miliona uczestnik\u00f3w - POGOTOWIE FLAGOWE\u00ae\",\"isPartOf\":{\"@id\":\"https:\/\/www.pogotowieflagowe.pl\/aktualne\/#website\"},\"primaryImageOfPage\":{\"@id\":\"https:\/\/www.pogotowieflagowe.pl\/aktualne\/ogromna-frekwencja-na-marszu-niepodleglosci-organizatorzy-zglaszaja-nawet-cwierc-miliona-uczestnikow\/#primaryimage\"},\"image\":{\"@id\":\"https:\/\/www.pogotowieflagowe.pl\/aktualne\/ogromna-frekwencja-na-marszu-niepodleglosci-organizatorzy-zglaszaja-nawet-cwierc-miliona-uczestnikow\/#primaryimage\"},\"thumbnailUrl\":\"https:\/\/www.pogotowieflagowe.pl\/aktualne\/wp-content\/uploads\/2025\/11\/Ogromna-frekwencja-na-Marszu-Niepodleglosci-\u2013-organizatorzy-zglaszaja-nawet-cwierc.webp.webp\",\"datePublished\":\"2025-11-11T19:47:21+00:00\",\"dateModified\":\"2025-11-11T19:47:22+00:00\",\"breadcrumb\":{\"@id\":\"https:\/\/www.pogotowieflagowe.pl\/aktualne\/ogromna-frekwencja-na-marszu-niepodleglosci-organizatorzy-zglaszaja-nawet-cwierc-miliona-uczestnikow\/#breadcrumb\"},\"inLanguage\":\"pl-PL\",\"potentialAction\":[{\"@type\":\"ReadAction\",\"target\":[\"https:\/\/www.pogotowieflagowe.pl\/aktualne\/ogromna-frekwencja-na-marszu-niepodleglosci-organizatorzy-zglaszaja-nawet-cwierc-miliona-uczestnikow\/\"]}]},{\"@type\":\"ImageObject\",\"inLanguage\":\"pl-PL\",\"@id\":\"https:\/\/www.pogotowieflagowe.pl\/aktualne\/ogromna-frekwencja-na-marszu-niepodleglosci-organizatorzy-zglaszaja-nawet-cwierc-miliona-uczestnikow\/#primaryimage\",\"url\":\"https:\/\/www.pogotowieflagowe.pl\/aktualne\/wp-content\/uploads\/2025\/11\/Ogromna-frekwencja-na-Marszu-Niepodleglosci-\u2013-organizatorzy-zglaszaja-nawet-cwierc.webp.webp\",\"contentUrl\":\"https:\/\/www.pogotowieflagowe.pl\/aktualne\/wp-content\/uploads\/2025\/11\/Ogromna-frekwencja-na-Marszu-Niepodleglosci-\u2013-organizatorzy-zglaszaja-nawet-cwierc.webp.webp\",\"width\":1280,\"height\":720,\"caption\":\"Ogromna frekwencja na Marszu Niepodleg\u0142o\u015bci \u2013 organizatorzy zg\u0142aszaj\u0105 nawet \u0107wier\u0107 miliona uczestnik\u00f3w\"},{\"@type\":\"BreadcrumbList\",\"@id\":\"https:\/\/www.pogotowieflagowe.pl\/aktualne\/ogromna-frekwencja-na-marszu-niepodleglosci-organizatorzy-zglaszaja-nawet-cwierc-miliona-uczestnikow\/#breadcrumb\",\"itemListElement\":[{\"@type\":\"ListItem\",\"position\":1,\"name\":\"Home\",\"item\":\"https:\/\/www.pogotowieflagowe.pl\/aktualne\/\"},{\"@type\":\"ListItem\",\"position\":2,\"name\":\"Ogromna frekwencja na Marszu Niepodleg\u0142o\u015bci \u2013 organizatorzy zg\u0142aszaj\u0105 nawet \u0107wier\u0107 miliona uczestnik\u00f3w\"}]},{\"@type\":\"WebSite\",\"@id\":\"https:\/\/www.pogotowieflagowe.pl\/aktualne\/#website\",\"url\":\"https:\/\/www.pogotowieflagowe.pl\/aktualne\/\",\"name\":\"POGOTOWIE FLAGOWE\u00ae\",\"description\":\"\",\"publisher\":{\"@id\":\"https:\/\/www.pogotowieflagowe.pl\/aktualne\/#organization\"},\"potentialAction\":[{\"@type\":\"SearchAction\",\"target\":{\"@type\":\"EntryPoint\",\"urlTemplate\":\"https:\/\/www.pogotowieflagowe.pl\/aktualne\/?s={search_term_string}\"},\"query-input\":\"required name=search_term_string\"}],\"inLanguage\":\"pl-PL\"},{\"@type\":\"Organization\",\"@id\":\"https:\/\/www.pogotowieflagowe.pl\/aktualne\/#organization\",\"name\":\"POGOTOWIE FLAGOWE\u00ae\",\"url\":\"https:\/\/www.pogotowieflagowe.pl\/aktualne\/\",\"logo\":{\"@type\":\"ImageObject\",\"inLanguage\":\"pl-PL\",\"@id\":\"https:\/\/www.pogotowieflagowe.pl\/aktualne\/#\/schema\/logo\/image\/\",\"url\":\"https:\/\/www.pogotowieflagowe.pl\/aktualne\/wp-content\/uploads\/2024\/08\/cropped-pogotowieflagowe_flaga_projekt_sm.jpg\",\"contentUrl\":\"https:\/\/www.pogotowieflagowe.pl\/aktualne\/wp-content\/uploads\/2024\/08\/cropped-pogotowieflagowe_flaga_projekt_sm.jpg\",\"width\":250,\"height\":143,\"caption\":\"POGOTOWIE FLAGOWE\u00ae\"},\"image\":{\"@id\":\"https:\/\/www.pogotowieflagowe.pl\/aktualne\/#\/schema\/logo\/image\/\"}},{\"@type\":\"Person\",\"@id\":\"https:\/\/www.pogotowieflagowe.pl\/aktualne\/#\/schema\/person\/9c2fb7d2362ebf6fa088960d7f0d27b0\",\"name\":\"Filip\",\"image\":{\"@type\":\"ImageObject\",\"inLanguage\":\"pl-PL\",\"@id\":\"https:\/\/www.pogotowieflagowe.pl\/aktualne\/#\/schema\/person\/image\/\",\"url\":\"https:\/\/www.pogotowieflagowe.pl\/aktualne\/wp-content\/uploads\/2024\/08\/pogotowieflagowe.pl_.jpg\",\"contentUrl\":\"https:\/\/www.pogotowieflagowe.pl\/aktualne\/wp-content\/uploads\/2024\/08\/pogotowieflagowe.pl_.jpg\",\"caption\":\"Filip\"},\"description\":\"Jestem Filip, polski dziennikarz z dyplomem nauk politycznych Uniwersytetu Warszawskiego. Rozpoczynaj\u0105c swoj\u0105 karier\u0119 w r\u00f3\u017cnych lokalnych mediach, zdoby\u0142em solidne do\u015bwiadczenie w zakresie \u015bledztwa i redakcji. Obecnie jako redaktor w Pogotowie flagowe, staram si\u0119 dostarcza\u0107 dog\u0142\u0119bne i istotne analizy na temat najwa\u017cniejszych kwestii aktualno\u015bci, \u0142\u0105cz\u0105c rygor z pasj\u0105 dziennikarsk\u0105.\",\"sameAs\":[\"https:\/\/www.pogotowieflagowe.pl\/\"]}]}<\/script>\n<!-- \/ Yoast SEO plugin. -->","yoast_head_json":{"title":"Ogromna frekwencja na Marszu Niepodleg\u0142o\u015bci \u2013 organizatorzy zg\u0142aszaj\u0105 nawet \u0107wier\u0107 miliona uczestnik\u00f3w - POGOTOWIE FLAGOWE\u00ae","robots":{"index":"index","follow":"follow","max-snippet":"max-snippet:-1","max-image-preview":"max-image-preview:large","max-video-preview":"max-video-preview:-1"},"canonical":"https:\/\/www.pogotowieflagowe.pl\/aktualne\/ogromna-frekwencja-na-marszu-niepodleglosci-organizatorzy-zglaszaja-nawet-cwierc-miliona-uczestnikow\/","og_locale":"pl_PL","og_type":"article","og_title":"Ogromna frekwencja na Marszu Niepodleg\u0142o\u015bci \u2013 organizatorzy zg\u0142aszaj\u0105 nawet \u0107wier\u0107 miliona uczestnik\u00f3w - POGOTOWIE FLAGOWE\u00ae","og_description":"W Marszu Niepodleg\u0142o\u015bci wzi\u0119\u0142o udzia\u0142 \u0107wier\u0107 miliona Polak\u00f3w \u2013 poinformowa\u0142 w mediach spo\u0142eczno\u015bciowych Rafa\u0142 Buca z komitetu organizacyjnego. \u0106wier\u0107 milion","og_url":"https:\/\/www.pogotowieflagowe.pl\/aktualne\/ogromna-frekwencja-na-marszu-niepodleglosci-organizatorzy-zglaszaja-nawet-cwierc-miliona-uczestnikow\/","og_site_name":"POGOTOWIE FLAGOWE\u00ae","article_published_time":"2025-11-11T19:47:21+00:00","article_modified_time":"2025-11-11T19:47:22+00:00","og_image":[{"width":1280,"height":720,"url":"https:\/\/www.pogotowieflagowe.pl\/aktualne\/wp-content\/uploads\/2025\/11\/Ogromna-frekwencja-na-Marszu-Niepodleglosci-\u2013-organizatorzy-zglaszaja-nawet-cwierc.webp.webp","type":"image\/webp"}],"author":"Filip","twitter_card":"summary_large_image","twitter_misc":{"Napisane przez":"Filip","Szacowany czas czytania":"1 minuta"},"schema":{"@context":"https:\/\/schema.org","@graph":[{"@type":"Article","@id":"https:\/\/www.pogotowieflagowe.pl\/aktualne\/ogromna-frekwencja-na-marszu-niepodleglosci-organizatorzy-zglaszaja-nawet-cwierc-miliona-uczestnikow\/#article","isPartOf":{"@id":"https:\/\/www.pogotowieflagowe.pl\/aktualne\/ogromna-frekwencja-na-marszu-niepodleglosci-organizatorzy-zglaszaja-nawet-cwierc-miliona-uczestnikow\/"},"author":{"name":"Filip","@id":"https:\/\/www.pogotowieflagowe.pl\/aktualne\/#\/schema\/person\/9c2fb7d2362ebf6fa088960d7f0d27b0"},"headline":"Ogromna frekwencja na Marszu Niepodleg\u0142o\u015bci \u2013 organizatorzy zg\u0142aszaj\u0105 nawet \u0107wier\u0107 miliona uczestnik\u00f3w","datePublished":"2025-11-11T19:47:21+00:00","dateModified":"2025-11-11T19:47:22+00:00","mainEntityOfPage":{"@id":"https:\/\/www.pogotowieflagowe.pl\/aktualne\/ogromna-frekwencja-na-marszu-niepodleglosci-organizatorzy-zglaszaja-nawet-cwierc-miliona-uczestnikow\/"},"wordCount":118,"commentCount":0,"publisher":{"@id":"https:\/\/www.pogotowieflagowe.pl\/aktualne\/#organization"},"image":{"@id":"https:\/\/www.pogotowieflagowe.pl\/aktualne\/ogromna-frekwencja-na-marszu-niepodleglosci-organizatorzy-zglaszaja-nawet-cwierc-miliona-uczestnikow\/#primaryimage"},"thumbnailUrl":"https:\/\/www.pogotowieflagowe.pl\/aktualne\/wp-content\/uploads\/2025\/11\/Ogromna-frekwencja-na-Marszu-Niepodleglosci-\u2013-organizatorzy-zglaszaja-nawet-cwierc.webp.webp","keywords":["\u0107wier\u0107","frekwencja","Marszu","miliona","nawet","Niepodleg\u0142o\u015bci","ogromn\u0105","organizatorzy","uczestnik\u00f3w","zg\u0142aszaj\u0105"],"articleSection":["Aktualne"],"inLanguage":"pl-PL","potentialAction":[{"@type":"CommentAction","name":"Comment","target":["https:\/\/www.pogotowieflagowe.pl\/aktualne\/ogromna-frekwencja-na-marszu-niepodleglosci-organizatorzy-zglaszaja-nawet-cwierc-miliona-uczestnikow\/#respond"]}]},{"@type":"WebPage","@id":"https:\/\/www.pogotowieflagowe.pl\/aktualne\/ogromna-frekwencja-na-marszu-niepodleglosci-organizatorzy-zglaszaja-nawet-cwierc-miliona-uczestnikow\/","url":"https:\/\/www.pogotowieflagowe.pl\/aktualne\/ogromna-frekwencja-na-marszu-niepodleglosci-organizatorzy-zglaszaja-nawet-cwierc-miliona-uczestnikow\/","name":"Ogromna frekwencja na Marszu Niepodleg\u0142o\u015bci \u2013 organizatorzy zg\u0142aszaj\u0105 nawet \u0107wier\u0107 miliona uczestnik\u00f3w - POGOTOWIE FLAGOWE\u00ae","isPartOf":{"@id":"https:\/\/www.pogotowieflagowe.pl\/aktualne\/#website"},"primaryImageOfPage":{"@id":"https:\/\/www.pogotowieflagowe.pl\/aktualne\/ogromna-frekwencja-na-marszu-niepodleglosci-organizatorzy-zglaszaja-nawet-cwierc-miliona-uczestnikow\/#primaryimage"},"image":{"@id":"https:\/\/www.pogotowieflagowe.pl\/aktualne\/ogromna-frekwencja-na-marszu-niepodleglosci-organizatorzy-zglaszaja-nawet-cwierc-miliona-uczestnikow\/#primaryimage"},"thumbnailUrl":"https:\/\/www.pogotowieflagowe.pl\/aktualne\/wp-content\/uploads\/2025\/11\/Ogromna-frekwencja-na-Marszu-Niepodleglosci-\u2013-organizatorzy-zglaszaja-nawet-cwierc.webp.webp","datePublished":"2025-11-11T19:47:21+00:00","dateModified":"2025-11-11T19:47:22+00:00","breadcrumb":{"@id":"https:\/\/www.pogotowieflagowe.pl\/aktualne\/ogromna-frekwencja-na-marszu-niepodleglosci-organizatorzy-zglaszaja-nawet-cwierc-miliona-uczestnikow\/#breadcrumb"},"inLanguage":"pl-PL","potentialAction":[{"@type":"ReadAction","target":["https:\/\/www.pogotowieflagowe.pl\/aktualne\/ogromna-frekwencja-na-marszu-niepodleglosci-organizatorzy-zglaszaja-nawet-cwierc-miliona-uczestnikow\/"]}]},{"@type":"ImageObject","inLanguage":"pl-PL","@id":"https:\/\/www.pogotowieflagowe.pl\/aktualne\/ogromna-frekwencja-na-marszu-niepodleglosci-organizatorzy-zglaszaja-nawet-cwierc-miliona-uczestnikow\/#primaryimage","url":"https:\/\/www.pogotowieflagowe.pl\/aktualne\/wp-content\/uploads\/2025\/11\/Ogromna-frekwencja-na-Marszu-Niepodleglosci-\u2013-organizatorzy-zglaszaja-nawet-cwierc.webp.webp","contentUrl":"https:\/\/www.pogotowieflagowe.pl\/aktualne\/wp-content\/uploads\/2025\/11\/Ogromna-frekwencja-na-Marszu-Niepodleglosci-\u2013-organizatorzy-zglaszaja-nawet-cwierc.webp.webp","width":1280,"height":720,"caption":"Ogromna frekwencja na Marszu Niepodleg\u0142o\u015bci \u2013 organizatorzy zg\u0142aszaj\u0105 nawet \u0107wier\u0107 miliona uczestnik\u00f3w"},{"@type":"BreadcrumbList","@id":"https:\/\/www.pogotowieflagowe.pl\/aktualne\/ogromna-frekwencja-na-marszu-niepodleglosci-organizatorzy-zglaszaja-nawet-cwierc-miliona-uczestnikow\/#breadcrumb","itemListElement":[{"@type":"ListItem","position":1,"name":"Home","item":"https:\/\/www.pogotowieflagowe.pl\/aktualne\/"},{"@type":"ListItem","position":2,"name":"Ogromna frekwencja na Marszu Niepodleg\u0142o\u015bci \u2013 organizatorzy zg\u0142aszaj\u0105 nawet \u0107wier\u0107 miliona uczestnik\u00f3w"}]},{"@type":"WebSite","@id":"https:\/\/www.pogotowieflagowe.pl\/aktualne\/#website","url":"https:\/\/www.pogotowieflagowe.pl\/aktualne\/","name":"POGOTOWIE FLAGOWE\u00ae","description":"","publisher":{"@id":"https:\/\/www.pogotowieflagowe.pl\/aktualne\/#organization"},"potentialAction":[{"@type":"SearchAction","target":{"@type":"EntryPoint","urlTemplate":"https:\/\/www.pogotowieflagowe.pl\/aktualne\/?s={search_term_string}"},"query-input":"required name=search_term_string"}],"inLanguage":"pl-PL"},{"@type":"Organization","@id":"https:\/\/www.pogotowieflagowe.pl\/aktualne\/#organization","name":"POGOTOWIE FLAGOWE\u00ae","url":"https:\/\/www.pogotowieflagowe.pl\/aktualne\/","logo":{"@type":"ImageObject","inLanguage":"pl-PL","@id":"https:\/\/www.pogotowieflagowe.pl\/aktualne\/#\/schema\/logo\/image\/","url":"https:\/\/www.pogotowieflagowe.pl\/aktualne\/wp-content\/uploads\/2024\/08\/cropped-pogotowieflagowe_flaga_projekt_sm.jpg","contentUrl":"https:\/\/www.pogotowieflagowe.pl\/aktualne\/wp-content\/uploads\/2024\/08\/cropped-pogotowieflagowe_flaga_projekt_sm.jpg","width":250,"height":143,"caption":"POGOTOWIE FLAGOWE\u00ae"},"image":{"@id":"https:\/\/www.pogotowieflagowe.pl\/aktualne\/#\/schema\/logo\/image\/"}},{"@type":"Person","@id":"https:\/\/www.pogotowieflagowe.pl\/aktualne\/#\/schema\/person\/9c2fb7d2362ebf6fa088960d7f0d27b0","name":"Filip","image":{"@type":"ImageObject","inLanguage":"pl-PL","@id":"https:\/\/www.pogotowieflagowe.pl\/aktualne\/#\/schema\/person\/image\/","url":"https:\/\/www.pogotowieflagowe.pl\/aktualne\/wp-content\/uploads\/2024\/08\/pogotowieflagowe.pl_.jpg","contentUrl":"https:\/\/www.pogotowieflagowe.pl\/aktualne\/wp-content\/uploads\/2024\/08\/pogotowieflagowe.pl_.jpg","caption":"Filip"},"description":"Jestem Filip, polski dziennikarz z dyplomem nauk politycznych Uniwersytetu Warszawskiego. Rozpoczynaj\u0105c swoj\u0105 karier\u0119 w r\u00f3\u017cnych lokalnych mediach, zdoby\u0142em solidne do\u015bwiadczenie w zakresie \u015bledztwa i redakcji. Obecnie jako redaktor w Pogotowie flagowe, staram si\u0119 dostarcza\u0107 dog\u0142\u0119bne i istotne analizy na temat najwa\u017cniejszych kwestii aktualno\u015bci, \u0142\u0105cz\u0105c rygor z pasj\u0105 dziennikarsk\u0105.","sameAs":["https:\/\/www.pogotowieflagowe.pl\/"]}]}},"_links":{"self":[{"href":"https:\/\/www.pogotowieflagowe.pl\/aktualne\/wp-json\/wp\/v2\/posts\/10449","targetHints":{"allow":["GET"]}}],"collection":[{"href":"https:\/\/www.pogotowieflagowe.pl\/aktualne\/wp-json\/wp\/v2\/posts"}],"about":[{"href":"https:\/\/www.pogotowieflagowe.pl\/aktualne\/wp-json\/wp\/v2\/types\/post"}],"author":[{"embeddable":true,"href":"https:\/\/www.pogotowieflagowe.pl\/aktualne\/wp-json\/wp\/v2\/users\/1"}],"replies":[{"embeddable":true,"href":"https:\/\/www.pogotowieflagowe.pl\/aktualne\/wp-json\/wp\/v2\/comments?post=10449"}],"version-history":[{"count":1,"href":"https:\/\/www.pogotowieflagowe.pl\/aktualne\/wp-json\/wp\/v2\/posts\/10449\/revisions"}],"predecessor-version":[{"id":10451,"href":"https:\/\/www.pogotowieflagowe.pl\/aktualne\/wp-json\/wp\/v2\/posts\/10449\/revisions\/10451"}],"wp:featuredmedia":[{"embeddable":true,"href":"https:\/\/www.pogotowieflagowe.pl\/aktualne\/wp-json\/wp\/v2\/media\/10450"}],"wp:attachment":[{"href":"https:\/\/www.pogotowieflagowe.pl\/aktualne\/wp-json\/wp\/v2\/media?parent=10449"}],"wp:term":[{"taxonomy":"category","embeddable":true,"href":"https:\/\/www.pogotowieflagowe.pl\/aktualne\/wp-json\/wp\/v2\/categories?post=10449"},{"taxonomy":"post_tag","embeddable":true,"href":"https:\/\/www.pogotowieflagowe.pl\/aktualne\/wp-json\/wp\/v2\/tags?post=10449"}],"curies":[{"name":"wp","href":"https:\/\/api.w.org\/{rel}","templated":true}]}}