{"id":10463,"date":"2025-11-12T13:38:18","date_gmt":"2025-11-12T12:38:18","guid":{"rendered":"https:\/\/www.pogotowieflagowe.pl\/aktualne\/lider-pis-ujawnia-pytania-do-referendum-w-sprawie-migracji-boimy-sie-powtorki-z-przeszlosci\/"},"modified":"2025-11-12T13:38:19","modified_gmt":"2025-11-12T12:38:19","slug":"lider-pis-ujawnia-pytania-do-referendum-w-sprawie-migracji-boimy-sie-powtorki-z-przeszlosci","status":"publish","type":"post","link":"https:\/\/www.pogotowieflagowe.pl\/aktualne\/lider-pis-ujawnia-pytania-do-referendum-w-sprawie-migracji-boimy-sie-powtorki-z-przeszlosci\/","title":{"rendered":"Lider PiS ujawnia pytania do referendum w sprawie migracji: \u201eBoimy si\u0119 powt\u00f3rki z przesz\u0142o\u015bci\u201d"},"content":{"rendered":"\n<div class=\"td_block_wrap tdb_single_content tdi_41 td-pb-border-top td_block_template_8 td-post-content tagdiv-type\" data-td-block-uid=\"tdi_41\">\n<style>.tdi_41{margines-top:0px!important;margin-bottom:0px!important;dope\u0142nienie-g\u00f3ra:0px!important;dope\u0142nienie-d\u00f3\u0142:0px!important}<\/style>\n<style>.tdb_single_content{margin-bottom:0;*zoom:1}.tdb_single_content:before,.tdb_single_content:after{display:table;content:'';line-height:0}.tdb_single_content:after{clear:both}.tdb_single_content .tdb-block-inner>*:not(.wp-block-quote):not(.alignwide):not(.alignfull.wp-block-cover.has-parallax):not(.td-a-ad){margin-left:auto;margin-right:auto}.tdb_single_content a{pointer-events:auto}.tdb_single_content .td-spot-id-top_ad .tdc-placeholder-title:before{content:'Najlepsza reklama artyku\u0142u'!important}.tdb_single_content .td-spot-id-inline_ad0 .tdc-placeholder-title:before{content:'Reklama wbudowana artyku\u0142u 1'!important}.tdb_single_content .td-spot-id-inline_ad1 .tdc-placeholder-title:before{content:'Wbudowana reklama w artykule 2'!important}.tdb_single_content .td-spot-id-inline_ad2 .tdc-placeholder-title:before{content:'Wbudowana reklama w artykule 3'!important}.tdb_single_content .td-spot-id-bottom_ad .tdc-placeholder-title:before{content:'Article Bottom Ad'!important}.tdb_single_content .id_top_ad,.tdb_single_content .id_bottom_ad{clear:both;margin-bottom:21px;text-align:center}.tdb_single_content .id_top_ad img,.tdb_single_content .id_bottom_ad img{margin-bottom:0}.tdb_single_content .id_top_ad .adsbygoogle,.tdb_single_content .id_bottom_ad .adsbygoogle{position:relative}.tdb_single_content .id_ad_content-horiz-left,.tdb_single_content .id_ad_content-horiz-right,.tdb_single_content .id_ad_content-horiz-center{margin-bottom:15px}.tdb_single_content .id_ad_content-horiz-left img,.tdb_single_content .id_ad_content-horiz-right img,.tdb_single_content .id_ad_content-horiz-center img{margin-bottom:0}.tdb_single_content .id_ad_content-horiz-center{text-align:center}.tdb_single_content .id_ad_content-horiz-center img{margin-right:auto;margin-left:auto}.tdb_single_content .id_ad_content-horiz-left{float:left;margin-top:9px;margin-right:21px}.tdb_single_content .id_ad_content-horiz-right{float:right;margin-top:6px;margin-left:21px}.tdb_single_content .tdc-a-ad .tdc-placeholder-title{width:300px;height:250px}.tdb_single_content .tdc-a-ad .tdc-placeholder-title:before{position:absolute;top:50%;-webkit-transform:translateY(-50%);transform:translateY(-50%);margin:auto;display:table;width:100%}.tdb_single_content .tdb-block-inner.td-fix-index{word-break:break-word}.tdi_41,.tdi_41>p,.tdi_41 .tdb-block-inner>p,.wp-block-column>p{font-size:16px!important;line-height:1.6!important}.tdi_41 .tdb-block-inner blockquote p{font-style:normal!important}@media (max-width:767px){.tdb_single_content .id_ad_content-horiz-left,.tdb_single_content .id_ad_content-horiz-right,.tdb_single_content .id_ad_content-horiz-center{margin:0 auto 26 pikseli auto}}@media (max-width:767px){.tdb_single_content .id_ad_content-horiz-left{margin-right:0}}@media (max-width:767px){.tdb_single_content .id_ad_content-horiz-right{margin-left:0}}@media (max-width:767px){.tdb_single_content .td-a-ad{float:none;text-align:center}.tdb_single_content .td-a-ad img{margin-right:auto;margin-left:auto}.tdb_single_content .tdc-a-ad{float:none}}<\/style>\n<div class=\"tdb-block-inner td-fix-index\">\n<p>\u201eMamy ju\u017c wystarczaj\u0105c\u0105 liczb\u0119 podpis\u00f3w pod inicjatyw\u0105 zorganizowania referendum w sprawie nielegalnej migracji, ale boimy si\u0119 tego, co przydarzy\u0142o nam si\u0119 ju\u017c kilka razy \u2013 szczeg\u00f3lnie w Warszawie \u2013 kiedy zgromadzili\u015bmy wystarczaj\u0105c\u0105 liczb\u0119 podpis\u00f3w, a mimo to og\u0142aszano, \u017ce tego nie zrobili\u015bmy\u201d \u2013 powiedzia\u0142 w rozmowie z \u201ePiS\u201d Jaros\u0142aw Kaczy\u0144ski, przewodnicz\u0105cy PiS. <em>niezalezna.pl<\/em>.<\/p>\n<p>Od pewnego czasu PiS przygotowywa\u0142 si\u0119 do przeprowadzenia kolejnego referendum w sprawie nielegalnej migracji. Trwa zbieranie podpis\u00f3w.<\/p>\n<p>Wczoraj reporter Niezale\u017cna.pl zapyta\u0142 o t\u0119 inicjatyw\u0119 prezesa PiS Jaros\u0142awa Kaczy\u0144skiego.<\/p>\n<p>&#8222;Mamy do\u015b\u0107 podpis\u00f3w, ale boimy si\u0119 tego, co przydarzy\u0142o si\u0119 nam ju\u017c kilka razy &#8211; zw\u0142aszcza w Warszawie &#8211; kiedy mieli\u015bmy wymagan\u0105 liczb\u0119 podpis\u00f3w, a o\u015bwiadczono, \u017ce nie. Prosz\u0119 pami\u0119ta\u0107, co si\u0119 sta\u0142o z referendum w czasie wybor\u00f3w. W istocie by\u0142y to dzia\u0142ania niezgodne z prawem. Inaczej frekwencja by\u0142aby wystarczaj\u0105ca &#8211; jestem o tym przekonany. Dlatego chcemy mie\u0107 znacznie wi\u0119cej, ni\u017c potrzeba. Mamy ju\u017c wi\u0119cej, ni\u017c potrzeba, ale chcemy zebra\u0107 znacznie wi\u0119cej&#8221; &#8211; powiedzia\u0142 lider PiS.<\/p>\n<h2 class=\"wp-block-heading\">Jakie pytania pojawi\u0105 si\u0119 w referendum?<\/h2>\n<p>&#8222;Pytanie b\u0119dzie proste: czy chcemy paktu migracyjnego, przymusowego przyjmowania migrant\u00f3w? Czy chcemy broni\u0107 Polski przed tym nieszcz\u0119\u015bciem?&#8221; stwierdzi\u0142 Jaros\u0142aw Kaczy\u0144ski.<\/p>\n<p>\u201eCzy b\u0119dzie tylko jedno pytanie?\u201d \u2013 zapyta\u0142 nasz reporter.<\/p>\n<p>\u201eMog\u0105 by\u0107 dwa, ale w istocie ich znaczenie b\u0119dzie takie samo\u201d \u2013 odpowiedzia\u0142.<\/p>\n<\/div>\n<\/div>\n","protected":false},"excerpt":{"rendered":"<p>\u201eMamy ju\u017c wystarczaj\u0105c\u0105 liczb\u0119 podpis\u00f3w pod inicjatyw\u0105 zorganizowania referendum w sprawie nielegalnej migracji, ale boimy si\u0119 tego, co przydarzy\u0142o nam<\/p>\n","protected":false},"author":1,"featured_media":6712,"comment_status":"open","ping_status":"open","sticky":false,"template":"","format":"standard","meta":{"footnotes":""},"categories":[4748],"tags":[11939,1102,1531,166,11940,1020,3072,6409,150,35,192],"class_list":["post-10463","post","type-post","status-publish","format-standard","has-post-thumbnail","hentry","category-aktualne","tag-boimy","tag-lider","tag-migracji","tag-pis","tag-powtorki","tag-przeszlosci","tag-pytania","tag-referendum","tag-sie","tag-sprawie","tag-ujawnia","generate-columns","tablet-grid-50","mobile-grid-100","grid-parent","grid-50","resize-featured-image"],"yoast_head":"<!-- This site is optimized with the Yoast SEO plugin v23.2 - https:\/\/yoast.com\/wordpress\/plugins\/seo\/ -->\n<title>Lider PiS ujawnia pytania do referendum w sprawie migracji: \u201eBoimy si\u0119 powt\u00f3rki z przesz\u0142o\u015bci\u201d - POGOTOWIE FLAGOWE\u00ae<\/title>\n<meta name=\"robots\" content=\"index, follow, max-snippet:-1, max-image-preview:large, max-video-preview:-1\" \/>\n<link rel=\"canonical\" href=\"https:\/\/www.pogotowieflagowe.pl\/aktualne\/lider-pis-ujawnia-pytania-do-referendum-w-sprawie-migracji-boimy-sie-powtorki-z-przeszlosci\/\" \/>\n<meta property=\"og:locale\" content=\"pl_PL\" \/>\n<meta property=\"og:type\" content=\"article\" \/>\n<meta property=\"og:title\" content=\"Lider PiS ujawnia pytania do referendum w sprawie migracji: \u201eBoimy si\u0119 powt\u00f3rki z przesz\u0142o\u015bci\u201d - POGOTOWIE FLAGOWE\u00ae\" \/>\n<meta property=\"og:description\" content=\"\u201eMamy ju\u017c wystarczaj\u0105c\u0105 liczb\u0119 podpis\u00f3w pod inicjatyw\u0105 zorganizowania referendum w sprawie nielegalnej migracji, ale boimy si\u0119 tego, co przydarzy\u0142o nam\" \/>\n<meta property=\"og:url\" content=\"https:\/\/www.pogotowieflagowe.pl\/aktualne\/lider-pis-ujawnia-pytania-do-referendum-w-sprawie-migracji-boimy-sie-powtorki-z-przeszlosci\/\" \/>\n<meta property=\"og:site_name\" content=\"POGOTOWIE FLAGOWE\u00ae\" \/>\n<meta property=\"article:published_time\" content=\"2025-11-12T12:38:18+00:00\" \/>\n<meta property=\"article:modified_time\" content=\"2025-11-12T12:38:19+00:00\" \/>\n<meta property=\"og:image\" content=\"https:\/\/www.pogotowieflagowe.pl\/aktualne\/wp-content\/uploads\/2025\/07\/Imigracja-zalewa-Europe-Dane-pozostawiaja-bez-watpienia.jpg\" \/>\n\t<meta property=\"og:image:width\" content=\"1200\" \/>\n\t<meta property=\"og:image:height\" content=\"675\" \/>\n\t<meta property=\"og:image:type\" content=\"image\/jpeg\" \/>\n<meta name=\"author\" content=\"Filip\" \/>\n<meta name=\"twitter:card\" content=\"summary_large_image\" \/>\n<meta name=\"twitter:label1\" content=\"Napisane przez\" \/>\n\t<meta name=\"twitter:data1\" content=\"Filip\" \/>\n\t<meta name=\"twitter:label2\" content=\"Szacowany czas czytania\" \/>\n\t<meta name=\"twitter:data2\" content=\"1 minuta\" \/>\n<script type=\"application\/ld+json\" class=\"yoast-schema-graph\">{\"@context\":\"https:\/\/schema.org\",\"@graph\":[{\"@type\":\"Article\",\"@id\":\"https:\/\/www.pogotowieflagowe.pl\/aktualne\/lider-pis-ujawnia-pytania-do-referendum-w-sprawie-migracji-boimy-sie-powtorki-z-przeszlosci\/#article\",\"isPartOf\":{\"@id\":\"https:\/\/www.pogotowieflagowe.pl\/aktualne\/lider-pis-ujawnia-pytania-do-referendum-w-sprawie-migracji-boimy-sie-powtorki-z-przeszlosci\/\"},\"author\":{\"name\":\"Filip\",\"@id\":\"https:\/\/www.pogotowieflagowe.pl\/aktualne\/#\/schema\/person\/9c2fb7d2362ebf6fa088960d7f0d27b0\"},\"headline\":\"Lider PiS ujawnia pytania do referendum w sprawie migracji: \u201eBoimy si\u0119 powt\u00f3rki z przesz\u0142o\u015bci\u201d\",\"datePublished\":\"2025-11-12T12:38:18+00:00\",\"dateModified\":\"2025-11-12T12:38:19+00:00\",\"mainEntityOfPage\":{\"@id\":\"https:\/\/www.pogotowieflagowe.pl\/aktualne\/lider-pis-ujawnia-pytania-do-referendum-w-sprawie-migracji-boimy-sie-powtorki-z-przeszlosci\/\"},\"wordCount\":258,\"commentCount\":0,\"publisher\":{\"@id\":\"https:\/\/www.pogotowieflagowe.pl\/aktualne\/#organization\"},\"image\":{\"@id\":\"https:\/\/www.pogotowieflagowe.pl\/aktualne\/lider-pis-ujawnia-pytania-do-referendum-w-sprawie-migracji-boimy-sie-powtorki-z-przeszlosci\/#primaryimage\"},\"thumbnailUrl\":\"https:\/\/www.pogotowieflagowe.pl\/aktualne\/wp-content\/uploads\/2025\/07\/Imigracja-zalewa-Europe-Dane-pozostawiaja-bez-watpienia.jpg\",\"keywords\":[\"Boimy\",\"lider\",\"migracji\",\"PiS\",\"powt\u00f3rki\",\"przesz\u0142o\u015bci\",\"pytania\",\"referendum\",\"si\u0119\",\"sprawie\",\"ujawnia\"],\"articleSection\":[\"Aktualne\"],\"inLanguage\":\"pl-PL\",\"potentialAction\":[{\"@type\":\"CommentAction\",\"name\":\"Comment\",\"target\":[\"https:\/\/www.pogotowieflagowe.pl\/aktualne\/lider-pis-ujawnia-pytania-do-referendum-w-sprawie-migracji-boimy-sie-powtorki-z-przeszlosci\/#respond\"]}]},{\"@type\":\"WebPage\",\"@id\":\"https:\/\/www.pogotowieflagowe.pl\/aktualne\/lider-pis-ujawnia-pytania-do-referendum-w-sprawie-migracji-boimy-sie-powtorki-z-przeszlosci\/\",\"url\":\"https:\/\/www.pogotowieflagowe.pl\/aktualne\/lider-pis-ujawnia-pytania-do-referendum-w-sprawie-migracji-boimy-sie-powtorki-z-przeszlosci\/\",\"name\":\"Lider PiS ujawnia pytania do referendum w sprawie migracji: \u201eBoimy si\u0119 powt\u00f3rki z przesz\u0142o\u015bci\u201d - POGOTOWIE FLAGOWE\u00ae\",\"isPartOf\":{\"@id\":\"https:\/\/www.pogotowieflagowe.pl\/aktualne\/#website\"},\"primaryImageOfPage\":{\"@id\":\"https:\/\/www.pogotowieflagowe.pl\/aktualne\/lider-pis-ujawnia-pytania-do-referendum-w-sprawie-migracji-boimy-sie-powtorki-z-przeszlosci\/#primaryimage\"},\"image\":{\"@id\":\"https:\/\/www.pogotowieflagowe.pl\/aktualne\/lider-pis-ujawnia-pytania-do-referendum-w-sprawie-migracji-boimy-sie-powtorki-z-przeszlosci\/#primaryimage\"},\"thumbnailUrl\":\"https:\/\/www.pogotowieflagowe.pl\/aktualne\/wp-content\/uploads\/2025\/07\/Imigracja-zalewa-Europe-Dane-pozostawiaja-bez-watpienia.jpg\",\"datePublished\":\"2025-11-12T12:38:18+00:00\",\"dateModified\":\"2025-11-12T12:38:19+00:00\",\"breadcrumb\":{\"@id\":\"https:\/\/www.pogotowieflagowe.pl\/aktualne\/lider-pis-ujawnia-pytania-do-referendum-w-sprawie-migracji-boimy-sie-powtorki-z-przeszlosci\/#breadcrumb\"},\"inLanguage\":\"pl-PL\",\"potentialAction\":[{\"@type\":\"ReadAction\",\"target\":[\"https:\/\/www.pogotowieflagowe.pl\/aktualne\/lider-pis-ujawnia-pytania-do-referendum-w-sprawie-migracji-boimy-sie-powtorki-z-przeszlosci\/\"]}]},{\"@type\":\"ImageObject\",\"inLanguage\":\"pl-PL\",\"@id\":\"https:\/\/www.pogotowieflagowe.pl\/aktualne\/lider-pis-ujawnia-pytania-do-referendum-w-sprawie-migracji-boimy-sie-powtorki-z-przeszlosci\/#primaryimage\",\"url\":\"https:\/\/www.pogotowieflagowe.pl\/aktualne\/wp-content\/uploads\/2025\/07\/Imigracja-zalewa-Europe-Dane-pozostawiaja-bez-watpienia.jpg\",\"contentUrl\":\"https:\/\/www.pogotowieflagowe.pl\/aktualne\/wp-content\/uploads\/2025\/07\/Imigracja-zalewa-Europe-Dane-pozostawiaja-bez-watpienia.jpg\",\"width\":1200,\"height\":675,\"caption\":\"Imigracja zalewa Europ\u0119. Dane pozostawiaj\u0105 bez w\u0105tpienia\"},{\"@type\":\"BreadcrumbList\",\"@id\":\"https:\/\/www.pogotowieflagowe.pl\/aktualne\/lider-pis-ujawnia-pytania-do-referendum-w-sprawie-migracji-boimy-sie-powtorki-z-przeszlosci\/#breadcrumb\",\"itemListElement\":[{\"@type\":\"ListItem\",\"position\":1,\"name\":\"Home\",\"item\":\"https:\/\/www.pogotowieflagowe.pl\/aktualne\/\"},{\"@type\":\"ListItem\",\"position\":2,\"name\":\"Lider PiS ujawnia pytania do referendum w sprawie migracji: \u201eBoimy si\u0119 powt\u00f3rki z przesz\u0142o\u015bci\u201d\"}]},{\"@type\":\"WebSite\",\"@id\":\"https:\/\/www.pogotowieflagowe.pl\/aktualne\/#website\",\"url\":\"https:\/\/www.pogotowieflagowe.pl\/aktualne\/\",\"name\":\"POGOTOWIE FLAGOWE\u00ae\",\"description\":\"\",\"publisher\":{\"@id\":\"https:\/\/www.pogotowieflagowe.pl\/aktualne\/#organization\"},\"potentialAction\":[{\"@type\":\"SearchAction\",\"target\":{\"@type\":\"EntryPoint\",\"urlTemplate\":\"https:\/\/www.pogotowieflagowe.pl\/aktualne\/?s={search_term_string}\"},\"query-input\":\"required name=search_term_string\"}],\"inLanguage\":\"pl-PL\"},{\"@type\":\"Organization\",\"@id\":\"https:\/\/www.pogotowieflagowe.pl\/aktualne\/#organization\",\"name\":\"POGOTOWIE FLAGOWE\u00ae\",\"url\":\"https:\/\/www.pogotowieflagowe.pl\/aktualne\/\",\"logo\":{\"@type\":\"ImageObject\",\"inLanguage\":\"pl-PL\",\"@id\":\"https:\/\/www.pogotowieflagowe.pl\/aktualne\/#\/schema\/logo\/image\/\",\"url\":\"https:\/\/www.pogotowieflagowe.pl\/aktualne\/wp-content\/uploads\/2024\/08\/cropped-pogotowieflagowe_flaga_projekt_sm.jpg\",\"contentUrl\":\"https:\/\/www.pogotowieflagowe.pl\/aktualne\/wp-content\/uploads\/2024\/08\/cropped-pogotowieflagowe_flaga_projekt_sm.jpg\",\"width\":250,\"height\":143,\"caption\":\"POGOTOWIE FLAGOWE\u00ae\"},\"image\":{\"@id\":\"https:\/\/www.pogotowieflagowe.pl\/aktualne\/#\/schema\/logo\/image\/\"}},{\"@type\":\"Person\",\"@id\":\"https:\/\/www.pogotowieflagowe.pl\/aktualne\/#\/schema\/person\/9c2fb7d2362ebf6fa088960d7f0d27b0\",\"name\":\"Filip\",\"image\":{\"@type\":\"ImageObject\",\"inLanguage\":\"pl-PL\",\"@id\":\"https:\/\/www.pogotowieflagowe.pl\/aktualne\/#\/schema\/person\/image\/\",\"url\":\"https:\/\/www.pogotowieflagowe.pl\/aktualne\/wp-content\/uploads\/2024\/08\/pogotowieflagowe.pl_.jpg\",\"contentUrl\":\"https:\/\/www.pogotowieflagowe.pl\/aktualne\/wp-content\/uploads\/2024\/08\/pogotowieflagowe.pl_.jpg\",\"caption\":\"Filip\"},\"description\":\"Jestem Filip, polski dziennikarz z dyplomem nauk politycznych Uniwersytetu Warszawskiego. Rozpoczynaj\u0105c swoj\u0105 karier\u0119 w r\u00f3\u017cnych lokalnych mediach, zdoby\u0142em solidne do\u015bwiadczenie w zakresie \u015bledztwa i redakcji. Obecnie jako redaktor w Pogotowie flagowe, staram si\u0119 dostarcza\u0107 dog\u0142\u0119bne i istotne analizy na temat najwa\u017cniejszych kwestii aktualno\u015bci, \u0142\u0105cz\u0105c rygor z pasj\u0105 dziennikarsk\u0105.\",\"sameAs\":[\"https:\/\/www.pogotowieflagowe.pl\/\"]}]}<\/script>\n<!-- \/ Yoast SEO plugin. -->","yoast_head_json":{"title":"Lider PiS ujawnia pytania do referendum w sprawie migracji: \u201eBoimy si\u0119 powt\u00f3rki z przesz\u0142o\u015bci\u201d - POGOTOWIE FLAGOWE\u00ae","robots":{"index":"index","follow":"follow","max-snippet":"max-snippet:-1","max-image-preview":"max-image-preview:large","max-video-preview":"max-video-preview:-1"},"canonical":"https:\/\/www.pogotowieflagowe.pl\/aktualne\/lider-pis-ujawnia-pytania-do-referendum-w-sprawie-migracji-boimy-sie-powtorki-z-przeszlosci\/","og_locale":"pl_PL","og_type":"article","og_title":"Lider PiS ujawnia pytania do referendum w sprawie migracji: \u201eBoimy si\u0119 powt\u00f3rki z przesz\u0142o\u015bci\u201d - POGOTOWIE FLAGOWE\u00ae","og_description":"\u201eMamy ju\u017c wystarczaj\u0105c\u0105 liczb\u0119 podpis\u00f3w pod inicjatyw\u0105 zorganizowania referendum w sprawie nielegalnej migracji, ale boimy si\u0119 tego, co przydarzy\u0142o nam","og_url":"https:\/\/www.pogotowieflagowe.pl\/aktualne\/lider-pis-ujawnia-pytania-do-referendum-w-sprawie-migracji-boimy-sie-powtorki-z-przeszlosci\/","og_site_name":"POGOTOWIE FLAGOWE\u00ae","article_published_time":"2025-11-12T12:38:18+00:00","article_modified_time":"2025-11-12T12:38:19+00:00","og_image":[{"width":1200,"height":675,"url":"https:\/\/www.pogotowieflagowe.pl\/aktualne\/wp-content\/uploads\/2025\/07\/Imigracja-zalewa-Europe-Dane-pozostawiaja-bez-watpienia.jpg","type":"image\/jpeg"}],"author":"Filip","twitter_card":"summary_large_image","twitter_misc":{"Napisane przez":"Filip","Szacowany czas czytania":"1 minuta"},"schema":{"@context":"https:\/\/schema.org","@graph":[{"@type":"Article","@id":"https:\/\/www.pogotowieflagowe.pl\/aktualne\/lider-pis-ujawnia-pytania-do-referendum-w-sprawie-migracji-boimy-sie-powtorki-z-przeszlosci\/#article","isPartOf":{"@id":"https:\/\/www.pogotowieflagowe.pl\/aktualne\/lider-pis-ujawnia-pytania-do-referendum-w-sprawie-migracji-boimy-sie-powtorki-z-przeszlosci\/"},"author":{"name":"Filip","@id":"https:\/\/www.pogotowieflagowe.pl\/aktualne\/#\/schema\/person\/9c2fb7d2362ebf6fa088960d7f0d27b0"},"headline":"Lider PiS ujawnia pytania do referendum w sprawie migracji: \u201eBoimy si\u0119 powt\u00f3rki z przesz\u0142o\u015bci\u201d","datePublished":"2025-11-12T12:38:18+00:00","dateModified":"2025-11-12T12:38:19+00:00","mainEntityOfPage":{"@id":"https:\/\/www.pogotowieflagowe.pl\/aktualne\/lider-pis-ujawnia-pytania-do-referendum-w-sprawie-migracji-boimy-sie-powtorki-z-przeszlosci\/"},"wordCount":258,"commentCount":0,"publisher":{"@id":"https:\/\/www.pogotowieflagowe.pl\/aktualne\/#organization"},"image":{"@id":"https:\/\/www.pogotowieflagowe.pl\/aktualne\/lider-pis-ujawnia-pytania-do-referendum-w-sprawie-migracji-boimy-sie-powtorki-z-przeszlosci\/#primaryimage"},"thumbnailUrl":"https:\/\/www.pogotowieflagowe.pl\/aktualne\/wp-content\/uploads\/2025\/07\/Imigracja-zalewa-Europe-Dane-pozostawiaja-bez-watpienia.jpg","keywords":["Boimy","lider","migracji","PiS","powt\u00f3rki","przesz\u0142o\u015bci","pytania","referendum","si\u0119","sprawie","ujawnia"],"articleSection":["Aktualne"],"inLanguage":"pl-PL","potentialAction":[{"@type":"CommentAction","name":"Comment","target":["https:\/\/www.pogotowieflagowe.pl\/aktualne\/lider-pis-ujawnia-pytania-do-referendum-w-sprawie-migracji-boimy-sie-powtorki-z-przeszlosci\/#respond"]}]},{"@type":"WebPage","@id":"https:\/\/www.pogotowieflagowe.pl\/aktualne\/lider-pis-ujawnia-pytania-do-referendum-w-sprawie-migracji-boimy-sie-powtorki-z-przeszlosci\/","url":"https:\/\/www.pogotowieflagowe.pl\/aktualne\/lider-pis-ujawnia-pytania-do-referendum-w-sprawie-migracji-boimy-sie-powtorki-z-przeszlosci\/","name":"Lider PiS ujawnia pytania do referendum w sprawie migracji: \u201eBoimy si\u0119 powt\u00f3rki z przesz\u0142o\u015bci\u201d - POGOTOWIE FLAGOWE\u00ae","isPartOf":{"@id":"https:\/\/www.pogotowieflagowe.pl\/aktualne\/#website"},"primaryImageOfPage":{"@id":"https:\/\/www.pogotowieflagowe.pl\/aktualne\/lider-pis-ujawnia-pytania-do-referendum-w-sprawie-migracji-boimy-sie-powtorki-z-przeszlosci\/#primaryimage"},"image":{"@id":"https:\/\/www.pogotowieflagowe.pl\/aktualne\/lider-pis-ujawnia-pytania-do-referendum-w-sprawie-migracji-boimy-sie-powtorki-z-przeszlosci\/#primaryimage"},"thumbnailUrl":"https:\/\/www.pogotowieflagowe.pl\/aktualne\/wp-content\/uploads\/2025\/07\/Imigracja-zalewa-Europe-Dane-pozostawiaja-bez-watpienia.jpg","datePublished":"2025-11-12T12:38:18+00:00","dateModified":"2025-11-12T12:38:19+00:00","breadcrumb":{"@id":"https:\/\/www.pogotowieflagowe.pl\/aktualne\/lider-pis-ujawnia-pytania-do-referendum-w-sprawie-migracji-boimy-sie-powtorki-z-przeszlosci\/#breadcrumb"},"inLanguage":"pl-PL","potentialAction":[{"@type":"ReadAction","target":["https:\/\/www.pogotowieflagowe.pl\/aktualne\/lider-pis-ujawnia-pytania-do-referendum-w-sprawie-migracji-boimy-sie-powtorki-z-przeszlosci\/"]}]},{"@type":"ImageObject","inLanguage":"pl-PL","@id":"https:\/\/www.pogotowieflagowe.pl\/aktualne\/lider-pis-ujawnia-pytania-do-referendum-w-sprawie-migracji-boimy-sie-powtorki-z-przeszlosci\/#primaryimage","url":"https:\/\/www.pogotowieflagowe.pl\/aktualne\/wp-content\/uploads\/2025\/07\/Imigracja-zalewa-Europe-Dane-pozostawiaja-bez-watpienia.jpg","contentUrl":"https:\/\/www.pogotowieflagowe.pl\/aktualne\/wp-content\/uploads\/2025\/07\/Imigracja-zalewa-Europe-Dane-pozostawiaja-bez-watpienia.jpg","width":1200,"height":675,"caption":"Imigracja zalewa Europ\u0119. Dane pozostawiaj\u0105 bez w\u0105tpienia"},{"@type":"BreadcrumbList","@id":"https:\/\/www.pogotowieflagowe.pl\/aktualne\/lider-pis-ujawnia-pytania-do-referendum-w-sprawie-migracji-boimy-sie-powtorki-z-przeszlosci\/#breadcrumb","itemListElement":[{"@type":"ListItem","position":1,"name":"Home","item":"https:\/\/www.pogotowieflagowe.pl\/aktualne\/"},{"@type":"ListItem","position":2,"name":"Lider PiS ujawnia pytania do referendum w sprawie migracji: \u201eBoimy si\u0119 powt\u00f3rki z przesz\u0142o\u015bci\u201d"}]},{"@type":"WebSite","@id":"https:\/\/www.pogotowieflagowe.pl\/aktualne\/#website","url":"https:\/\/www.pogotowieflagowe.pl\/aktualne\/","name":"POGOTOWIE FLAGOWE\u00ae","description":"","publisher":{"@id":"https:\/\/www.pogotowieflagowe.pl\/aktualne\/#organization"},"potentialAction":[{"@type":"SearchAction","target":{"@type":"EntryPoint","urlTemplate":"https:\/\/www.pogotowieflagowe.pl\/aktualne\/?s={search_term_string}"},"query-input":"required name=search_term_string"}],"inLanguage":"pl-PL"},{"@type":"Organization","@id":"https:\/\/www.pogotowieflagowe.pl\/aktualne\/#organization","name":"POGOTOWIE FLAGOWE\u00ae","url":"https:\/\/www.pogotowieflagowe.pl\/aktualne\/","logo":{"@type":"ImageObject","inLanguage":"pl-PL","@id":"https:\/\/www.pogotowieflagowe.pl\/aktualne\/#\/schema\/logo\/image\/","url":"https:\/\/www.pogotowieflagowe.pl\/aktualne\/wp-content\/uploads\/2024\/08\/cropped-pogotowieflagowe_flaga_projekt_sm.jpg","contentUrl":"https:\/\/www.pogotowieflagowe.pl\/aktualne\/wp-content\/uploads\/2024\/08\/cropped-pogotowieflagowe_flaga_projekt_sm.jpg","width":250,"height":143,"caption":"POGOTOWIE FLAGOWE\u00ae"},"image":{"@id":"https:\/\/www.pogotowieflagowe.pl\/aktualne\/#\/schema\/logo\/image\/"}},{"@type":"Person","@id":"https:\/\/www.pogotowieflagowe.pl\/aktualne\/#\/schema\/person\/9c2fb7d2362ebf6fa088960d7f0d27b0","name":"Filip","image":{"@type":"ImageObject","inLanguage":"pl-PL","@id":"https:\/\/www.pogotowieflagowe.pl\/aktualne\/#\/schema\/person\/image\/","url":"https:\/\/www.pogotowieflagowe.pl\/aktualne\/wp-content\/uploads\/2024\/08\/pogotowieflagowe.pl_.jpg","contentUrl":"https:\/\/www.pogotowieflagowe.pl\/aktualne\/wp-content\/uploads\/2024\/08\/pogotowieflagowe.pl_.jpg","caption":"Filip"},"description":"Jestem Filip, polski dziennikarz z dyplomem nauk politycznych Uniwersytetu Warszawskiego. Rozpoczynaj\u0105c swoj\u0105 karier\u0119 w r\u00f3\u017cnych lokalnych mediach, zdoby\u0142em solidne do\u015bwiadczenie w zakresie \u015bledztwa i redakcji. Obecnie jako redaktor w Pogotowie flagowe, staram si\u0119 dostarcza\u0107 dog\u0142\u0119bne i istotne analizy na temat najwa\u017cniejszych kwestii aktualno\u015bci, \u0142\u0105cz\u0105c rygor z pasj\u0105 dziennikarsk\u0105.","sameAs":["https:\/\/www.pogotowieflagowe.pl\/"]}]}},"_links":{"self":[{"href":"https:\/\/www.pogotowieflagowe.pl\/aktualne\/wp-json\/wp\/v2\/posts\/10463","targetHints":{"allow":["GET"]}}],"collection":[{"href":"https:\/\/www.pogotowieflagowe.pl\/aktualne\/wp-json\/wp\/v2\/posts"}],"about":[{"href":"https:\/\/www.pogotowieflagowe.pl\/aktualne\/wp-json\/wp\/v2\/types\/post"}],"author":[{"embeddable":true,"href":"https:\/\/www.pogotowieflagowe.pl\/aktualne\/wp-json\/wp\/v2\/users\/1"}],"replies":[{"embeddable":true,"href":"https:\/\/www.pogotowieflagowe.pl\/aktualne\/wp-json\/wp\/v2\/comments?post=10463"}],"version-history":[{"count":1,"href":"https:\/\/www.pogotowieflagowe.pl\/aktualne\/wp-json\/wp\/v2\/posts\/10463\/revisions"}],"predecessor-version":[{"id":10464,"href":"https:\/\/www.pogotowieflagowe.pl\/aktualne\/wp-json\/wp\/v2\/posts\/10463\/revisions\/10464"}],"wp:featuredmedia":[{"embeddable":true,"href":"https:\/\/www.pogotowieflagowe.pl\/aktualne\/wp-json\/wp\/v2\/media\/6712"}],"wp:attachment":[{"href":"https:\/\/www.pogotowieflagowe.pl\/aktualne\/wp-json\/wp\/v2\/media?parent=10463"}],"wp:term":[{"taxonomy":"category","embeddable":true,"href":"https:\/\/www.pogotowieflagowe.pl\/aktualne\/wp-json\/wp\/v2\/categories?post=10463"},{"taxonomy":"post_tag","embeddable":true,"href":"https:\/\/www.pogotowieflagowe.pl\/aktualne\/wp-json\/wp\/v2\/tags?post=10463"}],"curies":[{"name":"wp","href":"https:\/\/api.w.org\/{rel}","templated":true}]}}