{"id":10465,"date":"2025-11-12T15:44:43","date_gmt":"2025-11-12T14:44:43","guid":{"rendered":"https:\/\/www.pogotowieflagowe.pl\/aktualne\/protest-w-obronie-obajtka-posel-do-parlamentu-europejskiego-pyta-pracownikow-tvn-dlaczego-klamiesz-zdjecia\/"},"modified":"2025-11-12T15:44:45","modified_gmt":"2025-11-12T14:44:45","slug":"protest-w-obronie-obajtka-posel-do-parlamentu-europejskiego-pyta-pracownikow-tvn-dlaczego-klamiesz-zdjecia","status":"publish","type":"post","link":"https:\/\/www.pogotowieflagowe.pl\/aktualne\/protest-w-obronie-obajtka-posel-do-parlamentu-europejskiego-pyta-pracownikow-tvn-dlaczego-klamiesz-zdjecia\/","title":{"rendered":"Protest w obronie Obajtka. Pose\u0142 do Parlamentu Europejskiego pyta pracownik\u00f3w TVN: \u201eDlaczego k\u0142amiesz?\u201d (ZDJ\u0118CIA)"},"content":{"rendered":"\n<div class=\"td_block_wrap tdb_single_content tdi_41 td-pb-border-top td_block_template_8 td-post-content tagdiv-type\" data-td-block-uid=\"tdi_41\">\n<style>.tdi_41{margines-top:0px!important;margin-bottom:0px!important;dope\u0142nienie-g\u00f3ra:0px!important;dope\u0142nienie-d\u00f3\u0142:0px!important}<\/style>\n<style>.tdb_single_content{margin-bottom:0;*zoom:1}.tdb_single_content:before,.tdb_single_content:after{display:table;content:'';line-height:0}.tdb_single_content:after{clear:both}.tdb_single_content .tdb-block-inner>*:not(.wp-block-quote):not(.alignwide):not(.alignfull.wp-block-cover.has-parallax):not(.td-a-ad){margin-left:auto;margin-right:auto}.tdb_single_content a{pointer-events:auto}.tdb_single_content .td-spot-id-top_ad .tdc-placeholder-title:before{content:'Najlepsza reklama artyku\u0142u'!important}.tdb_single_content .td-spot-id-inline_ad0 .tdc-placeholder-title:before{content:'Reklama wbudowana artyku\u0142u 1'!important}.tdb_single_content .td-spot-id-inline_ad1 .tdc-placeholder-title:before{content:'Wbudowana reklama w artykule 2'!important}.tdb_single_content .td-spot-id-inline_ad2 .tdc-placeholder-title:before{content:'Wbudowana reklama w artykule 3'!important}.tdb_single_content .td-spot-id-bottom_ad .tdc-placeholder-title:before{content:'Article Bottom Ad'!important}.tdb_single_content .id_top_ad,.tdb_single_content .id_bottom_ad{clear:both;margin-bottom:21px;text-align:center}.tdb_single_content .id_top_ad img,.tdb_single_content .id_bottom_ad img{margin-bottom:0}.tdb_single_content .id_top_ad .adsbygoogle,.tdb_single_content .id_bottom_ad .adsbygoogle{position:relative}.tdb_single_content .id_ad_content-horiz-left,.tdb_single_content .id_ad_content-horiz-right,.tdb_single_content .id_ad_content-horiz-center{margin-bottom:15px}.tdb_single_content .id_ad_content-horiz-left img,.tdb_single_content .id_ad_content-horiz-right img,.tdb_single_content .id_ad_content-horiz-center img{margin-bottom:0}.tdb_single_content .id_ad_content-horiz-center{text-align:center}.tdb_single_content .id_ad_content-horiz-center img{margin-right:auto;margin-left:auto}.tdb_single_content .id_ad_content-horiz-left{float:left;margin-top:9px;margin-right:21px}.tdb_single_content .id_ad_content-horiz-right{float:right;margin-top:6px;margin-left:21px}.tdb_single_content .tdc-a-ad .tdc-placeholder-title{width:300px;height:250px}.tdb_single_content .tdc-a-ad .tdc-placeholder-title:before{position:absolute;top:50%;-webkit-transform:translateY(-50%);transform:translateY(-50%);margin:auto;display:table;width:100%}.tdb_single_content .tdb-block-inner.td-fix-index{word-break:break-word}.tdi_41,.tdi_41>p,.tdi_41 .tdb-block-inner>p,.wp-block-column>p{font-size:16px!important;line-height:1.6!important}.tdi_41 .tdb-block-inner blockquote p{font-style:normal!important}@media (max-width:767px){.tdb_single_content .id_ad_content-horiz-left,.tdb_single_content .id_ad_content-horiz-right,.tdb_single_content .id_ad_content-horiz-center{margin:0 auto 26 pikseli auto}}@media (max-width:767px){.tdb_single_content .id_ad_content-horiz-left{margin-right:0}}@media (max-width:767px){.tdb_single_content .id_ad_content-horiz-right{margin-left:0}}@media (max-width:767px){.tdb_single_content .td-a-ad{float:none;text-align:center}.tdb_single_content .td-a-ad img{margin-right:auto;margin-left:auto}.tdb_single_content .tdc-a-ad{float:none}}<\/style>\n<div class=\"tdb-block-inner td-fix-index\">\n<p><strong>&#8222;Od dw\u00f3ch lat, zw\u0142aszcza w TVN, spekulowano, \u017ce uciek\u0142em z kraju, \u017ce przebywam za granic\u0105 w Budapeszcie. Dlaczego przez dwa lata k\u0142ama\u0142e\u015b? Dlaczego przez dwa lata pr\u00f3bowa\u0142e\u015b zniszczy\u0107 najwi\u0119kszy proces gospodarczy? Kto ci za to zap\u0142aci\u0142?&#8221;<\/strong> powiedzia\u0142 <em>Prawo i Sprawiedliwo\u015b\u0107<\/em> (<em>PiS<\/em>) Pose\u0142 Daniel Obajtek podczas wiecu przed budynkiem Prokuratury Okr\u0119gowej w Warszawie.<\/p>\n<figure class=\"wp-block-gallery has-nested-images columns-default is-cropped wp-block-gallery-1 is-layout-flex wp-block-gallery-is-layout-flex\">\n<figure class=\"wp-block-image size-large\"><img fetchpriority=\"high\" decoding=\"async\" width=\"1080\" height=\"720\" data-id=\"62632\" src=\"https:\/\/www.pogotowieflagowe.pl\/aktualne\/wp-content\/uploads\/2025\/11\/Protest-w-obronie-Obajtka-Posel-do-Parlamentu-Europejskiego-pyta-pracownikow.webp.webp\" alt=\"\" class=\"wp-image-62632\"   data-eio=\"l\"><\/figure>\n<figure class=\"wp-block-image size-large\"><img decoding=\"async\" width=\"1080\" height=\"720\" data-id=\"62635\" alt=\"\" class=\"wp-image-62635 lazyload\" src=\"https:\/\/www.pogotowieflagowe.pl\/aktualne\/wp-content\/uploads\/2025\/11\/1762958679_419_Protest-w-obronie-Obajtka-Posel-do-Parlamentu-Europejskiego-pyta-pracownikow.webp.webp\"  data- data-eio-rwidth=\"1080\" data-eio-rheight=\"720\"><img decoding=\"async\" width=\"1080\" height=\"720\" data-id=\"62635\" src=\"https:\/\/www.pogotowieflagowe.pl\/aktualne\/wp-content\/uploads\/2025\/11\/1762958679_419_Protest-w-obronie-Obajtka-Posel-do-Parlamentu-Europejskiego-pyta-pracownikow.webp.webp\" alt=\"\" class=\"wp-image-62635\"   data-eio=\"l\"><\/figure>\n<figure class=\"wp-block-image size-large\"><img decoding=\"async\" width=\"1080\" height=\"720\" data-id=\"62634\" alt=\"\" class=\"wp-image-62634 lazyload\" src=\"https:\/\/www.pogotowieflagowe.pl\/aktualne\/wp-content\/uploads\/2025\/11\/1762958680_262_Protest-w-obronie-Obajtka-Posel-do-Parlamentu-Europejskiego-pyta-pracownikow.webp.webp\"  data- data-eio-rwidth=\"1080\" data-eio-rheight=\"720\"><img decoding=\"async\" width=\"1080\" height=\"720\" data-id=\"62634\" src=\"https:\/\/www.pogotowieflagowe.pl\/aktualne\/wp-content\/uploads\/2025\/11\/1762958680_262_Protest-w-obronie-Obajtka-Posel-do-Parlamentu-Europejskiego-pyta-pracownikow.webp.webp\" alt=\"\" class=\"wp-image-62634\"   data-eio=\"l\"><\/figure>\n<figure class=\"wp-block-image size-large\"><img decoding=\"async\" width=\"1080\" height=\"720\" data-id=\"62633\" alt=\"\" class=\"wp-image-62633 lazyload\" src=\"https:\/\/www.pogotowieflagowe.pl\/aktualne\/wp-content\/uploads\/2025\/11\/1762958681_1_Protest-w-obronie-Obajtka-Posel-do-Parlamentu-Europejskiego-pyta-pracownikow.webp.webp\"  data- data-eio-rwidth=\"1080\" data-eio-rheight=\"720\"><img decoding=\"async\" width=\"1080\" height=\"720\" data-id=\"62633\" src=\"https:\/\/www.pogotowieflagowe.pl\/aktualne\/wp-content\/uploads\/2025\/11\/1762958681_1_Protest-w-obronie-Obajtka-Posel-do-Parlamentu-Europejskiego-pyta-pracownikow.webp.webp\" alt=\"\" class=\"wp-image-62633\"   data-eio=\"l\"><\/figure>\n<figure class=\"wp-block-image size-large\"><img decoding=\"async\" width=\"1080\" height=\"720\" data-id=\"62636\" alt=\"\" class=\"wp-image-62636 lazyload\" src=\"https:\/\/www.pogotowieflagowe.pl\/aktualne\/wp-content\/uploads\/2025\/11\/1762958681_967_Protest-w-obronie-Obajtka-Posel-do-Parlamentu-Europejskiego-pyta-pracownikow.webp.webp\"  data- data-eio-rwidth=\"1080\" data-eio-rheight=\"720\"><img decoding=\"async\" width=\"1080\" height=\"720\" data-id=\"62636\" src=\"https:\/\/www.pogotowieflagowe.pl\/aktualne\/wp-content\/uploads\/2025\/11\/1762958681_967_Protest-w-obronie-Obajtka-Posel-do-Parlamentu-Europejskiego-pyta-pracownikow.webp.webp\" alt=\"\" class=\"wp-image-62636\"   data-eio=\"l\"><\/figure>\n<figure class=\"wp-block-image size-large\"><img decoding=\"async\" width=\"1280\" height=\"720\" data-id=\"62638\" alt=\"\" class=\"wp-image-62638 lazyload\" src=\"https:\/\/www.pogotowieflagowe.pl\/aktualne\/wp-content\/uploads\/2025\/11\/1762958682_609_Protest-w-obronie-Obajtka-Posel-do-Parlamentu-Europejskiego-pyta-pracownikow.webp.webp\"  data- data-eio-rwidth=\"1280\" data-eio-rheight=\"720\"><img decoding=\"async\" width=\"1280\" height=\"720\" data-id=\"62638\" src=\"https:\/\/www.pogotowieflagowe.pl\/aktualne\/wp-content\/uploads\/2025\/11\/1762958682_609_Protest-w-obronie-Obajtka-Posel-do-Parlamentu-Europejskiego-pyta-pracownikow.webp.webp\" alt=\"\" class=\"wp-image-62638\"   data-eio=\"l\"><\/figure>\n<figure class=\"wp-block-image size-large\"><img decoding=\"async\" width=\"1080\" height=\"720\" data-id=\"62639\" alt=\"\" class=\"wp-image-62639 lazyload\" src=\"https:\/\/www.pogotowieflagowe.pl\/aktualne\/wp-content\/uploads\/2025\/11\/1762958683_525_Protest-w-obronie-Obajtka-Posel-do-Parlamentu-Europejskiego-pyta-pracownikow.webp.webp\"  data- data-eio-rwidth=\"1080\" data-eio-rheight=\"720\"><img decoding=\"async\" width=\"1080\" height=\"720\" data-id=\"62639\" src=\"https:\/\/www.pogotowieflagowe.pl\/aktualne\/wp-content\/uploads\/2025\/11\/1762958683_525_Protest-w-obronie-Obajtka-Posel-do-Parlamentu-Europejskiego-pyta-pracownikow.webp.webp\" alt=\"\" class=\"wp-image-62639\"   data-eio=\"l\"><\/figure>\n<figure class=\"wp-block-image size-large\"><img decoding=\"async\" width=\"1080\" height=\"720\" data-id=\"62637\" alt=\"\" class=\"wp-image-62637 lazyload\" src=\"https:\/\/www.pogotowieflagowe.pl\/aktualne\/wp-content\/uploads\/2025\/11\/1762958683_967_Protest-w-obronie-Obajtka-Posel-do-Parlamentu-Europejskiego-pyta-pracownikow.webp.webp\"  data- data-eio-rwidth=\"1080\" data-eio-rheight=\"720\"><img decoding=\"async\" width=\"1080\" height=\"720\" data-id=\"62637\" src=\"https:\/\/www.pogotowieflagowe.pl\/aktualne\/wp-content\/uploads\/2025\/11\/1762958683_967_Protest-w-obronie-Obajtka-Posel-do-Parlamentu-Europejskiego-pyta-pracownikow.webp.webp\" alt=\"\" class=\"wp-image-62637\"   data-eio=\"l\"><\/figure>\n<\/figure>\n<h2 class=\"wp-block-heading\"><strong>Rajd w obronie Obajtka<\/strong><\/h2>\n<p>Dawny <em>Orlen<\/em> Dyrektor generalny i obecny <em>Prawo i Sprawiedliwo\u015b\u0107<\/em> (<em>PiS<\/em>) Pose\u0142 Daniel Obajtek utraci\u0142 immunitet w Parlamencie Europejskim, co umo\u017cliwi\u0142o polskiej prokuraturze postawienie mu zarzut\u00f3w. Sprawa dotyczy dw\u00f3ch um\u00f3w o \u015bwiadczenie us\u0142ug detektywistycznych podpisanych przez <em>Orlen<\/em> podczas jego kadencji na stanowisku dyrektora generalnego. Polityk ma dzi\u015b zosta\u0107 przes\u0142uchany w Prokuraturze Okr\u0119gowej w Warszawie. O godzinie 11:30 rozpocz\u0105\u0142 si\u0119 wiec w jego obronie <em>Gazeta Polska<\/em> Kluby gromadzi\u0142y si\u0119 licznie. Polityk wyg\u0142osi\u0142 przem\u00f3wienie do zgromadzonych przed prokuratur\u0105. T\u0142um skandowa\u0142 has\u0142a: \u201eJeste\u015bmy z Obajtkiem\u201d i \u201eJeste\u015bmy z wami\u201d.<\/p>\n<figure class=\"wp-block-pullquote\">\n<blockquote>\n<p>&#8222;Bardzo si\u0119 ciesz\u0119, \u017ce tu jeste\u015bcie. To dla mnie wielki zaszczyt stan\u0105\u0107 z Wami, \u017ce przyjechali\u015bcie i docenili\u015bcie ca\u0142e dziedzictwo naszej narodowej korporacji. Uznajecie, \u017ce bronili\u015bmy polskiej gospodarki, odsun\u0119li\u015bmy si\u0119 od rosyjskiej ropy i gazu, zabezpieczyli\u015bmy nasz kraj na wypadek wojny. Nasze przewidywania si\u0119 sprawdzi\u0142y. Wida\u0107, co dzieje si\u0119 na Ukrainie. Dzi\u015b zapadaj\u0105 tylko decyzje polityczne. Nie licz\u0105 si\u0119 ani wyniki, ani si\u0142a polskiej korporacji. Odsy\u0142am do publikacji Ministra Aktyw\u00f3w Pa\u0144stwowych, kt\u00f3ry niedawno cz\u0119\u015bciowo odwo\u0142a\u0142 Rada Nadzorcza, twierdz\u0105c, \u017ce nie zapad\u0142y \u017cadne decyzje. Tak wygl\u0105da dzi\u015b nasza og\u00f3lnokrajowa korporacja \u2013 sp\u00f3\u0142ka, kt\u00f3ra mia\u0142a potencja\u0142 do pozyskiwania kolejnych aktyw\u00f3w za granic\u0105, sp\u00f3\u0142ka, kt\u00f3ra ma w dalszym ci\u0105gu zabezpiecza\u0107 interesy Polski. Dzi\u015b tego nie robi si\u0119 i za co mi postawiono zarzuty? powiedzia\u0142 <em>Prawo i Sprawiedliwo\u015b\u0107<\/em> (<em>PiS<\/em>) pose\u0142 do Parlamentu Europejskiego.<\/p>\n<\/blockquote>\n<\/figure>\n<p>Przypomnia\u0142, \u017ce pod jego przewodnictwem m.in. <em>Orlen<\/em> sta\u0142a si\u0119 \u201estabiln\u0105 korporacj\u0105 wart\u0105 obecnie 100 miliard\u00f3w z\u0142otych\u201d.<\/p>\n<figure class=\"wp-block-pullquote\">\n<blockquote>\n<p>\u201eCzy nie zleci\u0142by\u015b te\u017c sprawdzenia pewnych spraw w przypadku wycieku danych firmy? Kiedy w Twoim biurze jest pods\u0142uch i pieni\u0105dze p\u0142yn\u0105 na czarny PR? I kiedy pojawiaj\u0105 si\u0119 setki publikacji maj\u0105cych na celu zapobie\u017cenie fuzji firm <em>Orlen<\/em> I <em>Lotos<\/em>? W czasie, gdy pan Sienkiewicz i powi\u0105zane z nim firmy bior\u0105 z niego 14 mln <em>Orlen<\/em> do konsultacji i te dokumenty znikaj\u0105? Czy nie zatrudni\u0142by\u015b r\u00f3\u017cnych firm, aby to zbada\u0142y? To standardowa praktyka wszystkich mi\u0119dzynarodowych korporacji. To nic nowego. Zamiast wzywa\u0107 mnie do prokuratury w charakterze \u015bwiadka, jestem wezwany jako podejrzany, kt\u00f3ry dzia\u0142a\u0142 w imieniu bezpiecze\u0144stwa pa\u0144stwa polskiego i <em>Orlen<\/em>. To nie ja upubliczni\u0142em te dokumenty \u2013 zrobi\u0142 to Donald Tusk. To on je ujawni\u0142. Wszyscy widzimy, kto w Polsce \u0142amie prawo\u201d \u2013 podkre\u015bli\u0142.<\/p>\n<\/blockquote>\n<\/figure>\n<p>Polityk zadeklarowa\u0142, \u017ce \u201ezawsze pojawi si\u0119 na wezwanie w\u0142adz, niezale\u017cnie od tego, jakie to b\u0119d\u0105 w\u0142adze\u201d.<\/p>\n<h2 class=\"wp-block-heading\"><strong>Obajtek dla TVN: Dlaczego k\u0142amiesz?<\/strong><\/h2>\n<p>Obajtek skomentowa\u0142 tak\u017ce doniesienia TVN skierowane do niego osobi\u015bcie.<\/p>\n<figure class=\"wp-block-pullquote\">\n<blockquote>\n<p>&#8222;Od dw\u00f3ch lat, zw\u0142aszcza w TVN, spekulowano, \u017ce uciek\u0142em z kraju, \u017ce przebywam za granic\u0105 w Budapeszcie. Dlaczego przez dwa lata k\u0142ama\u0142e\u015b? Dlaczego przez dwa lata pr\u00f3bowa\u0142e\u015b zniszczy\u0107 najwi\u0119kszy proces gospodarczy? Kto ci za to zap\u0142aci\u0142? Dlaczego tego nie poka\u017cesz? <em>Orlen<\/em> sprzedaje teraz kamienice w Krakowie czy Wroc\u0142awiu?\u201d stwierdzi\u0142.<\/p>\n<\/blockquote>\n<\/figure>\n<p>Odnosz\u0105c si\u0119 do aktualnej sytuacji w <em>Orlen<\/em>stwierdzi\u0142, \u017ce ma miejsce \u201eprze\u015bladowanie i zag\u0142ada ludzi\u201d.<\/p>\n<figure class=\"wp-block-pullquote\">\n<blockquote>\n<p>&#8222;To byli ludzie, kt\u00f3rzy zbudowali najwi\u0119ksz\u0105 korporacj\u0119 w Europie \u015arodkowej. Zawsze b\u0119d\u0119 ich broni\u0142, czy na wolno\u015bci, czy w wi\u0119zieniu. Nigdy si\u0119 nie z\u0142ami\u0119. Nie nale\u017c\u0119 do postkomunistycznego, ani warszawskiego salonu, kt\u00f3ry realizowa\u0142 polityk\u0119 biznesow\u0105 postkomunistycznej elity. Pytam <em>Orlenu<\/em> zarz\u0105d: dlaczego sprzedajecie nieruchomo\u015bci? Dlaczego nie kupili\u015bcie niemieckiej rafinerii? Dlaczego nie przenios\u0142e\u015b si\u0119 do Rumunii? Dlaczego ci panowie nie podejmuj\u0105 decyzji? Jak zbudowa\u0107 siln\u0105 gospodark\u0119 i zabezpieczy\u0107 interesy energetyczne pa\u0144stwa, je\u015bli nie zostan\u0105 podj\u0119te \u017cadne decyzje?\u201d \u2013 stwierdzi\u0142 Obajtek.<\/p>\n<\/blockquote>\n<\/figure>\n<\/div>\n<\/div>\n","protected":false},"excerpt":{"rendered":"<p>&#8222;Od dw\u00f3ch lat, zw\u0142aszcza w TVN, spekulowano, \u017ce uciek\u0142em z kraju, \u017ce przebywam za granic\u0105 w Budapeszcie. Dlaczego przez dwa<\/p>\n","protected":false},"author":1,"featured_media":10466,"comment_status":"open","ping_status":"open","sticky":false,"template":"","format":"standard","meta":{"footnotes":""},"categories":[4748],"tags":[107,2494,11942,11941,4345,2493,2543,247,1429,6478,3166,3106],"class_list":["post-10465","post","type-post","status-publish","format-standard","has-post-thumbnail","hentry","category-aktualne","tag-dlaczego","tag-europejskiego","tag-klamiesz","tag-obajtka","tag-obronie","tag-parlamentu","tag-posel","tag-pracownikow","tag-protest","tag-pyta","tag-tvn","tag-zdjecia","generate-columns","tablet-grid-50","mobile-grid-100","grid-parent","grid-50","resize-featured-image"],"yoast_head":"<!-- This site is optimized with the Yoast SEO plugin v23.2 - https:\/\/yoast.com\/wordpress\/plugins\/seo\/ -->\n<title>Protest w obronie Obajtka. Pose\u0142 do Parlamentu Europejskiego pyta pracownik\u00f3w TVN: \u201eDlaczego k\u0142amiesz?\u201d (ZDJ\u0118CIA) - POGOTOWIE FLAGOWE\u00ae<\/title>\n<meta name=\"robots\" content=\"index, follow, max-snippet:-1, max-image-preview:large, max-video-preview:-1\" \/>\n<link rel=\"canonical\" href=\"https:\/\/www.pogotowieflagowe.pl\/aktualne\/protest-w-obronie-obajtka-posel-do-parlamentu-europejskiego-pyta-pracownikow-tvn-dlaczego-klamiesz-zdjecia\/\" \/>\n<meta property=\"og:locale\" content=\"pl_PL\" \/>\n<meta property=\"og:type\" content=\"article\" \/>\n<meta property=\"og:title\" content=\"Protest w obronie Obajtka. Pose\u0142 do Parlamentu Europejskiego pyta pracownik\u00f3w TVN: \u201eDlaczego k\u0142amiesz?\u201d (ZDJ\u0118CIA) - POGOTOWIE FLAGOWE\u00ae\" \/>\n<meta property=\"og:description\" content=\"&#8222;Od dw\u00f3ch lat, zw\u0142aszcza w TVN, spekulowano, \u017ce uciek\u0142em z kraju, \u017ce przebywam za granic\u0105 w Budapeszcie. Dlaczego przez dwa\" \/>\n<meta property=\"og:url\" content=\"https:\/\/www.pogotowieflagowe.pl\/aktualne\/protest-w-obronie-obajtka-posel-do-parlamentu-europejskiego-pyta-pracownikow-tvn-dlaczego-klamiesz-zdjecia\/\" \/>\n<meta property=\"og:site_name\" content=\"POGOTOWIE FLAGOWE\u00ae\" \/>\n<meta property=\"article:published_time\" content=\"2025-11-12T14:44:43+00:00\" \/>\n<meta property=\"article:modified_time\" content=\"2025-11-12T14:44:45+00:00\" \/>\n<meta property=\"og:image\" content=\"https:\/\/www.pogotowieflagowe.pl\/aktualne\/wp-content\/uploads\/2025\/11\/1762958682_609_Protest-w-obronie-Obajtka-Posel-do-Parlamentu-Europejskiego-pyta-pracownikow.webp.webp\" \/>\n\t<meta property=\"og:image:width\" content=\"1280\" \/>\n\t<meta property=\"og:image:height\" content=\"720\" \/>\n\t<meta property=\"og:image:type\" content=\"image\/webp\" \/>\n<meta name=\"author\" content=\"Filip\" \/>\n<meta name=\"twitter:card\" content=\"summary_large_image\" \/>\n<meta name=\"twitter:label1\" content=\"Napisane przez\" \/>\n\t<meta name=\"twitter:data1\" content=\"Filip\" \/>\n\t<meta name=\"twitter:label2\" content=\"Szacowany czas czytania\" \/>\n\t<meta name=\"twitter:data2\" content=\"3 minuty\" \/>\n<script type=\"application\/ld+json\" class=\"yoast-schema-graph\">{\"@context\":\"https:\/\/schema.org\",\"@graph\":[{\"@type\":\"Article\",\"@id\":\"https:\/\/www.pogotowieflagowe.pl\/aktualne\/protest-w-obronie-obajtka-posel-do-parlamentu-europejskiego-pyta-pracownikow-tvn-dlaczego-klamiesz-zdjecia\/#article\",\"isPartOf\":{\"@id\":\"https:\/\/www.pogotowieflagowe.pl\/aktualne\/protest-w-obronie-obajtka-posel-do-parlamentu-europejskiego-pyta-pracownikow-tvn-dlaczego-klamiesz-zdjecia\/\"},\"author\":{\"name\":\"Filip\",\"@id\":\"https:\/\/www.pogotowieflagowe.pl\/aktualne\/#\/schema\/person\/9c2fb7d2362ebf6fa088960d7f0d27b0\"},\"headline\":\"Protest w obronie Obajtka. Pose\u0142 do Parlamentu Europejskiego pyta pracownik\u00f3w TVN: \u201eDlaczego k\u0142amiesz?\u201d (ZDJ\u0118CIA)\",\"datePublished\":\"2025-11-12T14:44:43+00:00\",\"dateModified\":\"2025-11-12T14:44:45+00:00\",\"mainEntityOfPage\":{\"@id\":\"https:\/\/www.pogotowieflagowe.pl\/aktualne\/protest-w-obronie-obajtka-posel-do-parlamentu-europejskiego-pyta-pracownikow-tvn-dlaczego-klamiesz-zdjecia\/\"},\"wordCount\":698,\"commentCount\":0,\"publisher\":{\"@id\":\"https:\/\/www.pogotowieflagowe.pl\/aktualne\/#organization\"},\"image\":{\"@id\":\"https:\/\/www.pogotowieflagowe.pl\/aktualne\/protest-w-obronie-obajtka-posel-do-parlamentu-europejskiego-pyta-pracownikow-tvn-dlaczego-klamiesz-zdjecia\/#primaryimage\"},\"thumbnailUrl\":\"https:\/\/www.pogotowieflagowe.pl\/aktualne\/wp-content\/uploads\/2025\/11\/1762958682_609_Protest-w-obronie-Obajtka-Posel-do-Parlamentu-Europejskiego-pyta-pracownikow.webp.webp\",\"keywords\":[\"dlaczego\",\"Europejskiego\",\"k\u0142amiesz\",\"Obajtka\",\"obronie\",\"Parlamentu\",\"pose\u0142\",\"pracownik\u00f3w\",\"Protest\",\"pyta\",\"TVN\",\"zdj\u0119cia\"],\"articleSection\":[\"Aktualne\"],\"inLanguage\":\"pl-PL\",\"potentialAction\":[{\"@type\":\"CommentAction\",\"name\":\"Comment\",\"target\":[\"https:\/\/www.pogotowieflagowe.pl\/aktualne\/protest-w-obronie-obajtka-posel-do-parlamentu-europejskiego-pyta-pracownikow-tvn-dlaczego-klamiesz-zdjecia\/#respond\"]}]},{\"@type\":\"WebPage\",\"@id\":\"https:\/\/www.pogotowieflagowe.pl\/aktualne\/protest-w-obronie-obajtka-posel-do-parlamentu-europejskiego-pyta-pracownikow-tvn-dlaczego-klamiesz-zdjecia\/\",\"url\":\"https:\/\/www.pogotowieflagowe.pl\/aktualne\/protest-w-obronie-obajtka-posel-do-parlamentu-europejskiego-pyta-pracownikow-tvn-dlaczego-klamiesz-zdjecia\/\",\"name\":\"Protest w obronie Obajtka. Pose\u0142 do Parlamentu Europejskiego pyta pracownik\u00f3w TVN: \u201eDlaczego k\u0142amiesz?\u201d (ZDJ\u0118CIA) - POGOTOWIE FLAGOWE\u00ae\",\"isPartOf\":{\"@id\":\"https:\/\/www.pogotowieflagowe.pl\/aktualne\/#website\"},\"primaryImageOfPage\":{\"@id\":\"https:\/\/www.pogotowieflagowe.pl\/aktualne\/protest-w-obronie-obajtka-posel-do-parlamentu-europejskiego-pyta-pracownikow-tvn-dlaczego-klamiesz-zdjecia\/#primaryimage\"},\"image\":{\"@id\":\"https:\/\/www.pogotowieflagowe.pl\/aktualne\/protest-w-obronie-obajtka-posel-do-parlamentu-europejskiego-pyta-pracownikow-tvn-dlaczego-klamiesz-zdjecia\/#primaryimage\"},\"thumbnailUrl\":\"https:\/\/www.pogotowieflagowe.pl\/aktualne\/wp-content\/uploads\/2025\/11\/1762958682_609_Protest-w-obronie-Obajtka-Posel-do-Parlamentu-Europejskiego-pyta-pracownikow.webp.webp\",\"datePublished\":\"2025-11-12T14:44:43+00:00\",\"dateModified\":\"2025-11-12T14:44:45+00:00\",\"breadcrumb\":{\"@id\":\"https:\/\/www.pogotowieflagowe.pl\/aktualne\/protest-w-obronie-obajtka-posel-do-parlamentu-europejskiego-pyta-pracownikow-tvn-dlaczego-klamiesz-zdjecia\/#breadcrumb\"},\"inLanguage\":\"pl-PL\",\"potentialAction\":[{\"@type\":\"ReadAction\",\"target\":[\"https:\/\/www.pogotowieflagowe.pl\/aktualne\/protest-w-obronie-obajtka-posel-do-parlamentu-europejskiego-pyta-pracownikow-tvn-dlaczego-klamiesz-zdjecia\/\"]}]},{\"@type\":\"ImageObject\",\"inLanguage\":\"pl-PL\",\"@id\":\"https:\/\/www.pogotowieflagowe.pl\/aktualne\/protest-w-obronie-obajtka-posel-do-parlamentu-europejskiego-pyta-pracownikow-tvn-dlaczego-klamiesz-zdjecia\/#primaryimage\",\"url\":\"https:\/\/www.pogotowieflagowe.pl\/aktualne\/wp-content\/uploads\/2025\/11\/1762958682_609_Protest-w-obronie-Obajtka-Posel-do-Parlamentu-Europejskiego-pyta-pracownikow.webp.webp\",\"contentUrl\":\"https:\/\/www.pogotowieflagowe.pl\/aktualne\/wp-content\/uploads\/2025\/11\/1762958682_609_Protest-w-obronie-Obajtka-Posel-do-Parlamentu-Europejskiego-pyta-pracownikow.webp.webp\",\"width\":1280,\"height\":720,\"caption\":\"Protest w obronie Obajtka. Pose\u0142 do Parlamentu Europejskiego pyta pracownik\u00f3w TVN: \u201eDlaczego k\u0142amiesz?\u201d (ZDJ\u0118CIA)\"},{\"@type\":\"BreadcrumbList\",\"@id\":\"https:\/\/www.pogotowieflagowe.pl\/aktualne\/protest-w-obronie-obajtka-posel-do-parlamentu-europejskiego-pyta-pracownikow-tvn-dlaczego-klamiesz-zdjecia\/#breadcrumb\",\"itemListElement\":[{\"@type\":\"ListItem\",\"position\":1,\"name\":\"Home\",\"item\":\"https:\/\/www.pogotowieflagowe.pl\/aktualne\/\"},{\"@type\":\"ListItem\",\"position\":2,\"name\":\"Protest w obronie Obajtka. Pose\u0142 do Parlamentu Europejskiego pyta pracownik\u00f3w TVN: \u201eDlaczego k\u0142amiesz?\u201d (ZDJ\u0118CIA)\"}]},{\"@type\":\"WebSite\",\"@id\":\"https:\/\/www.pogotowieflagowe.pl\/aktualne\/#website\",\"url\":\"https:\/\/www.pogotowieflagowe.pl\/aktualne\/\",\"name\":\"POGOTOWIE FLAGOWE\u00ae\",\"description\":\"\",\"publisher\":{\"@id\":\"https:\/\/www.pogotowieflagowe.pl\/aktualne\/#organization\"},\"potentialAction\":[{\"@type\":\"SearchAction\",\"target\":{\"@type\":\"EntryPoint\",\"urlTemplate\":\"https:\/\/www.pogotowieflagowe.pl\/aktualne\/?s={search_term_string}\"},\"query-input\":\"required name=search_term_string\"}],\"inLanguage\":\"pl-PL\"},{\"@type\":\"Organization\",\"@id\":\"https:\/\/www.pogotowieflagowe.pl\/aktualne\/#organization\",\"name\":\"POGOTOWIE FLAGOWE\u00ae\",\"url\":\"https:\/\/www.pogotowieflagowe.pl\/aktualne\/\",\"logo\":{\"@type\":\"ImageObject\",\"inLanguage\":\"pl-PL\",\"@id\":\"https:\/\/www.pogotowieflagowe.pl\/aktualne\/#\/schema\/logo\/image\/\",\"url\":\"https:\/\/www.pogotowieflagowe.pl\/aktualne\/wp-content\/uploads\/2024\/08\/cropped-pogotowieflagowe_flaga_projekt_sm.jpg\",\"contentUrl\":\"https:\/\/www.pogotowieflagowe.pl\/aktualne\/wp-content\/uploads\/2024\/08\/cropped-pogotowieflagowe_flaga_projekt_sm.jpg\",\"width\":250,\"height\":143,\"caption\":\"POGOTOWIE FLAGOWE\u00ae\"},\"image\":{\"@id\":\"https:\/\/www.pogotowieflagowe.pl\/aktualne\/#\/schema\/logo\/image\/\"}},{\"@type\":\"Person\",\"@id\":\"https:\/\/www.pogotowieflagowe.pl\/aktualne\/#\/schema\/person\/9c2fb7d2362ebf6fa088960d7f0d27b0\",\"name\":\"Filip\",\"image\":{\"@type\":\"ImageObject\",\"inLanguage\":\"pl-PL\",\"@id\":\"https:\/\/www.pogotowieflagowe.pl\/aktualne\/#\/schema\/person\/image\/\",\"url\":\"https:\/\/www.pogotowieflagowe.pl\/aktualne\/wp-content\/uploads\/2024\/08\/pogotowieflagowe.pl_.jpg\",\"contentUrl\":\"https:\/\/www.pogotowieflagowe.pl\/aktualne\/wp-content\/uploads\/2024\/08\/pogotowieflagowe.pl_.jpg\",\"caption\":\"Filip\"},\"description\":\"Jestem Filip, polski dziennikarz z dyplomem nauk politycznych Uniwersytetu Warszawskiego. Rozpoczynaj\u0105c swoj\u0105 karier\u0119 w r\u00f3\u017cnych lokalnych mediach, zdoby\u0142em solidne do\u015bwiadczenie w zakresie \u015bledztwa i redakcji. Obecnie jako redaktor w Pogotowie flagowe, staram si\u0119 dostarcza\u0107 dog\u0142\u0119bne i istotne analizy na temat najwa\u017cniejszych kwestii aktualno\u015bci, \u0142\u0105cz\u0105c rygor z pasj\u0105 dziennikarsk\u0105.\",\"sameAs\":[\"https:\/\/www.pogotowieflagowe.pl\/\"]}]}<\/script>\n<!-- \/ Yoast SEO plugin. -->","yoast_head_json":{"title":"Protest w obronie Obajtka. Pose\u0142 do Parlamentu Europejskiego pyta pracownik\u00f3w TVN: \u201eDlaczego k\u0142amiesz?\u201d (ZDJ\u0118CIA) - POGOTOWIE FLAGOWE\u00ae","robots":{"index":"index","follow":"follow","max-snippet":"max-snippet:-1","max-image-preview":"max-image-preview:large","max-video-preview":"max-video-preview:-1"},"canonical":"https:\/\/www.pogotowieflagowe.pl\/aktualne\/protest-w-obronie-obajtka-posel-do-parlamentu-europejskiego-pyta-pracownikow-tvn-dlaczego-klamiesz-zdjecia\/","og_locale":"pl_PL","og_type":"article","og_title":"Protest w obronie Obajtka. Pose\u0142 do Parlamentu Europejskiego pyta pracownik\u00f3w TVN: \u201eDlaczego k\u0142amiesz?\u201d (ZDJ\u0118CIA) - POGOTOWIE FLAGOWE\u00ae","og_description":"&#8222;Od dw\u00f3ch lat, zw\u0142aszcza w TVN, spekulowano, \u017ce uciek\u0142em z kraju, \u017ce przebywam za granic\u0105 w Budapeszcie. Dlaczego przez dwa","og_url":"https:\/\/www.pogotowieflagowe.pl\/aktualne\/protest-w-obronie-obajtka-posel-do-parlamentu-europejskiego-pyta-pracownikow-tvn-dlaczego-klamiesz-zdjecia\/","og_site_name":"POGOTOWIE FLAGOWE\u00ae","article_published_time":"2025-11-12T14:44:43+00:00","article_modified_time":"2025-11-12T14:44:45+00:00","og_image":[{"width":1280,"height":720,"url":"https:\/\/www.pogotowieflagowe.pl\/aktualne\/wp-content\/uploads\/2025\/11\/1762958682_609_Protest-w-obronie-Obajtka-Posel-do-Parlamentu-Europejskiego-pyta-pracownikow.webp.webp","type":"image\/webp"}],"author":"Filip","twitter_card":"summary_large_image","twitter_misc":{"Napisane przez":"Filip","Szacowany czas czytania":"3 minuty"},"schema":{"@context":"https:\/\/schema.org","@graph":[{"@type":"Article","@id":"https:\/\/www.pogotowieflagowe.pl\/aktualne\/protest-w-obronie-obajtka-posel-do-parlamentu-europejskiego-pyta-pracownikow-tvn-dlaczego-klamiesz-zdjecia\/#article","isPartOf":{"@id":"https:\/\/www.pogotowieflagowe.pl\/aktualne\/protest-w-obronie-obajtka-posel-do-parlamentu-europejskiego-pyta-pracownikow-tvn-dlaczego-klamiesz-zdjecia\/"},"author":{"name":"Filip","@id":"https:\/\/www.pogotowieflagowe.pl\/aktualne\/#\/schema\/person\/9c2fb7d2362ebf6fa088960d7f0d27b0"},"headline":"Protest w obronie Obajtka. Pose\u0142 do Parlamentu Europejskiego pyta pracownik\u00f3w TVN: \u201eDlaczego k\u0142amiesz?\u201d (ZDJ\u0118CIA)","datePublished":"2025-11-12T14:44:43+00:00","dateModified":"2025-11-12T14:44:45+00:00","mainEntityOfPage":{"@id":"https:\/\/www.pogotowieflagowe.pl\/aktualne\/protest-w-obronie-obajtka-posel-do-parlamentu-europejskiego-pyta-pracownikow-tvn-dlaczego-klamiesz-zdjecia\/"},"wordCount":698,"commentCount":0,"publisher":{"@id":"https:\/\/www.pogotowieflagowe.pl\/aktualne\/#organization"},"image":{"@id":"https:\/\/www.pogotowieflagowe.pl\/aktualne\/protest-w-obronie-obajtka-posel-do-parlamentu-europejskiego-pyta-pracownikow-tvn-dlaczego-klamiesz-zdjecia\/#primaryimage"},"thumbnailUrl":"https:\/\/www.pogotowieflagowe.pl\/aktualne\/wp-content\/uploads\/2025\/11\/1762958682_609_Protest-w-obronie-Obajtka-Posel-do-Parlamentu-Europejskiego-pyta-pracownikow.webp.webp","keywords":["dlaczego","Europejskiego","k\u0142amiesz","Obajtka","obronie","Parlamentu","pose\u0142","pracownik\u00f3w","Protest","pyta","TVN","zdj\u0119cia"],"articleSection":["Aktualne"],"inLanguage":"pl-PL","potentialAction":[{"@type":"CommentAction","name":"Comment","target":["https:\/\/www.pogotowieflagowe.pl\/aktualne\/protest-w-obronie-obajtka-posel-do-parlamentu-europejskiego-pyta-pracownikow-tvn-dlaczego-klamiesz-zdjecia\/#respond"]}]},{"@type":"WebPage","@id":"https:\/\/www.pogotowieflagowe.pl\/aktualne\/protest-w-obronie-obajtka-posel-do-parlamentu-europejskiego-pyta-pracownikow-tvn-dlaczego-klamiesz-zdjecia\/","url":"https:\/\/www.pogotowieflagowe.pl\/aktualne\/protest-w-obronie-obajtka-posel-do-parlamentu-europejskiego-pyta-pracownikow-tvn-dlaczego-klamiesz-zdjecia\/","name":"Protest w obronie Obajtka. Pose\u0142 do Parlamentu Europejskiego pyta pracownik\u00f3w TVN: \u201eDlaczego k\u0142amiesz?\u201d (ZDJ\u0118CIA) - POGOTOWIE FLAGOWE\u00ae","isPartOf":{"@id":"https:\/\/www.pogotowieflagowe.pl\/aktualne\/#website"},"primaryImageOfPage":{"@id":"https:\/\/www.pogotowieflagowe.pl\/aktualne\/protest-w-obronie-obajtka-posel-do-parlamentu-europejskiego-pyta-pracownikow-tvn-dlaczego-klamiesz-zdjecia\/#primaryimage"},"image":{"@id":"https:\/\/www.pogotowieflagowe.pl\/aktualne\/protest-w-obronie-obajtka-posel-do-parlamentu-europejskiego-pyta-pracownikow-tvn-dlaczego-klamiesz-zdjecia\/#primaryimage"},"thumbnailUrl":"https:\/\/www.pogotowieflagowe.pl\/aktualne\/wp-content\/uploads\/2025\/11\/1762958682_609_Protest-w-obronie-Obajtka-Posel-do-Parlamentu-Europejskiego-pyta-pracownikow.webp.webp","datePublished":"2025-11-12T14:44:43+00:00","dateModified":"2025-11-12T14:44:45+00:00","breadcrumb":{"@id":"https:\/\/www.pogotowieflagowe.pl\/aktualne\/protest-w-obronie-obajtka-posel-do-parlamentu-europejskiego-pyta-pracownikow-tvn-dlaczego-klamiesz-zdjecia\/#breadcrumb"},"inLanguage":"pl-PL","potentialAction":[{"@type":"ReadAction","target":["https:\/\/www.pogotowieflagowe.pl\/aktualne\/protest-w-obronie-obajtka-posel-do-parlamentu-europejskiego-pyta-pracownikow-tvn-dlaczego-klamiesz-zdjecia\/"]}]},{"@type":"ImageObject","inLanguage":"pl-PL","@id":"https:\/\/www.pogotowieflagowe.pl\/aktualne\/protest-w-obronie-obajtka-posel-do-parlamentu-europejskiego-pyta-pracownikow-tvn-dlaczego-klamiesz-zdjecia\/#primaryimage","url":"https:\/\/www.pogotowieflagowe.pl\/aktualne\/wp-content\/uploads\/2025\/11\/1762958682_609_Protest-w-obronie-Obajtka-Posel-do-Parlamentu-Europejskiego-pyta-pracownikow.webp.webp","contentUrl":"https:\/\/www.pogotowieflagowe.pl\/aktualne\/wp-content\/uploads\/2025\/11\/1762958682_609_Protest-w-obronie-Obajtka-Posel-do-Parlamentu-Europejskiego-pyta-pracownikow.webp.webp","width":1280,"height":720,"caption":"Protest w obronie Obajtka. Pose\u0142 do Parlamentu Europejskiego pyta pracownik\u00f3w TVN: \u201eDlaczego k\u0142amiesz?\u201d (ZDJ\u0118CIA)"},{"@type":"BreadcrumbList","@id":"https:\/\/www.pogotowieflagowe.pl\/aktualne\/protest-w-obronie-obajtka-posel-do-parlamentu-europejskiego-pyta-pracownikow-tvn-dlaczego-klamiesz-zdjecia\/#breadcrumb","itemListElement":[{"@type":"ListItem","position":1,"name":"Home","item":"https:\/\/www.pogotowieflagowe.pl\/aktualne\/"},{"@type":"ListItem","position":2,"name":"Protest w obronie Obajtka. Pose\u0142 do Parlamentu Europejskiego pyta pracownik\u00f3w TVN: \u201eDlaczego k\u0142amiesz?\u201d (ZDJ\u0118CIA)"}]},{"@type":"WebSite","@id":"https:\/\/www.pogotowieflagowe.pl\/aktualne\/#website","url":"https:\/\/www.pogotowieflagowe.pl\/aktualne\/","name":"POGOTOWIE FLAGOWE\u00ae","description":"","publisher":{"@id":"https:\/\/www.pogotowieflagowe.pl\/aktualne\/#organization"},"potentialAction":[{"@type":"SearchAction","target":{"@type":"EntryPoint","urlTemplate":"https:\/\/www.pogotowieflagowe.pl\/aktualne\/?s={search_term_string}"},"query-input":"required name=search_term_string"}],"inLanguage":"pl-PL"},{"@type":"Organization","@id":"https:\/\/www.pogotowieflagowe.pl\/aktualne\/#organization","name":"POGOTOWIE FLAGOWE\u00ae","url":"https:\/\/www.pogotowieflagowe.pl\/aktualne\/","logo":{"@type":"ImageObject","inLanguage":"pl-PL","@id":"https:\/\/www.pogotowieflagowe.pl\/aktualne\/#\/schema\/logo\/image\/","url":"https:\/\/www.pogotowieflagowe.pl\/aktualne\/wp-content\/uploads\/2024\/08\/cropped-pogotowieflagowe_flaga_projekt_sm.jpg","contentUrl":"https:\/\/www.pogotowieflagowe.pl\/aktualne\/wp-content\/uploads\/2024\/08\/cropped-pogotowieflagowe_flaga_projekt_sm.jpg","width":250,"height":143,"caption":"POGOTOWIE FLAGOWE\u00ae"},"image":{"@id":"https:\/\/www.pogotowieflagowe.pl\/aktualne\/#\/schema\/logo\/image\/"}},{"@type":"Person","@id":"https:\/\/www.pogotowieflagowe.pl\/aktualne\/#\/schema\/person\/9c2fb7d2362ebf6fa088960d7f0d27b0","name":"Filip","image":{"@type":"ImageObject","inLanguage":"pl-PL","@id":"https:\/\/www.pogotowieflagowe.pl\/aktualne\/#\/schema\/person\/image\/","url":"https:\/\/www.pogotowieflagowe.pl\/aktualne\/wp-content\/uploads\/2024\/08\/pogotowieflagowe.pl_.jpg","contentUrl":"https:\/\/www.pogotowieflagowe.pl\/aktualne\/wp-content\/uploads\/2024\/08\/pogotowieflagowe.pl_.jpg","caption":"Filip"},"description":"Jestem Filip, polski dziennikarz z dyplomem nauk politycznych Uniwersytetu Warszawskiego. Rozpoczynaj\u0105c swoj\u0105 karier\u0119 w r\u00f3\u017cnych lokalnych mediach, zdoby\u0142em solidne do\u015bwiadczenie w zakresie \u015bledztwa i redakcji. Obecnie jako redaktor w Pogotowie flagowe, staram si\u0119 dostarcza\u0107 dog\u0142\u0119bne i istotne analizy na temat najwa\u017cniejszych kwestii aktualno\u015bci, \u0142\u0105cz\u0105c rygor z pasj\u0105 dziennikarsk\u0105.","sameAs":["https:\/\/www.pogotowieflagowe.pl\/"]}]}},"_links":{"self":[{"href":"https:\/\/www.pogotowieflagowe.pl\/aktualne\/wp-json\/wp\/v2\/posts\/10465","targetHints":{"allow":["GET"]}}],"collection":[{"href":"https:\/\/www.pogotowieflagowe.pl\/aktualne\/wp-json\/wp\/v2\/posts"}],"about":[{"href":"https:\/\/www.pogotowieflagowe.pl\/aktualne\/wp-json\/wp\/v2\/types\/post"}],"author":[{"embeddable":true,"href":"https:\/\/www.pogotowieflagowe.pl\/aktualne\/wp-json\/wp\/v2\/users\/1"}],"replies":[{"embeddable":true,"href":"https:\/\/www.pogotowieflagowe.pl\/aktualne\/wp-json\/wp\/v2\/comments?post=10465"}],"version-history":[{"count":1,"href":"https:\/\/www.pogotowieflagowe.pl\/aktualne\/wp-json\/wp\/v2\/posts\/10465\/revisions"}],"predecessor-version":[{"id":10467,"href":"https:\/\/www.pogotowieflagowe.pl\/aktualne\/wp-json\/wp\/v2\/posts\/10465\/revisions\/10467"}],"wp:featuredmedia":[{"embeddable":true,"href":"https:\/\/www.pogotowieflagowe.pl\/aktualne\/wp-json\/wp\/v2\/media\/10466"}],"wp:attachment":[{"href":"https:\/\/www.pogotowieflagowe.pl\/aktualne\/wp-json\/wp\/v2\/media?parent=10465"}],"wp:term":[{"taxonomy":"category","embeddable":true,"href":"https:\/\/www.pogotowieflagowe.pl\/aktualne\/wp-json\/wp\/v2\/categories?post=10465"},{"taxonomy":"post_tag","embeddable":true,"href":"https:\/\/www.pogotowieflagowe.pl\/aktualne\/wp-json\/wp\/v2\/tags?post=10465"}],"curies":[{"name":"wp","href":"https:\/\/api.w.org\/{rel}","templated":true}]}}