{"id":10471,"date":"2025-11-12T20:36:52","date_gmt":"2025-11-12T19:36:52","guid":{"rendered":"https:\/\/www.pogotowieflagowe.pl\/aktualne\/paulina-matysiak-wyrzucona-z-partii-razem-moja-praca-trwa-deklaruje-posel\/"},"modified":"2025-11-12T20:36:55","modified_gmt":"2025-11-12T19:36:55","slug":"paulina-matysiak-wyrzucona-z-partii-razem-moja-praca-trwa-deklaruje-posel","status":"publish","type":"post","link":"https:\/\/www.pogotowieflagowe.pl\/aktualne\/paulina-matysiak-wyrzucona-z-partii-razem-moja-praca-trwa-deklaruje-posel\/","title":{"rendered":"Paulina Matysiak Wyrzucona z Partii Razem: \u201eMoja praca trwa\u201d \u2013 deklaruje pose\u0142"},"content":{"rendered":"\n<div class=\"td_block_wrap tdb_single_content tdi_41 td-pb-border-top td_block_template_8 td-post-content tagdiv-type\" data-td-block-uid=\"tdi_41\">\n<style>.tdi_41{margines-top:0px!important;margin-bottom:0px!important;dope\u0142nienie-g\u00f3ra:0px!important;dope\u0142nienie-d\u00f3\u0142:0px!important}<\/style>\n<style>.tdb_single_content{margin-bottom:0;*zoom:1}.tdb_single_content:before,.tdb_single_content:after{display:table;content:'';line-height:0}.tdb_single_content:after{clear:both}.tdb_single_content .tdb-block-inner>*:not(.wp-block-quote):not(.alignwide):not(.alignfull.wp-block-cover.has-parallax):not(.td-a-ad){margin-left:auto;margin-right:auto}.tdb_single_content a{pointer-events:auto}.tdb_single_content .td-spot-id-top_ad .tdc-placeholder-title:before{content:'Najlepsza reklama artyku\u0142u'!important}.tdb_single_content .td-spot-id-inline_ad0 .tdc-placeholder-title:before{content:'Reklama wbudowana artyku\u0142u 1'!important}.tdb_single_content .td-spot-id-inline_ad1 .tdc-placeholder-title:before{content:'Wbudowana reklama w artykule 2'!important}.tdb_single_content .td-spot-id-inline_ad2 .tdc-placeholder-title:before{content:'Wbudowana reklama w artykule 3'!important}.tdb_single_content .td-spot-id-bottom_ad .tdc-placeholder-title:before{content:'Article Bottom Ad'!important}.tdb_single_content .id_top_ad,.tdb_single_content .id_bottom_ad{clear:both;margin-bottom:21px;text-align:center}.tdb_single_content .id_top_ad img,.tdb_single_content .id_bottom_ad img{margin-bottom:0}.tdb_single_content .id_top_ad .adsbygoogle,.tdb_single_content .id_bottom_ad .adsbygoogle{position:relative}.tdb_single_content .id_ad_content-horiz-left,.tdb_single_content .id_ad_content-horiz-right,.tdb_single_content .id_ad_content-horiz-center{margin-bottom:15px}.tdb_single_content .id_ad_content-horiz-left img,.tdb_single_content .id_ad_content-horiz-right img,.tdb_single_content .id_ad_content-horiz-center img{margin-bottom:0}.tdb_single_content .id_ad_content-horiz-center{text-align:center}.tdb_single_content .id_ad_content-horiz-center img{margin-right:auto;margin-left:auto}.tdb_single_content .id_ad_content-horiz-left{float:left;margin-top:9px;margin-right:21px}.tdb_single_content .id_ad_content-horiz-right{float:right;margin-top:6px;margin-left:21px}.tdb_single_content .tdc-a-ad .tdc-placeholder-title{width:300px;height:250px}.tdb_single_content .tdc-a-ad .tdc-placeholder-title:before{position:absolute;top:50%;-webkit-transform:translateY(-50%);transform:translateY(-50%);margin:auto;display:table;width:100%}.tdb_single_content .tdb-block-inner.td-fix-index{word-break:break-word}.tdi_41,.tdi_41>p,.tdi_41 .tdb-block-inner>p,.wp-block-column>p{font-size:16px!important;line-height:1.6!important}.tdi_41 .tdb-block-inner blockquote p{font-style:normal!important}@media (max-width:767px){.tdb_single_content .id_ad_content-horiz-left,.tdb_single_content .id_ad_content-horiz-right,.tdb_single_content .id_ad_content-horiz-center{margin:0 auto 26 pikseli auto}}@media (max-width:767px){.tdb_single_content .id_ad_content-horiz-left{margin-right:0}}@media (max-width:767px){.tdb_single_content .id_ad_content-horiz-right{margin-left:0}}@media (max-width:767px){.tdb_single_content .td-a-ad{float:none;text-align:center}.tdb_single_content .td-a-ad img{margin-right:auto;margin-left:auto}.tdb_single_content .tdc-a-ad{float:none}}<\/style>\n<div class=\"tdb-block-inner td-fix-index\">\n<p>Partia Razem og\u0142osi\u0142a, \u017ce \u200b\u200busun\u0119\u0142a pos\u0142a <strong>Paulina Matysiak<\/strong> skre\u015blona z listy cz\u0142onk\u00f3w, stwierdzaj\u0105c w oficjalnym komunikacie, \u017ce \u201eod dawna nie wsp\u00f3\u0142pracuje z parti\u0105\u201d. W o\u015bwiadczeniu stwierdzono tak\u017ce, \u017ce dzia\u0142ania Matysiaka nie odzwierciedlaj\u0105 ju\u017c warto\u015bci Razem. Pos\u0142anka \u2013 znana ze wspierania zakrojonych na szerok\u0105 skal\u0119 inwestycji maj\u0105cych na celu rozw\u00f3j Polski \u2013 odpowiedzia\u0142a w\u0142asnym przes\u0142aniem.<\/p>\n<p>\u201eZarz\u0105d Krajowy Razem podj\u0105\u0142 dzi\u015b jednomy\u015blnie decyzj\u0119 o skre\u015bleniu Pauliny Matysiak z listy cz\u0142onk\u00f3w Razem\u201d<br \/>\u2013 napisa\u0142a partia w czwartek w po\u015bcie na X.<\/p>\n<p>Wed\u0142ug Razem Matysiak \u201eprzez d\u0142ugi czas\u201d dzia\u0142a\u0142a samodzielnie, bez koordynacji z parti\u0105, a \u201eliczne pr\u00f3by w\u0142\u0105czenia jej w prace Razem okaza\u0142y si\u0119 bezskuteczne\u201d.<\/p>\n<p>Partia argumentowa\u0142a tak\u017ce, \u017ce dzia\u0142alno\u015b\u0107 polityczna Matysiaka nie wpisuje si\u0119 w strategi\u0119 Razem \u201ebudowania alternatywy dla duopolu PO\u2013PiS\u201d.<\/p>\n<p>&#8222;Rok temu grupa polityk\u00f3w pr\u00f3bowa\u0142a jednostronnie sprzymierzy\u0107 si\u0119 z blokiem Razem z blokiem Tuska. Nie pozwolili\u015bmy na to. Razem nie przyst\u0105pimy do \u017cadnego z dw\u00f3ch szkodliwych dla Polski oboz\u00f3w politycznych&#8221;<br \/>stwierdzono w o\u015bwiadczeniu.<\/p>\n<p>&#8222;Wsp\u00f3\u0142pracujemy od lat i za to jej dzi\u0119kujemy. Pozostajemy otwarci na wsp\u00f3ln\u0105 prac\u0119 w Sejmie w sprawach transportu i innych wa\u017cnych dla rozwoju Polski kwestii&#8221;<br \/>\u2013 zako\u0144czy\u0142 komunikat.<\/p>\n<p>pose\u0142 <strong>Paulina Matysiak<\/strong> wyda\u0142a w odpowiedzi w\u0142asne o\u015bwiadczenie.<\/p>\n<p>&#8222;W 2017 do\u0142\u0105czy\u0142am do Razem, bo wierzy\u0142am, \u017ce mo\u017cliwa jest inna polityka &#8211; \u017ce da si\u0119 zbudowa\u0107 w Polsce inkluzywn\u0105, a nie zamkni\u0119t\u0105 lewic\u0119. Dzi\u015b, w 2025, po wyrzuceniu z partii, nadal jestem przekonana, \u017ce \u200b\u200bpotrzebna jest nam lewica otwarta na r\u00f3\u017cne punkty widzenia i pochodzenie spo\u0142eczne, a nie sekciarska.<\/p>\n<p>Kontynuuj\u0119 moj\u0105 prac\u0119 na rzecz przeciwdzia\u0142ania wykluczeniu transportowemu, poprawy bezpiecze\u0144stwa ruchu drogowego, wspierania du\u017cych projekt\u00f3w rozwojowych, takich jak Centralny Port Komunikacyjny (CPK), a tak\u017ce obrony praw pracowniczych. Pod tym wzgl\u0119dem nic si\u0119 nie zmienia.<br \/>B\u0119d\u0119 kontynuowa\u0142 prac\u0119 jako pose\u0142 niezale\u017cny (nie mog\u0105 mnie wydali\u0107 z Kutna).<br \/>Dzi\u0119kuj\u0119 za wszystkie s\u0142owa wsparcia od Was \u2013 wiele dla mnie znacz\u0105. Pozosta\u0144my w kontakcie!\u201d napisa\u0142a.<\/p>\n<\/div>\n<\/div>\n","protected":false},"excerpt":{"rendered":"<p>Partia Razem og\u0142osi\u0142a, \u017ce \u200b\u200busun\u0119\u0142a pos\u0142a Paulina Matysiak skre\u015blona z listy cz\u0142onk\u00f3w, stwierdzaj\u0105c w oficjalnym komunikacie, \u017ce \u201eod dawna nie<\/p>\n","protected":false},"author":1,"featured_media":10472,"comment_status":"open","ping_status":"open","sticky":false,"template":"","format":"standard","meta":{"footnotes":""},"categories":[4748],"tags":[1360,11947,6827,6450,11946,2543,430,3971,2637,11948],"class_list":["post-10471","post","type-post","status-publish","format-standard","has-post-thumbnail","hentry","category-aktualne","tag-deklaruje","tag-matysiak","tag-moja","tag-partii","tag-paulina","tag-posel","tag-praca","tag-razem","tag-trwa","tag-wyrzucona","generate-columns","tablet-grid-50","mobile-grid-100","grid-parent","grid-50","resize-featured-image"],"yoast_head":"<!-- This site is optimized with the Yoast SEO plugin v23.2 - https:\/\/yoast.com\/wordpress\/plugins\/seo\/ -->\n<title>Paulina Matysiak Wyrzucona z Partii Razem: \u201eMoja praca trwa\u201d \u2013 deklaruje pose\u0142 - POGOTOWIE FLAGOWE\u00ae<\/title>\n<meta name=\"robots\" content=\"index, follow, max-snippet:-1, max-image-preview:large, max-video-preview:-1\" \/>\n<link rel=\"canonical\" href=\"https:\/\/www.pogotowieflagowe.pl\/aktualne\/paulina-matysiak-wyrzucona-z-partii-razem-moja-praca-trwa-deklaruje-posel\/\" \/>\n<meta property=\"og:locale\" content=\"pl_PL\" \/>\n<meta property=\"og:type\" content=\"article\" \/>\n<meta property=\"og:title\" content=\"Paulina Matysiak Wyrzucona z Partii Razem: \u201eMoja praca trwa\u201d \u2013 deklaruje pose\u0142 - POGOTOWIE FLAGOWE\u00ae\" \/>\n<meta property=\"og:description\" content=\"Partia Razem og\u0142osi\u0142a, \u017ce \u200b\u200busun\u0119\u0142a pos\u0142a Paulina Matysiak skre\u015blona z listy cz\u0142onk\u00f3w, stwierdzaj\u0105c w oficjalnym komunikacie, \u017ce \u201eod dawna nie\" \/>\n<meta property=\"og:url\" content=\"https:\/\/www.pogotowieflagowe.pl\/aktualne\/paulina-matysiak-wyrzucona-z-partii-razem-moja-praca-trwa-deklaruje-posel\/\" \/>\n<meta property=\"og:site_name\" content=\"POGOTOWIE FLAGOWE\u00ae\" \/>\n<meta property=\"article:published_time\" content=\"2025-11-12T19:36:52+00:00\" \/>\n<meta property=\"article:modified_time\" content=\"2025-11-12T19:36:55+00:00\" \/>\n<meta property=\"og:image\" content=\"https:\/\/www.pogotowieflagowe.pl\/aktualne\/wp-content\/uploads\/2025\/11\/Paulina-Matysiak-Wyrzucona-z-Partii-Razem-\u201eMoja-praca-trwa-\u2013.jpg\" \/>\n\t<meta property=\"og:image:width\" content=\"1920\" \/>\n\t<meta property=\"og:image:height\" content=\"1440\" \/>\n\t<meta property=\"og:image:type\" content=\"image\/jpeg\" \/>\n<meta name=\"author\" content=\"Filip\" \/>\n<meta name=\"twitter:card\" content=\"summary_large_image\" \/>\n<meta name=\"twitter:label1\" content=\"Napisane przez\" \/>\n\t<meta name=\"twitter:data1\" content=\"Filip\" \/>\n\t<meta name=\"twitter:label2\" content=\"Szacowany czas czytania\" \/>\n\t<meta name=\"twitter:data2\" content=\"2 minuty\" \/>\n<script type=\"application\/ld+json\" class=\"yoast-schema-graph\">{\"@context\":\"https:\/\/schema.org\",\"@graph\":[{\"@type\":\"Article\",\"@id\":\"https:\/\/www.pogotowieflagowe.pl\/aktualne\/paulina-matysiak-wyrzucona-z-partii-razem-moja-praca-trwa-deklaruje-posel\/#article\",\"isPartOf\":{\"@id\":\"https:\/\/www.pogotowieflagowe.pl\/aktualne\/paulina-matysiak-wyrzucona-z-partii-razem-moja-praca-trwa-deklaruje-posel\/\"},\"author\":{\"name\":\"Filip\",\"@id\":\"https:\/\/www.pogotowieflagowe.pl\/aktualne\/#\/schema\/person\/9c2fb7d2362ebf6fa088960d7f0d27b0\"},\"headline\":\"Paulina Matysiak Wyrzucona z Partii Razem: \u201eMoja praca trwa\u201d \u2013 deklaruje pose\u0142\",\"datePublished\":\"2025-11-12T19:36:52+00:00\",\"dateModified\":\"2025-11-12T19:36:55+00:00\",\"mainEntityOfPage\":{\"@id\":\"https:\/\/www.pogotowieflagowe.pl\/aktualne\/paulina-matysiak-wyrzucona-z-partii-razem-moja-praca-trwa-deklaruje-posel\/\"},\"wordCount\":376,\"commentCount\":0,\"publisher\":{\"@id\":\"https:\/\/www.pogotowieflagowe.pl\/aktualne\/#organization\"},\"image\":{\"@id\":\"https:\/\/www.pogotowieflagowe.pl\/aktualne\/paulina-matysiak-wyrzucona-z-partii-razem-moja-praca-trwa-deklaruje-posel\/#primaryimage\"},\"thumbnailUrl\":\"https:\/\/www.pogotowieflagowe.pl\/aktualne\/wp-content\/uploads\/2025\/11\/Paulina-Matysiak-Wyrzucona-z-Partii-Razem-\u201eMoja-praca-trwa-\u2013.jpg\",\"keywords\":[\"deklaruje\",\"Matysiak\",\"moj\u0105\",\"partii\",\"Paulina\",\"pose\u0142\",\"Praca\",\"razem\",\"Trwa\",\"Wyrzucona\"],\"articleSection\":[\"Aktualne\"],\"inLanguage\":\"pl-PL\",\"potentialAction\":[{\"@type\":\"CommentAction\",\"name\":\"Comment\",\"target\":[\"https:\/\/www.pogotowieflagowe.pl\/aktualne\/paulina-matysiak-wyrzucona-z-partii-razem-moja-praca-trwa-deklaruje-posel\/#respond\"]}]},{\"@type\":\"WebPage\",\"@id\":\"https:\/\/www.pogotowieflagowe.pl\/aktualne\/paulina-matysiak-wyrzucona-z-partii-razem-moja-praca-trwa-deklaruje-posel\/\",\"url\":\"https:\/\/www.pogotowieflagowe.pl\/aktualne\/paulina-matysiak-wyrzucona-z-partii-razem-moja-praca-trwa-deklaruje-posel\/\",\"name\":\"Paulina Matysiak Wyrzucona z Partii Razem: \u201eMoja praca trwa\u201d \u2013 deklaruje pose\u0142 - POGOTOWIE FLAGOWE\u00ae\",\"isPartOf\":{\"@id\":\"https:\/\/www.pogotowieflagowe.pl\/aktualne\/#website\"},\"primaryImageOfPage\":{\"@id\":\"https:\/\/www.pogotowieflagowe.pl\/aktualne\/paulina-matysiak-wyrzucona-z-partii-razem-moja-praca-trwa-deklaruje-posel\/#primaryimage\"},\"image\":{\"@id\":\"https:\/\/www.pogotowieflagowe.pl\/aktualne\/paulina-matysiak-wyrzucona-z-partii-razem-moja-praca-trwa-deklaruje-posel\/#primaryimage\"},\"thumbnailUrl\":\"https:\/\/www.pogotowieflagowe.pl\/aktualne\/wp-content\/uploads\/2025\/11\/Paulina-Matysiak-Wyrzucona-z-Partii-Razem-\u201eMoja-praca-trwa-\u2013.jpg\",\"datePublished\":\"2025-11-12T19:36:52+00:00\",\"dateModified\":\"2025-11-12T19:36:55+00:00\",\"breadcrumb\":{\"@id\":\"https:\/\/www.pogotowieflagowe.pl\/aktualne\/paulina-matysiak-wyrzucona-z-partii-razem-moja-praca-trwa-deklaruje-posel\/#breadcrumb\"},\"inLanguage\":\"pl-PL\",\"potentialAction\":[{\"@type\":\"ReadAction\",\"target\":[\"https:\/\/www.pogotowieflagowe.pl\/aktualne\/paulina-matysiak-wyrzucona-z-partii-razem-moja-praca-trwa-deklaruje-posel\/\"]}]},{\"@type\":\"ImageObject\",\"inLanguage\":\"pl-PL\",\"@id\":\"https:\/\/www.pogotowieflagowe.pl\/aktualne\/paulina-matysiak-wyrzucona-z-partii-razem-moja-praca-trwa-deklaruje-posel\/#primaryimage\",\"url\":\"https:\/\/www.pogotowieflagowe.pl\/aktualne\/wp-content\/uploads\/2025\/11\/Paulina-Matysiak-Wyrzucona-z-Partii-Razem-\u201eMoja-praca-trwa-\u2013.jpg\",\"contentUrl\":\"https:\/\/www.pogotowieflagowe.pl\/aktualne\/wp-content\/uploads\/2025\/11\/Paulina-Matysiak-Wyrzucona-z-Partii-Razem-\u201eMoja-praca-trwa-\u2013.jpg\",\"width\":1920,\"height\":1440,\"caption\":\"Paulina Matysiak Wyrzucona z Partii Razem: \u201eMoja praca trwa\u201d \u2013 deklaruje pose\u0142\"},{\"@type\":\"BreadcrumbList\",\"@id\":\"https:\/\/www.pogotowieflagowe.pl\/aktualne\/paulina-matysiak-wyrzucona-z-partii-razem-moja-praca-trwa-deklaruje-posel\/#breadcrumb\",\"itemListElement\":[{\"@type\":\"ListItem\",\"position\":1,\"name\":\"Home\",\"item\":\"https:\/\/www.pogotowieflagowe.pl\/aktualne\/\"},{\"@type\":\"ListItem\",\"position\":2,\"name\":\"Paulina Matysiak Wyrzucona z Partii Razem: \u201eMoja praca trwa\u201d \u2013 deklaruje pose\u0142\"}]},{\"@type\":\"WebSite\",\"@id\":\"https:\/\/www.pogotowieflagowe.pl\/aktualne\/#website\",\"url\":\"https:\/\/www.pogotowieflagowe.pl\/aktualne\/\",\"name\":\"POGOTOWIE FLAGOWE\u00ae\",\"description\":\"\",\"publisher\":{\"@id\":\"https:\/\/www.pogotowieflagowe.pl\/aktualne\/#organization\"},\"potentialAction\":[{\"@type\":\"SearchAction\",\"target\":{\"@type\":\"EntryPoint\",\"urlTemplate\":\"https:\/\/www.pogotowieflagowe.pl\/aktualne\/?s={search_term_string}\"},\"query-input\":\"required name=search_term_string\"}],\"inLanguage\":\"pl-PL\"},{\"@type\":\"Organization\",\"@id\":\"https:\/\/www.pogotowieflagowe.pl\/aktualne\/#organization\",\"name\":\"POGOTOWIE FLAGOWE\u00ae\",\"url\":\"https:\/\/www.pogotowieflagowe.pl\/aktualne\/\",\"logo\":{\"@type\":\"ImageObject\",\"inLanguage\":\"pl-PL\",\"@id\":\"https:\/\/www.pogotowieflagowe.pl\/aktualne\/#\/schema\/logo\/image\/\",\"url\":\"https:\/\/www.pogotowieflagowe.pl\/aktualne\/wp-content\/uploads\/2024\/08\/cropped-pogotowieflagowe_flaga_projekt_sm.jpg\",\"contentUrl\":\"https:\/\/www.pogotowieflagowe.pl\/aktualne\/wp-content\/uploads\/2024\/08\/cropped-pogotowieflagowe_flaga_projekt_sm.jpg\",\"width\":250,\"height\":143,\"caption\":\"POGOTOWIE FLAGOWE\u00ae\"},\"image\":{\"@id\":\"https:\/\/www.pogotowieflagowe.pl\/aktualne\/#\/schema\/logo\/image\/\"}},{\"@type\":\"Person\",\"@id\":\"https:\/\/www.pogotowieflagowe.pl\/aktualne\/#\/schema\/person\/9c2fb7d2362ebf6fa088960d7f0d27b0\",\"name\":\"Filip\",\"image\":{\"@type\":\"ImageObject\",\"inLanguage\":\"pl-PL\",\"@id\":\"https:\/\/www.pogotowieflagowe.pl\/aktualne\/#\/schema\/person\/image\/\",\"url\":\"https:\/\/www.pogotowieflagowe.pl\/aktualne\/wp-content\/uploads\/2024\/08\/pogotowieflagowe.pl_.jpg\",\"contentUrl\":\"https:\/\/www.pogotowieflagowe.pl\/aktualne\/wp-content\/uploads\/2024\/08\/pogotowieflagowe.pl_.jpg\",\"caption\":\"Filip\"},\"description\":\"Jestem Filip, polski dziennikarz z dyplomem nauk politycznych Uniwersytetu Warszawskiego. Rozpoczynaj\u0105c swoj\u0105 karier\u0119 w r\u00f3\u017cnych lokalnych mediach, zdoby\u0142em solidne do\u015bwiadczenie w zakresie \u015bledztwa i redakcji. Obecnie jako redaktor w Pogotowie flagowe, staram si\u0119 dostarcza\u0107 dog\u0142\u0119bne i istotne analizy na temat najwa\u017cniejszych kwestii aktualno\u015bci, \u0142\u0105cz\u0105c rygor z pasj\u0105 dziennikarsk\u0105.\",\"sameAs\":[\"https:\/\/www.pogotowieflagowe.pl\/\"]}]}<\/script>\n<!-- \/ Yoast SEO plugin. -->","yoast_head_json":{"title":"Paulina Matysiak Wyrzucona z Partii Razem: \u201eMoja praca trwa\u201d \u2013 deklaruje pose\u0142 - POGOTOWIE FLAGOWE\u00ae","robots":{"index":"index","follow":"follow","max-snippet":"max-snippet:-1","max-image-preview":"max-image-preview:large","max-video-preview":"max-video-preview:-1"},"canonical":"https:\/\/www.pogotowieflagowe.pl\/aktualne\/paulina-matysiak-wyrzucona-z-partii-razem-moja-praca-trwa-deklaruje-posel\/","og_locale":"pl_PL","og_type":"article","og_title":"Paulina Matysiak Wyrzucona z Partii Razem: \u201eMoja praca trwa\u201d \u2013 deklaruje pose\u0142 - POGOTOWIE FLAGOWE\u00ae","og_description":"Partia Razem og\u0142osi\u0142a, \u017ce \u200b\u200busun\u0119\u0142a pos\u0142a Paulina Matysiak skre\u015blona z listy cz\u0142onk\u00f3w, stwierdzaj\u0105c w oficjalnym komunikacie, \u017ce \u201eod dawna nie","og_url":"https:\/\/www.pogotowieflagowe.pl\/aktualne\/paulina-matysiak-wyrzucona-z-partii-razem-moja-praca-trwa-deklaruje-posel\/","og_site_name":"POGOTOWIE FLAGOWE\u00ae","article_published_time":"2025-11-12T19:36:52+00:00","article_modified_time":"2025-11-12T19:36:55+00:00","og_image":[{"width":1920,"height":1440,"url":"https:\/\/www.pogotowieflagowe.pl\/aktualne\/wp-content\/uploads\/2025\/11\/Paulina-Matysiak-Wyrzucona-z-Partii-Razem-\u201eMoja-praca-trwa-\u2013.jpg","type":"image\/jpeg"}],"author":"Filip","twitter_card":"summary_large_image","twitter_misc":{"Napisane przez":"Filip","Szacowany czas czytania":"2 minuty"},"schema":{"@context":"https:\/\/schema.org","@graph":[{"@type":"Article","@id":"https:\/\/www.pogotowieflagowe.pl\/aktualne\/paulina-matysiak-wyrzucona-z-partii-razem-moja-praca-trwa-deklaruje-posel\/#article","isPartOf":{"@id":"https:\/\/www.pogotowieflagowe.pl\/aktualne\/paulina-matysiak-wyrzucona-z-partii-razem-moja-praca-trwa-deklaruje-posel\/"},"author":{"name":"Filip","@id":"https:\/\/www.pogotowieflagowe.pl\/aktualne\/#\/schema\/person\/9c2fb7d2362ebf6fa088960d7f0d27b0"},"headline":"Paulina Matysiak Wyrzucona z Partii Razem: \u201eMoja praca trwa\u201d \u2013 deklaruje pose\u0142","datePublished":"2025-11-12T19:36:52+00:00","dateModified":"2025-11-12T19:36:55+00:00","mainEntityOfPage":{"@id":"https:\/\/www.pogotowieflagowe.pl\/aktualne\/paulina-matysiak-wyrzucona-z-partii-razem-moja-praca-trwa-deklaruje-posel\/"},"wordCount":376,"commentCount":0,"publisher":{"@id":"https:\/\/www.pogotowieflagowe.pl\/aktualne\/#organization"},"image":{"@id":"https:\/\/www.pogotowieflagowe.pl\/aktualne\/paulina-matysiak-wyrzucona-z-partii-razem-moja-praca-trwa-deklaruje-posel\/#primaryimage"},"thumbnailUrl":"https:\/\/www.pogotowieflagowe.pl\/aktualne\/wp-content\/uploads\/2025\/11\/Paulina-Matysiak-Wyrzucona-z-Partii-Razem-\u201eMoja-praca-trwa-\u2013.jpg","keywords":["deklaruje","Matysiak","moj\u0105","partii","Paulina","pose\u0142","Praca","razem","Trwa","Wyrzucona"],"articleSection":["Aktualne"],"inLanguage":"pl-PL","potentialAction":[{"@type":"CommentAction","name":"Comment","target":["https:\/\/www.pogotowieflagowe.pl\/aktualne\/paulina-matysiak-wyrzucona-z-partii-razem-moja-praca-trwa-deklaruje-posel\/#respond"]}]},{"@type":"WebPage","@id":"https:\/\/www.pogotowieflagowe.pl\/aktualne\/paulina-matysiak-wyrzucona-z-partii-razem-moja-praca-trwa-deklaruje-posel\/","url":"https:\/\/www.pogotowieflagowe.pl\/aktualne\/paulina-matysiak-wyrzucona-z-partii-razem-moja-praca-trwa-deklaruje-posel\/","name":"Paulina Matysiak Wyrzucona z Partii Razem: \u201eMoja praca trwa\u201d \u2013 deklaruje pose\u0142 - POGOTOWIE FLAGOWE\u00ae","isPartOf":{"@id":"https:\/\/www.pogotowieflagowe.pl\/aktualne\/#website"},"primaryImageOfPage":{"@id":"https:\/\/www.pogotowieflagowe.pl\/aktualne\/paulina-matysiak-wyrzucona-z-partii-razem-moja-praca-trwa-deklaruje-posel\/#primaryimage"},"image":{"@id":"https:\/\/www.pogotowieflagowe.pl\/aktualne\/paulina-matysiak-wyrzucona-z-partii-razem-moja-praca-trwa-deklaruje-posel\/#primaryimage"},"thumbnailUrl":"https:\/\/www.pogotowieflagowe.pl\/aktualne\/wp-content\/uploads\/2025\/11\/Paulina-Matysiak-Wyrzucona-z-Partii-Razem-\u201eMoja-praca-trwa-\u2013.jpg","datePublished":"2025-11-12T19:36:52+00:00","dateModified":"2025-11-12T19:36:55+00:00","breadcrumb":{"@id":"https:\/\/www.pogotowieflagowe.pl\/aktualne\/paulina-matysiak-wyrzucona-z-partii-razem-moja-praca-trwa-deklaruje-posel\/#breadcrumb"},"inLanguage":"pl-PL","potentialAction":[{"@type":"ReadAction","target":["https:\/\/www.pogotowieflagowe.pl\/aktualne\/paulina-matysiak-wyrzucona-z-partii-razem-moja-praca-trwa-deklaruje-posel\/"]}]},{"@type":"ImageObject","inLanguage":"pl-PL","@id":"https:\/\/www.pogotowieflagowe.pl\/aktualne\/paulina-matysiak-wyrzucona-z-partii-razem-moja-praca-trwa-deklaruje-posel\/#primaryimage","url":"https:\/\/www.pogotowieflagowe.pl\/aktualne\/wp-content\/uploads\/2025\/11\/Paulina-Matysiak-Wyrzucona-z-Partii-Razem-\u201eMoja-praca-trwa-\u2013.jpg","contentUrl":"https:\/\/www.pogotowieflagowe.pl\/aktualne\/wp-content\/uploads\/2025\/11\/Paulina-Matysiak-Wyrzucona-z-Partii-Razem-\u201eMoja-praca-trwa-\u2013.jpg","width":1920,"height":1440,"caption":"Paulina Matysiak Wyrzucona z Partii Razem: \u201eMoja praca trwa\u201d \u2013 deklaruje pose\u0142"},{"@type":"BreadcrumbList","@id":"https:\/\/www.pogotowieflagowe.pl\/aktualne\/paulina-matysiak-wyrzucona-z-partii-razem-moja-praca-trwa-deklaruje-posel\/#breadcrumb","itemListElement":[{"@type":"ListItem","position":1,"name":"Home","item":"https:\/\/www.pogotowieflagowe.pl\/aktualne\/"},{"@type":"ListItem","position":2,"name":"Paulina Matysiak Wyrzucona z Partii Razem: \u201eMoja praca trwa\u201d \u2013 deklaruje pose\u0142"}]},{"@type":"WebSite","@id":"https:\/\/www.pogotowieflagowe.pl\/aktualne\/#website","url":"https:\/\/www.pogotowieflagowe.pl\/aktualne\/","name":"POGOTOWIE FLAGOWE\u00ae","description":"","publisher":{"@id":"https:\/\/www.pogotowieflagowe.pl\/aktualne\/#organization"},"potentialAction":[{"@type":"SearchAction","target":{"@type":"EntryPoint","urlTemplate":"https:\/\/www.pogotowieflagowe.pl\/aktualne\/?s={search_term_string}"},"query-input":"required name=search_term_string"}],"inLanguage":"pl-PL"},{"@type":"Organization","@id":"https:\/\/www.pogotowieflagowe.pl\/aktualne\/#organization","name":"POGOTOWIE FLAGOWE\u00ae","url":"https:\/\/www.pogotowieflagowe.pl\/aktualne\/","logo":{"@type":"ImageObject","inLanguage":"pl-PL","@id":"https:\/\/www.pogotowieflagowe.pl\/aktualne\/#\/schema\/logo\/image\/","url":"https:\/\/www.pogotowieflagowe.pl\/aktualne\/wp-content\/uploads\/2024\/08\/cropped-pogotowieflagowe_flaga_projekt_sm.jpg","contentUrl":"https:\/\/www.pogotowieflagowe.pl\/aktualne\/wp-content\/uploads\/2024\/08\/cropped-pogotowieflagowe_flaga_projekt_sm.jpg","width":250,"height":143,"caption":"POGOTOWIE FLAGOWE\u00ae"},"image":{"@id":"https:\/\/www.pogotowieflagowe.pl\/aktualne\/#\/schema\/logo\/image\/"}},{"@type":"Person","@id":"https:\/\/www.pogotowieflagowe.pl\/aktualne\/#\/schema\/person\/9c2fb7d2362ebf6fa088960d7f0d27b0","name":"Filip","image":{"@type":"ImageObject","inLanguage":"pl-PL","@id":"https:\/\/www.pogotowieflagowe.pl\/aktualne\/#\/schema\/person\/image\/","url":"https:\/\/www.pogotowieflagowe.pl\/aktualne\/wp-content\/uploads\/2024\/08\/pogotowieflagowe.pl_.jpg","contentUrl":"https:\/\/www.pogotowieflagowe.pl\/aktualne\/wp-content\/uploads\/2024\/08\/pogotowieflagowe.pl_.jpg","caption":"Filip"},"description":"Jestem Filip, polski dziennikarz z dyplomem nauk politycznych Uniwersytetu Warszawskiego. Rozpoczynaj\u0105c swoj\u0105 karier\u0119 w r\u00f3\u017cnych lokalnych mediach, zdoby\u0142em solidne do\u015bwiadczenie w zakresie \u015bledztwa i redakcji. Obecnie jako redaktor w Pogotowie flagowe, staram si\u0119 dostarcza\u0107 dog\u0142\u0119bne i istotne analizy na temat najwa\u017cniejszych kwestii aktualno\u015bci, \u0142\u0105cz\u0105c rygor z pasj\u0105 dziennikarsk\u0105.","sameAs":["https:\/\/www.pogotowieflagowe.pl\/"]}]}},"_links":{"self":[{"href":"https:\/\/www.pogotowieflagowe.pl\/aktualne\/wp-json\/wp\/v2\/posts\/10471","targetHints":{"allow":["GET"]}}],"collection":[{"href":"https:\/\/www.pogotowieflagowe.pl\/aktualne\/wp-json\/wp\/v2\/posts"}],"about":[{"href":"https:\/\/www.pogotowieflagowe.pl\/aktualne\/wp-json\/wp\/v2\/types\/post"}],"author":[{"embeddable":true,"href":"https:\/\/www.pogotowieflagowe.pl\/aktualne\/wp-json\/wp\/v2\/users\/1"}],"replies":[{"embeddable":true,"href":"https:\/\/www.pogotowieflagowe.pl\/aktualne\/wp-json\/wp\/v2\/comments?post=10471"}],"version-history":[{"count":1,"href":"https:\/\/www.pogotowieflagowe.pl\/aktualne\/wp-json\/wp\/v2\/posts\/10471\/revisions"}],"predecessor-version":[{"id":10473,"href":"https:\/\/www.pogotowieflagowe.pl\/aktualne\/wp-json\/wp\/v2\/posts\/10471\/revisions\/10473"}],"wp:featuredmedia":[{"embeddable":true,"href":"https:\/\/www.pogotowieflagowe.pl\/aktualne\/wp-json\/wp\/v2\/media\/10472"}],"wp:attachment":[{"href":"https:\/\/www.pogotowieflagowe.pl\/aktualne\/wp-json\/wp\/v2\/media?parent=10471"}],"wp:term":[{"taxonomy":"category","embeddable":true,"href":"https:\/\/www.pogotowieflagowe.pl\/aktualne\/wp-json\/wp\/v2\/categories?post=10471"},{"taxonomy":"post_tag","embeddable":true,"href":"https:\/\/www.pogotowieflagowe.pl\/aktualne\/wp-json\/wp\/v2\/tags?post=10471"}],"curies":[{"name":"wp","href":"https:\/\/api.w.org\/{rel}","templated":true}]}}