{"id":10534,"date":"2025-11-14T15:07:54","date_gmt":"2025-11-14T14:07:54","guid":{"rendered":"https:\/\/www.pogotowieflagowe.pl\/aktualne\/sto-dni-za-nawrocki-pracuje-nad-przywroceniem-tego-co-oslabil-rzad-tuska\/"},"modified":"2025-11-14T15:07:55","modified_gmt":"2025-11-14T14:07:55","slug":"sto-dni-za-nawrocki-pracuje-nad-przywroceniem-tego-co-oslabil-rzad-tuska","status":"publish","type":"post","link":"https:\/\/www.pogotowieflagowe.pl\/aktualne\/sto-dni-za-nawrocki-pracuje-nad-przywroceniem-tego-co-oslabil-rzad-tuska\/","title":{"rendered":"Sto dni za: Nawrocki pracuje nad przywr\u00f3ceniem tego, co os\u0142abi\u0142 rz\u0105d Tuska"},"content":{"rendered":"\n<div class=\"td_block_wrap tdb_single_content tdi_41 td-pb-border-top td_block_template_8 td-post-content tagdiv-type\" data-td-block-uid=\"tdi_41\">\n<style>.tdi_41{margines-top:0px!important;margin-bottom:0px!important;dope\u0142nienie-g\u00f3ra:0px!important;dope\u0142nienie-d\u00f3\u0142:0px!important}<\/style>\n<style>.tdb_single_content{margin-bottom:0;*zoom:1}.tdb_single_content:before,.tdb_single_content:after{display:table;content:'';line-height:0}.tdb_single_content:after{clear:both}.tdb_single_content .tdb-block-inner>*:not(.wp-block-quote):not(.alignwide):not(.alignfull.wp-block-cover.has-parallax):not(.td-a-ad){margin-left:auto;margin-right:auto}.tdb_single_content a{pointer-events:auto}.tdb_single_content .td-spot-id-top_ad .tdc-placeholder-title:before{content:'Najlepsza reklama artyku\u0142u'!important}.tdb_single_content .td-spot-id-inline_ad0 .tdc-placeholder-title:before{content:'Reklama wbudowana artyku\u0142u 1'!important}.tdb_single_content .td-spot-id-inline_ad1 .tdc-placeholder-title:before{content:'Wbudowana reklama w artykule 2'!important}.tdb_single_content .td-spot-id-inline_ad2 .tdc-placeholder-title:before{content:'Wbudowana reklama w artykule 3'!important}.tdb_single_content .td-spot-id-bottom_ad .tdc-placeholder-title:before{content:'Article Bottom Ad'!important}.tdb_single_content .id_top_ad,.tdb_single_content .id_bottom_ad{clear:both;margin-bottom:21px;text-align:center}.tdb_single_content .id_top_ad img,.tdb_single_content .id_bottom_ad img{margin-bottom:0}.tdb_single_content .id_top_ad .adsbygoogle,.tdb_single_content .id_bottom_ad .adsbygoogle{position:relative}.tdb_single_content .id_ad_content-horiz-left,.tdb_single_content .id_ad_content-horiz-right,.tdb_single_content .id_ad_content-horiz-center{margin-bottom:15px}.tdb_single_content .id_ad_content-horiz-left img,.tdb_single_content .id_ad_content-horiz-right img,.tdb_single_content .id_ad_content-horiz-center img{margin-bottom:0}.tdb_single_content .id_ad_content-horiz-center{text-align:center}.tdb_single_content .id_ad_content-horiz-center img{margin-right:auto;margin-left:auto}.tdb_single_content .id_ad_content-horiz-left{float:left;margin-top:9px;margin-right:21px}.tdb_single_content .id_ad_content-horiz-right{float:right;margin-top:6px;margin-left:21px}.tdb_single_content .tdc-a-ad .tdc-placeholder-title{width:300px;height:250px}.tdb_single_content .tdc-a-ad .tdc-placeholder-title:before{position:absolute;top:50%;-webkit-transform:translateY(-50%);transform:translateY(-50%);margin:auto;display:table;width:100%}.tdb_single_content .tdb-block-inner.td-fix-index{word-break:break-word}.tdi_41,.tdi_41>p,.tdi_41 .tdb-block-inner>p,.wp-block-column>p{font-size:16px!important;line-height:1.6!important}.tdi_41 .tdb-block-inner blockquote p{font-style:normal!important}@media (max-width:767px){.tdb_single_content .id_ad_content-horiz-left,.tdb_single_content .id_ad_content-horiz-right,.tdb_single_content .id_ad_content-horiz-center{margin:0 auto 26 pikseli auto}}@media (max-width:767px){.tdb_single_content .id_ad_content-horiz-left{margin-right:0}}@media (max-width:767px){.tdb_single_content .id_ad_content-horiz-right{margin-left:0}}@media (max-width:767px){.tdb_single_content .td-a-ad{float:none;text-align:center}.tdb_single_content .td-a-ad img{margin-right:auto;margin-left:auto}.tdb_single_content .tdc-a-ad{float:none}}<\/style>\n<div class=\"tdb-block-inner td-fix-index\">\n<p>W sytuacji, gdy mamy do czynienia z rz\u0105dem wyra\u017anie antypolskim, prowadz\u0105cym strategicznie polityk\u0119 proniemieck\u0105 \u2013 w obliczu narastaj\u0105cych problem\u00f3w, zerwania sojuszu ze Stanami Zjednoczonymi, co by\u0142o kierunkiem berli\u0144skiej instalacji Donalda Tuska w Polsce \u2013 polityka zagraniczna prezydenta Karola Nawrockiego i jego wysi\u0142ki na rzecz utrzymania ci\u0105g\u0142o\u015bci w stosunkach ze Stanami Zjednoczonymi s\u0105 absolutnie kluczowe dla naszego bezpiecze\u0144stwa \u2013 m\u00f3wi w rozmowie z Niezale\u017cna.pl ekspert ds. mi\u0119dzynarodowych prof. Piotr Grochmalski.<\/p>\n<p>Cho\u0107 trudno uwierzy\u0107, jak szybko mija czas, min\u0119\u0142o ju\u017c 100 dni od zaprzysi\u0119\u017cenia Karola Nawrockiego na Prezydenta RP.<\/p>\n<figure class=\"wp-block-embed is-type-rich is-provider-twitter wp-block-embed-twitter\">\n<div class=\"wp-block-embed__wrapper\">\n<blockquote class=\"twitter-tweet\" data-width=\"550\" data-dnt=\"true\">\n<p lang=\"pl\" dir=\"ltr\">Tak mi dopom\u00f3\u017c B\u00f3g \ud83c\uddf5\ud83c\uddf1 <a rel=\"nofollow\" href=\"https:\/\/t.co\/QwqXr38CFr\">pic.twitter.com\/QwqXr38CFr<\/a><\/p>\n<p>\u2014 Karol Nawrocki (@NawrockiKn) <a rel=\"nofollow\" href=\"https:\/\/twitter.com\/NawrockiKn\/status\/1953025887454052500?ref_src=twsrc%5Etfw\">6 sierpnia 2025 r<\/a><\/p><\/blockquote>\n<\/div>\n<\/figure>\n<p>Intensywno\u015b\u0107 pracy nowego prezydenta w pierwszych tygodniach i miesi\u0105cach urz\u0119dowania jest uderzaj\u0105ca. Rz\u0105d Donalda Tuska, kt\u00f3ry w kampanii wyborczej obiecywa\u0142 sto konkretnych dzia\u0142a\u0144 przez pierwsze sto dni swojego istnienia, pozostaje daleko w tyle w por\u00f3wnaniu z szybko\u015bci\u0105, w jakiej Karol Nawrocki wciela w \u017cycie swoje przedwyborcze obietnice i deklaracje. Na rz\u0105dowej li\u015bcie mo\u017cna zaznaczy\u0107 maksymalnie 33 obiecane projekty. Tymczasem w ci\u0105gu pierwszych stu dni Karol Nawrocki skierowa\u0142 do Sejmu 11 projekt\u00f3w ustaw, zawetowa\u0142 13 ustaw i podpisa\u0142 70. Do najwa\u017cniejszych inicjatyw nale\u017c\u0105 ustawy \u201eTAK! Do Centralnego W\u0119z\u0142a Komunikacyjnego\u201d, \u201eTani pr\u0105d \u2013 33%\u201d, \u201eGodna emerytura\u201d i \u201eZero PIT. Rodzina Plus\u201d.<\/p>\n<p>Ale to nie wszystko. Prezydent odby\u0142 11 wizyt zagranicznych, w tym dwie do Stan\u00f3w Zjednoczonych. Do tego nale\u017cy doda\u0107 23 wizyty krajowe, zwo\u0142anie Rady Gabinetowej, powo\u0142anie przedstawicieli do Rady Dialogu Spo\u0142ecznego oraz zainicjowanie prac nad Strategi\u0105 Bezpiecze\u0144stwa Narodowego i \u201ekonstytucj\u0105 bezpiecze\u0144stwa\u201d.<\/p>\n<h2 class=\"wp-block-heading\">\u201eWzmocni\u0142 partnerstwo ze Stanami Zjednoczonymi\u201d<\/h2>\n<p>Sto dni sprawowania urz\u0119du to dobry moment na wst\u0119pn\u0105 ocen\u0119 dotychczasowej pracy prezydenta. O tym w\u0142a\u015bnie rozmawia\u0142 Niezale\u017cna.pl z prof. Piotrem Grochmalskim, politologiem i znawc\u0105 spraw mi\u0119dzynarodowych. W\u015br\u00f3d kluczowych wydarze\u0144 tego okresu rozm\u00f3wca wymienia pierwsz\u0105 z dw\u00f3ch wizyt prezydenta Nawrockiego w Stanach Zjednoczonych oraz jego spotkanie z Donaldem Trumpem.<\/p>\n<p><em>By\u0142a to wizyta szczeg\u00f3lnie wa\u017cna z punktu widzenia utrzymania ci\u0105g\u0142o\u015bci w stosunkach z Waszyngtonem,<\/em> \u2013 podkre\u015bla ekspert.<\/p>\n<p>&#8222;Stany Zjednoczone s\u0105 strategicznym sojusznikiem Polski &#8211; nie tylko dlatego, \u017ce Polska jest pa\u0144stwem frontowym i wa\u017cnym cz\u0142onkiem NATO, ale tak\u017ce dlatego, \u017ce podczas pierwszej kadencji Donalda Trumpa, w 2020 roku, zosta\u0142 podpisany traktat o wzmocnionej wsp\u00f3\u0142pracy obronnej. Z jednej strony obejmowa\u0142 on stacjonowanie wojsk ameryka\u0144skich w Polsce i dodatkowe kwestie prawne, z drugiej za\u015b wzmocni\u0142 wymian\u0119 informacji mi\u0119dzy obiema stronami. Jest to niezwykle wa\u017cny obszar, jak pokaza\u0142a wojna na Ukrainie. Uzyskanie informacji wywiadowczych &#8211; informacji o szczeg\u00f3lnym znaczeniu &#8211; pozwala wcze\u015bniejsze podejmowanie decyzji. To osi\u0105gni\u0119cie jest zas\u0142ug\u0105 prezydenta Andrzeja Dudy, podobnie jak wprowadzenie jego nast\u0119pcy, prezydenta Nawrockiego, w uprzywilejowane stosunki ze Stanami Zjednoczonymi \u2013 wspomina prof. Grochmalski.<\/p>\n<p>&#8222;Prezydent Nawrocki zrobi\u0142 jeszcze co\u015b o ogromnym znaczeniu przed rozmowami w USA. By\u0142o to kluczowe nie tylko dla bezpiecze\u0144stwa Polski, ale tak\u017ce dla kraj\u00f3w Inicjatywy Tr\u00f3jmorza, kt\u00f3re stoj\u0105 w obliczu zagro\u017cenia mo\u017cliw\u0105 agresj\u0105 rosyjsk\u0105 i znajduj\u0105 si\u0119 w trudnej sytuacji geopolitycznej ze wzgl\u0119du na Przesmyk Suwalski. Szybko zorganizowa\u0142 miniszczyt, na kt\u00f3rym wykaza\u0142 zdolno\u015b\u0107 koordynacji. Przypomina\u0142o to dzia\u0142ania zmar\u0142ego prezydenta Lecha Kaczy\u0144skiego, kt\u00f3remu w 2008 r. uda\u0142o si\u0119 szybko zorganizowa\u0107 delegacja przyw\u00f3dc\u00f3w do Gruzji Ta wizyta w Tbilisi mia\u0142a znacz\u0105cy wp\u0142yw na przebieg tego konfliktu\u201d \u2013 dodaje.<\/p>\n<p>&#8222;W trakcie kampanii wyborczej argumentowano, \u017ce Karolowi Nawrockiemu brakuje do\u015bwiadczenia w sprawach mi\u0119dzynarodowych. Organizuj\u0105c szczyt, prezydent po\u0142o\u017cy\u0142 kres takim twierdzeniom. Potwierdzi\u0142 tak\u017ce swoj\u0105 skuteczno\u015b\u0107 i zdolno\u015b\u0107 do zacie\u015bniania relacji ze Stanami Zjednoczonymi. Ugruntowa\u0142 partnerstwo nie tylko z samym prezydentem Donaldem Trumpem, ale z ca\u0142\u0105 administracj\u0105 USA&#8221; &#8211; zauwa\u017ca prof. Grochmalski.<\/p>\n<h2 class=\"wp-block-heading\">\u201eNaprawia to, co niszczy rz\u0105d Tuska\u201d<\/h2>\n<p><em>\u201e<\/em><em>Swoim post\u0119powaniem i kierunkiem swojej polityki na przestrzeni ostatnich stu dni Prezydent Nawrocki potwierdzi\u0142, \u017ce jest zwolennikiem linii proameryka\u0144skiej. Lini\u0119, kt\u00f3rej z oczywistych wzgl\u0119d\u00f3w nie mo\u017ce realizowa\u0107 radykalnie proniemiecki rz\u0105d Donalda Tuska,<\/em><em>\u201d<\/em> \u2013 kontynuuje rozm\u00f3wca.<\/p>\n<p>\u201eJe\u015bli we\u017amiemy pod uwag\u0119 dwa niepokoj\u0105ce sygna\u0142y \u2013 por\u00f3wnanie przez szefa Pentagonu Pete\u2019a Hegsetha obecnej sytuacji geostrategicznej z sytuacj\u0105 z 1939 r. oraz Naczelnego Dow\u00f3dcy Si\u0142 Sojuszniczych NATO w Europie (SACEUR) gen. Alexusa Grynkewicha, kt\u00f3ry latem przestrzeg\u0142, \u017ce Amerykanie spodziewaj\u0105 si\u0119 rosyjskiego ataku na kraj NATO i chi\u0144skiego ataku na Tajwan oko\u0142o 2027 r. \u2013 staje si\u0119 jasne, \u017ce dla Polski i naszego bezpiecze\u0144stwa utrzymanie doskona\u0142ych relacji ze Stanami Zjednoczonymi i z prezydentem Trumpem to sprawa strategiczna. By\u0142oby to oczywi\u015bcie niemo\u017cliwe, gdyby\u015bmy polegali na tym, \u017ce premier Donald Tusk realizuje niemieck\u0105 strategi\u0119, kt\u00f3ra jest niezwykle niebezpieczna dla bezpiecze\u0144stwa Polski\u201d \u2013 stwierdza prof. Grochmalski.<\/p>\n<p>&#8222;Istnieje strategiczna blokada wa\u017cnych przedsi\u0119wzi\u0119\u0107 Polski &#8211; blokada przeprowadzona przez rz\u0105d Tuska na korzy\u015b\u0107 Niemiec i Rosji. Obejmuje to parali\u017c instytucji s\u0105downiczych, zniszczenie systemu finansowego pa\u0144stwa, ruin\u0119 gospodarki, gwa\u0142town\u0105 spiral\u0119 zad\u0142u\u017cenia, wyparowanie miliard\u00f3w z bud\u017cetu, otwarte zapowiedzi nowych kontrakt\u00f3w zbrojeniowych z Niemcami oraz dzia\u0142ania powa\u017cnie ograniczaj\u0105ce suwerenno\u015b\u0107 pa\u0144stwa, takie jak Pakt Migracyjny czy ingerencja spo\u0142ecze\u0144stwa europejskiego w polskie sprawy Prokuratura \u2013 wylicza.<\/p>\n<p><em>\u201e<\/em><em>W sytuacji, gdy mamy do czynienia z wyra\u017anie antypolskim rz\u0105dem realizuj\u0105cym polityk\u0119 proniemieck\u0105 na poziomie strategicznym<\/em><em>\u2013 <\/em><em>w obliczu narastaj\u0105cych problem\u00f3w zerwanie wi\u0119zi z USA \u2013 w tym kierunku zmierza\u0142a berli\u0144ska instalacja Donalda Tuska w Polsce<\/em><em> \u2013 <\/em><em>polityka zagraniczna Prezydenta Karola Nawrockiego i d\u0105\u017cenie do utrzymania ci\u0105g\u0142o\u015bci w stosunkach z USA s\u0105 absolutnie kluczowe dla naszego bezpiecze\u0144stwa,<\/em><em>\u201d<\/em> \u2013 m\u00f3wi ekspert.<\/p>\n<p>&#8222;Wszystkie prowokacyjne dzia\u0142ania Tuska wobec prezydenta Nawrockiego nale\u017cy postrzega\u0107 jako pr\u00f3b\u0119 strategicznego parali\u017cu Polski. Postawa prezydenta i jego dotychczasowe dzia\u0142ania s\u0105 niezwykle wa\u017cne, poniewa\u017c pozwalaj\u0105 naprawi\u0107 ogromne szkody wyrz\u0105dzone przez rz\u0105d \u201ekoalicji 13 grudnia\u201d w stosunkach z Waszyngtonem. Straty s\u0105 ogromne\u201d \u2013 dodaje.<\/p>\n<p>\u201eW tej sytuacji pierwsze sto dni prezydentury Nawrockiego nale\u017cy postrzega\u0107 jako heroiczn\u0105 walk\u0119 z niemieckim pochyleniem, dryfem w stron\u0119 Berlina, kt\u00f3ry w wielu wymiarach \u2013 szczeg\u00f3lnie pod wzgl\u0119dem bezpiecze\u0144stwa \u2013 jest dla Polski samob\u00f3jczy i odpowiedzialny za masowe wyczerpywanie si\u0119 polskich zasob\u00f3w\u201d \u2013 podsumowuje ekspert.<\/p>\n<\/div>\n<\/div>\n<p><script async src=\"https:\/\/platform.twitter.com\/widgets.js\" charset=\"utf-8\"><\/script><\/p>\n","protected":false},"excerpt":{"rendered":"<p>W sytuacji, gdy mamy do czynienia z rz\u0105dem wyra\u017anie antypolskim, prowadz\u0105cym strategicznie polityk\u0119 proniemieck\u0105 \u2013 w obliczu narastaj\u0105cych problem\u00f3w, zerwania<\/p>\n","protected":false},"author":1,"featured_media":8156,"comment_status":"open","ping_status":"open","sticky":false,"template":"","format":"standard","meta":{"footnotes":""},"categories":[4748],"tags":[1140,552,2727,11997,4316,11996,1554,11995,4768,567],"class_list":["post-10534","post","type-post","status-publish","format-standard","has-post-thumbnail","hentry","category-aktualne","tag-dni","tag-nad","tag-nawrocki","tag-oslabil","tag-pracuje","tag-przywroceniem","tag-rzad","tag-sto","tag-tego","tag-tuska","generate-columns","tablet-grid-50","mobile-grid-100","grid-parent","grid-50","resize-featured-image"],"yoast_head":"<!-- This site is optimized with the Yoast SEO plugin v23.2 - https:\/\/yoast.com\/wordpress\/plugins\/seo\/ -->\n<title>Sto dni za: Nawrocki pracuje nad przywr\u00f3ceniem tego, co os\u0142abi\u0142 rz\u0105d Tuska - POGOTOWIE FLAGOWE\u00ae<\/title>\n<meta name=\"robots\" content=\"index, follow, max-snippet:-1, max-image-preview:large, max-video-preview:-1\" \/>\n<link rel=\"canonical\" href=\"https:\/\/www.pogotowieflagowe.pl\/aktualne\/sto-dni-za-nawrocki-pracuje-nad-przywroceniem-tego-co-oslabil-rzad-tuska\/\" \/>\n<meta property=\"og:locale\" content=\"pl_PL\" \/>\n<meta property=\"og:type\" content=\"article\" \/>\n<meta property=\"og:title\" content=\"Sto dni za: Nawrocki pracuje nad przywr\u00f3ceniem tego, co os\u0142abi\u0142 rz\u0105d Tuska - POGOTOWIE FLAGOWE\u00ae\" \/>\n<meta property=\"og:description\" content=\"W sytuacji, gdy mamy do czynienia z rz\u0105dem wyra\u017anie antypolskim, prowadz\u0105cym strategicznie polityk\u0119 proniemieck\u0105 \u2013 w obliczu narastaj\u0105cych problem\u00f3w, zerwania\" \/>\n<meta property=\"og:url\" content=\"https:\/\/www.pogotowieflagowe.pl\/aktualne\/sto-dni-za-nawrocki-pracuje-nad-przywroceniem-tego-co-oslabil-rzad-tuska\/\" \/>\n<meta property=\"og:site_name\" content=\"POGOTOWIE FLAGOWE\u00ae\" \/>\n<meta property=\"article:published_time\" content=\"2025-11-14T14:07:54+00:00\" \/>\n<meta property=\"article:modified_time\" content=\"2025-11-14T14:07:55+00:00\" \/>\n<meta property=\"og:image\" content=\"https:\/\/www.pogotowieflagowe.pl\/aktualne\/wp-content\/uploads\/2025\/09\/List-Trumpa-do-Nawrocki-wyciekl-do-mediow-zanim-dotarl-do.jpeg\" \/>\n\t<meta property=\"og:image:width\" content=\"2000\" \/>\n\t<meta property=\"og:image:height\" content=\"1333\" \/>\n\t<meta property=\"og:image:type\" content=\"image\/jpeg\" \/>\n<meta name=\"author\" content=\"Filip\" \/>\n<meta name=\"twitter:card\" content=\"summary_large_image\" \/>\n<meta name=\"twitter:label1\" content=\"Napisane przez\" \/>\n\t<meta name=\"twitter:data1\" content=\"Filip\" \/>\n\t<meta name=\"twitter:label2\" content=\"Szacowany czas czytania\" \/>\n\t<meta name=\"twitter:data2\" content=\"5 minut\" \/>\n<script type=\"application\/ld+json\" class=\"yoast-schema-graph\">{\"@context\":\"https:\/\/schema.org\",\"@graph\":[{\"@type\":\"Article\",\"@id\":\"https:\/\/www.pogotowieflagowe.pl\/aktualne\/sto-dni-za-nawrocki-pracuje-nad-przywroceniem-tego-co-oslabil-rzad-tuska\/#article\",\"isPartOf\":{\"@id\":\"https:\/\/www.pogotowieflagowe.pl\/aktualne\/sto-dni-za-nawrocki-pracuje-nad-przywroceniem-tego-co-oslabil-rzad-tuska\/\"},\"author\":{\"name\":\"Filip\",\"@id\":\"https:\/\/www.pogotowieflagowe.pl\/aktualne\/#\/schema\/person\/9c2fb7d2362ebf6fa088960d7f0d27b0\"},\"headline\":\"Sto dni za: Nawrocki pracuje nad przywr\u00f3ceniem tego, co os\u0142abi\u0142 rz\u0105d Tuska\",\"datePublished\":\"2025-11-14T14:07:54+00:00\",\"dateModified\":\"2025-11-14T14:07:55+00:00\",\"mainEntityOfPage\":{\"@id\":\"https:\/\/www.pogotowieflagowe.pl\/aktualne\/sto-dni-za-nawrocki-pracuje-nad-przywroceniem-tego-co-oslabil-rzad-tuska\/\"},\"wordCount\":1070,\"commentCount\":0,\"publisher\":{\"@id\":\"https:\/\/www.pogotowieflagowe.pl\/aktualne\/#organization\"},\"image\":{\"@id\":\"https:\/\/www.pogotowieflagowe.pl\/aktualne\/sto-dni-za-nawrocki-pracuje-nad-przywroceniem-tego-co-oslabil-rzad-tuska\/#primaryimage\"},\"thumbnailUrl\":\"https:\/\/www.pogotowieflagowe.pl\/aktualne\/wp-content\/uploads\/2025\/09\/List-Trumpa-do-Nawrocki-wyciekl-do-mediow-zanim-dotarl-do.jpeg\",\"keywords\":[\"dni\",\"nad\",\"Nawrocki\",\"os\u0142abi\u0142\",\"pracuje\",\"przywr\u00f3ceniem\",\"Rz\u0105d\",\"Sto\",\"tego\",\"Tuska\"],\"articleSection\":[\"Aktualne\"],\"inLanguage\":\"pl-PL\",\"potentialAction\":[{\"@type\":\"CommentAction\",\"name\":\"Comment\",\"target\":[\"https:\/\/www.pogotowieflagowe.pl\/aktualne\/sto-dni-za-nawrocki-pracuje-nad-przywroceniem-tego-co-oslabil-rzad-tuska\/#respond\"]}]},{\"@type\":\"WebPage\",\"@id\":\"https:\/\/www.pogotowieflagowe.pl\/aktualne\/sto-dni-za-nawrocki-pracuje-nad-przywroceniem-tego-co-oslabil-rzad-tuska\/\",\"url\":\"https:\/\/www.pogotowieflagowe.pl\/aktualne\/sto-dni-za-nawrocki-pracuje-nad-przywroceniem-tego-co-oslabil-rzad-tuska\/\",\"name\":\"Sto dni za: Nawrocki pracuje nad przywr\u00f3ceniem tego, co os\u0142abi\u0142 rz\u0105d Tuska - POGOTOWIE FLAGOWE\u00ae\",\"isPartOf\":{\"@id\":\"https:\/\/www.pogotowieflagowe.pl\/aktualne\/#website\"},\"primaryImageOfPage\":{\"@id\":\"https:\/\/www.pogotowieflagowe.pl\/aktualne\/sto-dni-za-nawrocki-pracuje-nad-przywroceniem-tego-co-oslabil-rzad-tuska\/#primaryimage\"},\"image\":{\"@id\":\"https:\/\/www.pogotowieflagowe.pl\/aktualne\/sto-dni-za-nawrocki-pracuje-nad-przywroceniem-tego-co-oslabil-rzad-tuska\/#primaryimage\"},\"thumbnailUrl\":\"https:\/\/www.pogotowieflagowe.pl\/aktualne\/wp-content\/uploads\/2025\/09\/List-Trumpa-do-Nawrocki-wyciekl-do-mediow-zanim-dotarl-do.jpeg\",\"datePublished\":\"2025-11-14T14:07:54+00:00\",\"dateModified\":\"2025-11-14T14:07:55+00:00\",\"breadcrumb\":{\"@id\":\"https:\/\/www.pogotowieflagowe.pl\/aktualne\/sto-dni-za-nawrocki-pracuje-nad-przywroceniem-tego-co-oslabil-rzad-tuska\/#breadcrumb\"},\"inLanguage\":\"pl-PL\",\"potentialAction\":[{\"@type\":\"ReadAction\",\"target\":[\"https:\/\/www.pogotowieflagowe.pl\/aktualne\/sto-dni-za-nawrocki-pracuje-nad-przywroceniem-tego-co-oslabil-rzad-tuska\/\"]}]},{\"@type\":\"ImageObject\",\"inLanguage\":\"pl-PL\",\"@id\":\"https:\/\/www.pogotowieflagowe.pl\/aktualne\/sto-dni-za-nawrocki-pracuje-nad-przywroceniem-tego-co-oslabil-rzad-tuska\/#primaryimage\",\"url\":\"https:\/\/www.pogotowieflagowe.pl\/aktualne\/wp-content\/uploads\/2025\/09\/List-Trumpa-do-Nawrocki-wyciekl-do-mediow-zanim-dotarl-do.jpeg\",\"contentUrl\":\"https:\/\/www.pogotowieflagowe.pl\/aktualne\/wp-content\/uploads\/2025\/09\/List-Trumpa-do-Nawrocki-wyciekl-do-mediow-zanim-dotarl-do.jpeg\",\"width\":2000,\"height\":1333,\"caption\":\"List Trumpa do Nawrocki wyciek\u0142 do medi\u00f3w, zanim dotar\u0142 do prezydenta: Minister oburzony\"},{\"@type\":\"BreadcrumbList\",\"@id\":\"https:\/\/www.pogotowieflagowe.pl\/aktualne\/sto-dni-za-nawrocki-pracuje-nad-przywroceniem-tego-co-oslabil-rzad-tuska\/#breadcrumb\",\"itemListElement\":[{\"@type\":\"ListItem\",\"position\":1,\"name\":\"Home\",\"item\":\"https:\/\/www.pogotowieflagowe.pl\/aktualne\/\"},{\"@type\":\"ListItem\",\"position\":2,\"name\":\"Sto dni za: Nawrocki pracuje nad przywr\u00f3ceniem tego, co os\u0142abi\u0142 rz\u0105d Tuska\"}]},{\"@type\":\"WebSite\",\"@id\":\"https:\/\/www.pogotowieflagowe.pl\/aktualne\/#website\",\"url\":\"https:\/\/www.pogotowieflagowe.pl\/aktualne\/\",\"name\":\"POGOTOWIE FLAGOWE\u00ae\",\"description\":\"\",\"publisher\":{\"@id\":\"https:\/\/www.pogotowieflagowe.pl\/aktualne\/#organization\"},\"potentialAction\":[{\"@type\":\"SearchAction\",\"target\":{\"@type\":\"EntryPoint\",\"urlTemplate\":\"https:\/\/www.pogotowieflagowe.pl\/aktualne\/?s={search_term_string}\"},\"query-input\":\"required name=search_term_string\"}],\"inLanguage\":\"pl-PL\"},{\"@type\":\"Organization\",\"@id\":\"https:\/\/www.pogotowieflagowe.pl\/aktualne\/#organization\",\"name\":\"POGOTOWIE FLAGOWE\u00ae\",\"url\":\"https:\/\/www.pogotowieflagowe.pl\/aktualne\/\",\"logo\":{\"@type\":\"ImageObject\",\"inLanguage\":\"pl-PL\",\"@id\":\"https:\/\/www.pogotowieflagowe.pl\/aktualne\/#\/schema\/logo\/image\/\",\"url\":\"https:\/\/www.pogotowieflagowe.pl\/aktualne\/wp-content\/uploads\/2024\/08\/cropped-pogotowieflagowe_flaga_projekt_sm.jpg\",\"contentUrl\":\"https:\/\/www.pogotowieflagowe.pl\/aktualne\/wp-content\/uploads\/2024\/08\/cropped-pogotowieflagowe_flaga_projekt_sm.jpg\",\"width\":250,\"height\":143,\"caption\":\"POGOTOWIE FLAGOWE\u00ae\"},\"image\":{\"@id\":\"https:\/\/www.pogotowieflagowe.pl\/aktualne\/#\/schema\/logo\/image\/\"}},{\"@type\":\"Person\",\"@id\":\"https:\/\/www.pogotowieflagowe.pl\/aktualne\/#\/schema\/person\/9c2fb7d2362ebf6fa088960d7f0d27b0\",\"name\":\"Filip\",\"image\":{\"@type\":\"ImageObject\",\"inLanguage\":\"pl-PL\",\"@id\":\"https:\/\/www.pogotowieflagowe.pl\/aktualne\/#\/schema\/person\/image\/\",\"url\":\"https:\/\/www.pogotowieflagowe.pl\/aktualne\/wp-content\/uploads\/2024\/08\/pogotowieflagowe.pl_.jpg\",\"contentUrl\":\"https:\/\/www.pogotowieflagowe.pl\/aktualne\/wp-content\/uploads\/2024\/08\/pogotowieflagowe.pl_.jpg\",\"caption\":\"Filip\"},\"description\":\"Jestem Filip, polski dziennikarz z dyplomem nauk politycznych Uniwersytetu Warszawskiego. Rozpoczynaj\u0105c swoj\u0105 karier\u0119 w r\u00f3\u017cnych lokalnych mediach, zdoby\u0142em solidne do\u015bwiadczenie w zakresie \u015bledztwa i redakcji. Obecnie jako redaktor w Pogotowie flagowe, staram si\u0119 dostarcza\u0107 dog\u0142\u0119bne i istotne analizy na temat najwa\u017cniejszych kwestii aktualno\u015bci, \u0142\u0105cz\u0105c rygor z pasj\u0105 dziennikarsk\u0105.\",\"sameAs\":[\"https:\/\/www.pogotowieflagowe.pl\/\"]}]}<\/script>\n<!-- \/ Yoast SEO plugin. -->","yoast_head_json":{"title":"Sto dni za: Nawrocki pracuje nad przywr\u00f3ceniem tego, co os\u0142abi\u0142 rz\u0105d Tuska - POGOTOWIE FLAGOWE\u00ae","robots":{"index":"index","follow":"follow","max-snippet":"max-snippet:-1","max-image-preview":"max-image-preview:large","max-video-preview":"max-video-preview:-1"},"canonical":"https:\/\/www.pogotowieflagowe.pl\/aktualne\/sto-dni-za-nawrocki-pracuje-nad-przywroceniem-tego-co-oslabil-rzad-tuska\/","og_locale":"pl_PL","og_type":"article","og_title":"Sto dni za: Nawrocki pracuje nad przywr\u00f3ceniem tego, co os\u0142abi\u0142 rz\u0105d Tuska - POGOTOWIE FLAGOWE\u00ae","og_description":"W sytuacji, gdy mamy do czynienia z rz\u0105dem wyra\u017anie antypolskim, prowadz\u0105cym strategicznie polityk\u0119 proniemieck\u0105 \u2013 w obliczu narastaj\u0105cych problem\u00f3w, zerwania","og_url":"https:\/\/www.pogotowieflagowe.pl\/aktualne\/sto-dni-za-nawrocki-pracuje-nad-przywroceniem-tego-co-oslabil-rzad-tuska\/","og_site_name":"POGOTOWIE FLAGOWE\u00ae","article_published_time":"2025-11-14T14:07:54+00:00","article_modified_time":"2025-11-14T14:07:55+00:00","og_image":[{"width":2000,"height":1333,"url":"https:\/\/www.pogotowieflagowe.pl\/aktualne\/wp-content\/uploads\/2025\/09\/List-Trumpa-do-Nawrocki-wyciekl-do-mediow-zanim-dotarl-do.jpeg","type":"image\/jpeg"}],"author":"Filip","twitter_card":"summary_large_image","twitter_misc":{"Napisane przez":"Filip","Szacowany czas czytania":"5 minut"},"schema":{"@context":"https:\/\/schema.org","@graph":[{"@type":"Article","@id":"https:\/\/www.pogotowieflagowe.pl\/aktualne\/sto-dni-za-nawrocki-pracuje-nad-przywroceniem-tego-co-oslabil-rzad-tuska\/#article","isPartOf":{"@id":"https:\/\/www.pogotowieflagowe.pl\/aktualne\/sto-dni-za-nawrocki-pracuje-nad-przywroceniem-tego-co-oslabil-rzad-tuska\/"},"author":{"name":"Filip","@id":"https:\/\/www.pogotowieflagowe.pl\/aktualne\/#\/schema\/person\/9c2fb7d2362ebf6fa088960d7f0d27b0"},"headline":"Sto dni za: Nawrocki pracuje nad przywr\u00f3ceniem tego, co os\u0142abi\u0142 rz\u0105d Tuska","datePublished":"2025-11-14T14:07:54+00:00","dateModified":"2025-11-14T14:07:55+00:00","mainEntityOfPage":{"@id":"https:\/\/www.pogotowieflagowe.pl\/aktualne\/sto-dni-za-nawrocki-pracuje-nad-przywroceniem-tego-co-oslabil-rzad-tuska\/"},"wordCount":1070,"commentCount":0,"publisher":{"@id":"https:\/\/www.pogotowieflagowe.pl\/aktualne\/#organization"},"image":{"@id":"https:\/\/www.pogotowieflagowe.pl\/aktualne\/sto-dni-za-nawrocki-pracuje-nad-przywroceniem-tego-co-oslabil-rzad-tuska\/#primaryimage"},"thumbnailUrl":"https:\/\/www.pogotowieflagowe.pl\/aktualne\/wp-content\/uploads\/2025\/09\/List-Trumpa-do-Nawrocki-wyciekl-do-mediow-zanim-dotarl-do.jpeg","keywords":["dni","nad","Nawrocki","os\u0142abi\u0142","pracuje","przywr\u00f3ceniem","Rz\u0105d","Sto","tego","Tuska"],"articleSection":["Aktualne"],"inLanguage":"pl-PL","potentialAction":[{"@type":"CommentAction","name":"Comment","target":["https:\/\/www.pogotowieflagowe.pl\/aktualne\/sto-dni-za-nawrocki-pracuje-nad-przywroceniem-tego-co-oslabil-rzad-tuska\/#respond"]}]},{"@type":"WebPage","@id":"https:\/\/www.pogotowieflagowe.pl\/aktualne\/sto-dni-za-nawrocki-pracuje-nad-przywroceniem-tego-co-oslabil-rzad-tuska\/","url":"https:\/\/www.pogotowieflagowe.pl\/aktualne\/sto-dni-za-nawrocki-pracuje-nad-przywroceniem-tego-co-oslabil-rzad-tuska\/","name":"Sto dni za: Nawrocki pracuje nad przywr\u00f3ceniem tego, co os\u0142abi\u0142 rz\u0105d Tuska - POGOTOWIE FLAGOWE\u00ae","isPartOf":{"@id":"https:\/\/www.pogotowieflagowe.pl\/aktualne\/#website"},"primaryImageOfPage":{"@id":"https:\/\/www.pogotowieflagowe.pl\/aktualne\/sto-dni-za-nawrocki-pracuje-nad-przywroceniem-tego-co-oslabil-rzad-tuska\/#primaryimage"},"image":{"@id":"https:\/\/www.pogotowieflagowe.pl\/aktualne\/sto-dni-za-nawrocki-pracuje-nad-przywroceniem-tego-co-oslabil-rzad-tuska\/#primaryimage"},"thumbnailUrl":"https:\/\/www.pogotowieflagowe.pl\/aktualne\/wp-content\/uploads\/2025\/09\/List-Trumpa-do-Nawrocki-wyciekl-do-mediow-zanim-dotarl-do.jpeg","datePublished":"2025-11-14T14:07:54+00:00","dateModified":"2025-11-14T14:07:55+00:00","breadcrumb":{"@id":"https:\/\/www.pogotowieflagowe.pl\/aktualne\/sto-dni-za-nawrocki-pracuje-nad-przywroceniem-tego-co-oslabil-rzad-tuska\/#breadcrumb"},"inLanguage":"pl-PL","potentialAction":[{"@type":"ReadAction","target":["https:\/\/www.pogotowieflagowe.pl\/aktualne\/sto-dni-za-nawrocki-pracuje-nad-przywroceniem-tego-co-oslabil-rzad-tuska\/"]}]},{"@type":"ImageObject","inLanguage":"pl-PL","@id":"https:\/\/www.pogotowieflagowe.pl\/aktualne\/sto-dni-za-nawrocki-pracuje-nad-przywroceniem-tego-co-oslabil-rzad-tuska\/#primaryimage","url":"https:\/\/www.pogotowieflagowe.pl\/aktualne\/wp-content\/uploads\/2025\/09\/List-Trumpa-do-Nawrocki-wyciekl-do-mediow-zanim-dotarl-do.jpeg","contentUrl":"https:\/\/www.pogotowieflagowe.pl\/aktualne\/wp-content\/uploads\/2025\/09\/List-Trumpa-do-Nawrocki-wyciekl-do-mediow-zanim-dotarl-do.jpeg","width":2000,"height":1333,"caption":"List Trumpa do Nawrocki wyciek\u0142 do medi\u00f3w, zanim dotar\u0142 do prezydenta: Minister oburzony"},{"@type":"BreadcrumbList","@id":"https:\/\/www.pogotowieflagowe.pl\/aktualne\/sto-dni-za-nawrocki-pracuje-nad-przywroceniem-tego-co-oslabil-rzad-tuska\/#breadcrumb","itemListElement":[{"@type":"ListItem","position":1,"name":"Home","item":"https:\/\/www.pogotowieflagowe.pl\/aktualne\/"},{"@type":"ListItem","position":2,"name":"Sto dni za: Nawrocki pracuje nad przywr\u00f3ceniem tego, co os\u0142abi\u0142 rz\u0105d Tuska"}]},{"@type":"WebSite","@id":"https:\/\/www.pogotowieflagowe.pl\/aktualne\/#website","url":"https:\/\/www.pogotowieflagowe.pl\/aktualne\/","name":"POGOTOWIE FLAGOWE\u00ae","description":"","publisher":{"@id":"https:\/\/www.pogotowieflagowe.pl\/aktualne\/#organization"},"potentialAction":[{"@type":"SearchAction","target":{"@type":"EntryPoint","urlTemplate":"https:\/\/www.pogotowieflagowe.pl\/aktualne\/?s={search_term_string}"},"query-input":"required name=search_term_string"}],"inLanguage":"pl-PL"},{"@type":"Organization","@id":"https:\/\/www.pogotowieflagowe.pl\/aktualne\/#organization","name":"POGOTOWIE FLAGOWE\u00ae","url":"https:\/\/www.pogotowieflagowe.pl\/aktualne\/","logo":{"@type":"ImageObject","inLanguage":"pl-PL","@id":"https:\/\/www.pogotowieflagowe.pl\/aktualne\/#\/schema\/logo\/image\/","url":"https:\/\/www.pogotowieflagowe.pl\/aktualne\/wp-content\/uploads\/2024\/08\/cropped-pogotowieflagowe_flaga_projekt_sm.jpg","contentUrl":"https:\/\/www.pogotowieflagowe.pl\/aktualne\/wp-content\/uploads\/2024\/08\/cropped-pogotowieflagowe_flaga_projekt_sm.jpg","width":250,"height":143,"caption":"POGOTOWIE FLAGOWE\u00ae"},"image":{"@id":"https:\/\/www.pogotowieflagowe.pl\/aktualne\/#\/schema\/logo\/image\/"}},{"@type":"Person","@id":"https:\/\/www.pogotowieflagowe.pl\/aktualne\/#\/schema\/person\/9c2fb7d2362ebf6fa088960d7f0d27b0","name":"Filip","image":{"@type":"ImageObject","inLanguage":"pl-PL","@id":"https:\/\/www.pogotowieflagowe.pl\/aktualne\/#\/schema\/person\/image\/","url":"https:\/\/www.pogotowieflagowe.pl\/aktualne\/wp-content\/uploads\/2024\/08\/pogotowieflagowe.pl_.jpg","contentUrl":"https:\/\/www.pogotowieflagowe.pl\/aktualne\/wp-content\/uploads\/2024\/08\/pogotowieflagowe.pl_.jpg","caption":"Filip"},"description":"Jestem Filip, polski dziennikarz z dyplomem nauk politycznych Uniwersytetu Warszawskiego. Rozpoczynaj\u0105c swoj\u0105 karier\u0119 w r\u00f3\u017cnych lokalnych mediach, zdoby\u0142em solidne do\u015bwiadczenie w zakresie \u015bledztwa i redakcji. Obecnie jako redaktor w Pogotowie flagowe, staram si\u0119 dostarcza\u0107 dog\u0142\u0119bne i istotne analizy na temat najwa\u017cniejszych kwestii aktualno\u015bci, \u0142\u0105cz\u0105c rygor z pasj\u0105 dziennikarsk\u0105.","sameAs":["https:\/\/www.pogotowieflagowe.pl\/"]}]}},"_links":{"self":[{"href":"https:\/\/www.pogotowieflagowe.pl\/aktualne\/wp-json\/wp\/v2\/posts\/10534","targetHints":{"allow":["GET"]}}],"collection":[{"href":"https:\/\/www.pogotowieflagowe.pl\/aktualne\/wp-json\/wp\/v2\/posts"}],"about":[{"href":"https:\/\/www.pogotowieflagowe.pl\/aktualne\/wp-json\/wp\/v2\/types\/post"}],"author":[{"embeddable":true,"href":"https:\/\/www.pogotowieflagowe.pl\/aktualne\/wp-json\/wp\/v2\/users\/1"}],"replies":[{"embeddable":true,"href":"https:\/\/www.pogotowieflagowe.pl\/aktualne\/wp-json\/wp\/v2\/comments?post=10534"}],"version-history":[{"count":1,"href":"https:\/\/www.pogotowieflagowe.pl\/aktualne\/wp-json\/wp\/v2\/posts\/10534\/revisions"}],"predecessor-version":[{"id":10535,"href":"https:\/\/www.pogotowieflagowe.pl\/aktualne\/wp-json\/wp\/v2\/posts\/10534\/revisions\/10535"}],"wp:featuredmedia":[{"embeddable":true,"href":"https:\/\/www.pogotowieflagowe.pl\/aktualne\/wp-json\/wp\/v2\/media\/8156"}],"wp:attachment":[{"href":"https:\/\/www.pogotowieflagowe.pl\/aktualne\/wp-json\/wp\/v2\/media?parent=10534"}],"wp:term":[{"taxonomy":"category","embeddable":true,"href":"https:\/\/www.pogotowieflagowe.pl\/aktualne\/wp-json\/wp\/v2\/categories?post=10534"},{"taxonomy":"post_tag","embeddable":true,"href":"https:\/\/www.pogotowieflagowe.pl\/aktualne\/wp-json\/wp\/v2\/tags?post=10534"}],"curies":[{"name":"wp","href":"https:\/\/api.w.org\/{rel}","templated":true}]}}