{"id":10536,"date":"2025-11-14T15:39:32","date_gmt":"2025-11-14T14:39:32","guid":{"rendered":"https:\/\/www.pogotowieflagowe.pl\/aktualne\/inne-kontakty-rubcowa-w-tym-kobieta-stojaca-za-historia-ibrahima\/"},"modified":"2025-11-14T15:39:33","modified_gmt":"2025-11-14T14:39:33","slug":"inne-kontakty-rubcowa-w-tym-kobieta-stojaca-za-historia-ibrahima","status":"publish","type":"post","link":"https:\/\/www.pogotowieflagowe.pl\/aktualne\/inne-kontakty-rubcowa-w-tym-kobieta-stojaca-za-historia-ibrahima\/","title":{"rendered":"Inne kontakty Rubcowa: w tym kobieta stoj\u0105ca za histori\u0105 \u201eIbrahima\u201d."},"content":{"rendered":"\n<div class=\"td_block_wrap tdb_single_content tdi_41 td-pb-border-top td_block_template_8 td-post-content tagdiv-type\" data-td-block-uid=\"tdi_41\">\n<style>.tdi_41{margines-top:0px!important;margin-bottom:0px!important;dope\u0142nienie-g\u00f3ra:0px!important;dope\u0142nienie-d\u00f3\u0142:0px!important}<\/style>\n<style>.tdb_single_content{margin-bottom:0;*zoom:1}.tdb_single_content:before,.tdb_single_content:after{display:table;content:'';line-height:0}.tdb_single_content:after{clear:both}.tdb_single_content .tdb-block-inner>*:not(.wp-block-quote):not(.alignwide):not(.alignfull.wp-block-cover.has-parallax):not(.td-a-ad){margin-left:auto;margin-right:auto}.tdb_single_content a{pointer-events:auto}.tdb_single_content .td-spot-id-top_ad .tdc-placeholder-title:before{content:'Najlepsza reklama artyku\u0142u'!important}.tdb_single_content .td-spot-id-inline_ad0 .tdc-placeholder-title:before{content:'Reklama wbudowana artyku\u0142u 1'!important}.tdb_single_content .td-spot-id-inline_ad1 .tdc-placeholder-title:before{content:'Wbudowana reklama w artykule 2'!important}.tdb_single_content .td-spot-id-inline_ad2 .tdc-placeholder-title:before{content:'Wbudowana reklama w artykule 3'!important}.tdb_single_content .td-spot-id-bottom_ad .tdc-placeholder-title:before{content:'Article Bottom Ad'!important}.tdb_single_content .id_top_ad,.tdb_single_content .id_bottom_ad{clear:both;margin-bottom:21px;text-align:center}.tdb_single_content .id_top_ad img,.tdb_single_content .id_bottom_ad img{margin-bottom:0}.tdb_single_content .id_top_ad .adsbygoogle,.tdb_single_content .id_bottom_ad .adsbygoogle{position:relative}.tdb_single_content .id_ad_content-horiz-left,.tdb_single_content .id_ad_content-horiz-right,.tdb_single_content .id_ad_content-horiz-center{margin-bottom:15px}.tdb_single_content .id_ad_content-horiz-left img,.tdb_single_content .id_ad_content-horiz-right img,.tdb_single_content .id_ad_content-horiz-center img{margin-bottom:0}.tdb_single_content .id_ad_content-horiz-center{text-align:center}.tdb_single_content .id_ad_content-horiz-center img{margin-right:auto;margin-left:auto}.tdb_single_content .id_ad_content-horiz-left{float:left;margin-top:9px;margin-right:21px}.tdb_single_content .id_ad_content-horiz-right{float:right;margin-top:6px;margin-left:21px}.tdb_single_content .tdc-a-ad .tdc-placeholder-title{width:300px;height:250px}.tdb_single_content .tdc-a-ad .tdc-placeholder-title:before{position:absolute;top:50%;-webkit-transform:translateY(-50%);transform:translateY(-50%);margin:auto;display:table;width:100%}.tdb_single_content .tdb-block-inner.td-fix-index{word-break:break-word}.tdi_41,.tdi_41>p,.tdi_41 .tdb-block-inner>p,.wp-block-column>p{font-size:16px!important;line-height:1.6!important}.tdi_41 .tdb-block-inner blockquote p{font-style:normal!important}@media (max-width:767px){.tdb_single_content .id_ad_content-horiz-left,.tdb_single_content .id_ad_content-horiz-right,.tdb_single_content .id_ad_content-horiz-center{margin:0 auto 26 pikseli auto}}@media (max-width:767px){.tdb_single_content .id_ad_content-horiz-left{margin-right:0}}@media (max-width:767px){.tdb_single_content .id_ad_content-horiz-right{margin-left:0}}@media (max-width:767px){.tdb_single_content .td-a-ad{float:none;text-align:center}.tdb_single_content .td-a-ad img{margin-right:auto;margin-left:auto}.tdb_single_content .tdc-a-ad{float:none}}<\/style>\n<div class=\"tdb-block-inner td-fix-index\">\n<p>Czy pami\u0119tacie autora opowie\u015bci o \u201eIbrahimie\u201d, kt\u00f3ry rzekomo przez sze\u015b\u0107 dni p\u0142ywa\u0142 po rzece? By\u0142a to jedna z najcz\u0119\u015bciej dyskutowanych narracji z okresu wojny hybrydowej prowadzonej na pograniczu bia\u0142orusko-polskim. Okazuje si\u0119, \u017ce kobiet\u0119, kt\u00f3ra opowiedzia\u0142a t\u0119 histori\u0119 TVN, na temat sytuacji na granicy cytowa\u0142y tak\u017ce inne media. Jeden z tekst\u00f3w, w kt\u00f3rym si\u0119 pojawi\u0142a, zosta\u0142 napisany przez\u2026 Pabla Gonz\u00e1leza, czyli rosyjskiego szpiega Paw\u0142a Rubcowa.<\/p>\n<p>Katarzyna Wappa swoj\u0105 popularno\u015b\u0107 zawdzi\u0119cza wyst\u0119powi w reporta\u017cu TVN z okresu wojny hybrydowej prowadzonej przez bia\u0142oruski re\u017cim Aleksandra \u0141ukaszenki. W programie \u201eCzarno na bia\u0142ym\u201d Wappa opowiedzia\u0142 histori\u0119 migranta, kt\u00f3ry rzekomo \u201ep\u0142yn\u0105\u0142 rzek\u0105 przez sze\u015b\u0107 dni, nic nie jedz\u0105c i nic nie pij\u0105c\u201d.<\/p>\n<figure class=\"wp-block-embed is-type-rich is-provider-twitter wp-block-embed-twitter\">\n<div class=\"wp-block-embed__wrapper\">\n<blockquote class=\"twitter-tweet\" data-width=\"550\" data-dnt=\"true\">\n<p lang=\"pl\" dir=\"ltr\">Jak to mo\u017cliwe, \u017ce kierownictwo TVN jest warunkowo <a rel=\"nofollow\" href=\"https:\/\/twitter.com\/KasiaLazzeri?ref_src=twsrc%5Etfw\">@KasiaLazzeri<\/a> skompromitowa\u0107 si\u0119 czym\u015b? Czy mieszkasz za debili??? <a rel=\"nofollow\" href=\"https:\/\/t.co\/OyVE07lary\">pic.twitter.com\/OyVE07lary<\/a><\/p>\n<p>\u2014 \u015aNIEG (@BlackMcSnow) <a rel=\"nofollow\" href=\"https:\/\/twitter.com\/BlackMcSnow\/status\/1463047037310676993?ref_src=twsrc%5Etfw\">23 listopada 2021 r<\/a><\/p><\/blockquote>\n<\/div>\n<\/figure>\n<p>Historia \u201eIbrahima\u201d wywo\u0142a\u0142a spore zamieszanie, a rozm\u00f3wczyni TVN broni\u0142a si\u0119 \u2013 twierdzi\u0142a, \u017ce \u200b\u200bniczego nie zmy\u015bli\u0142a i \u017ce ta historia jest na pewno prawdziwa, poniewa\u017c \u201eIbrahim\u201d sam jej opowiedzia\u0142. \u201eU\u017cy\u0142am pewnego skr\u00f3tu my\u015blowego, dotycz\u0105cego sze\u015bciodniowej podr\u00f3\u017cy, kt\u00f3rej trasa przebiega\u0142a przez rzek\u0119. (\u2026) Nie mia\u0142am na my\u015bli tego, \u017ce Ibrahim nigdy nie opuszcza\u0142 rzeki w ci\u0105gu dnia\u201d \u2013 wyja\u015bni\u0142a p\u00f3\u017aniej.<\/p>\n<p>Co wi\u0119cej, otrzyma\u0142a nawet medal \u201ewolno\u015bci s\u0142owa\u201d.<\/p>\n<p>Jak si\u0119 okazuje, Wappa rozmawia\u0142 nie tylko z TVN. Jak odkry\u0142 internauta X wyst\u0119puj\u0105cy pod pseudonimem John Bingham, jej wypowied\u017a pojawi\u0142a si\u0119 tak\u017ce w artykule agencji EFE opublikowanym m.in. na szwajcarskim portalu swissinfo.ch. Tytu\u0142 artyku\u0142u brzmi \u201ePomoc na granicy polsko-bia\u0142oruskiej, gdzie potrzeba nie maleje\u201d, a jego autorem jest\u2026 Pablo Gonz\u00e1lez. Czyli rosyjskiego szpiega Paw\u0142a Rubcowa, kt\u00f3rego po zwolnieniu z aresztu powita\u0142 na lotnisku sam W\u0142adimir Putin.<\/p>\n<figure class=\"wp-block-pullquote\">\n<blockquote>\n<p>&#8222;Katarzyna Wappa to nauczycielka j\u0119zyka polskiego z Hajn\u00f3wki niedaleko granicy z Bia\u0142orusi\u0105, kt\u00f3ra od dw\u00f3ch miesi\u0119cy w tajemnicy pomaga migrantom pr\u00f3buj\u0105cym przedosta\u0107 si\u0119 na terytorium Unii Europejskiej. Okolica jest ju\u017c spokojna, ale potrzeba pozostaje&#8221; <\/p>\n<p><cite>\u2013 napisa\u0142 w tym artykule.<\/cite><\/p><\/blockquote>\n<\/figure>\n<figure class=\"wp-block-pullquote\">\n<blockquote>\n<p>&#8222;Hej, gang Tuska. Kto promowa\u0142 pani\u0105 Kasi\u0119? Przypomn\u0119 &#8211; <em>Ty<\/em> i agent Putina\u201d <\/p>\n<p><cite>\u2013 skomentowa\u0142 pose\u0142 Dariusz Matecki.<\/cite><\/p><\/blockquote>\n<\/figure>\n<p>Nie brakuje te\u017c innych komentarzy. Mo\u017cna powiedzie\u0107 \u2013 cytuj\u0105c klasyka \u2013 co za zbieg okoliczno\u015bci\u2026<\/p>\n<figure class=\"wp-block-embed is-type-rich is-provider-twitter wp-block-embed-twitter\">\n<div class=\"wp-block-embed__wrapper\">\n<blockquote class=\"twitter-tweet\" data-width=\"550\" data-dnt=\"true\">\n<p lang=\"pl\" dir=\"ltr\">Hej bando Tuska. Kto udost\u0119pni\u0142 pani\u0105 Kasi\u0119? Przypomn\u0119, wy i agent Putina. https:\/\/t.co\/WfVuGTw0Da<\/p>\n<p>\u2014 Dariusz Matecki (@DariuszMatecki) <a rel=\"nofollow\" href=\"https:\/\/twitter.com\/DariuszMatecki\/status\/1989018452653162921?ref_src=twsrc%5Etfw\">13 listopada 2025 r<\/a><\/p><\/blockquote>\n<\/div>\n<\/figure>\n<\/div>\n<\/div>\n<p><script async src=\"https:\/\/platform.twitter.com\/widgets.js\" charset=\"utf-8\"><\/script><\/p>\n","protected":false},"excerpt":{"rendered":"<p>Czy pami\u0119tacie autora opowie\u015bci o \u201eIbrahimie\u201d, kt\u00f3ry rzekomo przez sze\u015b\u0107 dni p\u0142ywa\u0142 po rzece? By\u0142a to jedna z najcz\u0119\u015bciej dyskutowanych<\/p>\n","protected":false},"author":1,"featured_media":10537,"comment_status":"open","ping_status":"open","sticky":false,"template":"","format":"standard","meta":{"footnotes":""},"categories":[4748],"tags":[2585,12001,657,5612,11998,11999,12000,1829],"class_list":["post-10536","post","type-post","status-publish","format-standard","has-post-thumbnail","hentry","category-aktualne","tag-historia","tag-ibrahima","tag-inne","tag-kobieta","tag-kontakty","tag-rubcowa","tag-stojaca","tag-tym","generate-columns","tablet-grid-50","mobile-grid-100","grid-parent","grid-50","resize-featured-image"],"yoast_head":"<!-- This site is optimized with the Yoast SEO plugin v23.2 - https:\/\/yoast.com\/wordpress\/plugins\/seo\/ -->\n<title>Inne kontakty Rubcowa: w tym kobieta stoj\u0105ca za histori\u0105 \u201eIbrahima\u201d. - POGOTOWIE FLAGOWE\u00ae<\/title>\n<meta name=\"robots\" content=\"index, follow, max-snippet:-1, max-image-preview:large, max-video-preview:-1\" \/>\n<link rel=\"canonical\" href=\"https:\/\/www.pogotowieflagowe.pl\/aktualne\/inne-kontakty-rubcowa-w-tym-kobieta-stojaca-za-historia-ibrahima\/\" \/>\n<meta property=\"og:locale\" content=\"pl_PL\" \/>\n<meta property=\"og:type\" content=\"article\" \/>\n<meta property=\"og:title\" content=\"Inne kontakty Rubcowa: w tym kobieta stoj\u0105ca za histori\u0105 \u201eIbrahima\u201d. - POGOTOWIE FLAGOWE\u00ae\" \/>\n<meta property=\"og:description\" content=\"Czy pami\u0119tacie autora opowie\u015bci o \u201eIbrahimie\u201d, kt\u00f3ry rzekomo przez sze\u015b\u0107 dni p\u0142ywa\u0142 po rzece? By\u0142a to jedna z najcz\u0119\u015bciej dyskutowanych\" \/>\n<meta property=\"og:url\" content=\"https:\/\/www.pogotowieflagowe.pl\/aktualne\/inne-kontakty-rubcowa-w-tym-kobieta-stojaca-za-historia-ibrahima\/\" \/>\n<meta property=\"og:site_name\" content=\"POGOTOWIE FLAGOWE\u00ae\" \/>\n<meta property=\"article:published_time\" content=\"2025-11-14T14:39:32+00:00\" \/>\n<meta property=\"article:modified_time\" content=\"2025-11-14T14:39:33+00:00\" \/>\n<meta property=\"og:image\" content=\"https:\/\/www.pogotowieflagowe.pl\/aktualne\/wp-content\/uploads\/2025\/11\/Inne-kontakty-Rubcowa-w-tym-kobieta-stojaca-za-historia-\u201eIbrahima.webp.webp\" \/>\n\t<meta property=\"og:image:width\" content=\"1280\" \/>\n\t<meta property=\"og:image:height\" content=\"720\" \/>\n\t<meta property=\"og:image:type\" content=\"image\/webp\" \/>\n<meta name=\"author\" content=\"Filip\" \/>\n<meta name=\"twitter:card\" content=\"summary_large_image\" \/>\n<meta name=\"twitter:label1\" content=\"Napisane przez\" \/>\n\t<meta name=\"twitter:data1\" content=\"Filip\" \/>\n\t<meta name=\"twitter:label2\" content=\"Szacowany czas czytania\" \/>\n\t<meta name=\"twitter:data2\" content=\"2 minuty\" \/>\n<script type=\"application\/ld+json\" class=\"yoast-schema-graph\">{\"@context\":\"https:\/\/schema.org\",\"@graph\":[{\"@type\":\"Article\",\"@id\":\"https:\/\/www.pogotowieflagowe.pl\/aktualne\/inne-kontakty-rubcowa-w-tym-kobieta-stojaca-za-historia-ibrahima\/#article\",\"isPartOf\":{\"@id\":\"https:\/\/www.pogotowieflagowe.pl\/aktualne\/inne-kontakty-rubcowa-w-tym-kobieta-stojaca-za-historia-ibrahima\/\"},\"author\":{\"name\":\"Filip\",\"@id\":\"https:\/\/www.pogotowieflagowe.pl\/aktualne\/#\/schema\/person\/9c2fb7d2362ebf6fa088960d7f0d27b0\"},\"headline\":\"Inne kontakty Rubcowa: w tym kobieta stoj\u0105ca za histori\u0105 \u201eIbrahima\u201d.\",\"datePublished\":\"2025-11-14T14:39:32+00:00\",\"dateModified\":\"2025-11-14T14:39:33+00:00\",\"mainEntityOfPage\":{\"@id\":\"https:\/\/www.pogotowieflagowe.pl\/aktualne\/inne-kontakty-rubcowa-w-tym-kobieta-stojaca-za-historia-ibrahima\/\"},\"wordCount\":438,\"commentCount\":0,\"publisher\":{\"@id\":\"https:\/\/www.pogotowieflagowe.pl\/aktualne\/#organization\"},\"image\":{\"@id\":\"https:\/\/www.pogotowieflagowe.pl\/aktualne\/inne-kontakty-rubcowa-w-tym-kobieta-stojaca-za-historia-ibrahima\/#primaryimage\"},\"thumbnailUrl\":\"https:\/\/www.pogotowieflagowe.pl\/aktualne\/wp-content\/uploads\/2025\/11\/Inne-kontakty-Rubcowa-w-tym-kobieta-stojaca-za-historia-\u201eIbrahima.webp.webp\",\"keywords\":[\"historia\",\"Ibrahima\",\"inne\",\"kobieta\",\"kontakty\",\"Rubcowa\",\"stoj\u0105ca\",\"tym\"],\"articleSection\":[\"Aktualne\"],\"inLanguage\":\"pl-PL\",\"potentialAction\":[{\"@type\":\"CommentAction\",\"name\":\"Comment\",\"target\":[\"https:\/\/www.pogotowieflagowe.pl\/aktualne\/inne-kontakty-rubcowa-w-tym-kobieta-stojaca-za-historia-ibrahima\/#respond\"]}]},{\"@type\":\"WebPage\",\"@id\":\"https:\/\/www.pogotowieflagowe.pl\/aktualne\/inne-kontakty-rubcowa-w-tym-kobieta-stojaca-za-historia-ibrahima\/\",\"url\":\"https:\/\/www.pogotowieflagowe.pl\/aktualne\/inne-kontakty-rubcowa-w-tym-kobieta-stojaca-za-historia-ibrahima\/\",\"name\":\"Inne kontakty Rubcowa: w tym kobieta stoj\u0105ca za histori\u0105 \u201eIbrahima\u201d. - POGOTOWIE FLAGOWE\u00ae\",\"isPartOf\":{\"@id\":\"https:\/\/www.pogotowieflagowe.pl\/aktualne\/#website\"},\"primaryImageOfPage\":{\"@id\":\"https:\/\/www.pogotowieflagowe.pl\/aktualne\/inne-kontakty-rubcowa-w-tym-kobieta-stojaca-za-historia-ibrahima\/#primaryimage\"},\"image\":{\"@id\":\"https:\/\/www.pogotowieflagowe.pl\/aktualne\/inne-kontakty-rubcowa-w-tym-kobieta-stojaca-za-historia-ibrahima\/#primaryimage\"},\"thumbnailUrl\":\"https:\/\/www.pogotowieflagowe.pl\/aktualne\/wp-content\/uploads\/2025\/11\/Inne-kontakty-Rubcowa-w-tym-kobieta-stojaca-za-historia-\u201eIbrahima.webp.webp\",\"datePublished\":\"2025-11-14T14:39:32+00:00\",\"dateModified\":\"2025-11-14T14:39:33+00:00\",\"breadcrumb\":{\"@id\":\"https:\/\/www.pogotowieflagowe.pl\/aktualne\/inne-kontakty-rubcowa-w-tym-kobieta-stojaca-za-historia-ibrahima\/#breadcrumb\"},\"inLanguage\":\"pl-PL\",\"potentialAction\":[{\"@type\":\"ReadAction\",\"target\":[\"https:\/\/www.pogotowieflagowe.pl\/aktualne\/inne-kontakty-rubcowa-w-tym-kobieta-stojaca-za-historia-ibrahima\/\"]}]},{\"@type\":\"ImageObject\",\"inLanguage\":\"pl-PL\",\"@id\":\"https:\/\/www.pogotowieflagowe.pl\/aktualne\/inne-kontakty-rubcowa-w-tym-kobieta-stojaca-za-historia-ibrahima\/#primaryimage\",\"url\":\"https:\/\/www.pogotowieflagowe.pl\/aktualne\/wp-content\/uploads\/2025\/11\/Inne-kontakty-Rubcowa-w-tym-kobieta-stojaca-za-historia-\u201eIbrahima.webp.webp\",\"contentUrl\":\"https:\/\/www.pogotowieflagowe.pl\/aktualne\/wp-content\/uploads\/2025\/11\/Inne-kontakty-Rubcowa-w-tym-kobieta-stojaca-za-historia-\u201eIbrahima.webp.webp\",\"width\":1280,\"height\":720,\"caption\":\"Inne kontakty Rubcowa: w tym kobieta stoj\u0105ca za histori\u0105 \u201eIbrahima\u201d.\"},{\"@type\":\"BreadcrumbList\",\"@id\":\"https:\/\/www.pogotowieflagowe.pl\/aktualne\/inne-kontakty-rubcowa-w-tym-kobieta-stojaca-za-historia-ibrahima\/#breadcrumb\",\"itemListElement\":[{\"@type\":\"ListItem\",\"position\":1,\"name\":\"Home\",\"item\":\"https:\/\/www.pogotowieflagowe.pl\/aktualne\/\"},{\"@type\":\"ListItem\",\"position\":2,\"name\":\"Inne kontakty Rubcowa: w tym kobieta stoj\u0105ca za histori\u0105 \u201eIbrahima\u201d.\"}]},{\"@type\":\"WebSite\",\"@id\":\"https:\/\/www.pogotowieflagowe.pl\/aktualne\/#website\",\"url\":\"https:\/\/www.pogotowieflagowe.pl\/aktualne\/\",\"name\":\"POGOTOWIE FLAGOWE\u00ae\",\"description\":\"\",\"publisher\":{\"@id\":\"https:\/\/www.pogotowieflagowe.pl\/aktualne\/#organization\"},\"potentialAction\":[{\"@type\":\"SearchAction\",\"target\":{\"@type\":\"EntryPoint\",\"urlTemplate\":\"https:\/\/www.pogotowieflagowe.pl\/aktualne\/?s={search_term_string}\"},\"query-input\":\"required name=search_term_string\"}],\"inLanguage\":\"pl-PL\"},{\"@type\":\"Organization\",\"@id\":\"https:\/\/www.pogotowieflagowe.pl\/aktualne\/#organization\",\"name\":\"POGOTOWIE FLAGOWE\u00ae\",\"url\":\"https:\/\/www.pogotowieflagowe.pl\/aktualne\/\",\"logo\":{\"@type\":\"ImageObject\",\"inLanguage\":\"pl-PL\",\"@id\":\"https:\/\/www.pogotowieflagowe.pl\/aktualne\/#\/schema\/logo\/image\/\",\"url\":\"https:\/\/www.pogotowieflagowe.pl\/aktualne\/wp-content\/uploads\/2024\/08\/cropped-pogotowieflagowe_flaga_projekt_sm.jpg\",\"contentUrl\":\"https:\/\/www.pogotowieflagowe.pl\/aktualne\/wp-content\/uploads\/2024\/08\/cropped-pogotowieflagowe_flaga_projekt_sm.jpg\",\"width\":250,\"height\":143,\"caption\":\"POGOTOWIE FLAGOWE\u00ae\"},\"image\":{\"@id\":\"https:\/\/www.pogotowieflagowe.pl\/aktualne\/#\/schema\/logo\/image\/\"}},{\"@type\":\"Person\",\"@id\":\"https:\/\/www.pogotowieflagowe.pl\/aktualne\/#\/schema\/person\/9c2fb7d2362ebf6fa088960d7f0d27b0\",\"name\":\"Filip\",\"image\":{\"@type\":\"ImageObject\",\"inLanguage\":\"pl-PL\",\"@id\":\"https:\/\/www.pogotowieflagowe.pl\/aktualne\/#\/schema\/person\/image\/\",\"url\":\"https:\/\/www.pogotowieflagowe.pl\/aktualne\/wp-content\/uploads\/2024\/08\/pogotowieflagowe.pl_.jpg\",\"contentUrl\":\"https:\/\/www.pogotowieflagowe.pl\/aktualne\/wp-content\/uploads\/2024\/08\/pogotowieflagowe.pl_.jpg\",\"caption\":\"Filip\"},\"description\":\"Jestem Filip, polski dziennikarz z dyplomem nauk politycznych Uniwersytetu Warszawskiego. Rozpoczynaj\u0105c swoj\u0105 karier\u0119 w r\u00f3\u017cnych lokalnych mediach, zdoby\u0142em solidne do\u015bwiadczenie w zakresie \u015bledztwa i redakcji. Obecnie jako redaktor w Pogotowie flagowe, staram si\u0119 dostarcza\u0107 dog\u0142\u0119bne i istotne analizy na temat najwa\u017cniejszych kwestii aktualno\u015bci, \u0142\u0105cz\u0105c rygor z pasj\u0105 dziennikarsk\u0105.\",\"sameAs\":[\"https:\/\/www.pogotowieflagowe.pl\/\"]}]}<\/script>\n<!-- \/ Yoast SEO plugin. -->","yoast_head_json":{"title":"Inne kontakty Rubcowa: w tym kobieta stoj\u0105ca za histori\u0105 \u201eIbrahima\u201d. - POGOTOWIE FLAGOWE\u00ae","robots":{"index":"index","follow":"follow","max-snippet":"max-snippet:-1","max-image-preview":"max-image-preview:large","max-video-preview":"max-video-preview:-1"},"canonical":"https:\/\/www.pogotowieflagowe.pl\/aktualne\/inne-kontakty-rubcowa-w-tym-kobieta-stojaca-za-historia-ibrahima\/","og_locale":"pl_PL","og_type":"article","og_title":"Inne kontakty Rubcowa: w tym kobieta stoj\u0105ca za histori\u0105 \u201eIbrahima\u201d. - POGOTOWIE FLAGOWE\u00ae","og_description":"Czy pami\u0119tacie autora opowie\u015bci o \u201eIbrahimie\u201d, kt\u00f3ry rzekomo przez sze\u015b\u0107 dni p\u0142ywa\u0142 po rzece? By\u0142a to jedna z najcz\u0119\u015bciej dyskutowanych","og_url":"https:\/\/www.pogotowieflagowe.pl\/aktualne\/inne-kontakty-rubcowa-w-tym-kobieta-stojaca-za-historia-ibrahima\/","og_site_name":"POGOTOWIE FLAGOWE\u00ae","article_published_time":"2025-11-14T14:39:32+00:00","article_modified_time":"2025-11-14T14:39:33+00:00","og_image":[{"width":1280,"height":720,"url":"https:\/\/www.pogotowieflagowe.pl\/aktualne\/wp-content\/uploads\/2025\/11\/Inne-kontakty-Rubcowa-w-tym-kobieta-stojaca-za-historia-\u201eIbrahima.webp.webp","type":"image\/webp"}],"author":"Filip","twitter_card":"summary_large_image","twitter_misc":{"Napisane przez":"Filip","Szacowany czas czytania":"2 minuty"},"schema":{"@context":"https:\/\/schema.org","@graph":[{"@type":"Article","@id":"https:\/\/www.pogotowieflagowe.pl\/aktualne\/inne-kontakty-rubcowa-w-tym-kobieta-stojaca-za-historia-ibrahima\/#article","isPartOf":{"@id":"https:\/\/www.pogotowieflagowe.pl\/aktualne\/inne-kontakty-rubcowa-w-tym-kobieta-stojaca-za-historia-ibrahima\/"},"author":{"name":"Filip","@id":"https:\/\/www.pogotowieflagowe.pl\/aktualne\/#\/schema\/person\/9c2fb7d2362ebf6fa088960d7f0d27b0"},"headline":"Inne kontakty Rubcowa: w tym kobieta stoj\u0105ca za histori\u0105 \u201eIbrahima\u201d.","datePublished":"2025-11-14T14:39:32+00:00","dateModified":"2025-11-14T14:39:33+00:00","mainEntityOfPage":{"@id":"https:\/\/www.pogotowieflagowe.pl\/aktualne\/inne-kontakty-rubcowa-w-tym-kobieta-stojaca-za-historia-ibrahima\/"},"wordCount":438,"commentCount":0,"publisher":{"@id":"https:\/\/www.pogotowieflagowe.pl\/aktualne\/#organization"},"image":{"@id":"https:\/\/www.pogotowieflagowe.pl\/aktualne\/inne-kontakty-rubcowa-w-tym-kobieta-stojaca-za-historia-ibrahima\/#primaryimage"},"thumbnailUrl":"https:\/\/www.pogotowieflagowe.pl\/aktualne\/wp-content\/uploads\/2025\/11\/Inne-kontakty-Rubcowa-w-tym-kobieta-stojaca-za-historia-\u201eIbrahima.webp.webp","keywords":["historia","Ibrahima","inne","kobieta","kontakty","Rubcowa","stoj\u0105ca","tym"],"articleSection":["Aktualne"],"inLanguage":"pl-PL","potentialAction":[{"@type":"CommentAction","name":"Comment","target":["https:\/\/www.pogotowieflagowe.pl\/aktualne\/inne-kontakty-rubcowa-w-tym-kobieta-stojaca-za-historia-ibrahima\/#respond"]}]},{"@type":"WebPage","@id":"https:\/\/www.pogotowieflagowe.pl\/aktualne\/inne-kontakty-rubcowa-w-tym-kobieta-stojaca-za-historia-ibrahima\/","url":"https:\/\/www.pogotowieflagowe.pl\/aktualne\/inne-kontakty-rubcowa-w-tym-kobieta-stojaca-za-historia-ibrahima\/","name":"Inne kontakty Rubcowa: w tym kobieta stoj\u0105ca za histori\u0105 \u201eIbrahima\u201d. - POGOTOWIE FLAGOWE\u00ae","isPartOf":{"@id":"https:\/\/www.pogotowieflagowe.pl\/aktualne\/#website"},"primaryImageOfPage":{"@id":"https:\/\/www.pogotowieflagowe.pl\/aktualne\/inne-kontakty-rubcowa-w-tym-kobieta-stojaca-za-historia-ibrahima\/#primaryimage"},"image":{"@id":"https:\/\/www.pogotowieflagowe.pl\/aktualne\/inne-kontakty-rubcowa-w-tym-kobieta-stojaca-za-historia-ibrahima\/#primaryimage"},"thumbnailUrl":"https:\/\/www.pogotowieflagowe.pl\/aktualne\/wp-content\/uploads\/2025\/11\/Inne-kontakty-Rubcowa-w-tym-kobieta-stojaca-za-historia-\u201eIbrahima.webp.webp","datePublished":"2025-11-14T14:39:32+00:00","dateModified":"2025-11-14T14:39:33+00:00","breadcrumb":{"@id":"https:\/\/www.pogotowieflagowe.pl\/aktualne\/inne-kontakty-rubcowa-w-tym-kobieta-stojaca-za-historia-ibrahima\/#breadcrumb"},"inLanguage":"pl-PL","potentialAction":[{"@type":"ReadAction","target":["https:\/\/www.pogotowieflagowe.pl\/aktualne\/inne-kontakty-rubcowa-w-tym-kobieta-stojaca-za-historia-ibrahima\/"]}]},{"@type":"ImageObject","inLanguage":"pl-PL","@id":"https:\/\/www.pogotowieflagowe.pl\/aktualne\/inne-kontakty-rubcowa-w-tym-kobieta-stojaca-za-historia-ibrahima\/#primaryimage","url":"https:\/\/www.pogotowieflagowe.pl\/aktualne\/wp-content\/uploads\/2025\/11\/Inne-kontakty-Rubcowa-w-tym-kobieta-stojaca-za-historia-\u201eIbrahima.webp.webp","contentUrl":"https:\/\/www.pogotowieflagowe.pl\/aktualne\/wp-content\/uploads\/2025\/11\/Inne-kontakty-Rubcowa-w-tym-kobieta-stojaca-za-historia-\u201eIbrahima.webp.webp","width":1280,"height":720,"caption":"Inne kontakty Rubcowa: w tym kobieta stoj\u0105ca za histori\u0105 \u201eIbrahima\u201d."},{"@type":"BreadcrumbList","@id":"https:\/\/www.pogotowieflagowe.pl\/aktualne\/inne-kontakty-rubcowa-w-tym-kobieta-stojaca-za-historia-ibrahima\/#breadcrumb","itemListElement":[{"@type":"ListItem","position":1,"name":"Home","item":"https:\/\/www.pogotowieflagowe.pl\/aktualne\/"},{"@type":"ListItem","position":2,"name":"Inne kontakty Rubcowa: w tym kobieta stoj\u0105ca za histori\u0105 \u201eIbrahima\u201d."}]},{"@type":"WebSite","@id":"https:\/\/www.pogotowieflagowe.pl\/aktualne\/#website","url":"https:\/\/www.pogotowieflagowe.pl\/aktualne\/","name":"POGOTOWIE FLAGOWE\u00ae","description":"","publisher":{"@id":"https:\/\/www.pogotowieflagowe.pl\/aktualne\/#organization"},"potentialAction":[{"@type":"SearchAction","target":{"@type":"EntryPoint","urlTemplate":"https:\/\/www.pogotowieflagowe.pl\/aktualne\/?s={search_term_string}"},"query-input":"required name=search_term_string"}],"inLanguage":"pl-PL"},{"@type":"Organization","@id":"https:\/\/www.pogotowieflagowe.pl\/aktualne\/#organization","name":"POGOTOWIE FLAGOWE\u00ae","url":"https:\/\/www.pogotowieflagowe.pl\/aktualne\/","logo":{"@type":"ImageObject","inLanguage":"pl-PL","@id":"https:\/\/www.pogotowieflagowe.pl\/aktualne\/#\/schema\/logo\/image\/","url":"https:\/\/www.pogotowieflagowe.pl\/aktualne\/wp-content\/uploads\/2024\/08\/cropped-pogotowieflagowe_flaga_projekt_sm.jpg","contentUrl":"https:\/\/www.pogotowieflagowe.pl\/aktualne\/wp-content\/uploads\/2024\/08\/cropped-pogotowieflagowe_flaga_projekt_sm.jpg","width":250,"height":143,"caption":"POGOTOWIE FLAGOWE\u00ae"},"image":{"@id":"https:\/\/www.pogotowieflagowe.pl\/aktualne\/#\/schema\/logo\/image\/"}},{"@type":"Person","@id":"https:\/\/www.pogotowieflagowe.pl\/aktualne\/#\/schema\/person\/9c2fb7d2362ebf6fa088960d7f0d27b0","name":"Filip","image":{"@type":"ImageObject","inLanguage":"pl-PL","@id":"https:\/\/www.pogotowieflagowe.pl\/aktualne\/#\/schema\/person\/image\/","url":"https:\/\/www.pogotowieflagowe.pl\/aktualne\/wp-content\/uploads\/2024\/08\/pogotowieflagowe.pl_.jpg","contentUrl":"https:\/\/www.pogotowieflagowe.pl\/aktualne\/wp-content\/uploads\/2024\/08\/pogotowieflagowe.pl_.jpg","caption":"Filip"},"description":"Jestem Filip, polski dziennikarz z dyplomem nauk politycznych Uniwersytetu Warszawskiego. Rozpoczynaj\u0105c swoj\u0105 karier\u0119 w r\u00f3\u017cnych lokalnych mediach, zdoby\u0142em solidne do\u015bwiadczenie w zakresie \u015bledztwa i redakcji. Obecnie jako redaktor w Pogotowie flagowe, staram si\u0119 dostarcza\u0107 dog\u0142\u0119bne i istotne analizy na temat najwa\u017cniejszych kwestii aktualno\u015bci, \u0142\u0105cz\u0105c rygor z pasj\u0105 dziennikarsk\u0105.","sameAs":["https:\/\/www.pogotowieflagowe.pl\/"]}]}},"_links":{"self":[{"href":"https:\/\/www.pogotowieflagowe.pl\/aktualne\/wp-json\/wp\/v2\/posts\/10536","targetHints":{"allow":["GET"]}}],"collection":[{"href":"https:\/\/www.pogotowieflagowe.pl\/aktualne\/wp-json\/wp\/v2\/posts"}],"about":[{"href":"https:\/\/www.pogotowieflagowe.pl\/aktualne\/wp-json\/wp\/v2\/types\/post"}],"author":[{"embeddable":true,"href":"https:\/\/www.pogotowieflagowe.pl\/aktualne\/wp-json\/wp\/v2\/users\/1"}],"replies":[{"embeddable":true,"href":"https:\/\/www.pogotowieflagowe.pl\/aktualne\/wp-json\/wp\/v2\/comments?post=10536"}],"version-history":[{"count":1,"href":"https:\/\/www.pogotowieflagowe.pl\/aktualne\/wp-json\/wp\/v2\/posts\/10536\/revisions"}],"predecessor-version":[{"id":10538,"href":"https:\/\/www.pogotowieflagowe.pl\/aktualne\/wp-json\/wp\/v2\/posts\/10536\/revisions\/10538"}],"wp:featuredmedia":[{"embeddable":true,"href":"https:\/\/www.pogotowieflagowe.pl\/aktualne\/wp-json\/wp\/v2\/media\/10537"}],"wp:attachment":[{"href":"https:\/\/www.pogotowieflagowe.pl\/aktualne\/wp-json\/wp\/v2\/media?parent=10536"}],"wp:term":[{"taxonomy":"category","embeddable":true,"href":"https:\/\/www.pogotowieflagowe.pl\/aktualne\/wp-json\/wp\/v2\/categories?post=10536"},{"taxonomy":"post_tag","embeddable":true,"href":"https:\/\/www.pogotowieflagowe.pl\/aktualne\/wp-json\/wp\/v2\/tags?post=10536"}],"curies":[{"name":"wp","href":"https:\/\/api.w.org\/{rel}","templated":true}]}}