{"id":10539,"date":"2025-11-14T15:41:04","date_gmt":"2025-11-14T14:41:04","guid":{"rendered":"https:\/\/www.pogotowieflagowe.pl\/aktualne\/tusk-udaje-ze-nie-zna-stanowiska-komisji-europejskiej-ws-paktu-migracyjnego-polska-nie-bedzie-przyjmowac-imigrantow\/"},"modified":"2025-11-14T15:41:05","modified_gmt":"2025-11-14T14:41:05","slug":"tusk-udaje-ze-nie-zna-stanowiska-komisji-europejskiej-ws-paktu-migracyjnego-polska-nie-bedzie-przyjmowac-imigrantow","status":"publish","type":"post","link":"https:\/\/www.pogotowieflagowe.pl\/aktualne\/tusk-udaje-ze-nie-zna-stanowiska-komisji-europejskiej-ws-paktu-migracyjnego-polska-nie-bedzie-przyjmowac-imigrantow\/","title":{"rendered":"Tusk udaje, \u017ce nie zna stanowiska Komisji Europejskiej ws. Paktu Migracyjnego? \u201ePolska nie b\u0119dzie przyjmowa\u0107 imigrant\u00f3w\u201d"},"content":{"rendered":"\n<div class=\"td_block_wrap tdb_single_content tdi_41 td-pb-border-top td_block_template_8 td-post-content tagdiv-type\" data-td-block-uid=\"tdi_41\">\n<style>.tdi_41{margines-top:0px!important;margin-bottom:0px!important;dope\u0142nienie-g\u00f3ra:0px!important;dope\u0142nienie-d\u00f3\u0142:0px!important}<\/style>\n<style>.tdb_single_content{margin-bottom:0;*zoom:1}.tdb_single_content:before,.tdb_single_content:after{display:table;content:'';line-height:0}.tdb_single_content:after{clear:both}.tdb_single_content .tdb-block-inner>*:not(.wp-block-quote):not(.alignwide):not(.alignfull.wp-block-cover.has-parallax):not(.td-a-ad){margin-left:auto;margin-right:auto}.tdb_single_content a{pointer-events:auto}.tdb_single_content .td-spot-id-top_ad .tdc-placeholder-title:before{content:'Najlepsza reklama artyku\u0142u'!important}.tdb_single_content .td-spot-id-inline_ad0 .tdc-placeholder-title:before{content:'Reklama wbudowana artyku\u0142u 1'!important}.tdb_single_content .td-spot-id-inline_ad1 .tdc-placeholder-title:before{content:'Wbudowana reklama w artykule 2'!important}.tdb_single_content .td-spot-id-inline_ad2 .tdc-placeholder-title:before{content:'Wbudowana reklama w artykule 3'!important}.tdb_single_content .td-spot-id-bottom_ad .tdc-placeholder-title:before{content:'Article Bottom Ad'!important}.tdb_single_content .id_top_ad,.tdb_single_content .id_bottom_ad{clear:both;margin-bottom:21px;text-align:center}.tdb_single_content .id_top_ad img,.tdb_single_content .id_bottom_ad img{margin-bottom:0}.tdb_single_content .id_top_ad .adsbygoogle,.tdb_single_content .id_bottom_ad .adsbygoogle{position:relative}.tdb_single_content .id_ad_content-horiz-left,.tdb_single_content .id_ad_content-horiz-right,.tdb_single_content .id_ad_content-horiz-center{margin-bottom:15px}.tdb_single_content .id_ad_content-horiz-left img,.tdb_single_content .id_ad_content-horiz-right img,.tdb_single_content .id_ad_content-horiz-center img{margin-bottom:0}.tdb_single_content .id_ad_content-horiz-center{text-align:center}.tdb_single_content .id_ad_content-horiz-center img{margin-right:auto;margin-left:auto}.tdb_single_content .id_ad_content-horiz-left{float:left;margin-top:9px;margin-right:21px}.tdb_single_content .id_ad_content-horiz-right{float:right;margin-top:6px;margin-left:21px}.tdb_single_content .tdc-a-ad .tdc-placeholder-title{width:300px;height:250px}.tdb_single_content .tdc-a-ad .tdc-placeholder-title:before{position:absolute;top:50%;-webkit-transform:translateY(-50%);transform:translateY(-50%);margin:auto;display:table;width:100%}.tdb_single_content .tdb-block-inner.td-fix-index{word-break:break-word}.tdi_41,.tdi_41>p,.tdi_41 .tdb-block-inner>p,.wp-block-column>p{font-size:16px!important;line-height:1.6!important}.tdi_41 .tdb-block-inner blockquote p{font-style:normal!important}@media (max-width:767px){.tdb_single_content .id_ad_content-horiz-left,.tdb_single_content .id_ad_content-horiz-right,.tdb_single_content .id_ad_content-horiz-center{margin:0 auto 26 pikseli auto}}@media (max-width:767px){.tdb_single_content .id_ad_content-horiz-left{margin-right:0}}@media (max-width:767px){.tdb_single_content .id_ad_content-horiz-right{margin-left:0}}@media (max-width:767px){.tdb_single_content .td-a-ad{float:none;text-align:center}.tdb_single_content .td-a-ad img{margin-right:auto;margin-left:auto}.tdb_single_content .tdc-a-ad{float:none}}<\/style>\n<div class=\"tdb-block-inner td-fix-index\">\n<p><strong>&#8222;Je\u015bli powiem, \u017ce Polska nie b\u0119dzie przyjmowa\u0107 migrant\u00f3w w ramach paktu migracyjnego, to tak nie b\u0119dzie. Je\u015bli m\u00f3wi\u0119 to publicznie, to znaczy, \u017ce wiem, \u017ce to prawda&#8221;<\/strong>\u2013 powt\u00f3rzy\u0142 po raz kolejny Donald Tusk.<\/p>\n<p>Wr\u00f3\u0107my do wtorku. To by\u0142o wtedy, gdy <em>Komisja Europejska (KE)<\/em> og\u0142osi\u0142, \u017ce Bu\u0142garia, Czechy, Estonia, Chorwacja, Austria i Polska stoj\u0105 w obliczu powa\u017cnej presji migracyjnej i b\u0119d\u0105 mog\u0142y ubiega\u0107 si\u0119 o pe\u0142ne lub cz\u0119\u015bciowe zwolnienia z relokacji migrant\u00f3w na nadchodz\u0105cy rok w ramach unijnych <em>Pakt o azylu i migracji<\/em>.<\/p>\n<p>Niemniej jednak dla Donalda Tuska sta\u0142a si\u0119 ona okazj\u0105 do og\u0142oszenia du\u017cego sukcesu. Dok\u0142adnie to zrobi\u0142, publikuj\u0105c na X post, w kt\u00f3rym stwierdzi\u0142:<\/p>\n<blockquote class=\"wp-block-quote is-layout-flow wp-block-quote-is-layout-flow\">\n<p><strong>Tak, jak m\u00f3wi\u0142em, Polska nie b\u0119dzie przyjmowa\u0107 migrant\u00f3w w ramach Paktu Migracyjnego. Ani za to p\u0142aci\u0107. To ju\u017c zosta\u0142o postanowione. Dzia\u0142amy, nie rozmawiamy!<\/strong><\/p>\n<\/blockquote>\n<figure class=\"wp-block-embed is-type-rich is-provider-twitter wp-block-embed-twitter\">\n<div class=\"wp-block-embed__wrapper\">\n<blockquote class=\"twitter-tweet\" data-width=\"550\" data-dnt=\"true\">\n<p lang=\"pl\" dir=\"ltr\">Tak, jak m\u00f3wi\u0142em, Polska nie b\u0119dzie dotyczy\u0107 migrant\u00f3w w ramach Paktu Migracyjnego. Ani p\u0142aci\u0107 za to. To ju\u017c decyzja. Robimy, nie gamy!<\/p>\n<p>\u2014 Donald Tusk (@donaldtusk) <a rel=\"nofollow\" href=\"https:\/\/twitter.com\/donaldtusk\/status\/1988298460555247635?ref_src=twsrc%5Etfw\">11 listopada 2025 r<\/a><\/p><\/blockquote>\n<\/div>\n<\/figure>\n<p>Ale to nie wszystko. The <em>Ministerstwo Spraw Wewn\u0119trznych i Administracji (MSWiA)<\/em> opublikowa\u0142 wiadomo\u015b\u0107 w podobnym tonie.<\/p>\n<figure class=\"wp-block-embed is-type-rich is-provider-twitter wp-block-embed-twitter\">\n<div class=\"wp-block-embed__wrapper\">\n<blockquote class=\"twitter-tweet\" data-width=\"550\" data-dnt=\"true\">\n<p lang=\"pl\" dir=\"ltr\">\ud83c\uddf5\ud83c\uddf1 Olbrzymi sukces polskiego urz\u0119dnika \u2757\ufe0f<\/p>\n<p>\ud83c\uddea\ud83c\uddfa Komisja Europejska sprawdzi\u0142a, \u017ce \u200b\u200bnasz kraj b\u0119dzie de facto zwolniony z relokacji w ramach paktu migracyjnego. To efekt konsekwentnych dzia\u0142a\u0144 polskiego dzia\u0142ania, kt\u00f3ry od pocz\u0105tku zosta\u0142 podkre\u015blony przez przekazanie Polski \u2013 przyj\u0119cie cz\u0142onk\u00f3w\u2026 <a rel=\"nofollow\" href=\"https:\/\/t.co\/FS8JH4oL7K\">pic.twitter.com\/FS8JH4oL7K<\/a><\/p>\n<p>\u2014 MSWiA \ud83c\uddf5\ud83c\uddf1 (@MSWiA_GOV_PL) <a rel=\"nofollow\" href=\"https:\/\/twitter.com\/MSWiA_GOV_PL\/status\/1988537276607979717?ref_src=twsrc%5Etfw\">12 listopada 2025 r<\/a><\/p><\/blockquote>\n<\/div>\n<\/figure>\n<h2 class=\"wp-block-heading\"><strong>Alternatywna rzeczywisto\u015b\u0107?<\/strong><\/h2>\n<p>I cho\u0107 wypowied\u017a Brukseli jest \u0142atwa do zrozumienia, cz\u0142onkowie rz\u0105du Donalda Tuska staraj\u0105 si\u0119 nagina\u0107 rzeczywisto\u015b\u0107. Najgorsze jest jednak to, \u017ce pr\u00f3buj\u0105 wpoi\u0107 opinii publicznej narracj\u0119 o kategorycznym wy\u0142\u0105czeniu Polski z mechanizmu relokacji migrant\u00f3w.<\/p>\n<p>Dlatego dzi\u015b podczas konferencji prasowej Tuska Monika Rutke z TV Republika zada\u0142a nast\u0119puj\u0105ce pytanie: <strong>\u201eDlaczego jako Kancelaria Premiera wprowadzacie Polak\u00f3w w b\u0142\u0105d, twierdz\u0105c, \u017ce <em>Komisja Europejska (KE)<\/em> potwierdzi\u0142 zwolnienie Polski z relokacji migrant\u00f3w? Tymczasem Komisja w swoim o\u015bwiadczeniu stwierdza jedynie, \u017ce Polska mo\u017ce ubiega\u0107 si\u0119 o zwolnienie \u2013 ale tylko na rok\u201d.<\/strong><\/p>\n<p>Jak zareagowa\u0142 Tusk? Jak zawsze.<\/p>\n<figure class=\"wp-block-pullquote\">\n<blockquote>\n<p>\u201e<strong>Bardzo \u0142atwo to zweryfikowa\u0107. Mo\u017cna te\u017c sprawdzi\u0107 wiarygodno\u015b\u0107 moich twierdze\u0144, \u017ce Polska nie b\u0119dzie \u2013 ani w przysz\u0142ym roku, ani rok p\u00f3\u017aniej, ani za trzy lata \u2013 zobowi\u0105zana do przyjmowania migrant\u00f3w w systemie relokacji przewidzianym w pakcie migracyjnym. Takie s\u0105 procedury: pa\u0144stwo, kt\u00f3re m\u00f3wi, \u017ce nie przyjmujemy migrant\u00f3w, bo mamy inny punkt widzenia, inne okoliczno\u015bci. Polska nie b\u0119dzie przyjmowa\u0107 tych migrant\u00f3w <em>Komisja Europejska (KE)<\/em> to rozumie, ale formalnie \u2013 pa\u0144stwo musi si\u0119 o to ubiega\u0107. Mechanizm relokacji obejmuje ca\u0142\u0105 Uni\u0119 Europejsk\u0105, a pa\u0144stwo, kt\u00f3re nie chce w nim uczestniczy\u0107, musi go zg\u0142osi\u0107. To wszystko i nic wi\u0119cej<\/strong>\u2013 odpowiedzia\u0142.<\/p>\n<\/blockquote>\n<\/figure>\n<p>I m\u00f3wi\u0142 dalej: <strong>&#8222;Nie jestem naiwny, bo ju\u017c nied\u0142ugo oka\u017ce si\u0119, czy Polska jest obj\u0119ta tym obowi\u0105zkiem, czy nie. Gdybym to wymy\u015bli\u0142, to bardzo szybko by si\u0119 to rozpad\u0142o. Prosz\u0119, aby\u015bcie mi zaufali \u2013 przynajmniej mojemu rozumieniu w\u0142asnego interesu politycznego. Je\u015bli powiem, \u017ce Polska nie b\u0119dzie przyjmowa\u0107 migrant\u00f3w w ramach paktu migracyjnego, to tak nie b\u0119dzie. Je\u015bli m\u00f3wi\u0119 to publicznie, to znaczy, \u017ce wiem, \u017ce to prawda. &#8222;<\/strong><\/p>\n<\/div>\n<\/div>\n<p><script async src=\"https:\/\/platform.twitter.com\/widgets.js\" charset=\"utf-8\"><\/script><\/p>\n","protected":false},"excerpt":{"rendered":"<p>&#8222;Je\u015bli powiem, \u017ce Polska nie b\u0119dzie przyjmowa\u0107 migrant\u00f3w w ramach paktu migracyjnego, to tak nie b\u0119dzie. Je\u015bli m\u00f3wi\u0119 to publicznie,<\/p>\n","protected":false},"author":1,"featured_media":10540,"comment_status":"open","ping_status":"open","sticky":false,"template":"","format":"standard","meta":{"footnotes":""},"categories":[44],"tags":[255,875,3127,3363,6641,450,5453,4,12002,3300,221,3330,453,8042],"class_list":["post-10539","post","type-post","status-publish","format-standard","has-post-thumbnail","hentry","category-polityka","tag-bedzie","tag-europejskiej","tag-imigrantow","tag-komisji","tag-migracyjnego","tag-nie","tag-paktu","tag-polska","tag-przyjmowac","tag-stanowiska","tag-tusk","tag-udaje","tag-ze","tag-zna","generate-columns","tablet-grid-50","mobile-grid-100","grid-parent","grid-50","resize-featured-image"],"yoast_head":"<!-- This site is optimized with the Yoast SEO plugin v23.2 - https:\/\/yoast.com\/wordpress\/plugins\/seo\/ -->\n<title>Tusk udaje, \u017ce nie zna stanowiska Komisji Europejskiej ws. Paktu Migracyjnego? \u201ePolska nie b\u0119dzie przyjmowa\u0107 imigrant\u00f3w\u201d - POGOTOWIE FLAGOWE\u00ae<\/title>\n<meta name=\"robots\" content=\"index, follow, max-snippet:-1, max-image-preview:large, max-video-preview:-1\" \/>\n<link rel=\"canonical\" href=\"https:\/\/www.pogotowieflagowe.pl\/aktualne\/tusk-udaje-ze-nie-zna-stanowiska-komisji-europejskiej-ws-paktu-migracyjnego-polska-nie-bedzie-przyjmowac-imigrantow\/\" \/>\n<meta property=\"og:locale\" content=\"pl_PL\" \/>\n<meta property=\"og:type\" content=\"article\" \/>\n<meta property=\"og:title\" content=\"Tusk udaje, \u017ce nie zna stanowiska Komisji Europejskiej ws. Paktu Migracyjnego? \u201ePolska nie b\u0119dzie przyjmowa\u0107 imigrant\u00f3w\u201d - POGOTOWIE FLAGOWE\u00ae\" \/>\n<meta property=\"og:description\" content=\"&#8222;Je\u015bli powiem, \u017ce Polska nie b\u0119dzie przyjmowa\u0107 migrant\u00f3w w ramach paktu migracyjnego, to tak nie b\u0119dzie. Je\u015bli m\u00f3wi\u0119 to publicznie,\" \/>\n<meta property=\"og:url\" content=\"https:\/\/www.pogotowieflagowe.pl\/aktualne\/tusk-udaje-ze-nie-zna-stanowiska-komisji-europejskiej-ws-paktu-migracyjnego-polska-nie-bedzie-przyjmowac-imigrantow\/\" \/>\n<meta property=\"og:site_name\" content=\"POGOTOWIE FLAGOWE\u00ae\" \/>\n<meta property=\"article:published_time\" content=\"2025-11-14T14:41:04+00:00\" \/>\n<meta property=\"article:modified_time\" content=\"2025-11-14T14:41:05+00:00\" \/>\n<meta property=\"og:image\" content=\"https:\/\/www.pogotowieflagowe.pl\/aktualne\/wp-content\/uploads\/2025\/11\/Tusk-udaje-ze-nie-zna-stanowiska-Komisji-Europejskiej-ws-Paktu.webp.webp\" \/>\n\t<meta property=\"og:image:width\" content=\"1280\" \/>\n\t<meta property=\"og:image:height\" content=\"720\" \/>\n\t<meta property=\"og:image:type\" content=\"image\/webp\" \/>\n<meta name=\"author\" content=\"Filip\" \/>\n<meta name=\"twitter:card\" content=\"summary_large_image\" \/>\n<meta name=\"twitter:label1\" content=\"Napisane przez\" \/>\n\t<meta name=\"twitter:data1\" content=\"Filip\" \/>\n\t<meta name=\"twitter:label2\" content=\"Szacowany czas czytania\" \/>\n\t<meta name=\"twitter:data2\" content=\"3 minuty\" \/>\n<script type=\"application\/ld+json\" class=\"yoast-schema-graph\">{\"@context\":\"https:\/\/schema.org\",\"@graph\":[{\"@type\":\"Article\",\"@id\":\"https:\/\/www.pogotowieflagowe.pl\/aktualne\/tusk-udaje-ze-nie-zna-stanowiska-komisji-europejskiej-ws-paktu-migracyjnego-polska-nie-bedzie-przyjmowac-imigrantow\/#article\",\"isPartOf\":{\"@id\":\"https:\/\/www.pogotowieflagowe.pl\/aktualne\/tusk-udaje-ze-nie-zna-stanowiska-komisji-europejskiej-ws-paktu-migracyjnego-polska-nie-bedzie-przyjmowac-imigrantow\/\"},\"author\":{\"name\":\"Filip\",\"@id\":\"https:\/\/www.pogotowieflagowe.pl\/aktualne\/#\/schema\/person\/9c2fb7d2362ebf6fa088960d7f0d27b0\"},\"headline\":\"Tusk udaje, \u017ce nie zna stanowiska Komisji Europejskiej ws. Paktu Migracyjnego? \u201ePolska nie b\u0119dzie przyjmowa\u0107 imigrant\u00f3w\u201d\",\"datePublished\":\"2025-11-14T14:41:04+00:00\",\"dateModified\":\"2025-11-14T14:41:05+00:00\",\"mainEntityOfPage\":{\"@id\":\"https:\/\/www.pogotowieflagowe.pl\/aktualne\/tusk-udaje-ze-nie-zna-stanowiska-komisji-europejskiej-ws-paktu-migracyjnego-polska-nie-bedzie-przyjmowac-imigrantow\/\"},\"wordCount\":586,\"commentCount\":0,\"publisher\":{\"@id\":\"https:\/\/www.pogotowieflagowe.pl\/aktualne\/#organization\"},\"image\":{\"@id\":\"https:\/\/www.pogotowieflagowe.pl\/aktualne\/tusk-udaje-ze-nie-zna-stanowiska-komisji-europejskiej-ws-paktu-migracyjnego-polska-nie-bedzie-przyjmowac-imigrantow\/#primaryimage\"},\"thumbnailUrl\":\"https:\/\/www.pogotowieflagowe.pl\/aktualne\/wp-content\/uploads\/2025\/11\/Tusk-udaje-ze-nie-zna-stanowiska-Komisji-Europejskiej-ws-Paktu.webp.webp\",\"keywords\":[\"b\u0119dzie\",\"Europejskiej\",\"imigrant\u00f3w\",\"komisji\",\"migracyjnego\",\"Nie\",\"paktu\",\"polska\",\"przyjmowa\u0107\",\"stanowiska\",\"Tusk\",\"udaje\",\"\u017ce\",\"zna\"],\"articleSection\":[\"Polityka\"],\"inLanguage\":\"pl-PL\",\"potentialAction\":[{\"@type\":\"CommentAction\",\"name\":\"Comment\",\"target\":[\"https:\/\/www.pogotowieflagowe.pl\/aktualne\/tusk-udaje-ze-nie-zna-stanowiska-komisji-europejskiej-ws-paktu-migracyjnego-polska-nie-bedzie-przyjmowac-imigrantow\/#respond\"]}]},{\"@type\":\"WebPage\",\"@id\":\"https:\/\/www.pogotowieflagowe.pl\/aktualne\/tusk-udaje-ze-nie-zna-stanowiska-komisji-europejskiej-ws-paktu-migracyjnego-polska-nie-bedzie-przyjmowac-imigrantow\/\",\"url\":\"https:\/\/www.pogotowieflagowe.pl\/aktualne\/tusk-udaje-ze-nie-zna-stanowiska-komisji-europejskiej-ws-paktu-migracyjnego-polska-nie-bedzie-przyjmowac-imigrantow\/\",\"name\":\"Tusk udaje, \u017ce nie zna stanowiska Komisji Europejskiej ws. Paktu Migracyjnego? \u201ePolska nie b\u0119dzie przyjmowa\u0107 imigrant\u00f3w\u201d - POGOTOWIE FLAGOWE\u00ae\",\"isPartOf\":{\"@id\":\"https:\/\/www.pogotowieflagowe.pl\/aktualne\/#website\"},\"primaryImageOfPage\":{\"@id\":\"https:\/\/www.pogotowieflagowe.pl\/aktualne\/tusk-udaje-ze-nie-zna-stanowiska-komisji-europejskiej-ws-paktu-migracyjnego-polska-nie-bedzie-przyjmowac-imigrantow\/#primaryimage\"},\"image\":{\"@id\":\"https:\/\/www.pogotowieflagowe.pl\/aktualne\/tusk-udaje-ze-nie-zna-stanowiska-komisji-europejskiej-ws-paktu-migracyjnego-polska-nie-bedzie-przyjmowac-imigrantow\/#primaryimage\"},\"thumbnailUrl\":\"https:\/\/www.pogotowieflagowe.pl\/aktualne\/wp-content\/uploads\/2025\/11\/Tusk-udaje-ze-nie-zna-stanowiska-Komisji-Europejskiej-ws-Paktu.webp.webp\",\"datePublished\":\"2025-11-14T14:41:04+00:00\",\"dateModified\":\"2025-11-14T14:41:05+00:00\",\"breadcrumb\":{\"@id\":\"https:\/\/www.pogotowieflagowe.pl\/aktualne\/tusk-udaje-ze-nie-zna-stanowiska-komisji-europejskiej-ws-paktu-migracyjnego-polska-nie-bedzie-przyjmowac-imigrantow\/#breadcrumb\"},\"inLanguage\":\"pl-PL\",\"potentialAction\":[{\"@type\":\"ReadAction\",\"target\":[\"https:\/\/www.pogotowieflagowe.pl\/aktualne\/tusk-udaje-ze-nie-zna-stanowiska-komisji-europejskiej-ws-paktu-migracyjnego-polska-nie-bedzie-przyjmowac-imigrantow\/\"]}]},{\"@type\":\"ImageObject\",\"inLanguage\":\"pl-PL\",\"@id\":\"https:\/\/www.pogotowieflagowe.pl\/aktualne\/tusk-udaje-ze-nie-zna-stanowiska-komisji-europejskiej-ws-paktu-migracyjnego-polska-nie-bedzie-przyjmowac-imigrantow\/#primaryimage\",\"url\":\"https:\/\/www.pogotowieflagowe.pl\/aktualne\/wp-content\/uploads\/2025\/11\/Tusk-udaje-ze-nie-zna-stanowiska-Komisji-Europejskiej-ws-Paktu.webp.webp\",\"contentUrl\":\"https:\/\/www.pogotowieflagowe.pl\/aktualne\/wp-content\/uploads\/2025\/11\/Tusk-udaje-ze-nie-zna-stanowiska-Komisji-Europejskiej-ws-Paktu.webp.webp\",\"width\":1280,\"height\":720,\"caption\":\"Tusk udaje, \u017ce nie zna stanowiska Komisji Europejskiej ws. Paktu Migracyjnego? \u201ePolska nie b\u0119dzie przyjmowa\u0107 imigrant\u00f3w\u201d\"},{\"@type\":\"BreadcrumbList\",\"@id\":\"https:\/\/www.pogotowieflagowe.pl\/aktualne\/tusk-udaje-ze-nie-zna-stanowiska-komisji-europejskiej-ws-paktu-migracyjnego-polska-nie-bedzie-przyjmowac-imigrantow\/#breadcrumb\",\"itemListElement\":[{\"@type\":\"ListItem\",\"position\":1,\"name\":\"Home\",\"item\":\"https:\/\/www.pogotowieflagowe.pl\/aktualne\/\"},{\"@type\":\"ListItem\",\"position\":2,\"name\":\"Tusk udaje, \u017ce nie zna stanowiska Komisji Europejskiej ws. Paktu Migracyjnego? \u201ePolska nie b\u0119dzie przyjmowa\u0107 imigrant\u00f3w\u201d\"}]},{\"@type\":\"WebSite\",\"@id\":\"https:\/\/www.pogotowieflagowe.pl\/aktualne\/#website\",\"url\":\"https:\/\/www.pogotowieflagowe.pl\/aktualne\/\",\"name\":\"POGOTOWIE FLAGOWE\u00ae\",\"description\":\"\",\"publisher\":{\"@id\":\"https:\/\/www.pogotowieflagowe.pl\/aktualne\/#organization\"},\"potentialAction\":[{\"@type\":\"SearchAction\",\"target\":{\"@type\":\"EntryPoint\",\"urlTemplate\":\"https:\/\/www.pogotowieflagowe.pl\/aktualne\/?s={search_term_string}\"},\"query-input\":\"required name=search_term_string\"}],\"inLanguage\":\"pl-PL\"},{\"@type\":\"Organization\",\"@id\":\"https:\/\/www.pogotowieflagowe.pl\/aktualne\/#organization\",\"name\":\"POGOTOWIE FLAGOWE\u00ae\",\"url\":\"https:\/\/www.pogotowieflagowe.pl\/aktualne\/\",\"logo\":{\"@type\":\"ImageObject\",\"inLanguage\":\"pl-PL\",\"@id\":\"https:\/\/www.pogotowieflagowe.pl\/aktualne\/#\/schema\/logo\/image\/\",\"url\":\"https:\/\/www.pogotowieflagowe.pl\/aktualne\/wp-content\/uploads\/2024\/08\/cropped-pogotowieflagowe_flaga_projekt_sm.jpg\",\"contentUrl\":\"https:\/\/www.pogotowieflagowe.pl\/aktualne\/wp-content\/uploads\/2024\/08\/cropped-pogotowieflagowe_flaga_projekt_sm.jpg\",\"width\":250,\"height\":143,\"caption\":\"POGOTOWIE FLAGOWE\u00ae\"},\"image\":{\"@id\":\"https:\/\/www.pogotowieflagowe.pl\/aktualne\/#\/schema\/logo\/image\/\"}},{\"@type\":\"Person\",\"@id\":\"https:\/\/www.pogotowieflagowe.pl\/aktualne\/#\/schema\/person\/9c2fb7d2362ebf6fa088960d7f0d27b0\",\"name\":\"Filip\",\"image\":{\"@type\":\"ImageObject\",\"inLanguage\":\"pl-PL\",\"@id\":\"https:\/\/www.pogotowieflagowe.pl\/aktualne\/#\/schema\/person\/image\/\",\"url\":\"https:\/\/www.pogotowieflagowe.pl\/aktualne\/wp-content\/uploads\/2024\/08\/pogotowieflagowe.pl_.jpg\",\"contentUrl\":\"https:\/\/www.pogotowieflagowe.pl\/aktualne\/wp-content\/uploads\/2024\/08\/pogotowieflagowe.pl_.jpg\",\"caption\":\"Filip\"},\"description\":\"Jestem Filip, polski dziennikarz z dyplomem nauk politycznych Uniwersytetu Warszawskiego. Rozpoczynaj\u0105c swoj\u0105 karier\u0119 w r\u00f3\u017cnych lokalnych mediach, zdoby\u0142em solidne do\u015bwiadczenie w zakresie \u015bledztwa i redakcji. Obecnie jako redaktor w Pogotowie flagowe, staram si\u0119 dostarcza\u0107 dog\u0142\u0119bne i istotne analizy na temat najwa\u017cniejszych kwestii aktualno\u015bci, \u0142\u0105cz\u0105c rygor z pasj\u0105 dziennikarsk\u0105.\",\"sameAs\":[\"https:\/\/www.pogotowieflagowe.pl\/\"]}]}<\/script>\n<!-- \/ Yoast SEO plugin. -->","yoast_head_json":{"title":"Tusk udaje, \u017ce nie zna stanowiska Komisji Europejskiej ws. Paktu Migracyjnego? \u201ePolska nie b\u0119dzie przyjmowa\u0107 imigrant\u00f3w\u201d - POGOTOWIE FLAGOWE\u00ae","robots":{"index":"index","follow":"follow","max-snippet":"max-snippet:-1","max-image-preview":"max-image-preview:large","max-video-preview":"max-video-preview:-1"},"canonical":"https:\/\/www.pogotowieflagowe.pl\/aktualne\/tusk-udaje-ze-nie-zna-stanowiska-komisji-europejskiej-ws-paktu-migracyjnego-polska-nie-bedzie-przyjmowac-imigrantow\/","og_locale":"pl_PL","og_type":"article","og_title":"Tusk udaje, \u017ce nie zna stanowiska Komisji Europejskiej ws. Paktu Migracyjnego? \u201ePolska nie b\u0119dzie przyjmowa\u0107 imigrant\u00f3w\u201d - POGOTOWIE FLAGOWE\u00ae","og_description":"&#8222;Je\u015bli powiem, \u017ce Polska nie b\u0119dzie przyjmowa\u0107 migrant\u00f3w w ramach paktu migracyjnego, to tak nie b\u0119dzie. Je\u015bli m\u00f3wi\u0119 to publicznie,","og_url":"https:\/\/www.pogotowieflagowe.pl\/aktualne\/tusk-udaje-ze-nie-zna-stanowiska-komisji-europejskiej-ws-paktu-migracyjnego-polska-nie-bedzie-przyjmowac-imigrantow\/","og_site_name":"POGOTOWIE FLAGOWE\u00ae","article_published_time":"2025-11-14T14:41:04+00:00","article_modified_time":"2025-11-14T14:41:05+00:00","og_image":[{"width":1280,"height":720,"url":"https:\/\/www.pogotowieflagowe.pl\/aktualne\/wp-content\/uploads\/2025\/11\/Tusk-udaje-ze-nie-zna-stanowiska-Komisji-Europejskiej-ws-Paktu.webp.webp","type":"image\/webp"}],"author":"Filip","twitter_card":"summary_large_image","twitter_misc":{"Napisane przez":"Filip","Szacowany czas czytania":"3 minuty"},"schema":{"@context":"https:\/\/schema.org","@graph":[{"@type":"Article","@id":"https:\/\/www.pogotowieflagowe.pl\/aktualne\/tusk-udaje-ze-nie-zna-stanowiska-komisji-europejskiej-ws-paktu-migracyjnego-polska-nie-bedzie-przyjmowac-imigrantow\/#article","isPartOf":{"@id":"https:\/\/www.pogotowieflagowe.pl\/aktualne\/tusk-udaje-ze-nie-zna-stanowiska-komisji-europejskiej-ws-paktu-migracyjnego-polska-nie-bedzie-przyjmowac-imigrantow\/"},"author":{"name":"Filip","@id":"https:\/\/www.pogotowieflagowe.pl\/aktualne\/#\/schema\/person\/9c2fb7d2362ebf6fa088960d7f0d27b0"},"headline":"Tusk udaje, \u017ce nie zna stanowiska Komisji Europejskiej ws. Paktu Migracyjnego? \u201ePolska nie b\u0119dzie przyjmowa\u0107 imigrant\u00f3w\u201d","datePublished":"2025-11-14T14:41:04+00:00","dateModified":"2025-11-14T14:41:05+00:00","mainEntityOfPage":{"@id":"https:\/\/www.pogotowieflagowe.pl\/aktualne\/tusk-udaje-ze-nie-zna-stanowiska-komisji-europejskiej-ws-paktu-migracyjnego-polska-nie-bedzie-przyjmowac-imigrantow\/"},"wordCount":586,"commentCount":0,"publisher":{"@id":"https:\/\/www.pogotowieflagowe.pl\/aktualne\/#organization"},"image":{"@id":"https:\/\/www.pogotowieflagowe.pl\/aktualne\/tusk-udaje-ze-nie-zna-stanowiska-komisji-europejskiej-ws-paktu-migracyjnego-polska-nie-bedzie-przyjmowac-imigrantow\/#primaryimage"},"thumbnailUrl":"https:\/\/www.pogotowieflagowe.pl\/aktualne\/wp-content\/uploads\/2025\/11\/Tusk-udaje-ze-nie-zna-stanowiska-Komisji-Europejskiej-ws-Paktu.webp.webp","keywords":["b\u0119dzie","Europejskiej","imigrant\u00f3w","komisji","migracyjnego","Nie","paktu","polska","przyjmowa\u0107","stanowiska","Tusk","udaje","\u017ce","zna"],"articleSection":["Polityka"],"inLanguage":"pl-PL","potentialAction":[{"@type":"CommentAction","name":"Comment","target":["https:\/\/www.pogotowieflagowe.pl\/aktualne\/tusk-udaje-ze-nie-zna-stanowiska-komisji-europejskiej-ws-paktu-migracyjnego-polska-nie-bedzie-przyjmowac-imigrantow\/#respond"]}]},{"@type":"WebPage","@id":"https:\/\/www.pogotowieflagowe.pl\/aktualne\/tusk-udaje-ze-nie-zna-stanowiska-komisji-europejskiej-ws-paktu-migracyjnego-polska-nie-bedzie-przyjmowac-imigrantow\/","url":"https:\/\/www.pogotowieflagowe.pl\/aktualne\/tusk-udaje-ze-nie-zna-stanowiska-komisji-europejskiej-ws-paktu-migracyjnego-polska-nie-bedzie-przyjmowac-imigrantow\/","name":"Tusk udaje, \u017ce nie zna stanowiska Komisji Europejskiej ws. Paktu Migracyjnego? \u201ePolska nie b\u0119dzie przyjmowa\u0107 imigrant\u00f3w\u201d - POGOTOWIE FLAGOWE\u00ae","isPartOf":{"@id":"https:\/\/www.pogotowieflagowe.pl\/aktualne\/#website"},"primaryImageOfPage":{"@id":"https:\/\/www.pogotowieflagowe.pl\/aktualne\/tusk-udaje-ze-nie-zna-stanowiska-komisji-europejskiej-ws-paktu-migracyjnego-polska-nie-bedzie-przyjmowac-imigrantow\/#primaryimage"},"image":{"@id":"https:\/\/www.pogotowieflagowe.pl\/aktualne\/tusk-udaje-ze-nie-zna-stanowiska-komisji-europejskiej-ws-paktu-migracyjnego-polska-nie-bedzie-przyjmowac-imigrantow\/#primaryimage"},"thumbnailUrl":"https:\/\/www.pogotowieflagowe.pl\/aktualne\/wp-content\/uploads\/2025\/11\/Tusk-udaje-ze-nie-zna-stanowiska-Komisji-Europejskiej-ws-Paktu.webp.webp","datePublished":"2025-11-14T14:41:04+00:00","dateModified":"2025-11-14T14:41:05+00:00","breadcrumb":{"@id":"https:\/\/www.pogotowieflagowe.pl\/aktualne\/tusk-udaje-ze-nie-zna-stanowiska-komisji-europejskiej-ws-paktu-migracyjnego-polska-nie-bedzie-przyjmowac-imigrantow\/#breadcrumb"},"inLanguage":"pl-PL","potentialAction":[{"@type":"ReadAction","target":["https:\/\/www.pogotowieflagowe.pl\/aktualne\/tusk-udaje-ze-nie-zna-stanowiska-komisji-europejskiej-ws-paktu-migracyjnego-polska-nie-bedzie-przyjmowac-imigrantow\/"]}]},{"@type":"ImageObject","inLanguage":"pl-PL","@id":"https:\/\/www.pogotowieflagowe.pl\/aktualne\/tusk-udaje-ze-nie-zna-stanowiska-komisji-europejskiej-ws-paktu-migracyjnego-polska-nie-bedzie-przyjmowac-imigrantow\/#primaryimage","url":"https:\/\/www.pogotowieflagowe.pl\/aktualne\/wp-content\/uploads\/2025\/11\/Tusk-udaje-ze-nie-zna-stanowiska-Komisji-Europejskiej-ws-Paktu.webp.webp","contentUrl":"https:\/\/www.pogotowieflagowe.pl\/aktualne\/wp-content\/uploads\/2025\/11\/Tusk-udaje-ze-nie-zna-stanowiska-Komisji-Europejskiej-ws-Paktu.webp.webp","width":1280,"height":720,"caption":"Tusk udaje, \u017ce nie zna stanowiska Komisji Europejskiej ws. Paktu Migracyjnego? \u201ePolska nie b\u0119dzie przyjmowa\u0107 imigrant\u00f3w\u201d"},{"@type":"BreadcrumbList","@id":"https:\/\/www.pogotowieflagowe.pl\/aktualne\/tusk-udaje-ze-nie-zna-stanowiska-komisji-europejskiej-ws-paktu-migracyjnego-polska-nie-bedzie-przyjmowac-imigrantow\/#breadcrumb","itemListElement":[{"@type":"ListItem","position":1,"name":"Home","item":"https:\/\/www.pogotowieflagowe.pl\/aktualne\/"},{"@type":"ListItem","position":2,"name":"Tusk udaje, \u017ce nie zna stanowiska Komisji Europejskiej ws. Paktu Migracyjnego? \u201ePolska nie b\u0119dzie przyjmowa\u0107 imigrant\u00f3w\u201d"}]},{"@type":"WebSite","@id":"https:\/\/www.pogotowieflagowe.pl\/aktualne\/#website","url":"https:\/\/www.pogotowieflagowe.pl\/aktualne\/","name":"POGOTOWIE FLAGOWE\u00ae","description":"","publisher":{"@id":"https:\/\/www.pogotowieflagowe.pl\/aktualne\/#organization"},"potentialAction":[{"@type":"SearchAction","target":{"@type":"EntryPoint","urlTemplate":"https:\/\/www.pogotowieflagowe.pl\/aktualne\/?s={search_term_string}"},"query-input":"required name=search_term_string"}],"inLanguage":"pl-PL"},{"@type":"Organization","@id":"https:\/\/www.pogotowieflagowe.pl\/aktualne\/#organization","name":"POGOTOWIE FLAGOWE\u00ae","url":"https:\/\/www.pogotowieflagowe.pl\/aktualne\/","logo":{"@type":"ImageObject","inLanguage":"pl-PL","@id":"https:\/\/www.pogotowieflagowe.pl\/aktualne\/#\/schema\/logo\/image\/","url":"https:\/\/www.pogotowieflagowe.pl\/aktualne\/wp-content\/uploads\/2024\/08\/cropped-pogotowieflagowe_flaga_projekt_sm.jpg","contentUrl":"https:\/\/www.pogotowieflagowe.pl\/aktualne\/wp-content\/uploads\/2024\/08\/cropped-pogotowieflagowe_flaga_projekt_sm.jpg","width":250,"height":143,"caption":"POGOTOWIE FLAGOWE\u00ae"},"image":{"@id":"https:\/\/www.pogotowieflagowe.pl\/aktualne\/#\/schema\/logo\/image\/"}},{"@type":"Person","@id":"https:\/\/www.pogotowieflagowe.pl\/aktualne\/#\/schema\/person\/9c2fb7d2362ebf6fa088960d7f0d27b0","name":"Filip","image":{"@type":"ImageObject","inLanguage":"pl-PL","@id":"https:\/\/www.pogotowieflagowe.pl\/aktualne\/#\/schema\/person\/image\/","url":"https:\/\/www.pogotowieflagowe.pl\/aktualne\/wp-content\/uploads\/2024\/08\/pogotowieflagowe.pl_.jpg","contentUrl":"https:\/\/www.pogotowieflagowe.pl\/aktualne\/wp-content\/uploads\/2024\/08\/pogotowieflagowe.pl_.jpg","caption":"Filip"},"description":"Jestem Filip, polski dziennikarz z dyplomem nauk politycznych Uniwersytetu Warszawskiego. Rozpoczynaj\u0105c swoj\u0105 karier\u0119 w r\u00f3\u017cnych lokalnych mediach, zdoby\u0142em solidne do\u015bwiadczenie w zakresie \u015bledztwa i redakcji. Obecnie jako redaktor w Pogotowie flagowe, staram si\u0119 dostarcza\u0107 dog\u0142\u0119bne i istotne analizy na temat najwa\u017cniejszych kwestii aktualno\u015bci, \u0142\u0105cz\u0105c rygor z pasj\u0105 dziennikarsk\u0105.","sameAs":["https:\/\/www.pogotowieflagowe.pl\/"]}]}},"_links":{"self":[{"href":"https:\/\/www.pogotowieflagowe.pl\/aktualne\/wp-json\/wp\/v2\/posts\/10539","targetHints":{"allow":["GET"]}}],"collection":[{"href":"https:\/\/www.pogotowieflagowe.pl\/aktualne\/wp-json\/wp\/v2\/posts"}],"about":[{"href":"https:\/\/www.pogotowieflagowe.pl\/aktualne\/wp-json\/wp\/v2\/types\/post"}],"author":[{"embeddable":true,"href":"https:\/\/www.pogotowieflagowe.pl\/aktualne\/wp-json\/wp\/v2\/users\/1"}],"replies":[{"embeddable":true,"href":"https:\/\/www.pogotowieflagowe.pl\/aktualne\/wp-json\/wp\/v2\/comments?post=10539"}],"version-history":[{"count":1,"href":"https:\/\/www.pogotowieflagowe.pl\/aktualne\/wp-json\/wp\/v2\/posts\/10539\/revisions"}],"predecessor-version":[{"id":10541,"href":"https:\/\/www.pogotowieflagowe.pl\/aktualne\/wp-json\/wp\/v2\/posts\/10539\/revisions\/10541"}],"wp:featuredmedia":[{"embeddable":true,"href":"https:\/\/www.pogotowieflagowe.pl\/aktualne\/wp-json\/wp\/v2\/media\/10540"}],"wp:attachment":[{"href":"https:\/\/www.pogotowieflagowe.pl\/aktualne\/wp-json\/wp\/v2\/media?parent=10539"}],"wp:term":[{"taxonomy":"category","embeddable":true,"href":"https:\/\/www.pogotowieflagowe.pl\/aktualne\/wp-json\/wp\/v2\/categories?post=10539"},{"taxonomy":"post_tag","embeddable":true,"href":"https:\/\/www.pogotowieflagowe.pl\/aktualne\/wp-json\/wp\/v2\/tags?post=10539"}],"curies":[{"name":"wp","href":"https:\/\/api.w.org\/{rel}","templated":true}]}}