{"id":10542,"date":"2025-11-14T17:12:32","date_gmt":"2025-11-14T16:12:32","guid":{"rendered":"https:\/\/www.pogotowieflagowe.pl\/aktualne\/rzecznik-prezydenta-podsumowuje-100-dni-prezydentury-znam-karola-od-wielu-lat\/"},"modified":"2025-11-14T17:12:33","modified_gmt":"2025-11-14T16:12:33","slug":"rzecznik-prezydenta-podsumowuje-100-dni-prezydentury-znam-karola-od-wielu-lat","status":"publish","type":"post","link":"https:\/\/www.pogotowieflagowe.pl\/aktualne\/rzecznik-prezydenta-podsumowuje-100-dni-prezydentury-znam-karola-od-wielu-lat\/","title":{"rendered":"Rzecznik Prezydenta podsumowuje 100 dni prezydentury. \u201eZnam Karola od wielu lat\u2026\u201d"},"content":{"rendered":"\n<div class=\"td_block_wrap tdb_single_content tdi_41 td-pb-border-top td_block_template_8 td-post-content tagdiv-type\" data-td-block-uid=\"tdi_41\">\n<style>.tdi_41{margines-top:0px!important;margin-bottom:0px!important;dope\u0142nienie-g\u00f3ra:0px!important;dope\u0142nienie-d\u00f3\u0142:0px!important}<\/style>\n<style>.tdb_single_content{margin-bottom:0;*zoom:1}.tdb_single_content:before,.tdb_single_content:after{display:table;content:'';line-height:0}.tdb_single_content:after{clear:both}.tdb_single_content .tdb-block-inner>*:not(.wp-block-quote):not(.alignwide):not(.alignfull.wp-block-cover.has-parallax):not(.td-a-ad){margin-left:auto;margin-right:auto}.tdb_single_content a{pointer-events:auto}.tdb_single_content .td-spot-id-top_ad .tdc-placeholder-title:before{content:'Najlepsza reklama artyku\u0142u'!important}.tdb_single_content .td-spot-id-inline_ad0 .tdc-placeholder-title:before{content:'Reklama wbudowana artyku\u0142u 1'!important}.tdb_single_content .td-spot-id-inline_ad1 .tdc-placeholder-title:before{content:'Wbudowana reklama w artykule 2'!important}.tdb_single_content .td-spot-id-inline_ad2 .tdc-placeholder-title:before{content:'Wbudowana reklama w artykule 3'!important}.tdb_single_content .td-spot-id-bottom_ad .tdc-placeholder-title:before{content:'Article Bottom Ad'!important}.tdb_single_content .id_top_ad,.tdb_single_content .id_bottom_ad{clear:both;margin-bottom:21px;text-align:center}.tdb_single_content .id_top_ad img,.tdb_single_content .id_bottom_ad img{margin-bottom:0}.tdb_single_content .id_top_ad .adsbygoogle,.tdb_single_content .id_bottom_ad .adsbygoogle{position:relative}.tdb_single_content .id_ad_content-horiz-left,.tdb_single_content .id_ad_content-horiz-right,.tdb_single_content .id_ad_content-horiz-center{margin-bottom:15px}.tdb_single_content .id_ad_content-horiz-left img,.tdb_single_content .id_ad_content-horiz-right img,.tdb_single_content .id_ad_content-horiz-center img{margin-bottom:0}.tdb_single_content .id_ad_content-horiz-center{text-align:center}.tdb_single_content .id_ad_content-horiz-center img{margin-right:auto;margin-left:auto}.tdb_single_content .id_ad_content-horiz-left{float:left;margin-top:9px;margin-right:21px}.tdb_single_content .id_ad_content-horiz-right{float:right;margin-top:6px;margin-left:21px}.tdb_single_content .tdc-a-ad .tdc-placeholder-title{width:300px;height:250px}.tdb_single_content .tdc-a-ad .tdc-placeholder-title:before{position:absolute;top:50%;-webkit-transform:translateY(-50%);transform:translateY(-50%);margin:auto;display:table;width:100%}.tdb_single_content .tdb-block-inner.td-fix-index{word-break:break-word}.tdi_41,.tdi_41>p,.tdi_41 .tdb-block-inner>p,.wp-block-column>p{font-size:16px!important;line-height:1.6!important}.tdi_41 .tdb-block-inner blockquote p{font-style:normal!important}@media (max-width:767px){.tdb_single_content .id_ad_content-horiz-left,.tdb_single_content .id_ad_content-horiz-right,.tdb_single_content .id_ad_content-horiz-center{margin:0 auto 26 pikseli auto}}@media (max-width:767px){.tdb_single_content .id_ad_content-horiz-left{margin-right:0}}@media (max-width:767px){.tdb_single_content .id_ad_content-horiz-right{margin-left:0}}@media (max-width:767px){.tdb_single_content .td-a-ad{float:none;text-align:center}.tdb_single_content .td-a-ad img{margin-right:auto;margin-left:auto}.tdb_single_content .tdc-a-ad{float:none}}<\/style>\n<div class=\"tdb-block-inner td-fix-index\">\n<p>Min\u0119\u0142o 100 dni od obj\u0119cia przez Karola Nawrockiego Prezydenta RP. <strong>\u201ePolacy codziennie widz\u0105, \u017ce has\u0142o Po pierwsze Polska! Po pierwsze Polacy! nie jest pustym frazesem \u2013 to akcja prowadzona na co dzie\u0144 w tej prezydencji \u2013 dok\u0142adnie taka, jakiej oczekuj\u0105 nasi rodacy\u201d, <\/strong>\u2013 pisze na portalu x.com Rafa\u0142 Le\u015bkiewicz, rzecznik Prezydenta RP.<\/p>\n<p>Dzi\u015b mija dok\u0142adnie 100 dni od zaprzysi\u0119\u017cenia Karola Nawrockiego na Prezydenta RP, co mia\u0142o miejsce 6 sierpnia br.<\/p>\n<p>Gdy us\u0142yszysz o<strong> \u201e100 dni\u201d,<\/strong> wielu z nas mo\u017ce od razu pomy\u015ble\u0107 <strong><em>\u201e100 obietnic Tuska na pierwsze 100 dni rz\u0105d\u00f3w\u201d<\/em>,<\/strong> ale w przypadku prezydenta Nawrockiego sprawa wygl\u0105da zupe\u0142nie inaczej. Ju\u017c wczoraj Kancelaria Prezydenta przygotowa\u0142a szczeg\u00f3\u0142owy przegl\u0105d dzia\u0142a\u0144 g\u0142owy pa\u0144stwa na przestrzeni ponad trzech miesi\u0119cy urz\u0119dowania.<\/p>\n<p>Nale\u017c\u0105 do nich mi\u0119dzy innymi inicjatywy Prezydenta takie jak:<\/p>\n<pre class=\"wp-block-verse\">\u201cCheap Electricity -33%\u201d,<br>\u201cDignified Retirement\u201d,<br>\u201cYES! to Polish Ports\u201d,<br>Amendments to the <em>Institute of National Remembrance Act (IPN)<\/em> and the Criminal Code,<br>Public assistance for Ukrainians,<br>Breakthrough Technologies Development Fund,<br>Amendments to the Polish Citizenship Act,<br>Energy price freeze,<br>Protection of the Polish countryside,<br>Zero PIT. Family Plus,<br>YES! to <em>Central Communication Port (CPK)<\/em><\/pre>\n<h2 class=\"wp-block-heading\"><strong>\u201eTak wiele si\u0119 wydarzy\u0142o\u201d<\/strong><\/h2>\n<p>Rzecznik Prezydenta RP Rafa\u0142 Le\u015bkiewicz zamie\u015bci\u0142 w mediach spo\u0142eczno\u015bciowych post podsumowuj\u0105cy pierwsze 100 dni prezydentury Karola Nawrockiego.<\/p>\n<p>Rok temu, kiedy Karol Nawrocki, \u00f3wczesny prezes <em>Instytut Pami\u0119ci Narodowej (IPN)<\/em>zapowiedzia\u0142 sw\u00f3j start w wyborach prezydenckich, wielu ju\u017c m\u00f3wi\u0142o, \u017ce b\u0119dzie to zmiana zasad gry w polskiej polityce. Nie mylili si\u0119 \u2013 zauwa\u017ca na wst\u0119pie.<\/p>\n<figure class=\"wp-block-pullquote\">\n<blockquote>\n<p>Kontynuuje: <em>&#8222;Karol Nawrocki swoj\u0105 energi\u0105 i autentyczno\u015bci\u0105 bardzo szybko zdoby\u0142 zaufanie ludzi. Przez kolejne miesi\u0105ce kampanii przeszed\u0142 d\u0142ug\u0105 i trudn\u0105 drog\u0119. Dzi\u0119ki sile charakteru, pewno\u015bci siebie i wyj\u0105tkowej charyzmie zdoby\u0142 zaufanie milion\u00f3w Polak\u00f3w. Wygra\u0142 wybory prezydenckie, a dzi\u015b prowadzi w rankingach zaufania. Jego dewiz\u0105 jest skuteczno\u015b\u0107, konsekwencja i dotrzymywanie s\u0142owa. &#8222;<\/em> Le\u015bkiewicz podkre\u015bla tak\u017ce: <em>&#8222;Znam Karola Nawrockiego od kilku lat i z pe\u0142nym przekonaniem mog\u0119 powiedzie\u0107, \u017ce zawsze tak by\u0142o. Dzi\u015b mija 100 dni jego prezydentury, 100 dni d\u0105\u017cenia do lepszej Polski: suwerennej, bezpiecznej, legalnej, normalnej, dostatniej i z odwa\u017cnymi inwestycjami na du\u017c\u0105 skal\u0119. Od zaprzysi\u0119\u017cenia Karola Nawrockiego min\u0119\u0142y nieco ponad trzy miesi\u0105ce, a tak wiele si\u0119 ju\u017c wydarzy\u0142o. Polacy codziennie widz\u0105, \u017ce has\u0142o Po pierwsze Polska! Po pierwsze Polacy! to nie pusty frazes \u2013 to akcja prowadzona na co dzie\u0144 w tej prezydencji \u2013 dok\u0142adnie taka, jakiej oczekuj\u0105 nasi rodacy\u201d.<\/em><\/p>\n<\/blockquote>\n<\/figure>\n<figure class=\"wp-block-embed is-type-rich is-provider-twitter wp-block-embed-twitter\">\n<div class=\"wp-block-embed__wrapper\">\n<blockquote class=\"twitter-tweet\" data-width=\"550\" data-dnt=\"true\">\n<p lang=\"pl\" dir=\"ltr\">Kiedy rok temu Karol Nawrocki, wtedy Prezes Instytutu Pami\u0119ci Narodowej, po rozpocz\u0119ciu w nast\u0119pstwach konflikt\u00f3w, wiele ju\u017c powt\u00f3rzy\u0142o, \u017ce to b\u0119dzie game Changer na polskiej scenie politycznej. Nie pomylili si\u0119. <\/p>\n<p>Karol Nawrocki bardzo szybko zdoby\u0142 zaufanie ludzi swojej\u2026 <a rel=\"nofollow\" href=\"https:\/\/t.co\/maTDfSWhto\">pic.twitter.com\/maTDfSWhto<\/a><\/p>\n<p>\u2014 Rafa\u0142 Le\u015bkiewicz (@LeskiewiczRafa) <a rel=\"nofollow\" href=\"https:\/\/twitter.com\/LeskiewiczRafa\/status\/1989256497658818579?ref_src=twsrc%5Etfw\">14 listopada 2025 r<\/a><\/p><\/blockquote>\n<\/div>\n<\/figure>\n<\/div>\n<\/div>\n<p><script async src=\"https:\/\/platform.twitter.com\/widgets.js\" charset=\"utf-8\"><\/script><\/p>\n","protected":false},"excerpt":{"rendered":"<p>Min\u0119\u0142o 100 dni od obj\u0119cia przez Karola Nawrockiego Prezydenta RP. \u201ePolacy codziennie widz\u0105, \u017ce has\u0142o Po pierwsze Polska! Po pierwsze<\/p>\n","protected":false},"author":1,"featured_media":10543,"comment_status":"open","ping_status":"open","sticky":false,"template":"","format":"standard","meta":{"footnotes":""},"categories":[4748],"tags":[1140,3305,688,5882,568,6676,3884,9495,12003],"class_list":["post-10542","post","type-post","status-publish","format-standard","has-post-thumbnail","hentry","category-aktualne","tag-dni","tag-karola","tag-lat","tag-podsumowuje","tag-prezydenta","tag-prezydentury","tag-rzecznik","tag-wielu","tag-znam","generate-columns","tablet-grid-50","mobile-grid-100","grid-parent","grid-50","resize-featured-image"],"yoast_head":"<!-- This site is optimized with the Yoast SEO plugin v23.2 - https:\/\/yoast.com\/wordpress\/plugins\/seo\/ -->\n<title>Rzecznik Prezydenta podsumowuje 100 dni prezydentury. \u201eZnam Karola od wielu lat\u2026\u201d - POGOTOWIE FLAGOWE\u00ae<\/title>\n<meta name=\"robots\" content=\"index, follow, max-snippet:-1, max-image-preview:large, max-video-preview:-1\" \/>\n<link rel=\"canonical\" href=\"https:\/\/www.pogotowieflagowe.pl\/aktualne\/rzecznik-prezydenta-podsumowuje-100-dni-prezydentury-znam-karola-od-wielu-lat\/\" \/>\n<meta property=\"og:locale\" content=\"pl_PL\" \/>\n<meta property=\"og:type\" content=\"article\" \/>\n<meta property=\"og:title\" content=\"Rzecznik Prezydenta podsumowuje 100 dni prezydentury. \u201eZnam Karola od wielu lat\u2026\u201d - POGOTOWIE FLAGOWE\u00ae\" \/>\n<meta property=\"og:description\" content=\"Min\u0119\u0142o 100 dni od obj\u0119cia przez Karola Nawrockiego Prezydenta RP. \u201ePolacy codziennie widz\u0105, \u017ce has\u0142o Po pierwsze Polska! Po pierwsze\" \/>\n<meta property=\"og:url\" content=\"https:\/\/www.pogotowieflagowe.pl\/aktualne\/rzecznik-prezydenta-podsumowuje-100-dni-prezydentury-znam-karola-od-wielu-lat\/\" \/>\n<meta property=\"og:site_name\" content=\"POGOTOWIE FLAGOWE\u00ae\" \/>\n<meta property=\"article:published_time\" content=\"2025-11-14T16:12:32+00:00\" \/>\n<meta property=\"article:modified_time\" content=\"2025-11-14T16:12:33+00:00\" \/>\n<meta property=\"og:image\" content=\"https:\/\/www.pogotowieflagowe.pl\/aktualne\/wp-content\/uploads\/2025\/11\/Rzecznik-Prezydenta-podsumowuje-100-dni-prezydentury-\u201eZnam-Karola-od-wielu.webp.webp\" \/>\n\t<meta property=\"og:image:width\" content=\"1280\" \/>\n\t<meta property=\"og:image:height\" content=\"720\" \/>\n\t<meta property=\"og:image:type\" content=\"image\/webp\" \/>\n<meta name=\"author\" content=\"Filip\" \/>\n<meta name=\"twitter:card\" content=\"summary_large_image\" \/>\n<meta name=\"twitter:label1\" content=\"Napisane przez\" \/>\n\t<meta name=\"twitter:data1\" content=\"Filip\" \/>\n\t<meta name=\"twitter:label2\" content=\"Szacowany czas czytania\" \/>\n\t<meta name=\"twitter:data2\" content=\"2 minuty\" \/>\n<script type=\"application\/ld+json\" class=\"yoast-schema-graph\">{\"@context\":\"https:\/\/schema.org\",\"@graph\":[{\"@type\":\"Article\",\"@id\":\"https:\/\/www.pogotowieflagowe.pl\/aktualne\/rzecznik-prezydenta-podsumowuje-100-dni-prezydentury-znam-karola-od-wielu-lat\/#article\",\"isPartOf\":{\"@id\":\"https:\/\/www.pogotowieflagowe.pl\/aktualne\/rzecznik-prezydenta-podsumowuje-100-dni-prezydentury-znam-karola-od-wielu-lat\/\"},\"author\":{\"name\":\"Filip\",\"@id\":\"https:\/\/www.pogotowieflagowe.pl\/aktualne\/#\/schema\/person\/9c2fb7d2362ebf6fa088960d7f0d27b0\"},\"headline\":\"Rzecznik Prezydenta podsumowuje 100 dni prezydentury. \u201eZnam Karola od wielu lat\u2026\u201d\",\"datePublished\":\"2025-11-14T16:12:32+00:00\",\"dateModified\":\"2025-11-14T16:12:33+00:00\",\"mainEntityOfPage\":{\"@id\":\"https:\/\/www.pogotowieflagowe.pl\/aktualne\/rzecznik-prezydenta-podsumowuje-100-dni-prezydentury-znam-karola-od-wielu-lat\/\"},\"wordCount\":431,\"commentCount\":0,\"publisher\":{\"@id\":\"https:\/\/www.pogotowieflagowe.pl\/aktualne\/#organization\"},\"image\":{\"@id\":\"https:\/\/www.pogotowieflagowe.pl\/aktualne\/rzecznik-prezydenta-podsumowuje-100-dni-prezydentury-znam-karola-od-wielu-lat\/#primaryimage\"},\"thumbnailUrl\":\"https:\/\/www.pogotowieflagowe.pl\/aktualne\/wp-content\/uploads\/2025\/11\/Rzecznik-Prezydenta-podsumowuje-100-dni-prezydentury-\u201eZnam-Karola-od-wielu.webp.webp\",\"keywords\":[\"dni\",\"Karola\",\"lat\",\"podsumowuje\",\"prezydenta\",\"prezydentury\",\"Rzecznik\",\"wielu\",\"Znam\"],\"articleSection\":[\"Aktualne\"],\"inLanguage\":\"pl-PL\",\"potentialAction\":[{\"@type\":\"CommentAction\",\"name\":\"Comment\",\"target\":[\"https:\/\/www.pogotowieflagowe.pl\/aktualne\/rzecznik-prezydenta-podsumowuje-100-dni-prezydentury-znam-karola-od-wielu-lat\/#respond\"]}]},{\"@type\":\"WebPage\",\"@id\":\"https:\/\/www.pogotowieflagowe.pl\/aktualne\/rzecznik-prezydenta-podsumowuje-100-dni-prezydentury-znam-karola-od-wielu-lat\/\",\"url\":\"https:\/\/www.pogotowieflagowe.pl\/aktualne\/rzecznik-prezydenta-podsumowuje-100-dni-prezydentury-znam-karola-od-wielu-lat\/\",\"name\":\"Rzecznik Prezydenta podsumowuje 100 dni prezydentury. \u201eZnam Karola od wielu lat\u2026\u201d - POGOTOWIE FLAGOWE\u00ae\",\"isPartOf\":{\"@id\":\"https:\/\/www.pogotowieflagowe.pl\/aktualne\/#website\"},\"primaryImageOfPage\":{\"@id\":\"https:\/\/www.pogotowieflagowe.pl\/aktualne\/rzecznik-prezydenta-podsumowuje-100-dni-prezydentury-znam-karola-od-wielu-lat\/#primaryimage\"},\"image\":{\"@id\":\"https:\/\/www.pogotowieflagowe.pl\/aktualne\/rzecznik-prezydenta-podsumowuje-100-dni-prezydentury-znam-karola-od-wielu-lat\/#primaryimage\"},\"thumbnailUrl\":\"https:\/\/www.pogotowieflagowe.pl\/aktualne\/wp-content\/uploads\/2025\/11\/Rzecznik-Prezydenta-podsumowuje-100-dni-prezydentury-\u201eZnam-Karola-od-wielu.webp.webp\",\"datePublished\":\"2025-11-14T16:12:32+00:00\",\"dateModified\":\"2025-11-14T16:12:33+00:00\",\"breadcrumb\":{\"@id\":\"https:\/\/www.pogotowieflagowe.pl\/aktualne\/rzecznik-prezydenta-podsumowuje-100-dni-prezydentury-znam-karola-od-wielu-lat\/#breadcrumb\"},\"inLanguage\":\"pl-PL\",\"potentialAction\":[{\"@type\":\"ReadAction\",\"target\":[\"https:\/\/www.pogotowieflagowe.pl\/aktualne\/rzecznik-prezydenta-podsumowuje-100-dni-prezydentury-znam-karola-od-wielu-lat\/\"]}]},{\"@type\":\"ImageObject\",\"inLanguage\":\"pl-PL\",\"@id\":\"https:\/\/www.pogotowieflagowe.pl\/aktualne\/rzecznik-prezydenta-podsumowuje-100-dni-prezydentury-znam-karola-od-wielu-lat\/#primaryimage\",\"url\":\"https:\/\/www.pogotowieflagowe.pl\/aktualne\/wp-content\/uploads\/2025\/11\/Rzecznik-Prezydenta-podsumowuje-100-dni-prezydentury-\u201eZnam-Karola-od-wielu.webp.webp\",\"contentUrl\":\"https:\/\/www.pogotowieflagowe.pl\/aktualne\/wp-content\/uploads\/2025\/11\/Rzecznik-Prezydenta-podsumowuje-100-dni-prezydentury-\u201eZnam-Karola-od-wielu.webp.webp\",\"width\":1280,\"height\":720,\"caption\":\"Rzecznik Prezydenta podsumowuje 100 dni prezydentury. \u201eZnam Karola od wielu lat\u2026\u201d\"},{\"@type\":\"BreadcrumbList\",\"@id\":\"https:\/\/www.pogotowieflagowe.pl\/aktualne\/rzecznik-prezydenta-podsumowuje-100-dni-prezydentury-znam-karola-od-wielu-lat\/#breadcrumb\",\"itemListElement\":[{\"@type\":\"ListItem\",\"position\":1,\"name\":\"Home\",\"item\":\"https:\/\/www.pogotowieflagowe.pl\/aktualne\/\"},{\"@type\":\"ListItem\",\"position\":2,\"name\":\"Rzecznik Prezydenta podsumowuje 100 dni prezydentury. \u201eZnam Karola od wielu lat\u2026\u201d\"}]},{\"@type\":\"WebSite\",\"@id\":\"https:\/\/www.pogotowieflagowe.pl\/aktualne\/#website\",\"url\":\"https:\/\/www.pogotowieflagowe.pl\/aktualne\/\",\"name\":\"POGOTOWIE FLAGOWE\u00ae\",\"description\":\"\",\"publisher\":{\"@id\":\"https:\/\/www.pogotowieflagowe.pl\/aktualne\/#organization\"},\"potentialAction\":[{\"@type\":\"SearchAction\",\"target\":{\"@type\":\"EntryPoint\",\"urlTemplate\":\"https:\/\/www.pogotowieflagowe.pl\/aktualne\/?s={search_term_string}\"},\"query-input\":\"required name=search_term_string\"}],\"inLanguage\":\"pl-PL\"},{\"@type\":\"Organization\",\"@id\":\"https:\/\/www.pogotowieflagowe.pl\/aktualne\/#organization\",\"name\":\"POGOTOWIE FLAGOWE\u00ae\",\"url\":\"https:\/\/www.pogotowieflagowe.pl\/aktualne\/\",\"logo\":{\"@type\":\"ImageObject\",\"inLanguage\":\"pl-PL\",\"@id\":\"https:\/\/www.pogotowieflagowe.pl\/aktualne\/#\/schema\/logo\/image\/\",\"url\":\"https:\/\/www.pogotowieflagowe.pl\/aktualne\/wp-content\/uploads\/2024\/08\/cropped-pogotowieflagowe_flaga_projekt_sm.jpg\",\"contentUrl\":\"https:\/\/www.pogotowieflagowe.pl\/aktualne\/wp-content\/uploads\/2024\/08\/cropped-pogotowieflagowe_flaga_projekt_sm.jpg\",\"width\":250,\"height\":143,\"caption\":\"POGOTOWIE FLAGOWE\u00ae\"},\"image\":{\"@id\":\"https:\/\/www.pogotowieflagowe.pl\/aktualne\/#\/schema\/logo\/image\/\"}},{\"@type\":\"Person\",\"@id\":\"https:\/\/www.pogotowieflagowe.pl\/aktualne\/#\/schema\/person\/9c2fb7d2362ebf6fa088960d7f0d27b0\",\"name\":\"Filip\",\"image\":{\"@type\":\"ImageObject\",\"inLanguage\":\"pl-PL\",\"@id\":\"https:\/\/www.pogotowieflagowe.pl\/aktualne\/#\/schema\/person\/image\/\",\"url\":\"https:\/\/www.pogotowieflagowe.pl\/aktualne\/wp-content\/uploads\/2024\/08\/pogotowieflagowe.pl_.jpg\",\"contentUrl\":\"https:\/\/www.pogotowieflagowe.pl\/aktualne\/wp-content\/uploads\/2024\/08\/pogotowieflagowe.pl_.jpg\",\"caption\":\"Filip\"},\"description\":\"Jestem Filip, polski dziennikarz z dyplomem nauk politycznych Uniwersytetu Warszawskiego. Rozpoczynaj\u0105c swoj\u0105 karier\u0119 w r\u00f3\u017cnych lokalnych mediach, zdoby\u0142em solidne do\u015bwiadczenie w zakresie \u015bledztwa i redakcji. Obecnie jako redaktor w Pogotowie flagowe, staram si\u0119 dostarcza\u0107 dog\u0142\u0119bne i istotne analizy na temat najwa\u017cniejszych kwestii aktualno\u015bci, \u0142\u0105cz\u0105c rygor z pasj\u0105 dziennikarsk\u0105.\",\"sameAs\":[\"https:\/\/www.pogotowieflagowe.pl\/\"]}]}<\/script>\n<!-- \/ Yoast SEO plugin. -->","yoast_head_json":{"title":"Rzecznik Prezydenta podsumowuje 100 dni prezydentury. \u201eZnam Karola od wielu lat\u2026\u201d - POGOTOWIE FLAGOWE\u00ae","robots":{"index":"index","follow":"follow","max-snippet":"max-snippet:-1","max-image-preview":"max-image-preview:large","max-video-preview":"max-video-preview:-1"},"canonical":"https:\/\/www.pogotowieflagowe.pl\/aktualne\/rzecznik-prezydenta-podsumowuje-100-dni-prezydentury-znam-karola-od-wielu-lat\/","og_locale":"pl_PL","og_type":"article","og_title":"Rzecznik Prezydenta podsumowuje 100 dni prezydentury. \u201eZnam Karola od wielu lat\u2026\u201d - POGOTOWIE FLAGOWE\u00ae","og_description":"Min\u0119\u0142o 100 dni od obj\u0119cia przez Karola Nawrockiego Prezydenta RP. \u201ePolacy codziennie widz\u0105, \u017ce has\u0142o Po pierwsze Polska! Po pierwsze","og_url":"https:\/\/www.pogotowieflagowe.pl\/aktualne\/rzecznik-prezydenta-podsumowuje-100-dni-prezydentury-znam-karola-od-wielu-lat\/","og_site_name":"POGOTOWIE FLAGOWE\u00ae","article_published_time":"2025-11-14T16:12:32+00:00","article_modified_time":"2025-11-14T16:12:33+00:00","og_image":[{"width":1280,"height":720,"url":"https:\/\/www.pogotowieflagowe.pl\/aktualne\/wp-content\/uploads\/2025\/11\/Rzecznik-Prezydenta-podsumowuje-100-dni-prezydentury-\u201eZnam-Karola-od-wielu.webp.webp","type":"image\/webp"}],"author":"Filip","twitter_card":"summary_large_image","twitter_misc":{"Napisane przez":"Filip","Szacowany czas czytania":"2 minuty"},"schema":{"@context":"https:\/\/schema.org","@graph":[{"@type":"Article","@id":"https:\/\/www.pogotowieflagowe.pl\/aktualne\/rzecznik-prezydenta-podsumowuje-100-dni-prezydentury-znam-karola-od-wielu-lat\/#article","isPartOf":{"@id":"https:\/\/www.pogotowieflagowe.pl\/aktualne\/rzecznik-prezydenta-podsumowuje-100-dni-prezydentury-znam-karola-od-wielu-lat\/"},"author":{"name":"Filip","@id":"https:\/\/www.pogotowieflagowe.pl\/aktualne\/#\/schema\/person\/9c2fb7d2362ebf6fa088960d7f0d27b0"},"headline":"Rzecznik Prezydenta podsumowuje 100 dni prezydentury. \u201eZnam Karola od wielu lat\u2026\u201d","datePublished":"2025-11-14T16:12:32+00:00","dateModified":"2025-11-14T16:12:33+00:00","mainEntityOfPage":{"@id":"https:\/\/www.pogotowieflagowe.pl\/aktualne\/rzecznik-prezydenta-podsumowuje-100-dni-prezydentury-znam-karola-od-wielu-lat\/"},"wordCount":431,"commentCount":0,"publisher":{"@id":"https:\/\/www.pogotowieflagowe.pl\/aktualne\/#organization"},"image":{"@id":"https:\/\/www.pogotowieflagowe.pl\/aktualne\/rzecznik-prezydenta-podsumowuje-100-dni-prezydentury-znam-karola-od-wielu-lat\/#primaryimage"},"thumbnailUrl":"https:\/\/www.pogotowieflagowe.pl\/aktualne\/wp-content\/uploads\/2025\/11\/Rzecznik-Prezydenta-podsumowuje-100-dni-prezydentury-\u201eZnam-Karola-od-wielu.webp.webp","keywords":["dni","Karola","lat","podsumowuje","prezydenta","prezydentury","Rzecznik","wielu","Znam"],"articleSection":["Aktualne"],"inLanguage":"pl-PL","potentialAction":[{"@type":"CommentAction","name":"Comment","target":["https:\/\/www.pogotowieflagowe.pl\/aktualne\/rzecznik-prezydenta-podsumowuje-100-dni-prezydentury-znam-karola-od-wielu-lat\/#respond"]}]},{"@type":"WebPage","@id":"https:\/\/www.pogotowieflagowe.pl\/aktualne\/rzecznik-prezydenta-podsumowuje-100-dni-prezydentury-znam-karola-od-wielu-lat\/","url":"https:\/\/www.pogotowieflagowe.pl\/aktualne\/rzecznik-prezydenta-podsumowuje-100-dni-prezydentury-znam-karola-od-wielu-lat\/","name":"Rzecznik Prezydenta podsumowuje 100 dni prezydentury. \u201eZnam Karola od wielu lat\u2026\u201d - POGOTOWIE FLAGOWE\u00ae","isPartOf":{"@id":"https:\/\/www.pogotowieflagowe.pl\/aktualne\/#website"},"primaryImageOfPage":{"@id":"https:\/\/www.pogotowieflagowe.pl\/aktualne\/rzecznik-prezydenta-podsumowuje-100-dni-prezydentury-znam-karola-od-wielu-lat\/#primaryimage"},"image":{"@id":"https:\/\/www.pogotowieflagowe.pl\/aktualne\/rzecznik-prezydenta-podsumowuje-100-dni-prezydentury-znam-karola-od-wielu-lat\/#primaryimage"},"thumbnailUrl":"https:\/\/www.pogotowieflagowe.pl\/aktualne\/wp-content\/uploads\/2025\/11\/Rzecznik-Prezydenta-podsumowuje-100-dni-prezydentury-\u201eZnam-Karola-od-wielu.webp.webp","datePublished":"2025-11-14T16:12:32+00:00","dateModified":"2025-11-14T16:12:33+00:00","breadcrumb":{"@id":"https:\/\/www.pogotowieflagowe.pl\/aktualne\/rzecznik-prezydenta-podsumowuje-100-dni-prezydentury-znam-karola-od-wielu-lat\/#breadcrumb"},"inLanguage":"pl-PL","potentialAction":[{"@type":"ReadAction","target":["https:\/\/www.pogotowieflagowe.pl\/aktualne\/rzecznik-prezydenta-podsumowuje-100-dni-prezydentury-znam-karola-od-wielu-lat\/"]}]},{"@type":"ImageObject","inLanguage":"pl-PL","@id":"https:\/\/www.pogotowieflagowe.pl\/aktualne\/rzecznik-prezydenta-podsumowuje-100-dni-prezydentury-znam-karola-od-wielu-lat\/#primaryimage","url":"https:\/\/www.pogotowieflagowe.pl\/aktualne\/wp-content\/uploads\/2025\/11\/Rzecznik-Prezydenta-podsumowuje-100-dni-prezydentury-\u201eZnam-Karola-od-wielu.webp.webp","contentUrl":"https:\/\/www.pogotowieflagowe.pl\/aktualne\/wp-content\/uploads\/2025\/11\/Rzecznik-Prezydenta-podsumowuje-100-dni-prezydentury-\u201eZnam-Karola-od-wielu.webp.webp","width":1280,"height":720,"caption":"Rzecznik Prezydenta podsumowuje 100 dni prezydentury. \u201eZnam Karola od wielu lat\u2026\u201d"},{"@type":"BreadcrumbList","@id":"https:\/\/www.pogotowieflagowe.pl\/aktualne\/rzecznik-prezydenta-podsumowuje-100-dni-prezydentury-znam-karola-od-wielu-lat\/#breadcrumb","itemListElement":[{"@type":"ListItem","position":1,"name":"Home","item":"https:\/\/www.pogotowieflagowe.pl\/aktualne\/"},{"@type":"ListItem","position":2,"name":"Rzecznik Prezydenta podsumowuje 100 dni prezydentury. \u201eZnam Karola od wielu lat\u2026\u201d"}]},{"@type":"WebSite","@id":"https:\/\/www.pogotowieflagowe.pl\/aktualne\/#website","url":"https:\/\/www.pogotowieflagowe.pl\/aktualne\/","name":"POGOTOWIE FLAGOWE\u00ae","description":"","publisher":{"@id":"https:\/\/www.pogotowieflagowe.pl\/aktualne\/#organization"},"potentialAction":[{"@type":"SearchAction","target":{"@type":"EntryPoint","urlTemplate":"https:\/\/www.pogotowieflagowe.pl\/aktualne\/?s={search_term_string}"},"query-input":"required name=search_term_string"}],"inLanguage":"pl-PL"},{"@type":"Organization","@id":"https:\/\/www.pogotowieflagowe.pl\/aktualne\/#organization","name":"POGOTOWIE FLAGOWE\u00ae","url":"https:\/\/www.pogotowieflagowe.pl\/aktualne\/","logo":{"@type":"ImageObject","inLanguage":"pl-PL","@id":"https:\/\/www.pogotowieflagowe.pl\/aktualne\/#\/schema\/logo\/image\/","url":"https:\/\/www.pogotowieflagowe.pl\/aktualne\/wp-content\/uploads\/2024\/08\/cropped-pogotowieflagowe_flaga_projekt_sm.jpg","contentUrl":"https:\/\/www.pogotowieflagowe.pl\/aktualne\/wp-content\/uploads\/2024\/08\/cropped-pogotowieflagowe_flaga_projekt_sm.jpg","width":250,"height":143,"caption":"POGOTOWIE FLAGOWE\u00ae"},"image":{"@id":"https:\/\/www.pogotowieflagowe.pl\/aktualne\/#\/schema\/logo\/image\/"}},{"@type":"Person","@id":"https:\/\/www.pogotowieflagowe.pl\/aktualne\/#\/schema\/person\/9c2fb7d2362ebf6fa088960d7f0d27b0","name":"Filip","image":{"@type":"ImageObject","inLanguage":"pl-PL","@id":"https:\/\/www.pogotowieflagowe.pl\/aktualne\/#\/schema\/person\/image\/","url":"https:\/\/www.pogotowieflagowe.pl\/aktualne\/wp-content\/uploads\/2024\/08\/pogotowieflagowe.pl_.jpg","contentUrl":"https:\/\/www.pogotowieflagowe.pl\/aktualne\/wp-content\/uploads\/2024\/08\/pogotowieflagowe.pl_.jpg","caption":"Filip"},"description":"Jestem Filip, polski dziennikarz z dyplomem nauk politycznych Uniwersytetu Warszawskiego. Rozpoczynaj\u0105c swoj\u0105 karier\u0119 w r\u00f3\u017cnych lokalnych mediach, zdoby\u0142em solidne do\u015bwiadczenie w zakresie \u015bledztwa i redakcji. Obecnie jako redaktor w Pogotowie flagowe, staram si\u0119 dostarcza\u0107 dog\u0142\u0119bne i istotne analizy na temat najwa\u017cniejszych kwestii aktualno\u015bci, \u0142\u0105cz\u0105c rygor z pasj\u0105 dziennikarsk\u0105.","sameAs":["https:\/\/www.pogotowieflagowe.pl\/"]}]}},"_links":{"self":[{"href":"https:\/\/www.pogotowieflagowe.pl\/aktualne\/wp-json\/wp\/v2\/posts\/10542","targetHints":{"allow":["GET"]}}],"collection":[{"href":"https:\/\/www.pogotowieflagowe.pl\/aktualne\/wp-json\/wp\/v2\/posts"}],"about":[{"href":"https:\/\/www.pogotowieflagowe.pl\/aktualne\/wp-json\/wp\/v2\/types\/post"}],"author":[{"embeddable":true,"href":"https:\/\/www.pogotowieflagowe.pl\/aktualne\/wp-json\/wp\/v2\/users\/1"}],"replies":[{"embeddable":true,"href":"https:\/\/www.pogotowieflagowe.pl\/aktualne\/wp-json\/wp\/v2\/comments?post=10542"}],"version-history":[{"count":1,"href":"https:\/\/www.pogotowieflagowe.pl\/aktualne\/wp-json\/wp\/v2\/posts\/10542\/revisions"}],"predecessor-version":[{"id":10544,"href":"https:\/\/www.pogotowieflagowe.pl\/aktualne\/wp-json\/wp\/v2\/posts\/10542\/revisions\/10544"}],"wp:featuredmedia":[{"embeddable":true,"href":"https:\/\/www.pogotowieflagowe.pl\/aktualne\/wp-json\/wp\/v2\/media\/10543"}],"wp:attachment":[{"href":"https:\/\/www.pogotowieflagowe.pl\/aktualne\/wp-json\/wp\/v2\/media?parent=10542"}],"wp:term":[{"taxonomy":"category","embeddable":true,"href":"https:\/\/www.pogotowieflagowe.pl\/aktualne\/wp-json\/wp\/v2\/categories?post=10542"},{"taxonomy":"post_tag","embeddable":true,"href":"https:\/\/www.pogotowieflagowe.pl\/aktualne\/wp-json\/wp\/v2\/tags?post=10542"}],"curies":[{"name":"wp","href":"https:\/\/api.w.org\/{rel}","templated":true}]}}