{"id":10548,"date":"2025-11-14T19:16:59","date_gmt":"2025-11-14T18:16:59","guid":{"rendered":"https:\/\/www.pogotowieflagowe.pl\/aktualne\/obrzydliwa-reklama-koalicji-obywatelskiej-o-karolu-nawrockim-nie-zostala-przyjeta-dobrze-nawet-w-samej-koalicji-ja-bym-tego-nie-wypuscil\/"},"modified":"2025-11-14T19:17:00","modified_gmt":"2025-11-14T18:17:00","slug":"obrzydliwa-reklama-koalicji-obywatelskiej-o-karolu-nawrockim-nie-zostala-przyjeta-dobrze-nawet-w-samej-koalicji-ja-bym-tego-nie-wypuscil","status":"publish","type":"post","link":"https:\/\/www.pogotowieflagowe.pl\/aktualne\/obrzydliwa-reklama-koalicji-obywatelskiej-o-karolu-nawrockim-nie-zostala-przyjeta-dobrze-nawet-w-samej-koalicji-ja-bym-tego-nie-wypuscil\/","title":{"rendered":"Obrzydliwa reklama Koalicji Obywatelskiej o Karolu Nawrockim nie zosta\u0142a przyj\u0119ta dobrze nawet w samej koalicji: \u201eJa bym tego nie wypu\u015bci\u0142\u201d"},"content":{"rendered":"\n<div class=\"td_block_wrap tdb_single_content tdi_41 td-pb-border-top td_block_template_8 td-post-content tagdiv-type\" data-td-block-uid=\"tdi_41\">\n<style>.tdi_41{margines-top:0px!important;margin-bottom:0px!important;dope\u0142nienie-g\u00f3ra:0px!important;dope\u0142nienie-d\u00f3\u0142:0px!important}<\/style>\n<style>.tdb_single_content{margin-bottom:0;*zoom:1}.tdb_single_content:before,.tdb_single_content:after{display:table;content:'';line-height:0}.tdb_single_content:after{clear:both}.tdb_single_content .tdb-block-inner>*:not(.wp-block-quote):not(.alignwide):not(.alignfull.wp-block-cover.has-parallax):not(.td-a-ad){margin-left:auto;margin-right:auto}.tdb_single_content a{pointer-events:auto}.tdb_single_content .td-spot-id-top_ad .tdc-placeholder-title:before{content:'Najlepsza reklama artyku\u0142u'!important}.tdb_single_content .td-spot-id-inline_ad0 .tdc-placeholder-title:before{content:'Reklama wbudowana artyku\u0142u 1'!important}.tdb_single_content .td-spot-id-inline_ad1 .tdc-placeholder-title:before{content:'Wbudowana reklama w artykule 2'!important}.tdb_single_content .td-spot-id-inline_ad2 .tdc-placeholder-title:before{content:'Wbudowana reklama w artykule 3'!important}.tdb_single_content .td-spot-id-bottom_ad .tdc-placeholder-title:before{content:'Article Bottom Ad'!important}.tdb_single_content .id_top_ad,.tdb_single_content .id_bottom_ad{clear:both;margin-bottom:21px;text-align:center}.tdb_single_content .id_top_ad img,.tdb_single_content .id_bottom_ad img{margin-bottom:0}.tdb_single_content .id_top_ad .adsbygoogle,.tdb_single_content .id_bottom_ad .adsbygoogle{position:relative}.tdb_single_content .id_ad_content-horiz-left,.tdb_single_content .id_ad_content-horiz-right,.tdb_single_content .id_ad_content-horiz-center{margin-bottom:15px}.tdb_single_content .id_ad_content-horiz-left img,.tdb_single_content .id_ad_content-horiz-right img,.tdb_single_content .id_ad_content-horiz-center img{margin-bottom:0}.tdb_single_content .id_ad_content-horiz-center{text-align:center}.tdb_single_content .id_ad_content-horiz-center img{margin-right:auto;margin-left:auto}.tdb_single_content .id_ad_content-horiz-left{float:left;margin-top:9px;margin-right:21px}.tdb_single_content .id_ad_content-horiz-right{float:right;margin-top:6px;margin-left:21px}.tdb_single_content .tdc-a-ad .tdc-placeholder-title{width:300px;height:250px}.tdb_single_content .tdc-a-ad .tdc-placeholder-title:before{position:absolute;top:50%;-webkit-transform:translateY(-50%);transform:translateY(-50%);margin:auto;display:table;width:100%}.tdb_single_content .tdb-block-inner.td-fix-index{word-break:break-word}.tdi_41,.tdi_41>p,.tdi_41 .tdb-block-inner>p,.wp-block-column>p{font-size:16px!important;line-height:1.6!important}.tdi_41 .tdb-block-inner blockquote p{font-style:normal!important}@media (max-width:767px){.tdb_single_content .id_ad_content-horiz-left,.tdb_single_content .id_ad_content-horiz-right,.tdb_single_content .id_ad_content-horiz-center{margin:0 auto 26 pikseli auto}}@media (max-width:767px){.tdb_single_content .id_ad_content-horiz-left{margin-right:0}}@media (max-width:767px){.tdb_single_content .id_ad_content-horiz-right{margin-left:0}}@media (max-width:767px){.tdb_single_content .td-a-ad{float:none;text-align:center}.tdb_single_content .td-a-ad img{margin-right:auto;margin-left:auto}.tdb_single_content .tdc-a-ad{float:none}}<\/style>\n<div class=\"tdb-block-inner td-fix-index\">\n<p>Okazuje si\u0119, \u017ce <em>Koalicja Obywatelska<\/em> (KO) Reklama wycelowana w prezydenta Karola Nawrockiego nie spodoba\u0142a si\u0119 nawet cz\u0142onkom partii. \u201e<strong>Gdyby to zale\u017ca\u0142o ode mnie, nie opublikowa\u0142bym tego typu materia\u0142u<\/strong>\u2013 powiedzia\u0142 radny warszawskiego KO Pawe\u0142 Lech <em>Telewizja Republika<\/em>.<\/p>\n<p>Dzi\u015b mija 100 dni prezydentury Karola Nawrockiego. Wyborcy oceniaj\u0105 ten okres pozytywnie \u2013 z nowego prezydenta zadowolonych jest prawie 56 proc. Polak\u00f3w, przeciwnego zdania jest 31 proc. W tym czasie g\u0142owa pa\u0144stwa polskiego zg\u0142osi\u0142a do Sejmu 11 inicjatyw legislacyjnych <em>Sejm<\/em>. Ponadto prezydent podpisa\u0142 70 ustaw, 13 weta z\u0142o\u017cy\u0142 i odby\u0142 11 wizyt zagranicznych.<\/p>\n<p>W zwi\u0105zku z \u201epierwszymi 100 dniami prezydentury\u201d <em>Koalicja Obywatelska<\/em> (KO) opublikowa\u0142o jadowite og\u0142oszenie, w kt\u00f3rym wezwano g\u0142ow\u0119 pa\u0144stwa <strong>\u201emaszyna weta\u201d<\/strong> Kto <strong>\u201enie interesuj\u0105 si\u0119 projektami wa\u017cnymi dla Polski\u201d<\/strong>.<\/p>\n<figure class=\"wp-block-pullquote\">\n<blockquote>\n<p>\u201e<strong>Nie jest prezydentem Polski. To ju\u017c kolejny mieszkaniec Kaczy\u0144skiego<\/strong>\u2013 m\u00f3wi narrator w nagraniu.<\/p>\n<\/blockquote>\n<\/figure>\n<p>Politycy w <em>Koalicja Obywatelska<\/em> (KO) sami r\u00f3wnie\u017c maj\u0105 zastrze\u017cenia do reklamy.<\/p>\n<figure class=\"wp-block-pullquote\">\n<blockquote>\n<p><strong>&#8222;Moim zdaniem ten film nie jest materia\u0142em, kt\u00f3ry powinien trafi\u0107 do szerokiego grona odbiorc\u00f3w. Mam nadziej\u0119, \u017ce pozostanie jedynie w mniejszej ba\u0144ce&#8230;<\/strong>\u2013 powiedzia\u0142 radny warszawskiego KO Pawe\u0142 Lech <em>Telewizja Republika<\/em>.<\/p>\n<\/blockquote>\n<\/figure>\n<p>Zapytany, czy udost\u0119pnienie tego filmu by\u0142o b\u0142\u0119dem, odpowiedzia\u0142:<\/p>\n<figure class=\"wp-block-pullquote\">\n<blockquote>\n<p>\u201e<strong>Gdyby to zale\u017ca\u0142o ode mnie, nie opublikowa\u0142bym tego typu materia\u0142u<\/strong>.\u201d<\/p>\n<\/blockquote>\n<\/figure>\n<p>Czy usunie to z Internetu?<\/p>\n<figure class=\"wp-block-pullquote\">\n<blockquote>\n<p>\u201e<strong>Nie mo\u017cna usun\u0105\u0107 niczego z Internetu, wi\u0119c gdy zostanie opublikowany, b\u0119dzie kr\u0105\u017cy\u0142 dalej<\/strong>.\u201d<\/p>\n<\/blockquote>\n<\/figure>\n<\/div>\n<\/div>\n","protected":false},"excerpt":{"rendered":"<p>Okazuje si\u0119, \u017ce Koalicja Obywatelska (KO) Reklama wycelowana w prezydenta Karola Nawrockiego nie spodoba\u0142a si\u0119 nawet cz\u0142onkom partii. \u201eGdyby to<\/p>\n","protected":false},"author":1,"featured_media":10549,"comment_status":"open","ping_status":"open","sticky":false,"template":"","format":"standard","meta":{"footnotes":""},"categories":[4748],"tags":[12010,6516,12008,3843,1964,7643,450,12006,1795,12009,12007,9050,4768,12011,6312],"class_list":["post-10548","post","type-post","status-publish","format-standard","has-post-thumbnail","hentry","category-aktualne","tag-bym","tag-dobrze","tag-karolu","tag-koalicji","tag-nawet","tag-nawrockim","tag-nie","tag-obrzydliwa","tag-obywatelskiej","tag-przyjeta","tag-reklama","tag-samej","tag-tego","tag-wypuscil","tag-zostala","generate-columns","tablet-grid-50","mobile-grid-100","grid-parent","grid-50","resize-featured-image"],"yoast_head":"<!-- This site is optimized with the Yoast SEO plugin v23.2 - https:\/\/yoast.com\/wordpress\/plugins\/seo\/ -->\n<title>Obrzydliwa reklama Koalicji Obywatelskiej o Karolu Nawrockim nie zosta\u0142a przyj\u0119ta dobrze nawet w samej koalicji: \u201eJa bym tego nie wypu\u015bci\u0142\u201d - POGOTOWIE FLAGOWE\u00ae<\/title>\n<meta name=\"robots\" content=\"index, follow, max-snippet:-1, max-image-preview:large, max-video-preview:-1\" \/>\n<link rel=\"canonical\" href=\"https:\/\/www.pogotowieflagowe.pl\/aktualne\/obrzydliwa-reklama-koalicji-obywatelskiej-o-karolu-nawrockim-nie-zostala-przyjeta-dobrze-nawet-w-samej-koalicji-ja-bym-tego-nie-wypuscil\/\" \/>\n<meta property=\"og:locale\" content=\"pl_PL\" \/>\n<meta property=\"og:type\" content=\"article\" \/>\n<meta property=\"og:title\" content=\"Obrzydliwa reklama Koalicji Obywatelskiej o Karolu Nawrockim nie zosta\u0142a przyj\u0119ta dobrze nawet w samej koalicji: \u201eJa bym tego nie wypu\u015bci\u0142\u201d - POGOTOWIE FLAGOWE\u00ae\" \/>\n<meta property=\"og:description\" content=\"Okazuje si\u0119, \u017ce Koalicja Obywatelska (KO) Reklama wycelowana w prezydenta Karola Nawrockiego nie spodoba\u0142a si\u0119 nawet cz\u0142onkom partii. \u201eGdyby to\" \/>\n<meta property=\"og:url\" content=\"https:\/\/www.pogotowieflagowe.pl\/aktualne\/obrzydliwa-reklama-koalicji-obywatelskiej-o-karolu-nawrockim-nie-zostala-przyjeta-dobrze-nawet-w-samej-koalicji-ja-bym-tego-nie-wypuscil\/\" \/>\n<meta property=\"og:site_name\" content=\"POGOTOWIE FLAGOWE\u00ae\" \/>\n<meta property=\"article:published_time\" content=\"2025-11-14T18:16:59+00:00\" \/>\n<meta property=\"article:modified_time\" content=\"2025-11-14T18:17:00+00:00\" \/>\n<meta property=\"og:image\" content=\"https:\/\/www.pogotowieflagowe.pl\/aktualne\/wp-content\/uploads\/2025\/11\/Obrzydliwa-reklama-Koalicji-Obywatelskiej-o-Karolu-Nawrockim-nie-zostala-przyjeta.webp.webp\" \/>\n\t<meta property=\"og:image:width\" content=\"1280\" \/>\n\t<meta property=\"og:image:height\" content=\"720\" \/>\n\t<meta property=\"og:image:type\" content=\"image\/webp\" \/>\n<meta name=\"author\" content=\"Filip\" \/>\n<meta name=\"twitter:card\" content=\"summary_large_image\" \/>\n<meta name=\"twitter:label1\" content=\"Napisane przez\" \/>\n\t<meta name=\"twitter:data1\" content=\"Filip\" \/>\n\t<meta name=\"twitter:label2\" content=\"Szacowany czas czytania\" \/>\n\t<meta name=\"twitter:data2\" content=\"1 minuta\" \/>\n<script type=\"application\/ld+json\" class=\"yoast-schema-graph\">{\"@context\":\"https:\/\/schema.org\",\"@graph\":[{\"@type\":\"Article\",\"@id\":\"https:\/\/www.pogotowieflagowe.pl\/aktualne\/obrzydliwa-reklama-koalicji-obywatelskiej-o-karolu-nawrockim-nie-zostala-przyjeta-dobrze-nawet-w-samej-koalicji-ja-bym-tego-nie-wypuscil\/#article\",\"isPartOf\":{\"@id\":\"https:\/\/www.pogotowieflagowe.pl\/aktualne\/obrzydliwa-reklama-koalicji-obywatelskiej-o-karolu-nawrockim-nie-zostala-przyjeta-dobrze-nawet-w-samej-koalicji-ja-bym-tego-nie-wypuscil\/\"},\"author\":{\"name\":\"Filip\",\"@id\":\"https:\/\/www.pogotowieflagowe.pl\/aktualne\/#\/schema\/person\/9c2fb7d2362ebf6fa088960d7f0d27b0\"},\"headline\":\"Obrzydliwa reklama Koalicji Obywatelskiej o Karolu Nawrockim nie zosta\u0142a przyj\u0119ta dobrze nawet w samej koalicji: \u201eJa bym tego nie wypu\u015bci\u0142\u201d\",\"datePublished\":\"2025-11-14T18:16:59+00:00\",\"dateModified\":\"2025-11-14T18:17:00+00:00\",\"mainEntityOfPage\":{\"@id\":\"https:\/\/www.pogotowieflagowe.pl\/aktualne\/obrzydliwa-reklama-koalicji-obywatelskiej-o-karolu-nawrockim-nie-zostala-przyjeta-dobrze-nawet-w-samej-koalicji-ja-bym-tego-nie-wypuscil\/\"},\"wordCount\":260,\"commentCount\":0,\"publisher\":{\"@id\":\"https:\/\/www.pogotowieflagowe.pl\/aktualne\/#organization\"},\"image\":{\"@id\":\"https:\/\/www.pogotowieflagowe.pl\/aktualne\/obrzydliwa-reklama-koalicji-obywatelskiej-o-karolu-nawrockim-nie-zostala-przyjeta-dobrze-nawet-w-samej-koalicji-ja-bym-tego-nie-wypuscil\/#primaryimage\"},\"thumbnailUrl\":\"https:\/\/www.pogotowieflagowe.pl\/aktualne\/wp-content\/uploads\/2025\/11\/Obrzydliwa-reklama-Koalicji-Obywatelskiej-o-Karolu-Nawrockim-nie-zostala-przyjeta.webp.webp\",\"keywords\":[\"bym\",\"dobrze\",\"Karolu\",\"Koalicji\",\"nawet\",\"Nawrockim\",\"Nie\",\"Obrzydliwa\",\"Obywatelskiej\",\"przyj\u0119ta\",\"reklama\",\"samej\",\"tego\",\"wypu\u015bci\u0142\",\"Zosta\u0142a\"],\"articleSection\":[\"Aktualne\"],\"inLanguage\":\"pl-PL\",\"potentialAction\":[{\"@type\":\"CommentAction\",\"name\":\"Comment\",\"target\":[\"https:\/\/www.pogotowieflagowe.pl\/aktualne\/obrzydliwa-reklama-koalicji-obywatelskiej-o-karolu-nawrockim-nie-zostala-przyjeta-dobrze-nawet-w-samej-koalicji-ja-bym-tego-nie-wypuscil\/#respond\"]}]},{\"@type\":\"WebPage\",\"@id\":\"https:\/\/www.pogotowieflagowe.pl\/aktualne\/obrzydliwa-reklama-koalicji-obywatelskiej-o-karolu-nawrockim-nie-zostala-przyjeta-dobrze-nawet-w-samej-koalicji-ja-bym-tego-nie-wypuscil\/\",\"url\":\"https:\/\/www.pogotowieflagowe.pl\/aktualne\/obrzydliwa-reklama-koalicji-obywatelskiej-o-karolu-nawrockim-nie-zostala-przyjeta-dobrze-nawet-w-samej-koalicji-ja-bym-tego-nie-wypuscil\/\",\"name\":\"Obrzydliwa reklama Koalicji Obywatelskiej o Karolu Nawrockim nie zosta\u0142a przyj\u0119ta dobrze nawet w samej koalicji: \u201eJa bym tego nie wypu\u015bci\u0142\u201d - POGOTOWIE FLAGOWE\u00ae\",\"isPartOf\":{\"@id\":\"https:\/\/www.pogotowieflagowe.pl\/aktualne\/#website\"},\"primaryImageOfPage\":{\"@id\":\"https:\/\/www.pogotowieflagowe.pl\/aktualne\/obrzydliwa-reklama-koalicji-obywatelskiej-o-karolu-nawrockim-nie-zostala-przyjeta-dobrze-nawet-w-samej-koalicji-ja-bym-tego-nie-wypuscil\/#primaryimage\"},\"image\":{\"@id\":\"https:\/\/www.pogotowieflagowe.pl\/aktualne\/obrzydliwa-reklama-koalicji-obywatelskiej-o-karolu-nawrockim-nie-zostala-przyjeta-dobrze-nawet-w-samej-koalicji-ja-bym-tego-nie-wypuscil\/#primaryimage\"},\"thumbnailUrl\":\"https:\/\/www.pogotowieflagowe.pl\/aktualne\/wp-content\/uploads\/2025\/11\/Obrzydliwa-reklama-Koalicji-Obywatelskiej-o-Karolu-Nawrockim-nie-zostala-przyjeta.webp.webp\",\"datePublished\":\"2025-11-14T18:16:59+00:00\",\"dateModified\":\"2025-11-14T18:17:00+00:00\",\"breadcrumb\":{\"@id\":\"https:\/\/www.pogotowieflagowe.pl\/aktualne\/obrzydliwa-reklama-koalicji-obywatelskiej-o-karolu-nawrockim-nie-zostala-przyjeta-dobrze-nawet-w-samej-koalicji-ja-bym-tego-nie-wypuscil\/#breadcrumb\"},\"inLanguage\":\"pl-PL\",\"potentialAction\":[{\"@type\":\"ReadAction\",\"target\":[\"https:\/\/www.pogotowieflagowe.pl\/aktualne\/obrzydliwa-reklama-koalicji-obywatelskiej-o-karolu-nawrockim-nie-zostala-przyjeta-dobrze-nawet-w-samej-koalicji-ja-bym-tego-nie-wypuscil\/\"]}]},{\"@type\":\"ImageObject\",\"inLanguage\":\"pl-PL\",\"@id\":\"https:\/\/www.pogotowieflagowe.pl\/aktualne\/obrzydliwa-reklama-koalicji-obywatelskiej-o-karolu-nawrockim-nie-zostala-przyjeta-dobrze-nawet-w-samej-koalicji-ja-bym-tego-nie-wypuscil\/#primaryimage\",\"url\":\"https:\/\/www.pogotowieflagowe.pl\/aktualne\/wp-content\/uploads\/2025\/11\/Obrzydliwa-reklama-Koalicji-Obywatelskiej-o-Karolu-Nawrockim-nie-zostala-przyjeta.webp.webp\",\"contentUrl\":\"https:\/\/www.pogotowieflagowe.pl\/aktualne\/wp-content\/uploads\/2025\/11\/Obrzydliwa-reklama-Koalicji-Obywatelskiej-o-Karolu-Nawrockim-nie-zostala-przyjeta.webp.webp\",\"width\":1280,\"height\":720,\"caption\":\"Obrzydliwa reklama Koalicji Obywatelskiej o Karolu Nawrockim nie zosta\u0142a przyj\u0119ta dobrze nawet w samej koalicji: \u201eJa bym tego nie wypu\u015bci\u0142\u201d\"},{\"@type\":\"BreadcrumbList\",\"@id\":\"https:\/\/www.pogotowieflagowe.pl\/aktualne\/obrzydliwa-reklama-koalicji-obywatelskiej-o-karolu-nawrockim-nie-zostala-przyjeta-dobrze-nawet-w-samej-koalicji-ja-bym-tego-nie-wypuscil\/#breadcrumb\",\"itemListElement\":[{\"@type\":\"ListItem\",\"position\":1,\"name\":\"Home\",\"item\":\"https:\/\/www.pogotowieflagowe.pl\/aktualne\/\"},{\"@type\":\"ListItem\",\"position\":2,\"name\":\"Obrzydliwa reklama Koalicji Obywatelskiej o Karolu Nawrockim nie zosta\u0142a przyj\u0119ta dobrze nawet w samej koalicji: \u201eJa bym tego nie wypu\u015bci\u0142\u201d\"}]},{\"@type\":\"WebSite\",\"@id\":\"https:\/\/www.pogotowieflagowe.pl\/aktualne\/#website\",\"url\":\"https:\/\/www.pogotowieflagowe.pl\/aktualne\/\",\"name\":\"POGOTOWIE FLAGOWE\u00ae\",\"description\":\"\",\"publisher\":{\"@id\":\"https:\/\/www.pogotowieflagowe.pl\/aktualne\/#organization\"},\"potentialAction\":[{\"@type\":\"SearchAction\",\"target\":{\"@type\":\"EntryPoint\",\"urlTemplate\":\"https:\/\/www.pogotowieflagowe.pl\/aktualne\/?s={search_term_string}\"},\"query-input\":\"required name=search_term_string\"}],\"inLanguage\":\"pl-PL\"},{\"@type\":\"Organization\",\"@id\":\"https:\/\/www.pogotowieflagowe.pl\/aktualne\/#organization\",\"name\":\"POGOTOWIE FLAGOWE\u00ae\",\"url\":\"https:\/\/www.pogotowieflagowe.pl\/aktualne\/\",\"logo\":{\"@type\":\"ImageObject\",\"inLanguage\":\"pl-PL\",\"@id\":\"https:\/\/www.pogotowieflagowe.pl\/aktualne\/#\/schema\/logo\/image\/\",\"url\":\"https:\/\/www.pogotowieflagowe.pl\/aktualne\/wp-content\/uploads\/2024\/08\/cropped-pogotowieflagowe_flaga_projekt_sm.jpg\",\"contentUrl\":\"https:\/\/www.pogotowieflagowe.pl\/aktualne\/wp-content\/uploads\/2024\/08\/cropped-pogotowieflagowe_flaga_projekt_sm.jpg\",\"width\":250,\"height\":143,\"caption\":\"POGOTOWIE FLAGOWE\u00ae\"},\"image\":{\"@id\":\"https:\/\/www.pogotowieflagowe.pl\/aktualne\/#\/schema\/logo\/image\/\"}},{\"@type\":\"Person\",\"@id\":\"https:\/\/www.pogotowieflagowe.pl\/aktualne\/#\/schema\/person\/9c2fb7d2362ebf6fa088960d7f0d27b0\",\"name\":\"Filip\",\"image\":{\"@type\":\"ImageObject\",\"inLanguage\":\"pl-PL\",\"@id\":\"https:\/\/www.pogotowieflagowe.pl\/aktualne\/#\/schema\/person\/image\/\",\"url\":\"https:\/\/www.pogotowieflagowe.pl\/aktualne\/wp-content\/uploads\/2024\/08\/pogotowieflagowe.pl_.jpg\",\"contentUrl\":\"https:\/\/www.pogotowieflagowe.pl\/aktualne\/wp-content\/uploads\/2024\/08\/pogotowieflagowe.pl_.jpg\",\"caption\":\"Filip\"},\"description\":\"Jestem Filip, polski dziennikarz z dyplomem nauk politycznych Uniwersytetu Warszawskiego. Rozpoczynaj\u0105c swoj\u0105 karier\u0119 w r\u00f3\u017cnych lokalnych mediach, zdoby\u0142em solidne do\u015bwiadczenie w zakresie \u015bledztwa i redakcji. Obecnie jako redaktor w Pogotowie flagowe, staram si\u0119 dostarcza\u0107 dog\u0142\u0119bne i istotne analizy na temat najwa\u017cniejszych kwestii aktualno\u015bci, \u0142\u0105cz\u0105c rygor z pasj\u0105 dziennikarsk\u0105.\",\"sameAs\":[\"https:\/\/www.pogotowieflagowe.pl\/\"]}]}<\/script>\n<!-- \/ Yoast SEO plugin. -->","yoast_head_json":{"title":"Obrzydliwa reklama Koalicji Obywatelskiej o Karolu Nawrockim nie zosta\u0142a przyj\u0119ta dobrze nawet w samej koalicji: \u201eJa bym tego nie wypu\u015bci\u0142\u201d - POGOTOWIE FLAGOWE\u00ae","robots":{"index":"index","follow":"follow","max-snippet":"max-snippet:-1","max-image-preview":"max-image-preview:large","max-video-preview":"max-video-preview:-1"},"canonical":"https:\/\/www.pogotowieflagowe.pl\/aktualne\/obrzydliwa-reklama-koalicji-obywatelskiej-o-karolu-nawrockim-nie-zostala-przyjeta-dobrze-nawet-w-samej-koalicji-ja-bym-tego-nie-wypuscil\/","og_locale":"pl_PL","og_type":"article","og_title":"Obrzydliwa reklama Koalicji Obywatelskiej o Karolu Nawrockim nie zosta\u0142a przyj\u0119ta dobrze nawet w samej koalicji: \u201eJa bym tego nie wypu\u015bci\u0142\u201d - POGOTOWIE FLAGOWE\u00ae","og_description":"Okazuje si\u0119, \u017ce Koalicja Obywatelska (KO) Reklama wycelowana w prezydenta Karola Nawrockiego nie spodoba\u0142a si\u0119 nawet cz\u0142onkom partii. \u201eGdyby to","og_url":"https:\/\/www.pogotowieflagowe.pl\/aktualne\/obrzydliwa-reklama-koalicji-obywatelskiej-o-karolu-nawrockim-nie-zostala-przyjeta-dobrze-nawet-w-samej-koalicji-ja-bym-tego-nie-wypuscil\/","og_site_name":"POGOTOWIE FLAGOWE\u00ae","article_published_time":"2025-11-14T18:16:59+00:00","article_modified_time":"2025-11-14T18:17:00+00:00","og_image":[{"width":1280,"height":720,"url":"https:\/\/www.pogotowieflagowe.pl\/aktualne\/wp-content\/uploads\/2025\/11\/Obrzydliwa-reklama-Koalicji-Obywatelskiej-o-Karolu-Nawrockim-nie-zostala-przyjeta.webp.webp","type":"image\/webp"}],"author":"Filip","twitter_card":"summary_large_image","twitter_misc":{"Napisane przez":"Filip","Szacowany czas czytania":"1 minuta"},"schema":{"@context":"https:\/\/schema.org","@graph":[{"@type":"Article","@id":"https:\/\/www.pogotowieflagowe.pl\/aktualne\/obrzydliwa-reklama-koalicji-obywatelskiej-o-karolu-nawrockim-nie-zostala-przyjeta-dobrze-nawet-w-samej-koalicji-ja-bym-tego-nie-wypuscil\/#article","isPartOf":{"@id":"https:\/\/www.pogotowieflagowe.pl\/aktualne\/obrzydliwa-reklama-koalicji-obywatelskiej-o-karolu-nawrockim-nie-zostala-przyjeta-dobrze-nawet-w-samej-koalicji-ja-bym-tego-nie-wypuscil\/"},"author":{"name":"Filip","@id":"https:\/\/www.pogotowieflagowe.pl\/aktualne\/#\/schema\/person\/9c2fb7d2362ebf6fa088960d7f0d27b0"},"headline":"Obrzydliwa reklama Koalicji Obywatelskiej o Karolu Nawrockim nie zosta\u0142a przyj\u0119ta dobrze nawet w samej koalicji: \u201eJa bym tego nie wypu\u015bci\u0142\u201d","datePublished":"2025-11-14T18:16:59+00:00","dateModified":"2025-11-14T18:17:00+00:00","mainEntityOfPage":{"@id":"https:\/\/www.pogotowieflagowe.pl\/aktualne\/obrzydliwa-reklama-koalicji-obywatelskiej-o-karolu-nawrockim-nie-zostala-przyjeta-dobrze-nawet-w-samej-koalicji-ja-bym-tego-nie-wypuscil\/"},"wordCount":260,"commentCount":0,"publisher":{"@id":"https:\/\/www.pogotowieflagowe.pl\/aktualne\/#organization"},"image":{"@id":"https:\/\/www.pogotowieflagowe.pl\/aktualne\/obrzydliwa-reklama-koalicji-obywatelskiej-o-karolu-nawrockim-nie-zostala-przyjeta-dobrze-nawet-w-samej-koalicji-ja-bym-tego-nie-wypuscil\/#primaryimage"},"thumbnailUrl":"https:\/\/www.pogotowieflagowe.pl\/aktualne\/wp-content\/uploads\/2025\/11\/Obrzydliwa-reklama-Koalicji-Obywatelskiej-o-Karolu-Nawrockim-nie-zostala-przyjeta.webp.webp","keywords":["bym","dobrze","Karolu","Koalicji","nawet","Nawrockim","Nie","Obrzydliwa","Obywatelskiej","przyj\u0119ta","reklama","samej","tego","wypu\u015bci\u0142","Zosta\u0142a"],"articleSection":["Aktualne"],"inLanguage":"pl-PL","potentialAction":[{"@type":"CommentAction","name":"Comment","target":["https:\/\/www.pogotowieflagowe.pl\/aktualne\/obrzydliwa-reklama-koalicji-obywatelskiej-o-karolu-nawrockim-nie-zostala-przyjeta-dobrze-nawet-w-samej-koalicji-ja-bym-tego-nie-wypuscil\/#respond"]}]},{"@type":"WebPage","@id":"https:\/\/www.pogotowieflagowe.pl\/aktualne\/obrzydliwa-reklama-koalicji-obywatelskiej-o-karolu-nawrockim-nie-zostala-przyjeta-dobrze-nawet-w-samej-koalicji-ja-bym-tego-nie-wypuscil\/","url":"https:\/\/www.pogotowieflagowe.pl\/aktualne\/obrzydliwa-reklama-koalicji-obywatelskiej-o-karolu-nawrockim-nie-zostala-przyjeta-dobrze-nawet-w-samej-koalicji-ja-bym-tego-nie-wypuscil\/","name":"Obrzydliwa reklama Koalicji Obywatelskiej o Karolu Nawrockim nie zosta\u0142a przyj\u0119ta dobrze nawet w samej koalicji: \u201eJa bym tego nie wypu\u015bci\u0142\u201d - POGOTOWIE FLAGOWE\u00ae","isPartOf":{"@id":"https:\/\/www.pogotowieflagowe.pl\/aktualne\/#website"},"primaryImageOfPage":{"@id":"https:\/\/www.pogotowieflagowe.pl\/aktualne\/obrzydliwa-reklama-koalicji-obywatelskiej-o-karolu-nawrockim-nie-zostala-przyjeta-dobrze-nawet-w-samej-koalicji-ja-bym-tego-nie-wypuscil\/#primaryimage"},"image":{"@id":"https:\/\/www.pogotowieflagowe.pl\/aktualne\/obrzydliwa-reklama-koalicji-obywatelskiej-o-karolu-nawrockim-nie-zostala-przyjeta-dobrze-nawet-w-samej-koalicji-ja-bym-tego-nie-wypuscil\/#primaryimage"},"thumbnailUrl":"https:\/\/www.pogotowieflagowe.pl\/aktualne\/wp-content\/uploads\/2025\/11\/Obrzydliwa-reklama-Koalicji-Obywatelskiej-o-Karolu-Nawrockim-nie-zostala-przyjeta.webp.webp","datePublished":"2025-11-14T18:16:59+00:00","dateModified":"2025-11-14T18:17:00+00:00","breadcrumb":{"@id":"https:\/\/www.pogotowieflagowe.pl\/aktualne\/obrzydliwa-reklama-koalicji-obywatelskiej-o-karolu-nawrockim-nie-zostala-przyjeta-dobrze-nawet-w-samej-koalicji-ja-bym-tego-nie-wypuscil\/#breadcrumb"},"inLanguage":"pl-PL","potentialAction":[{"@type":"ReadAction","target":["https:\/\/www.pogotowieflagowe.pl\/aktualne\/obrzydliwa-reklama-koalicji-obywatelskiej-o-karolu-nawrockim-nie-zostala-przyjeta-dobrze-nawet-w-samej-koalicji-ja-bym-tego-nie-wypuscil\/"]}]},{"@type":"ImageObject","inLanguage":"pl-PL","@id":"https:\/\/www.pogotowieflagowe.pl\/aktualne\/obrzydliwa-reklama-koalicji-obywatelskiej-o-karolu-nawrockim-nie-zostala-przyjeta-dobrze-nawet-w-samej-koalicji-ja-bym-tego-nie-wypuscil\/#primaryimage","url":"https:\/\/www.pogotowieflagowe.pl\/aktualne\/wp-content\/uploads\/2025\/11\/Obrzydliwa-reklama-Koalicji-Obywatelskiej-o-Karolu-Nawrockim-nie-zostala-przyjeta.webp.webp","contentUrl":"https:\/\/www.pogotowieflagowe.pl\/aktualne\/wp-content\/uploads\/2025\/11\/Obrzydliwa-reklama-Koalicji-Obywatelskiej-o-Karolu-Nawrockim-nie-zostala-przyjeta.webp.webp","width":1280,"height":720,"caption":"Obrzydliwa reklama Koalicji Obywatelskiej o Karolu Nawrockim nie zosta\u0142a przyj\u0119ta dobrze nawet w samej koalicji: \u201eJa bym tego nie wypu\u015bci\u0142\u201d"},{"@type":"BreadcrumbList","@id":"https:\/\/www.pogotowieflagowe.pl\/aktualne\/obrzydliwa-reklama-koalicji-obywatelskiej-o-karolu-nawrockim-nie-zostala-przyjeta-dobrze-nawet-w-samej-koalicji-ja-bym-tego-nie-wypuscil\/#breadcrumb","itemListElement":[{"@type":"ListItem","position":1,"name":"Home","item":"https:\/\/www.pogotowieflagowe.pl\/aktualne\/"},{"@type":"ListItem","position":2,"name":"Obrzydliwa reklama Koalicji Obywatelskiej o Karolu Nawrockim nie zosta\u0142a przyj\u0119ta dobrze nawet w samej koalicji: \u201eJa bym tego nie wypu\u015bci\u0142\u201d"}]},{"@type":"WebSite","@id":"https:\/\/www.pogotowieflagowe.pl\/aktualne\/#website","url":"https:\/\/www.pogotowieflagowe.pl\/aktualne\/","name":"POGOTOWIE FLAGOWE\u00ae","description":"","publisher":{"@id":"https:\/\/www.pogotowieflagowe.pl\/aktualne\/#organization"},"potentialAction":[{"@type":"SearchAction","target":{"@type":"EntryPoint","urlTemplate":"https:\/\/www.pogotowieflagowe.pl\/aktualne\/?s={search_term_string}"},"query-input":"required name=search_term_string"}],"inLanguage":"pl-PL"},{"@type":"Organization","@id":"https:\/\/www.pogotowieflagowe.pl\/aktualne\/#organization","name":"POGOTOWIE FLAGOWE\u00ae","url":"https:\/\/www.pogotowieflagowe.pl\/aktualne\/","logo":{"@type":"ImageObject","inLanguage":"pl-PL","@id":"https:\/\/www.pogotowieflagowe.pl\/aktualne\/#\/schema\/logo\/image\/","url":"https:\/\/www.pogotowieflagowe.pl\/aktualne\/wp-content\/uploads\/2024\/08\/cropped-pogotowieflagowe_flaga_projekt_sm.jpg","contentUrl":"https:\/\/www.pogotowieflagowe.pl\/aktualne\/wp-content\/uploads\/2024\/08\/cropped-pogotowieflagowe_flaga_projekt_sm.jpg","width":250,"height":143,"caption":"POGOTOWIE FLAGOWE\u00ae"},"image":{"@id":"https:\/\/www.pogotowieflagowe.pl\/aktualne\/#\/schema\/logo\/image\/"}},{"@type":"Person","@id":"https:\/\/www.pogotowieflagowe.pl\/aktualne\/#\/schema\/person\/9c2fb7d2362ebf6fa088960d7f0d27b0","name":"Filip","image":{"@type":"ImageObject","inLanguage":"pl-PL","@id":"https:\/\/www.pogotowieflagowe.pl\/aktualne\/#\/schema\/person\/image\/","url":"https:\/\/www.pogotowieflagowe.pl\/aktualne\/wp-content\/uploads\/2024\/08\/pogotowieflagowe.pl_.jpg","contentUrl":"https:\/\/www.pogotowieflagowe.pl\/aktualne\/wp-content\/uploads\/2024\/08\/pogotowieflagowe.pl_.jpg","caption":"Filip"},"description":"Jestem Filip, polski dziennikarz z dyplomem nauk politycznych Uniwersytetu Warszawskiego. Rozpoczynaj\u0105c swoj\u0105 karier\u0119 w r\u00f3\u017cnych lokalnych mediach, zdoby\u0142em solidne do\u015bwiadczenie w zakresie \u015bledztwa i redakcji. Obecnie jako redaktor w Pogotowie flagowe, staram si\u0119 dostarcza\u0107 dog\u0142\u0119bne i istotne analizy na temat najwa\u017cniejszych kwestii aktualno\u015bci, \u0142\u0105cz\u0105c rygor z pasj\u0105 dziennikarsk\u0105.","sameAs":["https:\/\/www.pogotowieflagowe.pl\/"]}]}},"_links":{"self":[{"href":"https:\/\/www.pogotowieflagowe.pl\/aktualne\/wp-json\/wp\/v2\/posts\/10548","targetHints":{"allow":["GET"]}}],"collection":[{"href":"https:\/\/www.pogotowieflagowe.pl\/aktualne\/wp-json\/wp\/v2\/posts"}],"about":[{"href":"https:\/\/www.pogotowieflagowe.pl\/aktualne\/wp-json\/wp\/v2\/types\/post"}],"author":[{"embeddable":true,"href":"https:\/\/www.pogotowieflagowe.pl\/aktualne\/wp-json\/wp\/v2\/users\/1"}],"replies":[{"embeddable":true,"href":"https:\/\/www.pogotowieflagowe.pl\/aktualne\/wp-json\/wp\/v2\/comments?post=10548"}],"version-history":[{"count":1,"href":"https:\/\/www.pogotowieflagowe.pl\/aktualne\/wp-json\/wp\/v2\/posts\/10548\/revisions"}],"predecessor-version":[{"id":10550,"href":"https:\/\/www.pogotowieflagowe.pl\/aktualne\/wp-json\/wp\/v2\/posts\/10548\/revisions\/10550"}],"wp:featuredmedia":[{"embeddable":true,"href":"https:\/\/www.pogotowieflagowe.pl\/aktualne\/wp-json\/wp\/v2\/media\/10549"}],"wp:attachment":[{"href":"https:\/\/www.pogotowieflagowe.pl\/aktualne\/wp-json\/wp\/v2\/media?parent=10548"}],"wp:term":[{"taxonomy":"category","embeddable":true,"href":"https:\/\/www.pogotowieflagowe.pl\/aktualne\/wp-json\/wp\/v2\/categories?post=10548"},{"taxonomy":"post_tag","embeddable":true,"href":"https:\/\/www.pogotowieflagowe.pl\/aktualne\/wp-json\/wp\/v2\/tags?post=10548"}],"curies":[{"name":"wp","href":"https:\/\/api.w.org\/{rel}","templated":true}]}}