{"id":10554,"date":"2025-11-14T21:55:25","date_gmt":"2025-11-14T20:55:25","guid":{"rendered":"https:\/\/www.pogotowieflagowe.pl\/aktualne\/czy-to-nie-jest-konkretny-wynik-prezydent-podkreslil-rzeczywiste-wyniki-spotkania-w-bialym-domu\/"},"modified":"2025-11-14T21:55:26","modified_gmt":"2025-11-14T20:55:26","slug":"czy-to-nie-jest-konkretny-wynik-prezydent-podkreslil-rzeczywiste-wyniki-spotkania-w-bialym-domu","status":"publish","type":"post","link":"https:\/\/www.pogotowieflagowe.pl\/aktualne\/czy-to-nie-jest-konkretny-wynik-prezydent-podkreslil-rzeczywiste-wyniki-spotkania-w-bialym-domu\/","title":{"rendered":"\u201eCzy to nie jest konkretny wynik?\u201d Prezydent podkre\u015bli\u0142 rzeczywiste wyniki spotkania w Bia\u0142ym Domu"},"content":{"rendered":"\n<div class=\"td_block_wrap tdb_single_content tdi_41 td-pb-border-top td_block_template_8 td-post-content tagdiv-type\" data-td-block-uid=\"tdi_41\">\n<style>.tdi_41{margines-top:0px!important;margin-bottom:0px!important;dope\u0142nienie-g\u00f3ra:0px!important;dope\u0142nienie-d\u00f3\u0142:0px!important}<\/style>\n<style>.tdb_single_content{margin-bottom:0;*zoom:1}.tdb_single_content:before,.tdb_single_content:after{display:table;content:'';line-height:0}.tdb_single_content:after{clear:both}.tdb_single_content .tdb-block-inner>*:not(.wp-block-quote):not(.alignwide):not(.alignfull.wp-block-cover.has-parallax):not(.td-a-ad){margin-left:auto;margin-right:auto}.tdb_single_content a{pointer-events:auto}.tdb_single_content .td-spot-id-top_ad .tdc-placeholder-title:before{content:'Najlepsza reklama artyku\u0142u'!important}.tdb_single_content .td-spot-id-inline_ad0 .tdc-placeholder-title:before{content:'Reklama wbudowana artyku\u0142u 1'!important}.tdb_single_content .td-spot-id-inline_ad1 .tdc-placeholder-title:before{content:'Reklama wbudowana w artyku\u0142 2'!important}.tdb_single_content .td-spot-id-inline_ad2 .tdc-placeholder-title:before{content:'Reklama wbudowana w artyku\u0142 3'!important}.tdb_single_content .td-spot-id-bottom_ad .tdc-placeholder-title:before{content:'Article Bottom Ad'!important}.tdb_single_content .id_top_ad,.tdb_single_content .id_bottom_ad{clear:both;margin-bottom:21px;text-align:center}.tdb_single_content .id_top_ad img,.tdb_single_content .id_bottom_ad img{margin-bottom:0}.tdb_single_content .id_top_ad .adsbygoogle,.tdb_single_content .id_bottom_ad .adsbygoogle{position:relative}.tdb_single_content .id_ad_content-horiz-left,.tdb_single_content .id_ad_content-horiz-right,.tdb_single_content .id_ad_content-horiz-center{margin-bottom:15px}.tdb_single_content .id_ad_content-horiz-left img,.tdb_single_content .id_ad_content-horiz-right img,.tdb_single_content .id_ad_content-horiz-center img{margin-bottom:0}.tdb_single_content .id_ad_content-horiz-center{text-align:center}.tdb_single_content .id_ad_content-horiz-center img{margin-right:auto;margin-left:auto}.tdb_single_content .id_ad_content-horiz-left{float:left;margin-top:9px;margin-right:21px}.tdb_single_content .id_ad_content-horiz-right{float:right;margin-top:6px;margin-left:21px}.tdb_single_content .tdc-a-ad .tdc-placeholder-title{width:300px;height:250px}.tdb_single_content .tdc-a-ad .tdc-placeholder-title:before{position:absolute;top:50%;-webkit-transform:translateY(-50%);transform:translateY(-50%);margin:auto;display:table;width:100%}.tdb_single_content .tdb-block-inner.td-fix-index{word-break:break-word}.tdi_41,.tdi_41>p,.tdi_41 .tdb-block-inner>p,.wp-block-column>p{font-size:16px!important;line-height:1.6!important}.tdi_41 .tdb-block-inner blockquote p{font-style:normal!important}@media (max-width:767px){.tdb_single_content .id_ad_content-horiz-left,.tdb_single_content .id_ad_content-horiz-right,.tdb_single_content .id_ad_content-horiz-center{margin:0 auto 26 pikseli auto}}@media (max-width:767px){.tdb_single_content .id_ad_content-horiz-left{margin-right:0}}@media (max-width:767px){.tdb_single_content .id_ad_content-horiz-right{margin-left:0}}@media (max-width:767px){.tdb_single_content .td-a-ad{float:none;text-align:center}.tdb_single_content .td-a-ad img{margin-right:auto;margin-left:auto}.tdb_single_content .tdc-a-ad{float:none}}<\/style>\n<div class=\"tdb-block-inner td-fix-index\">\n<p>&#8222;Wizyta polskiego prezydenta utwierdzi\u0142a prezydenta Trumpa &#8211; kt\u00f3ry widzi w Polsce swojego najwi\u0119kszego sojusznika w Europie i kluczowego partnera w NATO &#8211; decyzj\u0119, \u017ce w Polsce stacjonuj\u0105 ameryka\u0144scy \u017co\u0142nierze, kt\u00f3rych jest oko\u0142o 10 000. Czy nie jest to konkretny wynik stosunk\u00f3w mi\u0119dzynarodowych?&#8221; \u2013 powiedzia\u0142 dzi\u015b Prezydent Karol Nawrocki.<\/p>\n<p>Prezydent przypomnia\u0142, \u017ce w ci\u0105gu pierwszych 100 dni urz\u0119dowania z\u0142o\u017cy\u0142 11 wizyt zagranicznych.<\/p>\n<p>&#8222;Te wizyty daj\u0105 nam poczucie bezpiecze\u0144stwa &#8211; chocia\u017cby spotkanie z prezydentem USA Donaldem Trumpem. Wizyta polskiego prezydenta sk\u0142oni\u0142a prezydenta Trumpa, kt\u00f3ry uwa\u017ca Polsk\u0119 za swojego najwa\u017cniejszego sojusznika w Europie i w NATO, do podj\u0119cia decyzji, \u017ce w Polsce pozostanie oko\u0142o 10 tys. \u017co\u0142nierzy ameryka\u0144skich. Czy nie jest to wymierny efekt stosunk\u00f3w zagranicznych?&#8221; \u2013 zapyta\u0142 Nawrocki.<\/p>\n<p>Podkre\u015bli\u0142, \u017ce podczas ka\u017cdej wizyty \u201etoczy\u0142 bitw\u0119, kt\u00f3ra od pocz\u0105tku wydawa\u0142a si\u0119 przegrana i w istocie nie mog\u0142a zosta\u0107 wygrana\u201d.<\/p>\n<p>&#8222;Nie wiem, czy pami\u0119tacie wypowiedzi szefa polskiej dyplomacji. Gdy ja w ka\u017cdej stolicy m\u00f3wi\u0142em o niepodpisywaniu umowy UE-Mercosur, ten minister m\u00f3wi\u0142: <em>\u201eJe\u015bli prezydentowi jako\u015b si\u0119 uda, \u015bwietnie, hahaha\u201d.<\/em> Nie tak zachowuj\u0105 si\u0119 odpowiedzialne w\u0142adze pa\u0144stwowe. Porozumienie UE\u2013Mercosur jest szkodliwe dla polskich rolnik\u00f3w, dlatego walczy\u0142em z nim, cho\u0107 szanse na sukces by\u0142y niewielkie. Czy nie tak powinien post\u0119powa\u0107 polski prezydent?\u201d \u2013 zauwa\u017cy\u0142.<\/p>\n<p>M\u00f3wi\u0105c o swojej wizycie w Niemczech, Prezydent Nawrocki podkre\u015bli\u0142, \u017ce jest to okazja do poruszenia kwestii reparacji.<\/p>\n<p>Doda\u0142, \u017ce Polska musi wiedzie\u0107, czego oczekuje od swoich partner\u00f3w, w tym Unii Europejskiej.<\/p>\n<p>\u201eChcemy by\u0107 cz\u0119\u015bci\u0105 Unii Europejskiej, ale nie chcemy <em>By\u0107<\/em> UE \u2013 chcemy by\u0107 Polsk\u0105 z bia\u0142o-czerwon\u0105 flag\u0105\u201d \u2013 powiedzia\u0142 Karol Nawrocki. \u201eMoja prezydentura istnieje po to, aby Polska pozosta\u0142a Polsk\u0105\u201d \u2013 doda\u0142.<\/p>\n<h3 class=\"wp-block-heading\">\u201ePorz\u0105dek prawny musi trwa\u0107\u201d<\/h3>\n<p>Zaznaczy\u0142, \u017ce do obowi\u0105zk\u00f3w prezydenta nale\u017c\u0105 tak\u017ce odznaczenia, nominacje i awanse.<\/p>\n<p>&#8222;Obowi\u0105zkiem Prezydenta \u2013 jest stra\u017cnikiem konstytucji i to jest sprawa aktualna \u2013 nalega\u0107, aby s\u0119dziowie wydawali orzeczenia w imieniu RP, stali na stra\u017cy porz\u0105dku konstytucyjnego i prawnego, a ka\u017cdy powo\u0142any przez prezydenta czu\u0142 si\u0119 s\u0119dzi\u0105 pe\u0142nym, a nie s\u0119dzi\u0105 \u201eneo\u201d czy \u201epaleo\u201d. Dlatego odm\u00f3wi\u0142em powo\u0142ania 46 s\u0119dzi\u00f3w\u201d \u2013 wspomina Nawrocki.<\/p>\n<p>&#8222;S\u0105d to nie parlament, a Polska to co\u015b wielkiego. Rz\u0105dy upadaj\u0105 i powstaj\u0105&#8230; ale polski porz\u0105dek konstytucyjny i prawny musi trwa\u0107. Taka by\u0142a rola prezydenta przez pierwsze 100 dni i taka pozostanie w nadchodz\u0105cych latach&#8221; &#8211; doda\u0142.<\/p>\n<h3 class=\"wp-block-heading\">Odrodzenie Grupy Wyszehradzkiej<\/h3>\n<p>Prezydent zadeklarowa\u0142, \u017ce podejmuje pr\u00f3b\u0119 \u201eo\u017cywienia Grupy Wyszehradzkiej\u201d.<\/p>\n<p>&#8222;Europa Zachodnia pope\u0142ni\u0142a ostatnio zbyt wiele b\u0142\u0119d\u00f3w, aby\u015bmy mogli pozosta\u0107 oboj\u0119tni. Potrzebujemy format\u00f3w, kt\u00f3re pozwol\u0105 pa\u0144stwom dzieli\u0107 si\u0119 swoimi punktami widzenia i emocjami na arenie mi\u0119dzynarodowej&#8221; &#8211; stwierdzi\u0142 Nawrocki.<\/p>\n<p>Doda\u0142, \u017ce \u201enie chcemy w Polsce nielegalnej migracji\u201d i b\u0119dzie dzia\u0142a\u0142, aby temu zapobiec. \u201eNie b\u0119d\u0119 podpisywa\u0142 przeregulowa\u0144 klimatycznych, Zielonych \u0141ad\u00f3w i tych wszystkich rzeczy, kt\u00f3re w Europie Zachodniej cz\u0119sto staj\u0105 si\u0119 ideologicznym szale\u0144stwem\u201d \u2013 stwierdzi\u0142.<\/p>\n<\/div>\n<\/div>\n","protected":false},"excerpt":{"rendered":"<p>&#8222;Wizyta polskiego prezydenta utwierdzi\u0142a prezydenta Trumpa &#8211; kt\u00f3ry widzi w Polsce swojego najwi\u0119kszego sojusznika w Europie i kluczowego partnera w<\/p>\n","protected":false},"author":1,"featured_media":10555,"comment_status":"open","ping_status":"open","sticky":false,"template":"","format":"standard","meta":{"footnotes":""},"categories":[4748],"tags":[6569,501,1690,111,10102,450,12015,341,12016,2684,333,7261],"class_list":["post-10554","post","type-post","status-publish","format-standard","has-post-thumbnail","hentry","category-aktualne","tag-bialym","tag-czy","tag-domu","tag-jest","tag-konkretny","tag-nie","tag-podkreslil","tag-prezydent","tag-rzeczywiste","tag-spotkania","tag-wynik","tag-wyniki","generate-columns","tablet-grid-50","mobile-grid-100","grid-parent","grid-50","resize-featured-image"],"yoast_head":"<!-- This site is optimized with the Yoast SEO plugin v23.2 - https:\/\/yoast.com\/wordpress\/plugins\/seo\/ -->\n<title>\u201eCzy to nie jest konkretny wynik?\u201d Prezydent podkre\u015bli\u0142 rzeczywiste wyniki spotkania w Bia\u0142ym Domu - POGOTOWIE FLAGOWE\u00ae<\/title>\n<meta name=\"robots\" content=\"index, follow, max-snippet:-1, max-image-preview:large, max-video-preview:-1\" \/>\n<link rel=\"canonical\" href=\"https:\/\/www.pogotowieflagowe.pl\/aktualne\/czy-to-nie-jest-konkretny-wynik-prezydent-podkreslil-rzeczywiste-wyniki-spotkania-w-bialym-domu\/\" \/>\n<meta property=\"og:locale\" content=\"pl_PL\" \/>\n<meta property=\"og:type\" content=\"article\" \/>\n<meta property=\"og:title\" content=\"\u201eCzy to nie jest konkretny wynik?\u201d Prezydent podkre\u015bli\u0142 rzeczywiste wyniki spotkania w Bia\u0142ym Domu - POGOTOWIE FLAGOWE\u00ae\" \/>\n<meta property=\"og:description\" content=\"&#8222;Wizyta polskiego prezydenta utwierdzi\u0142a prezydenta Trumpa &#8211; kt\u00f3ry widzi w Polsce swojego najwi\u0119kszego sojusznika w Europie i kluczowego partnera w\" \/>\n<meta property=\"og:url\" content=\"https:\/\/www.pogotowieflagowe.pl\/aktualne\/czy-to-nie-jest-konkretny-wynik-prezydent-podkreslil-rzeczywiste-wyniki-spotkania-w-bialym-domu\/\" \/>\n<meta property=\"og:site_name\" content=\"POGOTOWIE FLAGOWE\u00ae\" \/>\n<meta property=\"article:published_time\" content=\"2025-11-14T20:55:25+00:00\" \/>\n<meta property=\"article:modified_time\" content=\"2025-11-14T20:55:26+00:00\" \/>\n<meta property=\"og:image\" content=\"https:\/\/www.pogotowieflagowe.pl\/aktualne\/wp-content\/uploads\/2025\/11\/\u201eCzy-to-nie-jest-konkretny-wynik-Prezydent-podkreslil-rzeczywiste-wyniki.webp.webp\" \/>\n\t<meta property=\"og:image:width\" content=\"1280\" \/>\n\t<meta property=\"og:image:height\" content=\"720\" \/>\n\t<meta property=\"og:image:type\" content=\"image\/webp\" \/>\n<meta name=\"author\" content=\"Filip\" \/>\n<meta name=\"twitter:card\" content=\"summary_large_image\" \/>\n<meta name=\"twitter:label1\" content=\"Napisane przez\" \/>\n\t<meta name=\"twitter:data1\" content=\"Filip\" \/>\n\t<meta name=\"twitter:label2\" content=\"Szacowany czas czytania\" \/>\n\t<meta name=\"twitter:data2\" content=\"3 minuty\" \/>\n<script type=\"application\/ld+json\" class=\"yoast-schema-graph\">{\"@context\":\"https:\/\/schema.org\",\"@graph\":[{\"@type\":\"Article\",\"@id\":\"https:\/\/www.pogotowieflagowe.pl\/aktualne\/czy-to-nie-jest-konkretny-wynik-prezydent-podkreslil-rzeczywiste-wyniki-spotkania-w-bialym-domu\/#article\",\"isPartOf\":{\"@id\":\"https:\/\/www.pogotowieflagowe.pl\/aktualne\/czy-to-nie-jest-konkretny-wynik-prezydent-podkreslil-rzeczywiste-wyniki-spotkania-w-bialym-domu\/\"},\"author\":{\"name\":\"Filip\",\"@id\":\"https:\/\/www.pogotowieflagowe.pl\/aktualne\/#\/schema\/person\/9c2fb7d2362ebf6fa088960d7f0d27b0\"},\"headline\":\"\u201eCzy to nie jest konkretny wynik?\u201d Prezydent podkre\u015bli\u0142 rzeczywiste wyniki spotkania w Bia\u0142ym Domu\",\"datePublished\":\"2025-11-14T20:55:25+00:00\",\"dateModified\":\"2025-11-14T20:55:26+00:00\",\"mainEntityOfPage\":{\"@id\":\"https:\/\/www.pogotowieflagowe.pl\/aktualne\/czy-to-nie-jest-konkretny-wynik-prezydent-podkreslil-rzeczywiste-wyniki-spotkania-w-bialym-domu\/\"},\"wordCount\":532,\"commentCount\":0,\"publisher\":{\"@id\":\"https:\/\/www.pogotowieflagowe.pl\/aktualne\/#organization\"},\"image\":{\"@id\":\"https:\/\/www.pogotowieflagowe.pl\/aktualne\/czy-to-nie-jest-konkretny-wynik-prezydent-podkreslil-rzeczywiste-wyniki-spotkania-w-bialym-domu\/#primaryimage\"},\"thumbnailUrl\":\"https:\/\/www.pogotowieflagowe.pl\/aktualne\/wp-content\/uploads\/2025\/11\/\u201eCzy-to-nie-jest-konkretny-wynik-Prezydent-podkreslil-rzeczywiste-wyniki.webp.webp\",\"keywords\":[\"Bia\u0142ym\",\"Czy\",\"domu\",\"jest\",\"konkretny\",\"Nie\",\"podkre\u015bli\u0142\",\"Prezydent\",\"rzeczywiste\",\"spotkania\",\"wynik\",\"wyniki\"],\"articleSection\":[\"Aktualne\"],\"inLanguage\":\"pl-PL\",\"potentialAction\":[{\"@type\":\"CommentAction\",\"name\":\"Comment\",\"target\":[\"https:\/\/www.pogotowieflagowe.pl\/aktualne\/czy-to-nie-jest-konkretny-wynik-prezydent-podkreslil-rzeczywiste-wyniki-spotkania-w-bialym-domu\/#respond\"]}]},{\"@type\":\"WebPage\",\"@id\":\"https:\/\/www.pogotowieflagowe.pl\/aktualne\/czy-to-nie-jest-konkretny-wynik-prezydent-podkreslil-rzeczywiste-wyniki-spotkania-w-bialym-domu\/\",\"url\":\"https:\/\/www.pogotowieflagowe.pl\/aktualne\/czy-to-nie-jest-konkretny-wynik-prezydent-podkreslil-rzeczywiste-wyniki-spotkania-w-bialym-domu\/\",\"name\":\"\u201eCzy to nie jest konkretny wynik?\u201d Prezydent podkre\u015bli\u0142 rzeczywiste wyniki spotkania w Bia\u0142ym Domu - POGOTOWIE FLAGOWE\u00ae\",\"isPartOf\":{\"@id\":\"https:\/\/www.pogotowieflagowe.pl\/aktualne\/#website\"},\"primaryImageOfPage\":{\"@id\":\"https:\/\/www.pogotowieflagowe.pl\/aktualne\/czy-to-nie-jest-konkretny-wynik-prezydent-podkreslil-rzeczywiste-wyniki-spotkania-w-bialym-domu\/#primaryimage\"},\"image\":{\"@id\":\"https:\/\/www.pogotowieflagowe.pl\/aktualne\/czy-to-nie-jest-konkretny-wynik-prezydent-podkreslil-rzeczywiste-wyniki-spotkania-w-bialym-domu\/#primaryimage\"},\"thumbnailUrl\":\"https:\/\/www.pogotowieflagowe.pl\/aktualne\/wp-content\/uploads\/2025\/11\/\u201eCzy-to-nie-jest-konkretny-wynik-Prezydent-podkreslil-rzeczywiste-wyniki.webp.webp\",\"datePublished\":\"2025-11-14T20:55:25+00:00\",\"dateModified\":\"2025-11-14T20:55:26+00:00\",\"breadcrumb\":{\"@id\":\"https:\/\/www.pogotowieflagowe.pl\/aktualne\/czy-to-nie-jest-konkretny-wynik-prezydent-podkreslil-rzeczywiste-wyniki-spotkania-w-bialym-domu\/#breadcrumb\"},\"inLanguage\":\"pl-PL\",\"potentialAction\":[{\"@type\":\"ReadAction\",\"target\":[\"https:\/\/www.pogotowieflagowe.pl\/aktualne\/czy-to-nie-jest-konkretny-wynik-prezydent-podkreslil-rzeczywiste-wyniki-spotkania-w-bialym-domu\/\"]}]},{\"@type\":\"ImageObject\",\"inLanguage\":\"pl-PL\",\"@id\":\"https:\/\/www.pogotowieflagowe.pl\/aktualne\/czy-to-nie-jest-konkretny-wynik-prezydent-podkreslil-rzeczywiste-wyniki-spotkania-w-bialym-domu\/#primaryimage\",\"url\":\"https:\/\/www.pogotowieflagowe.pl\/aktualne\/wp-content\/uploads\/2025\/11\/\u201eCzy-to-nie-jest-konkretny-wynik-Prezydent-podkreslil-rzeczywiste-wyniki.webp.webp\",\"contentUrl\":\"https:\/\/www.pogotowieflagowe.pl\/aktualne\/wp-content\/uploads\/2025\/11\/\u201eCzy-to-nie-jest-konkretny-wynik-Prezydent-podkreslil-rzeczywiste-wyniki.webp.webp\",\"width\":1280,\"height\":720,\"caption\":\"\u201eCzy to nie jest konkretny wynik?\u201d Prezydent podkre\u015bli\u0142 rzeczywiste wyniki spotkania w Bia\u0142ym Domu\"},{\"@type\":\"BreadcrumbList\",\"@id\":\"https:\/\/www.pogotowieflagowe.pl\/aktualne\/czy-to-nie-jest-konkretny-wynik-prezydent-podkreslil-rzeczywiste-wyniki-spotkania-w-bialym-domu\/#breadcrumb\",\"itemListElement\":[{\"@type\":\"ListItem\",\"position\":1,\"name\":\"Home\",\"item\":\"https:\/\/www.pogotowieflagowe.pl\/aktualne\/\"},{\"@type\":\"ListItem\",\"position\":2,\"name\":\"\u201eCzy to nie jest konkretny wynik?\u201d Prezydent podkre\u015bli\u0142 rzeczywiste wyniki spotkania w Bia\u0142ym Domu\"}]},{\"@type\":\"WebSite\",\"@id\":\"https:\/\/www.pogotowieflagowe.pl\/aktualne\/#website\",\"url\":\"https:\/\/www.pogotowieflagowe.pl\/aktualne\/\",\"name\":\"POGOTOWIE FLAGOWE\u00ae\",\"description\":\"\",\"publisher\":{\"@id\":\"https:\/\/www.pogotowieflagowe.pl\/aktualne\/#organization\"},\"potentialAction\":[{\"@type\":\"SearchAction\",\"target\":{\"@type\":\"EntryPoint\",\"urlTemplate\":\"https:\/\/www.pogotowieflagowe.pl\/aktualne\/?s={search_term_string}\"},\"query-input\":\"required name=search_term_string\"}],\"inLanguage\":\"pl-PL\"},{\"@type\":\"Organization\",\"@id\":\"https:\/\/www.pogotowieflagowe.pl\/aktualne\/#organization\",\"name\":\"POGOTOWIE FLAGOWE\u00ae\",\"url\":\"https:\/\/www.pogotowieflagowe.pl\/aktualne\/\",\"logo\":{\"@type\":\"ImageObject\",\"inLanguage\":\"pl-PL\",\"@id\":\"https:\/\/www.pogotowieflagowe.pl\/aktualne\/#\/schema\/logo\/image\/\",\"url\":\"https:\/\/www.pogotowieflagowe.pl\/aktualne\/wp-content\/uploads\/2024\/08\/cropped-pogotowieflagowe_flaga_projekt_sm.jpg\",\"contentUrl\":\"https:\/\/www.pogotowieflagowe.pl\/aktualne\/wp-content\/uploads\/2024\/08\/cropped-pogotowieflagowe_flaga_projekt_sm.jpg\",\"width\":250,\"height\":143,\"caption\":\"POGOTOWIE FLAGOWE\u00ae\"},\"image\":{\"@id\":\"https:\/\/www.pogotowieflagowe.pl\/aktualne\/#\/schema\/logo\/image\/\"}},{\"@type\":\"Person\",\"@id\":\"https:\/\/www.pogotowieflagowe.pl\/aktualne\/#\/schema\/person\/9c2fb7d2362ebf6fa088960d7f0d27b0\",\"name\":\"Filip\",\"image\":{\"@type\":\"ImageObject\",\"inLanguage\":\"pl-PL\",\"@id\":\"https:\/\/www.pogotowieflagowe.pl\/aktualne\/#\/schema\/person\/image\/\",\"url\":\"https:\/\/www.pogotowieflagowe.pl\/aktualne\/wp-content\/uploads\/2024\/08\/pogotowieflagowe.pl_.jpg\",\"contentUrl\":\"https:\/\/www.pogotowieflagowe.pl\/aktualne\/wp-content\/uploads\/2024\/08\/pogotowieflagowe.pl_.jpg\",\"caption\":\"Filip\"},\"description\":\"Jestem Filip, polski dziennikarz z dyplomem nauk politycznych Uniwersytetu Warszawskiego. Rozpoczynaj\u0105c swoj\u0105 karier\u0119 w r\u00f3\u017cnych lokalnych mediach, zdoby\u0142em solidne do\u015bwiadczenie w zakresie \u015bledztwa i redakcji. Obecnie jako redaktor w Pogotowie flagowe, staram si\u0119 dostarcza\u0107 dog\u0142\u0119bne i istotne analizy na temat najwa\u017cniejszych kwestii aktualno\u015bci, \u0142\u0105cz\u0105c rygor z pasj\u0105 dziennikarsk\u0105.\",\"sameAs\":[\"https:\/\/www.pogotowieflagowe.pl\/\"]}]}<\/script>\n<!-- \/ Yoast SEO plugin. -->","yoast_head_json":{"title":"\u201eCzy to nie jest konkretny wynik?\u201d Prezydent podkre\u015bli\u0142 rzeczywiste wyniki spotkania w Bia\u0142ym Domu - POGOTOWIE FLAGOWE\u00ae","robots":{"index":"index","follow":"follow","max-snippet":"max-snippet:-1","max-image-preview":"max-image-preview:large","max-video-preview":"max-video-preview:-1"},"canonical":"https:\/\/www.pogotowieflagowe.pl\/aktualne\/czy-to-nie-jest-konkretny-wynik-prezydent-podkreslil-rzeczywiste-wyniki-spotkania-w-bialym-domu\/","og_locale":"pl_PL","og_type":"article","og_title":"\u201eCzy to nie jest konkretny wynik?\u201d Prezydent podkre\u015bli\u0142 rzeczywiste wyniki spotkania w Bia\u0142ym Domu - POGOTOWIE FLAGOWE\u00ae","og_description":"&#8222;Wizyta polskiego prezydenta utwierdzi\u0142a prezydenta Trumpa &#8211; kt\u00f3ry widzi w Polsce swojego najwi\u0119kszego sojusznika w Europie i kluczowego partnera w","og_url":"https:\/\/www.pogotowieflagowe.pl\/aktualne\/czy-to-nie-jest-konkretny-wynik-prezydent-podkreslil-rzeczywiste-wyniki-spotkania-w-bialym-domu\/","og_site_name":"POGOTOWIE FLAGOWE\u00ae","article_published_time":"2025-11-14T20:55:25+00:00","article_modified_time":"2025-11-14T20:55:26+00:00","og_image":[{"width":1280,"height":720,"url":"https:\/\/www.pogotowieflagowe.pl\/aktualne\/wp-content\/uploads\/2025\/11\/\u201eCzy-to-nie-jest-konkretny-wynik-Prezydent-podkreslil-rzeczywiste-wyniki.webp.webp","type":"image\/webp"}],"author":"Filip","twitter_card":"summary_large_image","twitter_misc":{"Napisane przez":"Filip","Szacowany czas czytania":"3 minuty"},"schema":{"@context":"https:\/\/schema.org","@graph":[{"@type":"Article","@id":"https:\/\/www.pogotowieflagowe.pl\/aktualne\/czy-to-nie-jest-konkretny-wynik-prezydent-podkreslil-rzeczywiste-wyniki-spotkania-w-bialym-domu\/#article","isPartOf":{"@id":"https:\/\/www.pogotowieflagowe.pl\/aktualne\/czy-to-nie-jest-konkretny-wynik-prezydent-podkreslil-rzeczywiste-wyniki-spotkania-w-bialym-domu\/"},"author":{"name":"Filip","@id":"https:\/\/www.pogotowieflagowe.pl\/aktualne\/#\/schema\/person\/9c2fb7d2362ebf6fa088960d7f0d27b0"},"headline":"\u201eCzy to nie jest konkretny wynik?\u201d Prezydent podkre\u015bli\u0142 rzeczywiste wyniki spotkania w Bia\u0142ym Domu","datePublished":"2025-11-14T20:55:25+00:00","dateModified":"2025-11-14T20:55:26+00:00","mainEntityOfPage":{"@id":"https:\/\/www.pogotowieflagowe.pl\/aktualne\/czy-to-nie-jest-konkretny-wynik-prezydent-podkreslil-rzeczywiste-wyniki-spotkania-w-bialym-domu\/"},"wordCount":532,"commentCount":0,"publisher":{"@id":"https:\/\/www.pogotowieflagowe.pl\/aktualne\/#organization"},"image":{"@id":"https:\/\/www.pogotowieflagowe.pl\/aktualne\/czy-to-nie-jest-konkretny-wynik-prezydent-podkreslil-rzeczywiste-wyniki-spotkania-w-bialym-domu\/#primaryimage"},"thumbnailUrl":"https:\/\/www.pogotowieflagowe.pl\/aktualne\/wp-content\/uploads\/2025\/11\/\u201eCzy-to-nie-jest-konkretny-wynik-Prezydent-podkreslil-rzeczywiste-wyniki.webp.webp","keywords":["Bia\u0142ym","Czy","domu","jest","konkretny","Nie","podkre\u015bli\u0142","Prezydent","rzeczywiste","spotkania","wynik","wyniki"],"articleSection":["Aktualne"],"inLanguage":"pl-PL","potentialAction":[{"@type":"CommentAction","name":"Comment","target":["https:\/\/www.pogotowieflagowe.pl\/aktualne\/czy-to-nie-jest-konkretny-wynik-prezydent-podkreslil-rzeczywiste-wyniki-spotkania-w-bialym-domu\/#respond"]}]},{"@type":"WebPage","@id":"https:\/\/www.pogotowieflagowe.pl\/aktualne\/czy-to-nie-jest-konkretny-wynik-prezydent-podkreslil-rzeczywiste-wyniki-spotkania-w-bialym-domu\/","url":"https:\/\/www.pogotowieflagowe.pl\/aktualne\/czy-to-nie-jest-konkretny-wynik-prezydent-podkreslil-rzeczywiste-wyniki-spotkania-w-bialym-domu\/","name":"\u201eCzy to nie jest konkretny wynik?\u201d Prezydent podkre\u015bli\u0142 rzeczywiste wyniki spotkania w Bia\u0142ym Domu - POGOTOWIE FLAGOWE\u00ae","isPartOf":{"@id":"https:\/\/www.pogotowieflagowe.pl\/aktualne\/#website"},"primaryImageOfPage":{"@id":"https:\/\/www.pogotowieflagowe.pl\/aktualne\/czy-to-nie-jest-konkretny-wynik-prezydent-podkreslil-rzeczywiste-wyniki-spotkania-w-bialym-domu\/#primaryimage"},"image":{"@id":"https:\/\/www.pogotowieflagowe.pl\/aktualne\/czy-to-nie-jest-konkretny-wynik-prezydent-podkreslil-rzeczywiste-wyniki-spotkania-w-bialym-domu\/#primaryimage"},"thumbnailUrl":"https:\/\/www.pogotowieflagowe.pl\/aktualne\/wp-content\/uploads\/2025\/11\/\u201eCzy-to-nie-jest-konkretny-wynik-Prezydent-podkreslil-rzeczywiste-wyniki.webp.webp","datePublished":"2025-11-14T20:55:25+00:00","dateModified":"2025-11-14T20:55:26+00:00","breadcrumb":{"@id":"https:\/\/www.pogotowieflagowe.pl\/aktualne\/czy-to-nie-jest-konkretny-wynik-prezydent-podkreslil-rzeczywiste-wyniki-spotkania-w-bialym-domu\/#breadcrumb"},"inLanguage":"pl-PL","potentialAction":[{"@type":"ReadAction","target":["https:\/\/www.pogotowieflagowe.pl\/aktualne\/czy-to-nie-jest-konkretny-wynik-prezydent-podkreslil-rzeczywiste-wyniki-spotkania-w-bialym-domu\/"]}]},{"@type":"ImageObject","inLanguage":"pl-PL","@id":"https:\/\/www.pogotowieflagowe.pl\/aktualne\/czy-to-nie-jest-konkretny-wynik-prezydent-podkreslil-rzeczywiste-wyniki-spotkania-w-bialym-domu\/#primaryimage","url":"https:\/\/www.pogotowieflagowe.pl\/aktualne\/wp-content\/uploads\/2025\/11\/\u201eCzy-to-nie-jest-konkretny-wynik-Prezydent-podkreslil-rzeczywiste-wyniki.webp.webp","contentUrl":"https:\/\/www.pogotowieflagowe.pl\/aktualne\/wp-content\/uploads\/2025\/11\/\u201eCzy-to-nie-jest-konkretny-wynik-Prezydent-podkreslil-rzeczywiste-wyniki.webp.webp","width":1280,"height":720,"caption":"\u201eCzy to nie jest konkretny wynik?\u201d Prezydent podkre\u015bli\u0142 rzeczywiste wyniki spotkania w Bia\u0142ym Domu"},{"@type":"BreadcrumbList","@id":"https:\/\/www.pogotowieflagowe.pl\/aktualne\/czy-to-nie-jest-konkretny-wynik-prezydent-podkreslil-rzeczywiste-wyniki-spotkania-w-bialym-domu\/#breadcrumb","itemListElement":[{"@type":"ListItem","position":1,"name":"Home","item":"https:\/\/www.pogotowieflagowe.pl\/aktualne\/"},{"@type":"ListItem","position":2,"name":"\u201eCzy to nie jest konkretny wynik?\u201d Prezydent podkre\u015bli\u0142 rzeczywiste wyniki spotkania w Bia\u0142ym Domu"}]},{"@type":"WebSite","@id":"https:\/\/www.pogotowieflagowe.pl\/aktualne\/#website","url":"https:\/\/www.pogotowieflagowe.pl\/aktualne\/","name":"POGOTOWIE FLAGOWE\u00ae","description":"","publisher":{"@id":"https:\/\/www.pogotowieflagowe.pl\/aktualne\/#organization"},"potentialAction":[{"@type":"SearchAction","target":{"@type":"EntryPoint","urlTemplate":"https:\/\/www.pogotowieflagowe.pl\/aktualne\/?s={search_term_string}"},"query-input":"required name=search_term_string"}],"inLanguage":"pl-PL"},{"@type":"Organization","@id":"https:\/\/www.pogotowieflagowe.pl\/aktualne\/#organization","name":"POGOTOWIE FLAGOWE\u00ae","url":"https:\/\/www.pogotowieflagowe.pl\/aktualne\/","logo":{"@type":"ImageObject","inLanguage":"pl-PL","@id":"https:\/\/www.pogotowieflagowe.pl\/aktualne\/#\/schema\/logo\/image\/","url":"https:\/\/www.pogotowieflagowe.pl\/aktualne\/wp-content\/uploads\/2024\/08\/cropped-pogotowieflagowe_flaga_projekt_sm.jpg","contentUrl":"https:\/\/www.pogotowieflagowe.pl\/aktualne\/wp-content\/uploads\/2024\/08\/cropped-pogotowieflagowe_flaga_projekt_sm.jpg","width":250,"height":143,"caption":"POGOTOWIE FLAGOWE\u00ae"},"image":{"@id":"https:\/\/www.pogotowieflagowe.pl\/aktualne\/#\/schema\/logo\/image\/"}},{"@type":"Person","@id":"https:\/\/www.pogotowieflagowe.pl\/aktualne\/#\/schema\/person\/9c2fb7d2362ebf6fa088960d7f0d27b0","name":"Filip","image":{"@type":"ImageObject","inLanguage":"pl-PL","@id":"https:\/\/www.pogotowieflagowe.pl\/aktualne\/#\/schema\/person\/image\/","url":"https:\/\/www.pogotowieflagowe.pl\/aktualne\/wp-content\/uploads\/2024\/08\/pogotowieflagowe.pl_.jpg","contentUrl":"https:\/\/www.pogotowieflagowe.pl\/aktualne\/wp-content\/uploads\/2024\/08\/pogotowieflagowe.pl_.jpg","caption":"Filip"},"description":"Jestem Filip, polski dziennikarz z dyplomem nauk politycznych Uniwersytetu Warszawskiego. Rozpoczynaj\u0105c swoj\u0105 karier\u0119 w r\u00f3\u017cnych lokalnych mediach, zdoby\u0142em solidne do\u015bwiadczenie w zakresie \u015bledztwa i redakcji. Obecnie jako redaktor w Pogotowie flagowe, staram si\u0119 dostarcza\u0107 dog\u0142\u0119bne i istotne analizy na temat najwa\u017cniejszych kwestii aktualno\u015bci, \u0142\u0105cz\u0105c rygor z pasj\u0105 dziennikarsk\u0105.","sameAs":["https:\/\/www.pogotowieflagowe.pl\/"]}]}},"_links":{"self":[{"href":"https:\/\/www.pogotowieflagowe.pl\/aktualne\/wp-json\/wp\/v2\/posts\/10554","targetHints":{"allow":["GET"]}}],"collection":[{"href":"https:\/\/www.pogotowieflagowe.pl\/aktualne\/wp-json\/wp\/v2\/posts"}],"about":[{"href":"https:\/\/www.pogotowieflagowe.pl\/aktualne\/wp-json\/wp\/v2\/types\/post"}],"author":[{"embeddable":true,"href":"https:\/\/www.pogotowieflagowe.pl\/aktualne\/wp-json\/wp\/v2\/users\/1"}],"replies":[{"embeddable":true,"href":"https:\/\/www.pogotowieflagowe.pl\/aktualne\/wp-json\/wp\/v2\/comments?post=10554"}],"version-history":[{"count":1,"href":"https:\/\/www.pogotowieflagowe.pl\/aktualne\/wp-json\/wp\/v2\/posts\/10554\/revisions"}],"predecessor-version":[{"id":10556,"href":"https:\/\/www.pogotowieflagowe.pl\/aktualne\/wp-json\/wp\/v2\/posts\/10554\/revisions\/10556"}],"wp:featuredmedia":[{"embeddable":true,"href":"https:\/\/www.pogotowieflagowe.pl\/aktualne\/wp-json\/wp\/v2\/media\/10555"}],"wp:attachment":[{"href":"https:\/\/www.pogotowieflagowe.pl\/aktualne\/wp-json\/wp\/v2\/media?parent=10554"}],"wp:term":[{"taxonomy":"category","embeddable":true,"href":"https:\/\/www.pogotowieflagowe.pl\/aktualne\/wp-json\/wp\/v2\/categories?post=10554"},{"taxonomy":"post_tag","embeddable":true,"href":"https:\/\/www.pogotowieflagowe.pl\/aktualne\/wp-json\/wp\/v2\/tags?post=10554"}],"curies":[{"name":"wp","href":"https:\/\/api.w.org\/{rel}","templated":true}]}}