{"id":10560,"date":"2025-11-15T00:11:26","date_gmt":"2025-11-14T23:11:26","guid":{"rendered":"https:\/\/www.pogotowieflagowe.pl\/aktualne\/prezydent-nawrocki-uczestniczy-w-meczu-w-ktorym-polska-pewnie-gra-w-meczu-11-z-holandia\/"},"modified":"2025-11-15T00:11:26","modified_gmt":"2025-11-14T23:11:26","slug":"prezydent-nawrocki-uczestniczy-w-meczu-w-ktorym-polska-pewnie-gra-w-meczu-11-z-holandia","status":"publish","type":"post","link":"https:\/\/www.pogotowieflagowe.pl\/aktualne\/prezydent-nawrocki-uczestniczy-w-meczu-w-ktorym-polska-pewnie-gra-w-meczu-11-z-holandia\/","title":{"rendered":"Prezydent Nawrocki uczestniczy w meczu, w kt\u00f3rym Polska pewnie gra w meczu 1:1 z Holandi\u0105"},"content":{"rendered":"\n<div class=\"td_block_wrap tdb_single_content tdi_41 td-pb-border-top td_block_template_8 td-post-content tagdiv-type\" data-td-block-uid=\"tdi_41\">\n<style>.tdi_41{margines-top:0px!important;margin-bottom:0px!important;dope\u0142nienie-g\u00f3ra:0px!important;dope\u0142nienie-d\u00f3\u0142:0px!important}<\/style>\n<style>.tdb_single_content{margin-bottom:0;*zoom:1}.tdb_single_content:before,.tdb_single_content:after{display:table;content:'';line-height:0}.tdb_single_content:after{clear:both}.tdb_single_content .tdb-block-inner>*:not(.wp-block-quote):not(.alignwide):not(.alignfull.wp-block-cover.has-parallax):not(.td-a-ad){margin-left:auto;margin-right:auto}.tdb_single_content a{pointer-events:auto}.tdb_single_content .td-spot-id-top_ad .tdc-placeholder-title:before{content:'Najlepsza reklama artyku\u0142u'!important}.tdb_single_content .td-spot-id-inline_ad0 .tdc-placeholder-title:before{content:'Reklama wbudowana artyku\u0142u 1'!important}.tdb_single_content .td-spot-id-inline_ad1 .tdc-placeholder-title:before{content:'Reklama wbudowana w artyku\u0142 2'!important}.tdb_single_content .td-spot-id-inline_ad2 .tdc-placeholder-title:before{content:'Reklama wbudowana w artyku\u0142 3'!important}.tdb_single_content .td-spot-id-bottom_ad .tdc-placeholder-title:before{content:'Article Bottom Ad'!important}.tdb_single_content .id_top_ad,.tdb_single_content .id_bottom_ad{clear:both;margin-bottom:21px;text-align:center}.tdb_single_content .id_top_ad img,.tdb_single_content .id_bottom_ad img{margin-bottom:0}.tdb_single_content .id_top_ad .adsbygoogle,.tdb_single_content .id_bottom_ad .adsbygoogle{position:relative}.tdb_single_content .id_ad_content-horiz-left,.tdb_single_content .id_ad_content-horiz-right,.tdb_single_content .id_ad_content-horiz-center{margin-bottom:15px}.tdb_single_content .id_ad_content-horiz-left img,.tdb_single_content .id_ad_content-horiz-right img,.tdb_single_content .id_ad_content-horiz-center img{margin-bottom:0}.tdb_single_content .id_ad_content-horiz-center{text-align:center}.tdb_single_content .id_ad_content-horiz-center img{margin-right:auto;margin-left:auto}.tdb_single_content .id_ad_content-horiz-left{float:left;margin-top:9px;margin-right:21px}.tdb_single_content .id_ad_content-horiz-right{float:right;margin-top:6px;margin-left:21px}.tdb_single_content .tdc-a-ad .tdc-placeholder-title{width:300px;height:250px}.tdb_single_content .tdc-a-ad .tdc-placeholder-title:before{position:absolute;top:50%;-webkit-transform:translateY(-50%);transform:translateY(-50%);margin:auto;display:table;width:100%}.tdb_single_content .tdb-block-inner.td-fix-index{word-break:break-word}.tdi_41,.tdi_41>p,.tdi_41 .tdb-block-inner>p,.wp-block-column>p{font-size:16px!important;line-height:1.6!important}.tdi_41 .tdb-block-inner blockquote p{font-style:normal!important}@media (max-width:767px){.tdb_single_content .id_ad_content-horiz-left,.tdb_single_content .id_ad_content-horiz-right,.tdb_single_content .id_ad_content-horiz-center{margin:0 auto 26 pikseli auto}}@media (max-width:767px){.tdb_single_content .id_ad_content-horiz-left{margin-right:0}}@media (max-width:767px){.tdb_single_content .id_ad_content-horiz-right{margin-left:0}}@media (max-width:767px){.tdb_single_content .td-a-ad{float:none;text-align:center}.tdb_single_content .td-a-ad img{margin-right:auto;margin-left:auto}.tdb_single_content .tdc-a-ad{float:none}}<\/style>\n<div class=\"tdb-block-inner td-fix-index\">\n<p>Wyst\u0119p prezydenta Karola Nawrockiego na PGE Narodowym sta\u0142 si\u0119 jednym z charakterystycznych moment\u00f3w towarzysz\u0105cych remisowi Polski 1:1 z Holandi\u0105 w eliminacjach mistrzostw \u015bwiata. G\u0142ow\u0119 pa\u0144stwa, kt\u00f3ry wcze\u015bniej potwierdzi\u0142 swoj\u0105 obecno\u015b\u0107 podczas spotkania w Mi\u0144sku Mazowieckim, powitano skandowaniem jego imienia ze strony polskich ultras\u00f3w. Przyj\u0119cie wyra\u017anie kontrastowa\u0142o z tym, jakie spotka\u0142o premiera Donalda Tuska na poprzednim mi\u0119dzynarodowym meczu w Kownie, gdzie kibice nie okazywali mu tyle ciep\u0142a.<\/p>\n<figure class=\"wp-block-embed is-type-rich is-provider-twitter wp-block-embed-twitter\">\n<div class=\"wp-block-embed__wrapper\">\n<blockquote class=\"twitter-tweet\" data-width=\"550\" data-dnt=\"true\">\n<p lang=\"pl\" dir=\"ltr\">Jestem \u201eKarol Nawrocki\u201d skandowany na trybunach PGE Narodowego przez stadionowy \u201em\u0142yn\u201d. <a rel=\"nofollow\" href=\"https:\/\/twitter.com\/NawrockiKn?ref_src=twsrc%5Etfw\">@NawrockiKn<\/a> <a rel=\"nofollow\" href=\"https:\/\/twitter.com\/PGENarodowy?ref_src=twsrc%5Etfw\">@PGENarodowy<\/a> <a rel=\"nofollow\" href=\"https:\/\/twitter.com\/LaczyNasPilka?ref_src=twsrc%5Etfw\">@\u0141aczyNasPilka<\/a> <a rel=\"nofollow\" href=\"https:\/\/twitter.com\/TygodnikWPROST?ref_src=twsrc%5Etfw\">@TygodnikWPROST<\/a> <a rel=\"nofollow\" href=\"https:\/\/twitter.com\/hashtag\/POLNED?src=hash&amp;ref_src=twsrc%5Etfw\">#POLNE<\/a> <a rel=\"nofollow\" href=\"https:\/\/t.co\/0nldOcTHvy\">pic.twitter.com\/0nldOcTHvy<\/a><\/p>\n<p>\u2014 Maciej Piasecki (@tojaempe) <a rel=\"nofollow\" href=\"https:\/\/twitter.com\/tojaempe\/status\/1989422712511762466?ref_src=twsrc%5Etfw\">14 listopada 2025 r<\/a><\/p><\/blockquote>\n<\/div>\n<\/figure>\n<p>Cho\u0107 trybuny zapewnia\u0142y w\u0142asne widowisko, mecz zapewni\u0142 zaskakuj\u0105co wyr\u00f3wnan\u0105 rywalizacj\u0119 z mocno faworyzowan\u0105 dru\u017cyn\u0105 holendersk\u0105. Zesp\u00f3\u0142 Jana Urbana, po niespodziewanej pora\u017cce Finlandii z Malt\u0105 zapewniony ju\u017c udzia\u0142 w bara\u017cach o Puchar \u015awiata, podszed\u0142 do meczu z poczuciem wolno\u015bci, ale tak\u017ce ze odwa\u017cnym podej\u015bciem taktycznym, wymuszonym licznymi kontuzjami.<\/p>\n<p>Polska rozpocz\u0119\u0142a agresywnie i ju\u017c w drugiej minucie by\u0142a bliska otwarcia wyniku po trafieniu Nicoli Zalewskiego. Po pocz\u0105tkowym okresie holenderskiej presji i stracie Sebastiana Szyma\u0144skiego z powodu kontuzji, gospodarze precyzyjnie uderzyli w ko\u0144c\u00f3wce pierwszej po\u0142owy. Robert Lewandowski w kontrataku wypu\u015bci\u0142 Jakuba Kami\u0144skiego, a skrzyd\u0142owy zako\u0144czy\u0142 akcj\u0119 z niezwyk\u0142ym spokojem.<\/p>\n<figure class=\"wp-block-embed is-type-rich is-provider-twitter wp-block-embed-twitter\">\n<div class=\"wp-block-embed__wrapper\">\n<blockquote class=\"twitter-tweet\" data-width=\"550\" data-dnt=\"true\">\n<p lang=\"pl\" dir=\"ltr\">\ud835\udc0f\ud835\udc11\ud835\udc0e\ud835\udc16\ud835\udc00\ud835\udc03\ud835\udc19\ud835\udc08\ud835\udc0c\ud835\udc18 \ud835\udc19 \ud835\udc07\ud835\udc0e\ud835\udc0b\ud835\udc00\ud835\udc0d\ud835\udc03\ud835\udc08\ud835\udc00\u0328! \ud83c\uddf5\ud83c\uddf1\ud83d\udd25<\/p>\n<p>Lewandowski do Kami\u0144skiego, kapitalna akcja!<\/p>\n<p>\ud83d\udd34\ud83d\udcf2 OGL\u0104DAJ \ud83d\udc49 https:\/\/t.co\/KfVAnXDc6J <a rel=\"nofollow\" href=\"https:\/\/t.co\/r4YCVLeZtF\">pic.twitter.com\/r4YCVLeZtF<\/a><\/p>\n<p>\u2014 TVP SPORT (@sport_tvppl) <a rel=\"nofollow\" href=\"https:\/\/twitter.com\/sport_tvppl\/status\/1989433892068069559?ref_src=twsrc%5Etfw\">14 listopada 2025 r<\/a><\/p><\/blockquote>\n<\/div>\n<\/figure>\n<p>Holendrzy wyr\u00f3wnali wkr\u00f3tce po przerwie, a chaos w polskim polu karnym wykorzysta\u0142 Memphis Depay. Mimo kilku obiecuj\u0105cych akcji ofensywnych \u2013 w tym niebezpiecznej pr\u00f3by Lewandowskiego obronionej instynktownie przez Barta Verbruggena \u2013 dru\u017cynie Urbana nie uda\u0142o si\u0119 odzyska\u0107 prowadzenia. Mimo to wyst\u0119p odzwierciedla\u0142 odporno\u015b\u0107 i ambicje taktyczne, daj\u0105c obiecuj\u0105ce sygna\u0142y przed ostatnim meczem grupowym na Malcie i decyduj\u0105c\u0105 kampani\u0105 play-off w marcu 2026 r.<\/p>\n<p><strong>Polska \u2013 Holandia 1:1<\/strong><\/p>\n<p><strong>Bramki: J. Kami\u0144ski 43\u2032 \u2013 M. Depay 47\u2032<\/strong><\/p>\n<\/p>\n<\/div>\n<\/div>\n<p><script async src=\"https:\/\/platform.twitter.com\/widgets.js\" charset=\"utf-8\"><\/script><\/p>\n","protected":false},"excerpt":{"rendered":"<p>Wyst\u0119p prezydenta Karola Nawrockiego na PGE Narodowym sta\u0142 si\u0119 jednym z charakterystycznych moment\u00f3w towarzysz\u0105cych remisowi Polski 1:1 z Holandi\u0105 w<\/p>\n","protected":false},"author":1,"featured_media":10558,"comment_status":"open","ping_status":"open","sticky":false,"template":"","format":"standard","meta":{"footnotes":""},"categories":[118],"tags":[3190,1228,5082,829,2727,12020,4,341,12019],"class_list":["post-10560","post","type-post","status-publish","format-standard","has-post-thumbnail","hentry","category-lekkoatletyka","tag-gra","tag-holandia","tag-ktorym","tag-meczu","tag-nawrocki","tag-pewnie","tag-polska","tag-prezydent","tag-uczestniczy","generate-columns","tablet-grid-50","mobile-grid-100","grid-parent","grid-50","resize-featured-image"],"yoast_head":"<!-- This site is optimized with the Yoast SEO plugin v23.2 - https:\/\/yoast.com\/wordpress\/plugins\/seo\/ -->\n<title>Prezydent Nawrocki uczestniczy w meczu, w kt\u00f3rym Polska pewnie gra w meczu 1:1 z Holandi\u0105 - POGOTOWIE FLAGOWE\u00ae<\/title>\n<meta name=\"robots\" content=\"index, follow, max-snippet:-1, max-image-preview:large, max-video-preview:-1\" \/>\n<link rel=\"canonical\" href=\"https:\/\/www.pogotowieflagowe.pl\/aktualne\/prezydent-nawrocki-uczestniczy-w-meczu-w-ktorym-polska-pewnie-gra-w-meczu-11-z-holandia\/\" \/>\n<meta property=\"og:locale\" content=\"pl_PL\" \/>\n<meta property=\"og:type\" content=\"article\" \/>\n<meta property=\"og:title\" content=\"Prezydent Nawrocki uczestniczy w meczu, w kt\u00f3rym Polska pewnie gra w meczu 1:1 z Holandi\u0105 - POGOTOWIE FLAGOWE\u00ae\" \/>\n<meta property=\"og:description\" content=\"Wyst\u0119p prezydenta Karola Nawrockiego na PGE Narodowym sta\u0142 si\u0119 jednym z charakterystycznych moment\u00f3w towarzysz\u0105cych remisowi Polski 1:1 z Holandi\u0105 w\" \/>\n<meta property=\"og:url\" content=\"https:\/\/www.pogotowieflagowe.pl\/aktualne\/prezydent-nawrocki-uczestniczy-w-meczu-w-ktorym-polska-pewnie-gra-w-meczu-11-z-holandia\/\" \/>\n<meta property=\"og:site_name\" content=\"POGOTOWIE FLAGOWE\u00ae\" \/>\n<meta property=\"article:published_time\" content=\"2025-11-14T23:11:26+00:00\" \/>\n<meta property=\"og:image\" content=\"https:\/\/www.pogotowieflagowe.pl\/aktualne\/wp-content\/uploads\/2025\/11\/Prezydent-Nawrocki-cieszy-sie-glosnym-poparciem-gdy-Polska-osiaga-dobry.webp.webp\" \/>\n\t<meta property=\"og:image:width\" content=\"1280\" \/>\n\t<meta property=\"og:image:height\" content=\"720\" \/>\n\t<meta property=\"og:image:type\" content=\"image\/webp\" \/>\n<meta name=\"author\" content=\"Filip\" \/>\n<meta name=\"twitter:card\" content=\"summary_large_image\" \/>\n<meta name=\"twitter:label1\" content=\"Napisane przez\" \/>\n\t<meta name=\"twitter:data1\" content=\"Filip\" \/>\n\t<meta name=\"twitter:label2\" content=\"Szacowany czas czytania\" \/>\n\t<meta name=\"twitter:data2\" content=\"2 minuty\" \/>\n<script type=\"application\/ld+json\" class=\"yoast-schema-graph\">{\"@context\":\"https:\/\/schema.org\",\"@graph\":[{\"@type\":\"Article\",\"@id\":\"https:\/\/www.pogotowieflagowe.pl\/aktualne\/prezydent-nawrocki-uczestniczy-w-meczu-w-ktorym-polska-pewnie-gra-w-meczu-11-z-holandia\/#article\",\"isPartOf\":{\"@id\":\"https:\/\/www.pogotowieflagowe.pl\/aktualne\/prezydent-nawrocki-uczestniczy-w-meczu-w-ktorym-polska-pewnie-gra-w-meczu-11-z-holandia\/\"},\"author\":{\"name\":\"Filip\",\"@id\":\"https:\/\/www.pogotowieflagowe.pl\/aktualne\/#\/schema\/person\/9c2fb7d2362ebf6fa088960d7f0d27b0\"},\"headline\":\"Prezydent Nawrocki uczestniczy w meczu, w kt\u00f3rym Polska pewnie gra w meczu 1:1 z Holandi\u0105\",\"datePublished\":\"2025-11-14T23:11:26+00:00\",\"dateModified\":\"2025-11-14T23:11:26+00:00\",\"mainEntityOfPage\":{\"@id\":\"https:\/\/www.pogotowieflagowe.pl\/aktualne\/prezydent-nawrocki-uczestniczy-w-meczu-w-ktorym-polska-pewnie-gra-w-meczu-11-z-holandia\/\"},\"wordCount\":343,\"commentCount\":0,\"publisher\":{\"@id\":\"https:\/\/www.pogotowieflagowe.pl\/aktualne\/#organization\"},\"image\":{\"@id\":\"https:\/\/www.pogotowieflagowe.pl\/aktualne\/prezydent-nawrocki-uczestniczy-w-meczu-w-ktorym-polska-pewnie-gra-w-meczu-11-z-holandia\/#primaryimage\"},\"thumbnailUrl\":\"https:\/\/www.pogotowieflagowe.pl\/aktualne\/wp-content\/uploads\/2025\/11\/Prezydent-Nawrocki-cieszy-sie-glosnym-poparciem-gdy-Polska-osiaga-dobry.webp.webp\",\"keywords\":[\"Gra\",\"Holandi\u0105\",\"kt\u00f3rym\",\"meczu\",\"Nawrocki\",\"pewnie\",\"polska\",\"Prezydent\",\"uczestniczy\"],\"articleSection\":[\"Lekkoatletyka\"],\"inLanguage\":\"pl-PL\",\"potentialAction\":[{\"@type\":\"CommentAction\",\"name\":\"Comment\",\"target\":[\"https:\/\/www.pogotowieflagowe.pl\/aktualne\/prezydent-nawrocki-uczestniczy-w-meczu-w-ktorym-polska-pewnie-gra-w-meczu-11-z-holandia\/#respond\"]}]},{\"@type\":\"WebPage\",\"@id\":\"https:\/\/www.pogotowieflagowe.pl\/aktualne\/prezydent-nawrocki-uczestniczy-w-meczu-w-ktorym-polska-pewnie-gra-w-meczu-11-z-holandia\/\",\"url\":\"https:\/\/www.pogotowieflagowe.pl\/aktualne\/prezydent-nawrocki-uczestniczy-w-meczu-w-ktorym-polska-pewnie-gra-w-meczu-11-z-holandia\/\",\"name\":\"Prezydent Nawrocki uczestniczy w meczu, w kt\u00f3rym Polska pewnie gra w meczu 1:1 z Holandi\u0105 - POGOTOWIE FLAGOWE\u00ae\",\"isPartOf\":{\"@id\":\"https:\/\/www.pogotowieflagowe.pl\/aktualne\/#website\"},\"primaryImageOfPage\":{\"@id\":\"https:\/\/www.pogotowieflagowe.pl\/aktualne\/prezydent-nawrocki-uczestniczy-w-meczu-w-ktorym-polska-pewnie-gra-w-meczu-11-z-holandia\/#primaryimage\"},\"image\":{\"@id\":\"https:\/\/www.pogotowieflagowe.pl\/aktualne\/prezydent-nawrocki-uczestniczy-w-meczu-w-ktorym-polska-pewnie-gra-w-meczu-11-z-holandia\/#primaryimage\"},\"thumbnailUrl\":\"https:\/\/www.pogotowieflagowe.pl\/aktualne\/wp-content\/uploads\/2025\/11\/Prezydent-Nawrocki-cieszy-sie-glosnym-poparciem-gdy-Polska-osiaga-dobry.webp.webp\",\"datePublished\":\"2025-11-14T23:11:26+00:00\",\"dateModified\":\"2025-11-14T23:11:26+00:00\",\"breadcrumb\":{\"@id\":\"https:\/\/www.pogotowieflagowe.pl\/aktualne\/prezydent-nawrocki-uczestniczy-w-meczu-w-ktorym-polska-pewnie-gra-w-meczu-11-z-holandia\/#breadcrumb\"},\"inLanguage\":\"pl-PL\",\"potentialAction\":[{\"@type\":\"ReadAction\",\"target\":[\"https:\/\/www.pogotowieflagowe.pl\/aktualne\/prezydent-nawrocki-uczestniczy-w-meczu-w-ktorym-polska-pewnie-gra-w-meczu-11-z-holandia\/\"]}]},{\"@type\":\"ImageObject\",\"inLanguage\":\"pl-PL\",\"@id\":\"https:\/\/www.pogotowieflagowe.pl\/aktualne\/prezydent-nawrocki-uczestniczy-w-meczu-w-ktorym-polska-pewnie-gra-w-meczu-11-z-holandia\/#primaryimage\",\"url\":\"https:\/\/www.pogotowieflagowe.pl\/aktualne\/wp-content\/uploads\/2025\/11\/Prezydent-Nawrocki-cieszy-sie-glosnym-poparciem-gdy-Polska-osiaga-dobry.webp.webp\",\"contentUrl\":\"https:\/\/www.pogotowieflagowe.pl\/aktualne\/wp-content\/uploads\/2025\/11\/Prezydent-Nawrocki-cieszy-sie-glosnym-poparciem-gdy-Polska-osiaga-dobry.webp.webp\",\"width\":1280,\"height\":720,\"caption\":\"Prezydent Nawrocki cieszy si\u0119 g\u0142o\u015bnym poparciem, gdy Polska osi\u0105ga dobry wynik w meczu z Holandi\u0105\"},{\"@type\":\"BreadcrumbList\",\"@id\":\"https:\/\/www.pogotowieflagowe.pl\/aktualne\/prezydent-nawrocki-uczestniczy-w-meczu-w-ktorym-polska-pewnie-gra-w-meczu-11-z-holandia\/#breadcrumb\",\"itemListElement\":[{\"@type\":\"ListItem\",\"position\":1,\"name\":\"Home\",\"item\":\"https:\/\/www.pogotowieflagowe.pl\/aktualne\/\"},{\"@type\":\"ListItem\",\"position\":2,\"name\":\"Prezydent Nawrocki uczestniczy w meczu, w kt\u00f3rym Polska pewnie gra w meczu 1:1 z Holandi\u0105\"}]},{\"@type\":\"WebSite\",\"@id\":\"https:\/\/www.pogotowieflagowe.pl\/aktualne\/#website\",\"url\":\"https:\/\/www.pogotowieflagowe.pl\/aktualne\/\",\"name\":\"POGOTOWIE FLAGOWE\u00ae\",\"description\":\"\",\"publisher\":{\"@id\":\"https:\/\/www.pogotowieflagowe.pl\/aktualne\/#organization\"},\"potentialAction\":[{\"@type\":\"SearchAction\",\"target\":{\"@type\":\"EntryPoint\",\"urlTemplate\":\"https:\/\/www.pogotowieflagowe.pl\/aktualne\/?s={search_term_string}\"},\"query-input\":\"required name=search_term_string\"}],\"inLanguage\":\"pl-PL\"},{\"@type\":\"Organization\",\"@id\":\"https:\/\/www.pogotowieflagowe.pl\/aktualne\/#organization\",\"name\":\"POGOTOWIE FLAGOWE\u00ae\",\"url\":\"https:\/\/www.pogotowieflagowe.pl\/aktualne\/\",\"logo\":{\"@type\":\"ImageObject\",\"inLanguage\":\"pl-PL\",\"@id\":\"https:\/\/www.pogotowieflagowe.pl\/aktualne\/#\/schema\/logo\/image\/\",\"url\":\"https:\/\/www.pogotowieflagowe.pl\/aktualne\/wp-content\/uploads\/2024\/08\/cropped-pogotowieflagowe_flaga_projekt_sm.jpg\",\"contentUrl\":\"https:\/\/www.pogotowieflagowe.pl\/aktualne\/wp-content\/uploads\/2024\/08\/cropped-pogotowieflagowe_flaga_projekt_sm.jpg\",\"width\":250,\"height\":143,\"caption\":\"POGOTOWIE FLAGOWE\u00ae\"},\"image\":{\"@id\":\"https:\/\/www.pogotowieflagowe.pl\/aktualne\/#\/schema\/logo\/image\/\"}},{\"@type\":\"Person\",\"@id\":\"https:\/\/www.pogotowieflagowe.pl\/aktualne\/#\/schema\/person\/9c2fb7d2362ebf6fa088960d7f0d27b0\",\"name\":\"Filip\",\"image\":{\"@type\":\"ImageObject\",\"inLanguage\":\"pl-PL\",\"@id\":\"https:\/\/www.pogotowieflagowe.pl\/aktualne\/#\/schema\/person\/image\/\",\"url\":\"https:\/\/www.pogotowieflagowe.pl\/aktualne\/wp-content\/uploads\/2024\/08\/pogotowieflagowe.pl_.jpg\",\"contentUrl\":\"https:\/\/www.pogotowieflagowe.pl\/aktualne\/wp-content\/uploads\/2024\/08\/pogotowieflagowe.pl_.jpg\",\"caption\":\"Filip\"},\"description\":\"Jestem Filip, polski dziennikarz z dyplomem nauk politycznych Uniwersytetu Warszawskiego. Rozpoczynaj\u0105c swoj\u0105 karier\u0119 w r\u00f3\u017cnych lokalnych mediach, zdoby\u0142em solidne do\u015bwiadczenie w zakresie \u015bledztwa i redakcji. Obecnie jako redaktor w Pogotowie flagowe, staram si\u0119 dostarcza\u0107 dog\u0142\u0119bne i istotne analizy na temat najwa\u017cniejszych kwestii aktualno\u015bci, \u0142\u0105cz\u0105c rygor z pasj\u0105 dziennikarsk\u0105.\",\"sameAs\":[\"https:\/\/www.pogotowieflagowe.pl\/\"]}]}<\/script>\n<!-- \/ Yoast SEO plugin. -->","yoast_head_json":{"title":"Prezydent Nawrocki uczestniczy w meczu, w kt\u00f3rym Polska pewnie gra w meczu 1:1 z Holandi\u0105 - POGOTOWIE FLAGOWE\u00ae","robots":{"index":"index","follow":"follow","max-snippet":"max-snippet:-1","max-image-preview":"max-image-preview:large","max-video-preview":"max-video-preview:-1"},"canonical":"https:\/\/www.pogotowieflagowe.pl\/aktualne\/prezydent-nawrocki-uczestniczy-w-meczu-w-ktorym-polska-pewnie-gra-w-meczu-11-z-holandia\/","og_locale":"pl_PL","og_type":"article","og_title":"Prezydent Nawrocki uczestniczy w meczu, w kt\u00f3rym Polska pewnie gra w meczu 1:1 z Holandi\u0105 - POGOTOWIE FLAGOWE\u00ae","og_description":"Wyst\u0119p prezydenta Karola Nawrockiego na PGE Narodowym sta\u0142 si\u0119 jednym z charakterystycznych moment\u00f3w towarzysz\u0105cych remisowi Polski 1:1 z Holandi\u0105 w","og_url":"https:\/\/www.pogotowieflagowe.pl\/aktualne\/prezydent-nawrocki-uczestniczy-w-meczu-w-ktorym-polska-pewnie-gra-w-meczu-11-z-holandia\/","og_site_name":"POGOTOWIE FLAGOWE\u00ae","article_published_time":"2025-11-14T23:11:26+00:00","og_image":[{"width":1280,"height":720,"url":"https:\/\/www.pogotowieflagowe.pl\/aktualne\/wp-content\/uploads\/2025\/11\/Prezydent-Nawrocki-cieszy-sie-glosnym-poparciem-gdy-Polska-osiaga-dobry.webp.webp","type":"image\/webp"}],"author":"Filip","twitter_card":"summary_large_image","twitter_misc":{"Napisane przez":"Filip","Szacowany czas czytania":"2 minuty"},"schema":{"@context":"https:\/\/schema.org","@graph":[{"@type":"Article","@id":"https:\/\/www.pogotowieflagowe.pl\/aktualne\/prezydent-nawrocki-uczestniczy-w-meczu-w-ktorym-polska-pewnie-gra-w-meczu-11-z-holandia\/#article","isPartOf":{"@id":"https:\/\/www.pogotowieflagowe.pl\/aktualne\/prezydent-nawrocki-uczestniczy-w-meczu-w-ktorym-polska-pewnie-gra-w-meczu-11-z-holandia\/"},"author":{"name":"Filip","@id":"https:\/\/www.pogotowieflagowe.pl\/aktualne\/#\/schema\/person\/9c2fb7d2362ebf6fa088960d7f0d27b0"},"headline":"Prezydent Nawrocki uczestniczy w meczu, w kt\u00f3rym Polska pewnie gra w meczu 1:1 z Holandi\u0105","datePublished":"2025-11-14T23:11:26+00:00","dateModified":"2025-11-14T23:11:26+00:00","mainEntityOfPage":{"@id":"https:\/\/www.pogotowieflagowe.pl\/aktualne\/prezydent-nawrocki-uczestniczy-w-meczu-w-ktorym-polska-pewnie-gra-w-meczu-11-z-holandia\/"},"wordCount":343,"commentCount":0,"publisher":{"@id":"https:\/\/www.pogotowieflagowe.pl\/aktualne\/#organization"},"image":{"@id":"https:\/\/www.pogotowieflagowe.pl\/aktualne\/prezydent-nawrocki-uczestniczy-w-meczu-w-ktorym-polska-pewnie-gra-w-meczu-11-z-holandia\/#primaryimage"},"thumbnailUrl":"https:\/\/www.pogotowieflagowe.pl\/aktualne\/wp-content\/uploads\/2025\/11\/Prezydent-Nawrocki-cieszy-sie-glosnym-poparciem-gdy-Polska-osiaga-dobry.webp.webp","keywords":["Gra","Holandi\u0105","kt\u00f3rym","meczu","Nawrocki","pewnie","polska","Prezydent","uczestniczy"],"articleSection":["Lekkoatletyka"],"inLanguage":"pl-PL","potentialAction":[{"@type":"CommentAction","name":"Comment","target":["https:\/\/www.pogotowieflagowe.pl\/aktualne\/prezydent-nawrocki-uczestniczy-w-meczu-w-ktorym-polska-pewnie-gra-w-meczu-11-z-holandia\/#respond"]}]},{"@type":"WebPage","@id":"https:\/\/www.pogotowieflagowe.pl\/aktualne\/prezydent-nawrocki-uczestniczy-w-meczu-w-ktorym-polska-pewnie-gra-w-meczu-11-z-holandia\/","url":"https:\/\/www.pogotowieflagowe.pl\/aktualne\/prezydent-nawrocki-uczestniczy-w-meczu-w-ktorym-polska-pewnie-gra-w-meczu-11-z-holandia\/","name":"Prezydent Nawrocki uczestniczy w meczu, w kt\u00f3rym Polska pewnie gra w meczu 1:1 z Holandi\u0105 - POGOTOWIE FLAGOWE\u00ae","isPartOf":{"@id":"https:\/\/www.pogotowieflagowe.pl\/aktualne\/#website"},"primaryImageOfPage":{"@id":"https:\/\/www.pogotowieflagowe.pl\/aktualne\/prezydent-nawrocki-uczestniczy-w-meczu-w-ktorym-polska-pewnie-gra-w-meczu-11-z-holandia\/#primaryimage"},"image":{"@id":"https:\/\/www.pogotowieflagowe.pl\/aktualne\/prezydent-nawrocki-uczestniczy-w-meczu-w-ktorym-polska-pewnie-gra-w-meczu-11-z-holandia\/#primaryimage"},"thumbnailUrl":"https:\/\/www.pogotowieflagowe.pl\/aktualne\/wp-content\/uploads\/2025\/11\/Prezydent-Nawrocki-cieszy-sie-glosnym-poparciem-gdy-Polska-osiaga-dobry.webp.webp","datePublished":"2025-11-14T23:11:26+00:00","dateModified":"2025-11-14T23:11:26+00:00","breadcrumb":{"@id":"https:\/\/www.pogotowieflagowe.pl\/aktualne\/prezydent-nawrocki-uczestniczy-w-meczu-w-ktorym-polska-pewnie-gra-w-meczu-11-z-holandia\/#breadcrumb"},"inLanguage":"pl-PL","potentialAction":[{"@type":"ReadAction","target":["https:\/\/www.pogotowieflagowe.pl\/aktualne\/prezydent-nawrocki-uczestniczy-w-meczu-w-ktorym-polska-pewnie-gra-w-meczu-11-z-holandia\/"]}]},{"@type":"ImageObject","inLanguage":"pl-PL","@id":"https:\/\/www.pogotowieflagowe.pl\/aktualne\/prezydent-nawrocki-uczestniczy-w-meczu-w-ktorym-polska-pewnie-gra-w-meczu-11-z-holandia\/#primaryimage","url":"https:\/\/www.pogotowieflagowe.pl\/aktualne\/wp-content\/uploads\/2025\/11\/Prezydent-Nawrocki-cieszy-sie-glosnym-poparciem-gdy-Polska-osiaga-dobry.webp.webp","contentUrl":"https:\/\/www.pogotowieflagowe.pl\/aktualne\/wp-content\/uploads\/2025\/11\/Prezydent-Nawrocki-cieszy-sie-glosnym-poparciem-gdy-Polska-osiaga-dobry.webp.webp","width":1280,"height":720,"caption":"Prezydent Nawrocki cieszy si\u0119 g\u0142o\u015bnym poparciem, gdy Polska osi\u0105ga dobry wynik w meczu z Holandi\u0105"},{"@type":"BreadcrumbList","@id":"https:\/\/www.pogotowieflagowe.pl\/aktualne\/prezydent-nawrocki-uczestniczy-w-meczu-w-ktorym-polska-pewnie-gra-w-meczu-11-z-holandia\/#breadcrumb","itemListElement":[{"@type":"ListItem","position":1,"name":"Home","item":"https:\/\/www.pogotowieflagowe.pl\/aktualne\/"},{"@type":"ListItem","position":2,"name":"Prezydent Nawrocki uczestniczy w meczu, w kt\u00f3rym Polska pewnie gra w meczu 1:1 z Holandi\u0105"}]},{"@type":"WebSite","@id":"https:\/\/www.pogotowieflagowe.pl\/aktualne\/#website","url":"https:\/\/www.pogotowieflagowe.pl\/aktualne\/","name":"POGOTOWIE FLAGOWE\u00ae","description":"","publisher":{"@id":"https:\/\/www.pogotowieflagowe.pl\/aktualne\/#organization"},"potentialAction":[{"@type":"SearchAction","target":{"@type":"EntryPoint","urlTemplate":"https:\/\/www.pogotowieflagowe.pl\/aktualne\/?s={search_term_string}"},"query-input":"required name=search_term_string"}],"inLanguage":"pl-PL"},{"@type":"Organization","@id":"https:\/\/www.pogotowieflagowe.pl\/aktualne\/#organization","name":"POGOTOWIE FLAGOWE\u00ae","url":"https:\/\/www.pogotowieflagowe.pl\/aktualne\/","logo":{"@type":"ImageObject","inLanguage":"pl-PL","@id":"https:\/\/www.pogotowieflagowe.pl\/aktualne\/#\/schema\/logo\/image\/","url":"https:\/\/www.pogotowieflagowe.pl\/aktualne\/wp-content\/uploads\/2024\/08\/cropped-pogotowieflagowe_flaga_projekt_sm.jpg","contentUrl":"https:\/\/www.pogotowieflagowe.pl\/aktualne\/wp-content\/uploads\/2024\/08\/cropped-pogotowieflagowe_flaga_projekt_sm.jpg","width":250,"height":143,"caption":"POGOTOWIE FLAGOWE\u00ae"},"image":{"@id":"https:\/\/www.pogotowieflagowe.pl\/aktualne\/#\/schema\/logo\/image\/"}},{"@type":"Person","@id":"https:\/\/www.pogotowieflagowe.pl\/aktualne\/#\/schema\/person\/9c2fb7d2362ebf6fa088960d7f0d27b0","name":"Filip","image":{"@type":"ImageObject","inLanguage":"pl-PL","@id":"https:\/\/www.pogotowieflagowe.pl\/aktualne\/#\/schema\/person\/image\/","url":"https:\/\/www.pogotowieflagowe.pl\/aktualne\/wp-content\/uploads\/2024\/08\/pogotowieflagowe.pl_.jpg","contentUrl":"https:\/\/www.pogotowieflagowe.pl\/aktualne\/wp-content\/uploads\/2024\/08\/pogotowieflagowe.pl_.jpg","caption":"Filip"},"description":"Jestem Filip, polski dziennikarz z dyplomem nauk politycznych Uniwersytetu Warszawskiego. Rozpoczynaj\u0105c swoj\u0105 karier\u0119 w r\u00f3\u017cnych lokalnych mediach, zdoby\u0142em solidne do\u015bwiadczenie w zakresie \u015bledztwa i redakcji. Obecnie jako redaktor w Pogotowie flagowe, staram si\u0119 dostarcza\u0107 dog\u0142\u0119bne i istotne analizy na temat najwa\u017cniejszych kwestii aktualno\u015bci, \u0142\u0105cz\u0105c rygor z pasj\u0105 dziennikarsk\u0105.","sameAs":["https:\/\/www.pogotowieflagowe.pl\/"]}]}},"_links":{"self":[{"href":"https:\/\/www.pogotowieflagowe.pl\/aktualne\/wp-json\/wp\/v2\/posts\/10560","targetHints":{"allow":["GET"]}}],"collection":[{"href":"https:\/\/www.pogotowieflagowe.pl\/aktualne\/wp-json\/wp\/v2\/posts"}],"about":[{"href":"https:\/\/www.pogotowieflagowe.pl\/aktualne\/wp-json\/wp\/v2\/types\/post"}],"author":[{"embeddable":true,"href":"https:\/\/www.pogotowieflagowe.pl\/aktualne\/wp-json\/wp\/v2\/users\/1"}],"replies":[{"embeddable":true,"href":"https:\/\/www.pogotowieflagowe.pl\/aktualne\/wp-json\/wp\/v2\/comments?post=10560"}],"version-history":[{"count":1,"href":"https:\/\/www.pogotowieflagowe.pl\/aktualne\/wp-json\/wp\/v2\/posts\/10560\/revisions"}],"predecessor-version":[{"id":10561,"href":"https:\/\/www.pogotowieflagowe.pl\/aktualne\/wp-json\/wp\/v2\/posts\/10560\/revisions\/10561"}],"wp:featuredmedia":[{"embeddable":true,"href":"https:\/\/www.pogotowieflagowe.pl\/aktualne\/wp-json\/wp\/v2\/media\/10558"}],"wp:attachment":[{"href":"https:\/\/www.pogotowieflagowe.pl\/aktualne\/wp-json\/wp\/v2\/media?parent=10560"}],"wp:term":[{"taxonomy":"category","embeddable":true,"href":"https:\/\/www.pogotowieflagowe.pl\/aktualne\/wp-json\/wp\/v2\/categories?post=10560"},{"taxonomy":"post_tag","embeddable":true,"href":"https:\/\/www.pogotowieflagowe.pl\/aktualne\/wp-json\/wp\/v2\/tags?post=10560"}],"curies":[{"name":"wp","href":"https:\/\/api.w.org\/{rel}","templated":true}]}}