{"id":10564,"date":"2025-11-15T09:54:56","date_gmt":"2025-11-15T08:54:56","guid":{"rendered":"https:\/\/www.pogotowieflagowe.pl\/aktualne\/przypomne-warunki-tej-wspolpracy-prezydent-powraca-do-kwestii-ukraincow\/"},"modified":"2025-11-15T09:54:58","modified_gmt":"2025-11-15T08:54:58","slug":"przypomne-warunki-tej-wspolpracy-prezydent-powraca-do-kwestii-ukraincow","status":"publish","type":"post","link":"https:\/\/www.pogotowieflagowe.pl\/aktualne\/przypomne-warunki-tej-wspolpracy-prezydent-powraca-do-kwestii-ukraincow\/","title":{"rendered":"\u201ePrzypomn\u0119 warunki tej wsp\u00f3\u0142pracy.\u201d Prezydent powraca do kwestii Ukrai\u0144c\u00f3w"},"content":{"rendered":"\n<div class=\"td_block_wrap tdb_single_content tdi_41 td-pb-border-top td_block_template_8 td-post-content tagdiv-type\" data-td-block-uid=\"tdi_41\">\n<style>.tdi_41{margines-top:0px!important;margin-bottom:0px!important;dope\u0142nienie-g\u00f3ra:0px!important;dope\u0142nienie-d\u00f3\u0142:0px!important}<\/style>\n<style>.tdb_single_content{margin-bottom:0;*zoom:1}.tdb_single_content:before,.tdb_single_content:after{display:table;content:'';line-height:0}.tdb_single_content:after{clear:both}.tdb_single_content .tdb-block-inner>*:not(.wp-block-quote):not(.alignwide):not(.alignfull.wp-block-cover.has-parallax):not(.td-a-ad){margin-left:auto;margin-right:auto}.tdb_single_content a{pointer-events:auto}.tdb_single_content .td-spot-id-top_ad .tdc-placeholder-title:before{content:'Najlepsza reklama artyku\u0142u'!important}.tdb_single_content .td-spot-id-inline_ad0 .tdc-placeholder-title:before{content:'Reklama wbudowana artyku\u0142u 1'!important}.tdb_single_content .td-spot-id-inline_ad1 .tdc-placeholder-title:before{content:'Reklama wbudowana w artyku\u0142 2'!important}.tdb_single_content .td-spot-id-inline_ad2 .tdc-placeholder-title:before{content:'Reklama wbudowana w artyku\u0142 3'!important}.tdb_single_content .td-spot-id-bottom_ad .tdc-placeholder-title:before{content:'Article Bottom Ad'!important}.tdb_single_content .id_top_ad,.tdb_single_content .id_bottom_ad{clear:both;margin-bottom:21px;text-align:center}.tdb_single_content .id_top_ad img,.tdb_single_content .id_bottom_ad img{margin-bottom:0}.tdb_single_content .id_top_ad .adsbygoogle,.tdb_single_content .id_bottom_ad .adsbygoogle{position:relative}.tdb_single_content .id_ad_content-horiz-left,.tdb_single_content .id_ad_content-horiz-right,.tdb_single_content .id_ad_content-horiz-center{margin-bottom:15px}.tdb_single_content .id_ad_content-horiz-left img,.tdb_single_content .id_ad_content-horiz-right img,.tdb_single_content .id_ad_content-horiz-center img{margin-bottom:0}.tdb_single_content .id_ad_content-horiz-center{text-align:center}.tdb_single_content .id_ad_content-horiz-center img{margin-right:auto;margin-left:auto}.tdb_single_content .id_ad_content-horiz-left{float:left;margin-top:9px;margin-right:21px}.tdb_single_content .id_ad_content-horiz-right{float:right;margin-top:6px;margin-left:21px}.tdb_single_content .tdc-a-ad .tdc-placeholder-title{width:300px;height:250px}.tdb_single_content .tdc-a-ad .tdc-placeholder-title:before{position:absolute;top:50%;-webkit-transform:translateY(-50%);transform:translateY(-50%);margin:auto;display:table;width:100%}.tdb_single_content .tdb-block-inner.td-fix-index{word-break:break-word}.tdi_41,.tdi_41>p,.tdi_41 .tdb-block-inner>p,.wp-block-column>p{font-size:16px!important;line-height:1.6!important}.tdi_41 .tdb-block-inner blockquote p{font-style:normal!important}@media (max-width:767px){.tdb_single_content .id_ad_content-horiz-left,.tdb_single_content .id_ad_content-horiz-right,.tdb_single_content .id_ad_content-horiz-center{margin:0 auto 26 pikseli auto}}@media (max-width:767px){.tdb_single_content .id_ad_content-horiz-left{margin-right:0}}@media (max-width:767px){.tdb_single_content .id_ad_content-horiz-right{margin-left:0}}@media (max-width:767px){.tdb_single_content .td-a-ad{float:none;text-align:center}.tdb_single_content .td-a-ad img{margin-right:auto;margin-left:auto}.tdb_single_content .tdc-a-ad{float:none}}<\/style>\n<div class=\"tdb-block-inner td-fix-index\">\n<p>Prezydent Karol Nawrocki wyrazi\u0142 nadziej\u0119, \u017ce rz\u0105d Donalda Tuska pami\u0119ta o warunkach wsp\u00f3\u0142pracy nad ustawodawstwem dotycz\u0105cym pomocy dla Ukrai\u0144c\u00f3w. \u201ePrzypomn\u0119, \u017ce po raz ostatni m\u00f3wi\u0142em, \u017ce ustaw\u0119 o pomocy dla Ukrai\u0144c\u00f3w podpisa\u0142em (we wrze\u015bniu)\u201d \u2013 doda\u0142.<\/p>\n<p>26 wrze\u015bnia 2025 r. Prezydent Nawrocki podpisa\u0142 ustaw\u0119 o pomocy dla obywateli Ukrainy, kt\u00f3ra ogranicza \u015bwiadczenie 800 Plus dla Ukrai\u0144c\u00f3w niepracuj\u0105cych w Polsce. Wcze\u015bniej, pod koniec sierpnia, prezydent zawetowa\u0142 poprzedni\u0105 wersj\u0119 nowelizacji, t\u0142umacz\u0105c, \u017ce powodem jego decyzji by\u0142 brak takiego ograniczenia w projekcie.<\/p>\n<p>Wcze\u015bniejsza deklaracja Nawrockiego w sprawie ograniczenia \u015bwiadcze\u0144 dla bezrobotnych Ukrai\u0144c\u00f3w wywo\u0142a\u0142a spore kontrowersje i fal\u0119 krytyki ze strony koalicji rz\u0105dz\u0105cej, mimo \u017ce ta sama koalicja jeszcze niedawno zg\u0142asza\u0142a podobne pomys\u0142y.<\/p>\n<p>Dzi\u015b podczas spotkania z wyborcami w Mi\u0144sku Mazowieckim prezydent powr\u00f3ci\u0142 do tematu.<\/p>\n<p>&#8222;Wszyscy g\u0142\u00f3wni kandydaci podczas kampanii wyborczej twierdzili, \u017ce 800 Plus powinno trafi\u0107 tylko do Ukrai\u0144c\u00f3w pracuj\u0105cych, a nie do wszystkich Ukrai\u0144c\u00f3w, kt\u00f3rzy nie pracuj\u0105. Jednak gdy zosta\u0142em prezydentem, dosta\u0142em projekt ustawy, kt\u00f3ry nie odzwierciedla\u0142 pogl\u0105d\u00f3w g\u0142\u00f3wnych kandydat\u00f3w na prezydenta RP. To by\u0142o rozwi\u0105zanie niesprawiedliwe wobec Polak\u00f3w, dlatego je zawetowa\u0142em. Rz\u0105d dostosowa\u0142 si\u0119 do moich oczekiwa\u0144, cho\u0107 nie do ko\u0144ca, i ustaw\u0119 podpisa\u0142em po raz drugi, bo nie chc\u0119 by\u0107 prezydentem Ale podkre\u015bli\u0142em \u2013 i je\u015bli premier i wi\u0119kszo\u015b\u0107 parlamentarna nas obserwuje \u2013 to przypomn\u0119, \u017ce powiedzia\u0142em, \u017ce po raz ostatni podpisa\u0142em ustaw\u0119 o pomocy dla Ukrai\u0144c\u00f3w\u201d \u2013 powiedzia\u0142 Nawrocki.<\/p>\n<p>&#8222;Uwa\u017cam, \u017ce mniejszo\u015b\u0107 ukrai\u0144sk\u0105, w trzecim roku po wybuchu wojny, nale\u017cy traktowa\u0107 z nale\u017cyt\u0105 odpowiedzialno\u015bci\u0105, ale tak samo jak wszystkie inne mniejszo\u015bci narodowe w Polsce. Jeste\u015bmy w momencie spo\u0142ecznym, w kt\u00f3rym dojrzeli\u015bmy i my\u015bl\u0119, \u017ce rz\u0105d pracuje nad rozwi\u0105zaniami, kt\u00f3re zabezpiecz\u0105 zar\u00f3wno nasz dobrobyt, jak i dobro obywateli Ukrainy w naszym kraju \u2013 ludzi, kt\u00f3rych powitali\u015bmy z otwartymi sercami trzy lata temu. I \u017ce dzi\u0119ki dzia\u0142aniom rz\u0105du nie popadniemy w chaos w marcu przysz\u0142ego roku. Kiedy\u015b Jeszcze raz przypomn\u0119, jakie s\u0105 warunki tej wsp\u00f3\u0142pracy\u201d \u2013 doda\u0142.<\/p>\n<\/div>\n<\/div>\n","protected":false},"excerpt":{"rendered":"<p>Prezydent Karol Nawrocki wyrazi\u0142 nadziej\u0119, \u017ce rz\u0105d Donalda Tuska pami\u0119ta o warunkach wsp\u00f3\u0142pracy nad ustawodawstwem dotycz\u0105cym pomocy dla Ukrai\u0144c\u00f3w. \u201ePrzypomn\u0119,<\/p>\n","protected":false},"author":1,"featured_media":10565,"comment_status":"open","ping_status":"open","sticky":false,"template":"","format":"standard","meta":{"footnotes":""},"categories":[4748],"tags":[8540,6497,341,12024,2221,12025,5766,2838],"class_list":["post-10564","post","type-post","status-publish","format-standard","has-post-thumbnail","hentry","category-aktualne","tag-kwestii","tag-powraca","tag-prezydent","tag-przypomne","tag-tej","tag-ukraincow","tag-warunki","tag-wspolpracy","generate-columns","tablet-grid-50","mobile-grid-100","grid-parent","grid-50","resize-featured-image"],"yoast_head":"<!-- This site is optimized with the Yoast SEO plugin v23.2 - https:\/\/yoast.com\/wordpress\/plugins\/seo\/ -->\n<title>\u201ePrzypomn\u0119 warunki tej wsp\u00f3\u0142pracy.\u201d Prezydent powraca do kwestii Ukrai\u0144c\u00f3w - POGOTOWIE FLAGOWE\u00ae<\/title>\n<meta name=\"robots\" content=\"index, follow, max-snippet:-1, max-image-preview:large, max-video-preview:-1\" \/>\n<link rel=\"canonical\" href=\"https:\/\/www.pogotowieflagowe.pl\/aktualne\/przypomne-warunki-tej-wspolpracy-prezydent-powraca-do-kwestii-ukraincow\/\" \/>\n<meta property=\"og:locale\" content=\"pl_PL\" \/>\n<meta property=\"og:type\" content=\"article\" \/>\n<meta property=\"og:title\" content=\"\u201ePrzypomn\u0119 warunki tej wsp\u00f3\u0142pracy.\u201d Prezydent powraca do kwestii Ukrai\u0144c\u00f3w - POGOTOWIE FLAGOWE\u00ae\" \/>\n<meta property=\"og:description\" content=\"Prezydent Karol Nawrocki wyrazi\u0142 nadziej\u0119, \u017ce rz\u0105d Donalda Tuska pami\u0119ta o warunkach wsp\u00f3\u0142pracy nad ustawodawstwem dotycz\u0105cym pomocy dla Ukrai\u0144c\u00f3w. \u201ePrzypomn\u0119,\" \/>\n<meta property=\"og:url\" content=\"https:\/\/www.pogotowieflagowe.pl\/aktualne\/przypomne-warunki-tej-wspolpracy-prezydent-powraca-do-kwestii-ukraincow\/\" \/>\n<meta property=\"og:site_name\" content=\"POGOTOWIE FLAGOWE\u00ae\" \/>\n<meta property=\"article:published_time\" content=\"2025-11-15T08:54:56+00:00\" \/>\n<meta property=\"article:modified_time\" content=\"2025-11-15T08:54:58+00:00\" \/>\n<meta property=\"og:image\" content=\"https:\/\/www.pogotowieflagowe.pl\/aktualne\/wp-content\/uploads\/2025\/11\/\u201ePrzypomne-warunki-tej-wspolpracy-Prezydent-powraca-do-kwestii-Ukraincow.webp.webp\" \/>\n\t<meta property=\"og:image:width\" content=\"1280\" \/>\n\t<meta property=\"og:image:height\" content=\"720\" \/>\n\t<meta property=\"og:image:type\" content=\"image\/webp\" \/>\n<meta name=\"author\" content=\"Filip\" \/>\n<meta name=\"twitter:card\" content=\"summary_large_image\" \/>\n<meta name=\"twitter:label1\" content=\"Napisane przez\" \/>\n\t<meta name=\"twitter:data1\" content=\"Filip\" \/>\n\t<meta name=\"twitter:label2\" content=\"Szacowany czas czytania\" \/>\n\t<meta name=\"twitter:data2\" content=\"2 minuty\" \/>\n<script type=\"application\/ld+json\" class=\"yoast-schema-graph\">{\"@context\":\"https:\/\/schema.org\",\"@graph\":[{\"@type\":\"Article\",\"@id\":\"https:\/\/www.pogotowieflagowe.pl\/aktualne\/przypomne-warunki-tej-wspolpracy-prezydent-powraca-do-kwestii-ukraincow\/#article\",\"isPartOf\":{\"@id\":\"https:\/\/www.pogotowieflagowe.pl\/aktualne\/przypomne-warunki-tej-wspolpracy-prezydent-powraca-do-kwestii-ukraincow\/\"},\"author\":{\"name\":\"Filip\",\"@id\":\"https:\/\/www.pogotowieflagowe.pl\/aktualne\/#\/schema\/person\/9c2fb7d2362ebf6fa088960d7f0d27b0\"},\"headline\":\"\u201ePrzypomn\u0119 warunki tej wsp\u00f3\u0142pracy.\u201d Prezydent powraca do kwestii Ukrai\u0144c\u00f3w\",\"datePublished\":\"2025-11-15T08:54:56+00:00\",\"dateModified\":\"2025-11-15T08:54:58+00:00\",\"mainEntityOfPage\":{\"@id\":\"https:\/\/www.pogotowieflagowe.pl\/aktualne\/przypomne-warunki-tej-wspolpracy-prezydent-powraca-do-kwestii-ukraincow\/\"},\"wordCount\":391,\"commentCount\":0,\"publisher\":{\"@id\":\"https:\/\/www.pogotowieflagowe.pl\/aktualne\/#organization\"},\"image\":{\"@id\":\"https:\/\/www.pogotowieflagowe.pl\/aktualne\/przypomne-warunki-tej-wspolpracy-prezydent-powraca-do-kwestii-ukraincow\/#primaryimage\"},\"thumbnailUrl\":\"https:\/\/www.pogotowieflagowe.pl\/aktualne\/wp-content\/uploads\/2025\/11\/\u201ePrzypomne-warunki-tej-wspolpracy-Prezydent-powraca-do-kwestii-Ukraincow.webp.webp\",\"keywords\":[\"kwestii\",\"powraca\",\"Prezydent\",\"Przypomn\u0119\",\"tej\",\"Ukrai\u0144c\u00f3w\",\"warunki\",\"wsp\u00f3\u0142pracy\"],\"articleSection\":[\"Aktualne\"],\"inLanguage\":\"pl-PL\",\"potentialAction\":[{\"@type\":\"CommentAction\",\"name\":\"Comment\",\"target\":[\"https:\/\/www.pogotowieflagowe.pl\/aktualne\/przypomne-warunki-tej-wspolpracy-prezydent-powraca-do-kwestii-ukraincow\/#respond\"]}]},{\"@type\":\"WebPage\",\"@id\":\"https:\/\/www.pogotowieflagowe.pl\/aktualne\/przypomne-warunki-tej-wspolpracy-prezydent-powraca-do-kwestii-ukraincow\/\",\"url\":\"https:\/\/www.pogotowieflagowe.pl\/aktualne\/przypomne-warunki-tej-wspolpracy-prezydent-powraca-do-kwestii-ukraincow\/\",\"name\":\"\u201ePrzypomn\u0119 warunki tej wsp\u00f3\u0142pracy.\u201d Prezydent powraca do kwestii Ukrai\u0144c\u00f3w - POGOTOWIE FLAGOWE\u00ae\",\"isPartOf\":{\"@id\":\"https:\/\/www.pogotowieflagowe.pl\/aktualne\/#website\"},\"primaryImageOfPage\":{\"@id\":\"https:\/\/www.pogotowieflagowe.pl\/aktualne\/przypomne-warunki-tej-wspolpracy-prezydent-powraca-do-kwestii-ukraincow\/#primaryimage\"},\"image\":{\"@id\":\"https:\/\/www.pogotowieflagowe.pl\/aktualne\/przypomne-warunki-tej-wspolpracy-prezydent-powraca-do-kwestii-ukraincow\/#primaryimage\"},\"thumbnailUrl\":\"https:\/\/www.pogotowieflagowe.pl\/aktualne\/wp-content\/uploads\/2025\/11\/\u201ePrzypomne-warunki-tej-wspolpracy-Prezydent-powraca-do-kwestii-Ukraincow.webp.webp\",\"datePublished\":\"2025-11-15T08:54:56+00:00\",\"dateModified\":\"2025-11-15T08:54:58+00:00\",\"breadcrumb\":{\"@id\":\"https:\/\/www.pogotowieflagowe.pl\/aktualne\/przypomne-warunki-tej-wspolpracy-prezydent-powraca-do-kwestii-ukraincow\/#breadcrumb\"},\"inLanguage\":\"pl-PL\",\"potentialAction\":[{\"@type\":\"ReadAction\",\"target\":[\"https:\/\/www.pogotowieflagowe.pl\/aktualne\/przypomne-warunki-tej-wspolpracy-prezydent-powraca-do-kwestii-ukraincow\/\"]}]},{\"@type\":\"ImageObject\",\"inLanguage\":\"pl-PL\",\"@id\":\"https:\/\/www.pogotowieflagowe.pl\/aktualne\/przypomne-warunki-tej-wspolpracy-prezydent-powraca-do-kwestii-ukraincow\/#primaryimage\",\"url\":\"https:\/\/www.pogotowieflagowe.pl\/aktualne\/wp-content\/uploads\/2025\/11\/\u201ePrzypomne-warunki-tej-wspolpracy-Prezydent-powraca-do-kwestii-Ukraincow.webp.webp\",\"contentUrl\":\"https:\/\/www.pogotowieflagowe.pl\/aktualne\/wp-content\/uploads\/2025\/11\/\u201ePrzypomne-warunki-tej-wspolpracy-Prezydent-powraca-do-kwestii-Ukraincow.webp.webp\",\"width\":1280,\"height\":720,\"caption\":\"\u201ePrzypomn\u0119 warunki tej wsp\u00f3\u0142pracy.\u201d Prezydent powraca do kwestii Ukrai\u0144c\u00f3w\"},{\"@type\":\"BreadcrumbList\",\"@id\":\"https:\/\/www.pogotowieflagowe.pl\/aktualne\/przypomne-warunki-tej-wspolpracy-prezydent-powraca-do-kwestii-ukraincow\/#breadcrumb\",\"itemListElement\":[{\"@type\":\"ListItem\",\"position\":1,\"name\":\"Home\",\"item\":\"https:\/\/www.pogotowieflagowe.pl\/aktualne\/\"},{\"@type\":\"ListItem\",\"position\":2,\"name\":\"\u201ePrzypomn\u0119 warunki tej wsp\u00f3\u0142pracy.\u201d Prezydent powraca do kwestii Ukrai\u0144c\u00f3w\"}]},{\"@type\":\"WebSite\",\"@id\":\"https:\/\/www.pogotowieflagowe.pl\/aktualne\/#website\",\"url\":\"https:\/\/www.pogotowieflagowe.pl\/aktualne\/\",\"name\":\"POGOTOWIE FLAGOWE\u00ae\",\"description\":\"\",\"publisher\":{\"@id\":\"https:\/\/www.pogotowieflagowe.pl\/aktualne\/#organization\"},\"potentialAction\":[{\"@type\":\"SearchAction\",\"target\":{\"@type\":\"EntryPoint\",\"urlTemplate\":\"https:\/\/www.pogotowieflagowe.pl\/aktualne\/?s={search_term_string}\"},\"query-input\":\"required name=search_term_string\"}],\"inLanguage\":\"pl-PL\"},{\"@type\":\"Organization\",\"@id\":\"https:\/\/www.pogotowieflagowe.pl\/aktualne\/#organization\",\"name\":\"POGOTOWIE FLAGOWE\u00ae\",\"url\":\"https:\/\/www.pogotowieflagowe.pl\/aktualne\/\",\"logo\":{\"@type\":\"ImageObject\",\"inLanguage\":\"pl-PL\",\"@id\":\"https:\/\/www.pogotowieflagowe.pl\/aktualne\/#\/schema\/logo\/image\/\",\"url\":\"https:\/\/www.pogotowieflagowe.pl\/aktualne\/wp-content\/uploads\/2024\/08\/cropped-pogotowieflagowe_flaga_projekt_sm.jpg\",\"contentUrl\":\"https:\/\/www.pogotowieflagowe.pl\/aktualne\/wp-content\/uploads\/2024\/08\/cropped-pogotowieflagowe_flaga_projekt_sm.jpg\",\"width\":250,\"height\":143,\"caption\":\"POGOTOWIE FLAGOWE\u00ae\"},\"image\":{\"@id\":\"https:\/\/www.pogotowieflagowe.pl\/aktualne\/#\/schema\/logo\/image\/\"}},{\"@type\":\"Person\",\"@id\":\"https:\/\/www.pogotowieflagowe.pl\/aktualne\/#\/schema\/person\/9c2fb7d2362ebf6fa088960d7f0d27b0\",\"name\":\"Filip\",\"image\":{\"@type\":\"ImageObject\",\"inLanguage\":\"pl-PL\",\"@id\":\"https:\/\/www.pogotowieflagowe.pl\/aktualne\/#\/schema\/person\/image\/\",\"url\":\"https:\/\/www.pogotowieflagowe.pl\/aktualne\/wp-content\/uploads\/2024\/08\/pogotowieflagowe.pl_.jpg\",\"contentUrl\":\"https:\/\/www.pogotowieflagowe.pl\/aktualne\/wp-content\/uploads\/2024\/08\/pogotowieflagowe.pl_.jpg\",\"caption\":\"Filip\"},\"description\":\"Jestem Filip, polski dziennikarz z dyplomem nauk politycznych Uniwersytetu Warszawskiego. Rozpoczynaj\u0105c swoj\u0105 karier\u0119 w r\u00f3\u017cnych lokalnych mediach, zdoby\u0142em solidne do\u015bwiadczenie w zakresie \u015bledztwa i redakcji. Obecnie jako redaktor w Pogotowie flagowe, staram si\u0119 dostarcza\u0107 dog\u0142\u0119bne i istotne analizy na temat najwa\u017cniejszych kwestii aktualno\u015bci, \u0142\u0105cz\u0105c rygor z pasj\u0105 dziennikarsk\u0105.\",\"sameAs\":[\"https:\/\/www.pogotowieflagowe.pl\/\"]}]}<\/script>\n<!-- \/ Yoast SEO plugin. -->","yoast_head_json":{"title":"\u201ePrzypomn\u0119 warunki tej wsp\u00f3\u0142pracy.\u201d Prezydent powraca do kwestii Ukrai\u0144c\u00f3w - POGOTOWIE FLAGOWE\u00ae","robots":{"index":"index","follow":"follow","max-snippet":"max-snippet:-1","max-image-preview":"max-image-preview:large","max-video-preview":"max-video-preview:-1"},"canonical":"https:\/\/www.pogotowieflagowe.pl\/aktualne\/przypomne-warunki-tej-wspolpracy-prezydent-powraca-do-kwestii-ukraincow\/","og_locale":"pl_PL","og_type":"article","og_title":"\u201ePrzypomn\u0119 warunki tej wsp\u00f3\u0142pracy.\u201d Prezydent powraca do kwestii Ukrai\u0144c\u00f3w - POGOTOWIE FLAGOWE\u00ae","og_description":"Prezydent Karol Nawrocki wyrazi\u0142 nadziej\u0119, \u017ce rz\u0105d Donalda Tuska pami\u0119ta o warunkach wsp\u00f3\u0142pracy nad ustawodawstwem dotycz\u0105cym pomocy dla Ukrai\u0144c\u00f3w. \u201ePrzypomn\u0119,","og_url":"https:\/\/www.pogotowieflagowe.pl\/aktualne\/przypomne-warunki-tej-wspolpracy-prezydent-powraca-do-kwestii-ukraincow\/","og_site_name":"POGOTOWIE FLAGOWE\u00ae","article_published_time":"2025-11-15T08:54:56+00:00","article_modified_time":"2025-11-15T08:54:58+00:00","og_image":[{"width":1280,"height":720,"url":"https:\/\/www.pogotowieflagowe.pl\/aktualne\/wp-content\/uploads\/2025\/11\/\u201ePrzypomne-warunki-tej-wspolpracy-Prezydent-powraca-do-kwestii-Ukraincow.webp.webp","type":"image\/webp"}],"author":"Filip","twitter_card":"summary_large_image","twitter_misc":{"Napisane przez":"Filip","Szacowany czas czytania":"2 minuty"},"schema":{"@context":"https:\/\/schema.org","@graph":[{"@type":"Article","@id":"https:\/\/www.pogotowieflagowe.pl\/aktualne\/przypomne-warunki-tej-wspolpracy-prezydent-powraca-do-kwestii-ukraincow\/#article","isPartOf":{"@id":"https:\/\/www.pogotowieflagowe.pl\/aktualne\/przypomne-warunki-tej-wspolpracy-prezydent-powraca-do-kwestii-ukraincow\/"},"author":{"name":"Filip","@id":"https:\/\/www.pogotowieflagowe.pl\/aktualne\/#\/schema\/person\/9c2fb7d2362ebf6fa088960d7f0d27b0"},"headline":"\u201ePrzypomn\u0119 warunki tej wsp\u00f3\u0142pracy.\u201d Prezydent powraca do kwestii Ukrai\u0144c\u00f3w","datePublished":"2025-11-15T08:54:56+00:00","dateModified":"2025-11-15T08:54:58+00:00","mainEntityOfPage":{"@id":"https:\/\/www.pogotowieflagowe.pl\/aktualne\/przypomne-warunki-tej-wspolpracy-prezydent-powraca-do-kwestii-ukraincow\/"},"wordCount":391,"commentCount":0,"publisher":{"@id":"https:\/\/www.pogotowieflagowe.pl\/aktualne\/#organization"},"image":{"@id":"https:\/\/www.pogotowieflagowe.pl\/aktualne\/przypomne-warunki-tej-wspolpracy-prezydent-powraca-do-kwestii-ukraincow\/#primaryimage"},"thumbnailUrl":"https:\/\/www.pogotowieflagowe.pl\/aktualne\/wp-content\/uploads\/2025\/11\/\u201ePrzypomne-warunki-tej-wspolpracy-Prezydent-powraca-do-kwestii-Ukraincow.webp.webp","keywords":["kwestii","powraca","Prezydent","Przypomn\u0119","tej","Ukrai\u0144c\u00f3w","warunki","wsp\u00f3\u0142pracy"],"articleSection":["Aktualne"],"inLanguage":"pl-PL","potentialAction":[{"@type":"CommentAction","name":"Comment","target":["https:\/\/www.pogotowieflagowe.pl\/aktualne\/przypomne-warunki-tej-wspolpracy-prezydent-powraca-do-kwestii-ukraincow\/#respond"]}]},{"@type":"WebPage","@id":"https:\/\/www.pogotowieflagowe.pl\/aktualne\/przypomne-warunki-tej-wspolpracy-prezydent-powraca-do-kwestii-ukraincow\/","url":"https:\/\/www.pogotowieflagowe.pl\/aktualne\/przypomne-warunki-tej-wspolpracy-prezydent-powraca-do-kwestii-ukraincow\/","name":"\u201ePrzypomn\u0119 warunki tej wsp\u00f3\u0142pracy.\u201d Prezydent powraca do kwestii Ukrai\u0144c\u00f3w - POGOTOWIE FLAGOWE\u00ae","isPartOf":{"@id":"https:\/\/www.pogotowieflagowe.pl\/aktualne\/#website"},"primaryImageOfPage":{"@id":"https:\/\/www.pogotowieflagowe.pl\/aktualne\/przypomne-warunki-tej-wspolpracy-prezydent-powraca-do-kwestii-ukraincow\/#primaryimage"},"image":{"@id":"https:\/\/www.pogotowieflagowe.pl\/aktualne\/przypomne-warunki-tej-wspolpracy-prezydent-powraca-do-kwestii-ukraincow\/#primaryimage"},"thumbnailUrl":"https:\/\/www.pogotowieflagowe.pl\/aktualne\/wp-content\/uploads\/2025\/11\/\u201ePrzypomne-warunki-tej-wspolpracy-Prezydent-powraca-do-kwestii-Ukraincow.webp.webp","datePublished":"2025-11-15T08:54:56+00:00","dateModified":"2025-11-15T08:54:58+00:00","breadcrumb":{"@id":"https:\/\/www.pogotowieflagowe.pl\/aktualne\/przypomne-warunki-tej-wspolpracy-prezydent-powraca-do-kwestii-ukraincow\/#breadcrumb"},"inLanguage":"pl-PL","potentialAction":[{"@type":"ReadAction","target":["https:\/\/www.pogotowieflagowe.pl\/aktualne\/przypomne-warunki-tej-wspolpracy-prezydent-powraca-do-kwestii-ukraincow\/"]}]},{"@type":"ImageObject","inLanguage":"pl-PL","@id":"https:\/\/www.pogotowieflagowe.pl\/aktualne\/przypomne-warunki-tej-wspolpracy-prezydent-powraca-do-kwestii-ukraincow\/#primaryimage","url":"https:\/\/www.pogotowieflagowe.pl\/aktualne\/wp-content\/uploads\/2025\/11\/\u201ePrzypomne-warunki-tej-wspolpracy-Prezydent-powraca-do-kwestii-Ukraincow.webp.webp","contentUrl":"https:\/\/www.pogotowieflagowe.pl\/aktualne\/wp-content\/uploads\/2025\/11\/\u201ePrzypomne-warunki-tej-wspolpracy-Prezydent-powraca-do-kwestii-Ukraincow.webp.webp","width":1280,"height":720,"caption":"\u201ePrzypomn\u0119 warunki tej wsp\u00f3\u0142pracy.\u201d Prezydent powraca do kwestii Ukrai\u0144c\u00f3w"},{"@type":"BreadcrumbList","@id":"https:\/\/www.pogotowieflagowe.pl\/aktualne\/przypomne-warunki-tej-wspolpracy-prezydent-powraca-do-kwestii-ukraincow\/#breadcrumb","itemListElement":[{"@type":"ListItem","position":1,"name":"Home","item":"https:\/\/www.pogotowieflagowe.pl\/aktualne\/"},{"@type":"ListItem","position":2,"name":"\u201ePrzypomn\u0119 warunki tej wsp\u00f3\u0142pracy.\u201d Prezydent powraca do kwestii Ukrai\u0144c\u00f3w"}]},{"@type":"WebSite","@id":"https:\/\/www.pogotowieflagowe.pl\/aktualne\/#website","url":"https:\/\/www.pogotowieflagowe.pl\/aktualne\/","name":"POGOTOWIE FLAGOWE\u00ae","description":"","publisher":{"@id":"https:\/\/www.pogotowieflagowe.pl\/aktualne\/#organization"},"potentialAction":[{"@type":"SearchAction","target":{"@type":"EntryPoint","urlTemplate":"https:\/\/www.pogotowieflagowe.pl\/aktualne\/?s={search_term_string}"},"query-input":"required name=search_term_string"}],"inLanguage":"pl-PL"},{"@type":"Organization","@id":"https:\/\/www.pogotowieflagowe.pl\/aktualne\/#organization","name":"POGOTOWIE FLAGOWE\u00ae","url":"https:\/\/www.pogotowieflagowe.pl\/aktualne\/","logo":{"@type":"ImageObject","inLanguage":"pl-PL","@id":"https:\/\/www.pogotowieflagowe.pl\/aktualne\/#\/schema\/logo\/image\/","url":"https:\/\/www.pogotowieflagowe.pl\/aktualne\/wp-content\/uploads\/2024\/08\/cropped-pogotowieflagowe_flaga_projekt_sm.jpg","contentUrl":"https:\/\/www.pogotowieflagowe.pl\/aktualne\/wp-content\/uploads\/2024\/08\/cropped-pogotowieflagowe_flaga_projekt_sm.jpg","width":250,"height":143,"caption":"POGOTOWIE FLAGOWE\u00ae"},"image":{"@id":"https:\/\/www.pogotowieflagowe.pl\/aktualne\/#\/schema\/logo\/image\/"}},{"@type":"Person","@id":"https:\/\/www.pogotowieflagowe.pl\/aktualne\/#\/schema\/person\/9c2fb7d2362ebf6fa088960d7f0d27b0","name":"Filip","image":{"@type":"ImageObject","inLanguage":"pl-PL","@id":"https:\/\/www.pogotowieflagowe.pl\/aktualne\/#\/schema\/person\/image\/","url":"https:\/\/www.pogotowieflagowe.pl\/aktualne\/wp-content\/uploads\/2024\/08\/pogotowieflagowe.pl_.jpg","contentUrl":"https:\/\/www.pogotowieflagowe.pl\/aktualne\/wp-content\/uploads\/2024\/08\/pogotowieflagowe.pl_.jpg","caption":"Filip"},"description":"Jestem Filip, polski dziennikarz z dyplomem nauk politycznych Uniwersytetu Warszawskiego. Rozpoczynaj\u0105c swoj\u0105 karier\u0119 w r\u00f3\u017cnych lokalnych mediach, zdoby\u0142em solidne do\u015bwiadczenie w zakresie \u015bledztwa i redakcji. Obecnie jako redaktor w Pogotowie flagowe, staram si\u0119 dostarcza\u0107 dog\u0142\u0119bne i istotne analizy na temat najwa\u017cniejszych kwestii aktualno\u015bci, \u0142\u0105cz\u0105c rygor z pasj\u0105 dziennikarsk\u0105.","sameAs":["https:\/\/www.pogotowieflagowe.pl\/"]}]}},"_links":{"self":[{"href":"https:\/\/www.pogotowieflagowe.pl\/aktualne\/wp-json\/wp\/v2\/posts\/10564","targetHints":{"allow":["GET"]}}],"collection":[{"href":"https:\/\/www.pogotowieflagowe.pl\/aktualne\/wp-json\/wp\/v2\/posts"}],"about":[{"href":"https:\/\/www.pogotowieflagowe.pl\/aktualne\/wp-json\/wp\/v2\/types\/post"}],"author":[{"embeddable":true,"href":"https:\/\/www.pogotowieflagowe.pl\/aktualne\/wp-json\/wp\/v2\/users\/1"}],"replies":[{"embeddable":true,"href":"https:\/\/www.pogotowieflagowe.pl\/aktualne\/wp-json\/wp\/v2\/comments?post=10564"}],"version-history":[{"count":1,"href":"https:\/\/www.pogotowieflagowe.pl\/aktualne\/wp-json\/wp\/v2\/posts\/10564\/revisions"}],"predecessor-version":[{"id":10566,"href":"https:\/\/www.pogotowieflagowe.pl\/aktualne\/wp-json\/wp\/v2\/posts\/10564\/revisions\/10566"}],"wp:featuredmedia":[{"embeddable":true,"href":"https:\/\/www.pogotowieflagowe.pl\/aktualne\/wp-json\/wp\/v2\/media\/10565"}],"wp:attachment":[{"href":"https:\/\/www.pogotowieflagowe.pl\/aktualne\/wp-json\/wp\/v2\/media?parent=10564"}],"wp:term":[{"taxonomy":"category","embeddable":true,"href":"https:\/\/www.pogotowieflagowe.pl\/aktualne\/wp-json\/wp\/v2\/categories?post=10564"},{"taxonomy":"post_tag","embeddable":true,"href":"https:\/\/www.pogotowieflagowe.pl\/aktualne\/wp-json\/wp\/v2\/tags?post=10564"}],"curies":[{"name":"wp","href":"https:\/\/api.w.org\/{rel}","templated":true}]}}