{"id":10578,"date":"2025-11-15T22:20:35","date_gmt":"2025-11-15T21:20:35","guid":{"rendered":"https:\/\/www.pogotowieflagowe.pl\/aktualne\/donald-trump-o-karolu-nawrockim-jest-fantastyczny-bedzie-swietnym-prezydentem\/"},"modified":"2025-11-15T22:20:39","modified_gmt":"2025-11-15T21:20:39","slug":"donald-trump-o-karolu-nawrockim-jest-fantastyczny-bedzie-swietnym-prezydentem","status":"publish","type":"post","link":"https:\/\/www.pogotowieflagowe.pl\/aktualne\/donald-trump-o-karolu-nawrockim-jest-fantastyczny-bedzie-swietnym-prezydentem\/","title":{"rendered":"Donald Trump o Karolu Nawrockim: Jest fantastyczny, b\u0119dzie \u015bwietnym prezydentem"},"content":{"rendered":"\n<div class=\"td_block_wrap tdb_single_content tdi_41 td-pb-border-top td_block_template_8 td-post-content tagdiv-type\" data-td-block-uid=\"tdi_41\">\n<style>.tdi_41{margines-top:0px!important;margin-bottom:0px!important;dope\u0142nienie-g\u00f3ra:0px!important;dope\u0142nienie-d\u00f3\u0142:0px!important}<\/style>\n<style>.tdb_single_content{margin-bottom:0;*zoom:1}.tdb_single_content:before,.tdb_single_content:after{display:table;content:'';line-height:0}.tdb_single_content:after{clear:both}.tdb_single_content .tdb-block-inner>*:not(.wp-block-quote):not(.alignwide):not(.alignfull.wp-block-cover.has-parallax):not(.td-a-ad){margin-left:auto;margin-right:auto}.tdb_single_content a{pointer-events:auto}.tdb_single_content .td-spot-id-top_ad .tdc-placeholder-title:before{content:'Najlepsza reklama artyku\u0142u'!important}.tdb_single_content .td-spot-id-inline_ad0 .tdc-placeholder-title:before{content:'Reklama wbudowana artyku\u0142u 1'!important}.tdb_single_content .td-spot-id-inline_ad1 .tdc-placeholder-title:before{content:'Reklama wbudowana w artyku\u0142 2'!important}.tdb_single_content .td-spot-id-inline_ad2 .tdc-placeholder-title:before{content:'Reklama wbudowana w artyku\u0142 3'!important}.tdb_single_content .td-spot-id-bottom_ad .tdc-placeholder-title:before{content:'Article Bottom Ad'!important}.tdb_single_content .id_top_ad,.tdb_single_content .id_bottom_ad{clear:both;margin-bottom:21px;text-align:center}.tdb_single_content .id_top_ad img,.tdb_single_content .id_bottom_ad img{margin-bottom:0}.tdb_single_content .id_top_ad .adsbygoogle,.tdb_single_content .id_bottom_ad .adsbygoogle{position:relative}.tdb_single_content .id_ad_content-horiz-left,.tdb_single_content .id_ad_content-horiz-right,.tdb_single_content .id_ad_content-horiz-center{margin-bottom:15px}.tdb_single_content .id_ad_content-horiz-left img,.tdb_single_content .id_ad_content-horiz-right img,.tdb_single_content .id_ad_content-horiz-center img{margin-bottom:0}.tdb_single_content .id_ad_content-horiz-center{text-align:center}.tdb_single_content .id_ad_content-horiz-center img{margin-right:auto;margin-left:auto}.tdb_single_content .id_ad_content-horiz-left{float:left;margin-top:9px;margin-right:21px}.tdb_single_content .id_ad_content-horiz-right{float:right;margin-top:6px;margin-left:21px}.tdb_single_content .tdc-a-ad .tdc-placeholder-title{width:300px;height:250px}.tdb_single_content .tdc-a-ad .tdc-placeholder-title:before{position:absolute;top:50%;-webkit-transform:translateY(-50%);transform:translateY(-50%);margin:auto;display:table;width:100%}.tdb_single_content .tdb-block-inner.td-fix-index{word-break:break-word}.tdi_41,.tdi_41>p,.tdi_41 .tdb-block-inner>p,.wp-block-column>p{font-size:16px!important;line-height:1.6!important}.tdi_41 .tdb-block-inner blockquote p{font-style:normal!important}@media (max-width:767px){.tdb_single_content .id_ad_content-horiz-left,.tdb_single_content .id_ad_content-horiz-right,.tdb_single_content .id_ad_content-horiz-center{margin:0 auto 26 pikseli auto}}@media (max-width:767px){.tdb_single_content .id_ad_content-horiz-left{margin-right:0}}@media (max-width:767px){.tdb_single_content .id_ad_content-horiz-right{margin-left:0}}@media (max-width:767px){.tdb_single_content .td-a-ad{float:none;text-align:center}.tdb_single_content .td-a-ad img{margin-right:auto;margin-left:auto}.tdb_single_content .tdc-a-ad{float:none}}<\/style>\n<div class=\"tdb-block-inner td-fix-index\">\n<p><strong>&#8222;Polska by\u0142a wspania\u0142a. I cz\u0142owiek, kt\u00f3ry wygra\u0142 wybory, kt\u00f3ry by\u0142 fantastyczny, kt\u00f3ry nawet nie spodziewa\u0142 si\u0119, \u017ce b\u0119dzie blisko (wygrania). By\u0142 jednym z wielu kandydat\u00f3w. (&#8230;) Popiera\u0142em go i wygra\u0142 wybory. Wi\u0119c to by\u0142o spore zaskoczenie. Ale jest fantastyczny. B\u0119dzie \u015bwietnym prezydentem&#8221; <\/strong>\u2013 powiedzia\u0142 prezydent Donald Trump w wywiadzie dla brytyjskiej stacji GB News.<\/p>\n<p>W wywiadzie dla konserwatywnej stacji GB News Donalda Trumpa zapytano, czy przyw\u00f3dcy europejscy, w tym brytyjscy, s\u0105 \u201enadwra\u017cliwi na sugesti\u0119, \u017ce ich obywatele s\u0105 wa\u017cniejsi ni\u017c ci, kt\u00f3rzy pochodz\u0105 z innych kraj\u00f3w\u201d.<\/p>\n<p>W odpowiedzi ameryka\u0144ski prezydent pocz\u0105tkowo jako przyk\u0142ad poda\u0142 W\u0119gry, wskazuj\u0105c, \u017ce \u201emaj\u0105 cz\u0142owieka o nazwisku Viktor Orban, kt\u00f3rego nienawidz\u0105 inni przyw\u00f3dcy, ale kt\u00f3ry wykonuje \u015bwietn\u0105 robot\u0119\u201d.<\/p>\n<figure class=\"wp-block-pullquote\">\n<blockquote>\n<p>&#8222;Wiesz, ile os\u00f3b przyj\u0105\u0142 do swojego kraju? Zero. I nie ma problem\u00f3w. Przyj\u0105\u0142 kilku Ukrai\u0144c\u00f3w, uchod\u017ac\u00f3w wojennych, ale praktycznie nikogo. Wiadomo, Ukrai\u0144cy si\u0119 integruj\u0105. Ale nikogo nie wpu\u015bci\u0142&#8221; &#8211; powiedzia\u0142 Trump.<\/p>\n<\/blockquote>\n<\/figure>\n<figure class=\"wp-block-pullquote\">\n<blockquote>\n<p>Nast\u0119pnie przeszed\u0142 do tematu Polski i Polak\u00f3w. &#8222;My\u015bl\u0119, \u017ce wykonali bardzo dobr\u0105 robot\u0119. Polska by\u0142a wspania\u0142a. I cz\u0142owiek, kt\u00f3ry wygra\u0142 wybory, kt\u00f3ry by\u0142 fantastyczny, kt\u00f3ry nawet nie spodziewa\u0142 si\u0119, \u017ce b\u0119dzie blisko (wygrania). By\u0142 jednym z wielu kandydat\u00f3w. I poprzez jego przyjaciela i mojego przyjaciela, naszego wsp\u00f3lnego znajomego, wspiera\u0142em go i wygra\u0142 wybory. To by\u0142o wi\u0119c spore zaskoczenie. Ale jest fantastyczny. B\u0119dzie \u015bwietnym prezydentem&#8221; &#8211; powiedzia\u0142.<\/p>\n<\/blockquote>\n<\/figure>\n<figure class=\"wp-block-pullquote\">\n<blockquote>\n<p>\u201eAle Polska ludzi nie wpuszcza. S\u0105 kraje, kt\u00f3re po prostu odmawiaj\u0105\u201d \u2013 doda\u0142.<\/p>\n<\/blockquote>\n<\/figure>\n<h2 class=\"wp-block-heading\">\u201eEuropa to nie to samo miejsce\u201d<\/h2>\n<figure class=\"wp-block-pullquote\">\n<blockquote>\n<p>&#8222;Jestem bardzo zasmucony tym, co wydarzy\u0142o si\u0119 w Europie w zakresie imigracji. My\u015bl\u0119, \u017ce to przede wszystkim imigracja, ale tak\u017ce z\u0142a polityka podatkowa. Europa to nie to samo miejsce. Nie mog\u0119 powiedzie\u0107, \u017ce wsz\u0119dzie, ale prawie wsz\u0119dzie. Jest kilka miejsc, ale nie b\u0119d\u0119 si\u0119 tym zajmowa\u0142, bo to ludzie, kt\u00f3rych przyw\u00f3dcy nie lubi\u0105 innych europejskich przyw\u00f3dc\u00f3w. Ale to, co si\u0119 sta\u0142o, jest bardzo smutne dla Europy&#8221; \u2013 powiedzia\u0142 Trump we wcze\u015bniejszym wywiadzie.<\/p>\n<\/blockquote>\n<\/figure>\n<p>Przyzna\u0142, \u017ce <strong>\u201ekocha Europ\u0119\u201d <\/strong>i \u017ce jego rodzice pochodz\u0105 z Europy.<\/p>\n<p>Podkre\u015bli\u0142, \u017ce przybysze do Europy <strong>\u201epochodz\u0105 z najgorszych miejsc na Ziemi\u201d.<\/strong><\/p>\n<figure class=\"wp-block-pullquote\">\n<blockquote>\n<p>\u201ePowiedzia\u0142em niekt\u00f3rym europejskim przyw\u00f3dcom: musicie przesta\u0107, imigracja was zniszczy, je\u015bli b\u0119dziecie nadal sprowadza\u0107 ludzi z niew\u0142a\u015bciwych miejsc\u201d \u2013 doda\u0142 Donald Trump.<\/p>\n<\/blockquote>\n<\/figure>\n<p>Przytoczy\u0142 przyk\u0142ady dzia\u0142a\u0144 podejmowanych przez jego administracj\u0119 w USA, jak np. deportacje niebezpiecznych migrant\u00f3w.<\/p>\n<\/div>\n<\/div>\n","protected":false},"excerpt":{"rendered":"<p>&#8222;Polska by\u0142a wspania\u0142a. I cz\u0142owiek, kt\u00f3ry wygra\u0142 wybory, kt\u00f3ry by\u0142 fantastyczny, kt\u00f3ry nawet nie spodziewa\u0142 si\u0119, \u017ce b\u0119dzie blisko (wygrania).<\/p>\n","protected":false},"author":1,"featured_media":10579,"comment_status":"open","ping_status":"open","sticky":false,"template":"","format":"standard","meta":{"footnotes":""},"categories":[44],"tags":[255,764,9198,111,12008,7643,6396,12032,251],"class_list":["post-10578","post","type-post","status-publish","format-standard","has-post-thumbnail","hentry","category-polityka","tag-bedzie","tag-donald","tag-fantastyczny","tag-jest","tag-karolu","tag-nawrockim","tag-prezydentem","tag-swietnym","tag-trump","generate-columns","tablet-grid-50","mobile-grid-100","grid-parent","grid-50","resize-featured-image"],"yoast_head":"<!-- This site is optimized with the Yoast SEO plugin v23.2 - https:\/\/yoast.com\/wordpress\/plugins\/seo\/ -->\n<title>Donald Trump o Karolu Nawrockim: Jest fantastyczny, b\u0119dzie \u015bwietnym prezydentem - POGOTOWIE FLAGOWE\u00ae<\/title>\n<meta name=\"robots\" content=\"index, follow, max-snippet:-1, max-image-preview:large, max-video-preview:-1\" \/>\n<link rel=\"canonical\" href=\"https:\/\/www.pogotowieflagowe.pl\/aktualne\/donald-trump-o-karolu-nawrockim-jest-fantastyczny-bedzie-swietnym-prezydentem\/\" \/>\n<meta property=\"og:locale\" content=\"pl_PL\" \/>\n<meta property=\"og:type\" content=\"article\" \/>\n<meta property=\"og:title\" content=\"Donald Trump o Karolu Nawrockim: Jest fantastyczny, b\u0119dzie \u015bwietnym prezydentem - POGOTOWIE FLAGOWE\u00ae\" \/>\n<meta property=\"og:description\" content=\"&#8222;Polska by\u0142a wspania\u0142a. I cz\u0142owiek, kt\u00f3ry wygra\u0142 wybory, kt\u00f3ry by\u0142 fantastyczny, kt\u00f3ry nawet nie spodziewa\u0142 si\u0119, \u017ce b\u0119dzie blisko (wygrania).\" \/>\n<meta property=\"og:url\" content=\"https:\/\/www.pogotowieflagowe.pl\/aktualne\/donald-trump-o-karolu-nawrockim-jest-fantastyczny-bedzie-swietnym-prezydentem\/\" \/>\n<meta property=\"og:site_name\" content=\"POGOTOWIE FLAGOWE\u00ae\" \/>\n<meta property=\"article:published_time\" content=\"2025-11-15T21:20:35+00:00\" \/>\n<meta property=\"article:modified_time\" content=\"2025-11-15T21:20:39+00:00\" \/>\n<meta property=\"og:image\" content=\"https:\/\/www.pogotowieflagowe.pl\/aktualne\/wp-content\/uploads\/2025\/11\/Donald-Trump-o-Karolu-Nawrockim-Jest-fantastyczny-bedzie-swietnym-prezydentem.webp.webp\" \/>\n\t<meta property=\"og:image:width\" content=\"1280\" \/>\n\t<meta property=\"og:image:height\" content=\"720\" \/>\n\t<meta property=\"og:image:type\" content=\"image\/webp\" \/>\n<meta name=\"author\" content=\"Filip\" \/>\n<meta name=\"twitter:card\" content=\"summary_large_image\" \/>\n<meta name=\"twitter:label1\" content=\"Napisane przez\" \/>\n\t<meta name=\"twitter:data1\" content=\"Filip\" \/>\n\t<meta name=\"twitter:label2\" content=\"Szacowany czas czytania\" \/>\n\t<meta name=\"twitter:data2\" content=\"2 minuty\" \/>\n<script type=\"application\/ld+json\" class=\"yoast-schema-graph\">{\"@context\":\"https:\/\/schema.org\",\"@graph\":[{\"@type\":\"Article\",\"@id\":\"https:\/\/www.pogotowieflagowe.pl\/aktualne\/donald-trump-o-karolu-nawrockim-jest-fantastyczny-bedzie-swietnym-prezydentem\/#article\",\"isPartOf\":{\"@id\":\"https:\/\/www.pogotowieflagowe.pl\/aktualne\/donald-trump-o-karolu-nawrockim-jest-fantastyczny-bedzie-swietnym-prezydentem\/\"},\"author\":{\"name\":\"Filip\",\"@id\":\"https:\/\/www.pogotowieflagowe.pl\/aktualne\/#\/schema\/person\/9c2fb7d2362ebf6fa088960d7f0d27b0\"},\"headline\":\"Donald Trump o Karolu Nawrockim: Jest fantastyczny, b\u0119dzie \u015bwietnym prezydentem\",\"datePublished\":\"2025-11-15T21:20:35+00:00\",\"dateModified\":\"2025-11-15T21:20:39+00:00\",\"mainEntityOfPage\":{\"@id\":\"https:\/\/www.pogotowieflagowe.pl\/aktualne\/donald-trump-o-karolu-nawrockim-jest-fantastyczny-bedzie-swietnym-prezydentem\/\"},\"wordCount\":438,\"commentCount\":0,\"publisher\":{\"@id\":\"https:\/\/www.pogotowieflagowe.pl\/aktualne\/#organization\"},\"image\":{\"@id\":\"https:\/\/www.pogotowieflagowe.pl\/aktualne\/donald-trump-o-karolu-nawrockim-jest-fantastyczny-bedzie-swietnym-prezydentem\/#primaryimage\"},\"thumbnailUrl\":\"https:\/\/www.pogotowieflagowe.pl\/aktualne\/wp-content\/uploads\/2025\/11\/Donald-Trump-o-Karolu-Nawrockim-Jest-fantastyczny-bedzie-swietnym-prezydentem.webp.webp\",\"keywords\":[\"b\u0119dzie\",\"Donald\",\"fantastyczny\",\"jest\",\"Karolu\",\"Nawrockim\",\"prezydentem\",\"\u015bwietnym\",\"Trump\"],\"articleSection\":[\"Polityka\"],\"inLanguage\":\"pl-PL\",\"potentialAction\":[{\"@type\":\"CommentAction\",\"name\":\"Comment\",\"target\":[\"https:\/\/www.pogotowieflagowe.pl\/aktualne\/donald-trump-o-karolu-nawrockim-jest-fantastyczny-bedzie-swietnym-prezydentem\/#respond\"]}]},{\"@type\":\"WebPage\",\"@id\":\"https:\/\/www.pogotowieflagowe.pl\/aktualne\/donald-trump-o-karolu-nawrockim-jest-fantastyczny-bedzie-swietnym-prezydentem\/\",\"url\":\"https:\/\/www.pogotowieflagowe.pl\/aktualne\/donald-trump-o-karolu-nawrockim-jest-fantastyczny-bedzie-swietnym-prezydentem\/\",\"name\":\"Donald Trump o Karolu Nawrockim: Jest fantastyczny, b\u0119dzie \u015bwietnym prezydentem - POGOTOWIE FLAGOWE\u00ae\",\"isPartOf\":{\"@id\":\"https:\/\/www.pogotowieflagowe.pl\/aktualne\/#website\"},\"primaryImageOfPage\":{\"@id\":\"https:\/\/www.pogotowieflagowe.pl\/aktualne\/donald-trump-o-karolu-nawrockim-jest-fantastyczny-bedzie-swietnym-prezydentem\/#primaryimage\"},\"image\":{\"@id\":\"https:\/\/www.pogotowieflagowe.pl\/aktualne\/donald-trump-o-karolu-nawrockim-jest-fantastyczny-bedzie-swietnym-prezydentem\/#primaryimage\"},\"thumbnailUrl\":\"https:\/\/www.pogotowieflagowe.pl\/aktualne\/wp-content\/uploads\/2025\/11\/Donald-Trump-o-Karolu-Nawrockim-Jest-fantastyczny-bedzie-swietnym-prezydentem.webp.webp\",\"datePublished\":\"2025-11-15T21:20:35+00:00\",\"dateModified\":\"2025-11-15T21:20:39+00:00\",\"breadcrumb\":{\"@id\":\"https:\/\/www.pogotowieflagowe.pl\/aktualne\/donald-trump-o-karolu-nawrockim-jest-fantastyczny-bedzie-swietnym-prezydentem\/#breadcrumb\"},\"inLanguage\":\"pl-PL\",\"potentialAction\":[{\"@type\":\"ReadAction\",\"target\":[\"https:\/\/www.pogotowieflagowe.pl\/aktualne\/donald-trump-o-karolu-nawrockim-jest-fantastyczny-bedzie-swietnym-prezydentem\/\"]}]},{\"@type\":\"ImageObject\",\"inLanguage\":\"pl-PL\",\"@id\":\"https:\/\/www.pogotowieflagowe.pl\/aktualne\/donald-trump-o-karolu-nawrockim-jest-fantastyczny-bedzie-swietnym-prezydentem\/#primaryimage\",\"url\":\"https:\/\/www.pogotowieflagowe.pl\/aktualne\/wp-content\/uploads\/2025\/11\/Donald-Trump-o-Karolu-Nawrockim-Jest-fantastyczny-bedzie-swietnym-prezydentem.webp.webp\",\"contentUrl\":\"https:\/\/www.pogotowieflagowe.pl\/aktualne\/wp-content\/uploads\/2025\/11\/Donald-Trump-o-Karolu-Nawrockim-Jest-fantastyczny-bedzie-swietnym-prezydentem.webp.webp\",\"width\":1280,\"height\":720,\"caption\":\"Donald Trump o Karolu Nawrockim: Jest fantastyczny, b\u0119dzie \u015bwietnym prezydentem\"},{\"@type\":\"BreadcrumbList\",\"@id\":\"https:\/\/www.pogotowieflagowe.pl\/aktualne\/donald-trump-o-karolu-nawrockim-jest-fantastyczny-bedzie-swietnym-prezydentem\/#breadcrumb\",\"itemListElement\":[{\"@type\":\"ListItem\",\"position\":1,\"name\":\"Home\",\"item\":\"https:\/\/www.pogotowieflagowe.pl\/aktualne\/\"},{\"@type\":\"ListItem\",\"position\":2,\"name\":\"Donald Trump o Karolu Nawrockim: Jest fantastyczny, b\u0119dzie \u015bwietnym prezydentem\"}]},{\"@type\":\"WebSite\",\"@id\":\"https:\/\/www.pogotowieflagowe.pl\/aktualne\/#website\",\"url\":\"https:\/\/www.pogotowieflagowe.pl\/aktualne\/\",\"name\":\"POGOTOWIE FLAGOWE\u00ae\",\"description\":\"\",\"publisher\":{\"@id\":\"https:\/\/www.pogotowieflagowe.pl\/aktualne\/#organization\"},\"potentialAction\":[{\"@type\":\"SearchAction\",\"target\":{\"@type\":\"EntryPoint\",\"urlTemplate\":\"https:\/\/www.pogotowieflagowe.pl\/aktualne\/?s={search_term_string}\"},\"query-input\":\"required name=search_term_string\"}],\"inLanguage\":\"pl-PL\"},{\"@type\":\"Organization\",\"@id\":\"https:\/\/www.pogotowieflagowe.pl\/aktualne\/#organization\",\"name\":\"POGOTOWIE FLAGOWE\u00ae\",\"url\":\"https:\/\/www.pogotowieflagowe.pl\/aktualne\/\",\"logo\":{\"@type\":\"ImageObject\",\"inLanguage\":\"pl-PL\",\"@id\":\"https:\/\/www.pogotowieflagowe.pl\/aktualne\/#\/schema\/logo\/image\/\",\"url\":\"https:\/\/www.pogotowieflagowe.pl\/aktualne\/wp-content\/uploads\/2024\/08\/cropped-pogotowieflagowe_flaga_projekt_sm.jpg\",\"contentUrl\":\"https:\/\/www.pogotowieflagowe.pl\/aktualne\/wp-content\/uploads\/2024\/08\/cropped-pogotowieflagowe_flaga_projekt_sm.jpg\",\"width\":250,\"height\":143,\"caption\":\"POGOTOWIE FLAGOWE\u00ae\"},\"image\":{\"@id\":\"https:\/\/www.pogotowieflagowe.pl\/aktualne\/#\/schema\/logo\/image\/\"}},{\"@type\":\"Person\",\"@id\":\"https:\/\/www.pogotowieflagowe.pl\/aktualne\/#\/schema\/person\/9c2fb7d2362ebf6fa088960d7f0d27b0\",\"name\":\"Filip\",\"image\":{\"@type\":\"ImageObject\",\"inLanguage\":\"pl-PL\",\"@id\":\"https:\/\/www.pogotowieflagowe.pl\/aktualne\/#\/schema\/person\/image\/\",\"url\":\"https:\/\/www.pogotowieflagowe.pl\/aktualne\/wp-content\/uploads\/2024\/08\/pogotowieflagowe.pl_.jpg\",\"contentUrl\":\"https:\/\/www.pogotowieflagowe.pl\/aktualne\/wp-content\/uploads\/2024\/08\/pogotowieflagowe.pl_.jpg\",\"caption\":\"Filip\"},\"description\":\"Jestem Filip, polski dziennikarz z dyplomem nauk politycznych Uniwersytetu Warszawskiego. Rozpoczynaj\u0105c swoj\u0105 karier\u0119 w r\u00f3\u017cnych lokalnych mediach, zdoby\u0142em solidne do\u015bwiadczenie w zakresie \u015bledztwa i redakcji. Obecnie jako redaktor w Pogotowie flagowe, staram si\u0119 dostarcza\u0107 dog\u0142\u0119bne i istotne analizy na temat najwa\u017cniejszych kwestii aktualno\u015bci, \u0142\u0105cz\u0105c rygor z pasj\u0105 dziennikarsk\u0105.\",\"sameAs\":[\"https:\/\/www.pogotowieflagowe.pl\/\"]}]}<\/script>\n<!-- \/ Yoast SEO plugin. -->","yoast_head_json":{"title":"Donald Trump o Karolu Nawrockim: Jest fantastyczny, b\u0119dzie \u015bwietnym prezydentem - POGOTOWIE FLAGOWE\u00ae","robots":{"index":"index","follow":"follow","max-snippet":"max-snippet:-1","max-image-preview":"max-image-preview:large","max-video-preview":"max-video-preview:-1"},"canonical":"https:\/\/www.pogotowieflagowe.pl\/aktualne\/donald-trump-o-karolu-nawrockim-jest-fantastyczny-bedzie-swietnym-prezydentem\/","og_locale":"pl_PL","og_type":"article","og_title":"Donald Trump o Karolu Nawrockim: Jest fantastyczny, b\u0119dzie \u015bwietnym prezydentem - POGOTOWIE FLAGOWE\u00ae","og_description":"&#8222;Polska by\u0142a wspania\u0142a. I cz\u0142owiek, kt\u00f3ry wygra\u0142 wybory, kt\u00f3ry by\u0142 fantastyczny, kt\u00f3ry nawet nie spodziewa\u0142 si\u0119, \u017ce b\u0119dzie blisko (wygrania).","og_url":"https:\/\/www.pogotowieflagowe.pl\/aktualne\/donald-trump-o-karolu-nawrockim-jest-fantastyczny-bedzie-swietnym-prezydentem\/","og_site_name":"POGOTOWIE FLAGOWE\u00ae","article_published_time":"2025-11-15T21:20:35+00:00","article_modified_time":"2025-11-15T21:20:39+00:00","og_image":[{"width":1280,"height":720,"url":"https:\/\/www.pogotowieflagowe.pl\/aktualne\/wp-content\/uploads\/2025\/11\/Donald-Trump-o-Karolu-Nawrockim-Jest-fantastyczny-bedzie-swietnym-prezydentem.webp.webp","type":"image\/webp"}],"author":"Filip","twitter_card":"summary_large_image","twitter_misc":{"Napisane przez":"Filip","Szacowany czas czytania":"2 minuty"},"schema":{"@context":"https:\/\/schema.org","@graph":[{"@type":"Article","@id":"https:\/\/www.pogotowieflagowe.pl\/aktualne\/donald-trump-o-karolu-nawrockim-jest-fantastyczny-bedzie-swietnym-prezydentem\/#article","isPartOf":{"@id":"https:\/\/www.pogotowieflagowe.pl\/aktualne\/donald-trump-o-karolu-nawrockim-jest-fantastyczny-bedzie-swietnym-prezydentem\/"},"author":{"name":"Filip","@id":"https:\/\/www.pogotowieflagowe.pl\/aktualne\/#\/schema\/person\/9c2fb7d2362ebf6fa088960d7f0d27b0"},"headline":"Donald Trump o Karolu Nawrockim: Jest fantastyczny, b\u0119dzie \u015bwietnym prezydentem","datePublished":"2025-11-15T21:20:35+00:00","dateModified":"2025-11-15T21:20:39+00:00","mainEntityOfPage":{"@id":"https:\/\/www.pogotowieflagowe.pl\/aktualne\/donald-trump-o-karolu-nawrockim-jest-fantastyczny-bedzie-swietnym-prezydentem\/"},"wordCount":438,"commentCount":0,"publisher":{"@id":"https:\/\/www.pogotowieflagowe.pl\/aktualne\/#organization"},"image":{"@id":"https:\/\/www.pogotowieflagowe.pl\/aktualne\/donald-trump-o-karolu-nawrockim-jest-fantastyczny-bedzie-swietnym-prezydentem\/#primaryimage"},"thumbnailUrl":"https:\/\/www.pogotowieflagowe.pl\/aktualne\/wp-content\/uploads\/2025\/11\/Donald-Trump-o-Karolu-Nawrockim-Jest-fantastyczny-bedzie-swietnym-prezydentem.webp.webp","keywords":["b\u0119dzie","Donald","fantastyczny","jest","Karolu","Nawrockim","prezydentem","\u015bwietnym","Trump"],"articleSection":["Polityka"],"inLanguage":"pl-PL","potentialAction":[{"@type":"CommentAction","name":"Comment","target":["https:\/\/www.pogotowieflagowe.pl\/aktualne\/donald-trump-o-karolu-nawrockim-jest-fantastyczny-bedzie-swietnym-prezydentem\/#respond"]}]},{"@type":"WebPage","@id":"https:\/\/www.pogotowieflagowe.pl\/aktualne\/donald-trump-o-karolu-nawrockim-jest-fantastyczny-bedzie-swietnym-prezydentem\/","url":"https:\/\/www.pogotowieflagowe.pl\/aktualne\/donald-trump-o-karolu-nawrockim-jest-fantastyczny-bedzie-swietnym-prezydentem\/","name":"Donald Trump o Karolu Nawrockim: Jest fantastyczny, b\u0119dzie \u015bwietnym prezydentem - POGOTOWIE FLAGOWE\u00ae","isPartOf":{"@id":"https:\/\/www.pogotowieflagowe.pl\/aktualne\/#website"},"primaryImageOfPage":{"@id":"https:\/\/www.pogotowieflagowe.pl\/aktualne\/donald-trump-o-karolu-nawrockim-jest-fantastyczny-bedzie-swietnym-prezydentem\/#primaryimage"},"image":{"@id":"https:\/\/www.pogotowieflagowe.pl\/aktualne\/donald-trump-o-karolu-nawrockim-jest-fantastyczny-bedzie-swietnym-prezydentem\/#primaryimage"},"thumbnailUrl":"https:\/\/www.pogotowieflagowe.pl\/aktualne\/wp-content\/uploads\/2025\/11\/Donald-Trump-o-Karolu-Nawrockim-Jest-fantastyczny-bedzie-swietnym-prezydentem.webp.webp","datePublished":"2025-11-15T21:20:35+00:00","dateModified":"2025-11-15T21:20:39+00:00","breadcrumb":{"@id":"https:\/\/www.pogotowieflagowe.pl\/aktualne\/donald-trump-o-karolu-nawrockim-jest-fantastyczny-bedzie-swietnym-prezydentem\/#breadcrumb"},"inLanguage":"pl-PL","potentialAction":[{"@type":"ReadAction","target":["https:\/\/www.pogotowieflagowe.pl\/aktualne\/donald-trump-o-karolu-nawrockim-jest-fantastyczny-bedzie-swietnym-prezydentem\/"]}]},{"@type":"ImageObject","inLanguage":"pl-PL","@id":"https:\/\/www.pogotowieflagowe.pl\/aktualne\/donald-trump-o-karolu-nawrockim-jest-fantastyczny-bedzie-swietnym-prezydentem\/#primaryimage","url":"https:\/\/www.pogotowieflagowe.pl\/aktualne\/wp-content\/uploads\/2025\/11\/Donald-Trump-o-Karolu-Nawrockim-Jest-fantastyczny-bedzie-swietnym-prezydentem.webp.webp","contentUrl":"https:\/\/www.pogotowieflagowe.pl\/aktualne\/wp-content\/uploads\/2025\/11\/Donald-Trump-o-Karolu-Nawrockim-Jest-fantastyczny-bedzie-swietnym-prezydentem.webp.webp","width":1280,"height":720,"caption":"Donald Trump o Karolu Nawrockim: Jest fantastyczny, b\u0119dzie \u015bwietnym prezydentem"},{"@type":"BreadcrumbList","@id":"https:\/\/www.pogotowieflagowe.pl\/aktualne\/donald-trump-o-karolu-nawrockim-jest-fantastyczny-bedzie-swietnym-prezydentem\/#breadcrumb","itemListElement":[{"@type":"ListItem","position":1,"name":"Home","item":"https:\/\/www.pogotowieflagowe.pl\/aktualne\/"},{"@type":"ListItem","position":2,"name":"Donald Trump o Karolu Nawrockim: Jest fantastyczny, b\u0119dzie \u015bwietnym prezydentem"}]},{"@type":"WebSite","@id":"https:\/\/www.pogotowieflagowe.pl\/aktualne\/#website","url":"https:\/\/www.pogotowieflagowe.pl\/aktualne\/","name":"POGOTOWIE FLAGOWE\u00ae","description":"","publisher":{"@id":"https:\/\/www.pogotowieflagowe.pl\/aktualne\/#organization"},"potentialAction":[{"@type":"SearchAction","target":{"@type":"EntryPoint","urlTemplate":"https:\/\/www.pogotowieflagowe.pl\/aktualne\/?s={search_term_string}"},"query-input":"required name=search_term_string"}],"inLanguage":"pl-PL"},{"@type":"Organization","@id":"https:\/\/www.pogotowieflagowe.pl\/aktualne\/#organization","name":"POGOTOWIE FLAGOWE\u00ae","url":"https:\/\/www.pogotowieflagowe.pl\/aktualne\/","logo":{"@type":"ImageObject","inLanguage":"pl-PL","@id":"https:\/\/www.pogotowieflagowe.pl\/aktualne\/#\/schema\/logo\/image\/","url":"https:\/\/www.pogotowieflagowe.pl\/aktualne\/wp-content\/uploads\/2024\/08\/cropped-pogotowieflagowe_flaga_projekt_sm.jpg","contentUrl":"https:\/\/www.pogotowieflagowe.pl\/aktualne\/wp-content\/uploads\/2024\/08\/cropped-pogotowieflagowe_flaga_projekt_sm.jpg","width":250,"height":143,"caption":"POGOTOWIE FLAGOWE\u00ae"},"image":{"@id":"https:\/\/www.pogotowieflagowe.pl\/aktualne\/#\/schema\/logo\/image\/"}},{"@type":"Person","@id":"https:\/\/www.pogotowieflagowe.pl\/aktualne\/#\/schema\/person\/9c2fb7d2362ebf6fa088960d7f0d27b0","name":"Filip","image":{"@type":"ImageObject","inLanguage":"pl-PL","@id":"https:\/\/www.pogotowieflagowe.pl\/aktualne\/#\/schema\/person\/image\/","url":"https:\/\/www.pogotowieflagowe.pl\/aktualne\/wp-content\/uploads\/2024\/08\/pogotowieflagowe.pl_.jpg","contentUrl":"https:\/\/www.pogotowieflagowe.pl\/aktualne\/wp-content\/uploads\/2024\/08\/pogotowieflagowe.pl_.jpg","caption":"Filip"},"description":"Jestem Filip, polski dziennikarz z dyplomem nauk politycznych Uniwersytetu Warszawskiego. Rozpoczynaj\u0105c swoj\u0105 karier\u0119 w r\u00f3\u017cnych lokalnych mediach, zdoby\u0142em solidne do\u015bwiadczenie w zakresie \u015bledztwa i redakcji. Obecnie jako redaktor w Pogotowie flagowe, staram si\u0119 dostarcza\u0107 dog\u0142\u0119bne i istotne analizy na temat najwa\u017cniejszych kwestii aktualno\u015bci, \u0142\u0105cz\u0105c rygor z pasj\u0105 dziennikarsk\u0105.","sameAs":["https:\/\/www.pogotowieflagowe.pl\/"]}]}},"_links":{"self":[{"href":"https:\/\/www.pogotowieflagowe.pl\/aktualne\/wp-json\/wp\/v2\/posts\/10578","targetHints":{"allow":["GET"]}}],"collection":[{"href":"https:\/\/www.pogotowieflagowe.pl\/aktualne\/wp-json\/wp\/v2\/posts"}],"about":[{"href":"https:\/\/www.pogotowieflagowe.pl\/aktualne\/wp-json\/wp\/v2\/types\/post"}],"author":[{"embeddable":true,"href":"https:\/\/www.pogotowieflagowe.pl\/aktualne\/wp-json\/wp\/v2\/users\/1"}],"replies":[{"embeddable":true,"href":"https:\/\/www.pogotowieflagowe.pl\/aktualne\/wp-json\/wp\/v2\/comments?post=10578"}],"version-history":[{"count":1,"href":"https:\/\/www.pogotowieflagowe.pl\/aktualne\/wp-json\/wp\/v2\/posts\/10578\/revisions"}],"predecessor-version":[{"id":10580,"href":"https:\/\/www.pogotowieflagowe.pl\/aktualne\/wp-json\/wp\/v2\/posts\/10578\/revisions\/10580"}],"wp:featuredmedia":[{"embeddable":true,"href":"https:\/\/www.pogotowieflagowe.pl\/aktualne\/wp-json\/wp\/v2\/media\/10579"}],"wp:attachment":[{"href":"https:\/\/www.pogotowieflagowe.pl\/aktualne\/wp-json\/wp\/v2\/media?parent=10578"}],"wp:term":[{"taxonomy":"category","embeddable":true,"href":"https:\/\/www.pogotowieflagowe.pl\/aktualne\/wp-json\/wp\/v2\/categories?post=10578"},{"taxonomy":"post_tag","embeddable":true,"href":"https:\/\/www.pogotowieflagowe.pl\/aktualne\/wp-json\/wp\/v2\/tags?post=10578"}],"curies":[{"name":"wp","href":"https:\/\/api.w.org\/{rel}","templated":true}]}}