{"id":10581,"date":"2025-11-15T22:49:08","date_gmt":"2025-11-15T21:49:08","guid":{"rendered":"https:\/\/www.pogotowieflagowe.pl\/aktualne\/rzad-tuska-pozbawia-romanowskiego-paszportow-czy-ziobro-kolejnym-celem\/"},"modified":"2025-11-15T22:49:10","modified_gmt":"2025-11-15T21:49:10","slug":"rzad-tuska-pozbawia-romanowskiego-paszportow-czy-ziobro-kolejnym-celem","status":"publish","type":"post","link":"https:\/\/www.pogotowieflagowe.pl\/aktualne\/rzad-tuska-pozbawia-romanowskiego-paszportow-czy-ziobro-kolejnym-celem\/","title":{"rendered":"Rz\u0105d Tuska pozbawia Romanowskiego paszport\u00f3w \u2014 czy Ziobro kolejnym celem?"},"content":{"rendered":"\n<div class=\"td_block_wrap tdb_single_content tdi_41 td-pb-border-top td_block_template_8 td-post-content tagdiv-type\" data-td-block-uid=\"tdi_41\">\n<style>.tdi_41{margines-top:0px!important;margin-bottom:0px!important;dope\u0142nienie-g\u00f3ra:0px!important;dope\u0142nienie-d\u00f3\u0142:0px!important}<\/style>\n<style>.tdb_single_content{margin-bottom:0;*zoom:1}.tdb_single_content:before,.tdb_single_content:after{display:table;content:'';line-height:0}.tdb_single_content:after{clear:both}.tdb_single_content .tdb-block-inner>*:not(.wp-block-quote):not(.alignwide):not(.alignfull.wp-block-cover.has-parallax):not(.td-a-ad){margin-left:auto;margin-right:auto}.tdb_single_content a{pointer-events:auto}.tdb_single_content .td-spot-id-top_ad .tdc-placeholder-title:before{content:'Najlepsza reklama artyku\u0142u'!important}.tdb_single_content .td-spot-id-inline_ad0 .tdc-placeholder-title:before{content:'Reklama wbudowana artyku\u0142u 1'!important}.tdb_single_content .td-spot-id-inline_ad1 .tdc-placeholder-title:before{content:'Reklama wbudowana w artyku\u0142 2'!important}.tdb_single_content .td-spot-id-inline_ad2 .tdc-placeholder-title:before{content:'Reklama wbudowana w artyku\u0142 3'!important}.tdb_single_content .td-spot-id-bottom_ad .tdc-placeholder-title:before{content:'Article Bottom Ad'!important}.tdb_single_content .id_top_ad,.tdb_single_content .id_bottom_ad{clear:both;margin-bottom:21px;text-align:center}.tdb_single_content .id_top_ad img,.tdb_single_content .id_bottom_ad img{margin-bottom:0}.tdb_single_content .id_top_ad .adsbygoogle,.tdb_single_content .id_bottom_ad .adsbygoogle{position:relative}.tdb_single_content .id_ad_content-horiz-left,.tdb_single_content .id_ad_content-horiz-right,.tdb_single_content .id_ad_content-horiz-center{margin-bottom:15px}.tdb_single_content .id_ad_content-horiz-left img,.tdb_single_content .id_ad_content-horiz-right img,.tdb_single_content .id_ad_content-horiz-center img{margin-bottom:0}.tdb_single_content .id_ad_content-horiz-center{text-align:center}.tdb_single_content .id_ad_content-horiz-center img{margin-right:auto;margin-left:auto}.tdb_single_content .id_ad_content-horiz-left{float:left;margin-top:9px;margin-right:21px}.tdb_single_content .id_ad_content-horiz-right{float:right;margin-top:6px;margin-left:21px}.tdb_single_content .tdc-a-ad .tdc-placeholder-title{width:300px;height:250px}.tdb_single_content .tdc-a-ad .tdc-placeholder-title:before{position:absolute;top:50%;-webkit-transform:translateY(-50%);transform:translateY(-50%);margin:auto;display:table;width:100%}.tdb_single_content .tdb-block-inner.td-fix-index{word-break:break-word}.tdi_41,.tdi_41>p,.tdi_41 .tdb-block-inner>p,.wp-block-column>p{font-size:16px!important;line-height:1.6!important}.tdi_41 .tdb-block-inner blockquote p{font-style:normal!important}@media (max-width:767px){.tdb_single_content .id_ad_content-horiz-left,.tdb_single_content .id_ad_content-horiz-right,.tdb_single_content .id_ad_content-horiz-center{margin:0 auto 26 pikseli auto}}@media (max-width:767px){.tdb_single_content .id_ad_content-horiz-left{margin-right:0}}@media (max-width:767px){.tdb_single_content .id_ad_content-horiz-right{margin-left:0}}@media (max-width:767px){.tdb_single_content .td-a-ad{float:none;text-align:center}.tdb_single_content .td-a-ad img{margin-right:auto;margin-left:auto}.tdb_single_content .tdc-a-ad{float:none}}<\/style>\n<div class=\"tdb-block-inner td-fix-index\">\n<p>Ministerstwa podleg\u0142e premierowi Donaldowi Tuskowi uniewa\u017cni\u0142y paszporty przebywaj\u0105cego obecnie na W\u0119grzech Marcina Romanowskiego, a kolejnym mo\u017ce by\u0107 Zbigniew Ziobro. Zar\u00f3wno politycy PiS, jak i PiS odrzucaj\u0105 zarzuty prokuratury kierowanej przez Waldemara \u017burka i okre\u015blaj\u0105 spraw\u0119 jako zemst\u0119 polityczn\u0105.<\/p>\n<h3 class=\"wp-block-heading\"><strong>Romanowski ju\u017c bez paszportu<\/strong><\/h3>\n<p>Marcinowi Romanowskiemu, by\u0142emu wiceministrowi sprawiedliwo\u015bci, uniewa\u017cniono paszporty dyplomatyczne i s\u0142u\u017cbowe. Zawiadomienie otrzyma\u0142 za po\u015brednictwem <em>mObywatel<\/em> system. Pose\u0142 PiS zapewnia, \u017ce \u200b\u200bb\u0119dzie walczy\u0142 o swoje dobre imi\u0119 i odpiera wszelkie zarzuty dotycz\u0105ce nieprawid\u0142owo\u015bci w zarz\u0105dzaniu Funduszem Sprawiedliwo\u015bci.<\/p>\n<p>Informacja ta zosta\u0142a potwierdzona <em>Rzeczpospolita<\/em> przez prokuratora Przemys\u0142awa Nowaka, rzecznika Prokuratury Krajowej.<\/p>\n<p>\u201ePrzyczyn\u0105 uniewa\u017cnienia paszportu by\u0142 wniosek prokuratora prowadz\u0105cego \u015bledztwo na podstawie art. 70 ust. 2 pkt 11 ustawy o dokumentach paszportowych (\u2026) Konieczne by\u0142o zabezpieczenie kontynuacji post\u0119powania, w szczeg\u00f3lno\u015bci poprzez niedopuszczenie lub utrudnienie dalszej ucieczki podejrzanego Marcina Romanowskiego za pomoc\u0105 tego dokumentu, w tym uniemo\u017cliwienie mu opuszczenia strefy Schengen\u201d \u2013 doda\u0142.<\/p>\n<p>Decyzj\u0119 o uniewa\u017cnieniu paszport\u00f3w podj\u0119\u0142y Ministerstwo Spraw Zagranicznych oraz Ministerstwo Spraw Wewn\u0119trznych i Administracji \u2013 pod przewodnictwem odpowiednio Rados\u0142awa Sikorskiego i Marcina Kierwi\u0144skiego.<\/p>\n<p>Romanowski podkre\u015bla, \u017ce \u200b\u200buzyska\u0142 na W\u0119grzech ochron\u0119 mi\u0119dzynarodow\u0105 zgodnie z prawem, bo w Polsce nie mo\u017ce liczy\u0107 na sprawiedliwy proces. Po uniewa\u017cnieniu jego paszport\u00f3w z\u0142o\u017cy\u0142 wniosek o genewski dokument podr\u00f3\u017cy.<\/p>\n<h3 class=\"wp-block-heading\"><strong>Czy Ziobro b\u0119dzie nast\u0119pny?<\/strong><\/h3>\n<p>Zbigniew Ziobro, by\u0142y minister sprawiedliwo\u015bci i prokurator generalny, od pocz\u0105tku konsekwentnie odrzuca zarzuty o nieprawid\u0142owo\u015bciach w zarz\u0105dzaniu Funduszem Sprawiedliwo\u015bci. Wielokrotnie podkre\u015bla\u0142, \u017ce Fundusz jest przejrzysty, a wszystkie wydatki s\u0105 legalne i nadzorowane przez odpowiednie instytucje.<\/p>\n<p>Teraz, podobnie jak Romanowski, Ziobro jest \u015bcigany przez prokuratur\u0119, kt\u00f3ra z\u0142o\u017cy\u0142a ju\u017c do s\u0105du wniosek o tymczasowe aresztowanie. By\u0142y minister sprawiedliwo\u015bci i pose\u0142 PiS nie b\u0119dzie przes\u0142uchiwany ani na W\u0119grzech, ani w Brukseli, poniewa\u017c prokurator odrzuci\u0142 jego propozycj\u0119.<\/p>\n<p>Tymczasem s\u0142u\u017cby bezpiecze\u0144stwa sprawdzaj\u0105 m.in. loty przylatuj\u0105ce z Brukseli, gdzie Ziobro ma jeden ze swoich adres\u00f3w korespondencyjnych. Pasa\u017cerowie przylatuj\u0105cy ze stolicy Belgii mog\u0105 zosta\u0107 zatrzymani przez funkcjonariuszy policji w celu kontroli to\u017csamo\u015bci bezpo\u015brednio na mostku odrzutowym na Lotnisku Chopina w Warszawie.<\/p>\n<\/div>\n<\/div>\n","protected":false},"excerpt":{"rendered":"<p>Ministerstwa podleg\u0142e premierowi Donaldowi Tuskowi uniewa\u017cni\u0142y paszporty przebywaj\u0105cego obecnie na W\u0119grzech Marcina Romanowskiego, a kolejnym mo\u017ce by\u0107 Zbigniew Ziobro. Zar\u00f3wno<\/p>\n","protected":false},"author":1,"featured_media":10582,"comment_status":"open","ping_status":"open","sticky":false,"template":"","format":"standard","meta":{"footnotes":""},"categories":[4748],"tags":[2339,501,5940,12034,12033,3806,1554,567,3360],"class_list":["post-10581","post","type-post","status-publish","format-standard","has-post-thumbnail","hentry","category-aktualne","tag-celem","tag-czy","tag-kolejnym","tag-paszportow","tag-pozbawia","tag-romanowskiego","tag-rzad","tag-tuska","tag-ziobro","generate-columns","tablet-grid-50","mobile-grid-100","grid-parent","grid-50","resize-featured-image"],"yoast_head":"<!-- This site is optimized with the Yoast SEO plugin v23.2 - https:\/\/yoast.com\/wordpress\/plugins\/seo\/ -->\n<title>Rz\u0105d Tuska pozbawia Romanowskiego paszport\u00f3w \u2014 czy Ziobro kolejnym celem? - POGOTOWIE FLAGOWE\u00ae<\/title>\n<meta name=\"robots\" content=\"index, follow, max-snippet:-1, max-image-preview:large, max-video-preview:-1\" \/>\n<link rel=\"canonical\" href=\"https:\/\/www.pogotowieflagowe.pl\/aktualne\/rzad-tuska-pozbawia-romanowskiego-paszportow-czy-ziobro-kolejnym-celem\/\" \/>\n<meta property=\"og:locale\" content=\"pl_PL\" \/>\n<meta property=\"og:type\" content=\"article\" \/>\n<meta property=\"og:title\" content=\"Rz\u0105d Tuska pozbawia Romanowskiego paszport\u00f3w \u2014 czy Ziobro kolejnym celem? - POGOTOWIE FLAGOWE\u00ae\" \/>\n<meta property=\"og:description\" content=\"Ministerstwa podleg\u0142e premierowi Donaldowi Tuskowi uniewa\u017cni\u0142y paszporty przebywaj\u0105cego obecnie na W\u0119grzech Marcina Romanowskiego, a kolejnym mo\u017ce by\u0107 Zbigniew Ziobro. Zar\u00f3wno\" \/>\n<meta property=\"og:url\" content=\"https:\/\/www.pogotowieflagowe.pl\/aktualne\/rzad-tuska-pozbawia-romanowskiego-paszportow-czy-ziobro-kolejnym-celem\/\" \/>\n<meta property=\"og:site_name\" content=\"POGOTOWIE FLAGOWE\u00ae\" \/>\n<meta property=\"article:published_time\" content=\"2025-11-15T21:49:08+00:00\" \/>\n<meta property=\"article:modified_time\" content=\"2025-11-15T21:49:10+00:00\" \/>\n<meta property=\"og:image\" content=\"https:\/\/www.pogotowieflagowe.pl\/aktualne\/wp-content\/uploads\/2025\/11\/Rzad-Tuska-pozbawia-Romanowskiego-paszportow-\u2014-czy-Ziobro-kolejnym-celem.webp.webp\" \/>\n\t<meta property=\"og:image:width\" content=\"1280\" \/>\n\t<meta property=\"og:image:height\" content=\"720\" \/>\n\t<meta property=\"og:image:type\" content=\"image\/webp\" \/>\n<meta name=\"author\" content=\"Filip\" \/>\n<meta name=\"twitter:card\" content=\"summary_large_image\" \/>\n<meta name=\"twitter:label1\" content=\"Napisane przez\" \/>\n\t<meta name=\"twitter:data1\" content=\"Filip\" \/>\n\t<meta name=\"twitter:label2\" content=\"Szacowany czas czytania\" \/>\n\t<meta name=\"twitter:data2\" content=\"2 minuty\" \/>\n<script type=\"application\/ld+json\" class=\"yoast-schema-graph\">{\"@context\":\"https:\/\/schema.org\",\"@graph\":[{\"@type\":\"Article\",\"@id\":\"https:\/\/www.pogotowieflagowe.pl\/aktualne\/rzad-tuska-pozbawia-romanowskiego-paszportow-czy-ziobro-kolejnym-celem\/#article\",\"isPartOf\":{\"@id\":\"https:\/\/www.pogotowieflagowe.pl\/aktualne\/rzad-tuska-pozbawia-romanowskiego-paszportow-czy-ziobro-kolejnym-celem\/\"},\"author\":{\"name\":\"Filip\",\"@id\":\"https:\/\/www.pogotowieflagowe.pl\/aktualne\/#\/schema\/person\/9c2fb7d2362ebf6fa088960d7f0d27b0\"},\"headline\":\"Rz\u0105d Tuska pozbawia Romanowskiego paszport\u00f3w \u2014 czy Ziobro kolejnym celem?\",\"datePublished\":\"2025-11-15T21:49:08+00:00\",\"dateModified\":\"2025-11-15T21:49:10+00:00\",\"mainEntityOfPage\":{\"@id\":\"https:\/\/www.pogotowieflagowe.pl\/aktualne\/rzad-tuska-pozbawia-romanowskiego-paszportow-czy-ziobro-kolejnym-celem\/\"},\"wordCount\":391,\"commentCount\":0,\"publisher\":{\"@id\":\"https:\/\/www.pogotowieflagowe.pl\/aktualne\/#organization\"},\"image\":{\"@id\":\"https:\/\/www.pogotowieflagowe.pl\/aktualne\/rzad-tuska-pozbawia-romanowskiego-paszportow-czy-ziobro-kolejnym-celem\/#primaryimage\"},\"thumbnailUrl\":\"https:\/\/www.pogotowieflagowe.pl\/aktualne\/wp-content\/uploads\/2025\/11\/Rzad-Tuska-pozbawia-Romanowskiego-paszportow-\u2014-czy-Ziobro-kolejnym-celem.webp.webp\",\"keywords\":[\"celem\",\"Czy\",\"kolejnym\",\"paszport\u00f3w\",\"pozbawia\",\"Romanowskiego\",\"Rz\u0105d\",\"Tuska\",\"Ziobro\"],\"articleSection\":[\"Aktualne\"],\"inLanguage\":\"pl-PL\",\"potentialAction\":[{\"@type\":\"CommentAction\",\"name\":\"Comment\",\"target\":[\"https:\/\/www.pogotowieflagowe.pl\/aktualne\/rzad-tuska-pozbawia-romanowskiego-paszportow-czy-ziobro-kolejnym-celem\/#respond\"]}]},{\"@type\":\"WebPage\",\"@id\":\"https:\/\/www.pogotowieflagowe.pl\/aktualne\/rzad-tuska-pozbawia-romanowskiego-paszportow-czy-ziobro-kolejnym-celem\/\",\"url\":\"https:\/\/www.pogotowieflagowe.pl\/aktualne\/rzad-tuska-pozbawia-romanowskiego-paszportow-czy-ziobro-kolejnym-celem\/\",\"name\":\"Rz\u0105d Tuska pozbawia Romanowskiego paszport\u00f3w \u2014 czy Ziobro kolejnym celem? - POGOTOWIE FLAGOWE\u00ae\",\"isPartOf\":{\"@id\":\"https:\/\/www.pogotowieflagowe.pl\/aktualne\/#website\"},\"primaryImageOfPage\":{\"@id\":\"https:\/\/www.pogotowieflagowe.pl\/aktualne\/rzad-tuska-pozbawia-romanowskiego-paszportow-czy-ziobro-kolejnym-celem\/#primaryimage\"},\"image\":{\"@id\":\"https:\/\/www.pogotowieflagowe.pl\/aktualne\/rzad-tuska-pozbawia-romanowskiego-paszportow-czy-ziobro-kolejnym-celem\/#primaryimage\"},\"thumbnailUrl\":\"https:\/\/www.pogotowieflagowe.pl\/aktualne\/wp-content\/uploads\/2025\/11\/Rzad-Tuska-pozbawia-Romanowskiego-paszportow-\u2014-czy-Ziobro-kolejnym-celem.webp.webp\",\"datePublished\":\"2025-11-15T21:49:08+00:00\",\"dateModified\":\"2025-11-15T21:49:10+00:00\",\"breadcrumb\":{\"@id\":\"https:\/\/www.pogotowieflagowe.pl\/aktualne\/rzad-tuska-pozbawia-romanowskiego-paszportow-czy-ziobro-kolejnym-celem\/#breadcrumb\"},\"inLanguage\":\"pl-PL\",\"potentialAction\":[{\"@type\":\"ReadAction\",\"target\":[\"https:\/\/www.pogotowieflagowe.pl\/aktualne\/rzad-tuska-pozbawia-romanowskiego-paszportow-czy-ziobro-kolejnym-celem\/\"]}]},{\"@type\":\"ImageObject\",\"inLanguage\":\"pl-PL\",\"@id\":\"https:\/\/www.pogotowieflagowe.pl\/aktualne\/rzad-tuska-pozbawia-romanowskiego-paszportow-czy-ziobro-kolejnym-celem\/#primaryimage\",\"url\":\"https:\/\/www.pogotowieflagowe.pl\/aktualne\/wp-content\/uploads\/2025\/11\/Rzad-Tuska-pozbawia-Romanowskiego-paszportow-\u2014-czy-Ziobro-kolejnym-celem.webp.webp\",\"contentUrl\":\"https:\/\/www.pogotowieflagowe.pl\/aktualne\/wp-content\/uploads\/2025\/11\/Rzad-Tuska-pozbawia-Romanowskiego-paszportow-\u2014-czy-Ziobro-kolejnym-celem.webp.webp\",\"width\":1280,\"height\":720,\"caption\":\"Rz\u0105d Tuska pozbawia Romanowskiego paszport\u00f3w \u2014 czy Ziobro kolejnym celem?\"},{\"@type\":\"BreadcrumbList\",\"@id\":\"https:\/\/www.pogotowieflagowe.pl\/aktualne\/rzad-tuska-pozbawia-romanowskiego-paszportow-czy-ziobro-kolejnym-celem\/#breadcrumb\",\"itemListElement\":[{\"@type\":\"ListItem\",\"position\":1,\"name\":\"Home\",\"item\":\"https:\/\/www.pogotowieflagowe.pl\/aktualne\/\"},{\"@type\":\"ListItem\",\"position\":2,\"name\":\"Rz\u0105d Tuska pozbawia Romanowskiego paszport\u00f3w \u2014 czy Ziobro kolejnym celem?\"}]},{\"@type\":\"WebSite\",\"@id\":\"https:\/\/www.pogotowieflagowe.pl\/aktualne\/#website\",\"url\":\"https:\/\/www.pogotowieflagowe.pl\/aktualne\/\",\"name\":\"POGOTOWIE FLAGOWE\u00ae\",\"description\":\"\",\"publisher\":{\"@id\":\"https:\/\/www.pogotowieflagowe.pl\/aktualne\/#organization\"},\"potentialAction\":[{\"@type\":\"SearchAction\",\"target\":{\"@type\":\"EntryPoint\",\"urlTemplate\":\"https:\/\/www.pogotowieflagowe.pl\/aktualne\/?s={search_term_string}\"},\"query-input\":\"required name=search_term_string\"}],\"inLanguage\":\"pl-PL\"},{\"@type\":\"Organization\",\"@id\":\"https:\/\/www.pogotowieflagowe.pl\/aktualne\/#organization\",\"name\":\"POGOTOWIE FLAGOWE\u00ae\",\"url\":\"https:\/\/www.pogotowieflagowe.pl\/aktualne\/\",\"logo\":{\"@type\":\"ImageObject\",\"inLanguage\":\"pl-PL\",\"@id\":\"https:\/\/www.pogotowieflagowe.pl\/aktualne\/#\/schema\/logo\/image\/\",\"url\":\"https:\/\/www.pogotowieflagowe.pl\/aktualne\/wp-content\/uploads\/2024\/08\/cropped-pogotowieflagowe_flaga_projekt_sm.jpg\",\"contentUrl\":\"https:\/\/www.pogotowieflagowe.pl\/aktualne\/wp-content\/uploads\/2024\/08\/cropped-pogotowieflagowe_flaga_projekt_sm.jpg\",\"width\":250,\"height\":143,\"caption\":\"POGOTOWIE FLAGOWE\u00ae\"},\"image\":{\"@id\":\"https:\/\/www.pogotowieflagowe.pl\/aktualne\/#\/schema\/logo\/image\/\"}},{\"@type\":\"Person\",\"@id\":\"https:\/\/www.pogotowieflagowe.pl\/aktualne\/#\/schema\/person\/9c2fb7d2362ebf6fa088960d7f0d27b0\",\"name\":\"Filip\",\"image\":{\"@type\":\"ImageObject\",\"inLanguage\":\"pl-PL\",\"@id\":\"https:\/\/www.pogotowieflagowe.pl\/aktualne\/#\/schema\/person\/image\/\",\"url\":\"https:\/\/www.pogotowieflagowe.pl\/aktualne\/wp-content\/uploads\/2024\/08\/pogotowieflagowe.pl_.jpg\",\"contentUrl\":\"https:\/\/www.pogotowieflagowe.pl\/aktualne\/wp-content\/uploads\/2024\/08\/pogotowieflagowe.pl_.jpg\",\"caption\":\"Filip\"},\"description\":\"Jestem Filip, polski dziennikarz z dyplomem nauk politycznych Uniwersytetu Warszawskiego. Rozpoczynaj\u0105c swoj\u0105 karier\u0119 w r\u00f3\u017cnych lokalnych mediach, zdoby\u0142em solidne do\u015bwiadczenie w zakresie \u015bledztwa i redakcji. Obecnie jako redaktor w Pogotowie flagowe, staram si\u0119 dostarcza\u0107 dog\u0142\u0119bne i istotne analizy na temat najwa\u017cniejszych kwestii aktualno\u015bci, \u0142\u0105cz\u0105c rygor z pasj\u0105 dziennikarsk\u0105.\",\"sameAs\":[\"https:\/\/www.pogotowieflagowe.pl\/\"]}]}<\/script>\n<!-- \/ Yoast SEO plugin. -->","yoast_head_json":{"title":"Rz\u0105d Tuska pozbawia Romanowskiego paszport\u00f3w \u2014 czy Ziobro kolejnym celem? - POGOTOWIE FLAGOWE\u00ae","robots":{"index":"index","follow":"follow","max-snippet":"max-snippet:-1","max-image-preview":"max-image-preview:large","max-video-preview":"max-video-preview:-1"},"canonical":"https:\/\/www.pogotowieflagowe.pl\/aktualne\/rzad-tuska-pozbawia-romanowskiego-paszportow-czy-ziobro-kolejnym-celem\/","og_locale":"pl_PL","og_type":"article","og_title":"Rz\u0105d Tuska pozbawia Romanowskiego paszport\u00f3w \u2014 czy Ziobro kolejnym celem? - POGOTOWIE FLAGOWE\u00ae","og_description":"Ministerstwa podleg\u0142e premierowi Donaldowi Tuskowi uniewa\u017cni\u0142y paszporty przebywaj\u0105cego obecnie na W\u0119grzech Marcina Romanowskiego, a kolejnym mo\u017ce by\u0107 Zbigniew Ziobro. Zar\u00f3wno","og_url":"https:\/\/www.pogotowieflagowe.pl\/aktualne\/rzad-tuska-pozbawia-romanowskiego-paszportow-czy-ziobro-kolejnym-celem\/","og_site_name":"POGOTOWIE FLAGOWE\u00ae","article_published_time":"2025-11-15T21:49:08+00:00","article_modified_time":"2025-11-15T21:49:10+00:00","og_image":[{"width":1280,"height":720,"url":"https:\/\/www.pogotowieflagowe.pl\/aktualne\/wp-content\/uploads\/2025\/11\/Rzad-Tuska-pozbawia-Romanowskiego-paszportow-\u2014-czy-Ziobro-kolejnym-celem.webp.webp","type":"image\/webp"}],"author":"Filip","twitter_card":"summary_large_image","twitter_misc":{"Napisane przez":"Filip","Szacowany czas czytania":"2 minuty"},"schema":{"@context":"https:\/\/schema.org","@graph":[{"@type":"Article","@id":"https:\/\/www.pogotowieflagowe.pl\/aktualne\/rzad-tuska-pozbawia-romanowskiego-paszportow-czy-ziobro-kolejnym-celem\/#article","isPartOf":{"@id":"https:\/\/www.pogotowieflagowe.pl\/aktualne\/rzad-tuska-pozbawia-romanowskiego-paszportow-czy-ziobro-kolejnym-celem\/"},"author":{"name":"Filip","@id":"https:\/\/www.pogotowieflagowe.pl\/aktualne\/#\/schema\/person\/9c2fb7d2362ebf6fa088960d7f0d27b0"},"headline":"Rz\u0105d Tuska pozbawia Romanowskiego paszport\u00f3w \u2014 czy Ziobro kolejnym celem?","datePublished":"2025-11-15T21:49:08+00:00","dateModified":"2025-11-15T21:49:10+00:00","mainEntityOfPage":{"@id":"https:\/\/www.pogotowieflagowe.pl\/aktualne\/rzad-tuska-pozbawia-romanowskiego-paszportow-czy-ziobro-kolejnym-celem\/"},"wordCount":391,"commentCount":0,"publisher":{"@id":"https:\/\/www.pogotowieflagowe.pl\/aktualne\/#organization"},"image":{"@id":"https:\/\/www.pogotowieflagowe.pl\/aktualne\/rzad-tuska-pozbawia-romanowskiego-paszportow-czy-ziobro-kolejnym-celem\/#primaryimage"},"thumbnailUrl":"https:\/\/www.pogotowieflagowe.pl\/aktualne\/wp-content\/uploads\/2025\/11\/Rzad-Tuska-pozbawia-Romanowskiego-paszportow-\u2014-czy-Ziobro-kolejnym-celem.webp.webp","keywords":["celem","Czy","kolejnym","paszport\u00f3w","pozbawia","Romanowskiego","Rz\u0105d","Tuska","Ziobro"],"articleSection":["Aktualne"],"inLanguage":"pl-PL","potentialAction":[{"@type":"CommentAction","name":"Comment","target":["https:\/\/www.pogotowieflagowe.pl\/aktualne\/rzad-tuska-pozbawia-romanowskiego-paszportow-czy-ziobro-kolejnym-celem\/#respond"]}]},{"@type":"WebPage","@id":"https:\/\/www.pogotowieflagowe.pl\/aktualne\/rzad-tuska-pozbawia-romanowskiego-paszportow-czy-ziobro-kolejnym-celem\/","url":"https:\/\/www.pogotowieflagowe.pl\/aktualne\/rzad-tuska-pozbawia-romanowskiego-paszportow-czy-ziobro-kolejnym-celem\/","name":"Rz\u0105d Tuska pozbawia Romanowskiego paszport\u00f3w \u2014 czy Ziobro kolejnym celem? - POGOTOWIE FLAGOWE\u00ae","isPartOf":{"@id":"https:\/\/www.pogotowieflagowe.pl\/aktualne\/#website"},"primaryImageOfPage":{"@id":"https:\/\/www.pogotowieflagowe.pl\/aktualne\/rzad-tuska-pozbawia-romanowskiego-paszportow-czy-ziobro-kolejnym-celem\/#primaryimage"},"image":{"@id":"https:\/\/www.pogotowieflagowe.pl\/aktualne\/rzad-tuska-pozbawia-romanowskiego-paszportow-czy-ziobro-kolejnym-celem\/#primaryimage"},"thumbnailUrl":"https:\/\/www.pogotowieflagowe.pl\/aktualne\/wp-content\/uploads\/2025\/11\/Rzad-Tuska-pozbawia-Romanowskiego-paszportow-\u2014-czy-Ziobro-kolejnym-celem.webp.webp","datePublished":"2025-11-15T21:49:08+00:00","dateModified":"2025-11-15T21:49:10+00:00","breadcrumb":{"@id":"https:\/\/www.pogotowieflagowe.pl\/aktualne\/rzad-tuska-pozbawia-romanowskiego-paszportow-czy-ziobro-kolejnym-celem\/#breadcrumb"},"inLanguage":"pl-PL","potentialAction":[{"@type":"ReadAction","target":["https:\/\/www.pogotowieflagowe.pl\/aktualne\/rzad-tuska-pozbawia-romanowskiego-paszportow-czy-ziobro-kolejnym-celem\/"]}]},{"@type":"ImageObject","inLanguage":"pl-PL","@id":"https:\/\/www.pogotowieflagowe.pl\/aktualne\/rzad-tuska-pozbawia-romanowskiego-paszportow-czy-ziobro-kolejnym-celem\/#primaryimage","url":"https:\/\/www.pogotowieflagowe.pl\/aktualne\/wp-content\/uploads\/2025\/11\/Rzad-Tuska-pozbawia-Romanowskiego-paszportow-\u2014-czy-Ziobro-kolejnym-celem.webp.webp","contentUrl":"https:\/\/www.pogotowieflagowe.pl\/aktualne\/wp-content\/uploads\/2025\/11\/Rzad-Tuska-pozbawia-Romanowskiego-paszportow-\u2014-czy-Ziobro-kolejnym-celem.webp.webp","width":1280,"height":720,"caption":"Rz\u0105d Tuska pozbawia Romanowskiego paszport\u00f3w \u2014 czy Ziobro kolejnym celem?"},{"@type":"BreadcrumbList","@id":"https:\/\/www.pogotowieflagowe.pl\/aktualne\/rzad-tuska-pozbawia-romanowskiego-paszportow-czy-ziobro-kolejnym-celem\/#breadcrumb","itemListElement":[{"@type":"ListItem","position":1,"name":"Home","item":"https:\/\/www.pogotowieflagowe.pl\/aktualne\/"},{"@type":"ListItem","position":2,"name":"Rz\u0105d Tuska pozbawia Romanowskiego paszport\u00f3w \u2014 czy Ziobro kolejnym celem?"}]},{"@type":"WebSite","@id":"https:\/\/www.pogotowieflagowe.pl\/aktualne\/#website","url":"https:\/\/www.pogotowieflagowe.pl\/aktualne\/","name":"POGOTOWIE FLAGOWE\u00ae","description":"","publisher":{"@id":"https:\/\/www.pogotowieflagowe.pl\/aktualne\/#organization"},"potentialAction":[{"@type":"SearchAction","target":{"@type":"EntryPoint","urlTemplate":"https:\/\/www.pogotowieflagowe.pl\/aktualne\/?s={search_term_string}"},"query-input":"required name=search_term_string"}],"inLanguage":"pl-PL"},{"@type":"Organization","@id":"https:\/\/www.pogotowieflagowe.pl\/aktualne\/#organization","name":"POGOTOWIE FLAGOWE\u00ae","url":"https:\/\/www.pogotowieflagowe.pl\/aktualne\/","logo":{"@type":"ImageObject","inLanguage":"pl-PL","@id":"https:\/\/www.pogotowieflagowe.pl\/aktualne\/#\/schema\/logo\/image\/","url":"https:\/\/www.pogotowieflagowe.pl\/aktualne\/wp-content\/uploads\/2024\/08\/cropped-pogotowieflagowe_flaga_projekt_sm.jpg","contentUrl":"https:\/\/www.pogotowieflagowe.pl\/aktualne\/wp-content\/uploads\/2024\/08\/cropped-pogotowieflagowe_flaga_projekt_sm.jpg","width":250,"height":143,"caption":"POGOTOWIE FLAGOWE\u00ae"},"image":{"@id":"https:\/\/www.pogotowieflagowe.pl\/aktualne\/#\/schema\/logo\/image\/"}},{"@type":"Person","@id":"https:\/\/www.pogotowieflagowe.pl\/aktualne\/#\/schema\/person\/9c2fb7d2362ebf6fa088960d7f0d27b0","name":"Filip","image":{"@type":"ImageObject","inLanguage":"pl-PL","@id":"https:\/\/www.pogotowieflagowe.pl\/aktualne\/#\/schema\/person\/image\/","url":"https:\/\/www.pogotowieflagowe.pl\/aktualne\/wp-content\/uploads\/2024\/08\/pogotowieflagowe.pl_.jpg","contentUrl":"https:\/\/www.pogotowieflagowe.pl\/aktualne\/wp-content\/uploads\/2024\/08\/pogotowieflagowe.pl_.jpg","caption":"Filip"},"description":"Jestem Filip, polski dziennikarz z dyplomem nauk politycznych Uniwersytetu Warszawskiego. Rozpoczynaj\u0105c swoj\u0105 karier\u0119 w r\u00f3\u017cnych lokalnych mediach, zdoby\u0142em solidne do\u015bwiadczenie w zakresie \u015bledztwa i redakcji. Obecnie jako redaktor w Pogotowie flagowe, staram si\u0119 dostarcza\u0107 dog\u0142\u0119bne i istotne analizy na temat najwa\u017cniejszych kwestii aktualno\u015bci, \u0142\u0105cz\u0105c rygor z pasj\u0105 dziennikarsk\u0105.","sameAs":["https:\/\/www.pogotowieflagowe.pl\/"]}]}},"_links":{"self":[{"href":"https:\/\/www.pogotowieflagowe.pl\/aktualne\/wp-json\/wp\/v2\/posts\/10581","targetHints":{"allow":["GET"]}}],"collection":[{"href":"https:\/\/www.pogotowieflagowe.pl\/aktualne\/wp-json\/wp\/v2\/posts"}],"about":[{"href":"https:\/\/www.pogotowieflagowe.pl\/aktualne\/wp-json\/wp\/v2\/types\/post"}],"author":[{"embeddable":true,"href":"https:\/\/www.pogotowieflagowe.pl\/aktualne\/wp-json\/wp\/v2\/users\/1"}],"replies":[{"embeddable":true,"href":"https:\/\/www.pogotowieflagowe.pl\/aktualne\/wp-json\/wp\/v2\/comments?post=10581"}],"version-history":[{"count":1,"href":"https:\/\/www.pogotowieflagowe.pl\/aktualne\/wp-json\/wp\/v2\/posts\/10581\/revisions"}],"predecessor-version":[{"id":10583,"href":"https:\/\/www.pogotowieflagowe.pl\/aktualne\/wp-json\/wp\/v2\/posts\/10581\/revisions\/10583"}],"wp:featuredmedia":[{"embeddable":true,"href":"https:\/\/www.pogotowieflagowe.pl\/aktualne\/wp-json\/wp\/v2\/media\/10582"}],"wp:attachment":[{"href":"https:\/\/www.pogotowieflagowe.pl\/aktualne\/wp-json\/wp\/v2\/media?parent=10581"}],"wp:term":[{"taxonomy":"category","embeddable":true,"href":"https:\/\/www.pogotowieflagowe.pl\/aktualne\/wp-json\/wp\/v2\/categories?post=10581"},{"taxonomy":"post_tag","embeddable":true,"href":"https:\/\/www.pogotowieflagowe.pl\/aktualne\/wp-json\/wp\/v2\/tags?post=10581"}],"curies":[{"name":"wp","href":"https:\/\/api.w.org\/{rel}","templated":true}]}}