{"id":10587,"date":"2025-11-15T23:52:29","date_gmt":"2025-11-15T22:52:29","guid":{"rendered":"https:\/\/www.pogotowieflagowe.pl\/aktualne\/niemiecki-dom-aukcyjny-planuje-handel-majatkiem-ofiar-holokaustu-cyniczny-i-bezwstydny\/"},"modified":"2025-11-15T23:52:30","modified_gmt":"2025-11-15T22:52:30","slug":"niemiecki-dom-aukcyjny-planuje-handel-majatkiem-ofiar-holokaustu-cyniczny-i-bezwstydny","status":"publish","type":"post","link":"https:\/\/www.pogotowieflagowe.pl\/aktualne\/niemiecki-dom-aukcyjny-planuje-handel-majatkiem-ofiar-holokaustu-cyniczny-i-bezwstydny\/","title":{"rendered":"Niemiecki dom aukcyjny planuje handel maj\u0105tkiem ofiar Holokaustu: \u201ecyniczny i bezwstydny\u201d"},"content":{"rendered":"\n<div class=\"td_block_wrap tdb_single_content tdi_41 td-pb-border-top td_block_template_8 td-post-content tagdiv-type\" data-td-block-uid=\"tdi_41\">\n<style>.tdi_41{margines-top:0px!important;margin-bottom:0px!important;dope\u0142nienie-g\u00f3ra:0px!important;dope\u0142nienie-d\u00f3\u0142:0px!important}<\/style>\n<style>.tdb_single_content{margin-bottom:0;*zoom:1}.tdb_single_content:before,.tdb_single_content:after{display:table;content:'';line-height:0}.tdb_single_content:after{clear:both}.tdb_single_content .tdb-block-inner>*:not(.wp-block-quote):not(.alignwide):not(.alignfull.wp-block-cover.has-parallax):not(.td-a-ad){margin-left:auto;margin-right:auto}.tdb_single_content a{pointer-events:auto}.tdb_single_content .td-spot-id-top_ad .tdc-placeholder-title:before{content:'Najlepsza reklama artyku\u0142u'!important}.tdb_single_content .td-spot-id-inline_ad0 .tdc-placeholder-title:before{content:'Reklama wbudowana artyku\u0142u 1'!important}.tdb_single_content .td-spot-id-inline_ad1 .tdc-placeholder-title:before{content:'Reklama wbudowana w artyku\u0142 2'!important}.tdb_single_content .td-spot-id-inline_ad2 .tdc-placeholder-title:before{content:'Reklama wbudowana w artyku\u0142 3'!important}.tdb_single_content .td-spot-id-bottom_ad .tdc-placeholder-title:before{content:'Article Bottom Ad'!important}.tdb_single_content .id_top_ad,.tdb_single_content .id_bottom_ad{clear:both;margin-bottom:21px;text-align:center}.tdb_single_content .id_top_ad img,.tdb_single_content .id_bottom_ad img{margin-bottom:0}.tdb_single_content .id_top_ad .adsbygoogle,.tdb_single_content .id_bottom_ad .adsbygoogle{position:relative}.tdb_single_content .id_ad_content-horiz-left,.tdb_single_content .id_ad_content-horiz-right,.tdb_single_content .id_ad_content-horiz-center{margin-bottom:15px}.tdb_single_content .id_ad_content-horiz-left img,.tdb_single_content .id_ad_content-horiz-right img,.tdb_single_content .id_ad_content-horiz-center img{margin-bottom:0}.tdb_single_content .id_ad_content-horiz-center{text-align:center}.tdb_single_content .id_ad_content-horiz-center img{margin-right:auto;margin-left:auto}.tdb_single_content .id_ad_content-horiz-left{float:left;margin-top:9px;margin-right:21px}.tdb_single_content .id_ad_content-horiz-right{float:right;margin-top:6px;margin-left:21px}.tdb_single_content .tdc-a-ad .tdc-placeholder-title{width:300px;height:250px}.tdb_single_content .tdc-a-ad .tdc-placeholder-title:before{position:absolute;top:50%;-webkit-transform:translateY(-50%);transform:translateY(-50%);margin:auto;display:table;width:100%}.tdb_single_content .tdb-block-inner.td-fix-index{word-break:break-word}.tdi_41,.tdi_41>p,.tdi_41 .tdb-block-inner>p,.wp-block-column>p{font-size:16px!important;line-height:1.6!important}.tdi_41 .tdb-block-inner blockquote p{font-style:normal!important}@media (max-width:767px){.tdb_single_content .id_ad_content-horiz-left,.tdb_single_content .id_ad_content-horiz-right,.tdb_single_content .id_ad_content-horiz-center{margin:0 auto 26 pikseli auto}}@media (max-width:767px){.tdb_single_content .id_ad_content-horiz-left{margin-right:0}}@media (max-width:767px){.tdb_single_content .id_ad_content-horiz-right{margin-left:0}}@media (max-width:767px){.tdb_single_content .td-a-ad{float:none;text-align:center}.tdb_single_content .td-a-ad img{margin-right:auto;margin-left:auto}.tdb_single_content .tdc-a-ad{float:none}}<\/style>\n<div class=\"tdb-block-inner td-fix-index\">\n<p>Dom aukcyjny w Neuss w Nadrenii P\u00f3\u0142nocnej-Westfalii zamierza wystawi\u0107 na sprzeda\u017c przedmioty nale\u017c\u0105ce do niemieckich ofiar II wojny \u015bwiatowej. Najwy\u017csze ceny wywo\u0142awcze si\u0119gaj\u0105 kilkudziesi\u0119ciu tysi\u0119cy euro. Artefakty zawieraj\u0105 dane osobowe zamordowanych. Mi\u0119dzynarodowy Komitet O\u015bwi\u0119cimski apeluje o \u201eelementarn\u0105 przyzwoito\u015b\u0107 i odwo\u0142anie aukcji\u201d.<\/p>\n<figure class=\"wp-block-pullquote\">\n<blockquote>\n<p>&#8222;Szokuj\u0105ce. Niemiecki dom aukcyjny sprzedaje rzeczy po ofiarach niemieckiego barbarzy\u0144stwa. Mo\u017cna kupi\u0107 oryginalne dokumenty Polek i Polek z gett warszawskich i Litzmannstadt oraz z oboz\u00f3w Auschwitz, Sachsenhausen, Buchenwald, Ravensbr\u00fcck. (&#8230;) Sprawd\u017a, czy nie znajduj\u0105 si\u0119 tam przedmioty nale\u017c\u0105ce do Twoich bliskich&#8221;<\/p>\n<p><cite>\u2013 napisa\u0142 w X. Cezary Gmyz, wsp\u00f3\u0142pracownik TV Republika.<\/cite><\/p><\/blockquote>\n<\/figure>\n<figure class=\"wp-block-embed is-type-rich is-provider-twitter wp-block-embed-twitter\">\n<div class=\"wp-block-embed__wrapper\">\n<blockquote class=\"twitter-tweet\" data-width=\"550\" data-dnt=\"true\">\n<p lang=\"pl\" dir=\"ltr\">Tutaj katalog. Sprawd\u017a czy nie ma tam rzeczy, kt\u00f3re wyst\u0105pi\u0105 https:\/\/t.co\/MxaEb6nA9z<\/p>\n<p>\u2014 Cezary \u201eTrotyl\u201d Gmyz (@cezarygmyz) <a rel=\"nofollow\" href=\"https:\/\/twitter.com\/cezarygmyz\/status\/1989770616644219173?ref_src=twsrc%5Etfw\">15 listopada 2025 r<\/a><\/p><\/blockquote>\n<\/div>\n<\/figure>\n<p>Z katalogu wynika, \u017ce \u200b\u200bw\u015br\u00f3d przedmiot\u00f3w przeznaczonych do sprzeda\u017cy znajduj\u0105 si\u0119 m.in. zeszyt \u0107wicze\u0144 polskiego robotnika przymusowego z obozu koncentracyjnego, gwiazdki \u017cydowskie, za\u015bwiadczenia wydawane polskim wi\u0119\u017aniom obozu oraz niedostarczone listy matek do przetrzymywanych dzieci. Do najdro\u017cszych eksponat\u00f3w (cena wywo\u0142awcza 12 000 euro) nale\u017cy zbi\u00f3r korespondencji rodziny \u017cydowskiej z Wierszowa. Wiele dokument\u00f3w zawiera dane osobowe i nazwiska.<\/p>\n<p>Plany domu aukcyjnego spotka\u0142y si\u0119 ze stanowcz\u0105 reakcj\u0105 Christopha Heubnera, wiceprzewodnicz\u0105cego Mi\u0119dzynarodowego Komitetu O\u015bwi\u0119cimskiego. \u201eCierpienie wszystkich prze\u015bladowanych i mordowanych przez nazist\u00f3w jest wykorzystywane do cel\u00f3w komercyjnych\u201d \u2013 stwierdzi\u0142. Podkre\u015bli\u0142, \u017ce dokumenty dotycz\u0105ce prze\u015bladowa\u0144 i Holokaustu nale\u017c\u0105 do rodzin i ofiar i nie nale\u017cy ich traktowa\u0107 jak zwyk\u0142ego towaru.<\/p>\n<p>Organizatorzy aukcji nie odnie\u015bli si\u0119 do zarzut\u00f3w. Wyprzeda\u017c zaplanowana jest na poniedzia\u0142ek.<\/p>\n<\/div>\n<\/div>\n<p><script async src=\"https:\/\/platform.twitter.com\/widgets.js\" charset=\"utf-8\"><\/script><\/p>\n","protected":false},"excerpt":{"rendered":"<p>Dom aukcyjny w Neuss w Nadrenii P\u00f3\u0142nocnej-Westfalii zamierza wystawi\u0107 na sprzeda\u017c przedmioty nale\u017c\u0105ce do niemieckich ofiar II wojny \u015bwiatowej. Najwy\u017csze<\/p>\n","protected":false},"author":1,"featured_media":10588,"comment_status":"open","ping_status":"open","sticky":false,"template":"","format":"standard","meta":{"footnotes":""},"categories":[4748],"tags":[12036,9759,12038,4392,6823,4928,12037,5423,1311,4695],"class_list":["post-10587","post","type-post","status-publish","format-standard","has-post-thumbnail","hentry","category-aktualne","tag-aukcyjny","tag-bezwstydny","tag-cyniczny","tag-dom","tag-handel","tag-holokaustu","tag-majatkiem","tag-niemiecki","tag-ofiar","tag-planuje","generate-columns","tablet-grid-50","mobile-grid-100","grid-parent","grid-50","resize-featured-image"],"yoast_head":"<!-- This site is optimized with the Yoast SEO plugin v23.2 - https:\/\/yoast.com\/wordpress\/plugins\/seo\/ -->\n<title>Niemiecki dom aukcyjny planuje handel maj\u0105tkiem ofiar Holokaustu: \u201ecyniczny i bezwstydny\u201d - POGOTOWIE FLAGOWE\u00ae<\/title>\n<meta name=\"robots\" content=\"index, follow, max-snippet:-1, max-image-preview:large, max-video-preview:-1\" \/>\n<link rel=\"canonical\" href=\"https:\/\/www.pogotowieflagowe.pl\/aktualne\/niemiecki-dom-aukcyjny-planuje-handel-majatkiem-ofiar-holokaustu-cyniczny-i-bezwstydny\/\" \/>\n<meta property=\"og:locale\" content=\"pl_PL\" \/>\n<meta property=\"og:type\" content=\"article\" \/>\n<meta property=\"og:title\" content=\"Niemiecki dom aukcyjny planuje handel maj\u0105tkiem ofiar Holokaustu: \u201ecyniczny i bezwstydny\u201d - POGOTOWIE FLAGOWE\u00ae\" \/>\n<meta property=\"og:description\" content=\"Dom aukcyjny w Neuss w Nadrenii P\u00f3\u0142nocnej-Westfalii zamierza wystawi\u0107 na sprzeda\u017c przedmioty nale\u017c\u0105ce do niemieckich ofiar II wojny \u015bwiatowej. Najwy\u017csze\" \/>\n<meta property=\"og:url\" content=\"https:\/\/www.pogotowieflagowe.pl\/aktualne\/niemiecki-dom-aukcyjny-planuje-handel-majatkiem-ofiar-holokaustu-cyniczny-i-bezwstydny\/\" \/>\n<meta property=\"og:site_name\" content=\"POGOTOWIE FLAGOWE\u00ae\" \/>\n<meta property=\"article:published_time\" content=\"2025-11-15T22:52:29+00:00\" \/>\n<meta property=\"article:modified_time\" content=\"2025-11-15T22:52:30+00:00\" \/>\n<meta property=\"og:image\" content=\"https:\/\/www.pogotowieflagowe.pl\/aktualne\/wp-content\/uploads\/2025\/11\/Niemiecki-dom-aukcyjny-planuje-handel-majatkiem-ofiar-Holokaustu-\u201ecyniczny-i.webp.webp\" \/>\n\t<meta property=\"og:image:width\" content=\"1280\" \/>\n\t<meta property=\"og:image:height\" content=\"720\" \/>\n\t<meta property=\"og:image:type\" content=\"image\/webp\" \/>\n<meta name=\"author\" content=\"Filip\" \/>\n<meta name=\"twitter:card\" content=\"summary_large_image\" \/>\n<meta name=\"twitter:label1\" content=\"Napisane przez\" \/>\n\t<meta name=\"twitter:data1\" content=\"Filip\" \/>\n\t<meta name=\"twitter:label2\" content=\"Szacowany czas czytania\" \/>\n\t<meta name=\"twitter:data2\" content=\"1 minuta\" \/>\n<script type=\"application\/ld+json\" class=\"yoast-schema-graph\">{\"@context\":\"https:\/\/schema.org\",\"@graph\":[{\"@type\":\"Article\",\"@id\":\"https:\/\/www.pogotowieflagowe.pl\/aktualne\/niemiecki-dom-aukcyjny-planuje-handel-majatkiem-ofiar-holokaustu-cyniczny-i-bezwstydny\/#article\",\"isPartOf\":{\"@id\":\"https:\/\/www.pogotowieflagowe.pl\/aktualne\/niemiecki-dom-aukcyjny-planuje-handel-majatkiem-ofiar-holokaustu-cyniczny-i-bezwstydny\/\"},\"author\":{\"name\":\"Filip\",\"@id\":\"https:\/\/www.pogotowieflagowe.pl\/aktualne\/#\/schema\/person\/9c2fb7d2362ebf6fa088960d7f0d27b0\"},\"headline\":\"Niemiecki dom aukcyjny planuje handel maj\u0105tkiem ofiar Holokaustu: \u201ecyniczny i bezwstydny\u201d\",\"datePublished\":\"2025-11-15T22:52:29+00:00\",\"dateModified\":\"2025-11-15T22:52:30+00:00\",\"mainEntityOfPage\":{\"@id\":\"https:\/\/www.pogotowieflagowe.pl\/aktualne\/niemiecki-dom-aukcyjny-planuje-handel-majatkiem-ofiar-holokaustu-cyniczny-i-bezwstydny\/\"},\"wordCount\":285,\"commentCount\":0,\"publisher\":{\"@id\":\"https:\/\/www.pogotowieflagowe.pl\/aktualne\/#organization\"},\"image\":{\"@id\":\"https:\/\/www.pogotowieflagowe.pl\/aktualne\/niemiecki-dom-aukcyjny-planuje-handel-majatkiem-ofiar-holokaustu-cyniczny-i-bezwstydny\/#primaryimage\"},\"thumbnailUrl\":\"https:\/\/www.pogotowieflagowe.pl\/aktualne\/wp-content\/uploads\/2025\/11\/Niemiecki-dom-aukcyjny-planuje-handel-majatkiem-ofiar-Holokaustu-\u201ecyniczny-i.webp.webp\",\"keywords\":[\"aukcyjny\",\"bezwstydny\",\"cyniczny\",\"Dom\",\"handel\",\"Holokaustu\",\"maj\u0105tkiem\",\"Niemiecki\",\"ofiar\",\"planuje\"],\"articleSection\":[\"Aktualne\"],\"inLanguage\":\"pl-PL\",\"potentialAction\":[{\"@type\":\"CommentAction\",\"name\":\"Comment\",\"target\":[\"https:\/\/www.pogotowieflagowe.pl\/aktualne\/niemiecki-dom-aukcyjny-planuje-handel-majatkiem-ofiar-holokaustu-cyniczny-i-bezwstydny\/#respond\"]}]},{\"@type\":\"WebPage\",\"@id\":\"https:\/\/www.pogotowieflagowe.pl\/aktualne\/niemiecki-dom-aukcyjny-planuje-handel-majatkiem-ofiar-holokaustu-cyniczny-i-bezwstydny\/\",\"url\":\"https:\/\/www.pogotowieflagowe.pl\/aktualne\/niemiecki-dom-aukcyjny-planuje-handel-majatkiem-ofiar-holokaustu-cyniczny-i-bezwstydny\/\",\"name\":\"Niemiecki dom aukcyjny planuje handel maj\u0105tkiem ofiar Holokaustu: \u201ecyniczny i bezwstydny\u201d - POGOTOWIE FLAGOWE\u00ae\",\"isPartOf\":{\"@id\":\"https:\/\/www.pogotowieflagowe.pl\/aktualne\/#website\"},\"primaryImageOfPage\":{\"@id\":\"https:\/\/www.pogotowieflagowe.pl\/aktualne\/niemiecki-dom-aukcyjny-planuje-handel-majatkiem-ofiar-holokaustu-cyniczny-i-bezwstydny\/#primaryimage\"},\"image\":{\"@id\":\"https:\/\/www.pogotowieflagowe.pl\/aktualne\/niemiecki-dom-aukcyjny-planuje-handel-majatkiem-ofiar-holokaustu-cyniczny-i-bezwstydny\/#primaryimage\"},\"thumbnailUrl\":\"https:\/\/www.pogotowieflagowe.pl\/aktualne\/wp-content\/uploads\/2025\/11\/Niemiecki-dom-aukcyjny-planuje-handel-majatkiem-ofiar-Holokaustu-\u201ecyniczny-i.webp.webp\",\"datePublished\":\"2025-11-15T22:52:29+00:00\",\"dateModified\":\"2025-11-15T22:52:30+00:00\",\"breadcrumb\":{\"@id\":\"https:\/\/www.pogotowieflagowe.pl\/aktualne\/niemiecki-dom-aukcyjny-planuje-handel-majatkiem-ofiar-holokaustu-cyniczny-i-bezwstydny\/#breadcrumb\"},\"inLanguage\":\"pl-PL\",\"potentialAction\":[{\"@type\":\"ReadAction\",\"target\":[\"https:\/\/www.pogotowieflagowe.pl\/aktualne\/niemiecki-dom-aukcyjny-planuje-handel-majatkiem-ofiar-holokaustu-cyniczny-i-bezwstydny\/\"]}]},{\"@type\":\"ImageObject\",\"inLanguage\":\"pl-PL\",\"@id\":\"https:\/\/www.pogotowieflagowe.pl\/aktualne\/niemiecki-dom-aukcyjny-planuje-handel-majatkiem-ofiar-holokaustu-cyniczny-i-bezwstydny\/#primaryimage\",\"url\":\"https:\/\/www.pogotowieflagowe.pl\/aktualne\/wp-content\/uploads\/2025\/11\/Niemiecki-dom-aukcyjny-planuje-handel-majatkiem-ofiar-Holokaustu-\u201ecyniczny-i.webp.webp\",\"contentUrl\":\"https:\/\/www.pogotowieflagowe.pl\/aktualne\/wp-content\/uploads\/2025\/11\/Niemiecki-dom-aukcyjny-planuje-handel-majatkiem-ofiar-Holokaustu-\u201ecyniczny-i.webp.webp\",\"width\":1280,\"height\":720,\"caption\":\"Niemiecki dom aukcyjny planuje handel maj\u0105tkiem ofiar Holokaustu: \u201ecyniczny i bezwstydny\u201d\"},{\"@type\":\"BreadcrumbList\",\"@id\":\"https:\/\/www.pogotowieflagowe.pl\/aktualne\/niemiecki-dom-aukcyjny-planuje-handel-majatkiem-ofiar-holokaustu-cyniczny-i-bezwstydny\/#breadcrumb\",\"itemListElement\":[{\"@type\":\"ListItem\",\"position\":1,\"name\":\"Home\",\"item\":\"https:\/\/www.pogotowieflagowe.pl\/aktualne\/\"},{\"@type\":\"ListItem\",\"position\":2,\"name\":\"Niemiecki dom aukcyjny planuje handel maj\u0105tkiem ofiar Holokaustu: \u201ecyniczny i bezwstydny\u201d\"}]},{\"@type\":\"WebSite\",\"@id\":\"https:\/\/www.pogotowieflagowe.pl\/aktualne\/#website\",\"url\":\"https:\/\/www.pogotowieflagowe.pl\/aktualne\/\",\"name\":\"POGOTOWIE FLAGOWE\u00ae\",\"description\":\"\",\"publisher\":{\"@id\":\"https:\/\/www.pogotowieflagowe.pl\/aktualne\/#organization\"},\"potentialAction\":[{\"@type\":\"SearchAction\",\"target\":{\"@type\":\"EntryPoint\",\"urlTemplate\":\"https:\/\/www.pogotowieflagowe.pl\/aktualne\/?s={search_term_string}\"},\"query-input\":\"required name=search_term_string\"}],\"inLanguage\":\"pl-PL\"},{\"@type\":\"Organization\",\"@id\":\"https:\/\/www.pogotowieflagowe.pl\/aktualne\/#organization\",\"name\":\"POGOTOWIE FLAGOWE\u00ae\",\"url\":\"https:\/\/www.pogotowieflagowe.pl\/aktualne\/\",\"logo\":{\"@type\":\"ImageObject\",\"inLanguage\":\"pl-PL\",\"@id\":\"https:\/\/www.pogotowieflagowe.pl\/aktualne\/#\/schema\/logo\/image\/\",\"url\":\"https:\/\/www.pogotowieflagowe.pl\/aktualne\/wp-content\/uploads\/2024\/08\/cropped-pogotowieflagowe_flaga_projekt_sm.jpg\",\"contentUrl\":\"https:\/\/www.pogotowieflagowe.pl\/aktualne\/wp-content\/uploads\/2024\/08\/cropped-pogotowieflagowe_flaga_projekt_sm.jpg\",\"width\":250,\"height\":143,\"caption\":\"POGOTOWIE FLAGOWE\u00ae\"},\"image\":{\"@id\":\"https:\/\/www.pogotowieflagowe.pl\/aktualne\/#\/schema\/logo\/image\/\"}},{\"@type\":\"Person\",\"@id\":\"https:\/\/www.pogotowieflagowe.pl\/aktualne\/#\/schema\/person\/9c2fb7d2362ebf6fa088960d7f0d27b0\",\"name\":\"Filip\",\"image\":{\"@type\":\"ImageObject\",\"inLanguage\":\"pl-PL\",\"@id\":\"https:\/\/www.pogotowieflagowe.pl\/aktualne\/#\/schema\/person\/image\/\",\"url\":\"https:\/\/www.pogotowieflagowe.pl\/aktualne\/wp-content\/uploads\/2024\/08\/pogotowieflagowe.pl_.jpg\",\"contentUrl\":\"https:\/\/www.pogotowieflagowe.pl\/aktualne\/wp-content\/uploads\/2024\/08\/pogotowieflagowe.pl_.jpg\",\"caption\":\"Filip\"},\"description\":\"Jestem Filip, polski dziennikarz z dyplomem nauk politycznych Uniwersytetu Warszawskiego. Rozpoczynaj\u0105c swoj\u0105 karier\u0119 w r\u00f3\u017cnych lokalnych mediach, zdoby\u0142em solidne do\u015bwiadczenie w zakresie \u015bledztwa i redakcji. Obecnie jako redaktor w Pogotowie flagowe, staram si\u0119 dostarcza\u0107 dog\u0142\u0119bne i istotne analizy na temat najwa\u017cniejszych kwestii aktualno\u015bci, \u0142\u0105cz\u0105c rygor z pasj\u0105 dziennikarsk\u0105.\",\"sameAs\":[\"https:\/\/www.pogotowieflagowe.pl\/\"]}]}<\/script>\n<!-- \/ Yoast SEO plugin. -->","yoast_head_json":{"title":"Niemiecki dom aukcyjny planuje handel maj\u0105tkiem ofiar Holokaustu: \u201ecyniczny i bezwstydny\u201d - POGOTOWIE FLAGOWE\u00ae","robots":{"index":"index","follow":"follow","max-snippet":"max-snippet:-1","max-image-preview":"max-image-preview:large","max-video-preview":"max-video-preview:-1"},"canonical":"https:\/\/www.pogotowieflagowe.pl\/aktualne\/niemiecki-dom-aukcyjny-planuje-handel-majatkiem-ofiar-holokaustu-cyniczny-i-bezwstydny\/","og_locale":"pl_PL","og_type":"article","og_title":"Niemiecki dom aukcyjny planuje handel maj\u0105tkiem ofiar Holokaustu: \u201ecyniczny i bezwstydny\u201d - POGOTOWIE FLAGOWE\u00ae","og_description":"Dom aukcyjny w Neuss w Nadrenii P\u00f3\u0142nocnej-Westfalii zamierza wystawi\u0107 na sprzeda\u017c przedmioty nale\u017c\u0105ce do niemieckich ofiar II wojny \u015bwiatowej. Najwy\u017csze","og_url":"https:\/\/www.pogotowieflagowe.pl\/aktualne\/niemiecki-dom-aukcyjny-planuje-handel-majatkiem-ofiar-holokaustu-cyniczny-i-bezwstydny\/","og_site_name":"POGOTOWIE FLAGOWE\u00ae","article_published_time":"2025-11-15T22:52:29+00:00","article_modified_time":"2025-11-15T22:52:30+00:00","og_image":[{"width":1280,"height":720,"url":"https:\/\/www.pogotowieflagowe.pl\/aktualne\/wp-content\/uploads\/2025\/11\/Niemiecki-dom-aukcyjny-planuje-handel-majatkiem-ofiar-Holokaustu-\u201ecyniczny-i.webp.webp","type":"image\/webp"}],"author":"Filip","twitter_card":"summary_large_image","twitter_misc":{"Napisane przez":"Filip","Szacowany czas czytania":"1 minuta"},"schema":{"@context":"https:\/\/schema.org","@graph":[{"@type":"Article","@id":"https:\/\/www.pogotowieflagowe.pl\/aktualne\/niemiecki-dom-aukcyjny-planuje-handel-majatkiem-ofiar-holokaustu-cyniczny-i-bezwstydny\/#article","isPartOf":{"@id":"https:\/\/www.pogotowieflagowe.pl\/aktualne\/niemiecki-dom-aukcyjny-planuje-handel-majatkiem-ofiar-holokaustu-cyniczny-i-bezwstydny\/"},"author":{"name":"Filip","@id":"https:\/\/www.pogotowieflagowe.pl\/aktualne\/#\/schema\/person\/9c2fb7d2362ebf6fa088960d7f0d27b0"},"headline":"Niemiecki dom aukcyjny planuje handel maj\u0105tkiem ofiar Holokaustu: \u201ecyniczny i bezwstydny\u201d","datePublished":"2025-11-15T22:52:29+00:00","dateModified":"2025-11-15T22:52:30+00:00","mainEntityOfPage":{"@id":"https:\/\/www.pogotowieflagowe.pl\/aktualne\/niemiecki-dom-aukcyjny-planuje-handel-majatkiem-ofiar-holokaustu-cyniczny-i-bezwstydny\/"},"wordCount":285,"commentCount":0,"publisher":{"@id":"https:\/\/www.pogotowieflagowe.pl\/aktualne\/#organization"},"image":{"@id":"https:\/\/www.pogotowieflagowe.pl\/aktualne\/niemiecki-dom-aukcyjny-planuje-handel-majatkiem-ofiar-holokaustu-cyniczny-i-bezwstydny\/#primaryimage"},"thumbnailUrl":"https:\/\/www.pogotowieflagowe.pl\/aktualne\/wp-content\/uploads\/2025\/11\/Niemiecki-dom-aukcyjny-planuje-handel-majatkiem-ofiar-Holokaustu-\u201ecyniczny-i.webp.webp","keywords":["aukcyjny","bezwstydny","cyniczny","Dom","handel","Holokaustu","maj\u0105tkiem","Niemiecki","ofiar","planuje"],"articleSection":["Aktualne"],"inLanguage":"pl-PL","potentialAction":[{"@type":"CommentAction","name":"Comment","target":["https:\/\/www.pogotowieflagowe.pl\/aktualne\/niemiecki-dom-aukcyjny-planuje-handel-majatkiem-ofiar-holokaustu-cyniczny-i-bezwstydny\/#respond"]}]},{"@type":"WebPage","@id":"https:\/\/www.pogotowieflagowe.pl\/aktualne\/niemiecki-dom-aukcyjny-planuje-handel-majatkiem-ofiar-holokaustu-cyniczny-i-bezwstydny\/","url":"https:\/\/www.pogotowieflagowe.pl\/aktualne\/niemiecki-dom-aukcyjny-planuje-handel-majatkiem-ofiar-holokaustu-cyniczny-i-bezwstydny\/","name":"Niemiecki dom aukcyjny planuje handel maj\u0105tkiem ofiar Holokaustu: \u201ecyniczny i bezwstydny\u201d - POGOTOWIE FLAGOWE\u00ae","isPartOf":{"@id":"https:\/\/www.pogotowieflagowe.pl\/aktualne\/#website"},"primaryImageOfPage":{"@id":"https:\/\/www.pogotowieflagowe.pl\/aktualne\/niemiecki-dom-aukcyjny-planuje-handel-majatkiem-ofiar-holokaustu-cyniczny-i-bezwstydny\/#primaryimage"},"image":{"@id":"https:\/\/www.pogotowieflagowe.pl\/aktualne\/niemiecki-dom-aukcyjny-planuje-handel-majatkiem-ofiar-holokaustu-cyniczny-i-bezwstydny\/#primaryimage"},"thumbnailUrl":"https:\/\/www.pogotowieflagowe.pl\/aktualne\/wp-content\/uploads\/2025\/11\/Niemiecki-dom-aukcyjny-planuje-handel-majatkiem-ofiar-Holokaustu-\u201ecyniczny-i.webp.webp","datePublished":"2025-11-15T22:52:29+00:00","dateModified":"2025-11-15T22:52:30+00:00","breadcrumb":{"@id":"https:\/\/www.pogotowieflagowe.pl\/aktualne\/niemiecki-dom-aukcyjny-planuje-handel-majatkiem-ofiar-holokaustu-cyniczny-i-bezwstydny\/#breadcrumb"},"inLanguage":"pl-PL","potentialAction":[{"@type":"ReadAction","target":["https:\/\/www.pogotowieflagowe.pl\/aktualne\/niemiecki-dom-aukcyjny-planuje-handel-majatkiem-ofiar-holokaustu-cyniczny-i-bezwstydny\/"]}]},{"@type":"ImageObject","inLanguage":"pl-PL","@id":"https:\/\/www.pogotowieflagowe.pl\/aktualne\/niemiecki-dom-aukcyjny-planuje-handel-majatkiem-ofiar-holokaustu-cyniczny-i-bezwstydny\/#primaryimage","url":"https:\/\/www.pogotowieflagowe.pl\/aktualne\/wp-content\/uploads\/2025\/11\/Niemiecki-dom-aukcyjny-planuje-handel-majatkiem-ofiar-Holokaustu-\u201ecyniczny-i.webp.webp","contentUrl":"https:\/\/www.pogotowieflagowe.pl\/aktualne\/wp-content\/uploads\/2025\/11\/Niemiecki-dom-aukcyjny-planuje-handel-majatkiem-ofiar-Holokaustu-\u201ecyniczny-i.webp.webp","width":1280,"height":720,"caption":"Niemiecki dom aukcyjny planuje handel maj\u0105tkiem ofiar Holokaustu: \u201ecyniczny i bezwstydny\u201d"},{"@type":"BreadcrumbList","@id":"https:\/\/www.pogotowieflagowe.pl\/aktualne\/niemiecki-dom-aukcyjny-planuje-handel-majatkiem-ofiar-holokaustu-cyniczny-i-bezwstydny\/#breadcrumb","itemListElement":[{"@type":"ListItem","position":1,"name":"Home","item":"https:\/\/www.pogotowieflagowe.pl\/aktualne\/"},{"@type":"ListItem","position":2,"name":"Niemiecki dom aukcyjny planuje handel maj\u0105tkiem ofiar Holokaustu: \u201ecyniczny i bezwstydny\u201d"}]},{"@type":"WebSite","@id":"https:\/\/www.pogotowieflagowe.pl\/aktualne\/#website","url":"https:\/\/www.pogotowieflagowe.pl\/aktualne\/","name":"POGOTOWIE FLAGOWE\u00ae","description":"","publisher":{"@id":"https:\/\/www.pogotowieflagowe.pl\/aktualne\/#organization"},"potentialAction":[{"@type":"SearchAction","target":{"@type":"EntryPoint","urlTemplate":"https:\/\/www.pogotowieflagowe.pl\/aktualne\/?s={search_term_string}"},"query-input":"required name=search_term_string"}],"inLanguage":"pl-PL"},{"@type":"Organization","@id":"https:\/\/www.pogotowieflagowe.pl\/aktualne\/#organization","name":"POGOTOWIE FLAGOWE\u00ae","url":"https:\/\/www.pogotowieflagowe.pl\/aktualne\/","logo":{"@type":"ImageObject","inLanguage":"pl-PL","@id":"https:\/\/www.pogotowieflagowe.pl\/aktualne\/#\/schema\/logo\/image\/","url":"https:\/\/www.pogotowieflagowe.pl\/aktualne\/wp-content\/uploads\/2024\/08\/cropped-pogotowieflagowe_flaga_projekt_sm.jpg","contentUrl":"https:\/\/www.pogotowieflagowe.pl\/aktualne\/wp-content\/uploads\/2024\/08\/cropped-pogotowieflagowe_flaga_projekt_sm.jpg","width":250,"height":143,"caption":"POGOTOWIE FLAGOWE\u00ae"},"image":{"@id":"https:\/\/www.pogotowieflagowe.pl\/aktualne\/#\/schema\/logo\/image\/"}},{"@type":"Person","@id":"https:\/\/www.pogotowieflagowe.pl\/aktualne\/#\/schema\/person\/9c2fb7d2362ebf6fa088960d7f0d27b0","name":"Filip","image":{"@type":"ImageObject","inLanguage":"pl-PL","@id":"https:\/\/www.pogotowieflagowe.pl\/aktualne\/#\/schema\/person\/image\/","url":"https:\/\/www.pogotowieflagowe.pl\/aktualne\/wp-content\/uploads\/2024\/08\/pogotowieflagowe.pl_.jpg","contentUrl":"https:\/\/www.pogotowieflagowe.pl\/aktualne\/wp-content\/uploads\/2024\/08\/pogotowieflagowe.pl_.jpg","caption":"Filip"},"description":"Jestem Filip, polski dziennikarz z dyplomem nauk politycznych Uniwersytetu Warszawskiego. Rozpoczynaj\u0105c swoj\u0105 karier\u0119 w r\u00f3\u017cnych lokalnych mediach, zdoby\u0142em solidne do\u015bwiadczenie w zakresie \u015bledztwa i redakcji. Obecnie jako redaktor w Pogotowie flagowe, staram si\u0119 dostarcza\u0107 dog\u0142\u0119bne i istotne analizy na temat najwa\u017cniejszych kwestii aktualno\u015bci, \u0142\u0105cz\u0105c rygor z pasj\u0105 dziennikarsk\u0105.","sameAs":["https:\/\/www.pogotowieflagowe.pl\/"]}]}},"_links":{"self":[{"href":"https:\/\/www.pogotowieflagowe.pl\/aktualne\/wp-json\/wp\/v2\/posts\/10587","targetHints":{"allow":["GET"]}}],"collection":[{"href":"https:\/\/www.pogotowieflagowe.pl\/aktualne\/wp-json\/wp\/v2\/posts"}],"about":[{"href":"https:\/\/www.pogotowieflagowe.pl\/aktualne\/wp-json\/wp\/v2\/types\/post"}],"author":[{"embeddable":true,"href":"https:\/\/www.pogotowieflagowe.pl\/aktualne\/wp-json\/wp\/v2\/users\/1"}],"replies":[{"embeddable":true,"href":"https:\/\/www.pogotowieflagowe.pl\/aktualne\/wp-json\/wp\/v2\/comments?post=10587"}],"version-history":[{"count":1,"href":"https:\/\/www.pogotowieflagowe.pl\/aktualne\/wp-json\/wp\/v2\/posts\/10587\/revisions"}],"predecessor-version":[{"id":10589,"href":"https:\/\/www.pogotowieflagowe.pl\/aktualne\/wp-json\/wp\/v2\/posts\/10587\/revisions\/10589"}],"wp:featuredmedia":[{"embeddable":true,"href":"https:\/\/www.pogotowieflagowe.pl\/aktualne\/wp-json\/wp\/v2\/media\/10588"}],"wp:attachment":[{"href":"https:\/\/www.pogotowieflagowe.pl\/aktualne\/wp-json\/wp\/v2\/media?parent=10587"}],"wp:term":[{"taxonomy":"category","embeddable":true,"href":"https:\/\/www.pogotowieflagowe.pl\/aktualne\/wp-json\/wp\/v2\/categories?post=10587"},{"taxonomy":"post_tag","embeddable":true,"href":"https:\/\/www.pogotowieflagowe.pl\/aktualne\/wp-json\/wp\/v2\/tags?post=10587"}],"curies":[{"name":"wp","href":"https:\/\/api.w.org\/{rel}","templated":true}]}}