{"id":10592,"date":"2025-11-16T00:54:05","date_gmt":"2025-11-15T23:54:05","guid":{"rendered":"https:\/\/www.pogotowieflagowe.pl\/aktualne\/bakiewicz-pod-ostrzalem-prokuratorzy-o-odmiennych-pogladach-usunieci-bo-nowy-sledczy-broni-reputacji-niemiec\/"},"modified":"2025-11-16T00:54:06","modified_gmt":"2025-11-15T23:54:06","slug":"bakiewicz-pod-ostrzalem-prokuratorzy-o-odmiennych-pogladach-usunieci-bo-nowy-sledczy-broni-reputacji-niemiec","status":"publish","type":"post","link":"https:\/\/www.pogotowieflagowe.pl\/aktualne\/bakiewicz-pod-ostrzalem-prokuratorzy-o-odmiennych-pogladach-usunieci-bo-nowy-sledczy-broni-reputacji-niemiec\/","title":{"rendered":"B\u0105kiewicz pod ostrza\u0142em: prokuratorzy o odmiennych pogl\u0105dach usuni\u0119ci, bo nowy \u015bledczy broni reputacji Niemiec"},"content":{"rendered":"\n<div class=\"td_block_wrap tdb_single_content tdi_41 td-pb-border-top td_block_template_8 td-post-content tagdiv-type\" data-td-block-uid=\"tdi_41\">\n<style>.tdi_41{margines-top:0px!important;margin-bottom:0px!important;dope\u0142nienie-g\u00f3ra:0px!important;dope\u0142nienie-d\u00f3\u0142:0px!important}<\/style>\n<style>.tdb_single_content{margin-bottom:0;*zoom:1}.tdb_single_content:before,.tdb_single_content:after{display:table;content:'';line-height:0}.tdb_single_content:after{clear:both}.tdb_single_content .tdb-block-inner>*:not(.wp-block-quote):not(.alignwide):not(.alignfull.wp-block-cover.has-parallax):not(.td-a-ad){margin-left:auto;margin-right:auto}.tdb_single_content a{pointer-events:auto}.tdb_single_content .td-spot-id-top_ad .tdc-placeholder-title:before{content:'Najlepsza reklama artyku\u0142u'!important}.tdb_single_content .td-spot-id-inline_ad0 .tdc-placeholder-title:before{content:'Reklama wbudowana artyku\u0142u 1'!important}.tdb_single_content .td-spot-id-inline_ad1 .tdc-placeholder-title:before{content:'Reklama wbudowana w artyku\u0142 2'!important}.tdb_single_content .td-spot-id-inline_ad2 .tdc-placeholder-title:before{content:'Reklama wbudowana w artyku\u0142 3'!important}.tdb_single_content .td-spot-id-bottom_ad .tdc-placeholder-title:before{content:'Article Bottom Ad'!important}.tdb_single_content .id_top_ad,.tdb_single_content .id_bottom_ad{clear:both;margin-bottom:21px;text-align:center}.tdb_single_content .id_top_ad img,.tdb_single_content .id_bottom_ad img{margin-bottom:0}.tdb_single_content .id_top_ad .adsbygoogle,.tdb_single_content .id_bottom_ad .adsbygoogle{position:relative}.tdb_single_content .id_ad_content-horiz-left,.tdb_single_content .id_ad_content-horiz-right,.tdb_single_content .id_ad_content-horiz-center{margin-bottom:15px}.tdb_single_content .id_ad_content-horiz-left img,.tdb_single_content .id_ad_content-horiz-right img,.tdb_single_content .id_ad_content-horiz-center img{margin-bottom:0}.tdb_single_content .id_ad_content-horiz-center{text-align:center}.tdb_single_content .id_ad_content-horiz-center img{margin-right:auto;margin-left:auto}.tdb_single_content .id_ad_content-horiz-left{float:left;margin-top:9px;margin-right:21px}.tdb_single_content .id_ad_content-horiz-right{float:right;margin-top:6px;margin-left:21px}.tdb_single_content .tdc-a-ad .tdc-placeholder-title{width:300px;height:250px}.tdb_single_content .tdc-a-ad .tdc-placeholder-title:before{position:absolute;top:50%;-webkit-transform:translateY(-50%);transform:translateY(-50%);margin:auto;display:table;width:100%}.tdb_single_content .tdb-block-inner.td-fix-index{word-break:break-word}.tdi_41,.tdi_41>p,.tdi_41 .tdb-block-inner>p,.wp-block-column>p{font-size:16px!important;line-height:1.6!important}.tdi_41 .tdb-block-inner blockquote p{font-style:normal!important}@media (max-width:767px){.tdb_single_content .id_ad_content-horiz-left,.tdb_single_content .id_ad_content-horiz-right,.tdb_single_content .id_ad_content-horiz-center{margin:0 auto 26 pikseli auto}}@media (max-width:767px){.tdb_single_content .id_ad_content-horiz-left{margin-right:0}}@media (max-width:767px){.tdb_single_content .id_ad_content-horiz-right{margin-left:0}}@media (max-width:767px){.tdb_single_content .td-a-ad{float:none;text-align:center}.tdb_single_content .td-a-ad img{margin-right:auto;margin-left:auto}.tdb_single_content .tdc-a-ad{float:none}}<\/style>\n<div class=\"tdb-block-inner td-fix-index\">\n<p>W przypadku Roberta B\u0105kiewicza maksyma stalinowska <strong>\u201edaj mi tego cz\u0142owieka, a znajd\u0119 zbrodni\u0119\u201d<\/strong> wydaje si\u0119 by\u0107 w pe\u0142ni aktualne. Prokuratorzy, kt\u00f3rzy zdystansowali si\u0119 od stawiania zmy\u015blonych zarzut\u00f3w przyw\u00f3dcy ugrupowania <em>Ruch Ochrony Pogranicza<\/em> (ROG) zostali po cichu zwolnieni bez wyja\u015bnie\u0144 lub usuni\u0119ci ze sprawy. Inna prowadz\u0105ca spraw\u0119, sprowadzona ze starostwa powiatowego, skupia\u0142a si\u0119 na obronie dobrego imienia s\u0119dzi\u00f3w, prokurator\u00f3w, polityk\u00f3w i dziennikarzy. Doszed\u0142 tak\u017ce do wniosku, \u017ce wypowiedzi B\u0105kiewicza wzbudzi\u0142y \u201esiln\u0105 niech\u0119\u0107\u201d do migrant\u00f3w i\u2026 Niemc\u00f3w. Portal Niezalezna.pl dotar\u0142 do tre\u015bci postanowienia stawiaj\u0105cego B\u0105kiewicza nowe zarzuty.<\/p>\n<h2 class=\"wp-block-heading\"><strong>Zniszczy\u0107 B\u0105kiewicza<\/strong><\/h2>\n<p>18 sierpnia br. o godz <em>Prokuratura Okr\u0119gowa w Gorzowie<\/em>lider <em>Ruch Ochrony Pogranicza<\/em> Robert B\u0105kiewicz zosta\u0142 oskar\u017cony o zniewa\u017cenie funkcjonariuszy <em>Stra\u017c Graniczna<\/em> I <em>\u017bandarmeria Wojskowa<\/em> podczas wykonywania swoich obowi\u0105zk\u00f3w s\u0142u\u017cbowych. Miesi\u0105c p\u00f3\u017aniej, 17 wrze\u015bnia, postawiono kolejne zarzuty \u2013 tym razem o znies\u0142awienie funkcjonariuszy i pr\u00f3b\u0119 nak\u0142onienia ich do zaniedbania obowi\u0105zk\u00f3w s\u0142u\u017cbowych.<\/p>\n<figure class=\"wp-block-embed is-type-video is-provider-youtube wp-block-embed-youtube wp-embed-aspect-16-9 wp-has-aspect-ratio\">\n<div class=\"wp-block-embed__wrapper\">\n<div class=\"youtube-embed\" data-video_id=\"O7tiLHS7Ur8\"><iframe title=\"\u015acigany za obron\u0119 granic. Kiedy patriotyzm staje si\u0119 przest\u0119pstwem. B\u0105kiewicz: ha\u0144ba!\" width=\"1200\" height=\"675\" src=\"https:\/\/www.youtube.com\/embed\/O7tiLHS7Ur8?feature=oembed\" frameborder=\"0\" allow=\"accelerometer; autoplay; clipboard-write; encrypted-media; gyroscope; picture-in-picture; web-share\" referrerpolicy=\"strict-origin-when-cross-origin\" allowfullscreen><\/iframe><\/div>\n<\/div>\n<\/figure>\n<p>Sprawa nie by\u0142a jednak wolna od kontrowersji, nawet w samej prokuraturze, gdy\u017c \u015bledczy w Gorzowie Wielkopolskim nie byli przekonani o zasadno\u015bci postawionych B\u0105kiewiczowi zarzut\u00f3w. Prokurator z <em>Prokuratura Okr\u0119gowa w Szczecinie<\/em> interweniowa\u0142 i wyda\u0142 nakaz dor\u0119czenia w tej sprawie.<\/p>\n<p>Prokurator Maciej Mielcarek wni\u00f3s\u0142 o odsuni\u0119cie od wykonywania czynno\u015bci procesowych wobec B\u0105kiewicza, podnosz\u0105c, \u017ce akta sprawy wymagaj\u0105 uzupe\u0142nienia, lecz niezgodne z prawem <em>Prokurator Krajowy<\/em> Dariusz Korneluk zdecydowa\u0142 si\u0119 nie uwzgl\u0119dni\u0107 pro\u015bby. Cho\u0107 ostatecznie prokurator Mielcarek postawi\u0142 B\u0105kiewiczowi zarzuty, mimo to zosta\u0142 on odsuni\u0119ty od sprawy, a kierownictwo <em>Prokuratura Okr\u0119gowa w Gorzowie Wielkopolskim<\/em>kt\u00f3ry wcze\u015bniej go wspiera\u0142, zosta\u0142 zast\u0105piony bez wyja\u015bnienia.<\/p>\n<figure class=\"wp-block-pullquote\">\n<blockquote>\n<p>\u201ePaulina B\u0142aszkiewicz, Prokurator Rejonowy w Gorzowie Wlkp. i Monika Pytli\u0144ska, Zast\u0119pca Prokuratora Rejonowego w Gorzowie Wlkp., zosta\u0142y odwo\u0142ane z dniem 30 wrze\u015bnia 2025 r.\u201d \u2013 poinformowa\u0142 rzecznik Urz\u0119du. <em>Prokuratura Okr\u0119gowa w Gorzowie Wielkopolskim<\/em>\u2013 powiedzia\u0142a Niezale\u017cna.pl prokurator Mariola Wojciechowska-Grze\u015bkowiak.<\/p>\n<\/blockquote>\n<\/figure>\n<p>Doda\u0142a to <strong>\u201eDecyzje o zwolnieniu wymienionych prokurator\u00f3w nie zawieraj\u0105 uzasadnienia\u201d.<\/strong><\/p>\n<h2 class=\"wp-block-heading\"><strong>Na miejsce wkracza prokurator rejonowy<\/strong><\/h2>\n<p>Spraw\u0119 Roberta B\u0105kiewicza przej\u0105\u0142 prokurator Maciej Osta\u0142owski z <em>Prokuratura Okr\u0119gowa w Sul\u0119cinie<\/em>oddelegowany do <em>Prokuratura Okr\u0119gowa w Gorzowie Wielkopolskim<\/em>. W czwartek przedstawi\u0142 nowe zarzuty dotycz\u0105ce dw\u00f3ch dodatkowych przest\u0119pstw: znies\u0142awienia funkcjonariuszy publicznych i dziennikarzy w mediach spo\u0142eczno\u015bciowych (art. 212 \u00a7 2 kk w zw. z art. 57a \u00a7 1 kk) oraz nawo\u0142ywania do nienawi\u015bci na tle r\u00f3\u017cnic narodowo\u015bciowych, etnicznych i rasowych (art. 256 \u00a7 1 kk). \u0141\u0105cznie za te zarzuty grozi kara do 3 lat wi\u0119zienia.<\/p>\n<p>Przypomnijmy, \u017ce wobec Roberta B\u0105kiewicza zastosowano rygorystyczne \u015brodki zapobiegawcze: obowi\u0105zek stawiania si\u0119 dwa razy w tygodniu na policji, informowania w\u0142adz przy opuszczaniu miejsca zamieszkania oraz zakaz zbli\u017cania si\u0119 do polsko-niemieckich przej\u015b\u0107 granicznych na odleg\u0142o\u015b\u0107 mniejsz\u0105 ni\u017c kilometr.<\/p>\n<h2 class=\"wp-block-heading\"><strong>Szokuj\u0105ca argumentacja prokuratury<\/strong><\/h2>\n<p>Niezale\u017cna.pl uzyska\u0142a decyzj\u0119 przedstawiaj\u0105c\u0105 Robertowi B\u0105kiewiczowi nowe zarzuty.<\/p>\n<p>Zdaniem prokuratury B\u0105kiewicz znies\u0142awi\u0142 s\u0119dzi\u00f3w, prokurator\u00f3w, polityk\u00f3w i dziennikarzy, zarzucaj\u0105c im post\u0119powanie, kt\u00f3re mog\u0142oby \u201eponi\u017cy\u0107 ich w oczach opinii publicznej i narazi\u0107 na utrat\u0119 zaufania niezb\u0119dnego do pe\u0142nienia i wykonywania zawodu\u201d. \u015aledczy twierdz\u0105, \u017ce dopu\u015bci\u0142 si\u0119 tego bezprawnego czynu, stwierdzaj\u0105c, \u017ce te grupy <strong>\u201esprzedaj\u0105 si\u0119 i zdradzaj\u0105 Polsk\u0119, pozostawiaj\u0105c kraj na \u0142asce szale\u0144stwa migracyjnego, inwazji, kt\u00f3ra zniszczy, zabije na zawsze, na zawsze, nasz\u0105 ojczyzn\u0119\u201d.<\/strong> Oceniaj\u0105c dziennikarzy, B\u0105kiewicz doda\u0142, \u017ce tak <strong>\u201eokazuj\u0105 ca\u0142kowicie nieuzasadnion\u0105 s\u0142u\u017calcz\u0105 postaw\u0119 wobec swoich niemieckich pan\u00f3w\u201d.<\/strong><\/p>\n<p>Lider <em>Ruch Ochrony Pogranicza<\/em> rzekomo nawo\u0142ywa\u0142 tak\u017ce do nienawi\u015bci na tle r\u00f3\u017cnic narodowo\u015bciowych, etnicznych i rasowych, zamieszczaj\u0105c posty i wywiady w mediach spo\u0142eczno\u015bciowych <strong>\u201eo\u015bwiadczenia budz\u0105ce i pog\u0142\u0119biaj\u0105ce siln\u0105 niech\u0119\u0107 i wrogo\u015b\u0107 wobec os\u00f3b narodowo\u015bci niemieckiej oraz wobec migrant\u00f3w\u201d.<\/strong><\/p>\n<p>Jeden z takich przyk\u0142ad\u00f3w rzekomo pochodzi z wywiadu w TV Republika, w kt\u00f3rym to stwierdzi\u0142 <strong>\u201eModel migracji wprowadzony do Polski przez Niemcy i Komisj\u0119 Europejsk\u0105 ma na celu zniszczenie pa\u0144stwa polskiego i naszego bezpiecze\u0144stwa, podczas gdy proces asymilacji i integracji imigrant\u00f3w uleg\u0142 ca\u0142kowitemu za\u0142amaniu i doprowadzi\u0142 do spadku bezpiecze\u0144stwa w Wielkiej Brytanii, Francji i innych krajach\u201d.<\/strong><\/p>\n<p>Prokuratura uzna\u0142a tak\u017ce za niedopuszczalne jego twierdzenia, \u017ce \u200b\u200bproces ma na celu <strong>\u201ewywo\u0142ywa\u0107 konflikty wewn\u0119trzne\u201d<\/strong> I <strong>\u201ezwi\u0119kszaj\u0105 ryzyko przest\u0119pstw zwi\u0105zanych z gwa\u0142tem\u201d.<\/strong><\/p>\n<p>\u015aledczy znale\u017ali tak\u017ce tre\u015bci o charakterze karalnym w po\u015bcie w mediach spo\u0142eczno\u015bciowych, w kt\u00f3rym B\u0105kiewicz to twierdzi\u0142 <strong>\u201eNiemcy dokonuj\u0105 inwazji na Polsk\u0119 za pomoc\u0105 migrant\u00f3w\u201d<\/strong> i to wsp\u00f3lne niemiecko-polskie <em>Stra\u017c Graniczna<\/em> i patrole policyjne <strong>\u201es\u0105 \u017cartem\u201d<\/strong> i s\u0142u\u017cy\u0107 <strong>\u201eaby umo\u017cliwi\u0107 stronie niemieckiej kontrol\u0119 nad dzia\u0142aniami polskiej Stra\u017cy Granicznej\u201d.<\/strong><\/p>\n<p>Innym przyk\u0142adem rzekomo \u201eprzest\u0119pczej\u201d dzia\u0142alno\u015bci B\u0105kiewicza by\u0142a jego wypowied\u017a, \u017ce <strong>\u201eNiemcy stwarzaj\u0105 zagro\u017cenie dla Polski, s\u0105 agresorem, cynicznie i z wielk\u0105 arogancj\u0105 nara\u017caj\u0105 nas na niebezpiecze\u0144stwa, prowadz\u0105 wojn\u0119 hybrydow\u0105 przeciwko Polsce, dopuszczaj\u0105 si\u0119 zbrodni i bandyckich atak\u00f3w przeciwko Polsce, a Polska stoi w obliczu zalewu tysi\u0119cy i setek tysi\u0119cy migrant\u00f3w, co zagrozi bezpiecze\u0144stwu polskich obywateli i nieodwracalnie zniszczy ich dotychczasowy spos\u00f3b \u017cycia\u201d.<\/strong><\/p>\n<p>Wed\u0142ug prokuratury B\u0105kiewiczowi r\u00f3wnie\u017c nie wolno by\u0142o tego m\u00f3wi\u0107 publicznie <strong>\u201eNiemcy agresywnie atakuj\u0105 Polsk\u0119\u201d<\/strong> albo to <strong>\u201ejeste\u015bmy podn\u00f3\u017ckiem Niemiec, a Polsce grozi Armagedon polegaj\u0105cy na utracie bezpiecze\u0144stwa wewn\u0119trznego w wyniku nap\u0142ywu setek i tysi\u0119cy migrant\u00f3w\u201d.<\/strong> Nie wolno mu by\u0142o tak\u017ce sugerowa\u0107, \u017ce migranci mog\u0105 przenosi\u0107 \u015bwierzb lub inne choroby zaka\u017ane i \u017ce tak w\u0142a\u015bnie jest <strong>\u201ecz\u0119\u015bciej ni\u017c inni dopuszczaj\u0105 si\u0119 przest\u0119pstw zwi\u0105zanych z gwa\u0142tem, nie integruj\u0105 si\u0119 z kultur\u0105 kraju przyjmuj\u0105cego i celowo tworz\u0105 w krajach przyjmuj\u0105cych tzw. strefy szariatu\u201d.<\/strong><\/p>\n<p><iframe width=\"560\" height=\"315\" style=\"border:none;overflow:hidden\" scrolling=\"no\" frameborder=\"0\" allowfullscreen=\"true\" allow=\"autoplay; clipboard-write; encrypted-media; picture-in-picture; web-share\" data-src=\"https:\/\/www.facebook.com\/plugins\/video.php?height=315&amp;href=https%3A%2F%2Fwww.facebook.com%2Freel%2F832111106455272%2F&amp;show_text=false&amp;width=560&amp;t=0\" class=\"lazyload\"><\/iframe><\/p>\n<h2 class=\"wp-block-heading\"><strong>Prokurator czy cenzor?<\/strong><\/h2>\n<p>Komentuj\u0105c nowe zarzuty, jeden z trzech pe\u0142nomocnik\u00f3w B\u0105kiewicza, adwokat Krzysztof W\u0105sowski stwierdzi\u0142, \u017ce prokurator Osta\u0142owski <strong>\u201ewyra\u017anie pomiesza\u0142 role \u2013 prokuratora i cenzora\u201d.<\/strong><\/p>\n<p>Wskazuje na Osta\u0142owskiego <strong>&#8222;s\u0142u\u017calczo\u015b\u0107&#8221;<\/strong> I <strong>\u201echce przypodoba\u0107 si\u0119 obecnemu re\u017cimowi\u201d.<\/strong> Dodaje to <strong>\u201eca\u0142a sytuacja wygl\u0105da tak, jakby w\u0142adze chcia\u0142y sprawdzi\u0107, czy mo\u017cliwe jest wprowadzenie nowego typu cenzury ideologicznej poprzez dzia\u0142ania prokuratury \u2013 nielegalnymi metodami backdoor \u2013 bez ustawy cenzuralnej\u201d.<\/strong><\/p>\n<p>Podkre\u015bla to <strong>\u201eby\u0142oby to skrajn\u0105 obraz\u0105 konstytucji i praworz\u0105dno\u015bci\u201d<\/strong> Kt\u00f3ry <strong>\u201ew \u017cadnym wypadku nie mo\u017ce zosta\u0107 zaakceptowane\u201d<\/strong> i wzywa <strong>\u201ewszystkich uczciwych Polak\u00f3w do wsparcia tej nier\u00f3wnej walki\u201d.<\/strong><\/p>\n<\/div>\n<\/div>\n","protected":false},"excerpt":{"rendered":"<p>W przypadku Roberta B\u0105kiewicza maksyma stalinowska \u201edaj mi tego cz\u0142owieka, a znajd\u0119 zbrodni\u0119\u201d wydaje si\u0119 by\u0107 w pe\u0142ni aktualne. Prokuratorzy,<\/p>\n","protected":false},"author":1,"featured_media":10593,"comment_status":"open","ping_status":"open","sticky":false,"template":"","format":"standard","meta":{"footnotes":""},"categories":[4748],"tags":[6531,659,753,581,12040,3543,2326,12041,6122,12043,9207,12042],"class_list":["post-10592","post","type-post","status-publish","format-standard","has-post-thumbnail","hentry","category-aktualne","tag-bakiewicz","tag-broni","tag-niemiec","tag-nowy","tag-odmiennych","tag-ostrzalem","tag-pod","tag-pogladach","tag-prokuratorzy","tag-reputacji","tag-sledczy","tag-usunieci","generate-columns","tablet-grid-50","mobile-grid-100","grid-parent","grid-50","resize-featured-image"],"yoast_head":"<!-- This site is optimized with the Yoast SEO plugin v23.2 - https:\/\/yoast.com\/wordpress\/plugins\/seo\/ -->\n<title>B\u0105kiewicz pod ostrza\u0142em: prokuratorzy o odmiennych pogl\u0105dach usuni\u0119ci, bo nowy \u015bledczy broni reputacji Niemiec - POGOTOWIE FLAGOWE\u00ae<\/title>\n<meta name=\"robots\" content=\"index, follow, max-snippet:-1, max-image-preview:large, max-video-preview:-1\" \/>\n<link rel=\"canonical\" href=\"https:\/\/www.pogotowieflagowe.pl\/aktualne\/bakiewicz-pod-ostrzalem-prokuratorzy-o-odmiennych-pogladach-usunieci-bo-nowy-sledczy-broni-reputacji-niemiec\/\" \/>\n<meta property=\"og:locale\" content=\"pl_PL\" \/>\n<meta property=\"og:type\" content=\"article\" \/>\n<meta property=\"og:title\" content=\"B\u0105kiewicz pod ostrza\u0142em: prokuratorzy o odmiennych pogl\u0105dach usuni\u0119ci, bo nowy \u015bledczy broni reputacji Niemiec - POGOTOWIE FLAGOWE\u00ae\" \/>\n<meta property=\"og:description\" content=\"W przypadku Roberta B\u0105kiewicza maksyma stalinowska \u201edaj mi tego cz\u0142owieka, a znajd\u0119 zbrodni\u0119\u201d wydaje si\u0119 by\u0107 w pe\u0142ni aktualne. Prokuratorzy,\" \/>\n<meta property=\"og:url\" content=\"https:\/\/www.pogotowieflagowe.pl\/aktualne\/bakiewicz-pod-ostrzalem-prokuratorzy-o-odmiennych-pogladach-usunieci-bo-nowy-sledczy-broni-reputacji-niemiec\/\" \/>\n<meta property=\"og:site_name\" content=\"POGOTOWIE FLAGOWE\u00ae\" \/>\n<meta property=\"article:published_time\" content=\"2025-11-15T23:54:05+00:00\" \/>\n<meta property=\"article:modified_time\" content=\"2025-11-15T23:54:06+00:00\" \/>\n<meta property=\"og:image\" content=\"https:\/\/www.pogotowieflagowe.pl\/aktualne\/wp-content\/uploads\/2025\/11\/Bakiewicz-pod-ostrzalem-prokuratorzy-o-odmiennych-pogladach-usunieci-bo-nowy.webp.webp\" \/>\n\t<meta property=\"og:image:width\" content=\"1280\" \/>\n\t<meta property=\"og:image:height\" content=\"720\" \/>\n\t<meta property=\"og:image:type\" content=\"image\/webp\" \/>\n<meta name=\"author\" content=\"Filip\" \/>\n<meta name=\"twitter:card\" content=\"summary_large_image\" \/>\n<meta name=\"twitter:label1\" content=\"Napisane przez\" \/>\n\t<meta name=\"twitter:data1\" content=\"Filip\" \/>\n\t<meta name=\"twitter:label2\" content=\"Szacowany czas czytania\" \/>\n\t<meta name=\"twitter:data2\" content=\"6 minut\" \/>\n<script type=\"application\/ld+json\" class=\"yoast-schema-graph\">{\"@context\":\"https:\/\/schema.org\",\"@graph\":[{\"@type\":\"Article\",\"@id\":\"https:\/\/www.pogotowieflagowe.pl\/aktualne\/bakiewicz-pod-ostrzalem-prokuratorzy-o-odmiennych-pogladach-usunieci-bo-nowy-sledczy-broni-reputacji-niemiec\/#article\",\"isPartOf\":{\"@id\":\"https:\/\/www.pogotowieflagowe.pl\/aktualne\/bakiewicz-pod-ostrzalem-prokuratorzy-o-odmiennych-pogladach-usunieci-bo-nowy-sledczy-broni-reputacji-niemiec\/\"},\"author\":{\"name\":\"Filip\",\"@id\":\"https:\/\/www.pogotowieflagowe.pl\/aktualne\/#\/schema\/person\/9c2fb7d2362ebf6fa088960d7f0d27b0\"},\"headline\":\"B\u0105kiewicz pod ostrza\u0142em: prokuratorzy o odmiennych pogl\u0105dach usuni\u0119ci, bo nowy \u015bledczy broni reputacji Niemiec\",\"datePublished\":\"2025-11-15T23:54:05+00:00\",\"dateModified\":\"2025-11-15T23:54:06+00:00\",\"mainEntityOfPage\":{\"@id\":\"https:\/\/www.pogotowieflagowe.pl\/aktualne\/bakiewicz-pod-ostrzalem-prokuratorzy-o-odmiennych-pogladach-usunieci-bo-nowy-sledczy-broni-reputacji-niemiec\/\"},\"wordCount\":1136,\"commentCount\":0,\"publisher\":{\"@id\":\"https:\/\/www.pogotowieflagowe.pl\/aktualne\/#organization\"},\"image\":{\"@id\":\"https:\/\/www.pogotowieflagowe.pl\/aktualne\/bakiewicz-pod-ostrzalem-prokuratorzy-o-odmiennych-pogladach-usunieci-bo-nowy-sledczy-broni-reputacji-niemiec\/#primaryimage\"},\"thumbnailUrl\":\"https:\/\/www.pogotowieflagowe.pl\/aktualne\/wp-content\/uploads\/2025\/11\/Bakiewicz-pod-ostrzalem-prokuratorzy-o-odmiennych-pogladach-usunieci-bo-nowy.webp.webp\",\"keywords\":[\"B\u0105kiewicz\",\"broni\",\"Niemiec\",\"Nowy\",\"odmiennych\",\"ostrza\u0142em\",\"pod\",\"pogl\u0105dach\",\"Prokuratorzy\",\"reputacji\",\"\u015aledczy\",\"usuni\u0119ci\"],\"articleSection\":[\"Aktualne\"],\"inLanguage\":\"pl-PL\",\"potentialAction\":[{\"@type\":\"CommentAction\",\"name\":\"Comment\",\"target\":[\"https:\/\/www.pogotowieflagowe.pl\/aktualne\/bakiewicz-pod-ostrzalem-prokuratorzy-o-odmiennych-pogladach-usunieci-bo-nowy-sledczy-broni-reputacji-niemiec\/#respond\"]}]},{\"@type\":\"WebPage\",\"@id\":\"https:\/\/www.pogotowieflagowe.pl\/aktualne\/bakiewicz-pod-ostrzalem-prokuratorzy-o-odmiennych-pogladach-usunieci-bo-nowy-sledczy-broni-reputacji-niemiec\/\",\"url\":\"https:\/\/www.pogotowieflagowe.pl\/aktualne\/bakiewicz-pod-ostrzalem-prokuratorzy-o-odmiennych-pogladach-usunieci-bo-nowy-sledczy-broni-reputacji-niemiec\/\",\"name\":\"B\u0105kiewicz pod ostrza\u0142em: prokuratorzy o odmiennych pogl\u0105dach usuni\u0119ci, bo nowy \u015bledczy broni reputacji Niemiec - POGOTOWIE FLAGOWE\u00ae\",\"isPartOf\":{\"@id\":\"https:\/\/www.pogotowieflagowe.pl\/aktualne\/#website\"},\"primaryImageOfPage\":{\"@id\":\"https:\/\/www.pogotowieflagowe.pl\/aktualne\/bakiewicz-pod-ostrzalem-prokuratorzy-o-odmiennych-pogladach-usunieci-bo-nowy-sledczy-broni-reputacji-niemiec\/#primaryimage\"},\"image\":{\"@id\":\"https:\/\/www.pogotowieflagowe.pl\/aktualne\/bakiewicz-pod-ostrzalem-prokuratorzy-o-odmiennych-pogladach-usunieci-bo-nowy-sledczy-broni-reputacji-niemiec\/#primaryimage\"},\"thumbnailUrl\":\"https:\/\/www.pogotowieflagowe.pl\/aktualne\/wp-content\/uploads\/2025\/11\/Bakiewicz-pod-ostrzalem-prokuratorzy-o-odmiennych-pogladach-usunieci-bo-nowy.webp.webp\",\"datePublished\":\"2025-11-15T23:54:05+00:00\",\"dateModified\":\"2025-11-15T23:54:06+00:00\",\"breadcrumb\":{\"@id\":\"https:\/\/www.pogotowieflagowe.pl\/aktualne\/bakiewicz-pod-ostrzalem-prokuratorzy-o-odmiennych-pogladach-usunieci-bo-nowy-sledczy-broni-reputacji-niemiec\/#breadcrumb\"},\"inLanguage\":\"pl-PL\",\"potentialAction\":[{\"@type\":\"ReadAction\",\"target\":[\"https:\/\/www.pogotowieflagowe.pl\/aktualne\/bakiewicz-pod-ostrzalem-prokuratorzy-o-odmiennych-pogladach-usunieci-bo-nowy-sledczy-broni-reputacji-niemiec\/\"]}]},{\"@type\":\"ImageObject\",\"inLanguage\":\"pl-PL\",\"@id\":\"https:\/\/www.pogotowieflagowe.pl\/aktualne\/bakiewicz-pod-ostrzalem-prokuratorzy-o-odmiennych-pogladach-usunieci-bo-nowy-sledczy-broni-reputacji-niemiec\/#primaryimage\",\"url\":\"https:\/\/www.pogotowieflagowe.pl\/aktualne\/wp-content\/uploads\/2025\/11\/Bakiewicz-pod-ostrzalem-prokuratorzy-o-odmiennych-pogladach-usunieci-bo-nowy.webp.webp\",\"contentUrl\":\"https:\/\/www.pogotowieflagowe.pl\/aktualne\/wp-content\/uploads\/2025\/11\/Bakiewicz-pod-ostrzalem-prokuratorzy-o-odmiennych-pogladach-usunieci-bo-nowy.webp.webp\",\"width\":1280,\"height\":720,\"caption\":\"B\u0105kiewicz pod ostrza\u0142em: prokuratorzy o odmiennych pogl\u0105dach usuni\u0119ci, bo nowy \u015bledczy broni reputacji Niemiec\"},{\"@type\":\"BreadcrumbList\",\"@id\":\"https:\/\/www.pogotowieflagowe.pl\/aktualne\/bakiewicz-pod-ostrzalem-prokuratorzy-o-odmiennych-pogladach-usunieci-bo-nowy-sledczy-broni-reputacji-niemiec\/#breadcrumb\",\"itemListElement\":[{\"@type\":\"ListItem\",\"position\":1,\"name\":\"Home\",\"item\":\"https:\/\/www.pogotowieflagowe.pl\/aktualne\/\"},{\"@type\":\"ListItem\",\"position\":2,\"name\":\"B\u0105kiewicz pod ostrza\u0142em: prokuratorzy o odmiennych pogl\u0105dach usuni\u0119ci, bo nowy \u015bledczy broni reputacji Niemiec\"}]},{\"@type\":\"WebSite\",\"@id\":\"https:\/\/www.pogotowieflagowe.pl\/aktualne\/#website\",\"url\":\"https:\/\/www.pogotowieflagowe.pl\/aktualne\/\",\"name\":\"POGOTOWIE FLAGOWE\u00ae\",\"description\":\"\",\"publisher\":{\"@id\":\"https:\/\/www.pogotowieflagowe.pl\/aktualne\/#organization\"},\"potentialAction\":[{\"@type\":\"SearchAction\",\"target\":{\"@type\":\"EntryPoint\",\"urlTemplate\":\"https:\/\/www.pogotowieflagowe.pl\/aktualne\/?s={search_term_string}\"},\"query-input\":\"required name=search_term_string\"}],\"inLanguage\":\"pl-PL\"},{\"@type\":\"Organization\",\"@id\":\"https:\/\/www.pogotowieflagowe.pl\/aktualne\/#organization\",\"name\":\"POGOTOWIE FLAGOWE\u00ae\",\"url\":\"https:\/\/www.pogotowieflagowe.pl\/aktualne\/\",\"logo\":{\"@type\":\"ImageObject\",\"inLanguage\":\"pl-PL\",\"@id\":\"https:\/\/www.pogotowieflagowe.pl\/aktualne\/#\/schema\/logo\/image\/\",\"url\":\"https:\/\/www.pogotowieflagowe.pl\/aktualne\/wp-content\/uploads\/2024\/08\/cropped-pogotowieflagowe_flaga_projekt_sm.jpg\",\"contentUrl\":\"https:\/\/www.pogotowieflagowe.pl\/aktualne\/wp-content\/uploads\/2024\/08\/cropped-pogotowieflagowe_flaga_projekt_sm.jpg\",\"width\":250,\"height\":143,\"caption\":\"POGOTOWIE FLAGOWE\u00ae\"},\"image\":{\"@id\":\"https:\/\/www.pogotowieflagowe.pl\/aktualne\/#\/schema\/logo\/image\/\"}},{\"@type\":\"Person\",\"@id\":\"https:\/\/www.pogotowieflagowe.pl\/aktualne\/#\/schema\/person\/9c2fb7d2362ebf6fa088960d7f0d27b0\",\"name\":\"Filip\",\"image\":{\"@type\":\"ImageObject\",\"inLanguage\":\"pl-PL\",\"@id\":\"https:\/\/www.pogotowieflagowe.pl\/aktualne\/#\/schema\/person\/image\/\",\"url\":\"https:\/\/www.pogotowieflagowe.pl\/aktualne\/wp-content\/uploads\/2024\/08\/pogotowieflagowe.pl_.jpg\",\"contentUrl\":\"https:\/\/www.pogotowieflagowe.pl\/aktualne\/wp-content\/uploads\/2024\/08\/pogotowieflagowe.pl_.jpg\",\"caption\":\"Filip\"},\"description\":\"Jestem Filip, polski dziennikarz z dyplomem nauk politycznych Uniwersytetu Warszawskiego. Rozpoczynaj\u0105c swoj\u0105 karier\u0119 w r\u00f3\u017cnych lokalnych mediach, zdoby\u0142em solidne do\u015bwiadczenie w zakresie \u015bledztwa i redakcji. Obecnie jako redaktor w Pogotowie flagowe, staram si\u0119 dostarcza\u0107 dog\u0142\u0119bne i istotne analizy na temat najwa\u017cniejszych kwestii aktualno\u015bci, \u0142\u0105cz\u0105c rygor z pasj\u0105 dziennikarsk\u0105.\",\"sameAs\":[\"https:\/\/www.pogotowieflagowe.pl\/\"]}]}<\/script>\n<!-- \/ Yoast SEO plugin. -->","yoast_head_json":{"title":"B\u0105kiewicz pod ostrza\u0142em: prokuratorzy o odmiennych pogl\u0105dach usuni\u0119ci, bo nowy \u015bledczy broni reputacji Niemiec - POGOTOWIE FLAGOWE\u00ae","robots":{"index":"index","follow":"follow","max-snippet":"max-snippet:-1","max-image-preview":"max-image-preview:large","max-video-preview":"max-video-preview:-1"},"canonical":"https:\/\/www.pogotowieflagowe.pl\/aktualne\/bakiewicz-pod-ostrzalem-prokuratorzy-o-odmiennych-pogladach-usunieci-bo-nowy-sledczy-broni-reputacji-niemiec\/","og_locale":"pl_PL","og_type":"article","og_title":"B\u0105kiewicz pod ostrza\u0142em: prokuratorzy o odmiennych pogl\u0105dach usuni\u0119ci, bo nowy \u015bledczy broni reputacji Niemiec - POGOTOWIE FLAGOWE\u00ae","og_description":"W przypadku Roberta B\u0105kiewicza maksyma stalinowska \u201edaj mi tego cz\u0142owieka, a znajd\u0119 zbrodni\u0119\u201d wydaje si\u0119 by\u0107 w pe\u0142ni aktualne. Prokuratorzy,","og_url":"https:\/\/www.pogotowieflagowe.pl\/aktualne\/bakiewicz-pod-ostrzalem-prokuratorzy-o-odmiennych-pogladach-usunieci-bo-nowy-sledczy-broni-reputacji-niemiec\/","og_site_name":"POGOTOWIE FLAGOWE\u00ae","article_published_time":"2025-11-15T23:54:05+00:00","article_modified_time":"2025-11-15T23:54:06+00:00","og_image":[{"width":1280,"height":720,"url":"https:\/\/www.pogotowieflagowe.pl\/aktualne\/wp-content\/uploads\/2025\/11\/Bakiewicz-pod-ostrzalem-prokuratorzy-o-odmiennych-pogladach-usunieci-bo-nowy.webp.webp","type":"image\/webp"}],"author":"Filip","twitter_card":"summary_large_image","twitter_misc":{"Napisane przez":"Filip","Szacowany czas czytania":"6 minut"},"schema":{"@context":"https:\/\/schema.org","@graph":[{"@type":"Article","@id":"https:\/\/www.pogotowieflagowe.pl\/aktualne\/bakiewicz-pod-ostrzalem-prokuratorzy-o-odmiennych-pogladach-usunieci-bo-nowy-sledczy-broni-reputacji-niemiec\/#article","isPartOf":{"@id":"https:\/\/www.pogotowieflagowe.pl\/aktualne\/bakiewicz-pod-ostrzalem-prokuratorzy-o-odmiennych-pogladach-usunieci-bo-nowy-sledczy-broni-reputacji-niemiec\/"},"author":{"name":"Filip","@id":"https:\/\/www.pogotowieflagowe.pl\/aktualne\/#\/schema\/person\/9c2fb7d2362ebf6fa088960d7f0d27b0"},"headline":"B\u0105kiewicz pod ostrza\u0142em: prokuratorzy o odmiennych pogl\u0105dach usuni\u0119ci, bo nowy \u015bledczy broni reputacji Niemiec","datePublished":"2025-11-15T23:54:05+00:00","dateModified":"2025-11-15T23:54:06+00:00","mainEntityOfPage":{"@id":"https:\/\/www.pogotowieflagowe.pl\/aktualne\/bakiewicz-pod-ostrzalem-prokuratorzy-o-odmiennych-pogladach-usunieci-bo-nowy-sledczy-broni-reputacji-niemiec\/"},"wordCount":1136,"commentCount":0,"publisher":{"@id":"https:\/\/www.pogotowieflagowe.pl\/aktualne\/#organization"},"image":{"@id":"https:\/\/www.pogotowieflagowe.pl\/aktualne\/bakiewicz-pod-ostrzalem-prokuratorzy-o-odmiennych-pogladach-usunieci-bo-nowy-sledczy-broni-reputacji-niemiec\/#primaryimage"},"thumbnailUrl":"https:\/\/www.pogotowieflagowe.pl\/aktualne\/wp-content\/uploads\/2025\/11\/Bakiewicz-pod-ostrzalem-prokuratorzy-o-odmiennych-pogladach-usunieci-bo-nowy.webp.webp","keywords":["B\u0105kiewicz","broni","Niemiec","Nowy","odmiennych","ostrza\u0142em","pod","pogl\u0105dach","Prokuratorzy","reputacji","\u015aledczy","usuni\u0119ci"],"articleSection":["Aktualne"],"inLanguage":"pl-PL","potentialAction":[{"@type":"CommentAction","name":"Comment","target":["https:\/\/www.pogotowieflagowe.pl\/aktualne\/bakiewicz-pod-ostrzalem-prokuratorzy-o-odmiennych-pogladach-usunieci-bo-nowy-sledczy-broni-reputacji-niemiec\/#respond"]}]},{"@type":"WebPage","@id":"https:\/\/www.pogotowieflagowe.pl\/aktualne\/bakiewicz-pod-ostrzalem-prokuratorzy-o-odmiennych-pogladach-usunieci-bo-nowy-sledczy-broni-reputacji-niemiec\/","url":"https:\/\/www.pogotowieflagowe.pl\/aktualne\/bakiewicz-pod-ostrzalem-prokuratorzy-o-odmiennych-pogladach-usunieci-bo-nowy-sledczy-broni-reputacji-niemiec\/","name":"B\u0105kiewicz pod ostrza\u0142em: prokuratorzy o odmiennych pogl\u0105dach usuni\u0119ci, bo nowy \u015bledczy broni reputacji Niemiec - POGOTOWIE FLAGOWE\u00ae","isPartOf":{"@id":"https:\/\/www.pogotowieflagowe.pl\/aktualne\/#website"},"primaryImageOfPage":{"@id":"https:\/\/www.pogotowieflagowe.pl\/aktualne\/bakiewicz-pod-ostrzalem-prokuratorzy-o-odmiennych-pogladach-usunieci-bo-nowy-sledczy-broni-reputacji-niemiec\/#primaryimage"},"image":{"@id":"https:\/\/www.pogotowieflagowe.pl\/aktualne\/bakiewicz-pod-ostrzalem-prokuratorzy-o-odmiennych-pogladach-usunieci-bo-nowy-sledczy-broni-reputacji-niemiec\/#primaryimage"},"thumbnailUrl":"https:\/\/www.pogotowieflagowe.pl\/aktualne\/wp-content\/uploads\/2025\/11\/Bakiewicz-pod-ostrzalem-prokuratorzy-o-odmiennych-pogladach-usunieci-bo-nowy.webp.webp","datePublished":"2025-11-15T23:54:05+00:00","dateModified":"2025-11-15T23:54:06+00:00","breadcrumb":{"@id":"https:\/\/www.pogotowieflagowe.pl\/aktualne\/bakiewicz-pod-ostrzalem-prokuratorzy-o-odmiennych-pogladach-usunieci-bo-nowy-sledczy-broni-reputacji-niemiec\/#breadcrumb"},"inLanguage":"pl-PL","potentialAction":[{"@type":"ReadAction","target":["https:\/\/www.pogotowieflagowe.pl\/aktualne\/bakiewicz-pod-ostrzalem-prokuratorzy-o-odmiennych-pogladach-usunieci-bo-nowy-sledczy-broni-reputacji-niemiec\/"]}]},{"@type":"ImageObject","inLanguage":"pl-PL","@id":"https:\/\/www.pogotowieflagowe.pl\/aktualne\/bakiewicz-pod-ostrzalem-prokuratorzy-o-odmiennych-pogladach-usunieci-bo-nowy-sledczy-broni-reputacji-niemiec\/#primaryimage","url":"https:\/\/www.pogotowieflagowe.pl\/aktualne\/wp-content\/uploads\/2025\/11\/Bakiewicz-pod-ostrzalem-prokuratorzy-o-odmiennych-pogladach-usunieci-bo-nowy.webp.webp","contentUrl":"https:\/\/www.pogotowieflagowe.pl\/aktualne\/wp-content\/uploads\/2025\/11\/Bakiewicz-pod-ostrzalem-prokuratorzy-o-odmiennych-pogladach-usunieci-bo-nowy.webp.webp","width":1280,"height":720,"caption":"B\u0105kiewicz pod ostrza\u0142em: prokuratorzy o odmiennych pogl\u0105dach usuni\u0119ci, bo nowy \u015bledczy broni reputacji Niemiec"},{"@type":"BreadcrumbList","@id":"https:\/\/www.pogotowieflagowe.pl\/aktualne\/bakiewicz-pod-ostrzalem-prokuratorzy-o-odmiennych-pogladach-usunieci-bo-nowy-sledczy-broni-reputacji-niemiec\/#breadcrumb","itemListElement":[{"@type":"ListItem","position":1,"name":"Home","item":"https:\/\/www.pogotowieflagowe.pl\/aktualne\/"},{"@type":"ListItem","position":2,"name":"B\u0105kiewicz pod ostrza\u0142em: prokuratorzy o odmiennych pogl\u0105dach usuni\u0119ci, bo nowy \u015bledczy broni reputacji Niemiec"}]},{"@type":"WebSite","@id":"https:\/\/www.pogotowieflagowe.pl\/aktualne\/#website","url":"https:\/\/www.pogotowieflagowe.pl\/aktualne\/","name":"POGOTOWIE FLAGOWE\u00ae","description":"","publisher":{"@id":"https:\/\/www.pogotowieflagowe.pl\/aktualne\/#organization"},"potentialAction":[{"@type":"SearchAction","target":{"@type":"EntryPoint","urlTemplate":"https:\/\/www.pogotowieflagowe.pl\/aktualne\/?s={search_term_string}"},"query-input":"required name=search_term_string"}],"inLanguage":"pl-PL"},{"@type":"Organization","@id":"https:\/\/www.pogotowieflagowe.pl\/aktualne\/#organization","name":"POGOTOWIE FLAGOWE\u00ae","url":"https:\/\/www.pogotowieflagowe.pl\/aktualne\/","logo":{"@type":"ImageObject","inLanguage":"pl-PL","@id":"https:\/\/www.pogotowieflagowe.pl\/aktualne\/#\/schema\/logo\/image\/","url":"https:\/\/www.pogotowieflagowe.pl\/aktualne\/wp-content\/uploads\/2024\/08\/cropped-pogotowieflagowe_flaga_projekt_sm.jpg","contentUrl":"https:\/\/www.pogotowieflagowe.pl\/aktualne\/wp-content\/uploads\/2024\/08\/cropped-pogotowieflagowe_flaga_projekt_sm.jpg","width":250,"height":143,"caption":"POGOTOWIE FLAGOWE\u00ae"},"image":{"@id":"https:\/\/www.pogotowieflagowe.pl\/aktualne\/#\/schema\/logo\/image\/"}},{"@type":"Person","@id":"https:\/\/www.pogotowieflagowe.pl\/aktualne\/#\/schema\/person\/9c2fb7d2362ebf6fa088960d7f0d27b0","name":"Filip","image":{"@type":"ImageObject","inLanguage":"pl-PL","@id":"https:\/\/www.pogotowieflagowe.pl\/aktualne\/#\/schema\/person\/image\/","url":"https:\/\/www.pogotowieflagowe.pl\/aktualne\/wp-content\/uploads\/2024\/08\/pogotowieflagowe.pl_.jpg","contentUrl":"https:\/\/www.pogotowieflagowe.pl\/aktualne\/wp-content\/uploads\/2024\/08\/pogotowieflagowe.pl_.jpg","caption":"Filip"},"description":"Jestem Filip, polski dziennikarz z dyplomem nauk politycznych Uniwersytetu Warszawskiego. Rozpoczynaj\u0105c swoj\u0105 karier\u0119 w r\u00f3\u017cnych lokalnych mediach, zdoby\u0142em solidne do\u015bwiadczenie w zakresie \u015bledztwa i redakcji. Obecnie jako redaktor w Pogotowie flagowe, staram si\u0119 dostarcza\u0107 dog\u0142\u0119bne i istotne analizy na temat najwa\u017cniejszych kwestii aktualno\u015bci, \u0142\u0105cz\u0105c rygor z pasj\u0105 dziennikarsk\u0105.","sameAs":["https:\/\/www.pogotowieflagowe.pl\/"]}]}},"_links":{"self":[{"href":"https:\/\/www.pogotowieflagowe.pl\/aktualne\/wp-json\/wp\/v2\/posts\/10592","targetHints":{"allow":["GET"]}}],"collection":[{"href":"https:\/\/www.pogotowieflagowe.pl\/aktualne\/wp-json\/wp\/v2\/posts"}],"about":[{"href":"https:\/\/www.pogotowieflagowe.pl\/aktualne\/wp-json\/wp\/v2\/types\/post"}],"author":[{"embeddable":true,"href":"https:\/\/www.pogotowieflagowe.pl\/aktualne\/wp-json\/wp\/v2\/users\/1"}],"replies":[{"embeddable":true,"href":"https:\/\/www.pogotowieflagowe.pl\/aktualne\/wp-json\/wp\/v2\/comments?post=10592"}],"version-history":[{"count":1,"href":"https:\/\/www.pogotowieflagowe.pl\/aktualne\/wp-json\/wp\/v2\/posts\/10592\/revisions"}],"predecessor-version":[{"id":10594,"href":"https:\/\/www.pogotowieflagowe.pl\/aktualne\/wp-json\/wp\/v2\/posts\/10592\/revisions\/10594"}],"wp:featuredmedia":[{"embeddable":true,"href":"https:\/\/www.pogotowieflagowe.pl\/aktualne\/wp-json\/wp\/v2\/media\/10593"}],"wp:attachment":[{"href":"https:\/\/www.pogotowieflagowe.pl\/aktualne\/wp-json\/wp\/v2\/media?parent=10592"}],"wp:term":[{"taxonomy":"category","embeddable":true,"href":"https:\/\/www.pogotowieflagowe.pl\/aktualne\/wp-json\/wp\/v2\/categories?post=10592"},{"taxonomy":"post_tag","embeddable":true,"href":"https:\/\/www.pogotowieflagowe.pl\/aktualne\/wp-json\/wp\/v2\/tags?post=10592"}],"curies":[{"name":"wp","href":"https:\/\/api.w.org\/{rel}","templated":true}]}}