{"id":10669,"date":"2025-11-17T00:58:59","date_gmt":"2025-11-16T23:58:59","guid":{"rendered":"https:\/\/www.pogotowieflagowe.pl\/aktualne\/nastolatek-ktory-grozil-prezydentowi-nawrockiemu-bronia-uslyszy-zarzuty\/"},"modified":"2025-11-17T00:59:00","modified_gmt":"2025-11-16T23:59:00","slug":"nastolatek-ktory-grozil-prezydentowi-nawrockiemu-bronia-uslyszy-zarzuty","status":"publish","type":"post","link":"https:\/\/www.pogotowieflagowe.pl\/aktualne\/nastolatek-ktory-grozil-prezydentowi-nawrockiemu-bronia-uslyszy-zarzuty\/","title":{"rendered":"Nastolatek, kt\u00f3ry grozi\u0142 prezydentowi Nawrockiemu broni\u0105, us\u0142yszy zarzuty"},"content":{"rendered":"\n<div class=\"td_block_wrap tdb_single_content tdi_41 td-pb-border-top td_block_template_8 td-post-content tagdiv-type\" data-td-block-uid=\"tdi_41\">\n<style>.tdi_41{margines-top:0px!important;margin-bottom:0px!important;dope\u0142nienie-g\u00f3ra:0px!important;dope\u0142nienie-d\u00f3\u0142:0px!important}<\/style>\n<style>.tdb_single_content{margin-bottom:0;*zoom:1}.tdb_single_content:before,.tdb_single_content:after{display:table;content:'';line-height:0}.tdb_single_content:after{clear:both}.tdb_single_content .tdb-block-inner>*:not(.wp-block-quote):not(.alignwide):not(.alignfull.wp-block-cover.has-parallax):not(.td-a-ad){margin-left:auto;margin-right:auto}.tdb_single_content a{pointer-events:auto}.tdb_single_content .td-spot-id-top_ad .tdc-placeholder-title:before{content:'Najlepsza reklama artyku\u0142u'!important}.tdb_single_content .td-spot-id-inline_ad0 .tdc-placeholder-title:before{content:'Reklama wbudowana artyku\u0142u 1'!important}.tdb_single_content .td-spot-id-inline_ad1 .tdc-placeholder-title:before{content:'Wbudowana reklama w artykule 2'!important}.tdb_single_content .td-spot-id-inline_ad2 .tdc-placeholder-title:before{content:'Wbudowana reklama w artykule 3'!important}.tdb_single_content .td-spot-id-bottom_ad .tdc-placeholder-title:before{content:'Article Bottom Ad'!important}.tdb_single_content .id_top_ad,.tdb_single_content .id_bottom_ad{clear:both;margin-bottom:21px;text-align:center}.tdb_single_content .id_top_ad img,.tdb_single_content .id_bottom_ad img{margin-bottom:0}.tdb_single_content .id_top_ad .adsbygoogle,.tdb_single_content .id_bottom_ad .adsbygoogle{position:relative}.tdb_single_content .id_ad_content-horiz-left,.tdb_single_content .id_ad_content-horiz-right,.tdb_single_content .id_ad_content-horiz-center{margin-bottom:15px}.tdb_single_content .id_ad_content-horiz-left img,.tdb_single_content .id_ad_content-horiz-right img,.tdb_single_content .id_ad_content-horiz-center img{margin-bottom:0}.tdb_single_content .id_ad_content-horiz-center{text-align:center}.tdb_single_content .id_ad_content-horiz-center img{margin-right:auto;margin-left:auto}.tdb_single_content .id_ad_content-horiz-left{float:left;margin-top:9px;margin-right:21px}.tdb_single_content .id_ad_content-horiz-right{float:right;margin-top:6px;margin-left:21px}.tdb_single_content .tdc-a-ad .tdc-placeholder-title{width:300px;height:250px}.tdb_single_content .tdc-a-ad .tdc-placeholder-title:before{position:absolute;top:50%;-webkit-transform:translateY(-50%);transform:translateY(-50%);margin:auto;display:table;width:100%}.tdb_single_content .tdb-block-inner.td-fix-index{word-break:break-word}.tdi_41,.tdi_41>p,.tdi_41 .tdb-block-inner>p,.wp-block-column>p{font-size:16px!important;line-height:1.6!important}.tdi_41 .tdb-block-inner blockquote p{font-style:normal!important}@media (max-width:767px){.tdb_single_content .id_ad_content-horiz-left,.tdb_single_content .id_ad_content-horiz-right,.tdb_single_content .id_ad_content-horiz-center{margin:0 auto 26 pikseli auto}}@media (max-width:767px){.tdb_single_content .id_ad_content-horiz-left{margin-right:0}}@media (max-width:767px){.tdb_single_content .id_ad_content-horiz-right{margin-left:0}}@media (max-width:767px){.tdb_single_content .td-a-ad{float:none;text-align:center}.tdb_single_content .td-a-ad img{margin-right:auto;margin-left:auto}.tdb_single_content .tdc-a-ad{float:none}}<\/style>\n<div class=\"tdb-block-inner td-fix-index\">\n<p>Wobec 19-latka podejrzanego o gro\u017aby karalne pod adresem Prezydenta Karola Nawrockiego zosta\u0142y ju\u017c podj\u0119te czynno\u015bci procesowe. <strong>\u201ePodejrzany przyzna\u0142 si\u0119 do winy\u201d<\/strong> \u2013 powiedzia\u0142 prokurator Piotr Antoni Skiba, rzecznik warszawskiej prokuratury. Doda\u0142, \u017ce na p\u00f3\u017aniejszym etapie konieczne b\u0119dzie przes\u0142uchanie prezydenta Karola Nawrockiego.<\/p>\n<p>W sobotni wiecz\u00f3r Komenda Sto\u0142eczna Policji poinformowa\u0142a, \u017ce \u200b\u200bzatrzymano m\u0119\u017cczyzn\u0119 powi\u0105zanego z gro\u017abami karalnymi pod adresem Prezydenta RP. Sprawa dotyczy zdj\u0119cia z pistoletem i podpisu <strong>\u201edo zobaczenia, Karolku\u201d<\/strong>zamieszczone pod zdj\u0119ciem Prezydenta wykonanym podczas pi\u0105tkowego meczu Polska \u2013 Holandia.<\/p>\n<p>Zdaniem rzecznika prasowego <em>Prokuratura Okr\u0119gowa w Warszawie (PO)<\/em>w niedziel\u0119 czynno\u015bci procesowe z udzia\u0142em 19-latka odby\u0142y si\u0119 przy ul <em>Prokuratura Okr\u0119gowa Warszawa-\u015ar\u00f3dmie\u015bcie-P\u00f3\u0142noc<\/em>. Prokurator Skiba stwierdzi\u0142, \u017ce podejrzany, oskar\u017cony o stwarzanie gr\u00f3\u017ab karalnych, czyli o czyn z art. 190 par. 1 k.k., przyzna\u0142 si\u0119 do zarzucanego mu czynu, z\u0142o\u017cy\u0142 <strong>\u201ebardzo obszerny\u201d<\/strong> wyja\u015bnie\u0144 i wyrazi\u0142 skruch\u0119.<\/p>\n<p>Prokurator na\u0142o\u017cy\u0142 doz\u00f3r policji po\u0142\u0105czony z zakazem zbli\u017cania si\u0119 do Prezydenta i budynk\u00f3w nale\u017c\u0105cych do RP <em>Kancelaria Prezydenta RP (KPRP)<\/em>w tym Pa\u0142ac Prezydencki i Belweder.<\/p>\n<p>Oficjalne zawiadomienie do prokuratury z\u0142o\u017cy\u0142 tak\u017ce m.in <em>S\u0142u\u017cba Ochrony Pa\u0144stwa (SOP)<\/em>.<\/p>\n<p>Prokurator Skiba doda\u0142, \u017ce na dalszym etapie post\u0119powania konieczne b\u0119dzie tak\u017ce przes\u0142uchanie Prezydenta Karola Nawrockiego, w charakterze pokrzywdzonego, i uzyskanie od niego formalnego wniosku o wszcz\u0119cie post\u0119powania karnego. Podejrzany to 19-letni m\u0119\u017cczyzna, obywatel Polski, ucze\u0144 szko\u0142y zawodowej.<\/p>\n<\/div>\n<\/div>\n","protected":false},"excerpt":{"rendered":"<p>Wobec 19-latka podejrzanego o gro\u017aby karalne pod adresem Prezydenta Karola Nawrockiego zosta\u0142y ju\u017c podj\u0119te czynno\u015bci procesowe. \u201ePodejrzany przyzna\u0142 si\u0119 do<\/p>\n","protected":false},"author":1,"featured_media":10670,"comment_status":"open","ping_status":"open","sticky":false,"template":"","format":"standard","meta":{"footnotes":""},"categories":[4748],"tags":[3045,11312,1010,12128,11652,8809,12129,3530],"class_list":["post-10669","post","type-post","status-publish","format-standard","has-post-thumbnail","hentry","category-aktualne","tag-bronia","tag-grozil","tag-ktory","tag-nastolatek","tag-nawrockiemu","tag-prezydentowi","tag-uslyszy","tag-zarzuty","generate-columns","tablet-grid-50","mobile-grid-100","grid-parent","grid-50","resize-featured-image"],"yoast_head":"<!-- This site is optimized with the Yoast SEO plugin v23.2 - https:\/\/yoast.com\/wordpress\/plugins\/seo\/ -->\n<title>Nastolatek, kt\u00f3ry grozi\u0142 prezydentowi Nawrockiemu broni\u0105, us\u0142yszy zarzuty - POGOTOWIE FLAGOWE\u00ae<\/title>\n<meta name=\"robots\" content=\"index, follow, max-snippet:-1, max-image-preview:large, max-video-preview:-1\" \/>\n<link rel=\"canonical\" href=\"https:\/\/www.pogotowieflagowe.pl\/aktualne\/nastolatek-ktory-grozil-prezydentowi-nawrockiemu-bronia-uslyszy-zarzuty\/\" \/>\n<meta property=\"og:locale\" content=\"pl_PL\" \/>\n<meta property=\"og:type\" content=\"article\" \/>\n<meta property=\"og:title\" content=\"Nastolatek, kt\u00f3ry grozi\u0142 prezydentowi Nawrockiemu broni\u0105, us\u0142yszy zarzuty - POGOTOWIE FLAGOWE\u00ae\" \/>\n<meta property=\"og:description\" content=\"Wobec 19-latka podejrzanego o gro\u017aby karalne pod adresem Prezydenta Karola Nawrockiego zosta\u0142y ju\u017c podj\u0119te czynno\u015bci procesowe. \u201ePodejrzany przyzna\u0142 si\u0119 do\" \/>\n<meta property=\"og:url\" content=\"https:\/\/www.pogotowieflagowe.pl\/aktualne\/nastolatek-ktory-grozil-prezydentowi-nawrockiemu-bronia-uslyszy-zarzuty\/\" \/>\n<meta property=\"og:site_name\" content=\"POGOTOWIE FLAGOWE\u00ae\" \/>\n<meta property=\"article:published_time\" content=\"2025-11-16T23:58:59+00:00\" \/>\n<meta property=\"article:modified_time\" content=\"2025-11-16T23:59:00+00:00\" \/>\n<meta property=\"og:image\" content=\"https:\/\/www.pogotowieflagowe.pl\/aktualne\/wp-content\/uploads\/2025\/11\/Nastolatek-ktory-grozil-prezydentowi-Nawrockiemu-bronia-uslyszy-zarzuty.webp.webp\" \/>\n\t<meta property=\"og:image:width\" content=\"1280\" \/>\n\t<meta property=\"og:image:height\" content=\"720\" \/>\n\t<meta property=\"og:image:type\" content=\"image\/webp\" \/>\n<meta name=\"author\" content=\"Filip\" \/>\n<meta name=\"twitter:card\" content=\"summary_large_image\" \/>\n<meta name=\"twitter:label1\" content=\"Napisane przez\" \/>\n\t<meta name=\"twitter:data1\" content=\"Filip\" \/>\n\t<meta name=\"twitter:label2\" content=\"Szacowany czas czytania\" \/>\n\t<meta name=\"twitter:data2\" content=\"1 minuta\" \/>\n<script type=\"application\/ld+json\" class=\"yoast-schema-graph\">{\"@context\":\"https:\/\/schema.org\",\"@graph\":[{\"@type\":\"Article\",\"@id\":\"https:\/\/www.pogotowieflagowe.pl\/aktualne\/nastolatek-ktory-grozil-prezydentowi-nawrockiemu-bronia-uslyszy-zarzuty\/#article\",\"isPartOf\":{\"@id\":\"https:\/\/www.pogotowieflagowe.pl\/aktualne\/nastolatek-ktory-grozil-prezydentowi-nawrockiemu-bronia-uslyszy-zarzuty\/\"},\"author\":{\"name\":\"Filip\",\"@id\":\"https:\/\/www.pogotowieflagowe.pl\/aktualne\/#\/schema\/person\/9c2fb7d2362ebf6fa088960d7f0d27b0\"},\"headline\":\"Nastolatek, kt\u00f3ry grozi\u0142 prezydentowi Nawrockiemu broni\u0105, us\u0142yszy zarzuty\",\"datePublished\":\"2025-11-16T23:58:59+00:00\",\"dateModified\":\"2025-11-16T23:59:00+00:00\",\"mainEntityOfPage\":{\"@id\":\"https:\/\/www.pogotowieflagowe.pl\/aktualne\/nastolatek-ktory-grozil-prezydentowi-nawrockiemu-bronia-uslyszy-zarzuty\/\"},\"wordCount\":268,\"commentCount\":0,\"publisher\":{\"@id\":\"https:\/\/www.pogotowieflagowe.pl\/aktualne\/#organization\"},\"image\":{\"@id\":\"https:\/\/www.pogotowieflagowe.pl\/aktualne\/nastolatek-ktory-grozil-prezydentowi-nawrockiemu-bronia-uslyszy-zarzuty\/#primaryimage\"},\"thumbnailUrl\":\"https:\/\/www.pogotowieflagowe.pl\/aktualne\/wp-content\/uploads\/2025\/11\/Nastolatek-ktory-grozil-prezydentowi-Nawrockiemu-bronia-uslyszy-zarzuty.webp.webp\",\"keywords\":[\"broni\u0105\",\"grozi\u0142\",\"kt\u00f3ry\",\"Nastolatek\",\"Nawrockiemu\",\"prezydentowi\",\"us\u0142yszy\",\"zarzuty\"],\"articleSection\":[\"Aktualne\"],\"inLanguage\":\"pl-PL\",\"potentialAction\":[{\"@type\":\"CommentAction\",\"name\":\"Comment\",\"target\":[\"https:\/\/www.pogotowieflagowe.pl\/aktualne\/nastolatek-ktory-grozil-prezydentowi-nawrockiemu-bronia-uslyszy-zarzuty\/#respond\"]}]},{\"@type\":\"WebPage\",\"@id\":\"https:\/\/www.pogotowieflagowe.pl\/aktualne\/nastolatek-ktory-grozil-prezydentowi-nawrockiemu-bronia-uslyszy-zarzuty\/\",\"url\":\"https:\/\/www.pogotowieflagowe.pl\/aktualne\/nastolatek-ktory-grozil-prezydentowi-nawrockiemu-bronia-uslyszy-zarzuty\/\",\"name\":\"Nastolatek, kt\u00f3ry grozi\u0142 prezydentowi Nawrockiemu broni\u0105, us\u0142yszy zarzuty - POGOTOWIE FLAGOWE\u00ae\",\"isPartOf\":{\"@id\":\"https:\/\/www.pogotowieflagowe.pl\/aktualne\/#website\"},\"primaryImageOfPage\":{\"@id\":\"https:\/\/www.pogotowieflagowe.pl\/aktualne\/nastolatek-ktory-grozil-prezydentowi-nawrockiemu-bronia-uslyszy-zarzuty\/#primaryimage\"},\"image\":{\"@id\":\"https:\/\/www.pogotowieflagowe.pl\/aktualne\/nastolatek-ktory-grozil-prezydentowi-nawrockiemu-bronia-uslyszy-zarzuty\/#primaryimage\"},\"thumbnailUrl\":\"https:\/\/www.pogotowieflagowe.pl\/aktualne\/wp-content\/uploads\/2025\/11\/Nastolatek-ktory-grozil-prezydentowi-Nawrockiemu-bronia-uslyszy-zarzuty.webp.webp\",\"datePublished\":\"2025-11-16T23:58:59+00:00\",\"dateModified\":\"2025-11-16T23:59:00+00:00\",\"breadcrumb\":{\"@id\":\"https:\/\/www.pogotowieflagowe.pl\/aktualne\/nastolatek-ktory-grozil-prezydentowi-nawrockiemu-bronia-uslyszy-zarzuty\/#breadcrumb\"},\"inLanguage\":\"pl-PL\",\"potentialAction\":[{\"@type\":\"ReadAction\",\"target\":[\"https:\/\/www.pogotowieflagowe.pl\/aktualne\/nastolatek-ktory-grozil-prezydentowi-nawrockiemu-bronia-uslyszy-zarzuty\/\"]}]},{\"@type\":\"ImageObject\",\"inLanguage\":\"pl-PL\",\"@id\":\"https:\/\/www.pogotowieflagowe.pl\/aktualne\/nastolatek-ktory-grozil-prezydentowi-nawrockiemu-bronia-uslyszy-zarzuty\/#primaryimage\",\"url\":\"https:\/\/www.pogotowieflagowe.pl\/aktualne\/wp-content\/uploads\/2025\/11\/Nastolatek-ktory-grozil-prezydentowi-Nawrockiemu-bronia-uslyszy-zarzuty.webp.webp\",\"contentUrl\":\"https:\/\/www.pogotowieflagowe.pl\/aktualne\/wp-content\/uploads\/2025\/11\/Nastolatek-ktory-grozil-prezydentowi-Nawrockiemu-bronia-uslyszy-zarzuty.webp.webp\",\"width\":1280,\"height\":720,\"caption\":\"Nastolatek, kt\u00f3ry grozi\u0142 prezydentowi Nawrockiemu broni\u0105, us\u0142yszy zarzuty\"},{\"@type\":\"BreadcrumbList\",\"@id\":\"https:\/\/www.pogotowieflagowe.pl\/aktualne\/nastolatek-ktory-grozil-prezydentowi-nawrockiemu-bronia-uslyszy-zarzuty\/#breadcrumb\",\"itemListElement\":[{\"@type\":\"ListItem\",\"position\":1,\"name\":\"Home\",\"item\":\"https:\/\/www.pogotowieflagowe.pl\/aktualne\/\"},{\"@type\":\"ListItem\",\"position\":2,\"name\":\"Nastolatek, kt\u00f3ry grozi\u0142 prezydentowi Nawrockiemu broni\u0105, us\u0142yszy zarzuty\"}]},{\"@type\":\"WebSite\",\"@id\":\"https:\/\/www.pogotowieflagowe.pl\/aktualne\/#website\",\"url\":\"https:\/\/www.pogotowieflagowe.pl\/aktualne\/\",\"name\":\"POGOTOWIE FLAGOWE\u00ae\",\"description\":\"\",\"publisher\":{\"@id\":\"https:\/\/www.pogotowieflagowe.pl\/aktualne\/#organization\"},\"potentialAction\":[{\"@type\":\"SearchAction\",\"target\":{\"@type\":\"EntryPoint\",\"urlTemplate\":\"https:\/\/www.pogotowieflagowe.pl\/aktualne\/?s={search_term_string}\"},\"query-input\":\"required name=search_term_string\"}],\"inLanguage\":\"pl-PL\"},{\"@type\":\"Organization\",\"@id\":\"https:\/\/www.pogotowieflagowe.pl\/aktualne\/#organization\",\"name\":\"POGOTOWIE FLAGOWE\u00ae\",\"url\":\"https:\/\/www.pogotowieflagowe.pl\/aktualne\/\",\"logo\":{\"@type\":\"ImageObject\",\"inLanguage\":\"pl-PL\",\"@id\":\"https:\/\/www.pogotowieflagowe.pl\/aktualne\/#\/schema\/logo\/image\/\",\"url\":\"https:\/\/www.pogotowieflagowe.pl\/aktualne\/wp-content\/uploads\/2024\/08\/cropped-pogotowieflagowe_flaga_projekt_sm.jpg\",\"contentUrl\":\"https:\/\/www.pogotowieflagowe.pl\/aktualne\/wp-content\/uploads\/2024\/08\/cropped-pogotowieflagowe_flaga_projekt_sm.jpg\",\"width\":250,\"height\":143,\"caption\":\"POGOTOWIE FLAGOWE\u00ae\"},\"image\":{\"@id\":\"https:\/\/www.pogotowieflagowe.pl\/aktualne\/#\/schema\/logo\/image\/\"}},{\"@type\":\"Person\",\"@id\":\"https:\/\/www.pogotowieflagowe.pl\/aktualne\/#\/schema\/person\/9c2fb7d2362ebf6fa088960d7f0d27b0\",\"name\":\"Filip\",\"image\":{\"@type\":\"ImageObject\",\"inLanguage\":\"pl-PL\",\"@id\":\"https:\/\/www.pogotowieflagowe.pl\/aktualne\/#\/schema\/person\/image\/\",\"url\":\"https:\/\/www.pogotowieflagowe.pl\/aktualne\/wp-content\/uploads\/2024\/08\/pogotowieflagowe.pl_.jpg\",\"contentUrl\":\"https:\/\/www.pogotowieflagowe.pl\/aktualne\/wp-content\/uploads\/2024\/08\/pogotowieflagowe.pl_.jpg\",\"caption\":\"Filip\"},\"description\":\"Jestem Filip, polski dziennikarz z dyplomem nauk politycznych Uniwersytetu Warszawskiego. Rozpoczynaj\u0105c swoj\u0105 karier\u0119 w r\u00f3\u017cnych lokalnych mediach, zdoby\u0142em solidne do\u015bwiadczenie w zakresie \u015bledztwa i redakcji. Obecnie jako redaktor w Pogotowie flagowe, staram si\u0119 dostarcza\u0107 dog\u0142\u0119bne i istotne analizy na temat najwa\u017cniejszych kwestii aktualno\u015bci, \u0142\u0105cz\u0105c rygor z pasj\u0105 dziennikarsk\u0105.\",\"sameAs\":[\"https:\/\/www.pogotowieflagowe.pl\/\"]}]}<\/script>\n<!-- \/ Yoast SEO plugin. -->","yoast_head_json":{"title":"Nastolatek, kt\u00f3ry grozi\u0142 prezydentowi Nawrockiemu broni\u0105, us\u0142yszy zarzuty - POGOTOWIE FLAGOWE\u00ae","robots":{"index":"index","follow":"follow","max-snippet":"max-snippet:-1","max-image-preview":"max-image-preview:large","max-video-preview":"max-video-preview:-1"},"canonical":"https:\/\/www.pogotowieflagowe.pl\/aktualne\/nastolatek-ktory-grozil-prezydentowi-nawrockiemu-bronia-uslyszy-zarzuty\/","og_locale":"pl_PL","og_type":"article","og_title":"Nastolatek, kt\u00f3ry grozi\u0142 prezydentowi Nawrockiemu broni\u0105, us\u0142yszy zarzuty - POGOTOWIE FLAGOWE\u00ae","og_description":"Wobec 19-latka podejrzanego o gro\u017aby karalne pod adresem Prezydenta Karola Nawrockiego zosta\u0142y ju\u017c podj\u0119te czynno\u015bci procesowe. \u201ePodejrzany przyzna\u0142 si\u0119 do","og_url":"https:\/\/www.pogotowieflagowe.pl\/aktualne\/nastolatek-ktory-grozil-prezydentowi-nawrockiemu-bronia-uslyszy-zarzuty\/","og_site_name":"POGOTOWIE FLAGOWE\u00ae","article_published_time":"2025-11-16T23:58:59+00:00","article_modified_time":"2025-11-16T23:59:00+00:00","og_image":[{"width":1280,"height":720,"url":"https:\/\/www.pogotowieflagowe.pl\/aktualne\/wp-content\/uploads\/2025\/11\/Nastolatek-ktory-grozil-prezydentowi-Nawrockiemu-bronia-uslyszy-zarzuty.webp.webp","type":"image\/webp"}],"author":"Filip","twitter_card":"summary_large_image","twitter_misc":{"Napisane przez":"Filip","Szacowany czas czytania":"1 minuta"},"schema":{"@context":"https:\/\/schema.org","@graph":[{"@type":"Article","@id":"https:\/\/www.pogotowieflagowe.pl\/aktualne\/nastolatek-ktory-grozil-prezydentowi-nawrockiemu-bronia-uslyszy-zarzuty\/#article","isPartOf":{"@id":"https:\/\/www.pogotowieflagowe.pl\/aktualne\/nastolatek-ktory-grozil-prezydentowi-nawrockiemu-bronia-uslyszy-zarzuty\/"},"author":{"name":"Filip","@id":"https:\/\/www.pogotowieflagowe.pl\/aktualne\/#\/schema\/person\/9c2fb7d2362ebf6fa088960d7f0d27b0"},"headline":"Nastolatek, kt\u00f3ry grozi\u0142 prezydentowi Nawrockiemu broni\u0105, us\u0142yszy zarzuty","datePublished":"2025-11-16T23:58:59+00:00","dateModified":"2025-11-16T23:59:00+00:00","mainEntityOfPage":{"@id":"https:\/\/www.pogotowieflagowe.pl\/aktualne\/nastolatek-ktory-grozil-prezydentowi-nawrockiemu-bronia-uslyszy-zarzuty\/"},"wordCount":268,"commentCount":0,"publisher":{"@id":"https:\/\/www.pogotowieflagowe.pl\/aktualne\/#organization"},"image":{"@id":"https:\/\/www.pogotowieflagowe.pl\/aktualne\/nastolatek-ktory-grozil-prezydentowi-nawrockiemu-bronia-uslyszy-zarzuty\/#primaryimage"},"thumbnailUrl":"https:\/\/www.pogotowieflagowe.pl\/aktualne\/wp-content\/uploads\/2025\/11\/Nastolatek-ktory-grozil-prezydentowi-Nawrockiemu-bronia-uslyszy-zarzuty.webp.webp","keywords":["broni\u0105","grozi\u0142","kt\u00f3ry","Nastolatek","Nawrockiemu","prezydentowi","us\u0142yszy","zarzuty"],"articleSection":["Aktualne"],"inLanguage":"pl-PL","potentialAction":[{"@type":"CommentAction","name":"Comment","target":["https:\/\/www.pogotowieflagowe.pl\/aktualne\/nastolatek-ktory-grozil-prezydentowi-nawrockiemu-bronia-uslyszy-zarzuty\/#respond"]}]},{"@type":"WebPage","@id":"https:\/\/www.pogotowieflagowe.pl\/aktualne\/nastolatek-ktory-grozil-prezydentowi-nawrockiemu-bronia-uslyszy-zarzuty\/","url":"https:\/\/www.pogotowieflagowe.pl\/aktualne\/nastolatek-ktory-grozil-prezydentowi-nawrockiemu-bronia-uslyszy-zarzuty\/","name":"Nastolatek, kt\u00f3ry grozi\u0142 prezydentowi Nawrockiemu broni\u0105, us\u0142yszy zarzuty - POGOTOWIE FLAGOWE\u00ae","isPartOf":{"@id":"https:\/\/www.pogotowieflagowe.pl\/aktualne\/#website"},"primaryImageOfPage":{"@id":"https:\/\/www.pogotowieflagowe.pl\/aktualne\/nastolatek-ktory-grozil-prezydentowi-nawrockiemu-bronia-uslyszy-zarzuty\/#primaryimage"},"image":{"@id":"https:\/\/www.pogotowieflagowe.pl\/aktualne\/nastolatek-ktory-grozil-prezydentowi-nawrockiemu-bronia-uslyszy-zarzuty\/#primaryimage"},"thumbnailUrl":"https:\/\/www.pogotowieflagowe.pl\/aktualne\/wp-content\/uploads\/2025\/11\/Nastolatek-ktory-grozil-prezydentowi-Nawrockiemu-bronia-uslyszy-zarzuty.webp.webp","datePublished":"2025-11-16T23:58:59+00:00","dateModified":"2025-11-16T23:59:00+00:00","breadcrumb":{"@id":"https:\/\/www.pogotowieflagowe.pl\/aktualne\/nastolatek-ktory-grozil-prezydentowi-nawrockiemu-bronia-uslyszy-zarzuty\/#breadcrumb"},"inLanguage":"pl-PL","potentialAction":[{"@type":"ReadAction","target":["https:\/\/www.pogotowieflagowe.pl\/aktualne\/nastolatek-ktory-grozil-prezydentowi-nawrockiemu-bronia-uslyszy-zarzuty\/"]}]},{"@type":"ImageObject","inLanguage":"pl-PL","@id":"https:\/\/www.pogotowieflagowe.pl\/aktualne\/nastolatek-ktory-grozil-prezydentowi-nawrockiemu-bronia-uslyszy-zarzuty\/#primaryimage","url":"https:\/\/www.pogotowieflagowe.pl\/aktualne\/wp-content\/uploads\/2025\/11\/Nastolatek-ktory-grozil-prezydentowi-Nawrockiemu-bronia-uslyszy-zarzuty.webp.webp","contentUrl":"https:\/\/www.pogotowieflagowe.pl\/aktualne\/wp-content\/uploads\/2025\/11\/Nastolatek-ktory-grozil-prezydentowi-Nawrockiemu-bronia-uslyszy-zarzuty.webp.webp","width":1280,"height":720,"caption":"Nastolatek, kt\u00f3ry grozi\u0142 prezydentowi Nawrockiemu broni\u0105, us\u0142yszy zarzuty"},{"@type":"BreadcrumbList","@id":"https:\/\/www.pogotowieflagowe.pl\/aktualne\/nastolatek-ktory-grozil-prezydentowi-nawrockiemu-bronia-uslyszy-zarzuty\/#breadcrumb","itemListElement":[{"@type":"ListItem","position":1,"name":"Home","item":"https:\/\/www.pogotowieflagowe.pl\/aktualne\/"},{"@type":"ListItem","position":2,"name":"Nastolatek, kt\u00f3ry grozi\u0142 prezydentowi Nawrockiemu broni\u0105, us\u0142yszy zarzuty"}]},{"@type":"WebSite","@id":"https:\/\/www.pogotowieflagowe.pl\/aktualne\/#website","url":"https:\/\/www.pogotowieflagowe.pl\/aktualne\/","name":"POGOTOWIE FLAGOWE\u00ae","description":"","publisher":{"@id":"https:\/\/www.pogotowieflagowe.pl\/aktualne\/#organization"},"potentialAction":[{"@type":"SearchAction","target":{"@type":"EntryPoint","urlTemplate":"https:\/\/www.pogotowieflagowe.pl\/aktualne\/?s={search_term_string}"},"query-input":"required name=search_term_string"}],"inLanguage":"pl-PL"},{"@type":"Organization","@id":"https:\/\/www.pogotowieflagowe.pl\/aktualne\/#organization","name":"POGOTOWIE FLAGOWE\u00ae","url":"https:\/\/www.pogotowieflagowe.pl\/aktualne\/","logo":{"@type":"ImageObject","inLanguage":"pl-PL","@id":"https:\/\/www.pogotowieflagowe.pl\/aktualne\/#\/schema\/logo\/image\/","url":"https:\/\/www.pogotowieflagowe.pl\/aktualne\/wp-content\/uploads\/2024\/08\/cropped-pogotowieflagowe_flaga_projekt_sm.jpg","contentUrl":"https:\/\/www.pogotowieflagowe.pl\/aktualne\/wp-content\/uploads\/2024\/08\/cropped-pogotowieflagowe_flaga_projekt_sm.jpg","width":250,"height":143,"caption":"POGOTOWIE FLAGOWE\u00ae"},"image":{"@id":"https:\/\/www.pogotowieflagowe.pl\/aktualne\/#\/schema\/logo\/image\/"}},{"@type":"Person","@id":"https:\/\/www.pogotowieflagowe.pl\/aktualne\/#\/schema\/person\/9c2fb7d2362ebf6fa088960d7f0d27b0","name":"Filip","image":{"@type":"ImageObject","inLanguage":"pl-PL","@id":"https:\/\/www.pogotowieflagowe.pl\/aktualne\/#\/schema\/person\/image\/","url":"https:\/\/www.pogotowieflagowe.pl\/aktualne\/wp-content\/uploads\/2024\/08\/pogotowieflagowe.pl_.jpg","contentUrl":"https:\/\/www.pogotowieflagowe.pl\/aktualne\/wp-content\/uploads\/2024\/08\/pogotowieflagowe.pl_.jpg","caption":"Filip"},"description":"Jestem Filip, polski dziennikarz z dyplomem nauk politycznych Uniwersytetu Warszawskiego. Rozpoczynaj\u0105c swoj\u0105 karier\u0119 w r\u00f3\u017cnych lokalnych mediach, zdoby\u0142em solidne do\u015bwiadczenie w zakresie \u015bledztwa i redakcji. Obecnie jako redaktor w Pogotowie flagowe, staram si\u0119 dostarcza\u0107 dog\u0142\u0119bne i istotne analizy na temat najwa\u017cniejszych kwestii aktualno\u015bci, \u0142\u0105cz\u0105c rygor z pasj\u0105 dziennikarsk\u0105.","sameAs":["https:\/\/www.pogotowieflagowe.pl\/"]}]}},"_links":{"self":[{"href":"https:\/\/www.pogotowieflagowe.pl\/aktualne\/wp-json\/wp\/v2\/posts\/10669","targetHints":{"allow":["GET"]}}],"collection":[{"href":"https:\/\/www.pogotowieflagowe.pl\/aktualne\/wp-json\/wp\/v2\/posts"}],"about":[{"href":"https:\/\/www.pogotowieflagowe.pl\/aktualne\/wp-json\/wp\/v2\/types\/post"}],"author":[{"embeddable":true,"href":"https:\/\/www.pogotowieflagowe.pl\/aktualne\/wp-json\/wp\/v2\/users\/1"}],"replies":[{"embeddable":true,"href":"https:\/\/www.pogotowieflagowe.pl\/aktualne\/wp-json\/wp\/v2\/comments?post=10669"}],"version-history":[{"count":1,"href":"https:\/\/www.pogotowieflagowe.pl\/aktualne\/wp-json\/wp\/v2\/posts\/10669\/revisions"}],"predecessor-version":[{"id":10671,"href":"https:\/\/www.pogotowieflagowe.pl\/aktualne\/wp-json\/wp\/v2\/posts\/10669\/revisions\/10671"}],"wp:featuredmedia":[{"embeddable":true,"href":"https:\/\/www.pogotowieflagowe.pl\/aktualne\/wp-json\/wp\/v2\/media\/10670"}],"wp:attachment":[{"href":"https:\/\/www.pogotowieflagowe.pl\/aktualne\/wp-json\/wp\/v2\/media?parent=10669"}],"wp:term":[{"taxonomy":"category","embeddable":true,"href":"https:\/\/www.pogotowieflagowe.pl\/aktualne\/wp-json\/wp\/v2\/categories?post=10669"},{"taxonomy":"post_tag","embeddable":true,"href":"https:\/\/www.pogotowieflagowe.pl\/aktualne\/wp-json\/wp\/v2\/tags?post=10669"}],"curies":[{"name":"wp","href":"https:\/\/api.w.org\/{rel}","templated":true}]}}