{"id":10672,"date":"2025-11-17T01:00:32","date_gmt":"2025-11-17T00:00:32","guid":{"rendered":"https:\/\/www.pogotowieflagowe.pl\/aktualne\/muzeum-auschwitz-apeluje-o-pamiatki-poobozowe-tutaj-ich-miejsce\/"},"modified":"2025-11-17T01:00:33","modified_gmt":"2025-11-17T00:00:33","slug":"muzeum-auschwitz-apeluje-o-pamiatki-poobozowe-tutaj-ich-miejsce","status":"publish","type":"post","link":"https:\/\/www.pogotowieflagowe.pl\/aktualne\/muzeum-auschwitz-apeluje-o-pamiatki-poobozowe-tutaj-ich-miejsce\/","title":{"rendered":"Muzeum Auschwitz apeluje o pami\u0105tki poobozowe: \u201eTutaj ich miejsce\u201d"},"content":{"rendered":"\n<div class=\"td_block_wrap tdb_single_content tdi_41 td-pb-border-top td_block_template_8 td-post-content tagdiv-type\" data-td-block-uid=\"tdi_41\">\n<style>.tdi_41{margines-top:0px!important;margin-bottom:0px!important;dope\u0142nienie-g\u00f3ra:0px!important;dope\u0142nienie-d\u00f3\u0142:0px!important}<\/style>\n<style>.tdb_single_content{margin-bottom:0;*zoom:1}.tdb_single_content:before,.tdb_single_content:after{display:table;content:'';line-height:0}.tdb_single_content:after{clear:both}.tdb_single_content .tdb-block-inner>*:not(.wp-block-quote):not(.alignwide):not(.alignfull.wp-block-cover.has-parallax):not(.td-a-ad){margin-left:auto;margin-right:auto}.tdb_single_content a{pointer-events:auto}.tdb_single_content .td-spot-id-top_ad .tdc-placeholder-title:before{content:'Najlepsza reklama artyku\u0142u'!important}.tdb_single_content .td-spot-id-inline_ad0 .tdc-placeholder-title:before{content:'Reklama wbudowana artyku\u0142u 1'!important}.tdb_single_content .td-spot-id-inline_ad1 .tdc-placeholder-title:before{content:'Wbudowana reklama w artykule 2'!important}.tdb_single_content .td-spot-id-inline_ad2 .tdc-placeholder-title:before{content:'Wbudowana reklama w artykule 3'!important}.tdb_single_content .td-spot-id-bottom_ad .tdc-placeholder-title:before{content:'Article Bottom Ad'!important}.tdb_single_content .id_top_ad,.tdb_single_content .id_bottom_ad{clear:both;margin-bottom:21px;text-align:center}.tdb_single_content .id_top_ad img,.tdb_single_content .id_bottom_ad img{margin-bottom:0}.tdb_single_content .id_top_ad .adsbygoogle,.tdb_single_content .id_bottom_ad .adsbygoogle{position:relative}.tdb_single_content .id_ad_content-horiz-left,.tdb_single_content .id_ad_content-horiz-right,.tdb_single_content .id_ad_content-horiz-center{margin-bottom:15px}.tdb_single_content .id_ad_content-horiz-left img,.tdb_single_content .id_ad_content-horiz-right img,.tdb_single_content .id_ad_content-horiz-center img{margin-bottom:0}.tdb_single_content .id_ad_content-horiz-center{text-align:center}.tdb_single_content .id_ad_content-horiz-center img{margin-right:auto;margin-left:auto}.tdb_single_content .id_ad_content-horiz-left{float:left;margin-top:9px;margin-right:21px}.tdb_single_content .id_ad_content-horiz-right{float:right;margin-top:6px;margin-left:21px}.tdb_single_content .tdc-a-ad .tdc-placeholder-title{width:300px;height:250px}.tdb_single_content .tdc-a-ad .tdc-placeholder-title:before{position:absolute;top:50%;-webkit-transform:translateY(-50%);transform:translateY(-50%);margin:auto;display:table;width:100%}.tdb_single_content .tdb-block-inner.td-fix-index{word-break:break-word}.tdi_41,.tdi_41>p,.tdi_41 .tdb-block-inner>p,.wp-block-column>p{font-size:16px!important;line-height:1.6!important}.tdi_41 .tdb-block-inner blockquote p{font-style:normal!important}@media (max-width:767px){.tdb_single_content .id_ad_content-horiz-left,.tdb_single_content .id_ad_content-horiz-right,.tdb_single_content .id_ad_content-horiz-center{margin:0 auto 26 pikseli auto}}@media (max-width:767px){.tdb_single_content .id_ad_content-horiz-left{margin-right:0}}@media (max-width:767px){.tdb_single_content .id_ad_content-horiz-right{margin-left:0}}@media (max-width:767px){.tdb_single_content .td-a-ad{float:none;text-align:center}.tdb_single_content .td-a-ad img{margin-right:auto;margin-left:auto}.tdb_single_content .tdc-a-ad{float:none}}<\/style>\n<div class=\"tdb-block-inner td-fix-index\">\n<p><strong>\u201eNieustannie apelujemy o przekazywanie wszelkich pami\u0105tek poobozowych na rzecz Muzeum Auschwitz\u201d \u2013 doda\u0142.<\/strong> \u2013 powiedzia\u0142 rzecznik muzeum Bartosz Bartyzel. Te s\u0142owa pad\u0142y w odpowiedzi na doniesienia o planowanej w Niemczech aukcji, na kt\u00f3rej ofiarowano przedmioty z okresu niemieckiego terroru podczas II wojny \u015bwiatowej. <em>\u201e<\/em><strong>B\u0119d\u0105 tutaj chronione, konserwowane, badane i eksponowane. To tu jest ich miejsce\u201d <\/strong>\u2013 podkre\u015bli\u0142.<\/p>\n<figure class=\"wp-block-pullquote\">\n<blockquote>\n<p><em>&#8222;Ka\u017cdy przedmiot i dokument ma dla nas ogromne znaczenie i powinien znale\u017a\u0107 swoje miejsce w zbiorach i archiwum muzeum. Tutaj b\u0119d\u0105 chronione, konserwowane, badane i eksponowane. Tu jest ich miejsce. Dlatego nieprzerwanie apelujemy, aby wszystkie pami\u0105tki poobozowe przekazywa\u0142y do \u200b\u200bmuzeum&#8221;<\/em> \u2013 oznajmi\u0142 Bartyzel.<\/p>\n<\/blockquote>\n<\/figure>\n<p>Rzecznik doda\u0142, \u017ce plac\u00f3wka w O\u015bwi\u0119cimiu stara si\u0119 monitorowa\u0107 takie sytuacje. W po\u015bcie opublikowanym w niedzielne popo\u0142udnie na platformie X muzeum przypomnia\u0142o, \u017ce <em>Pomnik O\u015bwi\u0119cimski<\/em> Jest <strong>\u201enie tylko rozleg\u0142y teren z autentycznymi budynkami i ruinami poobozowymi.\u201d<\/strong><\/p>\n<figure class=\"wp-block-pullquote\">\n<blockquote>\n<p><em>&#8222;To tak\u017ce przedmioty i dokumenty zwi\u0105zane z histori\u0105 niemieckiego nazistowskiego obozu i jego ofiar, przedmioty o szczeg\u00f3lnym charakterze, znaczeniu i symbolice. Pami\u0119\u0107 nie jest dana raz na zawsze. Poniewa\u017c odchodz\u0105 ostatni Ocaleni, musimy wsp\u00f3lnie stara\u0107 si\u0119 j\u0105 budowa\u0107 na tym, co pozosta\u0142o&#8221;<\/em> \u2013 stwierdzi\u0142a instytucja.<\/p>\n<\/blockquote>\n<\/figure>\n<p>The <em>Dom Aukcyjny Felzmanna<\/em> w Neuss mia\u0142a rozpocz\u0105\u0107 si\u0119 w poniedzia\u0142ek sprzeda\u017c prywatnej kolekcji zawieraj\u0105cej dokumenty i przedmioty zwi\u0105zane z ofiarami zbrodni niemieckich. The <em>Mi\u0119dzynarodowy Komitet O\u015bwi\u0119cimski<\/em> znalaz\u0142 si\u0119 w\u015br\u00f3d protestuj\u0105cych, podobnie jak w\u0142adze polskie. Rafa\u0142 Le\u015bkiewicz, rzecznik Prezydenta RP Karola Nawrockiego, poinformowa\u0142, \u017ce prezydent apeluje do polskiego rz\u0105du o \u017c\u0105danie zwrotu pami\u0105tek i, w razie potrzeby, ich zakup.<\/p>\n<p>Wed\u0142ug gazety <em>Frankfurter Allgemeine Zeitung<\/em>wykaz obiekt\u00f3w przeznaczonych do sprzeda\u017cy pod adresem <em>Dom Aukcyjny Felzmanna<\/em> zawiera 623 pozycje. W\u015br\u00f3d dokument\u00f3w znajduje si\u0119 list wi\u0119\u017ania Auschwitz <strong>\u201ez bardzo ma\u0142\u0105 liczb\u0105\u201d <\/strong>adresowany do kogo\u015b w Krakowie. Cen\u0119 wywo\u0142awcz\u0105 ustalono na 500 euro. Diagnoz\u0119 lekarsk\u0105 z obozu koncentracyjnego w Dachau dotycz\u0105c\u0105 przymusowej sterylizacji wi\u0119\u017ania wyceniono na 400 euro. Karta akt Gestapo z informacj\u0105 o rozstrzelaniu \u017cydowskiego wi\u0119\u017ania w getcie Mackheim w lipcu 1942 r. mia\u0142a mie\u0107 cen\u0119 wywo\u0142awcz\u0105 350 euro. W katalogu znajduje si\u0119 tak\u017ce anty\u017cydowski plakat propagandowy oraz \u017cydowska gwiazda z obozu w Buchenwaldzie.<\/p>\n<\/div>\n<\/div>\n","protected":false},"excerpt":{"rendered":"<p>\u201eNieustannie apelujemy o przekazywanie wszelkich pami\u0105tek poobozowych na rzecz Muzeum Auschwitz\u201d \u2013 doda\u0142. \u2013 powiedzia\u0142 rzecznik muzeum Bartosz Bartyzel. Te<\/p>\n","protected":false},"author":1,"featured_media":10673,"comment_status":"open","ping_status":"open","sticky":false,"template":"","format":"standard","meta":{"footnotes":""},"categories":[44],"tags":[1671,8405,137,1070,3642,12130,12131,12132],"class_list":["post-10672","post","type-post","status-publish","format-standard","has-post-thumbnail","hentry","category-polityka","tag-apeluje","tag-auschwitz","tag-ich","tag-miejsce","tag-muzeum","tag-pamiatki","tag-poobozowe","tag-tutaj","generate-columns","tablet-grid-50","mobile-grid-100","grid-parent","grid-50","resize-featured-image"],"yoast_head":"<!-- This site is optimized with the Yoast SEO plugin v23.2 - https:\/\/yoast.com\/wordpress\/plugins\/seo\/ -->\n<title>Muzeum Auschwitz apeluje o pami\u0105tki poobozowe: \u201eTutaj ich miejsce\u201d - POGOTOWIE FLAGOWE\u00ae<\/title>\n<meta name=\"robots\" content=\"index, follow, max-snippet:-1, max-image-preview:large, max-video-preview:-1\" \/>\n<link rel=\"canonical\" href=\"https:\/\/www.pogotowieflagowe.pl\/aktualne\/muzeum-auschwitz-apeluje-o-pamiatki-poobozowe-tutaj-ich-miejsce\/\" \/>\n<meta property=\"og:locale\" content=\"pl_PL\" \/>\n<meta property=\"og:type\" content=\"article\" \/>\n<meta property=\"og:title\" content=\"Muzeum Auschwitz apeluje o pami\u0105tki poobozowe: \u201eTutaj ich miejsce\u201d - POGOTOWIE FLAGOWE\u00ae\" \/>\n<meta property=\"og:description\" content=\"\u201eNieustannie apelujemy o przekazywanie wszelkich pami\u0105tek poobozowych na rzecz Muzeum Auschwitz\u201d \u2013 doda\u0142. \u2013 powiedzia\u0142 rzecznik muzeum Bartosz Bartyzel. Te\" \/>\n<meta property=\"og:url\" content=\"https:\/\/www.pogotowieflagowe.pl\/aktualne\/muzeum-auschwitz-apeluje-o-pamiatki-poobozowe-tutaj-ich-miejsce\/\" \/>\n<meta property=\"og:site_name\" content=\"POGOTOWIE FLAGOWE\u00ae\" \/>\n<meta property=\"article:published_time\" content=\"2025-11-17T00:00:32+00:00\" \/>\n<meta property=\"article:modified_time\" content=\"2025-11-17T00:00:33+00:00\" \/>\n<meta property=\"og:image\" content=\"https:\/\/www.pogotowieflagowe.pl\/aktualne\/wp-content\/uploads\/2025\/11\/Muzeum-Auschwitz-apeluje-o-pamiatki-poobozowe-\u201eTutaj-ich-miejsce.webp.webp\" \/>\n\t<meta property=\"og:image:width\" content=\"1280\" \/>\n\t<meta property=\"og:image:height\" content=\"720\" \/>\n\t<meta property=\"og:image:type\" content=\"image\/webp\" \/>\n<meta name=\"author\" content=\"Filip\" \/>\n<meta name=\"twitter:card\" content=\"summary_large_image\" \/>\n<meta name=\"twitter:label1\" content=\"Napisane przez\" \/>\n\t<meta name=\"twitter:data1\" content=\"Filip\" \/>\n\t<meta name=\"twitter:label2\" content=\"Szacowany czas czytania\" \/>\n\t<meta name=\"twitter:data2\" content=\"2 minuty\" \/>\n<script type=\"application\/ld+json\" class=\"yoast-schema-graph\">{\"@context\":\"https:\/\/schema.org\",\"@graph\":[{\"@type\":\"Article\",\"@id\":\"https:\/\/www.pogotowieflagowe.pl\/aktualne\/muzeum-auschwitz-apeluje-o-pamiatki-poobozowe-tutaj-ich-miejsce\/#article\",\"isPartOf\":{\"@id\":\"https:\/\/www.pogotowieflagowe.pl\/aktualne\/muzeum-auschwitz-apeluje-o-pamiatki-poobozowe-tutaj-ich-miejsce\/\"},\"author\":{\"name\":\"Filip\",\"@id\":\"https:\/\/www.pogotowieflagowe.pl\/aktualne\/#\/schema\/person\/9c2fb7d2362ebf6fa088960d7f0d27b0\"},\"headline\":\"Muzeum Auschwitz apeluje o pami\u0105tki poobozowe: \u201eTutaj ich miejsce\u201d\",\"datePublished\":\"2025-11-17T00:00:32+00:00\",\"dateModified\":\"2025-11-17T00:00:33+00:00\",\"mainEntityOfPage\":{\"@id\":\"https:\/\/www.pogotowieflagowe.pl\/aktualne\/muzeum-auschwitz-apeluje-o-pamiatki-poobozowe-tutaj-ich-miejsce\/\"},\"wordCount\":385,\"commentCount\":0,\"publisher\":{\"@id\":\"https:\/\/www.pogotowieflagowe.pl\/aktualne\/#organization\"},\"image\":{\"@id\":\"https:\/\/www.pogotowieflagowe.pl\/aktualne\/muzeum-auschwitz-apeluje-o-pamiatki-poobozowe-tutaj-ich-miejsce\/#primaryimage\"},\"thumbnailUrl\":\"https:\/\/www.pogotowieflagowe.pl\/aktualne\/wp-content\/uploads\/2025\/11\/Muzeum-Auschwitz-apeluje-o-pamiatki-poobozowe-\u201eTutaj-ich-miejsce.webp.webp\",\"keywords\":[\"apeluje\",\"Auschwitz\",\"ich\",\"miejsce\",\"Muzeum\",\"pami\u0105tki\",\"poobozowe\",\"Tutaj\"],\"articleSection\":[\"Polityka\"],\"inLanguage\":\"pl-PL\",\"potentialAction\":[{\"@type\":\"CommentAction\",\"name\":\"Comment\",\"target\":[\"https:\/\/www.pogotowieflagowe.pl\/aktualne\/muzeum-auschwitz-apeluje-o-pamiatki-poobozowe-tutaj-ich-miejsce\/#respond\"]}]},{\"@type\":\"WebPage\",\"@id\":\"https:\/\/www.pogotowieflagowe.pl\/aktualne\/muzeum-auschwitz-apeluje-o-pamiatki-poobozowe-tutaj-ich-miejsce\/\",\"url\":\"https:\/\/www.pogotowieflagowe.pl\/aktualne\/muzeum-auschwitz-apeluje-o-pamiatki-poobozowe-tutaj-ich-miejsce\/\",\"name\":\"Muzeum Auschwitz apeluje o pami\u0105tki poobozowe: \u201eTutaj ich miejsce\u201d - POGOTOWIE FLAGOWE\u00ae\",\"isPartOf\":{\"@id\":\"https:\/\/www.pogotowieflagowe.pl\/aktualne\/#website\"},\"primaryImageOfPage\":{\"@id\":\"https:\/\/www.pogotowieflagowe.pl\/aktualne\/muzeum-auschwitz-apeluje-o-pamiatki-poobozowe-tutaj-ich-miejsce\/#primaryimage\"},\"image\":{\"@id\":\"https:\/\/www.pogotowieflagowe.pl\/aktualne\/muzeum-auschwitz-apeluje-o-pamiatki-poobozowe-tutaj-ich-miejsce\/#primaryimage\"},\"thumbnailUrl\":\"https:\/\/www.pogotowieflagowe.pl\/aktualne\/wp-content\/uploads\/2025\/11\/Muzeum-Auschwitz-apeluje-o-pamiatki-poobozowe-\u201eTutaj-ich-miejsce.webp.webp\",\"datePublished\":\"2025-11-17T00:00:32+00:00\",\"dateModified\":\"2025-11-17T00:00:33+00:00\",\"breadcrumb\":{\"@id\":\"https:\/\/www.pogotowieflagowe.pl\/aktualne\/muzeum-auschwitz-apeluje-o-pamiatki-poobozowe-tutaj-ich-miejsce\/#breadcrumb\"},\"inLanguage\":\"pl-PL\",\"potentialAction\":[{\"@type\":\"ReadAction\",\"target\":[\"https:\/\/www.pogotowieflagowe.pl\/aktualne\/muzeum-auschwitz-apeluje-o-pamiatki-poobozowe-tutaj-ich-miejsce\/\"]}]},{\"@type\":\"ImageObject\",\"inLanguage\":\"pl-PL\",\"@id\":\"https:\/\/www.pogotowieflagowe.pl\/aktualne\/muzeum-auschwitz-apeluje-o-pamiatki-poobozowe-tutaj-ich-miejsce\/#primaryimage\",\"url\":\"https:\/\/www.pogotowieflagowe.pl\/aktualne\/wp-content\/uploads\/2025\/11\/Muzeum-Auschwitz-apeluje-o-pamiatki-poobozowe-\u201eTutaj-ich-miejsce.webp.webp\",\"contentUrl\":\"https:\/\/www.pogotowieflagowe.pl\/aktualne\/wp-content\/uploads\/2025\/11\/Muzeum-Auschwitz-apeluje-o-pamiatki-poobozowe-\u201eTutaj-ich-miejsce.webp.webp\",\"width\":1280,\"height\":720,\"caption\":\"Muzeum Auschwitz apeluje o pami\u0105tki poobozowe: \u201eTutaj ich miejsce\u201d\"},{\"@type\":\"BreadcrumbList\",\"@id\":\"https:\/\/www.pogotowieflagowe.pl\/aktualne\/muzeum-auschwitz-apeluje-o-pamiatki-poobozowe-tutaj-ich-miejsce\/#breadcrumb\",\"itemListElement\":[{\"@type\":\"ListItem\",\"position\":1,\"name\":\"Home\",\"item\":\"https:\/\/www.pogotowieflagowe.pl\/aktualne\/\"},{\"@type\":\"ListItem\",\"position\":2,\"name\":\"Muzeum Auschwitz apeluje o pami\u0105tki poobozowe: \u201eTutaj ich miejsce\u201d\"}]},{\"@type\":\"WebSite\",\"@id\":\"https:\/\/www.pogotowieflagowe.pl\/aktualne\/#website\",\"url\":\"https:\/\/www.pogotowieflagowe.pl\/aktualne\/\",\"name\":\"POGOTOWIE FLAGOWE\u00ae\",\"description\":\"\",\"publisher\":{\"@id\":\"https:\/\/www.pogotowieflagowe.pl\/aktualne\/#organization\"},\"potentialAction\":[{\"@type\":\"SearchAction\",\"target\":{\"@type\":\"EntryPoint\",\"urlTemplate\":\"https:\/\/www.pogotowieflagowe.pl\/aktualne\/?s={search_term_string}\"},\"query-input\":\"required name=search_term_string\"}],\"inLanguage\":\"pl-PL\"},{\"@type\":\"Organization\",\"@id\":\"https:\/\/www.pogotowieflagowe.pl\/aktualne\/#organization\",\"name\":\"POGOTOWIE FLAGOWE\u00ae\",\"url\":\"https:\/\/www.pogotowieflagowe.pl\/aktualne\/\",\"logo\":{\"@type\":\"ImageObject\",\"inLanguage\":\"pl-PL\",\"@id\":\"https:\/\/www.pogotowieflagowe.pl\/aktualne\/#\/schema\/logo\/image\/\",\"url\":\"https:\/\/www.pogotowieflagowe.pl\/aktualne\/wp-content\/uploads\/2024\/08\/cropped-pogotowieflagowe_flaga_projekt_sm.jpg\",\"contentUrl\":\"https:\/\/www.pogotowieflagowe.pl\/aktualne\/wp-content\/uploads\/2024\/08\/cropped-pogotowieflagowe_flaga_projekt_sm.jpg\",\"width\":250,\"height\":143,\"caption\":\"POGOTOWIE FLAGOWE\u00ae\"},\"image\":{\"@id\":\"https:\/\/www.pogotowieflagowe.pl\/aktualne\/#\/schema\/logo\/image\/\"}},{\"@type\":\"Person\",\"@id\":\"https:\/\/www.pogotowieflagowe.pl\/aktualne\/#\/schema\/person\/9c2fb7d2362ebf6fa088960d7f0d27b0\",\"name\":\"Filip\",\"image\":{\"@type\":\"ImageObject\",\"inLanguage\":\"pl-PL\",\"@id\":\"https:\/\/www.pogotowieflagowe.pl\/aktualne\/#\/schema\/person\/image\/\",\"url\":\"https:\/\/www.pogotowieflagowe.pl\/aktualne\/wp-content\/uploads\/2024\/08\/pogotowieflagowe.pl_.jpg\",\"contentUrl\":\"https:\/\/www.pogotowieflagowe.pl\/aktualne\/wp-content\/uploads\/2024\/08\/pogotowieflagowe.pl_.jpg\",\"caption\":\"Filip\"},\"description\":\"Jestem Filip, polski dziennikarz z dyplomem nauk politycznych Uniwersytetu Warszawskiego. Rozpoczynaj\u0105c swoj\u0105 karier\u0119 w r\u00f3\u017cnych lokalnych mediach, zdoby\u0142em solidne do\u015bwiadczenie w zakresie \u015bledztwa i redakcji. Obecnie jako redaktor w Pogotowie flagowe, staram si\u0119 dostarcza\u0107 dog\u0142\u0119bne i istotne analizy na temat najwa\u017cniejszych kwestii aktualno\u015bci, \u0142\u0105cz\u0105c rygor z pasj\u0105 dziennikarsk\u0105.\",\"sameAs\":[\"https:\/\/www.pogotowieflagowe.pl\/\"]}]}<\/script>\n<!-- \/ Yoast SEO plugin. -->","yoast_head_json":{"title":"Muzeum Auschwitz apeluje o pami\u0105tki poobozowe: \u201eTutaj ich miejsce\u201d - POGOTOWIE FLAGOWE\u00ae","robots":{"index":"index","follow":"follow","max-snippet":"max-snippet:-1","max-image-preview":"max-image-preview:large","max-video-preview":"max-video-preview:-1"},"canonical":"https:\/\/www.pogotowieflagowe.pl\/aktualne\/muzeum-auschwitz-apeluje-o-pamiatki-poobozowe-tutaj-ich-miejsce\/","og_locale":"pl_PL","og_type":"article","og_title":"Muzeum Auschwitz apeluje o pami\u0105tki poobozowe: \u201eTutaj ich miejsce\u201d - POGOTOWIE FLAGOWE\u00ae","og_description":"\u201eNieustannie apelujemy o przekazywanie wszelkich pami\u0105tek poobozowych na rzecz Muzeum Auschwitz\u201d \u2013 doda\u0142. \u2013 powiedzia\u0142 rzecznik muzeum Bartosz Bartyzel. Te","og_url":"https:\/\/www.pogotowieflagowe.pl\/aktualne\/muzeum-auschwitz-apeluje-o-pamiatki-poobozowe-tutaj-ich-miejsce\/","og_site_name":"POGOTOWIE FLAGOWE\u00ae","article_published_time":"2025-11-17T00:00:32+00:00","article_modified_time":"2025-11-17T00:00:33+00:00","og_image":[{"width":1280,"height":720,"url":"https:\/\/www.pogotowieflagowe.pl\/aktualne\/wp-content\/uploads\/2025\/11\/Muzeum-Auschwitz-apeluje-o-pamiatki-poobozowe-\u201eTutaj-ich-miejsce.webp.webp","type":"image\/webp"}],"author":"Filip","twitter_card":"summary_large_image","twitter_misc":{"Napisane przez":"Filip","Szacowany czas czytania":"2 minuty"},"schema":{"@context":"https:\/\/schema.org","@graph":[{"@type":"Article","@id":"https:\/\/www.pogotowieflagowe.pl\/aktualne\/muzeum-auschwitz-apeluje-o-pamiatki-poobozowe-tutaj-ich-miejsce\/#article","isPartOf":{"@id":"https:\/\/www.pogotowieflagowe.pl\/aktualne\/muzeum-auschwitz-apeluje-o-pamiatki-poobozowe-tutaj-ich-miejsce\/"},"author":{"name":"Filip","@id":"https:\/\/www.pogotowieflagowe.pl\/aktualne\/#\/schema\/person\/9c2fb7d2362ebf6fa088960d7f0d27b0"},"headline":"Muzeum Auschwitz apeluje o pami\u0105tki poobozowe: \u201eTutaj ich miejsce\u201d","datePublished":"2025-11-17T00:00:32+00:00","dateModified":"2025-11-17T00:00:33+00:00","mainEntityOfPage":{"@id":"https:\/\/www.pogotowieflagowe.pl\/aktualne\/muzeum-auschwitz-apeluje-o-pamiatki-poobozowe-tutaj-ich-miejsce\/"},"wordCount":385,"commentCount":0,"publisher":{"@id":"https:\/\/www.pogotowieflagowe.pl\/aktualne\/#organization"},"image":{"@id":"https:\/\/www.pogotowieflagowe.pl\/aktualne\/muzeum-auschwitz-apeluje-o-pamiatki-poobozowe-tutaj-ich-miejsce\/#primaryimage"},"thumbnailUrl":"https:\/\/www.pogotowieflagowe.pl\/aktualne\/wp-content\/uploads\/2025\/11\/Muzeum-Auschwitz-apeluje-o-pamiatki-poobozowe-\u201eTutaj-ich-miejsce.webp.webp","keywords":["apeluje","Auschwitz","ich","miejsce","Muzeum","pami\u0105tki","poobozowe","Tutaj"],"articleSection":["Polityka"],"inLanguage":"pl-PL","potentialAction":[{"@type":"CommentAction","name":"Comment","target":["https:\/\/www.pogotowieflagowe.pl\/aktualne\/muzeum-auschwitz-apeluje-o-pamiatki-poobozowe-tutaj-ich-miejsce\/#respond"]}]},{"@type":"WebPage","@id":"https:\/\/www.pogotowieflagowe.pl\/aktualne\/muzeum-auschwitz-apeluje-o-pamiatki-poobozowe-tutaj-ich-miejsce\/","url":"https:\/\/www.pogotowieflagowe.pl\/aktualne\/muzeum-auschwitz-apeluje-o-pamiatki-poobozowe-tutaj-ich-miejsce\/","name":"Muzeum Auschwitz apeluje o pami\u0105tki poobozowe: \u201eTutaj ich miejsce\u201d - POGOTOWIE FLAGOWE\u00ae","isPartOf":{"@id":"https:\/\/www.pogotowieflagowe.pl\/aktualne\/#website"},"primaryImageOfPage":{"@id":"https:\/\/www.pogotowieflagowe.pl\/aktualne\/muzeum-auschwitz-apeluje-o-pamiatki-poobozowe-tutaj-ich-miejsce\/#primaryimage"},"image":{"@id":"https:\/\/www.pogotowieflagowe.pl\/aktualne\/muzeum-auschwitz-apeluje-o-pamiatki-poobozowe-tutaj-ich-miejsce\/#primaryimage"},"thumbnailUrl":"https:\/\/www.pogotowieflagowe.pl\/aktualne\/wp-content\/uploads\/2025\/11\/Muzeum-Auschwitz-apeluje-o-pamiatki-poobozowe-\u201eTutaj-ich-miejsce.webp.webp","datePublished":"2025-11-17T00:00:32+00:00","dateModified":"2025-11-17T00:00:33+00:00","breadcrumb":{"@id":"https:\/\/www.pogotowieflagowe.pl\/aktualne\/muzeum-auschwitz-apeluje-o-pamiatki-poobozowe-tutaj-ich-miejsce\/#breadcrumb"},"inLanguage":"pl-PL","potentialAction":[{"@type":"ReadAction","target":["https:\/\/www.pogotowieflagowe.pl\/aktualne\/muzeum-auschwitz-apeluje-o-pamiatki-poobozowe-tutaj-ich-miejsce\/"]}]},{"@type":"ImageObject","inLanguage":"pl-PL","@id":"https:\/\/www.pogotowieflagowe.pl\/aktualne\/muzeum-auschwitz-apeluje-o-pamiatki-poobozowe-tutaj-ich-miejsce\/#primaryimage","url":"https:\/\/www.pogotowieflagowe.pl\/aktualne\/wp-content\/uploads\/2025\/11\/Muzeum-Auschwitz-apeluje-o-pamiatki-poobozowe-\u201eTutaj-ich-miejsce.webp.webp","contentUrl":"https:\/\/www.pogotowieflagowe.pl\/aktualne\/wp-content\/uploads\/2025\/11\/Muzeum-Auschwitz-apeluje-o-pamiatki-poobozowe-\u201eTutaj-ich-miejsce.webp.webp","width":1280,"height":720,"caption":"Muzeum Auschwitz apeluje o pami\u0105tki poobozowe: \u201eTutaj ich miejsce\u201d"},{"@type":"BreadcrumbList","@id":"https:\/\/www.pogotowieflagowe.pl\/aktualne\/muzeum-auschwitz-apeluje-o-pamiatki-poobozowe-tutaj-ich-miejsce\/#breadcrumb","itemListElement":[{"@type":"ListItem","position":1,"name":"Home","item":"https:\/\/www.pogotowieflagowe.pl\/aktualne\/"},{"@type":"ListItem","position":2,"name":"Muzeum Auschwitz apeluje o pami\u0105tki poobozowe: \u201eTutaj ich miejsce\u201d"}]},{"@type":"WebSite","@id":"https:\/\/www.pogotowieflagowe.pl\/aktualne\/#website","url":"https:\/\/www.pogotowieflagowe.pl\/aktualne\/","name":"POGOTOWIE FLAGOWE\u00ae","description":"","publisher":{"@id":"https:\/\/www.pogotowieflagowe.pl\/aktualne\/#organization"},"potentialAction":[{"@type":"SearchAction","target":{"@type":"EntryPoint","urlTemplate":"https:\/\/www.pogotowieflagowe.pl\/aktualne\/?s={search_term_string}"},"query-input":"required name=search_term_string"}],"inLanguage":"pl-PL"},{"@type":"Organization","@id":"https:\/\/www.pogotowieflagowe.pl\/aktualne\/#organization","name":"POGOTOWIE FLAGOWE\u00ae","url":"https:\/\/www.pogotowieflagowe.pl\/aktualne\/","logo":{"@type":"ImageObject","inLanguage":"pl-PL","@id":"https:\/\/www.pogotowieflagowe.pl\/aktualne\/#\/schema\/logo\/image\/","url":"https:\/\/www.pogotowieflagowe.pl\/aktualne\/wp-content\/uploads\/2024\/08\/cropped-pogotowieflagowe_flaga_projekt_sm.jpg","contentUrl":"https:\/\/www.pogotowieflagowe.pl\/aktualne\/wp-content\/uploads\/2024\/08\/cropped-pogotowieflagowe_flaga_projekt_sm.jpg","width":250,"height":143,"caption":"POGOTOWIE FLAGOWE\u00ae"},"image":{"@id":"https:\/\/www.pogotowieflagowe.pl\/aktualne\/#\/schema\/logo\/image\/"}},{"@type":"Person","@id":"https:\/\/www.pogotowieflagowe.pl\/aktualne\/#\/schema\/person\/9c2fb7d2362ebf6fa088960d7f0d27b0","name":"Filip","image":{"@type":"ImageObject","inLanguage":"pl-PL","@id":"https:\/\/www.pogotowieflagowe.pl\/aktualne\/#\/schema\/person\/image\/","url":"https:\/\/www.pogotowieflagowe.pl\/aktualne\/wp-content\/uploads\/2024\/08\/pogotowieflagowe.pl_.jpg","contentUrl":"https:\/\/www.pogotowieflagowe.pl\/aktualne\/wp-content\/uploads\/2024\/08\/pogotowieflagowe.pl_.jpg","caption":"Filip"},"description":"Jestem Filip, polski dziennikarz z dyplomem nauk politycznych Uniwersytetu Warszawskiego. Rozpoczynaj\u0105c swoj\u0105 karier\u0119 w r\u00f3\u017cnych lokalnych mediach, zdoby\u0142em solidne do\u015bwiadczenie w zakresie \u015bledztwa i redakcji. Obecnie jako redaktor w Pogotowie flagowe, staram si\u0119 dostarcza\u0107 dog\u0142\u0119bne i istotne analizy na temat najwa\u017cniejszych kwestii aktualno\u015bci, \u0142\u0105cz\u0105c rygor z pasj\u0105 dziennikarsk\u0105.","sameAs":["https:\/\/www.pogotowieflagowe.pl\/"]}]}},"_links":{"self":[{"href":"https:\/\/www.pogotowieflagowe.pl\/aktualne\/wp-json\/wp\/v2\/posts\/10672","targetHints":{"allow":["GET"]}}],"collection":[{"href":"https:\/\/www.pogotowieflagowe.pl\/aktualne\/wp-json\/wp\/v2\/posts"}],"about":[{"href":"https:\/\/www.pogotowieflagowe.pl\/aktualne\/wp-json\/wp\/v2\/types\/post"}],"author":[{"embeddable":true,"href":"https:\/\/www.pogotowieflagowe.pl\/aktualne\/wp-json\/wp\/v2\/users\/1"}],"replies":[{"embeddable":true,"href":"https:\/\/www.pogotowieflagowe.pl\/aktualne\/wp-json\/wp\/v2\/comments?post=10672"}],"version-history":[{"count":1,"href":"https:\/\/www.pogotowieflagowe.pl\/aktualne\/wp-json\/wp\/v2\/posts\/10672\/revisions"}],"predecessor-version":[{"id":10674,"href":"https:\/\/www.pogotowieflagowe.pl\/aktualne\/wp-json\/wp\/v2\/posts\/10672\/revisions\/10674"}],"wp:featuredmedia":[{"embeddable":true,"href":"https:\/\/www.pogotowieflagowe.pl\/aktualne\/wp-json\/wp\/v2\/media\/10673"}],"wp:attachment":[{"href":"https:\/\/www.pogotowieflagowe.pl\/aktualne\/wp-json\/wp\/v2\/media?parent=10672"}],"wp:term":[{"taxonomy":"category","embeddable":true,"href":"https:\/\/www.pogotowieflagowe.pl\/aktualne\/wp-json\/wp\/v2\/categories?post=10672"},{"taxonomy":"post_tag","embeddable":true,"href":"https:\/\/www.pogotowieflagowe.pl\/aktualne\/wp-json\/wp\/v2\/tags?post=10672"}],"curies":[{"name":"wp","href":"https:\/\/api.w.org\/{rel}","templated":true}]}}