{"id":10678,"date":"2025-11-17T02:03:05","date_gmt":"2025-11-17T01:03:05","guid":{"rendered":"https:\/\/www.pogotowieflagowe.pl\/aktualne\/niemcy-wycofuja-z-aukcji-rzeczy-nalezace-do-ofiar-holokaustu-sikorski-oglasza-zwyciestwo-ale-kto-zasluguje-na-uznanie\/"},"modified":"2025-11-17T02:03:06","modified_gmt":"2025-11-17T01:03:06","slug":"niemcy-wycofuja-z-aukcji-rzeczy-nalezace-do-ofiar-holokaustu-sikorski-oglasza-zwyciestwo-ale-kto-zasluguje-na-uznanie","status":"publish","type":"post","link":"https:\/\/www.pogotowieflagowe.pl\/aktualne\/niemcy-wycofuja-z-aukcji-rzeczy-nalezace-do-ofiar-holokaustu-sikorski-oglasza-zwyciestwo-ale-kto-zasluguje-na-uznanie\/","title":{"rendered":"Niemcy wycofuj\u0105 z aukcji rzeczy nale\u017c\u0105ce do ofiar Holokaustu. Sikorski og\u0142asza zwyci\u0119stwo \u2013 ale kto zas\u0142uguje na uznanie?"},"content":{"rendered":"\n<div class=\"td_block_wrap tdb_single_content tdi_41 td-pb-border-top td_block_template_8 td-post-content tagdiv-type\" data-td-block-uid=\"tdi_41\">\n<style>.tdi_41{margines-top:0px!important;margin-bottom:0px!important;dope\u0142nienie-g\u00f3ra:0px!important;dope\u0142nienie-d\u00f3\u0142:0px!important}<\/style>\n<style>.tdb_single_content{margin-bottom:0;*zoom:1}.tdb_single_content:before,.tdb_single_content:after{display:table;content:'';line-height:0}.tdb_single_content:after{clear:both}.tdb_single_content .tdb-block-inner>*:not(.wp-block-quote):not(.alignwide):not(.alignfull.wp-block-cover.has-parallax):not(.td-a-ad){margin-left:auto;margin-right:auto}.tdb_single_content a{pointer-events:auto}.tdb_single_content .td-spot-id-top_ad .tdc-placeholder-title:before{content:'Najlepsza reklama artyku\u0142u'!important}.tdb_single_content .td-spot-id-inline_ad0 .tdc-placeholder-title:before{content:'Reklama wbudowana artyku\u0142u 1'!important}.tdb_single_content .td-spot-id-inline_ad1 .tdc-placeholder-title:before{content:'Wbudowana reklama w artykule 2'!important}.tdb_single_content .td-spot-id-inline_ad2 .tdc-placeholder-title:before{content:'Wbudowana reklama w artykule 3'!important}.tdb_single_content .td-spot-id-bottom_ad .tdc-placeholder-title:before{content:'Article Bottom Ad'!important}.tdb_single_content .id_top_ad,.tdb_single_content .id_bottom_ad{clear:both;margin-bottom:21px;text-align:center}.tdb_single_content .id_top_ad img,.tdb_single_content .id_bottom_ad img{margin-bottom:0}.tdb_single_content .id_top_ad .adsbygoogle,.tdb_single_content .id_bottom_ad .adsbygoogle{position:relative}.tdb_single_content .id_ad_content-horiz-left,.tdb_single_content .id_ad_content-horiz-right,.tdb_single_content .id_ad_content-horiz-center{margin-bottom:15px}.tdb_single_content .id_ad_content-horiz-left img,.tdb_single_content .id_ad_content-horiz-right img,.tdb_single_content .id_ad_content-horiz-center img{margin-bottom:0}.tdb_single_content .id_ad_content-horiz-center{text-align:center}.tdb_single_content .id_ad_content-horiz-center img{margin-right:auto;margin-left:auto}.tdb_single_content .id_ad_content-horiz-left{float:left;margin-top:9px;margin-right:21px}.tdb_single_content .id_ad_content-horiz-right{float:right;margin-top:6px;margin-left:21px}.tdb_single_content .tdc-a-ad .tdc-placeholder-title{width:300px;height:250px}.tdb_single_content .tdc-a-ad .tdc-placeholder-title:before{position:absolute;top:50%;-webkit-transform:translateY(-50%);transform:translateY(-50%);margin:auto;display:table;width:100%}.tdb_single_content .tdb-block-inner.td-fix-index{word-break:break-word}.tdi_41,.tdi_41>p,.tdi_41 .tdb-block-inner>p,.wp-block-column>p{font-size:16px!important;line-height:1.6!important}.tdi_41 .tdb-block-inner blockquote p{font-style:normal!important}@media (max-width:767px){.tdb_single_content .id_ad_content-horiz-left,.tdb_single_content .id_ad_content-horiz-right,.tdb_single_content .id_ad_content-horiz-center{margin:0 auto 26 pikseli auto}}@media (max-width:767px){.tdb_single_content .id_ad_content-horiz-left{margin-right:0}}@media (max-width:767px){.tdb_single_content .id_ad_content-horiz-right{margin-left:0}}@media (max-width:767px){.tdb_single_content .td-a-ad{float:none;text-align:center}.tdb_single_content .td-a-ad img{margin-right:auto;margin-left:auto}.tdb_single_content .tdc-a-ad{float:none}}<\/style>\n<div class=\"tdb-block-inner td-fix-index\">\n<p>Niemiecki dom aukcyjny w Neuss w Nadrenii P\u00f3\u0142nocnej-Westfalii wystawi\u0142 na licytacj\u0119 przedmioty nale\u017c\u0105ce do ofiar niemieckich przest\u0119pc\u00f3w. Informacja ujawniona przez dziennikarza Cezarego Gmyza wywo\u0142a\u0142a fal\u0119 oburzenia. Prezydent Karol Nawrocki i <em>Instytut Pami\u0119ci Narodowej (IPN)<\/em> interweniowa\u0142. Ostatecznie ze strony internetowej domu aukcyjnego znikn\u0119\u0142y rzeczy ofiar Holokaustu. Nast\u0119pnie Minister Spraw Zagranicznych Rados\u0142aw Sikorski zamie\u015bci\u0142 na platformie X informacj\u0119, \u017ce dokumenty zosta\u0142y wycofane dzi\u0119ki interwencji jego i Ambasadora Jana Tombi\u0144skiego. Tymczasem przedmioty znikn\u0119\u0142y z serwisu aukcyjnego dopiero po medialnej burzy.<\/p>\n<p>Niemiecki dom aukcyjny Felzmann wystawi\u0142 m.in. zeszyt z zadaniami szkolnymi Polaka zmuszanego do pracy w obozie koncentracyjnym, opaski z \u017cydowsk\u0105 gwiazd\u0105, dokumenty wydawane wi\u0119\u017aniom oraz niewys\u0142ane listy matek do przetrzymywanych w obozach dzieci. Ceny niekt\u00f3rych przedmiot\u00f3w si\u0119ga\u0142y nawet 12 000 euro.<\/p>\n<p>Prezydent Karol Nawrocki stanowczo protestowa\u0142 przeciwko sprzeda\u017cy pami\u0105tek po ofiarach niemieckich zbrodniarzy, wzywaj\u0105c polski rz\u0105d do \u017c\u0105dania zwrotu tych przedmiot\u00f3w lub, w ostateczno\u015bci, do ich odkupienia.<\/p>\n<figure class=\"wp-block-embed is-type-rich is-provider-twitter wp-block-embed-twitter\">\n<div class=\"wp-block-embed__wrapper\">\n<blockquote class=\"twitter-tweet\" data-width=\"550\" data-dnt=\"true\">\n<p lang=\"pl\" dir=\"ltr\">Prezydent RP Karol Nawrocki wyst\u0105pi\u0142 od polskiego dzia\u0142ania, aby unikn\u0105\u0107 zwrotu, w ostateczno\u015bci wycofa\u0142 wszystkie pami\u0105tki po Ofiarach zbrodni niemieckich na ziemiach polskich, a koszt tego zdarzenia doliczy\u0142 do og\u00f3lnego rachunku reparacyjnego! <br \/>Niemcy wywo\u0142a\u0142y II wojn\u0119\u2026<\/p>\n<p>\u2014 Rafa\u0142 Le\u015bkiewicz (@LeskiewiczRafa) <a rel=\"nofollow\" href=\"https:\/\/twitter.com\/LeskiewiczRafa\/status\/1990001870505410928?ref_src=twsrc%5Etfw\">16 listopada 2025 r<\/a><\/p><\/blockquote>\n<\/div>\n<\/figure>\n<p>Oko\u0142o godziny 13:00 przedmioty znikn\u0119\u0142y ze strony internetowej niemieckiego domu aukcyjnego. Nied\u0142ugo potem Minister Spraw Zagranicznych Rados\u0142aw Sikorski og\u0142osi\u0142 na peronie X, \u017ce rozmawia\u0142 z ambasadorem Niemiec i \u017ce przedmioty zosta\u0142y wycofane z aukcji.<\/p>\n<figure class=\"wp-block-pullquote\">\n<blockquote>\n<p><strong>Rozmawia\u0142em z ministrem spraw zagranicznych Niemiec na temat planowanej aukcji w Neuss przedmiot\u00f3w z okresu niemieckiego terroru podczas II wojny \u015bwiatowej. Zgodzili\u015bmy si\u0119, \u017ce nale\u017cy zapobiega\u0107 takim skandalom,<\/strong> powiedzia\u0142 Sikorski.<\/p>\n<\/blockquote>\n<\/figure>\n<figure class=\"wp-block-pullquote\">\n<blockquote>\n<p><strong>Ambasador Jan Tombi\u0144ski, kt\u00f3ry od kilku dni interweniowa\u0142 u w\u0142adz Westfalii, poinformowa\u0142 mnie, \u017ce ze strony skandalicznej aukcji znikn\u0119\u0142y ju\u017c wszystkie artefakty,<\/strong> doda\u0142.<\/p>\n<\/blockquote>\n<\/figure>\n<p>Adwokat Bartosz Lewandowski zwr\u00f3ci\u0142 jednak uwag\u0119, \u017ce dzia\u0142ania ministra podj\u0119to zbyt p\u00f3\u017ano.<\/p>\n<figure class=\"wp-block-pullquote\">\n<blockquote>\n<p><strong>Dzia\u0142aj\u0105c dopiero po publicznym oburzeniu znan\u0105 od wczoraj spraw\u0105, po apelu Prezydenta Karola Nawrockiego i po zaoferowaniu przez Rados\u0142awa Tadajewskiego zakupu wszystkich przedmiot\u00f3w. Co zrobi Minister, aby odzyska\u0107 te przedmioty skradzione polskim ofiarom?,<\/strong> \u2013 skomentowa\u0142 Lewandowski.<\/p>\n<\/blockquote>\n<\/figure>\n<p>Do wpisu ministra skomentowa\u0142 tak\u017ce biznesmen Radek Tadajewski.<\/p>\n<figure class=\"wp-block-pullquote\">\n<blockquote>\n<p><strong>Nie wiem, co robi\u0142 Ambasador, ale wygl\u0105da na to, \u017ce nic. Wystarczy\u0142o jedno pismo (s\u0142ownie: eine) wys\u0142ane do domu aukcyjnego, ambasady i niemieckiego MSZ przez Bartosza Lewandowskiego, aby przerwa\u0107 aukcj\u0119. Nast\u0119pnym razem polecam ten model dzia\u0142ania. Interwencje u \u201ew\u0142adz Westfalii\u201d s\u0105 mniej wi\u0119cej tak samo rozs\u0105dne, jak w przypadku w\u0142adz Borneo. Zach\u0119cam Ambasadora do pilnego skontaktowania si\u0119 z domem aukcyjnym Felzmann (uwierz mi: wszyscy s\u0105 dzi\u015b w pracy), poniewa\u017c zawieszenie aukcji nic nie rozwi\u0105za\u0142o. Da\u0142o nam to tylko czas na odzyskanie \u201ekolekcji \u015bmierci\u201d, kt\u00f3rej nale\u017cne miejsce znajduje si\u0119 w Polsce,<\/strong> \u2013 napisa\u0142 Tadajewski.<\/p>\n<\/blockquote>\n<\/figure>\n<figure class=\"wp-block-embed is-type-rich is-provider-twitter wp-block-embed-twitter\">\n<div class=\"wp-block-embed__wrapper\">\n<blockquote class=\"twitter-tweet\" data-width=\"550\" data-dnt=\"true\">\n<p lang=\"pl\" dir=\"ltr\">Ambasador Jan Tombi\u0144ski, kt\u00f3ry od kilku dni interweniowa\u0142 u w\u0142adz Westfalii w tej sprawie, powiadomi\u0142 mnie, \u017ce wszystkie artefakty ju\u017c znikn\u0119\u0142y z witryny internetowej skandalicznej aukcji. <a rel=\"nofollow\" href=\"https:\/\/twitter.com\/hashtag\/RobimyNieGadamy?src=hash&amp;ref_src=twsrc%5Etfw\">#RobimyNieGadamy<\/a><\/p>\n<p>\u2014 Rados\u0142aw Sikorski \ud83c\uddf5\ud83c\uddf1\ud83c\uddea\ud83c\uddfa (@sikorskiradek) <a rel=\"nofollow\" href=\"https:\/\/twitter.com\/sikorskiradek\/status\/1990031126786941382?ref_src=twsrc%5Etfw\">16 listopada 2025 r<\/a><\/p><\/blockquote>\n<\/div>\n<\/figure>\n<\/div>\n<\/div>\n<p><script async src=\"https:\/\/platform.twitter.com\/widgets.js\" charset=\"utf-8\"><\/script><\/p>\n","protected":false},"excerpt":{"rendered":"<p>Niemiecki dom aukcyjny w Neuss w Nadrenii P\u00f3\u0142nocnej-Westfalii wystawi\u0142 na licytacj\u0119 przedmioty nale\u017c\u0105ce do ofiar niemieckich przest\u0119pc\u00f3w. Informacja ujawniona przez<\/p>\n","protected":false},"author":1,"featured_media":10679,"comment_status":"open","ping_status":"open","sticky":false,"template":"","format":"standard","meta":{"footnotes":""},"categories":[44],"tags":[1124,12073,4928,5483,12139,30,1311,544,3867,2943,4477,6649,2657,295],"class_list":["post-10678","post","type-post","status-publish","format-standard","has-post-thumbnail","hentry","category-polityka","tag-ale","tag-aukcji","tag-holokaustu","tag-kto","tag-nalezace","tag-niemcy","tag-ofiar","tag-oglasza","tag-rzeczy","tag-sikorski","tag-uznanie","tag-wycofuja","tag-zasluguje","tag-zwyciestwo","generate-columns","tablet-grid-50","mobile-grid-100","grid-parent","grid-50","resize-featured-image"],"yoast_head":"<!-- This site is optimized with the Yoast SEO plugin v23.2 - https:\/\/yoast.com\/wordpress\/plugins\/seo\/ -->\n<title>Niemcy wycofuj\u0105 z aukcji rzeczy nale\u017c\u0105ce do ofiar Holokaustu. Sikorski og\u0142asza zwyci\u0119stwo \u2013 ale kto zas\u0142uguje na uznanie? - POGOTOWIE FLAGOWE\u00ae<\/title>\n<meta name=\"robots\" content=\"index, follow, max-snippet:-1, max-image-preview:large, max-video-preview:-1\" \/>\n<link rel=\"canonical\" href=\"https:\/\/www.pogotowieflagowe.pl\/aktualne\/niemcy-wycofuja-z-aukcji-rzeczy-nalezace-do-ofiar-holokaustu-sikorski-oglasza-zwyciestwo-ale-kto-zasluguje-na-uznanie\/\" \/>\n<meta property=\"og:locale\" content=\"pl_PL\" \/>\n<meta property=\"og:type\" content=\"article\" \/>\n<meta property=\"og:title\" content=\"Niemcy wycofuj\u0105 z aukcji rzeczy nale\u017c\u0105ce do ofiar Holokaustu. Sikorski og\u0142asza zwyci\u0119stwo \u2013 ale kto zas\u0142uguje na uznanie? - POGOTOWIE FLAGOWE\u00ae\" \/>\n<meta property=\"og:description\" content=\"Niemiecki dom aukcyjny w Neuss w Nadrenii P\u00f3\u0142nocnej-Westfalii wystawi\u0142 na licytacj\u0119 przedmioty nale\u017c\u0105ce do ofiar niemieckich przest\u0119pc\u00f3w. Informacja ujawniona przez\" \/>\n<meta property=\"og:url\" content=\"https:\/\/www.pogotowieflagowe.pl\/aktualne\/niemcy-wycofuja-z-aukcji-rzeczy-nalezace-do-ofiar-holokaustu-sikorski-oglasza-zwyciestwo-ale-kto-zasluguje-na-uznanie\/\" \/>\n<meta property=\"og:site_name\" content=\"POGOTOWIE FLAGOWE\u00ae\" \/>\n<meta property=\"article:published_time\" content=\"2025-11-17T01:03:05+00:00\" \/>\n<meta property=\"article:modified_time\" content=\"2025-11-17T01:03:06+00:00\" \/>\n<meta property=\"og:image\" content=\"https:\/\/www.pogotowieflagowe.pl\/aktualne\/wp-content\/uploads\/2025\/11\/Niemcy-wycofuja-z-aukcji-rzeczy-nalezace-do-ofiar-Holokaustu-Sikorski.webp.webp\" \/>\n\t<meta property=\"og:image:width\" content=\"1280\" \/>\n\t<meta property=\"og:image:height\" content=\"719\" \/>\n\t<meta property=\"og:image:type\" content=\"image\/webp\" \/>\n<meta name=\"author\" content=\"Filip\" \/>\n<meta name=\"twitter:card\" content=\"summary_large_image\" \/>\n<meta name=\"twitter:label1\" content=\"Napisane przez\" \/>\n\t<meta name=\"twitter:data1\" content=\"Filip\" \/>\n\t<meta name=\"twitter:label2\" content=\"Szacowany czas czytania\" \/>\n\t<meta name=\"twitter:data2\" content=\"3 minuty\" \/>\n<script type=\"application\/ld+json\" class=\"yoast-schema-graph\">{\"@context\":\"https:\/\/schema.org\",\"@graph\":[{\"@type\":\"Article\",\"@id\":\"https:\/\/www.pogotowieflagowe.pl\/aktualne\/niemcy-wycofuja-z-aukcji-rzeczy-nalezace-do-ofiar-holokaustu-sikorski-oglasza-zwyciestwo-ale-kto-zasluguje-na-uznanie\/#article\",\"isPartOf\":{\"@id\":\"https:\/\/www.pogotowieflagowe.pl\/aktualne\/niemcy-wycofuja-z-aukcji-rzeczy-nalezace-do-ofiar-holokaustu-sikorski-oglasza-zwyciestwo-ale-kto-zasluguje-na-uznanie\/\"},\"author\":{\"name\":\"Filip\",\"@id\":\"https:\/\/www.pogotowieflagowe.pl\/aktualne\/#\/schema\/person\/9c2fb7d2362ebf6fa088960d7f0d27b0\"},\"headline\":\"Niemcy wycofuj\u0105 z aukcji rzeczy nale\u017c\u0105ce do ofiar Holokaustu. Sikorski og\u0142asza zwyci\u0119stwo \u2013 ale kto zas\u0142uguje na uznanie?\",\"datePublished\":\"2025-11-17T01:03:05+00:00\",\"dateModified\":\"2025-11-17T01:03:06+00:00\",\"mainEntityOfPage\":{\"@id\":\"https:\/\/www.pogotowieflagowe.pl\/aktualne\/niemcy-wycofuja-z-aukcji-rzeczy-nalezace-do-ofiar-holokaustu-sikorski-oglasza-zwyciestwo-ale-kto-zasluguje-na-uznanie\/\"},\"wordCount\":549,\"commentCount\":0,\"publisher\":{\"@id\":\"https:\/\/www.pogotowieflagowe.pl\/aktualne\/#organization\"},\"image\":{\"@id\":\"https:\/\/www.pogotowieflagowe.pl\/aktualne\/niemcy-wycofuja-z-aukcji-rzeczy-nalezace-do-ofiar-holokaustu-sikorski-oglasza-zwyciestwo-ale-kto-zasluguje-na-uznanie\/#primaryimage\"},\"thumbnailUrl\":\"https:\/\/www.pogotowieflagowe.pl\/aktualne\/wp-content\/uploads\/2025\/11\/Niemcy-wycofuja-z-aukcji-rzeczy-nalezace-do-ofiar-Holokaustu-Sikorski.webp.webp\",\"keywords\":[\"ale\",\"aukcji\",\"Holokaustu\",\"Kto\",\"nale\u017c\u0105ce\",\"Niemcy\",\"ofiar\",\"og\u0142asza\",\"Rzeczy\",\"Sikorski\",\"uznanie\",\"wycofuj\u0105\",\"zas\u0142uguje\",\"zwyci\u0119stwo\"],\"articleSection\":[\"Polityka\"],\"inLanguage\":\"pl-PL\",\"potentialAction\":[{\"@type\":\"CommentAction\",\"name\":\"Comment\",\"target\":[\"https:\/\/www.pogotowieflagowe.pl\/aktualne\/niemcy-wycofuja-z-aukcji-rzeczy-nalezace-do-ofiar-holokaustu-sikorski-oglasza-zwyciestwo-ale-kto-zasluguje-na-uznanie\/#respond\"]}]},{\"@type\":\"WebPage\",\"@id\":\"https:\/\/www.pogotowieflagowe.pl\/aktualne\/niemcy-wycofuja-z-aukcji-rzeczy-nalezace-do-ofiar-holokaustu-sikorski-oglasza-zwyciestwo-ale-kto-zasluguje-na-uznanie\/\",\"url\":\"https:\/\/www.pogotowieflagowe.pl\/aktualne\/niemcy-wycofuja-z-aukcji-rzeczy-nalezace-do-ofiar-holokaustu-sikorski-oglasza-zwyciestwo-ale-kto-zasluguje-na-uznanie\/\",\"name\":\"Niemcy wycofuj\u0105 z aukcji rzeczy nale\u017c\u0105ce do ofiar Holokaustu. Sikorski og\u0142asza zwyci\u0119stwo \u2013 ale kto zas\u0142uguje na uznanie? - POGOTOWIE FLAGOWE\u00ae\",\"isPartOf\":{\"@id\":\"https:\/\/www.pogotowieflagowe.pl\/aktualne\/#website\"},\"primaryImageOfPage\":{\"@id\":\"https:\/\/www.pogotowieflagowe.pl\/aktualne\/niemcy-wycofuja-z-aukcji-rzeczy-nalezace-do-ofiar-holokaustu-sikorski-oglasza-zwyciestwo-ale-kto-zasluguje-na-uznanie\/#primaryimage\"},\"image\":{\"@id\":\"https:\/\/www.pogotowieflagowe.pl\/aktualne\/niemcy-wycofuja-z-aukcji-rzeczy-nalezace-do-ofiar-holokaustu-sikorski-oglasza-zwyciestwo-ale-kto-zasluguje-na-uznanie\/#primaryimage\"},\"thumbnailUrl\":\"https:\/\/www.pogotowieflagowe.pl\/aktualne\/wp-content\/uploads\/2025\/11\/Niemcy-wycofuja-z-aukcji-rzeczy-nalezace-do-ofiar-Holokaustu-Sikorski.webp.webp\",\"datePublished\":\"2025-11-17T01:03:05+00:00\",\"dateModified\":\"2025-11-17T01:03:06+00:00\",\"breadcrumb\":{\"@id\":\"https:\/\/www.pogotowieflagowe.pl\/aktualne\/niemcy-wycofuja-z-aukcji-rzeczy-nalezace-do-ofiar-holokaustu-sikorski-oglasza-zwyciestwo-ale-kto-zasluguje-na-uznanie\/#breadcrumb\"},\"inLanguage\":\"pl-PL\",\"potentialAction\":[{\"@type\":\"ReadAction\",\"target\":[\"https:\/\/www.pogotowieflagowe.pl\/aktualne\/niemcy-wycofuja-z-aukcji-rzeczy-nalezace-do-ofiar-holokaustu-sikorski-oglasza-zwyciestwo-ale-kto-zasluguje-na-uznanie\/\"]}]},{\"@type\":\"ImageObject\",\"inLanguage\":\"pl-PL\",\"@id\":\"https:\/\/www.pogotowieflagowe.pl\/aktualne\/niemcy-wycofuja-z-aukcji-rzeczy-nalezace-do-ofiar-holokaustu-sikorski-oglasza-zwyciestwo-ale-kto-zasluguje-na-uznanie\/#primaryimage\",\"url\":\"https:\/\/www.pogotowieflagowe.pl\/aktualne\/wp-content\/uploads\/2025\/11\/Niemcy-wycofuja-z-aukcji-rzeczy-nalezace-do-ofiar-Holokaustu-Sikorski.webp.webp\",\"contentUrl\":\"https:\/\/www.pogotowieflagowe.pl\/aktualne\/wp-content\/uploads\/2025\/11\/Niemcy-wycofuja-z-aukcji-rzeczy-nalezace-do-ofiar-Holokaustu-Sikorski.webp.webp\",\"width\":1280,\"height\":719,\"caption\":\"Niemcy wycofuj\u0105 z aukcji rzeczy nale\u017c\u0105ce do ofiar Holokaustu. Sikorski og\u0142asza zwyci\u0119stwo \u2013 ale kto zas\u0142uguje na uznanie?\"},{\"@type\":\"BreadcrumbList\",\"@id\":\"https:\/\/www.pogotowieflagowe.pl\/aktualne\/niemcy-wycofuja-z-aukcji-rzeczy-nalezace-do-ofiar-holokaustu-sikorski-oglasza-zwyciestwo-ale-kto-zasluguje-na-uznanie\/#breadcrumb\",\"itemListElement\":[{\"@type\":\"ListItem\",\"position\":1,\"name\":\"Home\",\"item\":\"https:\/\/www.pogotowieflagowe.pl\/aktualne\/\"},{\"@type\":\"ListItem\",\"position\":2,\"name\":\"Niemcy wycofuj\u0105 z aukcji rzeczy nale\u017c\u0105ce do ofiar Holokaustu. Sikorski og\u0142asza zwyci\u0119stwo \u2013 ale kto zas\u0142uguje na uznanie?\"}]},{\"@type\":\"WebSite\",\"@id\":\"https:\/\/www.pogotowieflagowe.pl\/aktualne\/#website\",\"url\":\"https:\/\/www.pogotowieflagowe.pl\/aktualne\/\",\"name\":\"POGOTOWIE FLAGOWE\u00ae\",\"description\":\"\",\"publisher\":{\"@id\":\"https:\/\/www.pogotowieflagowe.pl\/aktualne\/#organization\"},\"potentialAction\":[{\"@type\":\"SearchAction\",\"target\":{\"@type\":\"EntryPoint\",\"urlTemplate\":\"https:\/\/www.pogotowieflagowe.pl\/aktualne\/?s={search_term_string}\"},\"query-input\":\"required name=search_term_string\"}],\"inLanguage\":\"pl-PL\"},{\"@type\":\"Organization\",\"@id\":\"https:\/\/www.pogotowieflagowe.pl\/aktualne\/#organization\",\"name\":\"POGOTOWIE FLAGOWE\u00ae\",\"url\":\"https:\/\/www.pogotowieflagowe.pl\/aktualne\/\",\"logo\":{\"@type\":\"ImageObject\",\"inLanguage\":\"pl-PL\",\"@id\":\"https:\/\/www.pogotowieflagowe.pl\/aktualne\/#\/schema\/logo\/image\/\",\"url\":\"https:\/\/www.pogotowieflagowe.pl\/aktualne\/wp-content\/uploads\/2024\/08\/cropped-pogotowieflagowe_flaga_projekt_sm.jpg\",\"contentUrl\":\"https:\/\/www.pogotowieflagowe.pl\/aktualne\/wp-content\/uploads\/2024\/08\/cropped-pogotowieflagowe_flaga_projekt_sm.jpg\",\"width\":250,\"height\":143,\"caption\":\"POGOTOWIE FLAGOWE\u00ae\"},\"image\":{\"@id\":\"https:\/\/www.pogotowieflagowe.pl\/aktualne\/#\/schema\/logo\/image\/\"}},{\"@type\":\"Person\",\"@id\":\"https:\/\/www.pogotowieflagowe.pl\/aktualne\/#\/schema\/person\/9c2fb7d2362ebf6fa088960d7f0d27b0\",\"name\":\"Filip\",\"image\":{\"@type\":\"ImageObject\",\"inLanguage\":\"pl-PL\",\"@id\":\"https:\/\/www.pogotowieflagowe.pl\/aktualne\/#\/schema\/person\/image\/\",\"url\":\"https:\/\/www.pogotowieflagowe.pl\/aktualne\/wp-content\/uploads\/2024\/08\/pogotowieflagowe.pl_.jpg\",\"contentUrl\":\"https:\/\/www.pogotowieflagowe.pl\/aktualne\/wp-content\/uploads\/2024\/08\/pogotowieflagowe.pl_.jpg\",\"caption\":\"Filip\"},\"description\":\"Jestem Filip, polski dziennikarz z dyplomem nauk politycznych Uniwersytetu Warszawskiego. Rozpoczynaj\u0105c swoj\u0105 karier\u0119 w r\u00f3\u017cnych lokalnych mediach, zdoby\u0142em solidne do\u015bwiadczenie w zakresie \u015bledztwa i redakcji. Obecnie jako redaktor w Pogotowie flagowe, staram si\u0119 dostarcza\u0107 dog\u0142\u0119bne i istotne analizy na temat najwa\u017cniejszych kwestii aktualno\u015bci, \u0142\u0105cz\u0105c rygor z pasj\u0105 dziennikarsk\u0105.\",\"sameAs\":[\"https:\/\/www.pogotowieflagowe.pl\/\"]}]}<\/script>\n<!-- \/ Yoast SEO plugin. -->","yoast_head_json":{"title":"Niemcy wycofuj\u0105 z aukcji rzeczy nale\u017c\u0105ce do ofiar Holokaustu. Sikorski og\u0142asza zwyci\u0119stwo \u2013 ale kto zas\u0142uguje na uznanie? - POGOTOWIE FLAGOWE\u00ae","robots":{"index":"index","follow":"follow","max-snippet":"max-snippet:-1","max-image-preview":"max-image-preview:large","max-video-preview":"max-video-preview:-1"},"canonical":"https:\/\/www.pogotowieflagowe.pl\/aktualne\/niemcy-wycofuja-z-aukcji-rzeczy-nalezace-do-ofiar-holokaustu-sikorski-oglasza-zwyciestwo-ale-kto-zasluguje-na-uznanie\/","og_locale":"pl_PL","og_type":"article","og_title":"Niemcy wycofuj\u0105 z aukcji rzeczy nale\u017c\u0105ce do ofiar Holokaustu. Sikorski og\u0142asza zwyci\u0119stwo \u2013 ale kto zas\u0142uguje na uznanie? - POGOTOWIE FLAGOWE\u00ae","og_description":"Niemiecki dom aukcyjny w Neuss w Nadrenii P\u00f3\u0142nocnej-Westfalii wystawi\u0142 na licytacj\u0119 przedmioty nale\u017c\u0105ce do ofiar niemieckich przest\u0119pc\u00f3w. Informacja ujawniona przez","og_url":"https:\/\/www.pogotowieflagowe.pl\/aktualne\/niemcy-wycofuja-z-aukcji-rzeczy-nalezace-do-ofiar-holokaustu-sikorski-oglasza-zwyciestwo-ale-kto-zasluguje-na-uznanie\/","og_site_name":"POGOTOWIE FLAGOWE\u00ae","article_published_time":"2025-11-17T01:03:05+00:00","article_modified_time":"2025-11-17T01:03:06+00:00","og_image":[{"width":1280,"height":719,"url":"https:\/\/www.pogotowieflagowe.pl\/aktualne\/wp-content\/uploads\/2025\/11\/Niemcy-wycofuja-z-aukcji-rzeczy-nalezace-do-ofiar-Holokaustu-Sikorski.webp.webp","type":"image\/webp"}],"author":"Filip","twitter_card":"summary_large_image","twitter_misc":{"Napisane przez":"Filip","Szacowany czas czytania":"3 minuty"},"schema":{"@context":"https:\/\/schema.org","@graph":[{"@type":"Article","@id":"https:\/\/www.pogotowieflagowe.pl\/aktualne\/niemcy-wycofuja-z-aukcji-rzeczy-nalezace-do-ofiar-holokaustu-sikorski-oglasza-zwyciestwo-ale-kto-zasluguje-na-uznanie\/#article","isPartOf":{"@id":"https:\/\/www.pogotowieflagowe.pl\/aktualne\/niemcy-wycofuja-z-aukcji-rzeczy-nalezace-do-ofiar-holokaustu-sikorski-oglasza-zwyciestwo-ale-kto-zasluguje-na-uznanie\/"},"author":{"name":"Filip","@id":"https:\/\/www.pogotowieflagowe.pl\/aktualne\/#\/schema\/person\/9c2fb7d2362ebf6fa088960d7f0d27b0"},"headline":"Niemcy wycofuj\u0105 z aukcji rzeczy nale\u017c\u0105ce do ofiar Holokaustu. Sikorski og\u0142asza zwyci\u0119stwo \u2013 ale kto zas\u0142uguje na uznanie?","datePublished":"2025-11-17T01:03:05+00:00","dateModified":"2025-11-17T01:03:06+00:00","mainEntityOfPage":{"@id":"https:\/\/www.pogotowieflagowe.pl\/aktualne\/niemcy-wycofuja-z-aukcji-rzeczy-nalezace-do-ofiar-holokaustu-sikorski-oglasza-zwyciestwo-ale-kto-zasluguje-na-uznanie\/"},"wordCount":549,"commentCount":0,"publisher":{"@id":"https:\/\/www.pogotowieflagowe.pl\/aktualne\/#organization"},"image":{"@id":"https:\/\/www.pogotowieflagowe.pl\/aktualne\/niemcy-wycofuja-z-aukcji-rzeczy-nalezace-do-ofiar-holokaustu-sikorski-oglasza-zwyciestwo-ale-kto-zasluguje-na-uznanie\/#primaryimage"},"thumbnailUrl":"https:\/\/www.pogotowieflagowe.pl\/aktualne\/wp-content\/uploads\/2025\/11\/Niemcy-wycofuja-z-aukcji-rzeczy-nalezace-do-ofiar-Holokaustu-Sikorski.webp.webp","keywords":["ale","aukcji","Holokaustu","Kto","nale\u017c\u0105ce","Niemcy","ofiar","og\u0142asza","Rzeczy","Sikorski","uznanie","wycofuj\u0105","zas\u0142uguje","zwyci\u0119stwo"],"articleSection":["Polityka"],"inLanguage":"pl-PL","potentialAction":[{"@type":"CommentAction","name":"Comment","target":["https:\/\/www.pogotowieflagowe.pl\/aktualne\/niemcy-wycofuja-z-aukcji-rzeczy-nalezace-do-ofiar-holokaustu-sikorski-oglasza-zwyciestwo-ale-kto-zasluguje-na-uznanie\/#respond"]}]},{"@type":"WebPage","@id":"https:\/\/www.pogotowieflagowe.pl\/aktualne\/niemcy-wycofuja-z-aukcji-rzeczy-nalezace-do-ofiar-holokaustu-sikorski-oglasza-zwyciestwo-ale-kto-zasluguje-na-uznanie\/","url":"https:\/\/www.pogotowieflagowe.pl\/aktualne\/niemcy-wycofuja-z-aukcji-rzeczy-nalezace-do-ofiar-holokaustu-sikorski-oglasza-zwyciestwo-ale-kto-zasluguje-na-uznanie\/","name":"Niemcy wycofuj\u0105 z aukcji rzeczy nale\u017c\u0105ce do ofiar Holokaustu. Sikorski og\u0142asza zwyci\u0119stwo \u2013 ale kto zas\u0142uguje na uznanie? - POGOTOWIE FLAGOWE\u00ae","isPartOf":{"@id":"https:\/\/www.pogotowieflagowe.pl\/aktualne\/#website"},"primaryImageOfPage":{"@id":"https:\/\/www.pogotowieflagowe.pl\/aktualne\/niemcy-wycofuja-z-aukcji-rzeczy-nalezace-do-ofiar-holokaustu-sikorski-oglasza-zwyciestwo-ale-kto-zasluguje-na-uznanie\/#primaryimage"},"image":{"@id":"https:\/\/www.pogotowieflagowe.pl\/aktualne\/niemcy-wycofuja-z-aukcji-rzeczy-nalezace-do-ofiar-holokaustu-sikorski-oglasza-zwyciestwo-ale-kto-zasluguje-na-uznanie\/#primaryimage"},"thumbnailUrl":"https:\/\/www.pogotowieflagowe.pl\/aktualne\/wp-content\/uploads\/2025\/11\/Niemcy-wycofuja-z-aukcji-rzeczy-nalezace-do-ofiar-Holokaustu-Sikorski.webp.webp","datePublished":"2025-11-17T01:03:05+00:00","dateModified":"2025-11-17T01:03:06+00:00","breadcrumb":{"@id":"https:\/\/www.pogotowieflagowe.pl\/aktualne\/niemcy-wycofuja-z-aukcji-rzeczy-nalezace-do-ofiar-holokaustu-sikorski-oglasza-zwyciestwo-ale-kto-zasluguje-na-uznanie\/#breadcrumb"},"inLanguage":"pl-PL","potentialAction":[{"@type":"ReadAction","target":["https:\/\/www.pogotowieflagowe.pl\/aktualne\/niemcy-wycofuja-z-aukcji-rzeczy-nalezace-do-ofiar-holokaustu-sikorski-oglasza-zwyciestwo-ale-kto-zasluguje-na-uznanie\/"]}]},{"@type":"ImageObject","inLanguage":"pl-PL","@id":"https:\/\/www.pogotowieflagowe.pl\/aktualne\/niemcy-wycofuja-z-aukcji-rzeczy-nalezace-do-ofiar-holokaustu-sikorski-oglasza-zwyciestwo-ale-kto-zasluguje-na-uznanie\/#primaryimage","url":"https:\/\/www.pogotowieflagowe.pl\/aktualne\/wp-content\/uploads\/2025\/11\/Niemcy-wycofuja-z-aukcji-rzeczy-nalezace-do-ofiar-Holokaustu-Sikorski.webp.webp","contentUrl":"https:\/\/www.pogotowieflagowe.pl\/aktualne\/wp-content\/uploads\/2025\/11\/Niemcy-wycofuja-z-aukcji-rzeczy-nalezace-do-ofiar-Holokaustu-Sikorski.webp.webp","width":1280,"height":719,"caption":"Niemcy wycofuj\u0105 z aukcji rzeczy nale\u017c\u0105ce do ofiar Holokaustu. Sikorski og\u0142asza zwyci\u0119stwo \u2013 ale kto zas\u0142uguje na uznanie?"},{"@type":"BreadcrumbList","@id":"https:\/\/www.pogotowieflagowe.pl\/aktualne\/niemcy-wycofuja-z-aukcji-rzeczy-nalezace-do-ofiar-holokaustu-sikorski-oglasza-zwyciestwo-ale-kto-zasluguje-na-uznanie\/#breadcrumb","itemListElement":[{"@type":"ListItem","position":1,"name":"Home","item":"https:\/\/www.pogotowieflagowe.pl\/aktualne\/"},{"@type":"ListItem","position":2,"name":"Niemcy wycofuj\u0105 z aukcji rzeczy nale\u017c\u0105ce do ofiar Holokaustu. Sikorski og\u0142asza zwyci\u0119stwo \u2013 ale kto zas\u0142uguje na uznanie?"}]},{"@type":"WebSite","@id":"https:\/\/www.pogotowieflagowe.pl\/aktualne\/#website","url":"https:\/\/www.pogotowieflagowe.pl\/aktualne\/","name":"POGOTOWIE FLAGOWE\u00ae","description":"","publisher":{"@id":"https:\/\/www.pogotowieflagowe.pl\/aktualne\/#organization"},"potentialAction":[{"@type":"SearchAction","target":{"@type":"EntryPoint","urlTemplate":"https:\/\/www.pogotowieflagowe.pl\/aktualne\/?s={search_term_string}"},"query-input":"required name=search_term_string"}],"inLanguage":"pl-PL"},{"@type":"Organization","@id":"https:\/\/www.pogotowieflagowe.pl\/aktualne\/#organization","name":"POGOTOWIE FLAGOWE\u00ae","url":"https:\/\/www.pogotowieflagowe.pl\/aktualne\/","logo":{"@type":"ImageObject","inLanguage":"pl-PL","@id":"https:\/\/www.pogotowieflagowe.pl\/aktualne\/#\/schema\/logo\/image\/","url":"https:\/\/www.pogotowieflagowe.pl\/aktualne\/wp-content\/uploads\/2024\/08\/cropped-pogotowieflagowe_flaga_projekt_sm.jpg","contentUrl":"https:\/\/www.pogotowieflagowe.pl\/aktualne\/wp-content\/uploads\/2024\/08\/cropped-pogotowieflagowe_flaga_projekt_sm.jpg","width":250,"height":143,"caption":"POGOTOWIE FLAGOWE\u00ae"},"image":{"@id":"https:\/\/www.pogotowieflagowe.pl\/aktualne\/#\/schema\/logo\/image\/"}},{"@type":"Person","@id":"https:\/\/www.pogotowieflagowe.pl\/aktualne\/#\/schema\/person\/9c2fb7d2362ebf6fa088960d7f0d27b0","name":"Filip","image":{"@type":"ImageObject","inLanguage":"pl-PL","@id":"https:\/\/www.pogotowieflagowe.pl\/aktualne\/#\/schema\/person\/image\/","url":"https:\/\/www.pogotowieflagowe.pl\/aktualne\/wp-content\/uploads\/2024\/08\/pogotowieflagowe.pl_.jpg","contentUrl":"https:\/\/www.pogotowieflagowe.pl\/aktualne\/wp-content\/uploads\/2024\/08\/pogotowieflagowe.pl_.jpg","caption":"Filip"},"description":"Jestem Filip, polski dziennikarz z dyplomem nauk politycznych Uniwersytetu Warszawskiego. Rozpoczynaj\u0105c swoj\u0105 karier\u0119 w r\u00f3\u017cnych lokalnych mediach, zdoby\u0142em solidne do\u015bwiadczenie w zakresie \u015bledztwa i redakcji. Obecnie jako redaktor w Pogotowie flagowe, staram si\u0119 dostarcza\u0107 dog\u0142\u0119bne i istotne analizy na temat najwa\u017cniejszych kwestii aktualno\u015bci, \u0142\u0105cz\u0105c rygor z pasj\u0105 dziennikarsk\u0105.","sameAs":["https:\/\/www.pogotowieflagowe.pl\/"]}]}},"_links":{"self":[{"href":"https:\/\/www.pogotowieflagowe.pl\/aktualne\/wp-json\/wp\/v2\/posts\/10678","targetHints":{"allow":["GET"]}}],"collection":[{"href":"https:\/\/www.pogotowieflagowe.pl\/aktualne\/wp-json\/wp\/v2\/posts"}],"about":[{"href":"https:\/\/www.pogotowieflagowe.pl\/aktualne\/wp-json\/wp\/v2\/types\/post"}],"author":[{"embeddable":true,"href":"https:\/\/www.pogotowieflagowe.pl\/aktualne\/wp-json\/wp\/v2\/users\/1"}],"replies":[{"embeddable":true,"href":"https:\/\/www.pogotowieflagowe.pl\/aktualne\/wp-json\/wp\/v2\/comments?post=10678"}],"version-history":[{"count":1,"href":"https:\/\/www.pogotowieflagowe.pl\/aktualne\/wp-json\/wp\/v2\/posts\/10678\/revisions"}],"predecessor-version":[{"id":10680,"href":"https:\/\/www.pogotowieflagowe.pl\/aktualne\/wp-json\/wp\/v2\/posts\/10678\/revisions\/10680"}],"wp:featuredmedia":[{"embeddable":true,"href":"https:\/\/www.pogotowieflagowe.pl\/aktualne\/wp-json\/wp\/v2\/media\/10679"}],"wp:attachment":[{"href":"https:\/\/www.pogotowieflagowe.pl\/aktualne\/wp-json\/wp\/v2\/media?parent=10678"}],"wp:term":[{"taxonomy":"category","embeddable":true,"href":"https:\/\/www.pogotowieflagowe.pl\/aktualne\/wp-json\/wp\/v2\/categories?post=10678"},{"taxonomy":"post_tag","embeddable":true,"href":"https:\/\/www.pogotowieflagowe.pl\/aktualne\/wp-json\/wp\/v2\/tags?post=10678"}],"curies":[{"name":"wp","href":"https:\/\/api.w.org\/{rel}","templated":true}]}}