{"id":10686,"date":"2025-11-17T12:23:22","date_gmt":"2025-11-17T11:23:22","guid":{"rendered":"https:\/\/www.pogotowieflagowe.pl\/aktualne\/posel-bosak-proponuje-dzialania-niemieckim-urzednikom-w-sprawie-pamiatek-po-ofiarach-ii-wojny-swiatowej\/"},"modified":"2025-11-17T12:23:25","modified_gmt":"2025-11-17T11:23:25","slug":"posel-bosak-proponuje-dzialania-niemieckim-urzednikom-w-sprawie-pamiatek-po-ofiarach-ii-wojny-swiatowej","status":"publish","type":"post","link":"https:\/\/www.pogotowieflagowe.pl\/aktualne\/posel-bosak-proponuje-dzialania-niemieckim-urzednikom-w-sprawie-pamiatek-po-ofiarach-ii-wojny-swiatowej\/","title":{"rendered":"Pose\u0142 Bosak proponuje dzia\u0142ania niemieckim urz\u0119dnikom w sprawie pami\u0105tek po ofiarach II wojny \u015bwiatowej"},"content":{"rendered":"\n<div class=\"td_block_wrap tdb_single_content tdi_41 td-pb-border-top td_block_template_8 td-post-content tagdiv-type\" data-td-block-uid=\"tdi_41\">\n<style>.tdi_41{margines-top:0px!important;margin-bottom:0px!important;dope\u0142nienie-g\u00f3ra:0px!important;dope\u0142nienie-d\u00f3\u0142:0px!important}<\/style>\n<style>.tdb_single_content{margin-bottom:0;*zoom:1}.tdb_single_content:before,.tdb_single_content:after{display:table;content:'';line-height:0}.tdb_single_content:after{clear:both}.tdb_single_content .tdb-block-inner>*:not(.wp-block-quote):not(.alignwide):not(.alignfull.wp-block-cover.has-parallax):not(.td-a-ad){margin-left:auto;margin-right:auto}.tdb_single_content a{pointer-events:auto}.tdb_single_content .td-spot-id-top_ad .tdc-placeholder-title:before{content:'Najlepsza reklama artyku\u0142u'!important}.tdb_single_content .td-spot-id-inline_ad0 .tdc-placeholder-title:before{content:'Reklama wbudowana artyku\u0142u 1'!important}.tdb_single_content .td-spot-id-inline_ad1 .tdc-placeholder-title:before{content:'Wbudowana reklama w artykule 2'!important}.tdb_single_content .td-spot-id-inline_ad2 .tdc-placeholder-title:before{content:'Wbudowana reklama w artykule 3'!important}.tdb_single_content .td-spot-id-bottom_ad .tdc-placeholder-title:before{content:'Article Bottom Ad'!important}.tdb_single_content .id_top_ad,.tdb_single_content .id_bottom_ad{clear:both;margin-bottom:21px;text-align:center}.tdb_single_content .id_top_ad img,.tdb_single_content .id_bottom_ad img{margin-bottom:0}.tdb_single_content .id_top_ad .adsbygoogle,.tdb_single_content .id_bottom_ad .adsbygoogle{position:relative}.tdb_single_content .id_ad_content-horiz-left,.tdb_single_content .id_ad_content-horiz-right,.tdb_single_content .id_ad_content-horiz-center{margin-bottom:15px}.tdb_single_content .id_ad_content-horiz-left img,.tdb_single_content .id_ad_content-horiz-right img,.tdb_single_content .id_ad_content-horiz-center img{margin-bottom:0}.tdb_single_content .id_ad_content-horiz-center{text-align:center}.tdb_single_content .id_ad_content-horiz-center img{margin-right:auto;margin-left:auto}.tdb_single_content .id_ad_content-horiz-left{float:left;margin-top:9px;margin-right:21px}.tdb_single_content .id_ad_content-horiz-right{float:right;margin-top:6px;margin-left:21px}.tdb_single_content .tdc-a-ad .tdc-placeholder-title{width:300px;height:250px}.tdb_single_content .tdc-a-ad .tdc-placeholder-title:before{position:absolute;top:50%;-webkit-transform:translateY(-50%);transform:translateY(-50%);margin:auto;display:table;width:100%}.tdb_single_content .tdb-block-inner.td-fix-index{word-break:break-word}.tdi_41,.tdi_41>p,.tdi_41 .tdb-block-inner>p,.wp-block-column>p{font-size:16px!important;line-height:1.6!important}.tdi_41 .tdb-block-inner blockquote p{font-style:normal!important}@media (max-width:767px){.tdb_single_content .id_ad_content-horiz-left,.tdb_single_content .id_ad_content-horiz-right,.tdb_single_content .id_ad_content-horiz-center{margin:0 auto 26 pikseli auto}}@media (max-width:767px){.tdb_single_content .id_ad_content-horiz-left{margin-right:0}}@media (max-width:767px){.tdb_single_content .id_ad_content-horiz-right{margin-left:0}}@media (max-width:767px){.tdb_single_content .td-a-ad{float:none;text-align:center}.tdb_single_content .td-a-ad img{margin-right:auto;margin-left:auto}.tdb_single_content .tdc-a-ad{float:none}}<\/style>\n<div class=\"tdb-block-inner td-fix-index\">\n<p>Wicemarsza\u0142ek Sejmu z ramienia Konfederacji Krzysztof Bosak zwr\u00f3ci\u0142 si\u0119 do ambasadora Niemiec w Polsce. Sprawa dotyczy planowanej aukcji pami\u0105tek po ofiarach niemieckich zbrodniarzy wojennych, zorganizowanej przez niemiecki dom aukcyjny w Neuss. Pod naciskiem polityk\u00f3w opozycji i internaut\u00f3w aukcja si\u0119 nie odb\u0119dzie. Ale o sprawie nie da si\u0119 szybko zapomnie\u0107.<\/p>\n<p>O sprawie sprzeda\u017cy pami\u0105tek m.in. po polskich ofiarach II wojny \u015bwiatowej jako pierwszy poinformowa\u0142 Cezary Gmyz, dziennikarz TV Republika.<\/p>\n<p>Przeczytaj wi\u0119cej<span class=\"screen-reader-text\">: pose\u0142 Bosak proponuje podj\u0119cie dzia\u0142a\u0144 niemieckim urz\u0119dnikom w sprawie pami\u0105tek po ofiarach II wojny \u015bwiatowej<\/span><\/p>\n<ul class=\"wp-block-list\">\n<li>Sprzeda\u017c pami\u0105tek po ofiarach niemieckiego terroru. Aukcja znikn\u0119\u0142a ze strony internetowej domu aukcyjnego<\/li>\n<li>Polska \u017c\u0105da natychmiastowego zaprzestania skandalicznej aukcji w Niemczech w zwi\u0105zku z naruszeniami prawa<\/li>\n<li>Muzeum Auschwitz apeluje o pami\u0105tki poobozowe: \u201eTutaj ich miejsce\u201d<\/li>\n<\/ul>\n<p>Spraw\u0119 skomentowa\u0142 wicemarsza\u0142ek Sejmu Krzysztof Bosak. Na swoim profilu na X polityk zamie\u015bci\u0142 zdj\u0119cie kr\u00f3tkiego listu, kt\u00f3ry wi\u0119ziony na Majdanku syn napisa\u0142 do ojca.<\/p>\n<figure class=\"wp-block-pullquote\">\n<blockquote>\n<p>&#8222;Pi\u0119kny charakter pisma, prawda, Ambasadorze Berger? Mo\u017ce zamiast w\u015bcieka\u0107 si\u0119 na polskich polityk\u00f3w w mediach spo\u0142eczno\u015bciowych, mogliby\u015bcie skupi\u0107 si\u0119 na poprawie stosunk\u00f3w polsko-niemieckich i wykaza\u0107 si\u0119 ch\u0119ci\u0105 do dzia\u0142ania, z wymiernymi rezultatami, je\u015bli chodzi o zwrot do Polski pami\u0105tek po ofiarach niemieckiego ludob\u00f3jstwa na Polakach?&#8221;<\/p>\n<\/blockquote>\n<\/figure>\n<p>Bosak w dalszym ci\u0105gu zwraca si\u0119 do dyplomaty, stwierdzaj\u0105c, \u017ce gdyby nades\u0142any przez niego list i inne pami\u0105tki nigdy nie zosta\u0142y dostarczone przez okupant\u00f3w, to przekazanie ich Polsce by\u0142oby gestem godnym pochwa\u0142y. Dodaje, \u017ce we wsp\u00f3\u0142pracy z IPN uda\u0142oby si\u0119 zlokalizowa\u0107 adresat\u00f3w i dor\u0119czy\u0107 korespondencj\u0119.<\/p>\n<p>Krzysztof Bosak zwraca uwag\u0119 kanclerzowi na jeszcze jeden problem, kt\u00f3ry mo\u017cna rozwi\u0105za\u0107.<\/p>\n<figure class=\"wp-block-pullquote\">\n<blockquote>\n<p>\u201eSprawa druga: dobrze by\u0142oby, gdyby kanclerz zaproponowa\u0142 jakie\u015b kompleksowe uregulowanie takich sytuacji, aby nie by\u0142o potrzeby spierania si\u0119 o ka\u017cd\u0105 aukcj\u0119 i ka\u017cdy przedmiot\u201d.<\/p>\n<\/blockquote>\n<\/figure>\n<figure class=\"wp-block-embed is-type-rich is-provider-twitter wp-block-embed-twitter\">\n<div class=\"wp-block-embed__wrapper\">\n<blockquote class=\"twitter-tweet\" data-width=\"550\" data-dnt=\"true\">\n<p lang=\"pl\" dir=\"ltr\">Pi\u0119kny charakter pisma, prawda Panie Ambasadorze <a rel=\"nofollow\" href=\"https:\/\/twitter.com\/Amb_Berger?ref_src=twsrc%5Etfw\">@Amb_Berger<\/a>? Mo\u017ce zamiast aresztowa\u0107 polskich polityk\u00f3w w mediach spo\u0142eczno\u015bciowych podj\u0119cie dzia\u0142a\u0144 w celu poprawienia relacji polsko-niemieckich i podj\u0119cia dzia\u0142a\u0144 w skuteczny spos\u00f3b w sprawie zwrotu Polsce pami\u0105tek po ofiarach niemieckich\u2026 https:\/\/t.co\/0jmEiMwRrm <a rel=\"nofollow\" href=\"https:\/\/t.co\/Ib7Y7IaeF2\">pic.twitter.com\/Ib7Y7IaeF2<\/a><\/p>\n<p>\u2014 Krzysztof Bosak \ud83c\uddf5\ud83c\uddf1 (@krzysztofbosak) <a rel=\"nofollow\" href=\"https:\/\/twitter.com\/krzysztofbosak\/status\/1990013853724196888?ref_src=twsrc%5Etfw\">16 listopada 2025 r<\/a><\/p><\/blockquote>\n<\/div>\n<\/figure>\n<\/div>\n<\/div>\n<p><script async src=\"https:\/\/platform.twitter.com\/widgets.js\" charset=\"utf-8\"><\/script><\/p>\n","protected":false},"excerpt":{"rendered":"<p>Wicemarsza\u0142ek Sejmu z ramienia Konfederacji Krzysztof Bosak zwr\u00f3ci\u0142 si\u0119 do ambasadora Niemiec w Polsce. Sprawa dotyczy planowanej aukcji pami\u0105tek po<\/p>\n","protected":false},"author":1,"featured_media":10687,"comment_status":"open","ping_status":"open","sticky":false,"template":"","format":"standard","meta":{"footnotes":""},"categories":[4748],"tags":[5813,919,6310,12075,12074,2543,3920,35,4226,12147,3146],"class_list":["post-10686","post","type-post","status-publish","format-standard","has-post-thumbnail","hentry","category-aktualne","tag-bosak","tag-dzialania","tag-niemieckim","tag-ofiarach","tag-pamiatek","tag-posel","tag-proponuje","tag-sprawie","tag-swiatowej","tag-urzednikom","tag-wojny","generate-columns","tablet-grid-50","mobile-grid-100","grid-parent","grid-50","resize-featured-image"],"yoast_head":"<!-- This site is optimized with the Yoast SEO plugin v23.2 - https:\/\/yoast.com\/wordpress\/plugins\/seo\/ -->\n<title>Pose\u0142 Bosak proponuje dzia\u0142ania niemieckim urz\u0119dnikom w sprawie pami\u0105tek po ofiarach II wojny \u015bwiatowej - POGOTOWIE FLAGOWE\u00ae<\/title>\n<meta name=\"robots\" content=\"index, follow, max-snippet:-1, max-image-preview:large, max-video-preview:-1\" \/>\n<link rel=\"canonical\" href=\"https:\/\/www.pogotowieflagowe.pl\/aktualne\/posel-bosak-proponuje-dzialania-niemieckim-urzednikom-w-sprawie-pamiatek-po-ofiarach-ii-wojny-swiatowej\/\" \/>\n<meta property=\"og:locale\" content=\"pl_PL\" \/>\n<meta property=\"og:type\" content=\"article\" \/>\n<meta property=\"og:title\" content=\"Pose\u0142 Bosak proponuje dzia\u0142ania niemieckim urz\u0119dnikom w sprawie pami\u0105tek po ofiarach II wojny \u015bwiatowej - POGOTOWIE FLAGOWE\u00ae\" \/>\n<meta property=\"og:description\" content=\"Wicemarsza\u0142ek Sejmu z ramienia Konfederacji Krzysztof Bosak zwr\u00f3ci\u0142 si\u0119 do ambasadora Niemiec w Polsce. Sprawa dotyczy planowanej aukcji pami\u0105tek po\" \/>\n<meta property=\"og:url\" content=\"https:\/\/www.pogotowieflagowe.pl\/aktualne\/posel-bosak-proponuje-dzialania-niemieckim-urzednikom-w-sprawie-pamiatek-po-ofiarach-ii-wojny-swiatowej\/\" \/>\n<meta property=\"og:site_name\" content=\"POGOTOWIE FLAGOWE\u00ae\" \/>\n<meta property=\"article:published_time\" content=\"2025-11-17T11:23:22+00:00\" \/>\n<meta property=\"article:modified_time\" content=\"2025-11-17T11:23:25+00:00\" \/>\n<meta property=\"og:image\" content=\"https:\/\/www.pogotowieflagowe.pl\/aktualne\/wp-content\/uploads\/2025\/11\/Posel-Bosak-proponuje-dzialania-niemieckim-urzednikom-w-sprawie-pamiatek-po.jpg\" \/>\n\t<meta property=\"og:image:width\" content=\"2000\" \/>\n\t<meta property=\"og:image:height\" content=\"1125\" \/>\n\t<meta property=\"og:image:type\" content=\"image\/jpeg\" \/>\n<meta name=\"author\" content=\"Filip\" \/>\n<meta name=\"twitter:card\" content=\"summary_large_image\" \/>\n<meta name=\"twitter:label1\" content=\"Napisane przez\" \/>\n\t<meta name=\"twitter:data1\" content=\"Filip\" \/>\n\t<meta name=\"twitter:label2\" content=\"Szacowany czas czytania\" \/>\n\t<meta name=\"twitter:data2\" content=\"2 minuty\" \/>\n<script type=\"application\/ld+json\" class=\"yoast-schema-graph\">{\"@context\":\"https:\/\/schema.org\",\"@graph\":[{\"@type\":\"Article\",\"@id\":\"https:\/\/www.pogotowieflagowe.pl\/aktualne\/posel-bosak-proponuje-dzialania-niemieckim-urzednikom-w-sprawie-pamiatek-po-ofiarach-ii-wojny-swiatowej\/#article\",\"isPartOf\":{\"@id\":\"https:\/\/www.pogotowieflagowe.pl\/aktualne\/posel-bosak-proponuje-dzialania-niemieckim-urzednikom-w-sprawie-pamiatek-po-ofiarach-ii-wojny-swiatowej\/\"},\"author\":{\"name\":\"Filip\",\"@id\":\"https:\/\/www.pogotowieflagowe.pl\/aktualne\/#\/schema\/person\/9c2fb7d2362ebf6fa088960d7f0d27b0\"},\"headline\":\"Pose\u0142 Bosak proponuje dzia\u0142ania niemieckim urz\u0119dnikom w sprawie pami\u0105tek po ofiarach II wojny \u015bwiatowej\",\"datePublished\":\"2025-11-17T11:23:22+00:00\",\"dateModified\":\"2025-11-17T11:23:25+00:00\",\"mainEntityOfPage\":{\"@id\":\"https:\/\/www.pogotowieflagowe.pl\/aktualne\/posel-bosak-proponuje-dzialania-niemieckim-urzednikom-w-sprawie-pamiatek-po-ofiarach-ii-wojny-swiatowej\/\"},\"wordCount\":406,\"commentCount\":0,\"publisher\":{\"@id\":\"https:\/\/www.pogotowieflagowe.pl\/aktualne\/#organization\"},\"image\":{\"@id\":\"https:\/\/www.pogotowieflagowe.pl\/aktualne\/posel-bosak-proponuje-dzialania-niemieckim-urzednikom-w-sprawie-pamiatek-po-ofiarach-ii-wojny-swiatowej\/#primaryimage\"},\"thumbnailUrl\":\"https:\/\/www.pogotowieflagowe.pl\/aktualne\/wp-content\/uploads\/2025\/11\/Posel-Bosak-proponuje-dzialania-niemieckim-urzednikom-w-sprawie-pamiatek-po.jpg\",\"keywords\":[\"Bosak\",\"dzia\u0142ania\",\"niemieckim\",\"ofiarach\",\"pami\u0105tek\",\"pose\u0142\",\"proponuje\",\"sprawie\",\"\u015bwiatowej\",\"urz\u0119dnikom\",\"wojny\"],\"articleSection\":[\"Aktualne\"],\"inLanguage\":\"pl-PL\",\"potentialAction\":[{\"@type\":\"CommentAction\",\"name\":\"Comment\",\"target\":[\"https:\/\/www.pogotowieflagowe.pl\/aktualne\/posel-bosak-proponuje-dzialania-niemieckim-urzednikom-w-sprawie-pamiatek-po-ofiarach-ii-wojny-swiatowej\/#respond\"]}]},{\"@type\":\"WebPage\",\"@id\":\"https:\/\/www.pogotowieflagowe.pl\/aktualne\/posel-bosak-proponuje-dzialania-niemieckim-urzednikom-w-sprawie-pamiatek-po-ofiarach-ii-wojny-swiatowej\/\",\"url\":\"https:\/\/www.pogotowieflagowe.pl\/aktualne\/posel-bosak-proponuje-dzialania-niemieckim-urzednikom-w-sprawie-pamiatek-po-ofiarach-ii-wojny-swiatowej\/\",\"name\":\"Pose\u0142 Bosak proponuje dzia\u0142ania niemieckim urz\u0119dnikom w sprawie pami\u0105tek po ofiarach II wojny \u015bwiatowej - POGOTOWIE FLAGOWE\u00ae\",\"isPartOf\":{\"@id\":\"https:\/\/www.pogotowieflagowe.pl\/aktualne\/#website\"},\"primaryImageOfPage\":{\"@id\":\"https:\/\/www.pogotowieflagowe.pl\/aktualne\/posel-bosak-proponuje-dzialania-niemieckim-urzednikom-w-sprawie-pamiatek-po-ofiarach-ii-wojny-swiatowej\/#primaryimage\"},\"image\":{\"@id\":\"https:\/\/www.pogotowieflagowe.pl\/aktualne\/posel-bosak-proponuje-dzialania-niemieckim-urzednikom-w-sprawie-pamiatek-po-ofiarach-ii-wojny-swiatowej\/#primaryimage\"},\"thumbnailUrl\":\"https:\/\/www.pogotowieflagowe.pl\/aktualne\/wp-content\/uploads\/2025\/11\/Posel-Bosak-proponuje-dzialania-niemieckim-urzednikom-w-sprawie-pamiatek-po.jpg\",\"datePublished\":\"2025-11-17T11:23:22+00:00\",\"dateModified\":\"2025-11-17T11:23:25+00:00\",\"breadcrumb\":{\"@id\":\"https:\/\/www.pogotowieflagowe.pl\/aktualne\/posel-bosak-proponuje-dzialania-niemieckim-urzednikom-w-sprawie-pamiatek-po-ofiarach-ii-wojny-swiatowej\/#breadcrumb\"},\"inLanguage\":\"pl-PL\",\"potentialAction\":[{\"@type\":\"ReadAction\",\"target\":[\"https:\/\/www.pogotowieflagowe.pl\/aktualne\/posel-bosak-proponuje-dzialania-niemieckim-urzednikom-w-sprawie-pamiatek-po-ofiarach-ii-wojny-swiatowej\/\"]}]},{\"@type\":\"ImageObject\",\"inLanguage\":\"pl-PL\",\"@id\":\"https:\/\/www.pogotowieflagowe.pl\/aktualne\/posel-bosak-proponuje-dzialania-niemieckim-urzednikom-w-sprawie-pamiatek-po-ofiarach-ii-wojny-swiatowej\/#primaryimage\",\"url\":\"https:\/\/www.pogotowieflagowe.pl\/aktualne\/wp-content\/uploads\/2025\/11\/Posel-Bosak-proponuje-dzialania-niemieckim-urzednikom-w-sprawie-pamiatek-po.jpg\",\"contentUrl\":\"https:\/\/www.pogotowieflagowe.pl\/aktualne\/wp-content\/uploads\/2025\/11\/Posel-Bosak-proponuje-dzialania-niemieckim-urzednikom-w-sprawie-pamiatek-po.jpg\",\"width\":2000,\"height\":1125,\"caption\":\"Pose\u0142 Bosak proponuje dzia\u0142ania niemieckim urz\u0119dnikom w sprawie pami\u0105tek po ofiarach II wojny \u015bwiatowej\"},{\"@type\":\"BreadcrumbList\",\"@id\":\"https:\/\/www.pogotowieflagowe.pl\/aktualne\/posel-bosak-proponuje-dzialania-niemieckim-urzednikom-w-sprawie-pamiatek-po-ofiarach-ii-wojny-swiatowej\/#breadcrumb\",\"itemListElement\":[{\"@type\":\"ListItem\",\"position\":1,\"name\":\"Home\",\"item\":\"https:\/\/www.pogotowieflagowe.pl\/aktualne\/\"},{\"@type\":\"ListItem\",\"position\":2,\"name\":\"Pose\u0142 Bosak proponuje dzia\u0142ania niemieckim urz\u0119dnikom w sprawie pami\u0105tek po ofiarach II wojny \u015bwiatowej\"}]},{\"@type\":\"WebSite\",\"@id\":\"https:\/\/www.pogotowieflagowe.pl\/aktualne\/#website\",\"url\":\"https:\/\/www.pogotowieflagowe.pl\/aktualne\/\",\"name\":\"POGOTOWIE FLAGOWE\u00ae\",\"description\":\"\",\"publisher\":{\"@id\":\"https:\/\/www.pogotowieflagowe.pl\/aktualne\/#organization\"},\"potentialAction\":[{\"@type\":\"SearchAction\",\"target\":{\"@type\":\"EntryPoint\",\"urlTemplate\":\"https:\/\/www.pogotowieflagowe.pl\/aktualne\/?s={search_term_string}\"},\"query-input\":\"required name=search_term_string\"}],\"inLanguage\":\"pl-PL\"},{\"@type\":\"Organization\",\"@id\":\"https:\/\/www.pogotowieflagowe.pl\/aktualne\/#organization\",\"name\":\"POGOTOWIE FLAGOWE\u00ae\",\"url\":\"https:\/\/www.pogotowieflagowe.pl\/aktualne\/\",\"logo\":{\"@type\":\"ImageObject\",\"inLanguage\":\"pl-PL\",\"@id\":\"https:\/\/www.pogotowieflagowe.pl\/aktualne\/#\/schema\/logo\/image\/\",\"url\":\"https:\/\/www.pogotowieflagowe.pl\/aktualne\/wp-content\/uploads\/2024\/08\/cropped-pogotowieflagowe_flaga_projekt_sm.jpg\",\"contentUrl\":\"https:\/\/www.pogotowieflagowe.pl\/aktualne\/wp-content\/uploads\/2024\/08\/cropped-pogotowieflagowe_flaga_projekt_sm.jpg\",\"width\":250,\"height\":143,\"caption\":\"POGOTOWIE FLAGOWE\u00ae\"},\"image\":{\"@id\":\"https:\/\/www.pogotowieflagowe.pl\/aktualne\/#\/schema\/logo\/image\/\"}},{\"@type\":\"Person\",\"@id\":\"https:\/\/www.pogotowieflagowe.pl\/aktualne\/#\/schema\/person\/9c2fb7d2362ebf6fa088960d7f0d27b0\",\"name\":\"Filip\",\"image\":{\"@type\":\"ImageObject\",\"inLanguage\":\"pl-PL\",\"@id\":\"https:\/\/www.pogotowieflagowe.pl\/aktualne\/#\/schema\/person\/image\/\",\"url\":\"https:\/\/www.pogotowieflagowe.pl\/aktualne\/wp-content\/uploads\/2024\/08\/pogotowieflagowe.pl_.jpg\",\"contentUrl\":\"https:\/\/www.pogotowieflagowe.pl\/aktualne\/wp-content\/uploads\/2024\/08\/pogotowieflagowe.pl_.jpg\",\"caption\":\"Filip\"},\"description\":\"Jestem Filip, polski dziennikarz z dyplomem nauk politycznych Uniwersytetu Warszawskiego. Rozpoczynaj\u0105c swoj\u0105 karier\u0119 w r\u00f3\u017cnych lokalnych mediach, zdoby\u0142em solidne do\u015bwiadczenie w zakresie \u015bledztwa i redakcji. Obecnie jako redaktor w Pogotowie flagowe, staram si\u0119 dostarcza\u0107 dog\u0142\u0119bne i istotne analizy na temat najwa\u017cniejszych kwestii aktualno\u015bci, \u0142\u0105cz\u0105c rygor z pasj\u0105 dziennikarsk\u0105.\",\"sameAs\":[\"https:\/\/www.pogotowieflagowe.pl\/\"]}]}<\/script>\n<!-- \/ Yoast SEO plugin. -->","yoast_head_json":{"title":"Pose\u0142 Bosak proponuje dzia\u0142ania niemieckim urz\u0119dnikom w sprawie pami\u0105tek po ofiarach II wojny \u015bwiatowej - POGOTOWIE FLAGOWE\u00ae","robots":{"index":"index","follow":"follow","max-snippet":"max-snippet:-1","max-image-preview":"max-image-preview:large","max-video-preview":"max-video-preview:-1"},"canonical":"https:\/\/www.pogotowieflagowe.pl\/aktualne\/posel-bosak-proponuje-dzialania-niemieckim-urzednikom-w-sprawie-pamiatek-po-ofiarach-ii-wojny-swiatowej\/","og_locale":"pl_PL","og_type":"article","og_title":"Pose\u0142 Bosak proponuje dzia\u0142ania niemieckim urz\u0119dnikom w sprawie pami\u0105tek po ofiarach II wojny \u015bwiatowej - POGOTOWIE FLAGOWE\u00ae","og_description":"Wicemarsza\u0142ek Sejmu z ramienia Konfederacji Krzysztof Bosak zwr\u00f3ci\u0142 si\u0119 do ambasadora Niemiec w Polsce. Sprawa dotyczy planowanej aukcji pami\u0105tek po","og_url":"https:\/\/www.pogotowieflagowe.pl\/aktualne\/posel-bosak-proponuje-dzialania-niemieckim-urzednikom-w-sprawie-pamiatek-po-ofiarach-ii-wojny-swiatowej\/","og_site_name":"POGOTOWIE FLAGOWE\u00ae","article_published_time":"2025-11-17T11:23:22+00:00","article_modified_time":"2025-11-17T11:23:25+00:00","og_image":[{"width":2000,"height":1125,"url":"https:\/\/www.pogotowieflagowe.pl\/aktualne\/wp-content\/uploads\/2025\/11\/Posel-Bosak-proponuje-dzialania-niemieckim-urzednikom-w-sprawie-pamiatek-po.jpg","type":"image\/jpeg"}],"author":"Filip","twitter_card":"summary_large_image","twitter_misc":{"Napisane przez":"Filip","Szacowany czas czytania":"2 minuty"},"schema":{"@context":"https:\/\/schema.org","@graph":[{"@type":"Article","@id":"https:\/\/www.pogotowieflagowe.pl\/aktualne\/posel-bosak-proponuje-dzialania-niemieckim-urzednikom-w-sprawie-pamiatek-po-ofiarach-ii-wojny-swiatowej\/#article","isPartOf":{"@id":"https:\/\/www.pogotowieflagowe.pl\/aktualne\/posel-bosak-proponuje-dzialania-niemieckim-urzednikom-w-sprawie-pamiatek-po-ofiarach-ii-wojny-swiatowej\/"},"author":{"name":"Filip","@id":"https:\/\/www.pogotowieflagowe.pl\/aktualne\/#\/schema\/person\/9c2fb7d2362ebf6fa088960d7f0d27b0"},"headline":"Pose\u0142 Bosak proponuje dzia\u0142ania niemieckim urz\u0119dnikom w sprawie pami\u0105tek po ofiarach II wojny \u015bwiatowej","datePublished":"2025-11-17T11:23:22+00:00","dateModified":"2025-11-17T11:23:25+00:00","mainEntityOfPage":{"@id":"https:\/\/www.pogotowieflagowe.pl\/aktualne\/posel-bosak-proponuje-dzialania-niemieckim-urzednikom-w-sprawie-pamiatek-po-ofiarach-ii-wojny-swiatowej\/"},"wordCount":406,"commentCount":0,"publisher":{"@id":"https:\/\/www.pogotowieflagowe.pl\/aktualne\/#organization"},"image":{"@id":"https:\/\/www.pogotowieflagowe.pl\/aktualne\/posel-bosak-proponuje-dzialania-niemieckim-urzednikom-w-sprawie-pamiatek-po-ofiarach-ii-wojny-swiatowej\/#primaryimage"},"thumbnailUrl":"https:\/\/www.pogotowieflagowe.pl\/aktualne\/wp-content\/uploads\/2025\/11\/Posel-Bosak-proponuje-dzialania-niemieckim-urzednikom-w-sprawie-pamiatek-po.jpg","keywords":["Bosak","dzia\u0142ania","niemieckim","ofiarach","pami\u0105tek","pose\u0142","proponuje","sprawie","\u015bwiatowej","urz\u0119dnikom","wojny"],"articleSection":["Aktualne"],"inLanguage":"pl-PL","potentialAction":[{"@type":"CommentAction","name":"Comment","target":["https:\/\/www.pogotowieflagowe.pl\/aktualne\/posel-bosak-proponuje-dzialania-niemieckim-urzednikom-w-sprawie-pamiatek-po-ofiarach-ii-wojny-swiatowej\/#respond"]}]},{"@type":"WebPage","@id":"https:\/\/www.pogotowieflagowe.pl\/aktualne\/posel-bosak-proponuje-dzialania-niemieckim-urzednikom-w-sprawie-pamiatek-po-ofiarach-ii-wojny-swiatowej\/","url":"https:\/\/www.pogotowieflagowe.pl\/aktualne\/posel-bosak-proponuje-dzialania-niemieckim-urzednikom-w-sprawie-pamiatek-po-ofiarach-ii-wojny-swiatowej\/","name":"Pose\u0142 Bosak proponuje dzia\u0142ania niemieckim urz\u0119dnikom w sprawie pami\u0105tek po ofiarach II wojny \u015bwiatowej - POGOTOWIE FLAGOWE\u00ae","isPartOf":{"@id":"https:\/\/www.pogotowieflagowe.pl\/aktualne\/#website"},"primaryImageOfPage":{"@id":"https:\/\/www.pogotowieflagowe.pl\/aktualne\/posel-bosak-proponuje-dzialania-niemieckim-urzednikom-w-sprawie-pamiatek-po-ofiarach-ii-wojny-swiatowej\/#primaryimage"},"image":{"@id":"https:\/\/www.pogotowieflagowe.pl\/aktualne\/posel-bosak-proponuje-dzialania-niemieckim-urzednikom-w-sprawie-pamiatek-po-ofiarach-ii-wojny-swiatowej\/#primaryimage"},"thumbnailUrl":"https:\/\/www.pogotowieflagowe.pl\/aktualne\/wp-content\/uploads\/2025\/11\/Posel-Bosak-proponuje-dzialania-niemieckim-urzednikom-w-sprawie-pamiatek-po.jpg","datePublished":"2025-11-17T11:23:22+00:00","dateModified":"2025-11-17T11:23:25+00:00","breadcrumb":{"@id":"https:\/\/www.pogotowieflagowe.pl\/aktualne\/posel-bosak-proponuje-dzialania-niemieckim-urzednikom-w-sprawie-pamiatek-po-ofiarach-ii-wojny-swiatowej\/#breadcrumb"},"inLanguage":"pl-PL","potentialAction":[{"@type":"ReadAction","target":["https:\/\/www.pogotowieflagowe.pl\/aktualne\/posel-bosak-proponuje-dzialania-niemieckim-urzednikom-w-sprawie-pamiatek-po-ofiarach-ii-wojny-swiatowej\/"]}]},{"@type":"ImageObject","inLanguage":"pl-PL","@id":"https:\/\/www.pogotowieflagowe.pl\/aktualne\/posel-bosak-proponuje-dzialania-niemieckim-urzednikom-w-sprawie-pamiatek-po-ofiarach-ii-wojny-swiatowej\/#primaryimage","url":"https:\/\/www.pogotowieflagowe.pl\/aktualne\/wp-content\/uploads\/2025\/11\/Posel-Bosak-proponuje-dzialania-niemieckim-urzednikom-w-sprawie-pamiatek-po.jpg","contentUrl":"https:\/\/www.pogotowieflagowe.pl\/aktualne\/wp-content\/uploads\/2025\/11\/Posel-Bosak-proponuje-dzialania-niemieckim-urzednikom-w-sprawie-pamiatek-po.jpg","width":2000,"height":1125,"caption":"Pose\u0142 Bosak proponuje dzia\u0142ania niemieckim urz\u0119dnikom w sprawie pami\u0105tek po ofiarach II wojny \u015bwiatowej"},{"@type":"BreadcrumbList","@id":"https:\/\/www.pogotowieflagowe.pl\/aktualne\/posel-bosak-proponuje-dzialania-niemieckim-urzednikom-w-sprawie-pamiatek-po-ofiarach-ii-wojny-swiatowej\/#breadcrumb","itemListElement":[{"@type":"ListItem","position":1,"name":"Home","item":"https:\/\/www.pogotowieflagowe.pl\/aktualne\/"},{"@type":"ListItem","position":2,"name":"Pose\u0142 Bosak proponuje dzia\u0142ania niemieckim urz\u0119dnikom w sprawie pami\u0105tek po ofiarach II wojny \u015bwiatowej"}]},{"@type":"WebSite","@id":"https:\/\/www.pogotowieflagowe.pl\/aktualne\/#website","url":"https:\/\/www.pogotowieflagowe.pl\/aktualne\/","name":"POGOTOWIE FLAGOWE\u00ae","description":"","publisher":{"@id":"https:\/\/www.pogotowieflagowe.pl\/aktualne\/#organization"},"potentialAction":[{"@type":"SearchAction","target":{"@type":"EntryPoint","urlTemplate":"https:\/\/www.pogotowieflagowe.pl\/aktualne\/?s={search_term_string}"},"query-input":"required name=search_term_string"}],"inLanguage":"pl-PL"},{"@type":"Organization","@id":"https:\/\/www.pogotowieflagowe.pl\/aktualne\/#organization","name":"POGOTOWIE FLAGOWE\u00ae","url":"https:\/\/www.pogotowieflagowe.pl\/aktualne\/","logo":{"@type":"ImageObject","inLanguage":"pl-PL","@id":"https:\/\/www.pogotowieflagowe.pl\/aktualne\/#\/schema\/logo\/image\/","url":"https:\/\/www.pogotowieflagowe.pl\/aktualne\/wp-content\/uploads\/2024\/08\/cropped-pogotowieflagowe_flaga_projekt_sm.jpg","contentUrl":"https:\/\/www.pogotowieflagowe.pl\/aktualne\/wp-content\/uploads\/2024\/08\/cropped-pogotowieflagowe_flaga_projekt_sm.jpg","width":250,"height":143,"caption":"POGOTOWIE FLAGOWE\u00ae"},"image":{"@id":"https:\/\/www.pogotowieflagowe.pl\/aktualne\/#\/schema\/logo\/image\/"}},{"@type":"Person","@id":"https:\/\/www.pogotowieflagowe.pl\/aktualne\/#\/schema\/person\/9c2fb7d2362ebf6fa088960d7f0d27b0","name":"Filip","image":{"@type":"ImageObject","inLanguage":"pl-PL","@id":"https:\/\/www.pogotowieflagowe.pl\/aktualne\/#\/schema\/person\/image\/","url":"https:\/\/www.pogotowieflagowe.pl\/aktualne\/wp-content\/uploads\/2024\/08\/pogotowieflagowe.pl_.jpg","contentUrl":"https:\/\/www.pogotowieflagowe.pl\/aktualne\/wp-content\/uploads\/2024\/08\/pogotowieflagowe.pl_.jpg","caption":"Filip"},"description":"Jestem Filip, polski dziennikarz z dyplomem nauk politycznych Uniwersytetu Warszawskiego. Rozpoczynaj\u0105c swoj\u0105 karier\u0119 w r\u00f3\u017cnych lokalnych mediach, zdoby\u0142em solidne do\u015bwiadczenie w zakresie \u015bledztwa i redakcji. Obecnie jako redaktor w Pogotowie flagowe, staram si\u0119 dostarcza\u0107 dog\u0142\u0119bne i istotne analizy na temat najwa\u017cniejszych kwestii aktualno\u015bci, \u0142\u0105cz\u0105c rygor z pasj\u0105 dziennikarsk\u0105.","sameAs":["https:\/\/www.pogotowieflagowe.pl\/"]}]}},"_links":{"self":[{"href":"https:\/\/www.pogotowieflagowe.pl\/aktualne\/wp-json\/wp\/v2\/posts\/10686","targetHints":{"allow":["GET"]}}],"collection":[{"href":"https:\/\/www.pogotowieflagowe.pl\/aktualne\/wp-json\/wp\/v2\/posts"}],"about":[{"href":"https:\/\/www.pogotowieflagowe.pl\/aktualne\/wp-json\/wp\/v2\/types\/post"}],"author":[{"embeddable":true,"href":"https:\/\/www.pogotowieflagowe.pl\/aktualne\/wp-json\/wp\/v2\/users\/1"}],"replies":[{"embeddable":true,"href":"https:\/\/www.pogotowieflagowe.pl\/aktualne\/wp-json\/wp\/v2\/comments?post=10686"}],"version-history":[{"count":1,"href":"https:\/\/www.pogotowieflagowe.pl\/aktualne\/wp-json\/wp\/v2\/posts\/10686\/revisions"}],"predecessor-version":[{"id":10688,"href":"https:\/\/www.pogotowieflagowe.pl\/aktualne\/wp-json\/wp\/v2\/posts\/10686\/revisions\/10688"}],"wp:featuredmedia":[{"embeddable":true,"href":"https:\/\/www.pogotowieflagowe.pl\/aktualne\/wp-json\/wp\/v2\/media\/10687"}],"wp:attachment":[{"href":"https:\/\/www.pogotowieflagowe.pl\/aktualne\/wp-json\/wp\/v2\/media?parent=10686"}],"wp:term":[{"taxonomy":"category","embeddable":true,"href":"https:\/\/www.pogotowieflagowe.pl\/aktualne\/wp-json\/wp\/v2\/categories?post=10686"},{"taxonomy":"post_tag","embeddable":true,"href":"https:\/\/www.pogotowieflagowe.pl\/aktualne\/wp-json\/wp\/v2\/tags?post=10686"}],"curies":[{"name":"wp","href":"https:\/\/api.w.org\/{rel}","templated":true}]}}