{"id":10695,"date":"2025-11-17T14:28:00","date_gmt":"2025-11-17T13:28:00","guid":{"rendered":"https:\/\/www.pogotowieflagowe.pl\/aktualne\/grupa-sabotazowa-dzialala-wzdluz-torow-podczas-gdy-media-milczaly-sakiewicz-do-rzadu-czas-przestac-sie-bawic\/"},"modified":"2025-11-17T14:28:01","modified_gmt":"2025-11-17T13:28:01","slug":"grupa-sabotazowa-dzialala-wzdluz-torow-podczas-gdy-media-milczaly-sakiewicz-do-rzadu-czas-przestac-sie-bawic","status":"publish","type":"post","link":"https:\/\/www.pogotowieflagowe.pl\/aktualne\/grupa-sabotazowa-dzialala-wzdluz-torow-podczas-gdy-media-milczaly-sakiewicz-do-rzadu-czas-przestac-sie-bawic\/","title":{"rendered":"Grupa sabota\u017cowa dzia\u0142a\u0142a wzd\u0142u\u017c tor\u00f3w, podczas gdy media milcza\u0142y. Sakiewicz do rz\u0105du: \u201eCzas przesta\u0107 si\u0119 bawi\u0107!\u201d"},"content":{"rendered":"\n<div class=\"td_block_wrap tdb_single_content tdi_41 td-pb-border-top td_block_template_8 td-post-content tagdiv-type\" data-td-block-uid=\"tdi_41\">\n<style>.tdi_41{margines-top:0px!important;margin-bottom:0px!important;dope\u0142nienie-g\u00f3ra:0px!important;dope\u0142nienie-d\u00f3\u0142:0px!important}<\/style>\n<style>.tdb_single_content{margin-bottom:0;*zoom:1}.tdb_single_content:before,.tdb_single_content:after{display:table;content:'';line-height:0}.tdb_single_content:after{clear:both}.tdb_single_content .tdb-block-inner>*:not(.wp-block-quote):not(.alignwide):not(.alignfull.wp-block-cover.has-parallax):not(.td-a-ad){margin-left:auto;margin-right:auto}.tdb_single_content a{pointer-events:auto}.tdb_single_content .td-spot-id-top_ad .tdc-placeholder-title:before{content:'Najlepsza reklama artyku\u0142u'!important}.tdb_single_content .td-spot-id-inline_ad0 .tdc-placeholder-title:before{content:'Reklama wbudowana artyku\u0142u 1'!important}.tdb_single_content .td-spot-id-inline_ad1 .tdc-placeholder-title:before{content:'Wbudowana reklama w artykule 2'!important}.tdb_single_content .td-spot-id-inline_ad2 .tdc-placeholder-title:before{content:'Wbudowana reklama w artykule 3'!important}.tdb_single_content .td-spot-id-bottom_ad .tdc-placeholder-title:before{content:'Article Bottom Ad'!important}.tdb_single_content .id_top_ad,.tdb_single_content .id_bottom_ad{clear:both;margin-bottom:21px;text-align:center}.tdb_single_content .id_top_ad img,.tdb_single_content .id_bottom_ad img{margin-bottom:0}.tdb_single_content .id_top_ad .adsbygoogle,.tdb_single_content .id_bottom_ad .adsbygoogle{position:relative}.tdb_single_content .id_ad_content-horiz-left,.tdb_single_content .id_ad_content-horiz-right,.tdb_single_content .id_ad_content-horiz-center{margin-bottom:15px}.tdb_single_content .id_ad_content-horiz-left img,.tdb_single_content .id_ad_content-horiz-right img,.tdb_single_content .id_ad_content-horiz-center img{margin-bottom:0}.tdb_single_content .id_ad_content-horiz-center{text-align:center}.tdb_single_content .id_ad_content-horiz-center img{margin-right:auto;margin-left:auto}.tdb_single_content .id_ad_content-horiz-left{float:left;margin-top:9px;margin-right:21px}.tdb_single_content .id_ad_content-horiz-right{float:right;margin-top:6px;margin-left:21px}.tdb_single_content .tdc-a-ad .tdc-placeholder-title{width:300px;height:250px}.tdb_single_content .tdc-a-ad .tdc-placeholder-title:before{position:absolute;top:50%;-webkit-transform:translateY(-50%);transform:translateY(-50%);margin:auto;display:table;width:100%}.tdb_single_content .tdb-block-inner.td-fix-index{word-break:break-word}.tdi_41,.tdi_41>p,.tdi_41 .tdb-block-inner>p,.wp-block-column>p{font-size:16px!important;line-height:1.6!important}.tdi_41 .tdb-block-inner blockquote p{font-style:normal!important}@media (max-width:767px){.tdb_single_content .id_ad_content-horiz-left,.tdb_single_content .id_ad_content-horiz-right,.tdb_single_content .id_ad_content-horiz-center{margin:0 auto 26 pikseli auto}}@media (max-width:767px){.tdb_single_content .id_ad_content-horiz-left{margin-right:0}}@media (max-width:767px){.tdb_single_content .id_ad_content-horiz-right{margin-left:0}}@media (max-width:767px){.tdb_single_content .td-a-ad{float:none;text-align:center}.tdb_single_content .td-a-ad img{margin-right:auto;margin-left:auto}.tdb_single_content .tdc-a-ad{float:none}}<\/style>\n<div class=\"tdb-block-inner td-fix-index\">\n<p><strong>\u201eDlaczego wszyscy milcz\u0105, gdy dzieje si\u0119 co\u015b tak przera\u017caj\u0105cego, jak pr\u00f3ba wysadzenia tor\u00f3w pod poci\u0105giem, a nawet pr\u00f3ba wysadzenia ca\u0142ego poci\u0105gu, co mog\u0142o poci\u0105gn\u0105\u0107 za sob\u0105 setki ofiar\u201d<\/strong>\u2013 zapyta\u0142 szef TV Republika Tomasz Sakiewicz. Podkre\u015bli\u0142, \u017ce gdyby nie dobra robota, jak\u0105 w niedziel\u0119 wykona\u0142a TV Republika, Polacy przez ca\u0142y dzie\u0144 nie dowiedzieliby si\u0119 prawdy o zdarzeniu pod D\u0119blinem. Jego zdaniem mamy do czynienia z bardzo dobrze zorganizowan\u0105 rosyjsk\u0105 grup\u0105 dywersyjn\u0105.<\/p>\n<h2 class=\"wp-block-heading\">Prorz\u0105dowe media zachowywa\u0142y ca\u0142kowit\u0105 cisz\u0119. Grupa sabota\u017cowa chroniona przez inn\u0105 grup\u0119<\/h2>\n<blockquote class=\"wp-block-quote is-layout-flow wp-block-quote-is-layout-flow\">\n<p><strong>\u201eGdyby nie TV Republika, opinia publiczna mog\u0142aby nigdy si\u0119 o tym nie dowiedzie\u0107\u201d<\/strong>\u2013 podkre\u015bli\u0142 szef stacji.<\/p>\n<\/blockquote>\n<figure class=\"wp-block-pullquote\">\n<blockquote>\n<p>&#8222;Dzisiaj mamy do czynienia z kolejnym ra\u017c\u0105cym aktem sabota\u017cu. Najprawdopodobniej mamy do czynienia z bardzo dobrze zorganizowan\u0105 grup\u0105 dywersyjn\u0105, za kt\u00f3r\u0105 stoj\u0105 rosyjskie s\u0142u\u017cby, grup\u0105 dodatkowo otoczon\u0105 przez inne s\u0142u\u017cby, kt\u00f3re propagandowo ukrywaj\u0105 swoj\u0105 odpowiedzialno\u015b\u0107, zrzucaj\u0105c win\u0119 na Ukrai\u0144c\u00f3w &#8211; twierdz\u0105c, \u017ce Ukrai\u0144cy chcieli si\u0119 wysadzi\u0107 w powietrze. A na dodatek nasz rz\u0105d, \u015bwiadomie lub niech\u0119tnie, wsp\u00f3\u0142pracuje z nimi, wprowadzaj\u0105c spo\u0142ecze\u0144stwo w b\u0142\u0105d&#8221; &#8211; powiedzia\u0142 Tomasz Sakiewicz.<\/p>\n<\/blockquote>\n<\/figure>\n<p>Podkre\u015bli\u0142, \u017ce pierwsze prawdziwe informacje od rz\u0105du pojawi\u0142y si\u0119 dopiero po 24 godzinach.<\/p>\n<figure class=\"wp-block-pullquote\">\n<blockquote>\n<p><strong>&#8222;A gdzie jeszcze pod\u0142o\u017cono \u0142adunki wybuchowe? Panowie! Czas przesta\u0107 si\u0119 bawi\u0107! To nie wywiady, kt\u00f3re Republika prowadzi ze Zbigniewem Ziobr\u0105 powinny by\u0107 priorytetem s\u0142u\u017cb specjalnych, ale zadbanie o to, \u017ceby w Polsce nie gin\u0119li ludzie&#8221;<\/strong>\u2013 zaapelowa\u0142 Sakiewicz.<\/p>\n<\/blockquote>\n<\/figure>\n<p>Wczoraj rano na linii kolejowej Warszawa-D\u0119blin dosz\u0142o do niebezpiecznego zdarzenia. Maszynista zahamowa\u0142 tu\u017c przed du\u017c\u0105 przerw\u0105 w torach. Dzie\u0144 wcze\u015bniej oko\u0142o godziny 21:00 policja otrzyma\u0142a informacj\u0119 o eksplozji, kt\u00f3ra mia\u0142a miejsce w okolicy, a jak podaje Republika, w poprzek tor\u00f3w u\u0142o\u017cony zosta\u0142 d\u0142ugi kabel elektryczny, kt\u00f3ry ci\u0105gn\u0105\u0142 si\u0119 a\u017c do pobliskiego parkingu.<\/p>\n<figure class=\"wp-block-embed is-type-video is-provider-youtube wp-block-embed-youtube wp-embed-aspect-16-9 wp-has-aspect-ratio\">\n<div class=\"wp-block-embed__wrapper\">\n<div class=\"youtube-embed\" data-video_id=\"dzntyCTgJMQ\"><iframe title=\"RELACJA NA \u017bYWO - OGL\u0104DAJ - Telewizja Republika! \ud83d\udcfa\ud83d\udcbb\ud83d\udcf2\" width=\"1200\" height=\"675\" src=\"https:\/\/www.youtube.com\/embed\/dzntyCTgJMQ?feature=oembed\" frameborder=\"0\" allow=\"accelerometer; autoplay; clipboard-write; encrypted-media; gyroscope; picture-in-picture; web-share\" referrerpolicy=\"strict-origin-when-cross-origin\" allowfullscreen><\/iframe><\/div>\n<\/div>\n<\/figure>\n<h2 class=\"wp-block-heading\">Przeczytaj tak\u017ce:<\/h2>\n<figure class=\"wp-block-embed is-type-wp-embed is-provider-polanddaily-24-com wp-block-embed-polanddaily-24-com\">\n<div class=\"wp-block-embed__wrapper\">\n<blockquote class=\"wp-embedded-content\" data-secret=\"wp3Cmr928H\"><p>\u015alady pozostawione na torach w \u017byczynie wygl\u0105daj\u0105 jak eksplozja na Ukrainie. Niepokoj\u0105ce podobie\u0144stwo<\/p><\/blockquote>\n<p><iframe class=\"wp-embedded-content lazyload\" sandbox=\"allow-scripts\" security=\"restricted\" style=\"position: absolute; visibility: hidden;\" title=\"\u201cThe marks left on the tracks in \u017byczyn look like an explosion in Ukraine. An unsettling similarity\u201d \u2014 PolandDaily24.com\" data-secret=\"wp3Cmr928H\" width=\"600\" height=\"338\" frameborder=\"0\" marginwidth=\"0\" marginheight=\"0\" scrolling=\"no\" data-src=\"https:\/\/polanddaily24.com\/the-marks-left-on-the-tracks-in-zyczyn-look-like-an-explosion-in-ukraine-an-unsettling-similarity\/poland-today\/62833\/embed#?secret=GbuEK0fDSp#?secret=wp3Cmr928H\"><\/iframe>\n<\/div>\n<\/figure>\n<figure class=\"wp-block-embed is-type-wp-embed is-provider-polanddaily-24-com wp-block-embed-polanddaily-24-com\">\n<div class=\"wp-block-embed__wrapper\">\n<blockquote class=\"wp-embedded-content\" data-secret=\"ZF2R74ELwl\"><p>Urz\u0119dnik reaguje na obawy dotycz\u0105ce sabota\u017cu i wzywa do ostro\u017cno\u015bci w zrzucaniu winy na Rosj\u0119<\/p><\/blockquote>\n<p><iframe class=\"wp-embedded-content lazyload\" sandbox=\"allow-scripts\" security=\"restricted\" style=\"position: absolute; visibility: hidden;\" title=\"\u201cOfficial Responds to Track Sabotage Concerns,\u00a0Urges Caution in Blaming Russia\u201d \u2014 PolandDaily24.com\" data-secret=\"ZF2R74ELwl\" width=\"600\" height=\"338\" frameborder=\"0\" marginwidth=\"0\" marginheight=\"0\" scrolling=\"no\" data-src=\"https:\/\/polanddaily24.com\/official-responds-to-track-sabotage-concerns-urges-caution-in-blaming-russia\/poland-today\/62819\/embed#?secret=aRXOjQeIqi#?secret=ZF2R74ELwl\"><\/iframe>\n<\/div>\n<\/figure>\n<figure class=\"wp-block-embed is-type-wp-embed is-provider-polanddaily-24-com wp-block-embed-polanddaily-24-com\">\n<div class=\"wp-block-embed__wrapper\">\n<blockquote class=\"wp-embedded-content\" data-secret=\"IgYXLHXr0u\"><p>Wysadzone tory w powiecie garwoli\u0144skim. Maszynista uratowa\u0142 poci\u0105g na chwil\u0119 przed katastrof\u0105<\/p><\/blockquote>\n<p><iframe loading=\"lazy\" class=\"wp-embedded-content lazyload\" sandbox=\"allow-scripts\" security=\"restricted\" style=\"position: absolute; visibility: hidden;\" title=\"\u201cBlown-Up Tracks in Garwolin County. Train Driver Saved the Train Moments Before Disaster\u201d \u2014 PolandDaily24.com\" data-secret=\"IgYXLHXr0u\" width=\"600\" height=\"338\" frameborder=\"0\" marginwidth=\"0\" marginheight=\"0\" scrolling=\"no\" data-src=\"https:\/\/polanddaily24.com\/blown-up-tracks-in-garwolin-county-train-driver-saved-the-train-moments-before-disaster\/poland-today\/62797\/embed#?secret=l5w2K4Sw6P#?secret=IgYXLHXr0u\"><\/iframe>\n<\/div>\n<\/figure>\n<\/div>\n<\/div>\n","protected":false},"excerpt":{"rendered":"<p>\u201eDlaczego wszyscy milcz\u0105, gdy dzieje si\u0119 co\u015b tak przera\u017caj\u0105cego, jak pr\u00f3ba wysadzenia tor\u00f3w pod poci\u0105giem, a nawet pr\u00f3ba wysadzenia ca\u0142ego<\/p>\n","protected":false},"author":1,"featured_media":10696,"comment_status":"open","ping_status":"open","sticky":false,"template":"","format":"standard","meta":{"footnotes":""},"categories":[4748],"tags":[12160,1335,10868,2503,536,4952,12159,105,9847,335,12157,373,150,12158,7919],"class_list":["post-10695","post","type-post","status-publish","format-standard","has-post-thumbnail","hentry","category-aktualne","tag-bawic","tag-czas","tag-dzialala","tag-gdy","tag-grupa","tag-media","tag-milczaly","tag-podczas","tag-przestac","tag-rzadu","tag-sabotazowa","tag-sakiewicz","tag-sie","tag-torow","tag-wzdluz","generate-columns","tablet-grid-50","mobile-grid-100","grid-parent","grid-50","resize-featured-image"],"yoast_head":"<!-- This site is optimized with the Yoast SEO plugin v23.2 - https:\/\/yoast.com\/wordpress\/plugins\/seo\/ -->\n<title>Grupa sabota\u017cowa dzia\u0142a\u0142a wzd\u0142u\u017c tor\u00f3w, podczas gdy media milcza\u0142y. Sakiewicz do rz\u0105du: \u201eCzas przesta\u0107 si\u0119 bawi\u0107!\u201d - POGOTOWIE FLAGOWE\u00ae<\/title>\n<meta name=\"robots\" content=\"index, follow, max-snippet:-1, max-image-preview:large, max-video-preview:-1\" \/>\n<link rel=\"canonical\" href=\"https:\/\/www.pogotowieflagowe.pl\/aktualne\/grupa-sabotazowa-dzialala-wzdluz-torow-podczas-gdy-media-milczaly-sakiewicz-do-rzadu-czas-przestac-sie-bawic\/\" \/>\n<meta property=\"og:locale\" content=\"pl_PL\" \/>\n<meta property=\"og:type\" content=\"article\" \/>\n<meta property=\"og:title\" content=\"Grupa sabota\u017cowa dzia\u0142a\u0142a wzd\u0142u\u017c tor\u00f3w, podczas gdy media milcza\u0142y. Sakiewicz do rz\u0105du: \u201eCzas przesta\u0107 si\u0119 bawi\u0107!\u201d - POGOTOWIE FLAGOWE\u00ae\" \/>\n<meta property=\"og:description\" content=\"\u201eDlaczego wszyscy milcz\u0105, gdy dzieje si\u0119 co\u015b tak przera\u017caj\u0105cego, jak pr\u00f3ba wysadzenia tor\u00f3w pod poci\u0105giem, a nawet pr\u00f3ba wysadzenia ca\u0142ego\" \/>\n<meta property=\"og:url\" content=\"https:\/\/www.pogotowieflagowe.pl\/aktualne\/grupa-sabotazowa-dzialala-wzdluz-torow-podczas-gdy-media-milczaly-sakiewicz-do-rzadu-czas-przestac-sie-bawic\/\" \/>\n<meta property=\"og:site_name\" content=\"POGOTOWIE FLAGOWE\u00ae\" \/>\n<meta property=\"article:published_time\" content=\"2025-11-17T13:28:00+00:00\" \/>\n<meta property=\"article:modified_time\" content=\"2025-11-17T13:28:01+00:00\" \/>\n<meta property=\"og:image\" content=\"https:\/\/www.pogotowieflagowe.pl\/aktualne\/wp-content\/uploads\/2025\/11\/Grupa-sabotazowa-dzialala-wzdluz-torow-podczas-gdy-media-milczaly-Sakiewicz.webp.webp\" \/>\n\t<meta property=\"og:image:width\" content=\"1280\" \/>\n\t<meta property=\"og:image:height\" content=\"720\" \/>\n\t<meta property=\"og:image:type\" content=\"image\/webp\" \/>\n<meta name=\"author\" content=\"Filip\" \/>\n<meta name=\"twitter:card\" content=\"summary_large_image\" \/>\n<meta name=\"twitter:label1\" content=\"Napisane przez\" \/>\n\t<meta name=\"twitter:data1\" content=\"Filip\" \/>\n\t<meta name=\"twitter:label2\" content=\"Szacowany czas czytania\" \/>\n\t<meta name=\"twitter:data2\" content=\"2 minuty\" \/>\n<script type=\"application\/ld+json\" class=\"yoast-schema-graph\">{\"@context\":\"https:\/\/schema.org\",\"@graph\":[{\"@type\":\"Article\",\"@id\":\"https:\/\/www.pogotowieflagowe.pl\/aktualne\/grupa-sabotazowa-dzialala-wzdluz-torow-podczas-gdy-media-milczaly-sakiewicz-do-rzadu-czas-przestac-sie-bawic\/#article\",\"isPartOf\":{\"@id\":\"https:\/\/www.pogotowieflagowe.pl\/aktualne\/grupa-sabotazowa-dzialala-wzdluz-torow-podczas-gdy-media-milczaly-sakiewicz-do-rzadu-czas-przestac-sie-bawic\/\"},\"author\":{\"name\":\"Filip\",\"@id\":\"https:\/\/www.pogotowieflagowe.pl\/aktualne\/#\/schema\/person\/9c2fb7d2362ebf6fa088960d7f0d27b0\"},\"headline\":\"Grupa sabota\u017cowa dzia\u0142a\u0142a wzd\u0142u\u017c tor\u00f3w, podczas gdy media milcza\u0142y. Sakiewicz do rz\u0105du: \u201eCzas przesta\u0107 si\u0119 bawi\u0107!\u201d\",\"datePublished\":\"2025-11-17T13:28:00+00:00\",\"dateModified\":\"2025-11-17T13:28:01+00:00\",\"mainEntityOfPage\":{\"@id\":\"https:\/\/www.pogotowieflagowe.pl\/aktualne\/grupa-sabotazowa-dzialala-wzdluz-torow-podczas-gdy-media-milczaly-sakiewicz-do-rzadu-czas-przestac-sie-bawic\/\"},\"wordCount\":411,\"commentCount\":0,\"publisher\":{\"@id\":\"https:\/\/www.pogotowieflagowe.pl\/aktualne\/#organization\"},\"image\":{\"@id\":\"https:\/\/www.pogotowieflagowe.pl\/aktualne\/grupa-sabotazowa-dzialala-wzdluz-torow-podczas-gdy-media-milczaly-sakiewicz-do-rzadu-czas-przestac-sie-bawic\/#primaryimage\"},\"thumbnailUrl\":\"https:\/\/www.pogotowieflagowe.pl\/aktualne\/wp-content\/uploads\/2025\/11\/Grupa-sabotazowa-dzialala-wzdluz-torow-podczas-gdy-media-milczaly-Sakiewicz.webp.webp\",\"keywords\":[\"bawi\u0107\",\"czas\",\"dzia\u0142a\u0142a\",\"gdy\",\"Grupa\",\"media\",\"milcza\u0142y\",\"podczas\",\"przesta\u0107\",\"rz\u0105du\",\"sabota\u017cowa\",\"Sakiewicz\",\"si\u0119\",\"tor\u00f3w\",\"wzd\u0142u\u017c\"],\"articleSection\":[\"Aktualne\"],\"inLanguage\":\"pl-PL\",\"potentialAction\":[{\"@type\":\"CommentAction\",\"name\":\"Comment\",\"target\":[\"https:\/\/www.pogotowieflagowe.pl\/aktualne\/grupa-sabotazowa-dzialala-wzdluz-torow-podczas-gdy-media-milczaly-sakiewicz-do-rzadu-czas-przestac-sie-bawic\/#respond\"]}]},{\"@type\":\"WebPage\",\"@id\":\"https:\/\/www.pogotowieflagowe.pl\/aktualne\/grupa-sabotazowa-dzialala-wzdluz-torow-podczas-gdy-media-milczaly-sakiewicz-do-rzadu-czas-przestac-sie-bawic\/\",\"url\":\"https:\/\/www.pogotowieflagowe.pl\/aktualne\/grupa-sabotazowa-dzialala-wzdluz-torow-podczas-gdy-media-milczaly-sakiewicz-do-rzadu-czas-przestac-sie-bawic\/\",\"name\":\"Grupa sabota\u017cowa dzia\u0142a\u0142a wzd\u0142u\u017c tor\u00f3w, podczas gdy media milcza\u0142y. Sakiewicz do rz\u0105du: \u201eCzas przesta\u0107 si\u0119 bawi\u0107!\u201d - POGOTOWIE FLAGOWE\u00ae\",\"isPartOf\":{\"@id\":\"https:\/\/www.pogotowieflagowe.pl\/aktualne\/#website\"},\"primaryImageOfPage\":{\"@id\":\"https:\/\/www.pogotowieflagowe.pl\/aktualne\/grupa-sabotazowa-dzialala-wzdluz-torow-podczas-gdy-media-milczaly-sakiewicz-do-rzadu-czas-przestac-sie-bawic\/#primaryimage\"},\"image\":{\"@id\":\"https:\/\/www.pogotowieflagowe.pl\/aktualne\/grupa-sabotazowa-dzialala-wzdluz-torow-podczas-gdy-media-milczaly-sakiewicz-do-rzadu-czas-przestac-sie-bawic\/#primaryimage\"},\"thumbnailUrl\":\"https:\/\/www.pogotowieflagowe.pl\/aktualne\/wp-content\/uploads\/2025\/11\/Grupa-sabotazowa-dzialala-wzdluz-torow-podczas-gdy-media-milczaly-Sakiewicz.webp.webp\",\"datePublished\":\"2025-11-17T13:28:00+00:00\",\"dateModified\":\"2025-11-17T13:28:01+00:00\",\"breadcrumb\":{\"@id\":\"https:\/\/www.pogotowieflagowe.pl\/aktualne\/grupa-sabotazowa-dzialala-wzdluz-torow-podczas-gdy-media-milczaly-sakiewicz-do-rzadu-czas-przestac-sie-bawic\/#breadcrumb\"},\"inLanguage\":\"pl-PL\",\"potentialAction\":[{\"@type\":\"ReadAction\",\"target\":[\"https:\/\/www.pogotowieflagowe.pl\/aktualne\/grupa-sabotazowa-dzialala-wzdluz-torow-podczas-gdy-media-milczaly-sakiewicz-do-rzadu-czas-przestac-sie-bawic\/\"]}]},{\"@type\":\"ImageObject\",\"inLanguage\":\"pl-PL\",\"@id\":\"https:\/\/www.pogotowieflagowe.pl\/aktualne\/grupa-sabotazowa-dzialala-wzdluz-torow-podczas-gdy-media-milczaly-sakiewicz-do-rzadu-czas-przestac-sie-bawic\/#primaryimage\",\"url\":\"https:\/\/www.pogotowieflagowe.pl\/aktualne\/wp-content\/uploads\/2025\/11\/Grupa-sabotazowa-dzialala-wzdluz-torow-podczas-gdy-media-milczaly-Sakiewicz.webp.webp\",\"contentUrl\":\"https:\/\/www.pogotowieflagowe.pl\/aktualne\/wp-content\/uploads\/2025\/11\/Grupa-sabotazowa-dzialala-wzdluz-torow-podczas-gdy-media-milczaly-Sakiewicz.webp.webp\",\"width\":1280,\"height\":720,\"caption\":\"Grupa sabota\u017cowa dzia\u0142a\u0142a wzd\u0142u\u017c tor\u00f3w, podczas gdy media milcza\u0142y. Sakiewicz do rz\u0105du: \u201eCzas przesta\u0107 si\u0119 bawi\u0107!\u201d\"},{\"@type\":\"BreadcrumbList\",\"@id\":\"https:\/\/www.pogotowieflagowe.pl\/aktualne\/grupa-sabotazowa-dzialala-wzdluz-torow-podczas-gdy-media-milczaly-sakiewicz-do-rzadu-czas-przestac-sie-bawic\/#breadcrumb\",\"itemListElement\":[{\"@type\":\"ListItem\",\"position\":1,\"name\":\"Home\",\"item\":\"https:\/\/www.pogotowieflagowe.pl\/aktualne\/\"},{\"@type\":\"ListItem\",\"position\":2,\"name\":\"Grupa sabota\u017cowa dzia\u0142a\u0142a wzd\u0142u\u017c tor\u00f3w, podczas gdy media milcza\u0142y. Sakiewicz do rz\u0105du: \u201eCzas przesta\u0107 si\u0119 bawi\u0107!\u201d\"}]},{\"@type\":\"WebSite\",\"@id\":\"https:\/\/www.pogotowieflagowe.pl\/aktualne\/#website\",\"url\":\"https:\/\/www.pogotowieflagowe.pl\/aktualne\/\",\"name\":\"POGOTOWIE FLAGOWE\u00ae\",\"description\":\"\",\"publisher\":{\"@id\":\"https:\/\/www.pogotowieflagowe.pl\/aktualne\/#organization\"},\"potentialAction\":[{\"@type\":\"SearchAction\",\"target\":{\"@type\":\"EntryPoint\",\"urlTemplate\":\"https:\/\/www.pogotowieflagowe.pl\/aktualne\/?s={search_term_string}\"},\"query-input\":\"required name=search_term_string\"}],\"inLanguage\":\"pl-PL\"},{\"@type\":\"Organization\",\"@id\":\"https:\/\/www.pogotowieflagowe.pl\/aktualne\/#organization\",\"name\":\"POGOTOWIE FLAGOWE\u00ae\",\"url\":\"https:\/\/www.pogotowieflagowe.pl\/aktualne\/\",\"logo\":{\"@type\":\"ImageObject\",\"inLanguage\":\"pl-PL\",\"@id\":\"https:\/\/www.pogotowieflagowe.pl\/aktualne\/#\/schema\/logo\/image\/\",\"url\":\"https:\/\/www.pogotowieflagowe.pl\/aktualne\/wp-content\/uploads\/2024\/08\/cropped-pogotowieflagowe_flaga_projekt_sm.jpg\",\"contentUrl\":\"https:\/\/www.pogotowieflagowe.pl\/aktualne\/wp-content\/uploads\/2024\/08\/cropped-pogotowieflagowe_flaga_projekt_sm.jpg\",\"width\":250,\"height\":143,\"caption\":\"POGOTOWIE FLAGOWE\u00ae\"},\"image\":{\"@id\":\"https:\/\/www.pogotowieflagowe.pl\/aktualne\/#\/schema\/logo\/image\/\"}},{\"@type\":\"Person\",\"@id\":\"https:\/\/www.pogotowieflagowe.pl\/aktualne\/#\/schema\/person\/9c2fb7d2362ebf6fa088960d7f0d27b0\",\"name\":\"Filip\",\"image\":{\"@type\":\"ImageObject\",\"inLanguage\":\"pl-PL\",\"@id\":\"https:\/\/www.pogotowieflagowe.pl\/aktualne\/#\/schema\/person\/image\/\",\"url\":\"https:\/\/www.pogotowieflagowe.pl\/aktualne\/wp-content\/uploads\/2024\/08\/pogotowieflagowe.pl_.jpg\",\"contentUrl\":\"https:\/\/www.pogotowieflagowe.pl\/aktualne\/wp-content\/uploads\/2024\/08\/pogotowieflagowe.pl_.jpg\",\"caption\":\"Filip\"},\"description\":\"Jestem Filip, polski dziennikarz z dyplomem nauk politycznych Uniwersytetu Warszawskiego. Rozpoczynaj\u0105c swoj\u0105 karier\u0119 w r\u00f3\u017cnych lokalnych mediach, zdoby\u0142em solidne do\u015bwiadczenie w zakresie \u015bledztwa i redakcji. Obecnie jako redaktor w Pogotowie flagowe, staram si\u0119 dostarcza\u0107 dog\u0142\u0119bne i istotne analizy na temat najwa\u017cniejszych kwestii aktualno\u015bci, \u0142\u0105cz\u0105c rygor z pasj\u0105 dziennikarsk\u0105.\",\"sameAs\":[\"https:\/\/www.pogotowieflagowe.pl\/\"]}]}<\/script>\n<!-- \/ Yoast SEO plugin. -->","yoast_head_json":{"title":"Grupa sabota\u017cowa dzia\u0142a\u0142a wzd\u0142u\u017c tor\u00f3w, podczas gdy media milcza\u0142y. Sakiewicz do rz\u0105du: \u201eCzas przesta\u0107 si\u0119 bawi\u0107!\u201d - POGOTOWIE FLAGOWE\u00ae","robots":{"index":"index","follow":"follow","max-snippet":"max-snippet:-1","max-image-preview":"max-image-preview:large","max-video-preview":"max-video-preview:-1"},"canonical":"https:\/\/www.pogotowieflagowe.pl\/aktualne\/grupa-sabotazowa-dzialala-wzdluz-torow-podczas-gdy-media-milczaly-sakiewicz-do-rzadu-czas-przestac-sie-bawic\/","og_locale":"pl_PL","og_type":"article","og_title":"Grupa sabota\u017cowa dzia\u0142a\u0142a wzd\u0142u\u017c tor\u00f3w, podczas gdy media milcza\u0142y. Sakiewicz do rz\u0105du: \u201eCzas przesta\u0107 si\u0119 bawi\u0107!\u201d - POGOTOWIE FLAGOWE\u00ae","og_description":"\u201eDlaczego wszyscy milcz\u0105, gdy dzieje si\u0119 co\u015b tak przera\u017caj\u0105cego, jak pr\u00f3ba wysadzenia tor\u00f3w pod poci\u0105giem, a nawet pr\u00f3ba wysadzenia ca\u0142ego","og_url":"https:\/\/www.pogotowieflagowe.pl\/aktualne\/grupa-sabotazowa-dzialala-wzdluz-torow-podczas-gdy-media-milczaly-sakiewicz-do-rzadu-czas-przestac-sie-bawic\/","og_site_name":"POGOTOWIE FLAGOWE\u00ae","article_published_time":"2025-11-17T13:28:00+00:00","article_modified_time":"2025-11-17T13:28:01+00:00","og_image":[{"width":1280,"height":720,"url":"https:\/\/www.pogotowieflagowe.pl\/aktualne\/wp-content\/uploads\/2025\/11\/Grupa-sabotazowa-dzialala-wzdluz-torow-podczas-gdy-media-milczaly-Sakiewicz.webp.webp","type":"image\/webp"}],"author":"Filip","twitter_card":"summary_large_image","twitter_misc":{"Napisane przez":"Filip","Szacowany czas czytania":"2 minuty"},"schema":{"@context":"https:\/\/schema.org","@graph":[{"@type":"Article","@id":"https:\/\/www.pogotowieflagowe.pl\/aktualne\/grupa-sabotazowa-dzialala-wzdluz-torow-podczas-gdy-media-milczaly-sakiewicz-do-rzadu-czas-przestac-sie-bawic\/#article","isPartOf":{"@id":"https:\/\/www.pogotowieflagowe.pl\/aktualne\/grupa-sabotazowa-dzialala-wzdluz-torow-podczas-gdy-media-milczaly-sakiewicz-do-rzadu-czas-przestac-sie-bawic\/"},"author":{"name":"Filip","@id":"https:\/\/www.pogotowieflagowe.pl\/aktualne\/#\/schema\/person\/9c2fb7d2362ebf6fa088960d7f0d27b0"},"headline":"Grupa sabota\u017cowa dzia\u0142a\u0142a wzd\u0142u\u017c tor\u00f3w, podczas gdy media milcza\u0142y. Sakiewicz do rz\u0105du: \u201eCzas przesta\u0107 si\u0119 bawi\u0107!\u201d","datePublished":"2025-11-17T13:28:00+00:00","dateModified":"2025-11-17T13:28:01+00:00","mainEntityOfPage":{"@id":"https:\/\/www.pogotowieflagowe.pl\/aktualne\/grupa-sabotazowa-dzialala-wzdluz-torow-podczas-gdy-media-milczaly-sakiewicz-do-rzadu-czas-przestac-sie-bawic\/"},"wordCount":411,"commentCount":0,"publisher":{"@id":"https:\/\/www.pogotowieflagowe.pl\/aktualne\/#organization"},"image":{"@id":"https:\/\/www.pogotowieflagowe.pl\/aktualne\/grupa-sabotazowa-dzialala-wzdluz-torow-podczas-gdy-media-milczaly-sakiewicz-do-rzadu-czas-przestac-sie-bawic\/#primaryimage"},"thumbnailUrl":"https:\/\/www.pogotowieflagowe.pl\/aktualne\/wp-content\/uploads\/2025\/11\/Grupa-sabotazowa-dzialala-wzdluz-torow-podczas-gdy-media-milczaly-Sakiewicz.webp.webp","keywords":["bawi\u0107","czas","dzia\u0142a\u0142a","gdy","Grupa","media","milcza\u0142y","podczas","przesta\u0107","rz\u0105du","sabota\u017cowa","Sakiewicz","si\u0119","tor\u00f3w","wzd\u0142u\u017c"],"articleSection":["Aktualne"],"inLanguage":"pl-PL","potentialAction":[{"@type":"CommentAction","name":"Comment","target":["https:\/\/www.pogotowieflagowe.pl\/aktualne\/grupa-sabotazowa-dzialala-wzdluz-torow-podczas-gdy-media-milczaly-sakiewicz-do-rzadu-czas-przestac-sie-bawic\/#respond"]}]},{"@type":"WebPage","@id":"https:\/\/www.pogotowieflagowe.pl\/aktualne\/grupa-sabotazowa-dzialala-wzdluz-torow-podczas-gdy-media-milczaly-sakiewicz-do-rzadu-czas-przestac-sie-bawic\/","url":"https:\/\/www.pogotowieflagowe.pl\/aktualne\/grupa-sabotazowa-dzialala-wzdluz-torow-podczas-gdy-media-milczaly-sakiewicz-do-rzadu-czas-przestac-sie-bawic\/","name":"Grupa sabota\u017cowa dzia\u0142a\u0142a wzd\u0142u\u017c tor\u00f3w, podczas gdy media milcza\u0142y. Sakiewicz do rz\u0105du: \u201eCzas przesta\u0107 si\u0119 bawi\u0107!\u201d - POGOTOWIE FLAGOWE\u00ae","isPartOf":{"@id":"https:\/\/www.pogotowieflagowe.pl\/aktualne\/#website"},"primaryImageOfPage":{"@id":"https:\/\/www.pogotowieflagowe.pl\/aktualne\/grupa-sabotazowa-dzialala-wzdluz-torow-podczas-gdy-media-milczaly-sakiewicz-do-rzadu-czas-przestac-sie-bawic\/#primaryimage"},"image":{"@id":"https:\/\/www.pogotowieflagowe.pl\/aktualne\/grupa-sabotazowa-dzialala-wzdluz-torow-podczas-gdy-media-milczaly-sakiewicz-do-rzadu-czas-przestac-sie-bawic\/#primaryimage"},"thumbnailUrl":"https:\/\/www.pogotowieflagowe.pl\/aktualne\/wp-content\/uploads\/2025\/11\/Grupa-sabotazowa-dzialala-wzdluz-torow-podczas-gdy-media-milczaly-Sakiewicz.webp.webp","datePublished":"2025-11-17T13:28:00+00:00","dateModified":"2025-11-17T13:28:01+00:00","breadcrumb":{"@id":"https:\/\/www.pogotowieflagowe.pl\/aktualne\/grupa-sabotazowa-dzialala-wzdluz-torow-podczas-gdy-media-milczaly-sakiewicz-do-rzadu-czas-przestac-sie-bawic\/#breadcrumb"},"inLanguage":"pl-PL","potentialAction":[{"@type":"ReadAction","target":["https:\/\/www.pogotowieflagowe.pl\/aktualne\/grupa-sabotazowa-dzialala-wzdluz-torow-podczas-gdy-media-milczaly-sakiewicz-do-rzadu-czas-przestac-sie-bawic\/"]}]},{"@type":"ImageObject","inLanguage":"pl-PL","@id":"https:\/\/www.pogotowieflagowe.pl\/aktualne\/grupa-sabotazowa-dzialala-wzdluz-torow-podczas-gdy-media-milczaly-sakiewicz-do-rzadu-czas-przestac-sie-bawic\/#primaryimage","url":"https:\/\/www.pogotowieflagowe.pl\/aktualne\/wp-content\/uploads\/2025\/11\/Grupa-sabotazowa-dzialala-wzdluz-torow-podczas-gdy-media-milczaly-Sakiewicz.webp.webp","contentUrl":"https:\/\/www.pogotowieflagowe.pl\/aktualne\/wp-content\/uploads\/2025\/11\/Grupa-sabotazowa-dzialala-wzdluz-torow-podczas-gdy-media-milczaly-Sakiewicz.webp.webp","width":1280,"height":720,"caption":"Grupa sabota\u017cowa dzia\u0142a\u0142a wzd\u0142u\u017c tor\u00f3w, podczas gdy media milcza\u0142y. Sakiewicz do rz\u0105du: \u201eCzas przesta\u0107 si\u0119 bawi\u0107!\u201d"},{"@type":"BreadcrumbList","@id":"https:\/\/www.pogotowieflagowe.pl\/aktualne\/grupa-sabotazowa-dzialala-wzdluz-torow-podczas-gdy-media-milczaly-sakiewicz-do-rzadu-czas-przestac-sie-bawic\/#breadcrumb","itemListElement":[{"@type":"ListItem","position":1,"name":"Home","item":"https:\/\/www.pogotowieflagowe.pl\/aktualne\/"},{"@type":"ListItem","position":2,"name":"Grupa sabota\u017cowa dzia\u0142a\u0142a wzd\u0142u\u017c tor\u00f3w, podczas gdy media milcza\u0142y. Sakiewicz do rz\u0105du: \u201eCzas przesta\u0107 si\u0119 bawi\u0107!\u201d"}]},{"@type":"WebSite","@id":"https:\/\/www.pogotowieflagowe.pl\/aktualne\/#website","url":"https:\/\/www.pogotowieflagowe.pl\/aktualne\/","name":"POGOTOWIE FLAGOWE\u00ae","description":"","publisher":{"@id":"https:\/\/www.pogotowieflagowe.pl\/aktualne\/#organization"},"potentialAction":[{"@type":"SearchAction","target":{"@type":"EntryPoint","urlTemplate":"https:\/\/www.pogotowieflagowe.pl\/aktualne\/?s={search_term_string}"},"query-input":"required name=search_term_string"}],"inLanguage":"pl-PL"},{"@type":"Organization","@id":"https:\/\/www.pogotowieflagowe.pl\/aktualne\/#organization","name":"POGOTOWIE FLAGOWE\u00ae","url":"https:\/\/www.pogotowieflagowe.pl\/aktualne\/","logo":{"@type":"ImageObject","inLanguage":"pl-PL","@id":"https:\/\/www.pogotowieflagowe.pl\/aktualne\/#\/schema\/logo\/image\/","url":"https:\/\/www.pogotowieflagowe.pl\/aktualne\/wp-content\/uploads\/2024\/08\/cropped-pogotowieflagowe_flaga_projekt_sm.jpg","contentUrl":"https:\/\/www.pogotowieflagowe.pl\/aktualne\/wp-content\/uploads\/2024\/08\/cropped-pogotowieflagowe_flaga_projekt_sm.jpg","width":250,"height":143,"caption":"POGOTOWIE FLAGOWE\u00ae"},"image":{"@id":"https:\/\/www.pogotowieflagowe.pl\/aktualne\/#\/schema\/logo\/image\/"}},{"@type":"Person","@id":"https:\/\/www.pogotowieflagowe.pl\/aktualne\/#\/schema\/person\/9c2fb7d2362ebf6fa088960d7f0d27b0","name":"Filip","image":{"@type":"ImageObject","inLanguage":"pl-PL","@id":"https:\/\/www.pogotowieflagowe.pl\/aktualne\/#\/schema\/person\/image\/","url":"https:\/\/www.pogotowieflagowe.pl\/aktualne\/wp-content\/uploads\/2024\/08\/pogotowieflagowe.pl_.jpg","contentUrl":"https:\/\/www.pogotowieflagowe.pl\/aktualne\/wp-content\/uploads\/2024\/08\/pogotowieflagowe.pl_.jpg","caption":"Filip"},"description":"Jestem Filip, polski dziennikarz z dyplomem nauk politycznych Uniwersytetu Warszawskiego. Rozpoczynaj\u0105c swoj\u0105 karier\u0119 w r\u00f3\u017cnych lokalnych mediach, zdoby\u0142em solidne do\u015bwiadczenie w zakresie \u015bledztwa i redakcji. Obecnie jako redaktor w Pogotowie flagowe, staram si\u0119 dostarcza\u0107 dog\u0142\u0119bne i istotne analizy na temat najwa\u017cniejszych kwestii aktualno\u015bci, \u0142\u0105cz\u0105c rygor z pasj\u0105 dziennikarsk\u0105.","sameAs":["https:\/\/www.pogotowieflagowe.pl\/"]}]}},"_links":{"self":[{"href":"https:\/\/www.pogotowieflagowe.pl\/aktualne\/wp-json\/wp\/v2\/posts\/10695","targetHints":{"allow":["GET"]}}],"collection":[{"href":"https:\/\/www.pogotowieflagowe.pl\/aktualne\/wp-json\/wp\/v2\/posts"}],"about":[{"href":"https:\/\/www.pogotowieflagowe.pl\/aktualne\/wp-json\/wp\/v2\/types\/post"}],"author":[{"embeddable":true,"href":"https:\/\/www.pogotowieflagowe.pl\/aktualne\/wp-json\/wp\/v2\/users\/1"}],"replies":[{"embeddable":true,"href":"https:\/\/www.pogotowieflagowe.pl\/aktualne\/wp-json\/wp\/v2\/comments?post=10695"}],"version-history":[{"count":1,"href":"https:\/\/www.pogotowieflagowe.pl\/aktualne\/wp-json\/wp\/v2\/posts\/10695\/revisions"}],"predecessor-version":[{"id":10697,"href":"https:\/\/www.pogotowieflagowe.pl\/aktualne\/wp-json\/wp\/v2\/posts\/10695\/revisions\/10697"}],"wp:featuredmedia":[{"embeddable":true,"href":"https:\/\/www.pogotowieflagowe.pl\/aktualne\/wp-json\/wp\/v2\/media\/10696"}],"wp:attachment":[{"href":"https:\/\/www.pogotowieflagowe.pl\/aktualne\/wp-json\/wp\/v2\/media?parent=10695"}],"wp:term":[{"taxonomy":"category","embeddable":true,"href":"https:\/\/www.pogotowieflagowe.pl\/aktualne\/wp-json\/wp\/v2\/categories?post=10695"},{"taxonomy":"post_tag","embeddable":true,"href":"https:\/\/www.pogotowieflagowe.pl\/aktualne\/wp-json\/wp\/v2\/tags?post=10695"}],"curies":[{"name":"wp","href":"https:\/\/api.w.org\/{rel}","templated":true}]}}