{"id":10698,"date":"2025-11-17T14:59:26","date_gmt":"2025-11-17T13:59:26","guid":{"rendered":"https:\/\/www.pogotowieflagowe.pl\/aktualne\/w-calej-polsce-narasta-oburzenie-w-zwiazku-z-sabotazem-na-kolei-a-szef-pkp-twierdzi-ze-to-tylko-kilka-incydentow\/"},"modified":"2025-11-17T14:59:26","modified_gmt":"2025-11-17T13:59:26","slug":"w-calej-polsce-narasta-oburzenie-w-zwiazku-z-sabotazem-na-kolei-a-szef-pkp-twierdzi-ze-to-tylko-kilka-incydentow","status":"publish","type":"post","link":"https:\/\/www.pogotowieflagowe.pl\/aktualne\/w-calej-polsce-narasta-oburzenie-w-zwiazku-z-sabotazem-na-kolei-a-szef-pkp-twierdzi-ze-to-tylko-kilka-incydentow\/","title":{"rendered":"W ca\u0142ej Polsce narasta oburzenie w zwi\u0105zku z sabota\u017cem na kolei, a szef PKP twierdzi, \u017ce to \u201etylko kilka incydent\u00f3w\u201d"},"content":{"rendered":"\n<div class=\"td_block_wrap tdb_single_content tdi_41 td-pb-border-top td_block_template_8 td-post-content tagdiv-type\" data-td-block-uid=\"tdi_41\">\n<style>.tdi_41{margines-top:0px!important;margin-bottom:0px!important;dope\u0142nienie-g\u00f3ra:0px!important;dope\u0142nienie-d\u00f3\u0142:0px!important}<\/style>\n<style>.tdb_single_content{margin-bottom:0;*zoom:1}.tdb_single_content:before,.tdb_single_content:after{display:table;content:'';line-height:0}.tdb_single_content:after{clear:both}.tdb_single_content .tdb-block-inner>*:not(.wp-block-quote):not(.alignwide):not(.alignfull.wp-block-cover.has-parallax):not(.td-a-ad){margin-left:auto;margin-right:auto}.tdb_single_content a{pointer-events:auto}.tdb_single_content .td-spot-id-top_ad .tdc-placeholder-title:before{content:'Najlepsza reklama artyku\u0142u'!important}.tdb_single_content .td-spot-id-inline_ad0 .tdc-placeholder-title:before{content:'Reklama wbudowana artyku\u0142u 1'!important}.tdb_single_content .td-spot-id-inline_ad1 .tdc-placeholder-title:before{content:'Wbudowana reklama w artykule 2'!important}.tdb_single_content .td-spot-id-inline_ad2 .tdc-placeholder-title:before{content:'Wbudowana reklama w artykule 3'!important}.tdb_single_content .td-spot-id-bottom_ad .tdc-placeholder-title:before{content:'Article Bottom Ad'!important}.tdb_single_content .id_top_ad,.tdb_single_content .id_bottom_ad{clear:both;margin-bottom:21px;text-align:center}.tdb_single_content .id_top_ad img,.tdb_single_content .id_bottom_ad img{margin-bottom:0}.tdb_single_content .id_top_ad .adsbygoogle,.tdb_single_content .id_bottom_ad .adsbygoogle{position:relative}.tdb_single_content .id_ad_content-horiz-left,.tdb_single_content .id_ad_content-horiz-right,.tdb_single_content .id_ad_content-horiz-center{margin-bottom:15px}.tdb_single_content .id_ad_content-horiz-left img,.tdb_single_content .id_ad_content-horiz-right img,.tdb_single_content .id_ad_content-horiz-center img{margin-bottom:0}.tdb_single_content .id_ad_content-horiz-center{text-align:center}.tdb_single_content .id_ad_content-horiz-center img{margin-right:auto;margin-left:auto}.tdb_single_content .id_ad_content-horiz-left{float:left;margin-top:9px;margin-right:21px}.tdb_single_content .id_ad_content-horiz-right{float:right;margin-top:6px;margin-left:21px}.tdb_single_content .tdc-a-ad .tdc-placeholder-title{width:300px;height:250px}.tdb_single_content .tdc-a-ad .tdc-placeholder-title:before{position:absolute;top:50%;-webkit-transform:translateY(-50%);transform:translateY(-50%);margin:auto;display:table;width:100%}.tdb_single_content .tdb-block-inner.td-fix-index{word-break:break-word}.tdi_41,.tdi_41>p,.tdi_41 .tdb-block-inner>p,.wp-block-column>p{font-size:16px!important;line-height:1.6!important}.tdi_41 .tdb-block-inner blockquote p{font-style:normal!important}@media (max-width:767px){.tdb_single_content .id_ad_content-horiz-left,.tdb_single_content .id_ad_content-horiz-right,.tdb_single_content .id_ad_content-horiz-center{margin:0 auto 26 pikseli auto}}@media (max-width:767px){.tdb_single_content .id_ad_content-horiz-left{margin-right:0}}@media (max-width:767px){.tdb_single_content .id_ad_content-horiz-right{margin-left:0}}@media (max-width:767px){.tdb_single_content .td-a-ad{float:none;text-align:center}.tdb_single_content .td-a-ad img{margin-right:auto;margin-left:auto}.tdb_single_content .tdc-a-ad{float:none}}<\/style>\n<div class=\"tdb-block-inner td-fix-index\">\n<p>Prezydent <em>Linie Kolejowe Polskich Kolei Pa\u0144stwowych (PKP PLK)<\/em>\u2013 powiedzia\u0142 w niedziel\u0119 Piotr Wyborski na linii kolejowej Warszawa-Lubelska <strong>\u201eodnotowano kilka incydent\u00f3w\u201d<\/strong>. Podkre\u015bli\u0142, \u017ce procedury przedsi\u0119biorstwa kolejowego zadzia\u0142a\u0142y. <strong>\u201eUtrzymywano \u0142\u0105czno\u015b\u0107 mi\u0119dzy dyspozytorem a maszynist\u0105 i nikt nie odni\u00f3s\u0142 obra\u017ce\u0144\u201d \u2013 doda\u0142.<\/strong> powiedzia\u0142.<\/p>\n<p>W niedziel\u0119 rano maszynista zg\u0142osi\u0142 nieprawid\u0142owo\u015bci na infrastrukturze kolejowej w okolicach \u017byczyna w powiecie garwoli\u0144skim, k <em>PKP<\/em> Stacja Mika. Mazowiecka policja stwierdzi\u0142a, \u017ce \u200b\u200bwst\u0119pna kontrola tor\u00f3w wykaza\u0142a uszkodzenie odcinka, co spowodowa\u0142o zatrzymanie poci\u0105gu. W niedziel\u0119 prorz\u0105dowe media w og\u00f3le nie relacjonowa\u0142y tego wydarzenia, a rzecznik prasowy m.in <em>Ministerstwo Spraw Wewn\u0119trznych i Administracji (MSWiA)<\/em> twierdzi\u0142, \u017ce <strong>\u201enie ma podstaw\u201d<\/strong> przyj\u0105\u0107 zaanga\u017cowanie os\u00f3b trzecich. Dzi\u015b oficjalnie potwierdzono ju\u017c, \u017ce dosz\u0142o do akt\u00f3w sabota\u017cu.<\/p>\n<p>Zmiana narracji najwyra\u017aniej nie zosta\u0142a osi\u0105gni\u0119ta <em>PKP PLK<\/em> prezydenta Piotra Wyborskiego. Dzi\u015b oko\u0142o po\u0142udnia o\u015bwiadczy\u0142 to <strong>\u201ekilka incydent\u00f3w\u201d<\/strong> Do zdarzenia dosz\u0142o w niedziel\u0119 na linii kolejowej Warszawa \u2013 Lublin. <strong>\u201eWsp\u00f3\u0142pracujemy ze s\u0142u\u017cbami w celu ustalenia os\u00f3b, kt\u00f3re spowodowa\u0142y te szkody\u201d<\/strong> powiedzia\u0142.<\/p>\n<p>Zapewni\u0142 to <em>PLK<\/em> na bie\u017c\u0105co monitoruje ca\u0142\u0105 infrastruktur\u0119 kolejow\u0105 zarz\u0105dzan\u0105 przez sp\u00f3\u0142k\u0119.<\/p>\n<figure class=\"wp-block-pullquote\">\n<blockquote>\n<p>&#8222;Jeste\u015bmy w sta\u0142ym kontakcie z przewo\u017anikami i innym personelem obecnym na terenach kolejowych. Wczoraj wieczorem przygotowali\u015bmy dodatkowy komunikat, aby zwi\u0119kszy\u0107 czujno\u015b\u0107 i komunikacj\u0119 z pracownikami kolei, kt\u00f3rzy mog\u0105 szybciej wykry\u0107 nieprawid\u0142owo\u015bci&#8221; &#8211; powiedzia\u0142.<\/p>\n<\/blockquote>\n<\/figure>\n<p>Podkre\u015bli\u0142 to <strong>\u201ew odpowiedzi na incydenty\u201d<\/strong> na linii Warszawa-Lublin zadzia\u0142a\u0142y procedury przedsi\u0119biorstwa kolejowego. <strong>\u201eUtrzymywano \u0142\u0105czno\u015b\u0107 mi\u0119dzy dyspozytorem a maszynist\u0105 i nikt nie odni\u00f3s\u0142 obra\u017ce\u0144\u201d<\/strong> \u2013 stwierdzi\u0142 Wyborski.<\/p>\n<p>A zas\u0142uga rzeczywi\u015bcie nale\u017cy si\u0119 pracownikom kolei, ale wywo\u0142ywanie takich wydarze\u0144 <strong>\u201eincydenty\u201d<\/strong> przez ich szefa jest dzi\u015b wysoce nie na miejscu. <strong>\u201eJeste\u015bmy na miejscu wybuchu w okolicach Garwolina, w pobli\u017cu stacji Mika, wybuchu, kt\u00f3ry najprawdopodobniej mia\u0142 na celu wysadzi\u0107 poci\u0105g na trasie Warszawa-D\u0119blin\u201d<\/strong> \u2013 powiedzia\u0142 premier Donald Tusk, dodaj\u0105c, \u017ce mamy do czynienia z aktem sabota\u017cu.<\/p>\n<\/div>\n<\/div>\n","protected":false},"excerpt":{"rendered":"<p>Prezydent Linie Kolejowe Polskich Kolei Pa\u0144stwowych (PKP PLK)\u2013 powiedzia\u0142 w niedziel\u0119 Piotr Wyborski na linii kolejowej Warszawa-Lubelska \u201eodnotowano kilka incydent\u00f3w\u201d.<\/p>\n","protected":false},"author":1,"featured_media":10612,"comment_status":"open","ping_status":"open","sticky":false,"template":"","format":"standard","meta":{"footnotes":""},"categories":[4748],"tags":[2556,12163,7786,12162,220,31,244,60,12161,2972,4533,3165,453,33],"class_list":["post-10698","post","type-post","status-publish","format-standard","has-post-thumbnail","hentry","category-aktualne","tag-calej","tag-incydentow","tag-kilka","tag-kolei","tag-narasta","tag-oburzenie","tag-pkp","tag-polsce","tag-sabotazem","tag-szef","tag-twierdzi","tag-tylko","tag-ze","tag-zwiazku","generate-columns","tablet-grid-50","mobile-grid-100","grid-parent","grid-50","resize-featured-image"],"yoast_head":"<!-- This site is optimized with the Yoast SEO plugin v23.2 - https:\/\/yoast.com\/wordpress\/plugins\/seo\/ -->\n<title>W ca\u0142ej Polsce narasta oburzenie w zwi\u0105zku z sabota\u017cem na kolei, a szef PKP twierdzi, \u017ce to \u201etylko kilka incydent\u00f3w\u201d - POGOTOWIE FLAGOWE\u00ae<\/title>\n<meta name=\"robots\" content=\"index, follow, max-snippet:-1, max-image-preview:large, max-video-preview:-1\" \/>\n<link rel=\"canonical\" href=\"https:\/\/www.pogotowieflagowe.pl\/aktualne\/w-calej-polsce-narasta-oburzenie-w-zwiazku-z-sabotazem-na-kolei-a-szef-pkp-twierdzi-ze-to-tylko-kilka-incydentow\/\" \/>\n<meta property=\"og:locale\" content=\"pl_PL\" \/>\n<meta property=\"og:type\" content=\"article\" \/>\n<meta property=\"og:title\" content=\"W ca\u0142ej Polsce narasta oburzenie w zwi\u0105zku z sabota\u017cem na kolei, a szef PKP twierdzi, \u017ce to \u201etylko kilka incydent\u00f3w\u201d - POGOTOWIE FLAGOWE\u00ae\" \/>\n<meta property=\"og:description\" content=\"Prezydent Linie Kolejowe Polskich Kolei Pa\u0144stwowych (PKP PLK)\u2013 powiedzia\u0142 w niedziel\u0119 Piotr Wyborski na linii kolejowej Warszawa-Lubelska \u201eodnotowano kilka incydent\u00f3w\u201d.\" \/>\n<meta property=\"og:url\" content=\"https:\/\/www.pogotowieflagowe.pl\/aktualne\/w-calej-polsce-narasta-oburzenie-w-zwiazku-z-sabotazem-na-kolei-a-szef-pkp-twierdzi-ze-to-tylko-kilka-incydentow\/\" \/>\n<meta property=\"og:site_name\" content=\"POGOTOWIE FLAGOWE\u00ae\" \/>\n<meta property=\"article:published_time\" content=\"2025-11-17T13:59:26+00:00\" \/>\n<meta property=\"og:image\" content=\"https:\/\/www.pogotowieflagowe.pl\/aktualne\/wp-content\/uploads\/2025\/11\/Wysadzone-tory-w-powiecie-garwolinskim-Maszynista-uratowal-pociag-na-chwile.webp.webp\" \/>\n\t<meta property=\"og:image:width\" content=\"1280\" \/>\n\t<meta property=\"og:image:height\" content=\"720\" \/>\n\t<meta property=\"og:image:type\" content=\"image\/webp\" \/>\n<meta name=\"author\" content=\"Filip\" \/>\n<meta name=\"twitter:card\" content=\"summary_large_image\" \/>\n<meta name=\"twitter:label1\" content=\"Napisane przez\" \/>\n\t<meta name=\"twitter:data1\" content=\"Filip\" \/>\n\t<meta name=\"twitter:label2\" content=\"Szacowany czas czytania\" \/>\n\t<meta name=\"twitter:data2\" content=\"2 minuty\" \/>\n<script type=\"application\/ld+json\" class=\"yoast-schema-graph\">{\"@context\":\"https:\/\/schema.org\",\"@graph\":[{\"@type\":\"Article\",\"@id\":\"https:\/\/www.pogotowieflagowe.pl\/aktualne\/w-calej-polsce-narasta-oburzenie-w-zwiazku-z-sabotazem-na-kolei-a-szef-pkp-twierdzi-ze-to-tylko-kilka-incydentow\/#article\",\"isPartOf\":{\"@id\":\"https:\/\/www.pogotowieflagowe.pl\/aktualne\/w-calej-polsce-narasta-oburzenie-w-zwiazku-z-sabotazem-na-kolei-a-szef-pkp-twierdzi-ze-to-tylko-kilka-incydentow\/\"},\"author\":{\"name\":\"Filip\",\"@id\":\"https:\/\/www.pogotowieflagowe.pl\/aktualne\/#\/schema\/person\/9c2fb7d2362ebf6fa088960d7f0d27b0\"},\"headline\":\"W ca\u0142ej Polsce narasta oburzenie w zwi\u0105zku z sabota\u017cem na kolei, a szef PKP twierdzi, \u017ce to \u201etylko kilka incydent\u00f3w\u201d\",\"datePublished\":\"2025-11-17T13:59:26+00:00\",\"dateModified\":\"2025-11-17T13:59:26+00:00\",\"mainEntityOfPage\":{\"@id\":\"https:\/\/www.pogotowieflagowe.pl\/aktualne\/w-calej-polsce-narasta-oburzenie-w-zwiazku-z-sabotazem-na-kolei-a-szef-pkp-twierdzi-ze-to-tylko-kilka-incydentow\/\"},\"wordCount\":373,\"commentCount\":0,\"publisher\":{\"@id\":\"https:\/\/www.pogotowieflagowe.pl\/aktualne\/#organization\"},\"image\":{\"@id\":\"https:\/\/www.pogotowieflagowe.pl\/aktualne\/w-calej-polsce-narasta-oburzenie-w-zwiazku-z-sabotazem-na-kolei-a-szef-pkp-twierdzi-ze-to-tylko-kilka-incydentow\/#primaryimage\"},\"thumbnailUrl\":\"https:\/\/www.pogotowieflagowe.pl\/aktualne\/wp-content\/uploads\/2025\/11\/Wysadzone-tory-w-powiecie-garwolinskim-Maszynista-uratowal-pociag-na-chwile.webp.webp\",\"keywords\":[\"ca\u0142ej\",\"incydent\u00f3w\",\"Kilka\",\"kolei\",\"narasta\",\"oburzenie\",\"PKP\",\"Polsce\",\"sabota\u017cem\",\"Szef\",\"twierdzi\",\"tylko\",\"\u017ce\",\"zwi\u0105zku\"],\"articleSection\":[\"Aktualne\"],\"inLanguage\":\"pl-PL\",\"potentialAction\":[{\"@type\":\"CommentAction\",\"name\":\"Comment\",\"target\":[\"https:\/\/www.pogotowieflagowe.pl\/aktualne\/w-calej-polsce-narasta-oburzenie-w-zwiazku-z-sabotazem-na-kolei-a-szef-pkp-twierdzi-ze-to-tylko-kilka-incydentow\/#respond\"]}]},{\"@type\":\"WebPage\",\"@id\":\"https:\/\/www.pogotowieflagowe.pl\/aktualne\/w-calej-polsce-narasta-oburzenie-w-zwiazku-z-sabotazem-na-kolei-a-szef-pkp-twierdzi-ze-to-tylko-kilka-incydentow\/\",\"url\":\"https:\/\/www.pogotowieflagowe.pl\/aktualne\/w-calej-polsce-narasta-oburzenie-w-zwiazku-z-sabotazem-na-kolei-a-szef-pkp-twierdzi-ze-to-tylko-kilka-incydentow\/\",\"name\":\"W ca\u0142ej Polsce narasta oburzenie w zwi\u0105zku z sabota\u017cem na kolei, a szef PKP twierdzi, \u017ce to \u201etylko kilka incydent\u00f3w\u201d - POGOTOWIE FLAGOWE\u00ae\",\"isPartOf\":{\"@id\":\"https:\/\/www.pogotowieflagowe.pl\/aktualne\/#website\"},\"primaryImageOfPage\":{\"@id\":\"https:\/\/www.pogotowieflagowe.pl\/aktualne\/w-calej-polsce-narasta-oburzenie-w-zwiazku-z-sabotazem-na-kolei-a-szef-pkp-twierdzi-ze-to-tylko-kilka-incydentow\/#primaryimage\"},\"image\":{\"@id\":\"https:\/\/www.pogotowieflagowe.pl\/aktualne\/w-calej-polsce-narasta-oburzenie-w-zwiazku-z-sabotazem-na-kolei-a-szef-pkp-twierdzi-ze-to-tylko-kilka-incydentow\/#primaryimage\"},\"thumbnailUrl\":\"https:\/\/www.pogotowieflagowe.pl\/aktualne\/wp-content\/uploads\/2025\/11\/Wysadzone-tory-w-powiecie-garwolinskim-Maszynista-uratowal-pociag-na-chwile.webp.webp\",\"datePublished\":\"2025-11-17T13:59:26+00:00\",\"dateModified\":\"2025-11-17T13:59:26+00:00\",\"breadcrumb\":{\"@id\":\"https:\/\/www.pogotowieflagowe.pl\/aktualne\/w-calej-polsce-narasta-oburzenie-w-zwiazku-z-sabotazem-na-kolei-a-szef-pkp-twierdzi-ze-to-tylko-kilka-incydentow\/#breadcrumb\"},\"inLanguage\":\"pl-PL\",\"potentialAction\":[{\"@type\":\"ReadAction\",\"target\":[\"https:\/\/www.pogotowieflagowe.pl\/aktualne\/w-calej-polsce-narasta-oburzenie-w-zwiazku-z-sabotazem-na-kolei-a-szef-pkp-twierdzi-ze-to-tylko-kilka-incydentow\/\"]}]},{\"@type\":\"ImageObject\",\"inLanguage\":\"pl-PL\",\"@id\":\"https:\/\/www.pogotowieflagowe.pl\/aktualne\/w-calej-polsce-narasta-oburzenie-w-zwiazku-z-sabotazem-na-kolei-a-szef-pkp-twierdzi-ze-to-tylko-kilka-incydentow\/#primaryimage\",\"url\":\"https:\/\/www.pogotowieflagowe.pl\/aktualne\/wp-content\/uploads\/2025\/11\/Wysadzone-tory-w-powiecie-garwolinskim-Maszynista-uratowal-pociag-na-chwile.webp.webp\",\"contentUrl\":\"https:\/\/www.pogotowieflagowe.pl\/aktualne\/wp-content\/uploads\/2025\/11\/Wysadzone-tory-w-powiecie-garwolinskim-Maszynista-uratowal-pociag-na-chwile.webp.webp\",\"width\":1280,\"height\":720,\"caption\":\"Wysadzone tory w powiecie garwoli\u0144skim. Maszynista uratowa\u0142 poci\u0105g na chwil\u0119 przed katastrof\u0105\"},{\"@type\":\"BreadcrumbList\",\"@id\":\"https:\/\/www.pogotowieflagowe.pl\/aktualne\/w-calej-polsce-narasta-oburzenie-w-zwiazku-z-sabotazem-na-kolei-a-szef-pkp-twierdzi-ze-to-tylko-kilka-incydentow\/#breadcrumb\",\"itemListElement\":[{\"@type\":\"ListItem\",\"position\":1,\"name\":\"Home\",\"item\":\"https:\/\/www.pogotowieflagowe.pl\/aktualne\/\"},{\"@type\":\"ListItem\",\"position\":2,\"name\":\"W ca\u0142ej Polsce narasta oburzenie w zwi\u0105zku z sabota\u017cem na kolei, a szef PKP twierdzi, \u017ce to \u201etylko kilka incydent\u00f3w\u201d\"}]},{\"@type\":\"WebSite\",\"@id\":\"https:\/\/www.pogotowieflagowe.pl\/aktualne\/#website\",\"url\":\"https:\/\/www.pogotowieflagowe.pl\/aktualne\/\",\"name\":\"POGOTOWIE FLAGOWE\u00ae\",\"description\":\"\",\"publisher\":{\"@id\":\"https:\/\/www.pogotowieflagowe.pl\/aktualne\/#organization\"},\"potentialAction\":[{\"@type\":\"SearchAction\",\"target\":{\"@type\":\"EntryPoint\",\"urlTemplate\":\"https:\/\/www.pogotowieflagowe.pl\/aktualne\/?s={search_term_string}\"},\"query-input\":\"required name=search_term_string\"}],\"inLanguage\":\"pl-PL\"},{\"@type\":\"Organization\",\"@id\":\"https:\/\/www.pogotowieflagowe.pl\/aktualne\/#organization\",\"name\":\"POGOTOWIE FLAGOWE\u00ae\",\"url\":\"https:\/\/www.pogotowieflagowe.pl\/aktualne\/\",\"logo\":{\"@type\":\"ImageObject\",\"inLanguage\":\"pl-PL\",\"@id\":\"https:\/\/www.pogotowieflagowe.pl\/aktualne\/#\/schema\/logo\/image\/\",\"url\":\"https:\/\/www.pogotowieflagowe.pl\/aktualne\/wp-content\/uploads\/2024\/08\/cropped-pogotowieflagowe_flaga_projekt_sm.jpg\",\"contentUrl\":\"https:\/\/www.pogotowieflagowe.pl\/aktualne\/wp-content\/uploads\/2024\/08\/cropped-pogotowieflagowe_flaga_projekt_sm.jpg\",\"width\":250,\"height\":143,\"caption\":\"POGOTOWIE FLAGOWE\u00ae\"},\"image\":{\"@id\":\"https:\/\/www.pogotowieflagowe.pl\/aktualne\/#\/schema\/logo\/image\/\"}},{\"@type\":\"Person\",\"@id\":\"https:\/\/www.pogotowieflagowe.pl\/aktualne\/#\/schema\/person\/9c2fb7d2362ebf6fa088960d7f0d27b0\",\"name\":\"Filip\",\"image\":{\"@type\":\"ImageObject\",\"inLanguage\":\"pl-PL\",\"@id\":\"https:\/\/www.pogotowieflagowe.pl\/aktualne\/#\/schema\/person\/image\/\",\"url\":\"https:\/\/www.pogotowieflagowe.pl\/aktualne\/wp-content\/uploads\/2024\/08\/pogotowieflagowe.pl_.jpg\",\"contentUrl\":\"https:\/\/www.pogotowieflagowe.pl\/aktualne\/wp-content\/uploads\/2024\/08\/pogotowieflagowe.pl_.jpg\",\"caption\":\"Filip\"},\"description\":\"Jestem Filip, polski dziennikarz z dyplomem nauk politycznych Uniwersytetu Warszawskiego. Rozpoczynaj\u0105c swoj\u0105 karier\u0119 w r\u00f3\u017cnych lokalnych mediach, zdoby\u0142em solidne do\u015bwiadczenie w zakresie \u015bledztwa i redakcji. Obecnie jako redaktor w Pogotowie flagowe, staram si\u0119 dostarcza\u0107 dog\u0142\u0119bne i istotne analizy na temat najwa\u017cniejszych kwestii aktualno\u015bci, \u0142\u0105cz\u0105c rygor z pasj\u0105 dziennikarsk\u0105.\",\"sameAs\":[\"https:\/\/www.pogotowieflagowe.pl\/\"]}]}<\/script>\n<!-- \/ Yoast SEO plugin. -->","yoast_head_json":{"title":"W ca\u0142ej Polsce narasta oburzenie w zwi\u0105zku z sabota\u017cem na kolei, a szef PKP twierdzi, \u017ce to \u201etylko kilka incydent\u00f3w\u201d - POGOTOWIE FLAGOWE\u00ae","robots":{"index":"index","follow":"follow","max-snippet":"max-snippet:-1","max-image-preview":"max-image-preview:large","max-video-preview":"max-video-preview:-1"},"canonical":"https:\/\/www.pogotowieflagowe.pl\/aktualne\/w-calej-polsce-narasta-oburzenie-w-zwiazku-z-sabotazem-na-kolei-a-szef-pkp-twierdzi-ze-to-tylko-kilka-incydentow\/","og_locale":"pl_PL","og_type":"article","og_title":"W ca\u0142ej Polsce narasta oburzenie w zwi\u0105zku z sabota\u017cem na kolei, a szef PKP twierdzi, \u017ce to \u201etylko kilka incydent\u00f3w\u201d - POGOTOWIE FLAGOWE\u00ae","og_description":"Prezydent Linie Kolejowe Polskich Kolei Pa\u0144stwowych (PKP PLK)\u2013 powiedzia\u0142 w niedziel\u0119 Piotr Wyborski na linii kolejowej Warszawa-Lubelska \u201eodnotowano kilka incydent\u00f3w\u201d.","og_url":"https:\/\/www.pogotowieflagowe.pl\/aktualne\/w-calej-polsce-narasta-oburzenie-w-zwiazku-z-sabotazem-na-kolei-a-szef-pkp-twierdzi-ze-to-tylko-kilka-incydentow\/","og_site_name":"POGOTOWIE FLAGOWE\u00ae","article_published_time":"2025-11-17T13:59:26+00:00","og_image":[{"width":1280,"height":720,"url":"https:\/\/www.pogotowieflagowe.pl\/aktualne\/wp-content\/uploads\/2025\/11\/Wysadzone-tory-w-powiecie-garwolinskim-Maszynista-uratowal-pociag-na-chwile.webp.webp","type":"image\/webp"}],"author":"Filip","twitter_card":"summary_large_image","twitter_misc":{"Napisane przez":"Filip","Szacowany czas czytania":"2 minuty"},"schema":{"@context":"https:\/\/schema.org","@graph":[{"@type":"Article","@id":"https:\/\/www.pogotowieflagowe.pl\/aktualne\/w-calej-polsce-narasta-oburzenie-w-zwiazku-z-sabotazem-na-kolei-a-szef-pkp-twierdzi-ze-to-tylko-kilka-incydentow\/#article","isPartOf":{"@id":"https:\/\/www.pogotowieflagowe.pl\/aktualne\/w-calej-polsce-narasta-oburzenie-w-zwiazku-z-sabotazem-na-kolei-a-szef-pkp-twierdzi-ze-to-tylko-kilka-incydentow\/"},"author":{"name":"Filip","@id":"https:\/\/www.pogotowieflagowe.pl\/aktualne\/#\/schema\/person\/9c2fb7d2362ebf6fa088960d7f0d27b0"},"headline":"W ca\u0142ej Polsce narasta oburzenie w zwi\u0105zku z sabota\u017cem na kolei, a szef PKP twierdzi, \u017ce to \u201etylko kilka incydent\u00f3w\u201d","datePublished":"2025-11-17T13:59:26+00:00","dateModified":"2025-11-17T13:59:26+00:00","mainEntityOfPage":{"@id":"https:\/\/www.pogotowieflagowe.pl\/aktualne\/w-calej-polsce-narasta-oburzenie-w-zwiazku-z-sabotazem-na-kolei-a-szef-pkp-twierdzi-ze-to-tylko-kilka-incydentow\/"},"wordCount":373,"commentCount":0,"publisher":{"@id":"https:\/\/www.pogotowieflagowe.pl\/aktualne\/#organization"},"image":{"@id":"https:\/\/www.pogotowieflagowe.pl\/aktualne\/w-calej-polsce-narasta-oburzenie-w-zwiazku-z-sabotazem-na-kolei-a-szef-pkp-twierdzi-ze-to-tylko-kilka-incydentow\/#primaryimage"},"thumbnailUrl":"https:\/\/www.pogotowieflagowe.pl\/aktualne\/wp-content\/uploads\/2025\/11\/Wysadzone-tory-w-powiecie-garwolinskim-Maszynista-uratowal-pociag-na-chwile.webp.webp","keywords":["ca\u0142ej","incydent\u00f3w","Kilka","kolei","narasta","oburzenie","PKP","Polsce","sabota\u017cem","Szef","twierdzi","tylko","\u017ce","zwi\u0105zku"],"articleSection":["Aktualne"],"inLanguage":"pl-PL","potentialAction":[{"@type":"CommentAction","name":"Comment","target":["https:\/\/www.pogotowieflagowe.pl\/aktualne\/w-calej-polsce-narasta-oburzenie-w-zwiazku-z-sabotazem-na-kolei-a-szef-pkp-twierdzi-ze-to-tylko-kilka-incydentow\/#respond"]}]},{"@type":"WebPage","@id":"https:\/\/www.pogotowieflagowe.pl\/aktualne\/w-calej-polsce-narasta-oburzenie-w-zwiazku-z-sabotazem-na-kolei-a-szef-pkp-twierdzi-ze-to-tylko-kilka-incydentow\/","url":"https:\/\/www.pogotowieflagowe.pl\/aktualne\/w-calej-polsce-narasta-oburzenie-w-zwiazku-z-sabotazem-na-kolei-a-szef-pkp-twierdzi-ze-to-tylko-kilka-incydentow\/","name":"W ca\u0142ej Polsce narasta oburzenie w zwi\u0105zku z sabota\u017cem na kolei, a szef PKP twierdzi, \u017ce to \u201etylko kilka incydent\u00f3w\u201d - POGOTOWIE FLAGOWE\u00ae","isPartOf":{"@id":"https:\/\/www.pogotowieflagowe.pl\/aktualne\/#website"},"primaryImageOfPage":{"@id":"https:\/\/www.pogotowieflagowe.pl\/aktualne\/w-calej-polsce-narasta-oburzenie-w-zwiazku-z-sabotazem-na-kolei-a-szef-pkp-twierdzi-ze-to-tylko-kilka-incydentow\/#primaryimage"},"image":{"@id":"https:\/\/www.pogotowieflagowe.pl\/aktualne\/w-calej-polsce-narasta-oburzenie-w-zwiazku-z-sabotazem-na-kolei-a-szef-pkp-twierdzi-ze-to-tylko-kilka-incydentow\/#primaryimage"},"thumbnailUrl":"https:\/\/www.pogotowieflagowe.pl\/aktualne\/wp-content\/uploads\/2025\/11\/Wysadzone-tory-w-powiecie-garwolinskim-Maszynista-uratowal-pociag-na-chwile.webp.webp","datePublished":"2025-11-17T13:59:26+00:00","dateModified":"2025-11-17T13:59:26+00:00","breadcrumb":{"@id":"https:\/\/www.pogotowieflagowe.pl\/aktualne\/w-calej-polsce-narasta-oburzenie-w-zwiazku-z-sabotazem-na-kolei-a-szef-pkp-twierdzi-ze-to-tylko-kilka-incydentow\/#breadcrumb"},"inLanguage":"pl-PL","potentialAction":[{"@type":"ReadAction","target":["https:\/\/www.pogotowieflagowe.pl\/aktualne\/w-calej-polsce-narasta-oburzenie-w-zwiazku-z-sabotazem-na-kolei-a-szef-pkp-twierdzi-ze-to-tylko-kilka-incydentow\/"]}]},{"@type":"ImageObject","inLanguage":"pl-PL","@id":"https:\/\/www.pogotowieflagowe.pl\/aktualne\/w-calej-polsce-narasta-oburzenie-w-zwiazku-z-sabotazem-na-kolei-a-szef-pkp-twierdzi-ze-to-tylko-kilka-incydentow\/#primaryimage","url":"https:\/\/www.pogotowieflagowe.pl\/aktualne\/wp-content\/uploads\/2025\/11\/Wysadzone-tory-w-powiecie-garwolinskim-Maszynista-uratowal-pociag-na-chwile.webp.webp","contentUrl":"https:\/\/www.pogotowieflagowe.pl\/aktualne\/wp-content\/uploads\/2025\/11\/Wysadzone-tory-w-powiecie-garwolinskim-Maszynista-uratowal-pociag-na-chwile.webp.webp","width":1280,"height":720,"caption":"Wysadzone tory w powiecie garwoli\u0144skim. Maszynista uratowa\u0142 poci\u0105g na chwil\u0119 przed katastrof\u0105"},{"@type":"BreadcrumbList","@id":"https:\/\/www.pogotowieflagowe.pl\/aktualne\/w-calej-polsce-narasta-oburzenie-w-zwiazku-z-sabotazem-na-kolei-a-szef-pkp-twierdzi-ze-to-tylko-kilka-incydentow\/#breadcrumb","itemListElement":[{"@type":"ListItem","position":1,"name":"Home","item":"https:\/\/www.pogotowieflagowe.pl\/aktualne\/"},{"@type":"ListItem","position":2,"name":"W ca\u0142ej Polsce narasta oburzenie w zwi\u0105zku z sabota\u017cem na kolei, a szef PKP twierdzi, \u017ce to \u201etylko kilka incydent\u00f3w\u201d"}]},{"@type":"WebSite","@id":"https:\/\/www.pogotowieflagowe.pl\/aktualne\/#website","url":"https:\/\/www.pogotowieflagowe.pl\/aktualne\/","name":"POGOTOWIE FLAGOWE\u00ae","description":"","publisher":{"@id":"https:\/\/www.pogotowieflagowe.pl\/aktualne\/#organization"},"potentialAction":[{"@type":"SearchAction","target":{"@type":"EntryPoint","urlTemplate":"https:\/\/www.pogotowieflagowe.pl\/aktualne\/?s={search_term_string}"},"query-input":"required name=search_term_string"}],"inLanguage":"pl-PL"},{"@type":"Organization","@id":"https:\/\/www.pogotowieflagowe.pl\/aktualne\/#organization","name":"POGOTOWIE FLAGOWE\u00ae","url":"https:\/\/www.pogotowieflagowe.pl\/aktualne\/","logo":{"@type":"ImageObject","inLanguage":"pl-PL","@id":"https:\/\/www.pogotowieflagowe.pl\/aktualne\/#\/schema\/logo\/image\/","url":"https:\/\/www.pogotowieflagowe.pl\/aktualne\/wp-content\/uploads\/2024\/08\/cropped-pogotowieflagowe_flaga_projekt_sm.jpg","contentUrl":"https:\/\/www.pogotowieflagowe.pl\/aktualne\/wp-content\/uploads\/2024\/08\/cropped-pogotowieflagowe_flaga_projekt_sm.jpg","width":250,"height":143,"caption":"POGOTOWIE FLAGOWE\u00ae"},"image":{"@id":"https:\/\/www.pogotowieflagowe.pl\/aktualne\/#\/schema\/logo\/image\/"}},{"@type":"Person","@id":"https:\/\/www.pogotowieflagowe.pl\/aktualne\/#\/schema\/person\/9c2fb7d2362ebf6fa088960d7f0d27b0","name":"Filip","image":{"@type":"ImageObject","inLanguage":"pl-PL","@id":"https:\/\/www.pogotowieflagowe.pl\/aktualne\/#\/schema\/person\/image\/","url":"https:\/\/www.pogotowieflagowe.pl\/aktualne\/wp-content\/uploads\/2024\/08\/pogotowieflagowe.pl_.jpg","contentUrl":"https:\/\/www.pogotowieflagowe.pl\/aktualne\/wp-content\/uploads\/2024\/08\/pogotowieflagowe.pl_.jpg","caption":"Filip"},"description":"Jestem Filip, polski dziennikarz z dyplomem nauk politycznych Uniwersytetu Warszawskiego. Rozpoczynaj\u0105c swoj\u0105 karier\u0119 w r\u00f3\u017cnych lokalnych mediach, zdoby\u0142em solidne do\u015bwiadczenie w zakresie \u015bledztwa i redakcji. Obecnie jako redaktor w Pogotowie flagowe, staram si\u0119 dostarcza\u0107 dog\u0142\u0119bne i istotne analizy na temat najwa\u017cniejszych kwestii aktualno\u015bci, \u0142\u0105cz\u0105c rygor z pasj\u0105 dziennikarsk\u0105.","sameAs":["https:\/\/www.pogotowieflagowe.pl\/"]}]}},"_links":{"self":[{"href":"https:\/\/www.pogotowieflagowe.pl\/aktualne\/wp-json\/wp\/v2\/posts\/10698","targetHints":{"allow":["GET"]}}],"collection":[{"href":"https:\/\/www.pogotowieflagowe.pl\/aktualne\/wp-json\/wp\/v2\/posts"}],"about":[{"href":"https:\/\/www.pogotowieflagowe.pl\/aktualne\/wp-json\/wp\/v2\/types\/post"}],"author":[{"embeddable":true,"href":"https:\/\/www.pogotowieflagowe.pl\/aktualne\/wp-json\/wp\/v2\/users\/1"}],"replies":[{"embeddable":true,"href":"https:\/\/www.pogotowieflagowe.pl\/aktualne\/wp-json\/wp\/v2\/comments?post=10698"}],"version-history":[{"count":1,"href":"https:\/\/www.pogotowieflagowe.pl\/aktualne\/wp-json\/wp\/v2\/posts\/10698\/revisions"}],"predecessor-version":[{"id":10699,"href":"https:\/\/www.pogotowieflagowe.pl\/aktualne\/wp-json\/wp\/v2\/posts\/10698\/revisions\/10699"}],"wp:featuredmedia":[{"embeddable":true,"href":"https:\/\/www.pogotowieflagowe.pl\/aktualne\/wp-json\/wp\/v2\/media\/10612"}],"wp:attachment":[{"href":"https:\/\/www.pogotowieflagowe.pl\/aktualne\/wp-json\/wp\/v2\/media?parent=10698"}],"wp:term":[{"taxonomy":"category","embeddable":true,"href":"https:\/\/www.pogotowieflagowe.pl\/aktualne\/wp-json\/wp\/v2\/categories?post=10698"},{"taxonomy":"post_tag","embeddable":true,"href":"https:\/\/www.pogotowieflagowe.pl\/aktualne\/wp-json\/wp\/v2\/tags?post=10698"}],"curies":[{"name":"wp","href":"https:\/\/api.w.org\/{rel}","templated":true}]}}