{"id":10703,"date":"2025-11-17T21:46:01","date_gmt":"2025-11-17T20:46:01","guid":{"rendered":"https:\/\/www.pogotowieflagowe.pl\/aktualne\/nie-tylko-polska-inny-kraj-stoi-w-obliczu-sabotazu-kolei-jestesmy-oburzeni\/"},"modified":"2025-11-17T21:46:02","modified_gmt":"2025-11-17T20:46:02","slug":"nie-tylko-polska-inny-kraj-stoi-w-obliczu-sabotazu-kolei-jestesmy-oburzeni","status":"publish","type":"post","link":"https:\/\/www.pogotowieflagowe.pl\/aktualne\/nie-tylko-polska-inny-kraj-stoi-w-obliczu-sabotazu-kolei-jestesmy-oburzeni\/","title":{"rendered":"Nie tylko Polska. Inny kraj stoi w obliczu sabota\u017cu kolei: \u201eJeste\u015bmy oburzeni\u201d"},"content":{"rendered":"\n<div class=\"td_block_wrap tdb_single_content tdi_41 td-pb-border-top td_block_template_8 td-post-content tagdiv-type\" data-td-block-uid=\"tdi_41\">\n<style>.tdi_41{margines-top:0px!important;margin-bottom:0px!important;dope\u0142nienie-g\u00f3ra:0px!important;dope\u0142nienie-d\u00f3\u0142:0px!important}<\/style>\n<style>.tdb_single_content{margin-bottom:0;*zoom:1}.tdb_single_content:before,.tdb_single_content:after{display:table;content:'';line-height:0}.tdb_single_content:after{clear:both}.tdb_single_content .tdb-block-inner>*:not(.wp-block-quote):not(.alignwide):not(.alignfull.wp-block-cover.has-parallax):not(.td-a-ad){margin-left:auto;margin-right:auto}.tdb_single_content a{pointer-events:auto}.tdb_single_content .td-spot-id-top_ad .tdc-placeholder-title:before{content:'Najlepsza reklama artyku\u0142u'!important}.tdb_single_content .td-spot-id-inline_ad0 .tdc-placeholder-title:before{content:'Reklama wbudowana artyku\u0142u 1'!important}.tdb_single_content .td-spot-id-inline_ad1 .tdc-placeholder-title:before{content:'Wbudowana reklama w artykule 2'!important}.tdb_single_content .td-spot-id-inline_ad2 .tdc-placeholder-title:before{content:'Wbudowana reklama w artykule 3'!important}.tdb_single_content .td-spot-id-bottom_ad .tdc-placeholder-title:before{content:'Article Bottom Ad'!important}.tdb_single_content .id_top_ad,.tdb_single_content .id_bottom_ad{clear:both;margin-bottom:21px;text-align:center}.tdb_single_content .id_top_ad img,.tdb_single_content .id_bottom_ad img{margin-bottom:0}.tdb_single_content .id_top_ad .adsbygoogle,.tdb_single_content .id_bottom_ad .adsbygoogle{position:relative}.tdb_single_content .id_ad_content-horiz-left,.tdb_single_content .id_ad_content-horiz-right,.tdb_single_content .id_ad_content-horiz-center{margin-bottom:15px}.tdb_single_content .id_ad_content-horiz-left img,.tdb_single_content .id_ad_content-horiz-right img,.tdb_single_content .id_ad_content-horiz-center img{margin-bottom:0}.tdb_single_content .id_ad_content-horiz-center{text-align:center}.tdb_single_content .id_ad_content-horiz-center img{margin-right:auto;margin-left:auto}.tdb_single_content .id_ad_content-horiz-left{float:left;margin-top:9px;margin-right:21px}.tdb_single_content .id_ad_content-horiz-right{float:right;margin-top:6px;margin-left:21px}.tdb_single_content .tdc-a-ad .tdc-placeholder-title{width:300px;height:250px}.tdb_single_content .tdc-a-ad .tdc-placeholder-title:before{position:absolute;top:50%;-webkit-transform:translateY(-50%);transform:translateY(-50%);margin:auto;display:table;width:100%}.tdb_single_content .tdb-block-inner.td-fix-index{word-break:break-word}.tdi_41,.tdi_41>p,.tdi_41 .tdb-block-inner>p,.wp-block-column>p{font-size:16px!important;line-height:1.6!important}.tdi_41 .tdb-block-inner blockquote p{font-style:normal!important}@media (max-width:767px){.tdb_single_content .id_ad_content-horiz-left,.tdb_single_content .id_ad_content-horiz-right,.tdb_single_content .id_ad_content-horiz-center{margin:0 auto 26 pikseli auto}}@media (max-width:767px){.tdb_single_content .id_ad_content-horiz-left{margin-right:0}}@media (max-width:767px){.tdb_single_content .id_ad_content-horiz-right{margin-left:0}}@media (max-width:767px){.tdb_single_content .td-a-ad{float:none;text-align:center}.tdb_single_content .td-a-ad img{margin-right:auto;margin-left:auto}.tdb_single_content .tdc-a-ad{float:none}}<\/style>\n<div class=\"tdb-block-inner td-fix-index\">\n<p>Zarz\u0105d kolei s\u0142owe\u0144skich poinformowa\u0142, \u017ce w S\u0142owenii poci\u0105g pasa\u017cerski zderzy\u0142 si\u0119 dzisiaj z przedmiotami umieszczonymi na torach. Firma jest przekonana, \u017ce \u200b\u200bincydent by\u0142 aktem sabota\u017cu. Jest to kolejne tego typu wydarzenie, kt\u00f3re mia\u0142o miejsce w ostatnich tygodniach w S\u0142owenii, co czyni j\u0105 kolejnym europejskim krajem, w kt\u00f3rym wyst\u0119puj\u0105 podobne zdarzenia.<\/p>\n<p>Do zdarzenia dosz\u0142o wczesnym rankiem na linii Celje\u2013Velenje. Poci\u0105g najecha\u0142 na ga\u0142\u0119zie drzew, meble ogrodowe i rower celowo ustawiony na torach, po czym skierowa\u0142 si\u0119 do stacji \u017dalec, gdzie si\u0119 zatrzyma\u0142. Policja zabezpieczy\u0142a miejsce i wszcz\u0119\u0142a \u015bledztwo w sprawie \u201eprzest\u0119pstwa polegaj\u0105cego na nara\u017caniu transportu publicznego poprzez niebezpieczne dzia\u0142ania lub u\u017cycie niebezpiecznych \u015brodk\u00f3w\u201d. Wycofano z eksploatacji elektryczny zesp\u00f3\u0142 trakcyjny i na linii wprowadzono zast\u0119pcz\u0105 komunikacj\u0119 autobusow\u0105. Nikt nie zosta\u0142 ranny.<\/p>\n<p>W o\u015bwiadczeniu dla medi\u00f3w dyrektor ds. transportu pasa\u017cerskiego Kolei S\u0142owe\u0144skich Miha Butara wyrazi\u0142 przekonanie, \u017ce zaistnia\u0142a sytuacja stanowi akt sabota\u017cu. \u201eTo nie jest zwyk\u0142e zaniedbanie; to wykalkulowana pr\u00f3ba wyrz\u0105dzenia krzywdy innym ludziom\u201d \u2013 powiedzia\u0142 Butara. Wyrazi\u0142 nadziej\u0119, \u017ce policji uda si\u0119 odnale\u017a\u0107 sprawc\u00f3w, w tym sprawc\u00f3w podobnego zdarzenia, kt\u00f3re mia\u0142o miejsce 19 sierpnia, kiedy wczesnym rankiem w Novo Mesto poci\u0105g pasa\u017cerski najecha\u0142 na celowo u\u0142o\u017cone na torach podk\u0142ady kolejowe.<\/p>\n<p>\u201eJeste\u015bmy oburzeni tego typu zachowaniem, kt\u00f3re jest dzia\u0142aniem celowym, maj\u0105cym na celu wyrz\u0105dzenie szkody materialnej i zagro\u017cenie bezpiecze\u0144stwa naszych pracownik\u00f3w i pasa\u017cer\u00f3w\u201d \u2013 o\u015bwiadczy\u0142 Butara.<\/p>\n<p>To kolejny z serii incydent\u00f3w z ostatnich tygodni, w kt\u00f3rych nieznani sprawcy uszkodzili infrastruktur\u0119 kolejow\u0105 lub umie\u015bcili przedmioty na torach. Dosz\u0142o do kilku powa\u017cnych wypadk\u00f3w. W po\u0142owie pa\u017adziernika na stacji Vintgar na skutek celowego zniszczenia rozjazdu wykolei\u0142 si\u0119 poci\u0105g pasa\u017cerski. Wcze\u015bniej na stacji Bled Jezero pracownicy zapobiegli wykolejeniu po uszkodzeniu rozjazdu, a w pobli\u017cu Rakovnika kto\u015b u\u0142o\u017cy\u0142 na torach du\u017cy kamie\u0144.<\/p>\n<p>Do potencjalnie najniebezpieczniejszego zdarzenia dosz\u0142o 29 wrze\u015bnia, kiedy odkryto celowe uszkodzenie sygna\u0142u na stacji Bled Jezero. Tylko szybka reakcja personelu zapobieg\u0142a zderzeniu dw\u00f3ch poci\u0105g\u00f3w pasa\u017cerskich. W zwi\u0105zku z tymi wydarzeniami zar\u00f3wno w\u0142adze kolei, jak i s\u0142u\u017cby ratunkowe apeluj\u0105 do obywateli, aby natychmiast zg\u0142aszali policji wszelkie podejrzane zachowania w pobli\u017cu linii kolejowych.<\/p>\n<p>Przypominamy, \u017ce wczoraj w Polsce dosz\u0142o tak\u017ce do sabota\u017cu kolejowego. Na trasie Warszawa \u2013 D\u0119blin zdetonowano \u0142adunek wybuchowy, kt\u00f3ry uszkodzi\u0142 tory. Telewizja Republika jako pierwsza poinformowa\u0142a, \u017ce \u200b\u200bincydent mia\u0142 charakter sabota\u017cu.<\/p>\n<\/div>\n<\/div>\n","protected":false},"excerpt":{"rendered":"<p>Zarz\u0105d kolei s\u0142owe\u0144skich poinformowa\u0142, \u017ce w S\u0142owenii poci\u0105g pasa\u017cerski zderzy\u0142 si\u0119 dzisiaj z przedmiotami umieszczonymi na torach. Firma jest przekonana,<\/p>\n","protected":false},"author":1,"featured_media":10704,"comment_status":"open","ping_status":"open","sticky":false,"template":"","format":"standard","meta":{"footnotes":""},"categories":[4748],"tags":[5927,1834,12162,4948,450,185,9009,4,5957,1527,3165],"class_list":["post-10703","post","type-post","status-publish","format-standard","has-post-thumbnail","hentry","category-aktualne","tag-inny","tag-jestesmy","tag-kolei","tag-kraj","tag-nie","tag-obliczu","tag-oburzeni","tag-polska","tag-sabotazu","tag-stoi","tag-tylko","generate-columns","tablet-grid-50","mobile-grid-100","grid-parent","grid-50","resize-featured-image"],"yoast_head":"<!-- This site is optimized with the Yoast SEO plugin v23.2 - https:\/\/yoast.com\/wordpress\/plugins\/seo\/ -->\n<title>Nie tylko Polska. Inny kraj stoi w obliczu sabota\u017cu kolei: \u201eJeste\u015bmy oburzeni\u201d - POGOTOWIE FLAGOWE\u00ae<\/title>\n<meta name=\"robots\" content=\"index, follow, max-snippet:-1, max-image-preview:large, max-video-preview:-1\" \/>\n<link rel=\"canonical\" href=\"https:\/\/www.pogotowieflagowe.pl\/aktualne\/nie-tylko-polska-inny-kraj-stoi-w-obliczu-sabotazu-kolei-jestesmy-oburzeni\/\" \/>\n<meta property=\"og:locale\" content=\"pl_PL\" \/>\n<meta property=\"og:type\" content=\"article\" \/>\n<meta property=\"og:title\" content=\"Nie tylko Polska. Inny kraj stoi w obliczu sabota\u017cu kolei: \u201eJeste\u015bmy oburzeni\u201d - POGOTOWIE FLAGOWE\u00ae\" \/>\n<meta property=\"og:description\" content=\"Zarz\u0105d kolei s\u0142owe\u0144skich poinformowa\u0142, \u017ce w S\u0142owenii poci\u0105g pasa\u017cerski zderzy\u0142 si\u0119 dzisiaj z przedmiotami umieszczonymi na torach. Firma jest przekonana,\" \/>\n<meta property=\"og:url\" content=\"https:\/\/www.pogotowieflagowe.pl\/aktualne\/nie-tylko-polska-inny-kraj-stoi-w-obliczu-sabotazu-kolei-jestesmy-oburzeni\/\" \/>\n<meta property=\"og:site_name\" content=\"POGOTOWIE FLAGOWE\u00ae\" \/>\n<meta property=\"article:published_time\" content=\"2025-11-17T20:46:01+00:00\" \/>\n<meta property=\"article:modified_time\" content=\"2025-11-17T20:46:02+00:00\" \/>\n<meta property=\"og:image\" content=\"https:\/\/www.pogotowieflagowe.pl\/aktualne\/wp-content\/uploads\/2025\/11\/Nie-tylko-Polska-Inny-kraj-stoi-w-obliczu-sabotazu-kolei.webp.webp\" \/>\n\t<meta property=\"og:image:width\" content=\"1280\" \/>\n\t<meta property=\"og:image:height\" content=\"720\" \/>\n\t<meta property=\"og:image:type\" content=\"image\/webp\" \/>\n<meta name=\"author\" content=\"Filip\" \/>\n<meta name=\"twitter:card\" content=\"summary_large_image\" \/>\n<meta name=\"twitter:label1\" content=\"Napisane przez\" \/>\n\t<meta name=\"twitter:data1\" content=\"Filip\" \/>\n\t<meta name=\"twitter:label2\" content=\"Szacowany czas czytania\" \/>\n\t<meta name=\"twitter:data2\" content=\"2 minuty\" \/>\n<script type=\"application\/ld+json\" class=\"yoast-schema-graph\">{\"@context\":\"https:\/\/schema.org\",\"@graph\":[{\"@type\":\"Article\",\"@id\":\"https:\/\/www.pogotowieflagowe.pl\/aktualne\/nie-tylko-polska-inny-kraj-stoi-w-obliczu-sabotazu-kolei-jestesmy-oburzeni\/#article\",\"isPartOf\":{\"@id\":\"https:\/\/www.pogotowieflagowe.pl\/aktualne\/nie-tylko-polska-inny-kraj-stoi-w-obliczu-sabotazu-kolei-jestesmy-oburzeni\/\"},\"author\":{\"name\":\"Filip\",\"@id\":\"https:\/\/www.pogotowieflagowe.pl\/aktualne\/#\/schema\/person\/9c2fb7d2362ebf6fa088960d7f0d27b0\"},\"headline\":\"Nie tylko Polska. Inny kraj stoi w obliczu sabota\u017cu kolei: \u201eJeste\u015bmy oburzeni\u201d\",\"datePublished\":\"2025-11-17T20:46:01+00:00\",\"dateModified\":\"2025-11-17T20:46:02+00:00\",\"mainEntityOfPage\":{\"@id\":\"https:\/\/www.pogotowieflagowe.pl\/aktualne\/nie-tylko-polska-inny-kraj-stoi-w-obliczu-sabotazu-kolei-jestesmy-oburzeni\/\"},\"wordCount\":457,\"commentCount\":0,\"publisher\":{\"@id\":\"https:\/\/www.pogotowieflagowe.pl\/aktualne\/#organization\"},\"image\":{\"@id\":\"https:\/\/www.pogotowieflagowe.pl\/aktualne\/nie-tylko-polska-inny-kraj-stoi-w-obliczu-sabotazu-kolei-jestesmy-oburzeni\/#primaryimage\"},\"thumbnailUrl\":\"https:\/\/www.pogotowieflagowe.pl\/aktualne\/wp-content\/uploads\/2025\/11\/Nie-tylko-Polska-Inny-kraj-stoi-w-obliczu-sabotazu-kolei.webp.webp\",\"keywords\":[\"inny\",\"Jeste\u015bmy\",\"kolei\",\"kraj\",\"Nie\",\"obliczu\",\"oburzeni\",\"polska\",\"sabota\u017cu\",\"stoi\",\"tylko\"],\"articleSection\":[\"Aktualne\"],\"inLanguage\":\"pl-PL\",\"potentialAction\":[{\"@type\":\"CommentAction\",\"name\":\"Comment\",\"target\":[\"https:\/\/www.pogotowieflagowe.pl\/aktualne\/nie-tylko-polska-inny-kraj-stoi-w-obliczu-sabotazu-kolei-jestesmy-oburzeni\/#respond\"]}]},{\"@type\":\"WebPage\",\"@id\":\"https:\/\/www.pogotowieflagowe.pl\/aktualne\/nie-tylko-polska-inny-kraj-stoi-w-obliczu-sabotazu-kolei-jestesmy-oburzeni\/\",\"url\":\"https:\/\/www.pogotowieflagowe.pl\/aktualne\/nie-tylko-polska-inny-kraj-stoi-w-obliczu-sabotazu-kolei-jestesmy-oburzeni\/\",\"name\":\"Nie tylko Polska. Inny kraj stoi w obliczu sabota\u017cu kolei: \u201eJeste\u015bmy oburzeni\u201d - POGOTOWIE FLAGOWE\u00ae\",\"isPartOf\":{\"@id\":\"https:\/\/www.pogotowieflagowe.pl\/aktualne\/#website\"},\"primaryImageOfPage\":{\"@id\":\"https:\/\/www.pogotowieflagowe.pl\/aktualne\/nie-tylko-polska-inny-kraj-stoi-w-obliczu-sabotazu-kolei-jestesmy-oburzeni\/#primaryimage\"},\"image\":{\"@id\":\"https:\/\/www.pogotowieflagowe.pl\/aktualne\/nie-tylko-polska-inny-kraj-stoi-w-obliczu-sabotazu-kolei-jestesmy-oburzeni\/#primaryimage\"},\"thumbnailUrl\":\"https:\/\/www.pogotowieflagowe.pl\/aktualne\/wp-content\/uploads\/2025\/11\/Nie-tylko-Polska-Inny-kraj-stoi-w-obliczu-sabotazu-kolei.webp.webp\",\"datePublished\":\"2025-11-17T20:46:01+00:00\",\"dateModified\":\"2025-11-17T20:46:02+00:00\",\"breadcrumb\":{\"@id\":\"https:\/\/www.pogotowieflagowe.pl\/aktualne\/nie-tylko-polska-inny-kraj-stoi-w-obliczu-sabotazu-kolei-jestesmy-oburzeni\/#breadcrumb\"},\"inLanguage\":\"pl-PL\",\"potentialAction\":[{\"@type\":\"ReadAction\",\"target\":[\"https:\/\/www.pogotowieflagowe.pl\/aktualne\/nie-tylko-polska-inny-kraj-stoi-w-obliczu-sabotazu-kolei-jestesmy-oburzeni\/\"]}]},{\"@type\":\"ImageObject\",\"inLanguage\":\"pl-PL\",\"@id\":\"https:\/\/www.pogotowieflagowe.pl\/aktualne\/nie-tylko-polska-inny-kraj-stoi-w-obliczu-sabotazu-kolei-jestesmy-oburzeni\/#primaryimage\",\"url\":\"https:\/\/www.pogotowieflagowe.pl\/aktualne\/wp-content\/uploads\/2025\/11\/Nie-tylko-Polska-Inny-kraj-stoi-w-obliczu-sabotazu-kolei.webp.webp\",\"contentUrl\":\"https:\/\/www.pogotowieflagowe.pl\/aktualne\/wp-content\/uploads\/2025\/11\/Nie-tylko-Polska-Inny-kraj-stoi-w-obliczu-sabotazu-kolei.webp.webp\",\"width\":1280,\"height\":720,\"caption\":\"Nie tylko Polska. Inny kraj stoi w obliczu sabota\u017cu kolei: \u201eJeste\u015bmy oburzeni\u201d\"},{\"@type\":\"BreadcrumbList\",\"@id\":\"https:\/\/www.pogotowieflagowe.pl\/aktualne\/nie-tylko-polska-inny-kraj-stoi-w-obliczu-sabotazu-kolei-jestesmy-oburzeni\/#breadcrumb\",\"itemListElement\":[{\"@type\":\"ListItem\",\"position\":1,\"name\":\"Home\",\"item\":\"https:\/\/www.pogotowieflagowe.pl\/aktualne\/\"},{\"@type\":\"ListItem\",\"position\":2,\"name\":\"Nie tylko Polska. Inny kraj stoi w obliczu sabota\u017cu kolei: \u201eJeste\u015bmy oburzeni\u201d\"}]},{\"@type\":\"WebSite\",\"@id\":\"https:\/\/www.pogotowieflagowe.pl\/aktualne\/#website\",\"url\":\"https:\/\/www.pogotowieflagowe.pl\/aktualne\/\",\"name\":\"POGOTOWIE FLAGOWE\u00ae\",\"description\":\"\",\"publisher\":{\"@id\":\"https:\/\/www.pogotowieflagowe.pl\/aktualne\/#organization\"},\"potentialAction\":[{\"@type\":\"SearchAction\",\"target\":{\"@type\":\"EntryPoint\",\"urlTemplate\":\"https:\/\/www.pogotowieflagowe.pl\/aktualne\/?s={search_term_string}\"},\"query-input\":\"required name=search_term_string\"}],\"inLanguage\":\"pl-PL\"},{\"@type\":\"Organization\",\"@id\":\"https:\/\/www.pogotowieflagowe.pl\/aktualne\/#organization\",\"name\":\"POGOTOWIE FLAGOWE\u00ae\",\"url\":\"https:\/\/www.pogotowieflagowe.pl\/aktualne\/\",\"logo\":{\"@type\":\"ImageObject\",\"inLanguage\":\"pl-PL\",\"@id\":\"https:\/\/www.pogotowieflagowe.pl\/aktualne\/#\/schema\/logo\/image\/\",\"url\":\"https:\/\/www.pogotowieflagowe.pl\/aktualne\/wp-content\/uploads\/2024\/08\/cropped-pogotowieflagowe_flaga_projekt_sm.jpg\",\"contentUrl\":\"https:\/\/www.pogotowieflagowe.pl\/aktualne\/wp-content\/uploads\/2024\/08\/cropped-pogotowieflagowe_flaga_projekt_sm.jpg\",\"width\":250,\"height\":143,\"caption\":\"POGOTOWIE FLAGOWE\u00ae\"},\"image\":{\"@id\":\"https:\/\/www.pogotowieflagowe.pl\/aktualne\/#\/schema\/logo\/image\/\"}},{\"@type\":\"Person\",\"@id\":\"https:\/\/www.pogotowieflagowe.pl\/aktualne\/#\/schema\/person\/9c2fb7d2362ebf6fa088960d7f0d27b0\",\"name\":\"Filip\",\"image\":{\"@type\":\"ImageObject\",\"inLanguage\":\"pl-PL\",\"@id\":\"https:\/\/www.pogotowieflagowe.pl\/aktualne\/#\/schema\/person\/image\/\",\"url\":\"https:\/\/www.pogotowieflagowe.pl\/aktualne\/wp-content\/uploads\/2024\/08\/pogotowieflagowe.pl_.jpg\",\"contentUrl\":\"https:\/\/www.pogotowieflagowe.pl\/aktualne\/wp-content\/uploads\/2024\/08\/pogotowieflagowe.pl_.jpg\",\"caption\":\"Filip\"},\"description\":\"Jestem Filip, polski dziennikarz z dyplomem nauk politycznych Uniwersytetu Warszawskiego. Rozpoczynaj\u0105c swoj\u0105 karier\u0119 w r\u00f3\u017cnych lokalnych mediach, zdoby\u0142em solidne do\u015bwiadczenie w zakresie \u015bledztwa i redakcji. Obecnie jako redaktor w Pogotowie flagowe, staram si\u0119 dostarcza\u0107 dog\u0142\u0119bne i istotne analizy na temat najwa\u017cniejszych kwestii aktualno\u015bci, \u0142\u0105cz\u0105c rygor z pasj\u0105 dziennikarsk\u0105.\",\"sameAs\":[\"https:\/\/www.pogotowieflagowe.pl\/\"]}]}<\/script>\n<!-- \/ Yoast SEO plugin. -->","yoast_head_json":{"title":"Nie tylko Polska. Inny kraj stoi w obliczu sabota\u017cu kolei: \u201eJeste\u015bmy oburzeni\u201d - POGOTOWIE FLAGOWE\u00ae","robots":{"index":"index","follow":"follow","max-snippet":"max-snippet:-1","max-image-preview":"max-image-preview:large","max-video-preview":"max-video-preview:-1"},"canonical":"https:\/\/www.pogotowieflagowe.pl\/aktualne\/nie-tylko-polska-inny-kraj-stoi-w-obliczu-sabotazu-kolei-jestesmy-oburzeni\/","og_locale":"pl_PL","og_type":"article","og_title":"Nie tylko Polska. Inny kraj stoi w obliczu sabota\u017cu kolei: \u201eJeste\u015bmy oburzeni\u201d - POGOTOWIE FLAGOWE\u00ae","og_description":"Zarz\u0105d kolei s\u0142owe\u0144skich poinformowa\u0142, \u017ce w S\u0142owenii poci\u0105g pasa\u017cerski zderzy\u0142 si\u0119 dzisiaj z przedmiotami umieszczonymi na torach. Firma jest przekonana,","og_url":"https:\/\/www.pogotowieflagowe.pl\/aktualne\/nie-tylko-polska-inny-kraj-stoi-w-obliczu-sabotazu-kolei-jestesmy-oburzeni\/","og_site_name":"POGOTOWIE FLAGOWE\u00ae","article_published_time":"2025-11-17T20:46:01+00:00","article_modified_time":"2025-11-17T20:46:02+00:00","og_image":[{"width":1280,"height":720,"url":"https:\/\/www.pogotowieflagowe.pl\/aktualne\/wp-content\/uploads\/2025\/11\/Nie-tylko-Polska-Inny-kraj-stoi-w-obliczu-sabotazu-kolei.webp.webp","type":"image\/webp"}],"author":"Filip","twitter_card":"summary_large_image","twitter_misc":{"Napisane przez":"Filip","Szacowany czas czytania":"2 minuty"},"schema":{"@context":"https:\/\/schema.org","@graph":[{"@type":"Article","@id":"https:\/\/www.pogotowieflagowe.pl\/aktualne\/nie-tylko-polska-inny-kraj-stoi-w-obliczu-sabotazu-kolei-jestesmy-oburzeni\/#article","isPartOf":{"@id":"https:\/\/www.pogotowieflagowe.pl\/aktualne\/nie-tylko-polska-inny-kraj-stoi-w-obliczu-sabotazu-kolei-jestesmy-oburzeni\/"},"author":{"name":"Filip","@id":"https:\/\/www.pogotowieflagowe.pl\/aktualne\/#\/schema\/person\/9c2fb7d2362ebf6fa088960d7f0d27b0"},"headline":"Nie tylko Polska. Inny kraj stoi w obliczu sabota\u017cu kolei: \u201eJeste\u015bmy oburzeni\u201d","datePublished":"2025-11-17T20:46:01+00:00","dateModified":"2025-11-17T20:46:02+00:00","mainEntityOfPage":{"@id":"https:\/\/www.pogotowieflagowe.pl\/aktualne\/nie-tylko-polska-inny-kraj-stoi-w-obliczu-sabotazu-kolei-jestesmy-oburzeni\/"},"wordCount":457,"commentCount":0,"publisher":{"@id":"https:\/\/www.pogotowieflagowe.pl\/aktualne\/#organization"},"image":{"@id":"https:\/\/www.pogotowieflagowe.pl\/aktualne\/nie-tylko-polska-inny-kraj-stoi-w-obliczu-sabotazu-kolei-jestesmy-oburzeni\/#primaryimage"},"thumbnailUrl":"https:\/\/www.pogotowieflagowe.pl\/aktualne\/wp-content\/uploads\/2025\/11\/Nie-tylko-Polska-Inny-kraj-stoi-w-obliczu-sabotazu-kolei.webp.webp","keywords":["inny","Jeste\u015bmy","kolei","kraj","Nie","obliczu","oburzeni","polska","sabota\u017cu","stoi","tylko"],"articleSection":["Aktualne"],"inLanguage":"pl-PL","potentialAction":[{"@type":"CommentAction","name":"Comment","target":["https:\/\/www.pogotowieflagowe.pl\/aktualne\/nie-tylko-polska-inny-kraj-stoi-w-obliczu-sabotazu-kolei-jestesmy-oburzeni\/#respond"]}]},{"@type":"WebPage","@id":"https:\/\/www.pogotowieflagowe.pl\/aktualne\/nie-tylko-polska-inny-kraj-stoi-w-obliczu-sabotazu-kolei-jestesmy-oburzeni\/","url":"https:\/\/www.pogotowieflagowe.pl\/aktualne\/nie-tylko-polska-inny-kraj-stoi-w-obliczu-sabotazu-kolei-jestesmy-oburzeni\/","name":"Nie tylko Polska. Inny kraj stoi w obliczu sabota\u017cu kolei: \u201eJeste\u015bmy oburzeni\u201d - POGOTOWIE FLAGOWE\u00ae","isPartOf":{"@id":"https:\/\/www.pogotowieflagowe.pl\/aktualne\/#website"},"primaryImageOfPage":{"@id":"https:\/\/www.pogotowieflagowe.pl\/aktualne\/nie-tylko-polska-inny-kraj-stoi-w-obliczu-sabotazu-kolei-jestesmy-oburzeni\/#primaryimage"},"image":{"@id":"https:\/\/www.pogotowieflagowe.pl\/aktualne\/nie-tylko-polska-inny-kraj-stoi-w-obliczu-sabotazu-kolei-jestesmy-oburzeni\/#primaryimage"},"thumbnailUrl":"https:\/\/www.pogotowieflagowe.pl\/aktualne\/wp-content\/uploads\/2025\/11\/Nie-tylko-Polska-Inny-kraj-stoi-w-obliczu-sabotazu-kolei.webp.webp","datePublished":"2025-11-17T20:46:01+00:00","dateModified":"2025-11-17T20:46:02+00:00","breadcrumb":{"@id":"https:\/\/www.pogotowieflagowe.pl\/aktualne\/nie-tylko-polska-inny-kraj-stoi-w-obliczu-sabotazu-kolei-jestesmy-oburzeni\/#breadcrumb"},"inLanguage":"pl-PL","potentialAction":[{"@type":"ReadAction","target":["https:\/\/www.pogotowieflagowe.pl\/aktualne\/nie-tylko-polska-inny-kraj-stoi-w-obliczu-sabotazu-kolei-jestesmy-oburzeni\/"]}]},{"@type":"ImageObject","inLanguage":"pl-PL","@id":"https:\/\/www.pogotowieflagowe.pl\/aktualne\/nie-tylko-polska-inny-kraj-stoi-w-obliczu-sabotazu-kolei-jestesmy-oburzeni\/#primaryimage","url":"https:\/\/www.pogotowieflagowe.pl\/aktualne\/wp-content\/uploads\/2025\/11\/Nie-tylko-Polska-Inny-kraj-stoi-w-obliczu-sabotazu-kolei.webp.webp","contentUrl":"https:\/\/www.pogotowieflagowe.pl\/aktualne\/wp-content\/uploads\/2025\/11\/Nie-tylko-Polska-Inny-kraj-stoi-w-obliczu-sabotazu-kolei.webp.webp","width":1280,"height":720,"caption":"Nie tylko Polska. Inny kraj stoi w obliczu sabota\u017cu kolei: \u201eJeste\u015bmy oburzeni\u201d"},{"@type":"BreadcrumbList","@id":"https:\/\/www.pogotowieflagowe.pl\/aktualne\/nie-tylko-polska-inny-kraj-stoi-w-obliczu-sabotazu-kolei-jestesmy-oburzeni\/#breadcrumb","itemListElement":[{"@type":"ListItem","position":1,"name":"Home","item":"https:\/\/www.pogotowieflagowe.pl\/aktualne\/"},{"@type":"ListItem","position":2,"name":"Nie tylko Polska. Inny kraj stoi w obliczu sabota\u017cu kolei: \u201eJeste\u015bmy oburzeni\u201d"}]},{"@type":"WebSite","@id":"https:\/\/www.pogotowieflagowe.pl\/aktualne\/#website","url":"https:\/\/www.pogotowieflagowe.pl\/aktualne\/","name":"POGOTOWIE FLAGOWE\u00ae","description":"","publisher":{"@id":"https:\/\/www.pogotowieflagowe.pl\/aktualne\/#organization"},"potentialAction":[{"@type":"SearchAction","target":{"@type":"EntryPoint","urlTemplate":"https:\/\/www.pogotowieflagowe.pl\/aktualne\/?s={search_term_string}"},"query-input":"required name=search_term_string"}],"inLanguage":"pl-PL"},{"@type":"Organization","@id":"https:\/\/www.pogotowieflagowe.pl\/aktualne\/#organization","name":"POGOTOWIE FLAGOWE\u00ae","url":"https:\/\/www.pogotowieflagowe.pl\/aktualne\/","logo":{"@type":"ImageObject","inLanguage":"pl-PL","@id":"https:\/\/www.pogotowieflagowe.pl\/aktualne\/#\/schema\/logo\/image\/","url":"https:\/\/www.pogotowieflagowe.pl\/aktualne\/wp-content\/uploads\/2024\/08\/cropped-pogotowieflagowe_flaga_projekt_sm.jpg","contentUrl":"https:\/\/www.pogotowieflagowe.pl\/aktualne\/wp-content\/uploads\/2024\/08\/cropped-pogotowieflagowe_flaga_projekt_sm.jpg","width":250,"height":143,"caption":"POGOTOWIE FLAGOWE\u00ae"},"image":{"@id":"https:\/\/www.pogotowieflagowe.pl\/aktualne\/#\/schema\/logo\/image\/"}},{"@type":"Person","@id":"https:\/\/www.pogotowieflagowe.pl\/aktualne\/#\/schema\/person\/9c2fb7d2362ebf6fa088960d7f0d27b0","name":"Filip","image":{"@type":"ImageObject","inLanguage":"pl-PL","@id":"https:\/\/www.pogotowieflagowe.pl\/aktualne\/#\/schema\/person\/image\/","url":"https:\/\/www.pogotowieflagowe.pl\/aktualne\/wp-content\/uploads\/2024\/08\/pogotowieflagowe.pl_.jpg","contentUrl":"https:\/\/www.pogotowieflagowe.pl\/aktualne\/wp-content\/uploads\/2024\/08\/pogotowieflagowe.pl_.jpg","caption":"Filip"},"description":"Jestem Filip, polski dziennikarz z dyplomem nauk politycznych Uniwersytetu Warszawskiego. Rozpoczynaj\u0105c swoj\u0105 karier\u0119 w r\u00f3\u017cnych lokalnych mediach, zdoby\u0142em solidne do\u015bwiadczenie w zakresie \u015bledztwa i redakcji. Obecnie jako redaktor w Pogotowie flagowe, staram si\u0119 dostarcza\u0107 dog\u0142\u0119bne i istotne analizy na temat najwa\u017cniejszych kwestii aktualno\u015bci, \u0142\u0105cz\u0105c rygor z pasj\u0105 dziennikarsk\u0105.","sameAs":["https:\/\/www.pogotowieflagowe.pl\/"]}]}},"_links":{"self":[{"href":"https:\/\/www.pogotowieflagowe.pl\/aktualne\/wp-json\/wp\/v2\/posts\/10703","targetHints":{"allow":["GET"]}}],"collection":[{"href":"https:\/\/www.pogotowieflagowe.pl\/aktualne\/wp-json\/wp\/v2\/posts"}],"about":[{"href":"https:\/\/www.pogotowieflagowe.pl\/aktualne\/wp-json\/wp\/v2\/types\/post"}],"author":[{"embeddable":true,"href":"https:\/\/www.pogotowieflagowe.pl\/aktualne\/wp-json\/wp\/v2\/users\/1"}],"replies":[{"embeddable":true,"href":"https:\/\/www.pogotowieflagowe.pl\/aktualne\/wp-json\/wp\/v2\/comments?post=10703"}],"version-history":[{"count":1,"href":"https:\/\/www.pogotowieflagowe.pl\/aktualne\/wp-json\/wp\/v2\/posts\/10703\/revisions"}],"predecessor-version":[{"id":10705,"href":"https:\/\/www.pogotowieflagowe.pl\/aktualne\/wp-json\/wp\/v2\/posts\/10703\/revisions\/10705"}],"wp:featuredmedia":[{"embeddable":true,"href":"https:\/\/www.pogotowieflagowe.pl\/aktualne\/wp-json\/wp\/v2\/media\/10704"}],"wp:attachment":[{"href":"https:\/\/www.pogotowieflagowe.pl\/aktualne\/wp-json\/wp\/v2\/media?parent=10703"}],"wp:term":[{"taxonomy":"category","embeddable":true,"href":"https:\/\/www.pogotowieflagowe.pl\/aktualne\/wp-json\/wp\/v2\/categories?post=10703"},{"taxonomy":"post_tag","embeddable":true,"href":"https:\/\/www.pogotowieflagowe.pl\/aktualne\/wp-json\/wp\/v2\/tags?post=10703"}],"curies":[{"name":"wp","href":"https:\/\/api.w.org\/{rel}","templated":true}]}}