{"id":10706,"date":"2025-11-17T22:21:07","date_gmt":"2025-11-17T21:21:07","guid":{"rendered":"https:\/\/www.pogotowieflagowe.pl\/aktualne\/prezydent-nawrocki-zdecydowanie-staje-po-stronie-prof-cenckiewicza-niesluszne-zastrzezenia\/"},"modified":"2025-11-17T22:21:07","modified_gmt":"2025-11-17T21:21:07","slug":"prezydent-nawrocki-zdecydowanie-staje-po-stronie-prof-cenckiewicza-niesluszne-zastrzezenia","status":"publish","type":"post","link":"https:\/\/www.pogotowieflagowe.pl\/aktualne\/prezydent-nawrocki-zdecydowanie-staje-po-stronie-prof-cenckiewicza-niesluszne-zastrzezenia\/","title":{"rendered":"Prezydent Nawrocki zdecydowanie staje po stronie prof. Cenckiewicza: \u201eNies\u0142uszne zastrze\u017cenia\u201d"},"content":{"rendered":"\n<div class=\"td_block_wrap tdb_single_content tdi_41 td-pb-border-top td_block_template_8 td-post-content tagdiv-type\" data-td-block-uid=\"tdi_41\">\n<style>.tdi_41{margines-top:0px!important;margin-bottom:0px!important;dope\u0142nienie-g\u00f3ra:0px!important;dope\u0142nienie-d\u00f3\u0142:0px!important}<\/style>\n<style>.tdb_single_content{margin-bottom:0;*zoom:1}.tdb_single_content:before,.tdb_single_content:after{display:table;content:'';line-height:0}.tdb_single_content:after{clear:both}.tdb_single_content .tdb-block-inner>*:not(.wp-block-quote):not(.alignwide):not(.alignfull.wp-block-cover.has-parallax):not(.td-a-ad){margin-left:auto;margin-right:auto}.tdb_single_content a{pointer-events:auto}.tdb_single_content .td-spot-id-top_ad .tdc-placeholder-title:before{content:'Najlepsza reklama artyku\u0142u'!important}.tdb_single_content .td-spot-id-inline_ad0 .tdc-placeholder-title:before{content:'Reklama wbudowana artyku\u0142u 1'!important}.tdb_single_content .td-spot-id-inline_ad1 .tdc-placeholder-title:before{content:'Wbudowana reklama w artykule 2'!important}.tdb_single_content .td-spot-id-inline_ad2 .tdc-placeholder-title:before{content:'Wbudowana reklama w artykule 3'!important}.tdb_single_content .td-spot-id-bottom_ad .tdc-placeholder-title:before{content:'Article Bottom Ad'!important}.tdb_single_content .id_top_ad,.tdb_single_content .id_bottom_ad{clear:both;margin-bottom:21px;text-align:center}.tdb_single_content .id_top_ad img,.tdb_single_content .id_bottom_ad img{margin-bottom:0}.tdb_single_content .id_top_ad .adsbygoogle,.tdb_single_content .id_bottom_ad .adsbygoogle{position:relative}.tdb_single_content .id_ad_content-horiz-left,.tdb_single_content .id_ad_content-horiz-right,.tdb_single_content .id_ad_content-horiz-center{margin-bottom:15px}.tdb_single_content .id_ad_content-horiz-left img,.tdb_single_content .id_ad_content-horiz-right img,.tdb_single_content .id_ad_content-horiz-center img{margin-bottom:0}.tdb_single_content .id_ad_content-horiz-center{text-align:center}.tdb_single_content .id_ad_content-horiz-center img{margin-right:auto;margin-left:auto}.tdb_single_content .id_ad_content-horiz-left{float:left;margin-top:9px;margin-right:21px}.tdb_single_content .id_ad_content-horiz-right{float:right;margin-top:6px;margin-left:21px}.tdb_single_content .tdc-a-ad .tdc-placeholder-title{width:300px;height:250px}.tdb_single_content .tdc-a-ad .tdc-placeholder-title:before{position:absolute;top:50%;-webkit-transform:translateY(-50%);transform:translateY(-50%);margin:auto;display:table;width:100%}.tdb_single_content .tdb-block-inner.td-fix-index{word-break:break-word}.tdi_41,.tdi_41>p,.tdi_41 .tdb-block-inner>p,.wp-block-column>p{font-size:16px!important;line-height:1.6!important}.tdi_41 .tdb-block-inner blockquote p{font-style:normal!important}@media (max-width:767px){.tdb_single_content .id_ad_content-horiz-left,.tdb_single_content .id_ad_content-horiz-right,.tdb_single_content .id_ad_content-horiz-center{margin:0 auto 26 pikseli auto}}@media (max-width:767px){.tdb_single_content .id_ad_content-horiz-left{margin-right:0}}@media (max-width:767px){.tdb_single_content .id_ad_content-horiz-right{margin-left:0}}@media (max-width:767px){.tdb_single_content .td-a-ad{float:none;text-align:center}.tdb_single_content .td-a-ad img{margin-right:auto;margin-left:auto}.tdb_single_content .tdc-a-ad{float:none}}<\/style>\n<div class=\"tdb-block-inner td-fix-index\">\n<p>\u201eTo jest sprawa polityczna i pr\u00f3ba przeniesienia niech\u0119ci \u015brodowiska politycznego \u2013 dzi\u015b wi\u0119kszo\u015bci parlamentarnej \u2013 na prof. Cenckiewicza\u201d \u2013 powiedzia\u0142 w rozmowie z \u201ePrezydentem\u201d prezydent Karol Nawrocki <em>Zr\u00f3b Rzeczy<\/em>broni\u0105c S\u0142awomira Cenckiewicza. Sprawa dotyczy po\u015bwiadcze\u0144 bezpiecze\u0144stwa, kt\u00f3rych zdaniem rz\u0105du szef Biura Bezpiecze\u0144stwa Narodowego nie posiada.<\/p>\n<p>Prezydent Karol Nawrocki poruszy\u0142 spraw\u0119 po\u015bwiadczenia bezpiecze\u0144stwa prof. S\u0142awomira Cenckiewicza, szefa Biura Bezpiecze\u0144stwa Narodowego (BBN). Przypominamy, \u017ce w lipcu 2024 r. SKW odebra\u0142a Cenckiewiczowi dost\u0119p do informacji niejawnych. Nast\u0119pnie w czerwcu 2025 roku Wojew\u00f3dzki S\u0105d Administracyjny w Warszawie uchyli\u0142 t\u0119 decyzj\u0119, uznaj\u0105c, \u017ce nie ma podstaw prawnych do pozbawienia profesora uprawnie\u0144. Rz\u0105d z\u0142o\u017cy\u0142 jednak skarg\u0119 kasacyjn\u0105 do Naczelnego S\u0105du Administracyjnego. Cenckiewicz \u2013 podobnie jak prawnicy zaanga\u017cowani w spraw\u0119 \u2013 utrzymuje, \u017ce do czasu wydania prawomocnego orzeczenia posiada pe\u0142ne po\u015bwiadczenie bezpiecze\u0144stwa.<\/p>\n<p>Rozmawiam z <em>Zr\u00f3b Rzeczy<\/em>Prezydent zauwa\u017cy\u0142, \u017ce sprawa powsta\u0142a jeszcze przed jego prezydentur\u0105: &#8222;Sprawa prof. Cenckiewicza zacz\u0119\u0142a si\u0119 zanim zosta\u0142em prezydentem RP. Zdecydowa\u0142em si\u0119 na wsp\u00f3\u0142prac\u0119 z prof. Cenckiewiczem wiedz\u0105c o tych b\u0142\u0119dnych zarzutach stawianych pod jego adresem&#8221;. Uwa\u017ca, \u017ce \u200b\u200bataki na profesora maj\u0105 pod\u0142o\u017ce polityczne.<\/p>\n<p>\u201eTo sprawa polityczna, a zarazem pr\u00f3ba przeniesienia niech\u0119ci pewnego \u015brodowiska \u2013 dzisiejszej wi\u0119kszo\u015bci parlamentarnej \u2013 na prof. Cenckiewicza\u201d \u2013 doda\u0142 Nawrocki.<\/p>\n<p>Prezydent podkre\u015bli\u0142, \u017ce zgodnie z orzeczeniem s\u0105du Cenckiewicz posiada wa\u017cne po\u015bwiadczenie bezpiecze\u0144stwa.<\/p>\n<p>&#8222;Wed\u0142ug postanowienia s\u0105du prof. Cenckiewicz posiada po\u015bwiadczenie bezpiecze\u0144stwa. Jest znakomitym szefem Biura Bezpiecze\u0144stwa Narodowego&#8221; &#8211; podkre\u015bli\u0142 polski prezydent.<\/p>\n<p>Jego zdaniem odwo\u0142ywanie lub cofanie tego rodzaju po\u015bwiadcze\u0144 by\u0142o w przesz\u0142o\u015bci wykorzystywane jako narz\u0119dzie polityczne: &#8222;Znamy przypadki, w kt\u00f3rych rz\u0105d cofa\u0142 po\u015bwiadczenia bezpiecze\u0144stwa w celu wyeliminowania swoich przeciwnik\u00f3w politycznych. I w\u0142a\u015bnie tak dzieje si\u0119 z ministrem Cenckiewiczem, kt\u00f3ry wraz ze swoim zespo\u0142em realizuje swoje obowi\u0105zki wobec Polski&#8221;.<\/p>\n<p>Wed\u0142ug Nawrockiego sprawa straci\u0142a ju\u017c na powadze ze wzgl\u0119du na, jak to okre\u015bla, niepowa\u017cne zachowanie rz\u0105du Donalda Tuska w tej sprawie.<\/p>\n<\/div>\n<\/div>\n","protected":false},"excerpt":{"rendered":"<p>\u201eTo jest sprawa polityczna i pr\u00f3ba przeniesienia niech\u0119ci \u015brodowiska politycznego \u2013 dzi\u015b wi\u0119kszo\u015bci parlamentarnej \u2013 na prof. Cenckiewicza\u201d \u2013 powiedzia\u0142<\/p>\n","protected":false},"author":1,"featured_media":7208,"comment_status":"open","ping_status":"open","sticky":false,"template":"","format":"standard","meta":{"footnotes":""},"categories":[4748],"tags":[12168,2727,12169,341,5985,2629,1662,12170,12167],"class_list":["post-10706","post","type-post","status-publish","format-standard","has-post-thumbnail","hentry","category-aktualne","tag-cenckiewicza","tag-nawrocki","tag-niesluszne","tag-prezydent","tag-prof","tag-staje","tag-stronie","tag-zastrzezenia","tag-zdecydowanie","generate-columns","tablet-grid-50","mobile-grid-100","grid-parent","grid-50","resize-featured-image"],"yoast_head":"<!-- This site is optimized with the Yoast SEO plugin v23.2 - https:\/\/yoast.com\/wordpress\/plugins\/seo\/ -->\n<title>Prezydent Nawrocki zdecydowanie staje po stronie prof. Cenckiewicza: \u201eNies\u0142uszne zastrze\u017cenia\u201d - POGOTOWIE FLAGOWE\u00ae<\/title>\n<meta name=\"robots\" content=\"index, follow, max-snippet:-1, max-image-preview:large, max-video-preview:-1\" \/>\n<link rel=\"canonical\" href=\"https:\/\/www.pogotowieflagowe.pl\/aktualne\/prezydent-nawrocki-zdecydowanie-staje-po-stronie-prof-cenckiewicza-niesluszne-zastrzezenia\/\" \/>\n<meta property=\"og:locale\" content=\"pl_PL\" \/>\n<meta property=\"og:type\" content=\"article\" \/>\n<meta property=\"og:title\" content=\"Prezydent Nawrocki zdecydowanie staje po stronie prof. Cenckiewicza: \u201eNies\u0142uszne zastrze\u017cenia\u201d - POGOTOWIE FLAGOWE\u00ae\" \/>\n<meta property=\"og:description\" content=\"\u201eTo jest sprawa polityczna i pr\u00f3ba przeniesienia niech\u0119ci \u015brodowiska politycznego \u2013 dzi\u015b wi\u0119kszo\u015bci parlamentarnej \u2013 na prof. Cenckiewicza\u201d \u2013 powiedzia\u0142\" \/>\n<meta property=\"og:url\" content=\"https:\/\/www.pogotowieflagowe.pl\/aktualne\/prezydent-nawrocki-zdecydowanie-staje-po-stronie-prof-cenckiewicza-niesluszne-zastrzezenia\/\" \/>\n<meta property=\"og:site_name\" content=\"POGOTOWIE FLAGOWE\u00ae\" \/>\n<meta property=\"article:published_time\" content=\"2025-11-17T21:21:07+00:00\" \/>\n<meta property=\"og:image\" content=\"https:\/\/www.pogotowieflagowe.pl\/aktualne\/wp-content\/uploads\/2025\/08\/Cankiewicz-na-celowniku-partii-rzadzacej-Administracja-prezydenta-Nawrockiego-gotowa-do.webp.webp\" \/>\n\t<meta property=\"og:image:width\" content=\"1280\" \/>\n\t<meta property=\"og:image:height\" content=\"720\" \/>\n\t<meta property=\"og:image:type\" content=\"image\/webp\" \/>\n<meta name=\"author\" content=\"Filip\" \/>\n<meta name=\"twitter:card\" content=\"summary_large_image\" \/>\n<meta name=\"twitter:label1\" content=\"Napisane przez\" \/>\n\t<meta name=\"twitter:data1\" content=\"Filip\" \/>\n\t<meta name=\"twitter:label2\" content=\"Szacowany czas czytania\" \/>\n\t<meta name=\"twitter:data2\" content=\"2 minuty\" \/>\n<script type=\"application\/ld+json\" class=\"yoast-schema-graph\">{\"@context\":\"https:\/\/schema.org\",\"@graph\":[{\"@type\":\"Article\",\"@id\":\"https:\/\/www.pogotowieflagowe.pl\/aktualne\/prezydent-nawrocki-zdecydowanie-staje-po-stronie-prof-cenckiewicza-niesluszne-zastrzezenia\/#article\",\"isPartOf\":{\"@id\":\"https:\/\/www.pogotowieflagowe.pl\/aktualne\/prezydent-nawrocki-zdecydowanie-staje-po-stronie-prof-cenckiewicza-niesluszne-zastrzezenia\/\"},\"author\":{\"name\":\"Filip\",\"@id\":\"https:\/\/www.pogotowieflagowe.pl\/aktualne\/#\/schema\/person\/9c2fb7d2362ebf6fa088960d7f0d27b0\"},\"headline\":\"Prezydent Nawrocki zdecydowanie staje po stronie prof. Cenckiewicza: \u201eNies\u0142uszne zastrze\u017cenia\u201d\",\"datePublished\":\"2025-11-17T21:21:07+00:00\",\"dateModified\":\"2025-11-17T21:21:07+00:00\",\"mainEntityOfPage\":{\"@id\":\"https:\/\/www.pogotowieflagowe.pl\/aktualne\/prezydent-nawrocki-zdecydowanie-staje-po-stronie-prof-cenckiewicza-niesluszne-zastrzezenia\/\"},\"wordCount\":369,\"commentCount\":0,\"publisher\":{\"@id\":\"https:\/\/www.pogotowieflagowe.pl\/aktualne\/#organization\"},\"image\":{\"@id\":\"https:\/\/www.pogotowieflagowe.pl\/aktualne\/prezydent-nawrocki-zdecydowanie-staje-po-stronie-prof-cenckiewicza-niesluszne-zastrzezenia\/#primaryimage\"},\"thumbnailUrl\":\"https:\/\/www.pogotowieflagowe.pl\/aktualne\/wp-content\/uploads\/2025\/08\/Cankiewicz-na-celowniku-partii-rzadzacej-Administracja-prezydenta-Nawrockiego-gotowa-do.webp.webp\",\"keywords\":[\"Cenckiewicza\",\"Nawrocki\",\"Nies\u0142uszne\",\"Prezydent\",\"Prof\",\"staje\",\"stronie\",\"zastrze\u017cenia\",\"zdecydowanie\"],\"articleSection\":[\"Aktualne\"],\"inLanguage\":\"pl-PL\",\"potentialAction\":[{\"@type\":\"CommentAction\",\"name\":\"Comment\",\"target\":[\"https:\/\/www.pogotowieflagowe.pl\/aktualne\/prezydent-nawrocki-zdecydowanie-staje-po-stronie-prof-cenckiewicza-niesluszne-zastrzezenia\/#respond\"]}]},{\"@type\":\"WebPage\",\"@id\":\"https:\/\/www.pogotowieflagowe.pl\/aktualne\/prezydent-nawrocki-zdecydowanie-staje-po-stronie-prof-cenckiewicza-niesluszne-zastrzezenia\/\",\"url\":\"https:\/\/www.pogotowieflagowe.pl\/aktualne\/prezydent-nawrocki-zdecydowanie-staje-po-stronie-prof-cenckiewicza-niesluszne-zastrzezenia\/\",\"name\":\"Prezydent Nawrocki zdecydowanie staje po stronie prof. Cenckiewicza: \u201eNies\u0142uszne zastrze\u017cenia\u201d - POGOTOWIE FLAGOWE\u00ae\",\"isPartOf\":{\"@id\":\"https:\/\/www.pogotowieflagowe.pl\/aktualne\/#website\"},\"primaryImageOfPage\":{\"@id\":\"https:\/\/www.pogotowieflagowe.pl\/aktualne\/prezydent-nawrocki-zdecydowanie-staje-po-stronie-prof-cenckiewicza-niesluszne-zastrzezenia\/#primaryimage\"},\"image\":{\"@id\":\"https:\/\/www.pogotowieflagowe.pl\/aktualne\/prezydent-nawrocki-zdecydowanie-staje-po-stronie-prof-cenckiewicza-niesluszne-zastrzezenia\/#primaryimage\"},\"thumbnailUrl\":\"https:\/\/www.pogotowieflagowe.pl\/aktualne\/wp-content\/uploads\/2025\/08\/Cankiewicz-na-celowniku-partii-rzadzacej-Administracja-prezydenta-Nawrockiego-gotowa-do.webp.webp\",\"datePublished\":\"2025-11-17T21:21:07+00:00\",\"dateModified\":\"2025-11-17T21:21:07+00:00\",\"breadcrumb\":{\"@id\":\"https:\/\/www.pogotowieflagowe.pl\/aktualne\/prezydent-nawrocki-zdecydowanie-staje-po-stronie-prof-cenckiewicza-niesluszne-zastrzezenia\/#breadcrumb\"},\"inLanguage\":\"pl-PL\",\"potentialAction\":[{\"@type\":\"ReadAction\",\"target\":[\"https:\/\/www.pogotowieflagowe.pl\/aktualne\/prezydent-nawrocki-zdecydowanie-staje-po-stronie-prof-cenckiewicza-niesluszne-zastrzezenia\/\"]}]},{\"@type\":\"ImageObject\",\"inLanguage\":\"pl-PL\",\"@id\":\"https:\/\/www.pogotowieflagowe.pl\/aktualne\/prezydent-nawrocki-zdecydowanie-staje-po-stronie-prof-cenckiewicza-niesluszne-zastrzezenia\/#primaryimage\",\"url\":\"https:\/\/www.pogotowieflagowe.pl\/aktualne\/wp-content\/uploads\/2025\/08\/Cankiewicz-na-celowniku-partii-rzadzacej-Administracja-prezydenta-Nawrockiego-gotowa-do.webp.webp\",\"contentUrl\":\"https:\/\/www.pogotowieflagowe.pl\/aktualne\/wp-content\/uploads\/2025\/08\/Cankiewicz-na-celowniku-partii-rzadzacej-Administracja-prezydenta-Nawrockiego-gotowa-do.webp.webp\",\"width\":1280,\"height\":720,\"caption\":\"Cankiewicz na celowniku partii rz\u0105dz\u0105cej. Administracja prezydenta Nawrockiego gotowa do wszystkich scenariuszy\"},{\"@type\":\"BreadcrumbList\",\"@id\":\"https:\/\/www.pogotowieflagowe.pl\/aktualne\/prezydent-nawrocki-zdecydowanie-staje-po-stronie-prof-cenckiewicza-niesluszne-zastrzezenia\/#breadcrumb\",\"itemListElement\":[{\"@type\":\"ListItem\",\"position\":1,\"name\":\"Home\",\"item\":\"https:\/\/www.pogotowieflagowe.pl\/aktualne\/\"},{\"@type\":\"ListItem\",\"position\":2,\"name\":\"Prezydent Nawrocki zdecydowanie staje po stronie prof. Cenckiewicza: \u201eNies\u0142uszne zastrze\u017cenia\u201d\"}]},{\"@type\":\"WebSite\",\"@id\":\"https:\/\/www.pogotowieflagowe.pl\/aktualne\/#website\",\"url\":\"https:\/\/www.pogotowieflagowe.pl\/aktualne\/\",\"name\":\"POGOTOWIE FLAGOWE\u00ae\",\"description\":\"\",\"publisher\":{\"@id\":\"https:\/\/www.pogotowieflagowe.pl\/aktualne\/#organization\"},\"potentialAction\":[{\"@type\":\"SearchAction\",\"target\":{\"@type\":\"EntryPoint\",\"urlTemplate\":\"https:\/\/www.pogotowieflagowe.pl\/aktualne\/?s={search_term_string}\"},\"query-input\":\"required name=search_term_string\"}],\"inLanguage\":\"pl-PL\"},{\"@type\":\"Organization\",\"@id\":\"https:\/\/www.pogotowieflagowe.pl\/aktualne\/#organization\",\"name\":\"POGOTOWIE FLAGOWE\u00ae\",\"url\":\"https:\/\/www.pogotowieflagowe.pl\/aktualne\/\",\"logo\":{\"@type\":\"ImageObject\",\"inLanguage\":\"pl-PL\",\"@id\":\"https:\/\/www.pogotowieflagowe.pl\/aktualne\/#\/schema\/logo\/image\/\",\"url\":\"https:\/\/www.pogotowieflagowe.pl\/aktualne\/wp-content\/uploads\/2024\/08\/cropped-pogotowieflagowe_flaga_projekt_sm.jpg\",\"contentUrl\":\"https:\/\/www.pogotowieflagowe.pl\/aktualne\/wp-content\/uploads\/2024\/08\/cropped-pogotowieflagowe_flaga_projekt_sm.jpg\",\"width\":250,\"height\":143,\"caption\":\"POGOTOWIE FLAGOWE\u00ae\"},\"image\":{\"@id\":\"https:\/\/www.pogotowieflagowe.pl\/aktualne\/#\/schema\/logo\/image\/\"}},{\"@type\":\"Person\",\"@id\":\"https:\/\/www.pogotowieflagowe.pl\/aktualne\/#\/schema\/person\/9c2fb7d2362ebf6fa088960d7f0d27b0\",\"name\":\"Filip\",\"image\":{\"@type\":\"ImageObject\",\"inLanguage\":\"pl-PL\",\"@id\":\"https:\/\/www.pogotowieflagowe.pl\/aktualne\/#\/schema\/person\/image\/\",\"url\":\"https:\/\/www.pogotowieflagowe.pl\/aktualne\/wp-content\/uploads\/2024\/08\/pogotowieflagowe.pl_.jpg\",\"contentUrl\":\"https:\/\/www.pogotowieflagowe.pl\/aktualne\/wp-content\/uploads\/2024\/08\/pogotowieflagowe.pl_.jpg\",\"caption\":\"Filip\"},\"description\":\"Jestem Filip, polski dziennikarz z dyplomem nauk politycznych Uniwersytetu Warszawskiego. Rozpoczynaj\u0105c swoj\u0105 karier\u0119 w r\u00f3\u017cnych lokalnych mediach, zdoby\u0142em solidne do\u015bwiadczenie w zakresie \u015bledztwa i redakcji. Obecnie jako redaktor w Pogotowie flagowe, staram si\u0119 dostarcza\u0107 dog\u0142\u0119bne i istotne analizy na temat najwa\u017cniejszych kwestii aktualno\u015bci, \u0142\u0105cz\u0105c rygor z pasj\u0105 dziennikarsk\u0105.\",\"sameAs\":[\"https:\/\/www.pogotowieflagowe.pl\/\"]}]}<\/script>\n<!-- \/ Yoast SEO plugin. -->","yoast_head_json":{"title":"Prezydent Nawrocki zdecydowanie staje po stronie prof. Cenckiewicza: \u201eNies\u0142uszne zastrze\u017cenia\u201d - POGOTOWIE FLAGOWE\u00ae","robots":{"index":"index","follow":"follow","max-snippet":"max-snippet:-1","max-image-preview":"max-image-preview:large","max-video-preview":"max-video-preview:-1"},"canonical":"https:\/\/www.pogotowieflagowe.pl\/aktualne\/prezydent-nawrocki-zdecydowanie-staje-po-stronie-prof-cenckiewicza-niesluszne-zastrzezenia\/","og_locale":"pl_PL","og_type":"article","og_title":"Prezydent Nawrocki zdecydowanie staje po stronie prof. Cenckiewicza: \u201eNies\u0142uszne zastrze\u017cenia\u201d - POGOTOWIE FLAGOWE\u00ae","og_description":"\u201eTo jest sprawa polityczna i pr\u00f3ba przeniesienia niech\u0119ci \u015brodowiska politycznego \u2013 dzi\u015b wi\u0119kszo\u015bci parlamentarnej \u2013 na prof. Cenckiewicza\u201d \u2013 powiedzia\u0142","og_url":"https:\/\/www.pogotowieflagowe.pl\/aktualne\/prezydent-nawrocki-zdecydowanie-staje-po-stronie-prof-cenckiewicza-niesluszne-zastrzezenia\/","og_site_name":"POGOTOWIE FLAGOWE\u00ae","article_published_time":"2025-11-17T21:21:07+00:00","og_image":[{"width":1280,"height":720,"url":"https:\/\/www.pogotowieflagowe.pl\/aktualne\/wp-content\/uploads\/2025\/08\/Cankiewicz-na-celowniku-partii-rzadzacej-Administracja-prezydenta-Nawrockiego-gotowa-do.webp.webp","type":"image\/webp"}],"author":"Filip","twitter_card":"summary_large_image","twitter_misc":{"Napisane przez":"Filip","Szacowany czas czytania":"2 minuty"},"schema":{"@context":"https:\/\/schema.org","@graph":[{"@type":"Article","@id":"https:\/\/www.pogotowieflagowe.pl\/aktualne\/prezydent-nawrocki-zdecydowanie-staje-po-stronie-prof-cenckiewicza-niesluszne-zastrzezenia\/#article","isPartOf":{"@id":"https:\/\/www.pogotowieflagowe.pl\/aktualne\/prezydent-nawrocki-zdecydowanie-staje-po-stronie-prof-cenckiewicza-niesluszne-zastrzezenia\/"},"author":{"name":"Filip","@id":"https:\/\/www.pogotowieflagowe.pl\/aktualne\/#\/schema\/person\/9c2fb7d2362ebf6fa088960d7f0d27b0"},"headline":"Prezydent Nawrocki zdecydowanie staje po stronie prof. Cenckiewicza: \u201eNies\u0142uszne zastrze\u017cenia\u201d","datePublished":"2025-11-17T21:21:07+00:00","dateModified":"2025-11-17T21:21:07+00:00","mainEntityOfPage":{"@id":"https:\/\/www.pogotowieflagowe.pl\/aktualne\/prezydent-nawrocki-zdecydowanie-staje-po-stronie-prof-cenckiewicza-niesluszne-zastrzezenia\/"},"wordCount":369,"commentCount":0,"publisher":{"@id":"https:\/\/www.pogotowieflagowe.pl\/aktualne\/#organization"},"image":{"@id":"https:\/\/www.pogotowieflagowe.pl\/aktualne\/prezydent-nawrocki-zdecydowanie-staje-po-stronie-prof-cenckiewicza-niesluszne-zastrzezenia\/#primaryimage"},"thumbnailUrl":"https:\/\/www.pogotowieflagowe.pl\/aktualne\/wp-content\/uploads\/2025\/08\/Cankiewicz-na-celowniku-partii-rzadzacej-Administracja-prezydenta-Nawrockiego-gotowa-do.webp.webp","keywords":["Cenckiewicza","Nawrocki","Nies\u0142uszne","Prezydent","Prof","staje","stronie","zastrze\u017cenia","zdecydowanie"],"articleSection":["Aktualne"],"inLanguage":"pl-PL","potentialAction":[{"@type":"CommentAction","name":"Comment","target":["https:\/\/www.pogotowieflagowe.pl\/aktualne\/prezydent-nawrocki-zdecydowanie-staje-po-stronie-prof-cenckiewicza-niesluszne-zastrzezenia\/#respond"]}]},{"@type":"WebPage","@id":"https:\/\/www.pogotowieflagowe.pl\/aktualne\/prezydent-nawrocki-zdecydowanie-staje-po-stronie-prof-cenckiewicza-niesluszne-zastrzezenia\/","url":"https:\/\/www.pogotowieflagowe.pl\/aktualne\/prezydent-nawrocki-zdecydowanie-staje-po-stronie-prof-cenckiewicza-niesluszne-zastrzezenia\/","name":"Prezydent Nawrocki zdecydowanie staje po stronie prof. Cenckiewicza: \u201eNies\u0142uszne zastrze\u017cenia\u201d - POGOTOWIE FLAGOWE\u00ae","isPartOf":{"@id":"https:\/\/www.pogotowieflagowe.pl\/aktualne\/#website"},"primaryImageOfPage":{"@id":"https:\/\/www.pogotowieflagowe.pl\/aktualne\/prezydent-nawrocki-zdecydowanie-staje-po-stronie-prof-cenckiewicza-niesluszne-zastrzezenia\/#primaryimage"},"image":{"@id":"https:\/\/www.pogotowieflagowe.pl\/aktualne\/prezydent-nawrocki-zdecydowanie-staje-po-stronie-prof-cenckiewicza-niesluszne-zastrzezenia\/#primaryimage"},"thumbnailUrl":"https:\/\/www.pogotowieflagowe.pl\/aktualne\/wp-content\/uploads\/2025\/08\/Cankiewicz-na-celowniku-partii-rzadzacej-Administracja-prezydenta-Nawrockiego-gotowa-do.webp.webp","datePublished":"2025-11-17T21:21:07+00:00","dateModified":"2025-11-17T21:21:07+00:00","breadcrumb":{"@id":"https:\/\/www.pogotowieflagowe.pl\/aktualne\/prezydent-nawrocki-zdecydowanie-staje-po-stronie-prof-cenckiewicza-niesluszne-zastrzezenia\/#breadcrumb"},"inLanguage":"pl-PL","potentialAction":[{"@type":"ReadAction","target":["https:\/\/www.pogotowieflagowe.pl\/aktualne\/prezydent-nawrocki-zdecydowanie-staje-po-stronie-prof-cenckiewicza-niesluszne-zastrzezenia\/"]}]},{"@type":"ImageObject","inLanguage":"pl-PL","@id":"https:\/\/www.pogotowieflagowe.pl\/aktualne\/prezydent-nawrocki-zdecydowanie-staje-po-stronie-prof-cenckiewicza-niesluszne-zastrzezenia\/#primaryimage","url":"https:\/\/www.pogotowieflagowe.pl\/aktualne\/wp-content\/uploads\/2025\/08\/Cankiewicz-na-celowniku-partii-rzadzacej-Administracja-prezydenta-Nawrockiego-gotowa-do.webp.webp","contentUrl":"https:\/\/www.pogotowieflagowe.pl\/aktualne\/wp-content\/uploads\/2025\/08\/Cankiewicz-na-celowniku-partii-rzadzacej-Administracja-prezydenta-Nawrockiego-gotowa-do.webp.webp","width":1280,"height":720,"caption":"Cankiewicz na celowniku partii rz\u0105dz\u0105cej. Administracja prezydenta Nawrockiego gotowa do wszystkich scenariuszy"},{"@type":"BreadcrumbList","@id":"https:\/\/www.pogotowieflagowe.pl\/aktualne\/prezydent-nawrocki-zdecydowanie-staje-po-stronie-prof-cenckiewicza-niesluszne-zastrzezenia\/#breadcrumb","itemListElement":[{"@type":"ListItem","position":1,"name":"Home","item":"https:\/\/www.pogotowieflagowe.pl\/aktualne\/"},{"@type":"ListItem","position":2,"name":"Prezydent Nawrocki zdecydowanie staje po stronie prof. Cenckiewicza: \u201eNies\u0142uszne zastrze\u017cenia\u201d"}]},{"@type":"WebSite","@id":"https:\/\/www.pogotowieflagowe.pl\/aktualne\/#website","url":"https:\/\/www.pogotowieflagowe.pl\/aktualne\/","name":"POGOTOWIE FLAGOWE\u00ae","description":"","publisher":{"@id":"https:\/\/www.pogotowieflagowe.pl\/aktualne\/#organization"},"potentialAction":[{"@type":"SearchAction","target":{"@type":"EntryPoint","urlTemplate":"https:\/\/www.pogotowieflagowe.pl\/aktualne\/?s={search_term_string}"},"query-input":"required name=search_term_string"}],"inLanguage":"pl-PL"},{"@type":"Organization","@id":"https:\/\/www.pogotowieflagowe.pl\/aktualne\/#organization","name":"POGOTOWIE FLAGOWE\u00ae","url":"https:\/\/www.pogotowieflagowe.pl\/aktualne\/","logo":{"@type":"ImageObject","inLanguage":"pl-PL","@id":"https:\/\/www.pogotowieflagowe.pl\/aktualne\/#\/schema\/logo\/image\/","url":"https:\/\/www.pogotowieflagowe.pl\/aktualne\/wp-content\/uploads\/2024\/08\/cropped-pogotowieflagowe_flaga_projekt_sm.jpg","contentUrl":"https:\/\/www.pogotowieflagowe.pl\/aktualne\/wp-content\/uploads\/2024\/08\/cropped-pogotowieflagowe_flaga_projekt_sm.jpg","width":250,"height":143,"caption":"POGOTOWIE FLAGOWE\u00ae"},"image":{"@id":"https:\/\/www.pogotowieflagowe.pl\/aktualne\/#\/schema\/logo\/image\/"}},{"@type":"Person","@id":"https:\/\/www.pogotowieflagowe.pl\/aktualne\/#\/schema\/person\/9c2fb7d2362ebf6fa088960d7f0d27b0","name":"Filip","image":{"@type":"ImageObject","inLanguage":"pl-PL","@id":"https:\/\/www.pogotowieflagowe.pl\/aktualne\/#\/schema\/person\/image\/","url":"https:\/\/www.pogotowieflagowe.pl\/aktualne\/wp-content\/uploads\/2024\/08\/pogotowieflagowe.pl_.jpg","contentUrl":"https:\/\/www.pogotowieflagowe.pl\/aktualne\/wp-content\/uploads\/2024\/08\/pogotowieflagowe.pl_.jpg","caption":"Filip"},"description":"Jestem Filip, polski dziennikarz z dyplomem nauk politycznych Uniwersytetu Warszawskiego. Rozpoczynaj\u0105c swoj\u0105 karier\u0119 w r\u00f3\u017cnych lokalnych mediach, zdoby\u0142em solidne do\u015bwiadczenie w zakresie \u015bledztwa i redakcji. Obecnie jako redaktor w Pogotowie flagowe, staram si\u0119 dostarcza\u0107 dog\u0142\u0119bne i istotne analizy na temat najwa\u017cniejszych kwestii aktualno\u015bci, \u0142\u0105cz\u0105c rygor z pasj\u0105 dziennikarsk\u0105.","sameAs":["https:\/\/www.pogotowieflagowe.pl\/"]}]}},"_links":{"self":[{"href":"https:\/\/www.pogotowieflagowe.pl\/aktualne\/wp-json\/wp\/v2\/posts\/10706","targetHints":{"allow":["GET"]}}],"collection":[{"href":"https:\/\/www.pogotowieflagowe.pl\/aktualne\/wp-json\/wp\/v2\/posts"}],"about":[{"href":"https:\/\/www.pogotowieflagowe.pl\/aktualne\/wp-json\/wp\/v2\/types\/post"}],"author":[{"embeddable":true,"href":"https:\/\/www.pogotowieflagowe.pl\/aktualne\/wp-json\/wp\/v2\/users\/1"}],"replies":[{"embeddable":true,"href":"https:\/\/www.pogotowieflagowe.pl\/aktualne\/wp-json\/wp\/v2\/comments?post=10706"}],"version-history":[{"count":1,"href":"https:\/\/www.pogotowieflagowe.pl\/aktualne\/wp-json\/wp\/v2\/posts\/10706\/revisions"}],"predecessor-version":[{"id":10707,"href":"https:\/\/www.pogotowieflagowe.pl\/aktualne\/wp-json\/wp\/v2\/posts\/10706\/revisions\/10707"}],"wp:featuredmedia":[{"embeddable":true,"href":"https:\/\/www.pogotowieflagowe.pl\/aktualne\/wp-json\/wp\/v2\/media\/7208"}],"wp:attachment":[{"href":"https:\/\/www.pogotowieflagowe.pl\/aktualne\/wp-json\/wp\/v2\/media?parent=10706"}],"wp:term":[{"taxonomy":"category","embeddable":true,"href":"https:\/\/www.pogotowieflagowe.pl\/aktualne\/wp-json\/wp\/v2\/categories?post=10706"},{"taxonomy":"post_tag","embeddable":true,"href":"https:\/\/www.pogotowieflagowe.pl\/aktualne\/wp-json\/wp\/v2\/tags?post=10706"}],"curies":[{"name":"wp","href":"https:\/\/api.w.org\/{rel}","templated":true}]}}