{"id":10708,"date":"2025-11-17T22:53:22","date_gmt":"2025-11-17T21:53:22","guid":{"rendered":"https:\/\/www.pogotowieflagowe.pl\/aktualne\/oburzenie-w-zwiazku-z-artefaktami-holokaustu-niemiecki-dom-aukcyjny-odwoluje-sprzedaz-ale-okazuje-niewielkie-wyrzuty-sumienia\/"},"modified":"2025-11-17T22:53:23","modified_gmt":"2025-11-17T21:53:23","slug":"oburzenie-w-zwiazku-z-artefaktami-holokaustu-niemiecki-dom-aukcyjny-odwoluje-sprzedaz-ale-okazuje-niewielkie-wyrzuty-sumienia","status":"publish","type":"post","link":"https:\/\/www.pogotowieflagowe.pl\/aktualne\/oburzenie-w-zwiazku-z-artefaktami-holokaustu-niemiecki-dom-aukcyjny-odwoluje-sprzedaz-ale-okazuje-niewielkie-wyrzuty-sumienia\/","title":{"rendered":"Oburzenie w zwi\u0105zku z artefaktami Holokaustu: niemiecki dom aukcyjny odwo\u0142uje sprzeda\u017c, ale okazuje niewielkie wyrzuty sumienia"},"content":{"rendered":"\n<div class=\"td_block_wrap tdb_single_content tdi_41 td-pb-border-top td_block_template_8 td-post-content tagdiv-type\" data-td-block-uid=\"tdi_41\">\n<style>.tdi_41{margines-top:0px!important;margin-bottom:0px!important;dope\u0142nienie-g\u00f3ra:0px!important;dope\u0142nienie-d\u00f3\u0142:0px!important}<\/style>\n<style>.tdb_single_content{margin-bottom:0;*zoom:1}.tdb_single_content:before,.tdb_single_content:after{display:table;content:'';line-height:0}.tdb_single_content:after{clear:both}.tdb_single_content .tdb-block-inner>*:not(.wp-block-quote):not(.alignwide):not(.alignfull.wp-block-cover.has-parallax):not(.td-a-ad){margin-left:auto;margin-right:auto}.tdb_single_content a{pointer-events:auto}.tdb_single_content .td-spot-id-top_ad .tdc-placeholder-title:before{content:'Najlepsza reklama artyku\u0142u'!important}.tdb_single_content .td-spot-id-inline_ad0 .tdc-placeholder-title:before{content:'Reklama wbudowana artyku\u0142u 1'!important}.tdb_single_content .td-spot-id-inline_ad1 .tdc-placeholder-title:before{content:'Wbudowana reklama w artykule 2'!important}.tdb_single_content .td-spot-id-inline_ad2 .tdc-placeholder-title:before{content:'Wbudowana reklama w artykule 3'!important}.tdb_single_content .td-spot-id-bottom_ad .tdc-placeholder-title:before{content:'Article Bottom Ad'!important}.tdb_single_content .id_top_ad,.tdb_single_content .id_bottom_ad{clear:both;margin-bottom:21px;text-align:center}.tdb_single_content .id_top_ad img,.tdb_single_content .id_bottom_ad img{margin-bottom:0}.tdb_single_content .id_top_ad .adsbygoogle,.tdb_single_content .id_bottom_ad .adsbygoogle{position:relative}.tdb_single_content .id_ad_content-horiz-left,.tdb_single_content .id_ad_content-horiz-right,.tdb_single_content .id_ad_content-horiz-center{margin-bottom:15px}.tdb_single_content .id_ad_content-horiz-left img,.tdb_single_content .id_ad_content-horiz-right img,.tdb_single_content .id_ad_content-horiz-center img{margin-bottom:0}.tdb_single_content .id_ad_content-horiz-center{text-align:center}.tdb_single_content .id_ad_content-horiz-center img{margin-right:auto;margin-left:auto}.tdb_single_content .id_ad_content-horiz-left{float:left;margin-top:9px;margin-right:21px}.tdb_single_content .id_ad_content-horiz-right{float:right;margin-top:6px;margin-left:21px}.tdb_single_content .tdc-a-ad .tdc-placeholder-title{width:300px;height:250px}.tdb_single_content .tdc-a-ad .tdc-placeholder-title:before{position:absolute;top:50%;-webkit-transform:translateY(-50%);transform:translateY(-50%);margin:auto;display:table;width:100%}.tdb_single_content .tdb-block-inner.td-fix-index{word-break:break-word}.tdi_41,.tdi_41>p,.tdi_41 .tdb-block-inner>p,.wp-block-column>p{font-size:16px!important;line-height:1.6!important}.tdi_41 .tdb-block-inner blockquote p{font-style:normal!important}@media (max-width:767px){.tdb_single_content .id_ad_content-horiz-left,.tdb_single_content .id_ad_content-horiz-right,.tdb_single_content .id_ad_content-horiz-center{margin:0 auto 26 pikseli auto}}@media (max-width:767px){.tdb_single_content .id_ad_content-horiz-left{margin-right:0}}@media (max-width:767px){.tdb_single_content .id_ad_content-horiz-right{margin-left:0}}@media (max-width:767px){.tdb_single_content .td-a-ad{float:none;text-align:center}.tdb_single_content .td-a-ad img{margin-right:auto;margin-left:auto}.tdb_single_content .tdc-a-ad{float:none}}<\/style>\n<div class=\"tdb-block-inner td-fix-index\">\n<p>Dom Aukcyjny Felzmann w Neuss wyda\u0142 o\u015bwiadczenie po fali krytyki w zwi\u0105zku z planami sprzeda\u017cy przedmiot\u00f3w nale\u017c\u0105cych do ofiar niemieckich zbrodni z czas\u00f3w II wojny \u015bwiatowej. Twierdzi, \u017ce cz\u0119\u015b\u0107 artefakt\u00f3w mia\u0142a pochodzi\u0107 od rodzin zamordowanych i \u017ce \u201enie jest nieuczciwe, je\u015bli ludzie decyduj\u0105 si\u0119\u201d na ich sprzeda\u017c.<\/p>\n<p>W poniedzia\u0142ek dom aukcyjny Felzmann w Neuss mia\u0142 rozpocz\u0105\u0107 sprzeda\u017c prywatnej kolekcji, kt\u00f3ra obejmowa\u0142a dokumenty i przedmioty nale\u017c\u0105ce do ofiar zbrodni niemieckich i sowieckich podczas II wojny \u015bwiatowej. W\u015br\u00f3d protestuj\u0105cych przeciwko aukcji by\u0142 Mi\u0119dzynarodowy Komitet O\u015bwi\u0119cimski. Ostatecznie sprzeda\u017c zosta\u0142a anulowana. Szef domu aukcyjnego telefonicznie przekaza\u0142 t\u0119 decyzj\u0119 w\u0142adzom kraju zwi\u0105zkowego Nadrenia P\u00f3\u0142nocna-Westfalia.<\/p>\n<h2 class=\"wp-block-heading\">Przedmioty nale\u017c\u0105ce do niemieckich ofiar\u2026 \u201eZdobyte uczciwie\u201d<\/h2>\n<p>W poniedzia\u0142kowym o\u015bwiadczeniu dom aukcyjny pod D\u00fcsseldorfem wyja\u015bni\u0142, \u017ce podj\u0105\u0142 decyzj\u0119 o odwo\u0142aniu aukcji po fali krytyki, jak\u0105 otrzyma\u0142.<\/p>\n<p>\u201eMamy \u015bwiadomo\u015b\u0107, \u017ce oceniaj\u0105c zg\u0142oszenie tych przedmiot\u00f3w na aukcj\u0119, podj\u0119li\u015bmy b\u0142\u0119dn\u0105 decyzj\u0119 i \u017ca\u0142ujemy, je\u015bli w rezultacie zranili\u015bmy uczucia os\u00f3b dotkni\u0119tych hitlerowskim terrorem lub ich bliskich\u201d \u2013 napisano.<\/p>\n<p>Dom aukcyjny twierdzi, \u017ce dokumenty i przedmioty przekazali cz\u0119\u015bciowo\u2026 potomkowie ofiar. Potwierdza tak\u017ce, \u017ce inne pochodzi\u0142y z \u201eprywatnej kolekcji\u201d. \u201eWed\u0142ug naszej wiedzy wszystkie przedmioty z tej kolekcji zosta\u0142y nabyte na wolnym rynku w spos\u00f3b uczciwy\u201d \u2013 napisali przedstawiciele domu aukcyjnego.<\/p>\n<h2 class=\"wp-block-heading\">\u017badnej prawdziwej refleksji<\/h2>\n<p>Dodali, \u017ce \u201edecyzja o wystawieniu tych przedmiot\u00f3w na sprzeda\u017c nie zosta\u0142a przez nas podj\u0119ta\u201d. \u201eUwa\u017camy jednak \u2013 tak\u017ce po analizie prawnej \u2013 \u017ce nie jest nieuczciwe, je\u015bli ludzie decyduj\u0105 si\u0119 na ich sprzeda\u017c\u201d \u2013 podkre\u015blali.<\/p>\n<p>Zdaniem domu aukcyjnego aukcja publiczna jest \u201ew\u0142a\u015bciw\u0105 metod\u0105\u201d, poniewa\u017c \u201ezapewnia przejrzysto\u015b\u0107 w zakresie tego, kto nabywa przedmioty wystawione na sprzeda\u017c\u201d. Instytucja podkre\u015bli\u0142a, \u017ce \u200b\u200bw\u015br\u00f3d jej klient\u00f3w znajduj\u0105 si\u0119 muzea i miejsca pami\u0119ci, a jako dom aukcyjny \u201eod dziesi\u0119cioleci cieszy si\u0119 dobr\u0105 opini\u0105\u201d.<\/p>\n<h2 class=\"wp-block-heading\">W\u0142adze odmawiaj\u0105 komentarza<\/h2>\n<p>Poproszone przez PAP o komentarz w sprawie odwo\u0142anej aukcji pami\u0105tek po ofiarach II wojny \u015bwiatowej, biuro prezydenta Niemiec Franka-Waltera Steinmeiera ograniczy\u0142o si\u0119 do odnotowania, \u017ce \u200b\u200baukcja zosta\u0142a odwo\u0142ana. \u201ePrezydent federalny nie b\u0119dzie komentowa\u0142 tej sprawy\u201d \u2013 powiedzia\u0142 w poniedzia\u0142ek PAP rzecznik prezydenta Alessandro Peduto.<\/p>\n<p>Wcze\u015bniej jednak zabra\u0142 g\u0142os niemiecki minister spraw zagranicznych Johann Wadephul. W niedziel\u0119 stwierdzi\u0142, \u017ce \u201erobienie interes\u00f3w na Holokau\u015bcie jest odra\u017caj\u0105ce\u201d i \u201enale\u017cy po\u0142o\u017cy\u0107 kres\u201d. Doda\u0142, \u017ce nie spodziewa si\u0119, \u017ce w Niemczech b\u0119d\u0105 ju\u017c organizowane kolejne aukcje pami\u0105tek po ofiarach zbrodni nazistowskich.<\/p>\n<h2 class=\"wp-block-heading\">Oburzenie, ale nie po raz pierwszy<\/h2>\n<p>Wed\u0142ug <em>Frankfurter Allgemeine Zeitung<\/em>na li\u015bcie obiekt\u00f3w pierwotnie przeznaczonych do sprzeda\u017cy przez Dom Aukcyjny Felzmann w Neuss znajdowa\u0142y si\u0119 623 pozycje. W\u015br\u00f3d dokument\u00f3w znalaz\u0142 si\u0119 m.in. list wi\u0119\u017ania Auschwitz \u201eo bardzo niskim numerze\u201d adresowany do kogo\u015b z Krakowa. Pierwotnie na aukcji planowano wylicytowa\u0107 tak\u017ce pami\u0105tki zwi\u0105zane z dwoma polskimi oficerami \u2013 ofiarami zbrodni katy\u0144skiej. Cena wywo\u0142awcza ka\u017cdego z nich mia\u0142a wynosi\u0107 750 euro.<\/p>\n<p>w niedziel\u0119, <em>Suddeutsche Zeitung<\/em> okre\u015bli\u0142 inicjatyw\u0119 Domu Aukcyjnego Felzmann w Neuss jako \u201eskandaliczn\u0105 spraw\u0119\u201d. Monachijski dziennik zwr\u00f3ci\u0142 uwag\u0119, \u017ce w Niemczech \u201eaukcje nazistowskich bibelot\u00f3w i broni Wehrmachtu okresowo wywo\u0142uj\u0105 oburzenie spo\u0142eczne\u201d.<\/p>\n<\/div>\n<\/div>\n","protected":false},"excerpt":{"rendered":"<p>Dom Aukcyjny Felzmann w Neuss wyda\u0142 o\u015bwiadczenie po fali krytyki w zwi\u0105zku z planami sprzeda\u017cy przedmiot\u00f3w nale\u017c\u0105cych do ofiar niemieckich<\/p>\n","protected":false},"author":1,"featured_media":10709,"comment_status":"open","ping_status":"open","sticky":false,"template":"","format":"standard","meta":{"footnotes":""},"categories":[4748],"tags":[1124,12171,12036,4392,4928,5423,2636,31,8271,12172,1411,8457,12173,33],"class_list":["post-10708","post","type-post","status-publish","format-standard","has-post-thumbnail","hentry","category-aktualne","tag-ale","tag-artefaktami","tag-aukcyjny","tag-dom","tag-holokaustu","tag-niemiecki","tag-niewielkie","tag-oburzenie","tag-odwoluje","tag-okazuje","tag-sprzedaz","tag-sumienia","tag-wyrzuty","tag-zwiazku","generate-columns","tablet-grid-50","mobile-grid-100","grid-parent","grid-50","resize-featured-image"],"yoast_head":"<!-- This site is optimized with the Yoast SEO plugin v23.2 - https:\/\/yoast.com\/wordpress\/plugins\/seo\/ -->\n<title>Oburzenie w zwi\u0105zku z artefaktami Holokaustu: niemiecki dom aukcyjny odwo\u0142uje sprzeda\u017c, ale okazuje niewielkie wyrzuty sumienia - POGOTOWIE FLAGOWE\u00ae<\/title>\n<meta name=\"robots\" content=\"index, follow, max-snippet:-1, max-image-preview:large, max-video-preview:-1\" \/>\n<link rel=\"canonical\" href=\"https:\/\/www.pogotowieflagowe.pl\/aktualne\/oburzenie-w-zwiazku-z-artefaktami-holokaustu-niemiecki-dom-aukcyjny-odwoluje-sprzedaz-ale-okazuje-niewielkie-wyrzuty-sumienia\/\" \/>\n<meta property=\"og:locale\" content=\"pl_PL\" \/>\n<meta property=\"og:type\" content=\"article\" \/>\n<meta property=\"og:title\" content=\"Oburzenie w zwi\u0105zku z artefaktami Holokaustu: niemiecki dom aukcyjny odwo\u0142uje sprzeda\u017c, ale okazuje niewielkie wyrzuty sumienia - POGOTOWIE FLAGOWE\u00ae\" \/>\n<meta property=\"og:description\" content=\"Dom Aukcyjny Felzmann w Neuss wyda\u0142 o\u015bwiadczenie po fali krytyki w zwi\u0105zku z planami sprzeda\u017cy przedmiot\u00f3w nale\u017c\u0105cych do ofiar niemieckich\" \/>\n<meta property=\"og:url\" content=\"https:\/\/www.pogotowieflagowe.pl\/aktualne\/oburzenie-w-zwiazku-z-artefaktami-holokaustu-niemiecki-dom-aukcyjny-odwoluje-sprzedaz-ale-okazuje-niewielkie-wyrzuty-sumienia\/\" \/>\n<meta property=\"og:site_name\" content=\"POGOTOWIE FLAGOWE\u00ae\" \/>\n<meta property=\"article:published_time\" content=\"2025-11-17T21:53:22+00:00\" \/>\n<meta property=\"article:modified_time\" content=\"2025-11-17T21:53:23+00:00\" \/>\n<meta property=\"og:image\" content=\"https:\/\/www.pogotowieflagowe.pl\/aktualne\/wp-content\/uploads\/2025\/11\/Oburzenie-w-zwiazku-z-artefaktami-Holokaustu-niemiecki-dom-aukcyjny-odwoluje.webp.webp\" \/>\n\t<meta property=\"og:image:width\" content=\"1280\" \/>\n\t<meta property=\"og:image:height\" content=\"720\" \/>\n\t<meta property=\"og:image:type\" content=\"image\/webp\" \/>\n<meta name=\"author\" content=\"Filip\" \/>\n<meta name=\"twitter:card\" content=\"summary_large_image\" \/>\n<meta name=\"twitter:label1\" content=\"Napisane przez\" \/>\n\t<meta name=\"twitter:data1\" content=\"Filip\" \/>\n\t<meta name=\"twitter:label2\" content=\"Szacowany czas czytania\" \/>\n\t<meta name=\"twitter:data2\" content=\"3 minuty\" \/>\n<script type=\"application\/ld+json\" class=\"yoast-schema-graph\">{\"@context\":\"https:\/\/schema.org\",\"@graph\":[{\"@type\":\"Article\",\"@id\":\"https:\/\/www.pogotowieflagowe.pl\/aktualne\/oburzenie-w-zwiazku-z-artefaktami-holokaustu-niemiecki-dom-aukcyjny-odwoluje-sprzedaz-ale-okazuje-niewielkie-wyrzuty-sumienia\/#article\",\"isPartOf\":{\"@id\":\"https:\/\/www.pogotowieflagowe.pl\/aktualne\/oburzenie-w-zwiazku-z-artefaktami-holokaustu-niemiecki-dom-aukcyjny-odwoluje-sprzedaz-ale-okazuje-niewielkie-wyrzuty-sumienia\/\"},\"author\":{\"name\":\"Filip\",\"@id\":\"https:\/\/www.pogotowieflagowe.pl\/aktualne\/#\/schema\/person\/9c2fb7d2362ebf6fa088960d7f0d27b0\"},\"headline\":\"Oburzenie w zwi\u0105zku z artefaktami Holokaustu: niemiecki dom aukcyjny odwo\u0142uje sprzeda\u017c, ale okazuje niewielkie wyrzuty sumienia\",\"datePublished\":\"2025-11-17T21:53:22+00:00\",\"dateModified\":\"2025-11-17T21:53:23+00:00\",\"mainEntityOfPage\":{\"@id\":\"https:\/\/www.pogotowieflagowe.pl\/aktualne\/oburzenie-w-zwiazku-z-artefaktami-holokaustu-niemiecki-dom-aukcyjny-odwoluje-sprzedaz-ale-okazuje-niewielkie-wyrzuty-sumienia\/\"},\"wordCount\":573,\"commentCount\":0,\"publisher\":{\"@id\":\"https:\/\/www.pogotowieflagowe.pl\/aktualne\/#organization\"},\"image\":{\"@id\":\"https:\/\/www.pogotowieflagowe.pl\/aktualne\/oburzenie-w-zwiazku-z-artefaktami-holokaustu-niemiecki-dom-aukcyjny-odwoluje-sprzedaz-ale-okazuje-niewielkie-wyrzuty-sumienia\/#primaryimage\"},\"thumbnailUrl\":\"https:\/\/www.pogotowieflagowe.pl\/aktualne\/wp-content\/uploads\/2025\/11\/Oburzenie-w-zwiazku-z-artefaktami-Holokaustu-niemiecki-dom-aukcyjny-odwoluje.webp.webp\",\"keywords\":[\"ale\",\"artefaktami\",\"aukcyjny\",\"Dom\",\"Holokaustu\",\"Niemiecki\",\"niewielkie\",\"oburzenie\",\"odwo\u0142uje\",\"okazuje\",\"Sprzeda\u017c\",\"sumienia\",\"wyrzuty\",\"zwi\u0105zku\"],\"articleSection\":[\"Aktualne\"],\"inLanguage\":\"pl-PL\",\"potentialAction\":[{\"@type\":\"CommentAction\",\"name\":\"Comment\",\"target\":[\"https:\/\/www.pogotowieflagowe.pl\/aktualne\/oburzenie-w-zwiazku-z-artefaktami-holokaustu-niemiecki-dom-aukcyjny-odwoluje-sprzedaz-ale-okazuje-niewielkie-wyrzuty-sumienia\/#respond\"]}]},{\"@type\":\"WebPage\",\"@id\":\"https:\/\/www.pogotowieflagowe.pl\/aktualne\/oburzenie-w-zwiazku-z-artefaktami-holokaustu-niemiecki-dom-aukcyjny-odwoluje-sprzedaz-ale-okazuje-niewielkie-wyrzuty-sumienia\/\",\"url\":\"https:\/\/www.pogotowieflagowe.pl\/aktualne\/oburzenie-w-zwiazku-z-artefaktami-holokaustu-niemiecki-dom-aukcyjny-odwoluje-sprzedaz-ale-okazuje-niewielkie-wyrzuty-sumienia\/\",\"name\":\"Oburzenie w zwi\u0105zku z artefaktami Holokaustu: niemiecki dom aukcyjny odwo\u0142uje sprzeda\u017c, ale okazuje niewielkie wyrzuty sumienia - POGOTOWIE FLAGOWE\u00ae\",\"isPartOf\":{\"@id\":\"https:\/\/www.pogotowieflagowe.pl\/aktualne\/#website\"},\"primaryImageOfPage\":{\"@id\":\"https:\/\/www.pogotowieflagowe.pl\/aktualne\/oburzenie-w-zwiazku-z-artefaktami-holokaustu-niemiecki-dom-aukcyjny-odwoluje-sprzedaz-ale-okazuje-niewielkie-wyrzuty-sumienia\/#primaryimage\"},\"image\":{\"@id\":\"https:\/\/www.pogotowieflagowe.pl\/aktualne\/oburzenie-w-zwiazku-z-artefaktami-holokaustu-niemiecki-dom-aukcyjny-odwoluje-sprzedaz-ale-okazuje-niewielkie-wyrzuty-sumienia\/#primaryimage\"},\"thumbnailUrl\":\"https:\/\/www.pogotowieflagowe.pl\/aktualne\/wp-content\/uploads\/2025\/11\/Oburzenie-w-zwiazku-z-artefaktami-Holokaustu-niemiecki-dom-aukcyjny-odwoluje.webp.webp\",\"datePublished\":\"2025-11-17T21:53:22+00:00\",\"dateModified\":\"2025-11-17T21:53:23+00:00\",\"breadcrumb\":{\"@id\":\"https:\/\/www.pogotowieflagowe.pl\/aktualne\/oburzenie-w-zwiazku-z-artefaktami-holokaustu-niemiecki-dom-aukcyjny-odwoluje-sprzedaz-ale-okazuje-niewielkie-wyrzuty-sumienia\/#breadcrumb\"},\"inLanguage\":\"pl-PL\",\"potentialAction\":[{\"@type\":\"ReadAction\",\"target\":[\"https:\/\/www.pogotowieflagowe.pl\/aktualne\/oburzenie-w-zwiazku-z-artefaktami-holokaustu-niemiecki-dom-aukcyjny-odwoluje-sprzedaz-ale-okazuje-niewielkie-wyrzuty-sumienia\/\"]}]},{\"@type\":\"ImageObject\",\"inLanguage\":\"pl-PL\",\"@id\":\"https:\/\/www.pogotowieflagowe.pl\/aktualne\/oburzenie-w-zwiazku-z-artefaktami-holokaustu-niemiecki-dom-aukcyjny-odwoluje-sprzedaz-ale-okazuje-niewielkie-wyrzuty-sumienia\/#primaryimage\",\"url\":\"https:\/\/www.pogotowieflagowe.pl\/aktualne\/wp-content\/uploads\/2025\/11\/Oburzenie-w-zwiazku-z-artefaktami-Holokaustu-niemiecki-dom-aukcyjny-odwoluje.webp.webp\",\"contentUrl\":\"https:\/\/www.pogotowieflagowe.pl\/aktualne\/wp-content\/uploads\/2025\/11\/Oburzenie-w-zwiazku-z-artefaktami-Holokaustu-niemiecki-dom-aukcyjny-odwoluje.webp.webp\",\"width\":1280,\"height\":720,\"caption\":\"Oburzenie w zwi\u0105zku z artefaktami Holokaustu: niemiecki dom aukcyjny odwo\u0142uje sprzeda\u017c, ale okazuje niewielkie wyrzuty sumienia\"},{\"@type\":\"BreadcrumbList\",\"@id\":\"https:\/\/www.pogotowieflagowe.pl\/aktualne\/oburzenie-w-zwiazku-z-artefaktami-holokaustu-niemiecki-dom-aukcyjny-odwoluje-sprzedaz-ale-okazuje-niewielkie-wyrzuty-sumienia\/#breadcrumb\",\"itemListElement\":[{\"@type\":\"ListItem\",\"position\":1,\"name\":\"Home\",\"item\":\"https:\/\/www.pogotowieflagowe.pl\/aktualne\/\"},{\"@type\":\"ListItem\",\"position\":2,\"name\":\"Oburzenie w zwi\u0105zku z artefaktami Holokaustu: niemiecki dom aukcyjny odwo\u0142uje sprzeda\u017c, ale okazuje niewielkie wyrzuty sumienia\"}]},{\"@type\":\"WebSite\",\"@id\":\"https:\/\/www.pogotowieflagowe.pl\/aktualne\/#website\",\"url\":\"https:\/\/www.pogotowieflagowe.pl\/aktualne\/\",\"name\":\"POGOTOWIE FLAGOWE\u00ae\",\"description\":\"\",\"publisher\":{\"@id\":\"https:\/\/www.pogotowieflagowe.pl\/aktualne\/#organization\"},\"potentialAction\":[{\"@type\":\"SearchAction\",\"target\":{\"@type\":\"EntryPoint\",\"urlTemplate\":\"https:\/\/www.pogotowieflagowe.pl\/aktualne\/?s={search_term_string}\"},\"query-input\":\"required name=search_term_string\"}],\"inLanguage\":\"pl-PL\"},{\"@type\":\"Organization\",\"@id\":\"https:\/\/www.pogotowieflagowe.pl\/aktualne\/#organization\",\"name\":\"POGOTOWIE FLAGOWE\u00ae\",\"url\":\"https:\/\/www.pogotowieflagowe.pl\/aktualne\/\",\"logo\":{\"@type\":\"ImageObject\",\"inLanguage\":\"pl-PL\",\"@id\":\"https:\/\/www.pogotowieflagowe.pl\/aktualne\/#\/schema\/logo\/image\/\",\"url\":\"https:\/\/www.pogotowieflagowe.pl\/aktualne\/wp-content\/uploads\/2024\/08\/cropped-pogotowieflagowe_flaga_projekt_sm.jpg\",\"contentUrl\":\"https:\/\/www.pogotowieflagowe.pl\/aktualne\/wp-content\/uploads\/2024\/08\/cropped-pogotowieflagowe_flaga_projekt_sm.jpg\",\"width\":250,\"height\":143,\"caption\":\"POGOTOWIE FLAGOWE\u00ae\"},\"image\":{\"@id\":\"https:\/\/www.pogotowieflagowe.pl\/aktualne\/#\/schema\/logo\/image\/\"}},{\"@type\":\"Person\",\"@id\":\"https:\/\/www.pogotowieflagowe.pl\/aktualne\/#\/schema\/person\/9c2fb7d2362ebf6fa088960d7f0d27b0\",\"name\":\"Filip\",\"image\":{\"@type\":\"ImageObject\",\"inLanguage\":\"pl-PL\",\"@id\":\"https:\/\/www.pogotowieflagowe.pl\/aktualne\/#\/schema\/person\/image\/\",\"url\":\"https:\/\/www.pogotowieflagowe.pl\/aktualne\/wp-content\/uploads\/2024\/08\/pogotowieflagowe.pl_.jpg\",\"contentUrl\":\"https:\/\/www.pogotowieflagowe.pl\/aktualne\/wp-content\/uploads\/2024\/08\/pogotowieflagowe.pl_.jpg\",\"caption\":\"Filip\"},\"description\":\"Jestem Filip, polski dziennikarz z dyplomem nauk politycznych Uniwersytetu Warszawskiego. Rozpoczynaj\u0105c swoj\u0105 karier\u0119 w r\u00f3\u017cnych lokalnych mediach, zdoby\u0142em solidne do\u015bwiadczenie w zakresie \u015bledztwa i redakcji. Obecnie jako redaktor w Pogotowie flagowe, staram si\u0119 dostarcza\u0107 dog\u0142\u0119bne i istotne analizy na temat najwa\u017cniejszych kwestii aktualno\u015bci, \u0142\u0105cz\u0105c rygor z pasj\u0105 dziennikarsk\u0105.\",\"sameAs\":[\"https:\/\/www.pogotowieflagowe.pl\/\"]}]}<\/script>\n<!-- \/ Yoast SEO plugin. -->","yoast_head_json":{"title":"Oburzenie w zwi\u0105zku z artefaktami Holokaustu: niemiecki dom aukcyjny odwo\u0142uje sprzeda\u017c, ale okazuje niewielkie wyrzuty sumienia - POGOTOWIE FLAGOWE\u00ae","robots":{"index":"index","follow":"follow","max-snippet":"max-snippet:-1","max-image-preview":"max-image-preview:large","max-video-preview":"max-video-preview:-1"},"canonical":"https:\/\/www.pogotowieflagowe.pl\/aktualne\/oburzenie-w-zwiazku-z-artefaktami-holokaustu-niemiecki-dom-aukcyjny-odwoluje-sprzedaz-ale-okazuje-niewielkie-wyrzuty-sumienia\/","og_locale":"pl_PL","og_type":"article","og_title":"Oburzenie w zwi\u0105zku z artefaktami Holokaustu: niemiecki dom aukcyjny odwo\u0142uje sprzeda\u017c, ale okazuje niewielkie wyrzuty sumienia - POGOTOWIE FLAGOWE\u00ae","og_description":"Dom Aukcyjny Felzmann w Neuss wyda\u0142 o\u015bwiadczenie po fali krytyki w zwi\u0105zku z planami sprzeda\u017cy przedmiot\u00f3w nale\u017c\u0105cych do ofiar niemieckich","og_url":"https:\/\/www.pogotowieflagowe.pl\/aktualne\/oburzenie-w-zwiazku-z-artefaktami-holokaustu-niemiecki-dom-aukcyjny-odwoluje-sprzedaz-ale-okazuje-niewielkie-wyrzuty-sumienia\/","og_site_name":"POGOTOWIE FLAGOWE\u00ae","article_published_time":"2025-11-17T21:53:22+00:00","article_modified_time":"2025-11-17T21:53:23+00:00","og_image":[{"width":1280,"height":720,"url":"https:\/\/www.pogotowieflagowe.pl\/aktualne\/wp-content\/uploads\/2025\/11\/Oburzenie-w-zwiazku-z-artefaktami-Holokaustu-niemiecki-dom-aukcyjny-odwoluje.webp.webp","type":"image\/webp"}],"author":"Filip","twitter_card":"summary_large_image","twitter_misc":{"Napisane przez":"Filip","Szacowany czas czytania":"3 minuty"},"schema":{"@context":"https:\/\/schema.org","@graph":[{"@type":"Article","@id":"https:\/\/www.pogotowieflagowe.pl\/aktualne\/oburzenie-w-zwiazku-z-artefaktami-holokaustu-niemiecki-dom-aukcyjny-odwoluje-sprzedaz-ale-okazuje-niewielkie-wyrzuty-sumienia\/#article","isPartOf":{"@id":"https:\/\/www.pogotowieflagowe.pl\/aktualne\/oburzenie-w-zwiazku-z-artefaktami-holokaustu-niemiecki-dom-aukcyjny-odwoluje-sprzedaz-ale-okazuje-niewielkie-wyrzuty-sumienia\/"},"author":{"name":"Filip","@id":"https:\/\/www.pogotowieflagowe.pl\/aktualne\/#\/schema\/person\/9c2fb7d2362ebf6fa088960d7f0d27b0"},"headline":"Oburzenie w zwi\u0105zku z artefaktami Holokaustu: niemiecki dom aukcyjny odwo\u0142uje sprzeda\u017c, ale okazuje niewielkie wyrzuty sumienia","datePublished":"2025-11-17T21:53:22+00:00","dateModified":"2025-11-17T21:53:23+00:00","mainEntityOfPage":{"@id":"https:\/\/www.pogotowieflagowe.pl\/aktualne\/oburzenie-w-zwiazku-z-artefaktami-holokaustu-niemiecki-dom-aukcyjny-odwoluje-sprzedaz-ale-okazuje-niewielkie-wyrzuty-sumienia\/"},"wordCount":573,"commentCount":0,"publisher":{"@id":"https:\/\/www.pogotowieflagowe.pl\/aktualne\/#organization"},"image":{"@id":"https:\/\/www.pogotowieflagowe.pl\/aktualne\/oburzenie-w-zwiazku-z-artefaktami-holokaustu-niemiecki-dom-aukcyjny-odwoluje-sprzedaz-ale-okazuje-niewielkie-wyrzuty-sumienia\/#primaryimage"},"thumbnailUrl":"https:\/\/www.pogotowieflagowe.pl\/aktualne\/wp-content\/uploads\/2025\/11\/Oburzenie-w-zwiazku-z-artefaktami-Holokaustu-niemiecki-dom-aukcyjny-odwoluje.webp.webp","keywords":["ale","artefaktami","aukcyjny","Dom","Holokaustu","Niemiecki","niewielkie","oburzenie","odwo\u0142uje","okazuje","Sprzeda\u017c","sumienia","wyrzuty","zwi\u0105zku"],"articleSection":["Aktualne"],"inLanguage":"pl-PL","potentialAction":[{"@type":"CommentAction","name":"Comment","target":["https:\/\/www.pogotowieflagowe.pl\/aktualne\/oburzenie-w-zwiazku-z-artefaktami-holokaustu-niemiecki-dom-aukcyjny-odwoluje-sprzedaz-ale-okazuje-niewielkie-wyrzuty-sumienia\/#respond"]}]},{"@type":"WebPage","@id":"https:\/\/www.pogotowieflagowe.pl\/aktualne\/oburzenie-w-zwiazku-z-artefaktami-holokaustu-niemiecki-dom-aukcyjny-odwoluje-sprzedaz-ale-okazuje-niewielkie-wyrzuty-sumienia\/","url":"https:\/\/www.pogotowieflagowe.pl\/aktualne\/oburzenie-w-zwiazku-z-artefaktami-holokaustu-niemiecki-dom-aukcyjny-odwoluje-sprzedaz-ale-okazuje-niewielkie-wyrzuty-sumienia\/","name":"Oburzenie w zwi\u0105zku z artefaktami Holokaustu: niemiecki dom aukcyjny odwo\u0142uje sprzeda\u017c, ale okazuje niewielkie wyrzuty sumienia - POGOTOWIE FLAGOWE\u00ae","isPartOf":{"@id":"https:\/\/www.pogotowieflagowe.pl\/aktualne\/#website"},"primaryImageOfPage":{"@id":"https:\/\/www.pogotowieflagowe.pl\/aktualne\/oburzenie-w-zwiazku-z-artefaktami-holokaustu-niemiecki-dom-aukcyjny-odwoluje-sprzedaz-ale-okazuje-niewielkie-wyrzuty-sumienia\/#primaryimage"},"image":{"@id":"https:\/\/www.pogotowieflagowe.pl\/aktualne\/oburzenie-w-zwiazku-z-artefaktami-holokaustu-niemiecki-dom-aukcyjny-odwoluje-sprzedaz-ale-okazuje-niewielkie-wyrzuty-sumienia\/#primaryimage"},"thumbnailUrl":"https:\/\/www.pogotowieflagowe.pl\/aktualne\/wp-content\/uploads\/2025\/11\/Oburzenie-w-zwiazku-z-artefaktami-Holokaustu-niemiecki-dom-aukcyjny-odwoluje.webp.webp","datePublished":"2025-11-17T21:53:22+00:00","dateModified":"2025-11-17T21:53:23+00:00","breadcrumb":{"@id":"https:\/\/www.pogotowieflagowe.pl\/aktualne\/oburzenie-w-zwiazku-z-artefaktami-holokaustu-niemiecki-dom-aukcyjny-odwoluje-sprzedaz-ale-okazuje-niewielkie-wyrzuty-sumienia\/#breadcrumb"},"inLanguage":"pl-PL","potentialAction":[{"@type":"ReadAction","target":["https:\/\/www.pogotowieflagowe.pl\/aktualne\/oburzenie-w-zwiazku-z-artefaktami-holokaustu-niemiecki-dom-aukcyjny-odwoluje-sprzedaz-ale-okazuje-niewielkie-wyrzuty-sumienia\/"]}]},{"@type":"ImageObject","inLanguage":"pl-PL","@id":"https:\/\/www.pogotowieflagowe.pl\/aktualne\/oburzenie-w-zwiazku-z-artefaktami-holokaustu-niemiecki-dom-aukcyjny-odwoluje-sprzedaz-ale-okazuje-niewielkie-wyrzuty-sumienia\/#primaryimage","url":"https:\/\/www.pogotowieflagowe.pl\/aktualne\/wp-content\/uploads\/2025\/11\/Oburzenie-w-zwiazku-z-artefaktami-Holokaustu-niemiecki-dom-aukcyjny-odwoluje.webp.webp","contentUrl":"https:\/\/www.pogotowieflagowe.pl\/aktualne\/wp-content\/uploads\/2025\/11\/Oburzenie-w-zwiazku-z-artefaktami-Holokaustu-niemiecki-dom-aukcyjny-odwoluje.webp.webp","width":1280,"height":720,"caption":"Oburzenie w zwi\u0105zku z artefaktami Holokaustu: niemiecki dom aukcyjny odwo\u0142uje sprzeda\u017c, ale okazuje niewielkie wyrzuty sumienia"},{"@type":"BreadcrumbList","@id":"https:\/\/www.pogotowieflagowe.pl\/aktualne\/oburzenie-w-zwiazku-z-artefaktami-holokaustu-niemiecki-dom-aukcyjny-odwoluje-sprzedaz-ale-okazuje-niewielkie-wyrzuty-sumienia\/#breadcrumb","itemListElement":[{"@type":"ListItem","position":1,"name":"Home","item":"https:\/\/www.pogotowieflagowe.pl\/aktualne\/"},{"@type":"ListItem","position":2,"name":"Oburzenie w zwi\u0105zku z artefaktami Holokaustu: niemiecki dom aukcyjny odwo\u0142uje sprzeda\u017c, ale okazuje niewielkie wyrzuty sumienia"}]},{"@type":"WebSite","@id":"https:\/\/www.pogotowieflagowe.pl\/aktualne\/#website","url":"https:\/\/www.pogotowieflagowe.pl\/aktualne\/","name":"POGOTOWIE FLAGOWE\u00ae","description":"","publisher":{"@id":"https:\/\/www.pogotowieflagowe.pl\/aktualne\/#organization"},"potentialAction":[{"@type":"SearchAction","target":{"@type":"EntryPoint","urlTemplate":"https:\/\/www.pogotowieflagowe.pl\/aktualne\/?s={search_term_string}"},"query-input":"required name=search_term_string"}],"inLanguage":"pl-PL"},{"@type":"Organization","@id":"https:\/\/www.pogotowieflagowe.pl\/aktualne\/#organization","name":"POGOTOWIE FLAGOWE\u00ae","url":"https:\/\/www.pogotowieflagowe.pl\/aktualne\/","logo":{"@type":"ImageObject","inLanguage":"pl-PL","@id":"https:\/\/www.pogotowieflagowe.pl\/aktualne\/#\/schema\/logo\/image\/","url":"https:\/\/www.pogotowieflagowe.pl\/aktualne\/wp-content\/uploads\/2024\/08\/cropped-pogotowieflagowe_flaga_projekt_sm.jpg","contentUrl":"https:\/\/www.pogotowieflagowe.pl\/aktualne\/wp-content\/uploads\/2024\/08\/cropped-pogotowieflagowe_flaga_projekt_sm.jpg","width":250,"height":143,"caption":"POGOTOWIE FLAGOWE\u00ae"},"image":{"@id":"https:\/\/www.pogotowieflagowe.pl\/aktualne\/#\/schema\/logo\/image\/"}},{"@type":"Person","@id":"https:\/\/www.pogotowieflagowe.pl\/aktualne\/#\/schema\/person\/9c2fb7d2362ebf6fa088960d7f0d27b0","name":"Filip","image":{"@type":"ImageObject","inLanguage":"pl-PL","@id":"https:\/\/www.pogotowieflagowe.pl\/aktualne\/#\/schema\/person\/image\/","url":"https:\/\/www.pogotowieflagowe.pl\/aktualne\/wp-content\/uploads\/2024\/08\/pogotowieflagowe.pl_.jpg","contentUrl":"https:\/\/www.pogotowieflagowe.pl\/aktualne\/wp-content\/uploads\/2024\/08\/pogotowieflagowe.pl_.jpg","caption":"Filip"},"description":"Jestem Filip, polski dziennikarz z dyplomem nauk politycznych Uniwersytetu Warszawskiego. Rozpoczynaj\u0105c swoj\u0105 karier\u0119 w r\u00f3\u017cnych lokalnych mediach, zdoby\u0142em solidne do\u015bwiadczenie w zakresie \u015bledztwa i redakcji. Obecnie jako redaktor w Pogotowie flagowe, staram si\u0119 dostarcza\u0107 dog\u0142\u0119bne i istotne analizy na temat najwa\u017cniejszych kwestii aktualno\u015bci, \u0142\u0105cz\u0105c rygor z pasj\u0105 dziennikarsk\u0105.","sameAs":["https:\/\/www.pogotowieflagowe.pl\/"]}]}},"_links":{"self":[{"href":"https:\/\/www.pogotowieflagowe.pl\/aktualne\/wp-json\/wp\/v2\/posts\/10708","targetHints":{"allow":["GET"]}}],"collection":[{"href":"https:\/\/www.pogotowieflagowe.pl\/aktualne\/wp-json\/wp\/v2\/posts"}],"about":[{"href":"https:\/\/www.pogotowieflagowe.pl\/aktualne\/wp-json\/wp\/v2\/types\/post"}],"author":[{"embeddable":true,"href":"https:\/\/www.pogotowieflagowe.pl\/aktualne\/wp-json\/wp\/v2\/users\/1"}],"replies":[{"embeddable":true,"href":"https:\/\/www.pogotowieflagowe.pl\/aktualne\/wp-json\/wp\/v2\/comments?post=10708"}],"version-history":[{"count":1,"href":"https:\/\/www.pogotowieflagowe.pl\/aktualne\/wp-json\/wp\/v2\/posts\/10708\/revisions"}],"predecessor-version":[{"id":10710,"href":"https:\/\/www.pogotowieflagowe.pl\/aktualne\/wp-json\/wp\/v2\/posts\/10708\/revisions\/10710"}],"wp:featuredmedia":[{"embeddable":true,"href":"https:\/\/www.pogotowieflagowe.pl\/aktualne\/wp-json\/wp\/v2\/media\/10709"}],"wp:attachment":[{"href":"https:\/\/www.pogotowieflagowe.pl\/aktualne\/wp-json\/wp\/v2\/media?parent=10708"}],"wp:term":[{"taxonomy":"category","embeddable":true,"href":"https:\/\/www.pogotowieflagowe.pl\/aktualne\/wp-json\/wp\/v2\/categories?post=10708"},{"taxonomy":"post_tag","embeddable":true,"href":"https:\/\/www.pogotowieflagowe.pl\/aktualne\/wp-json\/wp\/v2\/tags?post=10708"}],"curies":[{"name":"wp","href":"https:\/\/api.w.org\/{rel}","templated":true}]}}