{"id":10728,"date":"2025-11-18T16:00:07","date_gmt":"2025-11-18T15:00:07","guid":{"rendered":"https:\/\/www.pogotowieflagowe.pl\/aktualne\/swiadomy-akt-terroryzmu-majacy-na-celu-wywolanie-ogromnej-katastrofy-kolejowej\/"},"modified":"2025-11-18T16:00:09","modified_gmt":"2025-11-18T15:00:09","slug":"swiadomy-akt-terroryzmu-majacy-na-celu-wywolanie-ogromnej-katastrofy-kolejowej","status":"publish","type":"post","link":"https:\/\/www.pogotowieflagowe.pl\/aktualne\/swiadomy-akt-terroryzmu-majacy-na-celu-wywolanie-ogromnej-katastrofy-kolejowej\/","title":{"rendered":"\u201e\u015awiadomy akt terroryzmu maj\u0105cy na celu wywo\u0142anie ogromnej katastrofy kolejowej\u201d"},"content":{"rendered":"\n<div class=\"td_block_wrap tdb_single_content tdi_41 td-pb-border-top td_block_template_8 td-post-content tagdiv-type\" data-td-block-uid=\"tdi_41\">\n<style>.tdi_41{margines-top:0px!important;margin-bottom:0px!important;dope\u0142nienie-g\u00f3ra:0px!important;dope\u0142nienie-d\u00f3\u0142:0px!important}<\/style>\n<style>.tdb_single_content{margin-bottom:0;*zoom:1}.tdb_single_content:before,.tdb_single_content:after{display:table;content:'';line-height:0}.tdb_single_content:after{clear:both}.tdb_single_content .tdb-block-inner>*:not(.wp-block-quote):not(.alignwide):not(.alignfull.wp-block-cover.has-parallax):not(.td-a-ad){margin-left:auto;margin-right:auto}.tdb_single_content a{pointer-events:auto}.tdb_single_content .td-spot-id-top_ad .tdc-placeholder-title:before{content:'Najlepsza reklama artyku\u0142u'!important}.tdb_single_content .td-spot-id-inline_ad0 .tdc-placeholder-title:before{content:'Reklama wbudowana artyku\u0142u 1'!important}.tdb_single_content .td-spot-id-inline_ad1 .tdc-placeholder-title:before{content:'Wbudowana reklama w artykule 2'!important}.tdb_single_content .td-spot-id-inline_ad2 .tdc-placeholder-title:before{content:'Wbudowana reklama w artykule 3'!important}.tdb_single_content .td-spot-id-bottom_ad .tdc-placeholder-title:before{content:'Article Bottom Ad'!important}.tdb_single_content .id_top_ad,.tdb_single_content .id_bottom_ad{clear:both;margin-bottom:21px;text-align:center}.tdb_single_content .id_top_ad img,.tdb_single_content .id_bottom_ad img{margin-bottom:0}.tdb_single_content .id_top_ad .adsbygoogle,.tdb_single_content .id_bottom_ad .adsbygoogle{position:relative}.tdb_single_content .id_ad_content-horiz-left,.tdb_single_content .id_ad_content-horiz-right,.tdb_single_content .id_ad_content-horiz-center{margin-bottom:15px}.tdb_single_content .id_ad_content-horiz-left img,.tdb_single_content .id_ad_content-horiz-right img,.tdb_single_content .id_ad_content-horiz-center img{margin-bottom:0}.tdb_single_content .id_ad_content-horiz-center{text-align:center}.tdb_single_content .id_ad_content-horiz-center img{margin-right:auto;margin-left:auto}.tdb_single_content .id_ad_content-horiz-left{float:left;margin-top:9px;margin-right:21px}.tdb_single_content .id_ad_content-horiz-right{float:right;margin-top:6px;margin-left:21px}.tdb_single_content .tdc-a-ad .tdc-placeholder-title{width:300px;height:250px}.tdb_single_content .tdc-a-ad .tdc-placeholder-title:before{position:absolute;top:50%;-webkit-transform:translateY(-50%);transform:translateY(-50%);margin:auto;display:table;width:100%}.tdb_single_content .tdb-block-inner.td-fix-index{word-break:break-word}.tdi_41,.tdi_41>p,.tdi_41 .tdb-block-inner>p,.wp-block-column>p{font-size:16px!important;line-height:1.6!important}.tdi_41 .tdb-block-inner blockquote p{font-style:normal!important}@media (max-width:767px){.tdb_single_content .id_ad_content-horiz-left,.tdb_single_content .id_ad_content-horiz-right,.tdb_single_content .id_ad_content-horiz-center{margin:0 auto 26 pikseli auto}}@media (max-width:767px){.tdb_single_content .id_ad_content-horiz-left{margin-right:0}}@media (max-width:767px){.tdb_single_content .id_ad_content-horiz-right{margin-left:0}}@media (max-width:767px){.tdb_single_content .td-a-ad{float:none;text-align:center}.tdb_single_content .td-a-ad img{margin-right:auto;margin-left:auto}.tdb_single_content .tdc-a-ad{float:none}}<\/style>\n<div class=\"tdb-block-inner td-fix-index\">\n<p>&#8222;Nie ma w\u0105tpliwo\u015bci, \u017ce mamy do czynienia z dzia\u0142aniami osoby lub os\u00f3b z przeszkoleniem pirotechnicznym, posiadaj\u0105cych wiedz\u0119 w zakresie przygotowania urz\u0105dze\u0144 wybuchowych oraz rozumiej\u0105cych, gdzie i jak je zainstalowa\u0107 i uruchomi\u0107. Uwa\u017cam, \u017ce by\u0142 to akt terroryzmu. Celem tego czynu by\u0142o spowodowanie katastrofy na du\u017c\u0105 skal\u0119 w transporcie kolejowym&#8221; &#8211; m\u00f3wi w rozmowie z portalem p\u0142k Mariusz Koz\u0142owski, emerytowany funkcjonariusz SKW <em>Niezale\u017cna.pl<\/em>.<\/p>\n<p>W niedzielny poranek na linii kolejowej Warszawa-D\u0119blin dosz\u0142o do niebezpiecznego zdarzenia. Maszyni\u015bcie uda\u0142o si\u0119 zahamowa\u0107 tu\u017c przed du\u017c\u0105 luk\u0105 w torach. Dzie\u0144 wcze\u015bniej, oko\u0142o godziny 21, policja otrzyma\u0142a informacj\u0119 o wybuchu w okolicy, a na torach \u2013 jak podaje stacja \u2013 znaleziono d\u0142ugi kabel elektryczny, biegn\u0105cy w stron\u0119 pobliskiego parkingu.<\/p>\n<p>Wczoraj ujawniono kolejny niebezpieczny incydent na linii kolejowej nr 7. Pomi\u0119dzy stacjami Pu\u0142awy Azoty i Pu\u0142awy-Chemia poci\u0105g jad\u0105cy ze \u015awinouj\u015bcia do Rzeszowa wioz\u0105cy 475 os\u00f3b zosta\u0142 zmuszony do awaryjnego zatrzymania. Powodem zatrzymania by\u0142a utrata przyczepno\u015bci na jednym odcinku linii. Na miejscu odkryto tak\u017ce metalowy element przymocowany do tor\u00f3w oraz urz\u0105dzenie telekomunikacyjne, kt\u00f3re nie stanowi\u0142o cz\u0119\u015bci infrastruktury kolejowej.<\/p>\n<p>Jak podaje TV Republika, kilka kilometr\u00f3w od miejsca zatrzymania awaryjnego poci\u0105gu \u015awinouj\u015bcie-Rzesz\u00f3w w rowie znaleziono porzucony d\u0142ugi odcinek linii napowietrznej oraz inny element przyczepiony do tor\u00f3w, kt\u00f3ry m\u00f3g\u0142 spowodowa\u0107 wykolejenie.<\/p>\n<h2 class=\"wp-block-heading\">\u201eTo by\u0142 akt terroryzmu\u201d.<\/h2>\n<p><em>Niezale\u017cna.pl<\/em> poprosi\u0142 p\u0142k Mariusza Koz\u0142owskiego, emerytowanego funkcjonariusza SKW i eksperta ds. bezpiecze\u0144stwa, o komentarz w sprawie niebezpiecznych wydarze\u0144 na kolei.<\/p>\n<p>\u201eWszystkie informacje, jakie do nas docieraj\u0105, krok po kroku, wskazuj\u0105 na celowe dzia\u0142anie osoby lub os\u00f3b z przeszkoleniem pirotechnicznym, posiadaj\u0105cych wiedz\u0119 w zakresie przygotowania \u0142adunk\u00f3w wybuchowych oraz wiedz\u0105cych, gdzie i jak je zainstalowa\u0107 i uruchomi\u0107\u201d \u2013 zauwa\u017ca ekspert.<\/p>\n<p>\u201eUwa\u017cam, \u017ce by\u0142 to akt terroryzmu, kt\u00f3rego celem by\u0142o spowodowanie katastrofy na du\u017c\u0105 skal\u0119 w transporcie kolejowym\u201d \u2013 dodaje.<\/p>\n<figure class=\"wp-block-pullquote\">\n<blockquote>\n<p>&#8222;Poza tym, co wida\u0107 na torach, mamy do czynienia z katastrofaln\u0105 komunikacj\u0105 ze strony rz\u0105du i s\u0142u\u017cb specjalnych \u2013 premiera, rzecznika rz\u0105du i koordynatora s\u0142u\u017cb specjalnych. Ich reakcja by\u0142a op\u00f3\u017aniona i nast\u0105pi\u0142a jedynie pod naciskiem ze strony <em>telewizja<\/em> <em>Republika<\/em>kt\u00f3ra jako pierwsza stacja poinformowa\u0142a opini\u0119 publiczn\u0105 i zrelacjonowa\u0142a, co w niedziel\u0119 wydarzy\u0142o si\u0119 pod D\u0119blinem.\u201d <\/p>\n<p><cite>\u2013 przekonuje rozm\u00f3wca.<\/cite><\/p><\/blockquote>\n<\/figure>\n<p>&#8222;Gdyby nie TV Republika, nadal mogliby\u015bmy nie wiedzie\u0107, co si\u0119 sta\u0142o. Dopiero po raporcie TV Republika inne media zacz\u0119\u0142y t\u0119 informacj\u0119 powtarza\u0107&#8221; &#8211; dodaje p\u0142k Koz\u0142owski.<\/p>\n<p>\u201eNie wykluczam, \u017ce gdyby nie TV Republika, ca\u0142a sprawa mog\u0142aby zosta\u0107 zamieciona przez rz\u0105d pod dywan\u201d \u2013 kontynuuje.<\/p>\n<figure class=\"wp-block-pullquote\">\n<blockquote>\n<p>&#8222;Wi\u0119cej informacji o wydarzeniach ostatnich godzin znajdziemy na portalach kolejowych ni\u017c na stronach rz\u0105dowych. To niewiarygodne. Potwierdza to tragiczn\u0105 komunikacj\u0119 w\u0142adz. A fakt, \u017ce rz\u0105dz\u0105cy pojawili si\u0119 na miejscu zdarzenia dopiero dzisiaj pokazuje, \u017ce pa\u0144stwo nie funkcjonuje w weekendy&#8221;<\/p>\n<p><cite>  \u2013 m\u00f3wi rozm\u00f3wca.<\/cite><\/p><\/blockquote>\n<\/figure>\n<figure class=\"wp-block-pullquote\">\n<blockquote>\n<p>&#8222;Wszystko, co dzieje si\u0119 w Polsce &#8211; katastrofalna komunikacja, w zasadzie embargo informacyjne &#8211; jest efektem upolitycznienia s\u0142u\u017cb. Wynika to z tego, \u017ce s\u0142u\u017cby dzia\u0142aj\u0105 w oparciu o rozkazy polityczne, nie skupiaj\u0105c si\u0119 na sprawach istotnych z punktu widzenia bezpiecze\u0144stwa narodowego, ale raczej na walce z opozycj\u0105 i walk\u0105 z samym prezydentem&#8221;<\/p>\n<p><cite>  \u2013 m\u00f3wi bez wahania p\u0142k Koz\u0142owski.<\/cite><\/p><\/blockquote>\n<\/figure>\n<p>&#8222;Bojkot spotkania z prezydentem to co\u015b niewiarygodnego. To upadek kontrwywiadu. Jego zasoby zosta\u0142y skierowane nie na prac\u0119 kontrwywiadu, ale na operacje polityczne. Odmowa spotkania z prezydentem jest aktem zdrady kontrwywiadu wobec prezydenta&#8221; &#8211; dodaje.<\/p>\n<p>&#8222;W polskim kontrwywiadzie jest wielu uczciwych funkcjonariuszy, kt\u00f3rzy nie zgadzaj\u0105 si\u0119 z tym, co dzieje si\u0119 ze s\u0142u\u017cb\u0105. Kierownictwo ABW i SKW zdradzi\u0142o prezydenta. To trzeba jasno powiedzie\u0107&#8221; &#8211; podsumowuje.<\/p>\n<\/div>\n<\/div>\n","protected":false},"excerpt":{"rendered":"<p>&#8222;Nie ma w\u0105tpliwo\u015bci, \u017ce mamy do czynienia z dzia\u0142aniami osoby lub os\u00f3b z przeszkoleniem pirotechnicznym, posiadaj\u0105cych wiedz\u0119 w zakresie przygotowania<\/p>\n","protected":false},"author":1,"featured_media":10729,"comment_status":"open","ping_status":"open","sticky":false,"template":"","format":"standard","meta":{"footnotes":""},"categories":[4748],"tags":[3459,1006,6005,12197,12194,12196,12192,12193,12195],"class_list":["post-10728","post","type-post","status-publish","format-standard","has-post-thumbnail","hentry","category-aktualne","tag-akt","tag-celu","tag-katastrofy","tag-kolejowej","tag-majacy","tag-ogromnej","tag-swiadomy","tag-terroryzmu","tag-wywolanie","generate-columns","tablet-grid-50","mobile-grid-100","grid-parent","grid-50","resize-featured-image"],"yoast_head":"<!-- This site is optimized with the Yoast SEO plugin v23.2 - https:\/\/yoast.com\/wordpress\/plugins\/seo\/ -->\n<title>\u201e\u015awiadomy akt terroryzmu maj\u0105cy na celu wywo\u0142anie ogromnej katastrofy kolejowej\u201d - POGOTOWIE FLAGOWE\u00ae<\/title>\n<meta name=\"robots\" content=\"index, follow, max-snippet:-1, max-image-preview:large, max-video-preview:-1\" \/>\n<link rel=\"canonical\" href=\"https:\/\/www.pogotowieflagowe.pl\/aktualne\/swiadomy-akt-terroryzmu-majacy-na-celu-wywolanie-ogromnej-katastrofy-kolejowej\/\" \/>\n<meta property=\"og:locale\" content=\"pl_PL\" \/>\n<meta property=\"og:type\" content=\"article\" \/>\n<meta property=\"og:title\" content=\"\u201e\u015awiadomy akt terroryzmu maj\u0105cy na celu wywo\u0142anie ogromnej katastrofy kolejowej\u201d - POGOTOWIE FLAGOWE\u00ae\" \/>\n<meta property=\"og:description\" content=\"&#8222;Nie ma w\u0105tpliwo\u015bci, \u017ce mamy do czynienia z dzia\u0142aniami osoby lub os\u00f3b z przeszkoleniem pirotechnicznym, posiadaj\u0105cych wiedz\u0119 w zakresie przygotowania\" \/>\n<meta property=\"og:url\" content=\"https:\/\/www.pogotowieflagowe.pl\/aktualne\/swiadomy-akt-terroryzmu-majacy-na-celu-wywolanie-ogromnej-katastrofy-kolejowej\/\" \/>\n<meta property=\"og:site_name\" content=\"POGOTOWIE FLAGOWE\u00ae\" \/>\n<meta property=\"article:published_time\" content=\"2025-11-18T15:00:07+00:00\" \/>\n<meta property=\"article:modified_time\" content=\"2025-11-18T15:00:09+00:00\" \/>\n<meta property=\"og:image\" content=\"https:\/\/www.pogotowieflagowe.pl\/aktualne\/wp-content\/uploads\/2025\/11\/\u201eSwiadomy-akt-terroryzmu-majacy-na-celu-wywolanie-ogromnej-katastrofy-kolejowej.webp.webp\" \/>\n\t<meta property=\"og:image:width\" content=\"1280\" \/>\n\t<meta property=\"og:image:height\" content=\"720\" \/>\n\t<meta property=\"og:image:type\" content=\"image\/webp\" \/>\n<meta name=\"author\" content=\"Filip\" \/>\n<meta name=\"twitter:card\" content=\"summary_large_image\" \/>\n<meta name=\"twitter:label1\" content=\"Napisane przez\" \/>\n\t<meta name=\"twitter:data1\" content=\"Filip\" \/>\n\t<meta name=\"twitter:label2\" content=\"Szacowany czas czytania\" \/>\n\t<meta name=\"twitter:data2\" content=\"3 minuty\" \/>\n<script type=\"application\/ld+json\" class=\"yoast-schema-graph\">{\"@context\":\"https:\/\/schema.org\",\"@graph\":[{\"@type\":\"Article\",\"@id\":\"https:\/\/www.pogotowieflagowe.pl\/aktualne\/swiadomy-akt-terroryzmu-majacy-na-celu-wywolanie-ogromnej-katastrofy-kolejowej\/#article\",\"isPartOf\":{\"@id\":\"https:\/\/www.pogotowieflagowe.pl\/aktualne\/swiadomy-akt-terroryzmu-majacy-na-celu-wywolanie-ogromnej-katastrofy-kolejowej\/\"},\"author\":{\"name\":\"Filip\",\"@id\":\"https:\/\/www.pogotowieflagowe.pl\/aktualne\/#\/schema\/person\/9c2fb7d2362ebf6fa088960d7f0d27b0\"},\"headline\":\"\u201e\u015awiadomy akt terroryzmu maj\u0105cy na celu wywo\u0142anie ogromnej katastrofy kolejowej\u201d\",\"datePublished\":\"2025-11-18T15:00:07+00:00\",\"dateModified\":\"2025-11-18T15:00:09+00:00\",\"mainEntityOfPage\":{\"@id\":\"https:\/\/www.pogotowieflagowe.pl\/aktualne\/swiadomy-akt-terroryzmu-majacy-na-celu-wywolanie-ogromnej-katastrofy-kolejowej\/\"},\"wordCount\":653,\"commentCount\":0,\"publisher\":{\"@id\":\"https:\/\/www.pogotowieflagowe.pl\/aktualne\/#organization\"},\"image\":{\"@id\":\"https:\/\/www.pogotowieflagowe.pl\/aktualne\/swiadomy-akt-terroryzmu-majacy-na-celu-wywolanie-ogromnej-katastrofy-kolejowej\/#primaryimage\"},\"thumbnailUrl\":\"https:\/\/www.pogotowieflagowe.pl\/aktualne\/wp-content\/uploads\/2025\/11\/\u201eSwiadomy-akt-terroryzmu-majacy-na-celu-wywolanie-ogromnej-katastrofy-kolejowej.webp.webp\",\"keywords\":[\"akt\",\"celu\",\"katastrofy\",\"kolejowej\",\"maj\u0105cy\",\"ogromnej\",\"\u015awiadomy\",\"terroryzmu\",\"wywo\u0142anie\"],\"articleSection\":[\"Aktualne\"],\"inLanguage\":\"pl-PL\",\"potentialAction\":[{\"@type\":\"CommentAction\",\"name\":\"Comment\",\"target\":[\"https:\/\/www.pogotowieflagowe.pl\/aktualne\/swiadomy-akt-terroryzmu-majacy-na-celu-wywolanie-ogromnej-katastrofy-kolejowej\/#respond\"]}]},{\"@type\":\"WebPage\",\"@id\":\"https:\/\/www.pogotowieflagowe.pl\/aktualne\/swiadomy-akt-terroryzmu-majacy-na-celu-wywolanie-ogromnej-katastrofy-kolejowej\/\",\"url\":\"https:\/\/www.pogotowieflagowe.pl\/aktualne\/swiadomy-akt-terroryzmu-majacy-na-celu-wywolanie-ogromnej-katastrofy-kolejowej\/\",\"name\":\"\u201e\u015awiadomy akt terroryzmu maj\u0105cy na celu wywo\u0142anie ogromnej katastrofy kolejowej\u201d - POGOTOWIE FLAGOWE\u00ae\",\"isPartOf\":{\"@id\":\"https:\/\/www.pogotowieflagowe.pl\/aktualne\/#website\"},\"primaryImageOfPage\":{\"@id\":\"https:\/\/www.pogotowieflagowe.pl\/aktualne\/swiadomy-akt-terroryzmu-majacy-na-celu-wywolanie-ogromnej-katastrofy-kolejowej\/#primaryimage\"},\"image\":{\"@id\":\"https:\/\/www.pogotowieflagowe.pl\/aktualne\/swiadomy-akt-terroryzmu-majacy-na-celu-wywolanie-ogromnej-katastrofy-kolejowej\/#primaryimage\"},\"thumbnailUrl\":\"https:\/\/www.pogotowieflagowe.pl\/aktualne\/wp-content\/uploads\/2025\/11\/\u201eSwiadomy-akt-terroryzmu-majacy-na-celu-wywolanie-ogromnej-katastrofy-kolejowej.webp.webp\",\"datePublished\":\"2025-11-18T15:00:07+00:00\",\"dateModified\":\"2025-11-18T15:00:09+00:00\",\"breadcrumb\":{\"@id\":\"https:\/\/www.pogotowieflagowe.pl\/aktualne\/swiadomy-akt-terroryzmu-majacy-na-celu-wywolanie-ogromnej-katastrofy-kolejowej\/#breadcrumb\"},\"inLanguage\":\"pl-PL\",\"potentialAction\":[{\"@type\":\"ReadAction\",\"target\":[\"https:\/\/www.pogotowieflagowe.pl\/aktualne\/swiadomy-akt-terroryzmu-majacy-na-celu-wywolanie-ogromnej-katastrofy-kolejowej\/\"]}]},{\"@type\":\"ImageObject\",\"inLanguage\":\"pl-PL\",\"@id\":\"https:\/\/www.pogotowieflagowe.pl\/aktualne\/swiadomy-akt-terroryzmu-majacy-na-celu-wywolanie-ogromnej-katastrofy-kolejowej\/#primaryimage\",\"url\":\"https:\/\/www.pogotowieflagowe.pl\/aktualne\/wp-content\/uploads\/2025\/11\/\u201eSwiadomy-akt-terroryzmu-majacy-na-celu-wywolanie-ogromnej-katastrofy-kolejowej.webp.webp\",\"contentUrl\":\"https:\/\/www.pogotowieflagowe.pl\/aktualne\/wp-content\/uploads\/2025\/11\/\u201eSwiadomy-akt-terroryzmu-majacy-na-celu-wywolanie-ogromnej-katastrofy-kolejowej.webp.webp\",\"width\":1280,\"height\":720,\"caption\":\"\u201e\u015awiadomy akt terroryzmu maj\u0105cy na celu wywo\u0142anie ogromnej katastrofy kolejowej\u201d\"},{\"@type\":\"BreadcrumbList\",\"@id\":\"https:\/\/www.pogotowieflagowe.pl\/aktualne\/swiadomy-akt-terroryzmu-majacy-na-celu-wywolanie-ogromnej-katastrofy-kolejowej\/#breadcrumb\",\"itemListElement\":[{\"@type\":\"ListItem\",\"position\":1,\"name\":\"Home\",\"item\":\"https:\/\/www.pogotowieflagowe.pl\/aktualne\/\"},{\"@type\":\"ListItem\",\"position\":2,\"name\":\"\u201e\u015awiadomy akt terroryzmu maj\u0105cy na celu wywo\u0142anie ogromnej katastrofy kolejowej\u201d\"}]},{\"@type\":\"WebSite\",\"@id\":\"https:\/\/www.pogotowieflagowe.pl\/aktualne\/#website\",\"url\":\"https:\/\/www.pogotowieflagowe.pl\/aktualne\/\",\"name\":\"POGOTOWIE FLAGOWE\u00ae\",\"description\":\"\",\"publisher\":{\"@id\":\"https:\/\/www.pogotowieflagowe.pl\/aktualne\/#organization\"},\"potentialAction\":[{\"@type\":\"SearchAction\",\"target\":{\"@type\":\"EntryPoint\",\"urlTemplate\":\"https:\/\/www.pogotowieflagowe.pl\/aktualne\/?s={search_term_string}\"},\"query-input\":\"required name=search_term_string\"}],\"inLanguage\":\"pl-PL\"},{\"@type\":\"Organization\",\"@id\":\"https:\/\/www.pogotowieflagowe.pl\/aktualne\/#organization\",\"name\":\"POGOTOWIE FLAGOWE\u00ae\",\"url\":\"https:\/\/www.pogotowieflagowe.pl\/aktualne\/\",\"logo\":{\"@type\":\"ImageObject\",\"inLanguage\":\"pl-PL\",\"@id\":\"https:\/\/www.pogotowieflagowe.pl\/aktualne\/#\/schema\/logo\/image\/\",\"url\":\"https:\/\/www.pogotowieflagowe.pl\/aktualne\/wp-content\/uploads\/2024\/08\/cropped-pogotowieflagowe_flaga_projekt_sm.jpg\",\"contentUrl\":\"https:\/\/www.pogotowieflagowe.pl\/aktualne\/wp-content\/uploads\/2024\/08\/cropped-pogotowieflagowe_flaga_projekt_sm.jpg\",\"width\":250,\"height\":143,\"caption\":\"POGOTOWIE FLAGOWE\u00ae\"},\"image\":{\"@id\":\"https:\/\/www.pogotowieflagowe.pl\/aktualne\/#\/schema\/logo\/image\/\"}},{\"@type\":\"Person\",\"@id\":\"https:\/\/www.pogotowieflagowe.pl\/aktualne\/#\/schema\/person\/9c2fb7d2362ebf6fa088960d7f0d27b0\",\"name\":\"Filip\",\"image\":{\"@type\":\"ImageObject\",\"inLanguage\":\"pl-PL\",\"@id\":\"https:\/\/www.pogotowieflagowe.pl\/aktualne\/#\/schema\/person\/image\/\",\"url\":\"https:\/\/www.pogotowieflagowe.pl\/aktualne\/wp-content\/uploads\/2024\/08\/pogotowieflagowe.pl_.jpg\",\"contentUrl\":\"https:\/\/www.pogotowieflagowe.pl\/aktualne\/wp-content\/uploads\/2024\/08\/pogotowieflagowe.pl_.jpg\",\"caption\":\"Filip\"},\"description\":\"Jestem Filip, polski dziennikarz z dyplomem nauk politycznych Uniwersytetu Warszawskiego. Rozpoczynaj\u0105c swoj\u0105 karier\u0119 w r\u00f3\u017cnych lokalnych mediach, zdoby\u0142em solidne do\u015bwiadczenie w zakresie \u015bledztwa i redakcji. Obecnie jako redaktor w Pogotowie flagowe, staram si\u0119 dostarcza\u0107 dog\u0142\u0119bne i istotne analizy na temat najwa\u017cniejszych kwestii aktualno\u015bci, \u0142\u0105cz\u0105c rygor z pasj\u0105 dziennikarsk\u0105.\",\"sameAs\":[\"https:\/\/www.pogotowieflagowe.pl\/\"]}]}<\/script>\n<!-- \/ Yoast SEO plugin. -->","yoast_head_json":{"title":"\u201e\u015awiadomy akt terroryzmu maj\u0105cy na celu wywo\u0142anie ogromnej katastrofy kolejowej\u201d - POGOTOWIE FLAGOWE\u00ae","robots":{"index":"index","follow":"follow","max-snippet":"max-snippet:-1","max-image-preview":"max-image-preview:large","max-video-preview":"max-video-preview:-1"},"canonical":"https:\/\/www.pogotowieflagowe.pl\/aktualne\/swiadomy-akt-terroryzmu-majacy-na-celu-wywolanie-ogromnej-katastrofy-kolejowej\/","og_locale":"pl_PL","og_type":"article","og_title":"\u201e\u015awiadomy akt terroryzmu maj\u0105cy na celu wywo\u0142anie ogromnej katastrofy kolejowej\u201d - POGOTOWIE FLAGOWE\u00ae","og_description":"&#8222;Nie ma w\u0105tpliwo\u015bci, \u017ce mamy do czynienia z dzia\u0142aniami osoby lub os\u00f3b z przeszkoleniem pirotechnicznym, posiadaj\u0105cych wiedz\u0119 w zakresie przygotowania","og_url":"https:\/\/www.pogotowieflagowe.pl\/aktualne\/swiadomy-akt-terroryzmu-majacy-na-celu-wywolanie-ogromnej-katastrofy-kolejowej\/","og_site_name":"POGOTOWIE FLAGOWE\u00ae","article_published_time":"2025-11-18T15:00:07+00:00","article_modified_time":"2025-11-18T15:00:09+00:00","og_image":[{"width":1280,"height":720,"url":"https:\/\/www.pogotowieflagowe.pl\/aktualne\/wp-content\/uploads\/2025\/11\/\u201eSwiadomy-akt-terroryzmu-majacy-na-celu-wywolanie-ogromnej-katastrofy-kolejowej.webp.webp","type":"image\/webp"}],"author":"Filip","twitter_card":"summary_large_image","twitter_misc":{"Napisane przez":"Filip","Szacowany czas czytania":"3 minuty"},"schema":{"@context":"https:\/\/schema.org","@graph":[{"@type":"Article","@id":"https:\/\/www.pogotowieflagowe.pl\/aktualne\/swiadomy-akt-terroryzmu-majacy-na-celu-wywolanie-ogromnej-katastrofy-kolejowej\/#article","isPartOf":{"@id":"https:\/\/www.pogotowieflagowe.pl\/aktualne\/swiadomy-akt-terroryzmu-majacy-na-celu-wywolanie-ogromnej-katastrofy-kolejowej\/"},"author":{"name":"Filip","@id":"https:\/\/www.pogotowieflagowe.pl\/aktualne\/#\/schema\/person\/9c2fb7d2362ebf6fa088960d7f0d27b0"},"headline":"\u201e\u015awiadomy akt terroryzmu maj\u0105cy na celu wywo\u0142anie ogromnej katastrofy kolejowej\u201d","datePublished":"2025-11-18T15:00:07+00:00","dateModified":"2025-11-18T15:00:09+00:00","mainEntityOfPage":{"@id":"https:\/\/www.pogotowieflagowe.pl\/aktualne\/swiadomy-akt-terroryzmu-majacy-na-celu-wywolanie-ogromnej-katastrofy-kolejowej\/"},"wordCount":653,"commentCount":0,"publisher":{"@id":"https:\/\/www.pogotowieflagowe.pl\/aktualne\/#organization"},"image":{"@id":"https:\/\/www.pogotowieflagowe.pl\/aktualne\/swiadomy-akt-terroryzmu-majacy-na-celu-wywolanie-ogromnej-katastrofy-kolejowej\/#primaryimage"},"thumbnailUrl":"https:\/\/www.pogotowieflagowe.pl\/aktualne\/wp-content\/uploads\/2025\/11\/\u201eSwiadomy-akt-terroryzmu-majacy-na-celu-wywolanie-ogromnej-katastrofy-kolejowej.webp.webp","keywords":["akt","celu","katastrofy","kolejowej","maj\u0105cy","ogromnej","\u015awiadomy","terroryzmu","wywo\u0142anie"],"articleSection":["Aktualne"],"inLanguage":"pl-PL","potentialAction":[{"@type":"CommentAction","name":"Comment","target":["https:\/\/www.pogotowieflagowe.pl\/aktualne\/swiadomy-akt-terroryzmu-majacy-na-celu-wywolanie-ogromnej-katastrofy-kolejowej\/#respond"]}]},{"@type":"WebPage","@id":"https:\/\/www.pogotowieflagowe.pl\/aktualne\/swiadomy-akt-terroryzmu-majacy-na-celu-wywolanie-ogromnej-katastrofy-kolejowej\/","url":"https:\/\/www.pogotowieflagowe.pl\/aktualne\/swiadomy-akt-terroryzmu-majacy-na-celu-wywolanie-ogromnej-katastrofy-kolejowej\/","name":"\u201e\u015awiadomy akt terroryzmu maj\u0105cy na celu wywo\u0142anie ogromnej katastrofy kolejowej\u201d - POGOTOWIE FLAGOWE\u00ae","isPartOf":{"@id":"https:\/\/www.pogotowieflagowe.pl\/aktualne\/#website"},"primaryImageOfPage":{"@id":"https:\/\/www.pogotowieflagowe.pl\/aktualne\/swiadomy-akt-terroryzmu-majacy-na-celu-wywolanie-ogromnej-katastrofy-kolejowej\/#primaryimage"},"image":{"@id":"https:\/\/www.pogotowieflagowe.pl\/aktualne\/swiadomy-akt-terroryzmu-majacy-na-celu-wywolanie-ogromnej-katastrofy-kolejowej\/#primaryimage"},"thumbnailUrl":"https:\/\/www.pogotowieflagowe.pl\/aktualne\/wp-content\/uploads\/2025\/11\/\u201eSwiadomy-akt-terroryzmu-majacy-na-celu-wywolanie-ogromnej-katastrofy-kolejowej.webp.webp","datePublished":"2025-11-18T15:00:07+00:00","dateModified":"2025-11-18T15:00:09+00:00","breadcrumb":{"@id":"https:\/\/www.pogotowieflagowe.pl\/aktualne\/swiadomy-akt-terroryzmu-majacy-na-celu-wywolanie-ogromnej-katastrofy-kolejowej\/#breadcrumb"},"inLanguage":"pl-PL","potentialAction":[{"@type":"ReadAction","target":["https:\/\/www.pogotowieflagowe.pl\/aktualne\/swiadomy-akt-terroryzmu-majacy-na-celu-wywolanie-ogromnej-katastrofy-kolejowej\/"]}]},{"@type":"ImageObject","inLanguage":"pl-PL","@id":"https:\/\/www.pogotowieflagowe.pl\/aktualne\/swiadomy-akt-terroryzmu-majacy-na-celu-wywolanie-ogromnej-katastrofy-kolejowej\/#primaryimage","url":"https:\/\/www.pogotowieflagowe.pl\/aktualne\/wp-content\/uploads\/2025\/11\/\u201eSwiadomy-akt-terroryzmu-majacy-na-celu-wywolanie-ogromnej-katastrofy-kolejowej.webp.webp","contentUrl":"https:\/\/www.pogotowieflagowe.pl\/aktualne\/wp-content\/uploads\/2025\/11\/\u201eSwiadomy-akt-terroryzmu-majacy-na-celu-wywolanie-ogromnej-katastrofy-kolejowej.webp.webp","width":1280,"height":720,"caption":"\u201e\u015awiadomy akt terroryzmu maj\u0105cy na celu wywo\u0142anie ogromnej katastrofy kolejowej\u201d"},{"@type":"BreadcrumbList","@id":"https:\/\/www.pogotowieflagowe.pl\/aktualne\/swiadomy-akt-terroryzmu-majacy-na-celu-wywolanie-ogromnej-katastrofy-kolejowej\/#breadcrumb","itemListElement":[{"@type":"ListItem","position":1,"name":"Home","item":"https:\/\/www.pogotowieflagowe.pl\/aktualne\/"},{"@type":"ListItem","position":2,"name":"\u201e\u015awiadomy akt terroryzmu maj\u0105cy na celu wywo\u0142anie ogromnej katastrofy kolejowej\u201d"}]},{"@type":"WebSite","@id":"https:\/\/www.pogotowieflagowe.pl\/aktualne\/#website","url":"https:\/\/www.pogotowieflagowe.pl\/aktualne\/","name":"POGOTOWIE FLAGOWE\u00ae","description":"","publisher":{"@id":"https:\/\/www.pogotowieflagowe.pl\/aktualne\/#organization"},"potentialAction":[{"@type":"SearchAction","target":{"@type":"EntryPoint","urlTemplate":"https:\/\/www.pogotowieflagowe.pl\/aktualne\/?s={search_term_string}"},"query-input":"required name=search_term_string"}],"inLanguage":"pl-PL"},{"@type":"Organization","@id":"https:\/\/www.pogotowieflagowe.pl\/aktualne\/#organization","name":"POGOTOWIE FLAGOWE\u00ae","url":"https:\/\/www.pogotowieflagowe.pl\/aktualne\/","logo":{"@type":"ImageObject","inLanguage":"pl-PL","@id":"https:\/\/www.pogotowieflagowe.pl\/aktualne\/#\/schema\/logo\/image\/","url":"https:\/\/www.pogotowieflagowe.pl\/aktualne\/wp-content\/uploads\/2024\/08\/cropped-pogotowieflagowe_flaga_projekt_sm.jpg","contentUrl":"https:\/\/www.pogotowieflagowe.pl\/aktualne\/wp-content\/uploads\/2024\/08\/cropped-pogotowieflagowe_flaga_projekt_sm.jpg","width":250,"height":143,"caption":"POGOTOWIE FLAGOWE\u00ae"},"image":{"@id":"https:\/\/www.pogotowieflagowe.pl\/aktualne\/#\/schema\/logo\/image\/"}},{"@type":"Person","@id":"https:\/\/www.pogotowieflagowe.pl\/aktualne\/#\/schema\/person\/9c2fb7d2362ebf6fa088960d7f0d27b0","name":"Filip","image":{"@type":"ImageObject","inLanguage":"pl-PL","@id":"https:\/\/www.pogotowieflagowe.pl\/aktualne\/#\/schema\/person\/image\/","url":"https:\/\/www.pogotowieflagowe.pl\/aktualne\/wp-content\/uploads\/2024\/08\/pogotowieflagowe.pl_.jpg","contentUrl":"https:\/\/www.pogotowieflagowe.pl\/aktualne\/wp-content\/uploads\/2024\/08\/pogotowieflagowe.pl_.jpg","caption":"Filip"},"description":"Jestem Filip, polski dziennikarz z dyplomem nauk politycznych Uniwersytetu Warszawskiego. Rozpoczynaj\u0105c swoj\u0105 karier\u0119 w r\u00f3\u017cnych lokalnych mediach, zdoby\u0142em solidne do\u015bwiadczenie w zakresie \u015bledztwa i redakcji. Obecnie jako redaktor w Pogotowie flagowe, staram si\u0119 dostarcza\u0107 dog\u0142\u0119bne i istotne analizy na temat najwa\u017cniejszych kwestii aktualno\u015bci, \u0142\u0105cz\u0105c rygor z pasj\u0105 dziennikarsk\u0105.","sameAs":["https:\/\/www.pogotowieflagowe.pl\/"]}]}},"_links":{"self":[{"href":"https:\/\/www.pogotowieflagowe.pl\/aktualne\/wp-json\/wp\/v2\/posts\/10728","targetHints":{"allow":["GET"]}}],"collection":[{"href":"https:\/\/www.pogotowieflagowe.pl\/aktualne\/wp-json\/wp\/v2\/posts"}],"about":[{"href":"https:\/\/www.pogotowieflagowe.pl\/aktualne\/wp-json\/wp\/v2\/types\/post"}],"author":[{"embeddable":true,"href":"https:\/\/www.pogotowieflagowe.pl\/aktualne\/wp-json\/wp\/v2\/users\/1"}],"replies":[{"embeddable":true,"href":"https:\/\/www.pogotowieflagowe.pl\/aktualne\/wp-json\/wp\/v2\/comments?post=10728"}],"version-history":[{"count":1,"href":"https:\/\/www.pogotowieflagowe.pl\/aktualne\/wp-json\/wp\/v2\/posts\/10728\/revisions"}],"predecessor-version":[{"id":10730,"href":"https:\/\/www.pogotowieflagowe.pl\/aktualne\/wp-json\/wp\/v2\/posts\/10728\/revisions\/10730"}],"wp:featuredmedia":[{"embeddable":true,"href":"https:\/\/www.pogotowieflagowe.pl\/aktualne\/wp-json\/wp\/v2\/media\/10729"}],"wp:attachment":[{"href":"https:\/\/www.pogotowieflagowe.pl\/aktualne\/wp-json\/wp\/v2\/media?parent=10728"}],"wp:term":[{"taxonomy":"category","embeddable":true,"href":"https:\/\/www.pogotowieflagowe.pl\/aktualne\/wp-json\/wp\/v2\/categories?post=10728"},{"taxonomy":"post_tag","embeddable":true,"href":"https:\/\/www.pogotowieflagowe.pl\/aktualne\/wp-json\/wp\/v2\/tags?post=10728"}],"curies":[{"name":"wp","href":"https:\/\/api.w.org\/{rel}","templated":true}]}}