{"id":10741,"date":"2025-11-18T21:44:04","date_gmt":"2025-11-18T20:44:04","guid":{"rendered":"https:\/\/www.pogotowieflagowe.pl\/aktualne\/nielegalne-odpady-z-niemiec-mialy-trafic-do-polski-tak-jestesmy-zasypywani-smieciami\/"},"modified":"2025-11-18T21:44:05","modified_gmt":"2025-11-18T20:44:05","slug":"nielegalne-odpady-z-niemiec-mialy-trafic-do-polski-tak-jestesmy-zasypywani-smieciami","status":"publish","type":"post","link":"https:\/\/www.pogotowieflagowe.pl\/aktualne\/nielegalne-odpady-z-niemiec-mialy-trafic-do-polski-tak-jestesmy-zasypywani-smieciami\/","title":{"rendered":"Nielegalne odpady z Niemiec mia\u0142y trafi\u0107 do Polski. Tak jeste\u015bmy zasypywani \u015bmieciami"},"content":{"rendered":"\n<div class=\"td_block_wrap tdb_single_content tdi_41 td-pb-border-top td_block_template_8 td-post-content tagdiv-type\" data-td-block-uid=\"tdi_41\">\n<style>.tdi_41{margines-top:0px!important;margin-bottom:0px!important;dope\u0142nienie-g\u00f3ra:0px!important;dope\u0142nienie-d\u00f3\u0142:0px!important}<\/style>\n<style>.tdb_single_content{margin-bottom:0;*zoom:1}.tdb_single_content:before,.tdb_single_content:after{display:table;content:'';line-height:0}.tdb_single_content:after{clear:both}.tdb_single_content .tdb-block-inner>*:not(.wp-block-quote):not(.alignwide):not(.alignfull.wp-block-cover.has-parallax):not(.td-a-ad){margin-left:auto;margin-right:auto}.tdb_single_content a{pointer-events:auto}.tdb_single_content .td-spot-id-top_ad .tdc-placeholder-title:before{content:'Najlepsza reklama artyku\u0142u'!important}.tdb_single_content .td-spot-id-inline_ad0 .tdc-placeholder-title:before{content:'Reklama wbudowana artyku\u0142u 1'!important}.tdb_single_content .td-spot-id-inline_ad1 .tdc-placeholder-title:before{content:'Wbudowana reklama w artykule 2'!important}.tdb_single_content .td-spot-id-inline_ad2 .tdc-placeholder-title:before{content:'Wbudowana reklama w artykule 3'!important}.tdb_single_content .td-spot-id-bottom_ad .tdc-placeholder-title:before{content:'Article Bottom Ad'!important}.tdb_single_content .id_top_ad,.tdb_single_content .id_bottom_ad{clear:both;margin-bottom:21px;text-align:center}.tdb_single_content .id_top_ad img,.tdb_single_content .id_bottom_ad img{margin-bottom:0}.tdb_single_content .id_top_ad .adsbygoogle,.tdb_single_content .id_bottom_ad .adsbygoogle{position:relative}.tdb_single_content .id_ad_content-horiz-left,.tdb_single_content .id_ad_content-horiz-right,.tdb_single_content .id_ad_content-horiz-center{margin-bottom:15px}.tdb_single_content .id_ad_content-horiz-left img,.tdb_single_content .id_ad_content-horiz-right img,.tdb_single_content .id_ad_content-horiz-center img{margin-bottom:0}.tdb_single_content .id_ad_content-horiz-center{text-align:center}.tdb_single_content .id_ad_content-horiz-center img{margin-right:auto;margin-left:auto}.tdb_single_content .id_ad_content-horiz-left{float:left;margin-top:9px;margin-right:21px}.tdb_single_content .id_ad_content-horiz-right{float:right;margin-top:6px;margin-left:21px}.tdb_single_content .tdc-a-ad .tdc-placeholder-title{width:300px;height:250px}.tdb_single_content .tdc-a-ad .tdc-placeholder-title:before{position:absolute;top:50%;-webkit-transform:translateY(-50%);transform:translateY(-50%);margin:auto;display:table;width:100%}.tdb_single_content .tdb-block-inner.td-fix-index{word-break:break-word}.tdi_41,.tdi_41>p,.tdi_41 .tdb-block-inner>p,.wp-block-column>p{font-size:16px!important;line-height:1.6!important}.tdi_41 .tdb-block-inner blockquote p{font-style:normal!important}@media (max-width:767px){.tdb_single_content .id_ad_content-horiz-left,.tdb_single_content .id_ad_content-horiz-right,.tdb_single_content .id_ad_content-horiz-center{margin:0 auto 26 pikseli auto}}@media (max-width:767px){.tdb_single_content .id_ad_content-horiz-left{margin-right:0}}@media (max-width:767px){.tdb_single_content .id_ad_content-horiz-right{margin-left:0}}@media (max-width:767px){.tdb_single_content .td-a-ad{float:none;text-align:center}.tdb_single_content .td-a-ad img{margin-right:auto;margin-left:auto}.tdb_single_content .tdc-a-ad{float:none}}<\/style>\n<div class=\"tdb-block-inner td-fix-index\">\n<p>Celnicy zatrzymali na granicy kolejny transport nielegalnych odpad\u00f3w z Niemiec. Jej celem by\u0142a firma w Ostro\u0142\u0119ce. Okazuje si\u0119, \u017ce jest to A <em>regularna praktyka<\/em>.<\/p>\n<p>Plastikowe kapsle, plastikowe torby, folia aluminiowa i tekstylia zamiast czystej makulatury \u2013 to w\u0142a\u015bnie znaleziono w \u0142adunku zatrzymanym na dawnym przej\u015bciu granicznym w \u015awiecku. Ci\u0119\u017car\u00f3wka przyje\u017cd\u017caj\u0105ca z Niemiec oficjalnie wioz\u0142a papier i tektur\u0119 do wojew\u00f3dztwa mazowieckiego. Kontrola Krajowej Administracji Skarbowej wykaza\u0142a jednak oszustwo. Okaza\u0142o si\u0119, \u017ce s\u0105 to nielegalne odpady zza naszej zachodniej granicy.<\/p>\n<p>Szczeg\u00f3\u0142y sprawy odkry\u0142 lokalny portal eOstroleka.pl \u2014 bo to w\u0142a\u015bnie do Ostro\u0142\u0119ki jecha\u0142 transport.<\/p>\n<h2 class=\"wp-block-heading\">Polska zalana nielegalnymi odpadami z Niemiec<\/h2>\n<p>Funkcjonariusze postanowili przyjrze\u0107 si\u0119 bli\u017cej transportowi zarejestrowanemu w systemie. Deklaracja by\u0142a jasna: papier i tektura. Rzeczywisto\u015b\u0107 okaza\u0142a si\u0119 zupe\u0142nie inna. Kontrola naczepy nie pozostawi\u0142a \u017cadnych w\u0105tpliwo\u015bci. Zamiast sortowanych odpad\u00f3w papierowych inspektorzy znale\u017ali mieszank\u0119 r\u00f3\u017cnych rodzaj\u00f3w \u015bmieci.<\/p>\n<p>Co gorsza, kierowca nie mia\u0142 dokument\u00f3w wymaganych do przewozu takiego \u0142adunku. Na miejsce natychmiast wezwano Wojew\u00f3dzkiego Inspektora Ochrony \u015arodowiska, kt\u00f3ry jednoznacznie potwierdzi\u0142 nielegalny charakter przesy\u0142ki.<\/p>\n<p>Spraw\u0119 przej\u0105\u0142 G\u0142\u00f3wny Inspektorat Ochrony \u015arodowiska (GIO\u015a). Zamierzonym kierunkiem by\u0142a firma dzia\u0142aj\u0105ca w Ostro\u0142\u0119ce. I tu pojawia si\u0119 niepokoj\u0105cy schemat: w ci\u0105gu zaledwie jednego roku pr\u00f3bowano dostarczy\u0107 ponad <strong>141 ton<\/strong> nielegalnych odpad\u00f3w do tego jednego miejsca. Wszystkie transporty uznano za niezgodne z unijnym rozporz\u0105dzeniem w sprawie przemieszczania odpad\u00f3w.<\/p>\n<p>Zgodnie z przepisami europejskimi nielegalne odpady nale\u017cy zwr\u00f3ci\u0107 do kraju pochodzenia na koszt podmiotu odpowiedzialnego za przesy\u0142k\u0119. W tym przypadku wina le\u017cy po stronie niemieckiej firmy, kt\u00f3ra zorganizowa\u0142a transport. GIO\u015a oficjalnie powiadomi\u0142 w\u0142a\u015bciwy organ niemiecki i za\u017c\u0105da\u0142 podj\u0119cia dzia\u0142a\u0144 zapewniaj\u0105cych zwrot nielegalnego \u0142adunku. Wszystkie poprzednie transporty r\u00f3wnie\u017c zosta\u0142y odes\u0142ane do Niemiec.<\/p>\n<p>Przechwycony transport jest kolejnym dowodem na to, \u017ce Polska w dalszym ci\u0105gu zmaga si\u0119 z problemem nielegalnego importu odpad\u00f3w z kraj\u00f3w Europy Zachodniej. Mimo \u017ce przepisy s\u0105 jasne, praktyka nadal istnieje.<\/p>\n<\/div>\n<\/div>\n","protected":false},"excerpt":{"rendered":"<p>Celnicy zatrzymali na granicy kolejny transport nielegalnych odpad\u00f3w z Niemiec. Jej celem by\u0142a firma w Ostro\u0142\u0119ce. Okazuje si\u0119, \u017ce jest<\/p>\n","protected":false},"author":1,"featured_media":646,"comment_status":"open","ping_status":"open","sticky":false,"template":"","format":"standard","meta":{"footnotes":""},"categories":[4748],"tags":[1834,11586,9004,753,8847,72,7656,1547,12204,12205],"class_list":["post-10741","post","type-post","status-publish","format-standard","has-post-thumbnail","hentry","category-aktualne","tag-jestesmy","tag-mialy","tag-nielegalne","tag-niemiec","tag-odpady","tag-polski","tag-smieciami","tag-tak","tag-trafic","tag-zasypywani","generate-columns","tablet-grid-50","mobile-grid-100","grid-parent","grid-50","resize-featured-image"],"yoast_head":"<!-- This site is optimized with the Yoast SEO plugin v23.2 - https:\/\/yoast.com\/wordpress\/plugins\/seo\/ -->\n<title>Nielegalne odpady z Niemiec mia\u0142y trafi\u0107 do Polski. Tak jeste\u015bmy zasypywani \u015bmieciami - POGOTOWIE FLAGOWE\u00ae<\/title>\n<meta name=\"robots\" content=\"index, follow, max-snippet:-1, max-image-preview:large, max-video-preview:-1\" \/>\n<link rel=\"canonical\" href=\"https:\/\/www.pogotowieflagowe.pl\/aktualne\/nielegalne-odpady-z-niemiec-mialy-trafic-do-polski-tak-jestesmy-zasypywani-smieciami\/\" \/>\n<meta property=\"og:locale\" content=\"pl_PL\" \/>\n<meta property=\"og:type\" content=\"article\" \/>\n<meta property=\"og:title\" content=\"Nielegalne odpady z Niemiec mia\u0142y trafi\u0107 do Polski. Tak jeste\u015bmy zasypywani \u015bmieciami - POGOTOWIE FLAGOWE\u00ae\" \/>\n<meta property=\"og:description\" content=\"Celnicy zatrzymali na granicy kolejny transport nielegalnych odpad\u00f3w z Niemiec. Jej celem by\u0142a firma w Ostro\u0142\u0119ce. Okazuje si\u0119, \u017ce jest\" \/>\n<meta property=\"og:url\" content=\"https:\/\/www.pogotowieflagowe.pl\/aktualne\/nielegalne-odpady-z-niemiec-mialy-trafic-do-polski-tak-jestesmy-zasypywani-smieciami\/\" \/>\n<meta property=\"og:site_name\" content=\"POGOTOWIE FLAGOWE\u00ae\" \/>\n<meta property=\"article:published_time\" content=\"2025-11-18T20:44:04+00:00\" \/>\n<meta property=\"article:modified_time\" content=\"2025-11-18T20:44:05+00:00\" \/>\n<meta property=\"og:image\" content=\"https:\/\/www.pogotowieflagowe.pl\/aktualne\/wp-content\/uploads\/2024\/09\/Nielegalny-transport-odpadow-z-Niemiec-zatrzymany-na-autostradzie-A4.jpg\" \/>\n\t<meta property=\"og:image:width\" content=\"926\" \/>\n\t<meta property=\"og:image:height\" content=\"828\" \/>\n\t<meta property=\"og:image:type\" content=\"image\/jpeg\" \/>\n<meta name=\"author\" content=\"Filip\" \/>\n<meta name=\"twitter:card\" content=\"summary_large_image\" \/>\n<meta name=\"twitter:label1\" content=\"Napisane przez\" \/>\n\t<meta name=\"twitter:data1\" content=\"Filip\" \/>\n\t<meta name=\"twitter:label2\" content=\"Szacowany czas czytania\" \/>\n\t<meta name=\"twitter:data2\" content=\"2 minuty\" \/>\n<script type=\"application\/ld+json\" class=\"yoast-schema-graph\">{\"@context\":\"https:\/\/schema.org\",\"@graph\":[{\"@type\":\"Article\",\"@id\":\"https:\/\/www.pogotowieflagowe.pl\/aktualne\/nielegalne-odpady-z-niemiec-mialy-trafic-do-polski-tak-jestesmy-zasypywani-smieciami\/#article\",\"isPartOf\":{\"@id\":\"https:\/\/www.pogotowieflagowe.pl\/aktualne\/nielegalne-odpady-z-niemiec-mialy-trafic-do-polski-tak-jestesmy-zasypywani-smieciami\/\"},\"author\":{\"name\":\"Filip\",\"@id\":\"https:\/\/www.pogotowieflagowe.pl\/aktualne\/#\/schema\/person\/9c2fb7d2362ebf6fa088960d7f0d27b0\"},\"headline\":\"Nielegalne odpady z Niemiec mia\u0142y trafi\u0107 do Polski. Tak jeste\u015bmy zasypywani \u015bmieciami\",\"datePublished\":\"2025-11-18T20:44:04+00:00\",\"dateModified\":\"2025-11-18T20:44:05+00:00\",\"mainEntityOfPage\":{\"@id\":\"https:\/\/www.pogotowieflagowe.pl\/aktualne\/nielegalne-odpady-z-niemiec-mialy-trafic-do-polski-tak-jestesmy-zasypywani-smieciami\/\"},\"wordCount\":364,\"commentCount\":0,\"publisher\":{\"@id\":\"https:\/\/www.pogotowieflagowe.pl\/aktualne\/#organization\"},\"image\":{\"@id\":\"https:\/\/www.pogotowieflagowe.pl\/aktualne\/nielegalne-odpady-z-niemiec-mialy-trafic-do-polski-tak-jestesmy-zasypywani-smieciami\/#primaryimage\"},\"thumbnailUrl\":\"https:\/\/www.pogotowieflagowe.pl\/aktualne\/wp-content\/uploads\/2024\/09\/Nielegalny-transport-odpadow-z-Niemiec-zatrzymany-na-autostradzie-A4.jpg\",\"keywords\":[\"Jeste\u015bmy\",\"Mia\u0142y\",\"nielegalne\",\"Niemiec\",\"odpady\",\"polski\",\"\u015bmieciami\",\"tak\",\"trafi\u0107\",\"zasypywani\"],\"articleSection\":[\"Aktualne\"],\"inLanguage\":\"pl-PL\",\"potentialAction\":[{\"@type\":\"CommentAction\",\"name\":\"Comment\",\"target\":[\"https:\/\/www.pogotowieflagowe.pl\/aktualne\/nielegalne-odpady-z-niemiec-mialy-trafic-do-polski-tak-jestesmy-zasypywani-smieciami\/#respond\"]}]},{\"@type\":\"WebPage\",\"@id\":\"https:\/\/www.pogotowieflagowe.pl\/aktualne\/nielegalne-odpady-z-niemiec-mialy-trafic-do-polski-tak-jestesmy-zasypywani-smieciami\/\",\"url\":\"https:\/\/www.pogotowieflagowe.pl\/aktualne\/nielegalne-odpady-z-niemiec-mialy-trafic-do-polski-tak-jestesmy-zasypywani-smieciami\/\",\"name\":\"Nielegalne odpady z Niemiec mia\u0142y trafi\u0107 do Polski. Tak jeste\u015bmy zasypywani \u015bmieciami - POGOTOWIE FLAGOWE\u00ae\",\"isPartOf\":{\"@id\":\"https:\/\/www.pogotowieflagowe.pl\/aktualne\/#website\"},\"primaryImageOfPage\":{\"@id\":\"https:\/\/www.pogotowieflagowe.pl\/aktualne\/nielegalne-odpady-z-niemiec-mialy-trafic-do-polski-tak-jestesmy-zasypywani-smieciami\/#primaryimage\"},\"image\":{\"@id\":\"https:\/\/www.pogotowieflagowe.pl\/aktualne\/nielegalne-odpady-z-niemiec-mialy-trafic-do-polski-tak-jestesmy-zasypywani-smieciami\/#primaryimage\"},\"thumbnailUrl\":\"https:\/\/www.pogotowieflagowe.pl\/aktualne\/wp-content\/uploads\/2024\/09\/Nielegalny-transport-odpadow-z-Niemiec-zatrzymany-na-autostradzie-A4.jpg\",\"datePublished\":\"2025-11-18T20:44:04+00:00\",\"dateModified\":\"2025-11-18T20:44:05+00:00\",\"breadcrumb\":{\"@id\":\"https:\/\/www.pogotowieflagowe.pl\/aktualne\/nielegalne-odpady-z-niemiec-mialy-trafic-do-polski-tak-jestesmy-zasypywani-smieciami\/#breadcrumb\"},\"inLanguage\":\"pl-PL\",\"potentialAction\":[{\"@type\":\"ReadAction\",\"target\":[\"https:\/\/www.pogotowieflagowe.pl\/aktualne\/nielegalne-odpady-z-niemiec-mialy-trafic-do-polski-tak-jestesmy-zasypywani-smieciami\/\"]}]},{\"@type\":\"ImageObject\",\"inLanguage\":\"pl-PL\",\"@id\":\"https:\/\/www.pogotowieflagowe.pl\/aktualne\/nielegalne-odpady-z-niemiec-mialy-trafic-do-polski-tak-jestesmy-zasypywani-smieciami\/#primaryimage\",\"url\":\"https:\/\/www.pogotowieflagowe.pl\/aktualne\/wp-content\/uploads\/2024\/09\/Nielegalny-transport-odpadow-z-Niemiec-zatrzymany-na-autostradzie-A4.jpg\",\"contentUrl\":\"https:\/\/www.pogotowieflagowe.pl\/aktualne\/wp-content\/uploads\/2024\/09\/Nielegalny-transport-odpadow-z-Niemiec-zatrzymany-na-autostradzie-A4.jpg\",\"width\":926,\"height\":828,\"caption\":\"Nielegalny transport odpad\u00f3w z Niemiec zatrzymany na autostradzie A4\"},{\"@type\":\"BreadcrumbList\",\"@id\":\"https:\/\/www.pogotowieflagowe.pl\/aktualne\/nielegalne-odpady-z-niemiec-mialy-trafic-do-polski-tak-jestesmy-zasypywani-smieciami\/#breadcrumb\",\"itemListElement\":[{\"@type\":\"ListItem\",\"position\":1,\"name\":\"Home\",\"item\":\"https:\/\/www.pogotowieflagowe.pl\/aktualne\/\"},{\"@type\":\"ListItem\",\"position\":2,\"name\":\"Nielegalne odpady z Niemiec mia\u0142y trafi\u0107 do Polski. Tak jeste\u015bmy zasypywani \u015bmieciami\"}]},{\"@type\":\"WebSite\",\"@id\":\"https:\/\/www.pogotowieflagowe.pl\/aktualne\/#website\",\"url\":\"https:\/\/www.pogotowieflagowe.pl\/aktualne\/\",\"name\":\"POGOTOWIE FLAGOWE\u00ae\",\"description\":\"\",\"publisher\":{\"@id\":\"https:\/\/www.pogotowieflagowe.pl\/aktualne\/#organization\"},\"potentialAction\":[{\"@type\":\"SearchAction\",\"target\":{\"@type\":\"EntryPoint\",\"urlTemplate\":\"https:\/\/www.pogotowieflagowe.pl\/aktualne\/?s={search_term_string}\"},\"query-input\":\"required name=search_term_string\"}],\"inLanguage\":\"pl-PL\"},{\"@type\":\"Organization\",\"@id\":\"https:\/\/www.pogotowieflagowe.pl\/aktualne\/#organization\",\"name\":\"POGOTOWIE FLAGOWE\u00ae\",\"url\":\"https:\/\/www.pogotowieflagowe.pl\/aktualne\/\",\"logo\":{\"@type\":\"ImageObject\",\"inLanguage\":\"pl-PL\",\"@id\":\"https:\/\/www.pogotowieflagowe.pl\/aktualne\/#\/schema\/logo\/image\/\",\"url\":\"https:\/\/www.pogotowieflagowe.pl\/aktualne\/wp-content\/uploads\/2024\/08\/cropped-pogotowieflagowe_flaga_projekt_sm.jpg\",\"contentUrl\":\"https:\/\/www.pogotowieflagowe.pl\/aktualne\/wp-content\/uploads\/2024\/08\/cropped-pogotowieflagowe_flaga_projekt_sm.jpg\",\"width\":250,\"height\":143,\"caption\":\"POGOTOWIE FLAGOWE\u00ae\"},\"image\":{\"@id\":\"https:\/\/www.pogotowieflagowe.pl\/aktualne\/#\/schema\/logo\/image\/\"}},{\"@type\":\"Person\",\"@id\":\"https:\/\/www.pogotowieflagowe.pl\/aktualne\/#\/schema\/person\/9c2fb7d2362ebf6fa088960d7f0d27b0\",\"name\":\"Filip\",\"image\":{\"@type\":\"ImageObject\",\"inLanguage\":\"pl-PL\",\"@id\":\"https:\/\/www.pogotowieflagowe.pl\/aktualne\/#\/schema\/person\/image\/\",\"url\":\"https:\/\/www.pogotowieflagowe.pl\/aktualne\/wp-content\/uploads\/2024\/08\/pogotowieflagowe.pl_.jpg\",\"contentUrl\":\"https:\/\/www.pogotowieflagowe.pl\/aktualne\/wp-content\/uploads\/2024\/08\/pogotowieflagowe.pl_.jpg\",\"caption\":\"Filip\"},\"description\":\"Jestem Filip, polski dziennikarz z dyplomem nauk politycznych Uniwersytetu Warszawskiego. Rozpoczynaj\u0105c swoj\u0105 karier\u0119 w r\u00f3\u017cnych lokalnych mediach, zdoby\u0142em solidne do\u015bwiadczenie w zakresie \u015bledztwa i redakcji. Obecnie jako redaktor w Pogotowie flagowe, staram si\u0119 dostarcza\u0107 dog\u0142\u0119bne i istotne analizy na temat najwa\u017cniejszych kwestii aktualno\u015bci, \u0142\u0105cz\u0105c rygor z pasj\u0105 dziennikarsk\u0105.\",\"sameAs\":[\"https:\/\/www.pogotowieflagowe.pl\/\"]}]}<\/script>\n<!-- \/ Yoast SEO plugin. -->","yoast_head_json":{"title":"Nielegalne odpady z Niemiec mia\u0142y trafi\u0107 do Polski. Tak jeste\u015bmy zasypywani \u015bmieciami - POGOTOWIE FLAGOWE\u00ae","robots":{"index":"index","follow":"follow","max-snippet":"max-snippet:-1","max-image-preview":"max-image-preview:large","max-video-preview":"max-video-preview:-1"},"canonical":"https:\/\/www.pogotowieflagowe.pl\/aktualne\/nielegalne-odpady-z-niemiec-mialy-trafic-do-polski-tak-jestesmy-zasypywani-smieciami\/","og_locale":"pl_PL","og_type":"article","og_title":"Nielegalne odpady z Niemiec mia\u0142y trafi\u0107 do Polski. Tak jeste\u015bmy zasypywani \u015bmieciami - POGOTOWIE FLAGOWE\u00ae","og_description":"Celnicy zatrzymali na granicy kolejny transport nielegalnych odpad\u00f3w z Niemiec. Jej celem by\u0142a firma w Ostro\u0142\u0119ce. Okazuje si\u0119, \u017ce jest","og_url":"https:\/\/www.pogotowieflagowe.pl\/aktualne\/nielegalne-odpady-z-niemiec-mialy-trafic-do-polski-tak-jestesmy-zasypywani-smieciami\/","og_site_name":"POGOTOWIE FLAGOWE\u00ae","article_published_time":"2025-11-18T20:44:04+00:00","article_modified_time":"2025-11-18T20:44:05+00:00","og_image":[{"width":926,"height":828,"url":"https:\/\/www.pogotowieflagowe.pl\/aktualne\/wp-content\/uploads\/2024\/09\/Nielegalny-transport-odpadow-z-Niemiec-zatrzymany-na-autostradzie-A4.jpg","type":"image\/jpeg"}],"author":"Filip","twitter_card":"summary_large_image","twitter_misc":{"Napisane przez":"Filip","Szacowany czas czytania":"2 minuty"},"schema":{"@context":"https:\/\/schema.org","@graph":[{"@type":"Article","@id":"https:\/\/www.pogotowieflagowe.pl\/aktualne\/nielegalne-odpady-z-niemiec-mialy-trafic-do-polski-tak-jestesmy-zasypywani-smieciami\/#article","isPartOf":{"@id":"https:\/\/www.pogotowieflagowe.pl\/aktualne\/nielegalne-odpady-z-niemiec-mialy-trafic-do-polski-tak-jestesmy-zasypywani-smieciami\/"},"author":{"name":"Filip","@id":"https:\/\/www.pogotowieflagowe.pl\/aktualne\/#\/schema\/person\/9c2fb7d2362ebf6fa088960d7f0d27b0"},"headline":"Nielegalne odpady z Niemiec mia\u0142y trafi\u0107 do Polski. Tak jeste\u015bmy zasypywani \u015bmieciami","datePublished":"2025-11-18T20:44:04+00:00","dateModified":"2025-11-18T20:44:05+00:00","mainEntityOfPage":{"@id":"https:\/\/www.pogotowieflagowe.pl\/aktualne\/nielegalne-odpady-z-niemiec-mialy-trafic-do-polski-tak-jestesmy-zasypywani-smieciami\/"},"wordCount":364,"commentCount":0,"publisher":{"@id":"https:\/\/www.pogotowieflagowe.pl\/aktualne\/#organization"},"image":{"@id":"https:\/\/www.pogotowieflagowe.pl\/aktualne\/nielegalne-odpady-z-niemiec-mialy-trafic-do-polski-tak-jestesmy-zasypywani-smieciami\/#primaryimage"},"thumbnailUrl":"https:\/\/www.pogotowieflagowe.pl\/aktualne\/wp-content\/uploads\/2024\/09\/Nielegalny-transport-odpadow-z-Niemiec-zatrzymany-na-autostradzie-A4.jpg","keywords":["Jeste\u015bmy","Mia\u0142y","nielegalne","Niemiec","odpady","polski","\u015bmieciami","tak","trafi\u0107","zasypywani"],"articleSection":["Aktualne"],"inLanguage":"pl-PL","potentialAction":[{"@type":"CommentAction","name":"Comment","target":["https:\/\/www.pogotowieflagowe.pl\/aktualne\/nielegalne-odpady-z-niemiec-mialy-trafic-do-polski-tak-jestesmy-zasypywani-smieciami\/#respond"]}]},{"@type":"WebPage","@id":"https:\/\/www.pogotowieflagowe.pl\/aktualne\/nielegalne-odpady-z-niemiec-mialy-trafic-do-polski-tak-jestesmy-zasypywani-smieciami\/","url":"https:\/\/www.pogotowieflagowe.pl\/aktualne\/nielegalne-odpady-z-niemiec-mialy-trafic-do-polski-tak-jestesmy-zasypywani-smieciami\/","name":"Nielegalne odpady z Niemiec mia\u0142y trafi\u0107 do Polski. Tak jeste\u015bmy zasypywani \u015bmieciami - POGOTOWIE FLAGOWE\u00ae","isPartOf":{"@id":"https:\/\/www.pogotowieflagowe.pl\/aktualne\/#website"},"primaryImageOfPage":{"@id":"https:\/\/www.pogotowieflagowe.pl\/aktualne\/nielegalne-odpady-z-niemiec-mialy-trafic-do-polski-tak-jestesmy-zasypywani-smieciami\/#primaryimage"},"image":{"@id":"https:\/\/www.pogotowieflagowe.pl\/aktualne\/nielegalne-odpady-z-niemiec-mialy-trafic-do-polski-tak-jestesmy-zasypywani-smieciami\/#primaryimage"},"thumbnailUrl":"https:\/\/www.pogotowieflagowe.pl\/aktualne\/wp-content\/uploads\/2024\/09\/Nielegalny-transport-odpadow-z-Niemiec-zatrzymany-na-autostradzie-A4.jpg","datePublished":"2025-11-18T20:44:04+00:00","dateModified":"2025-11-18T20:44:05+00:00","breadcrumb":{"@id":"https:\/\/www.pogotowieflagowe.pl\/aktualne\/nielegalne-odpady-z-niemiec-mialy-trafic-do-polski-tak-jestesmy-zasypywani-smieciami\/#breadcrumb"},"inLanguage":"pl-PL","potentialAction":[{"@type":"ReadAction","target":["https:\/\/www.pogotowieflagowe.pl\/aktualne\/nielegalne-odpady-z-niemiec-mialy-trafic-do-polski-tak-jestesmy-zasypywani-smieciami\/"]}]},{"@type":"ImageObject","inLanguage":"pl-PL","@id":"https:\/\/www.pogotowieflagowe.pl\/aktualne\/nielegalne-odpady-z-niemiec-mialy-trafic-do-polski-tak-jestesmy-zasypywani-smieciami\/#primaryimage","url":"https:\/\/www.pogotowieflagowe.pl\/aktualne\/wp-content\/uploads\/2024\/09\/Nielegalny-transport-odpadow-z-Niemiec-zatrzymany-na-autostradzie-A4.jpg","contentUrl":"https:\/\/www.pogotowieflagowe.pl\/aktualne\/wp-content\/uploads\/2024\/09\/Nielegalny-transport-odpadow-z-Niemiec-zatrzymany-na-autostradzie-A4.jpg","width":926,"height":828,"caption":"Nielegalny transport odpad\u00f3w z Niemiec zatrzymany na autostradzie A4"},{"@type":"BreadcrumbList","@id":"https:\/\/www.pogotowieflagowe.pl\/aktualne\/nielegalne-odpady-z-niemiec-mialy-trafic-do-polski-tak-jestesmy-zasypywani-smieciami\/#breadcrumb","itemListElement":[{"@type":"ListItem","position":1,"name":"Home","item":"https:\/\/www.pogotowieflagowe.pl\/aktualne\/"},{"@type":"ListItem","position":2,"name":"Nielegalne odpady z Niemiec mia\u0142y trafi\u0107 do Polski. Tak jeste\u015bmy zasypywani \u015bmieciami"}]},{"@type":"WebSite","@id":"https:\/\/www.pogotowieflagowe.pl\/aktualne\/#website","url":"https:\/\/www.pogotowieflagowe.pl\/aktualne\/","name":"POGOTOWIE FLAGOWE\u00ae","description":"","publisher":{"@id":"https:\/\/www.pogotowieflagowe.pl\/aktualne\/#organization"},"potentialAction":[{"@type":"SearchAction","target":{"@type":"EntryPoint","urlTemplate":"https:\/\/www.pogotowieflagowe.pl\/aktualne\/?s={search_term_string}"},"query-input":"required name=search_term_string"}],"inLanguage":"pl-PL"},{"@type":"Organization","@id":"https:\/\/www.pogotowieflagowe.pl\/aktualne\/#organization","name":"POGOTOWIE FLAGOWE\u00ae","url":"https:\/\/www.pogotowieflagowe.pl\/aktualne\/","logo":{"@type":"ImageObject","inLanguage":"pl-PL","@id":"https:\/\/www.pogotowieflagowe.pl\/aktualne\/#\/schema\/logo\/image\/","url":"https:\/\/www.pogotowieflagowe.pl\/aktualne\/wp-content\/uploads\/2024\/08\/cropped-pogotowieflagowe_flaga_projekt_sm.jpg","contentUrl":"https:\/\/www.pogotowieflagowe.pl\/aktualne\/wp-content\/uploads\/2024\/08\/cropped-pogotowieflagowe_flaga_projekt_sm.jpg","width":250,"height":143,"caption":"POGOTOWIE FLAGOWE\u00ae"},"image":{"@id":"https:\/\/www.pogotowieflagowe.pl\/aktualne\/#\/schema\/logo\/image\/"}},{"@type":"Person","@id":"https:\/\/www.pogotowieflagowe.pl\/aktualne\/#\/schema\/person\/9c2fb7d2362ebf6fa088960d7f0d27b0","name":"Filip","image":{"@type":"ImageObject","inLanguage":"pl-PL","@id":"https:\/\/www.pogotowieflagowe.pl\/aktualne\/#\/schema\/person\/image\/","url":"https:\/\/www.pogotowieflagowe.pl\/aktualne\/wp-content\/uploads\/2024\/08\/pogotowieflagowe.pl_.jpg","contentUrl":"https:\/\/www.pogotowieflagowe.pl\/aktualne\/wp-content\/uploads\/2024\/08\/pogotowieflagowe.pl_.jpg","caption":"Filip"},"description":"Jestem Filip, polski dziennikarz z dyplomem nauk politycznych Uniwersytetu Warszawskiego. Rozpoczynaj\u0105c swoj\u0105 karier\u0119 w r\u00f3\u017cnych lokalnych mediach, zdoby\u0142em solidne do\u015bwiadczenie w zakresie \u015bledztwa i redakcji. Obecnie jako redaktor w Pogotowie flagowe, staram si\u0119 dostarcza\u0107 dog\u0142\u0119bne i istotne analizy na temat najwa\u017cniejszych kwestii aktualno\u015bci, \u0142\u0105cz\u0105c rygor z pasj\u0105 dziennikarsk\u0105.","sameAs":["https:\/\/www.pogotowieflagowe.pl\/"]}]}},"_links":{"self":[{"href":"https:\/\/www.pogotowieflagowe.pl\/aktualne\/wp-json\/wp\/v2\/posts\/10741","targetHints":{"allow":["GET"]}}],"collection":[{"href":"https:\/\/www.pogotowieflagowe.pl\/aktualne\/wp-json\/wp\/v2\/posts"}],"about":[{"href":"https:\/\/www.pogotowieflagowe.pl\/aktualne\/wp-json\/wp\/v2\/types\/post"}],"author":[{"embeddable":true,"href":"https:\/\/www.pogotowieflagowe.pl\/aktualne\/wp-json\/wp\/v2\/users\/1"}],"replies":[{"embeddable":true,"href":"https:\/\/www.pogotowieflagowe.pl\/aktualne\/wp-json\/wp\/v2\/comments?post=10741"}],"version-history":[{"count":1,"href":"https:\/\/www.pogotowieflagowe.pl\/aktualne\/wp-json\/wp\/v2\/posts\/10741\/revisions"}],"predecessor-version":[{"id":10742,"href":"https:\/\/www.pogotowieflagowe.pl\/aktualne\/wp-json\/wp\/v2\/posts\/10741\/revisions\/10742"}],"wp:featuredmedia":[{"embeddable":true,"href":"https:\/\/www.pogotowieflagowe.pl\/aktualne\/wp-json\/wp\/v2\/media\/646"}],"wp:attachment":[{"href":"https:\/\/www.pogotowieflagowe.pl\/aktualne\/wp-json\/wp\/v2\/media?parent=10741"}],"wp:term":[{"taxonomy":"category","embeddable":true,"href":"https:\/\/www.pogotowieflagowe.pl\/aktualne\/wp-json\/wp\/v2\/categories?post=10741"},{"taxonomy":"post_tag","embeddable":true,"href":"https:\/\/www.pogotowieflagowe.pl\/aktualne\/wp-json\/wp\/v2\/tags?post=10741"}],"curies":[{"name":"wp","href":"https:\/\/api.w.org\/{rel}","templated":true}]}}