{"id":10755,"date":"2025-11-19T04:38:18","date_gmt":"2025-11-19T03:38:18","guid":{"rendered":"https:\/\/www.pogotowieflagowe.pl\/aktualne\/kaczynski-po-wyborze-czarzastego-na-marszalka-opublikowano-pierwszy-komentarz\/"},"modified":"2025-11-19T04:38:20","modified_gmt":"2025-11-19T03:38:20","slug":"kaczynski-po-wyborze-czarzastego-na-marszalka-opublikowano-pierwszy-komentarz","status":"publish","type":"post","link":"https:\/\/www.pogotowieflagowe.pl\/aktualne\/kaczynski-po-wyborze-czarzastego-na-marszalka-opublikowano-pierwszy-komentarz\/","title":{"rendered":"Kaczy\u0144ski po wyborze Czarzastego na marsza\u0142ka. Opublikowano pierwszy komentarz"},"content":{"rendered":"\n<div class=\"td_block_wrap tdb_single_content tdi_41 td-pb-border-top td_block_template_8 td-post-content tagdiv-type\" data-td-block-uid=\"tdi_41\">\n<style>.tdi_41{margines-top:0px!important;margin-bottom:0px!important;dope\u0142nienie-g\u00f3ra:0px!important;dope\u0142nienie-d\u00f3\u0142:0px!important}<\/style>\n<style>.tdb_single_content{margin-bottom:0;*zoom:1}.tdb_single_content:before,.tdb_single_content:after{display:table;content:'';line-height:0}.tdb_single_content:after{clear:both}.tdb_single_content .tdb-block-inner>*:not(.wp-block-quote):not(.alignwide):not(.alignfull.wp-block-cover.has-parallax):not(.td-a-ad){margin-left:auto;margin-right:auto}.tdb_single_content a{pointer-events:auto}.tdb_single_content .td-spot-id-top_ad .tdc-placeholder-title:before{content:'Najlepsza reklama artyku\u0142u'!important}.tdb_single_content .td-spot-id-inline_ad0 .tdc-placeholder-title:before{content:'Reklama wbudowana artyku\u0142u 1'!important}.tdb_single_content .td-spot-id-inline_ad1 .tdc-placeholder-title:before{content:'Wbudowana reklama w artykule 2'!important}.tdb_single_content .td-spot-id-inline_ad2 .tdc-placeholder-title:before{content:'Wbudowana reklama w artykule 3'!important}.tdb_single_content .td-spot-id-bottom_ad .tdc-placeholder-title:before{content:'Article Bottom Ad'!important}.tdb_single_content .id_top_ad,.tdb_single_content .id_bottom_ad{clear:both;margin-bottom:21px;text-align:center}.tdb_single_content .id_top_ad img,.tdb_single_content .id_bottom_ad img{margin-bottom:0}.tdb_single_content .id_top_ad .adsbygoogle,.tdb_single_content .id_bottom_ad .adsbygoogle{position:relative}.tdb_single_content .id_ad_content-horiz-left,.tdb_single_content .id_ad_content-horiz-right,.tdb_single_content .id_ad_content-horiz-center{margin-bottom:15px}.tdb_single_content .id_ad_content-horiz-left img,.tdb_single_content .id_ad_content-horiz-right img,.tdb_single_content .id_ad_content-horiz-center img{margin-bottom:0}.tdb_single_content .id_ad_content-horiz-center{text-align:center}.tdb_single_content .id_ad_content-horiz-center img{margin-right:auto;margin-left:auto}.tdb_single_content .id_ad_content-horiz-left{float:left;margin-top:9px;margin-right:21px}.tdb_single_content .id_ad_content-horiz-right{float:right;margin-top:6px;margin-left:21px}.tdb_single_content .tdc-a-ad .tdc-placeholder-title{width:300px;height:250px}.tdb_single_content .tdc-a-ad .tdc-placeholder-title:before{position:absolute;top:50%;-webkit-transform:translateY(-50%);transform:translateY(-50%);margin:auto;display:table;width:100%}.tdb_single_content .tdb-block-inner.td-fix-index{word-break:break-word}.tdi_41,.tdi_41>p,.tdi_41 .tdb-block-inner>p,.wp-block-column>p{font-size:16px!important;line-height:1.6!important}.tdi_41 .tdb-block-inner blockquote p{font-style:normal!important}@media (max-width:767px){.tdb_single_content .id_ad_content-horiz-left,.tdb_single_content .id_ad_content-horiz-right,.tdb_single_content .id_ad_content-horiz-center{margin:0 auto 26 pikseli auto}}@media (max-width:767px){.tdb_single_content .id_ad_content-horiz-left{margin-right:0}}@media (max-width:767px){.tdb_single_content .id_ad_content-horiz-right{margin-left:0}}@media (max-width:767px){.tdb_single_content .td-a-ad{float:none;text-align:center}.tdb_single_content .td-a-ad img{margin-right:auto;margin-left:auto}.tdb_single_content .tdc-a-ad{float:none}}<\/style>\n<div class=\"tdb-block-inner td-fix-index\">\n<p><strong>&#8222;To jest czysty komunizm. To jest komunistyczny Sejm&#8221;<\/strong> \u2013 powiedzia\u0142 prezes PiS Jaros\u0142aw Kaczy\u0144ski, oceniaj\u0105c atmosfer\u0119 w Sejmie podczas obrad. Komentowa\u0142 tak\u017ce wyb\u00f3r by\u0142ego <em>Polska Zjednoczona Partia Robotnicza (PZPR)<\/em> cz\u0142onek W\u0142odzimierz Czarzasty jako drugi najwy\u017cszy urz\u0119dnik w pa\u0144stwie.<\/p>\n<p>Zaraz po g\u0142osowaniu, w kt\u00f3rym W\u0142odzimierz Czarzasty zosta\u0142 wybrany na marsza\u0142ka Sejmu, media pyta\u0142y prezesa PiS o ten wyb\u00f3r. Zapytany, dlaczego w trakcie obrad opu\u015bci\u0142 sal\u0119 plenarn\u0105, odpowiedzia\u0142, \u017ce nie mo\u017ce s\u0142ucha\u0107 absurdalnych oskar\u017ce\u0144 kierowanych pod adresem jego partii. <strong>&#8222;To jest czysty komunizm. To jest komunistyczny Sejm&#8221;<\/strong> \u2013 powiedzia\u0142, oceniaj\u0105c atmosfer\u0119 w komorze. Nawi\u0105za\u0142 do wyst\u0105pienia jednego z parlamentarzyst\u00f3w, kt\u00f3ry przerzuci\u0142 odpowiedzialno\u015b\u0107 za przej\u0119cie medi\u00f3w publicznych\u2026 na <em>Prawo i Sprawiedliwo\u015b\u0107 (PiS)<\/em>.<\/p>\n<h2 class=\"wp-block-heading\"><strong>&#8222;Co\u015b innego\u2026&#8221;<\/strong><\/h2>\n<p>W trakcie rozmowy medialnej ustosunkowa\u0142 si\u0119 tak\u017ce do zarzut\u00f3w jednego z dziennikarzy, kt\u00f3ry sugerowa\u0142, \u017ce cz\u0119\u015b\u0107 os\u00f3b powi\u0105zanych z PiS by\u0142a tak\u017ce cz\u0142onkami PZPR. <em>Polska Zjednoczona Partia Robotnicza (PZPR)<\/em> w przesz\u0142o\u015bci. Przypomnia\u0142, \u017ce do PZPR nale\u017ca\u0142o 3 miliony obywateli, najwi\u0119cej w\u015br\u00f3d os\u00f3b z wy\u017cszym wykszta\u0142ceniem.<\/p>\n<p><strong>\u201eCo innego by\u0107 cz\u0142onkiem PZPR, a co innego by\u0107 dzia\u0142aczem, kt\u00f3ry wst\u0105pi\u0142 w 1983 r. To by\u0142 najtrudniejszy czas po 13 grudnia 1981 r. Taka decyzja oznacza\u0142a w\u00f3wczas wspieranie wewn\u0119trznej okupacji Polski prowadzonej przez polskie r\u0119ce na rozkaz rosyjski\u201d<\/strong> wyja\u015bni\u0142. Prezes PiS przypomnia\u0142, \u017ce by\u0142y to lata poprzedzone rozmieszczaniem na ulicach wojsk i czo\u0142g\u00f3w oraz ci\u0105g\u0142ymi patrolami \u2013 tzw. <strong>\u201eatrybuty zawodowe\u201d<\/strong> w\u0142adz komunistycznych.<\/p>\n<figure class=\"wp-block-pullquote\">\n<blockquote>\n<p>&#8222;Taka decyzja \u015bwiadczy o braku jakichkolwiek zasad moralnych, nie m\u00f3wi\u0105c ju\u017c o patriotyzmie. P\u00f3\u017aniejsza kariera tego cz\u0142owieka, w tym wszystko, co wi\u0105\u017ce si\u0119 ze afer\u0105 Rywina, wskazuje, \u017ce je\u015bli jest jaki\u015b pow\u00f3d, aby nie wybiera\u0107 kogo\u015b z tego Sejmu na marsza\u0142ka, to w\u0142a\u015bnie pana Czarzastego&#8221; &#8211; podsumowa\u0142 Kaczy\u0144ski.<\/p>\n<\/blockquote>\n<\/figure>\n<figure class=\"wp-block-embed is-type-video is-provider-youtube wp-block-embed-youtube wp-embed-aspect-16-9 wp-has-aspect-ratio\">\n<div class=\"wp-block-embed__wrapper\">\n<div class=\"youtube-embed\" data-video_id=\"nEv9WcSiAIQ\"><iframe title=\"Kaczy\u0144ski: to co mia\u0142o miejsce dzi\u015b w Sejmie to powr\u00f3t do komuny!\" width=\"1200\" height=\"675\" src=\"https:\/\/www.youtube.com\/embed\/nEv9WcSiAIQ?feature=oembed\" frameborder=\"0\" allow=\"accelerometer; autoplay; clipboard-write; encrypted-media; gyroscope; picture-in-picture; web-share\" referrerpolicy=\"strict-origin-when-cross-origin\" allowfullscreen><\/iframe><\/div>\n<\/div>\n<\/figure>\n<\/div>\n<\/div>\n","protected":false},"excerpt":{"rendered":"<p>&#8222;To jest czysty komunizm. To jest komunistyczny Sejm&#8221; \u2013 powiedzia\u0142 prezes PiS Jaros\u0142aw Kaczy\u0144ski, oceniaj\u0105c atmosfer\u0119 w Sejmie podczas obrad.<\/p>\n","protected":false},"author":1,"featured_media":10756,"comment_status":"open","ping_status":"open","sticky":false,"template":"","format":"standard","meta":{"footnotes":""},"categories":[4748],"tags":[12214,2766,6224,11762,11585,152,12213],"class_list":["post-10755","post","type-post","status-publish","format-standard","has-post-thumbnail","hentry","category-aktualne","tag-czarzastego","tag-kaczynski","tag-komentarz","tag-marszalka","tag-opublikowano","tag-pierwszy","tag-wyborze","generate-columns","tablet-grid-50","mobile-grid-100","grid-parent","grid-50","resize-featured-image"],"yoast_head":"<!-- This site is optimized with the Yoast SEO plugin v23.2 - https:\/\/yoast.com\/wordpress\/plugins\/seo\/ -->\n<title>Kaczy\u0144ski po wyborze Czarzastego na marsza\u0142ka. Opublikowano pierwszy komentarz - POGOTOWIE FLAGOWE\u00ae<\/title>\n<meta name=\"robots\" content=\"index, follow, max-snippet:-1, max-image-preview:large, max-video-preview:-1\" \/>\n<link rel=\"canonical\" href=\"https:\/\/www.pogotowieflagowe.pl\/aktualne\/kaczynski-po-wyborze-czarzastego-na-marszalka-opublikowano-pierwszy-komentarz\/\" \/>\n<meta property=\"og:locale\" content=\"pl_PL\" \/>\n<meta property=\"og:type\" content=\"article\" \/>\n<meta property=\"og:title\" content=\"Kaczy\u0144ski po wyborze Czarzastego na marsza\u0142ka. Opublikowano pierwszy komentarz - POGOTOWIE FLAGOWE\u00ae\" \/>\n<meta property=\"og:description\" content=\"&#8222;To jest czysty komunizm. To jest komunistyczny Sejm&#8221; \u2013 powiedzia\u0142 prezes PiS Jaros\u0142aw Kaczy\u0144ski, oceniaj\u0105c atmosfer\u0119 w Sejmie podczas obrad.\" \/>\n<meta property=\"og:url\" content=\"https:\/\/www.pogotowieflagowe.pl\/aktualne\/kaczynski-po-wyborze-czarzastego-na-marszalka-opublikowano-pierwszy-komentarz\/\" \/>\n<meta property=\"og:site_name\" content=\"POGOTOWIE FLAGOWE\u00ae\" \/>\n<meta property=\"article:published_time\" content=\"2025-11-19T03:38:18+00:00\" \/>\n<meta property=\"article:modified_time\" content=\"2025-11-19T03:38:20+00:00\" \/>\n<meta property=\"og:image\" content=\"https:\/\/www.pogotowieflagowe.pl\/aktualne\/wp-content\/uploads\/2025\/11\/Kaczynski-po-wyborze-Czarzastego-na-marszalka-Opublikowano-pierwszy-komentarz.webp.webp\" \/>\n\t<meta property=\"og:image:width\" content=\"1280\" \/>\n\t<meta property=\"og:image:height\" content=\"720\" \/>\n\t<meta property=\"og:image:type\" content=\"image\/webp\" \/>\n<meta name=\"author\" content=\"Filip\" \/>\n<meta name=\"twitter:card\" content=\"summary_large_image\" \/>\n<meta name=\"twitter:label1\" content=\"Napisane przez\" \/>\n\t<meta name=\"twitter:data1\" content=\"Filip\" \/>\n\t<meta name=\"twitter:label2\" content=\"Szacowany czas czytania\" \/>\n\t<meta name=\"twitter:data2\" content=\"2 minuty\" \/>\n<script type=\"application\/ld+json\" class=\"yoast-schema-graph\">{\"@context\":\"https:\/\/schema.org\",\"@graph\":[{\"@type\":\"Article\",\"@id\":\"https:\/\/www.pogotowieflagowe.pl\/aktualne\/kaczynski-po-wyborze-czarzastego-na-marszalka-opublikowano-pierwszy-komentarz\/#article\",\"isPartOf\":{\"@id\":\"https:\/\/www.pogotowieflagowe.pl\/aktualne\/kaczynski-po-wyborze-czarzastego-na-marszalka-opublikowano-pierwszy-komentarz\/\"},\"author\":{\"name\":\"Filip\",\"@id\":\"https:\/\/www.pogotowieflagowe.pl\/aktualne\/#\/schema\/person\/9c2fb7d2362ebf6fa088960d7f0d27b0\"},\"headline\":\"Kaczy\u0144ski po wyborze Czarzastego na marsza\u0142ka. Opublikowano pierwszy komentarz\",\"datePublished\":\"2025-11-19T03:38:18+00:00\",\"dateModified\":\"2025-11-19T03:38:20+00:00\",\"mainEntityOfPage\":{\"@id\":\"https:\/\/www.pogotowieflagowe.pl\/aktualne\/kaczynski-po-wyborze-czarzastego-na-marszalka-opublikowano-pierwszy-komentarz\/\"},\"wordCount\":353,\"commentCount\":0,\"publisher\":{\"@id\":\"https:\/\/www.pogotowieflagowe.pl\/aktualne\/#organization\"},\"image\":{\"@id\":\"https:\/\/www.pogotowieflagowe.pl\/aktualne\/kaczynski-po-wyborze-czarzastego-na-marszalka-opublikowano-pierwszy-komentarz\/#primaryimage\"},\"thumbnailUrl\":\"https:\/\/www.pogotowieflagowe.pl\/aktualne\/wp-content\/uploads\/2025\/11\/Kaczynski-po-wyborze-Czarzastego-na-marszalka-Opublikowano-pierwszy-komentarz.webp.webp\",\"keywords\":[\"Czarzastego\",\"Kaczy\u0144ski\",\"komentarz\",\"marsza\u0142ka\",\"Opublikowano\",\"Pierwszy\",\"wyborze\"],\"articleSection\":[\"Aktualne\"],\"inLanguage\":\"pl-PL\",\"potentialAction\":[{\"@type\":\"CommentAction\",\"name\":\"Comment\",\"target\":[\"https:\/\/www.pogotowieflagowe.pl\/aktualne\/kaczynski-po-wyborze-czarzastego-na-marszalka-opublikowano-pierwszy-komentarz\/#respond\"]}]},{\"@type\":\"WebPage\",\"@id\":\"https:\/\/www.pogotowieflagowe.pl\/aktualne\/kaczynski-po-wyborze-czarzastego-na-marszalka-opublikowano-pierwszy-komentarz\/\",\"url\":\"https:\/\/www.pogotowieflagowe.pl\/aktualne\/kaczynski-po-wyborze-czarzastego-na-marszalka-opublikowano-pierwszy-komentarz\/\",\"name\":\"Kaczy\u0144ski po wyborze Czarzastego na marsza\u0142ka. Opublikowano pierwszy komentarz - POGOTOWIE FLAGOWE\u00ae\",\"isPartOf\":{\"@id\":\"https:\/\/www.pogotowieflagowe.pl\/aktualne\/#website\"},\"primaryImageOfPage\":{\"@id\":\"https:\/\/www.pogotowieflagowe.pl\/aktualne\/kaczynski-po-wyborze-czarzastego-na-marszalka-opublikowano-pierwszy-komentarz\/#primaryimage\"},\"image\":{\"@id\":\"https:\/\/www.pogotowieflagowe.pl\/aktualne\/kaczynski-po-wyborze-czarzastego-na-marszalka-opublikowano-pierwszy-komentarz\/#primaryimage\"},\"thumbnailUrl\":\"https:\/\/www.pogotowieflagowe.pl\/aktualne\/wp-content\/uploads\/2025\/11\/Kaczynski-po-wyborze-Czarzastego-na-marszalka-Opublikowano-pierwszy-komentarz.webp.webp\",\"datePublished\":\"2025-11-19T03:38:18+00:00\",\"dateModified\":\"2025-11-19T03:38:20+00:00\",\"breadcrumb\":{\"@id\":\"https:\/\/www.pogotowieflagowe.pl\/aktualne\/kaczynski-po-wyborze-czarzastego-na-marszalka-opublikowano-pierwszy-komentarz\/#breadcrumb\"},\"inLanguage\":\"pl-PL\",\"potentialAction\":[{\"@type\":\"ReadAction\",\"target\":[\"https:\/\/www.pogotowieflagowe.pl\/aktualne\/kaczynski-po-wyborze-czarzastego-na-marszalka-opublikowano-pierwszy-komentarz\/\"]}]},{\"@type\":\"ImageObject\",\"inLanguage\":\"pl-PL\",\"@id\":\"https:\/\/www.pogotowieflagowe.pl\/aktualne\/kaczynski-po-wyborze-czarzastego-na-marszalka-opublikowano-pierwszy-komentarz\/#primaryimage\",\"url\":\"https:\/\/www.pogotowieflagowe.pl\/aktualne\/wp-content\/uploads\/2025\/11\/Kaczynski-po-wyborze-Czarzastego-na-marszalka-Opublikowano-pierwszy-komentarz.webp.webp\",\"contentUrl\":\"https:\/\/www.pogotowieflagowe.pl\/aktualne\/wp-content\/uploads\/2025\/11\/Kaczynski-po-wyborze-Czarzastego-na-marszalka-Opublikowano-pierwszy-komentarz.webp.webp\",\"width\":1280,\"height\":720,\"caption\":\"Kaczy\u0144ski po wyborze Czarzastego na marsza\u0142ka. Opublikowano pierwszy komentarz\"},{\"@type\":\"BreadcrumbList\",\"@id\":\"https:\/\/www.pogotowieflagowe.pl\/aktualne\/kaczynski-po-wyborze-czarzastego-na-marszalka-opublikowano-pierwszy-komentarz\/#breadcrumb\",\"itemListElement\":[{\"@type\":\"ListItem\",\"position\":1,\"name\":\"Home\",\"item\":\"https:\/\/www.pogotowieflagowe.pl\/aktualne\/\"},{\"@type\":\"ListItem\",\"position\":2,\"name\":\"Kaczy\u0144ski po wyborze Czarzastego na marsza\u0142ka. Opublikowano pierwszy komentarz\"}]},{\"@type\":\"WebSite\",\"@id\":\"https:\/\/www.pogotowieflagowe.pl\/aktualne\/#website\",\"url\":\"https:\/\/www.pogotowieflagowe.pl\/aktualne\/\",\"name\":\"POGOTOWIE FLAGOWE\u00ae\",\"description\":\"\",\"publisher\":{\"@id\":\"https:\/\/www.pogotowieflagowe.pl\/aktualne\/#organization\"},\"potentialAction\":[{\"@type\":\"SearchAction\",\"target\":{\"@type\":\"EntryPoint\",\"urlTemplate\":\"https:\/\/www.pogotowieflagowe.pl\/aktualne\/?s={search_term_string}\"},\"query-input\":\"required name=search_term_string\"}],\"inLanguage\":\"pl-PL\"},{\"@type\":\"Organization\",\"@id\":\"https:\/\/www.pogotowieflagowe.pl\/aktualne\/#organization\",\"name\":\"POGOTOWIE FLAGOWE\u00ae\",\"url\":\"https:\/\/www.pogotowieflagowe.pl\/aktualne\/\",\"logo\":{\"@type\":\"ImageObject\",\"inLanguage\":\"pl-PL\",\"@id\":\"https:\/\/www.pogotowieflagowe.pl\/aktualne\/#\/schema\/logo\/image\/\",\"url\":\"https:\/\/www.pogotowieflagowe.pl\/aktualne\/wp-content\/uploads\/2024\/08\/cropped-pogotowieflagowe_flaga_projekt_sm.jpg\",\"contentUrl\":\"https:\/\/www.pogotowieflagowe.pl\/aktualne\/wp-content\/uploads\/2024\/08\/cropped-pogotowieflagowe_flaga_projekt_sm.jpg\",\"width\":250,\"height\":143,\"caption\":\"POGOTOWIE FLAGOWE\u00ae\"},\"image\":{\"@id\":\"https:\/\/www.pogotowieflagowe.pl\/aktualne\/#\/schema\/logo\/image\/\"}},{\"@type\":\"Person\",\"@id\":\"https:\/\/www.pogotowieflagowe.pl\/aktualne\/#\/schema\/person\/9c2fb7d2362ebf6fa088960d7f0d27b0\",\"name\":\"Filip\",\"image\":{\"@type\":\"ImageObject\",\"inLanguage\":\"pl-PL\",\"@id\":\"https:\/\/www.pogotowieflagowe.pl\/aktualne\/#\/schema\/person\/image\/\",\"url\":\"https:\/\/www.pogotowieflagowe.pl\/aktualne\/wp-content\/uploads\/2024\/08\/pogotowieflagowe.pl_.jpg\",\"contentUrl\":\"https:\/\/www.pogotowieflagowe.pl\/aktualne\/wp-content\/uploads\/2024\/08\/pogotowieflagowe.pl_.jpg\",\"caption\":\"Filip\"},\"description\":\"Jestem Filip, polski dziennikarz z dyplomem nauk politycznych Uniwersytetu Warszawskiego. Rozpoczynaj\u0105c swoj\u0105 karier\u0119 w r\u00f3\u017cnych lokalnych mediach, zdoby\u0142em solidne do\u015bwiadczenie w zakresie \u015bledztwa i redakcji. Obecnie jako redaktor w Pogotowie flagowe, staram si\u0119 dostarcza\u0107 dog\u0142\u0119bne i istotne analizy na temat najwa\u017cniejszych kwestii aktualno\u015bci, \u0142\u0105cz\u0105c rygor z pasj\u0105 dziennikarsk\u0105.\",\"sameAs\":[\"https:\/\/www.pogotowieflagowe.pl\/\"]}]}<\/script>\n<!-- \/ Yoast SEO plugin. -->","yoast_head_json":{"title":"Kaczy\u0144ski po wyborze Czarzastego na marsza\u0142ka. Opublikowano pierwszy komentarz - POGOTOWIE FLAGOWE\u00ae","robots":{"index":"index","follow":"follow","max-snippet":"max-snippet:-1","max-image-preview":"max-image-preview:large","max-video-preview":"max-video-preview:-1"},"canonical":"https:\/\/www.pogotowieflagowe.pl\/aktualne\/kaczynski-po-wyborze-czarzastego-na-marszalka-opublikowano-pierwszy-komentarz\/","og_locale":"pl_PL","og_type":"article","og_title":"Kaczy\u0144ski po wyborze Czarzastego na marsza\u0142ka. Opublikowano pierwszy komentarz - POGOTOWIE FLAGOWE\u00ae","og_description":"&#8222;To jest czysty komunizm. To jest komunistyczny Sejm&#8221; \u2013 powiedzia\u0142 prezes PiS Jaros\u0142aw Kaczy\u0144ski, oceniaj\u0105c atmosfer\u0119 w Sejmie podczas obrad.","og_url":"https:\/\/www.pogotowieflagowe.pl\/aktualne\/kaczynski-po-wyborze-czarzastego-na-marszalka-opublikowano-pierwszy-komentarz\/","og_site_name":"POGOTOWIE FLAGOWE\u00ae","article_published_time":"2025-11-19T03:38:18+00:00","article_modified_time":"2025-11-19T03:38:20+00:00","og_image":[{"width":1280,"height":720,"url":"https:\/\/www.pogotowieflagowe.pl\/aktualne\/wp-content\/uploads\/2025\/11\/Kaczynski-po-wyborze-Czarzastego-na-marszalka-Opublikowano-pierwszy-komentarz.webp.webp","type":"image\/webp"}],"author":"Filip","twitter_card":"summary_large_image","twitter_misc":{"Napisane przez":"Filip","Szacowany czas czytania":"2 minuty"},"schema":{"@context":"https:\/\/schema.org","@graph":[{"@type":"Article","@id":"https:\/\/www.pogotowieflagowe.pl\/aktualne\/kaczynski-po-wyborze-czarzastego-na-marszalka-opublikowano-pierwszy-komentarz\/#article","isPartOf":{"@id":"https:\/\/www.pogotowieflagowe.pl\/aktualne\/kaczynski-po-wyborze-czarzastego-na-marszalka-opublikowano-pierwszy-komentarz\/"},"author":{"name":"Filip","@id":"https:\/\/www.pogotowieflagowe.pl\/aktualne\/#\/schema\/person\/9c2fb7d2362ebf6fa088960d7f0d27b0"},"headline":"Kaczy\u0144ski po wyborze Czarzastego na marsza\u0142ka. Opublikowano pierwszy komentarz","datePublished":"2025-11-19T03:38:18+00:00","dateModified":"2025-11-19T03:38:20+00:00","mainEntityOfPage":{"@id":"https:\/\/www.pogotowieflagowe.pl\/aktualne\/kaczynski-po-wyborze-czarzastego-na-marszalka-opublikowano-pierwszy-komentarz\/"},"wordCount":353,"commentCount":0,"publisher":{"@id":"https:\/\/www.pogotowieflagowe.pl\/aktualne\/#organization"},"image":{"@id":"https:\/\/www.pogotowieflagowe.pl\/aktualne\/kaczynski-po-wyborze-czarzastego-na-marszalka-opublikowano-pierwszy-komentarz\/#primaryimage"},"thumbnailUrl":"https:\/\/www.pogotowieflagowe.pl\/aktualne\/wp-content\/uploads\/2025\/11\/Kaczynski-po-wyborze-Czarzastego-na-marszalka-Opublikowano-pierwszy-komentarz.webp.webp","keywords":["Czarzastego","Kaczy\u0144ski","komentarz","marsza\u0142ka","Opublikowano","Pierwszy","wyborze"],"articleSection":["Aktualne"],"inLanguage":"pl-PL","potentialAction":[{"@type":"CommentAction","name":"Comment","target":["https:\/\/www.pogotowieflagowe.pl\/aktualne\/kaczynski-po-wyborze-czarzastego-na-marszalka-opublikowano-pierwszy-komentarz\/#respond"]}]},{"@type":"WebPage","@id":"https:\/\/www.pogotowieflagowe.pl\/aktualne\/kaczynski-po-wyborze-czarzastego-na-marszalka-opublikowano-pierwszy-komentarz\/","url":"https:\/\/www.pogotowieflagowe.pl\/aktualne\/kaczynski-po-wyborze-czarzastego-na-marszalka-opublikowano-pierwszy-komentarz\/","name":"Kaczy\u0144ski po wyborze Czarzastego na marsza\u0142ka. Opublikowano pierwszy komentarz - POGOTOWIE FLAGOWE\u00ae","isPartOf":{"@id":"https:\/\/www.pogotowieflagowe.pl\/aktualne\/#website"},"primaryImageOfPage":{"@id":"https:\/\/www.pogotowieflagowe.pl\/aktualne\/kaczynski-po-wyborze-czarzastego-na-marszalka-opublikowano-pierwszy-komentarz\/#primaryimage"},"image":{"@id":"https:\/\/www.pogotowieflagowe.pl\/aktualne\/kaczynski-po-wyborze-czarzastego-na-marszalka-opublikowano-pierwszy-komentarz\/#primaryimage"},"thumbnailUrl":"https:\/\/www.pogotowieflagowe.pl\/aktualne\/wp-content\/uploads\/2025\/11\/Kaczynski-po-wyborze-Czarzastego-na-marszalka-Opublikowano-pierwszy-komentarz.webp.webp","datePublished":"2025-11-19T03:38:18+00:00","dateModified":"2025-11-19T03:38:20+00:00","breadcrumb":{"@id":"https:\/\/www.pogotowieflagowe.pl\/aktualne\/kaczynski-po-wyborze-czarzastego-na-marszalka-opublikowano-pierwszy-komentarz\/#breadcrumb"},"inLanguage":"pl-PL","potentialAction":[{"@type":"ReadAction","target":["https:\/\/www.pogotowieflagowe.pl\/aktualne\/kaczynski-po-wyborze-czarzastego-na-marszalka-opublikowano-pierwszy-komentarz\/"]}]},{"@type":"ImageObject","inLanguage":"pl-PL","@id":"https:\/\/www.pogotowieflagowe.pl\/aktualne\/kaczynski-po-wyborze-czarzastego-na-marszalka-opublikowano-pierwszy-komentarz\/#primaryimage","url":"https:\/\/www.pogotowieflagowe.pl\/aktualne\/wp-content\/uploads\/2025\/11\/Kaczynski-po-wyborze-Czarzastego-na-marszalka-Opublikowano-pierwszy-komentarz.webp.webp","contentUrl":"https:\/\/www.pogotowieflagowe.pl\/aktualne\/wp-content\/uploads\/2025\/11\/Kaczynski-po-wyborze-Czarzastego-na-marszalka-Opublikowano-pierwszy-komentarz.webp.webp","width":1280,"height":720,"caption":"Kaczy\u0144ski po wyborze Czarzastego na marsza\u0142ka. Opublikowano pierwszy komentarz"},{"@type":"BreadcrumbList","@id":"https:\/\/www.pogotowieflagowe.pl\/aktualne\/kaczynski-po-wyborze-czarzastego-na-marszalka-opublikowano-pierwszy-komentarz\/#breadcrumb","itemListElement":[{"@type":"ListItem","position":1,"name":"Home","item":"https:\/\/www.pogotowieflagowe.pl\/aktualne\/"},{"@type":"ListItem","position":2,"name":"Kaczy\u0144ski po wyborze Czarzastego na marsza\u0142ka. Opublikowano pierwszy komentarz"}]},{"@type":"WebSite","@id":"https:\/\/www.pogotowieflagowe.pl\/aktualne\/#website","url":"https:\/\/www.pogotowieflagowe.pl\/aktualne\/","name":"POGOTOWIE FLAGOWE\u00ae","description":"","publisher":{"@id":"https:\/\/www.pogotowieflagowe.pl\/aktualne\/#organization"},"potentialAction":[{"@type":"SearchAction","target":{"@type":"EntryPoint","urlTemplate":"https:\/\/www.pogotowieflagowe.pl\/aktualne\/?s={search_term_string}"},"query-input":"required name=search_term_string"}],"inLanguage":"pl-PL"},{"@type":"Organization","@id":"https:\/\/www.pogotowieflagowe.pl\/aktualne\/#organization","name":"POGOTOWIE FLAGOWE\u00ae","url":"https:\/\/www.pogotowieflagowe.pl\/aktualne\/","logo":{"@type":"ImageObject","inLanguage":"pl-PL","@id":"https:\/\/www.pogotowieflagowe.pl\/aktualne\/#\/schema\/logo\/image\/","url":"https:\/\/www.pogotowieflagowe.pl\/aktualne\/wp-content\/uploads\/2024\/08\/cropped-pogotowieflagowe_flaga_projekt_sm.jpg","contentUrl":"https:\/\/www.pogotowieflagowe.pl\/aktualne\/wp-content\/uploads\/2024\/08\/cropped-pogotowieflagowe_flaga_projekt_sm.jpg","width":250,"height":143,"caption":"POGOTOWIE FLAGOWE\u00ae"},"image":{"@id":"https:\/\/www.pogotowieflagowe.pl\/aktualne\/#\/schema\/logo\/image\/"}},{"@type":"Person","@id":"https:\/\/www.pogotowieflagowe.pl\/aktualne\/#\/schema\/person\/9c2fb7d2362ebf6fa088960d7f0d27b0","name":"Filip","image":{"@type":"ImageObject","inLanguage":"pl-PL","@id":"https:\/\/www.pogotowieflagowe.pl\/aktualne\/#\/schema\/person\/image\/","url":"https:\/\/www.pogotowieflagowe.pl\/aktualne\/wp-content\/uploads\/2024\/08\/pogotowieflagowe.pl_.jpg","contentUrl":"https:\/\/www.pogotowieflagowe.pl\/aktualne\/wp-content\/uploads\/2024\/08\/pogotowieflagowe.pl_.jpg","caption":"Filip"},"description":"Jestem Filip, polski dziennikarz z dyplomem nauk politycznych Uniwersytetu Warszawskiego. Rozpoczynaj\u0105c swoj\u0105 karier\u0119 w r\u00f3\u017cnych lokalnych mediach, zdoby\u0142em solidne do\u015bwiadczenie w zakresie \u015bledztwa i redakcji. Obecnie jako redaktor w Pogotowie flagowe, staram si\u0119 dostarcza\u0107 dog\u0142\u0119bne i istotne analizy na temat najwa\u017cniejszych kwestii aktualno\u015bci, \u0142\u0105cz\u0105c rygor z pasj\u0105 dziennikarsk\u0105.","sameAs":["https:\/\/www.pogotowieflagowe.pl\/"]}]}},"_links":{"self":[{"href":"https:\/\/www.pogotowieflagowe.pl\/aktualne\/wp-json\/wp\/v2\/posts\/10755","targetHints":{"allow":["GET"]}}],"collection":[{"href":"https:\/\/www.pogotowieflagowe.pl\/aktualne\/wp-json\/wp\/v2\/posts"}],"about":[{"href":"https:\/\/www.pogotowieflagowe.pl\/aktualne\/wp-json\/wp\/v2\/types\/post"}],"author":[{"embeddable":true,"href":"https:\/\/www.pogotowieflagowe.pl\/aktualne\/wp-json\/wp\/v2\/users\/1"}],"replies":[{"embeddable":true,"href":"https:\/\/www.pogotowieflagowe.pl\/aktualne\/wp-json\/wp\/v2\/comments?post=10755"}],"version-history":[{"count":1,"href":"https:\/\/www.pogotowieflagowe.pl\/aktualne\/wp-json\/wp\/v2\/posts\/10755\/revisions"}],"predecessor-version":[{"id":10757,"href":"https:\/\/www.pogotowieflagowe.pl\/aktualne\/wp-json\/wp\/v2\/posts\/10755\/revisions\/10757"}],"wp:featuredmedia":[{"embeddable":true,"href":"https:\/\/www.pogotowieflagowe.pl\/aktualne\/wp-json\/wp\/v2\/media\/10756"}],"wp:attachment":[{"href":"https:\/\/www.pogotowieflagowe.pl\/aktualne\/wp-json\/wp\/v2\/media?parent=10755"}],"wp:term":[{"taxonomy":"category","embeddable":true,"href":"https:\/\/www.pogotowieflagowe.pl\/aktualne\/wp-json\/wp\/v2\/categories?post=10755"},{"taxonomy":"post_tag","embeddable":true,"href":"https:\/\/www.pogotowieflagowe.pl\/aktualne\/wp-json\/wp\/v2\/tags?post=10755"}],"curies":[{"name":"wp","href":"https:\/\/api.w.org\/{rel}","templated":true}]}}