{"id":10764,"date":"2025-11-19T12:31:20","date_gmt":"2025-11-19T11:31:20","guid":{"rendered":"https:\/\/www.pogotowieflagowe.pl\/aktualne\/prezydent-spotyka-sie-z-najwyzszymi-urzednikami-wymiaru-sprawiedliwosci-na-temat-stanu-praworzadnosci\/"},"modified":"2025-11-19T12:31:23","modified_gmt":"2025-11-19T11:31:23","slug":"prezydent-spotyka-sie-z-najwyzszymi-urzednikami-wymiaru-sprawiedliwosci-na-temat-stanu-praworzadnosci","status":"publish","type":"post","link":"https:\/\/www.pogotowieflagowe.pl\/aktualne\/prezydent-spotyka-sie-z-najwyzszymi-urzednikami-wymiaru-sprawiedliwosci-na-temat-stanu-praworzadnosci\/","title":{"rendered":"Prezydent spotyka si\u0119 z najwy\u017cszymi urz\u0119dnikami wymiaru sprawiedliwo\u015bci na temat stanu praworz\u0105dno\u015bci"},"content":{"rendered":"\n<div class=\"td_block_wrap tdb_single_content tdi_41 td-pb-border-top td_block_template_8 td-post-content tagdiv-type\" data-td-block-uid=\"tdi_41\">\n<style>.tdi_41{margines-top:0px!important;margin-bottom:0px!important;dope\u0142nienie-g\u00f3ra:0px!important;dope\u0142nienie-d\u00f3\u0142:0px!important}<\/style>\n<style>.tdb_single_content{margin-bottom:0;*zoom:1}.tdb_single_content:before,.tdb_single_content:after{display:table;content:'';line-height:0}.tdb_single_content:after{clear:both}.tdb_single_content .tdb-block-inner>*:not(.wp-block-quote):not(.alignwide):not(.alignfull.wp-block-cover.has-parallax):not(.td-a-ad){margin-left:auto;margin-right:auto}.tdb_single_content a{pointer-events:auto}.tdb_single_content .td-spot-id-top_ad .tdc-placeholder-title:before{content:'Najlepsza reklama artyku\u0142u'!important}.tdb_single_content .td-spot-id-inline_ad0 .tdc-placeholder-title:before{content:'Reklama wbudowana artyku\u0142u 1'!important}.tdb_single_content .td-spot-id-inline_ad1 .tdc-placeholder-title:before{content:'Wbudowana reklama w artykule 2'!important}.tdb_single_content .td-spot-id-inline_ad2 .tdc-placeholder-title:before{content:'Wbudowana reklama w artykule 3'!important}.tdb_single_content .td-spot-id-bottom_ad .tdc-placeholder-title:before{content:'Article Bottom Ad'!important}.tdb_single_content .id_top_ad,.tdb_single_content .id_bottom_ad{clear:both;margin-bottom:21px;text-align:center}.tdb_single_content .id_top_ad img,.tdb_single_content .id_bottom_ad img{margin-bottom:0}.tdb_single_content .id_top_ad .adsbygoogle,.tdb_single_content .id_bottom_ad .adsbygoogle{position:relative}.tdb_single_content .id_ad_content-horiz-left,.tdb_single_content .id_ad_content-horiz-right,.tdb_single_content .id_ad_content-horiz-center{margin-bottom:15px}.tdb_single_content .id_ad_content-horiz-left img,.tdb_single_content .id_ad_content-horiz-right img,.tdb_single_content .id_ad_content-horiz-center img{margin-bottom:0}.tdb_single_content .id_ad_content-horiz-center{text-align:center}.tdb_single_content .id_ad_content-horiz-center img{margin-right:auto;margin-left:auto}.tdb_single_content .id_ad_content-horiz-left{float:left;margin-top:9px;margin-right:21px}.tdb_single_content .id_ad_content-horiz-right{float:right;margin-top:6px;margin-left:21px}.tdb_single_content .tdc-a-ad .tdc-placeholder-title{width:300px;height:250px}.tdb_single_content .tdc-a-ad .tdc-placeholder-title:before{position:absolute;top:50%;-webkit-transform:translateY(-50%);transform:translateY(-50%);margin:auto;display:table;width:100%}.tdb_single_content .tdb-block-inner.td-fix-index{word-break:break-word}.tdi_41,.tdi_41>p,.tdi_41 .tdb-block-inner>p,.wp-block-column>p{font-size:16px!important;line-height:1.6!important}.tdi_41 .tdb-block-inner blockquote p{font-style:normal!important}@media (max-width:767px){.tdb_single_content .id_ad_content-horiz-left,.tdb_single_content .id_ad_content-horiz-right,.tdb_single_content .id_ad_content-horiz-center{margin:0 auto 26 pikseli auto}}@media (max-width:767px){.tdb_single_content .id_ad_content-horiz-left{margin-right:0}}@media (max-width:767px){.tdb_single_content .id_ad_content-horiz-right{margin-left:0}}@media (max-width:767px){.tdb_single_content .td-a-ad{float:none;text-align:center}.tdb_single_content .td-a-ad img{margin-right:auto;margin-left:auto}.tdb_single_content .tdc-a-ad{float:none}}<\/style>\n<div class=\"tdb-block-inner td-fix-index\">\n<p>Prezydent Karol Nawrocki spotka\u0142 si\u0119 z Pierwsz\u0105 Prezes S\u0105du Najwy\u017cszego Ma\u0142gorzat\u0105 Manowsk\u0105 i Prezesem Trybuna\u0142u Konstytucyjnego Bogdanem \u015awi\u0119czkowskim. Informacj\u0119 przekaza\u0142a Kancelaria Prezydenta. Wcze\u015bniej Nawrocki zapowiedzia\u0142 m.in., \u017ce wkr\u00f3tce powo\u0142a Rad\u0119 Prezydenck\u0105, kt\u00f3rej zadaniem b\u0119dzie opracowanie nowej konstytucji.<\/p>\n<p>&#8222;Rozmowy dotyczy\u0142y stanu praworz\u0105dno\u015bci w Polsce oraz sytuacji w wymiarze sprawiedliwo\u015bci. Omawiano funkcjonowanie S\u0105du Najwy\u017cszego i Trybuna\u0142u Konstytucyjnego \u2013 instytucji kluczowych dla utrzymania porz\u0105dku konstytucyjnego pa\u0144stwa, ale tak\u017ce dla ochrony praw obywateli&#8221; \u2013 czytamy w o\u015bwiadczeniu Kancelarii.<\/p>\n<h2 class=\"wp-block-heading\">Naprawa systemu prawnego<\/h2>\n<p>Wcze\u015bniej w rozmowie z Radiem Wnet prezydent by\u0142 pytany o kwestie zwi\u0105zane z praworz\u0105dno\u015bci\u0105. W trakcie rozmowy m\u00f3wi\u0142 o utworzeniu dw\u00f3ch rad. Mo\u017cna by si\u0119 skupi\u0107 na nowej konstytucji. &#8222;Nie zosta\u0142o to jeszcze ustalone, poniewa\u017c jest to proces bardzo z\u0142o\u017cony. M\u00f3wimy o konstytucji, kt\u00f3ra ma prawie 30 lat, wi\u0119c wyb\u00f3r odpowiednich uczonych do tej rady (&#8230;) jest procesem skomplikowanym&#8221; &#8211; powiedzia\u0142.<\/p>\n<figure class=\"wp-block-pullquote\">\n<blockquote>\n<p>\u201eTen proces wkr\u00f3tce si\u0119 zako\u0144czy\u201d <\/p>\n<p><cite>o\u015bwiadczy\u0142.<\/cite><\/p><\/blockquote>\n<\/figure>\n<h2 class=\"wp-block-heading\">Propozycja prezydenta<\/h2>\n<p>Nad napraw\u0105 ustroju pa\u0144stwa mia\u0142a pracowa\u0107 druga Rada Prezydencka. Zapytany o projekt ustawy o praworz\u0105dno\u015bci zaproponowany przez Ministra Sprawiedliwo\u015bci Waldemara \u017burka, kt\u00f3ry zdaniem wielu ekspert\u00f3w jest niezgodny z prawem, odpowiedzia\u0142, \u017ce zaproponuje w\u0142asny projekt.<\/p>\n<figure class=\"wp-block-pullquote\">\n<blockquote>\n<p>&#8222;Rada Naprawy Ustroju Pa\u0144stwa przygotuje konkretne rozwi\u0105zania legislacyjne, kt\u00f3re jako prezydent, przypominam, bez obci\u0105\u017cenia politycznego, zaproponuj\u0119 polskiemu parlamentowi. A je\u015bli to si\u0119 nie powiedzie, zwr\u00f3c\u0119 si\u0119 do Senatu z wnioskiem o referendum&#8221; <\/p>\n<p><cite>stwierdzi\u0142.<\/cite><\/p><\/blockquote>\n<\/figure>\n<\/div>\n<\/div>\n","protected":false},"excerpt":{"rendered":"<p>Prezydent Karol Nawrocki spotka\u0142 si\u0119 z Pierwsz\u0105 Prezes S\u0105du Najwy\u017cszego Ma\u0142gorzat\u0105 Manowsk\u0105 i Prezesem Trybuna\u0142u Konstytucyjnego Bogdanem \u015awi\u0119czkowskim. Informacj\u0119 przekaza\u0142a<\/p>\n","protected":false},"author":1,"featured_media":10765,"comment_status":"open","ping_status":"open","sticky":false,"template":"","format":"standard","meta":{"footnotes":""},"categories":[4748],"tags":[12221,2434,341,150,3602,757,2874,412,12222,5319],"class_list":["post-10764","post","type-post","status-publish","format-standard","has-post-thumbnail","hentry","category-aktualne","tag-najwyzszymi","tag-praworzadnosci","tag-prezydent","tag-sie","tag-spotyka","tag-sprawiedliwosci","tag-stanu","tag-temat","tag-urzednikami","tag-wymiaru","generate-columns","tablet-grid-50","mobile-grid-100","grid-parent","grid-50","resize-featured-image"],"yoast_head":"<!-- This site is optimized with the Yoast SEO plugin v23.2 - https:\/\/yoast.com\/wordpress\/plugins\/seo\/ -->\n<title>Prezydent spotyka si\u0119 z najwy\u017cszymi urz\u0119dnikami wymiaru sprawiedliwo\u015bci na temat stanu praworz\u0105dno\u015bci - POGOTOWIE FLAGOWE\u00ae<\/title>\n<meta name=\"robots\" content=\"index, follow, max-snippet:-1, max-image-preview:large, max-video-preview:-1\" \/>\n<link rel=\"canonical\" href=\"https:\/\/www.pogotowieflagowe.pl\/aktualne\/prezydent-spotyka-sie-z-najwyzszymi-urzednikami-wymiaru-sprawiedliwosci-na-temat-stanu-praworzadnosci\/\" \/>\n<meta property=\"og:locale\" content=\"pl_PL\" \/>\n<meta property=\"og:type\" content=\"article\" \/>\n<meta property=\"og:title\" content=\"Prezydent spotyka si\u0119 z najwy\u017cszymi urz\u0119dnikami wymiaru sprawiedliwo\u015bci na temat stanu praworz\u0105dno\u015bci - POGOTOWIE FLAGOWE\u00ae\" \/>\n<meta property=\"og:description\" content=\"Prezydent Karol Nawrocki spotka\u0142 si\u0119 z Pierwsz\u0105 Prezes S\u0105du Najwy\u017cszego Ma\u0142gorzat\u0105 Manowsk\u0105 i Prezesem Trybuna\u0142u Konstytucyjnego Bogdanem \u015awi\u0119czkowskim. Informacj\u0119 przekaza\u0142a\" \/>\n<meta property=\"og:url\" content=\"https:\/\/www.pogotowieflagowe.pl\/aktualne\/prezydent-spotyka-sie-z-najwyzszymi-urzednikami-wymiaru-sprawiedliwosci-na-temat-stanu-praworzadnosci\/\" \/>\n<meta property=\"og:site_name\" content=\"POGOTOWIE FLAGOWE\u00ae\" \/>\n<meta property=\"article:published_time\" content=\"2025-11-19T11:31:20+00:00\" \/>\n<meta property=\"article:modified_time\" content=\"2025-11-19T11:31:23+00:00\" \/>\n<meta property=\"og:image\" content=\"https:\/\/www.pogotowieflagowe.pl\/aktualne\/wp-content\/uploads\/2025\/11\/Prezydent-spotyka-sie-z-najwyzszymi-urzednikami-wymiaru-sprawiedliwosci-na-temat.jpeg\" \/>\n\t<meta property=\"og:image:width\" content=\"2000\" \/>\n\t<meta property=\"og:image:height\" content=\"1333\" \/>\n\t<meta property=\"og:image:type\" content=\"image\/jpeg\" \/>\n<meta name=\"author\" content=\"Filip\" \/>\n<meta name=\"twitter:card\" content=\"summary_large_image\" \/>\n<meta name=\"twitter:label1\" content=\"Napisane przez\" \/>\n\t<meta name=\"twitter:data1\" content=\"Filip\" \/>\n\t<meta name=\"twitter:label2\" content=\"Szacowany czas czytania\" \/>\n\t<meta name=\"twitter:data2\" content=\"1 minuta\" \/>\n<script type=\"application\/ld+json\" class=\"yoast-schema-graph\">{\"@context\":\"https:\/\/schema.org\",\"@graph\":[{\"@type\":\"Article\",\"@id\":\"https:\/\/www.pogotowieflagowe.pl\/aktualne\/prezydent-spotyka-sie-z-najwyzszymi-urzednikami-wymiaru-sprawiedliwosci-na-temat-stanu-praworzadnosci\/#article\",\"isPartOf\":{\"@id\":\"https:\/\/www.pogotowieflagowe.pl\/aktualne\/prezydent-spotyka-sie-z-najwyzszymi-urzednikami-wymiaru-sprawiedliwosci-na-temat-stanu-praworzadnosci\/\"},\"author\":{\"name\":\"Filip\",\"@id\":\"https:\/\/www.pogotowieflagowe.pl\/aktualne\/#\/schema\/person\/9c2fb7d2362ebf6fa088960d7f0d27b0\"},\"headline\":\"Prezydent spotyka si\u0119 z najwy\u017cszymi urz\u0119dnikami wymiaru sprawiedliwo\u015bci na temat stanu praworz\u0105dno\u015bci\",\"datePublished\":\"2025-11-19T11:31:20+00:00\",\"dateModified\":\"2025-11-19T11:31:23+00:00\",\"mainEntityOfPage\":{\"@id\":\"https:\/\/www.pogotowieflagowe.pl\/aktualne\/prezydent-spotyka-sie-z-najwyzszymi-urzednikami-wymiaru-sprawiedliwosci-na-temat-stanu-praworzadnosci\/\"},\"wordCount\":280,\"commentCount\":0,\"publisher\":{\"@id\":\"https:\/\/www.pogotowieflagowe.pl\/aktualne\/#organization\"},\"image\":{\"@id\":\"https:\/\/www.pogotowieflagowe.pl\/aktualne\/prezydent-spotyka-sie-z-najwyzszymi-urzednikami-wymiaru-sprawiedliwosci-na-temat-stanu-praworzadnosci\/#primaryimage\"},\"thumbnailUrl\":\"https:\/\/www.pogotowieflagowe.pl\/aktualne\/wp-content\/uploads\/2025\/11\/Prezydent-spotyka-sie-z-najwyzszymi-urzednikami-wymiaru-sprawiedliwosci-na-temat.jpeg\",\"keywords\":[\"najwy\u017cszymi\",\"praworz\u0105dno\u015bci\",\"Prezydent\",\"si\u0119\",\"spotyka\",\"sprawiedliwo\u015bci\",\"stanu\",\"temat\",\"urz\u0119dnikami\",\"wymiaru\"],\"articleSection\":[\"Aktualne\"],\"inLanguage\":\"pl-PL\",\"potentialAction\":[{\"@type\":\"CommentAction\",\"name\":\"Comment\",\"target\":[\"https:\/\/www.pogotowieflagowe.pl\/aktualne\/prezydent-spotyka-sie-z-najwyzszymi-urzednikami-wymiaru-sprawiedliwosci-na-temat-stanu-praworzadnosci\/#respond\"]}]},{\"@type\":\"WebPage\",\"@id\":\"https:\/\/www.pogotowieflagowe.pl\/aktualne\/prezydent-spotyka-sie-z-najwyzszymi-urzednikami-wymiaru-sprawiedliwosci-na-temat-stanu-praworzadnosci\/\",\"url\":\"https:\/\/www.pogotowieflagowe.pl\/aktualne\/prezydent-spotyka-sie-z-najwyzszymi-urzednikami-wymiaru-sprawiedliwosci-na-temat-stanu-praworzadnosci\/\",\"name\":\"Prezydent spotyka si\u0119 z najwy\u017cszymi urz\u0119dnikami wymiaru sprawiedliwo\u015bci na temat stanu praworz\u0105dno\u015bci - POGOTOWIE FLAGOWE\u00ae\",\"isPartOf\":{\"@id\":\"https:\/\/www.pogotowieflagowe.pl\/aktualne\/#website\"},\"primaryImageOfPage\":{\"@id\":\"https:\/\/www.pogotowieflagowe.pl\/aktualne\/prezydent-spotyka-sie-z-najwyzszymi-urzednikami-wymiaru-sprawiedliwosci-na-temat-stanu-praworzadnosci\/#primaryimage\"},\"image\":{\"@id\":\"https:\/\/www.pogotowieflagowe.pl\/aktualne\/prezydent-spotyka-sie-z-najwyzszymi-urzednikami-wymiaru-sprawiedliwosci-na-temat-stanu-praworzadnosci\/#primaryimage\"},\"thumbnailUrl\":\"https:\/\/www.pogotowieflagowe.pl\/aktualne\/wp-content\/uploads\/2025\/11\/Prezydent-spotyka-sie-z-najwyzszymi-urzednikami-wymiaru-sprawiedliwosci-na-temat.jpeg\",\"datePublished\":\"2025-11-19T11:31:20+00:00\",\"dateModified\":\"2025-11-19T11:31:23+00:00\",\"breadcrumb\":{\"@id\":\"https:\/\/www.pogotowieflagowe.pl\/aktualne\/prezydent-spotyka-sie-z-najwyzszymi-urzednikami-wymiaru-sprawiedliwosci-na-temat-stanu-praworzadnosci\/#breadcrumb\"},\"inLanguage\":\"pl-PL\",\"potentialAction\":[{\"@type\":\"ReadAction\",\"target\":[\"https:\/\/www.pogotowieflagowe.pl\/aktualne\/prezydent-spotyka-sie-z-najwyzszymi-urzednikami-wymiaru-sprawiedliwosci-na-temat-stanu-praworzadnosci\/\"]}]},{\"@type\":\"ImageObject\",\"inLanguage\":\"pl-PL\",\"@id\":\"https:\/\/www.pogotowieflagowe.pl\/aktualne\/prezydent-spotyka-sie-z-najwyzszymi-urzednikami-wymiaru-sprawiedliwosci-na-temat-stanu-praworzadnosci\/#primaryimage\",\"url\":\"https:\/\/www.pogotowieflagowe.pl\/aktualne\/wp-content\/uploads\/2025\/11\/Prezydent-spotyka-sie-z-najwyzszymi-urzednikami-wymiaru-sprawiedliwosci-na-temat.jpeg\",\"contentUrl\":\"https:\/\/www.pogotowieflagowe.pl\/aktualne\/wp-content\/uploads\/2025\/11\/Prezydent-spotyka-sie-z-najwyzszymi-urzednikami-wymiaru-sprawiedliwosci-na-temat.jpeg\",\"width\":2000,\"height\":1333,\"caption\":\"Prezydent spotyka si\u0119 z najwy\u017cszymi urz\u0119dnikami wymiaru sprawiedliwo\u015bci na temat stanu praworz\u0105dno\u015bci\"},{\"@type\":\"BreadcrumbList\",\"@id\":\"https:\/\/www.pogotowieflagowe.pl\/aktualne\/prezydent-spotyka-sie-z-najwyzszymi-urzednikami-wymiaru-sprawiedliwosci-na-temat-stanu-praworzadnosci\/#breadcrumb\",\"itemListElement\":[{\"@type\":\"ListItem\",\"position\":1,\"name\":\"Home\",\"item\":\"https:\/\/www.pogotowieflagowe.pl\/aktualne\/\"},{\"@type\":\"ListItem\",\"position\":2,\"name\":\"Prezydent spotyka si\u0119 z najwy\u017cszymi urz\u0119dnikami wymiaru sprawiedliwo\u015bci na temat stanu praworz\u0105dno\u015bci\"}]},{\"@type\":\"WebSite\",\"@id\":\"https:\/\/www.pogotowieflagowe.pl\/aktualne\/#website\",\"url\":\"https:\/\/www.pogotowieflagowe.pl\/aktualne\/\",\"name\":\"POGOTOWIE FLAGOWE\u00ae\",\"description\":\"\",\"publisher\":{\"@id\":\"https:\/\/www.pogotowieflagowe.pl\/aktualne\/#organization\"},\"potentialAction\":[{\"@type\":\"SearchAction\",\"target\":{\"@type\":\"EntryPoint\",\"urlTemplate\":\"https:\/\/www.pogotowieflagowe.pl\/aktualne\/?s={search_term_string}\"},\"query-input\":\"required name=search_term_string\"}],\"inLanguage\":\"pl-PL\"},{\"@type\":\"Organization\",\"@id\":\"https:\/\/www.pogotowieflagowe.pl\/aktualne\/#organization\",\"name\":\"POGOTOWIE FLAGOWE\u00ae\",\"url\":\"https:\/\/www.pogotowieflagowe.pl\/aktualne\/\",\"logo\":{\"@type\":\"ImageObject\",\"inLanguage\":\"pl-PL\",\"@id\":\"https:\/\/www.pogotowieflagowe.pl\/aktualne\/#\/schema\/logo\/image\/\",\"url\":\"https:\/\/www.pogotowieflagowe.pl\/aktualne\/wp-content\/uploads\/2024\/08\/cropped-pogotowieflagowe_flaga_projekt_sm.jpg\",\"contentUrl\":\"https:\/\/www.pogotowieflagowe.pl\/aktualne\/wp-content\/uploads\/2024\/08\/cropped-pogotowieflagowe_flaga_projekt_sm.jpg\",\"width\":250,\"height\":143,\"caption\":\"POGOTOWIE FLAGOWE\u00ae\"},\"image\":{\"@id\":\"https:\/\/www.pogotowieflagowe.pl\/aktualne\/#\/schema\/logo\/image\/\"}},{\"@type\":\"Person\",\"@id\":\"https:\/\/www.pogotowieflagowe.pl\/aktualne\/#\/schema\/person\/9c2fb7d2362ebf6fa088960d7f0d27b0\",\"name\":\"Filip\",\"image\":{\"@type\":\"ImageObject\",\"inLanguage\":\"pl-PL\",\"@id\":\"https:\/\/www.pogotowieflagowe.pl\/aktualne\/#\/schema\/person\/image\/\",\"url\":\"https:\/\/www.pogotowieflagowe.pl\/aktualne\/wp-content\/uploads\/2024\/08\/pogotowieflagowe.pl_.jpg\",\"contentUrl\":\"https:\/\/www.pogotowieflagowe.pl\/aktualne\/wp-content\/uploads\/2024\/08\/pogotowieflagowe.pl_.jpg\",\"caption\":\"Filip\"},\"description\":\"Jestem Filip, polski dziennikarz z dyplomem nauk politycznych Uniwersytetu Warszawskiego. Rozpoczynaj\u0105c swoj\u0105 karier\u0119 w r\u00f3\u017cnych lokalnych mediach, zdoby\u0142em solidne do\u015bwiadczenie w zakresie \u015bledztwa i redakcji. Obecnie jako redaktor w Pogotowie flagowe, staram si\u0119 dostarcza\u0107 dog\u0142\u0119bne i istotne analizy na temat najwa\u017cniejszych kwestii aktualno\u015bci, \u0142\u0105cz\u0105c rygor z pasj\u0105 dziennikarsk\u0105.\",\"sameAs\":[\"https:\/\/www.pogotowieflagowe.pl\/\"]}]}<\/script>\n<!-- \/ Yoast SEO plugin. -->","yoast_head_json":{"title":"Prezydent spotyka si\u0119 z najwy\u017cszymi urz\u0119dnikami wymiaru sprawiedliwo\u015bci na temat stanu praworz\u0105dno\u015bci - POGOTOWIE FLAGOWE\u00ae","robots":{"index":"index","follow":"follow","max-snippet":"max-snippet:-1","max-image-preview":"max-image-preview:large","max-video-preview":"max-video-preview:-1"},"canonical":"https:\/\/www.pogotowieflagowe.pl\/aktualne\/prezydent-spotyka-sie-z-najwyzszymi-urzednikami-wymiaru-sprawiedliwosci-na-temat-stanu-praworzadnosci\/","og_locale":"pl_PL","og_type":"article","og_title":"Prezydent spotyka si\u0119 z najwy\u017cszymi urz\u0119dnikami wymiaru sprawiedliwo\u015bci na temat stanu praworz\u0105dno\u015bci - POGOTOWIE FLAGOWE\u00ae","og_description":"Prezydent Karol Nawrocki spotka\u0142 si\u0119 z Pierwsz\u0105 Prezes S\u0105du Najwy\u017cszego Ma\u0142gorzat\u0105 Manowsk\u0105 i Prezesem Trybuna\u0142u Konstytucyjnego Bogdanem \u015awi\u0119czkowskim. Informacj\u0119 przekaza\u0142a","og_url":"https:\/\/www.pogotowieflagowe.pl\/aktualne\/prezydent-spotyka-sie-z-najwyzszymi-urzednikami-wymiaru-sprawiedliwosci-na-temat-stanu-praworzadnosci\/","og_site_name":"POGOTOWIE FLAGOWE\u00ae","article_published_time":"2025-11-19T11:31:20+00:00","article_modified_time":"2025-11-19T11:31:23+00:00","og_image":[{"width":2000,"height":1333,"url":"https:\/\/www.pogotowieflagowe.pl\/aktualne\/wp-content\/uploads\/2025\/11\/Prezydent-spotyka-sie-z-najwyzszymi-urzednikami-wymiaru-sprawiedliwosci-na-temat.jpeg","type":"image\/jpeg"}],"author":"Filip","twitter_card":"summary_large_image","twitter_misc":{"Napisane przez":"Filip","Szacowany czas czytania":"1 minuta"},"schema":{"@context":"https:\/\/schema.org","@graph":[{"@type":"Article","@id":"https:\/\/www.pogotowieflagowe.pl\/aktualne\/prezydent-spotyka-sie-z-najwyzszymi-urzednikami-wymiaru-sprawiedliwosci-na-temat-stanu-praworzadnosci\/#article","isPartOf":{"@id":"https:\/\/www.pogotowieflagowe.pl\/aktualne\/prezydent-spotyka-sie-z-najwyzszymi-urzednikami-wymiaru-sprawiedliwosci-na-temat-stanu-praworzadnosci\/"},"author":{"name":"Filip","@id":"https:\/\/www.pogotowieflagowe.pl\/aktualne\/#\/schema\/person\/9c2fb7d2362ebf6fa088960d7f0d27b0"},"headline":"Prezydent spotyka si\u0119 z najwy\u017cszymi urz\u0119dnikami wymiaru sprawiedliwo\u015bci na temat stanu praworz\u0105dno\u015bci","datePublished":"2025-11-19T11:31:20+00:00","dateModified":"2025-11-19T11:31:23+00:00","mainEntityOfPage":{"@id":"https:\/\/www.pogotowieflagowe.pl\/aktualne\/prezydent-spotyka-sie-z-najwyzszymi-urzednikami-wymiaru-sprawiedliwosci-na-temat-stanu-praworzadnosci\/"},"wordCount":280,"commentCount":0,"publisher":{"@id":"https:\/\/www.pogotowieflagowe.pl\/aktualne\/#organization"},"image":{"@id":"https:\/\/www.pogotowieflagowe.pl\/aktualne\/prezydent-spotyka-sie-z-najwyzszymi-urzednikami-wymiaru-sprawiedliwosci-na-temat-stanu-praworzadnosci\/#primaryimage"},"thumbnailUrl":"https:\/\/www.pogotowieflagowe.pl\/aktualne\/wp-content\/uploads\/2025\/11\/Prezydent-spotyka-sie-z-najwyzszymi-urzednikami-wymiaru-sprawiedliwosci-na-temat.jpeg","keywords":["najwy\u017cszymi","praworz\u0105dno\u015bci","Prezydent","si\u0119","spotyka","sprawiedliwo\u015bci","stanu","temat","urz\u0119dnikami","wymiaru"],"articleSection":["Aktualne"],"inLanguage":"pl-PL","potentialAction":[{"@type":"CommentAction","name":"Comment","target":["https:\/\/www.pogotowieflagowe.pl\/aktualne\/prezydent-spotyka-sie-z-najwyzszymi-urzednikami-wymiaru-sprawiedliwosci-na-temat-stanu-praworzadnosci\/#respond"]}]},{"@type":"WebPage","@id":"https:\/\/www.pogotowieflagowe.pl\/aktualne\/prezydent-spotyka-sie-z-najwyzszymi-urzednikami-wymiaru-sprawiedliwosci-na-temat-stanu-praworzadnosci\/","url":"https:\/\/www.pogotowieflagowe.pl\/aktualne\/prezydent-spotyka-sie-z-najwyzszymi-urzednikami-wymiaru-sprawiedliwosci-na-temat-stanu-praworzadnosci\/","name":"Prezydent spotyka si\u0119 z najwy\u017cszymi urz\u0119dnikami wymiaru sprawiedliwo\u015bci na temat stanu praworz\u0105dno\u015bci - POGOTOWIE FLAGOWE\u00ae","isPartOf":{"@id":"https:\/\/www.pogotowieflagowe.pl\/aktualne\/#website"},"primaryImageOfPage":{"@id":"https:\/\/www.pogotowieflagowe.pl\/aktualne\/prezydent-spotyka-sie-z-najwyzszymi-urzednikami-wymiaru-sprawiedliwosci-na-temat-stanu-praworzadnosci\/#primaryimage"},"image":{"@id":"https:\/\/www.pogotowieflagowe.pl\/aktualne\/prezydent-spotyka-sie-z-najwyzszymi-urzednikami-wymiaru-sprawiedliwosci-na-temat-stanu-praworzadnosci\/#primaryimage"},"thumbnailUrl":"https:\/\/www.pogotowieflagowe.pl\/aktualne\/wp-content\/uploads\/2025\/11\/Prezydent-spotyka-sie-z-najwyzszymi-urzednikami-wymiaru-sprawiedliwosci-na-temat.jpeg","datePublished":"2025-11-19T11:31:20+00:00","dateModified":"2025-11-19T11:31:23+00:00","breadcrumb":{"@id":"https:\/\/www.pogotowieflagowe.pl\/aktualne\/prezydent-spotyka-sie-z-najwyzszymi-urzednikami-wymiaru-sprawiedliwosci-na-temat-stanu-praworzadnosci\/#breadcrumb"},"inLanguage":"pl-PL","potentialAction":[{"@type":"ReadAction","target":["https:\/\/www.pogotowieflagowe.pl\/aktualne\/prezydent-spotyka-sie-z-najwyzszymi-urzednikami-wymiaru-sprawiedliwosci-na-temat-stanu-praworzadnosci\/"]}]},{"@type":"ImageObject","inLanguage":"pl-PL","@id":"https:\/\/www.pogotowieflagowe.pl\/aktualne\/prezydent-spotyka-sie-z-najwyzszymi-urzednikami-wymiaru-sprawiedliwosci-na-temat-stanu-praworzadnosci\/#primaryimage","url":"https:\/\/www.pogotowieflagowe.pl\/aktualne\/wp-content\/uploads\/2025\/11\/Prezydent-spotyka-sie-z-najwyzszymi-urzednikami-wymiaru-sprawiedliwosci-na-temat.jpeg","contentUrl":"https:\/\/www.pogotowieflagowe.pl\/aktualne\/wp-content\/uploads\/2025\/11\/Prezydent-spotyka-sie-z-najwyzszymi-urzednikami-wymiaru-sprawiedliwosci-na-temat.jpeg","width":2000,"height":1333,"caption":"Prezydent spotyka si\u0119 z najwy\u017cszymi urz\u0119dnikami wymiaru sprawiedliwo\u015bci na temat stanu praworz\u0105dno\u015bci"},{"@type":"BreadcrumbList","@id":"https:\/\/www.pogotowieflagowe.pl\/aktualne\/prezydent-spotyka-sie-z-najwyzszymi-urzednikami-wymiaru-sprawiedliwosci-na-temat-stanu-praworzadnosci\/#breadcrumb","itemListElement":[{"@type":"ListItem","position":1,"name":"Home","item":"https:\/\/www.pogotowieflagowe.pl\/aktualne\/"},{"@type":"ListItem","position":2,"name":"Prezydent spotyka si\u0119 z najwy\u017cszymi urz\u0119dnikami wymiaru sprawiedliwo\u015bci na temat stanu praworz\u0105dno\u015bci"}]},{"@type":"WebSite","@id":"https:\/\/www.pogotowieflagowe.pl\/aktualne\/#website","url":"https:\/\/www.pogotowieflagowe.pl\/aktualne\/","name":"POGOTOWIE FLAGOWE\u00ae","description":"","publisher":{"@id":"https:\/\/www.pogotowieflagowe.pl\/aktualne\/#organization"},"potentialAction":[{"@type":"SearchAction","target":{"@type":"EntryPoint","urlTemplate":"https:\/\/www.pogotowieflagowe.pl\/aktualne\/?s={search_term_string}"},"query-input":"required name=search_term_string"}],"inLanguage":"pl-PL"},{"@type":"Organization","@id":"https:\/\/www.pogotowieflagowe.pl\/aktualne\/#organization","name":"POGOTOWIE FLAGOWE\u00ae","url":"https:\/\/www.pogotowieflagowe.pl\/aktualne\/","logo":{"@type":"ImageObject","inLanguage":"pl-PL","@id":"https:\/\/www.pogotowieflagowe.pl\/aktualne\/#\/schema\/logo\/image\/","url":"https:\/\/www.pogotowieflagowe.pl\/aktualne\/wp-content\/uploads\/2024\/08\/cropped-pogotowieflagowe_flaga_projekt_sm.jpg","contentUrl":"https:\/\/www.pogotowieflagowe.pl\/aktualne\/wp-content\/uploads\/2024\/08\/cropped-pogotowieflagowe_flaga_projekt_sm.jpg","width":250,"height":143,"caption":"POGOTOWIE FLAGOWE\u00ae"},"image":{"@id":"https:\/\/www.pogotowieflagowe.pl\/aktualne\/#\/schema\/logo\/image\/"}},{"@type":"Person","@id":"https:\/\/www.pogotowieflagowe.pl\/aktualne\/#\/schema\/person\/9c2fb7d2362ebf6fa088960d7f0d27b0","name":"Filip","image":{"@type":"ImageObject","inLanguage":"pl-PL","@id":"https:\/\/www.pogotowieflagowe.pl\/aktualne\/#\/schema\/person\/image\/","url":"https:\/\/www.pogotowieflagowe.pl\/aktualne\/wp-content\/uploads\/2024\/08\/pogotowieflagowe.pl_.jpg","contentUrl":"https:\/\/www.pogotowieflagowe.pl\/aktualne\/wp-content\/uploads\/2024\/08\/pogotowieflagowe.pl_.jpg","caption":"Filip"},"description":"Jestem Filip, polski dziennikarz z dyplomem nauk politycznych Uniwersytetu Warszawskiego. Rozpoczynaj\u0105c swoj\u0105 karier\u0119 w r\u00f3\u017cnych lokalnych mediach, zdoby\u0142em solidne do\u015bwiadczenie w zakresie \u015bledztwa i redakcji. Obecnie jako redaktor w Pogotowie flagowe, staram si\u0119 dostarcza\u0107 dog\u0142\u0119bne i istotne analizy na temat najwa\u017cniejszych kwestii aktualno\u015bci, \u0142\u0105cz\u0105c rygor z pasj\u0105 dziennikarsk\u0105.","sameAs":["https:\/\/www.pogotowieflagowe.pl\/"]}]}},"_links":{"self":[{"href":"https:\/\/www.pogotowieflagowe.pl\/aktualne\/wp-json\/wp\/v2\/posts\/10764","targetHints":{"allow":["GET"]}}],"collection":[{"href":"https:\/\/www.pogotowieflagowe.pl\/aktualne\/wp-json\/wp\/v2\/posts"}],"about":[{"href":"https:\/\/www.pogotowieflagowe.pl\/aktualne\/wp-json\/wp\/v2\/types\/post"}],"author":[{"embeddable":true,"href":"https:\/\/www.pogotowieflagowe.pl\/aktualne\/wp-json\/wp\/v2\/users\/1"}],"replies":[{"embeddable":true,"href":"https:\/\/www.pogotowieflagowe.pl\/aktualne\/wp-json\/wp\/v2\/comments?post=10764"}],"version-history":[{"count":1,"href":"https:\/\/www.pogotowieflagowe.pl\/aktualne\/wp-json\/wp\/v2\/posts\/10764\/revisions"}],"predecessor-version":[{"id":10766,"href":"https:\/\/www.pogotowieflagowe.pl\/aktualne\/wp-json\/wp\/v2\/posts\/10764\/revisions\/10766"}],"wp:featuredmedia":[{"embeddable":true,"href":"https:\/\/www.pogotowieflagowe.pl\/aktualne\/wp-json\/wp\/v2\/media\/10765"}],"wp:attachment":[{"href":"https:\/\/www.pogotowieflagowe.pl\/aktualne\/wp-json\/wp\/v2\/media?parent=10764"}],"wp:term":[{"taxonomy":"category","embeddable":true,"href":"https:\/\/www.pogotowieflagowe.pl\/aktualne\/wp-json\/wp\/v2\/categories?post=10764"},{"taxonomy":"post_tag","embeddable":true,"href":"https:\/\/www.pogotowieflagowe.pl\/aktualne\/wp-json\/wp\/v2\/tags?post=10764"}],"curies":[{"name":"wp","href":"https:\/\/api.w.org\/{rel}","templated":true}]}}