{"id":10767,"date":"2025-11-19T15:37:31","date_gmt":"2025-11-19T14:37:31","guid":{"rendered":"https:\/\/www.pogotowieflagowe.pl\/aktualne\/proces-grodzkiego-sakiewicza-czy-tym-razem-werdykt-wreszcie-zostanie-wydany\/"},"modified":"2025-11-19T15:37:31","modified_gmt":"2025-11-19T14:37:31","slug":"proces-grodzkiego-sakiewicza-czy-tym-razem-werdykt-wreszcie-zostanie-wydany","status":"publish","type":"post","link":"https:\/\/www.pogotowieflagowe.pl\/aktualne\/proces-grodzkiego-sakiewicza-czy-tym-razem-werdykt-wreszcie-zostanie-wydany\/","title":{"rendered":"Proces Grodzkiego-Sakiewicza. Czy tym razem werdykt wreszcie zostanie wydany?"},"content":{"rendered":"\n<div class=\"td_block_wrap tdb_single_content tdi_41 td-pb-border-top td_block_template_8 td-post-content tagdiv-type\" data-td-block-uid=\"tdi_41\">\n<style>.tdi_41{margines-top:0px!important;margin-bottom:0px!important;dope\u0142nienie-g\u00f3ra:0px!important;dope\u0142nienie-d\u00f3\u0142:0px!important}<\/style>\n<style>.tdb_single_content{margin-bottom:0;*zoom:1}.tdb_single_content:before,.tdb_single_content:after{display:table;content:'';line-height:0}.tdb_single_content:after{clear:both}.tdb_single_content .tdb-block-inner>*:not(.wp-block-quote):not(.alignwide):not(.alignfull.wp-block-cover.has-parallax):not(.td-a-ad){margin-left:auto;margin-right:auto}.tdb_single_content a{pointer-events:auto}.tdb_single_content .td-spot-id-top_ad .tdc-placeholder-title:before{content:'Najlepsza reklama artyku\u0142u'!important}.tdb_single_content .td-spot-id-inline_ad0 .tdc-placeholder-title:before{content:'Reklama wbudowana artyku\u0142u 1'!important}.tdb_single_content .td-spot-id-inline_ad1 .tdc-placeholder-title:before{content:'Wbudowana reklama w artykule 2'!important}.tdb_single_content .td-spot-id-inline_ad2 .tdc-placeholder-title:before{content:'Wbudowana reklama w artykule 3'!important}.tdb_single_content .td-spot-id-bottom_ad .tdc-placeholder-title:before{content:'Article Bottom Ad'!important}.tdb_single_content .id_top_ad,.tdb_single_content .id_bottom_ad{clear:both;margin-bottom:21px;text-align:center}.tdb_single_content .id_top_ad img,.tdb_single_content .id_bottom_ad img{margin-bottom:0}.tdb_single_content .id_top_ad .adsbygoogle,.tdb_single_content .id_bottom_ad .adsbygoogle{position:relative}.tdb_single_content .id_ad_content-horiz-left,.tdb_single_content .id_ad_content-horiz-right,.tdb_single_content .id_ad_content-horiz-center{margin-bottom:15px}.tdb_single_content .id_ad_content-horiz-left img,.tdb_single_content .id_ad_content-horiz-right img,.tdb_single_content .id_ad_content-horiz-center img{margin-bottom:0}.tdb_single_content .id_ad_content-horiz-center{text-align:center}.tdb_single_content .id_ad_content-horiz-center img{margin-right:auto;margin-left:auto}.tdb_single_content .id_ad_content-horiz-left{float:left;margin-top:9px;margin-right:21px}.tdb_single_content .id_ad_content-horiz-right{float:right;margin-top:6px;margin-left:21px}.tdb_single_content .tdc-a-ad .tdc-placeholder-title{width:300px;height:250px}.tdb_single_content .tdc-a-ad .tdc-placeholder-title:before{position:absolute;top:50%;-webkit-transform:translateY(-50%);transform:translateY(-50%);margin:auto;display:table;width:100%}.tdb_single_content .tdb-block-inner.td-fix-index{word-break:break-word}.tdi_41,.tdi_41>p,.tdi_41 .tdb-block-inner>p,.wp-block-column>p{font-size:16px!important;line-height:1.6!important}.tdi_41 .tdb-block-inner blockquote p{font-style:normal!important}@media (max-width:767px){.tdb_single_content .id_ad_content-horiz-left,.tdb_single_content .id_ad_content-horiz-right,.tdb_single_content .id_ad_content-horiz-center{margin:0 auto 26 pikseli auto}}@media (max-width:767px){.tdb_single_content .id_ad_content-horiz-left{margin-right:0}}@media (max-width:767px){.tdb_single_content .id_ad_content-horiz-right{margin-left:0}}@media (max-width:767px){.tdb_single_content .td-a-ad{float:none;text-align:center}.tdb_single_content .td-a-ad img{margin-right:auto;margin-left:auto}.tdb_single_content .tdc-a-ad{float:none}}<\/style>\n<div class=\"tdb-block-inner td-fix-index\">\n<p>Sprawa z pow\u00f3dztwa by\u0142ego Marsza\u0142ka Senatu Tomasza Grodzkiego przeciwko redaktorowi naczelnemu naszej stacji Tomaszowi Sakiewiczowi za nazwanie go <strong>\u201ezwyk\u0142y \u0142ap\u00f3wkarz\u201d<\/strong>dzisiaj ponownie wraca na sal\u0119 s\u0105dow\u0105. Proces trwa ju\u017c sze\u015b\u0107 lat i wci\u0105\u017c pojawiaj\u0105 si\u0119 nowe w\u0105tki. Oczekuje si\u0119, \u017ce s\u0105d og\u0142osi swoj\u0105 decyzj\u0119 po zapoznaniu si\u0119 z obszernymi aktami sprawy i dodatkowymi dowodami przedstawionymi przez \u015bwiadk\u00f3w.<\/p>\n<hr class=\"wp-block-separator has-alpha-channel-opacity\">\n<p>O godzinie 10:30 w S\u0105dzie Rejonowym dla Warszawy-Woli przy ulicy Kocjanej 3 rozpocz\u0119\u0142a si\u0119 rozprawa w sprawie Tomasza Grodzkiego przeciwko Tomaszowi Sakiewiczowi. By\u0142y marsza\u0142ek Senatu pozwa\u0142 prezydenta RP <em>Telewizja Republika<\/em> za to, \u017ce do niego zadzwoni\u0142e\u015b <strong>\u201ezwyk\u0142y \u0142ap\u00f3wkarz\u201d<\/strong>. Sprawa dotyczy zarzut\u00f3w o korupcj\u0119 w szczeci\u0144skim szpitalu, w kt\u00f3rym Grodzki pe\u0142ni\u0142 funkcj\u0119 dyrektora. Za znies\u0142awienie i zniewag\u0119 z art. 212 i 216 Kodeksu karnego grozi kara do dw\u00f3ch lat pozbawienia wolno\u015bci.<\/p>\n<p>Kilkakrotnie oczekiwano ju\u017c na wyrok, ale do redakcji stacji w dalszym ci\u0105gu nap\u0142ywa\u0142y doniesienia od kolejnych rannych pacjent\u00f3w i ich rodzin, kt\u00f3rzy byli gotowi przedstawi\u0107 dowody i zeznawa\u0107 w s\u0105dzie.<\/p>\n<p>Proces trwa ju\u017c sze\u015b\u0107 lat i w grudniu tego roku mo\u017ce ulec przedawnieniu.<\/p>\n<h2 class=\"wp-block-heading\"><strong>20 tom\u00f3w akt sprawy<\/strong><\/h2>\n<p>Jak wyja\u015bnia redaktor naczelny <em>Gazeta Polska<\/em>mec. Andrzej Lew-Mirski w rozmowie z portalem <em>Niezalezna.pl<\/em>s\u0105d wznowi\u0142 post\u0119powanie s\u0105dowe. Szczeg\u00f3ln\u0105 uwag\u0119 zwr\u00f3cono na wnioski z\u0142o\u017cone na poprzedniej rozprawie. W zwi\u0105zku z tym, \u017ce zg\u0142osili si\u0119 nowi \u015bwiadkowie w sprawie \u0142ap\u00f3wek wr\u0119czanych Grodzkiemu, kt\u00f3rzy wyrazili ch\u0119\u0107 z\u0142o\u017cenia zezna\u0144, warszawski s\u0105d zwr\u00f3ci\u0142 si\u0119 do <em>Prokuratura Okr\u0119gowa w Szczecinie<\/em> (<em>PR<\/em>) do akt umorzonej sprawy, w kt\u00f3rej zeznania z\u0142o\u017cy\u0142o 200 os\u00f3b.<\/p>\n<p>Strony mia\u0142y trzy tygodnie na zapoznanie si\u0119 z 20 tomami dokument\u00f3w.<\/p>\n<\/div>\n<\/div>\n","protected":false},"excerpt":{"rendered":"<p>Sprawa z pow\u00f3dztwa by\u0142ego Marsza\u0142ka Senatu Tomasza Grodzkiego przeciwko redaktorowi naczelnemu naszej stacji Tomaszowi Sakiewiczowi za nazwanie go \u201ezwyk\u0142y \u0142ap\u00f3wkarz\u201ddzisiaj<\/p>\n","protected":false},"author":1,"featured_media":10768,"comment_status":"open","ping_status":"open","sticky":false,"template":"","format":"standard","meta":{"footnotes":""},"categories":[4748],"tags":[501,12223,9045,3971,1829,5806,9566,2181,4292],"class_list":["post-10767","post","type-post","status-publish","format-standard","has-post-thumbnail","hentry","category-aktualne","tag-czy","tag-grodzkiegosakiewicza","tag-proces","tag-razem","tag-tym","tag-werdykt","tag-wreszcie","tag-wydany","tag-zostanie","generate-columns","tablet-grid-50","mobile-grid-100","grid-parent","grid-50","resize-featured-image"],"yoast_head":"<!-- This site is optimized with the Yoast SEO plugin v23.2 - https:\/\/yoast.com\/wordpress\/plugins\/seo\/ -->\n<title>Proces Grodzkiego-Sakiewicza. Czy tym razem werdykt wreszcie zostanie wydany? - POGOTOWIE FLAGOWE\u00ae<\/title>\n<meta name=\"robots\" content=\"index, follow, max-snippet:-1, max-image-preview:large, max-video-preview:-1\" \/>\n<link rel=\"canonical\" href=\"https:\/\/www.pogotowieflagowe.pl\/aktualne\/proces-grodzkiego-sakiewicza-czy-tym-razem-werdykt-wreszcie-zostanie-wydany\/\" \/>\n<meta property=\"og:locale\" content=\"pl_PL\" \/>\n<meta property=\"og:type\" content=\"article\" \/>\n<meta property=\"og:title\" content=\"Proces Grodzkiego-Sakiewicza. Czy tym razem werdykt wreszcie zostanie wydany? - POGOTOWIE FLAGOWE\u00ae\" \/>\n<meta property=\"og:description\" content=\"Sprawa z pow\u00f3dztwa by\u0142ego Marsza\u0142ka Senatu Tomasza Grodzkiego przeciwko redaktorowi naczelnemu naszej stacji Tomaszowi Sakiewiczowi za nazwanie go \u201ezwyk\u0142y \u0142ap\u00f3wkarz\u201ddzisiaj\" \/>\n<meta property=\"og:url\" content=\"https:\/\/www.pogotowieflagowe.pl\/aktualne\/proces-grodzkiego-sakiewicza-czy-tym-razem-werdykt-wreszcie-zostanie-wydany\/\" \/>\n<meta property=\"og:site_name\" content=\"POGOTOWIE FLAGOWE\u00ae\" \/>\n<meta property=\"article:published_time\" content=\"2025-11-19T14:37:31+00:00\" \/>\n<meta property=\"og:image\" content=\"https:\/\/www.pogotowieflagowe.pl\/aktualne\/wp-content\/uploads\/2025\/11\/Proces-Grodzkiego-Sakiewicza-Czy-tym-razem-werdykt-wreszcie-zostanie-wydany.webp.webp\" \/>\n\t<meta property=\"og:image:width\" content=\"1280\" \/>\n\t<meta property=\"og:image:height\" content=\"720\" \/>\n\t<meta property=\"og:image:type\" content=\"image\/webp\" \/>\n<meta name=\"author\" content=\"Filip\" \/>\n<meta name=\"twitter:card\" content=\"summary_large_image\" \/>\n<meta name=\"twitter:label1\" content=\"Napisane przez\" \/>\n\t<meta name=\"twitter:data1\" content=\"Filip\" \/>\n\t<meta name=\"twitter:label2\" content=\"Szacowany czas czytania\" \/>\n\t<meta name=\"twitter:data2\" content=\"2 minuty\" \/>\n<script type=\"application\/ld+json\" class=\"yoast-schema-graph\">{\"@context\":\"https:\/\/schema.org\",\"@graph\":[{\"@type\":\"Article\",\"@id\":\"https:\/\/www.pogotowieflagowe.pl\/aktualne\/proces-grodzkiego-sakiewicza-czy-tym-razem-werdykt-wreszcie-zostanie-wydany\/#article\",\"isPartOf\":{\"@id\":\"https:\/\/www.pogotowieflagowe.pl\/aktualne\/proces-grodzkiego-sakiewicza-czy-tym-razem-werdykt-wreszcie-zostanie-wydany\/\"},\"author\":{\"name\":\"Filip\",\"@id\":\"https:\/\/www.pogotowieflagowe.pl\/aktualne\/#\/schema\/person\/9c2fb7d2362ebf6fa088960d7f0d27b0\"},\"headline\":\"Proces Grodzkiego-Sakiewicza. Czy tym razem werdykt wreszcie zostanie wydany?\",\"datePublished\":\"2025-11-19T14:37:31+00:00\",\"dateModified\":\"2025-11-19T14:37:31+00:00\",\"mainEntityOfPage\":{\"@id\":\"https:\/\/www.pogotowieflagowe.pl\/aktualne\/proces-grodzkiego-sakiewicza-czy-tym-razem-werdykt-wreszcie-zostanie-wydany\/\"},\"wordCount\":309,\"commentCount\":0,\"publisher\":{\"@id\":\"https:\/\/www.pogotowieflagowe.pl\/aktualne\/#organization\"},\"image\":{\"@id\":\"https:\/\/www.pogotowieflagowe.pl\/aktualne\/proces-grodzkiego-sakiewicza-czy-tym-razem-werdykt-wreszcie-zostanie-wydany\/#primaryimage\"},\"thumbnailUrl\":\"https:\/\/www.pogotowieflagowe.pl\/aktualne\/wp-content\/uploads\/2025\/11\/Proces-Grodzkiego-Sakiewicza-Czy-tym-razem-werdykt-wreszcie-zostanie-wydany.webp.webp\",\"keywords\":[\"Czy\",\"GrodzkiegoSakiewicza\",\"proces\",\"razem\",\"tym\",\"werdykt\",\"wreszcie\",\"wydany\",\"zostanie\"],\"articleSection\":[\"Aktualne\"],\"inLanguage\":\"pl-PL\",\"potentialAction\":[{\"@type\":\"CommentAction\",\"name\":\"Comment\",\"target\":[\"https:\/\/www.pogotowieflagowe.pl\/aktualne\/proces-grodzkiego-sakiewicza-czy-tym-razem-werdykt-wreszcie-zostanie-wydany\/#respond\"]}]},{\"@type\":\"WebPage\",\"@id\":\"https:\/\/www.pogotowieflagowe.pl\/aktualne\/proces-grodzkiego-sakiewicza-czy-tym-razem-werdykt-wreszcie-zostanie-wydany\/\",\"url\":\"https:\/\/www.pogotowieflagowe.pl\/aktualne\/proces-grodzkiego-sakiewicza-czy-tym-razem-werdykt-wreszcie-zostanie-wydany\/\",\"name\":\"Proces Grodzkiego-Sakiewicza. Czy tym razem werdykt wreszcie zostanie wydany? - POGOTOWIE FLAGOWE\u00ae\",\"isPartOf\":{\"@id\":\"https:\/\/www.pogotowieflagowe.pl\/aktualne\/#website\"},\"primaryImageOfPage\":{\"@id\":\"https:\/\/www.pogotowieflagowe.pl\/aktualne\/proces-grodzkiego-sakiewicza-czy-tym-razem-werdykt-wreszcie-zostanie-wydany\/#primaryimage\"},\"image\":{\"@id\":\"https:\/\/www.pogotowieflagowe.pl\/aktualne\/proces-grodzkiego-sakiewicza-czy-tym-razem-werdykt-wreszcie-zostanie-wydany\/#primaryimage\"},\"thumbnailUrl\":\"https:\/\/www.pogotowieflagowe.pl\/aktualne\/wp-content\/uploads\/2025\/11\/Proces-Grodzkiego-Sakiewicza-Czy-tym-razem-werdykt-wreszcie-zostanie-wydany.webp.webp\",\"datePublished\":\"2025-11-19T14:37:31+00:00\",\"dateModified\":\"2025-11-19T14:37:31+00:00\",\"breadcrumb\":{\"@id\":\"https:\/\/www.pogotowieflagowe.pl\/aktualne\/proces-grodzkiego-sakiewicza-czy-tym-razem-werdykt-wreszcie-zostanie-wydany\/#breadcrumb\"},\"inLanguage\":\"pl-PL\",\"potentialAction\":[{\"@type\":\"ReadAction\",\"target\":[\"https:\/\/www.pogotowieflagowe.pl\/aktualne\/proces-grodzkiego-sakiewicza-czy-tym-razem-werdykt-wreszcie-zostanie-wydany\/\"]}]},{\"@type\":\"ImageObject\",\"inLanguage\":\"pl-PL\",\"@id\":\"https:\/\/www.pogotowieflagowe.pl\/aktualne\/proces-grodzkiego-sakiewicza-czy-tym-razem-werdykt-wreszcie-zostanie-wydany\/#primaryimage\",\"url\":\"https:\/\/www.pogotowieflagowe.pl\/aktualne\/wp-content\/uploads\/2025\/11\/Proces-Grodzkiego-Sakiewicza-Czy-tym-razem-werdykt-wreszcie-zostanie-wydany.webp.webp\",\"contentUrl\":\"https:\/\/www.pogotowieflagowe.pl\/aktualne\/wp-content\/uploads\/2025\/11\/Proces-Grodzkiego-Sakiewicza-Czy-tym-razem-werdykt-wreszcie-zostanie-wydany.webp.webp\",\"width\":1280,\"height\":720,\"caption\":\"Proces Grodzkiego-Sakiewicza. Czy tym razem werdykt wreszcie zostanie wydany?\"},{\"@type\":\"BreadcrumbList\",\"@id\":\"https:\/\/www.pogotowieflagowe.pl\/aktualne\/proces-grodzkiego-sakiewicza-czy-tym-razem-werdykt-wreszcie-zostanie-wydany\/#breadcrumb\",\"itemListElement\":[{\"@type\":\"ListItem\",\"position\":1,\"name\":\"Home\",\"item\":\"https:\/\/www.pogotowieflagowe.pl\/aktualne\/\"},{\"@type\":\"ListItem\",\"position\":2,\"name\":\"Proces Grodzkiego-Sakiewicza. Czy tym razem werdykt wreszcie zostanie wydany?\"}]},{\"@type\":\"WebSite\",\"@id\":\"https:\/\/www.pogotowieflagowe.pl\/aktualne\/#website\",\"url\":\"https:\/\/www.pogotowieflagowe.pl\/aktualne\/\",\"name\":\"POGOTOWIE FLAGOWE\u00ae\",\"description\":\"\",\"publisher\":{\"@id\":\"https:\/\/www.pogotowieflagowe.pl\/aktualne\/#organization\"},\"potentialAction\":[{\"@type\":\"SearchAction\",\"target\":{\"@type\":\"EntryPoint\",\"urlTemplate\":\"https:\/\/www.pogotowieflagowe.pl\/aktualne\/?s={search_term_string}\"},\"query-input\":\"required name=search_term_string\"}],\"inLanguage\":\"pl-PL\"},{\"@type\":\"Organization\",\"@id\":\"https:\/\/www.pogotowieflagowe.pl\/aktualne\/#organization\",\"name\":\"POGOTOWIE FLAGOWE\u00ae\",\"url\":\"https:\/\/www.pogotowieflagowe.pl\/aktualne\/\",\"logo\":{\"@type\":\"ImageObject\",\"inLanguage\":\"pl-PL\",\"@id\":\"https:\/\/www.pogotowieflagowe.pl\/aktualne\/#\/schema\/logo\/image\/\",\"url\":\"https:\/\/www.pogotowieflagowe.pl\/aktualne\/wp-content\/uploads\/2024\/08\/cropped-pogotowieflagowe_flaga_projekt_sm.jpg\",\"contentUrl\":\"https:\/\/www.pogotowieflagowe.pl\/aktualne\/wp-content\/uploads\/2024\/08\/cropped-pogotowieflagowe_flaga_projekt_sm.jpg\",\"width\":250,\"height\":143,\"caption\":\"POGOTOWIE FLAGOWE\u00ae\"},\"image\":{\"@id\":\"https:\/\/www.pogotowieflagowe.pl\/aktualne\/#\/schema\/logo\/image\/\"}},{\"@type\":\"Person\",\"@id\":\"https:\/\/www.pogotowieflagowe.pl\/aktualne\/#\/schema\/person\/9c2fb7d2362ebf6fa088960d7f0d27b0\",\"name\":\"Filip\",\"image\":{\"@type\":\"ImageObject\",\"inLanguage\":\"pl-PL\",\"@id\":\"https:\/\/www.pogotowieflagowe.pl\/aktualne\/#\/schema\/person\/image\/\",\"url\":\"https:\/\/www.pogotowieflagowe.pl\/aktualne\/wp-content\/uploads\/2024\/08\/pogotowieflagowe.pl_.jpg\",\"contentUrl\":\"https:\/\/www.pogotowieflagowe.pl\/aktualne\/wp-content\/uploads\/2024\/08\/pogotowieflagowe.pl_.jpg\",\"caption\":\"Filip\"},\"description\":\"Jestem Filip, polski dziennikarz z dyplomem nauk politycznych Uniwersytetu Warszawskiego. Rozpoczynaj\u0105c swoj\u0105 karier\u0119 w r\u00f3\u017cnych lokalnych mediach, zdoby\u0142em solidne do\u015bwiadczenie w zakresie \u015bledztwa i redakcji. Obecnie jako redaktor w Pogotowie flagowe, staram si\u0119 dostarcza\u0107 dog\u0142\u0119bne i istotne analizy na temat najwa\u017cniejszych kwestii aktualno\u015bci, \u0142\u0105cz\u0105c rygor z pasj\u0105 dziennikarsk\u0105.\",\"sameAs\":[\"https:\/\/www.pogotowieflagowe.pl\/\"]}]}<\/script>\n<!-- \/ Yoast SEO plugin. -->","yoast_head_json":{"title":"Proces Grodzkiego-Sakiewicza. Czy tym razem werdykt wreszcie zostanie wydany? - POGOTOWIE FLAGOWE\u00ae","robots":{"index":"index","follow":"follow","max-snippet":"max-snippet:-1","max-image-preview":"max-image-preview:large","max-video-preview":"max-video-preview:-1"},"canonical":"https:\/\/www.pogotowieflagowe.pl\/aktualne\/proces-grodzkiego-sakiewicza-czy-tym-razem-werdykt-wreszcie-zostanie-wydany\/","og_locale":"pl_PL","og_type":"article","og_title":"Proces Grodzkiego-Sakiewicza. Czy tym razem werdykt wreszcie zostanie wydany? - POGOTOWIE FLAGOWE\u00ae","og_description":"Sprawa z pow\u00f3dztwa by\u0142ego Marsza\u0142ka Senatu Tomasza Grodzkiego przeciwko redaktorowi naczelnemu naszej stacji Tomaszowi Sakiewiczowi za nazwanie go \u201ezwyk\u0142y \u0142ap\u00f3wkarz\u201ddzisiaj","og_url":"https:\/\/www.pogotowieflagowe.pl\/aktualne\/proces-grodzkiego-sakiewicza-czy-tym-razem-werdykt-wreszcie-zostanie-wydany\/","og_site_name":"POGOTOWIE FLAGOWE\u00ae","article_published_time":"2025-11-19T14:37:31+00:00","og_image":[{"width":1280,"height":720,"url":"https:\/\/www.pogotowieflagowe.pl\/aktualne\/wp-content\/uploads\/2025\/11\/Proces-Grodzkiego-Sakiewicza-Czy-tym-razem-werdykt-wreszcie-zostanie-wydany.webp.webp","type":"image\/webp"}],"author":"Filip","twitter_card":"summary_large_image","twitter_misc":{"Napisane przez":"Filip","Szacowany czas czytania":"2 minuty"},"schema":{"@context":"https:\/\/schema.org","@graph":[{"@type":"Article","@id":"https:\/\/www.pogotowieflagowe.pl\/aktualne\/proces-grodzkiego-sakiewicza-czy-tym-razem-werdykt-wreszcie-zostanie-wydany\/#article","isPartOf":{"@id":"https:\/\/www.pogotowieflagowe.pl\/aktualne\/proces-grodzkiego-sakiewicza-czy-tym-razem-werdykt-wreszcie-zostanie-wydany\/"},"author":{"name":"Filip","@id":"https:\/\/www.pogotowieflagowe.pl\/aktualne\/#\/schema\/person\/9c2fb7d2362ebf6fa088960d7f0d27b0"},"headline":"Proces Grodzkiego-Sakiewicza. Czy tym razem werdykt wreszcie zostanie wydany?","datePublished":"2025-11-19T14:37:31+00:00","dateModified":"2025-11-19T14:37:31+00:00","mainEntityOfPage":{"@id":"https:\/\/www.pogotowieflagowe.pl\/aktualne\/proces-grodzkiego-sakiewicza-czy-tym-razem-werdykt-wreszcie-zostanie-wydany\/"},"wordCount":309,"commentCount":0,"publisher":{"@id":"https:\/\/www.pogotowieflagowe.pl\/aktualne\/#organization"},"image":{"@id":"https:\/\/www.pogotowieflagowe.pl\/aktualne\/proces-grodzkiego-sakiewicza-czy-tym-razem-werdykt-wreszcie-zostanie-wydany\/#primaryimage"},"thumbnailUrl":"https:\/\/www.pogotowieflagowe.pl\/aktualne\/wp-content\/uploads\/2025\/11\/Proces-Grodzkiego-Sakiewicza-Czy-tym-razem-werdykt-wreszcie-zostanie-wydany.webp.webp","keywords":["Czy","GrodzkiegoSakiewicza","proces","razem","tym","werdykt","wreszcie","wydany","zostanie"],"articleSection":["Aktualne"],"inLanguage":"pl-PL","potentialAction":[{"@type":"CommentAction","name":"Comment","target":["https:\/\/www.pogotowieflagowe.pl\/aktualne\/proces-grodzkiego-sakiewicza-czy-tym-razem-werdykt-wreszcie-zostanie-wydany\/#respond"]}]},{"@type":"WebPage","@id":"https:\/\/www.pogotowieflagowe.pl\/aktualne\/proces-grodzkiego-sakiewicza-czy-tym-razem-werdykt-wreszcie-zostanie-wydany\/","url":"https:\/\/www.pogotowieflagowe.pl\/aktualne\/proces-grodzkiego-sakiewicza-czy-tym-razem-werdykt-wreszcie-zostanie-wydany\/","name":"Proces Grodzkiego-Sakiewicza. Czy tym razem werdykt wreszcie zostanie wydany? - POGOTOWIE FLAGOWE\u00ae","isPartOf":{"@id":"https:\/\/www.pogotowieflagowe.pl\/aktualne\/#website"},"primaryImageOfPage":{"@id":"https:\/\/www.pogotowieflagowe.pl\/aktualne\/proces-grodzkiego-sakiewicza-czy-tym-razem-werdykt-wreszcie-zostanie-wydany\/#primaryimage"},"image":{"@id":"https:\/\/www.pogotowieflagowe.pl\/aktualne\/proces-grodzkiego-sakiewicza-czy-tym-razem-werdykt-wreszcie-zostanie-wydany\/#primaryimage"},"thumbnailUrl":"https:\/\/www.pogotowieflagowe.pl\/aktualne\/wp-content\/uploads\/2025\/11\/Proces-Grodzkiego-Sakiewicza-Czy-tym-razem-werdykt-wreszcie-zostanie-wydany.webp.webp","datePublished":"2025-11-19T14:37:31+00:00","dateModified":"2025-11-19T14:37:31+00:00","breadcrumb":{"@id":"https:\/\/www.pogotowieflagowe.pl\/aktualne\/proces-grodzkiego-sakiewicza-czy-tym-razem-werdykt-wreszcie-zostanie-wydany\/#breadcrumb"},"inLanguage":"pl-PL","potentialAction":[{"@type":"ReadAction","target":["https:\/\/www.pogotowieflagowe.pl\/aktualne\/proces-grodzkiego-sakiewicza-czy-tym-razem-werdykt-wreszcie-zostanie-wydany\/"]}]},{"@type":"ImageObject","inLanguage":"pl-PL","@id":"https:\/\/www.pogotowieflagowe.pl\/aktualne\/proces-grodzkiego-sakiewicza-czy-tym-razem-werdykt-wreszcie-zostanie-wydany\/#primaryimage","url":"https:\/\/www.pogotowieflagowe.pl\/aktualne\/wp-content\/uploads\/2025\/11\/Proces-Grodzkiego-Sakiewicza-Czy-tym-razem-werdykt-wreszcie-zostanie-wydany.webp.webp","contentUrl":"https:\/\/www.pogotowieflagowe.pl\/aktualne\/wp-content\/uploads\/2025\/11\/Proces-Grodzkiego-Sakiewicza-Czy-tym-razem-werdykt-wreszcie-zostanie-wydany.webp.webp","width":1280,"height":720,"caption":"Proces Grodzkiego-Sakiewicza. Czy tym razem werdykt wreszcie zostanie wydany?"},{"@type":"BreadcrumbList","@id":"https:\/\/www.pogotowieflagowe.pl\/aktualne\/proces-grodzkiego-sakiewicza-czy-tym-razem-werdykt-wreszcie-zostanie-wydany\/#breadcrumb","itemListElement":[{"@type":"ListItem","position":1,"name":"Home","item":"https:\/\/www.pogotowieflagowe.pl\/aktualne\/"},{"@type":"ListItem","position":2,"name":"Proces Grodzkiego-Sakiewicza. Czy tym razem werdykt wreszcie zostanie wydany?"}]},{"@type":"WebSite","@id":"https:\/\/www.pogotowieflagowe.pl\/aktualne\/#website","url":"https:\/\/www.pogotowieflagowe.pl\/aktualne\/","name":"POGOTOWIE FLAGOWE\u00ae","description":"","publisher":{"@id":"https:\/\/www.pogotowieflagowe.pl\/aktualne\/#organization"},"potentialAction":[{"@type":"SearchAction","target":{"@type":"EntryPoint","urlTemplate":"https:\/\/www.pogotowieflagowe.pl\/aktualne\/?s={search_term_string}"},"query-input":"required name=search_term_string"}],"inLanguage":"pl-PL"},{"@type":"Organization","@id":"https:\/\/www.pogotowieflagowe.pl\/aktualne\/#organization","name":"POGOTOWIE FLAGOWE\u00ae","url":"https:\/\/www.pogotowieflagowe.pl\/aktualne\/","logo":{"@type":"ImageObject","inLanguage":"pl-PL","@id":"https:\/\/www.pogotowieflagowe.pl\/aktualne\/#\/schema\/logo\/image\/","url":"https:\/\/www.pogotowieflagowe.pl\/aktualne\/wp-content\/uploads\/2024\/08\/cropped-pogotowieflagowe_flaga_projekt_sm.jpg","contentUrl":"https:\/\/www.pogotowieflagowe.pl\/aktualne\/wp-content\/uploads\/2024\/08\/cropped-pogotowieflagowe_flaga_projekt_sm.jpg","width":250,"height":143,"caption":"POGOTOWIE FLAGOWE\u00ae"},"image":{"@id":"https:\/\/www.pogotowieflagowe.pl\/aktualne\/#\/schema\/logo\/image\/"}},{"@type":"Person","@id":"https:\/\/www.pogotowieflagowe.pl\/aktualne\/#\/schema\/person\/9c2fb7d2362ebf6fa088960d7f0d27b0","name":"Filip","image":{"@type":"ImageObject","inLanguage":"pl-PL","@id":"https:\/\/www.pogotowieflagowe.pl\/aktualne\/#\/schema\/person\/image\/","url":"https:\/\/www.pogotowieflagowe.pl\/aktualne\/wp-content\/uploads\/2024\/08\/pogotowieflagowe.pl_.jpg","contentUrl":"https:\/\/www.pogotowieflagowe.pl\/aktualne\/wp-content\/uploads\/2024\/08\/pogotowieflagowe.pl_.jpg","caption":"Filip"},"description":"Jestem Filip, polski dziennikarz z dyplomem nauk politycznych Uniwersytetu Warszawskiego. Rozpoczynaj\u0105c swoj\u0105 karier\u0119 w r\u00f3\u017cnych lokalnych mediach, zdoby\u0142em solidne do\u015bwiadczenie w zakresie \u015bledztwa i redakcji. Obecnie jako redaktor w Pogotowie flagowe, staram si\u0119 dostarcza\u0107 dog\u0142\u0119bne i istotne analizy na temat najwa\u017cniejszych kwestii aktualno\u015bci, \u0142\u0105cz\u0105c rygor z pasj\u0105 dziennikarsk\u0105.","sameAs":["https:\/\/www.pogotowieflagowe.pl\/"]}]}},"_links":{"self":[{"href":"https:\/\/www.pogotowieflagowe.pl\/aktualne\/wp-json\/wp\/v2\/posts\/10767","targetHints":{"allow":["GET"]}}],"collection":[{"href":"https:\/\/www.pogotowieflagowe.pl\/aktualne\/wp-json\/wp\/v2\/posts"}],"about":[{"href":"https:\/\/www.pogotowieflagowe.pl\/aktualne\/wp-json\/wp\/v2\/types\/post"}],"author":[{"embeddable":true,"href":"https:\/\/www.pogotowieflagowe.pl\/aktualne\/wp-json\/wp\/v2\/users\/1"}],"replies":[{"embeddable":true,"href":"https:\/\/www.pogotowieflagowe.pl\/aktualne\/wp-json\/wp\/v2\/comments?post=10767"}],"version-history":[{"count":1,"href":"https:\/\/www.pogotowieflagowe.pl\/aktualne\/wp-json\/wp\/v2\/posts\/10767\/revisions"}],"predecessor-version":[{"id":10769,"href":"https:\/\/www.pogotowieflagowe.pl\/aktualne\/wp-json\/wp\/v2\/posts\/10767\/revisions\/10769"}],"wp:featuredmedia":[{"embeddable":true,"href":"https:\/\/www.pogotowieflagowe.pl\/aktualne\/wp-json\/wp\/v2\/media\/10768"}],"wp:attachment":[{"href":"https:\/\/www.pogotowieflagowe.pl\/aktualne\/wp-json\/wp\/v2\/media?parent=10767"}],"wp:term":[{"taxonomy":"category","embeddable":true,"href":"https:\/\/www.pogotowieflagowe.pl\/aktualne\/wp-json\/wp\/v2\/categories?post=10767"},{"taxonomy":"post_tag","embeddable":true,"href":"https:\/\/www.pogotowieflagowe.pl\/aktualne\/wp-json\/wp\/v2\/tags?post=10767"}],"curies":[{"name":"wp","href":"https:\/\/api.w.org\/{rel}","templated":true}]}}