{"id":10770,"date":"2025-11-19T16:08:16","date_gmt":"2025-11-19T15:08:16","guid":{"rendered":"https:\/\/www.pogotowieflagowe.pl\/aktualne\/sikorski-narzeka-na-wszystkich-jego-oskarzenia-sa-chybione\/"},"modified":"2025-11-19T16:08:17","modified_gmt":"2025-11-19T15:08:17","slug":"sikorski-narzeka-na-wszystkich-jego-oskarzenia-sa-chybione","status":"publish","type":"post","link":"https:\/\/www.pogotowieflagowe.pl\/aktualne\/sikorski-narzeka-na-wszystkich-jego-oskarzenia-sa-chybione\/","title":{"rendered":"Sikorski narzeka na wszystkich. Jego oskar\u017cenia s\u0105 chybione"},"content":{"rendered":"\n<div class=\"td_block_wrap tdb_single_content tdi_41 td-pb-border-top td_block_template_8 td-post-content tagdiv-type\" data-td-block-uid=\"tdi_41\">\n<style>.tdi_41{margines-top:0px!important;margin-bottom:0px!important;dope\u0142nienie-g\u00f3ra:0px!important;dope\u0142nienie-d\u00f3\u0142:0px!important}<\/style>\n<style>.tdb_single_content{margin-bottom:0;*zoom:1}.tdb_single_content:before,.tdb_single_content:after{display:table;content:'';line-height:0}.tdb_single_content:after{clear:both}.tdb_single_content .tdb-block-inner>*:not(.wp-block-quote):not(.alignwide):not(.alignfull.wp-block-cover.has-parallax):not(.td-a-ad){margin-left:auto;margin-right:auto}.tdb_single_content a{pointer-events:auto}.tdb_single_content .td-spot-id-top_ad .tdc-placeholder-title:before{content:'Najlepsza reklama artyku\u0142u'!important}.tdb_single_content .td-spot-id-inline_ad0 .tdc-placeholder-title:before{content:'Reklama wbudowana artyku\u0142u 1'!important}.tdb_single_content .td-spot-id-inline_ad1 .tdc-placeholder-title:before{content:'Wbudowana reklama w artykule 2'!important}.tdb_single_content .td-spot-id-inline_ad2 .tdc-placeholder-title:before{content:'Wbudowana reklama w artykule 3'!important}.tdb_single_content .td-spot-id-bottom_ad .tdc-placeholder-title:before{content:'Article Bottom Ad'!important}.tdb_single_content .id_top_ad,.tdb_single_content .id_bottom_ad{clear:both;margin-bottom:21px;text-align:center}.tdb_single_content .id_top_ad img,.tdb_single_content .id_bottom_ad img{margin-bottom:0}.tdb_single_content .id_top_ad .adsbygoogle,.tdb_single_content .id_bottom_ad .adsbygoogle{position:relative}.tdb_single_content .id_ad_content-horiz-left,.tdb_single_content .id_ad_content-horiz-right,.tdb_single_content .id_ad_content-horiz-center{margin-bottom:15px}.tdb_single_content .id_ad_content-horiz-left img,.tdb_single_content .id_ad_content-horiz-right img,.tdb_single_content .id_ad_content-horiz-center img{margin-bottom:0}.tdb_single_content .id_ad_content-horiz-center{text-align:center}.tdb_single_content .id_ad_content-horiz-center img{margin-right:auto;margin-left:auto}.tdb_single_content .id_ad_content-horiz-left{float:left;margin-top:9px;margin-right:21px}.tdb_single_content .id_ad_content-horiz-right{float:right;margin-top:6px;margin-left:21px}.tdb_single_content .tdc-a-ad .tdc-placeholder-title{width:300px;height:250px}.tdb_single_content .tdc-a-ad .tdc-placeholder-title:before{position:absolute;top:50%;-webkit-transform:translateY(-50%);transform:translateY(-50%);margin:auto;display:table;width:100%}.tdb_single_content .tdb-block-inner.td-fix-index{word-break:break-word}.tdi_41,.tdi_41>p,.tdi_41 .tdb-block-inner>p,.wp-block-column>p{font-size:16px!important;line-height:1.6!important}.tdi_41 .tdb-block-inner blockquote p{font-style:normal!important}@media (max-width:767px){.tdb_single_content .id_ad_content-horiz-left,.tdb_single_content .id_ad_content-horiz-right,.tdb_single_content .id_ad_content-horiz-center{margin:0 auto 26 pikseli auto}}@media (max-width:767px){.tdb_single_content .id_ad_content-horiz-left{margin-right:0}}@media (max-width:767px){.tdb_single_content .id_ad_content-horiz-right{margin-left:0}}@media (max-width:767px){.tdb_single_content .td-a-ad{float:none;text-align:center}.tdb_single_content .td-a-ad img{margin-right:auto;margin-left:auto}.tdb_single_content .tdc-a-ad{float:none}}<\/style>\n<div class=\"tdb-block-inner td-fix-index\">\n<p>Mia\u0142a odby\u0107 si\u0119 odprawa informacyjna szefa polskiej dyplomacji na temat dzia\u0142a\u0144 podj\u0119tych po aresztowaniu dywersant\u00f3w dzia\u0142aj\u0105cych na zlecenie Rosji. Zamiast tego Rados\u0142aw Sikorski wyg\u0142osi\u0142 tyrad\u0119 i seri\u0119 pr\u00f3b uderzenia w Jaros\u0142awa Kaczy\u0144skiego i Karola Nawrockiego. Wszystkie by\u0142y nietrafione \u2013 to s\u0142u\u017cby podleg\u0142e rz\u0105dowi Donalda Tuska wpu\u015bci\u0142y, a nast\u0119pnie pozwoli\u0142y na pozostawienie os\u00f3b odpowiedzialnych za akty sabota\u017cu wobec infrastruktury krytycznej Polski.<\/p>\n<figure class=\"wp-block-pullquote\">\n<blockquote>\n<p><strong>&#8222;Obce pa\u0144stwo wys\u0142a\u0142o dobrze przygotowanych sabota\u017cyst\u00f3w. Tylko cudem nie uda\u0142o im si\u0119 osi\u0105gn\u0105\u0107 swojego celu. Rosjanin <em>GRU<\/em> do wykonywania brudnej roboty rutynowo zatrudnia pod fa\u0142szyw\u0105 flag\u0105 podwykonawc\u00f3w. Tym razem nie by\u0142 to tylko akt sabota\u017cu, jak poprzednio, ale akt terroryzmu pa\u0144stwowego, bo wyra\u017anym zamiarem by\u0142o spowodowanie ofiar. Spotka si\u0119 to z nasz\u0105 reakcj\u0105, nie tylko dyplomatyczn\u0105, o czym poinformujemy w nadchodz\u0105cych dniach\u201d<\/strong> \u2013 powiedzia\u0142 Rados\u0142aw Sikorski z m\u00f3wnicy Sejmu.<\/p>\n<\/blockquote>\n<\/figure>\n<p><strong>&#8222;Ci, kt\u00f3rzy obwiniaj\u0105 Ukrain\u0119 za dzia\u0142ania Rosji w Polsce, s\u0105 sabota\u017cystami politycznymi, a Rosja wydaje miliardy na podsycanie takich nastroj\u00f3w, na dezinformacj\u0119 i propagand\u0119. Chce zwr\u00f3ci\u0107 cz\u0119\u015b\u0107 opinii publicznej przeciwko naszym s\u0105siadom&#8230;<\/strong>&#8221; &#8211; powiedzia\u0142. I na tym m\u00f3g\u0142by zako\u0144czy\u0107 szef polskiej dyplomacji. Minister da\u0142 si\u0119 jednak ponie\u015b\u0107 parlamentarnej atmosferze i kontynuowa\u0142 swoje przem\u00f3wienie: <strong>\u201e\u2026przeciwko Unii i przeciw uchod\u017acom z Ukrainy, kt\u00f3rzy uciekli do Polski przed rosyjskimi bombami. (&#8230;) Dlaczego Putin to robi? Z tego samego powodu, dla kt\u00f3rego wspiera\u0142 brexit, finansowa\u0142 ruch separatystyczny w Hiszpanii, wspiera nacjonalistyczny rz\u0105d W\u0119gier i partie skrajnie prawicowe, kt\u00f3re obiecuj\u0105 rozbi\u0107 Uni\u0119 od wewn\u0105trz. (\u2026) pow\u00f3d jest oczywisty. Jako Unia jeste\u015bmy gigantem w stosunku do Rosji, a jako poszczeg\u00f3lne pa\u0144stwa cz\u0142onkowskie to Rosja jest w por\u00f3wnaniu z nami pot\u0119g\u0105. Czy to tak trudno zrozumie\u0107?<\/strong>\u2013 kontynuowa\u0142.<\/p>\n<h3 class=\"wp-block-heading\">Sikorski znalaz\u0142 odpowiedzialnych? T\u0119skni\u0142<\/h3>\n<p>Przyszed\u0142 przygotowany do ataku na polsk\u0105 prawic\u0119 i prezydenta, kt\u00f3ry jego zdaniem nawo\u0142uje do Polexitu. <strong>\u201eTo dzi\u0119ki zrzuceniu jarzma komunistycznego i odzyskaniu suwerenno\u015bci mogli\u015bmy przyst\u0105pi\u0107 do Unii Europejskiej <em>UE<\/em><\/strong>\u2013 powiedzia\u0142 Sikorski, a za nim nowo wybrany marsza\u0142ek W\u0142odzimierz Czarzasty i kontynuowa\u0142, okazuj\u0105c podpis zmar\u0142ego prezydenta prof. Lecha Kaczy\u0144skiego w sprawie ratyfikacji traktatu UE: <strong>&#8222;Jaros\u0142aw Kaczy\u0144ski nie mia\u0142 odwagi wys\u0142ucha\u0107 moich s\u0142\u00f3w, ale to on negocjowa\u0142 ten traktat. I jego ratyfikacj\u0119, dokument ratyfikacyjny, sp\u00f3jrzmy, potwierdzi\u0142 Prezydent RP Lech Kaczy\u0144ski. Czy to w\u0142a\u015bnie polscy politycy, wed\u0142ug s\u0142\u00f3w Prezydenta Nawrockiego, sprzedali suwerenno\u015b\u0107 Polski? Je\u015bli teraz Pan uwa\u017ca, Panie Przewodnicz\u0105cy, \u017ce s\u0142abo negocjowa\u0142 Pan, albo \u017ce Pana brat nie powinien by\u0142 podpisywa\u0107 tego dokumentu, to zamiast narzeka\u0107, w Brukseli mo\u017ce najpierw nale\u017ca\u0142oby przeprosi\u0107 Polak\u00f3w?<\/strong>\u2013 krzykn\u0105\u0142 Sikorski.<\/p>\n<p>Doda\u0142 tak\u017ce, \u017ce pr\u00f3bowa\u0142 dokona\u0107 ataku na g\u0142ow\u0119 pa\u0144stwa <strong>\u201ePanie Prezydencie, ma Pan prawo do swoich nacjonalistycznych pogl\u0105d\u00f3w\u201d<\/strong>. Pr\u00f3bowa\u0142 te\u017c poucza\u0107 Karola Nawrockiego, t\u0142umacz\u0105c mu, jaka jest rola prezydenta. Dzia\u0142ania ministra mia\u0142y najwyra\u017aniej na celu utrzymanie dotychczasowych, odbiegaj\u0105cych od idea\u0142u stosunk\u00f3w mi\u0119dzy w\u0142adzami <em>MSZ<\/em> (<em>MSZ<\/em>) i Kancelarii Prezydenta.<\/p>\n<h3 class=\"wp-block-heading\">Winnych nale\u017cy szuka\u0107 w\u015br\u00f3d \u201eswoich\u201d<\/h3>\n<p>Sikorski musia\u0142 przegapi\u0107 wczorajsze wyst\u0105pienie szefa rz\u0105du. Przypomnijmy, \u017ce to Donald Tusk podczas swojego wyst\u0105pienia w Sejmie przyzna\u0142, \u017ce polskie s\u0142u\u017cby zezwoli\u0142y dw\u00f3m obywatelom Ukrainy, dzia\u0142aj\u0105c na zlecenie Rosji, na przekroczenie granicy z Bia\u0142orusi\u0105. Opu\u015bcili kraj t\u0105 sam\u0105 drog\u0105, przez otwarte przej\u015bcia graniczne. Zachowanie Sikorskiego nie pozosta\u0142o niezauwa\u017cone przez obecnych na sali pos\u0142\u00f3w.<\/p>\n<figure class=\"wp-block-embed is-type-rich is-provider-twitter wp-block-embed-twitter\">\n<div class=\"wp-block-embed__wrapper\">\n<blockquote class=\"twitter-tweet\" data-width=\"550\" data-dnt=\"true\">\n<p lang=\"pl\" dir=\"ltr\">Do wsp\u00f3\u0142wyczynienia min. Sikorski w Sejmie jest na sw\u00f3j spos\u00f3b niesamowity. Poprosi\u0142 o powiadomienie w zwi\u0105zku z aktem dywersji, powiadomienie, \u017ce CUDEM unikn\u0119li\u015bmy zagro\u017cenia, przyznaj\u0105c w ten spos\u00f3b, \u017ce pa\u0144stwo Tuska zawiod\u0142o, po czym nast\u0119puje zagro\u017cenie do ataku ataku RP.<\/p>\n<p>\u2014 Rados\u0142aw Fogiel (@radekfogiel) <a rel=\"nofollow\" href=\"https:\/\/twitter.com\/radekfogiel\/status\/1991075544872411462?ref_src=twsrc%5Etfw\">19 listopada 2025 r<\/a><\/p><\/blockquote>\n<\/div>\n<\/figure>\n<p>Warto tak\u017ce zaznaczy\u0107, \u017ce w odpowiedzi Konsulat Federacji Rosyjskiej w Gda\u0144sku b\u0119dzie zamkni\u0119ty. Sikorski powiedzia\u0142 jednak, \u017ce stosunki dyplomatyczne mi\u0119dzy pa\u0144stwami nie zostan\u0105 zerwane.<\/p>\n<\/div>\n<\/div>\n<p><script async src=\"https:\/\/platform.twitter.com\/widgets.js\" charset=\"utf-8\"><\/script><\/p>\n","protected":false},"excerpt":{"rendered":"<p>Mia\u0142a odby\u0107 si\u0119 odprawa informacyjna szefa polskiej dyplomacji na temat dzia\u0142a\u0144 podj\u0119tych po aresztowaniu dywersant\u00f3w dzia\u0142aj\u0105cych na zlecenie Rosji. Zamiast<\/p>\n","protected":false},"author":1,"featured_media":10771,"comment_status":"open","ping_status":"open","sticky":false,"template":"","format":"standard","meta":{"footnotes":""},"categories":[4748],"tags":[12225,257,12224,733,3221,2943,2649],"class_list":["post-10770","post","type-post","status-publish","format-standard","has-post-thumbnail","hentry","category-aktualne","tag-chybione","tag-jego","tag-narzeka","tag-oskarzenia","tag-sa","tag-sikorski","tag-wszystkich","generate-columns","tablet-grid-50","mobile-grid-100","grid-parent","grid-50","resize-featured-image"],"yoast_head":"<!-- This site is optimized with the Yoast SEO plugin v23.2 - https:\/\/yoast.com\/wordpress\/plugins\/seo\/ -->\n<title>Sikorski narzeka na wszystkich. Jego oskar\u017cenia s\u0105 chybione - POGOTOWIE FLAGOWE\u00ae<\/title>\n<meta name=\"robots\" content=\"index, follow, max-snippet:-1, max-image-preview:large, max-video-preview:-1\" \/>\n<link rel=\"canonical\" href=\"https:\/\/www.pogotowieflagowe.pl\/aktualne\/sikorski-narzeka-na-wszystkich-jego-oskarzenia-sa-chybione\/\" \/>\n<meta property=\"og:locale\" content=\"pl_PL\" \/>\n<meta property=\"og:type\" content=\"article\" \/>\n<meta property=\"og:title\" content=\"Sikorski narzeka na wszystkich. Jego oskar\u017cenia s\u0105 chybione - POGOTOWIE FLAGOWE\u00ae\" \/>\n<meta property=\"og:description\" content=\"Mia\u0142a odby\u0107 si\u0119 odprawa informacyjna szefa polskiej dyplomacji na temat dzia\u0142a\u0144 podj\u0119tych po aresztowaniu dywersant\u00f3w dzia\u0142aj\u0105cych na zlecenie Rosji. Zamiast\" \/>\n<meta property=\"og:url\" content=\"https:\/\/www.pogotowieflagowe.pl\/aktualne\/sikorski-narzeka-na-wszystkich-jego-oskarzenia-sa-chybione\/\" \/>\n<meta property=\"og:site_name\" content=\"POGOTOWIE FLAGOWE\u00ae\" \/>\n<meta property=\"article:published_time\" content=\"2025-11-19T15:08:16+00:00\" \/>\n<meta property=\"article:modified_time\" content=\"2025-11-19T15:08:17+00:00\" \/>\n<meta property=\"og:image\" content=\"https:\/\/www.pogotowieflagowe.pl\/aktualne\/wp-content\/uploads\/2025\/11\/Sikorski-narzeka-na-wszystkich-Jego-oskarzenia-sa-chybione.webp.webp\" \/>\n\t<meta property=\"og:image:width\" content=\"1280\" \/>\n\t<meta property=\"og:image:height\" content=\"720\" \/>\n\t<meta property=\"og:image:type\" content=\"image\/webp\" \/>\n<meta name=\"author\" content=\"Filip\" \/>\n<meta name=\"twitter:card\" content=\"summary_large_image\" \/>\n<meta name=\"twitter:label1\" content=\"Napisane przez\" \/>\n\t<meta name=\"twitter:data1\" content=\"Filip\" \/>\n\t<meta name=\"twitter:label2\" content=\"Szacowany czas czytania\" \/>\n\t<meta name=\"twitter:data2\" content=\"4 minuty\" \/>\n<script type=\"application\/ld+json\" class=\"yoast-schema-graph\">{\"@context\":\"https:\/\/schema.org\",\"@graph\":[{\"@type\":\"Article\",\"@id\":\"https:\/\/www.pogotowieflagowe.pl\/aktualne\/sikorski-narzeka-na-wszystkich-jego-oskarzenia-sa-chybione\/#article\",\"isPartOf\":{\"@id\":\"https:\/\/www.pogotowieflagowe.pl\/aktualne\/sikorski-narzeka-na-wszystkich-jego-oskarzenia-sa-chybione\/\"},\"author\":{\"name\":\"Filip\",\"@id\":\"https:\/\/www.pogotowieflagowe.pl\/aktualne\/#\/schema\/person\/9c2fb7d2362ebf6fa088960d7f0d27b0\"},\"headline\":\"Sikorski narzeka na wszystkich. Jego oskar\u017cenia s\u0105 chybione\",\"datePublished\":\"2025-11-19T15:08:16+00:00\",\"dateModified\":\"2025-11-19T15:08:17+00:00\",\"mainEntityOfPage\":{\"@id\":\"https:\/\/www.pogotowieflagowe.pl\/aktualne\/sikorski-narzeka-na-wszystkich-jego-oskarzenia-sa-chybione\/\"},\"wordCount\":712,\"commentCount\":0,\"publisher\":{\"@id\":\"https:\/\/www.pogotowieflagowe.pl\/aktualne\/#organization\"},\"image\":{\"@id\":\"https:\/\/www.pogotowieflagowe.pl\/aktualne\/sikorski-narzeka-na-wszystkich-jego-oskarzenia-sa-chybione\/#primaryimage\"},\"thumbnailUrl\":\"https:\/\/www.pogotowieflagowe.pl\/aktualne\/wp-content\/uploads\/2025\/11\/Sikorski-narzeka-na-wszystkich-Jego-oskarzenia-sa-chybione.webp.webp\",\"keywords\":[\"chybione\",\"jego\",\"narzeka\",\"oskar\u017cenia\",\"s\u0105\",\"Sikorski\",\"Wszystkich\"],\"articleSection\":[\"Aktualne\"],\"inLanguage\":\"pl-PL\",\"potentialAction\":[{\"@type\":\"CommentAction\",\"name\":\"Comment\",\"target\":[\"https:\/\/www.pogotowieflagowe.pl\/aktualne\/sikorski-narzeka-na-wszystkich-jego-oskarzenia-sa-chybione\/#respond\"]}]},{\"@type\":\"WebPage\",\"@id\":\"https:\/\/www.pogotowieflagowe.pl\/aktualne\/sikorski-narzeka-na-wszystkich-jego-oskarzenia-sa-chybione\/\",\"url\":\"https:\/\/www.pogotowieflagowe.pl\/aktualne\/sikorski-narzeka-na-wszystkich-jego-oskarzenia-sa-chybione\/\",\"name\":\"Sikorski narzeka na wszystkich. Jego oskar\u017cenia s\u0105 chybione - POGOTOWIE FLAGOWE\u00ae\",\"isPartOf\":{\"@id\":\"https:\/\/www.pogotowieflagowe.pl\/aktualne\/#website\"},\"primaryImageOfPage\":{\"@id\":\"https:\/\/www.pogotowieflagowe.pl\/aktualne\/sikorski-narzeka-na-wszystkich-jego-oskarzenia-sa-chybione\/#primaryimage\"},\"image\":{\"@id\":\"https:\/\/www.pogotowieflagowe.pl\/aktualne\/sikorski-narzeka-na-wszystkich-jego-oskarzenia-sa-chybione\/#primaryimage\"},\"thumbnailUrl\":\"https:\/\/www.pogotowieflagowe.pl\/aktualne\/wp-content\/uploads\/2025\/11\/Sikorski-narzeka-na-wszystkich-Jego-oskarzenia-sa-chybione.webp.webp\",\"datePublished\":\"2025-11-19T15:08:16+00:00\",\"dateModified\":\"2025-11-19T15:08:17+00:00\",\"breadcrumb\":{\"@id\":\"https:\/\/www.pogotowieflagowe.pl\/aktualne\/sikorski-narzeka-na-wszystkich-jego-oskarzenia-sa-chybione\/#breadcrumb\"},\"inLanguage\":\"pl-PL\",\"potentialAction\":[{\"@type\":\"ReadAction\",\"target\":[\"https:\/\/www.pogotowieflagowe.pl\/aktualne\/sikorski-narzeka-na-wszystkich-jego-oskarzenia-sa-chybione\/\"]}]},{\"@type\":\"ImageObject\",\"inLanguage\":\"pl-PL\",\"@id\":\"https:\/\/www.pogotowieflagowe.pl\/aktualne\/sikorski-narzeka-na-wszystkich-jego-oskarzenia-sa-chybione\/#primaryimage\",\"url\":\"https:\/\/www.pogotowieflagowe.pl\/aktualne\/wp-content\/uploads\/2025\/11\/Sikorski-narzeka-na-wszystkich-Jego-oskarzenia-sa-chybione.webp.webp\",\"contentUrl\":\"https:\/\/www.pogotowieflagowe.pl\/aktualne\/wp-content\/uploads\/2025\/11\/Sikorski-narzeka-na-wszystkich-Jego-oskarzenia-sa-chybione.webp.webp\",\"width\":1280,\"height\":720,\"caption\":\"Sikorski narzeka na wszystkich. Jego oskar\u017cenia s\u0105 chybione\"},{\"@type\":\"BreadcrumbList\",\"@id\":\"https:\/\/www.pogotowieflagowe.pl\/aktualne\/sikorski-narzeka-na-wszystkich-jego-oskarzenia-sa-chybione\/#breadcrumb\",\"itemListElement\":[{\"@type\":\"ListItem\",\"position\":1,\"name\":\"Home\",\"item\":\"https:\/\/www.pogotowieflagowe.pl\/aktualne\/\"},{\"@type\":\"ListItem\",\"position\":2,\"name\":\"Sikorski narzeka na wszystkich. Jego oskar\u017cenia s\u0105 chybione\"}]},{\"@type\":\"WebSite\",\"@id\":\"https:\/\/www.pogotowieflagowe.pl\/aktualne\/#website\",\"url\":\"https:\/\/www.pogotowieflagowe.pl\/aktualne\/\",\"name\":\"POGOTOWIE FLAGOWE\u00ae\",\"description\":\"\",\"publisher\":{\"@id\":\"https:\/\/www.pogotowieflagowe.pl\/aktualne\/#organization\"},\"potentialAction\":[{\"@type\":\"SearchAction\",\"target\":{\"@type\":\"EntryPoint\",\"urlTemplate\":\"https:\/\/www.pogotowieflagowe.pl\/aktualne\/?s={search_term_string}\"},\"query-input\":\"required name=search_term_string\"}],\"inLanguage\":\"pl-PL\"},{\"@type\":\"Organization\",\"@id\":\"https:\/\/www.pogotowieflagowe.pl\/aktualne\/#organization\",\"name\":\"POGOTOWIE FLAGOWE\u00ae\",\"url\":\"https:\/\/www.pogotowieflagowe.pl\/aktualne\/\",\"logo\":{\"@type\":\"ImageObject\",\"inLanguage\":\"pl-PL\",\"@id\":\"https:\/\/www.pogotowieflagowe.pl\/aktualne\/#\/schema\/logo\/image\/\",\"url\":\"https:\/\/www.pogotowieflagowe.pl\/aktualne\/wp-content\/uploads\/2024\/08\/cropped-pogotowieflagowe_flaga_projekt_sm.jpg\",\"contentUrl\":\"https:\/\/www.pogotowieflagowe.pl\/aktualne\/wp-content\/uploads\/2024\/08\/cropped-pogotowieflagowe_flaga_projekt_sm.jpg\",\"width\":250,\"height\":143,\"caption\":\"POGOTOWIE FLAGOWE\u00ae\"},\"image\":{\"@id\":\"https:\/\/www.pogotowieflagowe.pl\/aktualne\/#\/schema\/logo\/image\/\"}},{\"@type\":\"Person\",\"@id\":\"https:\/\/www.pogotowieflagowe.pl\/aktualne\/#\/schema\/person\/9c2fb7d2362ebf6fa088960d7f0d27b0\",\"name\":\"Filip\",\"image\":{\"@type\":\"ImageObject\",\"inLanguage\":\"pl-PL\",\"@id\":\"https:\/\/www.pogotowieflagowe.pl\/aktualne\/#\/schema\/person\/image\/\",\"url\":\"https:\/\/www.pogotowieflagowe.pl\/aktualne\/wp-content\/uploads\/2024\/08\/pogotowieflagowe.pl_.jpg\",\"contentUrl\":\"https:\/\/www.pogotowieflagowe.pl\/aktualne\/wp-content\/uploads\/2024\/08\/pogotowieflagowe.pl_.jpg\",\"caption\":\"Filip\"},\"description\":\"Jestem Filip, polski dziennikarz z dyplomem nauk politycznych Uniwersytetu Warszawskiego. Rozpoczynaj\u0105c swoj\u0105 karier\u0119 w r\u00f3\u017cnych lokalnych mediach, zdoby\u0142em solidne do\u015bwiadczenie w zakresie \u015bledztwa i redakcji. Obecnie jako redaktor w Pogotowie flagowe, staram si\u0119 dostarcza\u0107 dog\u0142\u0119bne i istotne analizy na temat najwa\u017cniejszych kwestii aktualno\u015bci, \u0142\u0105cz\u0105c rygor z pasj\u0105 dziennikarsk\u0105.\",\"sameAs\":[\"https:\/\/www.pogotowieflagowe.pl\/\"]}]}<\/script>\n<!-- \/ Yoast SEO plugin. -->","yoast_head_json":{"title":"Sikorski narzeka na wszystkich. Jego oskar\u017cenia s\u0105 chybione - POGOTOWIE FLAGOWE\u00ae","robots":{"index":"index","follow":"follow","max-snippet":"max-snippet:-1","max-image-preview":"max-image-preview:large","max-video-preview":"max-video-preview:-1"},"canonical":"https:\/\/www.pogotowieflagowe.pl\/aktualne\/sikorski-narzeka-na-wszystkich-jego-oskarzenia-sa-chybione\/","og_locale":"pl_PL","og_type":"article","og_title":"Sikorski narzeka na wszystkich. Jego oskar\u017cenia s\u0105 chybione - POGOTOWIE FLAGOWE\u00ae","og_description":"Mia\u0142a odby\u0107 si\u0119 odprawa informacyjna szefa polskiej dyplomacji na temat dzia\u0142a\u0144 podj\u0119tych po aresztowaniu dywersant\u00f3w dzia\u0142aj\u0105cych na zlecenie Rosji. Zamiast","og_url":"https:\/\/www.pogotowieflagowe.pl\/aktualne\/sikorski-narzeka-na-wszystkich-jego-oskarzenia-sa-chybione\/","og_site_name":"POGOTOWIE FLAGOWE\u00ae","article_published_time":"2025-11-19T15:08:16+00:00","article_modified_time":"2025-11-19T15:08:17+00:00","og_image":[{"width":1280,"height":720,"url":"https:\/\/www.pogotowieflagowe.pl\/aktualne\/wp-content\/uploads\/2025\/11\/Sikorski-narzeka-na-wszystkich-Jego-oskarzenia-sa-chybione.webp.webp","type":"image\/webp"}],"author":"Filip","twitter_card":"summary_large_image","twitter_misc":{"Napisane przez":"Filip","Szacowany czas czytania":"4 minuty"},"schema":{"@context":"https:\/\/schema.org","@graph":[{"@type":"Article","@id":"https:\/\/www.pogotowieflagowe.pl\/aktualne\/sikorski-narzeka-na-wszystkich-jego-oskarzenia-sa-chybione\/#article","isPartOf":{"@id":"https:\/\/www.pogotowieflagowe.pl\/aktualne\/sikorski-narzeka-na-wszystkich-jego-oskarzenia-sa-chybione\/"},"author":{"name":"Filip","@id":"https:\/\/www.pogotowieflagowe.pl\/aktualne\/#\/schema\/person\/9c2fb7d2362ebf6fa088960d7f0d27b0"},"headline":"Sikorski narzeka na wszystkich. Jego oskar\u017cenia s\u0105 chybione","datePublished":"2025-11-19T15:08:16+00:00","dateModified":"2025-11-19T15:08:17+00:00","mainEntityOfPage":{"@id":"https:\/\/www.pogotowieflagowe.pl\/aktualne\/sikorski-narzeka-na-wszystkich-jego-oskarzenia-sa-chybione\/"},"wordCount":712,"commentCount":0,"publisher":{"@id":"https:\/\/www.pogotowieflagowe.pl\/aktualne\/#organization"},"image":{"@id":"https:\/\/www.pogotowieflagowe.pl\/aktualne\/sikorski-narzeka-na-wszystkich-jego-oskarzenia-sa-chybione\/#primaryimage"},"thumbnailUrl":"https:\/\/www.pogotowieflagowe.pl\/aktualne\/wp-content\/uploads\/2025\/11\/Sikorski-narzeka-na-wszystkich-Jego-oskarzenia-sa-chybione.webp.webp","keywords":["chybione","jego","narzeka","oskar\u017cenia","s\u0105","Sikorski","Wszystkich"],"articleSection":["Aktualne"],"inLanguage":"pl-PL","potentialAction":[{"@type":"CommentAction","name":"Comment","target":["https:\/\/www.pogotowieflagowe.pl\/aktualne\/sikorski-narzeka-na-wszystkich-jego-oskarzenia-sa-chybione\/#respond"]}]},{"@type":"WebPage","@id":"https:\/\/www.pogotowieflagowe.pl\/aktualne\/sikorski-narzeka-na-wszystkich-jego-oskarzenia-sa-chybione\/","url":"https:\/\/www.pogotowieflagowe.pl\/aktualne\/sikorski-narzeka-na-wszystkich-jego-oskarzenia-sa-chybione\/","name":"Sikorski narzeka na wszystkich. Jego oskar\u017cenia s\u0105 chybione - POGOTOWIE FLAGOWE\u00ae","isPartOf":{"@id":"https:\/\/www.pogotowieflagowe.pl\/aktualne\/#website"},"primaryImageOfPage":{"@id":"https:\/\/www.pogotowieflagowe.pl\/aktualne\/sikorski-narzeka-na-wszystkich-jego-oskarzenia-sa-chybione\/#primaryimage"},"image":{"@id":"https:\/\/www.pogotowieflagowe.pl\/aktualne\/sikorski-narzeka-na-wszystkich-jego-oskarzenia-sa-chybione\/#primaryimage"},"thumbnailUrl":"https:\/\/www.pogotowieflagowe.pl\/aktualne\/wp-content\/uploads\/2025\/11\/Sikorski-narzeka-na-wszystkich-Jego-oskarzenia-sa-chybione.webp.webp","datePublished":"2025-11-19T15:08:16+00:00","dateModified":"2025-11-19T15:08:17+00:00","breadcrumb":{"@id":"https:\/\/www.pogotowieflagowe.pl\/aktualne\/sikorski-narzeka-na-wszystkich-jego-oskarzenia-sa-chybione\/#breadcrumb"},"inLanguage":"pl-PL","potentialAction":[{"@type":"ReadAction","target":["https:\/\/www.pogotowieflagowe.pl\/aktualne\/sikorski-narzeka-na-wszystkich-jego-oskarzenia-sa-chybione\/"]}]},{"@type":"ImageObject","inLanguage":"pl-PL","@id":"https:\/\/www.pogotowieflagowe.pl\/aktualne\/sikorski-narzeka-na-wszystkich-jego-oskarzenia-sa-chybione\/#primaryimage","url":"https:\/\/www.pogotowieflagowe.pl\/aktualne\/wp-content\/uploads\/2025\/11\/Sikorski-narzeka-na-wszystkich-Jego-oskarzenia-sa-chybione.webp.webp","contentUrl":"https:\/\/www.pogotowieflagowe.pl\/aktualne\/wp-content\/uploads\/2025\/11\/Sikorski-narzeka-na-wszystkich-Jego-oskarzenia-sa-chybione.webp.webp","width":1280,"height":720,"caption":"Sikorski narzeka na wszystkich. Jego oskar\u017cenia s\u0105 chybione"},{"@type":"BreadcrumbList","@id":"https:\/\/www.pogotowieflagowe.pl\/aktualne\/sikorski-narzeka-na-wszystkich-jego-oskarzenia-sa-chybione\/#breadcrumb","itemListElement":[{"@type":"ListItem","position":1,"name":"Home","item":"https:\/\/www.pogotowieflagowe.pl\/aktualne\/"},{"@type":"ListItem","position":2,"name":"Sikorski narzeka na wszystkich. Jego oskar\u017cenia s\u0105 chybione"}]},{"@type":"WebSite","@id":"https:\/\/www.pogotowieflagowe.pl\/aktualne\/#website","url":"https:\/\/www.pogotowieflagowe.pl\/aktualne\/","name":"POGOTOWIE FLAGOWE\u00ae","description":"","publisher":{"@id":"https:\/\/www.pogotowieflagowe.pl\/aktualne\/#organization"},"potentialAction":[{"@type":"SearchAction","target":{"@type":"EntryPoint","urlTemplate":"https:\/\/www.pogotowieflagowe.pl\/aktualne\/?s={search_term_string}"},"query-input":"required name=search_term_string"}],"inLanguage":"pl-PL"},{"@type":"Organization","@id":"https:\/\/www.pogotowieflagowe.pl\/aktualne\/#organization","name":"POGOTOWIE FLAGOWE\u00ae","url":"https:\/\/www.pogotowieflagowe.pl\/aktualne\/","logo":{"@type":"ImageObject","inLanguage":"pl-PL","@id":"https:\/\/www.pogotowieflagowe.pl\/aktualne\/#\/schema\/logo\/image\/","url":"https:\/\/www.pogotowieflagowe.pl\/aktualne\/wp-content\/uploads\/2024\/08\/cropped-pogotowieflagowe_flaga_projekt_sm.jpg","contentUrl":"https:\/\/www.pogotowieflagowe.pl\/aktualne\/wp-content\/uploads\/2024\/08\/cropped-pogotowieflagowe_flaga_projekt_sm.jpg","width":250,"height":143,"caption":"POGOTOWIE FLAGOWE\u00ae"},"image":{"@id":"https:\/\/www.pogotowieflagowe.pl\/aktualne\/#\/schema\/logo\/image\/"}},{"@type":"Person","@id":"https:\/\/www.pogotowieflagowe.pl\/aktualne\/#\/schema\/person\/9c2fb7d2362ebf6fa088960d7f0d27b0","name":"Filip","image":{"@type":"ImageObject","inLanguage":"pl-PL","@id":"https:\/\/www.pogotowieflagowe.pl\/aktualne\/#\/schema\/person\/image\/","url":"https:\/\/www.pogotowieflagowe.pl\/aktualne\/wp-content\/uploads\/2024\/08\/pogotowieflagowe.pl_.jpg","contentUrl":"https:\/\/www.pogotowieflagowe.pl\/aktualne\/wp-content\/uploads\/2024\/08\/pogotowieflagowe.pl_.jpg","caption":"Filip"},"description":"Jestem Filip, polski dziennikarz z dyplomem nauk politycznych Uniwersytetu Warszawskiego. Rozpoczynaj\u0105c swoj\u0105 karier\u0119 w r\u00f3\u017cnych lokalnych mediach, zdoby\u0142em solidne do\u015bwiadczenie w zakresie \u015bledztwa i redakcji. Obecnie jako redaktor w Pogotowie flagowe, staram si\u0119 dostarcza\u0107 dog\u0142\u0119bne i istotne analizy na temat najwa\u017cniejszych kwestii aktualno\u015bci, \u0142\u0105cz\u0105c rygor z pasj\u0105 dziennikarsk\u0105.","sameAs":["https:\/\/www.pogotowieflagowe.pl\/"]}]}},"_links":{"self":[{"href":"https:\/\/www.pogotowieflagowe.pl\/aktualne\/wp-json\/wp\/v2\/posts\/10770","targetHints":{"allow":["GET"]}}],"collection":[{"href":"https:\/\/www.pogotowieflagowe.pl\/aktualne\/wp-json\/wp\/v2\/posts"}],"about":[{"href":"https:\/\/www.pogotowieflagowe.pl\/aktualne\/wp-json\/wp\/v2\/types\/post"}],"author":[{"embeddable":true,"href":"https:\/\/www.pogotowieflagowe.pl\/aktualne\/wp-json\/wp\/v2\/users\/1"}],"replies":[{"embeddable":true,"href":"https:\/\/www.pogotowieflagowe.pl\/aktualne\/wp-json\/wp\/v2\/comments?post=10770"}],"version-history":[{"count":1,"href":"https:\/\/www.pogotowieflagowe.pl\/aktualne\/wp-json\/wp\/v2\/posts\/10770\/revisions"}],"predecessor-version":[{"id":10772,"href":"https:\/\/www.pogotowieflagowe.pl\/aktualne\/wp-json\/wp\/v2\/posts\/10770\/revisions\/10772"}],"wp:featuredmedia":[{"embeddable":true,"href":"https:\/\/www.pogotowieflagowe.pl\/aktualne\/wp-json\/wp\/v2\/media\/10771"}],"wp:attachment":[{"href":"https:\/\/www.pogotowieflagowe.pl\/aktualne\/wp-json\/wp\/v2\/media?parent=10770"}],"wp:term":[{"taxonomy":"category","embeddable":true,"href":"https:\/\/www.pogotowieflagowe.pl\/aktualne\/wp-json\/wp\/v2\/categories?post=10770"},{"taxonomy":"post_tag","embeddable":true,"href":"https:\/\/www.pogotowieflagowe.pl\/aktualne\/wp-json\/wp\/v2\/tags?post=10770"}],"curies":[{"name":"wp","href":"https:\/\/api.w.org\/{rel}","templated":true}]}}