{"id":10779,"date":"2025-11-19T20:29:24","date_gmt":"2025-11-19T19:29:24","guid":{"rendered":"https:\/\/www.pogotowieflagowe.pl\/aktualne\/rosjanie-usuwaja-polskie-symbole-z-cmentarza-w-katyniu-ipn-to-postepowanie-niegodne-narodow-cywilizowanych\/"},"modified":"2025-11-19T20:29:24","modified_gmt":"2025-11-19T19:29:24","slug":"rosjanie-usuwaja-polskie-symbole-z-cmentarza-w-katyniu-ipn-to-postepowanie-niegodne-narodow-cywilizowanych","status":"publish","type":"post","link":"https:\/\/www.pogotowieflagowe.pl\/aktualne\/rosjanie-usuwaja-polskie-symbole-z-cmentarza-w-katyniu-ipn-to-postepowanie-niegodne-narodow-cywilizowanych\/","title":{"rendered":"Rosjanie usuwaj\u0105 polskie symbole z cmentarza w Katyniu. IPN: To post\u0119powanie niegodne narod\u00f3w cywilizowanych!"},"content":{"rendered":"\n<div class=\"td_block_wrap tdb_single_content tdi_41 td-pb-border-top td_block_template_8 td-post-content tagdiv-type\" data-td-block-uid=\"tdi_41\">\n<style>.tdi_41{margines-top:0px!important;margin-bottom:0px!important;dope\u0142nienie-g\u00f3ra:0px!important;dope\u0142nienie-d\u00f3\u0142:0px!important}<\/style>\n<style>.tdb_single_content{margin-bottom:0;*zoom:1}.tdb_single_content:before,.tdb_single_content:after{display:table;content:'';line-height:0}.tdb_single_content:after{clear:both}.tdb_single_content .tdb-block-inner>*:not(.wp-block-quote):not(.alignwide):not(.alignfull.wp-block-cover.has-parallax):not(.td-a-ad){margin-left:auto;margin-right:auto}.tdb_single_content a{pointer-events:auto}.tdb_single_content .td-spot-id-top_ad .tdc-placeholder-title:before{content:'Najlepsza reklama artyku\u0142u'!important}.tdb_single_content .td-spot-id-inline_ad0 .tdc-placeholder-title:before{content:'Reklama wbudowana artyku\u0142u 1'!important}.tdb_single_content .td-spot-id-inline_ad1 .tdc-placeholder-title:before{content:'Wbudowana reklama w artykule 2'!important}.tdb_single_content .td-spot-id-inline_ad2 .tdc-placeholder-title:before{content:'Wbudowana reklama w artykule 3'!important}.tdb_single_content .td-spot-id-bottom_ad .tdc-placeholder-title:before{content:'Article Bottom Ad'!important}.tdb_single_content .id_top_ad,.tdb_single_content .id_bottom_ad{clear:both;margin-bottom:21px;text-align:center}.tdb_single_content .id_top_ad img,.tdb_single_content .id_bottom_ad img{margin-bottom:0}.tdb_single_content .id_top_ad .adsbygoogle,.tdb_single_content .id_bottom_ad .adsbygoogle{position:relative}.tdb_single_content .id_ad_content-horiz-left,.tdb_single_content .id_ad_content-horiz-right,.tdb_single_content .id_ad_content-horiz-center{margin-bottom:15px}.tdb_single_content .id_ad_content-horiz-left img,.tdb_single_content .id_ad_content-horiz-right img,.tdb_single_content .id_ad_content-horiz-center img{margin-bottom:0}.tdb_single_content .id_ad_content-horiz-center{text-align:center}.tdb_single_content .id_ad_content-horiz-center img{margin-right:auto;margin-left:auto}.tdb_single_content .id_ad_content-horiz-left{float:left;margin-top:9px;margin-right:21px}.tdb_single_content .id_ad_content-horiz-right{float:right;margin-top:6px;margin-left:21px}.tdb_single_content .tdc-a-ad .tdc-placeholder-title{width:300px;height:250px}.tdb_single_content .tdc-a-ad .tdc-placeholder-title:before{position:absolute;top:50%;-webkit-transform:translateY(-50%);transform:translateY(-50%);margin:auto;display:table;width:100%}.tdb_single_content .tdb-block-inner.td-fix-index{word-break:break-word}.tdi_41,.tdi_41>p,.tdi_41 .tdb-block-inner>p,.wp-block-column>p{font-size:16px!important;line-height:1.6!important}.tdi_41 .tdb-block-inner blockquote p{font-style:normal!important}@media (max-width:767px){.tdb_single_content .id_ad_content-horiz-left,.tdb_single_content .id_ad_content-horiz-right,.tdb_single_content .id_ad_content-horiz-center{margin:0 auto 26 pikseli auto}}@media (max-width:767px){.tdb_single_content .id_ad_content-horiz-left{margin-right:0}}@media (max-width:767px){.tdb_single_content .id_ad_content-horiz-right{margin-left:0}}@media (max-width:767px){.tdb_single_content .td-a-ad{float:none;text-align:center}.tdb_single_content .td-a-ad img{margin-right:auto;margin-left:auto}.tdb_single_content .tdc-a-ad{float:none}}<\/style>\n<div class=\"tdb-block-inner td-fix-index\">\n<p>Rosjanie usun\u0119li p\u0142askorze\u017aby przedstawiaj\u0105ce tzw <em>Order Virtuti Militari<\/em> i <em>Krzy\u017c Kampanii Wrze\u015bniowej<\/em> z cmentarza w Katyniu. Polska <em>Instytut Pami\u0119ci Narodowej (IPN)<\/em> zareagowa\u0142 na t\u0119 skandaliczn\u0105 akcj\u0119. \u2013 <strong>Profanacja miejsc pami\u0119ci jest post\u0119powaniem niegodnym narod\u00f3w cywilizowanych<\/strong> \u2013 poda\u0142a instytucja w opublikowanym o\u015bwiadczeniu. The <em>Urz\u0105d do Spraw Kombatant\u00f3w i Os\u00f3b Represjonowanych (UDSKiOR)<\/em> i <em>Federacja Rodzin Katy\u0144skich<\/em> domagaj\u0105 si\u0119 przywr\u00f3cenia polskich symboli na nekropoliach katy\u0144skich.<\/p>\n<h2 class=\"wp-block-heading\"><strong>Usuwanie polskich symboli z cmentarza katy\u0144skiego<\/strong><\/h2>\n<p>Nakaz rozbi\u00f3rki p\u0142askorze\u017ab wyda\u0142a prokuratura obwodu smole\u0144skiego, uznaj\u0105c, \u017ce p\u0142askorze\u017aby naruszaj\u0105 przepisy dotycz\u0105ce obiekt\u00f3w dziedzictwa kulturowego i upami\u0119tniania zwyci\u0119stw w Wielkiej Wojnie Ojczy\u017anianej, jak w oficjalnej rosyjskiej narracji pa\u0144stwowej okre\u015bla si\u0119 II wojn\u0119 \u015bwiatow\u0105. Usuni\u0119cia rze\u017ab domaga\u0142 si\u0119 Walerij Kuzniecow, wiceprzewodnicz\u0105cy smole\u0144skiej Dumy obwodowej, reprezentuj\u0105cy <em>Komunistyczna Partia Federacji Rosyjskiej<\/em>. Partia ta konsekwentnie zaprzecza odpowiedzialno\u015bci ZSRR za zbrodni\u0119 katy\u0144sk\u0105.<\/p>\n<p>W maju 2025 roku na mocy decyzji sejmiku twerskiego, na kt\u00f3rym znajduje si\u0119 kolejny cmentarz ofiar zbrodni katy\u0144skiej, podobne p\u0142askorze\u017aby usuni\u0119to z pomnik\u00f3w w Miednoje.<\/p>\n<p>Na cmentarzu katy\u0144skim spoczywa 4421 \u017co\u0142nierzy polskich, zamordowanych w 1940 r. przez NKWD. Og\u00f3lna liczba zamordowanych w\u00f3wczas obywateli polskich wynios\u0142a 22 000, w tym 15 000 je\u0144c\u00f3w wojennych z oboz\u00f3w w Kozielsku, Starobielsku i Ostaszkowie.<\/p>\n<h2 class=\"wp-block-heading\"><strong>Reakcja IPN<\/strong><\/h2>\n<p>W swoim o\u015bwiadczeniu opublikowanym w \u015brod\u0119 <em>Instytut Pami\u0119ci Narodowej (IPN)<\/em> <strong>\u201ezdecydowanie pot\u0119pia akt profanacji, jakiego dopu\u015bci\u0142y si\u0119 w\u0142adze Federacji Rosyjskiej na Cmentarzu Wojennym w Katyniu poprzez usuni\u0119cie p\u0142askorze\u017ab przedstawiaj\u0105cych Order Wojenny Virtuti Militari oraz Krzy\u017c Kampanii Wrze\u015bniowej 1939 r.\u201d.<\/strong><\/p>\n<figure class=\"wp-block-pullquote\">\n<blockquote>\n<p><strong>\u201eZgodnie z decyzj\u0105 prokuratury rosyjskiej polskie symbole \u2013 Order Virtuti Militari, kt\u00f3rym Polska uhonorowa\u0142a zwyci\u0119stwo nad Rosjanami w 1792 r. oraz Krzy\u017c Kampanii Wrze\u015bniowej, upami\u0119tniaj\u0105cy niemiecko-sowieck\u0105 agresj\u0119 z 1939 r., pierwszy rozdzia\u0142 II wojny \u015bwiatowej \u2013 rzekomo naruszaj\u0105 obowi\u0105zuj\u0105ce w Federacji Rosyjskiej przepisy dotycz\u0105ce obiekt\u00f3w dziedzictwa kulturowego oraz upami\u0119tniania zwyci\u0119stwa narodu radzieckiego w Wielkiej Wojnie Ojczy\u017anianej\u201d<\/strong> \u2013 czytamy w o\u015bwiadczeniu.<\/p>\n<\/blockquote>\n<\/figure>\n<p>W deklaracji przypomniano, \u017ce <em>Order Virtuti Militari<\/em> zosta\u0142a ustanowiona w 1792 roku przez kr\u00f3la Stanis\u0142awa Augusta Poniatowskiego jako nagroda za wybitne zas\u0142ugi wojskowe. Jest to jedno z najstarszych istniej\u0105cych odznacze\u0144 wojskowych na \u015bwiecie. Nadawany by\u0142 zar\u00f3wno \u017co\u0142nierzom, jak i jednostkom wojskowym za wyj\u0105tkow\u0105 odwag\u0119. Odznaczenie ma pi\u0119\u0107 klas, z kt\u00f3rych najwy\u017csz\u0105 jest Wielki Krzy\u017c. The <em>Krzy\u017c Kampanii Wrze\u015bniowej<\/em> upami\u0119tnia bohater\u00f3w obrony Polski w 1939 roku i wyra\u017ca szacunek dla ich ofiary.<\/p>\n<figure class=\"wp-block-pullquote\">\n<blockquote>\n<p><strong>&#8222;Obydwa odznaczenia symbolizuj\u0105 ci\u0105g\u0142o\u015b\u0107 walki Polak\u00f3w o wolno\u015b\u0107. Razem tworz\u0105 emblematy polskiej drogi do niepodleg\u0142o\u015bci, zachowuj\u0105c pami\u0119\u0107 o determinacji i odwadze wielu pokole\u0144&#8221;<\/strong> \u2013 podaje IPN.<\/p>\n<\/blockquote>\n<\/figure>\n<figure class=\"wp-block-pullquote\">\n<blockquote>\n<p><strong>\u201eWbrew twierdzeniom w\u0142adz rosyjskich, \u017ce odznaczenia te s\u0105 \u201erusofobiczne\u201d \u2013 powsta\u0142y dla upami\u0119tnienia konkretnych wydarze\u0144 historycznych i bohaterstwa \u017co\u0142nierzy, a ich znaczenie nawi\u0105zuje do walki o niepodleg\u0142o\u015b\u0107 Polski, a nie do wsp\u00f3\u0142czesnych czy etnicznych uprzedze\u0144\u201d<\/strong> \u2013 dodaje o\u015bwiadczenie.<\/p>\n<\/blockquote>\n<\/figure>\n<p>IPN przypomina tak\u017ce, \u017ce w Polsce w ramach tzw <em>Ustawa z dnia 1 kwietnia 2016 r. o zakazie szerzenia komunizmu lub innego re\u017cimu totalitarnego<\/em>pomniki nie mog\u0105 upami\u0119tnia\u0107 os\u00f3b, organizacji, wydarze\u0144 lub dat symbolizuj\u0105cych komunizm lub inny system totalitarny, ani te\u017c w inny spos\u00f3b propagowa\u0107 takiego systemu. Ustawodawca uzna\u0142 tak\u017ce za usuwalne wszelkie pomniki odnosz\u0105ce si\u0119 do os\u00f3b, organizacji, wydarze\u0144 lub dat symbolizuj\u0105cych represyjny, autorytarny i niesuwerenny system w\u0142adzy w Polsce w latach 1944\u20131989. <strong>\u201eWszystkie cmentarze wojenne, na kt\u00f3rych pochowani s\u0105 \u017co\u0142nierze Armii Czerwonej, znajduj\u0105 si\u0119 pod ochron\u0105 Rzeczypospolitej Polskiej. Polska przestrzega przy tym nie tylko um\u00f3w mi\u0119dzynarodowych, ale tak\u017ce krajowych przepis\u00f3w prawa <em>Ustawa z dnia 28 marca 1933 r. o grobach i cmentarzach wojennych<\/em>. Stanowi\u0105 one wyra\u017anie, \u017ce groby i cmentarze wojenne \u2013 niezale\u017cnie od narodowo\u015bci i wyznania pochowanych na nich os\u00f3b oraz niezale\u017cnie od ich formacji wojskowej \u2013 nale\u017cy utrzymywa\u0107 i traktowa\u0107 z nale\u017cytym szacunkiem\u201d<\/strong> \u2013 zauwa\u017ca IPN.<\/p>\n<p>W o\u015bwiadczeniu wskazano ponadto, \u017ce profanacja dokonana przez w\u0142adze rosyjskie jest realizacj\u0105 gro\u017aby sk\u0142adanej przez w\u0142adze obwodu smole\u0144skiego w maju i sierpniu 2025 r., w odpowiedzi na co IPN wyda\u0142 dwa o\u015bwiadczenia. <strong>&#8222;IPN wzywa w\u0142adze obwodu smole\u0144skiego Federacji Rosyjskiej do przywr\u00f3cenia zniszczonych p\u0142askorze\u017ab, kt\u00f3re stanowi\u0105 integraln\u0105 cz\u0119\u015b\u0107 polskiej to\u017csamo\u015bci narodowej i pami\u0119ci historycznej. Profanacja miejsc pami\u0119ci jest post\u0119powaniem niegodnym narod\u00f3w cywilizowanych&#8221;<\/strong> \u2013 podkre\u015bla instytucja.<\/p>\n<p>Wsp\u00f3ln\u0105 deklaracj\u0119 wyda\u0142 tak\u017ce szef resortu Lech Parell <em>Urz\u0105d do Spraw Kombatant\u00f3w i Os\u00f3b Represjonowanych (UDSKiOR)<\/em>oraz Izabella Sariusz-Sk\u0105pska, prezes <em>Federacja Rodzin Katy\u0144skich<\/em>\u017c\u0105daj\u0105c przywr\u00f3cenia polskiej symboliki na nekropoliach katy\u0144skich i konsekwencji dla odpowiedzialnych za to <strong>\u201eaktem barbarzy\u0144stwa\u201d.<\/strong><\/p>\n<figure class=\"wp-block-pullquote\">\n<blockquote>\n<p><strong>&#8222;Na Polskim Cmentarzu Wojennym w Katyniu spoczywa 4421 oficer\u00f3w i podchor\u0105\u017cych Wojska Polskiego zamordowanych w 1940 r. przez NKWD. Od lat w\u0142adze polskie i rodziny ofiar pozbawiane s\u0105 dost\u0119pu do miejsc poch\u00f3wku pomordowanych znajduj\u0105cych si\u0119 na terytorium Rosji. Wycinanie polskich symboli wojskowych jest kolejnym aktem wymazania pami\u0119ci o tej strasznej zbrodni, kt\u00f3rego w\u0142adze polskie i polskie spo\u0142ecze\u0144stwo nie akceptuj\u0105 i nie b\u0119d\u0105 akceptowa\u0107&#8221;<\/strong> \u2013 g\u0142osi o\u015bwiadczenie.<\/p>\n<\/blockquote>\n<\/figure>\n<p>Przypomina, \u017ce \u200b\u200b13 kwietnia 1943 r. odkryto do\u0142y \u015bmierci w Katyniu i \u017ce ju\u017c wtedy bezstronni i niezale\u017cni eksperci Mi\u0119dzynarodowej Komisji Lekarskiej ustalili ponad wszelk\u0105 w\u0105tpliwo\u015b\u0107 czas \u015bmierci \u2013 rok 1940 \u2013 oraz odpowiedzialno\u015b\u0107 Sowiet\u00f3w za mord na polskich je\u0144cach wojennych. <strong>\u201eStalin temu zaprzeczy\u0142 \u2013 i tak narodzi\u0142o si\u0119 k\u0142amstwo katy\u0144skie, wbijaj\u0105c klin mi\u0119dzy aliant\u00f3w i staj\u0105c si\u0119 kamieniem w\u0119gielnym powojennego porz\u0105dku, kt\u00f3ry umie\u015bci\u0142 Polsk\u0119 w sowieckiej strefie wp\u0142yw\u00f3w\u201d<\/strong> \u2013 czytamy w o\u015bwiadczeniu.<\/p>\n<p>Przypomina tak\u017ce, \u017ce 13 kwietnia 1990 r. upadaj\u0105cy Zwi\u0105zek Radziecki przyzna\u0142 si\u0119 do odpowiedzialno\u015bci za Katy\u0144. <strong>\u201ePo 50 latach \u015bwiat dowiedzia\u0142 si\u0119 o haniebnej decyzji Stalina podj\u0119tej 5 marca 1940 roku przez niego i jego wsp\u00f3\u0142pracownik\u00f3w, skazuj\u0105cej na \u015bmier\u0107 21 768 polskich je\u0144c\u00f3w wojennych \u2013 bez wezwania, bez postawienia zarzut\u00f3w, bez procesu\u201d<\/strong> \u2013 zauwa\u017ca.<\/p>\n<figure class=\"wp-block-pullquote\">\n<blockquote>\n<p><strong>&#8222;Ale k\u0142amstwo katy\u0144skie nie umar\u0142o. Odradza si\u0119 w Federacji Rosyjskiej, podobnie jak od\u017cy\u0142y marzenia o w\u0142adzy i powrocie imperium rosyjskiego \u2013 maj\u0105ce zastraszy\u0107 ca\u0142y \u015bwiat. W 85. rocznic\u0119 Zbrodni Katy\u0144skiej, w maju 2025 r. na Polskim Cmentarzu Wojennym w Miednoje zniszczono wizerunki Orderu Virtuti Militari i Krzy\u017ca Kampanii Wrze\u015bniowej 1939 r. Rze\u017aby te zosta\u0142y zniszczone integraln\u0105 cz\u0119\u015b\u0107 tej nekropolii katy\u0144skiej. Ich usuni\u0119cie stanowi\u0142o naruszenie Porozumienia zawartego 22 lutego 1994 r. pomi\u0119dzy Rz\u0105dem Rzeczypospolitej Polskiej a Rz\u0105dem Federacji Rosyjskiej w sprawie grob\u00f3w wojennych i miejsc pami\u0119ci ofiar wojen i represji\u201d.<\/strong> \u2013 podkre\u015bla deklaracja.<\/p>\n<\/blockquote>\n<\/figure>\n<p>Zauwa\u017ca, \u017ce \u200b\u200bten sam akt profanacji zosta\u0142 pope\u0142niony obecnie na Polskim Cmentarzu Wojennym w Katyniu.<\/p>\n<figure class=\"wp-block-pullquote\">\n<blockquote>\n<p><strong>&#8222;Wydaje si\u0119, \u017ce ci, kt\u00f3rzy dokonali tego haniebnego czynu, zapomnieli, \u017ce Polska nie jest samotnym, pokonanym narodem, ale nale\u017cy do wsp\u00f3lnoty wolnych pa\u0144stw wolnego \u015bwiata i nie da si\u0119 zastraszy\u0107, a prawdy nie da si\u0119 przemilcze\u0107. To miejsce pami\u0119ci ma znaczenie symboliczne nie tylko dla obywateli RP, ale znane jest daleko poza naszymi granicami&#8221;<\/strong> \u2013 stwierdza.<\/p>\n<\/blockquote>\n<\/figure>\n<p>W deklaracji podkre\u015blono, \u017ce reprezentacje <em>Order Virtuti Militari<\/em> i <em>Krzy\u017c kampanii wrze\u015bniowej 1939 r<\/em> nale\u017cy zawr\u00f3ci\u0107 na nekropolie katy\u0144skie w Miednoje i Katyniu, a osoby odpowiedzialne za ten akt barbarzy\u0144stwa musz\u0105 zosta\u0107 poci\u0105gni\u0119te do odpowiedzialno\u015bci. <strong>\u201eK\u0142amstwo powt\u00f3rzone tysi\u0105c razy nigdy nie stanie si\u0119 prawd\u0105\u201d<\/strong> \u2013 podsumowuje.<\/p>\n<\/div>\n<\/div>\n","protected":false},"excerpt":{"rendered":"<p>Rosjanie usun\u0119li p\u0142askorze\u017aby przedstawiaj\u0105ce tzw Order Virtuti Militari i Krzy\u017c Kampanii Wrze\u015bniowej z cmentarza w Katyniu. Polska Instytut Pami\u0119ci Narodowej<\/p>\n","protected":false},"author":1,"featured_media":10780,"comment_status":"open","ping_status":"open","sticky":false,"template":"","format":"standard","meta":{"footnotes":""},"categories":[44],"tags":[12234,12237,11437,12235,1026,12236,487,6606,12233,7900,10505],"class_list":["post-10779","post","type-post","status-publish","format-standard","has-post-thumbnail","hentry","category-polityka","tag-cmentarza","tag-cywilizowanych","tag-ipn","tag-katyniu","tag-narodow","tag-niegodne","tag-polskie","tag-postepowanie","tag-rosjanie","tag-symbole","tag-usuwaja","generate-columns","tablet-grid-50","mobile-grid-100","grid-parent","grid-50","resize-featured-image"],"yoast_head":"<!-- This site is optimized with the Yoast SEO plugin v23.2 - https:\/\/yoast.com\/wordpress\/plugins\/seo\/ -->\n<title>Rosjanie usuwaj\u0105 polskie symbole z cmentarza w Katyniu. IPN: To post\u0119powanie niegodne narod\u00f3w cywilizowanych! - POGOTOWIE FLAGOWE\u00ae<\/title>\n<meta name=\"robots\" content=\"index, follow, max-snippet:-1, max-image-preview:large, max-video-preview:-1\" \/>\n<link rel=\"canonical\" href=\"https:\/\/www.pogotowieflagowe.pl\/aktualne\/rosjanie-usuwaja-polskie-symbole-z-cmentarza-w-katyniu-ipn-to-postepowanie-niegodne-narodow-cywilizowanych\/\" \/>\n<meta property=\"og:locale\" content=\"pl_PL\" \/>\n<meta property=\"og:type\" content=\"article\" \/>\n<meta property=\"og:title\" content=\"Rosjanie usuwaj\u0105 polskie symbole z cmentarza w Katyniu. IPN: To post\u0119powanie niegodne narod\u00f3w cywilizowanych! - POGOTOWIE FLAGOWE\u00ae\" \/>\n<meta property=\"og:description\" content=\"Rosjanie usun\u0119li p\u0142askorze\u017aby przedstawiaj\u0105ce tzw Order Virtuti Militari i Krzy\u017c Kampanii Wrze\u015bniowej z cmentarza w Katyniu. Polska Instytut Pami\u0119ci Narodowej\" \/>\n<meta property=\"og:url\" content=\"https:\/\/www.pogotowieflagowe.pl\/aktualne\/rosjanie-usuwaja-polskie-symbole-z-cmentarza-w-katyniu-ipn-to-postepowanie-niegodne-narodow-cywilizowanych\/\" \/>\n<meta property=\"og:site_name\" content=\"POGOTOWIE FLAGOWE\u00ae\" \/>\n<meta property=\"article:published_time\" content=\"2025-11-19T19:29:24+00:00\" \/>\n<meta property=\"og:image\" content=\"https:\/\/www.pogotowieflagowe.pl\/aktualne\/wp-content\/uploads\/2025\/11\/Rosjanie-usuwaja-polskie-symbole-z-cmentarza-w-Katyniu-IPN-To.webp.webp\" \/>\n\t<meta property=\"og:image:width\" content=\"1280\" \/>\n\t<meta property=\"og:image:height\" content=\"720\" \/>\n\t<meta property=\"og:image:type\" content=\"image\/webp\" \/>\n<meta name=\"author\" content=\"Filip\" \/>\n<meta name=\"twitter:card\" content=\"summary_large_image\" \/>\n<meta name=\"twitter:label1\" content=\"Napisane przez\" \/>\n\t<meta name=\"twitter:data1\" content=\"Filip\" \/>\n\t<meta name=\"twitter:label2\" content=\"Szacowany czas czytania\" \/>\n\t<meta name=\"twitter:data2\" content=\"6 minut\" \/>\n<script type=\"application\/ld+json\" class=\"yoast-schema-graph\">{\"@context\":\"https:\/\/schema.org\",\"@graph\":[{\"@type\":\"Article\",\"@id\":\"https:\/\/www.pogotowieflagowe.pl\/aktualne\/rosjanie-usuwaja-polskie-symbole-z-cmentarza-w-katyniu-ipn-to-postepowanie-niegodne-narodow-cywilizowanych\/#article\",\"isPartOf\":{\"@id\":\"https:\/\/www.pogotowieflagowe.pl\/aktualne\/rosjanie-usuwaja-polskie-symbole-z-cmentarza-w-katyniu-ipn-to-postepowanie-niegodne-narodow-cywilizowanych\/\"},\"author\":{\"name\":\"Filip\",\"@id\":\"https:\/\/www.pogotowieflagowe.pl\/aktualne\/#\/schema\/person\/9c2fb7d2362ebf6fa088960d7f0d27b0\"},\"headline\":\"Rosjanie usuwaj\u0105 polskie symbole z cmentarza w Katyniu. IPN: To post\u0119powanie niegodne narod\u00f3w cywilizowanych!\",\"datePublished\":\"2025-11-19T19:29:24+00:00\",\"dateModified\":\"2025-11-19T19:29:24+00:00\",\"mainEntityOfPage\":{\"@id\":\"https:\/\/www.pogotowieflagowe.pl\/aktualne\/rosjanie-usuwaja-polskie-symbole-z-cmentarza-w-katyniu-ipn-to-postepowanie-niegodne-narodow-cywilizowanych\/\"},\"wordCount\":1282,\"commentCount\":0,\"publisher\":{\"@id\":\"https:\/\/www.pogotowieflagowe.pl\/aktualne\/#organization\"},\"image\":{\"@id\":\"https:\/\/www.pogotowieflagowe.pl\/aktualne\/rosjanie-usuwaja-polskie-symbole-z-cmentarza-w-katyniu-ipn-to-postepowanie-niegodne-narodow-cywilizowanych\/#primaryimage\"},\"thumbnailUrl\":\"https:\/\/www.pogotowieflagowe.pl\/aktualne\/wp-content\/uploads\/2025\/11\/Rosjanie-usuwaja-polskie-symbole-z-cmentarza-w-Katyniu-IPN-To.webp.webp\",\"keywords\":[\"cmentarza\",\"cywilizowanych\",\"IPN\",\"Katyniu\",\"Narod\u00f3w\",\"niegodne\",\"Polskie\",\"post\u0119powanie\",\"Rosjanie\",\"symbole\",\"usuwaj\u0105\"],\"articleSection\":[\"Polityka\"],\"inLanguage\":\"pl-PL\",\"potentialAction\":[{\"@type\":\"CommentAction\",\"name\":\"Comment\",\"target\":[\"https:\/\/www.pogotowieflagowe.pl\/aktualne\/rosjanie-usuwaja-polskie-symbole-z-cmentarza-w-katyniu-ipn-to-postepowanie-niegodne-narodow-cywilizowanych\/#respond\"]}]},{\"@type\":\"WebPage\",\"@id\":\"https:\/\/www.pogotowieflagowe.pl\/aktualne\/rosjanie-usuwaja-polskie-symbole-z-cmentarza-w-katyniu-ipn-to-postepowanie-niegodne-narodow-cywilizowanych\/\",\"url\":\"https:\/\/www.pogotowieflagowe.pl\/aktualne\/rosjanie-usuwaja-polskie-symbole-z-cmentarza-w-katyniu-ipn-to-postepowanie-niegodne-narodow-cywilizowanych\/\",\"name\":\"Rosjanie usuwaj\u0105 polskie symbole z cmentarza w Katyniu. IPN: To post\u0119powanie niegodne narod\u00f3w cywilizowanych! - POGOTOWIE FLAGOWE\u00ae\",\"isPartOf\":{\"@id\":\"https:\/\/www.pogotowieflagowe.pl\/aktualne\/#website\"},\"primaryImageOfPage\":{\"@id\":\"https:\/\/www.pogotowieflagowe.pl\/aktualne\/rosjanie-usuwaja-polskie-symbole-z-cmentarza-w-katyniu-ipn-to-postepowanie-niegodne-narodow-cywilizowanych\/#primaryimage\"},\"image\":{\"@id\":\"https:\/\/www.pogotowieflagowe.pl\/aktualne\/rosjanie-usuwaja-polskie-symbole-z-cmentarza-w-katyniu-ipn-to-postepowanie-niegodne-narodow-cywilizowanych\/#primaryimage\"},\"thumbnailUrl\":\"https:\/\/www.pogotowieflagowe.pl\/aktualne\/wp-content\/uploads\/2025\/11\/Rosjanie-usuwaja-polskie-symbole-z-cmentarza-w-Katyniu-IPN-To.webp.webp\",\"datePublished\":\"2025-11-19T19:29:24+00:00\",\"dateModified\":\"2025-11-19T19:29:24+00:00\",\"breadcrumb\":{\"@id\":\"https:\/\/www.pogotowieflagowe.pl\/aktualne\/rosjanie-usuwaja-polskie-symbole-z-cmentarza-w-katyniu-ipn-to-postepowanie-niegodne-narodow-cywilizowanych\/#breadcrumb\"},\"inLanguage\":\"pl-PL\",\"potentialAction\":[{\"@type\":\"ReadAction\",\"target\":[\"https:\/\/www.pogotowieflagowe.pl\/aktualne\/rosjanie-usuwaja-polskie-symbole-z-cmentarza-w-katyniu-ipn-to-postepowanie-niegodne-narodow-cywilizowanych\/\"]}]},{\"@type\":\"ImageObject\",\"inLanguage\":\"pl-PL\",\"@id\":\"https:\/\/www.pogotowieflagowe.pl\/aktualne\/rosjanie-usuwaja-polskie-symbole-z-cmentarza-w-katyniu-ipn-to-postepowanie-niegodne-narodow-cywilizowanych\/#primaryimage\",\"url\":\"https:\/\/www.pogotowieflagowe.pl\/aktualne\/wp-content\/uploads\/2025\/11\/Rosjanie-usuwaja-polskie-symbole-z-cmentarza-w-Katyniu-IPN-To.webp.webp\",\"contentUrl\":\"https:\/\/www.pogotowieflagowe.pl\/aktualne\/wp-content\/uploads\/2025\/11\/Rosjanie-usuwaja-polskie-symbole-z-cmentarza-w-Katyniu-IPN-To.webp.webp\",\"width\":1280,\"height\":720,\"caption\":\"Rosjanie usuwaj\u0105 polskie symbole z cmentarza w Katyniu. IPN: To post\u0119powanie niegodne narod\u00f3w cywilizowanych!\"},{\"@type\":\"BreadcrumbList\",\"@id\":\"https:\/\/www.pogotowieflagowe.pl\/aktualne\/rosjanie-usuwaja-polskie-symbole-z-cmentarza-w-katyniu-ipn-to-postepowanie-niegodne-narodow-cywilizowanych\/#breadcrumb\",\"itemListElement\":[{\"@type\":\"ListItem\",\"position\":1,\"name\":\"Home\",\"item\":\"https:\/\/www.pogotowieflagowe.pl\/aktualne\/\"},{\"@type\":\"ListItem\",\"position\":2,\"name\":\"Rosjanie usuwaj\u0105 polskie symbole z cmentarza w Katyniu. IPN: To post\u0119powanie niegodne narod\u00f3w cywilizowanych!\"}]},{\"@type\":\"WebSite\",\"@id\":\"https:\/\/www.pogotowieflagowe.pl\/aktualne\/#website\",\"url\":\"https:\/\/www.pogotowieflagowe.pl\/aktualne\/\",\"name\":\"POGOTOWIE FLAGOWE\u00ae\",\"description\":\"\",\"publisher\":{\"@id\":\"https:\/\/www.pogotowieflagowe.pl\/aktualne\/#organization\"},\"potentialAction\":[{\"@type\":\"SearchAction\",\"target\":{\"@type\":\"EntryPoint\",\"urlTemplate\":\"https:\/\/www.pogotowieflagowe.pl\/aktualne\/?s={search_term_string}\"},\"query-input\":\"required name=search_term_string\"}],\"inLanguage\":\"pl-PL\"},{\"@type\":\"Organization\",\"@id\":\"https:\/\/www.pogotowieflagowe.pl\/aktualne\/#organization\",\"name\":\"POGOTOWIE FLAGOWE\u00ae\",\"url\":\"https:\/\/www.pogotowieflagowe.pl\/aktualne\/\",\"logo\":{\"@type\":\"ImageObject\",\"inLanguage\":\"pl-PL\",\"@id\":\"https:\/\/www.pogotowieflagowe.pl\/aktualne\/#\/schema\/logo\/image\/\",\"url\":\"https:\/\/www.pogotowieflagowe.pl\/aktualne\/wp-content\/uploads\/2024\/08\/cropped-pogotowieflagowe_flaga_projekt_sm.jpg\",\"contentUrl\":\"https:\/\/www.pogotowieflagowe.pl\/aktualne\/wp-content\/uploads\/2024\/08\/cropped-pogotowieflagowe_flaga_projekt_sm.jpg\",\"width\":250,\"height\":143,\"caption\":\"POGOTOWIE FLAGOWE\u00ae\"},\"image\":{\"@id\":\"https:\/\/www.pogotowieflagowe.pl\/aktualne\/#\/schema\/logo\/image\/\"}},{\"@type\":\"Person\",\"@id\":\"https:\/\/www.pogotowieflagowe.pl\/aktualne\/#\/schema\/person\/9c2fb7d2362ebf6fa088960d7f0d27b0\",\"name\":\"Filip\",\"image\":{\"@type\":\"ImageObject\",\"inLanguage\":\"pl-PL\",\"@id\":\"https:\/\/www.pogotowieflagowe.pl\/aktualne\/#\/schema\/person\/image\/\",\"url\":\"https:\/\/www.pogotowieflagowe.pl\/aktualne\/wp-content\/uploads\/2024\/08\/pogotowieflagowe.pl_.jpg\",\"contentUrl\":\"https:\/\/www.pogotowieflagowe.pl\/aktualne\/wp-content\/uploads\/2024\/08\/pogotowieflagowe.pl_.jpg\",\"caption\":\"Filip\"},\"description\":\"Jestem Filip, polski dziennikarz z dyplomem nauk politycznych Uniwersytetu Warszawskiego. Rozpoczynaj\u0105c swoj\u0105 karier\u0119 w r\u00f3\u017cnych lokalnych mediach, zdoby\u0142em solidne do\u015bwiadczenie w zakresie \u015bledztwa i redakcji. Obecnie jako redaktor w Pogotowie flagowe, staram si\u0119 dostarcza\u0107 dog\u0142\u0119bne i istotne analizy na temat najwa\u017cniejszych kwestii aktualno\u015bci, \u0142\u0105cz\u0105c rygor z pasj\u0105 dziennikarsk\u0105.\",\"sameAs\":[\"https:\/\/www.pogotowieflagowe.pl\/\"]}]}<\/script>\n<!-- \/ Yoast SEO plugin. -->","yoast_head_json":{"title":"Rosjanie usuwaj\u0105 polskie symbole z cmentarza w Katyniu. IPN: To post\u0119powanie niegodne narod\u00f3w cywilizowanych! - POGOTOWIE FLAGOWE\u00ae","robots":{"index":"index","follow":"follow","max-snippet":"max-snippet:-1","max-image-preview":"max-image-preview:large","max-video-preview":"max-video-preview:-1"},"canonical":"https:\/\/www.pogotowieflagowe.pl\/aktualne\/rosjanie-usuwaja-polskie-symbole-z-cmentarza-w-katyniu-ipn-to-postepowanie-niegodne-narodow-cywilizowanych\/","og_locale":"pl_PL","og_type":"article","og_title":"Rosjanie usuwaj\u0105 polskie symbole z cmentarza w Katyniu. IPN: To post\u0119powanie niegodne narod\u00f3w cywilizowanych! - POGOTOWIE FLAGOWE\u00ae","og_description":"Rosjanie usun\u0119li p\u0142askorze\u017aby przedstawiaj\u0105ce tzw Order Virtuti Militari i Krzy\u017c Kampanii Wrze\u015bniowej z cmentarza w Katyniu. Polska Instytut Pami\u0119ci Narodowej","og_url":"https:\/\/www.pogotowieflagowe.pl\/aktualne\/rosjanie-usuwaja-polskie-symbole-z-cmentarza-w-katyniu-ipn-to-postepowanie-niegodne-narodow-cywilizowanych\/","og_site_name":"POGOTOWIE FLAGOWE\u00ae","article_published_time":"2025-11-19T19:29:24+00:00","og_image":[{"width":1280,"height":720,"url":"https:\/\/www.pogotowieflagowe.pl\/aktualne\/wp-content\/uploads\/2025\/11\/Rosjanie-usuwaja-polskie-symbole-z-cmentarza-w-Katyniu-IPN-To.webp.webp","type":"image\/webp"}],"author":"Filip","twitter_card":"summary_large_image","twitter_misc":{"Napisane przez":"Filip","Szacowany czas czytania":"6 minut"},"schema":{"@context":"https:\/\/schema.org","@graph":[{"@type":"Article","@id":"https:\/\/www.pogotowieflagowe.pl\/aktualne\/rosjanie-usuwaja-polskie-symbole-z-cmentarza-w-katyniu-ipn-to-postepowanie-niegodne-narodow-cywilizowanych\/#article","isPartOf":{"@id":"https:\/\/www.pogotowieflagowe.pl\/aktualne\/rosjanie-usuwaja-polskie-symbole-z-cmentarza-w-katyniu-ipn-to-postepowanie-niegodne-narodow-cywilizowanych\/"},"author":{"name":"Filip","@id":"https:\/\/www.pogotowieflagowe.pl\/aktualne\/#\/schema\/person\/9c2fb7d2362ebf6fa088960d7f0d27b0"},"headline":"Rosjanie usuwaj\u0105 polskie symbole z cmentarza w Katyniu. IPN: To post\u0119powanie niegodne narod\u00f3w cywilizowanych!","datePublished":"2025-11-19T19:29:24+00:00","dateModified":"2025-11-19T19:29:24+00:00","mainEntityOfPage":{"@id":"https:\/\/www.pogotowieflagowe.pl\/aktualne\/rosjanie-usuwaja-polskie-symbole-z-cmentarza-w-katyniu-ipn-to-postepowanie-niegodne-narodow-cywilizowanych\/"},"wordCount":1282,"commentCount":0,"publisher":{"@id":"https:\/\/www.pogotowieflagowe.pl\/aktualne\/#organization"},"image":{"@id":"https:\/\/www.pogotowieflagowe.pl\/aktualne\/rosjanie-usuwaja-polskie-symbole-z-cmentarza-w-katyniu-ipn-to-postepowanie-niegodne-narodow-cywilizowanych\/#primaryimage"},"thumbnailUrl":"https:\/\/www.pogotowieflagowe.pl\/aktualne\/wp-content\/uploads\/2025\/11\/Rosjanie-usuwaja-polskie-symbole-z-cmentarza-w-Katyniu-IPN-To.webp.webp","keywords":["cmentarza","cywilizowanych","IPN","Katyniu","Narod\u00f3w","niegodne","Polskie","post\u0119powanie","Rosjanie","symbole","usuwaj\u0105"],"articleSection":["Polityka"],"inLanguage":"pl-PL","potentialAction":[{"@type":"CommentAction","name":"Comment","target":["https:\/\/www.pogotowieflagowe.pl\/aktualne\/rosjanie-usuwaja-polskie-symbole-z-cmentarza-w-katyniu-ipn-to-postepowanie-niegodne-narodow-cywilizowanych\/#respond"]}]},{"@type":"WebPage","@id":"https:\/\/www.pogotowieflagowe.pl\/aktualne\/rosjanie-usuwaja-polskie-symbole-z-cmentarza-w-katyniu-ipn-to-postepowanie-niegodne-narodow-cywilizowanych\/","url":"https:\/\/www.pogotowieflagowe.pl\/aktualne\/rosjanie-usuwaja-polskie-symbole-z-cmentarza-w-katyniu-ipn-to-postepowanie-niegodne-narodow-cywilizowanych\/","name":"Rosjanie usuwaj\u0105 polskie symbole z cmentarza w Katyniu. IPN: To post\u0119powanie niegodne narod\u00f3w cywilizowanych! - POGOTOWIE FLAGOWE\u00ae","isPartOf":{"@id":"https:\/\/www.pogotowieflagowe.pl\/aktualne\/#website"},"primaryImageOfPage":{"@id":"https:\/\/www.pogotowieflagowe.pl\/aktualne\/rosjanie-usuwaja-polskie-symbole-z-cmentarza-w-katyniu-ipn-to-postepowanie-niegodne-narodow-cywilizowanych\/#primaryimage"},"image":{"@id":"https:\/\/www.pogotowieflagowe.pl\/aktualne\/rosjanie-usuwaja-polskie-symbole-z-cmentarza-w-katyniu-ipn-to-postepowanie-niegodne-narodow-cywilizowanych\/#primaryimage"},"thumbnailUrl":"https:\/\/www.pogotowieflagowe.pl\/aktualne\/wp-content\/uploads\/2025\/11\/Rosjanie-usuwaja-polskie-symbole-z-cmentarza-w-Katyniu-IPN-To.webp.webp","datePublished":"2025-11-19T19:29:24+00:00","dateModified":"2025-11-19T19:29:24+00:00","breadcrumb":{"@id":"https:\/\/www.pogotowieflagowe.pl\/aktualne\/rosjanie-usuwaja-polskie-symbole-z-cmentarza-w-katyniu-ipn-to-postepowanie-niegodne-narodow-cywilizowanych\/#breadcrumb"},"inLanguage":"pl-PL","potentialAction":[{"@type":"ReadAction","target":["https:\/\/www.pogotowieflagowe.pl\/aktualne\/rosjanie-usuwaja-polskie-symbole-z-cmentarza-w-katyniu-ipn-to-postepowanie-niegodne-narodow-cywilizowanych\/"]}]},{"@type":"ImageObject","inLanguage":"pl-PL","@id":"https:\/\/www.pogotowieflagowe.pl\/aktualne\/rosjanie-usuwaja-polskie-symbole-z-cmentarza-w-katyniu-ipn-to-postepowanie-niegodne-narodow-cywilizowanych\/#primaryimage","url":"https:\/\/www.pogotowieflagowe.pl\/aktualne\/wp-content\/uploads\/2025\/11\/Rosjanie-usuwaja-polskie-symbole-z-cmentarza-w-Katyniu-IPN-To.webp.webp","contentUrl":"https:\/\/www.pogotowieflagowe.pl\/aktualne\/wp-content\/uploads\/2025\/11\/Rosjanie-usuwaja-polskie-symbole-z-cmentarza-w-Katyniu-IPN-To.webp.webp","width":1280,"height":720,"caption":"Rosjanie usuwaj\u0105 polskie symbole z cmentarza w Katyniu. IPN: To post\u0119powanie niegodne narod\u00f3w cywilizowanych!"},{"@type":"BreadcrumbList","@id":"https:\/\/www.pogotowieflagowe.pl\/aktualne\/rosjanie-usuwaja-polskie-symbole-z-cmentarza-w-katyniu-ipn-to-postepowanie-niegodne-narodow-cywilizowanych\/#breadcrumb","itemListElement":[{"@type":"ListItem","position":1,"name":"Home","item":"https:\/\/www.pogotowieflagowe.pl\/aktualne\/"},{"@type":"ListItem","position":2,"name":"Rosjanie usuwaj\u0105 polskie symbole z cmentarza w Katyniu. IPN: To post\u0119powanie niegodne narod\u00f3w cywilizowanych!"}]},{"@type":"WebSite","@id":"https:\/\/www.pogotowieflagowe.pl\/aktualne\/#website","url":"https:\/\/www.pogotowieflagowe.pl\/aktualne\/","name":"POGOTOWIE FLAGOWE\u00ae","description":"","publisher":{"@id":"https:\/\/www.pogotowieflagowe.pl\/aktualne\/#organization"},"potentialAction":[{"@type":"SearchAction","target":{"@type":"EntryPoint","urlTemplate":"https:\/\/www.pogotowieflagowe.pl\/aktualne\/?s={search_term_string}"},"query-input":"required name=search_term_string"}],"inLanguage":"pl-PL"},{"@type":"Organization","@id":"https:\/\/www.pogotowieflagowe.pl\/aktualne\/#organization","name":"POGOTOWIE FLAGOWE\u00ae","url":"https:\/\/www.pogotowieflagowe.pl\/aktualne\/","logo":{"@type":"ImageObject","inLanguage":"pl-PL","@id":"https:\/\/www.pogotowieflagowe.pl\/aktualne\/#\/schema\/logo\/image\/","url":"https:\/\/www.pogotowieflagowe.pl\/aktualne\/wp-content\/uploads\/2024\/08\/cropped-pogotowieflagowe_flaga_projekt_sm.jpg","contentUrl":"https:\/\/www.pogotowieflagowe.pl\/aktualne\/wp-content\/uploads\/2024\/08\/cropped-pogotowieflagowe_flaga_projekt_sm.jpg","width":250,"height":143,"caption":"POGOTOWIE FLAGOWE\u00ae"},"image":{"@id":"https:\/\/www.pogotowieflagowe.pl\/aktualne\/#\/schema\/logo\/image\/"}},{"@type":"Person","@id":"https:\/\/www.pogotowieflagowe.pl\/aktualne\/#\/schema\/person\/9c2fb7d2362ebf6fa088960d7f0d27b0","name":"Filip","image":{"@type":"ImageObject","inLanguage":"pl-PL","@id":"https:\/\/www.pogotowieflagowe.pl\/aktualne\/#\/schema\/person\/image\/","url":"https:\/\/www.pogotowieflagowe.pl\/aktualne\/wp-content\/uploads\/2024\/08\/pogotowieflagowe.pl_.jpg","contentUrl":"https:\/\/www.pogotowieflagowe.pl\/aktualne\/wp-content\/uploads\/2024\/08\/pogotowieflagowe.pl_.jpg","caption":"Filip"},"description":"Jestem Filip, polski dziennikarz z dyplomem nauk politycznych Uniwersytetu Warszawskiego. Rozpoczynaj\u0105c swoj\u0105 karier\u0119 w r\u00f3\u017cnych lokalnych mediach, zdoby\u0142em solidne do\u015bwiadczenie w zakresie \u015bledztwa i redakcji. Obecnie jako redaktor w Pogotowie flagowe, staram si\u0119 dostarcza\u0107 dog\u0142\u0119bne i istotne analizy na temat najwa\u017cniejszych kwestii aktualno\u015bci, \u0142\u0105cz\u0105c rygor z pasj\u0105 dziennikarsk\u0105.","sameAs":["https:\/\/www.pogotowieflagowe.pl\/"]}]}},"_links":{"self":[{"href":"https:\/\/www.pogotowieflagowe.pl\/aktualne\/wp-json\/wp\/v2\/posts\/10779","targetHints":{"allow":["GET"]}}],"collection":[{"href":"https:\/\/www.pogotowieflagowe.pl\/aktualne\/wp-json\/wp\/v2\/posts"}],"about":[{"href":"https:\/\/www.pogotowieflagowe.pl\/aktualne\/wp-json\/wp\/v2\/types\/post"}],"author":[{"embeddable":true,"href":"https:\/\/www.pogotowieflagowe.pl\/aktualne\/wp-json\/wp\/v2\/users\/1"}],"replies":[{"embeddable":true,"href":"https:\/\/www.pogotowieflagowe.pl\/aktualne\/wp-json\/wp\/v2\/comments?post=10779"}],"version-history":[{"count":1,"href":"https:\/\/www.pogotowieflagowe.pl\/aktualne\/wp-json\/wp\/v2\/posts\/10779\/revisions"}],"predecessor-version":[{"id":10781,"href":"https:\/\/www.pogotowieflagowe.pl\/aktualne\/wp-json\/wp\/v2\/posts\/10779\/revisions\/10781"}],"wp:featuredmedia":[{"embeddable":true,"href":"https:\/\/www.pogotowieflagowe.pl\/aktualne\/wp-json\/wp\/v2\/media\/10780"}],"wp:attachment":[{"href":"https:\/\/www.pogotowieflagowe.pl\/aktualne\/wp-json\/wp\/v2\/media?parent=10779"}],"wp:term":[{"taxonomy":"category","embeddable":true,"href":"https:\/\/www.pogotowieflagowe.pl\/aktualne\/wp-json\/wp\/v2\/categories?post=10779"},{"taxonomy":"post_tag","embeddable":true,"href":"https:\/\/www.pogotowieflagowe.pl\/aktualne\/wp-json\/wp\/v2\/tags?post=10779"}],"curies":[{"name":"wp","href":"https:\/\/api.w.org\/{rel}","templated":true}]}}