{"id":10782,"date":"2025-11-19T21:30:06","date_gmt":"2025-11-19T20:30:06","guid":{"rendered":"https:\/\/www.pogotowieflagowe.pl\/aktualne\/niemcy-oburzone-ze-prezydent-nawrocki-broni-polskiej-gospodarki\/"},"modified":"2025-11-19T21:30:08","modified_gmt":"2025-11-19T20:30:08","slug":"niemcy-oburzone-ze-prezydent-nawrocki-broni-polskiej-gospodarki","status":"publish","type":"post","link":"https:\/\/www.pogotowieflagowe.pl\/aktualne\/niemcy-oburzone-ze-prezydent-nawrocki-broni-polskiej-gospodarki\/","title":{"rendered":"Niemcy oburzone, \u017ce prezydent Nawrocki broni polskiej gospodarki"},"content":{"rendered":"\n<div class=\"td_block_wrap tdb_single_content tdi_41 td-pb-border-top td_block_template_8 td-post-content tagdiv-type\" data-td-block-uid=\"tdi_41\">\n<style>.tdi_41{margines-top:0px!important;margin-bottom:0px!important;dope\u0142nienie-g\u00f3ra:0px!important;dope\u0142nienie-d\u00f3\u0142:0px!important}<\/style>\n<style>.tdb_single_content{margin-bottom:0;*zoom:1}.tdb_single_content:before,.tdb_single_content:after{display:table;content:'';line-height:0}.tdb_single_content:after{clear:both}.tdb_single_content .tdb-block-inner>*:not(.wp-block-quote):not(.alignwide):not(.alignfull.wp-block-cover.has-parallax):not(.td-a-ad){margin-left:auto;margin-right:auto}.tdb_single_content a{pointer-events:auto}.tdb_single_content .td-spot-id-top_ad .tdc-placeholder-title:before{content:'Najlepsza reklama artyku\u0142u'!important}.tdb_single_content .td-spot-id-inline_ad0 .tdc-placeholder-title:before{content:'Reklama wbudowana artyku\u0142u 1'!important}.tdb_single_content .td-spot-id-inline_ad1 .tdc-placeholder-title:before{content:'Wbudowana reklama w artykule 2'!important}.tdb_single_content .td-spot-id-inline_ad2 .tdc-placeholder-title:before{content:'Wbudowana reklama w artykule 3'!important}.tdb_single_content .td-spot-id-bottom_ad .tdc-placeholder-title:before{content:'Article Bottom Ad'!important}.tdb_single_content .id_top_ad,.tdb_single_content .id_bottom_ad{clear:both;margin-bottom:21px;text-align:center}.tdb_single_content .id_top_ad img,.tdb_single_content .id_bottom_ad img{margin-bottom:0}.tdb_single_content .id_top_ad .adsbygoogle,.tdb_single_content .id_bottom_ad .adsbygoogle{position:relative}.tdb_single_content .id_ad_content-horiz-left,.tdb_single_content .id_ad_content-horiz-right,.tdb_single_content .id_ad_content-horiz-center{margin-bottom:15px}.tdb_single_content .id_ad_content-horiz-left img,.tdb_single_content .id_ad_content-horiz-right img,.tdb_single_content .id_ad_content-horiz-center img{margin-bottom:0}.tdb_single_content .id_ad_content-horiz-center{text-align:center}.tdb_single_content .id_ad_content-horiz-center img{margin-right:auto;margin-left:auto}.tdb_single_content .id_ad_content-horiz-left{float:left;margin-top:9px;margin-right:21px}.tdb_single_content .id_ad_content-horiz-right{float:right;margin-top:6px;margin-left:21px}.tdb_single_content .tdc-a-ad .tdc-placeholder-title{width:300px;height:250px}.tdb_single_content .tdc-a-ad .tdc-placeholder-title:before{position:absolute;top:50%;-webkit-transform:translateY(-50%);transform:translateY(-50%);margin:auto;display:table;width:100%}.tdb_single_content .tdb-block-inner.td-fix-index{word-break:break-word}.tdi_41,.tdi_41>p,.tdi_41 .tdb-block-inner>p,.wp-block-column>p{font-size:16px!important;line-height:1.6!important}.tdi_41 .tdb-block-inner blockquote p{font-style:normal!important}@media (max-width:767px){.tdb_single_content .id_ad_content-horiz-left,.tdb_single_content .id_ad_content-horiz-right,.tdb_single_content .id_ad_content-horiz-center{margin:0 auto 26 pikseli auto}}@media (max-width:767px){.tdb_single_content .id_ad_content-horiz-left{margin-right:0}}@media (max-width:767px){.tdb_single_content .id_ad_content-horiz-right{margin-left:0}}@media (max-width:767px){.tdb_single_content .td-a-ad{float:none;text-align:center}.tdb_single_content .td-a-ad img{margin-right:auto;margin-left:auto}.tdb_single_content .tdc-a-ad{float:none}}<\/style>\n<div class=\"tdb-block-inner td-fix-index\">\n<p>Niemcy lej\u0105 krokodyle \u0142zy po wecie prezydenta Karola Nawrockiego w sprawie utworzenia tzw <em>Park Narodowy Dolina Dolnej Odry<\/em> (<em>PNDDO<\/em>). Nasi zachodni \u201eprzyjaciele\u201d oficjalnie ubolewaj\u0105, \u017ce weto zaszkodzi walorom przyrodniczym obszaru i zagrozi ekosystemowi, ale w rzeczywisto\u015bci s\u0105 zdenerwowani, poniewa\u017c Nawrocki storpedowa\u0142 kluczowy element ich planu przekszta\u0142cenia naszego kraju w skansen gospodarczy. Przecie\u017c \u017cegluga \u015br\u00f3dl\u0105dowa (i nie tylko), tak bardzo dyskredytowana przez Niemcy jako rzekomo \u201ezagra\u017caj\u0105ca\u201d \u015brodowisku, stwarza zagro\u017cenie dopiero na wsch\u00f3d od Odry \u2013 na zach\u00f3d od granicy rozwija si\u0119 bez przeszk\u00f3d.<\/p>\n<figure class=\"wp-block-embed is-type-rich is-provider-twitter wp-block-embed-twitter\">\n<div class=\"wp-block-embed__wrapper\">\n<blockquote class=\"twitter-tweet\" data-width=\"550\" data-dnt=\"true\">\n<p lang=\"pl\" dir=\"ltr\">Brawo Panie Prezydencja <a rel=\"nofollow\" href=\"https:\/\/twitter.com\/NawrockiKn?ref_src=twsrc%5Etfw\">@NawrockiKn<\/a> \ud83d\udc4f<\/p>\n<p>Weto Prezydenckie zatrzyma\u0142o skandaliczny prezent dla Niemiec !<\/p>\n<p>\u201ePark narodowy Dolnej Odry\u201d Tuska to nie ekologia \u2013 to zwyk\u0142e zdrada polskich interes\u00f3w na rzecz Berlina !<\/p>\n<p>Weto dla Polski \ud83c\uddf5\ud83c\uddf1 Dzi\u0119kujemy \u2764\ufe0f <a rel=\"nofollow\" href=\"https:\/\/t.co\/iJVuLsguxI\">pic.twitter.com\/iJVuLsguxI<\/a><\/p>\n<p>\u2014 AgaPolka \ud83c\uddf5\ud83c\uddf1 (@agntwo1) <a rel=\"nofollow\" href=\"https:\/\/twitter.com\/agntwo1\/status\/1986877671007977937?ref_src=twsrc%5Etfw\">7 listopada 2025 r<\/a><\/p><\/blockquote>\n<\/div>\n<\/figure>\n<h2 class=\"wp-block-heading\"><strong>Reakcje Niemiec: \u201eTo rozczarowuj\u0105ce\u201d<\/strong><\/h2>\n<p>Niemiecka propaganda zmobilizowa\u0142a \u201eca\u0142kowicie apolitycznych\u201d lokalnych urz\u0119dnik\u00f3w i r\u00f3wnie \u201eapolitycznych\u201d dzia\u0142aczy na rzecz ochrony \u015brodowiska. Czy ta nowa forma <em>Wunderwaffe<\/em> przyniesie Niemcom sukces w \u201eobej\u015bciu\u201d weta Nawrockiego, czy zako\u0144czy si\u0119 jak ofensywa w Ardenach, czas poka\u017ce. Za Odr\u0105 licz\u0105 na wsparcie ministra Tuska Henniga-Kloski. Na razie Niemcy snuj\u0105 jedynie sentymentalne opowie\u015bci o przyrodzie \u201ezagro\u017conej\u201d \u2013 rzekomo na skutek dzia\u0142a\u0144 polskiego prezydenta.<\/p>\n<p>W wywiadzie z <em>Niemieckie Welle<\/em>niemieccy dzia\u0142acze na rzecz ochrony \u015brodowiska narzekaj\u0105, \u017ce decyzja polskiego prezydenta zaskoczy\u0142a ich skal\u0105 opozycji politycznej:<\/p>\n<figure class=\"wp-block-pullquote\">\n<blockquote>\n<p><strong>\u201eJasne jest, \u017ce tu i tam rozczarowanie jest ogromne\u201d<\/strong> \u2013 powiedzia\u0142 \u0141ukasz Piskorz, rzecznik prasowy <em>Fundacja EuroNatur<\/em>.<\/p>\n<\/blockquote>\n<\/figure>\n<p>Podkre\u015bli\u0142, \u017ce po miesi\u0105cach intensywnych prac nad wsp\u00f3\u0142prac\u0105 w zakresie ochrony Odry strona niemiecka oczekuje \u201ekonstruktywnego rozwi\u0105zania sporu\u201d, co w praktyce oznacza\u0142oby przyj\u0119cie punktu widzenia Berlina. Jak zauwa\u017cy\u0142 Piskorz, <strong>\u201etrudno zrozumie\u0107, \u017ce obszar ten pozostaje bez statusu chronionego\u201d.<\/strong> Jego rozczarowanie podziela tak\u017ce cytowany przez DW burmistrz gmin nadodrza\u0144skich. Twierdzi, \u017ce wsp\u00f3\u0142praca mi\u0119dzy obydwoma krajami powinna wygl\u0105da\u0107 inaczej:<\/p>\n<figure class=\"wp-block-pullquote\">\n<blockquote>\n<p><strong>\u201eO wiele sensowniej by\u0142oby, gdyby strona polska wprowadzi\u0142a jak\u0105\u015b form\u0119 ochrony\u201d \u2013 doda\u0142.<\/strong> \u2013 powiedzia\u0142a burmistrz Dria Traczyk w rozmowie z DW.<\/p>\n<\/blockquote>\n<\/figure>\n<p>Z niemieckiej perspektywy park narodowy mia\u0142 stanowi\u0107 podstaw\u0119 do opracowania projektu \u201eobszaru transgranicznego\u201d, kt\u00f3ry \u2013 jak twierdzi DW \u2013 cieszy\u0142 si\u0119 wsparciem lokalnych spo\u0142eczno\u015bci i ekspert\u00f3w po obu stronach granicy. Krytycy powo\u0142ania Parku Narodowego sw\u00f3j sprzeciw uzasadniaj\u0105 przede wszystkim obawami o zahamowanie rozwoju gospodarczego regionu, zagro\u017ceniami dla inwestycji i dzia\u0142alno\u015bci mieszka\u0144c\u00f3w, a tak\u017ce niewystarczaj\u0105cymi konsultacjami spo\u0142ecznymi. Zosta\u0142o to r\u00f3wnie\u017c podkre\u015blone przez <em>Kancelaria Prezydenta<\/em> (<em>KP<\/em>) w uzasadnieniu weta argumentuj\u0105c, \u017ce dane dotycz\u0105ce walor\u00f3w przyrodniczych obszaru s\u0105 \u201eniezweryfikowane\u201d, a utworzenie parku mog\u0142oby spowodowa\u0107 straty finansowe dla lokalnych gmin.<\/p>\n<p>Dirk Treichel, dyrektor ds <em>Park Narodowy Dolina Dolnej Odry<\/em> po stronie niemieckiej r\u00f3wnie\u017c nie kryje rozczarowania decyzj\u0105 polskiego prezydenta.<\/p>\n<figure class=\"wp-block-pullquote\">\n<blockquote>\n<p><strong>&#8222;Jeste\u015bmy bardzo rozczarowani. By\u0142bym niezmiernie szcz\u0119\u015bliwy, gdyby park narodowy po polskiej stronie powsta\u0142 \u2013 zgodnie z planem \u2013 11 listopada\u201d<\/strong> powiedzia\u0142 Treichel. <strong>&#8222;Ju\u017c w 1990 roku koncepcja utworzenia parku narodowego na terenie Dolnej Odry by\u0142a projektem polsko-niemieckim. Planowano utworzenie jednego parku transgranicznego po obu stronach rzeki, z administracj\u0105 polsko-niemieck\u0105. Nawet gdyby z czasem okaza\u0142o si\u0119, \u017ce ze wzgl\u0119d\u00f3w prawnych nie da si\u0119 tego zrealizowa\u0107, utworzenie parku narodowego obecnie po polskiej stronie by\u0142oby ogromnym post\u0119pem. Dla nas, w roku jubileuszowym 30-lecia naszego parku, by\u0142by to najwi\u0119kszy prezent&#8221;<\/strong> \u2013 powiedzia\u0142 ze wzruszeniem niemiecki urz\u0119dnik.<\/p>\n<\/blockquote>\n<\/figure>\n<p>Treichel nie traci nadziei, \u017ce w przysz\u0142o\u015bci a <em>Park Narodowy Dolina Dolnej Odry<\/em> zostanie ustanowiony po stronie polskiej. Na razie Niemcy pok\u0142adaj\u0105 nadzieje w Paulinie Hennig-Kloskiej, kt\u00f3ra w poniedzia\u0142ek (17 listopada) w Szczecinie oznajmi\u0142a, \u017ce \u200b\u200bweto prezydenta nie zahamuje dzia\u0142a\u0144 maj\u0105cych na celu \u201eochron\u0119 tych teren\u00f3w\u201d. Jako plan B przedstawi\u0142a propozycj\u0119 dla Szczecina i Ko\u0142baskowa utworzenia na Mi\u0119dzyodrzu obszaru chronionego, kt\u00f3ry nast\u0119pnie zosta\u0142by w\u0142\u0105czony do <em>Woli\u0144ski Park Narodowy<\/em> (<em>WPN<\/em>).<\/p>\n<\/div>\n<\/div>\n<p><script async src=\"https:\/\/platform.twitter.com\/widgets.js\" charset=\"utf-8\"><\/script><\/p>\n","protected":false},"excerpt":{"rendered":"<p>Niemcy lej\u0105 krokodyle \u0142zy po wecie prezydenta Karola Nawrockiego w sprawie utworzenia tzw Park Narodowy Dolina Dolnej Odry (PNDDO). Nasi<\/p>\n","protected":false},"author":1,"featured_media":10783,"comment_status":"open","ping_status":"open","sticky":false,"template":"","format":"standard","meta":{"footnotes":""},"categories":[44],"tags":[659,4766,2727,30,5202,652,341,453],"class_list":["post-10782","post","type-post","status-publish","format-standard","has-post-thumbnail","hentry","category-polityka","tag-broni","tag-gospodarki","tag-nawrocki","tag-niemcy","tag-oburzone","tag-polskiej","tag-prezydent","tag-ze","generate-columns","tablet-grid-50","mobile-grid-100","grid-parent","grid-50","resize-featured-image"],"yoast_head":"<!-- This site is optimized with the Yoast SEO plugin v23.2 - https:\/\/yoast.com\/wordpress\/plugins\/seo\/ -->\n<title>Niemcy oburzone, \u017ce prezydent Nawrocki broni polskiej gospodarki - POGOTOWIE FLAGOWE\u00ae<\/title>\n<meta name=\"robots\" content=\"index, follow, max-snippet:-1, max-image-preview:large, max-video-preview:-1\" \/>\n<link rel=\"canonical\" href=\"https:\/\/www.pogotowieflagowe.pl\/aktualne\/niemcy-oburzone-ze-prezydent-nawrocki-broni-polskiej-gospodarki\/\" \/>\n<meta property=\"og:locale\" content=\"pl_PL\" \/>\n<meta property=\"og:type\" content=\"article\" \/>\n<meta property=\"og:title\" content=\"Niemcy oburzone, \u017ce prezydent Nawrocki broni polskiej gospodarki - POGOTOWIE FLAGOWE\u00ae\" \/>\n<meta property=\"og:description\" content=\"Niemcy lej\u0105 krokodyle \u0142zy po wecie prezydenta Karola Nawrockiego w sprawie utworzenia tzw Park Narodowy Dolina Dolnej Odry (PNDDO). Nasi\" \/>\n<meta property=\"og:url\" content=\"https:\/\/www.pogotowieflagowe.pl\/aktualne\/niemcy-oburzone-ze-prezydent-nawrocki-broni-polskiej-gospodarki\/\" \/>\n<meta property=\"og:site_name\" content=\"POGOTOWIE FLAGOWE\u00ae\" \/>\n<meta property=\"article:published_time\" content=\"2025-11-19T20:30:06+00:00\" \/>\n<meta property=\"article:modified_time\" content=\"2025-11-19T20:30:08+00:00\" \/>\n<meta property=\"og:image\" content=\"https:\/\/www.pogotowieflagowe.pl\/aktualne\/wp-content\/uploads\/2025\/11\/Niemcy-oburzone-ze-prezydent-Nawrocki-broni-polskiej-gospodarki.jpg\" \/>\n\t<meta property=\"og:image:width\" content=\"1200\" \/>\n\t<meta property=\"og:image:height\" content=\"675\" \/>\n\t<meta property=\"og:image:type\" content=\"image\/jpeg\" \/>\n<meta name=\"author\" content=\"Filip\" \/>\n<meta name=\"twitter:card\" content=\"summary_large_image\" \/>\n<meta name=\"twitter:label1\" content=\"Napisane przez\" \/>\n\t<meta name=\"twitter:data1\" content=\"Filip\" \/>\n\t<meta name=\"twitter:label2\" content=\"Szacowany czas czytania\" \/>\n\t<meta name=\"twitter:data2\" content=\"3 minuty\" \/>\n<script type=\"application\/ld+json\" class=\"yoast-schema-graph\">{\"@context\":\"https:\/\/schema.org\",\"@graph\":[{\"@type\":\"Article\",\"@id\":\"https:\/\/www.pogotowieflagowe.pl\/aktualne\/niemcy-oburzone-ze-prezydent-nawrocki-broni-polskiej-gospodarki\/#article\",\"isPartOf\":{\"@id\":\"https:\/\/www.pogotowieflagowe.pl\/aktualne\/niemcy-oburzone-ze-prezydent-nawrocki-broni-polskiej-gospodarki\/\"},\"author\":{\"name\":\"Filip\",\"@id\":\"https:\/\/www.pogotowieflagowe.pl\/aktualne\/#\/schema\/person\/9c2fb7d2362ebf6fa088960d7f0d27b0\"},\"headline\":\"Niemcy oburzone, \u017ce prezydent Nawrocki broni polskiej gospodarki\",\"datePublished\":\"2025-11-19T20:30:06+00:00\",\"dateModified\":\"2025-11-19T20:30:08+00:00\",\"mainEntityOfPage\":{\"@id\":\"https:\/\/www.pogotowieflagowe.pl\/aktualne\/niemcy-oburzone-ze-prezydent-nawrocki-broni-polskiej-gospodarki\/\"},\"wordCount\":658,\"commentCount\":0,\"publisher\":{\"@id\":\"https:\/\/www.pogotowieflagowe.pl\/aktualne\/#organization\"},\"image\":{\"@id\":\"https:\/\/www.pogotowieflagowe.pl\/aktualne\/niemcy-oburzone-ze-prezydent-nawrocki-broni-polskiej-gospodarki\/#primaryimage\"},\"thumbnailUrl\":\"https:\/\/www.pogotowieflagowe.pl\/aktualne\/wp-content\/uploads\/2025\/11\/Niemcy-oburzone-ze-prezydent-Nawrocki-broni-polskiej-gospodarki.jpg\",\"keywords\":[\"broni\",\"gospodarki\",\"Nawrocki\",\"Niemcy\",\"oburzone\",\"polskiej\",\"Prezydent\",\"\u017ce\"],\"articleSection\":[\"Polityka\"],\"inLanguage\":\"pl-PL\",\"potentialAction\":[{\"@type\":\"CommentAction\",\"name\":\"Comment\",\"target\":[\"https:\/\/www.pogotowieflagowe.pl\/aktualne\/niemcy-oburzone-ze-prezydent-nawrocki-broni-polskiej-gospodarki\/#respond\"]}]},{\"@type\":\"WebPage\",\"@id\":\"https:\/\/www.pogotowieflagowe.pl\/aktualne\/niemcy-oburzone-ze-prezydent-nawrocki-broni-polskiej-gospodarki\/\",\"url\":\"https:\/\/www.pogotowieflagowe.pl\/aktualne\/niemcy-oburzone-ze-prezydent-nawrocki-broni-polskiej-gospodarki\/\",\"name\":\"Niemcy oburzone, \u017ce prezydent Nawrocki broni polskiej gospodarki - POGOTOWIE FLAGOWE\u00ae\",\"isPartOf\":{\"@id\":\"https:\/\/www.pogotowieflagowe.pl\/aktualne\/#website\"},\"primaryImageOfPage\":{\"@id\":\"https:\/\/www.pogotowieflagowe.pl\/aktualne\/niemcy-oburzone-ze-prezydent-nawrocki-broni-polskiej-gospodarki\/#primaryimage\"},\"image\":{\"@id\":\"https:\/\/www.pogotowieflagowe.pl\/aktualne\/niemcy-oburzone-ze-prezydent-nawrocki-broni-polskiej-gospodarki\/#primaryimage\"},\"thumbnailUrl\":\"https:\/\/www.pogotowieflagowe.pl\/aktualne\/wp-content\/uploads\/2025\/11\/Niemcy-oburzone-ze-prezydent-Nawrocki-broni-polskiej-gospodarki.jpg\",\"datePublished\":\"2025-11-19T20:30:06+00:00\",\"dateModified\":\"2025-11-19T20:30:08+00:00\",\"breadcrumb\":{\"@id\":\"https:\/\/www.pogotowieflagowe.pl\/aktualne\/niemcy-oburzone-ze-prezydent-nawrocki-broni-polskiej-gospodarki\/#breadcrumb\"},\"inLanguage\":\"pl-PL\",\"potentialAction\":[{\"@type\":\"ReadAction\",\"target\":[\"https:\/\/www.pogotowieflagowe.pl\/aktualne\/niemcy-oburzone-ze-prezydent-nawrocki-broni-polskiej-gospodarki\/\"]}]},{\"@type\":\"ImageObject\",\"inLanguage\":\"pl-PL\",\"@id\":\"https:\/\/www.pogotowieflagowe.pl\/aktualne\/niemcy-oburzone-ze-prezydent-nawrocki-broni-polskiej-gospodarki\/#primaryimage\",\"url\":\"https:\/\/www.pogotowieflagowe.pl\/aktualne\/wp-content\/uploads\/2025\/11\/Niemcy-oburzone-ze-prezydent-Nawrocki-broni-polskiej-gospodarki.jpg\",\"contentUrl\":\"https:\/\/www.pogotowieflagowe.pl\/aktualne\/wp-content\/uploads\/2025\/11\/Niemcy-oburzone-ze-prezydent-Nawrocki-broni-polskiej-gospodarki.jpg\",\"width\":1200,\"height\":675,\"caption\":\"Niemcy oburzone, \u017ce prezydent Nawrocki broni polskiej gospodarki\"},{\"@type\":\"BreadcrumbList\",\"@id\":\"https:\/\/www.pogotowieflagowe.pl\/aktualne\/niemcy-oburzone-ze-prezydent-nawrocki-broni-polskiej-gospodarki\/#breadcrumb\",\"itemListElement\":[{\"@type\":\"ListItem\",\"position\":1,\"name\":\"Home\",\"item\":\"https:\/\/www.pogotowieflagowe.pl\/aktualne\/\"},{\"@type\":\"ListItem\",\"position\":2,\"name\":\"Niemcy oburzone, \u017ce prezydent Nawrocki broni polskiej gospodarki\"}]},{\"@type\":\"WebSite\",\"@id\":\"https:\/\/www.pogotowieflagowe.pl\/aktualne\/#website\",\"url\":\"https:\/\/www.pogotowieflagowe.pl\/aktualne\/\",\"name\":\"POGOTOWIE FLAGOWE\u00ae\",\"description\":\"\",\"publisher\":{\"@id\":\"https:\/\/www.pogotowieflagowe.pl\/aktualne\/#organization\"},\"potentialAction\":[{\"@type\":\"SearchAction\",\"target\":{\"@type\":\"EntryPoint\",\"urlTemplate\":\"https:\/\/www.pogotowieflagowe.pl\/aktualne\/?s={search_term_string}\"},\"query-input\":\"required name=search_term_string\"}],\"inLanguage\":\"pl-PL\"},{\"@type\":\"Organization\",\"@id\":\"https:\/\/www.pogotowieflagowe.pl\/aktualne\/#organization\",\"name\":\"POGOTOWIE FLAGOWE\u00ae\",\"url\":\"https:\/\/www.pogotowieflagowe.pl\/aktualne\/\",\"logo\":{\"@type\":\"ImageObject\",\"inLanguage\":\"pl-PL\",\"@id\":\"https:\/\/www.pogotowieflagowe.pl\/aktualne\/#\/schema\/logo\/image\/\",\"url\":\"https:\/\/www.pogotowieflagowe.pl\/aktualne\/wp-content\/uploads\/2024\/08\/cropped-pogotowieflagowe_flaga_projekt_sm.jpg\",\"contentUrl\":\"https:\/\/www.pogotowieflagowe.pl\/aktualne\/wp-content\/uploads\/2024\/08\/cropped-pogotowieflagowe_flaga_projekt_sm.jpg\",\"width\":250,\"height\":143,\"caption\":\"POGOTOWIE FLAGOWE\u00ae\"},\"image\":{\"@id\":\"https:\/\/www.pogotowieflagowe.pl\/aktualne\/#\/schema\/logo\/image\/\"}},{\"@type\":\"Person\",\"@id\":\"https:\/\/www.pogotowieflagowe.pl\/aktualne\/#\/schema\/person\/9c2fb7d2362ebf6fa088960d7f0d27b0\",\"name\":\"Filip\",\"image\":{\"@type\":\"ImageObject\",\"inLanguage\":\"pl-PL\",\"@id\":\"https:\/\/www.pogotowieflagowe.pl\/aktualne\/#\/schema\/person\/image\/\",\"url\":\"https:\/\/www.pogotowieflagowe.pl\/aktualne\/wp-content\/uploads\/2024\/08\/pogotowieflagowe.pl_.jpg\",\"contentUrl\":\"https:\/\/www.pogotowieflagowe.pl\/aktualne\/wp-content\/uploads\/2024\/08\/pogotowieflagowe.pl_.jpg\",\"caption\":\"Filip\"},\"description\":\"Jestem Filip, polski dziennikarz z dyplomem nauk politycznych Uniwersytetu Warszawskiego. Rozpoczynaj\u0105c swoj\u0105 karier\u0119 w r\u00f3\u017cnych lokalnych mediach, zdoby\u0142em solidne do\u015bwiadczenie w zakresie \u015bledztwa i redakcji. Obecnie jako redaktor w Pogotowie flagowe, staram si\u0119 dostarcza\u0107 dog\u0142\u0119bne i istotne analizy na temat najwa\u017cniejszych kwestii aktualno\u015bci, \u0142\u0105cz\u0105c rygor z pasj\u0105 dziennikarsk\u0105.\",\"sameAs\":[\"https:\/\/www.pogotowieflagowe.pl\/\"]}]}<\/script>\n<!-- \/ Yoast SEO plugin. -->","yoast_head_json":{"title":"Niemcy oburzone, \u017ce prezydent Nawrocki broni polskiej gospodarki - POGOTOWIE FLAGOWE\u00ae","robots":{"index":"index","follow":"follow","max-snippet":"max-snippet:-1","max-image-preview":"max-image-preview:large","max-video-preview":"max-video-preview:-1"},"canonical":"https:\/\/www.pogotowieflagowe.pl\/aktualne\/niemcy-oburzone-ze-prezydent-nawrocki-broni-polskiej-gospodarki\/","og_locale":"pl_PL","og_type":"article","og_title":"Niemcy oburzone, \u017ce prezydent Nawrocki broni polskiej gospodarki - POGOTOWIE FLAGOWE\u00ae","og_description":"Niemcy lej\u0105 krokodyle \u0142zy po wecie prezydenta Karola Nawrockiego w sprawie utworzenia tzw Park Narodowy Dolina Dolnej Odry (PNDDO). Nasi","og_url":"https:\/\/www.pogotowieflagowe.pl\/aktualne\/niemcy-oburzone-ze-prezydent-nawrocki-broni-polskiej-gospodarki\/","og_site_name":"POGOTOWIE FLAGOWE\u00ae","article_published_time":"2025-11-19T20:30:06+00:00","article_modified_time":"2025-11-19T20:30:08+00:00","og_image":[{"width":1200,"height":675,"url":"https:\/\/www.pogotowieflagowe.pl\/aktualne\/wp-content\/uploads\/2025\/11\/Niemcy-oburzone-ze-prezydent-Nawrocki-broni-polskiej-gospodarki.jpg","type":"image\/jpeg"}],"author":"Filip","twitter_card":"summary_large_image","twitter_misc":{"Napisane przez":"Filip","Szacowany czas czytania":"3 minuty"},"schema":{"@context":"https:\/\/schema.org","@graph":[{"@type":"Article","@id":"https:\/\/www.pogotowieflagowe.pl\/aktualne\/niemcy-oburzone-ze-prezydent-nawrocki-broni-polskiej-gospodarki\/#article","isPartOf":{"@id":"https:\/\/www.pogotowieflagowe.pl\/aktualne\/niemcy-oburzone-ze-prezydent-nawrocki-broni-polskiej-gospodarki\/"},"author":{"name":"Filip","@id":"https:\/\/www.pogotowieflagowe.pl\/aktualne\/#\/schema\/person\/9c2fb7d2362ebf6fa088960d7f0d27b0"},"headline":"Niemcy oburzone, \u017ce prezydent Nawrocki broni polskiej gospodarki","datePublished":"2025-11-19T20:30:06+00:00","dateModified":"2025-11-19T20:30:08+00:00","mainEntityOfPage":{"@id":"https:\/\/www.pogotowieflagowe.pl\/aktualne\/niemcy-oburzone-ze-prezydent-nawrocki-broni-polskiej-gospodarki\/"},"wordCount":658,"commentCount":0,"publisher":{"@id":"https:\/\/www.pogotowieflagowe.pl\/aktualne\/#organization"},"image":{"@id":"https:\/\/www.pogotowieflagowe.pl\/aktualne\/niemcy-oburzone-ze-prezydent-nawrocki-broni-polskiej-gospodarki\/#primaryimage"},"thumbnailUrl":"https:\/\/www.pogotowieflagowe.pl\/aktualne\/wp-content\/uploads\/2025\/11\/Niemcy-oburzone-ze-prezydent-Nawrocki-broni-polskiej-gospodarki.jpg","keywords":["broni","gospodarki","Nawrocki","Niemcy","oburzone","polskiej","Prezydent","\u017ce"],"articleSection":["Polityka"],"inLanguage":"pl-PL","potentialAction":[{"@type":"CommentAction","name":"Comment","target":["https:\/\/www.pogotowieflagowe.pl\/aktualne\/niemcy-oburzone-ze-prezydent-nawrocki-broni-polskiej-gospodarki\/#respond"]}]},{"@type":"WebPage","@id":"https:\/\/www.pogotowieflagowe.pl\/aktualne\/niemcy-oburzone-ze-prezydent-nawrocki-broni-polskiej-gospodarki\/","url":"https:\/\/www.pogotowieflagowe.pl\/aktualne\/niemcy-oburzone-ze-prezydent-nawrocki-broni-polskiej-gospodarki\/","name":"Niemcy oburzone, \u017ce prezydent Nawrocki broni polskiej gospodarki - POGOTOWIE FLAGOWE\u00ae","isPartOf":{"@id":"https:\/\/www.pogotowieflagowe.pl\/aktualne\/#website"},"primaryImageOfPage":{"@id":"https:\/\/www.pogotowieflagowe.pl\/aktualne\/niemcy-oburzone-ze-prezydent-nawrocki-broni-polskiej-gospodarki\/#primaryimage"},"image":{"@id":"https:\/\/www.pogotowieflagowe.pl\/aktualne\/niemcy-oburzone-ze-prezydent-nawrocki-broni-polskiej-gospodarki\/#primaryimage"},"thumbnailUrl":"https:\/\/www.pogotowieflagowe.pl\/aktualne\/wp-content\/uploads\/2025\/11\/Niemcy-oburzone-ze-prezydent-Nawrocki-broni-polskiej-gospodarki.jpg","datePublished":"2025-11-19T20:30:06+00:00","dateModified":"2025-11-19T20:30:08+00:00","breadcrumb":{"@id":"https:\/\/www.pogotowieflagowe.pl\/aktualne\/niemcy-oburzone-ze-prezydent-nawrocki-broni-polskiej-gospodarki\/#breadcrumb"},"inLanguage":"pl-PL","potentialAction":[{"@type":"ReadAction","target":["https:\/\/www.pogotowieflagowe.pl\/aktualne\/niemcy-oburzone-ze-prezydent-nawrocki-broni-polskiej-gospodarki\/"]}]},{"@type":"ImageObject","inLanguage":"pl-PL","@id":"https:\/\/www.pogotowieflagowe.pl\/aktualne\/niemcy-oburzone-ze-prezydent-nawrocki-broni-polskiej-gospodarki\/#primaryimage","url":"https:\/\/www.pogotowieflagowe.pl\/aktualne\/wp-content\/uploads\/2025\/11\/Niemcy-oburzone-ze-prezydent-Nawrocki-broni-polskiej-gospodarki.jpg","contentUrl":"https:\/\/www.pogotowieflagowe.pl\/aktualne\/wp-content\/uploads\/2025\/11\/Niemcy-oburzone-ze-prezydent-Nawrocki-broni-polskiej-gospodarki.jpg","width":1200,"height":675,"caption":"Niemcy oburzone, \u017ce prezydent Nawrocki broni polskiej gospodarki"},{"@type":"BreadcrumbList","@id":"https:\/\/www.pogotowieflagowe.pl\/aktualne\/niemcy-oburzone-ze-prezydent-nawrocki-broni-polskiej-gospodarki\/#breadcrumb","itemListElement":[{"@type":"ListItem","position":1,"name":"Home","item":"https:\/\/www.pogotowieflagowe.pl\/aktualne\/"},{"@type":"ListItem","position":2,"name":"Niemcy oburzone, \u017ce prezydent Nawrocki broni polskiej gospodarki"}]},{"@type":"WebSite","@id":"https:\/\/www.pogotowieflagowe.pl\/aktualne\/#website","url":"https:\/\/www.pogotowieflagowe.pl\/aktualne\/","name":"POGOTOWIE FLAGOWE\u00ae","description":"","publisher":{"@id":"https:\/\/www.pogotowieflagowe.pl\/aktualne\/#organization"},"potentialAction":[{"@type":"SearchAction","target":{"@type":"EntryPoint","urlTemplate":"https:\/\/www.pogotowieflagowe.pl\/aktualne\/?s={search_term_string}"},"query-input":"required name=search_term_string"}],"inLanguage":"pl-PL"},{"@type":"Organization","@id":"https:\/\/www.pogotowieflagowe.pl\/aktualne\/#organization","name":"POGOTOWIE FLAGOWE\u00ae","url":"https:\/\/www.pogotowieflagowe.pl\/aktualne\/","logo":{"@type":"ImageObject","inLanguage":"pl-PL","@id":"https:\/\/www.pogotowieflagowe.pl\/aktualne\/#\/schema\/logo\/image\/","url":"https:\/\/www.pogotowieflagowe.pl\/aktualne\/wp-content\/uploads\/2024\/08\/cropped-pogotowieflagowe_flaga_projekt_sm.jpg","contentUrl":"https:\/\/www.pogotowieflagowe.pl\/aktualne\/wp-content\/uploads\/2024\/08\/cropped-pogotowieflagowe_flaga_projekt_sm.jpg","width":250,"height":143,"caption":"POGOTOWIE FLAGOWE\u00ae"},"image":{"@id":"https:\/\/www.pogotowieflagowe.pl\/aktualne\/#\/schema\/logo\/image\/"}},{"@type":"Person","@id":"https:\/\/www.pogotowieflagowe.pl\/aktualne\/#\/schema\/person\/9c2fb7d2362ebf6fa088960d7f0d27b0","name":"Filip","image":{"@type":"ImageObject","inLanguage":"pl-PL","@id":"https:\/\/www.pogotowieflagowe.pl\/aktualne\/#\/schema\/person\/image\/","url":"https:\/\/www.pogotowieflagowe.pl\/aktualne\/wp-content\/uploads\/2024\/08\/pogotowieflagowe.pl_.jpg","contentUrl":"https:\/\/www.pogotowieflagowe.pl\/aktualne\/wp-content\/uploads\/2024\/08\/pogotowieflagowe.pl_.jpg","caption":"Filip"},"description":"Jestem Filip, polski dziennikarz z dyplomem nauk politycznych Uniwersytetu Warszawskiego. Rozpoczynaj\u0105c swoj\u0105 karier\u0119 w r\u00f3\u017cnych lokalnych mediach, zdoby\u0142em solidne do\u015bwiadczenie w zakresie \u015bledztwa i redakcji. Obecnie jako redaktor w Pogotowie flagowe, staram si\u0119 dostarcza\u0107 dog\u0142\u0119bne i istotne analizy na temat najwa\u017cniejszych kwestii aktualno\u015bci, \u0142\u0105cz\u0105c rygor z pasj\u0105 dziennikarsk\u0105.","sameAs":["https:\/\/www.pogotowieflagowe.pl\/"]}]}},"_links":{"self":[{"href":"https:\/\/www.pogotowieflagowe.pl\/aktualne\/wp-json\/wp\/v2\/posts\/10782","targetHints":{"allow":["GET"]}}],"collection":[{"href":"https:\/\/www.pogotowieflagowe.pl\/aktualne\/wp-json\/wp\/v2\/posts"}],"about":[{"href":"https:\/\/www.pogotowieflagowe.pl\/aktualne\/wp-json\/wp\/v2\/types\/post"}],"author":[{"embeddable":true,"href":"https:\/\/www.pogotowieflagowe.pl\/aktualne\/wp-json\/wp\/v2\/users\/1"}],"replies":[{"embeddable":true,"href":"https:\/\/www.pogotowieflagowe.pl\/aktualne\/wp-json\/wp\/v2\/comments?post=10782"}],"version-history":[{"count":1,"href":"https:\/\/www.pogotowieflagowe.pl\/aktualne\/wp-json\/wp\/v2\/posts\/10782\/revisions"}],"predecessor-version":[{"id":10784,"href":"https:\/\/www.pogotowieflagowe.pl\/aktualne\/wp-json\/wp\/v2\/posts\/10782\/revisions\/10784"}],"wp:featuredmedia":[{"embeddable":true,"href":"https:\/\/www.pogotowieflagowe.pl\/aktualne\/wp-json\/wp\/v2\/media\/10783"}],"wp:attachment":[{"href":"https:\/\/www.pogotowieflagowe.pl\/aktualne\/wp-json\/wp\/v2\/media?parent=10782"}],"wp:term":[{"taxonomy":"category","embeddable":true,"href":"https:\/\/www.pogotowieflagowe.pl\/aktualne\/wp-json\/wp\/v2\/categories?post=10782"},{"taxonomy":"post_tag","embeddable":true,"href":"https:\/\/www.pogotowieflagowe.pl\/aktualne\/wp-json\/wp\/v2\/tags?post=10782"}],"curies":[{"name":"wp","href":"https:\/\/api.w.org\/{rel}","templated":true}]}}