{"id":1080,"date":"2024-10-04T04:51:10","date_gmt":"2024-10-04T02:51:10","guid":{"rendered":"https:\/\/www.pogotowieflagowe.pl\/aktualne\/rzad-tuska-w-obliczu-poglebiajacego-sie-kryzysu-ostrzezenie-sakiewicza\/"},"modified":"2024-10-04T04:51:11","modified_gmt":"2024-10-04T02:51:11","slug":"rzad-tuska-w-obliczu-poglebiajacego-sie-kryzysu-ostrzezenie-sakiewicza","status":"publish","type":"post","link":"https:\/\/www.pogotowieflagowe.pl\/aktualne\/rzad-tuska-w-obliczu-poglebiajacego-sie-kryzysu-ostrzezenie-sakiewicza\/","title":{"rendered":"Rz\u0105d Tuska w obliczu pog\u0142\u0119biaj\u0105cego si\u0119 kryzysu: ostrze\u017cenie Sakiewicza"},"content":{"rendered":"\n<div class=\"td_block_wrap tdb_single_content tdi_48 td-pb-border-top td_block_template_8 td-post-content tagdiv-type\" data-td-block-uid=\"tdi_48\">\n<style>.tdi_48{margines-g\u00f3rny:0px!important;margin-bottom:0px!important;dope\u0142nienie-g\u00f3ra:0px!important;dope\u0142nienie-d\u00f3\u0142:0px!important}<\/style>\n<style>.tdb_single_content{margin-bottom:0;*zoom:1}.tdb_single_content:before,.tdb_single_content:after{display:table;content:'';line-height:0}.tdb_single_content:after{clear:both}.tdb_single_content .tdb-block-inner>*:not(.wp-block-quote):not(.alignwide):not(.alignfull.wp-block-cover.has-parallax):not(.td-a-ad) {margin-left:auto;margin-right:auto}.tdb_single_content a{pointer-events:auto}.tdb_single_content .td-spot-id-top_ad .tdc-placeholder-title:before{content:'Najlepsza reklama artyku\u0142u'! wa\u017cne}.tdb_single_content .td-spot-id-inline_ad0 .tdc-placeholder-title:before{content:'Article Inline Ad 1'!important}.tdb_single_content .td-spot-id-inline_ad1 .tdc-placeholder-title:before {content:'Reklama wbudowana w artyku\u0142 2'!important}.tdb_single_content .td-spot-id-inline_ad2 .tdc-placeholder-title:before{content:'Reklama wbudowana w artyku\u0142 3'!important}.tdb_single_content .td-spot-id -bottom_ad .tdc-placeholder-title:before{content:'Article Bottom Ad'!important}.tdb_single_content .id_top_ad,.tdb_single_content .id_bottom_ad{clear:both;margin-bottom:21px;text-align:center}.tdb_single_content . id_top_ad img,.tdb_single_content .id_bottom_ad img{margin-bottom:0}.tdb_single_content .id_top_ad .adsbygoogle,.tdb_single_content .id_bottom_ad .adsbygoogle{position:relative}.tdb_single_content .id_ad_content-horiz- po lewej,.tdb_single_content .id_ad_content-horiz-right ,.tdb_single_content .id_ad_content-horiz-center{margin-bottom:15px}.tdb_single_content .id_ad_content-horiz-left img,.tdb_single_content .id_ad_content-horiz-right img,.tdb_single_content .id_ad_content-horiz -center img{margines-dolny: 0}.tdb_single_content .id_ad_content-horiz-center{text-align:center}.tdb_single_content .id_ad_content-horiz-center img{margin-right:auto;margin-left:auto}.tdb_single_content .id_ad_content-horiz-left{float: lewy;margin-g\u00f3rny:9px;margin-prawy:21px}.tdb_single_content .id_ad_content-horiz-right{float:right;margin-top:6px;margin-left:21px}.tdb_single_content .tdc-a-ad .tdc- placeholder-title{width:300px;height:250px}.tdb_single_content .tdc-a-ad .tdc-placeholder-title:before{position:absolute;top:50%;-webkit-transform:translateY(-50%); transform:translateY(-50%);margines:auto;display:table;width:100%}.tdb_single_content .tdb-block-inner.td-fix-index{word-break:break-word}.tdi_48,.tdi_48 >p,.tdi_48 .tdb-block-inner>p{font-size:16px!important;line-height:1.6!important}.tdi_48 .tdb-block-inner blockquote p{font-style:normal!important}@ media (maks. szeroko\u015b\u0107: 767 pikseli){.tdb_single_content .id_ad_content-horiz-left,.tdb_single_content .id_ad_content-horiz-right,.tdb_single_content .id_ad_content-horiz-center{margin:0 auto 26px auto}}@media (maks. szeroko\u015b\u0107 :767px){.tdb_single_content .id_ad_content-horiz-left{margin-right:0}}@media (max-width:767px){.tdb_single_content .id_ad_content-horiz-right{margin-left:0}}@media (max -width:767px){.tdb_single_content .td-a-ad{float:none;text-align:center}.tdb_single_content .td-a-ad img{margin-right:auto;margin-left:auto}.tdb_single_content . tdc-a-ad{float:none}}<\/style>\n<div class=\"tdb-block-inner td-fix-index\">\n<p><strong>Tomasz Sakiewicz w niedawnym wydaniu <em>Gazeta Polska<\/em> artyku\u0142 ostrzega przed rosn\u0105cymi zagro\u017ceniami dla wolno\u015bci s\u0142owa w Polsce, szczeg\u00f3lnie wymierzonymi w konserwatywn\u0105 stacj\u0119 telewizyjn\u0105 Telewizja Republika. Dokonuje por\u00f3wnania z pocz\u0105tkami panowania W\u0142adimira Putina w Rosji, kiedy t\u0142umienie wolno\u015bci medi\u00f3w zacz\u0119\u0142o si\u0119 od atakowania reklamodawc\u00f3w i sponsor\u00f3w, a nie bezpo\u015bredniej si\u0142y. Sakiewicz sugeruje, \u017ce rz\u0105d Donalda Tuska pod\u0105\u017ca podobn\u0105 drog\u0105, sygnalizuj\u0105c niepokoj\u0105cy kierunek dla klimatu politycznego w Polsce.<\/strong><\/p>\n<h2 class=\"wp-block-heading\">Niepowodzenia w public relations i niepopularne decyzje<\/h2>\n<p>Zdaniem Sakiewicza przyw\u00f3dztwo Tuska s\u0142abnie wskutek katastrofalnych wybor\u00f3w PR i niew\u0142a\u015bciwego post\u0119powania po ostatnich powodziach. Jego nierozwa\u017cne wypowiedzi, takie jak bagatelizacj\u0119 ryzyka powodzi tu\u017c przed zawaleniem si\u0119 tamy, tylko pogorszy\u0142y sytuacj\u0119. W\u0142adze lokalne musia\u0142y interweniowa\u0107, aby zapobiec wi\u0119kszej katastrofie. Wydarzenia te zmniejszaj\u0105 poparcie spo\u0142eczne dla Tuska.<\/p>\n<p>Sakiewicz podkre\u015bla tak\u017ce, \u017ce kontrola Tuska nad s\u0105downictwem s\u0142abnie. Ostatnie niekorzystne orzeczenia sugeruj\u0105, \u017ce nawet s\u0105dy, kt\u00f3re kiedy\u015b by\u0142y postrzegane jako lojalne wobec rz\u0105du, teraz si\u0119 sprzeciwiaj\u0105. Ta zmiana w s\u0105downictwie mo\u017ce oznacza\u0107 punkt zwrotny w kadencji Tuska.<\/p>\n<p>W obliczu upadku wszystkich trzech filar\u00f3w w\u0142adzy Tuska \u2013 wsparcia Niemiec, strategii PR i kontroli s\u0105dowej \u2013 Sakiewicz przewiduje, \u017ce je\u015bli nic si\u0119 nie zmieni, rz\u0105d Tuska mo\u017ce straci\u0107 w\u0142adz\u0119 w ci\u0105gu sze\u015bciu miesi\u0119cy.<\/p>\n<\/div>\n<\/div>\n","protected":false},"excerpt":{"rendered":"<p>Tomasz Sakiewicz w niedawnym wydaniu Gazeta Polska artyku\u0142 ostrzega przed rosn\u0105cymi zagro\u017ceniami dla wolno\u015bci s\u0142owa w Polsce, szczeg\u00f3lnie wymierzonymi w<\/p>\n","protected":false},"author":1,"featured_media":1081,"comment_status":"closed","ping_status":"","sticky":false,"template":"","format":"standard","meta":{"footnotes":""},"categories":[44],"tags":[186,185,1808,1807,1554,1809,150,567],"class_list":["post-1080","post","type-post","status-publish","format-standard","has-post-thumbnail","hentry","category-polityka","tag-kryzysu","tag-obliczu","tag-ostrzezenie","tag-poglebiajacego","tag-rzad","tag-sakiewicza","tag-sie","tag-tuska","generate-columns","tablet-grid-50","mobile-grid-100","grid-parent","grid-50","resize-featured-image"],"yoast_head":"<!-- This site is optimized with the Yoast SEO plugin v23.2 - https:\/\/yoast.com\/wordpress\/plugins\/seo\/ -->\n<title>Rz\u0105d Tuska w obliczu pog\u0142\u0119biaj\u0105cego si\u0119 kryzysu: ostrze\u017cenie Sakiewicza - POGOTOWIE FLAGOWE\u00ae<\/title>\n<meta name=\"robots\" content=\"index, follow, max-snippet:-1, max-image-preview:large, max-video-preview:-1\" \/>\n<link rel=\"canonical\" href=\"https:\/\/www.pogotowieflagowe.pl\/aktualne\/rzad-tuska-w-obliczu-poglebiajacego-sie-kryzysu-ostrzezenie-sakiewicza\/\" \/>\n<meta property=\"og:locale\" content=\"pl_PL\" \/>\n<meta property=\"og:type\" content=\"article\" \/>\n<meta property=\"og:title\" content=\"Rz\u0105d Tuska w obliczu pog\u0142\u0119biaj\u0105cego si\u0119 kryzysu: ostrze\u017cenie Sakiewicza - POGOTOWIE FLAGOWE\u00ae\" \/>\n<meta property=\"og:description\" content=\"Tomasz Sakiewicz w niedawnym wydaniu Gazeta Polska artyku\u0142 ostrzega przed rosn\u0105cymi zagro\u017ceniami dla wolno\u015bci s\u0142owa w Polsce, szczeg\u00f3lnie wymierzonymi w\" \/>\n<meta property=\"og:url\" content=\"https:\/\/www.pogotowieflagowe.pl\/aktualne\/rzad-tuska-w-obliczu-poglebiajacego-sie-kryzysu-ostrzezenie-sakiewicza\/\" \/>\n<meta property=\"og:site_name\" content=\"POGOTOWIE FLAGOWE\u00ae\" \/>\n<meta property=\"article:published_time\" content=\"2024-10-04T02:51:10+00:00\" \/>\n<meta property=\"article:modified_time\" content=\"2024-10-04T02:51:11+00:00\" \/>\n<meta property=\"og:image\" content=\"https:\/\/www.pogotowieflagowe.pl\/aktualne\/wp-content\/uploads\/2024\/10\/Rzad-Tuska-w-obliczu-poglebiajacego-sie-kryzysu-ostrzezenie-Sakiewicza.jpg\" \/>\n\t<meta property=\"og:image:width\" content=\"1280\" \/>\n\t<meta property=\"og:image:height\" content=\"720\" \/>\n\t<meta property=\"og:image:type\" content=\"image\/jpeg\" \/>\n<meta name=\"author\" content=\"Filip\" \/>\n<meta name=\"twitter:card\" content=\"summary_large_image\" \/>\n<meta name=\"twitter:label1\" content=\"Napisane przez\" \/>\n\t<meta name=\"twitter:data1\" content=\"Filip\" \/>\n\t<meta name=\"twitter:label2\" content=\"Szacowany czas czytania\" \/>\n\t<meta name=\"twitter:data2\" content=\"1 minuta\" \/>\n<script type=\"application\/ld+json\" class=\"yoast-schema-graph\">{\"@context\":\"https:\/\/schema.org\",\"@graph\":[{\"@type\":\"Article\",\"@id\":\"https:\/\/www.pogotowieflagowe.pl\/aktualne\/rzad-tuska-w-obliczu-poglebiajacego-sie-kryzysu-ostrzezenie-sakiewicza\/#article\",\"isPartOf\":{\"@id\":\"https:\/\/www.pogotowieflagowe.pl\/aktualne\/rzad-tuska-w-obliczu-poglebiajacego-sie-kryzysu-ostrzezenie-sakiewicza\/\"},\"author\":{\"name\":\"Filip\",\"@id\":\"https:\/\/www.pogotowieflagowe.pl\/aktualne\/#\/schema\/person\/9c2fb7d2362ebf6fa088960d7f0d27b0\"},\"headline\":\"Rz\u0105d Tuska w obliczu pog\u0142\u0119biaj\u0105cego si\u0119 kryzysu: ostrze\u017cenie Sakiewicza\",\"datePublished\":\"2024-10-04T02:51:10+00:00\",\"dateModified\":\"2024-10-04T02:51:11+00:00\",\"mainEntityOfPage\":{\"@id\":\"https:\/\/www.pogotowieflagowe.pl\/aktualne\/rzad-tuska-w-obliczu-poglebiajacego-sie-kryzysu-ostrzezenie-sakiewicza\/\"},\"wordCount\":254,\"publisher\":{\"@id\":\"https:\/\/www.pogotowieflagowe.pl\/aktualne\/#organization\"},\"image\":{\"@id\":\"https:\/\/www.pogotowieflagowe.pl\/aktualne\/rzad-tuska-w-obliczu-poglebiajacego-sie-kryzysu-ostrzezenie-sakiewicza\/#primaryimage\"},\"thumbnailUrl\":\"https:\/\/www.pogotowieflagowe.pl\/aktualne\/wp-content\/uploads\/2024\/10\/Rzad-Tuska-w-obliczu-poglebiajacego-sie-kryzysu-ostrzezenie-Sakiewicza.jpg\",\"keywords\":[\"kryzysu\",\"obliczu\",\"ostrze\u017cenie\",\"pog\u0142\u0119biaj\u0105cego\",\"Rz\u0105d\",\"Sakiewicza\",\"si\u0119\",\"Tuska\"],\"articleSection\":[\"Polityka\"],\"inLanguage\":\"pl-PL\"},{\"@type\":\"WebPage\",\"@id\":\"https:\/\/www.pogotowieflagowe.pl\/aktualne\/rzad-tuska-w-obliczu-poglebiajacego-sie-kryzysu-ostrzezenie-sakiewicza\/\",\"url\":\"https:\/\/www.pogotowieflagowe.pl\/aktualne\/rzad-tuska-w-obliczu-poglebiajacego-sie-kryzysu-ostrzezenie-sakiewicza\/\",\"name\":\"Rz\u0105d Tuska w obliczu pog\u0142\u0119biaj\u0105cego si\u0119 kryzysu: ostrze\u017cenie Sakiewicza - POGOTOWIE FLAGOWE\u00ae\",\"isPartOf\":{\"@id\":\"https:\/\/www.pogotowieflagowe.pl\/aktualne\/#website\"},\"primaryImageOfPage\":{\"@id\":\"https:\/\/www.pogotowieflagowe.pl\/aktualne\/rzad-tuska-w-obliczu-poglebiajacego-sie-kryzysu-ostrzezenie-sakiewicza\/#primaryimage\"},\"image\":{\"@id\":\"https:\/\/www.pogotowieflagowe.pl\/aktualne\/rzad-tuska-w-obliczu-poglebiajacego-sie-kryzysu-ostrzezenie-sakiewicza\/#primaryimage\"},\"thumbnailUrl\":\"https:\/\/www.pogotowieflagowe.pl\/aktualne\/wp-content\/uploads\/2024\/10\/Rzad-Tuska-w-obliczu-poglebiajacego-sie-kryzysu-ostrzezenie-Sakiewicza.jpg\",\"datePublished\":\"2024-10-04T02:51:10+00:00\",\"dateModified\":\"2024-10-04T02:51:11+00:00\",\"breadcrumb\":{\"@id\":\"https:\/\/www.pogotowieflagowe.pl\/aktualne\/rzad-tuska-w-obliczu-poglebiajacego-sie-kryzysu-ostrzezenie-sakiewicza\/#breadcrumb\"},\"inLanguage\":\"pl-PL\",\"potentialAction\":[{\"@type\":\"ReadAction\",\"target\":[\"https:\/\/www.pogotowieflagowe.pl\/aktualne\/rzad-tuska-w-obliczu-poglebiajacego-sie-kryzysu-ostrzezenie-sakiewicza\/\"]}]},{\"@type\":\"ImageObject\",\"inLanguage\":\"pl-PL\",\"@id\":\"https:\/\/www.pogotowieflagowe.pl\/aktualne\/rzad-tuska-w-obliczu-poglebiajacego-sie-kryzysu-ostrzezenie-sakiewicza\/#primaryimage\",\"url\":\"https:\/\/www.pogotowieflagowe.pl\/aktualne\/wp-content\/uploads\/2024\/10\/Rzad-Tuska-w-obliczu-poglebiajacego-sie-kryzysu-ostrzezenie-Sakiewicza.jpg\",\"contentUrl\":\"https:\/\/www.pogotowieflagowe.pl\/aktualne\/wp-content\/uploads\/2024\/10\/Rzad-Tuska-w-obliczu-poglebiajacego-sie-kryzysu-ostrzezenie-Sakiewicza.jpg\",\"width\":1280,\"height\":720,\"caption\":\"Rz\u0105d Tuska w obliczu pog\u0142\u0119biaj\u0105cego si\u0119 kryzysu: ostrze\u017cenie Sakiewicza\"},{\"@type\":\"BreadcrumbList\",\"@id\":\"https:\/\/www.pogotowieflagowe.pl\/aktualne\/rzad-tuska-w-obliczu-poglebiajacego-sie-kryzysu-ostrzezenie-sakiewicza\/#breadcrumb\",\"itemListElement\":[{\"@type\":\"ListItem\",\"position\":1,\"name\":\"Home\",\"item\":\"https:\/\/www.pogotowieflagowe.pl\/aktualne\/\"},{\"@type\":\"ListItem\",\"position\":2,\"name\":\"Rz\u0105d Tuska w obliczu pog\u0142\u0119biaj\u0105cego si\u0119 kryzysu: ostrze\u017cenie Sakiewicza\"}]},{\"@type\":\"WebSite\",\"@id\":\"https:\/\/www.pogotowieflagowe.pl\/aktualne\/#website\",\"url\":\"https:\/\/www.pogotowieflagowe.pl\/aktualne\/\",\"name\":\"POGOTOWIE FLAGOWE\u00ae\",\"description\":\"\",\"publisher\":{\"@id\":\"https:\/\/www.pogotowieflagowe.pl\/aktualne\/#organization\"},\"potentialAction\":[{\"@type\":\"SearchAction\",\"target\":{\"@type\":\"EntryPoint\",\"urlTemplate\":\"https:\/\/www.pogotowieflagowe.pl\/aktualne\/?s={search_term_string}\"},\"query-input\":\"required name=search_term_string\"}],\"inLanguage\":\"pl-PL\"},{\"@type\":\"Organization\",\"@id\":\"https:\/\/www.pogotowieflagowe.pl\/aktualne\/#organization\",\"name\":\"POGOTOWIE FLAGOWE\u00ae\",\"url\":\"https:\/\/www.pogotowieflagowe.pl\/aktualne\/\",\"logo\":{\"@type\":\"ImageObject\",\"inLanguage\":\"pl-PL\",\"@id\":\"https:\/\/www.pogotowieflagowe.pl\/aktualne\/#\/schema\/logo\/image\/\",\"url\":\"https:\/\/www.pogotowieflagowe.pl\/aktualne\/wp-content\/uploads\/2024\/08\/cropped-pogotowieflagowe_flaga_projekt_sm.jpg\",\"contentUrl\":\"https:\/\/www.pogotowieflagowe.pl\/aktualne\/wp-content\/uploads\/2024\/08\/cropped-pogotowieflagowe_flaga_projekt_sm.jpg\",\"width\":250,\"height\":143,\"caption\":\"POGOTOWIE FLAGOWE\u00ae\"},\"image\":{\"@id\":\"https:\/\/www.pogotowieflagowe.pl\/aktualne\/#\/schema\/logo\/image\/\"}},{\"@type\":\"Person\",\"@id\":\"https:\/\/www.pogotowieflagowe.pl\/aktualne\/#\/schema\/person\/9c2fb7d2362ebf6fa088960d7f0d27b0\",\"name\":\"Filip\",\"image\":{\"@type\":\"ImageObject\",\"inLanguage\":\"pl-PL\",\"@id\":\"https:\/\/www.pogotowieflagowe.pl\/aktualne\/#\/schema\/person\/image\/\",\"url\":\"https:\/\/www.pogotowieflagowe.pl\/aktualne\/wp-content\/uploads\/2024\/08\/pogotowieflagowe.pl_.jpg\",\"contentUrl\":\"https:\/\/www.pogotowieflagowe.pl\/aktualne\/wp-content\/uploads\/2024\/08\/pogotowieflagowe.pl_.jpg\",\"caption\":\"Filip\"},\"description\":\"Jestem Filip, polski dziennikarz z dyplomem nauk politycznych Uniwersytetu Warszawskiego. Rozpoczynaj\u0105c swoj\u0105 karier\u0119 w r\u00f3\u017cnych lokalnych mediach, zdoby\u0142em solidne do\u015bwiadczenie w zakresie \u015bledztwa i redakcji. Obecnie jako redaktor w Pogotowie flagowe, staram si\u0119 dostarcza\u0107 dog\u0142\u0119bne i istotne analizy na temat najwa\u017cniejszych kwestii aktualno\u015bci, \u0142\u0105cz\u0105c rygor z pasj\u0105 dziennikarsk\u0105.\",\"sameAs\":[\"https:\/\/www.pogotowieflagowe.pl\/\"]}]}<\/script>\n<!-- \/ Yoast SEO plugin. -->","yoast_head_json":{"title":"Rz\u0105d Tuska w obliczu pog\u0142\u0119biaj\u0105cego si\u0119 kryzysu: ostrze\u017cenie Sakiewicza - POGOTOWIE FLAGOWE\u00ae","robots":{"index":"index","follow":"follow","max-snippet":"max-snippet:-1","max-image-preview":"max-image-preview:large","max-video-preview":"max-video-preview:-1"},"canonical":"https:\/\/www.pogotowieflagowe.pl\/aktualne\/rzad-tuska-w-obliczu-poglebiajacego-sie-kryzysu-ostrzezenie-sakiewicza\/","og_locale":"pl_PL","og_type":"article","og_title":"Rz\u0105d Tuska w obliczu pog\u0142\u0119biaj\u0105cego si\u0119 kryzysu: ostrze\u017cenie Sakiewicza - POGOTOWIE FLAGOWE\u00ae","og_description":"Tomasz Sakiewicz w niedawnym wydaniu Gazeta Polska artyku\u0142 ostrzega przed rosn\u0105cymi zagro\u017ceniami dla wolno\u015bci s\u0142owa w Polsce, szczeg\u00f3lnie wymierzonymi w","og_url":"https:\/\/www.pogotowieflagowe.pl\/aktualne\/rzad-tuska-w-obliczu-poglebiajacego-sie-kryzysu-ostrzezenie-sakiewicza\/","og_site_name":"POGOTOWIE FLAGOWE\u00ae","article_published_time":"2024-10-04T02:51:10+00:00","article_modified_time":"2024-10-04T02:51:11+00:00","og_image":[{"width":1280,"height":720,"url":"https:\/\/www.pogotowieflagowe.pl\/aktualne\/wp-content\/uploads\/2024\/10\/Rzad-Tuska-w-obliczu-poglebiajacego-sie-kryzysu-ostrzezenie-Sakiewicza.jpg","type":"image\/jpeg"}],"author":"Filip","twitter_card":"summary_large_image","twitter_misc":{"Napisane przez":"Filip","Szacowany czas czytania":"1 minuta"},"schema":{"@context":"https:\/\/schema.org","@graph":[{"@type":"Article","@id":"https:\/\/www.pogotowieflagowe.pl\/aktualne\/rzad-tuska-w-obliczu-poglebiajacego-sie-kryzysu-ostrzezenie-sakiewicza\/#article","isPartOf":{"@id":"https:\/\/www.pogotowieflagowe.pl\/aktualne\/rzad-tuska-w-obliczu-poglebiajacego-sie-kryzysu-ostrzezenie-sakiewicza\/"},"author":{"name":"Filip","@id":"https:\/\/www.pogotowieflagowe.pl\/aktualne\/#\/schema\/person\/9c2fb7d2362ebf6fa088960d7f0d27b0"},"headline":"Rz\u0105d Tuska w obliczu pog\u0142\u0119biaj\u0105cego si\u0119 kryzysu: ostrze\u017cenie Sakiewicza","datePublished":"2024-10-04T02:51:10+00:00","dateModified":"2024-10-04T02:51:11+00:00","mainEntityOfPage":{"@id":"https:\/\/www.pogotowieflagowe.pl\/aktualne\/rzad-tuska-w-obliczu-poglebiajacego-sie-kryzysu-ostrzezenie-sakiewicza\/"},"wordCount":254,"publisher":{"@id":"https:\/\/www.pogotowieflagowe.pl\/aktualne\/#organization"},"image":{"@id":"https:\/\/www.pogotowieflagowe.pl\/aktualne\/rzad-tuska-w-obliczu-poglebiajacego-sie-kryzysu-ostrzezenie-sakiewicza\/#primaryimage"},"thumbnailUrl":"https:\/\/www.pogotowieflagowe.pl\/aktualne\/wp-content\/uploads\/2024\/10\/Rzad-Tuska-w-obliczu-poglebiajacego-sie-kryzysu-ostrzezenie-Sakiewicza.jpg","keywords":["kryzysu","obliczu","ostrze\u017cenie","pog\u0142\u0119biaj\u0105cego","Rz\u0105d","Sakiewicza","si\u0119","Tuska"],"articleSection":["Polityka"],"inLanguage":"pl-PL"},{"@type":"WebPage","@id":"https:\/\/www.pogotowieflagowe.pl\/aktualne\/rzad-tuska-w-obliczu-poglebiajacego-sie-kryzysu-ostrzezenie-sakiewicza\/","url":"https:\/\/www.pogotowieflagowe.pl\/aktualne\/rzad-tuska-w-obliczu-poglebiajacego-sie-kryzysu-ostrzezenie-sakiewicza\/","name":"Rz\u0105d Tuska w obliczu pog\u0142\u0119biaj\u0105cego si\u0119 kryzysu: ostrze\u017cenie Sakiewicza - POGOTOWIE FLAGOWE\u00ae","isPartOf":{"@id":"https:\/\/www.pogotowieflagowe.pl\/aktualne\/#website"},"primaryImageOfPage":{"@id":"https:\/\/www.pogotowieflagowe.pl\/aktualne\/rzad-tuska-w-obliczu-poglebiajacego-sie-kryzysu-ostrzezenie-sakiewicza\/#primaryimage"},"image":{"@id":"https:\/\/www.pogotowieflagowe.pl\/aktualne\/rzad-tuska-w-obliczu-poglebiajacego-sie-kryzysu-ostrzezenie-sakiewicza\/#primaryimage"},"thumbnailUrl":"https:\/\/www.pogotowieflagowe.pl\/aktualne\/wp-content\/uploads\/2024\/10\/Rzad-Tuska-w-obliczu-poglebiajacego-sie-kryzysu-ostrzezenie-Sakiewicza.jpg","datePublished":"2024-10-04T02:51:10+00:00","dateModified":"2024-10-04T02:51:11+00:00","breadcrumb":{"@id":"https:\/\/www.pogotowieflagowe.pl\/aktualne\/rzad-tuska-w-obliczu-poglebiajacego-sie-kryzysu-ostrzezenie-sakiewicza\/#breadcrumb"},"inLanguage":"pl-PL","potentialAction":[{"@type":"ReadAction","target":["https:\/\/www.pogotowieflagowe.pl\/aktualne\/rzad-tuska-w-obliczu-poglebiajacego-sie-kryzysu-ostrzezenie-sakiewicza\/"]}]},{"@type":"ImageObject","inLanguage":"pl-PL","@id":"https:\/\/www.pogotowieflagowe.pl\/aktualne\/rzad-tuska-w-obliczu-poglebiajacego-sie-kryzysu-ostrzezenie-sakiewicza\/#primaryimage","url":"https:\/\/www.pogotowieflagowe.pl\/aktualne\/wp-content\/uploads\/2024\/10\/Rzad-Tuska-w-obliczu-poglebiajacego-sie-kryzysu-ostrzezenie-Sakiewicza.jpg","contentUrl":"https:\/\/www.pogotowieflagowe.pl\/aktualne\/wp-content\/uploads\/2024\/10\/Rzad-Tuska-w-obliczu-poglebiajacego-sie-kryzysu-ostrzezenie-Sakiewicza.jpg","width":1280,"height":720,"caption":"Rz\u0105d Tuska w obliczu pog\u0142\u0119biaj\u0105cego si\u0119 kryzysu: ostrze\u017cenie Sakiewicza"},{"@type":"BreadcrumbList","@id":"https:\/\/www.pogotowieflagowe.pl\/aktualne\/rzad-tuska-w-obliczu-poglebiajacego-sie-kryzysu-ostrzezenie-sakiewicza\/#breadcrumb","itemListElement":[{"@type":"ListItem","position":1,"name":"Home","item":"https:\/\/www.pogotowieflagowe.pl\/aktualne\/"},{"@type":"ListItem","position":2,"name":"Rz\u0105d Tuska w obliczu pog\u0142\u0119biaj\u0105cego si\u0119 kryzysu: ostrze\u017cenie Sakiewicza"}]},{"@type":"WebSite","@id":"https:\/\/www.pogotowieflagowe.pl\/aktualne\/#website","url":"https:\/\/www.pogotowieflagowe.pl\/aktualne\/","name":"POGOTOWIE FLAGOWE\u00ae","description":"","publisher":{"@id":"https:\/\/www.pogotowieflagowe.pl\/aktualne\/#organization"},"potentialAction":[{"@type":"SearchAction","target":{"@type":"EntryPoint","urlTemplate":"https:\/\/www.pogotowieflagowe.pl\/aktualne\/?s={search_term_string}"},"query-input":"required name=search_term_string"}],"inLanguage":"pl-PL"},{"@type":"Organization","@id":"https:\/\/www.pogotowieflagowe.pl\/aktualne\/#organization","name":"POGOTOWIE FLAGOWE\u00ae","url":"https:\/\/www.pogotowieflagowe.pl\/aktualne\/","logo":{"@type":"ImageObject","inLanguage":"pl-PL","@id":"https:\/\/www.pogotowieflagowe.pl\/aktualne\/#\/schema\/logo\/image\/","url":"https:\/\/www.pogotowieflagowe.pl\/aktualne\/wp-content\/uploads\/2024\/08\/cropped-pogotowieflagowe_flaga_projekt_sm.jpg","contentUrl":"https:\/\/www.pogotowieflagowe.pl\/aktualne\/wp-content\/uploads\/2024\/08\/cropped-pogotowieflagowe_flaga_projekt_sm.jpg","width":250,"height":143,"caption":"POGOTOWIE FLAGOWE\u00ae"},"image":{"@id":"https:\/\/www.pogotowieflagowe.pl\/aktualne\/#\/schema\/logo\/image\/"}},{"@type":"Person","@id":"https:\/\/www.pogotowieflagowe.pl\/aktualne\/#\/schema\/person\/9c2fb7d2362ebf6fa088960d7f0d27b0","name":"Filip","image":{"@type":"ImageObject","inLanguage":"pl-PL","@id":"https:\/\/www.pogotowieflagowe.pl\/aktualne\/#\/schema\/person\/image\/","url":"https:\/\/www.pogotowieflagowe.pl\/aktualne\/wp-content\/uploads\/2024\/08\/pogotowieflagowe.pl_.jpg","contentUrl":"https:\/\/www.pogotowieflagowe.pl\/aktualne\/wp-content\/uploads\/2024\/08\/pogotowieflagowe.pl_.jpg","caption":"Filip"},"description":"Jestem Filip, polski dziennikarz z dyplomem nauk politycznych Uniwersytetu Warszawskiego. Rozpoczynaj\u0105c swoj\u0105 karier\u0119 w r\u00f3\u017cnych lokalnych mediach, zdoby\u0142em solidne do\u015bwiadczenie w zakresie \u015bledztwa i redakcji. Obecnie jako redaktor w Pogotowie flagowe, staram si\u0119 dostarcza\u0107 dog\u0142\u0119bne i istotne analizy na temat najwa\u017cniejszych kwestii aktualno\u015bci, \u0142\u0105cz\u0105c rygor z pasj\u0105 dziennikarsk\u0105.","sameAs":["https:\/\/www.pogotowieflagowe.pl\/"]}]}},"_links":{"self":[{"href":"https:\/\/www.pogotowieflagowe.pl\/aktualne\/wp-json\/wp\/v2\/posts\/1080","targetHints":{"allow":["GET"]}}],"collection":[{"href":"https:\/\/www.pogotowieflagowe.pl\/aktualne\/wp-json\/wp\/v2\/posts"}],"about":[{"href":"https:\/\/www.pogotowieflagowe.pl\/aktualne\/wp-json\/wp\/v2\/types\/post"}],"author":[{"embeddable":true,"href":"https:\/\/www.pogotowieflagowe.pl\/aktualne\/wp-json\/wp\/v2\/users\/1"}],"replies":[{"embeddable":true,"href":"https:\/\/www.pogotowieflagowe.pl\/aktualne\/wp-json\/wp\/v2\/comments?post=1080"}],"version-history":[{"count":1,"href":"https:\/\/www.pogotowieflagowe.pl\/aktualne\/wp-json\/wp\/v2\/posts\/1080\/revisions"}],"predecessor-version":[{"id":1082,"href":"https:\/\/www.pogotowieflagowe.pl\/aktualne\/wp-json\/wp\/v2\/posts\/1080\/revisions\/1082"}],"wp:featuredmedia":[{"embeddable":true,"href":"https:\/\/www.pogotowieflagowe.pl\/aktualne\/wp-json\/wp\/v2\/media\/1081"}],"wp:attachment":[{"href":"https:\/\/www.pogotowieflagowe.pl\/aktualne\/wp-json\/wp\/v2\/media?parent=1080"}],"wp:term":[{"taxonomy":"category","embeddable":true,"href":"https:\/\/www.pogotowieflagowe.pl\/aktualne\/wp-json\/wp\/v2\/categories?post=1080"},{"taxonomy":"post_tag","embeddable":true,"href":"https:\/\/www.pogotowieflagowe.pl\/aktualne\/wp-json\/wp\/v2\/tags?post=1080"}],"curies":[{"name":"wp","href":"https:\/\/api.w.org\/{rel}","templated":true}]}}