{"id":1083,"date":"2024-10-04T08:48:29","date_gmt":"2024-10-04T06:48:29","guid":{"rendered":"https:\/\/www.pogotowieflagowe.pl\/aktualne\/polowa-polskich-pracownikow-zmaga-sie-ze-zmeczeniem-nowy-raport-wzywa-do-przeciwdzialania-obciazeniu-psychicznemu-i-fizycznemu\/"},"modified":"2024-10-04T08:48:32","modified_gmt":"2024-10-04T06:48:32","slug":"polowa-polskich-pracownikow-zmaga-sie-ze-zmeczeniem-nowy-raport-wzywa-do-przeciwdzialania-obciazeniu-psychicznemu-i-fizycznemu","status":"publish","type":"post","link":"https:\/\/www.pogotowieflagowe.pl\/aktualne\/polowa-polskich-pracownikow-zmaga-sie-ze-zmeczeniem-nowy-raport-wzywa-do-przeciwdzialania-obciazeniu-psychicznemu-i-fizycznemu\/","title":{"rendered":"Po\u0142owa polskich pracownik\u00f3w zmaga si\u0119 ze zm\u0119czeniem: nowy raport wzywa do przeciwdzia\u0142ania obci\u0105\u017ceniu psychicznemu i fizycznemu"},"content":{"rendered":"\n<div class=\"td_block_wrap tdb_single_content tdi_48 td-pb-border-top td_block_template_8 td-post-content tagdiv-type\" data-td-block-uid=\"tdi_48\">\n<style>.tdi_48{margines-g\u00f3rny:0px!important;margin-bottom:0px!important;dope\u0142nienie-g\u00f3ra:0px!important;dope\u0142nienie-d\u00f3\u0142:0px!important}<\/style>\n<style>.tdb_single_content{margin-bottom:0;*zoom:1}.tdb_single_content:before,.tdb_single_content:after{display:table;content:'';line-height:0}.tdb_single_content:after{clear:both}.tdb_single_content .tdb-block-inner>*:not(.wp-block-quote):not(.alignwide):not(.alignfull.wp-block-cover.has-parallax):not(.td-a-ad) {margin-left:auto;margin-right:auto}.tdb_single_content a{pointer-events:auto}.tdb_single_content .td-spot-id-top_ad .tdc-placeholder-title:before{content:'Najlepsza reklama artyku\u0142u'! wa\u017cne}.tdb_single_content .td-spot-id-inline_ad0 .tdc-placeholder-title:before{content:'Article Inline Ad 1'!important}.tdb_single_content .td-spot-id-inline_ad1 .tdc-placeholder-title:before {content:'Reklama wbudowana w artyku\u0142 2'!important}.tdb_single_content .td-spot-id-inline_ad2 .tdc-placeholder-title:before{content:'Reklama wbudowana w artyku\u0142 3'!important}.tdb_single_content .td-spot-id -bottom_ad .tdc-placeholder-title:before{content:'Article Bottom Ad'!important}.tdb_single_content .id_top_ad,.tdb_single_content .id_bottom_ad{clear:both;margin-bottom:21px;text-align:center}.tdb_single_content . id_top_ad img,.tdb_single_content .id_bottom_ad img{margin-bottom:0}.tdb_single_content .id_top_ad .adsbygoogle,.tdb_single_content .id_bottom_ad .adsbygoogle{position:relative}.tdb_single_content .id_ad_content-horiz- po lewej,.tdb_single_content .id_ad_content-horiz-right ,.tdb_single_content .id_ad_content-horiz-center{margin-bottom:15px}.tdb_single_content .id_ad_content-horiz-left img,.tdb_single_content .id_ad_content-horiz-right img,.tdb_single_content .id_ad_content-horiz -center img{margines-dolny: 0}.tdb_single_content .id_ad_content-horiz-center{text-align:center}.tdb_single_content .id_ad_content-horiz-center img{margin-right:auto;margin-left:auto}.tdb_single_content .id_ad_content-horiz-left{float: lewy;margin-g\u00f3rny:9px;margin-prawy:21px}.tdb_single_content .id_ad_content-horiz-right{float:right;margin-top:6px;margin-left:21px}.tdb_single_content .tdc-a-ad .tdc- placeholder-title{width:300px;height:250px}.tdb_single_content .tdc-a-ad .tdc-placeholder-title:before{position:absolute;top:50%;-webkit-transform:translateY(-50%); transform:translateY(-50%);margines:auto;display:table;width:100%}.tdb_single_content .tdb-block-inner.td-fix-index{word-break:break-word}.tdi_48,.tdi_48 >p,.tdi_48 .tdb-block-inner>p{font-size:16px!important;line-height:1.6!important}.tdi_48 .tdb-block-inner blockquote p{font-style:normal!important}@ media (maks. szeroko\u015b\u0107: 767 pikseli){.tdb_single_content .id_ad_content-horiz-left,.tdb_single_content .id_ad_content-horiz-right,.tdb_single_content .id_ad_content-horiz-center{margin:0 auto 26px auto}}@media (maks. szeroko\u015b\u0107 :767px){.tdb_single_content .id_ad_content-horiz-left{margin-right:0}}@media (max-width:767px){.tdb_single_content .id_ad_content-horiz-right{margin-left:0}}@media (max -width:767px){.tdb_single_content .td-a-ad{float:none;text-align:center}.tdb_single_content .td-a-ad img{margin-right:auto;margin-left:auto}.tdb_single_content . tdc-a-ad{float:none}}<\/style>\n<div class=\"tdb-block-inner td-fix-index\">\n<p>Z nowego raportu Koalicji Bezpieczni w Pracy (KBwP) wynika, \u017ce \u200b\u200bprawie po\u0142owa polskiej si\u0142y roboczej cierpi na znaczne zm\u0119czenie psychiczne (47%) i fizyczne (42%). W raporcie zatytu\u0142owanym \u201eZm\u0119czony jak Polak w pracy: przyczyny, skutki i konsekwencje\u201d podkre\u015blono, \u017ce najbardziej dotkni\u0119ci s\u0105 m\u0142odzi pracownicy w wieku 25\u201334 lat, \u0142\u0105cz\u0105cy obowi\u0105zki zawodowe z osobistymi.<\/p>\n<p>Zm\u0119czenie w miejscu pracy to problem wieloaspektowy. Najcz\u0119\u015bciej zg\u0142aszanymi objawami s\u0105 monotonia i nuda (45%), a nast\u0119pnie brak motywacji (41%). Pracodawcy r\u00f3wnie\u017c borykaj\u0105 si\u0119 z trudno\u015bciami \u2013 39% odczuwa chroniczne zm\u0119czenie, a 45% zg\u0142asza og\u00f3lne z\u0142e samopoczucie. Presja ci\u0105g\u0142ej dyspozycyjno\u015bci jest g\u0142\u00f3wnym czynnikiem zm\u0119czenia pracodawc\u00f3w (36%).<\/p>\n<h2 class=\"wp-block-heading\">Polscy pracownicy w\u015br\u00f3d najd\u0142u\u017cej pracuj\u0105cych w Europie: strategie zarz\u0105dzania zm\u0119czeniem pozostaj\u0105 w tyle<\/h2>\n<p>Polscy pracownicy pracuj\u0105 \u015brednio oko\u0142o 41 godzin tygodniowo, czyli wi\u0119cej ni\u017c \u015brednia europejska wynosz\u0105ca 39,3 godziny. Pracodawcy cz\u0119sto przekraczaj\u0105 t\u0119 granic\u0119, pracuj\u0105c oko\u0142o 44 godzin tygodniowo, co stawia polskich pracownik\u00f3w w\u015br\u00f3d najd\u0142u\u017cej pracuj\u0105cych w Europie. \u201eMusimy si\u0119 wiele nauczy\u0107 od kraj\u00f3w takich jak Holandia, gdzie ludzie pracuj\u0105 mniej godzin, ale wydajniej\u201d \u2013 powiedzia\u0142a Marta Wojewnik, przewodnicz\u0105ca Koalicji Bezpieczni w Pracy.<\/p>\n<p>Cho\u0107 wielu pracownik\u00f3w pr\u00f3buje z\u0142agodzi\u0107 zm\u0119czenie poprzez kr\u00f3tkie przerwy lub przestrzeganie godzin pracy, tylko niewielki procent szuka dodatkowej pomocy lub omawia zmiany obci\u0105\u017cenia prac\u0105 ze swoimi prze\u0142o\u017conymi. El\u017cbieta Rogowska, ekspert KBwP, zauwa\u017cy\u0142a, \u017ce \u200b\u200bcho\u0107 zar\u00f3wno pracodawcy, jak i pracownicy dostrzegaj\u0105 potrzeb\u0119 opracowania strategii radzenia sobie ze zm\u0119czeniem, istniej\u0105 zasadnicze r\u00f3\u017cnice w ich podej\u015bciach, a pracodawcy cz\u0119sto po\u015bwi\u0119caj\u0105 w\u0142asne dobre samopoczucie, aby sprosta\u0107 wymaganiom w pracy.<\/p>\n<h2 class=\"wp-block-heading\">Wiek i zm\u0119czenie: pracodawcy wdra\u017caj\u0105 rozwi\u0105zania, poniewa\u017c eksperci ostrzegaj\u0105 przed d\u0142ugoterminowymi zagro\u017ceniami dla zdrowia<\/h2>\n<p>W raporcie podkre\u015blono r\u00f3wnie\u017c, \u017ce wiek odgrywa znacz\u0105c\u0105 rol\u0119 w zm\u0119czeniu \u2013 m\u0142odsi pracownicy szukaj\u0105 wsparcia psychologicznego, a starsi pracownicy musz\u0105 mierzy\u0107 si\u0119 z presj\u0105 zwi\u0105zan\u0105 z opiek\u0105 obok obowi\u0105zk\u00f3w zawodowych. Prawie 40% pracodawc\u00f3w wdro\u017cy\u0142o ju\u017c \u015brodki takie jak elastyczne godziny pracy i dodatkowe przerwy w celu zwalczania zm\u0119czenia, chocia\u017c tylko 24% pracownik\u00f3w zg\u0142osi\u0142o, \u017ce zm\u0119czenie zosta\u0142o uwzgl\u0119dnione podczas szkole\u0144 w zakresie bezpiecze\u0144stwa i higieny pracy.<\/p>\n<p>Eksperci ostrzegaj\u0105, \u017ce chroniczne zm\u0119czenie stwarza powa\u017cne ryzyko dla zdrowia i bezpiecze\u0144stwa, mog\u0105c prowadzi\u0107 do d\u0142ugotrwa\u0142ych problem\u00f3w zdrowotnych, a nawet niepe\u0142nosprawno\u015bci. W raporcie wzywa si\u0119 do zmiany kultury pracy, tak aby priorytetowo potraktowa\u0107 zarz\u0105dzanie zm\u0119czeniem, podkre\u015blaj\u0105c znaczenie zapobiegania, a nie leczenia.<\/p>\n<\/div>\n<\/div>\n","protected":false},"excerpt":{"rendered":"<p>Z nowego raportu Koalicji Bezpieczni w Pracy (KBwP) wynika, \u017ce \u200b\u200bprawie po\u0142owa polskiej si\u0142y roboczej cierpi na znaczne zm\u0119czenie psychiczne<\/p>\n","protected":false},"author":1,"featured_media":1084,"comment_status":"closed","ping_status":"","sticky":false,"template":"","format":"standard","meta":{"footnotes":""},"categories":[45],"tags":[1816,581,1814,1810,83,247,1813,1815,1812,150,1331,1414,1811],"class_list":["post-1083","post","type-post","status-publish","format-standard","has-post-thumbnail","hentry","category-biznes","tag-fizycznemu","tag-nowy","tag-obciazeniu","tag-polowa","tag-polskich","tag-pracownikow","tag-przeciwdzialania","tag-psychicznemu","tag-raport","tag-sie","tag-wzywa","tag-zmaga","tag-zmeczeniem","generate-columns","tablet-grid-50","mobile-grid-100","grid-parent","grid-50","resize-featured-image"],"yoast_head":"<!-- This site is optimized with the Yoast SEO plugin v23.2 - https:\/\/yoast.com\/wordpress\/plugins\/seo\/ -->\n<title>Po\u0142owa polskich pracownik\u00f3w zmaga si\u0119 ze zm\u0119czeniem: nowy raport wzywa do przeciwdzia\u0142ania obci\u0105\u017ceniu psychicznemu i fizycznemu - POGOTOWIE FLAGOWE\u00ae<\/title>\n<meta name=\"robots\" content=\"index, follow, max-snippet:-1, max-image-preview:large, max-video-preview:-1\" \/>\n<link rel=\"canonical\" href=\"https:\/\/www.pogotowieflagowe.pl\/aktualne\/polowa-polskich-pracownikow-zmaga-sie-ze-zmeczeniem-nowy-raport-wzywa-do-przeciwdzialania-obciazeniu-psychicznemu-i-fizycznemu\/\" \/>\n<meta property=\"og:locale\" content=\"pl_PL\" \/>\n<meta property=\"og:type\" content=\"article\" \/>\n<meta property=\"og:title\" content=\"Po\u0142owa polskich pracownik\u00f3w zmaga si\u0119 ze zm\u0119czeniem: nowy raport wzywa do przeciwdzia\u0142ania obci\u0105\u017ceniu psychicznemu i fizycznemu - POGOTOWIE FLAGOWE\u00ae\" \/>\n<meta property=\"og:description\" content=\"Z nowego raportu Koalicji Bezpieczni w Pracy (KBwP) wynika, \u017ce \u200b\u200bprawie po\u0142owa polskiej si\u0142y roboczej cierpi na znaczne zm\u0119czenie psychiczne\" \/>\n<meta property=\"og:url\" content=\"https:\/\/www.pogotowieflagowe.pl\/aktualne\/polowa-polskich-pracownikow-zmaga-sie-ze-zmeczeniem-nowy-raport-wzywa-do-przeciwdzialania-obciazeniu-psychicznemu-i-fizycznemu\/\" \/>\n<meta property=\"og:site_name\" content=\"POGOTOWIE FLAGOWE\u00ae\" \/>\n<meta property=\"article:published_time\" content=\"2024-10-04T06:48:29+00:00\" \/>\n<meta property=\"article:modified_time\" content=\"2024-10-04T06:48:32+00:00\" \/>\n<meta property=\"og:image\" content=\"https:\/\/www.pogotowieflagowe.pl\/aktualne\/wp-content\/uploads\/2024\/10\/Polowa-polskich-pracownikow-zmaga-sie-ze-zmeczeniem-nowy-raport-wzywa.jpg\" \/>\n\t<meta property=\"og:image:width\" content=\"1920\" \/>\n\t<meta property=\"og:image:height\" content=\"1280\" \/>\n\t<meta property=\"og:image:type\" content=\"image\/jpeg\" \/>\n<meta name=\"author\" content=\"Filip\" \/>\n<meta name=\"twitter:card\" content=\"summary_large_image\" \/>\n<meta name=\"twitter:label1\" content=\"Napisane przez\" \/>\n\t<meta name=\"twitter:data1\" content=\"Filip\" \/>\n\t<meta name=\"twitter:label2\" content=\"Szacowany czas czytania\" \/>\n\t<meta name=\"twitter:data2\" content=\"2 minuty\" \/>\n<script type=\"application\/ld+json\" class=\"yoast-schema-graph\">{\"@context\":\"https:\/\/schema.org\",\"@graph\":[{\"@type\":\"Article\",\"@id\":\"https:\/\/www.pogotowieflagowe.pl\/aktualne\/polowa-polskich-pracownikow-zmaga-sie-ze-zmeczeniem-nowy-raport-wzywa-do-przeciwdzialania-obciazeniu-psychicznemu-i-fizycznemu\/#article\",\"isPartOf\":{\"@id\":\"https:\/\/www.pogotowieflagowe.pl\/aktualne\/polowa-polskich-pracownikow-zmaga-sie-ze-zmeczeniem-nowy-raport-wzywa-do-przeciwdzialania-obciazeniu-psychicznemu-i-fizycznemu\/\"},\"author\":{\"name\":\"Filip\",\"@id\":\"https:\/\/www.pogotowieflagowe.pl\/aktualne\/#\/schema\/person\/9c2fb7d2362ebf6fa088960d7f0d27b0\"},\"headline\":\"Po\u0142owa polskich pracownik\u00f3w zmaga si\u0119 ze zm\u0119czeniem: nowy raport wzywa do przeciwdzia\u0142ania obci\u0105\u017ceniu psychicznemu i fizycznemu\",\"datePublished\":\"2024-10-04T06:48:29+00:00\",\"dateModified\":\"2024-10-04T06:48:32+00:00\",\"mainEntityOfPage\":{\"@id\":\"https:\/\/www.pogotowieflagowe.pl\/aktualne\/polowa-polskich-pracownikow-zmaga-sie-ze-zmeczeniem-nowy-raport-wzywa-do-przeciwdzialania-obciazeniu-psychicznemu-i-fizycznemu\/\"},\"wordCount\":466,\"publisher\":{\"@id\":\"https:\/\/www.pogotowieflagowe.pl\/aktualne\/#organization\"},\"image\":{\"@id\":\"https:\/\/www.pogotowieflagowe.pl\/aktualne\/polowa-polskich-pracownikow-zmaga-sie-ze-zmeczeniem-nowy-raport-wzywa-do-przeciwdzialania-obciazeniu-psychicznemu-i-fizycznemu\/#primaryimage\"},\"thumbnailUrl\":\"https:\/\/www.pogotowieflagowe.pl\/aktualne\/wp-content\/uploads\/2024\/10\/Polowa-polskich-pracownikow-zmaga-sie-ze-zmeczeniem-nowy-raport-wzywa.jpg\",\"keywords\":[\"fizycznemu\",\"Nowy\",\"obci\u0105\u017ceniu\",\"Po\u0142owa\",\"polskich\",\"pracownik\u00f3w\",\"przeciwdzia\u0142ania\",\"psychicznemu\",\"raport\",\"si\u0119\",\"wzywa\",\"zmaga\",\"zm\u0119czeniem\"],\"articleSection\":[\"Biznes\"],\"inLanguage\":\"pl-PL\"},{\"@type\":\"WebPage\",\"@id\":\"https:\/\/www.pogotowieflagowe.pl\/aktualne\/polowa-polskich-pracownikow-zmaga-sie-ze-zmeczeniem-nowy-raport-wzywa-do-przeciwdzialania-obciazeniu-psychicznemu-i-fizycznemu\/\",\"url\":\"https:\/\/www.pogotowieflagowe.pl\/aktualne\/polowa-polskich-pracownikow-zmaga-sie-ze-zmeczeniem-nowy-raport-wzywa-do-przeciwdzialania-obciazeniu-psychicznemu-i-fizycznemu\/\",\"name\":\"Po\u0142owa polskich pracownik\u00f3w zmaga si\u0119 ze zm\u0119czeniem: nowy raport wzywa do przeciwdzia\u0142ania obci\u0105\u017ceniu psychicznemu i fizycznemu - POGOTOWIE FLAGOWE\u00ae\",\"isPartOf\":{\"@id\":\"https:\/\/www.pogotowieflagowe.pl\/aktualne\/#website\"},\"primaryImageOfPage\":{\"@id\":\"https:\/\/www.pogotowieflagowe.pl\/aktualne\/polowa-polskich-pracownikow-zmaga-sie-ze-zmeczeniem-nowy-raport-wzywa-do-przeciwdzialania-obciazeniu-psychicznemu-i-fizycznemu\/#primaryimage\"},\"image\":{\"@id\":\"https:\/\/www.pogotowieflagowe.pl\/aktualne\/polowa-polskich-pracownikow-zmaga-sie-ze-zmeczeniem-nowy-raport-wzywa-do-przeciwdzialania-obciazeniu-psychicznemu-i-fizycznemu\/#primaryimage\"},\"thumbnailUrl\":\"https:\/\/www.pogotowieflagowe.pl\/aktualne\/wp-content\/uploads\/2024\/10\/Polowa-polskich-pracownikow-zmaga-sie-ze-zmeczeniem-nowy-raport-wzywa.jpg\",\"datePublished\":\"2024-10-04T06:48:29+00:00\",\"dateModified\":\"2024-10-04T06:48:32+00:00\",\"breadcrumb\":{\"@id\":\"https:\/\/www.pogotowieflagowe.pl\/aktualne\/polowa-polskich-pracownikow-zmaga-sie-ze-zmeczeniem-nowy-raport-wzywa-do-przeciwdzialania-obciazeniu-psychicznemu-i-fizycznemu\/#breadcrumb\"},\"inLanguage\":\"pl-PL\",\"potentialAction\":[{\"@type\":\"ReadAction\",\"target\":[\"https:\/\/www.pogotowieflagowe.pl\/aktualne\/polowa-polskich-pracownikow-zmaga-sie-ze-zmeczeniem-nowy-raport-wzywa-do-przeciwdzialania-obciazeniu-psychicznemu-i-fizycznemu\/\"]}]},{\"@type\":\"ImageObject\",\"inLanguage\":\"pl-PL\",\"@id\":\"https:\/\/www.pogotowieflagowe.pl\/aktualne\/polowa-polskich-pracownikow-zmaga-sie-ze-zmeczeniem-nowy-raport-wzywa-do-przeciwdzialania-obciazeniu-psychicznemu-i-fizycznemu\/#primaryimage\",\"url\":\"https:\/\/www.pogotowieflagowe.pl\/aktualne\/wp-content\/uploads\/2024\/10\/Polowa-polskich-pracownikow-zmaga-sie-ze-zmeczeniem-nowy-raport-wzywa.jpg\",\"contentUrl\":\"https:\/\/www.pogotowieflagowe.pl\/aktualne\/wp-content\/uploads\/2024\/10\/Polowa-polskich-pracownikow-zmaga-sie-ze-zmeczeniem-nowy-raport-wzywa.jpg\",\"width\":1920,\"height\":1280,\"caption\":\"Po\u0142owa polskich pracownik\u00f3w zmaga si\u0119 ze zm\u0119czeniem: nowy raport wzywa do przeciwdzia\u0142ania obci\u0105\u017ceniu psychicznemu i fizycznemu\"},{\"@type\":\"BreadcrumbList\",\"@id\":\"https:\/\/www.pogotowieflagowe.pl\/aktualne\/polowa-polskich-pracownikow-zmaga-sie-ze-zmeczeniem-nowy-raport-wzywa-do-przeciwdzialania-obciazeniu-psychicznemu-i-fizycznemu\/#breadcrumb\",\"itemListElement\":[{\"@type\":\"ListItem\",\"position\":1,\"name\":\"Home\",\"item\":\"https:\/\/www.pogotowieflagowe.pl\/aktualne\/\"},{\"@type\":\"ListItem\",\"position\":2,\"name\":\"Po\u0142owa polskich pracownik\u00f3w zmaga si\u0119 ze zm\u0119czeniem: nowy raport wzywa do przeciwdzia\u0142ania obci\u0105\u017ceniu psychicznemu i fizycznemu\"}]},{\"@type\":\"WebSite\",\"@id\":\"https:\/\/www.pogotowieflagowe.pl\/aktualne\/#website\",\"url\":\"https:\/\/www.pogotowieflagowe.pl\/aktualne\/\",\"name\":\"POGOTOWIE FLAGOWE\u00ae\",\"description\":\"\",\"publisher\":{\"@id\":\"https:\/\/www.pogotowieflagowe.pl\/aktualne\/#organization\"},\"potentialAction\":[{\"@type\":\"SearchAction\",\"target\":{\"@type\":\"EntryPoint\",\"urlTemplate\":\"https:\/\/www.pogotowieflagowe.pl\/aktualne\/?s={search_term_string}\"},\"query-input\":\"required name=search_term_string\"}],\"inLanguage\":\"pl-PL\"},{\"@type\":\"Organization\",\"@id\":\"https:\/\/www.pogotowieflagowe.pl\/aktualne\/#organization\",\"name\":\"POGOTOWIE FLAGOWE\u00ae\",\"url\":\"https:\/\/www.pogotowieflagowe.pl\/aktualne\/\",\"logo\":{\"@type\":\"ImageObject\",\"inLanguage\":\"pl-PL\",\"@id\":\"https:\/\/www.pogotowieflagowe.pl\/aktualne\/#\/schema\/logo\/image\/\",\"url\":\"https:\/\/www.pogotowieflagowe.pl\/aktualne\/wp-content\/uploads\/2024\/08\/cropped-pogotowieflagowe_flaga_projekt_sm.jpg\",\"contentUrl\":\"https:\/\/www.pogotowieflagowe.pl\/aktualne\/wp-content\/uploads\/2024\/08\/cropped-pogotowieflagowe_flaga_projekt_sm.jpg\",\"width\":250,\"height\":143,\"caption\":\"POGOTOWIE FLAGOWE\u00ae\"},\"image\":{\"@id\":\"https:\/\/www.pogotowieflagowe.pl\/aktualne\/#\/schema\/logo\/image\/\"}},{\"@type\":\"Person\",\"@id\":\"https:\/\/www.pogotowieflagowe.pl\/aktualne\/#\/schema\/person\/9c2fb7d2362ebf6fa088960d7f0d27b0\",\"name\":\"Filip\",\"image\":{\"@type\":\"ImageObject\",\"inLanguage\":\"pl-PL\",\"@id\":\"https:\/\/www.pogotowieflagowe.pl\/aktualne\/#\/schema\/person\/image\/\",\"url\":\"https:\/\/www.pogotowieflagowe.pl\/aktualne\/wp-content\/uploads\/2024\/08\/pogotowieflagowe.pl_.jpg\",\"contentUrl\":\"https:\/\/www.pogotowieflagowe.pl\/aktualne\/wp-content\/uploads\/2024\/08\/pogotowieflagowe.pl_.jpg\",\"caption\":\"Filip\"},\"description\":\"Jestem Filip, polski dziennikarz z dyplomem nauk politycznych Uniwersytetu Warszawskiego. Rozpoczynaj\u0105c swoj\u0105 karier\u0119 w r\u00f3\u017cnych lokalnych mediach, zdoby\u0142em solidne do\u015bwiadczenie w zakresie \u015bledztwa i redakcji. Obecnie jako redaktor w Pogotowie flagowe, staram si\u0119 dostarcza\u0107 dog\u0142\u0119bne i istotne analizy na temat najwa\u017cniejszych kwestii aktualno\u015bci, \u0142\u0105cz\u0105c rygor z pasj\u0105 dziennikarsk\u0105.\",\"sameAs\":[\"https:\/\/www.pogotowieflagowe.pl\/\"]}]}<\/script>\n<!-- \/ Yoast SEO plugin. -->","yoast_head_json":{"title":"Po\u0142owa polskich pracownik\u00f3w zmaga si\u0119 ze zm\u0119czeniem: nowy raport wzywa do przeciwdzia\u0142ania obci\u0105\u017ceniu psychicznemu i fizycznemu - POGOTOWIE FLAGOWE\u00ae","robots":{"index":"index","follow":"follow","max-snippet":"max-snippet:-1","max-image-preview":"max-image-preview:large","max-video-preview":"max-video-preview:-1"},"canonical":"https:\/\/www.pogotowieflagowe.pl\/aktualne\/polowa-polskich-pracownikow-zmaga-sie-ze-zmeczeniem-nowy-raport-wzywa-do-przeciwdzialania-obciazeniu-psychicznemu-i-fizycznemu\/","og_locale":"pl_PL","og_type":"article","og_title":"Po\u0142owa polskich pracownik\u00f3w zmaga si\u0119 ze zm\u0119czeniem: nowy raport wzywa do przeciwdzia\u0142ania obci\u0105\u017ceniu psychicznemu i fizycznemu - POGOTOWIE FLAGOWE\u00ae","og_description":"Z nowego raportu Koalicji Bezpieczni w Pracy (KBwP) wynika, \u017ce \u200b\u200bprawie po\u0142owa polskiej si\u0142y roboczej cierpi na znaczne zm\u0119czenie psychiczne","og_url":"https:\/\/www.pogotowieflagowe.pl\/aktualne\/polowa-polskich-pracownikow-zmaga-sie-ze-zmeczeniem-nowy-raport-wzywa-do-przeciwdzialania-obciazeniu-psychicznemu-i-fizycznemu\/","og_site_name":"POGOTOWIE FLAGOWE\u00ae","article_published_time":"2024-10-04T06:48:29+00:00","article_modified_time":"2024-10-04T06:48:32+00:00","og_image":[{"width":1920,"height":1280,"url":"https:\/\/www.pogotowieflagowe.pl\/aktualne\/wp-content\/uploads\/2024\/10\/Polowa-polskich-pracownikow-zmaga-sie-ze-zmeczeniem-nowy-raport-wzywa.jpg","type":"image\/jpeg"}],"author":"Filip","twitter_card":"summary_large_image","twitter_misc":{"Napisane przez":"Filip","Szacowany czas czytania":"2 minuty"},"schema":{"@context":"https:\/\/schema.org","@graph":[{"@type":"Article","@id":"https:\/\/www.pogotowieflagowe.pl\/aktualne\/polowa-polskich-pracownikow-zmaga-sie-ze-zmeczeniem-nowy-raport-wzywa-do-przeciwdzialania-obciazeniu-psychicznemu-i-fizycznemu\/#article","isPartOf":{"@id":"https:\/\/www.pogotowieflagowe.pl\/aktualne\/polowa-polskich-pracownikow-zmaga-sie-ze-zmeczeniem-nowy-raport-wzywa-do-przeciwdzialania-obciazeniu-psychicznemu-i-fizycznemu\/"},"author":{"name":"Filip","@id":"https:\/\/www.pogotowieflagowe.pl\/aktualne\/#\/schema\/person\/9c2fb7d2362ebf6fa088960d7f0d27b0"},"headline":"Po\u0142owa polskich pracownik\u00f3w zmaga si\u0119 ze zm\u0119czeniem: nowy raport wzywa do przeciwdzia\u0142ania obci\u0105\u017ceniu psychicznemu i fizycznemu","datePublished":"2024-10-04T06:48:29+00:00","dateModified":"2024-10-04T06:48:32+00:00","mainEntityOfPage":{"@id":"https:\/\/www.pogotowieflagowe.pl\/aktualne\/polowa-polskich-pracownikow-zmaga-sie-ze-zmeczeniem-nowy-raport-wzywa-do-przeciwdzialania-obciazeniu-psychicznemu-i-fizycznemu\/"},"wordCount":466,"publisher":{"@id":"https:\/\/www.pogotowieflagowe.pl\/aktualne\/#organization"},"image":{"@id":"https:\/\/www.pogotowieflagowe.pl\/aktualne\/polowa-polskich-pracownikow-zmaga-sie-ze-zmeczeniem-nowy-raport-wzywa-do-przeciwdzialania-obciazeniu-psychicznemu-i-fizycznemu\/#primaryimage"},"thumbnailUrl":"https:\/\/www.pogotowieflagowe.pl\/aktualne\/wp-content\/uploads\/2024\/10\/Polowa-polskich-pracownikow-zmaga-sie-ze-zmeczeniem-nowy-raport-wzywa.jpg","keywords":["fizycznemu","Nowy","obci\u0105\u017ceniu","Po\u0142owa","polskich","pracownik\u00f3w","przeciwdzia\u0142ania","psychicznemu","raport","si\u0119","wzywa","zmaga","zm\u0119czeniem"],"articleSection":["Biznes"],"inLanguage":"pl-PL"},{"@type":"WebPage","@id":"https:\/\/www.pogotowieflagowe.pl\/aktualne\/polowa-polskich-pracownikow-zmaga-sie-ze-zmeczeniem-nowy-raport-wzywa-do-przeciwdzialania-obciazeniu-psychicznemu-i-fizycznemu\/","url":"https:\/\/www.pogotowieflagowe.pl\/aktualne\/polowa-polskich-pracownikow-zmaga-sie-ze-zmeczeniem-nowy-raport-wzywa-do-przeciwdzialania-obciazeniu-psychicznemu-i-fizycznemu\/","name":"Po\u0142owa polskich pracownik\u00f3w zmaga si\u0119 ze zm\u0119czeniem: nowy raport wzywa do przeciwdzia\u0142ania obci\u0105\u017ceniu psychicznemu i fizycznemu - POGOTOWIE FLAGOWE\u00ae","isPartOf":{"@id":"https:\/\/www.pogotowieflagowe.pl\/aktualne\/#website"},"primaryImageOfPage":{"@id":"https:\/\/www.pogotowieflagowe.pl\/aktualne\/polowa-polskich-pracownikow-zmaga-sie-ze-zmeczeniem-nowy-raport-wzywa-do-przeciwdzialania-obciazeniu-psychicznemu-i-fizycznemu\/#primaryimage"},"image":{"@id":"https:\/\/www.pogotowieflagowe.pl\/aktualne\/polowa-polskich-pracownikow-zmaga-sie-ze-zmeczeniem-nowy-raport-wzywa-do-przeciwdzialania-obciazeniu-psychicznemu-i-fizycznemu\/#primaryimage"},"thumbnailUrl":"https:\/\/www.pogotowieflagowe.pl\/aktualne\/wp-content\/uploads\/2024\/10\/Polowa-polskich-pracownikow-zmaga-sie-ze-zmeczeniem-nowy-raport-wzywa.jpg","datePublished":"2024-10-04T06:48:29+00:00","dateModified":"2024-10-04T06:48:32+00:00","breadcrumb":{"@id":"https:\/\/www.pogotowieflagowe.pl\/aktualne\/polowa-polskich-pracownikow-zmaga-sie-ze-zmeczeniem-nowy-raport-wzywa-do-przeciwdzialania-obciazeniu-psychicznemu-i-fizycznemu\/#breadcrumb"},"inLanguage":"pl-PL","potentialAction":[{"@type":"ReadAction","target":["https:\/\/www.pogotowieflagowe.pl\/aktualne\/polowa-polskich-pracownikow-zmaga-sie-ze-zmeczeniem-nowy-raport-wzywa-do-przeciwdzialania-obciazeniu-psychicznemu-i-fizycznemu\/"]}]},{"@type":"ImageObject","inLanguage":"pl-PL","@id":"https:\/\/www.pogotowieflagowe.pl\/aktualne\/polowa-polskich-pracownikow-zmaga-sie-ze-zmeczeniem-nowy-raport-wzywa-do-przeciwdzialania-obciazeniu-psychicznemu-i-fizycznemu\/#primaryimage","url":"https:\/\/www.pogotowieflagowe.pl\/aktualne\/wp-content\/uploads\/2024\/10\/Polowa-polskich-pracownikow-zmaga-sie-ze-zmeczeniem-nowy-raport-wzywa.jpg","contentUrl":"https:\/\/www.pogotowieflagowe.pl\/aktualne\/wp-content\/uploads\/2024\/10\/Polowa-polskich-pracownikow-zmaga-sie-ze-zmeczeniem-nowy-raport-wzywa.jpg","width":1920,"height":1280,"caption":"Po\u0142owa polskich pracownik\u00f3w zmaga si\u0119 ze zm\u0119czeniem: nowy raport wzywa do przeciwdzia\u0142ania obci\u0105\u017ceniu psychicznemu i fizycznemu"},{"@type":"BreadcrumbList","@id":"https:\/\/www.pogotowieflagowe.pl\/aktualne\/polowa-polskich-pracownikow-zmaga-sie-ze-zmeczeniem-nowy-raport-wzywa-do-przeciwdzialania-obciazeniu-psychicznemu-i-fizycznemu\/#breadcrumb","itemListElement":[{"@type":"ListItem","position":1,"name":"Home","item":"https:\/\/www.pogotowieflagowe.pl\/aktualne\/"},{"@type":"ListItem","position":2,"name":"Po\u0142owa polskich pracownik\u00f3w zmaga si\u0119 ze zm\u0119czeniem: nowy raport wzywa do przeciwdzia\u0142ania obci\u0105\u017ceniu psychicznemu i fizycznemu"}]},{"@type":"WebSite","@id":"https:\/\/www.pogotowieflagowe.pl\/aktualne\/#website","url":"https:\/\/www.pogotowieflagowe.pl\/aktualne\/","name":"POGOTOWIE FLAGOWE\u00ae","description":"","publisher":{"@id":"https:\/\/www.pogotowieflagowe.pl\/aktualne\/#organization"},"potentialAction":[{"@type":"SearchAction","target":{"@type":"EntryPoint","urlTemplate":"https:\/\/www.pogotowieflagowe.pl\/aktualne\/?s={search_term_string}"},"query-input":"required name=search_term_string"}],"inLanguage":"pl-PL"},{"@type":"Organization","@id":"https:\/\/www.pogotowieflagowe.pl\/aktualne\/#organization","name":"POGOTOWIE FLAGOWE\u00ae","url":"https:\/\/www.pogotowieflagowe.pl\/aktualne\/","logo":{"@type":"ImageObject","inLanguage":"pl-PL","@id":"https:\/\/www.pogotowieflagowe.pl\/aktualne\/#\/schema\/logo\/image\/","url":"https:\/\/www.pogotowieflagowe.pl\/aktualne\/wp-content\/uploads\/2024\/08\/cropped-pogotowieflagowe_flaga_projekt_sm.jpg","contentUrl":"https:\/\/www.pogotowieflagowe.pl\/aktualne\/wp-content\/uploads\/2024\/08\/cropped-pogotowieflagowe_flaga_projekt_sm.jpg","width":250,"height":143,"caption":"POGOTOWIE FLAGOWE\u00ae"},"image":{"@id":"https:\/\/www.pogotowieflagowe.pl\/aktualne\/#\/schema\/logo\/image\/"}},{"@type":"Person","@id":"https:\/\/www.pogotowieflagowe.pl\/aktualne\/#\/schema\/person\/9c2fb7d2362ebf6fa088960d7f0d27b0","name":"Filip","image":{"@type":"ImageObject","inLanguage":"pl-PL","@id":"https:\/\/www.pogotowieflagowe.pl\/aktualne\/#\/schema\/person\/image\/","url":"https:\/\/www.pogotowieflagowe.pl\/aktualne\/wp-content\/uploads\/2024\/08\/pogotowieflagowe.pl_.jpg","contentUrl":"https:\/\/www.pogotowieflagowe.pl\/aktualne\/wp-content\/uploads\/2024\/08\/pogotowieflagowe.pl_.jpg","caption":"Filip"},"description":"Jestem Filip, polski dziennikarz z dyplomem nauk politycznych Uniwersytetu Warszawskiego. Rozpoczynaj\u0105c swoj\u0105 karier\u0119 w r\u00f3\u017cnych lokalnych mediach, zdoby\u0142em solidne do\u015bwiadczenie w zakresie \u015bledztwa i redakcji. Obecnie jako redaktor w Pogotowie flagowe, staram si\u0119 dostarcza\u0107 dog\u0142\u0119bne i istotne analizy na temat najwa\u017cniejszych kwestii aktualno\u015bci, \u0142\u0105cz\u0105c rygor z pasj\u0105 dziennikarsk\u0105.","sameAs":["https:\/\/www.pogotowieflagowe.pl\/"]}]}},"_links":{"self":[{"href":"https:\/\/www.pogotowieflagowe.pl\/aktualne\/wp-json\/wp\/v2\/posts\/1083","targetHints":{"allow":["GET"]}}],"collection":[{"href":"https:\/\/www.pogotowieflagowe.pl\/aktualne\/wp-json\/wp\/v2\/posts"}],"about":[{"href":"https:\/\/www.pogotowieflagowe.pl\/aktualne\/wp-json\/wp\/v2\/types\/post"}],"author":[{"embeddable":true,"href":"https:\/\/www.pogotowieflagowe.pl\/aktualne\/wp-json\/wp\/v2\/users\/1"}],"replies":[{"embeddable":true,"href":"https:\/\/www.pogotowieflagowe.pl\/aktualne\/wp-json\/wp\/v2\/comments?post=1083"}],"version-history":[{"count":1,"href":"https:\/\/www.pogotowieflagowe.pl\/aktualne\/wp-json\/wp\/v2\/posts\/1083\/revisions"}],"predecessor-version":[{"id":1085,"href":"https:\/\/www.pogotowieflagowe.pl\/aktualne\/wp-json\/wp\/v2\/posts\/1083\/revisions\/1085"}],"wp:featuredmedia":[{"embeddable":true,"href":"https:\/\/www.pogotowieflagowe.pl\/aktualne\/wp-json\/wp\/v2\/media\/1084"}],"wp:attachment":[{"href":"https:\/\/www.pogotowieflagowe.pl\/aktualne\/wp-json\/wp\/v2\/media?parent=1083"}],"wp:term":[{"taxonomy":"category","embeddable":true,"href":"https:\/\/www.pogotowieflagowe.pl\/aktualne\/wp-json\/wp\/v2\/categories?post=1083"},{"taxonomy":"post_tag","embeddable":true,"href":"https:\/\/www.pogotowieflagowe.pl\/aktualne\/wp-json\/wp\/v2\/tags?post=1083"}],"curies":[{"name":"wp","href":"https:\/\/api.w.org\/{rel}","templated":true}]}}