{"id":10832,"date":"2025-11-21T02:55:43","date_gmt":"2025-11-21T01:55:43","guid":{"rendered":"https:\/\/www.pogotowieflagowe.pl\/aktualne\/wybucha-skandal-z-lexem-gawkowskim-szesc-lat-w-kieszeni-monopolisty-inteligentnego-kosza-a-to-dopiero-poczatek\/"},"modified":"2025-11-21T02:55:44","modified_gmt":"2025-11-21T01:55:44","slug":"wybucha-skandal-z-lexem-gawkowskim-szesc-lat-w-kieszeni-monopolisty-inteligentnego-kosza-a-to-dopiero-poczatek","status":"publish","type":"post","link":"https:\/\/www.pogotowieflagowe.pl\/aktualne\/wybucha-skandal-z-lexem-gawkowskim-szesc-lat-w-kieszeni-monopolisty-inteligentnego-kosza-a-to-dopiero-poczatek\/","title":{"rendered":"Wybucha skandal z Lexem Gawkowskim: sze\u015b\u0107 lat w kieszeni monopolisty \u201einteligentnego kosza\u201d \u2013 a to dopiero pocz\u0105tek"},"content":{"rendered":"\n<div class=\"td_block_wrap tdb_single_content tdi_41 td-pb-border-top td_block_template_8 td-post-content tagdiv-type\" data-td-block-uid=\"tdi_41\">\n<style>.tdi_41{margines-top:0px!important;margin-bottom:0px!important;dope\u0142nienie-g\u00f3ra:0px!important;dope\u0142nienie-d\u00f3\u0142:0px!important}<\/style>\n<style>.tdb_single_content{margin-bottom:0;*zoom:1}.tdb_single_content:before,.tdb_single_content:after{display:table;content:'';line-height:0}.tdb_single_content:after{clear:both}.tdb_single_content .tdb-block-inner>*:not(.wp-block-quote):not(.alignwide):not(.alignfull.wp-block-cover.has-parallax):not(.td-a-ad){margin-left:auto;margin-right:auto}.tdb_single_content a{pointer-events:auto}.tdb_single_content .td-spot-id-top_ad .tdc-placeholder-title:before{content:'Najlepsza reklama artyku\u0142u'!important}.tdb_single_content .td-spot-id-inline_ad0 .tdc-placeholder-title:before{content:'Reklama wbudowana artyku\u0142u 1'!important}.tdb_single_content .td-spot-id-inline_ad1 .tdc-placeholder-title:before{content:'Wbudowana reklama w artykule 2'!important}.tdb_single_content .td-spot-id-inline_ad2 .tdc-placeholder-title:before{content:'Wbudowana reklama w artykule 3'!important}.tdb_single_content .td-spot-id-bottom_ad .tdc-placeholder-title:before{content:'Article Bottom Ad'!important}.tdb_single_content .id_top_ad,.tdb_single_content .id_bottom_ad{clear:both;margin-bottom:21px;text-align:center}.tdb_single_content .id_top_ad img,.tdb_single_content .id_bottom_ad img{margin-bottom:0}.tdb_single_content .id_top_ad .adsbygoogle,.tdb_single_content .id_bottom_ad .adsbygoogle{position:relative}.tdb_single_content .id_ad_content-horiz-left,.tdb_single_content .id_ad_content-horiz-right,.tdb_single_content .id_ad_content-horiz-center{margin-bottom:15px}.tdb_single_content .id_ad_content-horiz-left img,.tdb_single_content .id_ad_content-horiz-right img,.tdb_single_content .id_ad_content-horiz-center img{margin-bottom:0}.tdb_single_content .id_ad_content-horiz-center{text-align:center}.tdb_single_content .id_ad_content-horiz-center img{margin-right:auto;margin-left:auto}.tdb_single_content .id_ad_content-horiz-left{float:left;margin-top:9px;margin-right:21px}.tdb_single_content .id_ad_content-horiz-right{float:right;margin-top:6px;margin-left:21px}.tdb_single_content .tdc-a-ad .tdc-placeholder-title{width:300px;height:250px}.tdb_single_content .tdc-a-ad .tdc-placeholder-title:before{position:absolute;top:50%;-webkit-transform:translateY(-50%);transform:translateY(-50%);margin:auto;display:table;width:100%}.tdb_single_content .tdb-block-inner.td-fix-index{word-break:break-word}.tdi_41,.tdi_41>p,.tdi_41 .tdb-block-inner>p,.wp-block-column>p{font-size:16px!important;line-height:1.6!important}.tdi_41 .tdb-block-inner blockquote p{font-style:normal!important}@media (max-width:767px){.tdb_single_content .id_ad_content-horiz-left,.tdb_single_content .id_ad_content-horiz-right,.tdb_single_content .id_ad_content-horiz-center{margin:0 auto 26 pikseli auto}}@media (max-width:767px){.tdb_single_content .id_ad_content-horiz-left{margin-right:0}}@media (max-width:767px){.tdb_single_content .id_ad_content-horiz-right{margin-left:0}}@media (max-width:767px){.tdb_single_content .td-a-ad{float:none;text-align:center}.tdb_single_content .td-a-ad img{margin-right:auto;margin-left:auto}.tdb_single_content .tdc-a-ad{float:none}}<\/style>\n<div class=\"tdb-block-inner td-fix-index\">\n<p>Wicepremier Krzysztof Gawkowski pracowa\u0142 w grupie sp\u00f3\u0142ek T4B a\u017c przez sze\u015b\u0107 lat. Do jego obowi\u0105zk\u00f3w nale\u017ca\u0142a sprzeda\u017c i audyt. To w\u0142a\u015bnie ta firma \u2013 b\u0119d\u0105ca monopolist\u0105 na technologi\u0119 tzw. \u201einteligentnych pojemnik\u00f3w\u201d, kt\u00f3re wa\u017c\u0105 i identyfikuj\u0105 odpady \u2013 mo\u017ce zyska\u0107 na nowo zaproponowanych przez rz\u0105d rozwi\u0105zaniach. Co wi\u0119cej, nadzorowane przez niego Ministerstwo Cyfryzacji wyda\u0142o opini\u0119 w sprawie projektu.<\/p>\n<p>Przypomnijmy, co informowali\u015bmy w czwartek.<\/p>\n<p>31 pa\u017adziernika na rz\u0105dowych stronach internetowych ukaza\u0142 si\u0119 projekt nowelizacji ustawy o utrzymaniu czysto\u015bci i porz\u0105dku w gminach. Autorem jest Ministerstwo Klimatu i \u015arodowiska. Zosta\u0142 w\u0142a\u015bnie przekazany do konsultacji mi\u0119dzyresortowych.<\/p>\n<h2 class=\"wp-block-heading\">Niebezpieczne wi\u0119zi<\/h2>\n<p>Projekt wprowadza istotne zmiany w sposobie funkcjonowania gospodarki odpadami na poziomie gmin. Wprowadza zr\u00f3\u017cnicowane op\u0142aty uzale\u017cnione od masy odpad\u00f3w i jako\u015bci sortowania odpad\u00f3w z gospodarstw domowych. Taka innowacja wymaga wprowadzenia nowoczesnych rozwi\u0105za\u0144 technicznych \u2013 urz\u0105dze\u0144 wyposa\u017conych w modu\u0142y wa\u017cenia odpad\u00f3w i identyfikacji osoby je usuwaj\u0105cej za pomoc\u0105 kodu QR przypisanego do ka\u017cdego gospodarstwa domowego. Dane te gromadzone s\u0105 w specjalnym systemie elektronicznym, do kt\u00f3rego maj\u0105 dost\u0119p w\u0142adze lokalne.<\/p>\n<p>Jest w Polsce jedna firma \u2013 monopolista w tej dziedzinie \u2013 kt\u00f3ra mo\u017ce \u201eod r\u0119ki\u201d wdro\u017cy\u0107 t\u0119 technologi\u0119 na du\u017c\u0105 skal\u0119. Dotyczy to T4B Sp. z oo i bezpo\u015brednio powi\u0105zana z ni\u0105 sp\u00f3\u0142ka zale\u017cna T-Master SA Obie sp\u00f3\u0142ki zosta\u0142y za\u0142o\u017cone i kierowane przez Roberta Szczepankowskiego.<\/p>\n<p>Wicepremier i minister cyfryzacji w rz\u0105dzie Donalda Tuska Krzysztof Gawkowski jest szeroko powi\u0105zany z dominuj\u0105c\u0105 na rynku sp\u00f3\u0142k\u0105 T4B. O dwuletniej wsp\u00f3\u0142pracy pisali\u015bmy ju\u017c wcze\u015bniej. Teraz odkryli\u015bmy nowe szczeg\u00f3\u0142y. Mianowicie, zanim w 2019 r. zosta\u0142 pos\u0142em, Gawkowski przepracowa\u0142 w T4B \u0142\u0105cznie sze\u015b\u0107 lat. Ministerstwo Cyfryzacji potwierdzi\u0142o to w odpowiedzi na pytania Niezalezna.pl.<\/p>\n<p>Krzysztof Gawkowski pracowa\u0142 w grupie T4B w latach 2007\u20132010 i 2016\u20132019. W latach 2007-2010 pracowa\u0142 w sprzeda\u017cy; w latach 2016-2019 zajmowa\u0142 si\u0119 bezpiecze\u0144stwem informacji i audytem. Wynagrodzenie z tytu\u0142u tej pracy uwzgl\u0119dni\u0142 w o\u015bwiadczeniu finansowym po uzyskaniu mandatu pos\u0142a w 2019 r. \u201ePo zako\u0144czeniu wsp\u00f3\u0142pracy nigdy w \u017caden spos\u00f3b nie wspiera\u0142 dzia\u0142alno\u015bci sp\u00f3\u0142ki\u201d \u2013 stwierdzi\u0142o ministerstwo.<\/p>\n<p>Dodatkowo okazuje si\u0119, \u017ce stare krawaty nie rdzewiej\u0105. Po wczorajszym artykule skontaktowa\u0142o si\u0119 z nami kilka os\u00f3b, kt\u00f3re poinformowa\u0142y, \u017ce w okresie od 2019 r. do grudnia 2023 r. widzia\u0142y Gawkowskiego na jednej z edycji Forum Ekonomicznego w Karpaczu w towarzystwie prezesa T4B. W tym czasie pose\u0142 opozycji, obecnie wicepremier, przedstawia\u0142 Szczepankowskiego innym, a prezes firmy ch\u0119tnie rozdawa\u0142 jego wizyt\u00f3wki.<\/p>\n<p>W swoim sejmowym sprawozdaniu finansowym za 2019 rok Gawkowski zadeklarowa\u0142 zarobienie od T4B Sp. z oo na podstawie umowy zlecenia. W 2020 roku zadeklarowa\u0142 159 040 z\u0142.<\/p>\n<p>Wed\u0142ug naszych \u017ar\u00f3de\u0142 \u017cona Gawkowskiego r\u00f3wnie\u017c by\u0142a zatrudniona w T4B.<\/p>\n<h2 class=\"wp-block-heading\">Dzia\u0142alno\u015b\u0107 Ministerstwa Cyfryzacji<\/h2>\n<p>Zapytali\u015bmy ministerstwo, czy Gawkowski jako wicepremier i minister cyfryzacji opiniowa\u0142 projekt nowelizacji ustawy o utrzymaniu czysto\u015bci i porz\u0105dku w gminach.<\/p>\n<p>&#8222;Projekt trafi\u0142 do Ministra Cyfryzacji w ramach konsultacji mi\u0119dzyresortowych. Ministerstwo Cyfryzacji przekaza\u0142o swoje uwagi 17 listopada 2025 r. Uwagi dotyczy\u0142y kwestii zwi\u0105zanych z danymi osobowymi i zosta\u0142y przygotowane na podstawie informacji uzyskanych z Departamentu Zarz\u0105dzania Danymi Ministerstwa. Pismo zawieraj\u0105ce uwagi zostanie udost\u0119pnione przez organ sk\u0142adaj\u0105cy wniosek na stronie internetowej Rz\u0105dowego Centrum Legislacji. Wicepremier Krzysztof Gawkowski nie bra\u0142 udzia\u0142u w przygotowaniu uwag i nie prowadzi\u0142 rozm\u00f3w w tej sprawie&#8221; &#8211; poinformowa\u0142o ministerstwo.<\/p>\n<\/div>\n<\/div>\n","protected":false},"excerpt":{"rendered":"<p>Wicepremier Krzysztof Gawkowski pracowa\u0142 w grupie sp\u00f3\u0142ek T4B a\u017c przez sze\u015b\u0107 lat. Do jego obowi\u0105zk\u00f3w nale\u017ca\u0142a sprzeda\u017c i audyt. To<\/p>\n","protected":false},"author":1,"featured_media":10833,"comment_status":"open","ping_status":"open","sticky":false,"template":"","format":"standard","meta":{"footnotes":""},"categories":[4748],"tags":[7195,12274,12277,12275,11242,688,12273,12276,7290,2358,4209,1586],"class_list":["post-10832","post","type-post","status-publish","format-standard","has-post-thumbnail","hentry","category-aktualne","tag-dopiero","tag-gawkowskim","tag-inteligentnego","tag-kieszeni","tag-kosza","tag-lat","tag-lexem","tag-monopolisty","tag-poczatek","tag-skandal","tag-szesc","tag-wybucha","generate-columns","tablet-grid-50","mobile-grid-100","grid-parent","grid-50","resize-featured-image"],"yoast_head":"<!-- This site is optimized with the Yoast SEO plugin v23.2 - https:\/\/yoast.com\/wordpress\/plugins\/seo\/ -->\n<title>Wybucha skandal z Lexem Gawkowskim: sze\u015b\u0107 lat w kieszeni monopolisty \u201einteligentnego kosza\u201d \u2013 a to dopiero pocz\u0105tek - POGOTOWIE FLAGOWE\u00ae<\/title>\n<meta name=\"robots\" content=\"index, follow, max-snippet:-1, max-image-preview:large, max-video-preview:-1\" \/>\n<link rel=\"canonical\" href=\"https:\/\/www.pogotowieflagowe.pl\/aktualne\/wybucha-skandal-z-lexem-gawkowskim-szesc-lat-w-kieszeni-monopolisty-inteligentnego-kosza-a-to-dopiero-poczatek\/\" \/>\n<meta property=\"og:locale\" content=\"pl_PL\" \/>\n<meta property=\"og:type\" content=\"article\" \/>\n<meta property=\"og:title\" content=\"Wybucha skandal z Lexem Gawkowskim: sze\u015b\u0107 lat w kieszeni monopolisty \u201einteligentnego kosza\u201d \u2013 a to dopiero pocz\u0105tek - POGOTOWIE FLAGOWE\u00ae\" \/>\n<meta property=\"og:description\" content=\"Wicepremier Krzysztof Gawkowski pracowa\u0142 w grupie sp\u00f3\u0142ek T4B a\u017c przez sze\u015b\u0107 lat. Do jego obowi\u0105zk\u00f3w nale\u017ca\u0142a sprzeda\u017c i audyt. To\" \/>\n<meta property=\"og:url\" content=\"https:\/\/www.pogotowieflagowe.pl\/aktualne\/wybucha-skandal-z-lexem-gawkowskim-szesc-lat-w-kieszeni-monopolisty-inteligentnego-kosza-a-to-dopiero-poczatek\/\" \/>\n<meta property=\"og:site_name\" content=\"POGOTOWIE FLAGOWE\u00ae\" \/>\n<meta property=\"article:published_time\" content=\"2025-11-21T01:55:43+00:00\" \/>\n<meta property=\"article:modified_time\" content=\"2025-11-21T01:55:44+00:00\" \/>\n<meta property=\"og:image\" content=\"https:\/\/www.pogotowieflagowe.pl\/aktualne\/wp-content\/uploads\/2025\/11\/Wybucha-skandal-z-Lexem-Gawkowskim-szesc-lat-w-kieszeni-monopolisty.webp.webp\" \/>\n\t<meta property=\"og:image:width\" content=\"1280\" \/>\n\t<meta property=\"og:image:height\" content=\"720\" \/>\n\t<meta property=\"og:image:type\" content=\"image\/webp\" \/>\n<meta name=\"author\" content=\"Filip\" \/>\n<meta name=\"twitter:card\" content=\"summary_large_image\" \/>\n<meta name=\"twitter:label1\" content=\"Napisane przez\" \/>\n\t<meta name=\"twitter:data1\" content=\"Filip\" \/>\n\t<meta name=\"twitter:label2\" content=\"Szacowany czas czytania\" \/>\n\t<meta name=\"twitter:data2\" content=\"3 minuty\" \/>\n<script type=\"application\/ld+json\" class=\"yoast-schema-graph\">{\"@context\":\"https:\/\/schema.org\",\"@graph\":[{\"@type\":\"Article\",\"@id\":\"https:\/\/www.pogotowieflagowe.pl\/aktualne\/wybucha-skandal-z-lexem-gawkowskim-szesc-lat-w-kieszeni-monopolisty-inteligentnego-kosza-a-to-dopiero-poczatek\/#article\",\"isPartOf\":{\"@id\":\"https:\/\/www.pogotowieflagowe.pl\/aktualne\/wybucha-skandal-z-lexem-gawkowskim-szesc-lat-w-kieszeni-monopolisty-inteligentnego-kosza-a-to-dopiero-poczatek\/\"},\"author\":{\"name\":\"Filip\",\"@id\":\"https:\/\/www.pogotowieflagowe.pl\/aktualne\/#\/schema\/person\/9c2fb7d2362ebf6fa088960d7f0d27b0\"},\"headline\":\"Wybucha skandal z Lexem Gawkowskim: sze\u015b\u0107 lat w kieszeni monopolisty \u201einteligentnego kosza\u201d \u2013 a to dopiero pocz\u0105tek\",\"datePublished\":\"2025-11-21T01:55:43+00:00\",\"dateModified\":\"2025-11-21T01:55:44+00:00\",\"mainEntityOfPage\":{\"@id\":\"https:\/\/www.pogotowieflagowe.pl\/aktualne\/wybucha-skandal-z-lexem-gawkowskim-szesc-lat-w-kieszeni-monopolisty-inteligentnego-kosza-a-to-dopiero-poczatek\/\"},\"wordCount\":620,\"commentCount\":0,\"publisher\":{\"@id\":\"https:\/\/www.pogotowieflagowe.pl\/aktualne\/#organization\"},\"image\":{\"@id\":\"https:\/\/www.pogotowieflagowe.pl\/aktualne\/wybucha-skandal-z-lexem-gawkowskim-szesc-lat-w-kieszeni-monopolisty-inteligentnego-kosza-a-to-dopiero-poczatek\/#primaryimage\"},\"thumbnailUrl\":\"https:\/\/www.pogotowieflagowe.pl\/aktualne\/wp-content\/uploads\/2025\/11\/Wybucha-skandal-z-Lexem-Gawkowskim-szesc-lat-w-kieszeni-monopolisty.webp.webp\",\"keywords\":[\"dopiero\",\"Gawkowskim\",\"inteligentnego\",\"kieszeni\",\"kosza\",\"lat\",\"Lexem\",\"monopolisty\",\"pocz\u0105tek\",\"skandal\",\"sze\u015b\u0107\",\"Wybucha\"],\"articleSection\":[\"Aktualne\"],\"inLanguage\":\"pl-PL\",\"potentialAction\":[{\"@type\":\"CommentAction\",\"name\":\"Comment\",\"target\":[\"https:\/\/www.pogotowieflagowe.pl\/aktualne\/wybucha-skandal-z-lexem-gawkowskim-szesc-lat-w-kieszeni-monopolisty-inteligentnego-kosza-a-to-dopiero-poczatek\/#respond\"]}]},{\"@type\":\"WebPage\",\"@id\":\"https:\/\/www.pogotowieflagowe.pl\/aktualne\/wybucha-skandal-z-lexem-gawkowskim-szesc-lat-w-kieszeni-monopolisty-inteligentnego-kosza-a-to-dopiero-poczatek\/\",\"url\":\"https:\/\/www.pogotowieflagowe.pl\/aktualne\/wybucha-skandal-z-lexem-gawkowskim-szesc-lat-w-kieszeni-monopolisty-inteligentnego-kosza-a-to-dopiero-poczatek\/\",\"name\":\"Wybucha skandal z Lexem Gawkowskim: sze\u015b\u0107 lat w kieszeni monopolisty \u201einteligentnego kosza\u201d \u2013 a to dopiero pocz\u0105tek - POGOTOWIE FLAGOWE\u00ae\",\"isPartOf\":{\"@id\":\"https:\/\/www.pogotowieflagowe.pl\/aktualne\/#website\"},\"primaryImageOfPage\":{\"@id\":\"https:\/\/www.pogotowieflagowe.pl\/aktualne\/wybucha-skandal-z-lexem-gawkowskim-szesc-lat-w-kieszeni-monopolisty-inteligentnego-kosza-a-to-dopiero-poczatek\/#primaryimage\"},\"image\":{\"@id\":\"https:\/\/www.pogotowieflagowe.pl\/aktualne\/wybucha-skandal-z-lexem-gawkowskim-szesc-lat-w-kieszeni-monopolisty-inteligentnego-kosza-a-to-dopiero-poczatek\/#primaryimage\"},\"thumbnailUrl\":\"https:\/\/www.pogotowieflagowe.pl\/aktualne\/wp-content\/uploads\/2025\/11\/Wybucha-skandal-z-Lexem-Gawkowskim-szesc-lat-w-kieszeni-monopolisty.webp.webp\",\"datePublished\":\"2025-11-21T01:55:43+00:00\",\"dateModified\":\"2025-11-21T01:55:44+00:00\",\"breadcrumb\":{\"@id\":\"https:\/\/www.pogotowieflagowe.pl\/aktualne\/wybucha-skandal-z-lexem-gawkowskim-szesc-lat-w-kieszeni-monopolisty-inteligentnego-kosza-a-to-dopiero-poczatek\/#breadcrumb\"},\"inLanguage\":\"pl-PL\",\"potentialAction\":[{\"@type\":\"ReadAction\",\"target\":[\"https:\/\/www.pogotowieflagowe.pl\/aktualne\/wybucha-skandal-z-lexem-gawkowskim-szesc-lat-w-kieszeni-monopolisty-inteligentnego-kosza-a-to-dopiero-poczatek\/\"]}]},{\"@type\":\"ImageObject\",\"inLanguage\":\"pl-PL\",\"@id\":\"https:\/\/www.pogotowieflagowe.pl\/aktualne\/wybucha-skandal-z-lexem-gawkowskim-szesc-lat-w-kieszeni-monopolisty-inteligentnego-kosza-a-to-dopiero-poczatek\/#primaryimage\",\"url\":\"https:\/\/www.pogotowieflagowe.pl\/aktualne\/wp-content\/uploads\/2025\/11\/Wybucha-skandal-z-Lexem-Gawkowskim-szesc-lat-w-kieszeni-monopolisty.webp.webp\",\"contentUrl\":\"https:\/\/www.pogotowieflagowe.pl\/aktualne\/wp-content\/uploads\/2025\/11\/Wybucha-skandal-z-Lexem-Gawkowskim-szesc-lat-w-kieszeni-monopolisty.webp.webp\",\"width\":1280,\"height\":720,\"caption\":\"Wybucha skandal z Lexem Gawkowskim: sze\u015b\u0107 lat w kieszeni monopolisty \u201einteligentnego kosza\u201d \u2013 a to dopiero pocz\u0105tek\"},{\"@type\":\"BreadcrumbList\",\"@id\":\"https:\/\/www.pogotowieflagowe.pl\/aktualne\/wybucha-skandal-z-lexem-gawkowskim-szesc-lat-w-kieszeni-monopolisty-inteligentnego-kosza-a-to-dopiero-poczatek\/#breadcrumb\",\"itemListElement\":[{\"@type\":\"ListItem\",\"position\":1,\"name\":\"Home\",\"item\":\"https:\/\/www.pogotowieflagowe.pl\/aktualne\/\"},{\"@type\":\"ListItem\",\"position\":2,\"name\":\"Wybucha skandal z Lexem Gawkowskim: sze\u015b\u0107 lat w kieszeni monopolisty \u201einteligentnego kosza\u201d \u2013 a to dopiero pocz\u0105tek\"}]},{\"@type\":\"WebSite\",\"@id\":\"https:\/\/www.pogotowieflagowe.pl\/aktualne\/#website\",\"url\":\"https:\/\/www.pogotowieflagowe.pl\/aktualne\/\",\"name\":\"POGOTOWIE FLAGOWE\u00ae\",\"description\":\"\",\"publisher\":{\"@id\":\"https:\/\/www.pogotowieflagowe.pl\/aktualne\/#organization\"},\"potentialAction\":[{\"@type\":\"SearchAction\",\"target\":{\"@type\":\"EntryPoint\",\"urlTemplate\":\"https:\/\/www.pogotowieflagowe.pl\/aktualne\/?s={search_term_string}\"},\"query-input\":\"required name=search_term_string\"}],\"inLanguage\":\"pl-PL\"},{\"@type\":\"Organization\",\"@id\":\"https:\/\/www.pogotowieflagowe.pl\/aktualne\/#organization\",\"name\":\"POGOTOWIE FLAGOWE\u00ae\",\"url\":\"https:\/\/www.pogotowieflagowe.pl\/aktualne\/\",\"logo\":{\"@type\":\"ImageObject\",\"inLanguage\":\"pl-PL\",\"@id\":\"https:\/\/www.pogotowieflagowe.pl\/aktualne\/#\/schema\/logo\/image\/\",\"url\":\"https:\/\/www.pogotowieflagowe.pl\/aktualne\/wp-content\/uploads\/2024\/08\/cropped-pogotowieflagowe_flaga_projekt_sm.jpg\",\"contentUrl\":\"https:\/\/www.pogotowieflagowe.pl\/aktualne\/wp-content\/uploads\/2024\/08\/cropped-pogotowieflagowe_flaga_projekt_sm.jpg\",\"width\":250,\"height\":143,\"caption\":\"POGOTOWIE FLAGOWE\u00ae\"},\"image\":{\"@id\":\"https:\/\/www.pogotowieflagowe.pl\/aktualne\/#\/schema\/logo\/image\/\"}},{\"@type\":\"Person\",\"@id\":\"https:\/\/www.pogotowieflagowe.pl\/aktualne\/#\/schema\/person\/9c2fb7d2362ebf6fa088960d7f0d27b0\",\"name\":\"Filip\",\"image\":{\"@type\":\"ImageObject\",\"inLanguage\":\"pl-PL\",\"@id\":\"https:\/\/www.pogotowieflagowe.pl\/aktualne\/#\/schema\/person\/image\/\",\"url\":\"https:\/\/www.pogotowieflagowe.pl\/aktualne\/wp-content\/uploads\/2024\/08\/pogotowieflagowe.pl_.jpg\",\"contentUrl\":\"https:\/\/www.pogotowieflagowe.pl\/aktualne\/wp-content\/uploads\/2024\/08\/pogotowieflagowe.pl_.jpg\",\"caption\":\"Filip\"},\"description\":\"Jestem Filip, polski dziennikarz z dyplomem nauk politycznych Uniwersytetu Warszawskiego. Rozpoczynaj\u0105c swoj\u0105 karier\u0119 w r\u00f3\u017cnych lokalnych mediach, zdoby\u0142em solidne do\u015bwiadczenie w zakresie \u015bledztwa i redakcji. Obecnie jako redaktor w Pogotowie flagowe, staram si\u0119 dostarcza\u0107 dog\u0142\u0119bne i istotne analizy na temat najwa\u017cniejszych kwestii aktualno\u015bci, \u0142\u0105cz\u0105c rygor z pasj\u0105 dziennikarsk\u0105.\",\"sameAs\":[\"https:\/\/www.pogotowieflagowe.pl\/\"]}]}<\/script>\n<!-- \/ Yoast SEO plugin. -->","yoast_head_json":{"title":"Wybucha skandal z Lexem Gawkowskim: sze\u015b\u0107 lat w kieszeni monopolisty \u201einteligentnego kosza\u201d \u2013 a to dopiero pocz\u0105tek - POGOTOWIE FLAGOWE\u00ae","robots":{"index":"index","follow":"follow","max-snippet":"max-snippet:-1","max-image-preview":"max-image-preview:large","max-video-preview":"max-video-preview:-1"},"canonical":"https:\/\/www.pogotowieflagowe.pl\/aktualne\/wybucha-skandal-z-lexem-gawkowskim-szesc-lat-w-kieszeni-monopolisty-inteligentnego-kosza-a-to-dopiero-poczatek\/","og_locale":"pl_PL","og_type":"article","og_title":"Wybucha skandal z Lexem Gawkowskim: sze\u015b\u0107 lat w kieszeni monopolisty \u201einteligentnego kosza\u201d \u2013 a to dopiero pocz\u0105tek - POGOTOWIE FLAGOWE\u00ae","og_description":"Wicepremier Krzysztof Gawkowski pracowa\u0142 w grupie sp\u00f3\u0142ek T4B a\u017c przez sze\u015b\u0107 lat. Do jego obowi\u0105zk\u00f3w nale\u017ca\u0142a sprzeda\u017c i audyt. To","og_url":"https:\/\/www.pogotowieflagowe.pl\/aktualne\/wybucha-skandal-z-lexem-gawkowskim-szesc-lat-w-kieszeni-monopolisty-inteligentnego-kosza-a-to-dopiero-poczatek\/","og_site_name":"POGOTOWIE FLAGOWE\u00ae","article_published_time":"2025-11-21T01:55:43+00:00","article_modified_time":"2025-11-21T01:55:44+00:00","og_image":[{"width":1280,"height":720,"url":"https:\/\/www.pogotowieflagowe.pl\/aktualne\/wp-content\/uploads\/2025\/11\/Wybucha-skandal-z-Lexem-Gawkowskim-szesc-lat-w-kieszeni-monopolisty.webp.webp","type":"image\/webp"}],"author":"Filip","twitter_card":"summary_large_image","twitter_misc":{"Napisane przez":"Filip","Szacowany czas czytania":"3 minuty"},"schema":{"@context":"https:\/\/schema.org","@graph":[{"@type":"Article","@id":"https:\/\/www.pogotowieflagowe.pl\/aktualne\/wybucha-skandal-z-lexem-gawkowskim-szesc-lat-w-kieszeni-monopolisty-inteligentnego-kosza-a-to-dopiero-poczatek\/#article","isPartOf":{"@id":"https:\/\/www.pogotowieflagowe.pl\/aktualne\/wybucha-skandal-z-lexem-gawkowskim-szesc-lat-w-kieszeni-monopolisty-inteligentnego-kosza-a-to-dopiero-poczatek\/"},"author":{"name":"Filip","@id":"https:\/\/www.pogotowieflagowe.pl\/aktualne\/#\/schema\/person\/9c2fb7d2362ebf6fa088960d7f0d27b0"},"headline":"Wybucha skandal z Lexem Gawkowskim: sze\u015b\u0107 lat w kieszeni monopolisty \u201einteligentnego kosza\u201d \u2013 a to dopiero pocz\u0105tek","datePublished":"2025-11-21T01:55:43+00:00","dateModified":"2025-11-21T01:55:44+00:00","mainEntityOfPage":{"@id":"https:\/\/www.pogotowieflagowe.pl\/aktualne\/wybucha-skandal-z-lexem-gawkowskim-szesc-lat-w-kieszeni-monopolisty-inteligentnego-kosza-a-to-dopiero-poczatek\/"},"wordCount":620,"commentCount":0,"publisher":{"@id":"https:\/\/www.pogotowieflagowe.pl\/aktualne\/#organization"},"image":{"@id":"https:\/\/www.pogotowieflagowe.pl\/aktualne\/wybucha-skandal-z-lexem-gawkowskim-szesc-lat-w-kieszeni-monopolisty-inteligentnego-kosza-a-to-dopiero-poczatek\/#primaryimage"},"thumbnailUrl":"https:\/\/www.pogotowieflagowe.pl\/aktualne\/wp-content\/uploads\/2025\/11\/Wybucha-skandal-z-Lexem-Gawkowskim-szesc-lat-w-kieszeni-monopolisty.webp.webp","keywords":["dopiero","Gawkowskim","inteligentnego","kieszeni","kosza","lat","Lexem","monopolisty","pocz\u0105tek","skandal","sze\u015b\u0107","Wybucha"],"articleSection":["Aktualne"],"inLanguage":"pl-PL","potentialAction":[{"@type":"CommentAction","name":"Comment","target":["https:\/\/www.pogotowieflagowe.pl\/aktualne\/wybucha-skandal-z-lexem-gawkowskim-szesc-lat-w-kieszeni-monopolisty-inteligentnego-kosza-a-to-dopiero-poczatek\/#respond"]}]},{"@type":"WebPage","@id":"https:\/\/www.pogotowieflagowe.pl\/aktualne\/wybucha-skandal-z-lexem-gawkowskim-szesc-lat-w-kieszeni-monopolisty-inteligentnego-kosza-a-to-dopiero-poczatek\/","url":"https:\/\/www.pogotowieflagowe.pl\/aktualne\/wybucha-skandal-z-lexem-gawkowskim-szesc-lat-w-kieszeni-monopolisty-inteligentnego-kosza-a-to-dopiero-poczatek\/","name":"Wybucha skandal z Lexem Gawkowskim: sze\u015b\u0107 lat w kieszeni monopolisty \u201einteligentnego kosza\u201d \u2013 a to dopiero pocz\u0105tek - POGOTOWIE FLAGOWE\u00ae","isPartOf":{"@id":"https:\/\/www.pogotowieflagowe.pl\/aktualne\/#website"},"primaryImageOfPage":{"@id":"https:\/\/www.pogotowieflagowe.pl\/aktualne\/wybucha-skandal-z-lexem-gawkowskim-szesc-lat-w-kieszeni-monopolisty-inteligentnego-kosza-a-to-dopiero-poczatek\/#primaryimage"},"image":{"@id":"https:\/\/www.pogotowieflagowe.pl\/aktualne\/wybucha-skandal-z-lexem-gawkowskim-szesc-lat-w-kieszeni-monopolisty-inteligentnego-kosza-a-to-dopiero-poczatek\/#primaryimage"},"thumbnailUrl":"https:\/\/www.pogotowieflagowe.pl\/aktualne\/wp-content\/uploads\/2025\/11\/Wybucha-skandal-z-Lexem-Gawkowskim-szesc-lat-w-kieszeni-monopolisty.webp.webp","datePublished":"2025-11-21T01:55:43+00:00","dateModified":"2025-11-21T01:55:44+00:00","breadcrumb":{"@id":"https:\/\/www.pogotowieflagowe.pl\/aktualne\/wybucha-skandal-z-lexem-gawkowskim-szesc-lat-w-kieszeni-monopolisty-inteligentnego-kosza-a-to-dopiero-poczatek\/#breadcrumb"},"inLanguage":"pl-PL","potentialAction":[{"@type":"ReadAction","target":["https:\/\/www.pogotowieflagowe.pl\/aktualne\/wybucha-skandal-z-lexem-gawkowskim-szesc-lat-w-kieszeni-monopolisty-inteligentnego-kosza-a-to-dopiero-poczatek\/"]}]},{"@type":"ImageObject","inLanguage":"pl-PL","@id":"https:\/\/www.pogotowieflagowe.pl\/aktualne\/wybucha-skandal-z-lexem-gawkowskim-szesc-lat-w-kieszeni-monopolisty-inteligentnego-kosza-a-to-dopiero-poczatek\/#primaryimage","url":"https:\/\/www.pogotowieflagowe.pl\/aktualne\/wp-content\/uploads\/2025\/11\/Wybucha-skandal-z-Lexem-Gawkowskim-szesc-lat-w-kieszeni-monopolisty.webp.webp","contentUrl":"https:\/\/www.pogotowieflagowe.pl\/aktualne\/wp-content\/uploads\/2025\/11\/Wybucha-skandal-z-Lexem-Gawkowskim-szesc-lat-w-kieszeni-monopolisty.webp.webp","width":1280,"height":720,"caption":"Wybucha skandal z Lexem Gawkowskim: sze\u015b\u0107 lat w kieszeni monopolisty \u201einteligentnego kosza\u201d \u2013 a to dopiero pocz\u0105tek"},{"@type":"BreadcrumbList","@id":"https:\/\/www.pogotowieflagowe.pl\/aktualne\/wybucha-skandal-z-lexem-gawkowskim-szesc-lat-w-kieszeni-monopolisty-inteligentnego-kosza-a-to-dopiero-poczatek\/#breadcrumb","itemListElement":[{"@type":"ListItem","position":1,"name":"Home","item":"https:\/\/www.pogotowieflagowe.pl\/aktualne\/"},{"@type":"ListItem","position":2,"name":"Wybucha skandal z Lexem Gawkowskim: sze\u015b\u0107 lat w kieszeni monopolisty \u201einteligentnego kosza\u201d \u2013 a to dopiero pocz\u0105tek"}]},{"@type":"WebSite","@id":"https:\/\/www.pogotowieflagowe.pl\/aktualne\/#website","url":"https:\/\/www.pogotowieflagowe.pl\/aktualne\/","name":"POGOTOWIE FLAGOWE\u00ae","description":"","publisher":{"@id":"https:\/\/www.pogotowieflagowe.pl\/aktualne\/#organization"},"potentialAction":[{"@type":"SearchAction","target":{"@type":"EntryPoint","urlTemplate":"https:\/\/www.pogotowieflagowe.pl\/aktualne\/?s={search_term_string}"},"query-input":"required name=search_term_string"}],"inLanguage":"pl-PL"},{"@type":"Organization","@id":"https:\/\/www.pogotowieflagowe.pl\/aktualne\/#organization","name":"POGOTOWIE FLAGOWE\u00ae","url":"https:\/\/www.pogotowieflagowe.pl\/aktualne\/","logo":{"@type":"ImageObject","inLanguage":"pl-PL","@id":"https:\/\/www.pogotowieflagowe.pl\/aktualne\/#\/schema\/logo\/image\/","url":"https:\/\/www.pogotowieflagowe.pl\/aktualne\/wp-content\/uploads\/2024\/08\/cropped-pogotowieflagowe_flaga_projekt_sm.jpg","contentUrl":"https:\/\/www.pogotowieflagowe.pl\/aktualne\/wp-content\/uploads\/2024\/08\/cropped-pogotowieflagowe_flaga_projekt_sm.jpg","width":250,"height":143,"caption":"POGOTOWIE FLAGOWE\u00ae"},"image":{"@id":"https:\/\/www.pogotowieflagowe.pl\/aktualne\/#\/schema\/logo\/image\/"}},{"@type":"Person","@id":"https:\/\/www.pogotowieflagowe.pl\/aktualne\/#\/schema\/person\/9c2fb7d2362ebf6fa088960d7f0d27b0","name":"Filip","image":{"@type":"ImageObject","inLanguage":"pl-PL","@id":"https:\/\/www.pogotowieflagowe.pl\/aktualne\/#\/schema\/person\/image\/","url":"https:\/\/www.pogotowieflagowe.pl\/aktualne\/wp-content\/uploads\/2024\/08\/pogotowieflagowe.pl_.jpg","contentUrl":"https:\/\/www.pogotowieflagowe.pl\/aktualne\/wp-content\/uploads\/2024\/08\/pogotowieflagowe.pl_.jpg","caption":"Filip"},"description":"Jestem Filip, polski dziennikarz z dyplomem nauk politycznych Uniwersytetu Warszawskiego. Rozpoczynaj\u0105c swoj\u0105 karier\u0119 w r\u00f3\u017cnych lokalnych mediach, zdoby\u0142em solidne do\u015bwiadczenie w zakresie \u015bledztwa i redakcji. Obecnie jako redaktor w Pogotowie flagowe, staram si\u0119 dostarcza\u0107 dog\u0142\u0119bne i istotne analizy na temat najwa\u017cniejszych kwestii aktualno\u015bci, \u0142\u0105cz\u0105c rygor z pasj\u0105 dziennikarsk\u0105.","sameAs":["https:\/\/www.pogotowieflagowe.pl\/"]}]}},"_links":{"self":[{"href":"https:\/\/www.pogotowieflagowe.pl\/aktualne\/wp-json\/wp\/v2\/posts\/10832","targetHints":{"allow":["GET"]}}],"collection":[{"href":"https:\/\/www.pogotowieflagowe.pl\/aktualne\/wp-json\/wp\/v2\/posts"}],"about":[{"href":"https:\/\/www.pogotowieflagowe.pl\/aktualne\/wp-json\/wp\/v2\/types\/post"}],"author":[{"embeddable":true,"href":"https:\/\/www.pogotowieflagowe.pl\/aktualne\/wp-json\/wp\/v2\/users\/1"}],"replies":[{"embeddable":true,"href":"https:\/\/www.pogotowieflagowe.pl\/aktualne\/wp-json\/wp\/v2\/comments?post=10832"}],"version-history":[{"count":1,"href":"https:\/\/www.pogotowieflagowe.pl\/aktualne\/wp-json\/wp\/v2\/posts\/10832\/revisions"}],"predecessor-version":[{"id":10834,"href":"https:\/\/www.pogotowieflagowe.pl\/aktualne\/wp-json\/wp\/v2\/posts\/10832\/revisions\/10834"}],"wp:featuredmedia":[{"embeddable":true,"href":"https:\/\/www.pogotowieflagowe.pl\/aktualne\/wp-json\/wp\/v2\/media\/10833"}],"wp:attachment":[{"href":"https:\/\/www.pogotowieflagowe.pl\/aktualne\/wp-json\/wp\/v2\/media?parent=10832"}],"wp:term":[{"taxonomy":"category","embeddable":true,"href":"https:\/\/www.pogotowieflagowe.pl\/aktualne\/wp-json\/wp\/v2\/categories?post=10832"},{"taxonomy":"post_tag","embeddable":true,"href":"https:\/\/www.pogotowieflagowe.pl\/aktualne\/wp-json\/wp\/v2\/tags?post=10832"}],"curies":[{"name":"wp","href":"https:\/\/api.w.org\/{rel}","templated":true}]}}