{"id":10838,"date":"2025-11-21T10:53:10","date_gmt":"2025-11-21T09:53:10","guid":{"rendered":"https:\/\/www.pogotowieflagowe.pl\/aktualne\/operacja-horyzont-zgoda-prezydenta-na-uzycie-sil-zbrojnych\/"},"modified":"2025-11-21T10:53:10","modified_gmt":"2025-11-21T09:53:10","slug":"operacja-horyzont-zgoda-prezydenta-na-uzycie-sil-zbrojnych","status":"publish","type":"post","link":"https:\/\/www.pogotowieflagowe.pl\/aktualne\/operacja-horyzont-zgoda-prezydenta-na-uzycie-sil-zbrojnych\/","title":{"rendered":"Operacja \u201eHoryzont\u201d: zgoda Prezydenta na u\u017cycie si\u0142 zbrojnych"},"content":{"rendered":"\n<div class=\"td_block_wrap tdb_single_content tdi_46 td-pb-border-top td_block_template_8 td-post-content tagdiv-type\" data-td-block-uid=\"tdi_46\">\n<style>.tdi_46{margines-g\u00f3rny:0px!important;margin-bottom:0px!important;dope\u0142nienie-g\u00f3ra:0px!important;dope\u0142nienie-d\u00f3\u0142:0px!important}<\/style>\n<style>.tdb_single_content{margin-bottom:0;*zoom:1}.tdb_single_content:before,.tdb_single_content:after{display:table;content:'';line-height:0}.tdb_single_content:after{clear:both}.tdb_single_content .tdb-block-inner>*:not(.wp-block-quote):not(.alignwide):not(.alignfull.wp-block-cover.has-parallax):not(.td-a-ad){margin-left:auto;margin-right:auto}.tdb_single_content a{pointer-events:auto}.tdb_single_content .td-spot-id-top_ad .tdc-placeholder-title:before{content:'Najlepsza reklama artyku\u0142u'!important}.tdb_single_content .td-spot-id-inline_ad0 .tdc-placeholder-title:before{content:'Reklama wbudowana artyku\u0142u 1'!important}.tdb_single_content .td-spot-id-inline_ad1 .tdc-placeholder-title:before{content:'Wbudowana reklama w artykule 2'!important}.tdb_single_content .td-spot-id-inline_ad2 .tdc-placeholder-title:before{content:'Wbudowana reklama w artykule 3'!important}.tdb_single_content .td-spot-id-bottom_ad .tdc-placeholder-title:before{content:'Article Bottom Ad'!important}.tdb_single_content .id_top_ad,.tdb_single_content .id_bottom_ad{clear:both;margin-bottom:21px;text-align:center}.tdb_single_content .id_top_ad img,.tdb_single_content .id_bottom_ad img{margin-bottom:0}.tdb_single_content .id_top_ad .adsbygoogle,.tdb_single_content .id_bottom_ad .adsbygoogle{position:relative}.tdb_single_content .id_ad_content-horiz-left,.tdb_single_content .id_ad_content-horiz-right,.tdb_single_content .id_ad_content-horiz-center{margin-bottom:15px}.tdb_single_content .id_ad_content-horiz-left img,.tdb_single_content .id_ad_content-horiz-right img,.tdb_single_content .id_ad_content-horiz-center img{margin-bottom:0}.tdb_single_content .id_ad_content-horiz-center{text-align:center}.tdb_single_content .id_ad_content-horiz-center img{margin-right:auto;margin-left:auto}.tdb_single_content .id_ad_content-horiz-left{float:left;margin-top:9px;margin-right:21px}.tdb_single_content .id_ad_content-horiz-right{float:right;margin-top:6px;margin-left:21px}.tdb_single_content .tdc-a-ad .tdc-placeholder-title{width:300px;height:250px}.tdb_single_content .tdc-a-ad .tdc-placeholder-title:before{position:absolute;top:50%;-webkit-transform:translateY(-50%);transform:translateY(-50%);margin:auto;display:table;width:100%}.tdb_single_content .tdb-block-inner.td-fix-index{word-break:break-word}.tdi_46,.tdi_46>p,.tdi_46 .tdb-block-inner>p,.wp-block-column>p{font-size:16px!important;line-height:1.6!important}.tdi_46 .tdb-block-inner blockquote p{font-style:normal!important}@media (max-width:767px){.tdb_single_content .id_ad_content-horiz-left,.tdb_single_content .id_ad_content-horiz-right,.tdb_single_content .id_ad_content-horiz-center{margin:0 auto 26 pikseli auto}}@media (max-width:767px){.tdb_single_content .id_ad_content-horiz-left{margin-right:0}}@media (max-width:767px){.tdb_single_content .id_ad_content-horiz-right{margin-left:0}}@media (max-width:767px){.tdb_single_content .td-a-ad{float:none;text-align:center}.tdb_single_content .td-a-ad img{margin-right:auto;margin-left:auto}.tdb_single_content .tdc-a-ad{float:none}}<\/style>\n<div class=\"tdb-block-inner td-fix-index\">\n<p>Prezydent RP Karol Nawrocki podpisa\u0142 Uchwa\u0142\u0119 w sprawie wykorzystania oddzia\u0142\u00f3w i pododdzia\u0142\u00f3w Si\u0142 Zbrojnych RP do wspomagania jednostek i pododdzia\u0142\u00f3w Policji w ramach operacji \u201eHoryzont\u201d \u2013 poinformowa\u0142 rzecznik Prezydenta Rafa\u0142 Le\u015bkiewicz.<\/p>\n<h2 class=\"wp-block-heading\">Operacja \u201eHoryzont\u201d<\/h2>\n<p>Minister Obrony Narodowej W\u0142adys\u0142aw Kosiniak-Kamysz poinformowa\u0142 w \u015brod\u0119, \u017ce rozpocz\u0119\u0142a si\u0119 operacja \u201eHoryzont\u201d. Decyzja ma zwi\u0105zek z niedawnymi aktami dywersyjnymi, jakie mia\u0142y miejsce na terytorium Polski.<\/p>\n<figure class=\"wp-block-pullquote\">\n<blockquote>\n<p>\u201ePrzedstawiamy Akcj\u0119 \u201eHoryzont\u201d, czyli wsparcie Si\u0142 Zbrojnych RP, oparte na konkretnych artyku\u0142ach reguluj\u0105cych funkcjonowanie Policji, dzia\u0142ania na rzecz bezpiecze\u0144stwa, ochrony infrastruktury krytycznej, wsp\u00f3lnego patrolowania oraz wsp\u00f3\u0142pracy wszystkich s\u0142u\u017cb pa\u0144stwowych na rzecz przeciwdzia\u0142ania sabota\u017cowi i podnoszenia poziomu bezpiecze\u0144stwa obywateli Polski, a tak\u017ce integracji spo\u0142ecznej i przeciwdzia\u0142ania dezinformacji.\u201d<\/p>\n<p><cite>  powiedzia\u0142 minister obrony.<\/cite><\/p><\/blockquote>\n<\/figure>\n<p>Kosiniak-Kamysz wskaza\u0142, \u017ce do operacji przydzielonych zostanie do dziesi\u0119ciu tysi\u0119cy \u017co\u0142nierzy. Zaznaczy\u0142, \u017ce wraz z ministrem Kierwi\u0144skim b\u0119dzie zwraca\u0142 si\u0119 o wszcz\u0119cie operacji \u201edo Premiera, po czym wniosek Premiera zostanie przekazany Prezydentowi RP\u201d.<\/p>\n<p>Wczoraj wieczorem Rafa\u0142 Le\u015bkiewicz, rzecznik prezydenta Karola Nawrockiego, og\u0142osi\u0142 decyzj\u0119 g\u0142owy pa\u0144stwa w tej sprawie.<\/p>\n<figure class=\"wp-block-pullquote\">\n<blockquote>\n<p>Prezydent RP Karol Nawrocki podpisa\u0142 Uchwa\u0142\u0119 w sprawie wykorzystania oddzia\u0142\u00f3w i pododdzia\u0142\u00f3w Si\u0142 Zbrojnych RP do wspomagania jednostek i pododdzia\u0142\u00f3w Policji w ramach Operacji \u201eHoryzont\u201d, <\/p>\n<p><cite>stwierdzi\u0142.<\/cite><\/p><\/blockquote>\n<\/figure>\n<figure class=\"wp-block-embed is-type-rich is-provider-twitter wp-block-embed-twitter\">\n<div class=\"wp-block-embed__wrapper\">\n<blockquote class=\"twitter-tweet\" data-width=\"550\" data-dnt=\"true\">\n<p lang=\"pl\" dir=\"ltr\">Prezydent RP <a rel=\"nofollow\" href=\"https:\/\/twitter.com\/NawrockiKn?ref_src=twsrc%5Etfw\">@NawrockiKn<\/a> Stanowienie o wykorzystaniu oddzia\u0142\u00f3w i pododdzia\u0142\u00f3w Si\u0142 Zbrojnych Rzeczypospolitej Polskiej do pomocy oddzia\u0142\u00f3w i pododdzia\u0142\u00f3w Policji w ramach operacji \u201eHoryzont\u201d.<\/p>\n<p>\u2014 Rafa\u0142 Le\u015bkiewicz (@LeskiewiczRafa) <a rel=\"nofollow\" href=\"https:\/\/twitter.com\/LeskiewiczRafa\/status\/1991575832947748949?ref_src=twsrc%5Etfw\">20 listopada 2025 r<\/a><\/p><\/blockquote>\n<\/div>\n<\/figure>\n<\/div>\n<\/div>\n<p><script async src=\"https:\/\/platform.twitter.com\/widgets.js\" charset=\"utf-8\"><\/script><\/p>\n","protected":false},"excerpt":{"rendered":"<p>Prezydent RP Karol Nawrocki podpisa\u0142 Uchwa\u0142\u0119 w sprawie wykorzystania oddzia\u0142\u00f3w i pododdzia\u0142\u00f3w Si\u0142 Zbrojnych RP do wspomagania jednostek i pododdzia\u0142\u00f3w<\/p>\n","protected":false},"author":1,"featured_media":9129,"comment_status":"open","ping_status":"open","sticky":false,"template":"","format":"standard","meta":{"footnotes":""},"categories":[4748],"tags":[580,1563,568,8560,12278,8903,1073],"class_list":["post-10838","post","type-post","status-publish","format-standard","has-post-thumbnail","hentry","category-aktualne","tag-horyzont","tag-operacja","tag-prezydenta","tag-sil","tag-uzycie","tag-zbrojnych","tag-zgoda","generate-columns","tablet-grid-50","mobile-grid-100","grid-parent","grid-50","resize-featured-image"],"yoast_head":"<!-- This site is optimized with the Yoast SEO plugin v23.2 - https:\/\/yoast.com\/wordpress\/plugins\/seo\/ -->\n<title>Operacja \u201eHoryzont\u201d: zgoda Prezydenta na u\u017cycie si\u0142 zbrojnych - POGOTOWIE FLAGOWE\u00ae<\/title>\n<meta name=\"robots\" content=\"index, follow, max-snippet:-1, max-image-preview:large, max-video-preview:-1\" \/>\n<link rel=\"canonical\" href=\"https:\/\/www.pogotowieflagowe.pl\/aktualne\/operacja-horyzont-zgoda-prezydenta-na-uzycie-sil-zbrojnych\/\" \/>\n<meta property=\"og:locale\" content=\"pl_PL\" \/>\n<meta property=\"og:type\" content=\"article\" \/>\n<meta property=\"og:title\" content=\"Operacja \u201eHoryzont\u201d: zgoda Prezydenta na u\u017cycie si\u0142 zbrojnych - POGOTOWIE FLAGOWE\u00ae\" \/>\n<meta property=\"og:description\" content=\"Prezydent RP Karol Nawrocki podpisa\u0142 Uchwa\u0142\u0119 w sprawie wykorzystania oddzia\u0142\u00f3w i pododdzia\u0142\u00f3w Si\u0142 Zbrojnych RP do wspomagania jednostek i pododdzia\u0142\u00f3w\" \/>\n<meta property=\"og:url\" content=\"https:\/\/www.pogotowieflagowe.pl\/aktualne\/operacja-horyzont-zgoda-prezydenta-na-uzycie-sil-zbrojnych\/\" \/>\n<meta property=\"og:site_name\" content=\"POGOTOWIE FLAGOWE\u00ae\" \/>\n<meta property=\"article:published_time\" content=\"2025-11-21T09:53:10+00:00\" \/>\n<meta property=\"og:image\" content=\"https:\/\/www.pogotowieflagowe.pl\/aktualne\/wp-content\/uploads\/2025\/10\/Bogucki-wyjasnia-\u201ePrezydent-Nawrocki-nie-podpisze-ustaw-ktore-sa-zle.webp.webp\" \/>\n\t<meta property=\"og:image:width\" content=\"1280\" \/>\n\t<meta property=\"og:image:height\" content=\"720\" \/>\n\t<meta property=\"og:image:type\" content=\"image\/webp\" \/>\n<meta name=\"author\" content=\"Filip\" \/>\n<meta name=\"twitter:card\" content=\"summary_large_image\" \/>\n<meta name=\"twitter:label1\" content=\"Napisane przez\" \/>\n\t<meta name=\"twitter:data1\" content=\"Filip\" \/>\n\t<meta name=\"twitter:label2\" content=\"Szacowany czas czytania\" \/>\n\t<meta name=\"twitter:data2\" content=\"1 minuta\" \/>\n<script type=\"application\/ld+json\" class=\"yoast-schema-graph\">{\"@context\":\"https:\/\/schema.org\",\"@graph\":[{\"@type\":\"Article\",\"@id\":\"https:\/\/www.pogotowieflagowe.pl\/aktualne\/operacja-horyzont-zgoda-prezydenta-na-uzycie-sil-zbrojnych\/#article\",\"isPartOf\":{\"@id\":\"https:\/\/www.pogotowieflagowe.pl\/aktualne\/operacja-horyzont-zgoda-prezydenta-na-uzycie-sil-zbrojnych\/\"},\"author\":{\"name\":\"Filip\",\"@id\":\"https:\/\/www.pogotowieflagowe.pl\/aktualne\/#\/schema\/person\/9c2fb7d2362ebf6fa088960d7f0d27b0\"},\"headline\":\"Operacja \u201eHoryzont\u201d: zgoda Prezydenta na u\u017cycie si\u0142 zbrojnych\",\"datePublished\":\"2025-11-21T09:53:10+00:00\",\"dateModified\":\"2025-11-21T09:53:10+00:00\",\"mainEntityOfPage\":{\"@id\":\"https:\/\/www.pogotowieflagowe.pl\/aktualne\/operacja-horyzont-zgoda-prezydenta-na-uzycie-sil-zbrojnych\/\"},\"wordCount\":260,\"commentCount\":0,\"publisher\":{\"@id\":\"https:\/\/www.pogotowieflagowe.pl\/aktualne\/#organization\"},\"image\":{\"@id\":\"https:\/\/www.pogotowieflagowe.pl\/aktualne\/operacja-horyzont-zgoda-prezydenta-na-uzycie-sil-zbrojnych\/#primaryimage\"},\"thumbnailUrl\":\"https:\/\/www.pogotowieflagowe.pl\/aktualne\/wp-content\/uploads\/2025\/10\/Bogucki-wyjasnia-\u201ePrezydent-Nawrocki-nie-podpisze-ustaw-ktore-sa-zle.webp.webp\",\"keywords\":[\"horyzont\",\"Operacja\",\"prezydenta\",\"si\u0142\",\"u\u017cycie\",\"Zbrojnych\",\"Zgoda\"],\"articleSection\":[\"Aktualne\"],\"inLanguage\":\"pl-PL\",\"potentialAction\":[{\"@type\":\"CommentAction\",\"name\":\"Comment\",\"target\":[\"https:\/\/www.pogotowieflagowe.pl\/aktualne\/operacja-horyzont-zgoda-prezydenta-na-uzycie-sil-zbrojnych\/#respond\"]}]},{\"@type\":\"WebPage\",\"@id\":\"https:\/\/www.pogotowieflagowe.pl\/aktualne\/operacja-horyzont-zgoda-prezydenta-na-uzycie-sil-zbrojnych\/\",\"url\":\"https:\/\/www.pogotowieflagowe.pl\/aktualne\/operacja-horyzont-zgoda-prezydenta-na-uzycie-sil-zbrojnych\/\",\"name\":\"Operacja \u201eHoryzont\u201d: zgoda Prezydenta na u\u017cycie si\u0142 zbrojnych - POGOTOWIE FLAGOWE\u00ae\",\"isPartOf\":{\"@id\":\"https:\/\/www.pogotowieflagowe.pl\/aktualne\/#website\"},\"primaryImageOfPage\":{\"@id\":\"https:\/\/www.pogotowieflagowe.pl\/aktualne\/operacja-horyzont-zgoda-prezydenta-na-uzycie-sil-zbrojnych\/#primaryimage\"},\"image\":{\"@id\":\"https:\/\/www.pogotowieflagowe.pl\/aktualne\/operacja-horyzont-zgoda-prezydenta-na-uzycie-sil-zbrojnych\/#primaryimage\"},\"thumbnailUrl\":\"https:\/\/www.pogotowieflagowe.pl\/aktualne\/wp-content\/uploads\/2025\/10\/Bogucki-wyjasnia-\u201ePrezydent-Nawrocki-nie-podpisze-ustaw-ktore-sa-zle.webp.webp\",\"datePublished\":\"2025-11-21T09:53:10+00:00\",\"dateModified\":\"2025-11-21T09:53:10+00:00\",\"breadcrumb\":{\"@id\":\"https:\/\/www.pogotowieflagowe.pl\/aktualne\/operacja-horyzont-zgoda-prezydenta-na-uzycie-sil-zbrojnych\/#breadcrumb\"},\"inLanguage\":\"pl-PL\",\"potentialAction\":[{\"@type\":\"ReadAction\",\"target\":[\"https:\/\/www.pogotowieflagowe.pl\/aktualne\/operacja-horyzont-zgoda-prezydenta-na-uzycie-sil-zbrojnych\/\"]}]},{\"@type\":\"ImageObject\",\"inLanguage\":\"pl-PL\",\"@id\":\"https:\/\/www.pogotowieflagowe.pl\/aktualne\/operacja-horyzont-zgoda-prezydenta-na-uzycie-sil-zbrojnych\/#primaryimage\",\"url\":\"https:\/\/www.pogotowieflagowe.pl\/aktualne\/wp-content\/uploads\/2025\/10\/Bogucki-wyjasnia-\u201ePrezydent-Nawrocki-nie-podpisze-ustaw-ktore-sa-zle.webp.webp\",\"contentUrl\":\"https:\/\/www.pogotowieflagowe.pl\/aktualne\/wp-content\/uploads\/2025\/10\/Bogucki-wyjasnia-\u201ePrezydent-Nawrocki-nie-podpisze-ustaw-ktore-sa-zle.webp.webp\",\"width\":1280,\"height\":720,\"caption\":\"Bogucki wyja\u015bnia: \u201ePrezydent Nawrocki nie podpisze ustaw, kt\u00f3re s\u0105 z\u0142e dla Polski\u201d\"},{\"@type\":\"BreadcrumbList\",\"@id\":\"https:\/\/www.pogotowieflagowe.pl\/aktualne\/operacja-horyzont-zgoda-prezydenta-na-uzycie-sil-zbrojnych\/#breadcrumb\",\"itemListElement\":[{\"@type\":\"ListItem\",\"position\":1,\"name\":\"Home\",\"item\":\"https:\/\/www.pogotowieflagowe.pl\/aktualne\/\"},{\"@type\":\"ListItem\",\"position\":2,\"name\":\"Operacja \u201eHoryzont\u201d: zgoda Prezydenta na u\u017cycie si\u0142 zbrojnych\"}]},{\"@type\":\"WebSite\",\"@id\":\"https:\/\/www.pogotowieflagowe.pl\/aktualne\/#website\",\"url\":\"https:\/\/www.pogotowieflagowe.pl\/aktualne\/\",\"name\":\"POGOTOWIE FLAGOWE\u00ae\",\"description\":\"\",\"publisher\":{\"@id\":\"https:\/\/www.pogotowieflagowe.pl\/aktualne\/#organization\"},\"potentialAction\":[{\"@type\":\"SearchAction\",\"target\":{\"@type\":\"EntryPoint\",\"urlTemplate\":\"https:\/\/www.pogotowieflagowe.pl\/aktualne\/?s={search_term_string}\"},\"query-input\":\"required name=search_term_string\"}],\"inLanguage\":\"pl-PL\"},{\"@type\":\"Organization\",\"@id\":\"https:\/\/www.pogotowieflagowe.pl\/aktualne\/#organization\",\"name\":\"POGOTOWIE FLAGOWE\u00ae\",\"url\":\"https:\/\/www.pogotowieflagowe.pl\/aktualne\/\",\"logo\":{\"@type\":\"ImageObject\",\"inLanguage\":\"pl-PL\",\"@id\":\"https:\/\/www.pogotowieflagowe.pl\/aktualne\/#\/schema\/logo\/image\/\",\"url\":\"https:\/\/www.pogotowieflagowe.pl\/aktualne\/wp-content\/uploads\/2024\/08\/cropped-pogotowieflagowe_flaga_projekt_sm.jpg\",\"contentUrl\":\"https:\/\/www.pogotowieflagowe.pl\/aktualne\/wp-content\/uploads\/2024\/08\/cropped-pogotowieflagowe_flaga_projekt_sm.jpg\",\"width\":250,\"height\":143,\"caption\":\"POGOTOWIE FLAGOWE\u00ae\"},\"image\":{\"@id\":\"https:\/\/www.pogotowieflagowe.pl\/aktualne\/#\/schema\/logo\/image\/\"}},{\"@type\":\"Person\",\"@id\":\"https:\/\/www.pogotowieflagowe.pl\/aktualne\/#\/schema\/person\/9c2fb7d2362ebf6fa088960d7f0d27b0\",\"name\":\"Filip\",\"image\":{\"@type\":\"ImageObject\",\"inLanguage\":\"pl-PL\",\"@id\":\"https:\/\/www.pogotowieflagowe.pl\/aktualne\/#\/schema\/person\/image\/\",\"url\":\"https:\/\/www.pogotowieflagowe.pl\/aktualne\/wp-content\/uploads\/2024\/08\/pogotowieflagowe.pl_.jpg\",\"contentUrl\":\"https:\/\/www.pogotowieflagowe.pl\/aktualne\/wp-content\/uploads\/2024\/08\/pogotowieflagowe.pl_.jpg\",\"caption\":\"Filip\"},\"description\":\"Jestem Filip, polski dziennikarz z dyplomem nauk politycznych Uniwersytetu Warszawskiego. Rozpoczynaj\u0105c swoj\u0105 karier\u0119 w r\u00f3\u017cnych lokalnych mediach, zdoby\u0142em solidne do\u015bwiadczenie w zakresie \u015bledztwa i redakcji. Obecnie jako redaktor w Pogotowie flagowe, staram si\u0119 dostarcza\u0107 dog\u0142\u0119bne i istotne analizy na temat najwa\u017cniejszych kwestii aktualno\u015bci, \u0142\u0105cz\u0105c rygor z pasj\u0105 dziennikarsk\u0105.\",\"sameAs\":[\"https:\/\/www.pogotowieflagowe.pl\/\"]}]}<\/script>\n<!-- \/ Yoast SEO plugin. -->","yoast_head_json":{"title":"Operacja \u201eHoryzont\u201d: zgoda Prezydenta na u\u017cycie si\u0142 zbrojnych - POGOTOWIE FLAGOWE\u00ae","robots":{"index":"index","follow":"follow","max-snippet":"max-snippet:-1","max-image-preview":"max-image-preview:large","max-video-preview":"max-video-preview:-1"},"canonical":"https:\/\/www.pogotowieflagowe.pl\/aktualne\/operacja-horyzont-zgoda-prezydenta-na-uzycie-sil-zbrojnych\/","og_locale":"pl_PL","og_type":"article","og_title":"Operacja \u201eHoryzont\u201d: zgoda Prezydenta na u\u017cycie si\u0142 zbrojnych - POGOTOWIE FLAGOWE\u00ae","og_description":"Prezydent RP Karol Nawrocki podpisa\u0142 Uchwa\u0142\u0119 w sprawie wykorzystania oddzia\u0142\u00f3w i pododdzia\u0142\u00f3w Si\u0142 Zbrojnych RP do wspomagania jednostek i pododdzia\u0142\u00f3w","og_url":"https:\/\/www.pogotowieflagowe.pl\/aktualne\/operacja-horyzont-zgoda-prezydenta-na-uzycie-sil-zbrojnych\/","og_site_name":"POGOTOWIE FLAGOWE\u00ae","article_published_time":"2025-11-21T09:53:10+00:00","og_image":[{"width":1280,"height":720,"url":"https:\/\/www.pogotowieflagowe.pl\/aktualne\/wp-content\/uploads\/2025\/10\/Bogucki-wyjasnia-\u201ePrezydent-Nawrocki-nie-podpisze-ustaw-ktore-sa-zle.webp.webp","type":"image\/webp"}],"author":"Filip","twitter_card":"summary_large_image","twitter_misc":{"Napisane przez":"Filip","Szacowany czas czytania":"1 minuta"},"schema":{"@context":"https:\/\/schema.org","@graph":[{"@type":"Article","@id":"https:\/\/www.pogotowieflagowe.pl\/aktualne\/operacja-horyzont-zgoda-prezydenta-na-uzycie-sil-zbrojnych\/#article","isPartOf":{"@id":"https:\/\/www.pogotowieflagowe.pl\/aktualne\/operacja-horyzont-zgoda-prezydenta-na-uzycie-sil-zbrojnych\/"},"author":{"name":"Filip","@id":"https:\/\/www.pogotowieflagowe.pl\/aktualne\/#\/schema\/person\/9c2fb7d2362ebf6fa088960d7f0d27b0"},"headline":"Operacja \u201eHoryzont\u201d: zgoda Prezydenta na u\u017cycie si\u0142 zbrojnych","datePublished":"2025-11-21T09:53:10+00:00","dateModified":"2025-11-21T09:53:10+00:00","mainEntityOfPage":{"@id":"https:\/\/www.pogotowieflagowe.pl\/aktualne\/operacja-horyzont-zgoda-prezydenta-na-uzycie-sil-zbrojnych\/"},"wordCount":260,"commentCount":0,"publisher":{"@id":"https:\/\/www.pogotowieflagowe.pl\/aktualne\/#organization"},"image":{"@id":"https:\/\/www.pogotowieflagowe.pl\/aktualne\/operacja-horyzont-zgoda-prezydenta-na-uzycie-sil-zbrojnych\/#primaryimage"},"thumbnailUrl":"https:\/\/www.pogotowieflagowe.pl\/aktualne\/wp-content\/uploads\/2025\/10\/Bogucki-wyjasnia-\u201ePrezydent-Nawrocki-nie-podpisze-ustaw-ktore-sa-zle.webp.webp","keywords":["horyzont","Operacja","prezydenta","si\u0142","u\u017cycie","Zbrojnych","Zgoda"],"articleSection":["Aktualne"],"inLanguage":"pl-PL","potentialAction":[{"@type":"CommentAction","name":"Comment","target":["https:\/\/www.pogotowieflagowe.pl\/aktualne\/operacja-horyzont-zgoda-prezydenta-na-uzycie-sil-zbrojnych\/#respond"]}]},{"@type":"WebPage","@id":"https:\/\/www.pogotowieflagowe.pl\/aktualne\/operacja-horyzont-zgoda-prezydenta-na-uzycie-sil-zbrojnych\/","url":"https:\/\/www.pogotowieflagowe.pl\/aktualne\/operacja-horyzont-zgoda-prezydenta-na-uzycie-sil-zbrojnych\/","name":"Operacja \u201eHoryzont\u201d: zgoda Prezydenta na u\u017cycie si\u0142 zbrojnych - POGOTOWIE FLAGOWE\u00ae","isPartOf":{"@id":"https:\/\/www.pogotowieflagowe.pl\/aktualne\/#website"},"primaryImageOfPage":{"@id":"https:\/\/www.pogotowieflagowe.pl\/aktualne\/operacja-horyzont-zgoda-prezydenta-na-uzycie-sil-zbrojnych\/#primaryimage"},"image":{"@id":"https:\/\/www.pogotowieflagowe.pl\/aktualne\/operacja-horyzont-zgoda-prezydenta-na-uzycie-sil-zbrojnych\/#primaryimage"},"thumbnailUrl":"https:\/\/www.pogotowieflagowe.pl\/aktualne\/wp-content\/uploads\/2025\/10\/Bogucki-wyjasnia-\u201ePrezydent-Nawrocki-nie-podpisze-ustaw-ktore-sa-zle.webp.webp","datePublished":"2025-11-21T09:53:10+00:00","dateModified":"2025-11-21T09:53:10+00:00","breadcrumb":{"@id":"https:\/\/www.pogotowieflagowe.pl\/aktualne\/operacja-horyzont-zgoda-prezydenta-na-uzycie-sil-zbrojnych\/#breadcrumb"},"inLanguage":"pl-PL","potentialAction":[{"@type":"ReadAction","target":["https:\/\/www.pogotowieflagowe.pl\/aktualne\/operacja-horyzont-zgoda-prezydenta-na-uzycie-sil-zbrojnych\/"]}]},{"@type":"ImageObject","inLanguage":"pl-PL","@id":"https:\/\/www.pogotowieflagowe.pl\/aktualne\/operacja-horyzont-zgoda-prezydenta-na-uzycie-sil-zbrojnych\/#primaryimage","url":"https:\/\/www.pogotowieflagowe.pl\/aktualne\/wp-content\/uploads\/2025\/10\/Bogucki-wyjasnia-\u201ePrezydent-Nawrocki-nie-podpisze-ustaw-ktore-sa-zle.webp.webp","contentUrl":"https:\/\/www.pogotowieflagowe.pl\/aktualne\/wp-content\/uploads\/2025\/10\/Bogucki-wyjasnia-\u201ePrezydent-Nawrocki-nie-podpisze-ustaw-ktore-sa-zle.webp.webp","width":1280,"height":720,"caption":"Bogucki wyja\u015bnia: \u201ePrezydent Nawrocki nie podpisze ustaw, kt\u00f3re s\u0105 z\u0142e dla Polski\u201d"},{"@type":"BreadcrumbList","@id":"https:\/\/www.pogotowieflagowe.pl\/aktualne\/operacja-horyzont-zgoda-prezydenta-na-uzycie-sil-zbrojnych\/#breadcrumb","itemListElement":[{"@type":"ListItem","position":1,"name":"Home","item":"https:\/\/www.pogotowieflagowe.pl\/aktualne\/"},{"@type":"ListItem","position":2,"name":"Operacja \u201eHoryzont\u201d: zgoda Prezydenta na u\u017cycie si\u0142 zbrojnych"}]},{"@type":"WebSite","@id":"https:\/\/www.pogotowieflagowe.pl\/aktualne\/#website","url":"https:\/\/www.pogotowieflagowe.pl\/aktualne\/","name":"POGOTOWIE FLAGOWE\u00ae","description":"","publisher":{"@id":"https:\/\/www.pogotowieflagowe.pl\/aktualne\/#organization"},"potentialAction":[{"@type":"SearchAction","target":{"@type":"EntryPoint","urlTemplate":"https:\/\/www.pogotowieflagowe.pl\/aktualne\/?s={search_term_string}"},"query-input":"required name=search_term_string"}],"inLanguage":"pl-PL"},{"@type":"Organization","@id":"https:\/\/www.pogotowieflagowe.pl\/aktualne\/#organization","name":"POGOTOWIE FLAGOWE\u00ae","url":"https:\/\/www.pogotowieflagowe.pl\/aktualne\/","logo":{"@type":"ImageObject","inLanguage":"pl-PL","@id":"https:\/\/www.pogotowieflagowe.pl\/aktualne\/#\/schema\/logo\/image\/","url":"https:\/\/www.pogotowieflagowe.pl\/aktualne\/wp-content\/uploads\/2024\/08\/cropped-pogotowieflagowe_flaga_projekt_sm.jpg","contentUrl":"https:\/\/www.pogotowieflagowe.pl\/aktualne\/wp-content\/uploads\/2024\/08\/cropped-pogotowieflagowe_flaga_projekt_sm.jpg","width":250,"height":143,"caption":"POGOTOWIE FLAGOWE\u00ae"},"image":{"@id":"https:\/\/www.pogotowieflagowe.pl\/aktualne\/#\/schema\/logo\/image\/"}},{"@type":"Person","@id":"https:\/\/www.pogotowieflagowe.pl\/aktualne\/#\/schema\/person\/9c2fb7d2362ebf6fa088960d7f0d27b0","name":"Filip","image":{"@type":"ImageObject","inLanguage":"pl-PL","@id":"https:\/\/www.pogotowieflagowe.pl\/aktualne\/#\/schema\/person\/image\/","url":"https:\/\/www.pogotowieflagowe.pl\/aktualne\/wp-content\/uploads\/2024\/08\/pogotowieflagowe.pl_.jpg","contentUrl":"https:\/\/www.pogotowieflagowe.pl\/aktualne\/wp-content\/uploads\/2024\/08\/pogotowieflagowe.pl_.jpg","caption":"Filip"},"description":"Jestem Filip, polski dziennikarz z dyplomem nauk politycznych Uniwersytetu Warszawskiego. Rozpoczynaj\u0105c swoj\u0105 karier\u0119 w r\u00f3\u017cnych lokalnych mediach, zdoby\u0142em solidne do\u015bwiadczenie w zakresie \u015bledztwa i redakcji. Obecnie jako redaktor w Pogotowie flagowe, staram si\u0119 dostarcza\u0107 dog\u0142\u0119bne i istotne analizy na temat najwa\u017cniejszych kwestii aktualno\u015bci, \u0142\u0105cz\u0105c rygor z pasj\u0105 dziennikarsk\u0105.","sameAs":["https:\/\/www.pogotowieflagowe.pl\/"]}]}},"_links":{"self":[{"href":"https:\/\/www.pogotowieflagowe.pl\/aktualne\/wp-json\/wp\/v2\/posts\/10838","targetHints":{"allow":["GET"]}}],"collection":[{"href":"https:\/\/www.pogotowieflagowe.pl\/aktualne\/wp-json\/wp\/v2\/posts"}],"about":[{"href":"https:\/\/www.pogotowieflagowe.pl\/aktualne\/wp-json\/wp\/v2\/types\/post"}],"author":[{"embeddable":true,"href":"https:\/\/www.pogotowieflagowe.pl\/aktualne\/wp-json\/wp\/v2\/users\/1"}],"replies":[{"embeddable":true,"href":"https:\/\/www.pogotowieflagowe.pl\/aktualne\/wp-json\/wp\/v2\/comments?post=10838"}],"version-history":[{"count":1,"href":"https:\/\/www.pogotowieflagowe.pl\/aktualne\/wp-json\/wp\/v2\/posts\/10838\/revisions"}],"predecessor-version":[{"id":10839,"href":"https:\/\/www.pogotowieflagowe.pl\/aktualne\/wp-json\/wp\/v2\/posts\/10838\/revisions\/10839"}],"wp:featuredmedia":[{"embeddable":true,"href":"https:\/\/www.pogotowieflagowe.pl\/aktualne\/wp-json\/wp\/v2\/media\/9129"}],"wp:attachment":[{"href":"https:\/\/www.pogotowieflagowe.pl\/aktualne\/wp-json\/wp\/v2\/media?parent=10838"}],"wp:term":[{"taxonomy":"category","embeddable":true,"href":"https:\/\/www.pogotowieflagowe.pl\/aktualne\/wp-json\/wp\/v2\/categories?post=10838"},{"taxonomy":"post_tag","embeddable":true,"href":"https:\/\/www.pogotowieflagowe.pl\/aktualne\/wp-json\/wp\/v2\/tags?post=10838"}],"curies":[{"name":"wp","href":"https:\/\/api.w.org\/{rel}","templated":true}]}}