{"id":10852,"date":"2025-11-21T21:51:11","date_gmt":"2025-11-21T20:51:11","guid":{"rendered":"https:\/\/www.pogotowieflagowe.pl\/aktualne\/tragedia-w-tarnopolu-7-letnia-polka-zginela-w-rosyjskim-ataku\/"},"modified":"2025-11-21T21:51:12","modified_gmt":"2025-11-21T20:51:12","slug":"tragedia-w-tarnopolu-7-letnia-polka-zginela-w-rosyjskim-ataku","status":"publish","type":"post","link":"https:\/\/www.pogotowieflagowe.pl\/aktualne\/tragedia-w-tarnopolu-7-letnia-polka-zginela-w-rosyjskim-ataku\/","title":{"rendered":"Tragedia w Tarnopolu: 7-letnia Polka zgin\u0119\u0142a w rosyjskim ataku"},"content":{"rendered":"\n<div class=\"td_block_wrap tdb_single_content tdi_46 td-pb-border-top td_block_template_8 td-post-content tagdiv-type\" data-td-block-uid=\"tdi_46\">\n<style>.tdi_46{margines-g\u00f3rny:0px!important;margin-bottom:0px!important;dope\u0142nienie-g\u00f3ra:0px!important;dope\u0142nienie-d\u00f3\u0142:0px!important}<\/style>\n<style>.tdb_single_content{margin-bottom:0;*zoom:1}.tdb_single_content:before,.tdb_single_content:after{display:table;content:'';line-height:0}.tdb_single_content:after{clear:both}.tdb_single_content .tdb-block-inner>*:not(.wp-block-quote):not(.alignwide):not(.alignfull.wp-block-cover.has-parallax):not(.td-a-ad){margin-left:auto;margin-right:auto}.tdb_single_content a{pointer-events:auto}.tdb_single_content .td-spot-id-top_ad .tdc-placeholder-title:before{content:'Najlepsza reklama artyku\u0142u'!important}.tdb_single_content .td-spot-id-inline_ad0 .tdc-placeholder-title:before{content:'Reklama wbudowana artyku\u0142u 1'!important}.tdb_single_content .td-spot-id-inline_ad1 .tdc-placeholder-title:before{content:'Wbudowana reklama w artykule 2'!important}.tdb_single_content .td-spot-id-inline_ad2 .tdc-placeholder-title:before{content:'Wbudowana reklama w artykule 3'!important}.tdb_single_content .td-spot-id-bottom_ad .tdc-placeholder-title:before{content:'Article Bottom Ad'!important}.tdb_single_content .id_top_ad,.tdb_single_content .id_bottom_ad{clear:both;margin-bottom:21px;text-align:center}.tdb_single_content .id_top_ad img,.tdb_single_content .id_bottom_ad img{margin-bottom:0}.tdb_single_content .id_top_ad .adsbygoogle,.tdb_single_content .id_bottom_ad .adsbygoogle{position:relative}.tdb_single_content .id_ad_content-horiz-left,.tdb_single_content .id_ad_content-horiz-right,.tdb_single_content .id_ad_content-horiz-center{margin-bottom:15px}.tdb_single_content .id_ad_content-horiz-left img,.tdb_single_content .id_ad_content-horiz-right img,.tdb_single_content .id_ad_content-horiz-center img{margin-bottom:0}.tdb_single_content .id_ad_content-horiz-center{text-align:center}.tdb_single_content .id_ad_content-horiz-center img{margin-right:auto;margin-left:auto}.tdb_single_content .id_ad_content-horiz-left{float:left;margin-top:9px;margin-right:21px}.tdb_single_content .id_ad_content-horiz-right{float:right;margin-top:6px;margin-left:21px}.tdb_single_content .tdc-a-ad .tdc-placeholder-title{width:300px;height:250px}.tdb_single_content .tdc-a-ad .tdc-placeholder-title:before{position:absolute;top:50%;-webkit-transform:translateY(-50%);transform:translateY(-50%);margin:auto;display:table;width:100%}.tdb_single_content .tdb-block-inner.td-fix-index{word-break:break-word}.tdi_46,.tdi_46>p,.tdi_46 .tdb-block-inner>p,.wp-block-column>p{font-size:16px!important;line-height:1.6!important}.tdi_46 .tdb-block-inner blockquote p{font-style:normal!important}@media (max-width:767px){.tdb_single_content .id_ad_content-horiz-left,.tdb_single_content .id_ad_content-horiz-right,.tdb_single_content .id_ad_content-horiz-center{margin:0 auto 26 pikseli auto}}@media (max-width:767px){.tdb_single_content .id_ad_content-horiz-left{margin-right:0}}@media (max-width:767px){.tdb_single_content .id_ad_content-horiz-right{margin-left:0}}@media (max-width:767px){.tdb_single_content .td-a-ad{float:none;text-align:center}.tdb_single_content .td-a-ad img{margin-right:auto;margin-left:auto}.tdb_single_content .tdc-a-ad{float:none}}<\/style>\n<div class=\"tdb-block-inner td-fix-index\">\n<p>W masowym rosyjskim ataku na Tarnopol zgin\u0105\u0142 7-letni obywatel Polski. Amelka, jak dziewczynka zosta\u0142a nazwana, wraz z matk\u0105 nie prze\u017cy\u0142a nocnego ataku. To kolejna ofiara rosyjskiej agresji w\u015br\u00f3d obywateli polskich przebywaj\u0105cych na Ukrainie.<\/p>\n<p>Tragiczna informacja pojawi\u0142a si\u0119 w pi\u0105tek na platformie X. <em>&#8222;Polka zamordowana na Ukrainie. Amelia. W nocy z 18 na 19 listopada Rosja zaatakowa\u0142a ludno\u015b\u0107 cywiln\u0105 w Tarnopolu. W\u015br\u00f3d ofiar tego barbarzy\u0144stwa jest 7-letnia obywatelka Polski \u2013 Amelka\u201d<\/em> \u2013 napisa\u0142 Maciej Wewi\u00f3r, rzecznik MSZ.<\/p>\n<p>Jak podkre\u015bli\u0142a przedstawicielka polskiej dyplomacji, dziewczynka zgin\u0119\u0142a wraz z matk\u0105 podczas nocnego strajku. Polska plac\u00f3wka dyplomatyczna pozostaje w sta\u0142ym kontakcie z w\u0142adzami obwodu tarnopolskiego w zwi\u0105zku z t\u0105 tragedi\u0105.<\/p>\n<h2 class=\"wp-block-heading\">Masowy atak na ludno\u015b\u0107 cywiln\u0105<\/h2>\n<p>Do ataku na Tarnopol, miasto po\u0142o\u017cone w zachodniej Ukrainie, dosz\u0142o w \u015brod\u0119 rano, 19 listopada. Tego dnia si\u0142y rosyjskie przeprowadzi\u0142y jeden z najwi\u0119kszych atak\u00f3w na Ukrain\u0119 w ostatnim czasie, wykorzystuj\u0105c ponad 470 dron\u00f3w i prawie 50 rakiet.<\/p>\n<figure class=\"wp-block-embed is-type-rich is-provider-twitter wp-block-embed-twitter\">\n<div class=\"wp-block-embed__wrapper\">\n<blockquote class=\"twitter-tweet\" data-width=\"550\" data-dnt=\"true\">\n<p lang=\"uk\" dir=\"ltr\">\u0422\u0435\u0440\u043d\u043e\u043f\u0456\u043b\u044c <a rel=\"nofollow\" href=\"https:\/\/t.co\/RIMhr9pyiY\">pic.twitter.com\/RIMhr9pyiY<\/a><\/p>\n<p>\u2014 Malarz pokojowy (@go2the5dogs) <a rel=\"nofollow\" href=\"https:\/\/twitter.com\/go2the5dogs\/status\/1991020362222518467?ref_src=twsrc%5Etfw\">19 listopada 2025 r<\/a><\/p><\/blockquote>\n<\/div>\n<\/figure>\n<p>W Tarnopolu celem bombardowa\u0144 sta\u0142y si\u0119 dwa budynki mieszkalne, a wewn\u0105trz wybuch\u0142y intensywne po\u017cary. Przez kolejne dni ratownicy przeszukiwali gruzy zniszczonych budynk\u00f3w, desperacko pr\u00f3buj\u0105c odnale\u017a\u0107 zaginionych.<\/p>\n<p>Do pi\u0105tku liczba ofiar \u015bmiertelnych ataku na Tarnopol wzros\u0142a do 31. Tego dnia ratownicy wydobyli spod gruz cia\u0142a trzech kolejnych ofiar, w tym dw\u00f3jki dzieci. W sumie 94 osoby zosta\u0142y ranne, a 13 pozostaje zaginionych.<\/p>\n<p>Atak na Tarnopol by\u0142 cz\u0119\u015bci\u0105 szerszej operacji wymierzonej w infrastruktur\u0119 cywiln\u0105 na zachodniej Ukrainie. Bombardowaniu uleg\u0142y tak\u017ce obwody lwowskie i iwanofrankowskie.<\/p>\n<figure class=\"wp-block-embed is-type-rich is-provider-twitter wp-block-embed-twitter\">\n<div class=\"wp-block-embed__wrapper\">\n<blockquote class=\"twitter-tweet\" data-width=\"550\" data-dnt=\"true\">\n<p lang=\"uk\" dir=\"ltr\">\u0414\u0440\u0443\u0433\u0443 \u0434\u043e\u0431\u0443 \u0442\u0440\u0438\u0432\u0430\u044e\u0442\u044c \u043f\u043e\u0448\u0443\u043a\u043e\u0432\u0456 \u0440\u043e\u0431\u043e\u0442\u0438 \u0442\u0430 \u0440\u043e\u0437\u0431\u0456\u0440 \u0437\u0430\u0432\u0430\u043b\u0456\u0432 \u0436\u0438\u0442\u043b\u043e\u0432\u043e\u0457 \u0431\u0430\u0433\u0430\u0442\u043e\u043f\u043e\u0432\u0435\u0440\u0445\u0456\u0432\u043a\u0438 \u0443 \u0422\u0435\u0440\u043d\u043e\u043f\u043e\u043b\u0456, \u0437\u0440\u0443\u0439\u043d\u043e\u0432\u0430\u043d\u043e\u0457 19 \u043b\u0438\u0441\u0442\u043e\u043f\u0430\u0434\u0430 \u043f\u0456\u0434 \u0447\u0430\u0441 \u043a\u043e\u043c\u0431\u0456\u043d\u043e\u0432\u0430\u043d\u043e\u0457 \u043f\u043e\u0432\u0456\u0442\u0440\u044f\u043d\u043e\u0457 \u0430\u0442\u0430\u043a\u0438 \u0441\u0438\u043b \u0420\u0424: https:\/\/t.co\/Ld9x2eKeS6<\/p>\n<p>\ud83d\udcf7 20 list 2025 roku. \u0422\u0435\u0440\u043d\u043e\u043f\u0456\u043b\u044c. Zdj\u0119cie: \u0412\u043b\u0430\u0434\u0438\u0441\u043b\u0430\u0432 \u041c\u0443\u0441\u0456\u0454\u043d\u043a\u043e, \u0440\u0430\u0442\u0438 <a rel=\"nofollow\" href=\"https:\/\/t.co\/GDvkM7MHMT\">pic.twitter.com\/GDvkM7MHMT<\/a><\/p>\n<p>\u2014 \u0440\u0430\u0442\u0438 (@Graty_me) <a rel=\"nofollow\" href=\"https:\/\/twitter.com\/Graty_me\/status\/1991603254535549047?ref_src=twsrc%5Etfw\">20 listopada 2025 r<\/a><\/p><\/blockquote>\n<\/div>\n<\/figure>\n<p>\u015amier\u0107 ma\u0142ej Amelki i jej mamy to kolejny dow\u00f3d na to, \u017ce rosyjskie ataki s\u0105 celowo wymierzone w ludno\u015b\u0107 cywiln\u0105, niezale\u017cnie od wieku i narodowo\u015bci ofiar. Jest to tak\u017ce przypomnienie, jak g\u0142\u0119boko konflikt na Ukrainie dotyka obywateli Polski przebywaj\u0105cych w tym kraju.<\/p>\n<figure class=\"wp-block-embed is-type-rich is-provider-twitter wp-block-embed-twitter\">\n<div class=\"wp-block-embed__wrapper\">\n<blockquote class=\"twitter-tweet\" data-width=\"550\" data-dnt=\"true\">\n<p lang=\"uk\" dir=\"ltr\">\u041e\u0439,\u044f\u043a \u044f \u043d\u0435 \u043b\u044e\u0431\u043b\u044e \u0437\u0430 \u0442\u0430\u043a\u0435 \u043f\u0438\u0441\u0430\u0442\u0438,\u043d\u0443,\u043d\u0435 \u0445\u043e\u0447\u0443 \u043f\u0456\u0430\u0440\u0438\u0442\u0438\u0441\u044f \u043d\u0430 \u0433\u043e\u0440\u0456,\u0430\u043b\u0435,\u043f\u043e\u0431\u0430\u0447\u0438\u0432\u0448\u0438 \u0446\u044e \u0441\u0432\u0456\u0442\u043b\u0438\u043d\u0443\u2026. \u0406 \u043f\u0435\u0440\u0435\u043f\u0440\u043e\u0448\u0443\u044e \u0443 \u0420\u0456\u0434\u043d\u0438\u0445 \u0442\u0430 \u0423\u043a\u0440\u0430\u0457\u043d\u0446\u0456\u0432,\u0437\u0430 \u0442\u0435,\u0449\u043e \u0432\u0438\u043a\u043b\u0430\u0432 \u0446\u0456 \u0444\u043e\u0442\u043e. *\u0416\u0435\u0440\u0442\u0432\u0430\u043c\u0438 \u043d\u0435\u043b\u044e\u0434\u0435\u0439 \u043d\u0430 \u0422\u0435\u0440\u043d\u043e\u043f\u0456\u043b\u044c 19\u2026 <a rel=\"nofollow\" href=\"https:\/\/t.co\/WWmesJJSXX\">pic.twitter.com\/WWmesJJSXX<\/a><\/p>\n<p>\u2014 Vitaliyfalcon (@Vital54falcon) <a rel=\"nofollow\" href=\"https:\/\/twitter.com\/Vital54falcon\/status\/1991866237547172078?ref_src=twsrc%5Etfw\">21 listopada 2025 r<\/a><\/p><\/blockquote>\n<\/div>\n<\/figure>\n<\/div>\n<\/div>\n<p><script async src=\"https:\/\/platform.twitter.com\/widgets.js\" charset=\"utf-8\"><\/script><\/p>\n","protected":false},"excerpt":{"rendered":"<p>W masowym rosyjskim ataku na Tarnopol zgin\u0105\u0142 7-letni obywatel Polski. Amelka, jak dziewczynka zosta\u0142a nazwana, wraz z matk\u0105 nie prze\u017cy\u0142a<\/p>\n","protected":false},"author":1,"featured_media":10853,"comment_status":"open","ping_status":"open","sticky":false,"template":"","format":"standard","meta":{"footnotes":""},"categories":[4748],"tags":[12289,3669,1707,2355,12288,4401,12290],"class_list":["post-10852","post","type-post","status-publish","format-standard","has-post-thumbnail","hentry","category-aktualne","tag-7letnia","tag-ataku","tag-polka","tag-rosyjskim","tag-tarnopolu","tag-tragedia","tag-zginela","generate-columns","tablet-grid-50","mobile-grid-100","grid-parent","grid-50","resize-featured-image"],"yoast_head":"<!-- This site is optimized with the Yoast SEO plugin v23.2 - https:\/\/yoast.com\/wordpress\/plugins\/seo\/ -->\n<title>Tragedia w Tarnopolu: 7-letnia Polka zgin\u0119\u0142a w rosyjskim ataku - POGOTOWIE FLAGOWE\u00ae<\/title>\n<meta name=\"robots\" content=\"index, follow, max-snippet:-1, max-image-preview:large, max-video-preview:-1\" \/>\n<link rel=\"canonical\" href=\"https:\/\/www.pogotowieflagowe.pl\/aktualne\/tragedia-w-tarnopolu-7-letnia-polka-zginela-w-rosyjskim-ataku\/\" \/>\n<meta property=\"og:locale\" content=\"pl_PL\" \/>\n<meta property=\"og:type\" content=\"article\" \/>\n<meta property=\"og:title\" content=\"Tragedia w Tarnopolu: 7-letnia Polka zgin\u0119\u0142a w rosyjskim ataku - POGOTOWIE FLAGOWE\u00ae\" \/>\n<meta property=\"og:description\" content=\"W masowym rosyjskim ataku na Tarnopol zgin\u0105\u0142 7-letni obywatel Polski. Amelka, jak dziewczynka zosta\u0142a nazwana, wraz z matk\u0105 nie prze\u017cy\u0142a\" \/>\n<meta property=\"og:url\" content=\"https:\/\/www.pogotowieflagowe.pl\/aktualne\/tragedia-w-tarnopolu-7-letnia-polka-zginela-w-rosyjskim-ataku\/\" \/>\n<meta property=\"og:site_name\" content=\"POGOTOWIE FLAGOWE\u00ae\" \/>\n<meta property=\"article:published_time\" content=\"2025-11-21T20:51:11+00:00\" \/>\n<meta property=\"article:modified_time\" content=\"2025-11-21T20:51:12+00:00\" \/>\n<meta property=\"og:image\" content=\"https:\/\/www.pogotowieflagowe.pl\/aktualne\/wp-content\/uploads\/2025\/11\/Tragedia-w-Tarnopolu-7-letnia-Polka-zginela-w-rosyjskim-ataku.webp.webp\" \/>\n\t<meta property=\"og:image:width\" content=\"1280\" \/>\n\t<meta property=\"og:image:height\" content=\"720\" \/>\n\t<meta property=\"og:image:type\" content=\"image\/webp\" \/>\n<meta name=\"author\" content=\"Filip\" \/>\n<meta name=\"twitter:card\" content=\"summary_large_image\" \/>\n<meta name=\"twitter:label1\" content=\"Napisane przez\" \/>\n\t<meta name=\"twitter:data1\" content=\"Filip\" \/>\n\t<meta name=\"twitter:label2\" content=\"Szacowany czas czytania\" \/>\n\t<meta name=\"twitter:data2\" content=\"2 minuty\" \/>\n<script type=\"application\/ld+json\" class=\"yoast-schema-graph\">{\"@context\":\"https:\/\/schema.org\",\"@graph\":[{\"@type\":\"Article\",\"@id\":\"https:\/\/www.pogotowieflagowe.pl\/aktualne\/tragedia-w-tarnopolu-7-letnia-polka-zginela-w-rosyjskim-ataku\/#article\",\"isPartOf\":{\"@id\":\"https:\/\/www.pogotowieflagowe.pl\/aktualne\/tragedia-w-tarnopolu-7-letnia-polka-zginela-w-rosyjskim-ataku\/\"},\"author\":{\"name\":\"Filip\",\"@id\":\"https:\/\/www.pogotowieflagowe.pl\/aktualne\/#\/schema\/person\/9c2fb7d2362ebf6fa088960d7f0d27b0\"},\"headline\":\"Tragedia w Tarnopolu: 7-letnia Polka zgin\u0119\u0142a w rosyjskim ataku\",\"datePublished\":\"2025-11-21T20:51:11+00:00\",\"dateModified\":\"2025-11-21T20:51:12+00:00\",\"mainEntityOfPage\":{\"@id\":\"https:\/\/www.pogotowieflagowe.pl\/aktualne\/tragedia-w-tarnopolu-7-letnia-polka-zginela-w-rosyjskim-ataku\/\"},\"wordCount\":457,\"commentCount\":0,\"publisher\":{\"@id\":\"https:\/\/www.pogotowieflagowe.pl\/aktualne\/#organization\"},\"image\":{\"@id\":\"https:\/\/www.pogotowieflagowe.pl\/aktualne\/tragedia-w-tarnopolu-7-letnia-polka-zginela-w-rosyjskim-ataku\/#primaryimage\"},\"thumbnailUrl\":\"https:\/\/www.pogotowieflagowe.pl\/aktualne\/wp-content\/uploads\/2025\/11\/Tragedia-w-Tarnopolu-7-letnia-Polka-zginela-w-rosyjskim-ataku.webp.webp\",\"keywords\":[\"7letnia\",\"ataku\",\"Polk\u0105\",\"rosyjskim\",\"Tarnopolu\",\"Tragedia\",\"zgin\u0119\u0142a\"],\"articleSection\":[\"Aktualne\"],\"inLanguage\":\"pl-PL\",\"potentialAction\":[{\"@type\":\"CommentAction\",\"name\":\"Comment\",\"target\":[\"https:\/\/www.pogotowieflagowe.pl\/aktualne\/tragedia-w-tarnopolu-7-letnia-polka-zginela-w-rosyjskim-ataku\/#respond\"]}]},{\"@type\":\"WebPage\",\"@id\":\"https:\/\/www.pogotowieflagowe.pl\/aktualne\/tragedia-w-tarnopolu-7-letnia-polka-zginela-w-rosyjskim-ataku\/\",\"url\":\"https:\/\/www.pogotowieflagowe.pl\/aktualne\/tragedia-w-tarnopolu-7-letnia-polka-zginela-w-rosyjskim-ataku\/\",\"name\":\"Tragedia w Tarnopolu: 7-letnia Polka zgin\u0119\u0142a w rosyjskim ataku - POGOTOWIE FLAGOWE\u00ae\",\"isPartOf\":{\"@id\":\"https:\/\/www.pogotowieflagowe.pl\/aktualne\/#website\"},\"primaryImageOfPage\":{\"@id\":\"https:\/\/www.pogotowieflagowe.pl\/aktualne\/tragedia-w-tarnopolu-7-letnia-polka-zginela-w-rosyjskim-ataku\/#primaryimage\"},\"image\":{\"@id\":\"https:\/\/www.pogotowieflagowe.pl\/aktualne\/tragedia-w-tarnopolu-7-letnia-polka-zginela-w-rosyjskim-ataku\/#primaryimage\"},\"thumbnailUrl\":\"https:\/\/www.pogotowieflagowe.pl\/aktualne\/wp-content\/uploads\/2025\/11\/Tragedia-w-Tarnopolu-7-letnia-Polka-zginela-w-rosyjskim-ataku.webp.webp\",\"datePublished\":\"2025-11-21T20:51:11+00:00\",\"dateModified\":\"2025-11-21T20:51:12+00:00\",\"breadcrumb\":{\"@id\":\"https:\/\/www.pogotowieflagowe.pl\/aktualne\/tragedia-w-tarnopolu-7-letnia-polka-zginela-w-rosyjskim-ataku\/#breadcrumb\"},\"inLanguage\":\"pl-PL\",\"potentialAction\":[{\"@type\":\"ReadAction\",\"target\":[\"https:\/\/www.pogotowieflagowe.pl\/aktualne\/tragedia-w-tarnopolu-7-letnia-polka-zginela-w-rosyjskim-ataku\/\"]}]},{\"@type\":\"ImageObject\",\"inLanguage\":\"pl-PL\",\"@id\":\"https:\/\/www.pogotowieflagowe.pl\/aktualne\/tragedia-w-tarnopolu-7-letnia-polka-zginela-w-rosyjskim-ataku\/#primaryimage\",\"url\":\"https:\/\/www.pogotowieflagowe.pl\/aktualne\/wp-content\/uploads\/2025\/11\/Tragedia-w-Tarnopolu-7-letnia-Polka-zginela-w-rosyjskim-ataku.webp.webp\",\"contentUrl\":\"https:\/\/www.pogotowieflagowe.pl\/aktualne\/wp-content\/uploads\/2025\/11\/Tragedia-w-Tarnopolu-7-letnia-Polka-zginela-w-rosyjskim-ataku.webp.webp\",\"width\":1280,\"height\":720,\"caption\":\"Tragedia w Tarnopolu: 7-letnia Polka zgin\u0119\u0142a w rosyjskim ataku\"},{\"@type\":\"BreadcrumbList\",\"@id\":\"https:\/\/www.pogotowieflagowe.pl\/aktualne\/tragedia-w-tarnopolu-7-letnia-polka-zginela-w-rosyjskim-ataku\/#breadcrumb\",\"itemListElement\":[{\"@type\":\"ListItem\",\"position\":1,\"name\":\"Home\",\"item\":\"https:\/\/www.pogotowieflagowe.pl\/aktualne\/\"},{\"@type\":\"ListItem\",\"position\":2,\"name\":\"Tragedia w Tarnopolu: 7-letnia Polka zgin\u0119\u0142a w rosyjskim ataku\"}]},{\"@type\":\"WebSite\",\"@id\":\"https:\/\/www.pogotowieflagowe.pl\/aktualne\/#website\",\"url\":\"https:\/\/www.pogotowieflagowe.pl\/aktualne\/\",\"name\":\"POGOTOWIE FLAGOWE\u00ae\",\"description\":\"\",\"publisher\":{\"@id\":\"https:\/\/www.pogotowieflagowe.pl\/aktualne\/#organization\"},\"potentialAction\":[{\"@type\":\"SearchAction\",\"target\":{\"@type\":\"EntryPoint\",\"urlTemplate\":\"https:\/\/www.pogotowieflagowe.pl\/aktualne\/?s={search_term_string}\"},\"query-input\":\"required name=search_term_string\"}],\"inLanguage\":\"pl-PL\"},{\"@type\":\"Organization\",\"@id\":\"https:\/\/www.pogotowieflagowe.pl\/aktualne\/#organization\",\"name\":\"POGOTOWIE FLAGOWE\u00ae\",\"url\":\"https:\/\/www.pogotowieflagowe.pl\/aktualne\/\",\"logo\":{\"@type\":\"ImageObject\",\"inLanguage\":\"pl-PL\",\"@id\":\"https:\/\/www.pogotowieflagowe.pl\/aktualne\/#\/schema\/logo\/image\/\",\"url\":\"https:\/\/www.pogotowieflagowe.pl\/aktualne\/wp-content\/uploads\/2024\/08\/cropped-pogotowieflagowe_flaga_projekt_sm.jpg\",\"contentUrl\":\"https:\/\/www.pogotowieflagowe.pl\/aktualne\/wp-content\/uploads\/2024\/08\/cropped-pogotowieflagowe_flaga_projekt_sm.jpg\",\"width\":250,\"height\":143,\"caption\":\"POGOTOWIE FLAGOWE\u00ae\"},\"image\":{\"@id\":\"https:\/\/www.pogotowieflagowe.pl\/aktualne\/#\/schema\/logo\/image\/\"}},{\"@type\":\"Person\",\"@id\":\"https:\/\/www.pogotowieflagowe.pl\/aktualne\/#\/schema\/person\/9c2fb7d2362ebf6fa088960d7f0d27b0\",\"name\":\"Filip\",\"image\":{\"@type\":\"ImageObject\",\"inLanguage\":\"pl-PL\",\"@id\":\"https:\/\/www.pogotowieflagowe.pl\/aktualne\/#\/schema\/person\/image\/\",\"url\":\"https:\/\/www.pogotowieflagowe.pl\/aktualne\/wp-content\/uploads\/2024\/08\/pogotowieflagowe.pl_.jpg\",\"contentUrl\":\"https:\/\/www.pogotowieflagowe.pl\/aktualne\/wp-content\/uploads\/2024\/08\/pogotowieflagowe.pl_.jpg\",\"caption\":\"Filip\"},\"description\":\"Jestem Filip, polski dziennikarz z dyplomem nauk politycznych Uniwersytetu Warszawskiego. Rozpoczynaj\u0105c swoj\u0105 karier\u0119 w r\u00f3\u017cnych lokalnych mediach, zdoby\u0142em solidne do\u015bwiadczenie w zakresie \u015bledztwa i redakcji. Obecnie jako redaktor w Pogotowie flagowe, staram si\u0119 dostarcza\u0107 dog\u0142\u0119bne i istotne analizy na temat najwa\u017cniejszych kwestii aktualno\u015bci, \u0142\u0105cz\u0105c rygor z pasj\u0105 dziennikarsk\u0105.\",\"sameAs\":[\"https:\/\/www.pogotowieflagowe.pl\/\"]}]}<\/script>\n<!-- \/ Yoast SEO plugin. -->","yoast_head_json":{"title":"Tragedia w Tarnopolu: 7-letnia Polka zgin\u0119\u0142a w rosyjskim ataku - POGOTOWIE FLAGOWE\u00ae","robots":{"index":"index","follow":"follow","max-snippet":"max-snippet:-1","max-image-preview":"max-image-preview:large","max-video-preview":"max-video-preview:-1"},"canonical":"https:\/\/www.pogotowieflagowe.pl\/aktualne\/tragedia-w-tarnopolu-7-letnia-polka-zginela-w-rosyjskim-ataku\/","og_locale":"pl_PL","og_type":"article","og_title":"Tragedia w Tarnopolu: 7-letnia Polka zgin\u0119\u0142a w rosyjskim ataku - POGOTOWIE FLAGOWE\u00ae","og_description":"W masowym rosyjskim ataku na Tarnopol zgin\u0105\u0142 7-letni obywatel Polski. Amelka, jak dziewczynka zosta\u0142a nazwana, wraz z matk\u0105 nie prze\u017cy\u0142a","og_url":"https:\/\/www.pogotowieflagowe.pl\/aktualne\/tragedia-w-tarnopolu-7-letnia-polka-zginela-w-rosyjskim-ataku\/","og_site_name":"POGOTOWIE FLAGOWE\u00ae","article_published_time":"2025-11-21T20:51:11+00:00","article_modified_time":"2025-11-21T20:51:12+00:00","og_image":[{"width":1280,"height":720,"url":"https:\/\/www.pogotowieflagowe.pl\/aktualne\/wp-content\/uploads\/2025\/11\/Tragedia-w-Tarnopolu-7-letnia-Polka-zginela-w-rosyjskim-ataku.webp.webp","type":"image\/webp"}],"author":"Filip","twitter_card":"summary_large_image","twitter_misc":{"Napisane przez":"Filip","Szacowany czas czytania":"2 minuty"},"schema":{"@context":"https:\/\/schema.org","@graph":[{"@type":"Article","@id":"https:\/\/www.pogotowieflagowe.pl\/aktualne\/tragedia-w-tarnopolu-7-letnia-polka-zginela-w-rosyjskim-ataku\/#article","isPartOf":{"@id":"https:\/\/www.pogotowieflagowe.pl\/aktualne\/tragedia-w-tarnopolu-7-letnia-polka-zginela-w-rosyjskim-ataku\/"},"author":{"name":"Filip","@id":"https:\/\/www.pogotowieflagowe.pl\/aktualne\/#\/schema\/person\/9c2fb7d2362ebf6fa088960d7f0d27b0"},"headline":"Tragedia w Tarnopolu: 7-letnia Polka zgin\u0119\u0142a w rosyjskim ataku","datePublished":"2025-11-21T20:51:11+00:00","dateModified":"2025-11-21T20:51:12+00:00","mainEntityOfPage":{"@id":"https:\/\/www.pogotowieflagowe.pl\/aktualne\/tragedia-w-tarnopolu-7-letnia-polka-zginela-w-rosyjskim-ataku\/"},"wordCount":457,"commentCount":0,"publisher":{"@id":"https:\/\/www.pogotowieflagowe.pl\/aktualne\/#organization"},"image":{"@id":"https:\/\/www.pogotowieflagowe.pl\/aktualne\/tragedia-w-tarnopolu-7-letnia-polka-zginela-w-rosyjskim-ataku\/#primaryimage"},"thumbnailUrl":"https:\/\/www.pogotowieflagowe.pl\/aktualne\/wp-content\/uploads\/2025\/11\/Tragedia-w-Tarnopolu-7-letnia-Polka-zginela-w-rosyjskim-ataku.webp.webp","keywords":["7letnia","ataku","Polk\u0105","rosyjskim","Tarnopolu","Tragedia","zgin\u0119\u0142a"],"articleSection":["Aktualne"],"inLanguage":"pl-PL","potentialAction":[{"@type":"CommentAction","name":"Comment","target":["https:\/\/www.pogotowieflagowe.pl\/aktualne\/tragedia-w-tarnopolu-7-letnia-polka-zginela-w-rosyjskim-ataku\/#respond"]}]},{"@type":"WebPage","@id":"https:\/\/www.pogotowieflagowe.pl\/aktualne\/tragedia-w-tarnopolu-7-letnia-polka-zginela-w-rosyjskim-ataku\/","url":"https:\/\/www.pogotowieflagowe.pl\/aktualne\/tragedia-w-tarnopolu-7-letnia-polka-zginela-w-rosyjskim-ataku\/","name":"Tragedia w Tarnopolu: 7-letnia Polka zgin\u0119\u0142a w rosyjskim ataku - POGOTOWIE FLAGOWE\u00ae","isPartOf":{"@id":"https:\/\/www.pogotowieflagowe.pl\/aktualne\/#website"},"primaryImageOfPage":{"@id":"https:\/\/www.pogotowieflagowe.pl\/aktualne\/tragedia-w-tarnopolu-7-letnia-polka-zginela-w-rosyjskim-ataku\/#primaryimage"},"image":{"@id":"https:\/\/www.pogotowieflagowe.pl\/aktualne\/tragedia-w-tarnopolu-7-letnia-polka-zginela-w-rosyjskim-ataku\/#primaryimage"},"thumbnailUrl":"https:\/\/www.pogotowieflagowe.pl\/aktualne\/wp-content\/uploads\/2025\/11\/Tragedia-w-Tarnopolu-7-letnia-Polka-zginela-w-rosyjskim-ataku.webp.webp","datePublished":"2025-11-21T20:51:11+00:00","dateModified":"2025-11-21T20:51:12+00:00","breadcrumb":{"@id":"https:\/\/www.pogotowieflagowe.pl\/aktualne\/tragedia-w-tarnopolu-7-letnia-polka-zginela-w-rosyjskim-ataku\/#breadcrumb"},"inLanguage":"pl-PL","potentialAction":[{"@type":"ReadAction","target":["https:\/\/www.pogotowieflagowe.pl\/aktualne\/tragedia-w-tarnopolu-7-letnia-polka-zginela-w-rosyjskim-ataku\/"]}]},{"@type":"ImageObject","inLanguage":"pl-PL","@id":"https:\/\/www.pogotowieflagowe.pl\/aktualne\/tragedia-w-tarnopolu-7-letnia-polka-zginela-w-rosyjskim-ataku\/#primaryimage","url":"https:\/\/www.pogotowieflagowe.pl\/aktualne\/wp-content\/uploads\/2025\/11\/Tragedia-w-Tarnopolu-7-letnia-Polka-zginela-w-rosyjskim-ataku.webp.webp","contentUrl":"https:\/\/www.pogotowieflagowe.pl\/aktualne\/wp-content\/uploads\/2025\/11\/Tragedia-w-Tarnopolu-7-letnia-Polka-zginela-w-rosyjskim-ataku.webp.webp","width":1280,"height":720,"caption":"Tragedia w Tarnopolu: 7-letnia Polka zgin\u0119\u0142a w rosyjskim ataku"},{"@type":"BreadcrumbList","@id":"https:\/\/www.pogotowieflagowe.pl\/aktualne\/tragedia-w-tarnopolu-7-letnia-polka-zginela-w-rosyjskim-ataku\/#breadcrumb","itemListElement":[{"@type":"ListItem","position":1,"name":"Home","item":"https:\/\/www.pogotowieflagowe.pl\/aktualne\/"},{"@type":"ListItem","position":2,"name":"Tragedia w Tarnopolu: 7-letnia Polka zgin\u0119\u0142a w rosyjskim ataku"}]},{"@type":"WebSite","@id":"https:\/\/www.pogotowieflagowe.pl\/aktualne\/#website","url":"https:\/\/www.pogotowieflagowe.pl\/aktualne\/","name":"POGOTOWIE FLAGOWE\u00ae","description":"","publisher":{"@id":"https:\/\/www.pogotowieflagowe.pl\/aktualne\/#organization"},"potentialAction":[{"@type":"SearchAction","target":{"@type":"EntryPoint","urlTemplate":"https:\/\/www.pogotowieflagowe.pl\/aktualne\/?s={search_term_string}"},"query-input":"required name=search_term_string"}],"inLanguage":"pl-PL"},{"@type":"Organization","@id":"https:\/\/www.pogotowieflagowe.pl\/aktualne\/#organization","name":"POGOTOWIE FLAGOWE\u00ae","url":"https:\/\/www.pogotowieflagowe.pl\/aktualne\/","logo":{"@type":"ImageObject","inLanguage":"pl-PL","@id":"https:\/\/www.pogotowieflagowe.pl\/aktualne\/#\/schema\/logo\/image\/","url":"https:\/\/www.pogotowieflagowe.pl\/aktualne\/wp-content\/uploads\/2024\/08\/cropped-pogotowieflagowe_flaga_projekt_sm.jpg","contentUrl":"https:\/\/www.pogotowieflagowe.pl\/aktualne\/wp-content\/uploads\/2024\/08\/cropped-pogotowieflagowe_flaga_projekt_sm.jpg","width":250,"height":143,"caption":"POGOTOWIE FLAGOWE\u00ae"},"image":{"@id":"https:\/\/www.pogotowieflagowe.pl\/aktualne\/#\/schema\/logo\/image\/"}},{"@type":"Person","@id":"https:\/\/www.pogotowieflagowe.pl\/aktualne\/#\/schema\/person\/9c2fb7d2362ebf6fa088960d7f0d27b0","name":"Filip","image":{"@type":"ImageObject","inLanguage":"pl-PL","@id":"https:\/\/www.pogotowieflagowe.pl\/aktualne\/#\/schema\/person\/image\/","url":"https:\/\/www.pogotowieflagowe.pl\/aktualne\/wp-content\/uploads\/2024\/08\/pogotowieflagowe.pl_.jpg","contentUrl":"https:\/\/www.pogotowieflagowe.pl\/aktualne\/wp-content\/uploads\/2024\/08\/pogotowieflagowe.pl_.jpg","caption":"Filip"},"description":"Jestem Filip, polski dziennikarz z dyplomem nauk politycznych Uniwersytetu Warszawskiego. Rozpoczynaj\u0105c swoj\u0105 karier\u0119 w r\u00f3\u017cnych lokalnych mediach, zdoby\u0142em solidne do\u015bwiadczenie w zakresie \u015bledztwa i redakcji. Obecnie jako redaktor w Pogotowie flagowe, staram si\u0119 dostarcza\u0107 dog\u0142\u0119bne i istotne analizy na temat najwa\u017cniejszych kwestii aktualno\u015bci, \u0142\u0105cz\u0105c rygor z pasj\u0105 dziennikarsk\u0105.","sameAs":["https:\/\/www.pogotowieflagowe.pl\/"]}]}},"_links":{"self":[{"href":"https:\/\/www.pogotowieflagowe.pl\/aktualne\/wp-json\/wp\/v2\/posts\/10852","targetHints":{"allow":["GET"]}}],"collection":[{"href":"https:\/\/www.pogotowieflagowe.pl\/aktualne\/wp-json\/wp\/v2\/posts"}],"about":[{"href":"https:\/\/www.pogotowieflagowe.pl\/aktualne\/wp-json\/wp\/v2\/types\/post"}],"author":[{"embeddable":true,"href":"https:\/\/www.pogotowieflagowe.pl\/aktualne\/wp-json\/wp\/v2\/users\/1"}],"replies":[{"embeddable":true,"href":"https:\/\/www.pogotowieflagowe.pl\/aktualne\/wp-json\/wp\/v2\/comments?post=10852"}],"version-history":[{"count":1,"href":"https:\/\/www.pogotowieflagowe.pl\/aktualne\/wp-json\/wp\/v2\/posts\/10852\/revisions"}],"predecessor-version":[{"id":10854,"href":"https:\/\/www.pogotowieflagowe.pl\/aktualne\/wp-json\/wp\/v2\/posts\/10852\/revisions\/10854"}],"wp:featuredmedia":[{"embeddable":true,"href":"https:\/\/www.pogotowieflagowe.pl\/aktualne\/wp-json\/wp\/v2\/media\/10853"}],"wp:attachment":[{"href":"https:\/\/www.pogotowieflagowe.pl\/aktualne\/wp-json\/wp\/v2\/media?parent=10852"}],"wp:term":[{"taxonomy":"category","embeddable":true,"href":"https:\/\/www.pogotowieflagowe.pl\/aktualne\/wp-json\/wp\/v2\/categories?post=10852"},{"taxonomy":"post_tag","embeddable":true,"href":"https:\/\/www.pogotowieflagowe.pl\/aktualne\/wp-json\/wp\/v2\/tags?post=10852"}],"curies":[{"name":"wp","href":"https:\/\/api.w.org\/{rel}","templated":true}]}}