{"id":10861,"date":"2025-11-21T22:53:45","date_gmt":"2025-11-21T21:53:45","guid":{"rendered":"https:\/\/www.pogotowieflagowe.pl\/aktualne\/przydacz-za-tuska-i-siemoniaka-sluzby-bezpieczenstwa-sa-bezsilne-wobec-terrorystow\/"},"modified":"2025-11-21T22:53:47","modified_gmt":"2025-11-21T21:53:47","slug":"przydacz-za-tuska-i-siemoniaka-sluzby-bezpieczenstwa-sa-bezsilne-wobec-terrorystow","status":"publish","type":"post","link":"https:\/\/www.pogotowieflagowe.pl\/aktualne\/przydacz-za-tuska-i-siemoniaka-sluzby-bezpieczenstwa-sa-bezsilne-wobec-terrorystow\/","title":{"rendered":"Przydacz: \u201eZa Tuska i Siemoniaka s\u0142u\u017cby bezpiecze\u0144stwa s\u0105 bezsilne wobec terroryst\u00f3w\u201d"},"content":{"rendered":"\n<div class=\"td_block_wrap tdb_single_content tdi_46 td-pb-border-top td_block_template_8 td-post-content tagdiv-type\" data-td-block-uid=\"tdi_46\">\n<style>.tdi_46{margines-g\u00f3rny:0px!important;margin-bottom:0px!important;dope\u0142nienie-g\u00f3ra:0px!important;dope\u0142nienie-d\u00f3\u0142:0px!important}<\/style>\n<style>.tdb_single_content{margin-bottom:0;*zoom:1}.tdb_single_content:before,.tdb_single_content:after{display:table;content:'';line-height:0}.tdb_single_content:after{clear:both}.tdb_single_content .tdb-block-inner>*:not(.wp-block-quote):not(.alignwide):not(.alignfull.wp-block-cover.has-parallax):not(.td-a-ad){margin-left:auto;margin-right:auto}.tdb_single_content a{pointer-events:auto}.tdb_single_content .td-spot-id-top_ad .tdc-placeholder-title:before{content:'Najlepsza reklama artyku\u0142u'!important}.tdb_single_content .td-spot-id-inline_ad0 .tdc-placeholder-title:before{content:'Reklama wbudowana artyku\u0142u 1'!important}.tdb_single_content .td-spot-id-inline_ad1 .tdc-placeholder-title:before{content:'Wbudowana reklama w artykule 2'!important}.tdb_single_content .td-spot-id-inline_ad2 .tdc-placeholder-title:before{content:'Wbudowana reklama w artykule 3'!important}.tdb_single_content .td-spot-id-bottom_ad .tdc-placeholder-title:before{content:'Article Bottom Ad'!important}.tdb_single_content .id_top_ad,.tdb_single_content .id_bottom_ad{clear:both;margin-bottom:21px;text-align:center}.tdb_single_content .id_top_ad img,.tdb_single_content .id_bottom_ad img{margin-bottom:0}.tdb_single_content .id_top_ad .adsbygoogle,.tdb_single_content .id_bottom_ad .adsbygoogle{position:relative}.tdb_single_content .id_ad_content-horiz-left,.tdb_single_content .id_ad_content-horiz-right,.tdb_single_content .id_ad_content-horiz-center{margin-bottom:15px}.tdb_single_content .id_ad_content-horiz-left img,.tdb_single_content .id_ad_content-horiz-right img,.tdb_single_content .id_ad_content-horiz-center img{margin-bottom:0}.tdb_single_content .id_ad_content-horiz-center{text-align:center}.tdb_single_content .id_ad_content-horiz-center img{margin-right:auto;margin-left:auto}.tdb_single_content .id_ad_content-horiz-left{float:left;margin-top:9px;margin-right:21px}.tdb_single_content .id_ad_content-horiz-right{float:right;margin-top:6px;margin-left:21px}.tdb_single_content .tdc-a-ad .tdc-placeholder-title{width:300px;height:250px}.tdb_single_content .tdc-a-ad .tdc-placeholder-title:before{position:absolute;top:50%;-webkit-transform:translateY(-50%);transform:translateY(-50%);margin:auto;display:table;width:100%}.tdb_single_content .tdb-block-inner.td-fix-index{word-break:break-word}.tdi_46,.tdi_46>p,.tdi_46 .tdb-block-inner>p,.wp-block-column>p{font-size:16px!important;line-height:1.6!important}.tdi_46 .tdb-block-inner blockquote p{font-style:normal!important}@media (max-width:767px){.tdb_single_content .id_ad_content-horiz-left,.tdb_single_content .id_ad_content-horiz-right,.tdb_single_content .id_ad_content-horiz-center{margin:0 auto 26 pikseli auto}}@media (max-width:767px){.tdb_single_content .id_ad_content-horiz-left{margin-right:0}}@media (max-width:767px){.tdb_single_content .id_ad_content-horiz-right{margin-left:0}}@media (max-width:767px){.tdb_single_content .td-a-ad{float:none;text-align:center}.tdb_single_content .td-a-ad img{margin-right:auto;margin-left:auto}.tdb_single_content .tdc-a-ad{float:none}}<\/style>\n<div class=\"tdb-block-inner td-fix-index\">\n<p>Szef <em>Biuro Polityki Mi\u0119dzynarodowej (BPM)<\/em> w <em>Kancelaria Prezydenta (KP)<\/em>Marcin Przydacz stwierdzi\u0142, \u017ce s\u0142u\u017cby bezpiecze\u0144stwa Donalda Tuska i Tomasza Siemoniaka nie funkcjonuj\u0105 dobrze, zw\u0142aszcza je\u015bli chodzi o wrog\u00f3w bezpiecze\u0144stwa Polski. Jak przekonywa\u0142 Przydacz, s\u0142u\u017cby dzia\u0142aj\u0105 jednak niezwykle szybko, gdy potrzebne s\u0105 dzia\u0142ania polityczne. Potrafi\u0105 w ci\u0105gu kilku godzin zatrzyma\u0107 starsz\u0105 kobiet\u0119 za wpis w sprawie Jurka Owsiaka czy w czasie powodzi aresztowa\u0107 krytyka obecnej w\u0142adzy.<\/p>\n<h2 class=\"wp-block-heading\"><strong>B\u0142\u0119dnie ustalone priorytety dla polskich s\u0142u\u017cb bezpiecze\u0144stwa<\/strong><\/h2>\n<p>Szef <em>Biuro Polityki Mi\u0119dzynarodowej (BPM)<\/em> z <em>Kancelaria Prezydenta RP<\/em>Marcin Przydacz skomentowa\u0142 akty sabota\u017cu na polskim systemie kolejowym oraz dzia\u0142ania podj\u0119te przez pa\u0144stwo polskie.<\/p>\n<p>Przydacz powiedzia\u0142, \u017ce nale\u017cy natychmiast zidentyfikowa\u0107 i zatrzyma\u0107 sprawc\u00f3w sabota\u017cu na kolei. Wed\u0142ug szefa prezydenta <em>Biuro Polityki Mi\u0119dzynarodowej (BPM)<\/em>konieczne jest zabezpieczenie Polski przed takimi dzia\u0142aniami w przysz\u0142o\u015bci. Jak wskaza\u0142 Przydacz, podstawowym narz\u0119dziem przeciwdzia\u0142ania aktom sabota\u017cu i terroru powinny by\u0107 s\u0142u\u017cby bezpiecze\u0144stwa.<\/p>\n<p>Przydacz ubolewa\u0142 nad tym <strong>\u201eza Donalda Tuska i pana Siemoniaka s\u0142u\u017cby nie funkcjonuj\u0105 dobrze, zw\u0142aszcza je\u015bli chodzi o wrog\u00f3w polskiego bezpiecze\u0144stwa\u201d<\/strong>i twierdzi\u0142, \u017ce sytuacja ta wynika z faktu, \u017ce <strong>\u201es\u0142u\u017cby s\u0105 bardzo szybkie, gdy wymagane s\u0105 dzia\u0142ania polityczne\u201d<\/strong>.<\/p>\n<figure class=\"wp-block-pullquote\">\n<blockquote>\n<p>&#8222;Kiedy trzeba by\u0142o zatrzyma\u0107 starsz\u0105 kobiet\u0119, bo zamie\u015bci\u0142a w mediach spo\u0142eczno\u015bciowych kontrowersyjny komentarz na temat Jurka Owsiaka, policja jest w stanie pojawi\u0107 si\u0119 nast\u0119pnego dnia, a nawet w nocy. Gdy w czasie powodzi trzeba by\u0142o kogo\u015b zatrzyma\u0107 za to, co napisa\u0142 w Internecie, by\u0142a w stanie to zrobi\u0107 w ci\u0105gu kilku minut lub godzin&#8221; &#8211; zauwa\u017cy\u0142.<\/p>\n<\/blockquote>\n<\/figure>\n<figure class=\"wp-block-pullquote\">\n<blockquote>\n<p><strong>\u201eTymczasem z Polski uciekaj\u0105 osoby dokonuj\u0105ce akt\u00f3w sabota\u017cu, bo rz\u0105dz\u0105 nami niekompetentni politycy koalicji rz\u0105dz\u0105cej\u201d<\/strong>\u2013 zauwa\u017cy\u0142 Przydacz.<\/p>\n<\/blockquote>\n<\/figure>\n<blockquote class=\"twitter-tweet\">\n<p lang=\"pl\" dir=\"ltr\">Szef Biura Polityki Mi\u0119dzynarodowej w KP M.Przydacz \ud83c\udfaf <br \/>\u201eS\u0142u\u017cby Donalda Tuska potrafi w kilka minut zg\u0142osi\u0107 staruszk\u0119 za wpis do Owsiaka, albo w trakcie powodzi krytycznej krytyki organu w\u0142adzy.<br \/>S\u0105 zamiast nich wobec patogen\u00f3w\u201d. <a rel=\"nofollow\" href=\"https:\/\/t.co\/Cz6eCeZHEv\">pic.twitter.com\/Cz6eCeZHEv<\/a><\/p>\n<p>\u2014 Karol Nawrocki \u2013 popieramy (@KarolPopieramy) <a rel=\"nofollow\" href=\"https:\/\/twitter.com\/KarolPopieramy\/status\/1991839802845786445?ref_src=twsrc%5Etfw\">21 listopada 2025 r<\/a><\/p><\/blockquote>\n<\/div>\n<\/div>\n<p><script async src=\"https:\/\/platform.twitter.com\/widgets.js\" charset=\"utf-8\"><\/script><\/p>\n","protected":false},"excerpt":{"rendered":"<p>Szef Biuro Polityki Mi\u0119dzynarodowej (BPM) w Kancelaria Prezydenta (KP)Marcin Przydacz stwierdzi\u0142, \u017ce s\u0142u\u017cby bezpiecze\u0144stwa Donalda Tuska i Tomasza Siemoniaka nie<\/p>\n","protected":false},"author":1,"featured_media":10862,"comment_status":"open","ping_status":"open","sticky":false,"template":"","format":"standard","meta":{"footnotes":""},"categories":[4748],"tags":[2852,12300,10721,3221,11759,3541,12301,567,2224],"class_list":["post-10861","post","type-post","status-publish","format-standard","has-post-thumbnail","hentry","category-aktualne","tag-bezpieczenstwa","tag-bezsilne","tag-przydacz","tag-sa","tag-siemoniaka","tag-sluzby","tag-terrorystow","tag-tuska","tag-wobec","generate-columns","tablet-grid-50","mobile-grid-100","grid-parent","grid-50","resize-featured-image"],"yoast_head":"<!-- This site is optimized with the Yoast SEO plugin v23.2 - https:\/\/yoast.com\/wordpress\/plugins\/seo\/ -->\n<title>Przydacz: \u201eZa Tuska i Siemoniaka s\u0142u\u017cby bezpiecze\u0144stwa s\u0105 bezsilne wobec terroryst\u00f3w\u201d - POGOTOWIE FLAGOWE\u00ae<\/title>\n<meta name=\"robots\" content=\"index, follow, max-snippet:-1, max-image-preview:large, max-video-preview:-1\" \/>\n<link rel=\"canonical\" href=\"https:\/\/www.pogotowieflagowe.pl\/aktualne\/przydacz-za-tuska-i-siemoniaka-sluzby-bezpieczenstwa-sa-bezsilne-wobec-terrorystow\/\" \/>\n<meta property=\"og:locale\" content=\"pl_PL\" \/>\n<meta property=\"og:type\" content=\"article\" \/>\n<meta property=\"og:title\" content=\"Przydacz: \u201eZa Tuska i Siemoniaka s\u0142u\u017cby bezpiecze\u0144stwa s\u0105 bezsilne wobec terroryst\u00f3w\u201d - POGOTOWIE FLAGOWE\u00ae\" \/>\n<meta property=\"og:description\" content=\"Szef Biuro Polityki Mi\u0119dzynarodowej (BPM) w Kancelaria Prezydenta (KP)Marcin Przydacz stwierdzi\u0142, \u017ce s\u0142u\u017cby bezpiecze\u0144stwa Donalda Tuska i Tomasza Siemoniaka nie\" \/>\n<meta property=\"og:url\" content=\"https:\/\/www.pogotowieflagowe.pl\/aktualne\/przydacz-za-tuska-i-siemoniaka-sluzby-bezpieczenstwa-sa-bezsilne-wobec-terrorystow\/\" \/>\n<meta property=\"og:site_name\" content=\"POGOTOWIE FLAGOWE\u00ae\" \/>\n<meta property=\"article:published_time\" content=\"2025-11-21T21:53:45+00:00\" \/>\n<meta property=\"article:modified_time\" content=\"2025-11-21T21:53:47+00:00\" \/>\n<meta property=\"og:image\" content=\"https:\/\/www.pogotowieflagowe.pl\/aktualne\/wp-content\/uploads\/2025\/11\/Przydacz-\u201eZa-Tuska-i-Siemoniaka-sluzby-bezpieczenstwa-sa-bezsilne-wobec.jpg\" \/>\n\t<meta property=\"og:image:width\" content=\"1200\" \/>\n\t<meta property=\"og:image:height\" content=\"675\" \/>\n\t<meta property=\"og:image:type\" content=\"image\/jpeg\" \/>\n<meta name=\"author\" content=\"Filip\" \/>\n<meta name=\"twitter:card\" content=\"summary_large_image\" \/>\n<meta name=\"twitter:label1\" content=\"Napisane przez\" \/>\n\t<meta name=\"twitter:data1\" content=\"Filip\" \/>\n\t<meta name=\"twitter:label2\" content=\"Szacowany czas czytania\" \/>\n\t<meta name=\"twitter:data2\" content=\"2 minuty\" \/>\n<script type=\"application\/ld+json\" class=\"yoast-schema-graph\">{\"@context\":\"https:\/\/schema.org\",\"@graph\":[{\"@type\":\"Article\",\"@id\":\"https:\/\/www.pogotowieflagowe.pl\/aktualne\/przydacz-za-tuska-i-siemoniaka-sluzby-bezpieczenstwa-sa-bezsilne-wobec-terrorystow\/#article\",\"isPartOf\":{\"@id\":\"https:\/\/www.pogotowieflagowe.pl\/aktualne\/przydacz-za-tuska-i-siemoniaka-sluzby-bezpieczenstwa-sa-bezsilne-wobec-terrorystow\/\"},\"author\":{\"name\":\"Filip\",\"@id\":\"https:\/\/www.pogotowieflagowe.pl\/aktualne\/#\/schema\/person\/9c2fb7d2362ebf6fa088960d7f0d27b0\"},\"headline\":\"Przydacz: \u201eZa Tuska i Siemoniaka s\u0142u\u017cby bezpiecze\u0144stwa s\u0105 bezsilne wobec terroryst\u00f3w\u201d\",\"datePublished\":\"2025-11-21T21:53:45+00:00\",\"dateModified\":\"2025-11-21T21:53:47+00:00\",\"mainEntityOfPage\":{\"@id\":\"https:\/\/www.pogotowieflagowe.pl\/aktualne\/przydacz-za-tuska-i-siemoniaka-sluzby-bezpieczenstwa-sa-bezsilne-wobec-terrorystow\/\"},\"wordCount\":378,\"commentCount\":0,\"publisher\":{\"@id\":\"https:\/\/www.pogotowieflagowe.pl\/aktualne\/#organization\"},\"image\":{\"@id\":\"https:\/\/www.pogotowieflagowe.pl\/aktualne\/przydacz-za-tuska-i-siemoniaka-sluzby-bezpieczenstwa-sa-bezsilne-wobec-terrorystow\/#primaryimage\"},\"thumbnailUrl\":\"https:\/\/www.pogotowieflagowe.pl\/aktualne\/wp-content\/uploads\/2025\/11\/Przydacz-\u201eZa-Tuska-i-Siemoniaka-sluzby-bezpieczenstwa-sa-bezsilne-wobec.jpg\",\"keywords\":[\"bezpiecze\u0144stwa\",\"bezsilne\",\"Przydacz\",\"s\u0105\",\"Siemoniaka\",\"S\u0142u\u017cby\",\"terroryst\u00f3w\",\"Tuska\",\"wobec\"],\"articleSection\":[\"Aktualne\"],\"inLanguage\":\"pl-PL\",\"potentialAction\":[{\"@type\":\"CommentAction\",\"name\":\"Comment\",\"target\":[\"https:\/\/www.pogotowieflagowe.pl\/aktualne\/przydacz-za-tuska-i-siemoniaka-sluzby-bezpieczenstwa-sa-bezsilne-wobec-terrorystow\/#respond\"]}]},{\"@type\":\"WebPage\",\"@id\":\"https:\/\/www.pogotowieflagowe.pl\/aktualne\/przydacz-za-tuska-i-siemoniaka-sluzby-bezpieczenstwa-sa-bezsilne-wobec-terrorystow\/\",\"url\":\"https:\/\/www.pogotowieflagowe.pl\/aktualne\/przydacz-za-tuska-i-siemoniaka-sluzby-bezpieczenstwa-sa-bezsilne-wobec-terrorystow\/\",\"name\":\"Przydacz: \u201eZa Tuska i Siemoniaka s\u0142u\u017cby bezpiecze\u0144stwa s\u0105 bezsilne wobec terroryst\u00f3w\u201d - POGOTOWIE FLAGOWE\u00ae\",\"isPartOf\":{\"@id\":\"https:\/\/www.pogotowieflagowe.pl\/aktualne\/#website\"},\"primaryImageOfPage\":{\"@id\":\"https:\/\/www.pogotowieflagowe.pl\/aktualne\/przydacz-za-tuska-i-siemoniaka-sluzby-bezpieczenstwa-sa-bezsilne-wobec-terrorystow\/#primaryimage\"},\"image\":{\"@id\":\"https:\/\/www.pogotowieflagowe.pl\/aktualne\/przydacz-za-tuska-i-siemoniaka-sluzby-bezpieczenstwa-sa-bezsilne-wobec-terrorystow\/#primaryimage\"},\"thumbnailUrl\":\"https:\/\/www.pogotowieflagowe.pl\/aktualne\/wp-content\/uploads\/2025\/11\/Przydacz-\u201eZa-Tuska-i-Siemoniaka-sluzby-bezpieczenstwa-sa-bezsilne-wobec.jpg\",\"datePublished\":\"2025-11-21T21:53:45+00:00\",\"dateModified\":\"2025-11-21T21:53:47+00:00\",\"breadcrumb\":{\"@id\":\"https:\/\/www.pogotowieflagowe.pl\/aktualne\/przydacz-za-tuska-i-siemoniaka-sluzby-bezpieczenstwa-sa-bezsilne-wobec-terrorystow\/#breadcrumb\"},\"inLanguage\":\"pl-PL\",\"potentialAction\":[{\"@type\":\"ReadAction\",\"target\":[\"https:\/\/www.pogotowieflagowe.pl\/aktualne\/przydacz-za-tuska-i-siemoniaka-sluzby-bezpieczenstwa-sa-bezsilne-wobec-terrorystow\/\"]}]},{\"@type\":\"ImageObject\",\"inLanguage\":\"pl-PL\",\"@id\":\"https:\/\/www.pogotowieflagowe.pl\/aktualne\/przydacz-za-tuska-i-siemoniaka-sluzby-bezpieczenstwa-sa-bezsilne-wobec-terrorystow\/#primaryimage\",\"url\":\"https:\/\/www.pogotowieflagowe.pl\/aktualne\/wp-content\/uploads\/2025\/11\/Przydacz-\u201eZa-Tuska-i-Siemoniaka-sluzby-bezpieczenstwa-sa-bezsilne-wobec.jpg\",\"contentUrl\":\"https:\/\/www.pogotowieflagowe.pl\/aktualne\/wp-content\/uploads\/2025\/11\/Przydacz-\u201eZa-Tuska-i-Siemoniaka-sluzby-bezpieczenstwa-sa-bezsilne-wobec.jpg\",\"width\":1200,\"height\":675,\"caption\":\"Przydacz: \u201eZa Tuska i Siemoniaka s\u0142u\u017cby bezpiecze\u0144stwa s\u0105 bezsilne wobec terroryst\u00f3w\u201d\"},{\"@type\":\"BreadcrumbList\",\"@id\":\"https:\/\/www.pogotowieflagowe.pl\/aktualne\/przydacz-za-tuska-i-siemoniaka-sluzby-bezpieczenstwa-sa-bezsilne-wobec-terrorystow\/#breadcrumb\",\"itemListElement\":[{\"@type\":\"ListItem\",\"position\":1,\"name\":\"Home\",\"item\":\"https:\/\/www.pogotowieflagowe.pl\/aktualne\/\"},{\"@type\":\"ListItem\",\"position\":2,\"name\":\"Przydacz: \u201eZa Tuska i Siemoniaka s\u0142u\u017cby bezpiecze\u0144stwa s\u0105 bezsilne wobec terroryst\u00f3w\u201d\"}]},{\"@type\":\"WebSite\",\"@id\":\"https:\/\/www.pogotowieflagowe.pl\/aktualne\/#website\",\"url\":\"https:\/\/www.pogotowieflagowe.pl\/aktualne\/\",\"name\":\"POGOTOWIE FLAGOWE\u00ae\",\"description\":\"\",\"publisher\":{\"@id\":\"https:\/\/www.pogotowieflagowe.pl\/aktualne\/#organization\"},\"potentialAction\":[{\"@type\":\"SearchAction\",\"target\":{\"@type\":\"EntryPoint\",\"urlTemplate\":\"https:\/\/www.pogotowieflagowe.pl\/aktualne\/?s={search_term_string}\"},\"query-input\":\"required name=search_term_string\"}],\"inLanguage\":\"pl-PL\"},{\"@type\":\"Organization\",\"@id\":\"https:\/\/www.pogotowieflagowe.pl\/aktualne\/#organization\",\"name\":\"POGOTOWIE FLAGOWE\u00ae\",\"url\":\"https:\/\/www.pogotowieflagowe.pl\/aktualne\/\",\"logo\":{\"@type\":\"ImageObject\",\"inLanguage\":\"pl-PL\",\"@id\":\"https:\/\/www.pogotowieflagowe.pl\/aktualne\/#\/schema\/logo\/image\/\",\"url\":\"https:\/\/www.pogotowieflagowe.pl\/aktualne\/wp-content\/uploads\/2024\/08\/cropped-pogotowieflagowe_flaga_projekt_sm.jpg\",\"contentUrl\":\"https:\/\/www.pogotowieflagowe.pl\/aktualne\/wp-content\/uploads\/2024\/08\/cropped-pogotowieflagowe_flaga_projekt_sm.jpg\",\"width\":250,\"height\":143,\"caption\":\"POGOTOWIE FLAGOWE\u00ae\"},\"image\":{\"@id\":\"https:\/\/www.pogotowieflagowe.pl\/aktualne\/#\/schema\/logo\/image\/\"}},{\"@type\":\"Person\",\"@id\":\"https:\/\/www.pogotowieflagowe.pl\/aktualne\/#\/schema\/person\/9c2fb7d2362ebf6fa088960d7f0d27b0\",\"name\":\"Filip\",\"image\":{\"@type\":\"ImageObject\",\"inLanguage\":\"pl-PL\",\"@id\":\"https:\/\/www.pogotowieflagowe.pl\/aktualne\/#\/schema\/person\/image\/\",\"url\":\"https:\/\/www.pogotowieflagowe.pl\/aktualne\/wp-content\/uploads\/2024\/08\/pogotowieflagowe.pl_.jpg\",\"contentUrl\":\"https:\/\/www.pogotowieflagowe.pl\/aktualne\/wp-content\/uploads\/2024\/08\/pogotowieflagowe.pl_.jpg\",\"caption\":\"Filip\"},\"description\":\"Jestem Filip, polski dziennikarz z dyplomem nauk politycznych Uniwersytetu Warszawskiego. Rozpoczynaj\u0105c swoj\u0105 karier\u0119 w r\u00f3\u017cnych lokalnych mediach, zdoby\u0142em solidne do\u015bwiadczenie w zakresie \u015bledztwa i redakcji. Obecnie jako redaktor w Pogotowie flagowe, staram si\u0119 dostarcza\u0107 dog\u0142\u0119bne i istotne analizy na temat najwa\u017cniejszych kwestii aktualno\u015bci, \u0142\u0105cz\u0105c rygor z pasj\u0105 dziennikarsk\u0105.\",\"sameAs\":[\"https:\/\/www.pogotowieflagowe.pl\/\"]}]}<\/script>\n<!-- \/ Yoast SEO plugin. -->","yoast_head_json":{"title":"Przydacz: \u201eZa Tuska i Siemoniaka s\u0142u\u017cby bezpiecze\u0144stwa s\u0105 bezsilne wobec terroryst\u00f3w\u201d - POGOTOWIE FLAGOWE\u00ae","robots":{"index":"index","follow":"follow","max-snippet":"max-snippet:-1","max-image-preview":"max-image-preview:large","max-video-preview":"max-video-preview:-1"},"canonical":"https:\/\/www.pogotowieflagowe.pl\/aktualne\/przydacz-za-tuska-i-siemoniaka-sluzby-bezpieczenstwa-sa-bezsilne-wobec-terrorystow\/","og_locale":"pl_PL","og_type":"article","og_title":"Przydacz: \u201eZa Tuska i Siemoniaka s\u0142u\u017cby bezpiecze\u0144stwa s\u0105 bezsilne wobec terroryst\u00f3w\u201d - POGOTOWIE FLAGOWE\u00ae","og_description":"Szef Biuro Polityki Mi\u0119dzynarodowej (BPM) w Kancelaria Prezydenta (KP)Marcin Przydacz stwierdzi\u0142, \u017ce s\u0142u\u017cby bezpiecze\u0144stwa Donalda Tuska i Tomasza Siemoniaka nie","og_url":"https:\/\/www.pogotowieflagowe.pl\/aktualne\/przydacz-za-tuska-i-siemoniaka-sluzby-bezpieczenstwa-sa-bezsilne-wobec-terrorystow\/","og_site_name":"POGOTOWIE FLAGOWE\u00ae","article_published_time":"2025-11-21T21:53:45+00:00","article_modified_time":"2025-11-21T21:53:47+00:00","og_image":[{"width":1200,"height":675,"url":"https:\/\/www.pogotowieflagowe.pl\/aktualne\/wp-content\/uploads\/2025\/11\/Przydacz-\u201eZa-Tuska-i-Siemoniaka-sluzby-bezpieczenstwa-sa-bezsilne-wobec.jpg","type":"image\/jpeg"}],"author":"Filip","twitter_card":"summary_large_image","twitter_misc":{"Napisane przez":"Filip","Szacowany czas czytania":"2 minuty"},"schema":{"@context":"https:\/\/schema.org","@graph":[{"@type":"Article","@id":"https:\/\/www.pogotowieflagowe.pl\/aktualne\/przydacz-za-tuska-i-siemoniaka-sluzby-bezpieczenstwa-sa-bezsilne-wobec-terrorystow\/#article","isPartOf":{"@id":"https:\/\/www.pogotowieflagowe.pl\/aktualne\/przydacz-za-tuska-i-siemoniaka-sluzby-bezpieczenstwa-sa-bezsilne-wobec-terrorystow\/"},"author":{"name":"Filip","@id":"https:\/\/www.pogotowieflagowe.pl\/aktualne\/#\/schema\/person\/9c2fb7d2362ebf6fa088960d7f0d27b0"},"headline":"Przydacz: \u201eZa Tuska i Siemoniaka s\u0142u\u017cby bezpiecze\u0144stwa s\u0105 bezsilne wobec terroryst\u00f3w\u201d","datePublished":"2025-11-21T21:53:45+00:00","dateModified":"2025-11-21T21:53:47+00:00","mainEntityOfPage":{"@id":"https:\/\/www.pogotowieflagowe.pl\/aktualne\/przydacz-za-tuska-i-siemoniaka-sluzby-bezpieczenstwa-sa-bezsilne-wobec-terrorystow\/"},"wordCount":378,"commentCount":0,"publisher":{"@id":"https:\/\/www.pogotowieflagowe.pl\/aktualne\/#organization"},"image":{"@id":"https:\/\/www.pogotowieflagowe.pl\/aktualne\/przydacz-za-tuska-i-siemoniaka-sluzby-bezpieczenstwa-sa-bezsilne-wobec-terrorystow\/#primaryimage"},"thumbnailUrl":"https:\/\/www.pogotowieflagowe.pl\/aktualne\/wp-content\/uploads\/2025\/11\/Przydacz-\u201eZa-Tuska-i-Siemoniaka-sluzby-bezpieczenstwa-sa-bezsilne-wobec.jpg","keywords":["bezpiecze\u0144stwa","bezsilne","Przydacz","s\u0105","Siemoniaka","S\u0142u\u017cby","terroryst\u00f3w","Tuska","wobec"],"articleSection":["Aktualne"],"inLanguage":"pl-PL","potentialAction":[{"@type":"CommentAction","name":"Comment","target":["https:\/\/www.pogotowieflagowe.pl\/aktualne\/przydacz-za-tuska-i-siemoniaka-sluzby-bezpieczenstwa-sa-bezsilne-wobec-terrorystow\/#respond"]}]},{"@type":"WebPage","@id":"https:\/\/www.pogotowieflagowe.pl\/aktualne\/przydacz-za-tuska-i-siemoniaka-sluzby-bezpieczenstwa-sa-bezsilne-wobec-terrorystow\/","url":"https:\/\/www.pogotowieflagowe.pl\/aktualne\/przydacz-za-tuska-i-siemoniaka-sluzby-bezpieczenstwa-sa-bezsilne-wobec-terrorystow\/","name":"Przydacz: \u201eZa Tuska i Siemoniaka s\u0142u\u017cby bezpiecze\u0144stwa s\u0105 bezsilne wobec terroryst\u00f3w\u201d - POGOTOWIE FLAGOWE\u00ae","isPartOf":{"@id":"https:\/\/www.pogotowieflagowe.pl\/aktualne\/#website"},"primaryImageOfPage":{"@id":"https:\/\/www.pogotowieflagowe.pl\/aktualne\/przydacz-za-tuska-i-siemoniaka-sluzby-bezpieczenstwa-sa-bezsilne-wobec-terrorystow\/#primaryimage"},"image":{"@id":"https:\/\/www.pogotowieflagowe.pl\/aktualne\/przydacz-za-tuska-i-siemoniaka-sluzby-bezpieczenstwa-sa-bezsilne-wobec-terrorystow\/#primaryimage"},"thumbnailUrl":"https:\/\/www.pogotowieflagowe.pl\/aktualne\/wp-content\/uploads\/2025\/11\/Przydacz-\u201eZa-Tuska-i-Siemoniaka-sluzby-bezpieczenstwa-sa-bezsilne-wobec.jpg","datePublished":"2025-11-21T21:53:45+00:00","dateModified":"2025-11-21T21:53:47+00:00","breadcrumb":{"@id":"https:\/\/www.pogotowieflagowe.pl\/aktualne\/przydacz-za-tuska-i-siemoniaka-sluzby-bezpieczenstwa-sa-bezsilne-wobec-terrorystow\/#breadcrumb"},"inLanguage":"pl-PL","potentialAction":[{"@type":"ReadAction","target":["https:\/\/www.pogotowieflagowe.pl\/aktualne\/przydacz-za-tuska-i-siemoniaka-sluzby-bezpieczenstwa-sa-bezsilne-wobec-terrorystow\/"]}]},{"@type":"ImageObject","inLanguage":"pl-PL","@id":"https:\/\/www.pogotowieflagowe.pl\/aktualne\/przydacz-za-tuska-i-siemoniaka-sluzby-bezpieczenstwa-sa-bezsilne-wobec-terrorystow\/#primaryimage","url":"https:\/\/www.pogotowieflagowe.pl\/aktualne\/wp-content\/uploads\/2025\/11\/Przydacz-\u201eZa-Tuska-i-Siemoniaka-sluzby-bezpieczenstwa-sa-bezsilne-wobec.jpg","contentUrl":"https:\/\/www.pogotowieflagowe.pl\/aktualne\/wp-content\/uploads\/2025\/11\/Przydacz-\u201eZa-Tuska-i-Siemoniaka-sluzby-bezpieczenstwa-sa-bezsilne-wobec.jpg","width":1200,"height":675,"caption":"Przydacz: \u201eZa Tuska i Siemoniaka s\u0142u\u017cby bezpiecze\u0144stwa s\u0105 bezsilne wobec terroryst\u00f3w\u201d"},{"@type":"BreadcrumbList","@id":"https:\/\/www.pogotowieflagowe.pl\/aktualne\/przydacz-za-tuska-i-siemoniaka-sluzby-bezpieczenstwa-sa-bezsilne-wobec-terrorystow\/#breadcrumb","itemListElement":[{"@type":"ListItem","position":1,"name":"Home","item":"https:\/\/www.pogotowieflagowe.pl\/aktualne\/"},{"@type":"ListItem","position":2,"name":"Przydacz: \u201eZa Tuska i Siemoniaka s\u0142u\u017cby bezpiecze\u0144stwa s\u0105 bezsilne wobec terroryst\u00f3w\u201d"}]},{"@type":"WebSite","@id":"https:\/\/www.pogotowieflagowe.pl\/aktualne\/#website","url":"https:\/\/www.pogotowieflagowe.pl\/aktualne\/","name":"POGOTOWIE FLAGOWE\u00ae","description":"","publisher":{"@id":"https:\/\/www.pogotowieflagowe.pl\/aktualne\/#organization"},"potentialAction":[{"@type":"SearchAction","target":{"@type":"EntryPoint","urlTemplate":"https:\/\/www.pogotowieflagowe.pl\/aktualne\/?s={search_term_string}"},"query-input":"required name=search_term_string"}],"inLanguage":"pl-PL"},{"@type":"Organization","@id":"https:\/\/www.pogotowieflagowe.pl\/aktualne\/#organization","name":"POGOTOWIE FLAGOWE\u00ae","url":"https:\/\/www.pogotowieflagowe.pl\/aktualne\/","logo":{"@type":"ImageObject","inLanguage":"pl-PL","@id":"https:\/\/www.pogotowieflagowe.pl\/aktualne\/#\/schema\/logo\/image\/","url":"https:\/\/www.pogotowieflagowe.pl\/aktualne\/wp-content\/uploads\/2024\/08\/cropped-pogotowieflagowe_flaga_projekt_sm.jpg","contentUrl":"https:\/\/www.pogotowieflagowe.pl\/aktualne\/wp-content\/uploads\/2024\/08\/cropped-pogotowieflagowe_flaga_projekt_sm.jpg","width":250,"height":143,"caption":"POGOTOWIE FLAGOWE\u00ae"},"image":{"@id":"https:\/\/www.pogotowieflagowe.pl\/aktualne\/#\/schema\/logo\/image\/"}},{"@type":"Person","@id":"https:\/\/www.pogotowieflagowe.pl\/aktualne\/#\/schema\/person\/9c2fb7d2362ebf6fa088960d7f0d27b0","name":"Filip","image":{"@type":"ImageObject","inLanguage":"pl-PL","@id":"https:\/\/www.pogotowieflagowe.pl\/aktualne\/#\/schema\/person\/image\/","url":"https:\/\/www.pogotowieflagowe.pl\/aktualne\/wp-content\/uploads\/2024\/08\/pogotowieflagowe.pl_.jpg","contentUrl":"https:\/\/www.pogotowieflagowe.pl\/aktualne\/wp-content\/uploads\/2024\/08\/pogotowieflagowe.pl_.jpg","caption":"Filip"},"description":"Jestem Filip, polski dziennikarz z dyplomem nauk politycznych Uniwersytetu Warszawskiego. Rozpoczynaj\u0105c swoj\u0105 karier\u0119 w r\u00f3\u017cnych lokalnych mediach, zdoby\u0142em solidne do\u015bwiadczenie w zakresie \u015bledztwa i redakcji. Obecnie jako redaktor w Pogotowie flagowe, staram si\u0119 dostarcza\u0107 dog\u0142\u0119bne i istotne analizy na temat najwa\u017cniejszych kwestii aktualno\u015bci, \u0142\u0105cz\u0105c rygor z pasj\u0105 dziennikarsk\u0105.","sameAs":["https:\/\/www.pogotowieflagowe.pl\/"]}]}},"_links":{"self":[{"href":"https:\/\/www.pogotowieflagowe.pl\/aktualne\/wp-json\/wp\/v2\/posts\/10861","targetHints":{"allow":["GET"]}}],"collection":[{"href":"https:\/\/www.pogotowieflagowe.pl\/aktualne\/wp-json\/wp\/v2\/posts"}],"about":[{"href":"https:\/\/www.pogotowieflagowe.pl\/aktualne\/wp-json\/wp\/v2\/types\/post"}],"author":[{"embeddable":true,"href":"https:\/\/www.pogotowieflagowe.pl\/aktualne\/wp-json\/wp\/v2\/users\/1"}],"replies":[{"embeddable":true,"href":"https:\/\/www.pogotowieflagowe.pl\/aktualne\/wp-json\/wp\/v2\/comments?post=10861"}],"version-history":[{"count":1,"href":"https:\/\/www.pogotowieflagowe.pl\/aktualne\/wp-json\/wp\/v2\/posts\/10861\/revisions"}],"predecessor-version":[{"id":10863,"href":"https:\/\/www.pogotowieflagowe.pl\/aktualne\/wp-json\/wp\/v2\/posts\/10861\/revisions\/10863"}],"wp:featuredmedia":[{"embeddable":true,"href":"https:\/\/www.pogotowieflagowe.pl\/aktualne\/wp-json\/wp\/v2\/media\/10862"}],"wp:attachment":[{"href":"https:\/\/www.pogotowieflagowe.pl\/aktualne\/wp-json\/wp\/v2\/media?parent=10861"}],"wp:term":[{"taxonomy":"category","embeddable":true,"href":"https:\/\/www.pogotowieflagowe.pl\/aktualne\/wp-json\/wp\/v2\/categories?post=10861"},{"taxonomy":"post_tag","embeddable":true,"href":"https:\/\/www.pogotowieflagowe.pl\/aktualne\/wp-json\/wp\/v2\/tags?post=10861"}],"curies":[{"name":"wp","href":"https:\/\/api.w.org\/{rel}","templated":true}]}}