{"id":10870,"date":"2025-11-22T13:21:38","date_gmt":"2025-11-22T12:21:38","guid":{"rendered":"https:\/\/www.pogotowieflagowe.pl\/aktualne\/dziennikarz-wirtualnej-polski-oskarza-bronislawa-wildsteina-o-szerzenie-rosyjskiej-propagandy-michal-rachon-ostro-zaprzecza\/"},"modified":"2025-11-22T13:21:39","modified_gmt":"2025-11-22T12:21:39","slug":"dziennikarz-wirtualnej-polski-oskarza-bronislawa-wildsteina-o-szerzenie-rosyjskiej-propagandy-michal-rachon-ostro-zaprzecza","status":"publish","type":"post","link":"https:\/\/www.pogotowieflagowe.pl\/aktualne\/dziennikarz-wirtualnej-polski-oskarza-bronislawa-wildsteina-o-szerzenie-rosyjskiej-propagandy-michal-rachon-ostro-zaprzecza\/","title":{"rendered":"Dziennikarz Wirtualnej Polski oskar\u017ca Bronis\u0142awa Wildsteina o szerzenie rosyjskiej propagandy; Micha\u0142 Racho\u0144 ostro zaprzecza"},"content":{"rendered":"\n<div class=\"td_block_wrap tdb_single_content tdi_46 td-pb-border-top td_block_template_8 td-post-content tagdiv-type\" data-td-block-uid=\"tdi_46\">\n<style>.tdi_46{margines-g\u00f3rny:0px!important;margin-bottom:0px!important;dope\u0142nienie-g\u00f3ra:0px!important;dope\u0142nienie-d\u00f3\u0142:0px!important}<\/style>\n<style>.tdb_single_content{margin-bottom:0;*zoom:1}.tdb_single_content:before,.tdb_single_content:after{display:table;content:'';line-height:0}.tdb_single_content:after{clear:both}.tdb_single_content .tdb-block-inner>*:not(.wp-block-quote):not(.alignwide):not(.alignfull.wp-block-cover.has-parallax):not(.td-a-ad){margin-left:auto;margin-right:auto}.tdb_single_content a{pointer-events:auto}.tdb_single_content .td-spot-id-top_ad .tdc-placeholder-title:before{content:'Najlepsza reklama artyku\u0142u'!important}.tdb_single_content .td-spot-id-inline_ad0 .tdc-placeholder-title:before{content:'Reklama wbudowana artyku\u0142u 1'!important}.tdb_single_content .td-spot-id-inline_ad1 .tdc-placeholder-title:before{content:'Wbudowana reklama w artykule 2'!important}.tdb_single_content .td-spot-id-inline_ad2 .tdc-placeholder-title:before{content:'Wbudowana reklama w artykule 3'!important}.tdb_single_content .td-spot-id-bottom_ad .tdc-placeholder-title:before{content:'Article Bottom Ad'!important}.tdb_single_content .id_top_ad,.tdb_single_content .id_bottom_ad{clear:both;margin-bottom:21px;text-align:center}.tdb_single_content .id_top_ad img,.tdb_single_content .id_bottom_ad img{margin-bottom:0}.tdb_single_content .id_top_ad .adsbygoogle,.tdb_single_content .id_bottom_ad .adsbygoogle{position:relative}.tdb_single_content .id_ad_content-horiz-left,.tdb_single_content .id_ad_content-horiz-right,.tdb_single_content .id_ad_content-horiz-center{margin-bottom:15px}.tdb_single_content .id_ad_content-horiz-left img,.tdb_single_content .id_ad_content-horiz-right img,.tdb_single_content .id_ad_content-horiz-center img{margin-bottom:0}.tdb_single_content .id_ad_content-horiz-center{text-align:center}.tdb_single_content .id_ad_content-horiz-center img{margin-right:auto;margin-left:auto}.tdb_single_content .id_ad_content-horiz-left{float:left;margin-top:9px;margin-right:21px}.tdb_single_content .id_ad_content-horiz-right{float:right;margin-top:6px;margin-left:21px}.tdb_single_content .tdc-a-ad .tdc-placeholder-title{width:300px;height:250px}.tdb_single_content .tdc-a-ad .tdc-placeholder-title:before{position:absolute;top:50%;-webkit-transform:translateY(-50%);transform:translateY(-50%);margin:auto;display:table;width:100%}.tdb_single_content .tdb-block-inner.td-fix-index{word-break:break-word}.tdi_46,.tdi_46>p,.tdi_46 .tdb-block-inner>p,.wp-block-column>p{font-size:16px!important;line-height:1.6!important}.tdi_46 .tdb-block-inner blockquote p{font-style:normal!important}@media (max-width:767px){.tdb_single_content .id_ad_content-horiz-left,.tdb_single_content .id_ad_content-horiz-right,.tdb_single_content .id_ad_content-horiz-center{margin:0 auto 26 pikseli auto}}@media (max-width:767px){.tdb_single_content .id_ad_content-horiz-left{margin-right:0}}@media (max-width:767px){.tdb_single_content .id_ad_content-horiz-right{margin-left:0}}@media (max-width:767px){.tdb_single_content .td-a-ad{float:none;text-align:center}.tdb_single_content .td-a-ad img{margin-right:auto;margin-left:auto}.tdb_single_content .tdc-a-ad{float:none}}<\/style>\n<div class=\"tdb-block-inner td-fix-index\">\n<p>\u201e<em>Powtarza\u0142 tezy znane z rosyjskiej propagandy<\/em>\u201d \u2013 oskar\u017cy\u0142 Bronis\u0142aw Wildstein Patryk Michalski z Wirtualnej Polski. Na fa\u0142szywy post odpowiedzia\u0142 Micha\u0142 Racho\u0144. \u201e<em>Zwykle nie komentuj\u0119 intelektualnych wybuch\u00f3w s\u0142abego Patryka Michalskiego, ale tym razem zrobi\u0119 wyj\u0105tek, bo Bronis\u0142aw Wildstein to polski bohater narodowy<\/em>\u2013 pisze dyrektor programowy TV Republika.<\/p>\n<p>W sobot\u0119 Prawo i Sprawiedliwo\u015b\u0107 organizuje kolejne wydarzenie z cyklu \u201eMy\u015bl\u0105ca Polska. Alternatywa 2.0\u201d. Dyskusja ma skupi\u0107 si\u0119 na dezinformacji i skutecznych sposobach jej zwalczania. Do wyg\u0142oszenia wyk\u0142adu inauguracyjnego zosta\u0142 zaproszony Bronis\u0142aw Wildstein. Publicysta opowie o \u201e\u015bwiecie wywr\u00f3conym do g\u00f3ry nogami i walce o sens\u201d.<\/p>\n<p>Jego udzia\u0142 w wydarzeniu nie przypad\u0142 do gustu Patrykowi Michalskiemu. Dziennikarz Wirtualnej Polski zaatakowa\u0142 Wildsteina, zarzucaj\u0105c mu szerzenie dezinformacji.<\/p>\n<figure class=\"wp-block-pullquote\">\n<blockquote>\n<p>\u201e<em>Powt\u00f3rzy\u0142 tezy znane z rosyjskiej propagandy. Wildstein pisa\u0142: \u201eS\u0142abo\u015b\u0107 Zachodu, podwa\u017cana przez ideologi\u0119 emancypacji, spowodowa\u0142a, \u017ce \u200b\u200bRosja zdecydowa\u0142a si\u0119 na atak na Ukrain\u0119\u201d. Zatem wyk\u0142ad na temat walki z dezinformacj\u0105 ma otworzy\u0107 kto\u015b, kto j\u0105 szerzy. Chyba, \u017ce \u200b\u200bjest to wyk\u0142ad na temat dezinformacji w praktyce<\/em>\u201d<\/p>\n<p><cite>  na\u0142adowa\u0142.<\/cite><\/p><\/blockquote>\n<\/figure>\n<p>Nast\u0105pi\u0142a zdecydowana odpowied\u017a. W obronie Wildsteina stan\u0105\u0142 Micha\u0142 Racho\u0144, dyrektor programowy TV Republika.<\/p>\n<p>\u201e<em>Zwykle nie komentuj\u0119 intelektualnych wybuch\u00f3w s\u0142abego Patryka Michalskiego, ale tym razem zrobi\u0119 wyj\u0105tek, bo Bronis\u0142aw Wildstein to polski bohater narodowy<\/em>\u201d- zaczyna si\u0119 jego post.<\/p>\n<p>Przypomina Michalskiemu, \u017ce Wildstein by\u0142 \u201e<em>jeden z tych, kt\u00f3rzy przez ca\u0142e \u017cycie posiadali odwag\u0119, o kt\u00f3rej Weakling nawet nie m\u00f3g\u0142 marzy\u0107<\/em>.\u201d<\/p>\n<figure class=\"wp-block-pullquote\">\n<blockquote>\n<p>\u201e<em>Odwaga otwartej walki z Rosj\u0105, sowieckim imperium z\u0142a i jego mutacjami, cho\u0107 naprawd\u0119 du\u017co kosztowa\u0142a. Podobnie jak w przypadku przyjaciela Wildsteina, Pyjasa, kosztowa\u0142o to \u017cycie. Wildstein otwarcie walczy\u0142 z tym samym re\u017cimem, do kt\u00f3rego idole Weaklinga s\u0142ali s\u0142u\u017calcze listy i o kt\u00f3rym m\u00f3wili, \u017ce \u201erazem z premierem Putinem zadbaj\u0105 o to, \u017ceby nikt nie wrzuci\u0142 piasku do tryb\u00f3w\u201d.<\/em>\u201d <\/p>\n<p><cite>\u2013 kontynuuje.<\/cite><\/p><\/blockquote>\n<\/figure>\n<p>\u201e<em>Wildstein to skarb narodowy, kt\u00f3ry nale\u017cy chroni\u0107, dlatego te\u017c, gdy taka Meduza chwyta si\u0119 go, nale\u017cy jej powiedzie\u0107 wprost: \u201etw\u00f3j sufit to jego mata do spania\u201d<\/em>\u2013 podsumowa\u0142 Racho\u0144.<\/p>\n<figure class=\"wp-block-embed is-type-rich is-provider-twitter wp-block-embed-twitter\">\n<div class=\"wp-block-embed__wrapper\">\n<blockquote class=\"twitter-tweet\" data-width=\"550\" data-dnt=\"true\">\n<p lang=\"pl\" dir=\"ltr\">Nie zwyk\u0142y komentarz wykwit\u00f3w intelektu tego myd\u0142ka <a rel=\"nofollow\" href=\"https:\/\/twitter.com\/patrykmichalski?ref_src=twsrc%5Etfw\">@patrykmichalski<\/a>ale tym razem autor wyj\u0105tek, bo Bronis\u0142aw Wildstein jest polskim bohaterem narodowym. Jest jednym z tych, kt\u00f3rzy przez ca\u0142e \u017cycie mieli dziewczyn\u0119, o kt\u00f3rej Myd\u0142kowi si\u0119 nawet nie \u015bni\u0142o. Odwaga otwartaj walki\u2026 https:\/\/t.co\/iOCwQi1jwk<\/p>\n<p>\u2014 michal.rachon (@michalrachon) <a rel=\"nofollow\" href=\"https:\/\/twitter.com\/michalrachon\/status\/1992004196350996521?ref_src=twsrc%5Etfw\">21 listopada 2025 r<\/a><\/p><\/blockquote>\n<\/div>\n<\/figure>\n<pre class=\"wp-block-preformatted\"><strong>Bronis\u0142aw Wildstein<\/strong> (born June 11, 1952, in Olsztyn) is a Polish publicist, journalist, and writer, and served as chairman of Telewizja Polska from 2006 to 2007. Knight of the Order of the White Eagle.<br><br>From 1971 to 1980, he studied Polish philology at the Jagiellonian University. He began his opposition activity at the start of his studies, cooperated with the Workers\u2019 Defense Committee (KOR), and was also one of the founders of the Student Solidarity Committee in Krak\u00f3w in 1977. He co-founded the Independent Students\u2019 Association (NZS) in Krak\u00f3w. Wildstein was one of the closest friends of Stanis\u0142aw Pyjas, who was murdered by the Security Service in May 1977. For many years, he sought to uncover the truth about his death.<\/pre>\n<\/div>\n<\/div>\n<p><script async src=\"https:\/\/platform.twitter.com\/widgets.js\" charset=\"utf-8\"><\/script><\/p>\n","protected":false},"excerpt":{"rendered":"<p>\u201ePowtarza\u0142 tezy znane z rosyjskiej propagandy\u201d \u2013 oskar\u017cy\u0142 Bronis\u0142aw Wildstein Patryk Michalski z Wirtualnej Polski. Na fa\u0142szywy post odpowiedzia\u0142 Micha\u0142<\/p>\n","protected":false},"author":1,"featured_media":10871,"comment_status":"open","ping_status":"open","sticky":false,"template":"","format":"standard","meta":{"footnotes":""},"categories":[4748],"tags":[12304,2682,684,50,1935,72,9874,338,5791,10705,12305,12303,8977],"class_list":["post-10870","post","type-post","status-publish","format-standard","has-post-thumbnail","hentry","category-aktualne","tag-bronislawa","tag-dziennikarz","tag-michal","tag-oskarza","tag-ostro","tag-polski","tag-propagandy","tag-rachon","tag-rosyjskiej","tag-szerzenie","tag-wildsteina","tag-wirtualnej","tag-zaprzecza","generate-columns","tablet-grid-50","mobile-grid-100","grid-parent","grid-50","resize-featured-image"],"yoast_head":"<!-- This site is optimized with the Yoast SEO plugin v23.2 - https:\/\/yoast.com\/wordpress\/plugins\/seo\/ -->\n<title>Dziennikarz Wirtualnej Polski oskar\u017ca Bronis\u0142awa Wildsteina o szerzenie rosyjskiej propagandy; Micha\u0142 Racho\u0144 ostro zaprzecza - POGOTOWIE FLAGOWE\u00ae<\/title>\n<meta name=\"robots\" content=\"index, follow, max-snippet:-1, max-image-preview:large, max-video-preview:-1\" \/>\n<link rel=\"canonical\" href=\"https:\/\/www.pogotowieflagowe.pl\/aktualne\/dziennikarz-wirtualnej-polski-oskarza-bronislawa-wildsteina-o-szerzenie-rosyjskiej-propagandy-michal-rachon-ostro-zaprzecza\/\" \/>\n<meta property=\"og:locale\" content=\"pl_PL\" \/>\n<meta property=\"og:type\" content=\"article\" \/>\n<meta property=\"og:title\" content=\"Dziennikarz Wirtualnej Polski oskar\u017ca Bronis\u0142awa Wildsteina o szerzenie rosyjskiej propagandy; Micha\u0142 Racho\u0144 ostro zaprzecza - POGOTOWIE FLAGOWE\u00ae\" \/>\n<meta property=\"og:description\" content=\"\u201ePowtarza\u0142 tezy znane z rosyjskiej propagandy\u201d \u2013 oskar\u017cy\u0142 Bronis\u0142aw Wildstein Patryk Michalski z Wirtualnej Polski. Na fa\u0142szywy post odpowiedzia\u0142 Micha\u0142\" \/>\n<meta property=\"og:url\" content=\"https:\/\/www.pogotowieflagowe.pl\/aktualne\/dziennikarz-wirtualnej-polski-oskarza-bronislawa-wildsteina-o-szerzenie-rosyjskiej-propagandy-michal-rachon-ostro-zaprzecza\/\" \/>\n<meta property=\"og:site_name\" content=\"POGOTOWIE FLAGOWE\u00ae\" \/>\n<meta property=\"article:published_time\" content=\"2025-11-22T12:21:38+00:00\" \/>\n<meta property=\"article:modified_time\" content=\"2025-11-22T12:21:39+00:00\" \/>\n<meta property=\"og:image\" content=\"https:\/\/www.pogotowieflagowe.pl\/aktualne\/wp-content\/uploads\/2025\/11\/Dziennikarz-Wirtualnej-Polski-oskarza-Bronislawa-Wildsteina-o-szerzenie-rosyjskiej-propagandy.webp.webp\" \/>\n\t<meta property=\"og:image:width\" content=\"1280\" \/>\n\t<meta property=\"og:image:height\" content=\"720\" \/>\n\t<meta property=\"og:image:type\" content=\"image\/webp\" \/>\n<meta name=\"author\" content=\"Filip\" \/>\n<meta name=\"twitter:card\" content=\"summary_large_image\" \/>\n<meta name=\"twitter:label1\" content=\"Napisane przez\" \/>\n\t<meta name=\"twitter:data1\" content=\"Filip\" \/>\n\t<meta name=\"twitter:label2\" content=\"Szacowany czas czytania\" \/>\n\t<meta name=\"twitter:data2\" content=\"3 minuty\" \/>\n<script type=\"application\/ld+json\" class=\"yoast-schema-graph\">{\"@context\":\"https:\/\/schema.org\",\"@graph\":[{\"@type\":\"Article\",\"@id\":\"https:\/\/www.pogotowieflagowe.pl\/aktualne\/dziennikarz-wirtualnej-polski-oskarza-bronislawa-wildsteina-o-szerzenie-rosyjskiej-propagandy-michal-rachon-ostro-zaprzecza\/#article\",\"isPartOf\":{\"@id\":\"https:\/\/www.pogotowieflagowe.pl\/aktualne\/dziennikarz-wirtualnej-polski-oskarza-bronislawa-wildsteina-o-szerzenie-rosyjskiej-propagandy-michal-rachon-ostro-zaprzecza\/\"},\"author\":{\"name\":\"Filip\",\"@id\":\"https:\/\/www.pogotowieflagowe.pl\/aktualne\/#\/schema\/person\/9c2fb7d2362ebf6fa088960d7f0d27b0\"},\"headline\":\"Dziennikarz Wirtualnej Polski oskar\u017ca Bronis\u0142awa Wildsteina o szerzenie rosyjskiej propagandy; Micha\u0142 Racho\u0144 ostro zaprzecza\",\"datePublished\":\"2025-11-22T12:21:38+00:00\",\"dateModified\":\"2025-11-22T12:21:39+00:00\",\"mainEntityOfPage\":{\"@id\":\"https:\/\/www.pogotowieflagowe.pl\/aktualne\/dziennikarz-wirtualnej-polski-oskarza-bronislawa-wildsteina-o-szerzenie-rosyjskiej-propagandy-michal-rachon-ostro-zaprzecza\/\"},\"wordCount\":425,\"commentCount\":0,\"publisher\":{\"@id\":\"https:\/\/www.pogotowieflagowe.pl\/aktualne\/#organization\"},\"image\":{\"@id\":\"https:\/\/www.pogotowieflagowe.pl\/aktualne\/dziennikarz-wirtualnej-polski-oskarza-bronislawa-wildsteina-o-szerzenie-rosyjskiej-propagandy-michal-rachon-ostro-zaprzecza\/#primaryimage\"},\"thumbnailUrl\":\"https:\/\/www.pogotowieflagowe.pl\/aktualne\/wp-content\/uploads\/2025\/11\/Dziennikarz-Wirtualnej-Polski-oskarza-Bronislawa-Wildsteina-o-szerzenie-rosyjskiej-propagandy.webp.webp\",\"keywords\":[\"Bronis\u0142awa\",\"Dziennikarz\",\"Micha\u0142\",\"oskar\u017ca\",\"ostro\",\"polski\",\"propagandy\",\"Rachon\",\"rosyjskiej\",\"szerzenie\",\"Wildsteina\",\"Wirtualnej\",\"zaprzecza\"],\"articleSection\":[\"Aktualne\"],\"inLanguage\":\"pl-PL\",\"potentialAction\":[{\"@type\":\"CommentAction\",\"name\":\"Comment\",\"target\":[\"https:\/\/www.pogotowieflagowe.pl\/aktualne\/dziennikarz-wirtualnej-polski-oskarza-bronislawa-wildsteina-o-szerzenie-rosyjskiej-propagandy-michal-rachon-ostro-zaprzecza\/#respond\"]}]},{\"@type\":\"WebPage\",\"@id\":\"https:\/\/www.pogotowieflagowe.pl\/aktualne\/dziennikarz-wirtualnej-polski-oskarza-bronislawa-wildsteina-o-szerzenie-rosyjskiej-propagandy-michal-rachon-ostro-zaprzecza\/\",\"url\":\"https:\/\/www.pogotowieflagowe.pl\/aktualne\/dziennikarz-wirtualnej-polski-oskarza-bronislawa-wildsteina-o-szerzenie-rosyjskiej-propagandy-michal-rachon-ostro-zaprzecza\/\",\"name\":\"Dziennikarz Wirtualnej Polski oskar\u017ca Bronis\u0142awa Wildsteina o szerzenie rosyjskiej propagandy; Micha\u0142 Racho\u0144 ostro zaprzecza - POGOTOWIE FLAGOWE\u00ae\",\"isPartOf\":{\"@id\":\"https:\/\/www.pogotowieflagowe.pl\/aktualne\/#website\"},\"primaryImageOfPage\":{\"@id\":\"https:\/\/www.pogotowieflagowe.pl\/aktualne\/dziennikarz-wirtualnej-polski-oskarza-bronislawa-wildsteina-o-szerzenie-rosyjskiej-propagandy-michal-rachon-ostro-zaprzecza\/#primaryimage\"},\"image\":{\"@id\":\"https:\/\/www.pogotowieflagowe.pl\/aktualne\/dziennikarz-wirtualnej-polski-oskarza-bronislawa-wildsteina-o-szerzenie-rosyjskiej-propagandy-michal-rachon-ostro-zaprzecza\/#primaryimage\"},\"thumbnailUrl\":\"https:\/\/www.pogotowieflagowe.pl\/aktualne\/wp-content\/uploads\/2025\/11\/Dziennikarz-Wirtualnej-Polski-oskarza-Bronislawa-Wildsteina-o-szerzenie-rosyjskiej-propagandy.webp.webp\",\"datePublished\":\"2025-11-22T12:21:38+00:00\",\"dateModified\":\"2025-11-22T12:21:39+00:00\",\"breadcrumb\":{\"@id\":\"https:\/\/www.pogotowieflagowe.pl\/aktualne\/dziennikarz-wirtualnej-polski-oskarza-bronislawa-wildsteina-o-szerzenie-rosyjskiej-propagandy-michal-rachon-ostro-zaprzecza\/#breadcrumb\"},\"inLanguage\":\"pl-PL\",\"potentialAction\":[{\"@type\":\"ReadAction\",\"target\":[\"https:\/\/www.pogotowieflagowe.pl\/aktualne\/dziennikarz-wirtualnej-polski-oskarza-bronislawa-wildsteina-o-szerzenie-rosyjskiej-propagandy-michal-rachon-ostro-zaprzecza\/\"]}]},{\"@type\":\"ImageObject\",\"inLanguage\":\"pl-PL\",\"@id\":\"https:\/\/www.pogotowieflagowe.pl\/aktualne\/dziennikarz-wirtualnej-polski-oskarza-bronislawa-wildsteina-o-szerzenie-rosyjskiej-propagandy-michal-rachon-ostro-zaprzecza\/#primaryimage\",\"url\":\"https:\/\/www.pogotowieflagowe.pl\/aktualne\/wp-content\/uploads\/2025\/11\/Dziennikarz-Wirtualnej-Polski-oskarza-Bronislawa-Wildsteina-o-szerzenie-rosyjskiej-propagandy.webp.webp\",\"contentUrl\":\"https:\/\/www.pogotowieflagowe.pl\/aktualne\/wp-content\/uploads\/2025\/11\/Dziennikarz-Wirtualnej-Polski-oskarza-Bronislawa-Wildsteina-o-szerzenie-rosyjskiej-propagandy.webp.webp\",\"width\":1280,\"height\":720,\"caption\":\"Dziennikarz Wirtualnej Polski oskar\u017ca Bronis\u0142awa Wildsteina o szerzenie rosyjskiej propagandy; Micha\u0142 Racho\u0144 ostro zaprzecza\"},{\"@type\":\"BreadcrumbList\",\"@id\":\"https:\/\/www.pogotowieflagowe.pl\/aktualne\/dziennikarz-wirtualnej-polski-oskarza-bronislawa-wildsteina-o-szerzenie-rosyjskiej-propagandy-michal-rachon-ostro-zaprzecza\/#breadcrumb\",\"itemListElement\":[{\"@type\":\"ListItem\",\"position\":1,\"name\":\"Home\",\"item\":\"https:\/\/www.pogotowieflagowe.pl\/aktualne\/\"},{\"@type\":\"ListItem\",\"position\":2,\"name\":\"Dziennikarz Wirtualnej Polski oskar\u017ca Bronis\u0142awa Wildsteina o szerzenie rosyjskiej propagandy; Micha\u0142 Racho\u0144 ostro zaprzecza\"}]},{\"@type\":\"WebSite\",\"@id\":\"https:\/\/www.pogotowieflagowe.pl\/aktualne\/#website\",\"url\":\"https:\/\/www.pogotowieflagowe.pl\/aktualne\/\",\"name\":\"POGOTOWIE FLAGOWE\u00ae\",\"description\":\"\",\"publisher\":{\"@id\":\"https:\/\/www.pogotowieflagowe.pl\/aktualne\/#organization\"},\"potentialAction\":[{\"@type\":\"SearchAction\",\"target\":{\"@type\":\"EntryPoint\",\"urlTemplate\":\"https:\/\/www.pogotowieflagowe.pl\/aktualne\/?s={search_term_string}\"},\"query-input\":\"required name=search_term_string\"}],\"inLanguage\":\"pl-PL\"},{\"@type\":\"Organization\",\"@id\":\"https:\/\/www.pogotowieflagowe.pl\/aktualne\/#organization\",\"name\":\"POGOTOWIE FLAGOWE\u00ae\",\"url\":\"https:\/\/www.pogotowieflagowe.pl\/aktualne\/\",\"logo\":{\"@type\":\"ImageObject\",\"inLanguage\":\"pl-PL\",\"@id\":\"https:\/\/www.pogotowieflagowe.pl\/aktualne\/#\/schema\/logo\/image\/\",\"url\":\"https:\/\/www.pogotowieflagowe.pl\/aktualne\/wp-content\/uploads\/2024\/08\/cropped-pogotowieflagowe_flaga_projekt_sm.jpg\",\"contentUrl\":\"https:\/\/www.pogotowieflagowe.pl\/aktualne\/wp-content\/uploads\/2024\/08\/cropped-pogotowieflagowe_flaga_projekt_sm.jpg\",\"width\":250,\"height\":143,\"caption\":\"POGOTOWIE FLAGOWE\u00ae\"},\"image\":{\"@id\":\"https:\/\/www.pogotowieflagowe.pl\/aktualne\/#\/schema\/logo\/image\/\"}},{\"@type\":\"Person\",\"@id\":\"https:\/\/www.pogotowieflagowe.pl\/aktualne\/#\/schema\/person\/9c2fb7d2362ebf6fa088960d7f0d27b0\",\"name\":\"Filip\",\"image\":{\"@type\":\"ImageObject\",\"inLanguage\":\"pl-PL\",\"@id\":\"https:\/\/www.pogotowieflagowe.pl\/aktualne\/#\/schema\/person\/image\/\",\"url\":\"https:\/\/www.pogotowieflagowe.pl\/aktualne\/wp-content\/uploads\/2024\/08\/pogotowieflagowe.pl_.jpg\",\"contentUrl\":\"https:\/\/www.pogotowieflagowe.pl\/aktualne\/wp-content\/uploads\/2024\/08\/pogotowieflagowe.pl_.jpg\",\"caption\":\"Filip\"},\"description\":\"Jestem Filip, polski dziennikarz z dyplomem nauk politycznych Uniwersytetu Warszawskiego. Rozpoczynaj\u0105c swoj\u0105 karier\u0119 w r\u00f3\u017cnych lokalnych mediach, zdoby\u0142em solidne do\u015bwiadczenie w zakresie \u015bledztwa i redakcji. Obecnie jako redaktor w Pogotowie flagowe, staram si\u0119 dostarcza\u0107 dog\u0142\u0119bne i istotne analizy na temat najwa\u017cniejszych kwestii aktualno\u015bci, \u0142\u0105cz\u0105c rygor z pasj\u0105 dziennikarsk\u0105.\",\"sameAs\":[\"https:\/\/www.pogotowieflagowe.pl\/\"]}]}<\/script>\n<!-- \/ Yoast SEO plugin. -->","yoast_head_json":{"title":"Dziennikarz Wirtualnej Polski oskar\u017ca Bronis\u0142awa Wildsteina o szerzenie rosyjskiej propagandy; Micha\u0142 Racho\u0144 ostro zaprzecza - POGOTOWIE FLAGOWE\u00ae","robots":{"index":"index","follow":"follow","max-snippet":"max-snippet:-1","max-image-preview":"max-image-preview:large","max-video-preview":"max-video-preview:-1"},"canonical":"https:\/\/www.pogotowieflagowe.pl\/aktualne\/dziennikarz-wirtualnej-polski-oskarza-bronislawa-wildsteina-o-szerzenie-rosyjskiej-propagandy-michal-rachon-ostro-zaprzecza\/","og_locale":"pl_PL","og_type":"article","og_title":"Dziennikarz Wirtualnej Polski oskar\u017ca Bronis\u0142awa Wildsteina o szerzenie rosyjskiej propagandy; Micha\u0142 Racho\u0144 ostro zaprzecza - POGOTOWIE FLAGOWE\u00ae","og_description":"\u201ePowtarza\u0142 tezy znane z rosyjskiej propagandy\u201d \u2013 oskar\u017cy\u0142 Bronis\u0142aw Wildstein Patryk Michalski z Wirtualnej Polski. Na fa\u0142szywy post odpowiedzia\u0142 Micha\u0142","og_url":"https:\/\/www.pogotowieflagowe.pl\/aktualne\/dziennikarz-wirtualnej-polski-oskarza-bronislawa-wildsteina-o-szerzenie-rosyjskiej-propagandy-michal-rachon-ostro-zaprzecza\/","og_site_name":"POGOTOWIE FLAGOWE\u00ae","article_published_time":"2025-11-22T12:21:38+00:00","article_modified_time":"2025-11-22T12:21:39+00:00","og_image":[{"width":1280,"height":720,"url":"https:\/\/www.pogotowieflagowe.pl\/aktualne\/wp-content\/uploads\/2025\/11\/Dziennikarz-Wirtualnej-Polski-oskarza-Bronislawa-Wildsteina-o-szerzenie-rosyjskiej-propagandy.webp.webp","type":"image\/webp"}],"author":"Filip","twitter_card":"summary_large_image","twitter_misc":{"Napisane przez":"Filip","Szacowany czas czytania":"3 minuty"},"schema":{"@context":"https:\/\/schema.org","@graph":[{"@type":"Article","@id":"https:\/\/www.pogotowieflagowe.pl\/aktualne\/dziennikarz-wirtualnej-polski-oskarza-bronislawa-wildsteina-o-szerzenie-rosyjskiej-propagandy-michal-rachon-ostro-zaprzecza\/#article","isPartOf":{"@id":"https:\/\/www.pogotowieflagowe.pl\/aktualne\/dziennikarz-wirtualnej-polski-oskarza-bronislawa-wildsteina-o-szerzenie-rosyjskiej-propagandy-michal-rachon-ostro-zaprzecza\/"},"author":{"name":"Filip","@id":"https:\/\/www.pogotowieflagowe.pl\/aktualne\/#\/schema\/person\/9c2fb7d2362ebf6fa088960d7f0d27b0"},"headline":"Dziennikarz Wirtualnej Polski oskar\u017ca Bronis\u0142awa Wildsteina o szerzenie rosyjskiej propagandy; Micha\u0142 Racho\u0144 ostro zaprzecza","datePublished":"2025-11-22T12:21:38+00:00","dateModified":"2025-11-22T12:21:39+00:00","mainEntityOfPage":{"@id":"https:\/\/www.pogotowieflagowe.pl\/aktualne\/dziennikarz-wirtualnej-polski-oskarza-bronislawa-wildsteina-o-szerzenie-rosyjskiej-propagandy-michal-rachon-ostro-zaprzecza\/"},"wordCount":425,"commentCount":0,"publisher":{"@id":"https:\/\/www.pogotowieflagowe.pl\/aktualne\/#organization"},"image":{"@id":"https:\/\/www.pogotowieflagowe.pl\/aktualne\/dziennikarz-wirtualnej-polski-oskarza-bronislawa-wildsteina-o-szerzenie-rosyjskiej-propagandy-michal-rachon-ostro-zaprzecza\/#primaryimage"},"thumbnailUrl":"https:\/\/www.pogotowieflagowe.pl\/aktualne\/wp-content\/uploads\/2025\/11\/Dziennikarz-Wirtualnej-Polski-oskarza-Bronislawa-Wildsteina-o-szerzenie-rosyjskiej-propagandy.webp.webp","keywords":["Bronis\u0142awa","Dziennikarz","Micha\u0142","oskar\u017ca","ostro","polski","propagandy","Rachon","rosyjskiej","szerzenie","Wildsteina","Wirtualnej","zaprzecza"],"articleSection":["Aktualne"],"inLanguage":"pl-PL","potentialAction":[{"@type":"CommentAction","name":"Comment","target":["https:\/\/www.pogotowieflagowe.pl\/aktualne\/dziennikarz-wirtualnej-polski-oskarza-bronislawa-wildsteina-o-szerzenie-rosyjskiej-propagandy-michal-rachon-ostro-zaprzecza\/#respond"]}]},{"@type":"WebPage","@id":"https:\/\/www.pogotowieflagowe.pl\/aktualne\/dziennikarz-wirtualnej-polski-oskarza-bronislawa-wildsteina-o-szerzenie-rosyjskiej-propagandy-michal-rachon-ostro-zaprzecza\/","url":"https:\/\/www.pogotowieflagowe.pl\/aktualne\/dziennikarz-wirtualnej-polski-oskarza-bronislawa-wildsteina-o-szerzenie-rosyjskiej-propagandy-michal-rachon-ostro-zaprzecza\/","name":"Dziennikarz Wirtualnej Polski oskar\u017ca Bronis\u0142awa Wildsteina o szerzenie rosyjskiej propagandy; Micha\u0142 Racho\u0144 ostro zaprzecza - POGOTOWIE FLAGOWE\u00ae","isPartOf":{"@id":"https:\/\/www.pogotowieflagowe.pl\/aktualne\/#website"},"primaryImageOfPage":{"@id":"https:\/\/www.pogotowieflagowe.pl\/aktualne\/dziennikarz-wirtualnej-polski-oskarza-bronislawa-wildsteina-o-szerzenie-rosyjskiej-propagandy-michal-rachon-ostro-zaprzecza\/#primaryimage"},"image":{"@id":"https:\/\/www.pogotowieflagowe.pl\/aktualne\/dziennikarz-wirtualnej-polski-oskarza-bronislawa-wildsteina-o-szerzenie-rosyjskiej-propagandy-michal-rachon-ostro-zaprzecza\/#primaryimage"},"thumbnailUrl":"https:\/\/www.pogotowieflagowe.pl\/aktualne\/wp-content\/uploads\/2025\/11\/Dziennikarz-Wirtualnej-Polski-oskarza-Bronislawa-Wildsteina-o-szerzenie-rosyjskiej-propagandy.webp.webp","datePublished":"2025-11-22T12:21:38+00:00","dateModified":"2025-11-22T12:21:39+00:00","breadcrumb":{"@id":"https:\/\/www.pogotowieflagowe.pl\/aktualne\/dziennikarz-wirtualnej-polski-oskarza-bronislawa-wildsteina-o-szerzenie-rosyjskiej-propagandy-michal-rachon-ostro-zaprzecza\/#breadcrumb"},"inLanguage":"pl-PL","potentialAction":[{"@type":"ReadAction","target":["https:\/\/www.pogotowieflagowe.pl\/aktualne\/dziennikarz-wirtualnej-polski-oskarza-bronislawa-wildsteina-o-szerzenie-rosyjskiej-propagandy-michal-rachon-ostro-zaprzecza\/"]}]},{"@type":"ImageObject","inLanguage":"pl-PL","@id":"https:\/\/www.pogotowieflagowe.pl\/aktualne\/dziennikarz-wirtualnej-polski-oskarza-bronislawa-wildsteina-o-szerzenie-rosyjskiej-propagandy-michal-rachon-ostro-zaprzecza\/#primaryimage","url":"https:\/\/www.pogotowieflagowe.pl\/aktualne\/wp-content\/uploads\/2025\/11\/Dziennikarz-Wirtualnej-Polski-oskarza-Bronislawa-Wildsteina-o-szerzenie-rosyjskiej-propagandy.webp.webp","contentUrl":"https:\/\/www.pogotowieflagowe.pl\/aktualne\/wp-content\/uploads\/2025\/11\/Dziennikarz-Wirtualnej-Polski-oskarza-Bronislawa-Wildsteina-o-szerzenie-rosyjskiej-propagandy.webp.webp","width":1280,"height":720,"caption":"Dziennikarz Wirtualnej Polski oskar\u017ca Bronis\u0142awa Wildsteina o szerzenie rosyjskiej propagandy; Micha\u0142 Racho\u0144 ostro zaprzecza"},{"@type":"BreadcrumbList","@id":"https:\/\/www.pogotowieflagowe.pl\/aktualne\/dziennikarz-wirtualnej-polski-oskarza-bronislawa-wildsteina-o-szerzenie-rosyjskiej-propagandy-michal-rachon-ostro-zaprzecza\/#breadcrumb","itemListElement":[{"@type":"ListItem","position":1,"name":"Home","item":"https:\/\/www.pogotowieflagowe.pl\/aktualne\/"},{"@type":"ListItem","position":2,"name":"Dziennikarz Wirtualnej Polski oskar\u017ca Bronis\u0142awa Wildsteina o szerzenie rosyjskiej propagandy; Micha\u0142 Racho\u0144 ostro zaprzecza"}]},{"@type":"WebSite","@id":"https:\/\/www.pogotowieflagowe.pl\/aktualne\/#website","url":"https:\/\/www.pogotowieflagowe.pl\/aktualne\/","name":"POGOTOWIE FLAGOWE\u00ae","description":"","publisher":{"@id":"https:\/\/www.pogotowieflagowe.pl\/aktualne\/#organization"},"potentialAction":[{"@type":"SearchAction","target":{"@type":"EntryPoint","urlTemplate":"https:\/\/www.pogotowieflagowe.pl\/aktualne\/?s={search_term_string}"},"query-input":"required name=search_term_string"}],"inLanguage":"pl-PL"},{"@type":"Organization","@id":"https:\/\/www.pogotowieflagowe.pl\/aktualne\/#organization","name":"POGOTOWIE FLAGOWE\u00ae","url":"https:\/\/www.pogotowieflagowe.pl\/aktualne\/","logo":{"@type":"ImageObject","inLanguage":"pl-PL","@id":"https:\/\/www.pogotowieflagowe.pl\/aktualne\/#\/schema\/logo\/image\/","url":"https:\/\/www.pogotowieflagowe.pl\/aktualne\/wp-content\/uploads\/2024\/08\/cropped-pogotowieflagowe_flaga_projekt_sm.jpg","contentUrl":"https:\/\/www.pogotowieflagowe.pl\/aktualne\/wp-content\/uploads\/2024\/08\/cropped-pogotowieflagowe_flaga_projekt_sm.jpg","width":250,"height":143,"caption":"POGOTOWIE FLAGOWE\u00ae"},"image":{"@id":"https:\/\/www.pogotowieflagowe.pl\/aktualne\/#\/schema\/logo\/image\/"}},{"@type":"Person","@id":"https:\/\/www.pogotowieflagowe.pl\/aktualne\/#\/schema\/person\/9c2fb7d2362ebf6fa088960d7f0d27b0","name":"Filip","image":{"@type":"ImageObject","inLanguage":"pl-PL","@id":"https:\/\/www.pogotowieflagowe.pl\/aktualne\/#\/schema\/person\/image\/","url":"https:\/\/www.pogotowieflagowe.pl\/aktualne\/wp-content\/uploads\/2024\/08\/pogotowieflagowe.pl_.jpg","contentUrl":"https:\/\/www.pogotowieflagowe.pl\/aktualne\/wp-content\/uploads\/2024\/08\/pogotowieflagowe.pl_.jpg","caption":"Filip"},"description":"Jestem Filip, polski dziennikarz z dyplomem nauk politycznych Uniwersytetu Warszawskiego. Rozpoczynaj\u0105c swoj\u0105 karier\u0119 w r\u00f3\u017cnych lokalnych mediach, zdoby\u0142em solidne do\u015bwiadczenie w zakresie \u015bledztwa i redakcji. Obecnie jako redaktor w Pogotowie flagowe, staram si\u0119 dostarcza\u0107 dog\u0142\u0119bne i istotne analizy na temat najwa\u017cniejszych kwestii aktualno\u015bci, \u0142\u0105cz\u0105c rygor z pasj\u0105 dziennikarsk\u0105.","sameAs":["https:\/\/www.pogotowieflagowe.pl\/"]}]}},"_links":{"self":[{"href":"https:\/\/www.pogotowieflagowe.pl\/aktualne\/wp-json\/wp\/v2\/posts\/10870","targetHints":{"allow":["GET"]}}],"collection":[{"href":"https:\/\/www.pogotowieflagowe.pl\/aktualne\/wp-json\/wp\/v2\/posts"}],"about":[{"href":"https:\/\/www.pogotowieflagowe.pl\/aktualne\/wp-json\/wp\/v2\/types\/post"}],"author":[{"embeddable":true,"href":"https:\/\/www.pogotowieflagowe.pl\/aktualne\/wp-json\/wp\/v2\/users\/1"}],"replies":[{"embeddable":true,"href":"https:\/\/www.pogotowieflagowe.pl\/aktualne\/wp-json\/wp\/v2\/comments?post=10870"}],"version-history":[{"count":1,"href":"https:\/\/www.pogotowieflagowe.pl\/aktualne\/wp-json\/wp\/v2\/posts\/10870\/revisions"}],"predecessor-version":[{"id":10872,"href":"https:\/\/www.pogotowieflagowe.pl\/aktualne\/wp-json\/wp\/v2\/posts\/10870\/revisions\/10872"}],"wp:featuredmedia":[{"embeddable":true,"href":"https:\/\/www.pogotowieflagowe.pl\/aktualne\/wp-json\/wp\/v2\/media\/10871"}],"wp:attachment":[{"href":"https:\/\/www.pogotowieflagowe.pl\/aktualne\/wp-json\/wp\/v2\/media?parent=10870"}],"wp:term":[{"taxonomy":"category","embeddable":true,"href":"https:\/\/www.pogotowieflagowe.pl\/aktualne\/wp-json\/wp\/v2\/categories?post=10870"},{"taxonomy":"post_tag","embeddable":true,"href":"https:\/\/www.pogotowieflagowe.pl\/aktualne\/wp-json\/wp\/v2\/tags?post=10870"}],"curies":[{"name":"wp","href":"https:\/\/api.w.org\/{rel}","templated":true}]}}