{"id":10876,"date":"2025-11-22T13:53:24","date_gmt":"2025-11-22T12:53:24","guid":{"rendered":"https:\/\/www.pogotowieflagowe.pl\/aktualne\/prezydent-przypomina-piec-prawd-polakow-warto-albo-sluchac-albo-milczec\/"},"modified":"2025-11-22T13:53:24","modified_gmt":"2025-11-22T12:53:24","slug":"prezydent-przypomina-piec-prawd-polakow-warto-albo-sluchac-albo-milczec","status":"publish","type":"post","link":"https:\/\/www.pogotowieflagowe.pl\/aktualne\/prezydent-przypomina-piec-prawd-polakow-warto-albo-sluchac-albo-milczec\/","title":{"rendered":"Prezydent przypomina \u201ePi\u0119\u0107 prawd Polak\u00f3w\u201d. \u201eWarto albo s\u0142ucha\u0107, albo milcze\u0107\u201d"},"content":{"rendered":"\n<div class=\"td_block_wrap tdb_single_content tdi_46 td-pb-border-top td_block_template_8 td-post-content tagdiv-type\" data-td-block-uid=\"tdi_46\">\n<style>.tdi_46{margines-g\u00f3rny:0px!important;margin-bottom:0px!important;dope\u0142nienie-g\u00f3ra:0px!important;dope\u0142nienie-d\u00f3\u0142:0px!important}<\/style>\n<style>.tdb_single_content{margin-bottom:0;*zoom:1}.tdb_single_content:before,.tdb_single_content:after{display:table;content:'';line-height:0}.tdb_single_content:after{clear:both}.tdb_single_content .tdb-block-inner>*:not(.wp-block-quote):not(.alignwide):not(.alignfull.wp-block-cover.has-parallax):not(.td-a-ad){margin-left:auto;margin-right:auto}.tdb_single_content a{pointer-events:auto}.tdb_single_content .td-spot-id-top_ad .tdc-placeholder-title:before{content:'Najlepsza reklama artyku\u0142u'!important}.tdb_single_content .td-spot-id-inline_ad0 .tdc-placeholder-title:before{content:'Reklama wbudowana artyku\u0142u 1'!important}.tdb_single_content .td-spot-id-inline_ad1 .tdc-placeholder-title:before{content:'Wbudowana reklama w artykule 2'!important}.tdb_single_content .td-spot-id-inline_ad2 .tdc-placeholder-title:before{content:'Wbudowana reklama w artykule 3'!important}.tdb_single_content .td-spot-id-bottom_ad .tdc-placeholder-title:before{content:'Article Bottom Ad'!important}.tdb_single_content .id_top_ad,.tdb_single_content .id_bottom_ad{clear:both;margin-bottom:21px;text-align:center}.tdb_single_content .id_top_ad img,.tdb_single_content .id_bottom_ad img{margin-bottom:0}.tdb_single_content .id_top_ad .adsbygoogle,.tdb_single_content .id_bottom_ad .adsbygoogle{position:relative}.tdb_single_content .id_ad_content-horiz-left,.tdb_single_content .id_ad_content-horiz-right,.tdb_single_content .id_ad_content-horiz-center{margin-bottom:15px}.tdb_single_content .id_ad_content-horiz-left img,.tdb_single_content .id_ad_content-horiz-right img,.tdb_single_content .id_ad_content-horiz-center img{margin-bottom:0}.tdb_single_content .id_ad_content-horiz-center{text-align:center}.tdb_single_content .id_ad_content-horiz-center img{margin-right:auto;margin-left:auto}.tdb_single_content .id_ad_content-horiz-left{float:left;margin-top:9px;margin-right:21px}.tdb_single_content .id_ad_content-horiz-right{float:right;margin-top:6px;margin-left:21px}.tdb_single_content .tdc-a-ad .tdc-placeholder-title{width:300px;height:250px}.tdb_single_content .tdc-a-ad .tdc-placeholder-title:before{position:absolute;top:50%;-webkit-transform:translateY(-50%);transform:translateY(-50%);margin:auto;display:table;width:100%}.tdb_single_content .tdb-block-inner.td-fix-index{word-break:break-word}.tdi_46,.tdi_46>p,.tdi_46 .tdb-block-inner>p,.wp-block-column>p{font-size:16px!important;line-height:1.6!important}.tdi_46 .tdb-block-inner blockquote p{font-style:normal!important}@media (max-width:767px){.tdb_single_content .id_ad_content-horiz-left,.tdb_single_content .id_ad_content-horiz-right,.tdb_single_content .id_ad_content-horiz-center{margin:0 auto 26 pikseli auto}}@media (max-width:767px){.tdb_single_content .id_ad_content-horiz-left{margin-right:0}}@media (max-width:767px){.tdb_single_content .id_ad_content-horiz-right{margin-left:0}}@media (max-width:767px){.tdb_single_content .td-a-ad{float:none;text-align:center}.tdb_single_content .td-a-ad img{margin-right:auto;margin-left:auto}.tdb_single_content .tdc-a-ad{float:none}}<\/style>\n<div class=\"tdb-block-inner td-fix-index\">\n<p>W mediach spo\u0142eczno\u015bciowych Prezydent RP Karol Nawrocki przypomnia\u0142 spo\u0142ecze\u0144stwu \u201ePi\u0119\u0107 prawd Polak\u00f3w spod znaku Rod\u0142a\u201d. \u201eManifest odwa\u017cnych ludzi, kt\u00f3rzy kochali Polsk\u0119, kt\u00f3rzy nawet w obliczu zbli\u017caj\u0105cego si\u0119 kataklizmu szukali si\u0142y narodu w tym, co najwa\u017cniejsze\u201d \u2013 doda\u0142 prezydent.<\/p>\n<p>W 1938 roku w Berlinie odby\u0142 si\u0119 I Kongres Polak\u00f3w w Niemczech. Zrzesza\u0142o oko\u0142o 5000 obywateli Polski zamieszkuj\u0105cych r\u00f3\u017cne regiony Rzeszy Niemieckiej, a jego organizatorem by\u0142 Zwi\u0105zek Polak\u00f3w w Niemczech.<\/p>\n<p>Kontekst tego wydarzenia by\u0142 kluczowy.<\/p>\n<p>&#8222;Doj\u015bcie Hitlera do w\u0142adzy w 1933 r. i jego rz\u0105dy w Niemczech oznacza\u0142y dalsze pogorszenie sytuacji mieszkaj\u0105cych tam Polak\u00f3w. Szczeg\u00f3lnie po 1936 r. w\u0142adze niemieckie nasili\u0142y represje wobec ludno\u015bci polskiej, zw\u0142aszcza zamieszkuj\u0105cej obszary etnicznie polskie, kt\u00f3re po odzyskaniu przez Polsk\u0119 niepodleg\u0142o\u015bci nie znalaz\u0142y si\u0119 w jej granicach. G\u0142\u00f3wny kierunek ataku narodowych socjalist\u00f3w skierowany by\u0142 na organizacje polskie, przede wszystkim na szko\u0142y. Nasili\u0142a si\u0119 walka z polsk\u0105 pras\u0105 i literatur\u0105 &#8211; m.in. wydano zakaz rozpowszechniania dzie\u0142 Henryka Sienkiewicza <em>Krzy\u017cacy<\/em>\u2013 zauwa\u017cy\u0142 Instytut Pami\u0119ci Narodowej.<\/p>\n<p>Podczas Kongresu przyj\u0119to Pi\u0119\u0107 Prawd Polak\u00f3w spod znaku Rod\u0142a:<\/p>\n<ol class=\"wp-block-list\">\n<li>Jeste\u015bmy Polakami.<\/li>\n<li>Wiara naszych ojc\u00f3w jest wiar\u0105 naszych dzieci.<\/li>\n<li>Polak jest bratem drugiego Polaka.<\/li>\n<li>Na co dzie\u0144 Polak s\u0142u\u017cy narodowi.<\/li>\n<li>Polska jest nasz\u0105 matk\u0105 \u2013 o matce nie mo\u017cna \u017ale m\u00f3wi\u0107.<\/li>\n<\/ol>\n<p>Dzi\u015b ten ideologiczny manifest blisko 2-milionowej mniejszo\u015bci polskiej w przedwojennych Niemczech przypomnia\u0142 Prezydent RP Karol Nawrocki.<\/p>\n<p>&#8222;Pi\u0119kny manifest polsko\u015bci. Manifest odwa\u017cnych ludzi, kt\u00f3rzy kochali Polsk\u0119 i kt\u00f3rzy nawet w obliczu nadchodz\u0105cego kataklizmu szukali si\u0142y narodu w tym, co najwa\u017cniejsze. Mo\u017cna bra\u0107 udzia\u0142 w wydarzeniach historycznych, pomaga\u0107 J\u0105 tworzy\u0107, ale tam, gdzie Ona ju\u017c istnieje &#8211; warto albo s\u0142ucha\u0107, albo milcze\u0107&#8221; &#8211; napisa\u0142 Prezydent Nawrocki.<\/p>\n<\/div>\n<\/div>\n","protected":false},"excerpt":{"rendered":"<p>W mediach spo\u0142eczno\u015bciowych Prezydent RP Karol Nawrocki przypomnia\u0142 spo\u0142ecze\u0144stwu \u201ePi\u0119\u0107 prawd Polak\u00f3w spod znaku Rod\u0142a\u201d. \u201eManifest odwa\u017cnych ludzi, kt\u00f3rzy kochali<\/p>\n","protected":false},"author":1,"featured_media":7156,"comment_status":"open","ping_status":"open","sticky":false,"template":"","format":"standard","meta":{"footnotes":""},"categories":[4748],"tags":[6004,12307,82,194,12306,341,8262,10743,4344],"class_list":["post-10876","post","type-post","status-publish","format-standard","has-post-thumbnail","hentry","category-aktualne","tag-albo","tag-milczec","tag-piec","tag-polakow","tag-prawd","tag-prezydent","tag-przypomina","tag-sluchac","tag-warto","generate-columns","tablet-grid-50","mobile-grid-100","grid-parent","grid-50","resize-featured-image"],"yoast_head":"<!-- This site is optimized with the Yoast SEO plugin v23.2 - https:\/\/yoast.com\/wordpress\/plugins\/seo\/ -->\n<title>Prezydent przypomina \u201ePi\u0119\u0107 prawd Polak\u00f3w\u201d. \u201eWarto albo s\u0142ucha\u0107, albo milcze\u0107\u201d - POGOTOWIE FLAGOWE\u00ae<\/title>\n<meta name=\"robots\" content=\"index, follow, max-snippet:-1, max-image-preview:large, max-video-preview:-1\" \/>\n<link rel=\"canonical\" href=\"https:\/\/www.pogotowieflagowe.pl\/aktualne\/prezydent-przypomina-piec-prawd-polakow-warto-albo-sluchac-albo-milczec\/\" \/>\n<meta property=\"og:locale\" content=\"pl_PL\" \/>\n<meta property=\"og:type\" content=\"article\" \/>\n<meta property=\"og:title\" content=\"Prezydent przypomina \u201ePi\u0119\u0107 prawd Polak\u00f3w\u201d. \u201eWarto albo s\u0142ucha\u0107, albo milcze\u0107\u201d - POGOTOWIE FLAGOWE\u00ae\" \/>\n<meta property=\"og:description\" content=\"W mediach spo\u0142eczno\u015bciowych Prezydent RP Karol Nawrocki przypomnia\u0142 spo\u0142ecze\u0144stwu \u201ePi\u0119\u0107 prawd Polak\u00f3w spod znaku Rod\u0142a\u201d. \u201eManifest odwa\u017cnych ludzi, kt\u00f3rzy kochali\" \/>\n<meta property=\"og:url\" content=\"https:\/\/www.pogotowieflagowe.pl\/aktualne\/prezydent-przypomina-piec-prawd-polakow-warto-albo-sluchac-albo-milczec\/\" \/>\n<meta property=\"og:site_name\" content=\"POGOTOWIE FLAGOWE\u00ae\" \/>\n<meta property=\"article:published_time\" content=\"2025-11-22T12:53:24+00:00\" \/>\n<meta property=\"og:image\" content=\"https:\/\/www.pogotowieflagowe.pl\/aktualne\/wp-content\/uploads\/2025\/08\/Prezydent-Nawrocki-na-spotkanie-z-premierem-Tuska-na-prosbe-Tuska.webp.webp\" \/>\n\t<meta property=\"og:image:width\" content=\"1280\" \/>\n\t<meta property=\"og:image:height\" content=\"719\" \/>\n\t<meta property=\"og:image:type\" content=\"image\/webp\" \/>\n<meta name=\"author\" content=\"Filip\" \/>\n<meta name=\"twitter:card\" content=\"summary_large_image\" \/>\n<meta name=\"twitter:label1\" content=\"Napisane przez\" \/>\n\t<meta name=\"twitter:data1\" content=\"Filip\" \/>\n\t<meta name=\"twitter:label2\" content=\"Szacowany czas czytania\" \/>\n\t<meta name=\"twitter:data2\" content=\"2 minuty\" \/>\n<script type=\"application\/ld+json\" class=\"yoast-schema-graph\">{\"@context\":\"https:\/\/schema.org\",\"@graph\":[{\"@type\":\"Article\",\"@id\":\"https:\/\/www.pogotowieflagowe.pl\/aktualne\/prezydent-przypomina-piec-prawd-polakow-warto-albo-sluchac-albo-milczec\/#article\",\"isPartOf\":{\"@id\":\"https:\/\/www.pogotowieflagowe.pl\/aktualne\/prezydent-przypomina-piec-prawd-polakow-warto-albo-sluchac-albo-milczec\/\"},\"author\":{\"name\":\"Filip\",\"@id\":\"https:\/\/www.pogotowieflagowe.pl\/aktualne\/#\/schema\/person\/9c2fb7d2362ebf6fa088960d7f0d27b0\"},\"headline\":\"Prezydent przypomina \u201ePi\u0119\u0107 prawd Polak\u00f3w\u201d. \u201eWarto albo s\u0142ucha\u0107, albo milcze\u0107\u201d\",\"datePublished\":\"2025-11-22T12:53:24+00:00\",\"dateModified\":\"2025-11-22T12:53:24+00:00\",\"mainEntityOfPage\":{\"@id\":\"https:\/\/www.pogotowieflagowe.pl\/aktualne\/prezydent-przypomina-piec-prawd-polakow-warto-albo-sluchac-albo-milczec\/\"},\"wordCount\":329,\"commentCount\":0,\"publisher\":{\"@id\":\"https:\/\/www.pogotowieflagowe.pl\/aktualne\/#organization\"},\"image\":{\"@id\":\"https:\/\/www.pogotowieflagowe.pl\/aktualne\/prezydent-przypomina-piec-prawd-polakow-warto-albo-sluchac-albo-milczec\/#primaryimage\"},\"thumbnailUrl\":\"https:\/\/www.pogotowieflagowe.pl\/aktualne\/wp-content\/uploads\/2025\/08\/Prezydent-Nawrocki-na-spotkanie-z-premierem-Tuska-na-prosbe-Tuska.webp.webp\",\"keywords\":[\"albo\",\"milcze\u0107\",\"Pi\u0119\u0107\",\"Polak\u00f3w\",\"prawd\",\"Prezydent\",\"przypomina\",\"s\u0142ucha\u0107\",\"warto\"],\"articleSection\":[\"Aktualne\"],\"inLanguage\":\"pl-PL\",\"potentialAction\":[{\"@type\":\"CommentAction\",\"name\":\"Comment\",\"target\":[\"https:\/\/www.pogotowieflagowe.pl\/aktualne\/prezydent-przypomina-piec-prawd-polakow-warto-albo-sluchac-albo-milczec\/#respond\"]}]},{\"@type\":\"WebPage\",\"@id\":\"https:\/\/www.pogotowieflagowe.pl\/aktualne\/prezydent-przypomina-piec-prawd-polakow-warto-albo-sluchac-albo-milczec\/\",\"url\":\"https:\/\/www.pogotowieflagowe.pl\/aktualne\/prezydent-przypomina-piec-prawd-polakow-warto-albo-sluchac-albo-milczec\/\",\"name\":\"Prezydent przypomina \u201ePi\u0119\u0107 prawd Polak\u00f3w\u201d. \u201eWarto albo s\u0142ucha\u0107, albo milcze\u0107\u201d - POGOTOWIE FLAGOWE\u00ae\",\"isPartOf\":{\"@id\":\"https:\/\/www.pogotowieflagowe.pl\/aktualne\/#website\"},\"primaryImageOfPage\":{\"@id\":\"https:\/\/www.pogotowieflagowe.pl\/aktualne\/prezydent-przypomina-piec-prawd-polakow-warto-albo-sluchac-albo-milczec\/#primaryimage\"},\"image\":{\"@id\":\"https:\/\/www.pogotowieflagowe.pl\/aktualne\/prezydent-przypomina-piec-prawd-polakow-warto-albo-sluchac-albo-milczec\/#primaryimage\"},\"thumbnailUrl\":\"https:\/\/www.pogotowieflagowe.pl\/aktualne\/wp-content\/uploads\/2025\/08\/Prezydent-Nawrocki-na-spotkanie-z-premierem-Tuska-na-prosbe-Tuska.webp.webp\",\"datePublished\":\"2025-11-22T12:53:24+00:00\",\"dateModified\":\"2025-11-22T12:53:24+00:00\",\"breadcrumb\":{\"@id\":\"https:\/\/www.pogotowieflagowe.pl\/aktualne\/prezydent-przypomina-piec-prawd-polakow-warto-albo-sluchac-albo-milczec\/#breadcrumb\"},\"inLanguage\":\"pl-PL\",\"potentialAction\":[{\"@type\":\"ReadAction\",\"target\":[\"https:\/\/www.pogotowieflagowe.pl\/aktualne\/prezydent-przypomina-piec-prawd-polakow-warto-albo-sluchac-albo-milczec\/\"]}]},{\"@type\":\"ImageObject\",\"inLanguage\":\"pl-PL\",\"@id\":\"https:\/\/www.pogotowieflagowe.pl\/aktualne\/prezydent-przypomina-piec-prawd-polakow-warto-albo-sluchac-albo-milczec\/#primaryimage\",\"url\":\"https:\/\/www.pogotowieflagowe.pl\/aktualne\/wp-content\/uploads\/2025\/08\/Prezydent-Nawrocki-na-spotkanie-z-premierem-Tuska-na-prosbe-Tuska.webp.webp\",\"contentUrl\":\"https:\/\/www.pogotowieflagowe.pl\/aktualne\/wp-content\/uploads\/2025\/08\/Prezydent-Nawrocki-na-spotkanie-z-premierem-Tuska-na-prosbe-Tuska.webp.webp\",\"width\":1280,\"height\":719,\"caption\":\"Prezydent Nawrocki na spotkanie z premierem Tuska na pro\u015bb\u0119 Tuska\"},{\"@type\":\"BreadcrumbList\",\"@id\":\"https:\/\/www.pogotowieflagowe.pl\/aktualne\/prezydent-przypomina-piec-prawd-polakow-warto-albo-sluchac-albo-milczec\/#breadcrumb\",\"itemListElement\":[{\"@type\":\"ListItem\",\"position\":1,\"name\":\"Home\",\"item\":\"https:\/\/www.pogotowieflagowe.pl\/aktualne\/\"},{\"@type\":\"ListItem\",\"position\":2,\"name\":\"Prezydent przypomina \u201ePi\u0119\u0107 prawd Polak\u00f3w\u201d. \u201eWarto albo s\u0142ucha\u0107, albo milcze\u0107\u201d\"}]},{\"@type\":\"WebSite\",\"@id\":\"https:\/\/www.pogotowieflagowe.pl\/aktualne\/#website\",\"url\":\"https:\/\/www.pogotowieflagowe.pl\/aktualne\/\",\"name\":\"POGOTOWIE FLAGOWE\u00ae\",\"description\":\"\",\"publisher\":{\"@id\":\"https:\/\/www.pogotowieflagowe.pl\/aktualne\/#organization\"},\"potentialAction\":[{\"@type\":\"SearchAction\",\"target\":{\"@type\":\"EntryPoint\",\"urlTemplate\":\"https:\/\/www.pogotowieflagowe.pl\/aktualne\/?s={search_term_string}\"},\"query-input\":\"required name=search_term_string\"}],\"inLanguage\":\"pl-PL\"},{\"@type\":\"Organization\",\"@id\":\"https:\/\/www.pogotowieflagowe.pl\/aktualne\/#organization\",\"name\":\"POGOTOWIE FLAGOWE\u00ae\",\"url\":\"https:\/\/www.pogotowieflagowe.pl\/aktualne\/\",\"logo\":{\"@type\":\"ImageObject\",\"inLanguage\":\"pl-PL\",\"@id\":\"https:\/\/www.pogotowieflagowe.pl\/aktualne\/#\/schema\/logo\/image\/\",\"url\":\"https:\/\/www.pogotowieflagowe.pl\/aktualne\/wp-content\/uploads\/2024\/08\/cropped-pogotowieflagowe_flaga_projekt_sm.jpg\",\"contentUrl\":\"https:\/\/www.pogotowieflagowe.pl\/aktualne\/wp-content\/uploads\/2024\/08\/cropped-pogotowieflagowe_flaga_projekt_sm.jpg\",\"width\":250,\"height\":143,\"caption\":\"POGOTOWIE FLAGOWE\u00ae\"},\"image\":{\"@id\":\"https:\/\/www.pogotowieflagowe.pl\/aktualne\/#\/schema\/logo\/image\/\"}},{\"@type\":\"Person\",\"@id\":\"https:\/\/www.pogotowieflagowe.pl\/aktualne\/#\/schema\/person\/9c2fb7d2362ebf6fa088960d7f0d27b0\",\"name\":\"Filip\",\"image\":{\"@type\":\"ImageObject\",\"inLanguage\":\"pl-PL\",\"@id\":\"https:\/\/www.pogotowieflagowe.pl\/aktualne\/#\/schema\/person\/image\/\",\"url\":\"https:\/\/www.pogotowieflagowe.pl\/aktualne\/wp-content\/uploads\/2024\/08\/pogotowieflagowe.pl_.jpg\",\"contentUrl\":\"https:\/\/www.pogotowieflagowe.pl\/aktualne\/wp-content\/uploads\/2024\/08\/pogotowieflagowe.pl_.jpg\",\"caption\":\"Filip\"},\"description\":\"Jestem Filip, polski dziennikarz z dyplomem nauk politycznych Uniwersytetu Warszawskiego. Rozpoczynaj\u0105c swoj\u0105 karier\u0119 w r\u00f3\u017cnych lokalnych mediach, zdoby\u0142em solidne do\u015bwiadczenie w zakresie \u015bledztwa i redakcji. Obecnie jako redaktor w Pogotowie flagowe, staram si\u0119 dostarcza\u0107 dog\u0142\u0119bne i istotne analizy na temat najwa\u017cniejszych kwestii aktualno\u015bci, \u0142\u0105cz\u0105c rygor z pasj\u0105 dziennikarsk\u0105.\",\"sameAs\":[\"https:\/\/www.pogotowieflagowe.pl\/\"]}]}<\/script>\n<!-- \/ Yoast SEO plugin. -->","yoast_head_json":{"title":"Prezydent przypomina \u201ePi\u0119\u0107 prawd Polak\u00f3w\u201d. \u201eWarto albo s\u0142ucha\u0107, albo milcze\u0107\u201d - POGOTOWIE FLAGOWE\u00ae","robots":{"index":"index","follow":"follow","max-snippet":"max-snippet:-1","max-image-preview":"max-image-preview:large","max-video-preview":"max-video-preview:-1"},"canonical":"https:\/\/www.pogotowieflagowe.pl\/aktualne\/prezydent-przypomina-piec-prawd-polakow-warto-albo-sluchac-albo-milczec\/","og_locale":"pl_PL","og_type":"article","og_title":"Prezydent przypomina \u201ePi\u0119\u0107 prawd Polak\u00f3w\u201d. \u201eWarto albo s\u0142ucha\u0107, albo milcze\u0107\u201d - POGOTOWIE FLAGOWE\u00ae","og_description":"W mediach spo\u0142eczno\u015bciowych Prezydent RP Karol Nawrocki przypomnia\u0142 spo\u0142ecze\u0144stwu \u201ePi\u0119\u0107 prawd Polak\u00f3w spod znaku Rod\u0142a\u201d. \u201eManifest odwa\u017cnych ludzi, kt\u00f3rzy kochali","og_url":"https:\/\/www.pogotowieflagowe.pl\/aktualne\/prezydent-przypomina-piec-prawd-polakow-warto-albo-sluchac-albo-milczec\/","og_site_name":"POGOTOWIE FLAGOWE\u00ae","article_published_time":"2025-11-22T12:53:24+00:00","og_image":[{"width":1280,"height":719,"url":"https:\/\/www.pogotowieflagowe.pl\/aktualne\/wp-content\/uploads\/2025\/08\/Prezydent-Nawrocki-na-spotkanie-z-premierem-Tuska-na-prosbe-Tuska.webp.webp","type":"image\/webp"}],"author":"Filip","twitter_card":"summary_large_image","twitter_misc":{"Napisane przez":"Filip","Szacowany czas czytania":"2 minuty"},"schema":{"@context":"https:\/\/schema.org","@graph":[{"@type":"Article","@id":"https:\/\/www.pogotowieflagowe.pl\/aktualne\/prezydent-przypomina-piec-prawd-polakow-warto-albo-sluchac-albo-milczec\/#article","isPartOf":{"@id":"https:\/\/www.pogotowieflagowe.pl\/aktualne\/prezydent-przypomina-piec-prawd-polakow-warto-albo-sluchac-albo-milczec\/"},"author":{"name":"Filip","@id":"https:\/\/www.pogotowieflagowe.pl\/aktualne\/#\/schema\/person\/9c2fb7d2362ebf6fa088960d7f0d27b0"},"headline":"Prezydent przypomina \u201ePi\u0119\u0107 prawd Polak\u00f3w\u201d. \u201eWarto albo s\u0142ucha\u0107, albo milcze\u0107\u201d","datePublished":"2025-11-22T12:53:24+00:00","dateModified":"2025-11-22T12:53:24+00:00","mainEntityOfPage":{"@id":"https:\/\/www.pogotowieflagowe.pl\/aktualne\/prezydent-przypomina-piec-prawd-polakow-warto-albo-sluchac-albo-milczec\/"},"wordCount":329,"commentCount":0,"publisher":{"@id":"https:\/\/www.pogotowieflagowe.pl\/aktualne\/#organization"},"image":{"@id":"https:\/\/www.pogotowieflagowe.pl\/aktualne\/prezydent-przypomina-piec-prawd-polakow-warto-albo-sluchac-albo-milczec\/#primaryimage"},"thumbnailUrl":"https:\/\/www.pogotowieflagowe.pl\/aktualne\/wp-content\/uploads\/2025\/08\/Prezydent-Nawrocki-na-spotkanie-z-premierem-Tuska-na-prosbe-Tuska.webp.webp","keywords":["albo","milcze\u0107","Pi\u0119\u0107","Polak\u00f3w","prawd","Prezydent","przypomina","s\u0142ucha\u0107","warto"],"articleSection":["Aktualne"],"inLanguage":"pl-PL","potentialAction":[{"@type":"CommentAction","name":"Comment","target":["https:\/\/www.pogotowieflagowe.pl\/aktualne\/prezydent-przypomina-piec-prawd-polakow-warto-albo-sluchac-albo-milczec\/#respond"]}]},{"@type":"WebPage","@id":"https:\/\/www.pogotowieflagowe.pl\/aktualne\/prezydent-przypomina-piec-prawd-polakow-warto-albo-sluchac-albo-milczec\/","url":"https:\/\/www.pogotowieflagowe.pl\/aktualne\/prezydent-przypomina-piec-prawd-polakow-warto-albo-sluchac-albo-milczec\/","name":"Prezydent przypomina \u201ePi\u0119\u0107 prawd Polak\u00f3w\u201d. \u201eWarto albo s\u0142ucha\u0107, albo milcze\u0107\u201d - POGOTOWIE FLAGOWE\u00ae","isPartOf":{"@id":"https:\/\/www.pogotowieflagowe.pl\/aktualne\/#website"},"primaryImageOfPage":{"@id":"https:\/\/www.pogotowieflagowe.pl\/aktualne\/prezydent-przypomina-piec-prawd-polakow-warto-albo-sluchac-albo-milczec\/#primaryimage"},"image":{"@id":"https:\/\/www.pogotowieflagowe.pl\/aktualne\/prezydent-przypomina-piec-prawd-polakow-warto-albo-sluchac-albo-milczec\/#primaryimage"},"thumbnailUrl":"https:\/\/www.pogotowieflagowe.pl\/aktualne\/wp-content\/uploads\/2025\/08\/Prezydent-Nawrocki-na-spotkanie-z-premierem-Tuska-na-prosbe-Tuska.webp.webp","datePublished":"2025-11-22T12:53:24+00:00","dateModified":"2025-11-22T12:53:24+00:00","breadcrumb":{"@id":"https:\/\/www.pogotowieflagowe.pl\/aktualne\/prezydent-przypomina-piec-prawd-polakow-warto-albo-sluchac-albo-milczec\/#breadcrumb"},"inLanguage":"pl-PL","potentialAction":[{"@type":"ReadAction","target":["https:\/\/www.pogotowieflagowe.pl\/aktualne\/prezydent-przypomina-piec-prawd-polakow-warto-albo-sluchac-albo-milczec\/"]}]},{"@type":"ImageObject","inLanguage":"pl-PL","@id":"https:\/\/www.pogotowieflagowe.pl\/aktualne\/prezydent-przypomina-piec-prawd-polakow-warto-albo-sluchac-albo-milczec\/#primaryimage","url":"https:\/\/www.pogotowieflagowe.pl\/aktualne\/wp-content\/uploads\/2025\/08\/Prezydent-Nawrocki-na-spotkanie-z-premierem-Tuska-na-prosbe-Tuska.webp.webp","contentUrl":"https:\/\/www.pogotowieflagowe.pl\/aktualne\/wp-content\/uploads\/2025\/08\/Prezydent-Nawrocki-na-spotkanie-z-premierem-Tuska-na-prosbe-Tuska.webp.webp","width":1280,"height":719,"caption":"Prezydent Nawrocki na spotkanie z premierem Tuska na pro\u015bb\u0119 Tuska"},{"@type":"BreadcrumbList","@id":"https:\/\/www.pogotowieflagowe.pl\/aktualne\/prezydent-przypomina-piec-prawd-polakow-warto-albo-sluchac-albo-milczec\/#breadcrumb","itemListElement":[{"@type":"ListItem","position":1,"name":"Home","item":"https:\/\/www.pogotowieflagowe.pl\/aktualne\/"},{"@type":"ListItem","position":2,"name":"Prezydent przypomina \u201ePi\u0119\u0107 prawd Polak\u00f3w\u201d. \u201eWarto albo s\u0142ucha\u0107, albo milcze\u0107\u201d"}]},{"@type":"WebSite","@id":"https:\/\/www.pogotowieflagowe.pl\/aktualne\/#website","url":"https:\/\/www.pogotowieflagowe.pl\/aktualne\/","name":"POGOTOWIE FLAGOWE\u00ae","description":"","publisher":{"@id":"https:\/\/www.pogotowieflagowe.pl\/aktualne\/#organization"},"potentialAction":[{"@type":"SearchAction","target":{"@type":"EntryPoint","urlTemplate":"https:\/\/www.pogotowieflagowe.pl\/aktualne\/?s={search_term_string}"},"query-input":"required name=search_term_string"}],"inLanguage":"pl-PL"},{"@type":"Organization","@id":"https:\/\/www.pogotowieflagowe.pl\/aktualne\/#organization","name":"POGOTOWIE FLAGOWE\u00ae","url":"https:\/\/www.pogotowieflagowe.pl\/aktualne\/","logo":{"@type":"ImageObject","inLanguage":"pl-PL","@id":"https:\/\/www.pogotowieflagowe.pl\/aktualne\/#\/schema\/logo\/image\/","url":"https:\/\/www.pogotowieflagowe.pl\/aktualne\/wp-content\/uploads\/2024\/08\/cropped-pogotowieflagowe_flaga_projekt_sm.jpg","contentUrl":"https:\/\/www.pogotowieflagowe.pl\/aktualne\/wp-content\/uploads\/2024\/08\/cropped-pogotowieflagowe_flaga_projekt_sm.jpg","width":250,"height":143,"caption":"POGOTOWIE FLAGOWE\u00ae"},"image":{"@id":"https:\/\/www.pogotowieflagowe.pl\/aktualne\/#\/schema\/logo\/image\/"}},{"@type":"Person","@id":"https:\/\/www.pogotowieflagowe.pl\/aktualne\/#\/schema\/person\/9c2fb7d2362ebf6fa088960d7f0d27b0","name":"Filip","image":{"@type":"ImageObject","inLanguage":"pl-PL","@id":"https:\/\/www.pogotowieflagowe.pl\/aktualne\/#\/schema\/person\/image\/","url":"https:\/\/www.pogotowieflagowe.pl\/aktualne\/wp-content\/uploads\/2024\/08\/pogotowieflagowe.pl_.jpg","contentUrl":"https:\/\/www.pogotowieflagowe.pl\/aktualne\/wp-content\/uploads\/2024\/08\/pogotowieflagowe.pl_.jpg","caption":"Filip"},"description":"Jestem Filip, polski dziennikarz z dyplomem nauk politycznych Uniwersytetu Warszawskiego. Rozpoczynaj\u0105c swoj\u0105 karier\u0119 w r\u00f3\u017cnych lokalnych mediach, zdoby\u0142em solidne do\u015bwiadczenie w zakresie \u015bledztwa i redakcji. Obecnie jako redaktor w Pogotowie flagowe, staram si\u0119 dostarcza\u0107 dog\u0142\u0119bne i istotne analizy na temat najwa\u017cniejszych kwestii aktualno\u015bci, \u0142\u0105cz\u0105c rygor z pasj\u0105 dziennikarsk\u0105.","sameAs":["https:\/\/www.pogotowieflagowe.pl\/"]}]}},"_links":{"self":[{"href":"https:\/\/www.pogotowieflagowe.pl\/aktualne\/wp-json\/wp\/v2\/posts\/10876","targetHints":{"allow":["GET"]}}],"collection":[{"href":"https:\/\/www.pogotowieflagowe.pl\/aktualne\/wp-json\/wp\/v2\/posts"}],"about":[{"href":"https:\/\/www.pogotowieflagowe.pl\/aktualne\/wp-json\/wp\/v2\/types\/post"}],"author":[{"embeddable":true,"href":"https:\/\/www.pogotowieflagowe.pl\/aktualne\/wp-json\/wp\/v2\/users\/1"}],"replies":[{"embeddable":true,"href":"https:\/\/www.pogotowieflagowe.pl\/aktualne\/wp-json\/wp\/v2\/comments?post=10876"}],"version-history":[{"count":1,"href":"https:\/\/www.pogotowieflagowe.pl\/aktualne\/wp-json\/wp\/v2\/posts\/10876\/revisions"}],"predecessor-version":[{"id":10877,"href":"https:\/\/www.pogotowieflagowe.pl\/aktualne\/wp-json\/wp\/v2\/posts\/10876\/revisions\/10877"}],"wp:featuredmedia":[{"embeddable":true,"href":"https:\/\/www.pogotowieflagowe.pl\/aktualne\/wp-json\/wp\/v2\/media\/7156"}],"wp:attachment":[{"href":"https:\/\/www.pogotowieflagowe.pl\/aktualne\/wp-json\/wp\/v2\/media?parent=10876"}],"wp:term":[{"taxonomy":"category","embeddable":true,"href":"https:\/\/www.pogotowieflagowe.pl\/aktualne\/wp-json\/wp\/v2\/categories?post=10876"},{"taxonomy":"post_tag","embeddable":true,"href":"https:\/\/www.pogotowieflagowe.pl\/aktualne\/wp-json\/wp\/v2\/tags?post=10876"}],"curies":[{"name":"wp","href":"https:\/\/api.w.org\/{rel}","templated":true}]}}