{"id":10878,"date":"2025-11-22T14:24:27","date_gmt":"2025-11-22T13:24:27","guid":{"rendered":"https:\/\/www.pogotowieflagowe.pl\/aktualne\/czarzasty-sygnalizuje-konfrontacje-z-prezydentem-i-ujawnia-weto-marszalka\/"},"modified":"2025-11-22T14:24:28","modified_gmt":"2025-11-22T13:24:28","slug":"czarzasty-sygnalizuje-konfrontacje-z-prezydentem-i-ujawnia-weto-marszalka","status":"publish","type":"post","link":"https:\/\/www.pogotowieflagowe.pl\/aktualne\/czarzasty-sygnalizuje-konfrontacje-z-prezydentem-i-ujawnia-weto-marszalka\/","title":{"rendered":"Czarzasty sygnalizuje konfrontacj\u0119 z prezydentem i ujawnia \u201eweto marsza\u0142ka\u201d"},"content":{"rendered":"\n<div class=\"td_block_wrap tdb_single_content tdi_46 td-pb-border-top td_block_template_8 td-post-content tagdiv-type\" data-td-block-uid=\"tdi_46\">\n<style>.tdi_46{margines-g\u00f3rny:0px!important;margin-bottom:0px!important;dope\u0142nienie-g\u00f3ra:0px!important;dope\u0142nienie-d\u00f3\u0142:0px!important}<\/style>\n<style>.tdb_single_content{margin-bottom:0;*zoom:1}.tdb_single_content:before,.tdb_single_content:after{display:table;content:'';line-height:0}.tdb_single_content:after{clear:both}.tdb_single_content .tdb-block-inner>*:not(.wp-block-quote):not(.alignwide):not(.alignfull.wp-block-cover.has-parallax):not(.td-a-ad){margin-left:auto;margin-right:auto}.tdb_single_content a{pointer-events:auto}.tdb_single_content .td-spot-id-top_ad .tdc-placeholder-title:before{content:'Najlepsza reklama artyku\u0142u'!important}.tdb_single_content .td-spot-id-inline_ad0 .tdc-placeholder-title:before{content:'Reklama wbudowana artyku\u0142u 1'!important}.tdb_single_content .td-spot-id-inline_ad1 .tdc-placeholder-title:before{content:'Wbudowana reklama w artykule 2'!important}.tdb_single_content .td-spot-id-inline_ad2 .tdc-placeholder-title:before{content:'Wbudowana reklama w artykule 3'!important}.tdb_single_content .td-spot-id-bottom_ad .tdc-placeholder-title:before{content:'Article Bottom Ad'!important}.tdb_single_content .id_top_ad,.tdb_single_content .id_bottom_ad{clear:both;margin-bottom:21px;text-align:center}.tdb_single_content .id_top_ad img,.tdb_single_content .id_bottom_ad img{margin-bottom:0}.tdb_single_content .id_top_ad .adsbygoogle,.tdb_single_content .id_bottom_ad .adsbygoogle{position:relative}.tdb_single_content .id_ad_content-horiz-left,.tdb_single_content .id_ad_content-horiz-right,.tdb_single_content .id_ad_content-horiz-center{margin-bottom:15px}.tdb_single_content .id_ad_content-horiz-left img,.tdb_single_content .id_ad_content-horiz-right img,.tdb_single_content .id_ad_content-horiz-center img{margin-bottom:0}.tdb_single_content .id_ad_content-horiz-center{text-align:center}.tdb_single_content .id_ad_content-horiz-center img{margin-right:auto;margin-left:auto}.tdb_single_content .id_ad_content-horiz-left{float:left;margin-top:9px;margin-right:21px}.tdb_single_content .id_ad_content-horiz-right{float:right;margin-top:6px;margin-left:21px}.tdb_single_content .tdc-a-ad .tdc-placeholder-title{width:300px;height:250px}.tdb_single_content .tdc-a-ad .tdc-placeholder-title:before{position:absolute;top:50%;-webkit-transform:translateY(-50%);transform:translateY(-50%);margin:auto;display:table;width:100%}.tdb_single_content .tdb-block-inner.td-fix-index{word-break:break-word}.tdi_46,.tdi_46>p,.tdi_46 .tdb-block-inner>p,.wp-block-column>p{font-size:16px!important;line-height:1.6!important}.tdi_46 .tdb-block-inner blockquote p{font-style:normal!important}@media (max-width:767px){.tdb_single_content .id_ad_content-horiz-left,.tdb_single_content .id_ad_content-horiz-right,.tdb_single_content .id_ad_content-horiz-center{margin:0 auto 26 pikseli auto}}@media (max-width:767px){.tdb_single_content .id_ad_content-horiz-left{margin-right:0}}@media (max-width:767px){.tdb_single_content .id_ad_content-horiz-right{margin-left:0}}@media (max-width:767px){.tdb_single_content .td-a-ad{float:none;text-align:center}.tdb_single_content .td-a-ad img{margin-right:auto;margin-left:auto}.tdb_single_content .tdc-a-ad{float:none}}<\/style>\n<div class=\"tdb-block-inner td-fix-index\">\n<p><strong>&#8222;Zasady s\u0105 proste &#8211; prezydent reprezentuje, rz\u0105d rz\u0105dzi. B\u0119d\u0119 blokowa\u0142 wszelkie pr\u00f3by wprowadzenia innego modelu&#8221; <\/strong>\u2013 powiedzia\u0142 w swoim wyst\u0105pieniu nowy Marsza\u0142ek Sejmu W\u0142odzimierz Czarzasty. W czym\u015b, co r\u00f3wna\u0142o si\u0119 politycznemu expos\u00e9, zapowiedzia\u0142 tak\u017ce u\u017cycie a <strong>\u201eweto marsza\u0142ka\u201d<\/strong> przeciwko rachunkom, kt\u00f3re uzna za niew\u0142a\u015bciwe.<\/p>\n<p>Czarzasty rozpocz\u0105\u0142 od podzi\u0119kowa\u0144 swojemu poprzednikowi \u2013 pierwszemu w historii rotacyjnemu m\u00f3wcy, Szymonowi Ho\u0142owni. Zdaniem jego nast\u0119pcy, fakt, \u017ce takie przej\u015bcie mia\u0142o miejsce, o tym \u015bwiadczy<strong> \u201ekoalicja rz\u0105dz\u0105ca jest stabilna\u201d.<\/strong><\/p>\n<figure class=\"wp-block-pullquote\">\n<blockquote>\n<p>\u201eB\u0119d\u0119 stra\u017cnikiem praw parlamentu i ustroju demokratycznego naszego pa\u0144stwa zapisanych w Konstytucji\u201d \u2013 podkre\u015bli\u0142. <\/p>\n<\/blockquote>\n<\/figure>\n<p>Dalsza cz\u0119\u015b\u0107 przem\u00f3wienia r\u00f3wnie\u017c by\u0142a przesi\u0105kni\u0119ta polityk\u0105. Najwa\u017cniejszym wydaje si\u0119 przes\u0142anie, jakie nowy m\u00f3wca skierowa\u0142 do Prezydenta Karola Nawrockiego.<\/p>\n<p>Problem polityczny nie wynika z samej Konstytucji, ale z dzia\u0142a\u0144 tych, kt\u00f3rzy chc\u0105 podwa\u017cy\u0107 jej zasady.<strong> &#8222;Zasady s\u0105 proste \u2013 prezydent reprezentuje, rz\u0105d rz\u0105dzi. B\u0119d\u0119 blokowa\u0142 wszelkie pr\u00f3by wprowadzenia innego modelu ni\u017c ten, kt\u00f3ry zatwierdzili\u015bmy w referendum konstytucyjnym w 1997 r.\u201d<\/strong> \u2013 stwierdzi\u0142 Czarzasty, ujawniaj\u0105c do\u015b\u0107 odr\u0119bn\u0105 interpretacj\u0119 konstytucyjnej roli prezydenta. Nast\u0119pnie wprowadzi\u0142 koncepcj\u0119 niespotykan\u0105 w polskiej polityce, og\u0142aszaj\u0105c, \u017ce zamierza zastosowa\u0107 a <strong>\u201eweto marsza\u0142ka\u201d<\/strong>  do wybranych rachunk\u00f3w.<\/p>\n<figure class=\"wp-block-pullquote\">\n<blockquote>\n<p>\u201eZastosuj\u0119 weto marsza\u0142ka wobec szkodliwych propozycji legislacyjnych, kt\u00f3re s\u0142u\u017c\u0105 populizmowi i zak\u0142\u00f3caj\u0105 zasady funkcjonowania pa\u0144stwa\u201d \u2013 zapowiedzia\u0142, deklaruj\u0105c lojalno\u015b\u0107 wobec koalicji rz\u0105dz\u0105cej.<\/p>\n<\/blockquote>\n<\/figure>\n<\/div>\n<\/div>\n","protected":false},"excerpt":{"rendered":"<p>&#8222;Zasady s\u0105 proste &#8211; prezydent reprezentuje, rz\u0105d rz\u0105dzi. B\u0119d\u0119 blokowa\u0142 wszelkie pr\u00f3by wprowadzenia innego modelu&#8221; \u2013 powiedzia\u0142 w swoim wyst\u0105pieniu<\/p>\n","protected":false},"author":1,"featured_media":10879,"comment_status":"open","ping_status":"open","sticky":false,"template":"","format":"standard","meta":{"footnotes":""},"categories":[4748],"tags":[10567,12308,11762,6396,1166,192,7383],"class_list":["post-10878","post","type-post","status-publish","format-standard","has-post-thumbnail","hentry","category-aktualne","tag-czarzasty","tag-konfrontacje","tag-marszalka","tag-prezydentem","tag-sygnalizuje","tag-ujawnia","tag-weto","generate-columns","tablet-grid-50","mobile-grid-100","grid-parent","grid-50","resize-featured-image"],"yoast_head":"<!-- This site is optimized with the Yoast SEO plugin v23.2 - https:\/\/yoast.com\/wordpress\/plugins\/seo\/ -->\n<title>Czarzasty sygnalizuje konfrontacj\u0119 z prezydentem i ujawnia \u201eweto marsza\u0142ka\u201d - POGOTOWIE FLAGOWE\u00ae<\/title>\n<meta name=\"robots\" content=\"index, follow, max-snippet:-1, max-image-preview:large, max-video-preview:-1\" \/>\n<link rel=\"canonical\" href=\"https:\/\/www.pogotowieflagowe.pl\/aktualne\/czarzasty-sygnalizuje-konfrontacje-z-prezydentem-i-ujawnia-weto-marszalka\/\" \/>\n<meta property=\"og:locale\" content=\"pl_PL\" \/>\n<meta property=\"og:type\" content=\"article\" \/>\n<meta property=\"og:title\" content=\"Czarzasty sygnalizuje konfrontacj\u0119 z prezydentem i ujawnia \u201eweto marsza\u0142ka\u201d - POGOTOWIE FLAGOWE\u00ae\" \/>\n<meta property=\"og:description\" content=\"&#8222;Zasady s\u0105 proste &#8211; prezydent reprezentuje, rz\u0105d rz\u0105dzi. B\u0119d\u0119 blokowa\u0142 wszelkie pr\u00f3by wprowadzenia innego modelu&#8221; \u2013 powiedzia\u0142 w swoim wyst\u0105pieniu\" \/>\n<meta property=\"og:url\" content=\"https:\/\/www.pogotowieflagowe.pl\/aktualne\/czarzasty-sygnalizuje-konfrontacje-z-prezydentem-i-ujawnia-weto-marszalka\/\" \/>\n<meta property=\"og:site_name\" content=\"POGOTOWIE FLAGOWE\u00ae\" \/>\n<meta property=\"article:published_time\" content=\"2025-11-22T13:24:27+00:00\" \/>\n<meta property=\"article:modified_time\" content=\"2025-11-22T13:24:28+00:00\" \/>\n<meta property=\"og:image\" content=\"https:\/\/www.pogotowieflagowe.pl\/aktualne\/wp-content\/uploads\/2025\/11\/Czarzasty-sygnalizuje-konfrontacje-z-prezydentem-i-ujawnia-\u201eweto-marszalka.webp.webp\" \/>\n\t<meta property=\"og:image:width\" content=\"1280\" \/>\n\t<meta property=\"og:image:height\" content=\"720\" \/>\n\t<meta property=\"og:image:type\" content=\"image\/webp\" \/>\n<meta name=\"author\" content=\"Filip\" \/>\n<meta name=\"twitter:card\" content=\"summary_large_image\" \/>\n<meta name=\"twitter:label1\" content=\"Napisane przez\" \/>\n\t<meta name=\"twitter:data1\" content=\"Filip\" \/>\n\t<meta name=\"twitter:label2\" content=\"Szacowany czas czytania\" \/>\n\t<meta name=\"twitter:data2\" content=\"1 minuta\" \/>\n<script type=\"application\/ld+json\" class=\"yoast-schema-graph\">{\"@context\":\"https:\/\/schema.org\",\"@graph\":[{\"@type\":\"Article\",\"@id\":\"https:\/\/www.pogotowieflagowe.pl\/aktualne\/czarzasty-sygnalizuje-konfrontacje-z-prezydentem-i-ujawnia-weto-marszalka\/#article\",\"isPartOf\":{\"@id\":\"https:\/\/www.pogotowieflagowe.pl\/aktualne\/czarzasty-sygnalizuje-konfrontacje-z-prezydentem-i-ujawnia-weto-marszalka\/\"},\"author\":{\"name\":\"Filip\",\"@id\":\"https:\/\/www.pogotowieflagowe.pl\/aktualne\/#\/schema\/person\/9c2fb7d2362ebf6fa088960d7f0d27b0\"},\"headline\":\"Czarzasty sygnalizuje konfrontacj\u0119 z prezydentem i ujawnia \u201eweto marsza\u0142ka\u201d\",\"datePublished\":\"2025-11-22T13:24:27+00:00\",\"dateModified\":\"2025-11-22T13:24:28+00:00\",\"mainEntityOfPage\":{\"@id\":\"https:\/\/www.pogotowieflagowe.pl\/aktualne\/czarzasty-sygnalizuje-konfrontacje-z-prezydentem-i-ujawnia-weto-marszalka\/\"},\"wordCount\":259,\"commentCount\":0,\"publisher\":{\"@id\":\"https:\/\/www.pogotowieflagowe.pl\/aktualne\/#organization\"},\"image\":{\"@id\":\"https:\/\/www.pogotowieflagowe.pl\/aktualne\/czarzasty-sygnalizuje-konfrontacje-z-prezydentem-i-ujawnia-weto-marszalka\/#primaryimage\"},\"thumbnailUrl\":\"https:\/\/www.pogotowieflagowe.pl\/aktualne\/wp-content\/uploads\/2025\/11\/Czarzasty-sygnalizuje-konfrontacje-z-prezydentem-i-ujawnia-\u201eweto-marszalka.webp.webp\",\"keywords\":[\"Czarzasty\",\"konfrontacj\u0119\",\"marsza\u0142ka\",\"prezydentem\",\"sygnalizuje\",\"ujawnia\",\"Weto\"],\"articleSection\":[\"Aktualne\"],\"inLanguage\":\"pl-PL\",\"potentialAction\":[{\"@type\":\"CommentAction\",\"name\":\"Comment\",\"target\":[\"https:\/\/www.pogotowieflagowe.pl\/aktualne\/czarzasty-sygnalizuje-konfrontacje-z-prezydentem-i-ujawnia-weto-marszalka\/#respond\"]}]},{\"@type\":\"WebPage\",\"@id\":\"https:\/\/www.pogotowieflagowe.pl\/aktualne\/czarzasty-sygnalizuje-konfrontacje-z-prezydentem-i-ujawnia-weto-marszalka\/\",\"url\":\"https:\/\/www.pogotowieflagowe.pl\/aktualne\/czarzasty-sygnalizuje-konfrontacje-z-prezydentem-i-ujawnia-weto-marszalka\/\",\"name\":\"Czarzasty sygnalizuje konfrontacj\u0119 z prezydentem i ujawnia \u201eweto marsza\u0142ka\u201d - POGOTOWIE FLAGOWE\u00ae\",\"isPartOf\":{\"@id\":\"https:\/\/www.pogotowieflagowe.pl\/aktualne\/#website\"},\"primaryImageOfPage\":{\"@id\":\"https:\/\/www.pogotowieflagowe.pl\/aktualne\/czarzasty-sygnalizuje-konfrontacje-z-prezydentem-i-ujawnia-weto-marszalka\/#primaryimage\"},\"image\":{\"@id\":\"https:\/\/www.pogotowieflagowe.pl\/aktualne\/czarzasty-sygnalizuje-konfrontacje-z-prezydentem-i-ujawnia-weto-marszalka\/#primaryimage\"},\"thumbnailUrl\":\"https:\/\/www.pogotowieflagowe.pl\/aktualne\/wp-content\/uploads\/2025\/11\/Czarzasty-sygnalizuje-konfrontacje-z-prezydentem-i-ujawnia-\u201eweto-marszalka.webp.webp\",\"datePublished\":\"2025-11-22T13:24:27+00:00\",\"dateModified\":\"2025-11-22T13:24:28+00:00\",\"breadcrumb\":{\"@id\":\"https:\/\/www.pogotowieflagowe.pl\/aktualne\/czarzasty-sygnalizuje-konfrontacje-z-prezydentem-i-ujawnia-weto-marszalka\/#breadcrumb\"},\"inLanguage\":\"pl-PL\",\"potentialAction\":[{\"@type\":\"ReadAction\",\"target\":[\"https:\/\/www.pogotowieflagowe.pl\/aktualne\/czarzasty-sygnalizuje-konfrontacje-z-prezydentem-i-ujawnia-weto-marszalka\/\"]}]},{\"@type\":\"ImageObject\",\"inLanguage\":\"pl-PL\",\"@id\":\"https:\/\/www.pogotowieflagowe.pl\/aktualne\/czarzasty-sygnalizuje-konfrontacje-z-prezydentem-i-ujawnia-weto-marszalka\/#primaryimage\",\"url\":\"https:\/\/www.pogotowieflagowe.pl\/aktualne\/wp-content\/uploads\/2025\/11\/Czarzasty-sygnalizuje-konfrontacje-z-prezydentem-i-ujawnia-\u201eweto-marszalka.webp.webp\",\"contentUrl\":\"https:\/\/www.pogotowieflagowe.pl\/aktualne\/wp-content\/uploads\/2025\/11\/Czarzasty-sygnalizuje-konfrontacje-z-prezydentem-i-ujawnia-\u201eweto-marszalka.webp.webp\",\"width\":1280,\"height\":720,\"caption\":\"Czarzasty sygnalizuje konfrontacj\u0119 z prezydentem i ujawnia \u201eweto marsza\u0142ka\u201d\"},{\"@type\":\"BreadcrumbList\",\"@id\":\"https:\/\/www.pogotowieflagowe.pl\/aktualne\/czarzasty-sygnalizuje-konfrontacje-z-prezydentem-i-ujawnia-weto-marszalka\/#breadcrumb\",\"itemListElement\":[{\"@type\":\"ListItem\",\"position\":1,\"name\":\"Home\",\"item\":\"https:\/\/www.pogotowieflagowe.pl\/aktualne\/\"},{\"@type\":\"ListItem\",\"position\":2,\"name\":\"Czarzasty sygnalizuje konfrontacj\u0119 z prezydentem i ujawnia \u201eweto marsza\u0142ka\u201d\"}]},{\"@type\":\"WebSite\",\"@id\":\"https:\/\/www.pogotowieflagowe.pl\/aktualne\/#website\",\"url\":\"https:\/\/www.pogotowieflagowe.pl\/aktualne\/\",\"name\":\"POGOTOWIE FLAGOWE\u00ae\",\"description\":\"\",\"publisher\":{\"@id\":\"https:\/\/www.pogotowieflagowe.pl\/aktualne\/#organization\"},\"potentialAction\":[{\"@type\":\"SearchAction\",\"target\":{\"@type\":\"EntryPoint\",\"urlTemplate\":\"https:\/\/www.pogotowieflagowe.pl\/aktualne\/?s={search_term_string}\"},\"query-input\":\"required name=search_term_string\"}],\"inLanguage\":\"pl-PL\"},{\"@type\":\"Organization\",\"@id\":\"https:\/\/www.pogotowieflagowe.pl\/aktualne\/#organization\",\"name\":\"POGOTOWIE FLAGOWE\u00ae\",\"url\":\"https:\/\/www.pogotowieflagowe.pl\/aktualne\/\",\"logo\":{\"@type\":\"ImageObject\",\"inLanguage\":\"pl-PL\",\"@id\":\"https:\/\/www.pogotowieflagowe.pl\/aktualne\/#\/schema\/logo\/image\/\",\"url\":\"https:\/\/www.pogotowieflagowe.pl\/aktualne\/wp-content\/uploads\/2024\/08\/cropped-pogotowieflagowe_flaga_projekt_sm.jpg\",\"contentUrl\":\"https:\/\/www.pogotowieflagowe.pl\/aktualne\/wp-content\/uploads\/2024\/08\/cropped-pogotowieflagowe_flaga_projekt_sm.jpg\",\"width\":250,\"height\":143,\"caption\":\"POGOTOWIE FLAGOWE\u00ae\"},\"image\":{\"@id\":\"https:\/\/www.pogotowieflagowe.pl\/aktualne\/#\/schema\/logo\/image\/\"}},{\"@type\":\"Person\",\"@id\":\"https:\/\/www.pogotowieflagowe.pl\/aktualne\/#\/schema\/person\/9c2fb7d2362ebf6fa088960d7f0d27b0\",\"name\":\"Filip\",\"image\":{\"@type\":\"ImageObject\",\"inLanguage\":\"pl-PL\",\"@id\":\"https:\/\/www.pogotowieflagowe.pl\/aktualne\/#\/schema\/person\/image\/\",\"url\":\"https:\/\/www.pogotowieflagowe.pl\/aktualne\/wp-content\/uploads\/2024\/08\/pogotowieflagowe.pl_.jpg\",\"contentUrl\":\"https:\/\/www.pogotowieflagowe.pl\/aktualne\/wp-content\/uploads\/2024\/08\/pogotowieflagowe.pl_.jpg\",\"caption\":\"Filip\"},\"description\":\"Jestem Filip, polski dziennikarz z dyplomem nauk politycznych Uniwersytetu Warszawskiego. Rozpoczynaj\u0105c swoj\u0105 karier\u0119 w r\u00f3\u017cnych lokalnych mediach, zdoby\u0142em solidne do\u015bwiadczenie w zakresie \u015bledztwa i redakcji. Obecnie jako redaktor w Pogotowie flagowe, staram si\u0119 dostarcza\u0107 dog\u0142\u0119bne i istotne analizy na temat najwa\u017cniejszych kwestii aktualno\u015bci, \u0142\u0105cz\u0105c rygor z pasj\u0105 dziennikarsk\u0105.\",\"sameAs\":[\"https:\/\/www.pogotowieflagowe.pl\/\"]}]}<\/script>\n<!-- \/ Yoast SEO plugin. -->","yoast_head_json":{"title":"Czarzasty sygnalizuje konfrontacj\u0119 z prezydentem i ujawnia \u201eweto marsza\u0142ka\u201d - POGOTOWIE FLAGOWE\u00ae","robots":{"index":"index","follow":"follow","max-snippet":"max-snippet:-1","max-image-preview":"max-image-preview:large","max-video-preview":"max-video-preview:-1"},"canonical":"https:\/\/www.pogotowieflagowe.pl\/aktualne\/czarzasty-sygnalizuje-konfrontacje-z-prezydentem-i-ujawnia-weto-marszalka\/","og_locale":"pl_PL","og_type":"article","og_title":"Czarzasty sygnalizuje konfrontacj\u0119 z prezydentem i ujawnia \u201eweto marsza\u0142ka\u201d - POGOTOWIE FLAGOWE\u00ae","og_description":"&#8222;Zasady s\u0105 proste &#8211; prezydent reprezentuje, rz\u0105d rz\u0105dzi. B\u0119d\u0119 blokowa\u0142 wszelkie pr\u00f3by wprowadzenia innego modelu&#8221; \u2013 powiedzia\u0142 w swoim wyst\u0105pieniu","og_url":"https:\/\/www.pogotowieflagowe.pl\/aktualne\/czarzasty-sygnalizuje-konfrontacje-z-prezydentem-i-ujawnia-weto-marszalka\/","og_site_name":"POGOTOWIE FLAGOWE\u00ae","article_published_time":"2025-11-22T13:24:27+00:00","article_modified_time":"2025-11-22T13:24:28+00:00","og_image":[{"width":1280,"height":720,"url":"https:\/\/www.pogotowieflagowe.pl\/aktualne\/wp-content\/uploads\/2025\/11\/Czarzasty-sygnalizuje-konfrontacje-z-prezydentem-i-ujawnia-\u201eweto-marszalka.webp.webp","type":"image\/webp"}],"author":"Filip","twitter_card":"summary_large_image","twitter_misc":{"Napisane przez":"Filip","Szacowany czas czytania":"1 minuta"},"schema":{"@context":"https:\/\/schema.org","@graph":[{"@type":"Article","@id":"https:\/\/www.pogotowieflagowe.pl\/aktualne\/czarzasty-sygnalizuje-konfrontacje-z-prezydentem-i-ujawnia-weto-marszalka\/#article","isPartOf":{"@id":"https:\/\/www.pogotowieflagowe.pl\/aktualne\/czarzasty-sygnalizuje-konfrontacje-z-prezydentem-i-ujawnia-weto-marszalka\/"},"author":{"name":"Filip","@id":"https:\/\/www.pogotowieflagowe.pl\/aktualne\/#\/schema\/person\/9c2fb7d2362ebf6fa088960d7f0d27b0"},"headline":"Czarzasty sygnalizuje konfrontacj\u0119 z prezydentem i ujawnia \u201eweto marsza\u0142ka\u201d","datePublished":"2025-11-22T13:24:27+00:00","dateModified":"2025-11-22T13:24:28+00:00","mainEntityOfPage":{"@id":"https:\/\/www.pogotowieflagowe.pl\/aktualne\/czarzasty-sygnalizuje-konfrontacje-z-prezydentem-i-ujawnia-weto-marszalka\/"},"wordCount":259,"commentCount":0,"publisher":{"@id":"https:\/\/www.pogotowieflagowe.pl\/aktualne\/#organization"},"image":{"@id":"https:\/\/www.pogotowieflagowe.pl\/aktualne\/czarzasty-sygnalizuje-konfrontacje-z-prezydentem-i-ujawnia-weto-marszalka\/#primaryimage"},"thumbnailUrl":"https:\/\/www.pogotowieflagowe.pl\/aktualne\/wp-content\/uploads\/2025\/11\/Czarzasty-sygnalizuje-konfrontacje-z-prezydentem-i-ujawnia-\u201eweto-marszalka.webp.webp","keywords":["Czarzasty","konfrontacj\u0119","marsza\u0142ka","prezydentem","sygnalizuje","ujawnia","Weto"],"articleSection":["Aktualne"],"inLanguage":"pl-PL","potentialAction":[{"@type":"CommentAction","name":"Comment","target":["https:\/\/www.pogotowieflagowe.pl\/aktualne\/czarzasty-sygnalizuje-konfrontacje-z-prezydentem-i-ujawnia-weto-marszalka\/#respond"]}]},{"@type":"WebPage","@id":"https:\/\/www.pogotowieflagowe.pl\/aktualne\/czarzasty-sygnalizuje-konfrontacje-z-prezydentem-i-ujawnia-weto-marszalka\/","url":"https:\/\/www.pogotowieflagowe.pl\/aktualne\/czarzasty-sygnalizuje-konfrontacje-z-prezydentem-i-ujawnia-weto-marszalka\/","name":"Czarzasty sygnalizuje konfrontacj\u0119 z prezydentem i ujawnia \u201eweto marsza\u0142ka\u201d - POGOTOWIE FLAGOWE\u00ae","isPartOf":{"@id":"https:\/\/www.pogotowieflagowe.pl\/aktualne\/#website"},"primaryImageOfPage":{"@id":"https:\/\/www.pogotowieflagowe.pl\/aktualne\/czarzasty-sygnalizuje-konfrontacje-z-prezydentem-i-ujawnia-weto-marszalka\/#primaryimage"},"image":{"@id":"https:\/\/www.pogotowieflagowe.pl\/aktualne\/czarzasty-sygnalizuje-konfrontacje-z-prezydentem-i-ujawnia-weto-marszalka\/#primaryimage"},"thumbnailUrl":"https:\/\/www.pogotowieflagowe.pl\/aktualne\/wp-content\/uploads\/2025\/11\/Czarzasty-sygnalizuje-konfrontacje-z-prezydentem-i-ujawnia-\u201eweto-marszalka.webp.webp","datePublished":"2025-11-22T13:24:27+00:00","dateModified":"2025-11-22T13:24:28+00:00","breadcrumb":{"@id":"https:\/\/www.pogotowieflagowe.pl\/aktualne\/czarzasty-sygnalizuje-konfrontacje-z-prezydentem-i-ujawnia-weto-marszalka\/#breadcrumb"},"inLanguage":"pl-PL","potentialAction":[{"@type":"ReadAction","target":["https:\/\/www.pogotowieflagowe.pl\/aktualne\/czarzasty-sygnalizuje-konfrontacje-z-prezydentem-i-ujawnia-weto-marszalka\/"]}]},{"@type":"ImageObject","inLanguage":"pl-PL","@id":"https:\/\/www.pogotowieflagowe.pl\/aktualne\/czarzasty-sygnalizuje-konfrontacje-z-prezydentem-i-ujawnia-weto-marszalka\/#primaryimage","url":"https:\/\/www.pogotowieflagowe.pl\/aktualne\/wp-content\/uploads\/2025\/11\/Czarzasty-sygnalizuje-konfrontacje-z-prezydentem-i-ujawnia-\u201eweto-marszalka.webp.webp","contentUrl":"https:\/\/www.pogotowieflagowe.pl\/aktualne\/wp-content\/uploads\/2025\/11\/Czarzasty-sygnalizuje-konfrontacje-z-prezydentem-i-ujawnia-\u201eweto-marszalka.webp.webp","width":1280,"height":720,"caption":"Czarzasty sygnalizuje konfrontacj\u0119 z prezydentem i ujawnia \u201eweto marsza\u0142ka\u201d"},{"@type":"BreadcrumbList","@id":"https:\/\/www.pogotowieflagowe.pl\/aktualne\/czarzasty-sygnalizuje-konfrontacje-z-prezydentem-i-ujawnia-weto-marszalka\/#breadcrumb","itemListElement":[{"@type":"ListItem","position":1,"name":"Home","item":"https:\/\/www.pogotowieflagowe.pl\/aktualne\/"},{"@type":"ListItem","position":2,"name":"Czarzasty sygnalizuje konfrontacj\u0119 z prezydentem i ujawnia \u201eweto marsza\u0142ka\u201d"}]},{"@type":"WebSite","@id":"https:\/\/www.pogotowieflagowe.pl\/aktualne\/#website","url":"https:\/\/www.pogotowieflagowe.pl\/aktualne\/","name":"POGOTOWIE FLAGOWE\u00ae","description":"","publisher":{"@id":"https:\/\/www.pogotowieflagowe.pl\/aktualne\/#organization"},"potentialAction":[{"@type":"SearchAction","target":{"@type":"EntryPoint","urlTemplate":"https:\/\/www.pogotowieflagowe.pl\/aktualne\/?s={search_term_string}"},"query-input":"required name=search_term_string"}],"inLanguage":"pl-PL"},{"@type":"Organization","@id":"https:\/\/www.pogotowieflagowe.pl\/aktualne\/#organization","name":"POGOTOWIE FLAGOWE\u00ae","url":"https:\/\/www.pogotowieflagowe.pl\/aktualne\/","logo":{"@type":"ImageObject","inLanguage":"pl-PL","@id":"https:\/\/www.pogotowieflagowe.pl\/aktualne\/#\/schema\/logo\/image\/","url":"https:\/\/www.pogotowieflagowe.pl\/aktualne\/wp-content\/uploads\/2024\/08\/cropped-pogotowieflagowe_flaga_projekt_sm.jpg","contentUrl":"https:\/\/www.pogotowieflagowe.pl\/aktualne\/wp-content\/uploads\/2024\/08\/cropped-pogotowieflagowe_flaga_projekt_sm.jpg","width":250,"height":143,"caption":"POGOTOWIE FLAGOWE\u00ae"},"image":{"@id":"https:\/\/www.pogotowieflagowe.pl\/aktualne\/#\/schema\/logo\/image\/"}},{"@type":"Person","@id":"https:\/\/www.pogotowieflagowe.pl\/aktualne\/#\/schema\/person\/9c2fb7d2362ebf6fa088960d7f0d27b0","name":"Filip","image":{"@type":"ImageObject","inLanguage":"pl-PL","@id":"https:\/\/www.pogotowieflagowe.pl\/aktualne\/#\/schema\/person\/image\/","url":"https:\/\/www.pogotowieflagowe.pl\/aktualne\/wp-content\/uploads\/2024\/08\/pogotowieflagowe.pl_.jpg","contentUrl":"https:\/\/www.pogotowieflagowe.pl\/aktualne\/wp-content\/uploads\/2024\/08\/pogotowieflagowe.pl_.jpg","caption":"Filip"},"description":"Jestem Filip, polski dziennikarz z dyplomem nauk politycznych Uniwersytetu Warszawskiego. Rozpoczynaj\u0105c swoj\u0105 karier\u0119 w r\u00f3\u017cnych lokalnych mediach, zdoby\u0142em solidne do\u015bwiadczenie w zakresie \u015bledztwa i redakcji. Obecnie jako redaktor w Pogotowie flagowe, staram si\u0119 dostarcza\u0107 dog\u0142\u0119bne i istotne analizy na temat najwa\u017cniejszych kwestii aktualno\u015bci, \u0142\u0105cz\u0105c rygor z pasj\u0105 dziennikarsk\u0105.","sameAs":["https:\/\/www.pogotowieflagowe.pl\/"]}]}},"_links":{"self":[{"href":"https:\/\/www.pogotowieflagowe.pl\/aktualne\/wp-json\/wp\/v2\/posts\/10878","targetHints":{"allow":["GET"]}}],"collection":[{"href":"https:\/\/www.pogotowieflagowe.pl\/aktualne\/wp-json\/wp\/v2\/posts"}],"about":[{"href":"https:\/\/www.pogotowieflagowe.pl\/aktualne\/wp-json\/wp\/v2\/types\/post"}],"author":[{"embeddable":true,"href":"https:\/\/www.pogotowieflagowe.pl\/aktualne\/wp-json\/wp\/v2\/users\/1"}],"replies":[{"embeddable":true,"href":"https:\/\/www.pogotowieflagowe.pl\/aktualne\/wp-json\/wp\/v2\/comments?post=10878"}],"version-history":[{"count":1,"href":"https:\/\/www.pogotowieflagowe.pl\/aktualne\/wp-json\/wp\/v2\/posts\/10878\/revisions"}],"predecessor-version":[{"id":10880,"href":"https:\/\/www.pogotowieflagowe.pl\/aktualne\/wp-json\/wp\/v2\/posts\/10878\/revisions\/10880"}],"wp:featuredmedia":[{"embeddable":true,"href":"https:\/\/www.pogotowieflagowe.pl\/aktualne\/wp-json\/wp\/v2\/media\/10879"}],"wp:attachment":[{"href":"https:\/\/www.pogotowieflagowe.pl\/aktualne\/wp-json\/wp\/v2\/media?parent=10878"}],"wp:term":[{"taxonomy":"category","embeddable":true,"href":"https:\/\/www.pogotowieflagowe.pl\/aktualne\/wp-json\/wp\/v2\/categories?post=10878"},{"taxonomy":"post_tag","embeddable":true,"href":"https:\/\/www.pogotowieflagowe.pl\/aktualne\/wp-json\/wp\/v2\/tags?post=10878"}],"curies":[{"name":"wp","href":"https:\/\/api.w.org\/{rel}","templated":true}]}}