{"id":10884,"date":"2025-11-22T15:29:44","date_gmt":"2025-11-22T14:29:44","guid":{"rendered":"https:\/\/www.pogotowieflagowe.pl\/aktualne\/ue-wszczyna-postepowanie-przeciwko-slowacji-w-zwiazku-ze-zmianami-w-konstytucji-wywolujac-twierdzenia-polskiego-posla-o-koncu-demokracji\/"},"modified":"2025-11-22T15:29:45","modified_gmt":"2025-11-22T14:29:45","slug":"ue-wszczyna-postepowanie-przeciwko-slowacji-w-zwiazku-ze-zmianami-w-konstytucji-wywolujac-twierdzenia-polskiego-posla-o-koncu-demokracji","status":"publish","type":"post","link":"https:\/\/www.pogotowieflagowe.pl\/aktualne\/ue-wszczyna-postepowanie-przeciwko-slowacji-w-zwiazku-ze-zmianami-w-konstytucji-wywolujac-twierdzenia-polskiego-posla-o-koncu-demokracji\/","title":{"rendered":"UE wszczyna post\u0119powanie przeciwko S\u0142owacji w zwi\u0105zku ze zmianami w konstytucji, wywo\u0142uj\u0105c twierdzenia polskiego pos\u0142a o \u201eko\u0144cu demokracji\u201d"},"content":{"rendered":"\n<div class=\"td_block_wrap tdb_single_content tdi_46 td-pb-border-top td_block_template_8 td-post-content tagdiv-type\" data-td-block-uid=\"tdi_46\">\n<style>.tdi_46{margines-g\u00f3rny:0px!important;margin-bottom:0px!important;dope\u0142nienie-g\u00f3ra:0px!important;dope\u0142nienie-d\u00f3\u0142:0px!important}<\/style>\n<style>.tdb_single_content{margin-bottom:0;*zoom:1}.tdb_single_content:before,.tdb_single_content:after{display:table;content:'';line-height:0}.tdb_single_content:after{clear:both}.tdb_single_content .tdb-block-inner>*:not(.wp-block-quote):not(.alignwide):not(.alignfull.wp-block-cover.has-parallax):not(.td-a-ad){margin-left:auto;margin-right:auto}.tdb_single_content a{pointer-events:auto}.tdb_single_content .td-spot-id-top_ad .tdc-placeholder-title:before{content:'Najlepsza reklama artyku\u0142u'!important}.tdb_single_content .td-spot-id-inline_ad0 .tdc-placeholder-title:before{content:'Reklama wbudowana artyku\u0142u 1'!important}.tdb_single_content .td-spot-id-inline_ad1 .tdc-placeholder-title:before{content:'Wbudowana reklama w artykule 2'!important}.tdb_single_content .td-spot-id-inline_ad2 .tdc-placeholder-title:before{content:'Wbudowana reklama w artykule 3'!important}.tdb_single_content .td-spot-id-bottom_ad .tdc-placeholder-title:before{content:'Article Bottom Ad'!important}.tdb_single_content .id_top_ad,.tdb_single_content .id_bottom_ad{clear:both;margin-bottom:21px;text-align:center}.tdb_single_content .id_top_ad img,.tdb_single_content .id_bottom_ad img{margin-bottom:0}.tdb_single_content .id_top_ad .adsbygoogle,.tdb_single_content .id_bottom_ad .adsbygoogle{position:relative}.tdb_single_content .id_ad_content-horiz-left,.tdb_single_content .id_ad_content-horiz-right,.tdb_single_content .id_ad_content-horiz-center{margin-bottom:15px}.tdb_single_content .id_ad_content-horiz-left img,.tdb_single_content .id_ad_content-horiz-right img,.tdb_single_content .id_ad_content-horiz-center img{margin-bottom:0}.tdb_single_content .id_ad_content-horiz-center{text-align:center}.tdb_single_content .id_ad_content-horiz-center img{margin-right:auto;margin-left:auto}.tdb_single_content .id_ad_content-horiz-left{float:left;margin-top:9px;margin-right:21px}.tdb_single_content .id_ad_content-horiz-right{float:right;margin-top:6px;margin-left:21px}.tdb_single_content .tdc-a-ad .tdc-placeholder-title{width:300px;height:250px}.tdb_single_content .tdc-a-ad .tdc-placeholder-title:before{position:absolute;top:50%;-webkit-transform:translateY(-50%);transform:translateY(-50%);margin:auto;display:table;width:100%}.tdb_single_content .tdb-block-inner.td-fix-index{word-break:break-word}.tdi_46,.tdi_46>p,.tdi_46 .tdb-block-inner>p,.wp-block-column>p{font-size:16px!important;line-height:1.6!important}.tdi_46 .tdb-block-inner blockquote p{font-style:normal!important}@media (max-width:767px){.tdb_single_content .id_ad_content-horiz-left,.tdb_single_content .id_ad_content-horiz-right,.tdb_single_content .id_ad_content-horiz-center{margin:0 auto 26 pikseli auto}}@media (max-width:767px){.tdb_single_content .id_ad_content-horiz-left{margin-right:0}}@media (max-width:767px){.tdb_single_content .id_ad_content-horiz-right{margin-left:0}}@media (max-width:767px){.tdb_single_content .td-a-ad{float:none;text-align:center}.tdb_single_content .td-a-ad img{margin-right:auto;margin-left:auto}.tdb_single_content .tdc-a-ad{float:none}}<\/style>\n<div class=\"tdb-block-inner td-fix-index\">\n<p>Komisja Europejska wszcz\u0119\u0142a w pi\u0105tek post\u0119powanie przeciwko S\u0142owacji w zwi\u0105zku z, jak to okre\u015bli\u0142a, naruszeniem prawa UE. <em>&#8222;Lewicowi psychole w Brukseli nie pozwalaj\u0105 ju\u017c na zmiany konstytucji, nawet je\u015bli suwerenny nar\u00f3d wybierze tak\u0105 konstytucyjn\u0105 wi\u0119kszo\u015b\u0107. Co oznacza, \u017ce \u200b\u200bnie ma ju\u017c w og\u00f3le demokracji&#8221;<\/em> \u2013 napisa\u0142 pose\u0142 PiS na X.<\/p>\n<h2 class=\"wp-block-heading\">Unia Europejska zagra\u017ca demokracji<\/h2>\n<p>We wrze\u015bniu s\u0142owaccy ustawodawcy przyj\u0119li poprawki do konstytucji wzmacniaj\u0105ce warto\u015bci konserwatywne. Do ustawy zasadniczej wprowadzono zapis stwierdzaj\u0105cy prymat prawa krajowego nad prawodawstwem unijnym w sprawach \u201eto\u017csamo\u015bci narodowej\u201d. Obecnie w konstytucji znajduje si\u0119 tak\u017ce zapis m\u00f3wi\u0105cy o tym <em>\u201eS\u0142owacja uznaje tylko dwie p\u0142cie, zdeterminowane biologicznie: m\u0119sk\u0105 i \u017ce\u0144sk\u0105\u201d.<\/em><\/p>\n<p>W pi\u0105tek Komisja Europejska og\u0142osi\u0142a, \u017ce \u200b\u200bprzes\u0142a\u0142a formalne zawiadomienie w sprawie mo\u017cliwego naruszenia prawa UE. Bratys\u0142awa ma dwa miesi\u0105ce na udzielenie odpowiedzi i przedstawienie wyja\u015bnie\u0144.<\/p>\n<figure class=\"wp-block-pullquote\">\n<blockquote>\n<p><em>\u201eTa (nowelizacja) narusza zasad\u0119 pierwsze\u0144stwa prawa unijnego, stanowi\u0105c\u0105 podstawowy element porz\u0105dku prawnego UE, a tak\u017ce zasady autonomii, skuteczno\u015bci i jednolitego stosowania prawa Unii\u201d<\/em> <\/p>\n<p><cite>Komisja stwierdzi\u0142a w swoim komunikacie.<\/cite><\/p><\/blockquote>\n<\/figure>\n<p>Podczas telewizyjnej odprawy premier S\u0142owacji Robert Fico powiedzia\u0142, \u017ce nowelizacja dotyczy wy\u0142\u0105cznie kwestii to\u017csamo\u015bci narodowej, a nie innych dziedzin, w kt\u00f3rych UE sprawuje w\u0142adz\u0119 ustawodawcz\u0105, dodaj\u0105c, \u017ce uwa\u017ca ten artyku\u0142 konstytucji za zgodny z prawem unijnym.<\/p>\n<p>Spraw\u0119 wypowiedzia\u0142 si\u0119 tak\u017ce pose\u0142 PiS Przemys\u0142aw Czarne.<\/p>\n<figure class=\"wp-block-pullquote\">\n<blockquote>\n<p><em>&#8222;Lewicowi psychole w Brukseli nie pozwalaj\u0105 ju\u017c na zmiany konstytucji, nawet je\u015bli suwerenny nar\u00f3d wybierze tak\u0105 konstytucyjn\u0105 wi\u0119kszo\u015b\u0107. Co oznacza, \u017ce \u200b\u200bnie ma ju\u017c w og\u00f3le demokracji&#8221;<\/em> <\/p>\n<p><cite>\u2013 zauwa\u017cy\u0142 pose\u0142 PiS.<\/cite><\/p><\/blockquote>\n<\/figure>\n<figure class=\"wp-block-embed is-type-rich is-provider-twitter wp-block-embed-twitter\">\n<div class=\"wp-block-embed__wrapper\">\n<blockquote class=\"twitter-tweet\" data-width=\"550\" data-dnt=\"true\">\n<p lang=\"pl\" dir=\"ltr\">Psychole lewackie z Brukseli nie s\u0105 ju\u017c dost\u0119pne na podstawie konstytucji, nawet je\u015bli s\u0105 dost\u0119pne nar\u00f3d, kt\u00f3ry sam wybiera tylko jedyny w swoim rodzaju konstytucyjny. Tzn. \u017ce demokracji ju\u017c nie ma w ca\u0142o\u015bci. https:\/\/t.co\/JbYnkNc5At<\/p>\n<p>\u2014 Przemys\u0142aw Czarnek (@CzarnekP) <a rel=\"nofollow\" href=\"https:\/\/twitter.com\/CzarnekP\/status\/1992136720503239020?ref_src=twsrc%5Etfw\">22 listopada 2025 r<\/a><\/p><\/blockquote>\n<\/div>\n<\/figure>\n<\/div>\n<\/div>\n<p><script async src=\"https:\/\/platform.twitter.com\/widgets.js\" charset=\"utf-8\"><\/script><\/p>\n","protected":false},"excerpt":{"rendered":"<p>Komisja Europejska wszcz\u0119\u0142a w pi\u0105tek post\u0119powanie przeciwko S\u0142owacji w zwi\u0105zku z, jak to okre\u015bli\u0142a, naruszeniem prawa UE. &#8222;Lewicowi psychole w<\/p>\n","protected":false},"author":1,"featured_media":10885,"comment_status":"open","ping_status":"open","sticky":false,"template":"","format":"standard","meta":{"footnotes":""},"categories":[44],"tags":[2495,7387,2352,129,3601,6606,355,11683,12313,10927,2664,8280,33],"class_list":["post-10884","post","type-post","status-publish","format-standard","has-post-thumbnail","hentry","category-polityka","tag-demokracji","tag-koncu","tag-konstytucji","tag-polskiego","tag-posla","tag-postepowanie","tag-przeciwko","tag-slowacji","tag-twierdzenia","tag-wszczyna","tag-wywolujac","tag-zmianami","tag-zwiazku","generate-columns","tablet-grid-50","mobile-grid-100","grid-parent","grid-50","resize-featured-image"],"yoast_head":"<!-- This site is optimized with the Yoast SEO plugin v23.2 - https:\/\/yoast.com\/wordpress\/plugins\/seo\/ -->\n<title>UE wszczyna post\u0119powanie przeciwko S\u0142owacji w zwi\u0105zku ze zmianami w konstytucji, wywo\u0142uj\u0105c twierdzenia polskiego pos\u0142a o \u201eko\u0144cu demokracji\u201d - POGOTOWIE FLAGOWE\u00ae<\/title>\n<meta name=\"robots\" content=\"index, follow, max-snippet:-1, max-image-preview:large, max-video-preview:-1\" \/>\n<link rel=\"canonical\" href=\"https:\/\/www.pogotowieflagowe.pl\/aktualne\/ue-wszczyna-postepowanie-przeciwko-slowacji-w-zwiazku-ze-zmianami-w-konstytucji-wywolujac-twierdzenia-polskiego-posla-o-koncu-demokracji\/\" \/>\n<meta property=\"og:locale\" content=\"pl_PL\" \/>\n<meta property=\"og:type\" content=\"article\" \/>\n<meta property=\"og:title\" content=\"UE wszczyna post\u0119powanie przeciwko S\u0142owacji w zwi\u0105zku ze zmianami w konstytucji, wywo\u0142uj\u0105c twierdzenia polskiego pos\u0142a o \u201eko\u0144cu demokracji\u201d - POGOTOWIE FLAGOWE\u00ae\" \/>\n<meta property=\"og:description\" content=\"Komisja Europejska wszcz\u0119\u0142a w pi\u0105tek post\u0119powanie przeciwko S\u0142owacji w zwi\u0105zku z, jak to okre\u015bli\u0142a, naruszeniem prawa UE. &#8222;Lewicowi psychole w\" \/>\n<meta property=\"og:url\" content=\"https:\/\/www.pogotowieflagowe.pl\/aktualne\/ue-wszczyna-postepowanie-przeciwko-slowacji-w-zwiazku-ze-zmianami-w-konstytucji-wywolujac-twierdzenia-polskiego-posla-o-koncu-demokracji\/\" \/>\n<meta property=\"og:site_name\" content=\"POGOTOWIE FLAGOWE\u00ae\" \/>\n<meta property=\"article:published_time\" content=\"2025-11-22T14:29:44+00:00\" \/>\n<meta property=\"article:modified_time\" content=\"2025-11-22T14:29:45+00:00\" \/>\n<meta property=\"og:image\" content=\"https:\/\/www.pogotowieflagowe.pl\/aktualne\/wp-content\/uploads\/2025\/11\/UE-wszczyna-postepowanie-przeciwko-Slowacji-w-zwiazku-ze-zmianami-w.jpg\" \/>\n\t<meta property=\"og:image:width\" content=\"750\" \/>\n\t<meta property=\"og:image:height\" content=\"425\" \/>\n\t<meta property=\"og:image:type\" content=\"image\/jpeg\" \/>\n<meta name=\"author\" content=\"Filip\" \/>\n<meta name=\"twitter:card\" content=\"summary_large_image\" \/>\n<meta name=\"twitter:label1\" content=\"Napisane przez\" \/>\n\t<meta name=\"twitter:data1\" content=\"Filip\" \/>\n\t<meta name=\"twitter:label2\" content=\"Szacowany czas czytania\" \/>\n\t<meta name=\"twitter:data2\" content=\"2 minuty\" \/>\n<script type=\"application\/ld+json\" class=\"yoast-schema-graph\">{\"@context\":\"https:\/\/schema.org\",\"@graph\":[{\"@type\":\"Article\",\"@id\":\"https:\/\/www.pogotowieflagowe.pl\/aktualne\/ue-wszczyna-postepowanie-przeciwko-slowacji-w-zwiazku-ze-zmianami-w-konstytucji-wywolujac-twierdzenia-polskiego-posla-o-koncu-demokracji\/#article\",\"isPartOf\":{\"@id\":\"https:\/\/www.pogotowieflagowe.pl\/aktualne\/ue-wszczyna-postepowanie-przeciwko-slowacji-w-zwiazku-ze-zmianami-w-konstytucji-wywolujac-twierdzenia-polskiego-posla-o-koncu-demokracji\/\"},\"author\":{\"name\":\"Filip\",\"@id\":\"https:\/\/www.pogotowieflagowe.pl\/aktualne\/#\/schema\/person\/9c2fb7d2362ebf6fa088960d7f0d27b0\"},\"headline\":\"UE wszczyna post\u0119powanie przeciwko S\u0142owacji w zwi\u0105zku ze zmianami w konstytucji, wywo\u0142uj\u0105c twierdzenia polskiego pos\u0142a o \u201eko\u0144cu demokracji\u201d\",\"datePublished\":\"2025-11-22T14:29:44+00:00\",\"dateModified\":\"2025-11-22T14:29:45+00:00\",\"mainEntityOfPage\":{\"@id\":\"https:\/\/www.pogotowieflagowe.pl\/aktualne\/ue-wszczyna-postepowanie-przeciwko-slowacji-w-zwiazku-ze-zmianami-w-konstytucji-wywolujac-twierdzenia-polskiego-posla-o-koncu-demokracji\/\"},\"wordCount\":360,\"commentCount\":0,\"publisher\":{\"@id\":\"https:\/\/www.pogotowieflagowe.pl\/aktualne\/#organization\"},\"image\":{\"@id\":\"https:\/\/www.pogotowieflagowe.pl\/aktualne\/ue-wszczyna-postepowanie-przeciwko-slowacji-w-zwiazku-ze-zmianami-w-konstytucji-wywolujac-twierdzenia-polskiego-posla-o-koncu-demokracji\/#primaryimage\"},\"thumbnailUrl\":\"https:\/\/www.pogotowieflagowe.pl\/aktualne\/wp-content\/uploads\/2025\/11\/UE-wszczyna-postepowanie-przeciwko-Slowacji-w-zwiazku-ze-zmianami-w.jpg\",\"keywords\":[\"demokracji\",\"ko\u0144cu\",\"konstytucji\",\"Polskiego\",\"pos\u0142a\",\"post\u0119powanie\",\"przeciwko\",\"S\u0142owacji\",\"twierdzenia\",\"wszczyna\",\"wywo\u0142uj\u0105c\",\"zmianami\",\"zwi\u0105zku\"],\"articleSection\":[\"Polityka\"],\"inLanguage\":\"pl-PL\",\"potentialAction\":[{\"@type\":\"CommentAction\",\"name\":\"Comment\",\"target\":[\"https:\/\/www.pogotowieflagowe.pl\/aktualne\/ue-wszczyna-postepowanie-przeciwko-slowacji-w-zwiazku-ze-zmianami-w-konstytucji-wywolujac-twierdzenia-polskiego-posla-o-koncu-demokracji\/#respond\"]}]},{\"@type\":\"WebPage\",\"@id\":\"https:\/\/www.pogotowieflagowe.pl\/aktualne\/ue-wszczyna-postepowanie-przeciwko-slowacji-w-zwiazku-ze-zmianami-w-konstytucji-wywolujac-twierdzenia-polskiego-posla-o-koncu-demokracji\/\",\"url\":\"https:\/\/www.pogotowieflagowe.pl\/aktualne\/ue-wszczyna-postepowanie-przeciwko-slowacji-w-zwiazku-ze-zmianami-w-konstytucji-wywolujac-twierdzenia-polskiego-posla-o-koncu-demokracji\/\",\"name\":\"UE wszczyna post\u0119powanie przeciwko S\u0142owacji w zwi\u0105zku ze zmianami w konstytucji, wywo\u0142uj\u0105c twierdzenia polskiego pos\u0142a o \u201eko\u0144cu demokracji\u201d - POGOTOWIE FLAGOWE\u00ae\",\"isPartOf\":{\"@id\":\"https:\/\/www.pogotowieflagowe.pl\/aktualne\/#website\"},\"primaryImageOfPage\":{\"@id\":\"https:\/\/www.pogotowieflagowe.pl\/aktualne\/ue-wszczyna-postepowanie-przeciwko-slowacji-w-zwiazku-ze-zmianami-w-konstytucji-wywolujac-twierdzenia-polskiego-posla-o-koncu-demokracji\/#primaryimage\"},\"image\":{\"@id\":\"https:\/\/www.pogotowieflagowe.pl\/aktualne\/ue-wszczyna-postepowanie-przeciwko-slowacji-w-zwiazku-ze-zmianami-w-konstytucji-wywolujac-twierdzenia-polskiego-posla-o-koncu-demokracji\/#primaryimage\"},\"thumbnailUrl\":\"https:\/\/www.pogotowieflagowe.pl\/aktualne\/wp-content\/uploads\/2025\/11\/UE-wszczyna-postepowanie-przeciwko-Slowacji-w-zwiazku-ze-zmianami-w.jpg\",\"datePublished\":\"2025-11-22T14:29:44+00:00\",\"dateModified\":\"2025-11-22T14:29:45+00:00\",\"breadcrumb\":{\"@id\":\"https:\/\/www.pogotowieflagowe.pl\/aktualne\/ue-wszczyna-postepowanie-przeciwko-slowacji-w-zwiazku-ze-zmianami-w-konstytucji-wywolujac-twierdzenia-polskiego-posla-o-koncu-demokracji\/#breadcrumb\"},\"inLanguage\":\"pl-PL\",\"potentialAction\":[{\"@type\":\"ReadAction\",\"target\":[\"https:\/\/www.pogotowieflagowe.pl\/aktualne\/ue-wszczyna-postepowanie-przeciwko-slowacji-w-zwiazku-ze-zmianami-w-konstytucji-wywolujac-twierdzenia-polskiego-posla-o-koncu-demokracji\/\"]}]},{\"@type\":\"ImageObject\",\"inLanguage\":\"pl-PL\",\"@id\":\"https:\/\/www.pogotowieflagowe.pl\/aktualne\/ue-wszczyna-postepowanie-przeciwko-slowacji-w-zwiazku-ze-zmianami-w-konstytucji-wywolujac-twierdzenia-polskiego-posla-o-koncu-demokracji\/#primaryimage\",\"url\":\"https:\/\/www.pogotowieflagowe.pl\/aktualne\/wp-content\/uploads\/2025\/11\/UE-wszczyna-postepowanie-przeciwko-Slowacji-w-zwiazku-ze-zmianami-w.jpg\",\"contentUrl\":\"https:\/\/www.pogotowieflagowe.pl\/aktualne\/wp-content\/uploads\/2025\/11\/UE-wszczyna-postepowanie-przeciwko-Slowacji-w-zwiazku-ze-zmianami-w.jpg\",\"width\":750,\"height\":425,\"caption\":\"UE wszczyna post\u0119powanie przeciwko S\u0142owacji w zwi\u0105zku ze zmianami w konstytucji, wywo\u0142uj\u0105c twierdzenia polskiego pos\u0142a o \u201eko\u0144cu demokracji\u201d\"},{\"@type\":\"BreadcrumbList\",\"@id\":\"https:\/\/www.pogotowieflagowe.pl\/aktualne\/ue-wszczyna-postepowanie-przeciwko-slowacji-w-zwiazku-ze-zmianami-w-konstytucji-wywolujac-twierdzenia-polskiego-posla-o-koncu-demokracji\/#breadcrumb\",\"itemListElement\":[{\"@type\":\"ListItem\",\"position\":1,\"name\":\"Home\",\"item\":\"https:\/\/www.pogotowieflagowe.pl\/aktualne\/\"},{\"@type\":\"ListItem\",\"position\":2,\"name\":\"UE wszczyna post\u0119powanie przeciwko S\u0142owacji w zwi\u0105zku ze zmianami w konstytucji, wywo\u0142uj\u0105c twierdzenia polskiego pos\u0142a o \u201eko\u0144cu demokracji\u201d\"}]},{\"@type\":\"WebSite\",\"@id\":\"https:\/\/www.pogotowieflagowe.pl\/aktualne\/#website\",\"url\":\"https:\/\/www.pogotowieflagowe.pl\/aktualne\/\",\"name\":\"POGOTOWIE FLAGOWE\u00ae\",\"description\":\"\",\"publisher\":{\"@id\":\"https:\/\/www.pogotowieflagowe.pl\/aktualne\/#organization\"},\"potentialAction\":[{\"@type\":\"SearchAction\",\"target\":{\"@type\":\"EntryPoint\",\"urlTemplate\":\"https:\/\/www.pogotowieflagowe.pl\/aktualne\/?s={search_term_string}\"},\"query-input\":\"required name=search_term_string\"}],\"inLanguage\":\"pl-PL\"},{\"@type\":\"Organization\",\"@id\":\"https:\/\/www.pogotowieflagowe.pl\/aktualne\/#organization\",\"name\":\"POGOTOWIE FLAGOWE\u00ae\",\"url\":\"https:\/\/www.pogotowieflagowe.pl\/aktualne\/\",\"logo\":{\"@type\":\"ImageObject\",\"inLanguage\":\"pl-PL\",\"@id\":\"https:\/\/www.pogotowieflagowe.pl\/aktualne\/#\/schema\/logo\/image\/\",\"url\":\"https:\/\/www.pogotowieflagowe.pl\/aktualne\/wp-content\/uploads\/2024\/08\/cropped-pogotowieflagowe_flaga_projekt_sm.jpg\",\"contentUrl\":\"https:\/\/www.pogotowieflagowe.pl\/aktualne\/wp-content\/uploads\/2024\/08\/cropped-pogotowieflagowe_flaga_projekt_sm.jpg\",\"width\":250,\"height\":143,\"caption\":\"POGOTOWIE FLAGOWE\u00ae\"},\"image\":{\"@id\":\"https:\/\/www.pogotowieflagowe.pl\/aktualne\/#\/schema\/logo\/image\/\"}},{\"@type\":\"Person\",\"@id\":\"https:\/\/www.pogotowieflagowe.pl\/aktualne\/#\/schema\/person\/9c2fb7d2362ebf6fa088960d7f0d27b0\",\"name\":\"Filip\",\"image\":{\"@type\":\"ImageObject\",\"inLanguage\":\"pl-PL\",\"@id\":\"https:\/\/www.pogotowieflagowe.pl\/aktualne\/#\/schema\/person\/image\/\",\"url\":\"https:\/\/www.pogotowieflagowe.pl\/aktualne\/wp-content\/uploads\/2024\/08\/pogotowieflagowe.pl_.jpg\",\"contentUrl\":\"https:\/\/www.pogotowieflagowe.pl\/aktualne\/wp-content\/uploads\/2024\/08\/pogotowieflagowe.pl_.jpg\",\"caption\":\"Filip\"},\"description\":\"Jestem Filip, polski dziennikarz z dyplomem nauk politycznych Uniwersytetu Warszawskiego. Rozpoczynaj\u0105c swoj\u0105 karier\u0119 w r\u00f3\u017cnych lokalnych mediach, zdoby\u0142em solidne do\u015bwiadczenie w zakresie \u015bledztwa i redakcji. Obecnie jako redaktor w Pogotowie flagowe, staram si\u0119 dostarcza\u0107 dog\u0142\u0119bne i istotne analizy na temat najwa\u017cniejszych kwestii aktualno\u015bci, \u0142\u0105cz\u0105c rygor z pasj\u0105 dziennikarsk\u0105.\",\"sameAs\":[\"https:\/\/www.pogotowieflagowe.pl\/\"]}]}<\/script>\n<!-- \/ Yoast SEO plugin. -->","yoast_head_json":{"title":"UE wszczyna post\u0119powanie przeciwko S\u0142owacji w zwi\u0105zku ze zmianami w konstytucji, wywo\u0142uj\u0105c twierdzenia polskiego pos\u0142a o \u201eko\u0144cu demokracji\u201d - POGOTOWIE FLAGOWE\u00ae","robots":{"index":"index","follow":"follow","max-snippet":"max-snippet:-1","max-image-preview":"max-image-preview:large","max-video-preview":"max-video-preview:-1"},"canonical":"https:\/\/www.pogotowieflagowe.pl\/aktualne\/ue-wszczyna-postepowanie-przeciwko-slowacji-w-zwiazku-ze-zmianami-w-konstytucji-wywolujac-twierdzenia-polskiego-posla-o-koncu-demokracji\/","og_locale":"pl_PL","og_type":"article","og_title":"UE wszczyna post\u0119powanie przeciwko S\u0142owacji w zwi\u0105zku ze zmianami w konstytucji, wywo\u0142uj\u0105c twierdzenia polskiego pos\u0142a o \u201eko\u0144cu demokracji\u201d - POGOTOWIE FLAGOWE\u00ae","og_description":"Komisja Europejska wszcz\u0119\u0142a w pi\u0105tek post\u0119powanie przeciwko S\u0142owacji w zwi\u0105zku z, jak to okre\u015bli\u0142a, naruszeniem prawa UE. &#8222;Lewicowi psychole w","og_url":"https:\/\/www.pogotowieflagowe.pl\/aktualne\/ue-wszczyna-postepowanie-przeciwko-slowacji-w-zwiazku-ze-zmianami-w-konstytucji-wywolujac-twierdzenia-polskiego-posla-o-koncu-demokracji\/","og_site_name":"POGOTOWIE FLAGOWE\u00ae","article_published_time":"2025-11-22T14:29:44+00:00","article_modified_time":"2025-11-22T14:29:45+00:00","og_image":[{"width":750,"height":425,"url":"https:\/\/www.pogotowieflagowe.pl\/aktualne\/wp-content\/uploads\/2025\/11\/UE-wszczyna-postepowanie-przeciwko-Slowacji-w-zwiazku-ze-zmianami-w.jpg","type":"image\/jpeg"}],"author":"Filip","twitter_card":"summary_large_image","twitter_misc":{"Napisane przez":"Filip","Szacowany czas czytania":"2 minuty"},"schema":{"@context":"https:\/\/schema.org","@graph":[{"@type":"Article","@id":"https:\/\/www.pogotowieflagowe.pl\/aktualne\/ue-wszczyna-postepowanie-przeciwko-slowacji-w-zwiazku-ze-zmianami-w-konstytucji-wywolujac-twierdzenia-polskiego-posla-o-koncu-demokracji\/#article","isPartOf":{"@id":"https:\/\/www.pogotowieflagowe.pl\/aktualne\/ue-wszczyna-postepowanie-przeciwko-slowacji-w-zwiazku-ze-zmianami-w-konstytucji-wywolujac-twierdzenia-polskiego-posla-o-koncu-demokracji\/"},"author":{"name":"Filip","@id":"https:\/\/www.pogotowieflagowe.pl\/aktualne\/#\/schema\/person\/9c2fb7d2362ebf6fa088960d7f0d27b0"},"headline":"UE wszczyna post\u0119powanie przeciwko S\u0142owacji w zwi\u0105zku ze zmianami w konstytucji, wywo\u0142uj\u0105c twierdzenia polskiego pos\u0142a o \u201eko\u0144cu demokracji\u201d","datePublished":"2025-11-22T14:29:44+00:00","dateModified":"2025-11-22T14:29:45+00:00","mainEntityOfPage":{"@id":"https:\/\/www.pogotowieflagowe.pl\/aktualne\/ue-wszczyna-postepowanie-przeciwko-slowacji-w-zwiazku-ze-zmianami-w-konstytucji-wywolujac-twierdzenia-polskiego-posla-o-koncu-demokracji\/"},"wordCount":360,"commentCount":0,"publisher":{"@id":"https:\/\/www.pogotowieflagowe.pl\/aktualne\/#organization"},"image":{"@id":"https:\/\/www.pogotowieflagowe.pl\/aktualne\/ue-wszczyna-postepowanie-przeciwko-slowacji-w-zwiazku-ze-zmianami-w-konstytucji-wywolujac-twierdzenia-polskiego-posla-o-koncu-demokracji\/#primaryimage"},"thumbnailUrl":"https:\/\/www.pogotowieflagowe.pl\/aktualne\/wp-content\/uploads\/2025\/11\/UE-wszczyna-postepowanie-przeciwko-Slowacji-w-zwiazku-ze-zmianami-w.jpg","keywords":["demokracji","ko\u0144cu","konstytucji","Polskiego","pos\u0142a","post\u0119powanie","przeciwko","S\u0142owacji","twierdzenia","wszczyna","wywo\u0142uj\u0105c","zmianami","zwi\u0105zku"],"articleSection":["Polityka"],"inLanguage":"pl-PL","potentialAction":[{"@type":"CommentAction","name":"Comment","target":["https:\/\/www.pogotowieflagowe.pl\/aktualne\/ue-wszczyna-postepowanie-przeciwko-slowacji-w-zwiazku-ze-zmianami-w-konstytucji-wywolujac-twierdzenia-polskiego-posla-o-koncu-demokracji\/#respond"]}]},{"@type":"WebPage","@id":"https:\/\/www.pogotowieflagowe.pl\/aktualne\/ue-wszczyna-postepowanie-przeciwko-slowacji-w-zwiazku-ze-zmianami-w-konstytucji-wywolujac-twierdzenia-polskiego-posla-o-koncu-demokracji\/","url":"https:\/\/www.pogotowieflagowe.pl\/aktualne\/ue-wszczyna-postepowanie-przeciwko-slowacji-w-zwiazku-ze-zmianami-w-konstytucji-wywolujac-twierdzenia-polskiego-posla-o-koncu-demokracji\/","name":"UE wszczyna post\u0119powanie przeciwko S\u0142owacji w zwi\u0105zku ze zmianami w konstytucji, wywo\u0142uj\u0105c twierdzenia polskiego pos\u0142a o \u201eko\u0144cu demokracji\u201d - POGOTOWIE FLAGOWE\u00ae","isPartOf":{"@id":"https:\/\/www.pogotowieflagowe.pl\/aktualne\/#website"},"primaryImageOfPage":{"@id":"https:\/\/www.pogotowieflagowe.pl\/aktualne\/ue-wszczyna-postepowanie-przeciwko-slowacji-w-zwiazku-ze-zmianami-w-konstytucji-wywolujac-twierdzenia-polskiego-posla-o-koncu-demokracji\/#primaryimage"},"image":{"@id":"https:\/\/www.pogotowieflagowe.pl\/aktualne\/ue-wszczyna-postepowanie-przeciwko-slowacji-w-zwiazku-ze-zmianami-w-konstytucji-wywolujac-twierdzenia-polskiego-posla-o-koncu-demokracji\/#primaryimage"},"thumbnailUrl":"https:\/\/www.pogotowieflagowe.pl\/aktualne\/wp-content\/uploads\/2025\/11\/UE-wszczyna-postepowanie-przeciwko-Slowacji-w-zwiazku-ze-zmianami-w.jpg","datePublished":"2025-11-22T14:29:44+00:00","dateModified":"2025-11-22T14:29:45+00:00","breadcrumb":{"@id":"https:\/\/www.pogotowieflagowe.pl\/aktualne\/ue-wszczyna-postepowanie-przeciwko-slowacji-w-zwiazku-ze-zmianami-w-konstytucji-wywolujac-twierdzenia-polskiego-posla-o-koncu-demokracji\/#breadcrumb"},"inLanguage":"pl-PL","potentialAction":[{"@type":"ReadAction","target":["https:\/\/www.pogotowieflagowe.pl\/aktualne\/ue-wszczyna-postepowanie-przeciwko-slowacji-w-zwiazku-ze-zmianami-w-konstytucji-wywolujac-twierdzenia-polskiego-posla-o-koncu-demokracji\/"]}]},{"@type":"ImageObject","inLanguage":"pl-PL","@id":"https:\/\/www.pogotowieflagowe.pl\/aktualne\/ue-wszczyna-postepowanie-przeciwko-slowacji-w-zwiazku-ze-zmianami-w-konstytucji-wywolujac-twierdzenia-polskiego-posla-o-koncu-demokracji\/#primaryimage","url":"https:\/\/www.pogotowieflagowe.pl\/aktualne\/wp-content\/uploads\/2025\/11\/UE-wszczyna-postepowanie-przeciwko-Slowacji-w-zwiazku-ze-zmianami-w.jpg","contentUrl":"https:\/\/www.pogotowieflagowe.pl\/aktualne\/wp-content\/uploads\/2025\/11\/UE-wszczyna-postepowanie-przeciwko-Slowacji-w-zwiazku-ze-zmianami-w.jpg","width":750,"height":425,"caption":"UE wszczyna post\u0119powanie przeciwko S\u0142owacji w zwi\u0105zku ze zmianami w konstytucji, wywo\u0142uj\u0105c twierdzenia polskiego pos\u0142a o \u201eko\u0144cu demokracji\u201d"},{"@type":"BreadcrumbList","@id":"https:\/\/www.pogotowieflagowe.pl\/aktualne\/ue-wszczyna-postepowanie-przeciwko-slowacji-w-zwiazku-ze-zmianami-w-konstytucji-wywolujac-twierdzenia-polskiego-posla-o-koncu-demokracji\/#breadcrumb","itemListElement":[{"@type":"ListItem","position":1,"name":"Home","item":"https:\/\/www.pogotowieflagowe.pl\/aktualne\/"},{"@type":"ListItem","position":2,"name":"UE wszczyna post\u0119powanie przeciwko S\u0142owacji w zwi\u0105zku ze zmianami w konstytucji, wywo\u0142uj\u0105c twierdzenia polskiego pos\u0142a o \u201eko\u0144cu demokracji\u201d"}]},{"@type":"WebSite","@id":"https:\/\/www.pogotowieflagowe.pl\/aktualne\/#website","url":"https:\/\/www.pogotowieflagowe.pl\/aktualne\/","name":"POGOTOWIE FLAGOWE\u00ae","description":"","publisher":{"@id":"https:\/\/www.pogotowieflagowe.pl\/aktualne\/#organization"},"potentialAction":[{"@type":"SearchAction","target":{"@type":"EntryPoint","urlTemplate":"https:\/\/www.pogotowieflagowe.pl\/aktualne\/?s={search_term_string}"},"query-input":"required name=search_term_string"}],"inLanguage":"pl-PL"},{"@type":"Organization","@id":"https:\/\/www.pogotowieflagowe.pl\/aktualne\/#organization","name":"POGOTOWIE FLAGOWE\u00ae","url":"https:\/\/www.pogotowieflagowe.pl\/aktualne\/","logo":{"@type":"ImageObject","inLanguage":"pl-PL","@id":"https:\/\/www.pogotowieflagowe.pl\/aktualne\/#\/schema\/logo\/image\/","url":"https:\/\/www.pogotowieflagowe.pl\/aktualne\/wp-content\/uploads\/2024\/08\/cropped-pogotowieflagowe_flaga_projekt_sm.jpg","contentUrl":"https:\/\/www.pogotowieflagowe.pl\/aktualne\/wp-content\/uploads\/2024\/08\/cropped-pogotowieflagowe_flaga_projekt_sm.jpg","width":250,"height":143,"caption":"POGOTOWIE FLAGOWE\u00ae"},"image":{"@id":"https:\/\/www.pogotowieflagowe.pl\/aktualne\/#\/schema\/logo\/image\/"}},{"@type":"Person","@id":"https:\/\/www.pogotowieflagowe.pl\/aktualne\/#\/schema\/person\/9c2fb7d2362ebf6fa088960d7f0d27b0","name":"Filip","image":{"@type":"ImageObject","inLanguage":"pl-PL","@id":"https:\/\/www.pogotowieflagowe.pl\/aktualne\/#\/schema\/person\/image\/","url":"https:\/\/www.pogotowieflagowe.pl\/aktualne\/wp-content\/uploads\/2024\/08\/pogotowieflagowe.pl_.jpg","contentUrl":"https:\/\/www.pogotowieflagowe.pl\/aktualne\/wp-content\/uploads\/2024\/08\/pogotowieflagowe.pl_.jpg","caption":"Filip"},"description":"Jestem Filip, polski dziennikarz z dyplomem nauk politycznych Uniwersytetu Warszawskiego. Rozpoczynaj\u0105c swoj\u0105 karier\u0119 w r\u00f3\u017cnych lokalnych mediach, zdoby\u0142em solidne do\u015bwiadczenie w zakresie \u015bledztwa i redakcji. Obecnie jako redaktor w Pogotowie flagowe, staram si\u0119 dostarcza\u0107 dog\u0142\u0119bne i istotne analizy na temat najwa\u017cniejszych kwestii aktualno\u015bci, \u0142\u0105cz\u0105c rygor z pasj\u0105 dziennikarsk\u0105.","sameAs":["https:\/\/www.pogotowieflagowe.pl\/"]}]}},"_links":{"self":[{"href":"https:\/\/www.pogotowieflagowe.pl\/aktualne\/wp-json\/wp\/v2\/posts\/10884","targetHints":{"allow":["GET"]}}],"collection":[{"href":"https:\/\/www.pogotowieflagowe.pl\/aktualne\/wp-json\/wp\/v2\/posts"}],"about":[{"href":"https:\/\/www.pogotowieflagowe.pl\/aktualne\/wp-json\/wp\/v2\/types\/post"}],"author":[{"embeddable":true,"href":"https:\/\/www.pogotowieflagowe.pl\/aktualne\/wp-json\/wp\/v2\/users\/1"}],"replies":[{"embeddable":true,"href":"https:\/\/www.pogotowieflagowe.pl\/aktualne\/wp-json\/wp\/v2\/comments?post=10884"}],"version-history":[{"count":1,"href":"https:\/\/www.pogotowieflagowe.pl\/aktualne\/wp-json\/wp\/v2\/posts\/10884\/revisions"}],"predecessor-version":[{"id":10886,"href":"https:\/\/www.pogotowieflagowe.pl\/aktualne\/wp-json\/wp\/v2\/posts\/10884\/revisions\/10886"}],"wp:featuredmedia":[{"embeddable":true,"href":"https:\/\/www.pogotowieflagowe.pl\/aktualne\/wp-json\/wp\/v2\/media\/10885"}],"wp:attachment":[{"href":"https:\/\/www.pogotowieflagowe.pl\/aktualne\/wp-json\/wp\/v2\/media?parent=10884"}],"wp:term":[{"taxonomy":"category","embeddable":true,"href":"https:\/\/www.pogotowieflagowe.pl\/aktualne\/wp-json\/wp\/v2\/categories?post=10884"},{"taxonomy":"post_tag","embeddable":true,"href":"https:\/\/www.pogotowieflagowe.pl\/aktualne\/wp-json\/wp\/v2\/tags?post=10884"}],"curies":[{"name":"wp","href":"https:\/\/api.w.org\/{rel}","templated":true}]}}