{"id":10887,"date":"2025-11-22T16:33:38","date_gmt":"2025-11-22T15:33:38","guid":{"rendered":"https:\/\/www.pogotowieflagowe.pl\/aktualne\/co-krylo-sie-w-piatce-tuska-nie-sadzilem-ze-premier-posunie-sie-tak-daleko\/"},"modified":"2025-11-22T16:33:39","modified_gmt":"2025-11-22T15:33:39","slug":"co-krylo-sie-w-piatce-tuska-nie-sadzilem-ze-premier-posunie-sie-tak-daleko","status":"publish","type":"post","link":"https:\/\/www.pogotowieflagowe.pl\/aktualne\/co-krylo-sie-w-piatce-tuska-nie-sadzilem-ze-premier-posunie-sie-tak-daleko\/","title":{"rendered":"Co kry\u0142o si\u0119 w \u201ePi\u0105tce\u201d Tuska? \u201eNie s\u0105dzi\u0142em, \u017ce premier posunie si\u0119 tak daleko\u201d"},"content":{"rendered":"\n<div class=\"td_block_wrap tdb_single_content tdi_46 td-pb-border-top td_block_template_8 td-post-content tagdiv-type\" data-td-block-uid=\"tdi_46\">\n<style>.tdi_46{margines-g\u00f3rny:0px!important;margin-bottom:0px!important;dope\u0142nienie-g\u00f3ra:0px!important;dope\u0142nienie-d\u00f3\u0142:0px!important}<\/style>\n<style>.tdb_single_content{margin-bottom:0;*zoom:1}.tdb_single_content:before,.tdb_single_content:after{display:table;content:'';line-height:0}.tdb_single_content:after{clear:both}.tdb_single_content .tdb-block-inner>*:not(.wp-block-quote):not(.alignwide):not(.alignfull.wp-block-cover.has-parallax):not(.td-a-ad){margin-left:auto;margin-right:auto}.tdb_single_content a{pointer-events:auto}.tdb_single_content .td-spot-id-top_ad .tdc-placeholder-title:before{content:'Najlepsza reklama artyku\u0142u'!important}.tdb_single_content .td-spot-id-inline_ad0 .tdc-placeholder-title:before{content:'Reklama wbudowana artyku\u0142u 1'!important}.tdb_single_content .td-spot-id-inline_ad1 .tdc-placeholder-title:before{content:'Wbudowana reklama w artykule 2'!important}.tdb_single_content .td-spot-id-inline_ad2 .tdc-placeholder-title:before{content:'Wbudowana reklama w artykule 3'!important}.tdb_single_content .td-spot-id-bottom_ad .tdc-placeholder-title:before{content:'Article Bottom Ad'!important}.tdb_single_content .id_top_ad,.tdb_single_content .id_bottom_ad{clear:both;margin-bottom:21px;text-align:center}.tdb_single_content .id_top_ad img,.tdb_single_content .id_bottom_ad img{margin-bottom:0}.tdb_single_content .id_top_ad .adsbygoogle,.tdb_single_content .id_bottom_ad .adsbygoogle{position:relative}.tdb_single_content .id_ad_content-horiz-left,.tdb_single_content .id_ad_content-horiz-right,.tdb_single_content .id_ad_content-horiz-center{margin-bottom:15px}.tdb_single_content .id_ad_content-horiz-left img,.tdb_single_content .id_ad_content-horiz-right img,.tdb_single_content .id_ad_content-horiz-center img{margin-bottom:0}.tdb_single_content .id_ad_content-horiz-center{text-align:center}.tdb_single_content .id_ad_content-horiz-center img{margin-right:auto;margin-left:auto}.tdb_single_content .id_ad_content-horiz-left{float:left;margin-top:9px;margin-right:21px}.tdb_single_content .id_ad_content-horiz-right{float:right;margin-top:6px;margin-left:21px}.tdb_single_content .tdc-a-ad .tdc-placeholder-title{width:300px;height:250px}.tdb_single_content .tdc-a-ad .tdc-placeholder-title:before{position:absolute;top:50%;-webkit-transform:translateY(-50%);transform:translateY(-50%);margin:auto;display:table;width:100%}.tdb_single_content .tdb-block-inner.td-fix-index{word-break:break-word}.tdi_46,.tdi_46>p,.tdi_46 .tdb-block-inner>p,.wp-block-column>p{font-size:16px!important;line-height:1.6!important}.tdi_46 .tdb-block-inner blockquote p{font-style:normal!important}@media (max-width:767px){.tdb_single_content .id_ad_content-horiz-left,.tdb_single_content .id_ad_content-horiz-right,.tdb_single_content .id_ad_content-horiz-center{margin:0 auto 26 pikseli auto}}@media (max-width:767px){.tdb_single_content .id_ad_content-horiz-left{margin-right:0}}@media (max-width:767px){.tdb_single_content .id_ad_content-horiz-right{margin-left:0}}@media (max-width:767px){.tdb_single_content .td-a-ad{float:none;text-align:center}.tdb_single_content .td-a-ad img{margin-right:auto;margin-left:auto}.tdb_single_content .tdc-a-ad{float:none}}<\/style>\n<div class=\"tdb-block-inner td-fix-index\">\n<p style=\"margin-bottom:23px\">\u2013 m\u00f3wi premier Tusk <strong>stop i do\u015b\u0107 sabota\u017cu legislacyjnego<\/strong>&#8217;, odnosz\u0105c si\u0119 do Prezydenta Karola Nawrockiego, poniewa\u017c jest adresowana do Prezydenta. (\u2026) To wiadomo\u015b\u0107 od Donalda Tuska zaledwie trzy dni po akcji dywersyjnej na polskiej kolei przeprowadzonej przez osoby przeszkolone przez Rosjan <em>GRU<\/em>\u2013 powiedzia\u0142 dzi\u015b Wojciech Mucha, wyra\u017anie wskazuj\u0105c na przemy\u015blan\u0105 strategi\u0119 rz\u0105dz\u0105cych.<\/p>\n<p>W sobot\u0119 o <em>Partia Prawo i Sprawiedliwo\u015b\u0107<\/em> (<em>PiS<\/em>) organizuje kolejne wydarzenie z tego cyklu <em>\u201eMy\u015bl\u0105c Polska.Alternatywa 2.0\u201d<\/em>. Wojciech Mucha zosta\u0142 zaproszony do wzi\u0119cia udzia\u0142u w dyskusji po\u015bwi\u0119conej dezinformacji i sposobom skutecznego jej zwalczania.<\/p>\n<p>The <em>Gazeta Polska<\/em> felietonista nawi\u0105za\u0142 do \u201epi\u0105tki\u201d premiera Donalda Tuska. Zarzuci\u0142 w\u0142adzom ch\u0119\u0107 wykorzystania nawet narracji bia\u0142oruskiej i rosyjskiej propagandy oraz dezinformacji do atak\u00f3w na przeciwnik\u00f3w politycznych \u2013 <strong>\u201eOni (osoby sprawuj\u0105ce w\u0142adz\u0119 \u2013 red.) s\u0105 gotowi wykorzysta\u0107 nawet w\u0105tki bia\u0142oruskiej i rosyjskiej propagandy i dezinformacji, aby uderzy\u0107 w swoich przeciwnik\u00f3w politycznych\u201d<\/strong>powiedzia\u0142.<\/p>\n<p>Przypomnia\u0142 sobie: <strong>&#8222;Pami\u0119tamy, co dzia\u0142o si\u0119 podczas akcji propagandowej na granicy &#8211; jak przedstawiano wojsko, Stra\u017c Graniczn\u0105 i inne s\u0142u\u017cby broni\u0105ce naszego pa\u0144stwa. Dzi\u015b te same osoby z \u017celaznej pi\u0105tki Donalda Tuska nawo\u0142uj\u0105, aby nie atakowa\u0107 Stra\u017cy Granicznej&#8221;<\/strong>. Jak doda\u0142, <strong>\u201etrudno sobie wyobrazi\u0107 wi\u0119ksz\u0105 hipokryzj\u0119\u201d<\/strong>.<\/p>\n<p>Kontynuowa\u0142: <strong>&#8222;Wspomnia\u0142em o tej \u201epi\u0105tce\u201d zw\u0142aszcza ze wzgl\u0119du na punkt trzeci. My\u015bl\u0119, \u017ce to co\u015b, czego jeszcze nie by\u0142o. Premier Tusk m\u00f3wi \u201estop i do\u015b\u0107 sabota\u017cu legislacyjnego\u201d. Odwo\u0142uje si\u0119 do prezydenta Karola Nawrockiego, bo to jest adresowane do prezydenta. To on ma po\u0142o\u017cy\u0107 kres rzekomemu \u201esabota\u017cowi legislacyjnemu\u201d.<\/strong><\/p>\n<p>Mucha zauwa\u017cy\u0142: <strong>\u201eTo wiadomo\u015b\u0107 od Donalda Tuska zaledwie trzy dni po sabota\u017cu na polskiej kolei z udzia\u0142em os\u00f3b przeszkolonych przez rosyjskie GRU\u201d.<\/strong><\/p>\n<p>Jego zdaniem <strong>\u201eChodzi o to, aby stworzy\u0107 to semantyczne po\u0142\u0105czenie w umys\u0142ach odbiorc\u00f3w\u201d<\/strong>.<\/p>\n<p>Wyja\u015bni\u0142: <strong>\u201ePrezydent jest zatem przedstawiany jako tego samego rodzaju sabota\u017cysta, co agenci rosyjskiego wywiadu, kt\u00f3rzy pr\u00f3bowali wykolei\u0107 poci\u0105g\u201d.<\/strong><\/p>\n<p><strong>&#8222;Kiedy to zobaczy\u0142em, nie mog\u0142em uwierzy\u0107 w\u0142asnym oczom. Naprawd\u0119 my\u015bla\u0142em, \u017ce premier nie posunie si\u0119 tak daleko&#8221;<\/strong> \u2013 powiedzia\u0142 dziennikarz.<\/p>\n<\/div>\n<\/div>\n","protected":false},"excerpt":{"rendered":"<p>\u2013 m\u00f3wi premier Tusk stop i do\u015b\u0107 sabota\u017cu legislacyjnego&#8217;, odnosz\u0105c si\u0119 do Prezydenta Karola Nawrockiego, poniewa\u017c jest adresowana do Prezydenta.<\/p>\n","protected":false},"author":1,"featured_media":10888,"comment_status":"open","ping_status":"open","sticky":false,"template":"","format":"standard","meta":{"footnotes":""},"categories":[4748],"tags":[6704,12314,450,12315,12317,804,12316,150,1547,567,453],"class_list":["post-10887","post","type-post","status-publish","format-standard","has-post-thumbnail","hentry","category-aktualne","tag-daleko","tag-krylo","tag-nie","tag-piatce","tag-posunie","tag-premier","tag-sadzilem","tag-sie","tag-tak","tag-tuska","tag-ze","generate-columns","tablet-grid-50","mobile-grid-100","grid-parent","grid-50","resize-featured-image"],"yoast_head":"<!-- This site is optimized with the Yoast SEO plugin v23.2 - https:\/\/yoast.com\/wordpress\/plugins\/seo\/ -->\n<title>Co kry\u0142o si\u0119 w \u201ePi\u0105tce\u201d Tuska? \u201eNie s\u0105dzi\u0142em, \u017ce premier posunie si\u0119 tak daleko\u201d - POGOTOWIE FLAGOWE\u00ae<\/title>\n<meta name=\"robots\" content=\"index, follow, max-snippet:-1, max-image-preview:large, max-video-preview:-1\" \/>\n<link rel=\"canonical\" href=\"https:\/\/www.pogotowieflagowe.pl\/aktualne\/co-krylo-sie-w-piatce-tuska-nie-sadzilem-ze-premier-posunie-sie-tak-daleko\/\" \/>\n<meta property=\"og:locale\" content=\"pl_PL\" \/>\n<meta property=\"og:type\" content=\"article\" \/>\n<meta property=\"og:title\" content=\"Co kry\u0142o si\u0119 w \u201ePi\u0105tce\u201d Tuska? \u201eNie s\u0105dzi\u0142em, \u017ce premier posunie si\u0119 tak daleko\u201d - POGOTOWIE FLAGOWE\u00ae\" \/>\n<meta property=\"og:description\" content=\"\u2013 m\u00f3wi premier Tusk stop i do\u015b\u0107 sabota\u017cu legislacyjnego&#8217;, odnosz\u0105c si\u0119 do Prezydenta Karola Nawrockiego, poniewa\u017c jest adresowana do Prezydenta.\" \/>\n<meta property=\"og:url\" content=\"https:\/\/www.pogotowieflagowe.pl\/aktualne\/co-krylo-sie-w-piatce-tuska-nie-sadzilem-ze-premier-posunie-sie-tak-daleko\/\" \/>\n<meta property=\"og:site_name\" content=\"POGOTOWIE FLAGOWE\u00ae\" \/>\n<meta property=\"article:published_time\" content=\"2025-11-22T15:33:38+00:00\" \/>\n<meta property=\"article:modified_time\" content=\"2025-11-22T15:33:39+00:00\" \/>\n<meta property=\"og:image\" content=\"https:\/\/www.pogotowieflagowe.pl\/aktualne\/wp-content\/uploads\/2025\/11\/Co-krylo-sie-w-\u201ePiatce-Tuska-\u201eNie-sadzilem-ze-premier.webp.webp\" \/>\n\t<meta property=\"og:image:width\" content=\"1280\" \/>\n\t<meta property=\"og:image:height\" content=\"720\" \/>\n\t<meta property=\"og:image:type\" content=\"image\/webp\" \/>\n<meta name=\"author\" content=\"Filip\" \/>\n<meta name=\"twitter:card\" content=\"summary_large_image\" \/>\n<meta name=\"twitter:label1\" content=\"Napisane przez\" \/>\n\t<meta name=\"twitter:data1\" content=\"Filip\" \/>\n\t<meta name=\"twitter:label2\" content=\"Szacowany czas czytania\" \/>\n\t<meta name=\"twitter:data2\" content=\"2 minuty\" \/>\n<script type=\"application\/ld+json\" class=\"yoast-schema-graph\">{\"@context\":\"https:\/\/schema.org\",\"@graph\":[{\"@type\":\"Article\",\"@id\":\"https:\/\/www.pogotowieflagowe.pl\/aktualne\/co-krylo-sie-w-piatce-tuska-nie-sadzilem-ze-premier-posunie-sie-tak-daleko\/#article\",\"isPartOf\":{\"@id\":\"https:\/\/www.pogotowieflagowe.pl\/aktualne\/co-krylo-sie-w-piatce-tuska-nie-sadzilem-ze-premier-posunie-sie-tak-daleko\/\"},\"author\":{\"name\":\"Filip\",\"@id\":\"https:\/\/www.pogotowieflagowe.pl\/aktualne\/#\/schema\/person\/9c2fb7d2362ebf6fa088960d7f0d27b0\"},\"headline\":\"Co kry\u0142o si\u0119 w \u201ePi\u0105tce\u201d Tuska? \u201eNie s\u0105dzi\u0142em, \u017ce premier posunie si\u0119 tak daleko\u201d\",\"datePublished\":\"2025-11-22T15:33:38+00:00\",\"dateModified\":\"2025-11-22T15:33:39+00:00\",\"mainEntityOfPage\":{\"@id\":\"https:\/\/www.pogotowieflagowe.pl\/aktualne\/co-krylo-sie-w-piatce-tuska-nie-sadzilem-ze-premier-posunie-sie-tak-daleko\/\"},\"wordCount\":379,\"commentCount\":0,\"publisher\":{\"@id\":\"https:\/\/www.pogotowieflagowe.pl\/aktualne\/#organization\"},\"image\":{\"@id\":\"https:\/\/www.pogotowieflagowe.pl\/aktualne\/co-krylo-sie-w-piatce-tuska-nie-sadzilem-ze-premier-posunie-sie-tak-daleko\/#primaryimage\"},\"thumbnailUrl\":\"https:\/\/www.pogotowieflagowe.pl\/aktualne\/wp-content\/uploads\/2025\/11\/Co-krylo-sie-w-\u201ePiatce-Tuska-\u201eNie-sadzilem-ze-premier.webp.webp\",\"keywords\":[\"daleko\",\"kry\u0142o\",\"Nie\",\"Pi\u0105tce\",\"posunie\",\"Premier\",\"s\u0105dzi\u0142em\",\"si\u0119\",\"tak\",\"Tuska\",\"\u017ce\"],\"articleSection\":[\"Aktualne\"],\"inLanguage\":\"pl-PL\",\"potentialAction\":[{\"@type\":\"CommentAction\",\"name\":\"Comment\",\"target\":[\"https:\/\/www.pogotowieflagowe.pl\/aktualne\/co-krylo-sie-w-piatce-tuska-nie-sadzilem-ze-premier-posunie-sie-tak-daleko\/#respond\"]}]},{\"@type\":\"WebPage\",\"@id\":\"https:\/\/www.pogotowieflagowe.pl\/aktualne\/co-krylo-sie-w-piatce-tuska-nie-sadzilem-ze-premier-posunie-sie-tak-daleko\/\",\"url\":\"https:\/\/www.pogotowieflagowe.pl\/aktualne\/co-krylo-sie-w-piatce-tuska-nie-sadzilem-ze-premier-posunie-sie-tak-daleko\/\",\"name\":\"Co kry\u0142o si\u0119 w \u201ePi\u0105tce\u201d Tuska? \u201eNie s\u0105dzi\u0142em, \u017ce premier posunie si\u0119 tak daleko\u201d - POGOTOWIE FLAGOWE\u00ae\",\"isPartOf\":{\"@id\":\"https:\/\/www.pogotowieflagowe.pl\/aktualne\/#website\"},\"primaryImageOfPage\":{\"@id\":\"https:\/\/www.pogotowieflagowe.pl\/aktualne\/co-krylo-sie-w-piatce-tuska-nie-sadzilem-ze-premier-posunie-sie-tak-daleko\/#primaryimage\"},\"image\":{\"@id\":\"https:\/\/www.pogotowieflagowe.pl\/aktualne\/co-krylo-sie-w-piatce-tuska-nie-sadzilem-ze-premier-posunie-sie-tak-daleko\/#primaryimage\"},\"thumbnailUrl\":\"https:\/\/www.pogotowieflagowe.pl\/aktualne\/wp-content\/uploads\/2025\/11\/Co-krylo-sie-w-\u201ePiatce-Tuska-\u201eNie-sadzilem-ze-premier.webp.webp\",\"datePublished\":\"2025-11-22T15:33:38+00:00\",\"dateModified\":\"2025-11-22T15:33:39+00:00\",\"breadcrumb\":{\"@id\":\"https:\/\/www.pogotowieflagowe.pl\/aktualne\/co-krylo-sie-w-piatce-tuska-nie-sadzilem-ze-premier-posunie-sie-tak-daleko\/#breadcrumb\"},\"inLanguage\":\"pl-PL\",\"potentialAction\":[{\"@type\":\"ReadAction\",\"target\":[\"https:\/\/www.pogotowieflagowe.pl\/aktualne\/co-krylo-sie-w-piatce-tuska-nie-sadzilem-ze-premier-posunie-sie-tak-daleko\/\"]}]},{\"@type\":\"ImageObject\",\"inLanguage\":\"pl-PL\",\"@id\":\"https:\/\/www.pogotowieflagowe.pl\/aktualne\/co-krylo-sie-w-piatce-tuska-nie-sadzilem-ze-premier-posunie-sie-tak-daleko\/#primaryimage\",\"url\":\"https:\/\/www.pogotowieflagowe.pl\/aktualne\/wp-content\/uploads\/2025\/11\/Co-krylo-sie-w-\u201ePiatce-Tuska-\u201eNie-sadzilem-ze-premier.webp.webp\",\"contentUrl\":\"https:\/\/www.pogotowieflagowe.pl\/aktualne\/wp-content\/uploads\/2025\/11\/Co-krylo-sie-w-\u201ePiatce-Tuska-\u201eNie-sadzilem-ze-premier.webp.webp\",\"width\":1280,\"height\":720,\"caption\":\"Co kry\u0142o si\u0119 w \u201ePi\u0105tce\u201d Tuska? \u201eNie s\u0105dzi\u0142em, \u017ce premier posunie si\u0119 tak daleko\u201d\"},{\"@type\":\"BreadcrumbList\",\"@id\":\"https:\/\/www.pogotowieflagowe.pl\/aktualne\/co-krylo-sie-w-piatce-tuska-nie-sadzilem-ze-premier-posunie-sie-tak-daleko\/#breadcrumb\",\"itemListElement\":[{\"@type\":\"ListItem\",\"position\":1,\"name\":\"Home\",\"item\":\"https:\/\/www.pogotowieflagowe.pl\/aktualne\/\"},{\"@type\":\"ListItem\",\"position\":2,\"name\":\"Co kry\u0142o si\u0119 w \u201ePi\u0105tce\u201d Tuska? \u201eNie s\u0105dzi\u0142em, \u017ce premier posunie si\u0119 tak daleko\u201d\"}]},{\"@type\":\"WebSite\",\"@id\":\"https:\/\/www.pogotowieflagowe.pl\/aktualne\/#website\",\"url\":\"https:\/\/www.pogotowieflagowe.pl\/aktualne\/\",\"name\":\"POGOTOWIE FLAGOWE\u00ae\",\"description\":\"\",\"publisher\":{\"@id\":\"https:\/\/www.pogotowieflagowe.pl\/aktualne\/#organization\"},\"potentialAction\":[{\"@type\":\"SearchAction\",\"target\":{\"@type\":\"EntryPoint\",\"urlTemplate\":\"https:\/\/www.pogotowieflagowe.pl\/aktualne\/?s={search_term_string}\"},\"query-input\":\"required name=search_term_string\"}],\"inLanguage\":\"pl-PL\"},{\"@type\":\"Organization\",\"@id\":\"https:\/\/www.pogotowieflagowe.pl\/aktualne\/#organization\",\"name\":\"POGOTOWIE FLAGOWE\u00ae\",\"url\":\"https:\/\/www.pogotowieflagowe.pl\/aktualne\/\",\"logo\":{\"@type\":\"ImageObject\",\"inLanguage\":\"pl-PL\",\"@id\":\"https:\/\/www.pogotowieflagowe.pl\/aktualne\/#\/schema\/logo\/image\/\",\"url\":\"https:\/\/www.pogotowieflagowe.pl\/aktualne\/wp-content\/uploads\/2024\/08\/cropped-pogotowieflagowe_flaga_projekt_sm.jpg\",\"contentUrl\":\"https:\/\/www.pogotowieflagowe.pl\/aktualne\/wp-content\/uploads\/2024\/08\/cropped-pogotowieflagowe_flaga_projekt_sm.jpg\",\"width\":250,\"height\":143,\"caption\":\"POGOTOWIE FLAGOWE\u00ae\"},\"image\":{\"@id\":\"https:\/\/www.pogotowieflagowe.pl\/aktualne\/#\/schema\/logo\/image\/\"}},{\"@type\":\"Person\",\"@id\":\"https:\/\/www.pogotowieflagowe.pl\/aktualne\/#\/schema\/person\/9c2fb7d2362ebf6fa088960d7f0d27b0\",\"name\":\"Filip\",\"image\":{\"@type\":\"ImageObject\",\"inLanguage\":\"pl-PL\",\"@id\":\"https:\/\/www.pogotowieflagowe.pl\/aktualne\/#\/schema\/person\/image\/\",\"url\":\"https:\/\/www.pogotowieflagowe.pl\/aktualne\/wp-content\/uploads\/2024\/08\/pogotowieflagowe.pl_.jpg\",\"contentUrl\":\"https:\/\/www.pogotowieflagowe.pl\/aktualne\/wp-content\/uploads\/2024\/08\/pogotowieflagowe.pl_.jpg\",\"caption\":\"Filip\"},\"description\":\"Jestem Filip, polski dziennikarz z dyplomem nauk politycznych Uniwersytetu Warszawskiego. Rozpoczynaj\u0105c swoj\u0105 karier\u0119 w r\u00f3\u017cnych lokalnych mediach, zdoby\u0142em solidne do\u015bwiadczenie w zakresie \u015bledztwa i redakcji. Obecnie jako redaktor w Pogotowie flagowe, staram si\u0119 dostarcza\u0107 dog\u0142\u0119bne i istotne analizy na temat najwa\u017cniejszych kwestii aktualno\u015bci, \u0142\u0105cz\u0105c rygor z pasj\u0105 dziennikarsk\u0105.\",\"sameAs\":[\"https:\/\/www.pogotowieflagowe.pl\/\"]}]}<\/script>\n<!-- \/ Yoast SEO plugin. -->","yoast_head_json":{"title":"Co kry\u0142o si\u0119 w \u201ePi\u0105tce\u201d Tuska? \u201eNie s\u0105dzi\u0142em, \u017ce premier posunie si\u0119 tak daleko\u201d - POGOTOWIE FLAGOWE\u00ae","robots":{"index":"index","follow":"follow","max-snippet":"max-snippet:-1","max-image-preview":"max-image-preview:large","max-video-preview":"max-video-preview:-1"},"canonical":"https:\/\/www.pogotowieflagowe.pl\/aktualne\/co-krylo-sie-w-piatce-tuska-nie-sadzilem-ze-premier-posunie-sie-tak-daleko\/","og_locale":"pl_PL","og_type":"article","og_title":"Co kry\u0142o si\u0119 w \u201ePi\u0105tce\u201d Tuska? \u201eNie s\u0105dzi\u0142em, \u017ce premier posunie si\u0119 tak daleko\u201d - POGOTOWIE FLAGOWE\u00ae","og_description":"\u2013 m\u00f3wi premier Tusk stop i do\u015b\u0107 sabota\u017cu legislacyjnego&#8217;, odnosz\u0105c si\u0119 do Prezydenta Karola Nawrockiego, poniewa\u017c jest adresowana do Prezydenta.","og_url":"https:\/\/www.pogotowieflagowe.pl\/aktualne\/co-krylo-sie-w-piatce-tuska-nie-sadzilem-ze-premier-posunie-sie-tak-daleko\/","og_site_name":"POGOTOWIE FLAGOWE\u00ae","article_published_time":"2025-11-22T15:33:38+00:00","article_modified_time":"2025-11-22T15:33:39+00:00","og_image":[{"width":1280,"height":720,"url":"https:\/\/www.pogotowieflagowe.pl\/aktualne\/wp-content\/uploads\/2025\/11\/Co-krylo-sie-w-\u201ePiatce-Tuska-\u201eNie-sadzilem-ze-premier.webp.webp","type":"image\/webp"}],"author":"Filip","twitter_card":"summary_large_image","twitter_misc":{"Napisane przez":"Filip","Szacowany czas czytania":"2 minuty"},"schema":{"@context":"https:\/\/schema.org","@graph":[{"@type":"Article","@id":"https:\/\/www.pogotowieflagowe.pl\/aktualne\/co-krylo-sie-w-piatce-tuska-nie-sadzilem-ze-premier-posunie-sie-tak-daleko\/#article","isPartOf":{"@id":"https:\/\/www.pogotowieflagowe.pl\/aktualne\/co-krylo-sie-w-piatce-tuska-nie-sadzilem-ze-premier-posunie-sie-tak-daleko\/"},"author":{"name":"Filip","@id":"https:\/\/www.pogotowieflagowe.pl\/aktualne\/#\/schema\/person\/9c2fb7d2362ebf6fa088960d7f0d27b0"},"headline":"Co kry\u0142o si\u0119 w \u201ePi\u0105tce\u201d Tuska? \u201eNie s\u0105dzi\u0142em, \u017ce premier posunie si\u0119 tak daleko\u201d","datePublished":"2025-11-22T15:33:38+00:00","dateModified":"2025-11-22T15:33:39+00:00","mainEntityOfPage":{"@id":"https:\/\/www.pogotowieflagowe.pl\/aktualne\/co-krylo-sie-w-piatce-tuska-nie-sadzilem-ze-premier-posunie-sie-tak-daleko\/"},"wordCount":379,"commentCount":0,"publisher":{"@id":"https:\/\/www.pogotowieflagowe.pl\/aktualne\/#organization"},"image":{"@id":"https:\/\/www.pogotowieflagowe.pl\/aktualne\/co-krylo-sie-w-piatce-tuska-nie-sadzilem-ze-premier-posunie-sie-tak-daleko\/#primaryimage"},"thumbnailUrl":"https:\/\/www.pogotowieflagowe.pl\/aktualne\/wp-content\/uploads\/2025\/11\/Co-krylo-sie-w-\u201ePiatce-Tuska-\u201eNie-sadzilem-ze-premier.webp.webp","keywords":["daleko","kry\u0142o","Nie","Pi\u0105tce","posunie","Premier","s\u0105dzi\u0142em","si\u0119","tak","Tuska","\u017ce"],"articleSection":["Aktualne"],"inLanguage":"pl-PL","potentialAction":[{"@type":"CommentAction","name":"Comment","target":["https:\/\/www.pogotowieflagowe.pl\/aktualne\/co-krylo-sie-w-piatce-tuska-nie-sadzilem-ze-premier-posunie-sie-tak-daleko\/#respond"]}]},{"@type":"WebPage","@id":"https:\/\/www.pogotowieflagowe.pl\/aktualne\/co-krylo-sie-w-piatce-tuska-nie-sadzilem-ze-premier-posunie-sie-tak-daleko\/","url":"https:\/\/www.pogotowieflagowe.pl\/aktualne\/co-krylo-sie-w-piatce-tuska-nie-sadzilem-ze-premier-posunie-sie-tak-daleko\/","name":"Co kry\u0142o si\u0119 w \u201ePi\u0105tce\u201d Tuska? \u201eNie s\u0105dzi\u0142em, \u017ce premier posunie si\u0119 tak daleko\u201d - POGOTOWIE FLAGOWE\u00ae","isPartOf":{"@id":"https:\/\/www.pogotowieflagowe.pl\/aktualne\/#website"},"primaryImageOfPage":{"@id":"https:\/\/www.pogotowieflagowe.pl\/aktualne\/co-krylo-sie-w-piatce-tuska-nie-sadzilem-ze-premier-posunie-sie-tak-daleko\/#primaryimage"},"image":{"@id":"https:\/\/www.pogotowieflagowe.pl\/aktualne\/co-krylo-sie-w-piatce-tuska-nie-sadzilem-ze-premier-posunie-sie-tak-daleko\/#primaryimage"},"thumbnailUrl":"https:\/\/www.pogotowieflagowe.pl\/aktualne\/wp-content\/uploads\/2025\/11\/Co-krylo-sie-w-\u201ePiatce-Tuska-\u201eNie-sadzilem-ze-premier.webp.webp","datePublished":"2025-11-22T15:33:38+00:00","dateModified":"2025-11-22T15:33:39+00:00","breadcrumb":{"@id":"https:\/\/www.pogotowieflagowe.pl\/aktualne\/co-krylo-sie-w-piatce-tuska-nie-sadzilem-ze-premier-posunie-sie-tak-daleko\/#breadcrumb"},"inLanguage":"pl-PL","potentialAction":[{"@type":"ReadAction","target":["https:\/\/www.pogotowieflagowe.pl\/aktualne\/co-krylo-sie-w-piatce-tuska-nie-sadzilem-ze-premier-posunie-sie-tak-daleko\/"]}]},{"@type":"ImageObject","inLanguage":"pl-PL","@id":"https:\/\/www.pogotowieflagowe.pl\/aktualne\/co-krylo-sie-w-piatce-tuska-nie-sadzilem-ze-premier-posunie-sie-tak-daleko\/#primaryimage","url":"https:\/\/www.pogotowieflagowe.pl\/aktualne\/wp-content\/uploads\/2025\/11\/Co-krylo-sie-w-\u201ePiatce-Tuska-\u201eNie-sadzilem-ze-premier.webp.webp","contentUrl":"https:\/\/www.pogotowieflagowe.pl\/aktualne\/wp-content\/uploads\/2025\/11\/Co-krylo-sie-w-\u201ePiatce-Tuska-\u201eNie-sadzilem-ze-premier.webp.webp","width":1280,"height":720,"caption":"Co kry\u0142o si\u0119 w \u201ePi\u0105tce\u201d Tuska? \u201eNie s\u0105dzi\u0142em, \u017ce premier posunie si\u0119 tak daleko\u201d"},{"@type":"BreadcrumbList","@id":"https:\/\/www.pogotowieflagowe.pl\/aktualne\/co-krylo-sie-w-piatce-tuska-nie-sadzilem-ze-premier-posunie-sie-tak-daleko\/#breadcrumb","itemListElement":[{"@type":"ListItem","position":1,"name":"Home","item":"https:\/\/www.pogotowieflagowe.pl\/aktualne\/"},{"@type":"ListItem","position":2,"name":"Co kry\u0142o si\u0119 w \u201ePi\u0105tce\u201d Tuska? \u201eNie s\u0105dzi\u0142em, \u017ce premier posunie si\u0119 tak daleko\u201d"}]},{"@type":"WebSite","@id":"https:\/\/www.pogotowieflagowe.pl\/aktualne\/#website","url":"https:\/\/www.pogotowieflagowe.pl\/aktualne\/","name":"POGOTOWIE FLAGOWE\u00ae","description":"","publisher":{"@id":"https:\/\/www.pogotowieflagowe.pl\/aktualne\/#organization"},"potentialAction":[{"@type":"SearchAction","target":{"@type":"EntryPoint","urlTemplate":"https:\/\/www.pogotowieflagowe.pl\/aktualne\/?s={search_term_string}"},"query-input":"required name=search_term_string"}],"inLanguage":"pl-PL"},{"@type":"Organization","@id":"https:\/\/www.pogotowieflagowe.pl\/aktualne\/#organization","name":"POGOTOWIE FLAGOWE\u00ae","url":"https:\/\/www.pogotowieflagowe.pl\/aktualne\/","logo":{"@type":"ImageObject","inLanguage":"pl-PL","@id":"https:\/\/www.pogotowieflagowe.pl\/aktualne\/#\/schema\/logo\/image\/","url":"https:\/\/www.pogotowieflagowe.pl\/aktualne\/wp-content\/uploads\/2024\/08\/cropped-pogotowieflagowe_flaga_projekt_sm.jpg","contentUrl":"https:\/\/www.pogotowieflagowe.pl\/aktualne\/wp-content\/uploads\/2024\/08\/cropped-pogotowieflagowe_flaga_projekt_sm.jpg","width":250,"height":143,"caption":"POGOTOWIE FLAGOWE\u00ae"},"image":{"@id":"https:\/\/www.pogotowieflagowe.pl\/aktualne\/#\/schema\/logo\/image\/"}},{"@type":"Person","@id":"https:\/\/www.pogotowieflagowe.pl\/aktualne\/#\/schema\/person\/9c2fb7d2362ebf6fa088960d7f0d27b0","name":"Filip","image":{"@type":"ImageObject","inLanguage":"pl-PL","@id":"https:\/\/www.pogotowieflagowe.pl\/aktualne\/#\/schema\/person\/image\/","url":"https:\/\/www.pogotowieflagowe.pl\/aktualne\/wp-content\/uploads\/2024\/08\/pogotowieflagowe.pl_.jpg","contentUrl":"https:\/\/www.pogotowieflagowe.pl\/aktualne\/wp-content\/uploads\/2024\/08\/pogotowieflagowe.pl_.jpg","caption":"Filip"},"description":"Jestem Filip, polski dziennikarz z dyplomem nauk politycznych Uniwersytetu Warszawskiego. Rozpoczynaj\u0105c swoj\u0105 karier\u0119 w r\u00f3\u017cnych lokalnych mediach, zdoby\u0142em solidne do\u015bwiadczenie w zakresie \u015bledztwa i redakcji. Obecnie jako redaktor w Pogotowie flagowe, staram si\u0119 dostarcza\u0107 dog\u0142\u0119bne i istotne analizy na temat najwa\u017cniejszych kwestii aktualno\u015bci, \u0142\u0105cz\u0105c rygor z pasj\u0105 dziennikarsk\u0105.","sameAs":["https:\/\/www.pogotowieflagowe.pl\/"]}]}},"_links":{"self":[{"href":"https:\/\/www.pogotowieflagowe.pl\/aktualne\/wp-json\/wp\/v2\/posts\/10887","targetHints":{"allow":["GET"]}}],"collection":[{"href":"https:\/\/www.pogotowieflagowe.pl\/aktualne\/wp-json\/wp\/v2\/posts"}],"about":[{"href":"https:\/\/www.pogotowieflagowe.pl\/aktualne\/wp-json\/wp\/v2\/types\/post"}],"author":[{"embeddable":true,"href":"https:\/\/www.pogotowieflagowe.pl\/aktualne\/wp-json\/wp\/v2\/users\/1"}],"replies":[{"embeddable":true,"href":"https:\/\/www.pogotowieflagowe.pl\/aktualne\/wp-json\/wp\/v2\/comments?post=10887"}],"version-history":[{"count":1,"href":"https:\/\/www.pogotowieflagowe.pl\/aktualne\/wp-json\/wp\/v2\/posts\/10887\/revisions"}],"predecessor-version":[{"id":10889,"href":"https:\/\/www.pogotowieflagowe.pl\/aktualne\/wp-json\/wp\/v2\/posts\/10887\/revisions\/10889"}],"wp:featuredmedia":[{"embeddable":true,"href":"https:\/\/www.pogotowieflagowe.pl\/aktualne\/wp-json\/wp\/v2\/media\/10888"}],"wp:attachment":[{"href":"https:\/\/www.pogotowieflagowe.pl\/aktualne\/wp-json\/wp\/v2\/media?parent=10887"}],"wp:term":[{"taxonomy":"category","embeddable":true,"href":"https:\/\/www.pogotowieflagowe.pl\/aktualne\/wp-json\/wp\/v2\/categories?post=10887"},{"taxonomy":"post_tag","embeddable":true,"href":"https:\/\/www.pogotowieflagowe.pl\/aktualne\/wp-json\/wp\/v2\/tags?post=10887"}],"curies":[{"name":"wp","href":"https:\/\/api.w.org\/{rel}","templated":true}]}}